{"id":16523,"date":"2019-02-25T17:07:04","date_gmt":"2019-02-25T20:07:04","guid":{"rendered":"https:\/\/www.suno.com.br\/noticias\/?p=16523"},"modified":"2021-06-13T23:48:16","modified_gmt":"2021-06-14T02:48:16","slug":"dolar-queda-trump-adiar-aumento-tarifas","status":"publish","type":"post","link":"https:\/\/www.suno.com.br\/noticias\/dolar-queda-trump-adiar-aumento-tarifas\/","title":{"rendered":"D\u00f3lar inicia a semana em alta ap\u00f3s Trump adiar aumento das tarifas"},"content":{"rendered":"<p>O d\u00f3lar iniciou a \u00faltima semana do m\u00eas de fevereiro em alta. Nesta segunda-feira (25), a moeda norte-americana registrou um crescimento de +0,059% sendo cotada a R$ 3,7434.<\/p>\t<div class=\"wrapper-featured-image\">\n\t\t<figure class=\"spotlightImg\">\n\n\t\t\t<picture>\n\t\t\t\t<source media=\"(max-width: 768px)\" srcset=\"https:\/\/files.sunoresearch.com.br\/n\/uploads\/2018\/12\/e7841ec7-d\u00f3lar-400x200.webp\">\n\t\t\t\t<img loading=\"lazy\" decoding=\"async\" class=\"newsContent__article__imgCapa lazyloadDisabled newsContent__article__imgCapa--noCaption\" src=\"https:\/\/files.sunoresearch.com.br\/n\/uploads\/2018\/12\/e7841ec7-d\u00f3lar-800x450.webp\" width=\"800\" height=\"450\" alt=\"D\u00f3lar inicia a semana em alta ap\u00f3s Trump adiar aumento das tarifas\" fetchpriority=high \/>\n\t\t\t<\/picture>\n\n\t\t\t<figcaption class=\"wp-caption-text wp-caption-text--hide\">Ap\u00f3s feriado de carnaval, d\u00f3lar abre em alta com coronav\u00edrus no radar<\/figcaption>\n\t\t<\/figure>\n\t<\/div>\n\n\n<p>O <strong>d\u00f3lar<\/strong> oscilou durante todo o dia e caiu ap\u00f3s o discurso do presidente norte-americano, <strong>Donald Trump<\/strong>, declarando que o aumento das tarifas sobre a <strong>China<\/strong> ser\u00e3o adiadas em busca de um <strong>acordo comercial<\/strong> com os asi\u00e1ticos. No entanto, acabou se recuperando durante o dia.<\/p>\n<p>Outras moedas:<\/p>\n<ul>\n<li><strong>Euro: <\/strong>+0,167% (R$ 4,2551);<\/li>\n<li><strong>Libra:<\/strong>\u00a0 +0,227% (R$ 4,9050).<\/li>\n<\/ul>\n<p>Principais assuntos que movimentaram a moeda norte-americana:<\/p>\n<ul>\n<li><strong>Discurso de Trump;<\/strong><\/li>\n<li><strong>Fala de Jerome Powell;<\/strong><\/li>\n<li><strong>Reforma da Previd\u00eancia;<\/strong><\/li>\n<li><strong>Movimenta\u00e7\u00e3o do Banco Central.<\/strong><\/li>\n<\/ul>\n<h2>Discurso de Trump<\/h2>\n<p>O presidente dos <strong>Estados Unidos <\/strong>(EUA), <strong>Donald Trump<\/strong>, publicou em sua conta do twitter que o plano de aumentar as <strong>tarifas alfandeg\u00e1rias<\/strong> sobre produtos da <strong>China<\/strong> foi adiado. Terminada a tr\u00e9gua da <a href=\"https:\/\/www.suno.com.br\/artigos\/guerra-comercial\/\">guerra comercial<\/a>, em 1\u00ba de mar\u00e7o, estava previsto que houvesse um aumento de 10% para 25% em impostos, sobre US$ 200 bilh\u00f5es em mercadoria chinesa.<\/p>\n<p><a href=\"https:\/\/www.suno.com.br\/noticias\/guerra-comercial-china-eua-trump-tarifas\/\">Saiba mais:\u00a0Trump adia alta de tarifas sobre a China e d\u00e1 respiro \u00e0 guerra comercial<\/a><\/p>\n<p>De acordo com o presidente, a medida foi adiada devido ao otimismo nas rodadas de <strong>negocia\u00e7\u00f5es<\/strong> entre Pequim e Washington. As na\u00e7\u00f5es tentam entrar em <strong>acordo<\/strong> para dar fim \u00e0 <strong>guerra comercial<\/strong>.<\/p>\n<h2>Fala de Jerome Powell<\/h2>\n<p>Investidores do mercado aguardam com aten\u00e7\u00e3o o discurso do presidente do <strong>Federal Reserve<\/strong> (Fed, banco central norte-americano), <strong>Jerome Powell<\/strong>, que far\u00e1 o discurso semestral para o Senado e a C\u00e2mara dos <strong>Estados Unidos<\/strong> na ter\u00e7a-feira (26) e na quarta-feira (27).<\/p>\n<p>Durante a semana, o mercado ainda ficar\u00e1 de olhos atentos a divulga\u00e7\u00e3o de dados importantes dos Estados Unidos, com destaque para o <strong>PIB<\/strong> do terceiro trimestre e outros n\u00fameros relacionados a <strong>atividade industrial<\/strong> chinesa.<\/p>\n<h2>Reforma da Previd\u00eancia<\/h2>\n<p>Internamento, o mercado segue atento as novidades relacionadas a proposta da Reforma da Previd\u00eancia, que foi entregue ao Congresso Nacional, na \u00faltima quarta-feira (20) e ser\u00e1 avaliada pela C\u00e2mara dos Deputados.<\/p>\n<p>Na \u00faltima sexta-feira (22), ap\u00f3s dados divulgados pela Secretaria de Pol\u00edtica Econ\u00f4mica do Minist\u00e9rio da Economia, foi avaliado que caso seja aprovada a reforma, o Brasil dever\u00e1 criar oito milh\u00f5es de empregos em quatro anos\u00a0 (2020 \u00e0 2023).<\/p>\n<p>De acordo o secret\u00e1rio de Pol\u00edtica Econ\u00f4mica, Adolfo Sachsida, caso n\u00e3o haja a <strong>reforma da Previd\u00eancia<\/strong>, o <strong>rombo previdenci\u00e1rio<\/strong> continuar\u00e1 aumentando e gerando ainda mais d\u00e9ficits nas <strong>contas p\u00fablicas<\/strong>. Em 2018, o d\u00e9ficit somou R$ 290,2 bilh\u00f5es.<\/p>\n<p>Conforme os dados divulgados, a <strong>renda per capta<\/strong> do brasileiro subir\u00e1 para R$ 5,772, caso a proposta seja aceita.<\/p>\n<p><a href=\"https:\/\/www.suno.com.br\/noticias\/reforma-previdencia-estima-empregos\/\"><span style=\"font-size: 29.143px;\">Saiba mais: Reforma da Previd\u00eancia: governo estima 8 mi de empregos em 4 anos<\/span><\/a><\/p>\n<h2>Bases do estudo<\/h2>\n<p>Os n\u00famero foram encontrados ap\u00f3s o estudo comparar os efeitos da aprova\u00e7\u00e3o da reforma sobre o crescimento da economia. No entanto, os c\u00e1lculos mostram diferen\u00e7as crescentes no <a href=\"https:\/\/www.suno.com.br\/artigos\/pib-produto-interno-bruto\/\">Produto Interno Bruto (PIB)<\/a> no cen\u00e1rio com e sem aprova\u00e7\u00e3o das medidas.<\/p>\n<h3>Sem aprova\u00e7\u00e3o<\/h3>\n<p>Sem a aprova\u00e7\u00e3o, o pa\u00eds teria um crescimento econ\u00f4mico de 0,8% em 2019. Em 2020, a economia entraria em recess\u00e3o, mesmo fechando com a expans\u00e3o de 0,3%. No entanto, os demais anos registrariam recuo da economia, sendo:<\/p>\n<ul>\n<li><strong>2021:<\/strong> recuo de -0,5%;<\/li>\n<li><strong>2022:<\/strong> recuo de -1,1%;<\/li>\n<li><strong>2023:<\/strong> recuo de -1,8%.<\/li>\n<\/ul>\n<h3>Com aprova\u00e7\u00e3o<\/h3>\n<p>Caso a reforma seja aprovada, o <strong>PIB<\/strong>\u00a0registraria altas de:<\/p>\n<ul>\n<li><strong>2019<\/strong>: alta de 2,9%;<\/li>\n<li><strong>2020<\/strong>: alta de 2,9%;<\/li>\n<li><strong>2021<\/strong>: alta de 2,9%;<\/li>\n<li><strong>2022<\/strong>: alta de 3,3%;<\/li>\n<li><strong>2023<\/strong>: alta de 3,3%.<\/li>\n<\/ul>\n<h3>Aprova\u00e7\u00e3o parcial<\/h3>\n<p>Al\u00e9m disso, o estudo tamb\u00e9m trabalhou com um cen\u00e1rio intermedi\u00e1rio. Nesse caso, foi avaliada uma aprova\u00e7\u00e3o parcial da reforma, nas condi\u00e7\u00f5es previstas pelas institui\u00e7\u00f5es financeiras, chamada de &#8220;consenso de mercado&#8221;.<\/p>\n<p>Dessa forma, o PIB registraria:<\/p>\n<ul>\n<li><strong>2019:<\/strong> alta de 2,5%;<\/li>\n<li><strong>2020:<\/strong> alta de 2,4%;<\/li>\n<li><strong>2021:<\/strong> alta de 2,3%;<\/li>\n<li><strong>2022:<\/strong> alta de 2,3%;<\/li>\n<li><strong>2023:<\/strong> alta de 2,3%.<\/li>\n<\/ul>\n<p>Com isso, a renda per capta teria um crescimento menor, chegando em 2023 com R$ 4.642.<\/p>\n<h2>Movimenta\u00e7\u00e3o do Banco Central<\/h2>\n<p>Na sess\u00e3o desta segunda-feira (25), o <strong>Banco Central<\/strong> ofertou 10,33 mil <a href=\"https:\/\/www.suno.com.br\/artigos\/swap-cambial\/\">swaps cambiais tradicionais<\/a>. No entanto, os swaps equivalem \u00e0 venda futura de d\u00f3lares.<\/p>\n<p>Dessa formal, foram rolados US$ 8,780 bilh\u00f5es dos US$ 9,811 bilh\u00f5es que possuem vencimento em mar\u00e7o.<\/p>\n<h2>\u00daltima cota\u00e7\u00e3o<\/h2>\n<p>Na \u00faltima sexta-feira (22), o <strong>d\u00f3lar<\/strong> registrou uma queda de -0,548% e acabou a semana cotado a R$ 3,7412.<\/p>\n","protected":false},"excerpt":{"rendered":"<p>O d\u00f3lar iniciou a \u00faltima semana do m\u00eas de fevereiro em alta. Nesta segunda-feira (25), a moeda norte-americana registrou um crescimento de +0,059% sendo cotada a R$ 3,7434. Ap\u00f3s feriado de carnaval, d\u00f3lar abre em alta com coronav\u00edrus no radar O d\u00f3lar oscilou durante todo o dia e caiu ap\u00f3s o discurso do presidente norte-americano, [&hellip;]<\/p>\n","protected":false},"author":11,"featured_media":7820,"comment_status":"closed","ping_status":"closed","sticky":false,"template":"","format":"standard","meta":[],"categories":[60],"tags":[1842,711,326,724,793,776,980,940],"suno_strategy":[],"class_list":["post-16523","post","type-post","status-publish","format-standard","has-post-thumbnail","hentry","category-mercado","tag-banco-central-bc","tag-china","tag-dolar","tag-donald-trump","tag-estados-unidos-eua","tag-federal-reseve-fed","tag-guerra-comercial","tag-reforma-da-previdencia"],"yoast_head":"<!-- This site is optimized with the Yoast SEO plugin v24.4 - https:\/\/yoast.com\/wordpress\/plugins\/seo\/ -->\n<title>D\u00f3lar inicia a semana em alta ap\u00f3s Trump adiar aumento das tarifas<\/title>\n<meta name=\"description\" content=\"D\u00f3lar inicia a semana com alta de 0,059%; Moeda norte-americana havia fechado a \u00faltima semana em baixa. Clique para saber mais.\" \/>\n<meta name=\"robots\" content=\"index, follow, max-snippet:-1, max-image-preview:large, max-video-preview:-1\" \/>\n<link rel=\"canonical\" href=\"https:\/\/www.suno.com.br\/noticias\/dolar-queda-trump-adiar-aumento-tarifas\/\" \/>\n<meta property=\"og:locale\" content=\"pt_BR\" \/>\n<meta property=\"og:type\" content=\"article\" \/>\n<meta property=\"og:title\" content=\"D\u00f3lar inicia a semana em alta ap\u00f3s Trump adiar aumento das tarifas\" \/>\n<meta property=\"og:description\" content=\"D\u00f3lar inicia a semana com alta de 0,059%; Moeda norte-americana havia fechado a \u00faltima semana em baixa. Clique para saber mais.\" \/>\n<meta property=\"og:url\" content=\"https:\/\/www.suno.com.br\/noticias\/dolar-queda-trump-adiar-aumento-tarifas\/\" \/>\n<meta property=\"og:site_name\" content=\"Suno Not\u00edcias\" \/>\n<meta property=\"article:publisher\" content=\"https:\/\/facebook.com\/sunoresearch\" \/>\n<meta property=\"og:image\" content=\"https:\/\/files.sunoresearch.com.br\/n\/uploads\/2018\/12\/e7841ec7-d\u00f3lar.jpg\" \/>\n\t<meta property=\"og:image:width\" content=\"960\" \/>\n\t<meta property=\"og:image:height\" content=\"640\" \/>\n\t<meta property=\"og:image:type\" content=\"image\/jpeg\" \/>\n<meta name=\"author\" content=\"Renan Bandeira\" \/>\n<meta name=\"twitter:card\" content=\"summary_large_image\" \/>\n<meta name=\"twitter:creator\" content=\"@sunoresearch\" \/>\n<meta name=\"twitter:site\" content=\"@sunoresearch\" \/>\n<meta name=\"twitter:label1\" content=\"Escrito por\" \/>\n\t<meta name=\"twitter:data1\" content=\"Renan Bandeira\" \/>\n\t<meta name=\"twitter:label2\" content=\"Est. tempo de leitura\" \/>\n\t<meta name=\"twitter:data2\" content=\"4 minutos\" \/>\n<script type=\"application\/ld+json\" class=\"yoast-schema-graph\">{\"@context\":\"https:\/\/schema.org\",\"@graph\":[{\"@type\":\"NewsArticle\",\"@id\":\"https:\/\/www.suno.com.br\/noticias\/dolar-queda-trump-adiar-aumento-tarifas\/#article\",\"isPartOf\":{\"@id\":\"https:\/\/www.suno.com.br\/noticias\/dolar-queda-trump-adiar-aumento-tarifas\/\"},\"author\":{\"name\":\"Renan Bandeira\",\"@id\":\"https:\/\/www.suno.com.br\/noticias\/#\/schema\/person\/fc144a1c6108bd1dcd43784e88a3c138\"},\"headline\":\"D\u00f3lar inicia a semana em alta ap\u00f3s Trump adiar aumento das tarifas\",\"datePublished\":\"2019-02-25T20:07:04+00:00\",\"dateModified\":\"2021-06-14T02:48:16+00:00\",\"mainEntityOfPage\":{\"@id\":\"https:\/\/www.suno.com.br\/noticias\/dolar-queda-trump-adiar-aumento-tarifas\/\"},\"wordCount\":716,\"publisher\":{\"@id\":\"https:\/\/www.suno.com.br\/noticias\/#organization\"},\"image\":{\"@id\":\"https:\/\/www.suno.com.br\/noticias\/dolar-queda-trump-adiar-aumento-tarifas\/#primaryimage\"},\"thumbnailUrl\":\"https:\/\/files.sunoresearch.com.br\/n\/uploads\/2018\/12\/e7841ec7-d\u00f3lar-jpg.webp\",\"keywords\":[\"Banco Central (BC)\",\"China\",\"d\u00f3lar\",\"Donald Trump\",\"Estados Unidos (EUA)\",\"Federal Reserve (FED)\",\"guerra comercial\",\"Reforma da Previd\u00eancia\"],\"articleSection\":[\"Mercado\"],\"inLanguage\":\"pt-BR\"},{\"@type\":\"WebPage\",\"@id\":\"https:\/\/www.suno.com.br\/noticias\/dolar-queda-trump-adiar-aumento-tarifas\/\",\"url\":\"https:\/\/www.suno.com.br\/noticias\/dolar-queda-trump-adiar-aumento-tarifas\/\",\"name\":\"D\u00f3lar inicia a semana em alta ap\u00f3s Trump adiar aumento das tarifas\",\"isPartOf\":{\"@id\":\"https:\/\/www.suno.com.br\/noticias\/#website\"},\"primaryImageOfPage\":{\"@id\":\"https:\/\/www.suno.com.br\/noticias\/dolar-queda-trump-adiar-aumento-tarifas\/#primaryimage\"},\"image\":{\"@id\":\"https:\/\/www.suno.com.br\/noticias\/dolar-queda-trump-adiar-aumento-tarifas\/#primaryimage\"},\"thumbnailUrl\":\"https:\/\/files.sunoresearch.com.br\/n\/uploads\/2018\/12\/e7841ec7-d\u00f3lar-jpg.webp\",\"datePublished\":\"2019-02-25T20:07:04+00:00\",\"dateModified\":\"2021-06-14T02:48:16+00:00\",\"description\":\"D\u00f3lar inicia a semana com alta de 0,059%; Moeda norte-americana havia fechado a \u00faltima semana em baixa. Clique para saber mais.\",\"breadcrumb\":{\"@id\":\"https:\/\/www.suno.com.br\/noticias\/dolar-queda-trump-adiar-aumento-tarifas\/#breadcrumb\"},\"inLanguage\":\"pt-BR\",\"potentialAction\":[{\"@type\":\"ReadAction\",\"target\":[\"https:\/\/www.suno.com.br\/noticias\/dolar-queda-trump-adiar-aumento-tarifas\/\"]}]},{\"@type\":\"ImageObject\",\"inLanguage\":\"pt-BR\",\"@id\":\"https:\/\/www.suno.com.br\/noticias\/dolar-queda-trump-adiar-aumento-tarifas\/#primaryimage\",\"url\":\"https:\/\/files.sunoresearch.com.br\/n\/uploads\/2018\/12\/e7841ec7-d\u00f3lar-jpg.webp\",\"contentUrl\":\"https:\/\/files.sunoresearch.com.br\/n\/uploads\/2018\/12\/e7841ec7-d\u00f3lar-jpg.webp\",\"width\":960,\"height\":640,\"caption\":\"Ap\u00f3s feriado de carnaval, d\u00f3lar abre em alta com coronav\u00edrus no radar\"},{\"@type\":\"BreadcrumbList\",\"@id\":\"https:\/\/www.suno.com.br\/noticias\/dolar-queda-trump-adiar-aumento-tarifas\/#breadcrumb\",\"itemListElement\":[{\"@type\":\"ListItem\",\"position\":1,\"name\":\"Not\u00edcias\",\"item\":\"https:\/\/www.suno.com.br\/noticias\/\"},{\"@type\":\"ListItem\",\"position\":2,\"name\":\"Mercado\",\"item\":\"https:\/\/www.suno.com.br\/noticias\/mercado\/\"},{\"@type\":\"ListItem\",\"position\":3,\"name\":\"D\u00f3lar inicia a semana em alta ap\u00f3s Trump adiar aumento das tarifas\"}]},{\"@type\":\"WebSite\",\"@id\":\"https:\/\/www.suno.com.br\/noticias\/#website\",\"url\":\"https:\/\/www.suno.com.br\/noticias\/\",\"name\":\"Suno Not\u00edcias\",\"description\":\"Seu portal de informa\u00e7\u00e3o sobre o mundo dos investimentos\",\"publisher\":{\"@id\":\"https:\/\/www.suno.com.br\/noticias\/#organization\"},\"potentialAction\":[{\"@type\":\"SearchAction\",\"target\":{\"@type\":\"EntryPoint\",\"urlTemplate\":\"https:\/\/www.suno.com.br\/noticias\/?s={search_term_string}\"},\"query-input\":{\"@type\":\"PropertyValueSpecification\",\"valueRequired\":true,\"valueName\":\"search_term_string\"}}],\"inLanguage\":\"pt-BR\"},{\"@type\":\"Organization\",\"@id\":\"https:\/\/www.suno.com.br\/noticias\/#organization\",\"name\":\"Suno Not\u00edcias\",\"url\":\"https:\/\/www.suno.com.br\/noticias\/\",\"logo\":{\"@type\":\"ImageObject\",\"inLanguage\":\"pt-BR\",\"@id\":\"https:\/\/www.suno.com.br\/noticias\/#\/schema\/logo\/image\/\",\"url\":\"https:\/\/files.sunoresearch.com.br\/n\/uploads\/2021\/09\/suno-logo.png\",\"contentUrl\":\"https:\/\/files.sunoresearch.com.br\/n\/uploads\/2021\/09\/suno-logo.png\",\"width\":180,\"height\":180,\"caption\":\"Suno Not\u00edcias\"},\"image\":{\"@id\":\"https:\/\/www.suno.com.br\/noticias\/#\/schema\/logo\/image\/\"},\"sameAs\":[\"https:\/\/facebook.com\/sunoresearch\",\"https:\/\/x.com\/sunoresearch\",\"https:\/\/www.instagram.com\/suno\",\"https:\/\/www.linkedin.com\/company\/suno-research\/\",\"https:\/\/www.youtube.com\/c\/sunoresearch\"]},{\"@type\":\"Person\",\"@id\":\"https:\/\/www.suno.com.br\/noticias\/#\/schema\/person\/fc144a1c6108bd1dcd43784e88a3c138\",\"name\":\"Renan Bandeira\",\"image\":{\"@type\":\"ImageObject\",\"inLanguage\":\"pt-BR\",\"@id\":\"https:\/\/www.suno.com.br\/noticias\/#\/schema\/person\/image\/\",\"url\":\"https:\/\/secure.gravatar.com\/avatar\/68359cdb608f14f11bbefcb78f3fc747?s=96&r=g\",\"contentUrl\":\"https:\/\/secure.gravatar.com\/avatar\/68359cdb608f14f11bbefcb78f3fc747?s=96&r=g\",\"caption\":\"Renan Bandeira\"},\"description\":\"Renan Bandeira escreve sobre pol\u00edtica e economia para o portal da Suno Research. Antes da Suno, trabalhou em uma rede de televis\u00e3o, onde fazia reportagens sobre os mesmos temas. Estuda na Universidade Metodista de S\u00e3o Paulo.\",\"url\":\"https:\/\/www.suno.com.br\/noticias\/author\/renan-bandeira\/\"}]}<\/script>\n<!-- \/ Yoast SEO plugin. -->","yoast_head_json":{"title":"D\u00f3lar inicia a semana em alta ap\u00f3s Trump adiar aumento das tarifas","description":"D\u00f3lar inicia a semana com alta de 0,059%; Moeda norte-americana havia fechado a \u00faltima semana em baixa. Clique para saber mais.","robots":{"index":"index","follow":"follow","max-snippet":"max-snippet:-1","max-image-preview":"max-image-preview:large","max-video-preview":"max-video-preview:-1"},"canonical":"https:\/\/www.suno.com.br\/noticias\/dolar-queda-trump-adiar-aumento-tarifas\/","og_locale":"pt_BR","og_type":"article","og_title":"D\u00f3lar inicia a semana em alta ap\u00f3s Trump adiar aumento das tarifas","og_description":"D\u00f3lar inicia a semana com alta de 0,059%; Moeda norte-americana havia fechado a \u00faltima semana em baixa. Clique para saber mais.","og_url":"https:\/\/www.suno.com.br\/noticias\/dolar-queda-trump-adiar-aumento-tarifas\/","og_site_name":"Suno Not\u00edcias","article_publisher":"https:\/\/facebook.com\/sunoresearch","og_image":[{"width":960,"height":640,"url":"https:\/\/files.sunoresearch.com.br\/n\/uploads\/2018\/12\/e7841ec7-d\u00f3lar.jpg","type":"image\/jpeg"}],"author":"Renan Bandeira","twitter_card":"summary_large_image","twitter_creator":"@sunoresearch","twitter_site":"@sunoresearch","twitter_misc":{"Escrito por":"Renan Bandeira","Est. tempo de leitura":"4 minutos"},"schema":{"@context":"https:\/\/schema.org","@graph":[{"@type":"NewsArticle","@id":"https:\/\/www.suno.com.br\/noticias\/dolar-queda-trump-adiar-aumento-tarifas\/#article","isPartOf":{"@id":"https:\/\/www.suno.com.br\/noticias\/dolar-queda-trump-adiar-aumento-tarifas\/"},"author":{"name":"Renan Bandeira","@id":"https:\/\/www.suno.com.br\/noticias\/#\/schema\/person\/fc144a1c6108bd1dcd43784e88a3c138"},"headline":"D\u00f3lar inicia a semana em alta ap\u00f3s Trump adiar aumento das tarifas","datePublished":"2019-02-25T20:07:04+00:00","dateModified":"2021-06-14T02:48:16+00:00","mainEntityOfPage":{"@id":"https:\/\/www.suno.com.br\/noticias\/dolar-queda-trump-adiar-aumento-tarifas\/"},"wordCount":716,"publisher":{"@id":"https:\/\/www.suno.com.br\/noticias\/#organization"},"image":{"@id":"https:\/\/www.suno.com.br\/noticias\/dolar-queda-trump-adiar-aumento-tarifas\/#primaryimage"},"thumbnailUrl":"https:\/\/files.sunoresearch.com.br\/n\/uploads\/2018\/12\/e7841ec7-d\u00f3lar-jpg.webp","keywords":["Banco Central (BC)","China","d\u00f3lar","Donald Trump","Estados Unidos (EUA)","Federal Reserve (FED)","guerra comercial","Reforma da Previd\u00eancia"],"articleSection":["Mercado"],"inLanguage":"pt-BR"},{"@type":"WebPage","@id":"https:\/\/www.suno.com.br\/noticias\/dolar-queda-trump-adiar-aumento-tarifas\/","url":"https:\/\/www.suno.com.br\/noticias\/dolar-queda-trump-adiar-aumento-tarifas\/","name":"D\u00f3lar inicia a semana em alta ap\u00f3s Trump adiar aumento das tarifas","isPartOf":{"@id":"https:\/\/www.suno.com.br\/noticias\/#website"},"primaryImageOfPage":{"@id":"https:\/\/www.suno.com.br\/noticias\/dolar-queda-trump-adiar-aumento-tarifas\/#primaryimage"},"image":{"@id":"https:\/\/www.suno.com.br\/noticias\/dolar-queda-trump-adiar-aumento-tarifas\/#primaryimage"},"thumbnailUrl":"https:\/\/files.sunoresearch.com.br\/n\/uploads\/2018\/12\/e7841ec7-d\u00f3lar-jpg.webp","datePublished":"2019-02-25T20:07:04+00:00","dateModified":"2021-06-14T02:48:16+00:00","description":"D\u00f3lar inicia a semana com alta de 0,059%; Moeda norte-americana havia fechado a \u00faltima semana em baixa. Clique para saber mais.","breadcrumb":{"@id":"https:\/\/www.suno.com.br\/noticias\/dolar-queda-trump-adiar-aumento-tarifas\/#breadcrumb"},"inLanguage":"pt-BR","potentialAction":[{"@type":"ReadAction","target":["https:\/\/www.suno.com.br\/noticias\/dolar-queda-trump-adiar-aumento-tarifas\/"]}]},{"@type":"ImageObject","inLanguage":"pt-BR","@id":"https:\/\/www.suno.com.br\/noticias\/dolar-queda-trump-adiar-aumento-tarifas\/#primaryimage","url":"https:\/\/files.sunoresearch.com.br\/n\/uploads\/2018\/12\/e7841ec7-d\u00f3lar-jpg.webp","contentUrl":"https:\/\/files.sunoresearch.com.br\/n\/uploads\/2018\/12\/e7841ec7-d\u00f3lar-jpg.webp","width":960,"height":640,"caption":"Ap\u00f3s feriado de carnaval, d\u00f3lar abre em alta com coronav\u00edrus no radar"},{"@type":"BreadcrumbList","@id":"https:\/\/www.suno.com.br\/noticias\/dolar-queda-trump-adiar-aumento-tarifas\/#breadcrumb","itemListElement":[{"@type":"ListItem","position":1,"name":"Not\u00edcias","item":"https:\/\/www.suno.com.br\/noticias\/"},{"@type":"ListItem","position":2,"name":"Mercado","item":"https:\/\/www.suno.com.br\/noticias\/mercado\/"},{"@type":"ListItem","position":3,"name":"D\u00f3lar inicia a semana em alta ap\u00f3s Trump adiar aumento das tarifas"}]},{"@type":"WebSite","@id":"https:\/\/www.suno.com.br\/noticias\/#website","url":"https:\/\/www.suno.com.br\/noticias\/","name":"Suno Not\u00edcias","description":"Seu portal de informa\u00e7\u00e3o sobre o mundo dos investimentos","publisher":{"@id":"https:\/\/www.suno.com.br\/noticias\/#organization"},"potentialAction":[{"@type":"SearchAction","target":{"@type":"EntryPoint","urlTemplate":"https:\/\/www.suno.com.br\/noticias\/?s={search_term_string}"},"query-input":{"@type":"PropertyValueSpecification","valueRequired":true,"valueName":"search_term_string"}}],"inLanguage":"pt-BR"},{"@type":"Organization","@id":"https:\/\/www.suno.com.br\/noticias\/#organization","name":"Suno Not\u00edcias","url":"https:\/\/www.suno.com.br\/noticias\/","logo":{"@type":"ImageObject","inLanguage":"pt-BR","@id":"https:\/\/www.suno.com.br\/noticias\/#\/schema\/logo\/image\/","url":"https:\/\/files.sunoresearch.com.br\/n\/uploads\/2021\/09\/suno-logo.png","contentUrl":"https:\/\/files.sunoresearch.com.br\/n\/uploads\/2021\/09\/suno-logo.png","width":180,"height":180,"caption":"Suno Not\u00edcias"},"image":{"@id":"https:\/\/www.suno.com.br\/noticias\/#\/schema\/logo\/image\/"},"sameAs":["https:\/\/facebook.com\/sunoresearch","https:\/\/x.com\/sunoresearch","https:\/\/www.instagram.com\/suno","https:\/\/www.linkedin.com\/company\/suno-research\/","https:\/\/www.youtube.com\/c\/sunoresearch"]},{"@type":"Person","@id":"https:\/\/www.suno.com.br\/noticias\/#\/schema\/person\/fc144a1c6108bd1dcd43784e88a3c138","name":"Renan Bandeira","image":{"@type":"ImageObject","inLanguage":"pt-BR","@id":"https:\/\/www.suno.com.br\/noticias\/#\/schema\/person\/image\/","url":"https:\/\/secure.gravatar.com\/avatar\/68359cdb608f14f11bbefcb78f3fc747?s=96&r=g","contentUrl":"https:\/\/secure.gravatar.com\/avatar\/68359cdb608f14f11bbefcb78f3fc747?s=96&r=g","caption":"Renan Bandeira"},"description":"Renan Bandeira escreve sobre pol\u00edtica e economia para o portal da Suno Research. Antes da Suno, trabalhou em uma rede de televis\u00e3o, onde fazia reportagens sobre os mesmos temas. Estuda na Universidade Metodista de S\u00e3o Paulo.","url":"https:\/\/www.suno.com.br\/noticias\/author\/renan-bandeira\/"}]}},"default_loop_html":"<div class=\"cardsPage__listCard__boxs\"><div class=\"cardsPage__listCard__boxs__img\"><a href=\"https:\/\/www.suno.com.br\/noticias\/dolar-queda-trump-adiar-aumento-tarifas\/\"><img class=\"mask\" src=\"https:\/\/www.suno.com.br\/noticias\/wp-content\/themes\/suno\/resources\/images\/spotlight\/spotlight1img\/bg-mask.png\" alt=\"Image Mask\"\/><img src=\"https:\/\/files.sunoresearch.com.br\/n\/uploads\/2018\/12\/e7841ec7-d\u00f3lar-400x200.webp\" alt=\"D\u00f3lar inicia a semana em alta ap\u00f3s Trump adiar aumento das tarifas\"\/><\/a><span class=\"spotlightCategory\"><a href=\"https:\/\/www.suno.com.br\/noticias\/mercado\/\">Mercado<\/a><\/span><\/div><div class=\"cardsPage__listCard__boxs__content\"><a href=\"https:\/\/www.suno.com.br\/noticias\/dolar-queda-trump-adiar-aumento-tarifas\/\"><h2 class=\"content__title\">D\u00f3lar inicia a semana em alta ap\u00f3s Trump adiar aumento das tarifas<\/h2><\/a><div class=\"newsContent__article__meta\"><div class=\"newsContent__article__meta__authorBox\"><a href=\"https:\/\/www.suno.com.br\/noticias\/author\/renan-bandeira\/\" class=\"authorBox__avatar noMobi\"><img src=\"https:\/\/secure.gravatar.com\/avatar\/68359cdb608f14f11bbefcb78f3fc747?s=96&#038;r=g\" alt=\"Renan Bandeira\"><\/a><div class=\"authorBox__name\"><span>por\n\t\t\t<a href=\"https:\/\/www.suno.com.br\/noticias\/author\/renan-bandeira\/\"><span itemprop=\"author\">Renan Bandeira<\/span><\/a><\/span><time datetime=\"2019-02-25T17:07:04-03:00\" itemprop=\"datePublished\">25\/02\/2019 17:07<\/time><\/div><\/div><\/div><\/div><\/div>","single_layout":"posts","amp_enabled":true,"_links":{"self":[{"href":"https:\/\/www.suno.com.br\/noticias\/wp-json\/wp\/v2\/posts\/16523"}],"collection":[{"href":"https:\/\/www.suno.com.br\/noticias\/wp-json\/wp\/v2\/posts"}],"about":[{"href":"https:\/\/www.suno.com.br\/noticias\/wp-json\/wp\/v2\/types\/post"}],"author":[{"embeddable":true,"href":"https:\/\/www.suno.com.br\/noticias\/wp-json\/wp\/v2\/users\/11"}],"replies":[{"embeddable":true,"href":"https:\/\/www.suno.com.br\/noticias\/wp-json\/wp\/v2\/comments?post=16523"}],"version-history":[{"count":1,"href":"https:\/\/www.suno.com.br\/noticias\/wp-json\/wp\/v2\/posts\/16523\/revisions"}],"predecessor-version":[{"id":157468,"href":"https:\/\/www.suno.com.br\/noticias\/wp-json\/wp\/v2\/posts\/16523\/revisions\/157468"}],"wp:featuredmedia":[{"embeddable":true,"href":"https:\/\/www.suno.com.br\/noticias\/wp-json\/wp\/v2\/media\/7820"}],"wp:attachment":[{"href":"https:\/\/www.suno.com.br\/noticias\/wp-json\/wp\/v2\/media?parent=16523"}],"wp:term":[{"taxonomy":"category","embeddable":true,"href":"https:\/\/www.suno.com.br\/noticias\/wp-json\/wp\/v2\/categories?post=16523"},{"taxonomy":"post_tag","embeddable":true,"href":"https:\/\/www.suno.com.br\/noticias\/wp-json\/wp\/v2\/tags?post=16523"},{"taxonomy":"suno_strategy","embeddable":true,"href":"https:\/\/www.suno.com.br\/noticias\/wp-json\/wp\/v2\/suno_strategy?post=16523"}],"curies":[{"name":"wp","href":"https:\/\/api.w.org\/{rel}","templated":true}]}}