{"id":165190,"date":"2021-07-12T14:49:36","date_gmt":"2021-07-12T17:49:36","guid":{"rendered":"https:\/\/www.suno.com.br\/noticias\/?p=165190"},"modified":"2021-07-12T14:49:36","modified_gmt":"2021-07-12T17:49:36","slug":"reforma-do-imposto-de-renda-arrecadacao","status":"publish","type":"post","link":"https:\/\/www.suno.com.br\/noticias\/reforma-do-imposto-de-renda-arrecadacao\/","title":{"rendered":"Reforma do imposto de renda aumentar\u00e1 arrecada\u00e7\u00e3o em R$ 6,15 bilh\u00f5es"},"content":{"rendered":"<p>O projeto de lei (PL) que muda as regras do <strong>Imposto de Renda <\/strong>para empresas e <a class=\"suno-keyword\" href=\"https:\/\/www.suno.com.br\/artigos\/pessoa-fisica\/\" target=\"_blank\" rel=\"noopener noreferrer\" data-force=\"no\" data-priority=\"2\">pessoas f\u00edsicas <\/a>deve aumentar a arrecada\u00e7\u00e3o em R$ 6,15 bilh\u00f5es entre 2022 e 2024, conforme foi informado pela Receita Federal nesta segunda-feira (12).<\/p>\t<div class=\"wrapper-featured-image\">\n\t\t<figure class=\"spotlightImg\">\n\n\t\t\t<picture>\n\t\t\t\t<source media=\"(max-width: 768px)\" srcset=\"https:\/\/files.sunoresearch.com.br\/n\/uploads\/2021\/07\/3615fa40-mcam20022020-2-400x200.jpg\">\n\t\t\t\t<img loading=\"lazy\" decoding=\"async\" class=\"newsContent__article__imgCapa lazyloadDisabled \" src=\"https:\/\/files.sunoresearch.com.br\/n\/uploads\/2021\/07\/3615fa40-mcam20022020-2-800x450.jpg\" width=\"800\" height=\"450\" alt=\"Reforma do imposto de renda aumentar\u00e1 arrecada\u00e7\u00e3o em R$ 6,15 bilh\u00f5es\" fetchpriority=high \/>\n\t\t\t<\/picture>\n\n\t\t\t<figcaption class=\"wp-caption-text wp-caption-text--show\">Regras do Imposto de Renda foram divulgadas em coletiva nesta quinta (24) - Foto: Marcelo Camargo\/Ag\u00eancia Brasil<\/figcaption>\n\t\t<\/figure>\n\t<\/div>\n\n\n\t<p>\n\t\t<a href=\"https:\/\/lp.suno.com.br\/planilha-controle-gastos\/\" target=\"_blank\" data-element=\"shortcode-suno-banner\" title=\"Banner SUNO, clique e saiba mais\">\n\t\t\t<picture>\n\t\t\t\t<source media=\"(max-width: 500px)\" srcset=\"https:\/\/files.sunoresearch.com.br\/n\/uploads\/2023\/03\/400x300-Planilha-controle-de-gastos.png\">\n\t\t\t\t<img class=\"newsContent__article__imgCapa newsContent__article__imgCapa--banner\"\n\t\t\t\t\tsrc=\"https:\/\/files.sunoresearch.com.br\/n\/uploads\/2023\/03\/1420x240-Planilha-controle-de-gastos.png\"\n\t\t\t\t\tdata-promo-id=\"101751\"\t\t\t\t\t\t\t\t\t\twidth='1420' height='240'\t\t\t\t\talt=\"https:\/\/files.sunoresearch.com.br\/n\/uploads\/2023\/03\/1420x240-Planilha-controle-de-gastos.png\"\n\t\t\t\t>\n\t\t\t<\/picture>\n\t\t<\/a>\n\t<\/p>\n\n\n<p>O PL do Imposto de Renda foi enviado pelo governo ao<strong> Congresso Nacional<\/strong>, e vem no mesmo per\u00edodo das propostas <a href=\"https:\/\/www.suno.com.br\/noticias\/guedes-entrega-reforma-tributaria-ir-maior-taxacao-dvidendos\/\">acerca da reforma tribut\u00e1ria,<\/a> que pode incluir a taxa\u00e7\u00e3o de 20% dos dividendos.<\/p>\n<p>O informe se d\u00e1 depois de cr\u00edticas por n\u00e3o ter apresentado os c\u00e1lculos que embasaram as mudan\u00e7as, j\u00e1 que a <strong>Receita<\/strong> divulgou hoje uma nota explicativa sobre a reforma, em que detalha o impacto das altera\u00e7\u00f5es na tributa\u00e7\u00e3o.<\/p>\n\t<div data-element=\"shortcode-read-more\" class=\"knowMore\">\n\t\t\t\t<span class=\"knowMore__title\">Leia mais<\/span>\n\t\t\t\t<a class=\"knowMore__link\" href=\"https:\/\/www.suno.com.br\/noticias\/guedes-entrega-reforma-tributaria-ir-maior-taxacao-dvidendos\/\">\n\t\t\tGuedes entrega reforma tribut\u00e1ria com maior isen\u00e7\u00e3o do IR e taxa\u00e7\u00e3o de dividendos em 20%\t\t<\/a>\n\t<\/div>\n\n\n<p>Inicialmente, o ministro da Economia, Paulo Guedes, declarou que a reforma teria efeito nulo, ou seja, nem aumentaria nem reduziria a <strong>arrecada\u00e7\u00e3o<\/strong>.<\/p>\n<p>De acordo com a nota, <a href=\"https:\/\/www.suno.com.br\/noticias\/maio-arrecadacao-governo-recorde-bilhoes\/\">o impacto total da reforma ser\u00e1 de aumento de R$ 2,47 bilh\u00f5es no pagamento de impostos em 2022<\/a>, R$ 1,60 bilh\u00e3o em 2023 e R$ 2,08 bilh\u00f5es em 2024. O crescimento na arrecada\u00e7\u00e3o se d\u00e1, principalmente, pela <strong>taxa\u00e7\u00e3o de dividendos<\/strong> e o fim dos Juros sobre Capital Pr\u00f3prio (JCP). Em 2022, o impacto das novas regras \u00e9 positivo em R$ 19,42 bilh\u00f5es para os cofres p\u00fablicos, em 2023 em R$ 57,68 bilh\u00f5es e, em 2024, R$ 61,04 bilh\u00f5es.<\/p>\n\t<p>\n\t\t<a href=\"https:\/\/lp.suno.com.br\/planilha-da-vida-financeira\/\" target=\"_blank\" data-element=\"shortcode-suno-banner\" title=\"Banner SUNO, clique e saiba mais\">\n\t\t\t<picture>\n\t\t\t\t<source media=\"(max-width: 500px)\" srcset=\"https:\/\/files.sunoresearch.com.br\/n\/uploads\/2023\/04\/400x300-Planilha-vida-financeira-true.png\">\n\t\t\t\t<img class=\"newsContent__article__imgCapa newsContent__article__imgCapa--banner\"\n\t\t\t\t\tsrc=\"https:\/\/files.sunoresearch.com.br\/n\/uploads\/2023\/04\/1420x240-Planilha-vida-financeira-true.png\"\n\t\t\t\t\tdata-promo-id=\"106682\"\t\t\t\t\t\t\t\t\t\twidth='1420' height='240'\t\t\t\t\talt=\"https:\/\/files.sunoresearch.com.br\/n\/uploads\/2023\/04\/1420x240-Planilha-vida-financeira-true.png\"\n\t\t\t\t>\n\t\t\t<\/picture>\n\t\t<\/a>\n\t<\/p>\n\n\n<p>Tamb\u00e9m aumentam a arrecada\u00e7\u00e3o as mudan\u00e7as em regras de pagamento do Imposto de Renda para <a class=\"suno-keyword\" href=\"https:\/\/www.suno.com.br\/artigos\/aplicacoes-financeiras\/\" target=\"_blank\" rel=\"noopener noreferrer\" data-force=\"no\" data-priority=\"1\">aplica\u00e7\u00f5es financeiras<\/a>, com alta esperada de R$ 14,19 bilh\u00f5es em 2022, R$ 80 milh\u00f5es em 2023 e $ 50 milh\u00f5es em 2024.<\/p>\n<p>J\u00e1 a atualiza\u00e7\u00e3o de bens im\u00f3veis representa um acr\u00e9scimo de R$ 880 milh\u00f5es no pr\u00f3ximo ano e uma redu\u00e7\u00e3o <a href=\"https:\/\/www.suno.com.br\/artigos\/tributacao-cdb\/\">no recolhimento de tributos<\/a> de R$ 2,45 bilh\u00f5es em 2023 e de R$ 2,03 bilh\u00f5es em 2024.<\/p>\n<p>As maiores redu\u00e7\u00f5es na arrecada\u00e7\u00e3o se dar\u00e3o com o corte de al\u00edquotas do <strong>IRPJ<\/strong> e <strong>CSSL:<\/strong> queda esperada de R$ 18,52 bilh\u00f5es em 2022, R$ 39,25 bilh\u00f5es em 2023 e R$ 41,53 bilh\u00f5es em 2024. <a href=\"https:\/\/statusinvest.com.br\/termos\/r\/receita-bruta\">A Receita estima ainda que a revis\u00e3o do IR para pessoas f\u00edsicas<\/a> contribuir\u00e1 para uma redu\u00e7\u00e3o de R$ 13,50 bilh\u00f5es nos impostos pagos em 2022, R$ 14,46 bilh\u00f5es em 2026 e R$ 15,44 bilh\u00f5es em 2024.<\/p>\n<h2>Reforma do Imposto de Renda retirar\u00e1 recursos do pr\u00f3prio tesouro<\/h2>\n<p>Dentre as principais medidas previstas dento da proposta de reforma imposto de renda, h\u00e1 tamb\u00e9m a extin\u00e7\u00e3o da modalidade de <strong><a class=\"suno-keyword\" href=\"https:\/\/www.suno.com.br\/artigos\/entenda-o-jcp\/\" target=\"_blank\" rel=\"noopener noreferrer\" data-force=\"no\" data-priority=\"1\">Juros sobre Capital Pr\u00f3prio<\/a> (JCP).<\/strong> A modalidade trata-se da mesma que foi utilizada recorrentemente pelas estatais federais para remunerar o <strong>Tesouro Nacional<\/strong> por seu lucro.<\/p>\n<p>Segundo os dados do governo, de 2017 a 2020, uma m\u00e9dia de 73% por ano dos resultados pagos pelas estatais ao governo federal foi justamente por meio de juros sobre capital pr\u00f3prio. Ou seja, em m\u00e9dia, entram R$ 10,5 bilh\u00f5es por ano nos cofres da Uni\u00e3o em remunera\u00e7\u00e3o paga pelas estatais &#8211; sendo quase R$ 3 bilh\u00f5es na forma de dividendos e R$ 7,6 bilh\u00f5es a t\u00edtulo de JCP.<\/p>\n<h2>Veja quais s\u00e3o os pontos pol\u00eamicos da reforma tribut\u00e1ria<\/h2>\n<ul>\n<li><b>Lucros e dividendos<\/b><\/li>\n<\/ul>\n<p>Tributa\u00e7\u00e3o de lucros e dividendos a 20% com isen\u00e7\u00e3o de R$ 20 mil por m\u00eas para acionistas de micro e pequenas empresas. Para para\u00edsos fiscais, a al\u00edquota \u00e9 de 30%. Hoje, esses ganhos s\u00e3o isentos.<\/p>\n<ul>\n<li style=\"list-style-type: none;\">\n<ul>\n<li><i>O que est\u00e1 em jogo?<\/i><\/li>\n<\/ul>\n<\/li>\n<\/ul>\n<p>Propostas para reduzir a al\u00edquota para 15%, 10%, da faixa de isen\u00e7\u00e3o, para fazer uma transi\u00e7\u00e3o, fazer a cobran\u00e7a na tabela progressiva e permitir a isen\u00e7\u00e3o para remessas de lucros ao exterior.<\/p>\n<ul>\n<li><b>JCP<\/b><\/li>\n<\/ul>\n<p>Fim da dedutibilidade de Juros sobre Capital Pr\u00f3prio (JCP), outra forma de remunera\u00e7\u00e3o aos acionistas usada pelas empresas, com abatimento no IR a pagar.<\/p>\n<ul>\n<li style=\"list-style-type: none;\">\n<ul>\n<li><i>O que est\u00e1 em jogo? <\/i><\/li>\n<\/ul>\n<\/li>\n<\/ul>\n<p>Propostas para permanecer do jeito que est\u00e1 ou criar uma transi\u00e7\u00e3o<\/p>\n<ul>\n<li><b>Fundos imobili\u00e1rios<\/b><\/li>\n<\/ul>\n<p>Fim da isen\u00e7\u00e3o dos <a href=\"https:\/\/www.suno.com.br\/artigos\/fundos-imobiliarios\/\">Fundos de Investimentos Imobili\u00e1rios<\/a><\/p>\n<ul>\n<li><b>Queda do IRPJ<\/b><\/li>\n<\/ul>\n<p>O projeto prev\u00ea uma queda de cincos pontos em dois anos<\/p>\n<p><i>O que est\u00e1 em jogo?<\/i><\/p>\n<p>Guedes acenou para cortes maiores no <strong>imposto de renda<\/strong> para pessoas jur\u00eddicas, desde que haja cortes em subs\u00eddios para a ind\u00fastria petroqu\u00edmica e de bebidas<\/p>\n<p><iframe loading=\"lazy\" title=\"YouTube video player\" src=\"https:\/\/www.youtube.com\/embed\/Z5CBiQPROYw\" width=\"692\" height=\"389\" frameborder=\"0\" allowfullscreen=\"allowfullscreen\"><\/iframe><\/p>\n<p>&nbsp;<\/p>\n<p><em><strong>Com informa\u00e7\u00f5es do Estad\u00e3o Conte\u00fado<\/strong><\/em><\/p>\n\t<p>\n\t\t<a href=\"https:\/\/lp.suno.com.br\/planilha-de-controle-de-investimentos\/\" target=\"_blank\" data-element=\"shortcode-suno-banner\" title=\"Banner SUNO, clique e saiba mais\">\n\t\t\t<picture>\n\t\t\t\t<source media=\"(max-width: 500px)\" srcset=\"https:\/\/files.sunoresearch.com.br\/n\/uploads\/2023\/03\/400x300-Controle-de-Investimentos.png\">\n\t\t\t\t<img class=\"newsContent__article__imgCapa newsContent__article__imgCapa--banner\"\n\t\t\t\t\tsrc=\"https:\/\/files.sunoresearch.com.br\/n\/uploads\/2023\/03\/1420x240-Controle-de-Investimentos.png\"\n\t\t\t\t\tdata-promo-id=\"75934\"\t\t\t\t\t\t\t\t\t\twidth='1420' height='240'\t\t\t\t\talt=\"https:\/\/files.sunoresearch.com.br\/n\/uploads\/2023\/03\/1420x240-Controle-de-Investimentos.png\"\n\t\t\t\t>\n\t\t\t<\/picture>\n\t\t<\/a>\n\t<\/p>\n\n\n","protected":false},"excerpt":{"rendered":"<p>O projeto de lei (PL) que muda as regras do Imposto de Renda para empresas e pessoas f\u00edsicas deve aumentar a arrecada\u00e7\u00e3o em R$ 6,15 bilh\u00f5es entre 2022 e 2024, conforme foi informado pela Receita Federal nesta segunda-feira (12). Regras do Imposto de Renda foram divulgadas em coletiva nesta quinta (24) &#8211; Foto: Marcelo Camargo\/Ag\u00eancia [&hellip;]<\/p>\n","protected":false},"author":73,"featured_media":165231,"comment_status":"closed","ping_status":"closed","sticky":false,"template":"","format":"standard","meta":[],"categories":[62],"tags":[106444,295,1556,303,704,909,796,1286],"suno_strategy":[],"class_list":["post-165190","post","type-post","status-publish","format-standard","has-post-thumbnail","hentry","category-economia","tag-agencias","tag-dividendos","tag-governo-federal","tag-imposto-de-renda","tag-impostos","tag-ministerio-da-economia","tag-paulo-guedes","tag-reforma-tributaria"],"yoast_head":"<!-- This site is optimized with the Yoast SEO plugin v24.4 - https:\/\/yoast.com\/wordpress\/plugins\/seo\/ -->\n<title>Reforma do imposto de renda aumentar\u00e1 arrecada\u00e7\u00e3o em R$ 6,15 bilh\u00f5es<\/title>\n<meta name=\"description\" content=\"Dados da Receita apontam que a arrecada\u00e7\u00e3o deve aumentar em R$ 6bi entre 2022 e 2024 com reforma do imposto de renda. Clique aqui e leia mais\" \/>\n<meta name=\"robots\" content=\"index, follow, max-snippet:-1, max-image-preview:large, max-video-preview:-1\" \/>\n<link rel=\"canonical\" href=\"https:\/\/www.suno.com.br\/noticias\/reforma-do-imposto-de-renda-arrecadacao\/\" \/>\n<meta property=\"og:locale\" content=\"pt_BR\" \/>\n<meta property=\"og:type\" content=\"article\" \/>\n<meta property=\"og:title\" content=\"Reforma do imposto de renda aumentar\u00e1 arrecada\u00e7\u00e3o em R$ 6,15 bilh\u00f5es\" \/>\n<meta property=\"og:description\" content=\"Dados da Receita apontam que a arrecada\u00e7\u00e3o deve aumentar em R$ 6bi entre 2022 e 2024 com reforma do imposto de renda. Clique aqui e leia mais\" \/>\n<meta property=\"og:url\" content=\"https:\/\/www.suno.com.br\/noticias\/reforma-do-imposto-de-renda-arrecadacao\/\" \/>\n<meta property=\"og:site_name\" content=\"Suno Not\u00edcias\" \/>\n<meta property=\"article:publisher\" content=\"https:\/\/facebook.com\/sunoresearch\" \/>\n<meta property=\"og:image\" content=\"https:\/\/files.sunoresearch.com.br\/n\/uploads\/2021\/07\/3615fa40-mcam20022020-2-scaled.jpg\" \/>\n\t<meta property=\"og:image:width\" content=\"2560\" \/>\n\t<meta property=\"og:image:height\" content=\"1707\" \/>\n\t<meta property=\"og:image:type\" content=\"image\/jpeg\" \/>\n<meta name=\"author\" content=\"Eduardo Vargas\" \/>\n<meta name=\"twitter:card\" content=\"summary_large_image\" \/>\n<meta name=\"twitter:creator\" content=\"@sunoresearch\" \/>\n<meta name=\"twitter:site\" content=\"@sunoresearch\" \/>\n<meta name=\"twitter:label1\" content=\"Escrito por\" \/>\n\t<meta name=\"twitter:data1\" content=\"Eduardo Vargas\" \/>\n\t<meta name=\"twitter:label2\" content=\"Est. tempo de leitura\" \/>\n\t<meta name=\"twitter:data2\" content=\"4 minutos\" \/>\n<script type=\"application\/ld+json\" class=\"yoast-schema-graph\">{\"@context\":\"https:\/\/schema.org\",\"@graph\":[{\"@type\":\"NewsArticle\",\"@id\":\"https:\/\/www.suno.com.br\/noticias\/reforma-do-imposto-de-renda-arrecadacao\/#article\",\"isPartOf\":{\"@id\":\"https:\/\/www.suno.com.br\/noticias\/reforma-do-imposto-de-renda-arrecadacao\/\"},\"author\":{\"name\":\"Eduardo Vargas\",\"@id\":\"https:\/\/www.suno.com.br\/noticias\/#\/schema\/person\/7f4d362bf3518e76090143ae77bb49a5\"},\"headline\":\"Reforma do imposto de renda aumentar\u00e1 arrecada\u00e7\u00e3o em R$ 6,15 bilh\u00f5es\",\"datePublished\":\"2021-07-12T17:49:36+00:00\",\"mainEntityOfPage\":{\"@id\":\"https:\/\/www.suno.com.br\/noticias\/reforma-do-imposto-de-renda-arrecadacao\/\"},\"wordCount\":733,\"publisher\":{\"@id\":\"https:\/\/www.suno.com.br\/noticias\/#organization\"},\"image\":{\"@id\":\"https:\/\/www.suno.com.br\/noticias\/reforma-do-imposto-de-renda-arrecadacao\/#primaryimage\"},\"thumbnailUrl\":\"https:\/\/files.sunoresearch.com.br\/n\/uploads\/2021\/07\/3615fa40-mcam20022020-2-scaled.jpg\",\"keywords\":[\"Ag\u00eancias\",\"dividendos\",\"governo federal\",\"Imposto de Renda\",\"impostos\",\"Minist\u00e9rio da Economia\",\"Paulo Guedes\",\"reforma tribut\u00e1ria\"],\"articleSection\":[\"Economia\"],\"inLanguage\":\"pt-BR\"},{\"@type\":\"WebPage\",\"@id\":\"https:\/\/www.suno.com.br\/noticias\/reforma-do-imposto-de-renda-arrecadacao\/\",\"url\":\"https:\/\/www.suno.com.br\/noticias\/reforma-do-imposto-de-renda-arrecadacao\/\",\"name\":\"Reforma do imposto de renda aumentar\u00e1 arrecada\u00e7\u00e3o em R$ 6,15 bilh\u00f5es\",\"isPartOf\":{\"@id\":\"https:\/\/www.suno.com.br\/noticias\/#website\"},\"primaryImageOfPage\":{\"@id\":\"https:\/\/www.suno.com.br\/noticias\/reforma-do-imposto-de-renda-arrecadacao\/#primaryimage\"},\"image\":{\"@id\":\"https:\/\/www.suno.com.br\/noticias\/reforma-do-imposto-de-renda-arrecadacao\/#primaryimage\"},\"thumbnailUrl\":\"https:\/\/files.sunoresearch.com.br\/n\/uploads\/2021\/07\/3615fa40-mcam20022020-2-scaled.jpg\",\"datePublished\":\"2021-07-12T17:49:36+00:00\",\"description\":\"Dados da Receita apontam que a arrecada\u00e7\u00e3o deve aumentar em R$ 6bi entre 2022 e 2024 com reforma do imposto de renda. Clique aqui e leia mais\",\"breadcrumb\":{\"@id\":\"https:\/\/www.suno.com.br\/noticias\/reforma-do-imposto-de-renda-arrecadacao\/#breadcrumb\"},\"inLanguage\":\"pt-BR\",\"potentialAction\":[{\"@type\":\"ReadAction\",\"target\":[\"https:\/\/www.suno.com.br\/noticias\/reforma-do-imposto-de-renda-arrecadacao\/\"]}]},{\"@type\":\"ImageObject\",\"inLanguage\":\"pt-BR\",\"@id\":\"https:\/\/www.suno.com.br\/noticias\/reforma-do-imposto-de-renda-arrecadacao\/#primaryimage\",\"url\":\"https:\/\/files.sunoresearch.com.br\/n\/uploads\/2021\/07\/3615fa40-mcam20022020-2-scaled.jpg\",\"contentUrl\":\"https:\/\/files.sunoresearch.com.br\/n\/uploads\/2021\/07\/3615fa40-mcam20022020-2-scaled.jpg\",\"width\":2560,\"height\":1707,\"caption\":\"Regras do Imposto de Renda foram divulgadas em coletiva nesta quinta (24) - Foto: Marcelo Camargo\/Ag\u00eancia Brasil\"},{\"@type\":\"BreadcrumbList\",\"@id\":\"https:\/\/www.suno.com.br\/noticias\/reforma-do-imposto-de-renda-arrecadacao\/#breadcrumb\",\"itemListElement\":[{\"@type\":\"ListItem\",\"position\":1,\"name\":\"Not\u00edcias\",\"item\":\"https:\/\/www.suno.com.br\/noticias\/\"},{\"@type\":\"ListItem\",\"position\":2,\"name\":\"Economia\",\"item\":\"https:\/\/www.suno.com.br\/noticias\/economia\/\"},{\"@type\":\"ListItem\",\"position\":3,\"name\":\"Reforma do imposto de renda aumentar\u00e1 arrecada\u00e7\u00e3o em R$ 6,15 bilh\u00f5es\"}]},{\"@type\":\"WebSite\",\"@id\":\"https:\/\/www.suno.com.br\/noticias\/#website\",\"url\":\"https:\/\/www.suno.com.br\/noticias\/\",\"name\":\"Suno Not\u00edcias\",\"description\":\"Seu portal de informa\u00e7\u00e3o sobre o mundo dos investimentos\",\"publisher\":{\"@id\":\"https:\/\/www.suno.com.br\/noticias\/#organization\"},\"potentialAction\":[{\"@type\":\"SearchAction\",\"target\":{\"@type\":\"EntryPoint\",\"urlTemplate\":\"https:\/\/www.suno.com.br\/noticias\/?s={search_term_string}\"},\"query-input\":{\"@type\":\"PropertyValueSpecification\",\"valueRequired\":true,\"valueName\":\"search_term_string\"}}],\"inLanguage\":\"pt-BR\"},{\"@type\":\"Organization\",\"@id\":\"https:\/\/www.suno.com.br\/noticias\/#organization\",\"name\":\"Suno Not\u00edcias\",\"url\":\"https:\/\/www.suno.com.br\/noticias\/\",\"logo\":{\"@type\":\"ImageObject\",\"inLanguage\":\"pt-BR\",\"@id\":\"https:\/\/www.suno.com.br\/noticias\/#\/schema\/logo\/image\/\",\"url\":\"https:\/\/files.sunoresearch.com.br\/n\/uploads\/2021\/09\/suno-logo.png\",\"contentUrl\":\"https:\/\/files.sunoresearch.com.br\/n\/uploads\/2021\/09\/suno-logo.png\",\"width\":180,\"height\":180,\"caption\":\"Suno Not\u00edcias\"},\"image\":{\"@id\":\"https:\/\/www.suno.com.br\/noticias\/#\/schema\/logo\/image\/\"},\"sameAs\":[\"https:\/\/facebook.com\/sunoresearch\",\"https:\/\/x.com\/sunoresearch\",\"https:\/\/www.instagram.com\/suno\",\"https:\/\/www.linkedin.com\/company\/suno-research\/\",\"https:\/\/www.youtube.com\/c\/sunoresearch\"]},{\"@type\":\"Person\",\"@id\":\"https:\/\/www.suno.com.br\/noticias\/#\/schema\/person\/7f4d362bf3518e76090143ae77bb49a5\",\"name\":\"Eduardo Vargas\",\"image\":{\"@type\":\"ImageObject\",\"inLanguage\":\"pt-BR\",\"@id\":\"https:\/\/www.suno.com.br\/noticias\/#\/schema\/person\/image\/\",\"url\":\"https:\/\/secure.gravatar.com\/avatar\/dac340933427a22924c9f99d1eb2e3f2?s=96&r=g\",\"contentUrl\":\"https:\/\/secure.gravatar.com\/avatar\/dac340933427a22924c9f99d1eb2e3f2?s=96&r=g\",\"caption\":\"Eduardo Vargas\"},\"description\":\"Jornalista formado pela UFSC, cobre macroeconomia, neg\u00f3cios e startups para o Suno Not\u00edcias, escrevendo principalmente not\u00edcias sobre o mercado financeiro e a bolsa de valores. No YouTube e no Instagram, \u00e9 respons\u00e1vel pela produ\u00e7\u00e3o de Reels e Shorts do Suno Not\u00edcias. Anteriormente, trabalhou cobrindo economia e cotidiano no ND+ e para o ND, maior jornal impresso de Santa Catarina. Cursou um semestre letivo de Estudos de M\u00eddia na Universidad de Buenos Aires.\",\"url\":\"https:\/\/www.suno.com.br\/noticias\/author\/eduardo-vargas\/\"}]}<\/script>\n<!-- \/ Yoast SEO plugin. -->","yoast_head_json":{"title":"Reforma do imposto de renda aumentar\u00e1 arrecada\u00e7\u00e3o em R$ 6,15 bilh\u00f5es","description":"Dados da Receita apontam que a arrecada\u00e7\u00e3o deve aumentar em R$ 6bi entre 2022 e 2024 com reforma do imposto de renda. Clique aqui e leia mais","robots":{"index":"index","follow":"follow","max-snippet":"max-snippet:-1","max-image-preview":"max-image-preview:large","max-video-preview":"max-video-preview:-1"},"canonical":"https:\/\/www.suno.com.br\/noticias\/reforma-do-imposto-de-renda-arrecadacao\/","og_locale":"pt_BR","og_type":"article","og_title":"Reforma do imposto de renda aumentar\u00e1 arrecada\u00e7\u00e3o em R$ 6,15 bilh\u00f5es","og_description":"Dados da Receita apontam que a arrecada\u00e7\u00e3o deve aumentar em R$ 6bi entre 2022 e 2024 com reforma do imposto de renda. Clique aqui e leia mais","og_url":"https:\/\/www.suno.com.br\/noticias\/reforma-do-imposto-de-renda-arrecadacao\/","og_site_name":"Suno Not\u00edcias","article_publisher":"https:\/\/facebook.com\/sunoresearch","og_image":[{"width":2560,"height":1707,"url":"https:\/\/files.sunoresearch.com.br\/n\/uploads\/2021\/07\/3615fa40-mcam20022020-2-scaled.jpg","type":"image\/jpeg"}],"author":"Eduardo Vargas","twitter_card":"summary_large_image","twitter_creator":"@sunoresearch","twitter_site":"@sunoresearch","twitter_misc":{"Escrito por":"Eduardo Vargas","Est. tempo de leitura":"4 minutos"},"schema":{"@context":"https:\/\/schema.org","@graph":[{"@type":"NewsArticle","@id":"https:\/\/www.suno.com.br\/noticias\/reforma-do-imposto-de-renda-arrecadacao\/#article","isPartOf":{"@id":"https:\/\/www.suno.com.br\/noticias\/reforma-do-imposto-de-renda-arrecadacao\/"},"author":{"name":"Eduardo Vargas","@id":"https:\/\/www.suno.com.br\/noticias\/#\/schema\/person\/7f4d362bf3518e76090143ae77bb49a5"},"headline":"Reforma do imposto de renda aumentar\u00e1 arrecada\u00e7\u00e3o em R$ 6,15 bilh\u00f5es","datePublished":"2021-07-12T17:49:36+00:00","mainEntityOfPage":{"@id":"https:\/\/www.suno.com.br\/noticias\/reforma-do-imposto-de-renda-arrecadacao\/"},"wordCount":733,"publisher":{"@id":"https:\/\/www.suno.com.br\/noticias\/#organization"},"image":{"@id":"https:\/\/www.suno.com.br\/noticias\/reforma-do-imposto-de-renda-arrecadacao\/#primaryimage"},"thumbnailUrl":"https:\/\/files.sunoresearch.com.br\/n\/uploads\/2021\/07\/3615fa40-mcam20022020-2-scaled.jpg","keywords":["Ag\u00eancias","dividendos","governo federal","Imposto de Renda","impostos","Minist\u00e9rio da Economia","Paulo Guedes","reforma tribut\u00e1ria"],"articleSection":["Economia"],"inLanguage":"pt-BR"},{"@type":"WebPage","@id":"https:\/\/www.suno.com.br\/noticias\/reforma-do-imposto-de-renda-arrecadacao\/","url":"https:\/\/www.suno.com.br\/noticias\/reforma-do-imposto-de-renda-arrecadacao\/","name":"Reforma do imposto de renda aumentar\u00e1 arrecada\u00e7\u00e3o em R$ 6,15 bilh\u00f5es","isPartOf":{"@id":"https:\/\/www.suno.com.br\/noticias\/#website"},"primaryImageOfPage":{"@id":"https:\/\/www.suno.com.br\/noticias\/reforma-do-imposto-de-renda-arrecadacao\/#primaryimage"},"image":{"@id":"https:\/\/www.suno.com.br\/noticias\/reforma-do-imposto-de-renda-arrecadacao\/#primaryimage"},"thumbnailUrl":"https:\/\/files.sunoresearch.com.br\/n\/uploads\/2021\/07\/3615fa40-mcam20022020-2-scaled.jpg","datePublished":"2021-07-12T17:49:36+00:00","description":"Dados da Receita apontam que a arrecada\u00e7\u00e3o deve aumentar em R$ 6bi entre 2022 e 2024 com reforma do imposto de renda. Clique aqui e leia mais","breadcrumb":{"@id":"https:\/\/www.suno.com.br\/noticias\/reforma-do-imposto-de-renda-arrecadacao\/#breadcrumb"},"inLanguage":"pt-BR","potentialAction":[{"@type":"ReadAction","target":["https:\/\/www.suno.com.br\/noticias\/reforma-do-imposto-de-renda-arrecadacao\/"]}]},{"@type":"ImageObject","inLanguage":"pt-BR","@id":"https:\/\/www.suno.com.br\/noticias\/reforma-do-imposto-de-renda-arrecadacao\/#primaryimage","url":"https:\/\/files.sunoresearch.com.br\/n\/uploads\/2021\/07\/3615fa40-mcam20022020-2-scaled.jpg","contentUrl":"https:\/\/files.sunoresearch.com.br\/n\/uploads\/2021\/07\/3615fa40-mcam20022020-2-scaled.jpg","width":2560,"height":1707,"caption":"Regras do Imposto de Renda foram divulgadas em coletiva nesta quinta (24) - Foto: Marcelo Camargo\/Ag\u00eancia Brasil"},{"@type":"BreadcrumbList","@id":"https:\/\/www.suno.com.br\/noticias\/reforma-do-imposto-de-renda-arrecadacao\/#breadcrumb","itemListElement":[{"@type":"ListItem","position":1,"name":"Not\u00edcias","item":"https:\/\/www.suno.com.br\/noticias\/"},{"@type":"ListItem","position":2,"name":"Economia","item":"https:\/\/www.suno.com.br\/noticias\/economia\/"},{"@type":"ListItem","position":3,"name":"Reforma do imposto de renda aumentar\u00e1 arrecada\u00e7\u00e3o em R$ 6,15 bilh\u00f5es"}]},{"@type":"WebSite","@id":"https:\/\/www.suno.com.br\/noticias\/#website","url":"https:\/\/www.suno.com.br\/noticias\/","name":"Suno Not\u00edcias","description":"Seu portal de informa\u00e7\u00e3o sobre o mundo dos investimentos","publisher":{"@id":"https:\/\/www.suno.com.br\/noticias\/#organization"},"potentialAction":[{"@type":"SearchAction","target":{"@type":"EntryPoint","urlTemplate":"https:\/\/www.suno.com.br\/noticias\/?s={search_term_string}"},"query-input":{"@type":"PropertyValueSpecification","valueRequired":true,"valueName":"search_term_string"}}],"inLanguage":"pt-BR"},{"@type":"Organization","@id":"https:\/\/www.suno.com.br\/noticias\/#organization","name":"Suno Not\u00edcias","url":"https:\/\/www.suno.com.br\/noticias\/","logo":{"@type":"ImageObject","inLanguage":"pt-BR","@id":"https:\/\/www.suno.com.br\/noticias\/#\/schema\/logo\/image\/","url":"https:\/\/files.sunoresearch.com.br\/n\/uploads\/2021\/09\/suno-logo.png","contentUrl":"https:\/\/files.sunoresearch.com.br\/n\/uploads\/2021\/09\/suno-logo.png","width":180,"height":180,"caption":"Suno Not\u00edcias"},"image":{"@id":"https:\/\/www.suno.com.br\/noticias\/#\/schema\/logo\/image\/"},"sameAs":["https:\/\/facebook.com\/sunoresearch","https:\/\/x.com\/sunoresearch","https:\/\/www.instagram.com\/suno","https:\/\/www.linkedin.com\/company\/suno-research\/","https:\/\/www.youtube.com\/c\/sunoresearch"]},{"@type":"Person","@id":"https:\/\/www.suno.com.br\/noticias\/#\/schema\/person\/7f4d362bf3518e76090143ae77bb49a5","name":"Eduardo Vargas","image":{"@type":"ImageObject","inLanguage":"pt-BR","@id":"https:\/\/www.suno.com.br\/noticias\/#\/schema\/person\/image\/","url":"https:\/\/secure.gravatar.com\/avatar\/dac340933427a22924c9f99d1eb2e3f2?s=96&r=g","contentUrl":"https:\/\/secure.gravatar.com\/avatar\/dac340933427a22924c9f99d1eb2e3f2?s=96&r=g","caption":"Eduardo Vargas"},"description":"Jornalista formado pela UFSC, cobre macroeconomia, neg\u00f3cios e startups para o Suno Not\u00edcias, escrevendo principalmente not\u00edcias sobre o mercado financeiro e a bolsa de valores. No YouTube e no Instagram, \u00e9 respons\u00e1vel pela produ\u00e7\u00e3o de Reels e Shorts do Suno Not\u00edcias. Anteriormente, trabalhou cobrindo economia e cotidiano no ND+ e para o ND, maior jornal impresso de Santa Catarina. Cursou um semestre letivo de Estudos de M\u00eddia na Universidad de Buenos Aires.","url":"https:\/\/www.suno.com.br\/noticias\/author\/eduardo-vargas\/"}]}},"default_loop_html":"<div class=\"cardsPage__listCard__boxs\"><div class=\"cardsPage__listCard__boxs__img\"><a href=\"https:\/\/www.suno.com.br\/noticias\/reforma-do-imposto-de-renda-arrecadacao\/\"><img class=\"mask\" src=\"https:\/\/www.suno.com.br\/noticias\/wp-content\/themes\/suno\/resources\/images\/spotlight\/spotlight1img\/bg-mask.png\" alt=\"Image Mask\"\/><img src=\"https:\/\/files.sunoresearch.com.br\/n\/uploads\/2021\/07\/3615fa40-mcam20022020-2-400x200.jpg\" alt=\"Reforma do imposto de renda aumentar\u00e1 arrecada\u00e7\u00e3o em R$ 6,15 bilh\u00f5es\"\/><\/a><span class=\"spotlightCategory\"><a href=\"https:\/\/www.suno.com.br\/noticias\/economia\/\">Economia<\/a><\/span><\/div><div class=\"cardsPage__listCard__boxs__content\"><a href=\"https:\/\/www.suno.com.br\/noticias\/reforma-do-imposto-de-renda-arrecadacao\/\"><h2 class=\"content__title\">Reforma do imposto de renda aumentar\u00e1 arrecada\u00e7\u00e3o em R$ 6,15 bilh\u00f5es<\/h2><\/a><div class=\"newsContent__article__meta\"><div class=\"newsContent__article__meta__authorBox\"><a href=\"https:\/\/www.suno.com.br\/noticias\/author\/eduardo-vargas\/\" class=\"authorBox__avatar noMobi\"><img src=\"https:\/\/secure.gravatar.com\/avatar\/dac340933427a22924c9f99d1eb2e3f2?s=96&#038;r=g\" alt=\"Eduardo Vargas\"><\/a><div class=\"authorBox__name\"><span>por\n\t\t\t<a href=\"https:\/\/www.suno.com.br\/noticias\/author\/eduardo-vargas\/\"><span itemprop=\"author\">Eduardo Vargas<\/span><\/a><\/span><time datetime=\"2021-07-12T14:49:36-03:00\" itemprop=\"datePublished\">12\/07\/2021 14:49<\/time><\/div><\/div><\/div><\/div><\/div>","single_layout":"posts","amp_enabled":true,"_links":{"self":[{"href":"https:\/\/www.suno.com.br\/noticias\/wp-json\/wp\/v2\/posts\/165190"}],"collection":[{"href":"https:\/\/www.suno.com.br\/noticias\/wp-json\/wp\/v2\/posts"}],"about":[{"href":"https:\/\/www.suno.com.br\/noticias\/wp-json\/wp\/v2\/types\/post"}],"author":[{"embeddable":true,"href":"https:\/\/www.suno.com.br\/noticias\/wp-json\/wp\/v2\/users\/73"}],"replies":[{"embeddable":true,"href":"https:\/\/www.suno.com.br\/noticias\/wp-json\/wp\/v2\/comments?post=165190"}],"version-history":[{"count":4,"href":"https:\/\/www.suno.com.br\/noticias\/wp-json\/wp\/v2\/posts\/165190\/revisions"}],"predecessor-version":[{"id":165247,"href":"https:\/\/www.suno.com.br\/noticias\/wp-json\/wp\/v2\/posts\/165190\/revisions\/165247"}],"wp:featuredmedia":[{"embeddable":true,"href":"https:\/\/www.suno.com.br\/noticias\/wp-json\/wp\/v2\/media\/165231"}],"wp:attachment":[{"href":"https:\/\/www.suno.com.br\/noticias\/wp-json\/wp\/v2\/media?parent=165190"}],"wp:term":[{"taxonomy":"category","embeddable":true,"href":"https:\/\/www.suno.com.br\/noticias\/wp-json\/wp\/v2\/categories?post=165190"},{"taxonomy":"post_tag","embeddable":true,"href":"https:\/\/www.suno.com.br\/noticias\/wp-json\/wp\/v2\/tags?post=165190"},{"taxonomy":"suno_strategy","embeddable":true,"href":"https:\/\/www.suno.com.br\/noticias\/wp-json\/wp\/v2\/suno_strategy?post=165190"}],"curies":[{"name":"wp","href":"https:\/\/api.w.org\/{rel}","templated":true}]}}