{"id":165175,"date":"2021-07-12T14:45:51","date_gmt":"2021-07-12T17:45:51","guid":{"rendered":"https:\/\/www.suno.com.br\/noticias\/?p=165175"},"modified":"2021-07-12T14:45:51","modified_gmt":"2021-07-12T17:45:51","slug":"petrobras-petr4-acordo-coparticipacao-itapu-ppsa-pre-sal","status":"publish","type":"post","link":"https:\/\/www.suno.com.br\/noticias\/petrobras-petr4-acordo-coparticipacao-itapu-ppsa-pre-sal\/","title":{"rendered":"Petrobras (PETR4) fecha acordo de coparticipa\u00e7\u00e3o no campo de Itapu com a Pr\u00e9-sal Petr\u00f3leo"},"content":{"rendered":"<p>A <a href=\"https:\/\/www.suno.com.br\/acoes\/petr4\/\"><strong>Petrobras<\/strong> (PETR4)<\/a> fechou acordo de coparticipa\u00e7\u00e3o no campo de Itapu com a Pr\u00e9-sal Petr\u00f3leo S.A. (PPSA). O acordo regular\u00e1 a coexist\u00eancia de <a class=\"suno-keyword\" href=\"https:\/\/www.suno.com.br\/artigos\/cessao-onerosa\/\" target=\"_blank\" rel=\"noopener noreferrer\" data-force=\"no\" data-priority=\"1\">Cess\u00e3o Onerosa<\/a> e partilha de produ\u00e7\u00e3o do excedente para o campo de Itapu, no pr\u00e9-sal da Bacia de Santos, informou a estatal por meio de <a class=\"suno-keyword\" href=\"https:\/\/www.suno.com.br\/artigos\/fato-relevante\/\" target=\"_blank\" rel=\"noopener noreferrer\" data-force=\"no\" data-priority=\"1\">fato relevante<\/a>.<\/p>\t<div class=\"wrapper-featured-image\">\n\t\t<figure class=\"spotlightImg\">\n\n\t\t\t<picture>\n\t\t\t\t<source media=\"(max-width: 768px)\" srcset=\"https:\/\/files.sunoresearch.com.br\/n\/uploads\/2021\/06\/74407ee4-conteudo668-400x200.jpg\">\n\t\t\t\t<img loading=\"lazy\" decoding=\"async\" class=\"newsContent__article__imgCapa lazyloadDisabled \" src=\"https:\/\/files.sunoresearch.com.br\/n\/uploads\/2021\/06\/74407ee4-conteudo668-800x450.jpg\" width=\"800\" height=\"450\" alt=\"Petrobras (PETR4) fecha acordo de coparticipa\u00e7\u00e3o no campo de Itapu com a Pr\u00e9-sal Petr\u00f3leo\" fetchpriority=high \/>\n\t\t\t<\/picture>\n\n\t\t\t<figcaption class=\"wp-caption-text wp-caption-text--show\">Petrobras (PETR4) - Foto: Ag\u00eancia Petrobras\/Geraldo Falc\u00e3o<\/figcaption>\n\t\t<\/figure>\n\t<\/div>\n\n\n\t<p>\n\t\t<a href=\"https:\/\/lp.suno.com.br\/planilha-controle-gastos\/\" target=\"_blank\" data-element=\"shortcode-suno-banner\" title=\"Banner SUNO, clique e saiba mais\">\n\t\t\t<picture>\n\t\t\t\t<source media=\"(max-width: 500px)\" srcset=\"https:\/\/files.sunoresearch.com.br\/n\/uploads\/2023\/03\/400x300-Planilha-controle-de-gastos.png\">\n\t\t\t\t<img class=\"newsContent__article__imgCapa newsContent__article__imgCapa--banner\"\n\t\t\t\t\tsrc=\"https:\/\/files.sunoresearch.com.br\/n\/uploads\/2023\/03\/1420x240-Planilha-controle-de-gastos.png\"\n\t\t\t\t\tdata-promo-id=\"101751\"\t\t\t\t\t\t\t\t\t\twidth='1420' height='240'\t\t\t\t\talt=\"https:\/\/files.sunoresearch.com.br\/n\/uploads\/2023\/03\/1420x240-Planilha-controle-de-gastos.png\"\n\t\t\t\t>\n\t\t\t<\/picture>\n\t\t<\/a>\n\t<\/p>\n\n\n<p>As <strong>negocia\u00e7\u00f5es<\/strong> foram iniciadas logo ap\u00f3s a licita\u00e7\u00e3o, ocorrida em 6 de novembro de 2019, quando a Petrobras adquiriu 100% dos direitos de explora\u00e7\u00e3o e produ\u00e7\u00e3o do volume excedente da Cess\u00e3o Onerosa do campo de <strong>Itapu.<\/strong><\/p>\n<p>Em conjunto, Petrobras e <strong>PPSA<\/strong> definiram o Plano de Desenvolvimento do campo, estimativas de curva de produ\u00e7\u00e3o e volumes recuper\u00e1veis.<\/p>\n<p>Para o contrato de cess\u00e3o onerosa, a participa\u00e7\u00e3o na \u00e1rea coparticipada ser\u00e1 de 51,708%, com um volume recuper\u00e1vel total de 350 milh\u00f5es de <a href=\"https:\/\/www.suno.com.br\/artigos\/cotacao-do-petroleo\/\">barris de \u00f3leo equivalente (BOE)<\/a>. No acordo de partilha de produ\u00e7\u00e3o, o porcentual ser\u00e1 de 48,292%, com 319 milh\u00f5es BOE.<\/p>\n\n\t<div data-element=\"shortcode-read-more\" class=\"readToo\">\n\t\t\t\t<span class=\"readToo__title\">Leia mais<\/span>\n\t\t\t\t<ul class=\"readToo__list\">\n\t\t\t<li><a href=\"https:\/\/www.suno.com.br\/noticias\/petrobras-petr4-venda-campo-papa-terra-3r-rrrp3\/\">Petrobras (PETR4) fecha venda do campo Papa-Terra \u00e0 3R Petroleum (RRRP3)<\/a><\/li><li><a href=\"https:\/\/www.suno.com.br\/noticias\/ibovespa-abre-subindo-dados-aereas-alta-minerio-ipos\/\">Ibovespa abre em alta ap\u00f3s feriado, com alta no min\u00e9rio de ferro<\/a><\/li>\t\t<\/ul>\n\t<\/div>\n\n\n<p>A estatal ressalta que a opera\u00e7\u00e3o est\u00e1 sujeita \u00e0 aprova\u00e7\u00e3o da Ag\u00eancia Nacional do Petr\u00f3leo, G\u00e1s Natural e Biocombust\u00edveis <strong>(ANP).<\/strong> Com isso, a estimativa de compensa\u00e7\u00e3o apresentada tem como base a data efetiva do acordo em primeiro de setembro de 2021. Caso a autoriza\u00e7\u00e3o por parte da ANP leve a outra data de in\u00edcio de efetividade, ser\u00e3o realizados os ajustes necess\u00e1rios, segundo o comunicado.<\/p>\n<h2>Petrobras tamb\u00e9m assinou contrato com a 3R Petroleum<\/h2>\n<p><a href=\"https:\/\/statusinvest.com.br\/acoes\/petr4\">A Petrobras tamb\u00e9m informa que assinou<\/a> contrato com a<a href=\"https:\/\/www.suno.com.br\/acoes\/rrrp3\/\"> <strong>3R Petroleum<\/strong> (RRRP3)<\/a> para venda da totalidade de sua participa\u00e7\u00e3o no campo de produ\u00e7\u00e3o de Papa-Terra, localizado na Bacia de Campos. O valor da venda \u00e9 de US$ 105,6 milh\u00f5es, segundo o fato relevante divulgado h\u00e1 pouco pela petrol\u00edfera.<\/p>\n\t<p>\n\t\t<a href=\"https:\/\/lp.suno.com.br\/planilha-da-vida-financeira\/\" target=\"_blank\" data-element=\"shortcode-suno-banner\" title=\"Banner SUNO, clique e saiba mais\">\n\t\t\t<picture>\n\t\t\t\t<source media=\"(max-width: 500px)\" srcset=\"https:\/\/files.sunoresearch.com.br\/n\/uploads\/2023\/04\/400x300-Planilha-vida-financeira-true.png\">\n\t\t\t\t<img class=\"newsContent__article__imgCapa newsContent__article__imgCapa--banner\"\n\t\t\t\t\tsrc=\"https:\/\/files.sunoresearch.com.br\/n\/uploads\/2023\/04\/1420x240-Planilha-vida-financeira-true.png\"\n\t\t\t\t\tdata-promo-id=\"106682\"\t\t\t\t\t\t\t\t\t\twidth='1420' height='240'\t\t\t\t\talt=\"https:\/\/files.sunoresearch.com.br\/n\/uploads\/2023\/04\/1420x240-Planilha-vida-financeira-true.png\"\n\t\t\t\t>\n\t\t\t<\/picture>\n\t\t<\/a>\n\t<\/p>\n\n\n<p>Do montante total, US$ 6 milh\u00f5es ser\u00e3o pagos na presente data e US$ 9,6 milh\u00f5es no fechamento da transa\u00e7\u00e3o. O restante, US$ 90 milh\u00f5es, v\u00e3o ocorrer por meio de pagamentos contingentes previstos em contrato, relacionados a n\u00edveis de produ\u00e7\u00e3o do ativo e pre\u00e7os futuros do petr\u00f3leo.<\/p>\n<p>&#8220;Essa opera\u00e7\u00e3o est\u00e1 alinhada \u00e0 estrat\u00e9gia de otimiza\u00e7\u00e3o de portf\u00f3lio e \u00e0 melhoria de aloca\u00e7\u00e3o do capital da companhia, passando a concentrar cada vez mais os seus recursos em ativos de classe mundial em \u00e1guas profundas e ultra-profundas, onde a Petrobras tem demonstrado grande diferencial competitivo ao longo dos anos&#8221;, diz a <strong>Petrobras<\/strong> no comunicado.<\/p>\n<p><em><strong>Com informa\u00e7\u00f5es do Estad\u00e3o Conte\u00fado<\/strong><\/em><\/p>\n\t<p>\n\t\t<a href=\"https:\/\/lp.suno.com.br\/planilha-de-controle-de-investimentos\/\" target=\"_blank\" data-element=\"shortcode-suno-banner\" title=\"Banner SUNO, clique e saiba mais\">\n\t\t\t<picture>\n\t\t\t\t<source media=\"(max-width: 500px)\" srcset=\"https:\/\/files.sunoresearch.com.br\/n\/uploads\/2023\/03\/400x300-Controle-de-Investimentos.png\">\n\t\t\t\t<img class=\"newsContent__article__imgCapa newsContent__article__imgCapa--banner\"\n\t\t\t\t\tsrc=\"https:\/\/files.sunoresearch.com.br\/n\/uploads\/2023\/03\/1420x240-Controle-de-Investimentos.png\"\n\t\t\t\t\tdata-promo-id=\"75934\"\t\t\t\t\t\t\t\t\t\twidth='1420' height='240'\t\t\t\t\talt=\"https:\/\/files.sunoresearch.com.br\/n\/uploads\/2023\/03\/1420x240-Controle-de-Investimentos.png\"\n\t\t\t\t>\n\t\t\t<\/picture>\n\t\t<\/a>\n\t<\/p>\n\n\n","protected":false},"excerpt":{"rendered":"<p>A Petrobras (PETR4) fechou acordo de coparticipa\u00e7\u00e3o no campo de Itapu com a Pr\u00e9-sal Petr\u00f3leo S.A. (PPSA). O acordo regular\u00e1 a coexist\u00eancia de Cess\u00e3o Onerosa e partilha de produ\u00e7\u00e3o do excedente para o campo de Itapu, no pr\u00e9-sal da Bacia de Santos, informou a estatal por meio de fato relevante. Companhias a\u00e9reas do Ibovespa reportam [&hellip;]<\/p>\n","protected":false},"author":73,"featured_media":156470,"comment_status":"closed","ping_status":"closed","sticky":false,"template":"","format":"standard","meta":[],"categories":[64],"tags":[105065,106444,902,2426,595,766,818],"suno_strategy":[],"class_list":["post-165175","post","type-post","status-publish","format-standard","has-post-thumbnail","hentry","category-negocios","tag-3r-petroleum-rrrp3","tag-agencias","tag-comissao-de-valores-mobiliarios-cvm","tag-petr3","tag-petrobras-petr4","tag-petroleo","tag-pre-sal"],"yoast_head":"<!-- This site is optimized with the Yoast SEO plugin v24.4 - https:\/\/yoast.com\/wordpress\/plugins\/seo\/ -->\n<title>Petrobras (PETR4) fecha acordo de coparticipa\u00e7\u00e3o no Itapu com a PPSA<\/title>\n<meta name=\"description\" content=\"Segundo a Petrobras, o acordo regular\u00e1 a coexist\u00eancia de cess\u00e3o onerosa e partilha de produ\u00e7\u00e3o do excedente para o campo. Leia mais.\" \/>\n<meta name=\"robots\" content=\"index, follow, max-snippet:-1, max-image-preview:large, max-video-preview:-1\" \/>\n<link rel=\"canonical\" href=\"https:\/\/www.suno.com.br\/noticias\/petrobras-petr4-acordo-coparticipacao-itapu-ppsa-pre-sal\/\" \/>\n<meta property=\"og:locale\" content=\"pt_BR\" \/>\n<meta property=\"og:type\" content=\"article\" \/>\n<meta property=\"og:title\" content=\"Petrobras (PETR4) fecha acordo de coparticipa\u00e7\u00e3o no Itapu com a PPSA\" \/>\n<meta property=\"og:description\" content=\"Segundo a Petrobras, o acordo regular\u00e1 a coexist\u00eancia de cess\u00e3o onerosa e partilha de produ\u00e7\u00e3o do excedente para o campo. Leia mais.\" \/>\n<meta property=\"og:url\" content=\"https:\/\/www.suno.com.br\/noticias\/petrobras-petr4-acordo-coparticipacao-itapu-ppsa-pre-sal\/\" \/>\n<meta property=\"og:site_name\" content=\"Suno Not\u00edcias\" \/>\n<meta property=\"article:publisher\" content=\"https:\/\/facebook.com\/sunoresearch\" \/>\n<meta property=\"og:image\" content=\"https:\/\/files.sunoresearch.com.br\/n\/uploads\/2021\/06\/74407ee4-conteudo668-scaled.jpg\" \/>\n\t<meta property=\"og:image:width\" content=\"2560\" \/>\n\t<meta property=\"og:image:height\" content=\"1707\" \/>\n\t<meta property=\"og:image:type\" content=\"image\/jpeg\" \/>\n<meta name=\"author\" content=\"Eduardo Vargas\" \/>\n<meta name=\"twitter:card\" content=\"summary_large_image\" \/>\n<meta name=\"twitter:creator\" content=\"@sunoresearch\" \/>\n<meta name=\"twitter:site\" content=\"@sunoresearch\" \/>\n<meta name=\"twitter:label1\" content=\"Escrito por\" \/>\n\t<meta name=\"twitter:data1\" content=\"Eduardo Vargas\" \/>\n\t<meta name=\"twitter:label2\" content=\"Est. tempo de leitura\" \/>\n\t<meta name=\"twitter:data2\" content=\"2 minutos\" \/>\n<script type=\"application\/ld+json\" class=\"yoast-schema-graph\">{\"@context\":\"https:\/\/schema.org\",\"@graph\":[{\"@type\":\"NewsArticle\",\"@id\":\"https:\/\/www.suno.com.br\/noticias\/petrobras-petr4-acordo-coparticipacao-itapu-ppsa-pre-sal\/#article\",\"isPartOf\":{\"@id\":\"https:\/\/www.suno.com.br\/noticias\/petrobras-petr4-acordo-coparticipacao-itapu-ppsa-pre-sal\/\"},\"author\":{\"name\":\"Eduardo Vargas\",\"@id\":\"https:\/\/www.suno.com.br\/noticias\/#\/schema\/person\/7f4d362bf3518e76090143ae77bb49a5\"},\"headline\":\"Petrobras (PETR4) fecha acordo de coparticipa\u00e7\u00e3o no campo de Itapu com a Pr\u00e9-sal Petr\u00f3leo\",\"datePublished\":\"2021-07-12T17:45:51+00:00\",\"mainEntityOfPage\":{\"@id\":\"https:\/\/www.suno.com.br\/noticias\/petrobras-petr4-acordo-coparticipacao-itapu-ppsa-pre-sal\/\"},\"wordCount\":449,\"publisher\":{\"@id\":\"https:\/\/www.suno.com.br\/noticias\/#organization\"},\"image\":{\"@id\":\"https:\/\/www.suno.com.br\/noticias\/petrobras-petr4-acordo-coparticipacao-itapu-ppsa-pre-sal\/#primaryimage\"},\"thumbnailUrl\":\"https:\/\/files.sunoresearch.com.br\/n\/uploads\/2021\/06\/74407ee4-conteudo668-scaled.jpg\",\"keywords\":[\"3R Petroleum (RRRP3)\",\"Ag\u00eancias\",\"Comiss\u00e3o de Valores Mobili\u00e1rios (CVM)\",\"PETR3\",\"Petrobras (PETR4)\",\"Petr\u00f3leo\",\"pr\u00e9-sal\"],\"articleSection\":[\"Neg\u00f3cios\"],\"inLanguage\":\"pt-BR\"},{\"@type\":\"WebPage\",\"@id\":\"https:\/\/www.suno.com.br\/noticias\/petrobras-petr4-acordo-coparticipacao-itapu-ppsa-pre-sal\/\",\"url\":\"https:\/\/www.suno.com.br\/noticias\/petrobras-petr4-acordo-coparticipacao-itapu-ppsa-pre-sal\/\",\"name\":\"Petrobras (PETR4) fecha acordo de coparticipa\u00e7\u00e3o no Itapu com a PPSA\",\"isPartOf\":{\"@id\":\"https:\/\/www.suno.com.br\/noticias\/#website\"},\"primaryImageOfPage\":{\"@id\":\"https:\/\/www.suno.com.br\/noticias\/petrobras-petr4-acordo-coparticipacao-itapu-ppsa-pre-sal\/#primaryimage\"},\"image\":{\"@id\":\"https:\/\/www.suno.com.br\/noticias\/petrobras-petr4-acordo-coparticipacao-itapu-ppsa-pre-sal\/#primaryimage\"},\"thumbnailUrl\":\"https:\/\/files.sunoresearch.com.br\/n\/uploads\/2021\/06\/74407ee4-conteudo668-scaled.jpg\",\"datePublished\":\"2021-07-12T17:45:51+00:00\",\"description\":\"Segundo a Petrobras, o acordo regular\u00e1 a coexist\u00eancia de cess\u00e3o onerosa e partilha de produ\u00e7\u00e3o do excedente para o campo. Leia mais.\",\"breadcrumb\":{\"@id\":\"https:\/\/www.suno.com.br\/noticias\/petrobras-petr4-acordo-coparticipacao-itapu-ppsa-pre-sal\/#breadcrumb\"},\"inLanguage\":\"pt-BR\",\"potentialAction\":[{\"@type\":\"ReadAction\",\"target\":[\"https:\/\/www.suno.com.br\/noticias\/petrobras-petr4-acordo-coparticipacao-itapu-ppsa-pre-sal\/\"]}]},{\"@type\":\"ImageObject\",\"inLanguage\":\"pt-BR\",\"@id\":\"https:\/\/www.suno.com.br\/noticias\/petrobras-petr4-acordo-coparticipacao-itapu-ppsa-pre-sal\/#primaryimage\",\"url\":\"https:\/\/files.sunoresearch.com.br\/n\/uploads\/2021\/06\/74407ee4-conteudo668-scaled.jpg\",\"contentUrl\":\"https:\/\/files.sunoresearch.com.br\/n\/uploads\/2021\/06\/74407ee4-conteudo668-scaled.jpg\",\"width\":2560,\"height\":1707,\"caption\":\"Petrobras (PETR4) - Foto: Ag\u00eancia Petrobras\/Geraldo Falc\u00e3o\"},{\"@type\":\"BreadcrumbList\",\"@id\":\"https:\/\/www.suno.com.br\/noticias\/petrobras-petr4-acordo-coparticipacao-itapu-ppsa-pre-sal\/#breadcrumb\",\"itemListElement\":[{\"@type\":\"ListItem\",\"position\":1,\"name\":\"Not\u00edcias\",\"item\":\"https:\/\/www.suno.com.br\/noticias\/\"},{\"@type\":\"ListItem\",\"position\":2,\"name\":\"Neg\u00f3cios\",\"item\":\"https:\/\/www.suno.com.br\/noticias\/negocios\/\"},{\"@type\":\"ListItem\",\"position\":3,\"name\":\"Petrobras (PETR4) fecha acordo de coparticipa\u00e7\u00e3o no campo de Itapu com a Pr\u00e9-sal Petr\u00f3leo\"}]},{\"@type\":\"WebSite\",\"@id\":\"https:\/\/www.suno.com.br\/noticias\/#website\",\"url\":\"https:\/\/www.suno.com.br\/noticias\/\",\"name\":\"Suno Not\u00edcias\",\"description\":\"Seu portal de informa\u00e7\u00e3o sobre o mundo dos investimentos\",\"publisher\":{\"@id\":\"https:\/\/www.suno.com.br\/noticias\/#organization\"},\"potentialAction\":[{\"@type\":\"SearchAction\",\"target\":{\"@type\":\"EntryPoint\",\"urlTemplate\":\"https:\/\/www.suno.com.br\/noticias\/?s={search_term_string}\"},\"query-input\":{\"@type\":\"PropertyValueSpecification\",\"valueRequired\":true,\"valueName\":\"search_term_string\"}}],\"inLanguage\":\"pt-BR\"},{\"@type\":\"Organization\",\"@id\":\"https:\/\/www.suno.com.br\/noticias\/#organization\",\"name\":\"Suno Not\u00edcias\",\"url\":\"https:\/\/www.suno.com.br\/noticias\/\",\"logo\":{\"@type\":\"ImageObject\",\"inLanguage\":\"pt-BR\",\"@id\":\"https:\/\/www.suno.com.br\/noticias\/#\/schema\/logo\/image\/\",\"url\":\"https:\/\/files.sunoresearch.com.br\/n\/uploads\/2021\/09\/suno-logo.png\",\"contentUrl\":\"https:\/\/files.sunoresearch.com.br\/n\/uploads\/2021\/09\/suno-logo.png\",\"width\":180,\"height\":180,\"caption\":\"Suno Not\u00edcias\"},\"image\":{\"@id\":\"https:\/\/www.suno.com.br\/noticias\/#\/schema\/logo\/image\/\"},\"sameAs\":[\"https:\/\/facebook.com\/sunoresearch\",\"https:\/\/x.com\/sunoresearch\",\"https:\/\/www.instagram.com\/suno\",\"https:\/\/www.linkedin.com\/company\/suno-research\/\",\"https:\/\/www.youtube.com\/c\/sunoresearch\"]},{\"@type\":\"Person\",\"@id\":\"https:\/\/www.suno.com.br\/noticias\/#\/schema\/person\/7f4d362bf3518e76090143ae77bb49a5\",\"name\":\"Eduardo Vargas\",\"image\":{\"@type\":\"ImageObject\",\"inLanguage\":\"pt-BR\",\"@id\":\"https:\/\/www.suno.com.br\/noticias\/#\/schema\/person\/image\/\",\"url\":\"https:\/\/secure.gravatar.com\/avatar\/dac340933427a22924c9f99d1eb2e3f2?s=96&r=g\",\"contentUrl\":\"https:\/\/secure.gravatar.com\/avatar\/dac340933427a22924c9f99d1eb2e3f2?s=96&r=g\",\"caption\":\"Eduardo Vargas\"},\"description\":\"Jornalista formado pela UFSC, cobre macroeconomia, neg\u00f3cios e startups para o Suno Not\u00edcias, escrevendo principalmente not\u00edcias sobre o mercado financeiro e a bolsa de valores. No YouTube e no Instagram, \u00e9 respons\u00e1vel pela produ\u00e7\u00e3o de Reels e Shorts do Suno Not\u00edcias. Anteriormente, trabalhou cobrindo economia e cotidiano no ND+ e para o ND, maior jornal impresso de Santa Catarina. Cursou um semestre letivo de Estudos de M\u00eddia na Universidad de Buenos Aires.\",\"url\":\"https:\/\/www.suno.com.br\/noticias\/author\/eduardo-vargas\/\"}]}<\/script>\n<!-- \/ Yoast SEO plugin. -->","yoast_head_json":{"title":"Petrobras (PETR4) fecha acordo de coparticipa\u00e7\u00e3o no Itapu com a PPSA","description":"Segundo a Petrobras, o acordo regular\u00e1 a coexist\u00eancia de cess\u00e3o onerosa e partilha de produ\u00e7\u00e3o do excedente para o campo. Leia mais.","robots":{"index":"index","follow":"follow","max-snippet":"max-snippet:-1","max-image-preview":"max-image-preview:large","max-video-preview":"max-video-preview:-1"},"canonical":"https:\/\/www.suno.com.br\/noticias\/petrobras-petr4-acordo-coparticipacao-itapu-ppsa-pre-sal\/","og_locale":"pt_BR","og_type":"article","og_title":"Petrobras (PETR4) fecha acordo de coparticipa\u00e7\u00e3o no Itapu com a PPSA","og_description":"Segundo a Petrobras, o acordo regular\u00e1 a coexist\u00eancia de cess\u00e3o onerosa e partilha de produ\u00e7\u00e3o do excedente para o campo. Leia mais.","og_url":"https:\/\/www.suno.com.br\/noticias\/petrobras-petr4-acordo-coparticipacao-itapu-ppsa-pre-sal\/","og_site_name":"Suno Not\u00edcias","article_publisher":"https:\/\/facebook.com\/sunoresearch","og_image":[{"width":2560,"height":1707,"url":"https:\/\/files.sunoresearch.com.br\/n\/uploads\/2021\/06\/74407ee4-conteudo668-scaled.jpg","type":"image\/jpeg"}],"author":"Eduardo Vargas","twitter_card":"summary_large_image","twitter_creator":"@sunoresearch","twitter_site":"@sunoresearch","twitter_misc":{"Escrito por":"Eduardo Vargas","Est. tempo de leitura":"2 minutos"},"schema":{"@context":"https:\/\/schema.org","@graph":[{"@type":"NewsArticle","@id":"https:\/\/www.suno.com.br\/noticias\/petrobras-petr4-acordo-coparticipacao-itapu-ppsa-pre-sal\/#article","isPartOf":{"@id":"https:\/\/www.suno.com.br\/noticias\/petrobras-petr4-acordo-coparticipacao-itapu-ppsa-pre-sal\/"},"author":{"name":"Eduardo Vargas","@id":"https:\/\/www.suno.com.br\/noticias\/#\/schema\/person\/7f4d362bf3518e76090143ae77bb49a5"},"headline":"Petrobras (PETR4) fecha acordo de coparticipa\u00e7\u00e3o no campo de Itapu com a Pr\u00e9-sal Petr\u00f3leo","datePublished":"2021-07-12T17:45:51+00:00","mainEntityOfPage":{"@id":"https:\/\/www.suno.com.br\/noticias\/petrobras-petr4-acordo-coparticipacao-itapu-ppsa-pre-sal\/"},"wordCount":449,"publisher":{"@id":"https:\/\/www.suno.com.br\/noticias\/#organization"},"image":{"@id":"https:\/\/www.suno.com.br\/noticias\/petrobras-petr4-acordo-coparticipacao-itapu-ppsa-pre-sal\/#primaryimage"},"thumbnailUrl":"https:\/\/files.sunoresearch.com.br\/n\/uploads\/2021\/06\/74407ee4-conteudo668-scaled.jpg","keywords":["3R Petroleum (RRRP3)","Ag\u00eancias","Comiss\u00e3o de Valores Mobili\u00e1rios (CVM)","PETR3","Petrobras (PETR4)","Petr\u00f3leo","pr\u00e9-sal"],"articleSection":["Neg\u00f3cios"],"inLanguage":"pt-BR"},{"@type":"WebPage","@id":"https:\/\/www.suno.com.br\/noticias\/petrobras-petr4-acordo-coparticipacao-itapu-ppsa-pre-sal\/","url":"https:\/\/www.suno.com.br\/noticias\/petrobras-petr4-acordo-coparticipacao-itapu-ppsa-pre-sal\/","name":"Petrobras (PETR4) fecha acordo de coparticipa\u00e7\u00e3o no Itapu com a PPSA","isPartOf":{"@id":"https:\/\/www.suno.com.br\/noticias\/#website"},"primaryImageOfPage":{"@id":"https:\/\/www.suno.com.br\/noticias\/petrobras-petr4-acordo-coparticipacao-itapu-ppsa-pre-sal\/#primaryimage"},"image":{"@id":"https:\/\/www.suno.com.br\/noticias\/petrobras-petr4-acordo-coparticipacao-itapu-ppsa-pre-sal\/#primaryimage"},"thumbnailUrl":"https:\/\/files.sunoresearch.com.br\/n\/uploads\/2021\/06\/74407ee4-conteudo668-scaled.jpg","datePublished":"2021-07-12T17:45:51+00:00","description":"Segundo a Petrobras, o acordo regular\u00e1 a coexist\u00eancia de cess\u00e3o onerosa e partilha de produ\u00e7\u00e3o do excedente para o campo. Leia mais.","breadcrumb":{"@id":"https:\/\/www.suno.com.br\/noticias\/petrobras-petr4-acordo-coparticipacao-itapu-ppsa-pre-sal\/#breadcrumb"},"inLanguage":"pt-BR","potentialAction":[{"@type":"ReadAction","target":["https:\/\/www.suno.com.br\/noticias\/petrobras-petr4-acordo-coparticipacao-itapu-ppsa-pre-sal\/"]}]},{"@type":"ImageObject","inLanguage":"pt-BR","@id":"https:\/\/www.suno.com.br\/noticias\/petrobras-petr4-acordo-coparticipacao-itapu-ppsa-pre-sal\/#primaryimage","url":"https:\/\/files.sunoresearch.com.br\/n\/uploads\/2021\/06\/74407ee4-conteudo668-scaled.jpg","contentUrl":"https:\/\/files.sunoresearch.com.br\/n\/uploads\/2021\/06\/74407ee4-conteudo668-scaled.jpg","width":2560,"height":1707,"caption":"Petrobras (PETR4) - Foto: Ag\u00eancia Petrobras\/Geraldo Falc\u00e3o"},{"@type":"BreadcrumbList","@id":"https:\/\/www.suno.com.br\/noticias\/petrobras-petr4-acordo-coparticipacao-itapu-ppsa-pre-sal\/#breadcrumb","itemListElement":[{"@type":"ListItem","position":1,"name":"Not\u00edcias","item":"https:\/\/www.suno.com.br\/noticias\/"},{"@type":"ListItem","position":2,"name":"Neg\u00f3cios","item":"https:\/\/www.suno.com.br\/noticias\/negocios\/"},{"@type":"ListItem","position":3,"name":"Petrobras (PETR4) fecha acordo de coparticipa\u00e7\u00e3o no campo de Itapu com a Pr\u00e9-sal Petr\u00f3leo"}]},{"@type":"WebSite","@id":"https:\/\/www.suno.com.br\/noticias\/#website","url":"https:\/\/www.suno.com.br\/noticias\/","name":"Suno Not\u00edcias","description":"Seu portal de informa\u00e7\u00e3o sobre o mundo dos investimentos","publisher":{"@id":"https:\/\/www.suno.com.br\/noticias\/#organization"},"potentialAction":[{"@type":"SearchAction","target":{"@type":"EntryPoint","urlTemplate":"https:\/\/www.suno.com.br\/noticias\/?s={search_term_string}"},"query-input":{"@type":"PropertyValueSpecification","valueRequired":true,"valueName":"search_term_string"}}],"inLanguage":"pt-BR"},{"@type":"Organization","@id":"https:\/\/www.suno.com.br\/noticias\/#organization","name":"Suno Not\u00edcias","url":"https:\/\/www.suno.com.br\/noticias\/","logo":{"@type":"ImageObject","inLanguage":"pt-BR","@id":"https:\/\/www.suno.com.br\/noticias\/#\/schema\/logo\/image\/","url":"https:\/\/files.sunoresearch.com.br\/n\/uploads\/2021\/09\/suno-logo.png","contentUrl":"https:\/\/files.sunoresearch.com.br\/n\/uploads\/2021\/09\/suno-logo.png","width":180,"height":180,"caption":"Suno Not\u00edcias"},"image":{"@id":"https:\/\/www.suno.com.br\/noticias\/#\/schema\/logo\/image\/"},"sameAs":["https:\/\/facebook.com\/sunoresearch","https:\/\/x.com\/sunoresearch","https:\/\/www.instagram.com\/suno","https:\/\/www.linkedin.com\/company\/suno-research\/","https:\/\/www.youtube.com\/c\/sunoresearch"]},{"@type":"Person","@id":"https:\/\/www.suno.com.br\/noticias\/#\/schema\/person\/7f4d362bf3518e76090143ae77bb49a5","name":"Eduardo Vargas","image":{"@type":"ImageObject","inLanguage":"pt-BR","@id":"https:\/\/www.suno.com.br\/noticias\/#\/schema\/person\/image\/","url":"https:\/\/secure.gravatar.com\/avatar\/dac340933427a22924c9f99d1eb2e3f2?s=96&r=g","contentUrl":"https:\/\/secure.gravatar.com\/avatar\/dac340933427a22924c9f99d1eb2e3f2?s=96&r=g","caption":"Eduardo Vargas"},"description":"Jornalista formado pela UFSC, cobre macroeconomia, neg\u00f3cios e startups para o Suno Not\u00edcias, escrevendo principalmente not\u00edcias sobre o mercado financeiro e a bolsa de valores. No YouTube e no Instagram, \u00e9 respons\u00e1vel pela produ\u00e7\u00e3o de Reels e Shorts do Suno Not\u00edcias. Anteriormente, trabalhou cobrindo economia e cotidiano no ND+ e para o ND, maior jornal impresso de Santa Catarina. Cursou um semestre letivo de Estudos de M\u00eddia na Universidad de Buenos Aires.","url":"https:\/\/www.suno.com.br\/noticias\/author\/eduardo-vargas\/"}]}},"default_loop_html":"<div class=\"cardsPage__listCard__boxs\"><div class=\"cardsPage__listCard__boxs__img\"><a href=\"https:\/\/www.suno.com.br\/noticias\/ibovespa-abre-subindo-dados-aereas-alta-minerio-ipos\/\"><img class=\"mask\" src=\"https:\/\/www.suno.com.br\/noticias\/wp-content\/themes\/suno\/resources\/images\/spotlight\/spotlight1img\/bg-mask.png\" alt=\"Image Mask\"\/><img src=\"https:\/\/files.sunoresearch.com.br\/n\/uploads\/2021\/05\/b6a3002b-plane-841441_1280-400x200.webp\" alt=\"Ibovespa abre em alta ap\u00f3s feriado, com alta no min\u00e9rio de ferro\"\/><\/a><span class=\"spotlightCategory\"><a href=\"https:\/\/www.suno.com.br\/noticias\/mercado\/\">Mercado<\/a><\/span><\/div><div class=\"cardsPage__listCard__boxs__content\"><a href=\"https:\/\/www.suno.com.br\/noticias\/ibovespa-abre-subindo-dados-aereas-alta-minerio-ipos\/\"><h2 class=\"content__title\">Ibovespa abre em alta ap\u00f3s feriado, com alta no min\u00e9rio de ferro<\/h2><\/a><div class=\"newsContent__article__meta\"><div class=\"newsContent__article__meta__authorBox\"><a href=\"https:\/\/www.suno.com.br\/noticias\/author\/eduardo-vargas\/\" class=\"authorBox__avatar noMobi\"><img src=\"https:\/\/secure.gravatar.com\/avatar\/dac340933427a22924c9f99d1eb2e3f2?s=96&#038;r=g\" alt=\"Eduardo Vargas\"><\/a><div class=\"authorBox__name\"><span>por\n\t\t\t<a href=\"https:\/\/www.suno.com.br\/noticias\/author\/eduardo-vargas\/\"><span itemprop=\"author\">Eduardo Vargas<\/span><\/a><\/span><time datetime=\"2021-07-12T10:56:13-03:00\" itemprop=\"datePublished\">12\/07\/2021 10:56<\/time><\/div><\/div><\/div><\/div><\/div>","single_layout":"posts","amp_enabled":true,"_links":{"self":[{"href":"https:\/\/www.suno.com.br\/noticias\/wp-json\/wp\/v2\/posts\/165175"}],"collection":[{"href":"https:\/\/www.suno.com.br\/noticias\/wp-json\/wp\/v2\/posts"}],"about":[{"href":"https:\/\/www.suno.com.br\/noticias\/wp-json\/wp\/v2\/types\/post"}],"author":[{"embeddable":true,"href":"https:\/\/www.suno.com.br\/noticias\/wp-json\/wp\/v2\/users\/73"}],"replies":[{"embeddable":true,"href":"https:\/\/www.suno.com.br\/noticias\/wp-json\/wp\/v2\/comments?post=165175"}],"version-history":[{"count":4,"href":"https:\/\/www.suno.com.br\/noticias\/wp-json\/wp\/v2\/posts\/165175\/revisions"}],"predecessor-version":[{"id":165246,"href":"https:\/\/www.suno.com.br\/noticias\/wp-json\/wp\/v2\/posts\/165175\/revisions\/165246"}],"wp:featuredmedia":[{"embeddable":true,"href":"https:\/\/www.suno.com.br\/noticias\/wp-json\/wp\/v2\/media\/156470"}],"wp:attachment":[{"href":"https:\/\/www.suno.com.br\/noticias\/wp-json\/wp\/v2\/media?parent=165175"}],"wp:term":[{"taxonomy":"category","embeddable":true,"href":"https:\/\/www.suno.com.br\/noticias\/wp-json\/wp\/v2\/categories?post=165175"},{"taxonomy":"post_tag","embeddable":true,"href":"https:\/\/www.suno.com.br\/noticias\/wp-json\/wp\/v2\/tags?post=165175"},{"taxonomy":"suno_strategy","embeddable":true,"href":"https:\/\/www.suno.com.br\/noticias\/wp-json\/wp\/v2\/suno_strategy?post=165175"}],"curies":[{"name":"wp","href":"https:\/\/api.w.org\/{rel}","templated":true}]}}