{"id":165144,"date":"2021-07-12T10:56:13","date_gmt":"2021-07-12T13:56:13","guid":{"rendered":"https:\/\/www.suno.com.br\/noticias\/?p=165144"},"modified":"2021-07-13T17:11:25","modified_gmt":"2021-07-13T20:11:25","slug":"ibovespa-abre-subindo-dados-aereas-alta-minerio-ipos","status":"publish","type":"post","link":"https:\/\/www.suno.com.br\/noticias\/ibovespa-abre-subindo-dados-aereas-alta-minerio-ipos\/","title":{"rendered":"Ibovespa abre em alta ap\u00f3s feriado, com alta no min\u00e9rio de ferro"},"content":{"rendered":"<p>O <strong>Ib<\/strong><strong>ovespa<\/strong> abre o preg\u00e3o desta segunda-feira (12) <a href=\"https:\/\/www.suno.com.br\/artigos\/ibovespa\/\">em alta de 0,75% aos 126.368 pontos<\/a>, recuperando as perdas amargadas no final da semana anterior e com influ\u00eancia da negocia\u00e7\u00e3o de commodities no exterior, al\u00e9m dos dados sobre as a\u00e9reas divulgados recentemente e as ofertas p\u00fablicas iniciais (IPOs, do ingl\u00eas) no radar.<\/p>\t<div class=\"wrapper-featured-image\">\n\t\t<figure class=\"spotlightImg\">\n\n\t\t\t<picture>\n\t\t\t\t<source media=\"(max-width: 768px)\" srcset=\"https:\/\/files.sunoresearch.com.br\/n\/uploads\/2021\/05\/b6a3002b-plane-841441_1280-400x200.webp\">\n\t\t\t\t<img loading=\"lazy\" decoding=\"async\" class=\"newsContent__article__imgCapa lazyloadDisabled \" src=\"https:\/\/files.sunoresearch.com.br\/n\/uploads\/2021\/05\/b6a3002b-plane-841441_1280-800x450.webp\" width=\"800\" height=\"450\" alt=\"Ibovespa abre em alta ap\u00f3s feriado, com alta no min\u00e9rio de ferro\" fetchpriority=high \/>\n\t\t\t<\/picture>\n\n\t\t\t<figcaption class=\"wp-caption-text wp-caption-text--show\">Companhias a\u00e9reas do Ibovespa reportam alta na demanda por voos - Foto: Pixabay<\/figcaption>\n\t\t<\/figure>\n\t<\/div>\n\n\n\t<p>\n\t\t<a href=\"https:\/\/lp.suno.com.br\/planilha-controle-gastos\/\" target=\"_blank\" data-element=\"shortcode-suno-banner\" title=\"Banner SUNO, clique e saiba mais\">\n\t\t\t<picture>\n\t\t\t\t<source media=\"(max-width: 500px)\" srcset=\"https:\/\/files.sunoresearch.com.br\/n\/uploads\/2023\/03\/400x300-Planilha-controle-de-gastos.png\">\n\t\t\t\t<img class=\"newsContent__article__imgCapa newsContent__article__imgCapa--banner\"\n\t\t\t\t\tsrc=\"https:\/\/files.sunoresearch.com.br\/n\/uploads\/2023\/03\/1420x240-Planilha-controle-de-gastos.png\"\n\t\t\t\t\tdata-promo-id=\"101751\"\t\t\t\t\t\t\t\t\t\twidth='1420' height='240'\t\t\t\t\talt=\"https:\/\/files.sunoresearch.com.br\/n\/uploads\/2023\/03\/1420x240-Planilha-controle-de-gastos.png\"\n\t\t\t\t>\n\t\t\t<\/picture>\n\t\t<\/a>\n\t<\/p>\n\n\n<p>O <strong>\u00edndice Ibovespa<\/strong> ficou tr\u00eas dias sem movimenta\u00e7\u00f5es, dado o feriado paulista que estendeu o per\u00edodo de inatividade da bolsa. Na sexta (9) em que o Brasil n\u00e3o teve neg\u00f3cios, houve recupera\u00e7\u00e3o no cen\u00e1rio internacional, inclusive em pap\u00e9is relacionados ao pa\u00eds.<\/p>\n<p>&#8220;Os mercados no Brasil devem ajustar a sexta-feira (9) fechada, mas os mercados internacionais est\u00e3o de lado com a espera de resultados corporativos que come\u00e7am nessa semana. Min\u00e9rio de ferro sobe 1,45% hoje, e na sexta em Nova Iorque houve destaque da <a href=\"https:\/\/www.suno.com.br\/acoes\/vale3\/\" target=\"_blank\" rel=\"noopener noreferrer\">Vale (VALE3)<\/a> pela alta que deve ajustar no preg\u00e3o de abertura&#8221;, analisa Jansen Costa, s\u00f3cio da Fatorial Investimentos.<\/p>\n<p>A <strong>Vale<\/strong>, de grande influ\u00eancia no \u00edndice Ibovespa, apresenta alta de 1,75% por volta das 10h30, sendo respons\u00e1vel, em partes, pela retomada da alta.<\/p>\n<p>No \u00faltimo dia \u00fatil da semana passada, as perdas foram grandes com not\u00edcias sobre a<strong> infla\u00e7\u00e3o<\/strong> e aumento da tens\u00e3o pol\u00edtica &#8211; que j\u00e1 tinha uma pris\u00e3o na CPI no radar, e agora conta com o fogo cruzado entre o presidente Jair Bolsonaro (sem partido) e autoridades eleitorais acerca do pleito do ano que vem.<\/p>\n<p>Contudo, o mercado se mant\u00e9m pragm\u00e1tico e atento aos dados desta semana. A cota\u00e7\u00e3o do Ibovespa conta com a influ\u00eancia dos dados do <a class=\"suno-keyword\" href=\"https:\/\/www.suno.com.br\/artigos\/ipca\/\" target=\"_blank\" rel=\"noopener noreferrer\" data-force=\"no\" data-priority=\"2\">\u00cdndice Nacional de Pre\u00e7os ao Consumidor Amplo (IPCA)<\/a> em 2021, que dever\u00e1 ser de 6,11% segundo o <a href=\"https:\/\/www.suno.com.br\/noticias\/boletim-focus-12072021\/\">Boletim Focus<\/a> rec\u00e9m divulgado pelo Banco Central (BC).<\/p>\n<p>No mesmo sentido, a taxa b\u00e1sica de juros (Selic) em 2021 dever\u00e1 ser 6,63%, segundo o documento.<\/p>\n<p>Vale lembrar que os mercados ainda digerem a &#8220;reforma tribut\u00e1ria internacional&#8221;, dado o acordo tribut\u00e1rio endossado pelo G20 no s\u00e1bado (10), que prev\u00ea taxa\u00e7\u00e3o de multinacionais.<\/p>\n<h2>Not\u00edcias que v\u00e3o movimentar a Bolsa de Valores hoje<\/h2>\n<ul>\n<li>3Tentos e Smart Fit movimentam IPOs<\/li>\n<li>Fus\u00e3o do Burger King com a Domino&#8217;s<\/li>\n<li>A\u00e9reas despontam com divulga\u00e7\u00e3o de dados da Gol e da Azul<\/li>\n<\/ul>\n<h3>3Tentos puxa IPOs da semana<\/h3>\n<p>A ga\u00facha <strong>3tentos\u00a0<\/strong>(TTEN3) <a href=\"https:\/\/www.suno.com.br\/noticias\/ofertas-3tentos-tten-bolsa-agronegocio\/\">movimenta o mercado de a\u00e7\u00f5es nesta segunda (12)<\/a>, com sua oferta p\u00fablica inicial de a\u00e7\u00f5es. A companhia, do segmento do agroneg\u00f3cio, estreou em alta. Sua oferta foi precificada a R$ 12,25, segundo prospecto da semana passada, prevendo movimentar R$ 1,3 bilh\u00e3o na sua entrada na <a href=\"https:\/\/www.suno.com.br\/acoes\/b3sa3\/\">B3 (B3SA3)<\/a>.<\/p>\n<p>A companhia ganha destaque na medida que o setor cresce nos \u00faltimos meses, sendo o principal respons\u00e1vel pelo crescimento econ\u00f4mico reportado no primeiro trimestre.<\/p>\n\n\t<div data-element=\"shortcode-read-more\" class=\"readToo\">\n\t\t\t\t<span class=\"readToo__title\">Saiba mais<\/span>\n\t\t\t\t<ul class=\"readToo__list\">\n\t\t\t<li><a href=\"https:\/\/www.suno.com.br\/noticias\/petrobras-petr4-gasolina-diesel-gas\/\">Petrobras (PETR4) anuncia aumento na gasolina, no diesel e g\u00e1s de cozinha<\/a><\/li><li><a href=\"https:\/\/www.suno.com.br\/noticias\/destaques-de-empresas-magazine-luiza-mglu3-petrobras-petr4-hapvida-hapv3\/\">Destaques de Empresas: Magazine Luiza (MGLU3), Petrobras (PETR4) e Hapvida (HAPV3)<\/a><\/li>\t\t<\/ul>\n\t<\/div>\n\n\n<p>Contudo, al\u00e9m da empresa do agro, outras companhias movimentam a bolsa com suas ofertas nessa semana, incluindo a rede de academias <a href=\"https:\/\/www.suno.com.br\/acoes\/smft3\/\"><strong>Smart Fit<\/strong> (SMFT3)<\/a>, a <a href=\"https:\/\/statusinvest.com.br\/ipo\/acoes\/companhia-brasileira-aluminio\">Companhia Brasileira de Alum\u00ednio, a <strong>CBA (CBAV3)<\/strong><\/a>\u00a0<b>, <\/b>a <strong><a href=\"https:\/\/statusinvest.com.br\/ipo\/acoes\/intercement-brasil\">InterCement<\/a><\/strong><a href=\"https:\/\/statusinvest.com.br\/ipo\/acoes\/intercement-brasil\"> (ICBR3)<\/a> e a <a href=\"https:\/\/statusinvest.com.br\/ipo\/acoes\/multilaser-industrial\">Multilaser (MLAS3)<\/a>.<\/p>\n<h3>Burger King faz fus\u00e3o ambiciosa<\/h3>\n<p>O Burger King Brasil (BKBR3) anunciou uma fus\u00e3o com rede de pizzaria Domino\u2019s na noite de sexta-feira (9), com os mercados fechados. O movimento faz com que a companhia passe a operar um montante de 1,2 mil restaurantes no Pa\u00eds.<\/p>\n\t<p>\n\t\t<a href=\"https:\/\/lp.suno.com.br\/planilha-da-vida-financeira\/\" target=\"_blank\" data-element=\"shortcode-suno-banner\" title=\"Banner SUNO, clique e saiba mais\">\n\t\t\t<picture>\n\t\t\t\t<source media=\"(max-width: 500px)\" srcset=\"https:\/\/files.sunoresearch.com.br\/n\/uploads\/2023\/04\/400x300-Planilha-vida-financeira-true.png\">\n\t\t\t\t<img class=\"newsContent__article__imgCapa newsContent__article__imgCapa--banner\"\n\t\t\t\t\tsrc=\"https:\/\/files.sunoresearch.com.br\/n\/uploads\/2023\/04\/1420x240-Planilha-vida-financeira-true.png\"\n\t\t\t\t\tdata-promo-id=\"106682\"\t\t\t\t\t\t\t\t\t\twidth='1420' height='240'\t\t\t\t\talt=\"https:\/\/files.sunoresearch.com.br\/n\/uploads\/2023\/04\/1420x240-Planilha-vida-financeira-true.png\"\n\t\t\t\t>\n\t\t\t<\/picture>\n\t\t<\/a>\n\t<\/p>\n\n\n<p>Segundo o documento arquivado na Comiss\u00e3o de Valores Mobili\u00e1rios (CVM) pela companhia, a opera\u00e7\u00e3o deve ser feito por meio de uma troca de a\u00e7\u00f5es, sendo que os acionistas da DP Brasil, atual dona da Domino\u2019s localmente, passar\u00e3o a deter uma fatia de cerca de 16% do Burger King no Brasil.<\/p>\n<p>Atualmente, a opera\u00e7\u00e3o nacional do Burger King \u00e9 avaliada em R$ 3,3 bilh\u00f5es na B3. Atualmente as a\u00e7\u00f5es da companhia sobem mais de 5%, mas n\u00e3o influenciam no \u00edndice Ibovespa por estarem fora do mesmo.<\/p>\n<h3><span style=\"font-size: 18.72px;\">A\u00e9reas<\/span><strong>\u00a0divulgam dados e decolam na bolsa<\/strong><\/h3>\n<p>Ainda com o mercado fechado, na sexta (9), a <a href=\"https:\/\/www.suno.com.br\/acoes\/azul4\/\"><strong>Azul<\/strong> (AZUL4)<\/a> divulgou os dados preliminares referentes ao m\u00eas de junho, reportando uma alta de 280,4% na demanda por voos em rela\u00e7\u00e3o ao m\u00eas de junho de 2020. O tr\u00e1fego dom\u00e9stico teve avan\u00e7o de 328,2% ao passo que o internacional cresceu 21,2%.<\/p>\n<p>O \u00edndice utilizado para calcular essas altas \u00e9 o RPK, que faz uma rela\u00e7\u00e3o de Passageiros\u200b\u2010Quil\u00f4metros Pagos transportados.<\/p>\n<p>J\u00e1 nesta segunda (12), a<a href=\"https:\/\/www.suno.com.br\/acoes\/goll4\/\"> Gol (GOLL4)<\/a> divulgou seus dados referentes \u00e0s expectativas para o segundo trimestre. Vale frisar que anteriormente a a\u00e9rea tamb\u00e9m reportou uma alta expressiva na demanda, semelhante \u00e0 da Azul.<\/p>\n<p>Segundo o documento da companhia, \u00e9 estimado um Preju\u00edzo Por A\u00e7\u00e3o (LPA) e Preju\u00edzo Por A\u00e7\u00e3o Deposit\u00e1ria Americana (LPADS) de aproximadamente R$ 3,25 e US$ 1,23.<\/p>\n<p>Al\u00e9m disso, a Gol reporta uma liquidez total de R$ 1,7 bilh\u00e3o no fim do m\u00eas de junho &#8211; cuja composi\u00e7\u00e3o \u00e9 de R$ 1 bilh\u00e3o em caixa e aplica\u00e7\u00f5es financeiras e R$ 0,7 bilh\u00e3o em receb\u00edveis.<\/p>\n<p>Na ocasi\u00e3o, a companhia citou que visa expans\u00e3o no terceiro trimestre do ano, crescendo cerca de 80% no comparativo ao segundo trimestre, prevendo uma demanda mais intensa.<\/p>\n<h2>Destaques do Ibovespa<\/h2>\n<p>As principais altas no Ibovespa, \u00e0s 10h35, eram:<\/p>\n<ul>\n<li><a href=\"https:\/\/www.suno.com.br\/acoes\/CSAN3\/\"><strong>Cosan <\/strong>(CSAN3)<\/a>: +3,81%<\/li>\n<li><a href=\"https:\/\/www.suno.com.br\/acoes\/GGBR4\/\"><strong>Gerdau<\/strong> (GGBR4)<\/a>: +2,99%<\/li>\n<li><a href=\"https:\/\/www.suno.com.br\/acoes\/GOAU4\/\"><strong>Gerdau Metais <\/strong>(GOAU4)<\/a>: +2,96%<\/li>\n<li><a href=\"https:\/\/www.suno.com.br\/acoes\/bidi11\/\"><strong>Banco Inter<\/strong> (BIDI11)<\/a>: +2,41%<\/li>\n<li><a href=\"https:\/\/www.suno.com.br\/acoes\/MULT3\/\"><strong>Multiplan <\/strong>(MULT3)<\/a>: +2,34%<\/li>\n<\/ul>\n<p>As principais quedas no Ibovespa, \u00e0s 10h35, eram:<\/p>\n<ul>\n<li><a href=\"https:\/\/www.suno.com.br\/acoes\/locaweb\/\"><strong>Carrefour <\/strong>(CRFB3)<\/a>: -1,78%<\/li>\n<li><a href=\"https:\/\/www.suno.com.br\/acoes\/bpac11\/\"><strong>PetroRio <\/strong>(PRIO3)<\/a>: -1,48%<\/li>\n<li><a href=\"https:\/\/www.suno.com.br\/acoes\/csna3\/\"><strong>Marfrig <\/strong>(MRFG3)<\/a>: -1,38%<\/li>\n<li><a href=\"https:\/\/www.suno.com.br\/acoes\/cvcb3\/\"><strong>BRF <\/strong>(BRFS3)<\/a>: -1,29%<\/li>\n<li><a href=\"https:\/\/www.suno.com.br\/acoes\/bidi11\/\"><strong>Qualicorpo <\/strong>(QUAL3)<\/a>: -1,05%<\/li>\n<\/ul>\n<h2>Principais \u00edndices<\/h2>\n<ul>\n<li><a href=\"https:\/\/www.suno.com.br\/artigos\/ifix\/\">IFIX<\/a>: +0,24%<\/li>\n<li><a href=\"https:\/\/www.suno.com.br\/artigos\/smll\/\">SMLL<\/a>: +0,58%<\/li>\n<li><a href=\"https:\/\/www.suno.com.br\/artigos\/idiv\/\">IDIV<\/a>: +0,55%<\/li>\n<li><a href=\"https:\/\/www.suno.com.br\/artigos\/ibrx\/\">IBRX 100<\/a>: +0,76%<\/li>\n<\/ul>\n<h2>Bolsas mundiais<\/h2>\n<p>Veja o desempenho dos principais \u00edndices acion\u00e1rios no exterior, por volta do mesmo hor\u00e1rio, al\u00e9m do <strong>\u00edndice Ibovespa:<\/strong><\/p>\n<ul>\n<li>Nova York (S&amp;P 500) futuro: -0,08%<\/li>\n<li>Londres (FTSE 100): -0,29%<\/li>\n<li>Frankfurt (DAX 30): +0,23%<\/li>\n<li>Paris (CAC 40): +0,11%<\/li>\n<li>Mil\u00e3o (FTSE\/MIB): +0,50%<\/li>\n<li>Hong Kong (Hang Seng): +0,62% (fechada)<\/li>\n<li>Xangai (SSE Composite): +0,67% (fechada)<\/li>\n<li>T\u00f3quio (Nikkei 225): +2,25% (fechada)<\/li>\n<\/ul>\n<h2>\u00daltima cota\u00e7\u00e3o do Ibovespa<\/h2>\n<p>O <strong>Ibovespa <\/strong>fechou a fechou o preg\u00e3o da quinta (8) em queda de 1,25%, aos 125.427 pontos com aumento da tens\u00e3o pol\u00edtica, receito acerca da variante Delta do novo coronav\u00edrus e dados recentes sobre a infla\u00e7\u00e3o.<\/p>\n\t<p>\n\t\t<a href=\"https:\/\/lp.suno.com.br\/planilha-de-controle-de-investimentos\/\" target=\"_blank\" data-element=\"shortcode-suno-banner\" title=\"Banner SUNO, clique e saiba mais\">\n\t\t\t<picture>\n\t\t\t\t<source media=\"(max-width: 500px)\" srcset=\"https:\/\/files.sunoresearch.com.br\/n\/uploads\/2023\/03\/400x300-Controle-de-Investimentos.png\">\n\t\t\t\t<img class=\"newsContent__article__imgCapa newsContent__article__imgCapa--banner\"\n\t\t\t\t\tsrc=\"https:\/\/files.sunoresearch.com.br\/n\/uploads\/2023\/03\/1420x240-Controle-de-Investimentos.png\"\n\t\t\t\t\tdata-promo-id=\"75934\"\t\t\t\t\t\t\t\t\t\twidth='1420' height='240'\t\t\t\t\talt=\"https:\/\/files.sunoresearch.com.br\/n\/uploads\/2023\/03\/1420x240-Controle-de-Investimentos.png\"\n\t\t\t\t>\n\t\t\t<\/picture>\n\t\t<\/a>\n\t<\/p>\n\n\n","protected":false},"excerpt":{"rendered":"<p>O Ibovespa abre o preg\u00e3o desta segunda-feira (12) em alta de 0,75% aos 126.368 pontos, recuperando as perdas amargadas no final da semana anterior e com influ\u00eancia da negocia\u00e7\u00e3o de commodities no exterior, al\u00e9m dos dados sobre as a\u00e9reas divulgados recentemente e as ofertas p\u00fablicas iniciais (IPOs, do ingl\u00eas) no radar. Foto: Divulga\u00e7\u00e3o O \u00edndice [&hellip;]<\/p>\n","protected":false},"author":73,"featured_media":151173,"comment_status":"closed","ping_status":"closed","sticky":false,"template":"","format":"standard","meta":[],"categories":[60],"tags":[106932,367,383,105816,489,721,104690,319,825,676],"suno_strategy":[],"class_list":["post-165144","post","type-post","status-publish","format-standard","has-post-thumbnail","hentry","category-mercado","tag-azul-azul4","tag-b3-b3sa3","tag-burger-king-brasil-bkbr3","tag-especialistas","tag-gol-linhas-aereas-goll11-goll4","tag-ibovespa","tag-ibovespa-futuro","tag-ipo-oferta-inicial-de-acoes","tag-minerio-de-ferro","tag-vale-vale3"],"yoast_head":"<!-- This site is optimized with the Yoast SEO plugin v24.4 - https:\/\/yoast.com\/wordpress\/plugins\/seo\/ -->\n<title>Ibovespa abre em alta ap\u00f3s feriado, com alta no min\u00e9rio de ferro<\/title>\n<meta name=\"description\" content=\"O Ibovespa abre em recupera\u00e7\u00e3o nesta segunda, ap\u00f3s uma semana turbulenta com tens\u00e3o pol\u00edtica e infla\u00e7\u00e3o no radar. Clique aqui e leia mais.\" \/>\n<meta name=\"robots\" content=\"index, follow, max-snippet:-1, max-image-preview:large, max-video-preview:-1\" \/>\n<link rel=\"canonical\" href=\"https:\/\/www.suno.com.br\/noticias\/ibovespa-abre-subindo-dados-aereas-alta-minerio-ipos\/\" \/>\n<meta property=\"og:locale\" content=\"pt_BR\" \/>\n<meta property=\"og:type\" content=\"article\" \/>\n<meta property=\"og:title\" content=\"Ibovespa abre em alta ap\u00f3s feriado, com alta no min\u00e9rio de ferro\" \/>\n<meta property=\"og:description\" content=\"O Ibovespa abre em recupera\u00e7\u00e3o nesta segunda, ap\u00f3s uma semana turbulenta com tens\u00e3o pol\u00edtica e infla\u00e7\u00e3o no radar. Clique aqui e leia mais.\" \/>\n<meta property=\"og:url\" content=\"https:\/\/www.suno.com.br\/noticias\/ibovespa-abre-subindo-dados-aereas-alta-minerio-ipos\/\" \/>\n<meta property=\"og:site_name\" content=\"Suno Not\u00edcias\" \/>\n<meta property=\"article:publisher\" content=\"https:\/\/facebook.com\/sunoresearch\" \/>\n<meta property=\"og:image\" content=\"https:\/\/files.sunoresearch.com.br\/n\/uploads\/2021\/05\/b6a3002b-plane-841441_1280.jpg\" \/>\n\t<meta property=\"og:image:width\" content=\"1280\" \/>\n\t<meta property=\"og:image:height\" content=\"850\" \/>\n\t<meta property=\"og:image:type\" content=\"image\/jpeg\" \/>\n<meta name=\"author\" content=\"Eduardo Vargas\" \/>\n<meta name=\"twitter:card\" content=\"summary_large_image\" \/>\n<meta name=\"twitter:creator\" content=\"@sunoresearch\" \/>\n<meta name=\"twitter:site\" content=\"@sunoresearch\" \/>\n<meta name=\"twitter:label1\" content=\"Escrito por\" \/>\n\t<meta name=\"twitter:data1\" content=\"Eduardo Vargas\" \/>\n\t<meta name=\"twitter:label2\" content=\"Est. tempo de leitura\" \/>\n\t<meta name=\"twitter:data2\" content=\"5 minutos\" \/>\n<script type=\"application\/ld+json\" class=\"yoast-schema-graph\">{\"@context\":\"https:\/\/schema.org\",\"@graph\":[{\"@type\":\"NewsArticle\",\"@id\":\"https:\/\/www.suno.com.br\/noticias\/ibovespa-abre-subindo-dados-aereas-alta-minerio-ipos\/#article\",\"isPartOf\":{\"@id\":\"https:\/\/www.suno.com.br\/noticias\/ibovespa-abre-subindo-dados-aereas-alta-minerio-ipos\/\"},\"author\":{\"name\":\"Eduardo Vargas\",\"@id\":\"https:\/\/www.suno.com.br\/noticias\/#\/schema\/person\/7f4d362bf3518e76090143ae77bb49a5\"},\"headline\":\"Ibovespa abre em alta ap\u00f3s feriado, com alta no min\u00e9rio de ferro\",\"datePublished\":\"2021-07-12T13:56:13+00:00\",\"dateModified\":\"2021-07-13T20:11:25+00:00\",\"mainEntityOfPage\":{\"@id\":\"https:\/\/www.suno.com.br\/noticias\/ibovespa-abre-subindo-dados-aereas-alta-minerio-ipos\/\"},\"wordCount\":1044,\"publisher\":{\"@id\":\"https:\/\/www.suno.com.br\/noticias\/#organization\"},\"image\":{\"@id\":\"https:\/\/www.suno.com.br\/noticias\/ibovespa-abre-subindo-dados-aereas-alta-minerio-ipos\/#primaryimage\"},\"thumbnailUrl\":\"https:\/\/files.sunoresearch.com.br\/n\/uploads\/2021\/05\/b6a3002b-plane-841441_1280-jpg.webp\",\"keywords\":[\"Azul (AZUL4)\",\"B3 (B3SA3)\",\"Burger King Brasil (BKBR3)\",\"Especialistas\",\"Gol Linhas A\u00e9reas (GOLL11\/GOLL4)\",\"Ibovespa\",\"Ibovespa futuro\",\"IPO (Oferta Inicial de A\u00e7\u00f5es)\",\"min\u00e9rio de ferro\",\"Vale (VALE3)\"],\"articleSection\":[\"Mercado\"],\"inLanguage\":\"pt-BR\"},{\"@type\":\"WebPage\",\"@id\":\"https:\/\/www.suno.com.br\/noticias\/ibovespa-abre-subindo-dados-aereas-alta-minerio-ipos\/\",\"url\":\"https:\/\/www.suno.com.br\/noticias\/ibovespa-abre-subindo-dados-aereas-alta-minerio-ipos\/\",\"name\":\"Ibovespa abre em alta ap\u00f3s feriado, com alta no min\u00e9rio de ferro\",\"isPartOf\":{\"@id\":\"https:\/\/www.suno.com.br\/noticias\/#website\"},\"primaryImageOfPage\":{\"@id\":\"https:\/\/www.suno.com.br\/noticias\/ibovespa-abre-subindo-dados-aereas-alta-minerio-ipos\/#primaryimage\"},\"image\":{\"@id\":\"https:\/\/www.suno.com.br\/noticias\/ibovespa-abre-subindo-dados-aereas-alta-minerio-ipos\/#primaryimage\"},\"thumbnailUrl\":\"https:\/\/files.sunoresearch.com.br\/n\/uploads\/2021\/05\/b6a3002b-plane-841441_1280-jpg.webp\",\"datePublished\":\"2021-07-12T13:56:13+00:00\",\"dateModified\":\"2021-07-13T20:11:25+00:00\",\"description\":\"O Ibovespa abre em recupera\u00e7\u00e3o nesta segunda, ap\u00f3s uma semana turbulenta com tens\u00e3o pol\u00edtica e infla\u00e7\u00e3o no radar. Clique aqui e leia mais.\",\"breadcrumb\":{\"@id\":\"https:\/\/www.suno.com.br\/noticias\/ibovespa-abre-subindo-dados-aereas-alta-minerio-ipos\/#breadcrumb\"},\"inLanguage\":\"pt-BR\",\"potentialAction\":[{\"@type\":\"ReadAction\",\"target\":[\"https:\/\/www.suno.com.br\/noticias\/ibovespa-abre-subindo-dados-aereas-alta-minerio-ipos\/\"]}]},{\"@type\":\"ImageObject\",\"inLanguage\":\"pt-BR\",\"@id\":\"https:\/\/www.suno.com.br\/noticias\/ibovespa-abre-subindo-dados-aereas-alta-minerio-ipos\/#primaryimage\",\"url\":\"https:\/\/files.sunoresearch.com.br\/n\/uploads\/2021\/05\/b6a3002b-plane-841441_1280-jpg.webp\",\"contentUrl\":\"https:\/\/files.sunoresearch.com.br\/n\/uploads\/2021\/05\/b6a3002b-plane-841441_1280-jpg.webp\",\"width\":1280,\"height\":850,\"caption\":\"Companhias a\u00e9reas do Ibovespa reportam alta na demanda por voos - Foto: Pixabay\"},{\"@type\":\"BreadcrumbList\",\"@id\":\"https:\/\/www.suno.com.br\/noticias\/ibovespa-abre-subindo-dados-aereas-alta-minerio-ipos\/#breadcrumb\",\"itemListElement\":[{\"@type\":\"ListItem\",\"position\":1,\"name\":\"Not\u00edcias\",\"item\":\"https:\/\/www.suno.com.br\/noticias\/\"},{\"@type\":\"ListItem\",\"position\":2,\"name\":\"Mercado\",\"item\":\"https:\/\/www.suno.com.br\/noticias\/mercado\/\"},{\"@type\":\"ListItem\",\"position\":3,\"name\":\"Ibovespa abre em alta ap\u00f3s feriado, com alta no min\u00e9rio de ferro\"}]},{\"@type\":\"WebSite\",\"@id\":\"https:\/\/www.suno.com.br\/noticias\/#website\",\"url\":\"https:\/\/www.suno.com.br\/noticias\/\",\"name\":\"Suno Not\u00edcias\",\"description\":\"Seu portal de informa\u00e7\u00e3o sobre o mundo dos investimentos\",\"publisher\":{\"@id\":\"https:\/\/www.suno.com.br\/noticias\/#organization\"},\"potentialAction\":[{\"@type\":\"SearchAction\",\"target\":{\"@type\":\"EntryPoint\",\"urlTemplate\":\"https:\/\/www.suno.com.br\/noticias\/?s={search_term_string}\"},\"query-input\":{\"@type\":\"PropertyValueSpecification\",\"valueRequired\":true,\"valueName\":\"search_term_string\"}}],\"inLanguage\":\"pt-BR\"},{\"@type\":\"Organization\",\"@id\":\"https:\/\/www.suno.com.br\/noticias\/#organization\",\"name\":\"Suno Not\u00edcias\",\"url\":\"https:\/\/www.suno.com.br\/noticias\/\",\"logo\":{\"@type\":\"ImageObject\",\"inLanguage\":\"pt-BR\",\"@id\":\"https:\/\/www.suno.com.br\/noticias\/#\/schema\/logo\/image\/\",\"url\":\"https:\/\/files.sunoresearch.com.br\/n\/uploads\/2021\/09\/suno-logo.png\",\"contentUrl\":\"https:\/\/files.sunoresearch.com.br\/n\/uploads\/2021\/09\/suno-logo.png\",\"width\":180,\"height\":180,\"caption\":\"Suno Not\u00edcias\"},\"image\":{\"@id\":\"https:\/\/www.suno.com.br\/noticias\/#\/schema\/logo\/image\/\"},\"sameAs\":[\"https:\/\/facebook.com\/sunoresearch\",\"https:\/\/x.com\/sunoresearch\",\"https:\/\/www.instagram.com\/suno\",\"https:\/\/www.linkedin.com\/company\/suno-research\/\",\"https:\/\/www.youtube.com\/c\/sunoresearch\"]},{\"@type\":\"Person\",\"@id\":\"https:\/\/www.suno.com.br\/noticias\/#\/schema\/person\/7f4d362bf3518e76090143ae77bb49a5\",\"name\":\"Eduardo Vargas\",\"image\":{\"@type\":\"ImageObject\",\"inLanguage\":\"pt-BR\",\"@id\":\"https:\/\/www.suno.com.br\/noticias\/#\/schema\/person\/image\/\",\"url\":\"https:\/\/secure.gravatar.com\/avatar\/dac340933427a22924c9f99d1eb2e3f2?s=96&r=g\",\"contentUrl\":\"https:\/\/secure.gravatar.com\/avatar\/dac340933427a22924c9f99d1eb2e3f2?s=96&r=g\",\"caption\":\"Eduardo Vargas\"},\"description\":\"Jornalista formado pela UFSC, cobre macroeconomia, neg\u00f3cios e startups para o Suno Not\u00edcias, escrevendo principalmente not\u00edcias sobre o mercado financeiro e a bolsa de valores. No YouTube e no Instagram, \u00e9 respons\u00e1vel pela produ\u00e7\u00e3o de Reels e Shorts do Suno Not\u00edcias. Anteriormente, trabalhou cobrindo economia e cotidiano no ND+ e para o ND, maior jornal impresso de Santa Catarina. Cursou um semestre letivo de Estudos de M\u00eddia na Universidad de Buenos Aires.\",\"url\":\"https:\/\/www.suno.com.br\/noticias\/author\/eduardo-vargas\/\"}]}<\/script>\n<!-- \/ Yoast SEO plugin. -->","yoast_head_json":{"title":"Ibovespa abre em alta ap\u00f3s feriado, com alta no min\u00e9rio de ferro","description":"O Ibovespa abre em recupera\u00e7\u00e3o nesta segunda, ap\u00f3s uma semana turbulenta com tens\u00e3o pol\u00edtica e infla\u00e7\u00e3o no radar. Clique aqui e leia mais.","robots":{"index":"index","follow":"follow","max-snippet":"max-snippet:-1","max-image-preview":"max-image-preview:large","max-video-preview":"max-video-preview:-1"},"canonical":"https:\/\/www.suno.com.br\/noticias\/ibovespa-abre-subindo-dados-aereas-alta-minerio-ipos\/","og_locale":"pt_BR","og_type":"article","og_title":"Ibovespa abre em alta ap\u00f3s feriado, com alta no min\u00e9rio de ferro","og_description":"O Ibovespa abre em recupera\u00e7\u00e3o nesta segunda, ap\u00f3s uma semana turbulenta com tens\u00e3o pol\u00edtica e infla\u00e7\u00e3o no radar. Clique aqui e leia mais.","og_url":"https:\/\/www.suno.com.br\/noticias\/ibovespa-abre-subindo-dados-aereas-alta-minerio-ipos\/","og_site_name":"Suno Not\u00edcias","article_publisher":"https:\/\/facebook.com\/sunoresearch","og_image":[{"width":1280,"height":850,"url":"https:\/\/files.sunoresearch.com.br\/n\/uploads\/2021\/05\/b6a3002b-plane-841441_1280.jpg","type":"image\/jpeg"}],"author":"Eduardo Vargas","twitter_card":"summary_large_image","twitter_creator":"@sunoresearch","twitter_site":"@sunoresearch","twitter_misc":{"Escrito por":"Eduardo Vargas","Est. tempo de leitura":"5 minutos"},"schema":{"@context":"https:\/\/schema.org","@graph":[{"@type":"NewsArticle","@id":"https:\/\/www.suno.com.br\/noticias\/ibovespa-abre-subindo-dados-aereas-alta-minerio-ipos\/#article","isPartOf":{"@id":"https:\/\/www.suno.com.br\/noticias\/ibovespa-abre-subindo-dados-aereas-alta-minerio-ipos\/"},"author":{"name":"Eduardo Vargas","@id":"https:\/\/www.suno.com.br\/noticias\/#\/schema\/person\/7f4d362bf3518e76090143ae77bb49a5"},"headline":"Ibovespa abre em alta ap\u00f3s feriado, com alta no min\u00e9rio de ferro","datePublished":"2021-07-12T13:56:13+00:00","dateModified":"2021-07-13T20:11:25+00:00","mainEntityOfPage":{"@id":"https:\/\/www.suno.com.br\/noticias\/ibovespa-abre-subindo-dados-aereas-alta-minerio-ipos\/"},"wordCount":1044,"publisher":{"@id":"https:\/\/www.suno.com.br\/noticias\/#organization"},"image":{"@id":"https:\/\/www.suno.com.br\/noticias\/ibovespa-abre-subindo-dados-aereas-alta-minerio-ipos\/#primaryimage"},"thumbnailUrl":"https:\/\/files.sunoresearch.com.br\/n\/uploads\/2021\/05\/b6a3002b-plane-841441_1280-jpg.webp","keywords":["Azul (AZUL4)","B3 (B3SA3)","Burger King Brasil (BKBR3)","Especialistas","Gol Linhas A\u00e9reas (GOLL11\/GOLL4)","Ibovespa","Ibovespa futuro","IPO (Oferta Inicial de A\u00e7\u00f5es)","min\u00e9rio de ferro","Vale (VALE3)"],"articleSection":["Mercado"],"inLanguage":"pt-BR"},{"@type":"WebPage","@id":"https:\/\/www.suno.com.br\/noticias\/ibovespa-abre-subindo-dados-aereas-alta-minerio-ipos\/","url":"https:\/\/www.suno.com.br\/noticias\/ibovespa-abre-subindo-dados-aereas-alta-minerio-ipos\/","name":"Ibovespa abre em alta ap\u00f3s feriado, com alta no min\u00e9rio de ferro","isPartOf":{"@id":"https:\/\/www.suno.com.br\/noticias\/#website"},"primaryImageOfPage":{"@id":"https:\/\/www.suno.com.br\/noticias\/ibovespa-abre-subindo-dados-aereas-alta-minerio-ipos\/#primaryimage"},"image":{"@id":"https:\/\/www.suno.com.br\/noticias\/ibovespa-abre-subindo-dados-aereas-alta-minerio-ipos\/#primaryimage"},"thumbnailUrl":"https:\/\/files.sunoresearch.com.br\/n\/uploads\/2021\/05\/b6a3002b-plane-841441_1280-jpg.webp","datePublished":"2021-07-12T13:56:13+00:00","dateModified":"2021-07-13T20:11:25+00:00","description":"O Ibovespa abre em recupera\u00e7\u00e3o nesta segunda, ap\u00f3s uma semana turbulenta com tens\u00e3o pol\u00edtica e infla\u00e7\u00e3o no radar. Clique aqui e leia mais.","breadcrumb":{"@id":"https:\/\/www.suno.com.br\/noticias\/ibovespa-abre-subindo-dados-aereas-alta-minerio-ipos\/#breadcrumb"},"inLanguage":"pt-BR","potentialAction":[{"@type":"ReadAction","target":["https:\/\/www.suno.com.br\/noticias\/ibovespa-abre-subindo-dados-aereas-alta-minerio-ipos\/"]}]},{"@type":"ImageObject","inLanguage":"pt-BR","@id":"https:\/\/www.suno.com.br\/noticias\/ibovespa-abre-subindo-dados-aereas-alta-minerio-ipos\/#primaryimage","url":"https:\/\/files.sunoresearch.com.br\/n\/uploads\/2021\/05\/b6a3002b-plane-841441_1280-jpg.webp","contentUrl":"https:\/\/files.sunoresearch.com.br\/n\/uploads\/2021\/05\/b6a3002b-plane-841441_1280-jpg.webp","width":1280,"height":850,"caption":"Companhias a\u00e9reas do Ibovespa reportam alta na demanda por voos - Foto: Pixabay"},{"@type":"BreadcrumbList","@id":"https:\/\/www.suno.com.br\/noticias\/ibovespa-abre-subindo-dados-aereas-alta-minerio-ipos\/#breadcrumb","itemListElement":[{"@type":"ListItem","position":1,"name":"Not\u00edcias","item":"https:\/\/www.suno.com.br\/noticias\/"},{"@type":"ListItem","position":2,"name":"Mercado","item":"https:\/\/www.suno.com.br\/noticias\/mercado\/"},{"@type":"ListItem","position":3,"name":"Ibovespa abre em alta ap\u00f3s feriado, com alta no min\u00e9rio de ferro"}]},{"@type":"WebSite","@id":"https:\/\/www.suno.com.br\/noticias\/#website","url":"https:\/\/www.suno.com.br\/noticias\/","name":"Suno Not\u00edcias","description":"Seu portal de informa\u00e7\u00e3o sobre o mundo dos investimentos","publisher":{"@id":"https:\/\/www.suno.com.br\/noticias\/#organization"},"potentialAction":[{"@type":"SearchAction","target":{"@type":"EntryPoint","urlTemplate":"https:\/\/www.suno.com.br\/noticias\/?s={search_term_string}"},"query-input":{"@type":"PropertyValueSpecification","valueRequired":true,"valueName":"search_term_string"}}],"inLanguage":"pt-BR"},{"@type":"Organization","@id":"https:\/\/www.suno.com.br\/noticias\/#organization","name":"Suno Not\u00edcias","url":"https:\/\/www.suno.com.br\/noticias\/","logo":{"@type":"ImageObject","inLanguage":"pt-BR","@id":"https:\/\/www.suno.com.br\/noticias\/#\/schema\/logo\/image\/","url":"https:\/\/files.sunoresearch.com.br\/n\/uploads\/2021\/09\/suno-logo.png","contentUrl":"https:\/\/files.sunoresearch.com.br\/n\/uploads\/2021\/09\/suno-logo.png","width":180,"height":180,"caption":"Suno Not\u00edcias"},"image":{"@id":"https:\/\/www.suno.com.br\/noticias\/#\/schema\/logo\/image\/"},"sameAs":["https:\/\/facebook.com\/sunoresearch","https:\/\/x.com\/sunoresearch","https:\/\/www.instagram.com\/suno","https:\/\/www.linkedin.com\/company\/suno-research\/","https:\/\/www.youtube.com\/c\/sunoresearch"]},{"@type":"Person","@id":"https:\/\/www.suno.com.br\/noticias\/#\/schema\/person\/7f4d362bf3518e76090143ae77bb49a5","name":"Eduardo Vargas","image":{"@type":"ImageObject","inLanguage":"pt-BR","@id":"https:\/\/www.suno.com.br\/noticias\/#\/schema\/person\/image\/","url":"https:\/\/secure.gravatar.com\/avatar\/dac340933427a22924c9f99d1eb2e3f2?s=96&r=g","contentUrl":"https:\/\/secure.gravatar.com\/avatar\/dac340933427a22924c9f99d1eb2e3f2?s=96&r=g","caption":"Eduardo Vargas"},"description":"Jornalista formado pela UFSC, cobre macroeconomia, neg\u00f3cios e startups para o Suno Not\u00edcias, escrevendo principalmente not\u00edcias sobre o mercado financeiro e a bolsa de valores. No YouTube e no Instagram, \u00e9 respons\u00e1vel pela produ\u00e7\u00e3o de Reels e Shorts do Suno Not\u00edcias. Anteriormente, trabalhou cobrindo economia e cotidiano no ND+ e para o ND, maior jornal impresso de Santa Catarina. Cursou um semestre letivo de Estudos de M\u00eddia na Universidad de Buenos Aires.","url":"https:\/\/www.suno.com.br\/noticias\/author\/eduardo-vargas\/"}]}},"default_loop_html":"<div class=\"cardsPage__listCard__boxs\"><div class=\"cardsPage__listCard__boxs__img\"><a href=\"https:\/\/www.suno.com.br\/noticias\/destaques-de-empresas-magazine-luiza-mglu3-petrobras-petr4-hapvida-hapv3\/\"><img class=\"mask\" src=\"https:\/\/www.suno.com.br\/noticias\/wp-content\/themes\/suno\/resources\/images\/spotlight\/spotlight1img\/bg-mask.png\" alt=\"Image Mask\"\/><img src=\"https:\/\/files.sunoresearch.com.br\/n\/uploads\/2021\/03\/3fa9c8da-magazine-luiza3-400x200.webp\" alt=\"Destaques de Empresas: Magazine Luiza (MGLU3), Petrobras (PETR4) e Hapvida (HAPV3)\"\/><\/a><span class=\"spotlightCategory\"><a href=\"https:\/\/www.suno.com.br\/noticias\/negocios\/\">Neg\u00f3cios<\/a><\/span><\/div><div class=\"cardsPage__listCard__boxs__content\"><a href=\"https:\/\/www.suno.com.br\/noticias\/destaques-de-empresas-magazine-luiza-mglu3-petrobras-petr4-hapvida-hapv3\/\"><h2 class=\"content__title\">Destaques de Empresas: Magazine Luiza (MGLU3), Petrobras (PETR4) e Hapvida (HAPV3)<\/h2><\/a><div class=\"newsContent__article__meta\"><div class=\"newsContent__article__meta__authorBox\"><a href=\"https:\/\/www.suno.com.br\/noticias\/author\/poliana-santos\/\" class=\"authorBox__avatar noMobi\"><img src=\"https:\/\/files.sunoresearch.com.br\/n\/uploads\/2020\/08\/7ef34026-whatsapp-image-2020-08-03-at-12.37.57-150x150.webp\" alt=\"Poliana Santos\"><\/a><div class=\"authorBox__name\"><span>por\n\t\t\t<a href=\"https:\/\/www.suno.com.br\/noticias\/author\/poliana-santos\/\"><span itemprop=\"author\">Poliana Santos<\/span><\/a><\/span><time datetime=\"2021-07-01T10:21:50-03:00\" itemprop=\"datePublished\">01\/07\/2021 10:21<\/time><\/div><\/div><\/div><\/div><\/div>","single_layout":"posts","amp_enabled":true,"_links":{"self":[{"href":"https:\/\/www.suno.com.br\/noticias\/wp-json\/wp\/v2\/posts\/165144"}],"collection":[{"href":"https:\/\/www.suno.com.br\/noticias\/wp-json\/wp\/v2\/posts"}],"about":[{"href":"https:\/\/www.suno.com.br\/noticias\/wp-json\/wp\/v2\/types\/post"}],"author":[{"embeddable":true,"href":"https:\/\/www.suno.com.br\/noticias\/wp-json\/wp\/v2\/users\/73"}],"replies":[{"embeddable":true,"href":"https:\/\/www.suno.com.br\/noticias\/wp-json\/wp\/v2\/comments?post=165144"}],"version-history":[{"count":3,"href":"https:\/\/www.suno.com.br\/noticias\/wp-json\/wp\/v2\/posts\/165144\/revisions"}],"predecessor-version":[{"id":165169,"href":"https:\/\/www.suno.com.br\/noticias\/wp-json\/wp\/v2\/posts\/165144\/revisions\/165169"}],"wp:featuredmedia":[{"embeddable":true,"href":"https:\/\/www.suno.com.br\/noticias\/wp-json\/wp\/v2\/media\/151173"}],"wp:attachment":[{"href":"https:\/\/www.suno.com.br\/noticias\/wp-json\/wp\/v2\/media?parent=165144"}],"wp:term":[{"taxonomy":"category","embeddable":true,"href":"https:\/\/www.suno.com.br\/noticias\/wp-json\/wp\/v2\/categories?post=165144"},{"taxonomy":"post_tag","embeddable":true,"href":"https:\/\/www.suno.com.br\/noticias\/wp-json\/wp\/v2\/tags?post=165144"},{"taxonomy":"suno_strategy","embeddable":true,"href":"https:\/\/www.suno.com.br\/noticias\/wp-json\/wp\/v2\/suno_strategy?post=165144"}],"curies":[{"name":"wp","href":"https:\/\/api.w.org\/{rel}","templated":true}]}}