{"id":16513,"date":"2019-02-25T15:09:46","date_gmt":"2019-02-25T18:09:46","guid":{"rendered":"https:\/\/www.suno.com.br\/noticias\/?p=16513"},"modified":"2019-02-25T16:58:08","modified_gmt":"2019-02-25T19:58:08","slug":"kraft-heinz-poe-venda-marca-cafe-maxwell-house","status":"publish","type":"post","link":"https:\/\/www.suno.com.br\/noticias\/kraft-heinz-poe-venda-marca-cafe-maxwell-house\/","title":{"rendered":"Em crise, Kraft Heinz p\u00f5e a venda a marca de caf\u00e9 Maxwell House"},"content":{"rendered":"<p>A Kraft Heinz colcou a venda a venda a marca de caf\u00e9\u00a0<strong>Maxwell House.<\/strong> Segundo a rede de TV norte-americana <strong>CNBC,<\/strong> o\u00a0banco <strong>Credit Suisse<\/strong> foi contratado para auxiliar a opera\u00e7\u00e3o.<\/p>\t<div class=\"wrapper-featured-image\">\n\t\t<figure class=\"spotlightImg\">\n\n\t\t\t<picture>\n\t\t\t\t<source media=\"(max-width: 768px)\" srcset=\"https:\/\/files.sunoresearch.com.br\/n\/uploads\/2019\/02\/a278033c-kraft-heinz3-400x200.webp\">\n\t\t\t\t<img loading=\"lazy\" decoding=\"async\" class=\"newsContent__article__imgCapa lazyloadDisabled newsContent__article__imgCapa--noCaption\" src=\"https:\/\/files.sunoresearch.com.br\/n\/uploads\/2019\/02\/a278033c-kraft-heinz3-800x450.webp\" width=\"800\" height=\"450\" alt=\"Em crise, Kraft Heinz p\u00f5e a venda a marca de caf\u00e9 Maxwell House\" fetchpriority=high \/>\n\t\t\t<\/picture>\n\n\t\t\t<figcaption class=\"wp-caption-text wp-caption-text--hide\">Kraft Heinz<\/figcaption>\n\t\t<\/figure>\n\t<\/div>\n\n\n<p><a href=\"https:\/\/www.suno.com.br\/noticias\/acao-da-kraft-heinz-desaba-apos-intimacao-pela-sec-e-corte-de-dividendos\/\">Saiba mais: A\u00e7\u00e3o da Kraft Heinz desaba ap\u00f3s intima\u00e7\u00e3o pela SEC e corte de dividendos<\/a><\/p>\n<p>No ano passado, os produtos <strong>Maxwell House<\/strong> registraram um lucro de US$ 400 milh\u00f5es\u00a0antes de juros, impostos deprecia\u00e7\u00e3o e amortiza\u00e7\u00e3o (Ebitda). Segundo os analistas, a venda poderia levar para o caixa da <strong>Kraft Heinz<\/strong> US$ 3 bilh\u00f5es. O objetivo da gigante dos alimentos \u00e9\u00a0diminuir sua alavancagem para 3 vezes o <strong>Ebitda,<\/strong> das 4 vezes atuais.<\/p>\n<p><a href=\"https:\/\/www.suno.com.br\/noticias\/acao-da-kraft-heinz-desaba-apos-intimacao-pela-sec-e-corte-de-dividendos\/\">Saiba mais: A\u00e7\u00e3o da Kraft Heinz desaba ap\u00f3s intima\u00e7\u00e3o pela SEC e corte de dividendos<\/a><\/p>\n<p>Entretanto, o mercado dos caf\u00e9s embalados est\u00e1 enfrentando um aumento da competi\u00e7\u00e3o. Marcas como <strong>Starbucks<\/strong> e <strong>Dunkin\u00b4Donuts<\/strong> tamb\u00e9m entraram na disputa para conquistar fatias de mercado.<br \/>\n<iframe loading=\"lazy\" width=\"560\" height=\"315\" src=\"https:\/\/www.youtube.com\/embed\/Wc--P7vk7Gk\" frameborder=\"0\" allow=\"accelerometer; autoplay; encrypted-media; gyroscope; picture-in-picture\" allowfullscreen><\/iframe><\/p>\n<h2>Venda para tentar superar crise<\/h2>\n<p>A decis\u00e3o de vender a <strong>Maxwell House<\/strong> chega no momento de maior crise do grupo <strong>Kraft Heinz.<\/strong> O colosso dos produtos alimentares enfrenta uma constante redu\u00e7\u00e3o de sua cota de mercado.<\/p>\n<p><a href=\"https:\/\/www.suno.com.br\/noticias\/acoes-kraft-heinz-despencam-nova-york\/\">Saiba mais: A\u00e7\u00f5es da Kraft Heinz despencam 27% em Nova York ap\u00f3s intima\u00e7\u00e3o da SEC\u00a0<\/a><\/p>\n<p>Na \u00faltima sexta-feira (25), a <strong>Kraft Heinz<\/strong> apresentou um preju\u00edzo no quarto trimestre, chegando a US$ 12,6 bilh\u00f5es. Um resultado financeiro muito menor do que as aspectivas do mercado.\u00a0Com essa perda, o dividendo por a\u00e7\u00e3o foi para US$ 40 centavos. O mercado esperava um <strong>dividendo<\/strong> de US$ 62,5 centavos por a\u00e7\u00e3o.<\/p>\n<p><a href=\"https:\/\/www.suno.com.br\/noticias\/buffett-pagamos-demais-fusao-kraft-heinz\">Saiba mais: Warren Buffett: pagamos demais para fus\u00e3o de Kraft e Heinz\u00a0<\/a><\/p>\n<p>Al\u00e9m disso, a empresa anunciou uma corte de US$15,4 bilh\u00f5es no valor das marcas <strong>Kraft<\/strong> e <strong>Oscar Mayer.<\/strong>\u00a0E, no mesmo dia, a <strong>Kraft Heinz<\/strong> informou que est\u00e1 sendo investigada pela <strong>Securities and Exchange Commission (SEC)<\/strong>. A autoridade de vigil\u00e2ncia da Bolsa de Valores dos EUA j\u00e1 a atuou em US$ 25 milh\u00f5es por irregularidades no balan\u00e7o. Em \u00faltimo, a gigante informou que espera novamente resultados cont\u00e1beis negativos em 2019. Isso levou a uma queda de 28% do valor das a\u00e7\u00f5es na <strong>Bolsa de Nova York.<\/strong><\/p>\n<p>Por causa dessa contra\u00e7\u00e3o, a <strong>Berkshire Hathaway,<\/strong> do mega-investidor <a href=\"https:\/\/www.suno.com.br\/artigos\/especial-warren-buffett\/\"><strong>Warren Buffett<\/strong><\/a><strong>,<\/strong> perdeu mais de US$ 4 bilh\u00f5es em um dia. Isso porque a <strong>Kraft<\/strong> \u00e9 uma das maiores participa\u00e7\u00f5es da carteira de <strong>Buffett,<\/strong> apenas atr\u00e1s da <strong>Apple,<\/strong> bancos e da <strong>Coca-Cola.<\/strong><\/p>\n<p><a href=\"https:\/\/www.suno.com.br\/noticias\/perspectiva-risco-credito-kraft-heinz-negativa\/\">Saiba mais: S&amp;P: perspectiva de risco de cr\u00e9dito da Kraft Heinz \u00e9 negativa<\/a><\/p>\n<h2>Momento de tens\u00e3o<\/h2>\n<p>A notifica\u00e7\u00e3o da <strong>SEC<\/strong> chega em um momento turbulento da hist\u00f3ria da <strong>Kraft Heinz.<\/strong> Em abril do ano passado, Marcel Telles deixou o board da empresa. Al\u00e9m disso, os investidores est\u00e3o se mostrando insatisfeitos com a gest\u00e3o da empresa. E isso tudo aumentou a press\u00e3o sobre o CEO Bernardo Hees.<\/p>\n<p>&#8220;Ainda acreditamos firmemente que nosso modelo est\u00e1 funcionando e tem muito potencial para o futuro&#8221;, declarou Hees em uma videoconfer\u00eancia com analistas e investidores.\u00a0O CEO da <strong>Kraft Heinz<\/strong> salientou como a administra\u00e7\u00e3o estava &#8220;desapontada&#8221; com os n\u00edveis de lucratividade. &#8220;Est\u00e1vamos muito otimistas em entregar cortes de gastos que n\u00e3o se concretizaram&#8221;, afirmou o executivo.<\/p>\n","protected":false},"excerpt":{"rendered":"<p>A Kraft Heinz colcou a venda a venda a marca de caf\u00e9\u00a0Maxwell House. Segundo a rede de TV norte-americana CNBC, o\u00a0banco Credit Suisse foi contratado para auxiliar a opera\u00e7\u00e3o. Kraft Heinz Saiba mais: A\u00e7\u00e3o da Kraft Heinz desaba ap\u00f3s intima\u00e7\u00e3o pela SEC e corte de dividendos No ano passado, os produtos Maxwell House registraram um [&hellip;]<\/p>\n","protected":false},"author":9,"featured_media":16518,"comment_status":"closed","ping_status":"closed","sticky":false,"template":"","format":"standard","meta":[],"categories":[64],"tags":[1189,330],"suno_strategy":[],"class_list":["post-16513","post","type-post","status-publish","format-standard","has-post-thumbnail","hentry","category-negocios","tag-kraft-heinz-khcb34","tag-warren-buffett"],"yoast_head":"<!-- This site is optimized with the Yoast SEO plugin v24.4 - https:\/\/yoast.com\/wordpress\/plugins\/seo\/ -->\n<title>Em crise, Kraft Heinz p\u00f5e a venda a marca de caf\u00e9 Maxwell House<\/title>\n<meta name=\"description\" content=\"Segundo a CNBC, o\u00a0banco Credit Suisse foi contratado para auxiliar a Kraft Heinz nessa opera\u00e7\u00e3o. Clique aqui para saber mais.\" \/>\n<meta name=\"robots\" content=\"index, follow, max-snippet:-1, max-image-preview:large, max-video-preview:-1\" \/>\n<link rel=\"canonical\" href=\"https:\/\/www.suno.com.br\/noticias\/kraft-heinz-poe-venda-marca-cafe-maxwell-house\/\" \/>\n<meta property=\"og:locale\" content=\"pt_BR\" \/>\n<meta property=\"og:type\" content=\"article\" \/>\n<meta property=\"og:title\" content=\"Em crise, Kraft Heinz p\u00f5e a venda a marca de caf\u00e9 Maxwell House\" \/>\n<meta property=\"og:description\" content=\"Segundo a CNBC, o\u00a0banco Credit Suisse foi contratado para auxiliar a Kraft Heinz nessa opera\u00e7\u00e3o. Clique aqui para saber mais.\" \/>\n<meta property=\"og:url\" content=\"https:\/\/www.suno.com.br\/noticias\/kraft-heinz-poe-venda-marca-cafe-maxwell-house\/\" \/>\n<meta property=\"og:site_name\" content=\"Suno Not\u00edcias\" \/>\n<meta property=\"article:publisher\" content=\"https:\/\/facebook.com\/sunoresearch\" \/>\n<meta property=\"og:image\" content=\"https:\/\/files.sunoresearch.com.br\/n\/uploads\/2019\/02\/a278033c-kraft-heinz3.jpg\" \/>\n\t<meta property=\"og:image:width\" content=\"1024\" \/>\n\t<meta property=\"og:image:height\" content=\"698\" \/>\n\t<meta property=\"og:image:type\" content=\"image\/jpeg\" \/>\n<meta name=\"author\" content=\"Carlo Cauti\" \/>\n<meta name=\"twitter:card\" content=\"summary_large_image\" \/>\n<meta name=\"twitter:creator\" content=\"@sunoresearch\" \/>\n<meta name=\"twitter:site\" content=\"@sunoresearch\" \/>\n<meta name=\"twitter:label1\" content=\"Escrito por\" \/>\n\t<meta name=\"twitter:data1\" content=\"Carlo Cauti\" \/>\n\t<meta name=\"twitter:label2\" content=\"Est. tempo de leitura\" \/>\n\t<meta name=\"twitter:data2\" content=\"3 minutos\" \/>\n<script type=\"application\/ld+json\" class=\"yoast-schema-graph\">{\"@context\":\"https:\/\/schema.org\",\"@graph\":[{\"@type\":\"NewsArticle\",\"@id\":\"https:\/\/www.suno.com.br\/noticias\/kraft-heinz-poe-venda-marca-cafe-maxwell-house\/#article\",\"isPartOf\":{\"@id\":\"https:\/\/www.suno.com.br\/noticias\/kraft-heinz-poe-venda-marca-cafe-maxwell-house\/\"},\"author\":{\"name\":\"Carlo Cauti\",\"@id\":\"https:\/\/www.suno.com.br\/noticias\/#\/schema\/person\/e6e0f723cc177805027f4566c1d5e0c8\"},\"headline\":\"Em crise, Kraft Heinz p\u00f5e a venda a marca de caf\u00e9 Maxwell House\",\"datePublished\":\"2019-02-25T18:09:46+00:00\",\"dateModified\":\"2019-02-25T19:58:08+00:00\",\"mainEntityOfPage\":{\"@id\":\"https:\/\/www.suno.com.br\/noticias\/kraft-heinz-poe-venda-marca-cafe-maxwell-house\/\"},\"wordCount\":556,\"publisher\":{\"@id\":\"https:\/\/www.suno.com.br\/noticias\/#organization\"},\"image\":{\"@id\":\"https:\/\/www.suno.com.br\/noticias\/kraft-heinz-poe-venda-marca-cafe-maxwell-house\/#primaryimage\"},\"thumbnailUrl\":\"https:\/\/files.sunoresearch.com.br\/n\/uploads\/2019\/02\/a278033c-kraft-heinz3-jpg.webp\",\"keywords\":[\"Kraft Heinz (KHCB34)\",\"Warren Buffett\"],\"articleSection\":[\"Neg\u00f3cios\"],\"inLanguage\":\"pt-BR\"},{\"@type\":\"WebPage\",\"@id\":\"https:\/\/www.suno.com.br\/noticias\/kraft-heinz-poe-venda-marca-cafe-maxwell-house\/\",\"url\":\"https:\/\/www.suno.com.br\/noticias\/kraft-heinz-poe-venda-marca-cafe-maxwell-house\/\",\"name\":\"Em crise, Kraft Heinz p\u00f5e a venda a marca de caf\u00e9 Maxwell House\",\"isPartOf\":{\"@id\":\"https:\/\/www.suno.com.br\/noticias\/#website\"},\"primaryImageOfPage\":{\"@id\":\"https:\/\/www.suno.com.br\/noticias\/kraft-heinz-poe-venda-marca-cafe-maxwell-house\/#primaryimage\"},\"image\":{\"@id\":\"https:\/\/www.suno.com.br\/noticias\/kraft-heinz-poe-venda-marca-cafe-maxwell-house\/#primaryimage\"},\"thumbnailUrl\":\"https:\/\/files.sunoresearch.com.br\/n\/uploads\/2019\/02\/a278033c-kraft-heinz3-jpg.webp\",\"datePublished\":\"2019-02-25T18:09:46+00:00\",\"dateModified\":\"2019-02-25T19:58:08+00:00\",\"description\":\"Segundo a CNBC, o\u00a0banco Credit Suisse foi contratado para auxiliar a Kraft Heinz nessa opera\u00e7\u00e3o. Clique aqui para saber mais.\",\"breadcrumb\":{\"@id\":\"https:\/\/www.suno.com.br\/noticias\/kraft-heinz-poe-venda-marca-cafe-maxwell-house\/#breadcrumb\"},\"inLanguage\":\"pt-BR\",\"potentialAction\":[{\"@type\":\"ReadAction\",\"target\":[\"https:\/\/www.suno.com.br\/noticias\/kraft-heinz-poe-venda-marca-cafe-maxwell-house\/\"]}]},{\"@type\":\"ImageObject\",\"inLanguage\":\"pt-BR\",\"@id\":\"https:\/\/www.suno.com.br\/noticias\/kraft-heinz-poe-venda-marca-cafe-maxwell-house\/#primaryimage\",\"url\":\"https:\/\/files.sunoresearch.com.br\/n\/uploads\/2019\/02\/a278033c-kraft-heinz3-jpg.webp\",\"contentUrl\":\"https:\/\/files.sunoresearch.com.br\/n\/uploads\/2019\/02\/a278033c-kraft-heinz3-jpg.webp\",\"width\":1024,\"height\":698,\"caption\":\"Kraft Heinz\"},{\"@type\":\"BreadcrumbList\",\"@id\":\"https:\/\/www.suno.com.br\/noticias\/kraft-heinz-poe-venda-marca-cafe-maxwell-house\/#breadcrumb\",\"itemListElement\":[{\"@type\":\"ListItem\",\"position\":1,\"name\":\"Not\u00edcias\",\"item\":\"https:\/\/www.suno.com.br\/noticias\/\"},{\"@type\":\"ListItem\",\"position\":2,\"name\":\"Neg\u00f3cios\",\"item\":\"https:\/\/www.suno.com.br\/noticias\/negocios\/\"},{\"@type\":\"ListItem\",\"position\":3,\"name\":\"Em crise, Kraft Heinz p\u00f5e a venda a marca de caf\u00e9 Maxwell House\"}]},{\"@type\":\"WebSite\",\"@id\":\"https:\/\/www.suno.com.br\/noticias\/#website\",\"url\":\"https:\/\/www.suno.com.br\/noticias\/\",\"name\":\"Suno Not\u00edcias\",\"description\":\"Seu portal de informa\u00e7\u00e3o sobre o mundo dos investimentos\",\"publisher\":{\"@id\":\"https:\/\/www.suno.com.br\/noticias\/#organization\"},\"potentialAction\":[{\"@type\":\"SearchAction\",\"target\":{\"@type\":\"EntryPoint\",\"urlTemplate\":\"https:\/\/www.suno.com.br\/noticias\/?s={search_term_string}\"},\"query-input\":{\"@type\":\"PropertyValueSpecification\",\"valueRequired\":true,\"valueName\":\"search_term_string\"}}],\"inLanguage\":\"pt-BR\"},{\"@type\":\"Organization\",\"@id\":\"https:\/\/www.suno.com.br\/noticias\/#organization\",\"name\":\"Suno Not\u00edcias\",\"url\":\"https:\/\/www.suno.com.br\/noticias\/\",\"logo\":{\"@type\":\"ImageObject\",\"inLanguage\":\"pt-BR\",\"@id\":\"https:\/\/www.suno.com.br\/noticias\/#\/schema\/logo\/image\/\",\"url\":\"https:\/\/files.sunoresearch.com.br\/n\/uploads\/2021\/09\/suno-logo.png\",\"contentUrl\":\"https:\/\/files.sunoresearch.com.br\/n\/uploads\/2021\/09\/suno-logo.png\",\"width\":180,\"height\":180,\"caption\":\"Suno Not\u00edcias\"},\"image\":{\"@id\":\"https:\/\/www.suno.com.br\/noticias\/#\/schema\/logo\/image\/\"},\"sameAs\":[\"https:\/\/facebook.com\/sunoresearch\",\"https:\/\/x.com\/sunoresearch\",\"https:\/\/www.instagram.com\/suno\",\"https:\/\/www.linkedin.com\/company\/suno-research\/\",\"https:\/\/www.youtube.com\/c\/sunoresearch\"]},{\"@type\":\"Person\",\"@id\":\"https:\/\/www.suno.com.br\/noticias\/#\/schema\/person\/e6e0f723cc177805027f4566c1d5e0c8\",\"name\":\"Carlo Cauti\",\"image\":{\"@type\":\"ImageObject\",\"inLanguage\":\"pt-BR\",\"@id\":\"https:\/\/www.suno.com.br\/noticias\/#\/schema\/person\/image\/\",\"url\":\"https:\/\/secure.gravatar.com\/avatar\/3ada9e0bd164c23abd4792a9606d583c?s=96&r=g\",\"contentUrl\":\"https:\/\/secure.gravatar.com\/avatar\/3ada9e0bd164c23abd4792a9606d583c?s=96&r=g\",\"caption\":\"Carlo Cauti\"},\"description\":\"Editor multim\u00eddia do SUNO Not\u00edcias. Italiano, formado em Ci\u00eancias Pol\u00edticas pela universidade LUISS G. Carli de Roma e mestre cum laude em Rela\u00e7\u00f5es Internacionais, Jornalismo Internacional e de Guerra e em Economia Internacional. Concluiu tamb\u00e9m um MBA em Finan\u00e7as na B3. No Brasil, teve passagem por ve\u00edculos como Estad\u00e3o, Globo, Veja e EXAME. e nas ag\u00eancias de not\u00edcias italianas ANSA e NOVA.\",\"url\":\"https:\/\/www.suno.com.br\/noticias\/author\/carlo-cauti\/\"}]}<\/script>\n<!-- \/ Yoast SEO plugin. -->","yoast_head_json":{"title":"Em crise, Kraft Heinz p\u00f5e a venda a marca de caf\u00e9 Maxwell House","description":"Segundo a CNBC, o\u00a0banco Credit Suisse foi contratado para auxiliar a Kraft Heinz nessa opera\u00e7\u00e3o. Clique aqui para saber mais.","robots":{"index":"index","follow":"follow","max-snippet":"max-snippet:-1","max-image-preview":"max-image-preview:large","max-video-preview":"max-video-preview:-1"},"canonical":"https:\/\/www.suno.com.br\/noticias\/kraft-heinz-poe-venda-marca-cafe-maxwell-house\/","og_locale":"pt_BR","og_type":"article","og_title":"Em crise, Kraft Heinz p\u00f5e a venda a marca de caf\u00e9 Maxwell House","og_description":"Segundo a CNBC, o\u00a0banco Credit Suisse foi contratado para auxiliar a Kraft Heinz nessa opera\u00e7\u00e3o. Clique aqui para saber mais.","og_url":"https:\/\/www.suno.com.br\/noticias\/kraft-heinz-poe-venda-marca-cafe-maxwell-house\/","og_site_name":"Suno Not\u00edcias","article_publisher":"https:\/\/facebook.com\/sunoresearch","og_image":[{"width":1024,"height":698,"url":"https:\/\/files.sunoresearch.com.br\/n\/uploads\/2019\/02\/a278033c-kraft-heinz3.jpg","type":"image\/jpeg"}],"author":"Carlo Cauti","twitter_card":"summary_large_image","twitter_creator":"@sunoresearch","twitter_site":"@sunoresearch","twitter_misc":{"Escrito por":"Carlo Cauti","Est. tempo de leitura":"3 minutos"},"schema":{"@context":"https:\/\/schema.org","@graph":[{"@type":"NewsArticle","@id":"https:\/\/www.suno.com.br\/noticias\/kraft-heinz-poe-venda-marca-cafe-maxwell-house\/#article","isPartOf":{"@id":"https:\/\/www.suno.com.br\/noticias\/kraft-heinz-poe-venda-marca-cafe-maxwell-house\/"},"author":{"name":"Carlo Cauti","@id":"https:\/\/www.suno.com.br\/noticias\/#\/schema\/person\/e6e0f723cc177805027f4566c1d5e0c8"},"headline":"Em crise, Kraft Heinz p\u00f5e a venda a marca de caf\u00e9 Maxwell House","datePublished":"2019-02-25T18:09:46+00:00","dateModified":"2019-02-25T19:58:08+00:00","mainEntityOfPage":{"@id":"https:\/\/www.suno.com.br\/noticias\/kraft-heinz-poe-venda-marca-cafe-maxwell-house\/"},"wordCount":556,"publisher":{"@id":"https:\/\/www.suno.com.br\/noticias\/#organization"},"image":{"@id":"https:\/\/www.suno.com.br\/noticias\/kraft-heinz-poe-venda-marca-cafe-maxwell-house\/#primaryimage"},"thumbnailUrl":"https:\/\/files.sunoresearch.com.br\/n\/uploads\/2019\/02\/a278033c-kraft-heinz3-jpg.webp","keywords":["Kraft Heinz (KHCB34)","Warren Buffett"],"articleSection":["Neg\u00f3cios"],"inLanguage":"pt-BR"},{"@type":"WebPage","@id":"https:\/\/www.suno.com.br\/noticias\/kraft-heinz-poe-venda-marca-cafe-maxwell-house\/","url":"https:\/\/www.suno.com.br\/noticias\/kraft-heinz-poe-venda-marca-cafe-maxwell-house\/","name":"Em crise, Kraft Heinz p\u00f5e a venda a marca de caf\u00e9 Maxwell House","isPartOf":{"@id":"https:\/\/www.suno.com.br\/noticias\/#website"},"primaryImageOfPage":{"@id":"https:\/\/www.suno.com.br\/noticias\/kraft-heinz-poe-venda-marca-cafe-maxwell-house\/#primaryimage"},"image":{"@id":"https:\/\/www.suno.com.br\/noticias\/kraft-heinz-poe-venda-marca-cafe-maxwell-house\/#primaryimage"},"thumbnailUrl":"https:\/\/files.sunoresearch.com.br\/n\/uploads\/2019\/02\/a278033c-kraft-heinz3-jpg.webp","datePublished":"2019-02-25T18:09:46+00:00","dateModified":"2019-02-25T19:58:08+00:00","description":"Segundo a CNBC, o\u00a0banco Credit Suisse foi contratado para auxiliar a Kraft Heinz nessa opera\u00e7\u00e3o. Clique aqui para saber mais.","breadcrumb":{"@id":"https:\/\/www.suno.com.br\/noticias\/kraft-heinz-poe-venda-marca-cafe-maxwell-house\/#breadcrumb"},"inLanguage":"pt-BR","potentialAction":[{"@type":"ReadAction","target":["https:\/\/www.suno.com.br\/noticias\/kraft-heinz-poe-venda-marca-cafe-maxwell-house\/"]}]},{"@type":"ImageObject","inLanguage":"pt-BR","@id":"https:\/\/www.suno.com.br\/noticias\/kraft-heinz-poe-venda-marca-cafe-maxwell-house\/#primaryimage","url":"https:\/\/files.sunoresearch.com.br\/n\/uploads\/2019\/02\/a278033c-kraft-heinz3-jpg.webp","contentUrl":"https:\/\/files.sunoresearch.com.br\/n\/uploads\/2019\/02\/a278033c-kraft-heinz3-jpg.webp","width":1024,"height":698,"caption":"Kraft Heinz"},{"@type":"BreadcrumbList","@id":"https:\/\/www.suno.com.br\/noticias\/kraft-heinz-poe-venda-marca-cafe-maxwell-house\/#breadcrumb","itemListElement":[{"@type":"ListItem","position":1,"name":"Not\u00edcias","item":"https:\/\/www.suno.com.br\/noticias\/"},{"@type":"ListItem","position":2,"name":"Neg\u00f3cios","item":"https:\/\/www.suno.com.br\/noticias\/negocios\/"},{"@type":"ListItem","position":3,"name":"Em crise, Kraft Heinz p\u00f5e a venda a marca de caf\u00e9 Maxwell House"}]},{"@type":"WebSite","@id":"https:\/\/www.suno.com.br\/noticias\/#website","url":"https:\/\/www.suno.com.br\/noticias\/","name":"Suno Not\u00edcias","description":"Seu portal de informa\u00e7\u00e3o sobre o mundo dos investimentos","publisher":{"@id":"https:\/\/www.suno.com.br\/noticias\/#organization"},"potentialAction":[{"@type":"SearchAction","target":{"@type":"EntryPoint","urlTemplate":"https:\/\/www.suno.com.br\/noticias\/?s={search_term_string}"},"query-input":{"@type":"PropertyValueSpecification","valueRequired":true,"valueName":"search_term_string"}}],"inLanguage":"pt-BR"},{"@type":"Organization","@id":"https:\/\/www.suno.com.br\/noticias\/#organization","name":"Suno Not\u00edcias","url":"https:\/\/www.suno.com.br\/noticias\/","logo":{"@type":"ImageObject","inLanguage":"pt-BR","@id":"https:\/\/www.suno.com.br\/noticias\/#\/schema\/logo\/image\/","url":"https:\/\/files.sunoresearch.com.br\/n\/uploads\/2021\/09\/suno-logo.png","contentUrl":"https:\/\/files.sunoresearch.com.br\/n\/uploads\/2021\/09\/suno-logo.png","width":180,"height":180,"caption":"Suno Not\u00edcias"},"image":{"@id":"https:\/\/www.suno.com.br\/noticias\/#\/schema\/logo\/image\/"},"sameAs":["https:\/\/facebook.com\/sunoresearch","https:\/\/x.com\/sunoresearch","https:\/\/www.instagram.com\/suno","https:\/\/www.linkedin.com\/company\/suno-research\/","https:\/\/www.youtube.com\/c\/sunoresearch"]},{"@type":"Person","@id":"https:\/\/www.suno.com.br\/noticias\/#\/schema\/person\/e6e0f723cc177805027f4566c1d5e0c8","name":"Carlo Cauti","image":{"@type":"ImageObject","inLanguage":"pt-BR","@id":"https:\/\/www.suno.com.br\/noticias\/#\/schema\/person\/image\/","url":"https:\/\/secure.gravatar.com\/avatar\/3ada9e0bd164c23abd4792a9606d583c?s=96&r=g","contentUrl":"https:\/\/secure.gravatar.com\/avatar\/3ada9e0bd164c23abd4792a9606d583c?s=96&r=g","caption":"Carlo Cauti"},"description":"Editor multim\u00eddia do SUNO Not\u00edcias. Italiano, formado em Ci\u00eancias Pol\u00edticas pela universidade LUISS G. Carli de Roma e mestre cum laude em Rela\u00e7\u00f5es Internacionais, Jornalismo Internacional e de Guerra e em Economia Internacional. Concluiu tamb\u00e9m um MBA em Finan\u00e7as na B3. No Brasil, teve passagem por ve\u00edculos como Estad\u00e3o, Globo, Veja e EXAME. e nas ag\u00eancias de not\u00edcias italianas ANSA e NOVA.","url":"https:\/\/www.suno.com.br\/noticias\/author\/carlo-cauti\/"}]}},"default_loop_html":"<div class=\"cardsPage__listCard__boxs\"><div class=\"cardsPage__listCard__boxs__img\"><a href=\"https:\/\/www.suno.com.br\/noticias\/kraft-heinz-poe-venda-marca-cafe-maxwell-house\/\"><img class=\"mask\" src=\"https:\/\/www.suno.com.br\/noticias\/wp-content\/themes\/suno\/resources\/images\/spotlight\/spotlight1img\/bg-mask.png\" alt=\"Image Mask\"\/><img src=\"https:\/\/files.sunoresearch.com.br\/n\/uploads\/2019\/02\/a278033c-kraft-heinz3-400x200.webp\" alt=\"Em crise, Kraft Heinz p\u00f5e a venda a marca de caf\u00e9 Maxwell House\"\/><\/a><span class=\"spotlightCategory\"><a href=\"https:\/\/www.suno.com.br\/noticias\/negocios\/\">Neg\u00f3cios<\/a><\/span><\/div><div class=\"cardsPage__listCard__boxs__content\"><a href=\"https:\/\/www.suno.com.br\/noticias\/kraft-heinz-poe-venda-marca-cafe-maxwell-house\/\"><h2 class=\"content__title\">Em crise, Kraft Heinz p\u00f5e a venda a marca de caf\u00e9 Maxwell House<\/h2><\/a><div class=\"newsContent__article__meta\"><div class=\"newsContent__article__meta__authorBox\"><a href=\"https:\/\/www.suno.com.br\/noticias\/author\/carlo-cauti\/\" class=\"authorBox__avatar noMobi\"><img src=\"https:\/\/files.sunoresearch.com.br\/n\/uploads\/2020\/08\/e3745f9a-perfil-carlo-cauti-150x150.webp\" alt=\"Carlo Cauti\"><\/a><div class=\"authorBox__name\"><span>por\n\t\t\t<a href=\"https:\/\/www.suno.com.br\/noticias\/author\/carlo-cauti\/\"><span itemprop=\"author\">Carlo Cauti<\/span><\/a><\/span><time datetime=\"2019-02-25T15:09:46-03:00\" itemprop=\"datePublished\">25\/02\/2019 15:09<\/time><\/div><\/div><\/div><\/div><\/div>","single_layout":"posts","amp_enabled":true,"_links":{"self":[{"href":"https:\/\/www.suno.com.br\/noticias\/wp-json\/wp\/v2\/posts\/16513"}],"collection":[{"href":"https:\/\/www.suno.com.br\/noticias\/wp-json\/wp\/v2\/posts"}],"about":[{"href":"https:\/\/www.suno.com.br\/noticias\/wp-json\/wp\/v2\/types\/post"}],"author":[{"embeddable":true,"href":"https:\/\/www.suno.com.br\/noticias\/wp-json\/wp\/v2\/users\/9"}],"replies":[{"embeddable":true,"href":"https:\/\/www.suno.com.br\/noticias\/wp-json\/wp\/v2\/comments?post=16513"}],"version-history":[{"count":0,"href":"https:\/\/www.suno.com.br\/noticias\/wp-json\/wp\/v2\/posts\/16513\/revisions"}],"wp:featuredmedia":[{"embeddable":true,"href":"https:\/\/www.suno.com.br\/noticias\/wp-json\/wp\/v2\/media\/16518"}],"wp:attachment":[{"href":"https:\/\/www.suno.com.br\/noticias\/wp-json\/wp\/v2\/media?parent=16513"}],"wp:term":[{"taxonomy":"category","embeddable":true,"href":"https:\/\/www.suno.com.br\/noticias\/wp-json\/wp\/v2\/categories?post=16513"},{"taxonomy":"post_tag","embeddable":true,"href":"https:\/\/www.suno.com.br\/noticias\/wp-json\/wp\/v2\/tags?post=16513"},{"taxonomy":"suno_strategy","embeddable":true,"href":"https:\/\/www.suno.com.br\/noticias\/wp-json\/wp\/v2\/suno_strategy?post=16513"}],"curies":[{"name":"wp","href":"https:\/\/api.w.org\/{rel}","templated":true}]}}