{"id":165085,"date":"2021-07-12T08:11:53","date_gmt":"2021-07-12T11:11:53","guid":{"rendered":"https:\/\/www.suno.com.br\/noticias\/?p=165085"},"modified":"2021-07-12T19:18:03","modified_gmt":"2021-07-12T22:18:03","slug":"brasil-volkswagen-motor-a-biocombustivel","status":"publish","type":"post","link":"https:\/\/www.suno.com.br\/noticias\/brasil-volkswagen-motor-a-biocombustivel\/","title":{"rendered":"Volkswagen decide tornar o Brasil centro de desenvolvimento do motor a biocombust\u00edvel"},"content":{"rendered":"<p>Enquanto se move para aposentar at\u00e9 meados da pr\u00f3xima d\u00e9cada o motor convencional a combust\u00e3o interna na Europa, a <strong>Volkswagen<\/strong> decidiu fazer do Brasil um centro de pesquisa e desenvolvimento de sistemas de propuls\u00e3o de autom\u00f3veis que utilizam etanol e outros biocombust\u00edveis como energia.<\/p>\t<div class=\"wrapper-featured-image\">\n\t\t<figure class=\"spotlightImg\">\n\n\t\t\t<picture>\n\t\t\t\t<source media=\"(max-width: 768px)\" srcset=\"https:\/\/files.sunoresearch.com.br\/n\/uploads\/2021\/03\/c682af7a-da94-454b-af10-3d0f5a2e1105-400x200.webp\">\n\t\t\t\t<img loading=\"lazy\" decoding=\"async\" class=\"newsContent__article__imgCapa lazyloadDisabled \" src=\"https:\/\/files.sunoresearch.com.br\/n\/uploads\/2021\/03\/c682af7a-da94-454b-af10-3d0f5a2e1105-800x450.webp\" width=\"800\" height=\"450\" alt=\"Volkswagen decide tornar o Brasil centro de desenvolvimento do motor a biocombust\u00edvel\" fetchpriority=high \/>\n\t\t\t<\/picture>\n\n\t\t\t<figcaption class=\"wp-caption-text wp-caption-text--show\">Volkswagen. Foto: Reprodu\u00e7\u00e3o Site<\/figcaption>\n\t\t<\/figure>\n\t<\/div>\n\n\n\t<p>\n\t\t<a href=\"https:\/\/lp.suno.com.br\/planilha-controle-gastos\/\" target=\"_blank\" data-element=\"shortcode-suno-banner\" title=\"Banner SUNO, clique e saiba mais\">\n\t\t\t<picture>\n\t\t\t\t<source media=\"(max-width: 500px)\" srcset=\"https:\/\/files.sunoresearch.com.br\/n\/uploads\/2023\/03\/400x300-Planilha-controle-de-gastos.png\">\n\t\t\t\t<img class=\"newsContent__article__imgCapa newsContent__article__imgCapa--banner\"\n\t\t\t\t\tsrc=\"https:\/\/files.sunoresearch.com.br\/n\/uploads\/2023\/03\/1420x240-Planilha-controle-de-gastos.png\"\n\t\t\t\t\tdata-promo-id=\"101751\"\t\t\t\t\t\t\t\t\t\twidth='1420' height='240'\t\t\t\t\talt=\"https:\/\/files.sunoresearch.com.br\/n\/uploads\/2023\/03\/1420x240-Planilha-controle-de-gastos.png\"\n\t\t\t\t>\n\t\t\t<\/picture>\n\t\t<\/a>\n\t<\/p>\n\n\n<p>A decis\u00e3o do grupo alem\u00e3o parte da premissa de que a transi\u00e7\u00e3o da ind\u00fastria rumo ao<strong> carro el\u00e9trico<\/strong> n\u00e3o vai acontecer na mesma velocidade em todas as partes do mundo, de modo que motores a combust\u00e3o interna seguir\u00e3o sendo produzidos em mercados onde a substitui\u00e7\u00e3o de tecnologia levar\u00e1 mais tempo.<\/p>\n<p>O papel do <strong>Brasil<\/strong>, ent\u00e3o, ser\u00e1 de desenvolver a esses mercados, que em grande parte usam gasolina como fonte de energia, solu\u00e7\u00f5es mais limpas, complementando assim a evolu\u00e7\u00e3o gradual da produ\u00e7\u00e3o de ve\u00edculos el\u00e9tricos ou h\u00edbridos dentro do compromisso da Volkswagen, previsto em sua ades\u00e3o ao<strong> Acordo de Paris<\/strong>, de buscar neutralidade em emiss\u00f5es de poluentes at\u00e9 2050.<\/p>\n\t<p>\n\t\t<a href=\"https:\/\/lp.suno.com.br\/planilha-da-vida-financeira\/\" target=\"_blank\" data-element=\"shortcode-suno-banner\" title=\"Banner SUNO, clique e saiba mais\">\n\t\t\t<picture>\n\t\t\t\t<source media=\"(max-width: 500px)\" srcset=\"https:\/\/files.sunoresearch.com.br\/n\/uploads\/2023\/04\/400x300-Planilha-vida-financeira-true.png\">\n\t\t\t\t<img class=\"newsContent__article__imgCapa newsContent__article__imgCapa--banner\"\n\t\t\t\t\tsrc=\"https:\/\/files.sunoresearch.com.br\/n\/uploads\/2023\/04\/1420x240-Planilha-vida-financeira-true.png\"\n\t\t\t\t\tdata-promo-id=\"106682\"\t\t\t\t\t\t\t\t\t\twidth='1420' height='240'\t\t\t\t\talt=\"https:\/\/files.sunoresearch.com.br\/n\/uploads\/2023\/04\/1420x240-Planilha-vida-financeira-true.png\"\n\t\t\t\t>\n\t\t\t<\/picture>\n\t\t<\/a>\n\t<\/p>\n\n\n<p>O centro de desenvolvimento do Brasil vai funcionar de forma independente em rela\u00e7\u00e3o \u00e0s demais opera\u00e7\u00f5es da montadora no mundo, atraindo parcerias com governo, universidades e produtores de biocombust\u00edvel. A inten\u00e7\u00e3o \u00e9 de que dele saiam inova\u00e7\u00f5es a serem adotadas n\u00e3o apenas domesticamente e em mercados vizinhos, mas tamb\u00e9m em economias emergentes como <strong>\u00cdndia<\/strong> e pa\u00edses do continente africano, entre outros.<\/p>\n<h2>Volkswagen estuda usar etanol como fonte de recarga para baterias dos carros el\u00e9tricos<\/h2>\n<p>Segundo Pablo Di Si, presidente e CEO da Volkswagen na <strong>Am\u00e9rica Latina<\/strong>, o objetivo do centro ser\u00e1 de n\u00e3o somente desenvolver solu\u00e7\u00f5es que reduzam as emiss\u00f5es dos propulsores convencionais como estudar o uso de etanol como fonte de recarga das baterias de <strong>carros el\u00e9tricos<\/strong>, uma possibilidade aberta pela tecnologia de c\u00e9lula a combust\u00edvel.<\/p>\n<p>&#8220;N\u00e3o queremos criar uma &#8216;jabuticaba&#8217;, e sim pensar em como a tecnologia desenvolvida no Brasil pode ser aproveitada em outros pa\u00edses ao redor do mundo&#8221;, diz o executivo.<\/p>\n<p>Ao mesmo tempo em que espera aposentar definitivamente os motores a combust\u00e3o interna na <strong>Europa<\/strong> entre 2033 e 2035, a Volkswagen avalia que a transforma\u00e7\u00e3o tecnol\u00f3gica deve acontecer mais tarde na <strong>China<\/strong> e nos<strong> Estados Unidos<\/strong>, os dois maiores mercados de autom\u00f3veis do mundo, levando ainda mais tempo em mercados emergentes como o Brasil.<\/p>\n<p>Al\u00e9m de diferen\u00e7as entre est\u00e1gios de desenvolvimento tecnol\u00f3gico, de rede de postos de recarga e de renda dos consumidores, a falta de agenda pol\u00edtica indica que a eletrifica\u00e7\u00e3o dos autom\u00f3veis avan\u00e7ar\u00e1 mais lentamente no Brasil, embora o Pa\u00eds tenha a seu favor uma matriz energ\u00e9tica baseada em <strong>fontes renov\u00e1veis<\/strong>.<\/p>\n<p>Ainda n\u00e3o h\u00e1 defini\u00e7\u00e3o sobre quanto a <strong>Volkswagen<\/strong> vai investir e quantos engenheiros ser\u00e3o contratados pelo centro de desenvolvimento de tecnologias baseadas em biocombust\u00edveis. Sua cria\u00e7\u00e3o, no entanto, j\u00e1 foi autorizada pela matriz na Alemanha. &#8220;Ser\u00e1 um processo que vai demorar mais alguns meses at\u00e9 o fim do ano. Mas o mais importante foi a aprova\u00e7\u00e3o do conceito pelo conselho mundial&#8221;, afirma Di Si.<\/p>\n\t<p>\n\t\t<a href=\"https:\/\/lp.suno.com.br\/planilha-de-controle-de-investimentos\/\" target=\"_blank\" data-element=\"shortcode-suno-banner\" title=\"Banner SUNO, clique e saiba mais\">\n\t\t\t<picture>\n\t\t\t\t<source media=\"(max-width: 500px)\" srcset=\"https:\/\/files.sunoresearch.com.br\/n\/uploads\/2023\/03\/400x300-Controle-de-Investimentos.png\">\n\t\t\t\t<img class=\"newsContent__article__imgCapa newsContent__article__imgCapa--banner\"\n\t\t\t\t\tsrc=\"https:\/\/files.sunoresearch.com.br\/n\/uploads\/2023\/03\/1420x240-Controle-de-Investimentos.png\"\n\t\t\t\t\tdata-promo-id=\"75934\"\t\t\t\t\t\t\t\t\t\twidth='1420' height='240'\t\t\t\t\talt=\"https:\/\/files.sunoresearch.com.br\/n\/uploads\/2023\/03\/1420x240-Controle-de-Investimentos.png\"\n\t\t\t\t>\n\t\t\t<\/picture>\n\t\t<\/a>\n\t<\/p>\n\n\n<p><em>(Com informa\u00e7\u00f5es do Estad\u00e3o Conte\u00fado)<\/em><\/p>\n","protected":false},"excerpt":{"rendered":"<p>Enquanto se move para aposentar at\u00e9 meados da pr\u00f3xima d\u00e9cada o motor convencional a combust\u00e3o interna na Europa, a Volkswagen decidiu fazer do Brasil um centro de pesquisa e desenvolvimento de sistemas de propuls\u00e3o de autom\u00f3veis que utilizam etanol e outros biocombust\u00edveis como energia. Volkswagen. Foto: Reprodu\u00e7\u00e3o Site A decis\u00e3o do grupo alem\u00e3o parte da [&hellip;]<\/p>\n","protected":false},"author":15,"featured_media":133370,"comment_status":"closed","ping_status":"closed","sticky":false,"template":"","format":"standard","meta":[],"categories":[64],"tags":[941,854],"suno_strategy":[],"class_list":["post-165085","post","type-post","status-publish","format-standard","has-post-thumbnail","hentry","category-negocios","tag-setor-automotivo","tag-volkswagen"],"yoast_head":"<!-- This site is optimized with the Yoast SEO plugin v24.4 - https:\/\/yoast.com\/wordpress\/plugins\/seo\/ -->\n<title>Volkswagen decide estudar no Brasil o motor a biocombust\u00edvel<\/title>\n<meta name=\"description\" content=\"A Volkswagen decidiu fazer do Brasil um centro de pesquisa e desenvolvimento de que utilizam etanol. Clique aqui e saiba mais\" \/>\n<meta name=\"robots\" content=\"index, follow, max-snippet:-1, max-image-preview:large, max-video-preview:-1\" \/>\n<link rel=\"canonical\" href=\"https:\/\/www.suno.com.br\/noticias\/brasil-volkswagen-motor-a-biocombustivel\/\" \/>\n<meta property=\"og:locale\" content=\"pt_BR\" \/>\n<meta property=\"og:type\" content=\"article\" \/>\n<meta property=\"og:title\" content=\"Volkswagen decide estudar no Brasil o motor a biocombust\u00edvel\" \/>\n<meta property=\"og:description\" content=\"A Volkswagen decidiu fazer do Brasil um centro de pesquisa e desenvolvimento de que utilizam etanol. Clique aqui e saiba mais\" \/>\n<meta property=\"og:url\" content=\"https:\/\/www.suno.com.br\/noticias\/brasil-volkswagen-motor-a-biocombustivel\/\" \/>\n<meta property=\"og:site_name\" content=\"Suno Not\u00edcias\" \/>\n<meta property=\"article:publisher\" content=\"https:\/\/facebook.com\/sunoresearch\" \/>\n<meta property=\"og:image\" content=\"https:\/\/files.sunoresearch.com.br\/n\/uploads\/2021\/03\/c682af7a-da94-454b-af10-3d0f5a2e1105.jpeg\" \/>\n\t<meta property=\"og:image:width\" content=\"1920\" \/>\n\t<meta property=\"og:image:height\" content=\"1428\" \/>\n\t<meta property=\"og:image:type\" content=\"image\/jpeg\" \/>\n<meta name=\"author\" content=\"Poliana Santos\" \/>\n<meta name=\"twitter:card\" content=\"summary_large_image\" \/>\n<meta name=\"twitter:creator\" content=\"@sunoresearch\" \/>\n<meta name=\"twitter:site\" content=\"@sunoresearch\" \/>\n<meta name=\"twitter:label1\" content=\"Escrito por\" \/>\n\t<meta name=\"twitter:data1\" content=\"Poliana Santos\" \/>\n\t<meta name=\"twitter:label2\" content=\"Est. tempo de leitura\" \/>\n\t<meta name=\"twitter:data2\" content=\"3 minutos\" \/>\n<script type=\"application\/ld+json\" class=\"yoast-schema-graph\">{\"@context\":\"https:\/\/schema.org\",\"@graph\":[{\"@type\":\"NewsArticle\",\"@id\":\"https:\/\/www.suno.com.br\/noticias\/brasil-volkswagen-motor-a-biocombustivel\/#article\",\"isPartOf\":{\"@id\":\"https:\/\/www.suno.com.br\/noticias\/brasil-volkswagen-motor-a-biocombustivel\/\"},\"author\":{\"name\":\"Poliana Santos\",\"@id\":\"https:\/\/www.suno.com.br\/noticias\/#\/schema\/person\/02ec1f752758247878a2bf4abee1aeda\"},\"headline\":\"Volkswagen decide tornar o Brasil centro de desenvolvimento do motor a biocombust\u00edvel\",\"datePublished\":\"2021-07-12T11:11:53+00:00\",\"dateModified\":\"2021-07-12T22:18:03+00:00\",\"mainEntityOfPage\":{\"@id\":\"https:\/\/www.suno.com.br\/noticias\/brasil-volkswagen-motor-a-biocombustivel\/\"},\"wordCount\":563,\"publisher\":{\"@id\":\"https:\/\/www.suno.com.br\/noticias\/#organization\"},\"image\":{\"@id\":\"https:\/\/www.suno.com.br\/noticias\/brasil-volkswagen-motor-a-biocombustivel\/#primaryimage\"},\"thumbnailUrl\":\"https:\/\/files.sunoresearch.com.br\/n\/uploads\/2021\/03\/c682af7a-da94-454b-af10-3d0f5a2e1105-jpeg.webp\",\"keywords\":[\"setor automotivo\",\"Volkswagen\"],\"articleSection\":[\"Neg\u00f3cios\"],\"inLanguage\":\"pt-BR\"},{\"@type\":\"WebPage\",\"@id\":\"https:\/\/www.suno.com.br\/noticias\/brasil-volkswagen-motor-a-biocombustivel\/\",\"url\":\"https:\/\/www.suno.com.br\/noticias\/brasil-volkswagen-motor-a-biocombustivel\/\",\"name\":\"Volkswagen decide estudar no Brasil o motor a biocombust\u00edvel\",\"isPartOf\":{\"@id\":\"https:\/\/www.suno.com.br\/noticias\/#website\"},\"primaryImageOfPage\":{\"@id\":\"https:\/\/www.suno.com.br\/noticias\/brasil-volkswagen-motor-a-biocombustivel\/#primaryimage\"},\"image\":{\"@id\":\"https:\/\/www.suno.com.br\/noticias\/brasil-volkswagen-motor-a-biocombustivel\/#primaryimage\"},\"thumbnailUrl\":\"https:\/\/files.sunoresearch.com.br\/n\/uploads\/2021\/03\/c682af7a-da94-454b-af10-3d0f5a2e1105-jpeg.webp\",\"datePublished\":\"2021-07-12T11:11:53+00:00\",\"dateModified\":\"2021-07-12T22:18:03+00:00\",\"description\":\"A Volkswagen decidiu fazer do Brasil um centro de pesquisa e desenvolvimento de que utilizam etanol. Clique aqui e saiba mais\",\"breadcrumb\":{\"@id\":\"https:\/\/www.suno.com.br\/noticias\/brasil-volkswagen-motor-a-biocombustivel\/#breadcrumb\"},\"inLanguage\":\"pt-BR\",\"potentialAction\":[{\"@type\":\"ReadAction\",\"target\":[\"https:\/\/www.suno.com.br\/noticias\/brasil-volkswagen-motor-a-biocombustivel\/\"]}]},{\"@type\":\"ImageObject\",\"inLanguage\":\"pt-BR\",\"@id\":\"https:\/\/www.suno.com.br\/noticias\/brasil-volkswagen-motor-a-biocombustivel\/#primaryimage\",\"url\":\"https:\/\/files.sunoresearch.com.br\/n\/uploads\/2021\/03\/c682af7a-da94-454b-af10-3d0f5a2e1105-jpeg.webp\",\"contentUrl\":\"https:\/\/files.sunoresearch.com.br\/n\/uploads\/2021\/03\/c682af7a-da94-454b-af10-3d0f5a2e1105-jpeg.webp\",\"width\":1920,\"height\":1428,\"caption\":\"Volkswagen. Foto: Reprodu\u00e7\u00e3o Site\"},{\"@type\":\"BreadcrumbList\",\"@id\":\"https:\/\/www.suno.com.br\/noticias\/brasil-volkswagen-motor-a-biocombustivel\/#breadcrumb\",\"itemListElement\":[{\"@type\":\"ListItem\",\"position\":1,\"name\":\"Not\u00edcias\",\"item\":\"https:\/\/www.suno.com.br\/noticias\/\"},{\"@type\":\"ListItem\",\"position\":2,\"name\":\"Neg\u00f3cios\",\"item\":\"https:\/\/www.suno.com.br\/noticias\/negocios\/\"},{\"@type\":\"ListItem\",\"position\":3,\"name\":\"Volkswagen decide tornar o Brasil centro de desenvolvimento do motor a biocombust\u00edvel\"}]},{\"@type\":\"WebSite\",\"@id\":\"https:\/\/www.suno.com.br\/noticias\/#website\",\"url\":\"https:\/\/www.suno.com.br\/noticias\/\",\"name\":\"Suno Not\u00edcias\",\"description\":\"Seu portal de informa\u00e7\u00e3o sobre o mundo dos investimentos\",\"publisher\":{\"@id\":\"https:\/\/www.suno.com.br\/noticias\/#organization\"},\"potentialAction\":[{\"@type\":\"SearchAction\",\"target\":{\"@type\":\"EntryPoint\",\"urlTemplate\":\"https:\/\/www.suno.com.br\/noticias\/?s={search_term_string}\"},\"query-input\":{\"@type\":\"PropertyValueSpecification\",\"valueRequired\":true,\"valueName\":\"search_term_string\"}}],\"inLanguage\":\"pt-BR\"},{\"@type\":\"Organization\",\"@id\":\"https:\/\/www.suno.com.br\/noticias\/#organization\",\"name\":\"Suno Not\u00edcias\",\"url\":\"https:\/\/www.suno.com.br\/noticias\/\",\"logo\":{\"@type\":\"ImageObject\",\"inLanguage\":\"pt-BR\",\"@id\":\"https:\/\/www.suno.com.br\/noticias\/#\/schema\/logo\/image\/\",\"url\":\"https:\/\/files.sunoresearch.com.br\/n\/uploads\/2021\/09\/suno-logo.png\",\"contentUrl\":\"https:\/\/files.sunoresearch.com.br\/n\/uploads\/2021\/09\/suno-logo.png\",\"width\":180,\"height\":180,\"caption\":\"Suno Not\u00edcias\"},\"image\":{\"@id\":\"https:\/\/www.suno.com.br\/noticias\/#\/schema\/logo\/image\/\"},\"sameAs\":[\"https:\/\/facebook.com\/sunoresearch\",\"https:\/\/x.com\/sunoresearch\",\"https:\/\/www.instagram.com\/suno\",\"https:\/\/www.linkedin.com\/company\/suno-research\/\",\"https:\/\/www.youtube.com\/c\/sunoresearch\"]},{\"@type\":\"Person\",\"@id\":\"https:\/\/www.suno.com.br\/noticias\/#\/schema\/person\/02ec1f752758247878a2bf4abee1aeda\",\"name\":\"Poliana Santos\",\"image\":{\"@type\":\"ImageObject\",\"inLanguage\":\"pt-BR\",\"@id\":\"https:\/\/www.suno.com.br\/noticias\/#\/schema\/person\/image\/\",\"url\":\"https:\/\/secure.gravatar.com\/avatar\/0645bd32f23d87b2130f2b2dff1d3f8d?s=96&r=g\",\"contentUrl\":\"https:\/\/secure.gravatar.com\/avatar\/0645bd32f23d87b2130f2b2dff1d3f8d?s=96&r=g\",\"caption\":\"Poliana Santos\"},\"description\":\"Rep\u00f3rter no Suno Not\u00edcias, com cobertura em mercado financeiro, economia, finan\u00e7as pessoais, renda fixa e varejo. Jornalista formada pela Faculdade C\u00e1sper L\u00edbero e possui passagem na R\u00e1dio Gazeta AM com a produ\u00e7\u00e3o de conte\u00fado sobre economia, pol\u00edtica, sa\u00fade, moda e m\u00fasica. Possui certificado de conclus\u00e3o do curso de An\u00e1lise de Balan\u00e7os pela Funda\u00e7\u00e3o Bradesco, Agenda Brasil pela FAAP, Educa\u00e7\u00e3o Pol\u00edtica por Alexandre Garcia e do Tesouro Direto e Mercado de A\u00e7\u00f5es pela B3.\",\"url\":\"https:\/\/www.suno.com.br\/noticias\/author\/poliana-santos\/\"}]}<\/script>\n<!-- \/ Yoast SEO plugin. -->","yoast_head_json":{"title":"Volkswagen decide estudar no Brasil o motor a biocombust\u00edvel","description":"A Volkswagen decidiu fazer do Brasil um centro de pesquisa e desenvolvimento de que utilizam etanol. Clique aqui e saiba mais","robots":{"index":"index","follow":"follow","max-snippet":"max-snippet:-1","max-image-preview":"max-image-preview:large","max-video-preview":"max-video-preview:-1"},"canonical":"https:\/\/www.suno.com.br\/noticias\/brasil-volkswagen-motor-a-biocombustivel\/","og_locale":"pt_BR","og_type":"article","og_title":"Volkswagen decide estudar no Brasil o motor a biocombust\u00edvel","og_description":"A Volkswagen decidiu fazer do Brasil um centro de pesquisa e desenvolvimento de que utilizam etanol. Clique aqui e saiba mais","og_url":"https:\/\/www.suno.com.br\/noticias\/brasil-volkswagen-motor-a-biocombustivel\/","og_site_name":"Suno Not\u00edcias","article_publisher":"https:\/\/facebook.com\/sunoresearch","og_image":[{"width":1920,"height":1428,"url":"https:\/\/files.sunoresearch.com.br\/n\/uploads\/2021\/03\/c682af7a-da94-454b-af10-3d0f5a2e1105.jpeg","type":"image\/jpeg"}],"author":"Poliana Santos","twitter_card":"summary_large_image","twitter_creator":"@sunoresearch","twitter_site":"@sunoresearch","twitter_misc":{"Escrito por":"Poliana Santos","Est. tempo de leitura":"3 minutos"},"schema":{"@context":"https:\/\/schema.org","@graph":[{"@type":"NewsArticle","@id":"https:\/\/www.suno.com.br\/noticias\/brasil-volkswagen-motor-a-biocombustivel\/#article","isPartOf":{"@id":"https:\/\/www.suno.com.br\/noticias\/brasil-volkswagen-motor-a-biocombustivel\/"},"author":{"name":"Poliana Santos","@id":"https:\/\/www.suno.com.br\/noticias\/#\/schema\/person\/02ec1f752758247878a2bf4abee1aeda"},"headline":"Volkswagen decide tornar o Brasil centro de desenvolvimento do motor a biocombust\u00edvel","datePublished":"2021-07-12T11:11:53+00:00","dateModified":"2021-07-12T22:18:03+00:00","mainEntityOfPage":{"@id":"https:\/\/www.suno.com.br\/noticias\/brasil-volkswagen-motor-a-biocombustivel\/"},"wordCount":563,"publisher":{"@id":"https:\/\/www.suno.com.br\/noticias\/#organization"},"image":{"@id":"https:\/\/www.suno.com.br\/noticias\/brasil-volkswagen-motor-a-biocombustivel\/#primaryimage"},"thumbnailUrl":"https:\/\/files.sunoresearch.com.br\/n\/uploads\/2021\/03\/c682af7a-da94-454b-af10-3d0f5a2e1105-jpeg.webp","keywords":["setor automotivo","Volkswagen"],"articleSection":["Neg\u00f3cios"],"inLanguage":"pt-BR"},{"@type":"WebPage","@id":"https:\/\/www.suno.com.br\/noticias\/brasil-volkswagen-motor-a-biocombustivel\/","url":"https:\/\/www.suno.com.br\/noticias\/brasil-volkswagen-motor-a-biocombustivel\/","name":"Volkswagen decide estudar no Brasil o motor a biocombust\u00edvel","isPartOf":{"@id":"https:\/\/www.suno.com.br\/noticias\/#website"},"primaryImageOfPage":{"@id":"https:\/\/www.suno.com.br\/noticias\/brasil-volkswagen-motor-a-biocombustivel\/#primaryimage"},"image":{"@id":"https:\/\/www.suno.com.br\/noticias\/brasil-volkswagen-motor-a-biocombustivel\/#primaryimage"},"thumbnailUrl":"https:\/\/files.sunoresearch.com.br\/n\/uploads\/2021\/03\/c682af7a-da94-454b-af10-3d0f5a2e1105-jpeg.webp","datePublished":"2021-07-12T11:11:53+00:00","dateModified":"2021-07-12T22:18:03+00:00","description":"A Volkswagen decidiu fazer do Brasil um centro de pesquisa e desenvolvimento de que utilizam etanol. Clique aqui e saiba mais","breadcrumb":{"@id":"https:\/\/www.suno.com.br\/noticias\/brasil-volkswagen-motor-a-biocombustivel\/#breadcrumb"},"inLanguage":"pt-BR","potentialAction":[{"@type":"ReadAction","target":["https:\/\/www.suno.com.br\/noticias\/brasil-volkswagen-motor-a-biocombustivel\/"]}]},{"@type":"ImageObject","inLanguage":"pt-BR","@id":"https:\/\/www.suno.com.br\/noticias\/brasil-volkswagen-motor-a-biocombustivel\/#primaryimage","url":"https:\/\/files.sunoresearch.com.br\/n\/uploads\/2021\/03\/c682af7a-da94-454b-af10-3d0f5a2e1105-jpeg.webp","contentUrl":"https:\/\/files.sunoresearch.com.br\/n\/uploads\/2021\/03\/c682af7a-da94-454b-af10-3d0f5a2e1105-jpeg.webp","width":1920,"height":1428,"caption":"Volkswagen. Foto: Reprodu\u00e7\u00e3o Site"},{"@type":"BreadcrumbList","@id":"https:\/\/www.suno.com.br\/noticias\/brasil-volkswagen-motor-a-biocombustivel\/#breadcrumb","itemListElement":[{"@type":"ListItem","position":1,"name":"Not\u00edcias","item":"https:\/\/www.suno.com.br\/noticias\/"},{"@type":"ListItem","position":2,"name":"Neg\u00f3cios","item":"https:\/\/www.suno.com.br\/noticias\/negocios\/"},{"@type":"ListItem","position":3,"name":"Volkswagen decide tornar o Brasil centro de desenvolvimento do motor a biocombust\u00edvel"}]},{"@type":"WebSite","@id":"https:\/\/www.suno.com.br\/noticias\/#website","url":"https:\/\/www.suno.com.br\/noticias\/","name":"Suno Not\u00edcias","description":"Seu portal de informa\u00e7\u00e3o sobre o mundo dos investimentos","publisher":{"@id":"https:\/\/www.suno.com.br\/noticias\/#organization"},"potentialAction":[{"@type":"SearchAction","target":{"@type":"EntryPoint","urlTemplate":"https:\/\/www.suno.com.br\/noticias\/?s={search_term_string}"},"query-input":{"@type":"PropertyValueSpecification","valueRequired":true,"valueName":"search_term_string"}}],"inLanguage":"pt-BR"},{"@type":"Organization","@id":"https:\/\/www.suno.com.br\/noticias\/#organization","name":"Suno Not\u00edcias","url":"https:\/\/www.suno.com.br\/noticias\/","logo":{"@type":"ImageObject","inLanguage":"pt-BR","@id":"https:\/\/www.suno.com.br\/noticias\/#\/schema\/logo\/image\/","url":"https:\/\/files.sunoresearch.com.br\/n\/uploads\/2021\/09\/suno-logo.png","contentUrl":"https:\/\/files.sunoresearch.com.br\/n\/uploads\/2021\/09\/suno-logo.png","width":180,"height":180,"caption":"Suno Not\u00edcias"},"image":{"@id":"https:\/\/www.suno.com.br\/noticias\/#\/schema\/logo\/image\/"},"sameAs":["https:\/\/facebook.com\/sunoresearch","https:\/\/x.com\/sunoresearch","https:\/\/www.instagram.com\/suno","https:\/\/www.linkedin.com\/company\/suno-research\/","https:\/\/www.youtube.com\/c\/sunoresearch"]},{"@type":"Person","@id":"https:\/\/www.suno.com.br\/noticias\/#\/schema\/person\/02ec1f752758247878a2bf4abee1aeda","name":"Poliana Santos","image":{"@type":"ImageObject","inLanguage":"pt-BR","@id":"https:\/\/www.suno.com.br\/noticias\/#\/schema\/person\/image\/","url":"https:\/\/secure.gravatar.com\/avatar\/0645bd32f23d87b2130f2b2dff1d3f8d?s=96&r=g","contentUrl":"https:\/\/secure.gravatar.com\/avatar\/0645bd32f23d87b2130f2b2dff1d3f8d?s=96&r=g","caption":"Poliana Santos"},"description":"Rep\u00f3rter no Suno Not\u00edcias, com cobertura em mercado financeiro, economia, finan\u00e7as pessoais, renda fixa e varejo. Jornalista formada pela Faculdade C\u00e1sper L\u00edbero e possui passagem na R\u00e1dio Gazeta AM com a produ\u00e7\u00e3o de conte\u00fado sobre economia, pol\u00edtica, sa\u00fade, moda e m\u00fasica. Possui certificado de conclus\u00e3o do curso de An\u00e1lise de Balan\u00e7os pela Funda\u00e7\u00e3o Bradesco, Agenda Brasil pela FAAP, Educa\u00e7\u00e3o Pol\u00edtica por Alexandre Garcia e do Tesouro Direto e Mercado de A\u00e7\u00f5es pela B3.","url":"https:\/\/www.suno.com.br\/noticias\/author\/poliana-santos\/"}]}},"default_loop_html":"<div class=\"cardsPage__listCard__boxs\"><div class=\"cardsPage__listCard__boxs__img\"><a href=\"https:\/\/www.suno.com.br\/noticias\/brasil-volkswagen-motor-a-biocombustivel\/\"><img class=\"mask\" src=\"https:\/\/www.suno.com.br\/noticias\/wp-content\/themes\/suno\/resources\/images\/spotlight\/spotlight1img\/bg-mask.png\" alt=\"Image Mask\"\/><img src=\"https:\/\/files.sunoresearch.com.br\/n\/uploads\/2021\/03\/c682af7a-da94-454b-af10-3d0f5a2e1105-400x200.webp\" alt=\"Volkswagen decide tornar o Brasil centro de desenvolvimento do motor a biocombust\u00edvel\"\/><\/a><span class=\"spotlightCategory\"><a href=\"https:\/\/www.suno.com.br\/noticias\/negocios\/\">Neg\u00f3cios<\/a><\/span><\/div><div class=\"cardsPage__listCard__boxs__content\"><a href=\"https:\/\/www.suno.com.br\/noticias\/brasil-volkswagen-motor-a-biocombustivel\/\"><h2 class=\"content__title\">Volkswagen decide tornar o Brasil centro de desenvolvimento do motor a biocombust\u00edvel<\/h2><\/a><div class=\"newsContent__article__meta\"><div class=\"newsContent__article__meta__authorBox\"><a href=\"https:\/\/www.suno.com.br\/noticias\/author\/poliana-santos\/\" class=\"authorBox__avatar noMobi\"><img src=\"https:\/\/files.sunoresearch.com.br\/n\/uploads\/2020\/08\/7ef34026-whatsapp-image-2020-08-03-at-12.37.57-150x150.webp\" alt=\"Poliana Santos\"><\/a><div class=\"authorBox__name\"><span>por\n\t\t\t<a href=\"https:\/\/www.suno.com.br\/noticias\/author\/poliana-santos\/\"><span itemprop=\"author\">Poliana Santos<\/span><\/a><\/span><time datetime=\"2021-07-12T08:11:53-03:00\" itemprop=\"datePublished\">12\/07\/2021 08:11<\/time><\/div><\/div><\/div><\/div><\/div>","single_layout":"posts","amp_enabled":true,"_links":{"self":[{"href":"https:\/\/www.suno.com.br\/noticias\/wp-json\/wp\/v2\/posts\/165085"}],"collection":[{"href":"https:\/\/www.suno.com.br\/noticias\/wp-json\/wp\/v2\/posts"}],"about":[{"href":"https:\/\/www.suno.com.br\/noticias\/wp-json\/wp\/v2\/types\/post"}],"author":[{"embeddable":true,"href":"https:\/\/www.suno.com.br\/noticias\/wp-json\/wp\/v2\/users\/15"}],"replies":[{"embeddable":true,"href":"https:\/\/www.suno.com.br\/noticias\/wp-json\/wp\/v2\/comments?post=165085"}],"version-history":[{"count":4,"href":"https:\/\/www.suno.com.br\/noticias\/wp-json\/wp\/v2\/posts\/165085\/revisions"}],"predecessor-version":[{"id":165361,"href":"https:\/\/www.suno.com.br\/noticias\/wp-json\/wp\/v2\/posts\/165085\/revisions\/165361"}],"wp:featuredmedia":[{"embeddable":true,"href":"https:\/\/www.suno.com.br\/noticias\/wp-json\/wp\/v2\/media\/133370"}],"wp:attachment":[{"href":"https:\/\/www.suno.com.br\/noticias\/wp-json\/wp\/v2\/media?parent=165085"}],"wp:term":[{"taxonomy":"category","embeddable":true,"href":"https:\/\/www.suno.com.br\/noticias\/wp-json\/wp\/v2\/categories?post=165085"},{"taxonomy":"post_tag","embeddable":true,"href":"https:\/\/www.suno.com.br\/noticias\/wp-json\/wp\/v2\/tags?post=165085"},{"taxonomy":"suno_strategy","embeddable":true,"href":"https:\/\/www.suno.com.br\/noticias\/wp-json\/wp\/v2\/suno_strategy?post=165085"}],"curies":[{"name":"wp","href":"https:\/\/api.w.org\/{rel}","templated":true}]}}