{"id":164893,"date":"2021-07-09T15:18:24","date_gmt":"2021-07-09T18:18:24","guid":{"rendered":"https:\/\/www.suno.com.br\/noticias\/?p=164893"},"modified":"2021-07-09T15:18:24","modified_gmt":"2021-07-09T18:18:24","slug":"dolar-ptax-fecha-sexta-feira-queda","status":"publish","type":"post","link":"https:\/\/www.suno.com.br\/noticias\/dolar-ptax-fecha-sexta-feira-queda\/","title":{"rendered":"D\u00f3lar Ptax fecha sexta-feira em queda de 0,37%, a R$ 5,2393"},"content":{"rendered":"<p>O d\u00f3lar <strong>Ptax<\/strong> fechou esta sexta-feira cotada a R$ 5,2393, queda de 0,37% em rela\u00e7\u00e3o \u00e0 v\u00e9spera, quando encerrou a R$ 5,2587.<\/p>\t<div class=\"wrapper-featured-image\">\n\t\t<figure class=\"spotlightImg\">\n\n\t\t\t<picture>\n\t\t\t\t<source media=\"(max-width: 768px)\" srcset=\"https:\/\/files.sunoresearch.com.br\/n\/uploads\/2021\/04\/e5e794c1-dollar-4418320_1280-400x200.webp\">\n\t\t\t\t<img loading=\"lazy\" decoding=\"async\" class=\"newsContent__article__imgCapa lazyloadDisabled \" src=\"https:\/\/files.sunoresearch.com.br\/n\/uploads\/2021\/04\/e5e794c1-dollar-4418320_1280-800x450.webp\" width=\"800\" height=\"450\" alt=\"D\u00f3lar Ptax fecha sexta-feira em queda de 0,37%, a R$ 5,2393\" fetchpriority=high \/>\n\t\t\t<\/picture>\n\n\t\t\t<figcaption class=\"wp-caption-text wp-caption-text--show\">D\u00f3lar - Foto: Pixabay<\/figcaption>\n\t\t<\/figure>\n\t<\/div>\n\n\n\t<p>\n\t\t<a href=\"https:\/\/lp.suno.com.br\/planilha-controle-gastos\/\" target=\"_blank\" data-element=\"shortcode-suno-banner\" title=\"Banner SUNO, clique e saiba mais\">\n\t\t\t<picture>\n\t\t\t\t<source media=\"(max-width: 500px)\" srcset=\"https:\/\/files.sunoresearch.com.br\/n\/uploads\/2023\/03\/400x300-Planilha-controle-de-gastos.png\">\n\t\t\t\t<img class=\"newsContent__article__imgCapa newsContent__article__imgCapa--banner\"\n\t\t\t\t\tsrc=\"https:\/\/files.sunoresearch.com.br\/n\/uploads\/2023\/03\/1420x240-Planilha-controle-de-gastos.png\"\n\t\t\t\t\tdata-promo-id=\"101751\"\t\t\t\t\t\t\t\t\t\twidth='1420' height='240'\t\t\t\t\talt=\"https:\/\/files.sunoresearch.com.br\/n\/uploads\/2023\/03\/1420x240-Planilha-controle-de-gastos.png\"\n\t\t\t\t>\n\t\t\t<\/picture>\n\t\t<\/a>\n\t<\/p>\n\n\n<p>A Ptax di\u00e1ria \u00e9 resultado de quatro coletas feitas pelo Banco Central no decorrer da primeira metade dos neg\u00f3cios, que hoje foram de R$ 5,2330 (10h12), R$ 5,2453 (11h11), R$ 5,2450 (12h12) e R$ 5,2340 (13h07).<\/p>\n<p>O d\u00f3lar \u00e0 vista encerrou em queda de 0,31%, tamb\u00e9m cotado a R$ 5,2393, no balc\u00e3o. Hoje, n\u00e3o h\u00e1 negocia\u00e7\u00f5es na B3 em raz\u00e3o do feriado no Estado de S\u00e3o Paulo, mas em algumas pra\u00e7as o <a class=\"suno-keyword\" href=\"https:\/\/www.suno.com.br\/artigos\/mercado-balcao\/\" target=\"_blank\" rel=\"noopener noreferrer\" data-force=\"no\" data-priority=\"1\">mercado de balc\u00e3o<\/a> funciona.<\/p>\n<p>A oscila\u00e7\u00e3o da moeda \u00e0 vista \u00e9 baseada nas coletas usadas para a<strong> forma\u00e7\u00e3o da Ptax<\/strong> desta sexta-feira.<\/p>\n\t<p>\n\t\t<a href=\"https:\/\/lp.suno.com.br\/planilha-da-vida-financeira\/\" target=\"_blank\" data-element=\"shortcode-suno-banner\" title=\"Banner SUNO, clique e saiba mais\">\n\t\t\t<picture>\n\t\t\t\t<source media=\"(max-width: 500px)\" srcset=\"https:\/\/files.sunoresearch.com.br\/n\/uploads\/2023\/04\/400x300-Planilha-vida-financeira-true.png\">\n\t\t\t\t<img class=\"newsContent__article__imgCapa newsContent__article__imgCapa--banner\"\n\t\t\t\t\tsrc=\"https:\/\/files.sunoresearch.com.br\/n\/uploads\/2023\/04\/1420x240-Planilha-vida-financeira-true.png\"\n\t\t\t\t\tdata-promo-id=\"106682\"\t\t\t\t\t\t\t\t\t\twidth='1420' height='240'\t\t\t\t\talt=\"https:\/\/files.sunoresearch.com.br\/n\/uploads\/2023\/04\/1420x240-Planilha-vida-financeira-true.png\"\n\t\t\t\t>\n\t\t\t<\/picture>\n\t\t<\/a>\n\t<\/p>\n\n\n<p>Esta semana, o<strong> d\u00f3lar<\/strong> engatou uma sequ\u00eancia de altas, em meio a preocupa\u00e7\u00f5es sobre a variante delta do coronav\u00edrus e aos ru\u00eddos pol\u00edticos no Brasil.<\/p>\n<p>A investiga\u00e7\u00e3o sobre a compra da vacina Covaxin e a pris\u00e3o do ex-diretor de log\u00edstica do Minist\u00e9rio da Sa\u00fade, Roberto Dias, deixaram os \u00e2nimos mais exaltados.<\/p>\n<h2>Veja o d\u00f3lar PTAX do m\u00eas de junho<\/h2>\n<p>Em junho, o d\u00f3lar PTAX fechou cotado a R$ 5,0068. Definida no \u00faltimo dia \u00fatil de cada m\u00eas, esta taxa \u00e9 muito usada no mercado, pois serve de refer\u00eancia para <strong>contratos cambiais<\/strong> do m\u00eas seguinte.<\/p>\n<p>O mercado costuma ficar mais vol\u00e1til no \u00faltimo dia do m\u00eas, justamente porque os agentes financeiros entram em uma \u201cdisputa\u201d para que as cota\u00e7\u00f5es favore\u00e7am suas posi\u00e7\u00f5es.<\/p>\n<p>Ou seja, as companhias e fundos fazem transa\u00e7\u00f5es durante o dia para impactar a moeda de uma forma que seja favor\u00e1vel a seus neg\u00f3cios.<\/p>\n<h2>Confira como a taxa \u00e9 calculada<\/h2>\n<p>A PTAX \u00e9 calculada diariamente pelo <strong>Banco Central<\/strong> que consulta aos negociantes, bancos credenciados para realizar opera\u00e7\u00f5es de compra e venda da moeda (conhecidos como dealers), por meio de quatro janelas durante o dia.<\/p>\n<p>A partir dos valores registrados em cada uma das consultas, o BC calcula a m\u00e9dia da taxa de c\u00e2mbio e a divulga a <strong>PTAX<\/strong> logo ap\u00f3s a consulta.<\/p>\n\t<p>\n\t\t<a href=\"https:\/\/lp.suno.com.br\/planilha-de-controle-de-investimentos\/\" target=\"_blank\" data-element=\"shortcode-suno-banner\" title=\"Banner SUNO, clique e saiba mais\">\n\t\t\t<picture>\n\t\t\t\t<source media=\"(max-width: 500px)\" srcset=\"https:\/\/files.sunoresearch.com.br\/n\/uploads\/2023\/03\/400x300-Controle-de-Investimentos.png\">\n\t\t\t\t<img class=\"newsContent__article__imgCapa newsContent__article__imgCapa--banner\"\n\t\t\t\t\tsrc=\"https:\/\/files.sunoresearch.com.br\/n\/uploads\/2023\/03\/1420x240-Controle-de-Investimentos.png\"\n\t\t\t\t\tdata-promo-id=\"75934\"\t\t\t\t\t\t\t\t\t\twidth='1420' height='240'\t\t\t\t\talt=\"https:\/\/files.sunoresearch.com.br\/n\/uploads\/2023\/03\/1420x240-Controle-de-Investimentos.png\"\n\t\t\t\t>\n\t\t\t<\/picture>\n\t\t<\/a>\n\t<\/p>\n\n\n","protected":false},"excerpt":{"rendered":"<p>O d\u00f3lar Ptax fechou esta sexta-feira cotada a R$ 5,2393, queda de 0,37% em rela\u00e7\u00e3o \u00e0 v\u00e9spera, quando encerrou a R$ 5,2587. D\u00f3lar &#8211; Foto: Pixabay A Ptax di\u00e1ria \u00e9 resultado de quatro coletas feitas pelo Banco Central no decorrer da primeira metade dos neg\u00f3cios, que hoje foram de R$ 5,2330 (10h12), R$ 5,2453 (11h11), [&hellip;]<\/p>\n","protected":false},"author":43,"featured_media":137005,"comment_status":"closed","ping_status":"closed","sticky":false,"template":"","format":"standard","meta":[],"categories":[60],"tags":[326],"suno_strategy":[],"class_list":["post-164893","post","type-post","status-publish","format-standard","has-post-thumbnail","hentry","category-mercado","tag-dolar"],"yoast_head":"<!-- This site is optimized with the Yoast SEO plugin v24.4 - https:\/\/yoast.com\/wordpress\/plugins\/seo\/ -->\n<title>D\u00f3lar Ptax fecha sexta-feira em queda de 0,37%, a R$ 5,2393<\/title>\n<meta name=\"description\" content=\"O d\u00f3lar Ptax fechou esta sexta-feira, cotada a R$ 5,2393, queda de 0,37% em rela\u00e7\u00e3o \u00e0 v\u00e9spera, quando encerrou a R$ 5,2587. Leia mais.\" \/>\n<meta name=\"robots\" content=\"index, follow, max-snippet:-1, max-image-preview:large, max-video-preview:-1\" \/>\n<link rel=\"canonical\" href=\"https:\/\/www.suno.com.br\/noticias\/dolar-ptax-fecha-sexta-feira-queda\/\" \/>\n<meta property=\"og:locale\" content=\"pt_BR\" \/>\n<meta property=\"og:type\" content=\"article\" \/>\n<meta property=\"og:title\" content=\"D\u00f3lar Ptax fecha sexta-feira em queda de 0,37%, a R$ 5,2393\" \/>\n<meta property=\"og:description\" content=\"O d\u00f3lar Ptax fechou esta sexta-feira, cotada a R$ 5,2393, queda de 0,37% em rela\u00e7\u00e3o \u00e0 v\u00e9spera, quando encerrou a R$ 5,2587. Leia mais.\" \/>\n<meta property=\"og:url\" content=\"https:\/\/www.suno.com.br\/noticias\/dolar-ptax-fecha-sexta-feira-queda\/\" \/>\n<meta property=\"og:site_name\" content=\"Suno Not\u00edcias\" \/>\n<meta property=\"article:publisher\" content=\"https:\/\/facebook.com\/sunoresearch\" \/>\n<meta property=\"article:author\" content=\"https:\/\/www.facebook.com\/sunonoticias\/\" \/>\n<meta property=\"og:image\" content=\"https:\/\/files.sunoresearch.com.br\/n\/uploads\/2021\/04\/e5e794c1-dollar-4418320_1280.jpg\" \/>\n\t<meta property=\"og:image:width\" content=\"1280\" \/>\n\t<meta property=\"og:image:height\" content=\"701\" \/>\n\t<meta property=\"og:image:type\" content=\"image\/jpeg\" \/>\n<meta name=\"author\" content=\"Reda\u00e7\u00e3o Suno Not\u00edcias\" \/>\n<meta name=\"twitter:card\" content=\"summary_large_image\" \/>\n<meta name=\"twitter:creator\" content=\"@https:\/\/twitter.com\/sunoresearch\" \/>\n<meta name=\"twitter:site\" content=\"@sunoresearch\" \/>\n<meta name=\"twitter:label1\" content=\"Escrito por\" \/>\n\t<meta name=\"twitter:data1\" content=\"Reda\u00e7\u00e3o Suno Not\u00edcias\" \/>\n\t<meta name=\"twitter:label2\" content=\"Est. tempo de leitura\" \/>\n\t<meta name=\"twitter:data2\" content=\"2 minutos\" \/>\n<script type=\"application\/ld+json\" class=\"yoast-schema-graph\">{\"@context\":\"https:\/\/schema.org\",\"@graph\":[{\"@type\":\"NewsArticle\",\"@id\":\"https:\/\/www.suno.com.br\/noticias\/dolar-ptax-fecha-sexta-feira-queda\/#article\",\"isPartOf\":{\"@id\":\"https:\/\/www.suno.com.br\/noticias\/dolar-ptax-fecha-sexta-feira-queda\/\"},\"author\":{\"name\":\"Reda\u00e7\u00e3o Suno Not\u00edcias\",\"@id\":\"https:\/\/www.suno.com.br\/noticias\/#\/schema\/person\/c1b1bd3727fa852bd045e9dbff3673ea\"},\"headline\":\"D\u00f3lar Ptax fecha sexta-feira em queda de 0,37%, a R$ 5,2393\",\"datePublished\":\"2021-07-09T18:18:24+00:00\",\"mainEntityOfPage\":{\"@id\":\"https:\/\/www.suno.com.br\/noticias\/dolar-ptax-fecha-sexta-feira-queda\/\"},\"wordCount\":375,\"publisher\":{\"@id\":\"https:\/\/www.suno.com.br\/noticias\/#organization\"},\"image\":{\"@id\":\"https:\/\/www.suno.com.br\/noticias\/dolar-ptax-fecha-sexta-feira-queda\/#primaryimage\"},\"thumbnailUrl\":\"https:\/\/files.sunoresearch.com.br\/n\/uploads\/2021\/04\/e5e794c1-dollar-4418320_1280-jpg.webp\",\"keywords\":[\"d\u00f3lar\"],\"articleSection\":[\"Mercado\"],\"inLanguage\":\"pt-BR\"},{\"@type\":\"WebPage\",\"@id\":\"https:\/\/www.suno.com.br\/noticias\/dolar-ptax-fecha-sexta-feira-queda\/\",\"url\":\"https:\/\/www.suno.com.br\/noticias\/dolar-ptax-fecha-sexta-feira-queda\/\",\"name\":\"D\u00f3lar Ptax fecha sexta-feira em queda de 0,37%, a R$ 5,2393\",\"isPartOf\":{\"@id\":\"https:\/\/www.suno.com.br\/noticias\/#website\"},\"primaryImageOfPage\":{\"@id\":\"https:\/\/www.suno.com.br\/noticias\/dolar-ptax-fecha-sexta-feira-queda\/#primaryimage\"},\"image\":{\"@id\":\"https:\/\/www.suno.com.br\/noticias\/dolar-ptax-fecha-sexta-feira-queda\/#primaryimage\"},\"thumbnailUrl\":\"https:\/\/files.sunoresearch.com.br\/n\/uploads\/2021\/04\/e5e794c1-dollar-4418320_1280-jpg.webp\",\"datePublished\":\"2021-07-09T18:18:24+00:00\",\"description\":\"O d\u00f3lar Ptax fechou esta sexta-feira, cotada a R$ 5,2393, queda de 0,37% em rela\u00e7\u00e3o \u00e0 v\u00e9spera, quando encerrou a R$ 5,2587. Leia mais.\",\"breadcrumb\":{\"@id\":\"https:\/\/www.suno.com.br\/noticias\/dolar-ptax-fecha-sexta-feira-queda\/#breadcrumb\"},\"inLanguage\":\"pt-BR\",\"potentialAction\":[{\"@type\":\"ReadAction\",\"target\":[\"https:\/\/www.suno.com.br\/noticias\/dolar-ptax-fecha-sexta-feira-queda\/\"]}]},{\"@type\":\"ImageObject\",\"inLanguage\":\"pt-BR\",\"@id\":\"https:\/\/www.suno.com.br\/noticias\/dolar-ptax-fecha-sexta-feira-queda\/#primaryimage\",\"url\":\"https:\/\/files.sunoresearch.com.br\/n\/uploads\/2021\/04\/e5e794c1-dollar-4418320_1280-jpg.webp\",\"contentUrl\":\"https:\/\/files.sunoresearch.com.br\/n\/uploads\/2021\/04\/e5e794c1-dollar-4418320_1280-jpg.webp\",\"width\":1280,\"height\":701,\"caption\":\"D\u00f3lar - Foto: Pixabay\"},{\"@type\":\"BreadcrumbList\",\"@id\":\"https:\/\/www.suno.com.br\/noticias\/dolar-ptax-fecha-sexta-feira-queda\/#breadcrumb\",\"itemListElement\":[{\"@type\":\"ListItem\",\"position\":1,\"name\":\"Not\u00edcias\",\"item\":\"https:\/\/www.suno.com.br\/noticias\/\"},{\"@type\":\"ListItem\",\"position\":2,\"name\":\"Mercado\",\"item\":\"https:\/\/www.suno.com.br\/noticias\/mercado\/\"},{\"@type\":\"ListItem\",\"position\":3,\"name\":\"D\u00f3lar Ptax fecha sexta-feira em queda de 0,37%, a R$ 5,2393\"}]},{\"@type\":\"WebSite\",\"@id\":\"https:\/\/www.suno.com.br\/noticias\/#website\",\"url\":\"https:\/\/www.suno.com.br\/noticias\/\",\"name\":\"Suno Not\u00edcias\",\"description\":\"Seu portal de informa\u00e7\u00e3o sobre o mundo dos investimentos\",\"publisher\":{\"@id\":\"https:\/\/www.suno.com.br\/noticias\/#organization\"},\"potentialAction\":[{\"@type\":\"SearchAction\",\"target\":{\"@type\":\"EntryPoint\",\"urlTemplate\":\"https:\/\/www.suno.com.br\/noticias\/?s={search_term_string}\"},\"query-input\":{\"@type\":\"PropertyValueSpecification\",\"valueRequired\":true,\"valueName\":\"search_term_string\"}}],\"inLanguage\":\"pt-BR\"},{\"@type\":\"Organization\",\"@id\":\"https:\/\/www.suno.com.br\/noticias\/#organization\",\"name\":\"Suno Not\u00edcias\",\"url\":\"https:\/\/www.suno.com.br\/noticias\/\",\"logo\":{\"@type\":\"ImageObject\",\"inLanguage\":\"pt-BR\",\"@id\":\"https:\/\/www.suno.com.br\/noticias\/#\/schema\/logo\/image\/\",\"url\":\"https:\/\/files.sunoresearch.com.br\/n\/uploads\/2021\/09\/suno-logo.png\",\"contentUrl\":\"https:\/\/files.sunoresearch.com.br\/n\/uploads\/2021\/09\/suno-logo.png\",\"width\":180,\"height\":180,\"caption\":\"Suno Not\u00edcias\"},\"image\":{\"@id\":\"https:\/\/www.suno.com.br\/noticias\/#\/schema\/logo\/image\/\"},\"sameAs\":[\"https:\/\/facebook.com\/sunoresearch\",\"https:\/\/x.com\/sunoresearch\",\"https:\/\/www.instagram.com\/suno\",\"https:\/\/www.linkedin.com\/company\/suno-research\/\",\"https:\/\/www.youtube.com\/c\/sunoresearch\"]},{\"@type\":\"Person\",\"@id\":\"https:\/\/www.suno.com.br\/noticias\/#\/schema\/person\/c1b1bd3727fa852bd045e9dbff3673ea\",\"name\":\"Reda\u00e7\u00e3o Suno Not\u00edcias\",\"image\":{\"@type\":\"ImageObject\",\"inLanguage\":\"pt-BR\",\"@id\":\"https:\/\/www.suno.com.br\/noticias\/#\/schema\/person\/image\/\",\"url\":\"https:\/\/secure.gravatar.com\/avatar\/b8104b9b5a71985d5238ee59fbe418af?s=96&r=g\",\"contentUrl\":\"https:\/\/secure.gravatar.com\/avatar\/b8104b9b5a71985d5238ee59fbe418af?s=96&r=g\",\"caption\":\"Reda\u00e7\u00e3o Suno Not\u00edcias\"},\"description\":\"O Suno Not\u00edcias \u00e9 um portal de informa\u00e7\u00f5es sobre Mercado Financeiro, Pol\u00edtica, Neg\u00f3cios, Economia e Finan\u00e7as Pessoais.\",\"sameAs\":[\"https:\/\/www.suno.com.br\/noticias\",\"https:\/\/www.facebook.com\/sunonoticias\/\",\"https:\/\/www.instagram.com\/sunonoticias\/\",\"https:\/\/x.com\/https:\/\/twitter.com\/sunoresearch\",\"https:\/\/www.youtube.com\/sunonoticias\"],\"url\":\"https:\/\/www.suno.com.br\/noticias\/author\/redacao-suno\/\"}]}<\/script>\n<!-- \/ Yoast SEO plugin. -->","yoast_head_json":{"title":"D\u00f3lar Ptax fecha sexta-feira em queda de 0,37%, a R$ 5,2393","description":"O d\u00f3lar Ptax fechou esta sexta-feira, cotada a R$ 5,2393, queda de 0,37% em rela\u00e7\u00e3o \u00e0 v\u00e9spera, quando encerrou a R$ 5,2587. Leia mais.","robots":{"index":"index","follow":"follow","max-snippet":"max-snippet:-1","max-image-preview":"max-image-preview:large","max-video-preview":"max-video-preview:-1"},"canonical":"https:\/\/www.suno.com.br\/noticias\/dolar-ptax-fecha-sexta-feira-queda\/","og_locale":"pt_BR","og_type":"article","og_title":"D\u00f3lar Ptax fecha sexta-feira em queda de 0,37%, a R$ 5,2393","og_description":"O d\u00f3lar Ptax fechou esta sexta-feira, cotada a R$ 5,2393, queda de 0,37% em rela\u00e7\u00e3o \u00e0 v\u00e9spera, quando encerrou a R$ 5,2587. Leia mais.","og_url":"https:\/\/www.suno.com.br\/noticias\/dolar-ptax-fecha-sexta-feira-queda\/","og_site_name":"Suno Not\u00edcias","article_publisher":"https:\/\/facebook.com\/sunoresearch","article_author":"https:\/\/www.facebook.com\/sunonoticias\/","og_image":[{"width":1280,"height":701,"url":"https:\/\/files.sunoresearch.com.br\/n\/uploads\/2021\/04\/e5e794c1-dollar-4418320_1280.jpg","type":"image\/jpeg"}],"author":"Reda\u00e7\u00e3o Suno Not\u00edcias","twitter_card":"summary_large_image","twitter_creator":"@https:\/\/twitter.com\/sunoresearch","twitter_site":"@sunoresearch","twitter_misc":{"Escrito por":"Reda\u00e7\u00e3o Suno Not\u00edcias","Est. tempo de leitura":"2 minutos"},"schema":{"@context":"https:\/\/schema.org","@graph":[{"@type":"NewsArticle","@id":"https:\/\/www.suno.com.br\/noticias\/dolar-ptax-fecha-sexta-feira-queda\/#article","isPartOf":{"@id":"https:\/\/www.suno.com.br\/noticias\/dolar-ptax-fecha-sexta-feira-queda\/"},"author":{"name":"Reda\u00e7\u00e3o Suno Not\u00edcias","@id":"https:\/\/www.suno.com.br\/noticias\/#\/schema\/person\/c1b1bd3727fa852bd045e9dbff3673ea"},"headline":"D\u00f3lar Ptax fecha sexta-feira em queda de 0,37%, a R$ 5,2393","datePublished":"2021-07-09T18:18:24+00:00","mainEntityOfPage":{"@id":"https:\/\/www.suno.com.br\/noticias\/dolar-ptax-fecha-sexta-feira-queda\/"},"wordCount":375,"publisher":{"@id":"https:\/\/www.suno.com.br\/noticias\/#organization"},"image":{"@id":"https:\/\/www.suno.com.br\/noticias\/dolar-ptax-fecha-sexta-feira-queda\/#primaryimage"},"thumbnailUrl":"https:\/\/files.sunoresearch.com.br\/n\/uploads\/2021\/04\/e5e794c1-dollar-4418320_1280-jpg.webp","keywords":["d\u00f3lar"],"articleSection":["Mercado"],"inLanguage":"pt-BR"},{"@type":"WebPage","@id":"https:\/\/www.suno.com.br\/noticias\/dolar-ptax-fecha-sexta-feira-queda\/","url":"https:\/\/www.suno.com.br\/noticias\/dolar-ptax-fecha-sexta-feira-queda\/","name":"D\u00f3lar Ptax fecha sexta-feira em queda de 0,37%, a R$ 5,2393","isPartOf":{"@id":"https:\/\/www.suno.com.br\/noticias\/#website"},"primaryImageOfPage":{"@id":"https:\/\/www.suno.com.br\/noticias\/dolar-ptax-fecha-sexta-feira-queda\/#primaryimage"},"image":{"@id":"https:\/\/www.suno.com.br\/noticias\/dolar-ptax-fecha-sexta-feira-queda\/#primaryimage"},"thumbnailUrl":"https:\/\/files.sunoresearch.com.br\/n\/uploads\/2021\/04\/e5e794c1-dollar-4418320_1280-jpg.webp","datePublished":"2021-07-09T18:18:24+00:00","description":"O d\u00f3lar Ptax fechou esta sexta-feira, cotada a R$ 5,2393, queda de 0,37% em rela\u00e7\u00e3o \u00e0 v\u00e9spera, quando encerrou a R$ 5,2587. Leia mais.","breadcrumb":{"@id":"https:\/\/www.suno.com.br\/noticias\/dolar-ptax-fecha-sexta-feira-queda\/#breadcrumb"},"inLanguage":"pt-BR","potentialAction":[{"@type":"ReadAction","target":["https:\/\/www.suno.com.br\/noticias\/dolar-ptax-fecha-sexta-feira-queda\/"]}]},{"@type":"ImageObject","inLanguage":"pt-BR","@id":"https:\/\/www.suno.com.br\/noticias\/dolar-ptax-fecha-sexta-feira-queda\/#primaryimage","url":"https:\/\/files.sunoresearch.com.br\/n\/uploads\/2021\/04\/e5e794c1-dollar-4418320_1280-jpg.webp","contentUrl":"https:\/\/files.sunoresearch.com.br\/n\/uploads\/2021\/04\/e5e794c1-dollar-4418320_1280-jpg.webp","width":1280,"height":701,"caption":"D\u00f3lar - Foto: Pixabay"},{"@type":"BreadcrumbList","@id":"https:\/\/www.suno.com.br\/noticias\/dolar-ptax-fecha-sexta-feira-queda\/#breadcrumb","itemListElement":[{"@type":"ListItem","position":1,"name":"Not\u00edcias","item":"https:\/\/www.suno.com.br\/noticias\/"},{"@type":"ListItem","position":2,"name":"Mercado","item":"https:\/\/www.suno.com.br\/noticias\/mercado\/"},{"@type":"ListItem","position":3,"name":"D\u00f3lar Ptax fecha sexta-feira em queda de 0,37%, a R$ 5,2393"}]},{"@type":"WebSite","@id":"https:\/\/www.suno.com.br\/noticias\/#website","url":"https:\/\/www.suno.com.br\/noticias\/","name":"Suno Not\u00edcias","description":"Seu portal de informa\u00e7\u00e3o sobre o mundo dos investimentos","publisher":{"@id":"https:\/\/www.suno.com.br\/noticias\/#organization"},"potentialAction":[{"@type":"SearchAction","target":{"@type":"EntryPoint","urlTemplate":"https:\/\/www.suno.com.br\/noticias\/?s={search_term_string}"},"query-input":{"@type":"PropertyValueSpecification","valueRequired":true,"valueName":"search_term_string"}}],"inLanguage":"pt-BR"},{"@type":"Organization","@id":"https:\/\/www.suno.com.br\/noticias\/#organization","name":"Suno Not\u00edcias","url":"https:\/\/www.suno.com.br\/noticias\/","logo":{"@type":"ImageObject","inLanguage":"pt-BR","@id":"https:\/\/www.suno.com.br\/noticias\/#\/schema\/logo\/image\/","url":"https:\/\/files.sunoresearch.com.br\/n\/uploads\/2021\/09\/suno-logo.png","contentUrl":"https:\/\/files.sunoresearch.com.br\/n\/uploads\/2021\/09\/suno-logo.png","width":180,"height":180,"caption":"Suno Not\u00edcias"},"image":{"@id":"https:\/\/www.suno.com.br\/noticias\/#\/schema\/logo\/image\/"},"sameAs":["https:\/\/facebook.com\/sunoresearch","https:\/\/x.com\/sunoresearch","https:\/\/www.instagram.com\/suno","https:\/\/www.linkedin.com\/company\/suno-research\/","https:\/\/www.youtube.com\/c\/sunoresearch"]},{"@type":"Person","@id":"https:\/\/www.suno.com.br\/noticias\/#\/schema\/person\/c1b1bd3727fa852bd045e9dbff3673ea","name":"Reda\u00e7\u00e3o Suno Not\u00edcias","image":{"@type":"ImageObject","inLanguage":"pt-BR","@id":"https:\/\/www.suno.com.br\/noticias\/#\/schema\/person\/image\/","url":"https:\/\/secure.gravatar.com\/avatar\/b8104b9b5a71985d5238ee59fbe418af?s=96&r=g","contentUrl":"https:\/\/secure.gravatar.com\/avatar\/b8104b9b5a71985d5238ee59fbe418af?s=96&r=g","caption":"Reda\u00e7\u00e3o Suno Not\u00edcias"},"description":"O Suno Not\u00edcias \u00e9 um portal de informa\u00e7\u00f5es sobre Mercado Financeiro, Pol\u00edtica, Neg\u00f3cios, Economia e Finan\u00e7as Pessoais.","sameAs":["https:\/\/www.suno.com.br\/noticias","https:\/\/www.facebook.com\/sunonoticias\/","https:\/\/www.instagram.com\/sunonoticias\/","https:\/\/x.com\/https:\/\/twitter.com\/sunoresearch","https:\/\/www.youtube.com\/sunonoticias"],"url":"https:\/\/www.suno.com.br\/noticias\/author\/redacao-suno\/"}]}},"default_loop_html":"<div class=\"cardsPage__listCard__boxs\"><div class=\"cardsPage__listCard__boxs__img\"><a href=\"https:\/\/www.suno.com.br\/noticias\/dolar-ptax-fecha-sexta-feira-queda\/\"><img class=\"mask\" src=\"https:\/\/www.suno.com.br\/noticias\/wp-content\/themes\/suno\/resources\/images\/spotlight\/spotlight1img\/bg-mask.png\" alt=\"Image Mask\"\/><img src=\"https:\/\/files.sunoresearch.com.br\/n\/uploads\/2021\/04\/e5e794c1-dollar-4418320_1280-400x200.webp\" alt=\"D\u00f3lar Ptax fecha sexta-feira em queda de 0,37%, a R$ 5,2393\"\/><\/a><span class=\"spotlightCategory\"><a href=\"https:\/\/www.suno.com.br\/noticias\/mercado\/\">Mercado<\/a><\/span><\/div><div class=\"cardsPage__listCard__boxs__content\"><a href=\"https:\/\/www.suno.com.br\/noticias\/dolar-ptax-fecha-sexta-feira-queda\/\"><h2 class=\"content__title\">D\u00f3lar Ptax fecha sexta-feira em queda de 0,37%, a R$ 5,2393<\/h2><\/a><div class=\"newsContent__article__meta\"><div class=\"newsContent__article__meta__authorBox\"><a href=\"https:\/\/www.suno.com.br\/noticias\/author\/redacao-suno\/\" class=\"authorBox__avatar noMobi\"><img src=\"https:\/\/files.sunoresearch.com.br\/n\/uploads\/2020\/08\/0ace682d-redacao-1-150x150.webp\" alt=\"Reda\u00e7\u00e3o Suno Not\u00edcias\"><\/a><div class=\"authorBox__name\"><span>por\n\t\t\t<a href=\"https:\/\/www.suno.com.br\/noticias\/author\/redacao-suno\/\"><span itemprop=\"author\">Reda\u00e7\u00e3o Suno Not\u00edcias<\/span><\/a><\/span><time datetime=\"2021-07-09T15:18:24-03:00\" itemprop=\"datePublished\">09\/07\/2021 15:18<\/time><\/div><\/div><\/div><\/div><\/div>","single_layout":"posts","amp_enabled":true,"_links":{"self":[{"href":"https:\/\/www.suno.com.br\/noticias\/wp-json\/wp\/v2\/posts\/164893"}],"collection":[{"href":"https:\/\/www.suno.com.br\/noticias\/wp-json\/wp\/v2\/posts"}],"about":[{"href":"https:\/\/www.suno.com.br\/noticias\/wp-json\/wp\/v2\/types\/post"}],"author":[{"embeddable":true,"href":"https:\/\/www.suno.com.br\/noticias\/wp-json\/wp\/v2\/users\/43"}],"replies":[{"embeddable":true,"href":"https:\/\/www.suno.com.br\/noticias\/wp-json\/wp\/v2\/comments?post=164893"}],"version-history":[{"count":3,"href":"https:\/\/www.suno.com.br\/noticias\/wp-json\/wp\/v2\/posts\/164893\/revisions"}],"predecessor-version":[{"id":164925,"href":"https:\/\/www.suno.com.br\/noticias\/wp-json\/wp\/v2\/posts\/164893\/revisions\/164925"}],"wp:featuredmedia":[{"embeddable":true,"href":"https:\/\/www.suno.com.br\/noticias\/wp-json\/wp\/v2\/media\/137005"}],"wp:attachment":[{"href":"https:\/\/www.suno.com.br\/noticias\/wp-json\/wp\/v2\/media?parent=164893"}],"wp:term":[{"taxonomy":"category","embeddable":true,"href":"https:\/\/www.suno.com.br\/noticias\/wp-json\/wp\/v2\/categories?post=164893"},{"taxonomy":"post_tag","embeddable":true,"href":"https:\/\/www.suno.com.br\/noticias\/wp-json\/wp\/v2\/tags?post=164893"},{"taxonomy":"suno_strategy","embeddable":true,"href":"https:\/\/www.suno.com.br\/noticias\/wp-json\/wp\/v2\/suno_strategy?post=164893"}],"curies":[{"name":"wp","href":"https:\/\/api.w.org\/{rel}","templated":true}]}}