{"id":164792,"date":"2021-07-08T19:40:19","date_gmt":"2021-07-08T22:40:19","guid":{"rendered":"https:\/\/www.suno.com.br\/noticias\/?p=164792"},"modified":"2021-07-08T19:40:19","modified_gmt":"2021-07-08T22:40:19","slug":"ans-indice-reajuste-planos-saude-individual-819","status":"publish","type":"post","link":"https:\/\/www.suno.com.br\/noticias\/ans-indice-reajuste-planos-saude-individual-819\/","title":{"rendered":"Planos de sa\u00fade ficar\u00e3o 8,19% mais baratos, determina ANS"},"content":{"rendered":"<p>A <strong>Ag\u00eancia Nacional de Sa\u00fade Suplementar<\/strong> (ANS) determinou nesta quinta-feira (8)\u00a0que o \u00edndice de reajuste dos <strong>planos individuais<\/strong> neste ano ser\u00e1 negativo em 8,19%.<\/p>\t<div class=\"wrapper-featured-image\">\n\t\t<figure class=\"spotlightImg\">\n\n\t\t\t<picture>\n\t\t\t\t<source media=\"(max-width: 768px)\" srcset=\"https:\/\/files.sunoresearch.com.br\/n\/uploads\/2021\/07\/aec9bbae-medical-563427_1280-400x200.jpg\">\n\t\t\t\t<img loading=\"lazy\" decoding=\"async\" class=\"newsContent__article__imgCapa lazyloadDisabled \" src=\"https:\/\/files.sunoresearch.com.br\/n\/uploads\/2021\/07\/aec9bbae-medical-563427_1280-800x450.jpg\" width=\"800\" height=\"450\" alt=\"Planos de sa\u00fade ficar\u00e3o 8,19% mais baratos, determina ANS\" fetchpriority=high \/>\n\t\t\t<\/picture>\n\n\t\t\t<figcaption class=\"wp-caption-text wp-caption-text--show\">Foto: Pixabay<\/figcaption>\n\t\t<\/figure>\n\t<\/div>\n\n\n\t<p>\n\t\t<a href=\"https:\/\/lp.suno.com.br\/planilha-controle-gastos\/\" target=\"_blank\" data-element=\"shortcode-suno-banner\" title=\"Banner SUNO, clique e saiba mais\">\n\t\t\t<picture>\n\t\t\t\t<source media=\"(max-width: 500px)\" srcset=\"https:\/\/files.sunoresearch.com.br\/n\/uploads\/2023\/03\/400x300-Planilha-controle-de-gastos.png\">\n\t\t\t\t<img class=\"newsContent__article__imgCapa newsContent__article__imgCapa--banner\"\n\t\t\t\t\tsrc=\"https:\/\/files.sunoresearch.com.br\/n\/uploads\/2023\/03\/1420x240-Planilha-controle-de-gastos.png\"\n\t\t\t\t\tdata-promo-id=\"101751\"\t\t\t\t\t\t\t\t\t\twidth='1420' height='240'\t\t\t\t\talt=\"https:\/\/files.sunoresearch.com.br\/n\/uploads\/2023\/03\/1420x240-Planilha-controle-de-gastos.png\"\n\t\t\t\t>\n\t\t\t<\/picture>\n\t\t<\/a>\n\t<\/p>\n\n\n<p>Esta \u00e9 a primeira vez que os conv\u00eanios m\u00e9dicos t\u00eam reajuste negativo em seus planos de sa\u00fade. Isso ocorre pois nos primeiros meses da pandemia de coronav\u00edrus, em 2020, a quantidade de procedimentos m\u00e9dicos foi muito menor.<\/p>\n<p>Desta forma, o reajuste negativo implica em um abatimento na mensalidade do plano.<\/p>\n<p>Ao passo que os planos de sa\u00fade n\u00e3o regulamentados da Bradesco, <a class=\"suno-keyword\" href=\"https:\/\/www.suno.com.br\/acoes\/SULA11\/\" target=\"_blank\" rel=\"noopener noreferrer\" data-force=\"yes\" data-priority=\"2\">SulAm\u00e9rica (SULA11)<\/a> e Ita\u00faSeg ter\u00e3o \u00edndice de reajuste negativo de 7,24%. O plano da Amil, por sua vez, ter\u00e1 um reajuste de -7,83%.<\/p>\n\t<p>\n\t\t<a href=\"https:\/\/lp.suno.com.br\/planilha-da-vida-financeira\/\" target=\"_blank\" data-element=\"shortcode-suno-banner\" title=\"Banner SUNO, clique e saiba mais\">\n\t\t\t<picture>\n\t\t\t\t<source media=\"(max-width: 500px)\" srcset=\"https:\/\/files.sunoresearch.com.br\/n\/uploads\/2023\/04\/400x300-Planilha-vida-financeira-true.png\">\n\t\t\t\t<img class=\"newsContent__article__imgCapa newsContent__article__imgCapa--banner\"\n\t\t\t\t\tsrc=\"https:\/\/files.sunoresearch.com.br\/n\/uploads\/2023\/04\/1420x240-Planilha-vida-financeira-true.png\"\n\t\t\t\t\tdata-promo-id=\"106682\"\t\t\t\t\t\t\t\t\t\twidth='1420' height='240'\t\t\t\t\talt=\"https:\/\/files.sunoresearch.com.br\/n\/uploads\/2023\/04\/1420x240-Planilha-vida-financeira-true.png\"\n\t\t\t\t>\n\t\t\t<\/picture>\n\t\t<\/a>\n\t<\/p>\n\n\n<h2>Hapvida compra Grupo HB Sa\u00fade por R$ 450 mi e Cetro por R$ 25 mi<\/h2>\n<p>A <a href=\"https:\/\/www.suno.com.br\/acoes\/hapv3\/\"><strong>Hapvida<\/strong> (HAPV3)<\/a> celebrou na quarta-feira (7) uma proposta vinculante com a diretoria do Grupo HB Sa\u00fade, para aquisi\u00e7\u00e3o de 100% do grupo por R$ 450 milh\u00f5es. A companhia tamb\u00e9m fechou um contrato para compra do Cetro por R$ 25 milh\u00f5es.<\/p>\n<p>Em <a class=\"suno-keyword\" href=\"https:\/\/www.suno.com.br\/artigos\/fato-relevante\/\" target=\"_blank\" rel=\"noopener noreferrer\" data-force=\"no\" data-priority=\"1\">fato relevante<\/a> arquivado na Comiss\u00e3o de Valores Mobili\u00e1rios (<strong>CVM<\/strong>), a Hapvida explica que o pre\u00e7o para aquisi\u00e7\u00e3o do <strong>Grupo HB Sa\u00fade<\/strong> inclui alguns im\u00f3veis e exclui o caixa l\u00edquido. J\u00e1 o pre\u00e7o para compra do <strong>Cetro<\/strong> inclui o im\u00f3vel com terreno de 3,1 mil metros quadrados e 2 mil metros quadrados de \u00e1rea constru\u00edda.<\/p>\n<p>No acumulado do ano passado, o\u00a0<strong> Grupo HB Sa\u00fade<\/strong> de S\u00e3o Jos\u00e9 do Rio Preto anotou um faturamento de R$ 310 milh\u00f5es. O grupo \u00e9 composto pela operadora de sa\u00fade HB Sa\u00fade , pelo Hospital HBS Mirassol, oito unidades ambulatoriais, uma cl\u00ednica infantil. al\u00e9m de centros cl\u00ednicos e de diagn\u00f3stico, espa\u00e7os de medicina preventiva ocupacional e centro oncol\u00f3gico.<\/p>\n<p>Por sua vez, o <strong>Hospital- Dia Cetro<\/strong> est\u00e1 localizado em Alagoinhas, na Bahia, e atualmente conta com 12 leitos ativos e capacidade para at\u00e9 16 leitos, al\u00e9m de 10 consult\u00f3rios m\u00e9dicos, dois consult\u00f3rios para pronto atendimento e duas salas cir\u00fargicas.<\/p>\n<p>Conforme o comunicado, a Hapvida realizar\u00e1 investimentos de amplia\u00e7\u00e3o e moderniza\u00e7\u00e3o da infraestrutura e atualiza\u00e7\u00e3o de m\u00e1quinas e equipamentos do Cetro.<\/p>\n<p>A Hapvida ainda destaca que a <strong>aquisi\u00e7\u00e3o do Cetro<\/strong> &#8220;\u00e9 sin\u00e9rgica do ponto de vista geogr\u00e1fico e operacional, uma vez que a cidade de Alagoinhas fica localizada pr\u00f3xima a <strong>Salvador,<\/strong> Lauro de Freitas, Cama\u00e7ari e Feira de Santana, cidades que j\u00e1 possuem opera\u00e7\u00f5es do Hapvida com cerca de 348mil benefici\u00e1rios em <strong>planos de sa\u00fade<\/strong>&#8220;.<\/p>\n\t<p>\n\t\t<a href=\"https:\/\/lp.suno.com.br\/planilha-de-controle-de-investimentos\/\" target=\"_blank\" data-element=\"shortcode-suno-banner\" title=\"Banner SUNO, clique e saiba mais\">\n\t\t\t<picture>\n\t\t\t\t<source media=\"(max-width: 500px)\" srcset=\"https:\/\/files.sunoresearch.com.br\/n\/uploads\/2023\/03\/400x300-Controle-de-Investimentos.png\">\n\t\t\t\t<img class=\"newsContent__article__imgCapa newsContent__article__imgCapa--banner\"\n\t\t\t\t\tsrc=\"https:\/\/files.sunoresearch.com.br\/n\/uploads\/2023\/03\/1420x240-Controle-de-Investimentos.png\"\n\t\t\t\t\tdata-promo-id=\"75934\"\t\t\t\t\t\t\t\t\t\twidth='1420' height='240'\t\t\t\t\talt=\"https:\/\/files.sunoresearch.com.br\/n\/uploads\/2023\/03\/1420x240-Controle-de-Investimentos.png\"\n\t\t\t\t>\n\t\t\t<\/picture>\n\t\t<\/a>\n\t<\/p>\n\n\n","protected":false},"excerpt":{"rendered":"<p>A Ag\u00eancia Nacional de Sa\u00fade Suplementar (ANS) determinou nesta quinta-feira (8)\u00a0que o \u00edndice de reajuste dos planos individuais neste ano ser\u00e1 negativo em 8,19%. Foto: Pixabay Esta \u00e9 a primeira vez que os conv\u00eanios m\u00e9dicos t\u00eam reajuste negativo em seus planos de sa\u00fade. Isso ocorre pois nos primeiros meses da pandemia de coronav\u00edrus, em 2020, [&hellip;]<\/p>\n","protected":false},"author":56,"featured_media":164803,"comment_status":"closed","ping_status":"closed","sticky":false,"template":"","format":"standard","meta":[],"categories":[62],"tags":[1208,105927,647],"suno_strategy":[],"class_list":["post-164792","post","type-post","status-publish","format-standard","has-post-thumbnail","hentry","category-economia","tag-ans","tag-setor-de-saude","tag-sulamerica-sula11-sula3-sula4"],"yoast_head":"<!-- This site is optimized with the Yoast SEO plugin v24.4 - https:\/\/yoast.com\/wordpress\/plugins\/seo\/ -->\n<title>Planos de sa\u00fade ficar\u00e3o 8,19% mais baratos, determina ANS<\/title>\n<meta name=\"description\" content=\"Esta \u00e9 a primeira vez que os conv\u00eanios m\u00e9dicos t\u00eam reajuste negativo em seus planos de sa\u00fade. Clique aqui para saber mais.\" \/>\n<meta name=\"robots\" content=\"index, follow, max-snippet:-1, max-image-preview:large, max-video-preview:-1\" \/>\n<link rel=\"canonical\" href=\"https:\/\/www.suno.com.br\/noticias\/ans-indice-reajuste-planos-saude-individual-819\/\" \/>\n<meta property=\"og:locale\" content=\"pt_BR\" \/>\n<meta property=\"og:type\" content=\"article\" \/>\n<meta property=\"og:title\" content=\"Planos de sa\u00fade ficar\u00e3o 8,19% mais baratos, determina ANS\" \/>\n<meta property=\"og:description\" content=\"Esta \u00e9 a primeira vez que os conv\u00eanios m\u00e9dicos t\u00eam reajuste negativo em seus planos de sa\u00fade. Clique aqui para saber mais.\" \/>\n<meta property=\"og:url\" content=\"https:\/\/www.suno.com.br\/noticias\/ans-indice-reajuste-planos-saude-individual-819\/\" \/>\n<meta property=\"og:site_name\" content=\"Suno Not\u00edcias\" \/>\n<meta property=\"article:publisher\" content=\"https:\/\/facebook.com\/sunoresearch\" \/>\n<meta property=\"og:image\" content=\"https:\/\/files.sunoresearch.com.br\/n\/uploads\/2021\/07\/aec9bbae-medical-563427_1280.jpg\" \/>\n\t<meta property=\"og:image:width\" content=\"1280\" \/>\n\t<meta property=\"og:image:height\" content=\"853\" \/>\n\t<meta property=\"og:image:type\" content=\"image\/jpeg\" \/>\n<meta name=\"author\" content=\"Rafaela La Regina\" \/>\n<meta name=\"twitter:card\" content=\"summary_large_image\" \/>\n<meta name=\"twitter:creator\" content=\"@sunoresearch\" \/>\n<meta name=\"twitter:site\" content=\"@sunoresearch\" \/>\n<meta name=\"twitter:label1\" content=\"Escrito por\" \/>\n\t<meta name=\"twitter:data1\" content=\"Rafaela La Regina\" \/>\n\t<meta name=\"twitter:label2\" content=\"Est. tempo de leitura\" \/>\n\t<meta name=\"twitter:data2\" content=\"2 minutos\" \/>\n<script type=\"application\/ld+json\" class=\"yoast-schema-graph\">{\"@context\":\"https:\/\/schema.org\",\"@graph\":[{\"@type\":\"NewsArticle\",\"@id\":\"https:\/\/www.suno.com.br\/noticias\/ans-indice-reajuste-planos-saude-individual-819\/#article\",\"isPartOf\":{\"@id\":\"https:\/\/www.suno.com.br\/noticias\/ans-indice-reajuste-planos-saude-individual-819\/\"},\"author\":{\"name\":\"Rafaela La Regina\",\"@id\":\"https:\/\/www.suno.com.br\/noticias\/#\/schema\/person\/e672ca8cea627fe715fa29bca7da95e0\"},\"headline\":\"Planos de sa\u00fade ficar\u00e3o 8,19% mais baratos, determina ANS\",\"datePublished\":\"2021-07-08T22:40:19+00:00\",\"mainEntityOfPage\":{\"@id\":\"https:\/\/www.suno.com.br\/noticias\/ans-indice-reajuste-planos-saude-individual-819\/\"},\"wordCount\":449,\"publisher\":{\"@id\":\"https:\/\/www.suno.com.br\/noticias\/#organization\"},\"image\":{\"@id\":\"https:\/\/www.suno.com.br\/noticias\/ans-indice-reajuste-planos-saude-individual-819\/#primaryimage\"},\"thumbnailUrl\":\"https:\/\/files.sunoresearch.com.br\/n\/uploads\/2021\/07\/aec9bbae-medical-563427_1280.jpg\",\"keywords\":[\"ANS\",\"setor de sa\u00fade\",\"SulAm\u00e9rica (SULA11\/SULA3\/SULA4)\"],\"articleSection\":[\"Economia\"],\"inLanguage\":\"pt-BR\"},{\"@type\":\"WebPage\",\"@id\":\"https:\/\/www.suno.com.br\/noticias\/ans-indice-reajuste-planos-saude-individual-819\/\",\"url\":\"https:\/\/www.suno.com.br\/noticias\/ans-indice-reajuste-planos-saude-individual-819\/\",\"name\":\"Planos de sa\u00fade ficar\u00e3o 8,19% mais baratos, determina ANS\",\"isPartOf\":{\"@id\":\"https:\/\/www.suno.com.br\/noticias\/#website\"},\"primaryImageOfPage\":{\"@id\":\"https:\/\/www.suno.com.br\/noticias\/ans-indice-reajuste-planos-saude-individual-819\/#primaryimage\"},\"image\":{\"@id\":\"https:\/\/www.suno.com.br\/noticias\/ans-indice-reajuste-planos-saude-individual-819\/#primaryimage\"},\"thumbnailUrl\":\"https:\/\/files.sunoresearch.com.br\/n\/uploads\/2021\/07\/aec9bbae-medical-563427_1280.jpg\",\"datePublished\":\"2021-07-08T22:40:19+00:00\",\"description\":\"Esta \u00e9 a primeira vez que os conv\u00eanios m\u00e9dicos t\u00eam reajuste negativo em seus planos de sa\u00fade. Clique aqui para saber mais.\",\"breadcrumb\":{\"@id\":\"https:\/\/www.suno.com.br\/noticias\/ans-indice-reajuste-planos-saude-individual-819\/#breadcrumb\"},\"inLanguage\":\"pt-BR\",\"potentialAction\":[{\"@type\":\"ReadAction\",\"target\":[\"https:\/\/www.suno.com.br\/noticias\/ans-indice-reajuste-planos-saude-individual-819\/\"]}]},{\"@type\":\"ImageObject\",\"inLanguage\":\"pt-BR\",\"@id\":\"https:\/\/www.suno.com.br\/noticias\/ans-indice-reajuste-planos-saude-individual-819\/#primaryimage\",\"url\":\"https:\/\/files.sunoresearch.com.br\/n\/uploads\/2021\/07\/aec9bbae-medical-563427_1280.jpg\",\"contentUrl\":\"https:\/\/files.sunoresearch.com.br\/n\/uploads\/2021\/07\/aec9bbae-medical-563427_1280.jpg\",\"width\":1280,\"height\":853,\"caption\":\"Foto: Pixabay\"},{\"@type\":\"BreadcrumbList\",\"@id\":\"https:\/\/www.suno.com.br\/noticias\/ans-indice-reajuste-planos-saude-individual-819\/#breadcrumb\",\"itemListElement\":[{\"@type\":\"ListItem\",\"position\":1,\"name\":\"Not\u00edcias\",\"item\":\"https:\/\/www.suno.com.br\/noticias\/\"},{\"@type\":\"ListItem\",\"position\":2,\"name\":\"Economia\",\"item\":\"https:\/\/www.suno.com.br\/noticias\/economia\/\"},{\"@type\":\"ListItem\",\"position\":3,\"name\":\"Planos de sa\u00fade ficar\u00e3o 8,19% mais baratos, determina ANS\"}]},{\"@type\":\"WebSite\",\"@id\":\"https:\/\/www.suno.com.br\/noticias\/#website\",\"url\":\"https:\/\/www.suno.com.br\/noticias\/\",\"name\":\"Suno Not\u00edcias\",\"description\":\"Seu portal de informa\u00e7\u00e3o sobre o mundo dos investimentos\",\"publisher\":{\"@id\":\"https:\/\/www.suno.com.br\/noticias\/#organization\"},\"potentialAction\":[{\"@type\":\"SearchAction\",\"target\":{\"@type\":\"EntryPoint\",\"urlTemplate\":\"https:\/\/www.suno.com.br\/noticias\/?s={search_term_string}\"},\"query-input\":{\"@type\":\"PropertyValueSpecification\",\"valueRequired\":true,\"valueName\":\"search_term_string\"}}],\"inLanguage\":\"pt-BR\"},{\"@type\":\"Organization\",\"@id\":\"https:\/\/www.suno.com.br\/noticias\/#organization\",\"name\":\"Suno Not\u00edcias\",\"url\":\"https:\/\/www.suno.com.br\/noticias\/\",\"logo\":{\"@type\":\"ImageObject\",\"inLanguage\":\"pt-BR\",\"@id\":\"https:\/\/www.suno.com.br\/noticias\/#\/schema\/logo\/image\/\",\"url\":\"https:\/\/files.sunoresearch.com.br\/n\/uploads\/2021\/09\/suno-logo.png\",\"contentUrl\":\"https:\/\/files.sunoresearch.com.br\/n\/uploads\/2021\/09\/suno-logo.png\",\"width\":180,\"height\":180,\"caption\":\"Suno Not\u00edcias\"},\"image\":{\"@id\":\"https:\/\/www.suno.com.br\/noticias\/#\/schema\/logo\/image\/\"},\"sameAs\":[\"https:\/\/facebook.com\/sunoresearch\",\"https:\/\/x.com\/sunoresearch\",\"https:\/\/www.instagram.com\/suno\",\"https:\/\/www.linkedin.com\/company\/suno-research\/\",\"https:\/\/www.youtube.com\/c\/sunoresearch\"]},{\"@type\":\"Person\",\"@id\":\"https:\/\/www.suno.com.br\/noticias\/#\/schema\/person\/e672ca8cea627fe715fa29bca7da95e0\",\"name\":\"Rafaela La Regina\",\"image\":{\"@type\":\"ImageObject\",\"inLanguage\":\"pt-BR\",\"@id\":\"https:\/\/www.suno.com.br\/noticias\/#\/schema\/person\/image\/\",\"url\":\"https:\/\/secure.gravatar.com\/avatar\/d2c75a52d243deb93d0465fdcb21bd37?s=96&r=g\",\"contentUrl\":\"https:\/\/secure.gravatar.com\/avatar\/d2c75a52d243deb93d0465fdcb21bd37?s=96&r=g\",\"caption\":\"Rafaela La Regina\"},\"description\":\"Estagi\u00e1ria no Suno Not\u00edcias. Escreve sobre economia, pol\u00edtica e neg\u00f3cios. Estuda Rela\u00e7\u00f5es Internacionais no IBMEC-SP.\",\"url\":\"https:\/\/www.suno.com.br\/noticias\/author\/rafaela-la-regina\/\"}]}<\/script>\n<!-- \/ Yoast SEO plugin. -->","yoast_head_json":{"title":"Planos de sa\u00fade ficar\u00e3o 8,19% mais baratos, determina ANS","description":"Esta \u00e9 a primeira vez que os conv\u00eanios m\u00e9dicos t\u00eam reajuste negativo em seus planos de sa\u00fade. Clique aqui para saber mais.","robots":{"index":"index","follow":"follow","max-snippet":"max-snippet:-1","max-image-preview":"max-image-preview:large","max-video-preview":"max-video-preview:-1"},"canonical":"https:\/\/www.suno.com.br\/noticias\/ans-indice-reajuste-planos-saude-individual-819\/","og_locale":"pt_BR","og_type":"article","og_title":"Planos de sa\u00fade ficar\u00e3o 8,19% mais baratos, determina ANS","og_description":"Esta \u00e9 a primeira vez que os conv\u00eanios m\u00e9dicos t\u00eam reajuste negativo em seus planos de sa\u00fade. Clique aqui para saber mais.","og_url":"https:\/\/www.suno.com.br\/noticias\/ans-indice-reajuste-planos-saude-individual-819\/","og_site_name":"Suno Not\u00edcias","article_publisher":"https:\/\/facebook.com\/sunoresearch","og_image":[{"width":1280,"height":853,"url":"https:\/\/files.sunoresearch.com.br\/n\/uploads\/2021\/07\/aec9bbae-medical-563427_1280.jpg","type":"image\/jpeg"}],"author":"Rafaela La Regina","twitter_card":"summary_large_image","twitter_creator":"@sunoresearch","twitter_site":"@sunoresearch","twitter_misc":{"Escrito por":"Rafaela La Regina","Est. tempo de leitura":"2 minutos"},"schema":{"@context":"https:\/\/schema.org","@graph":[{"@type":"NewsArticle","@id":"https:\/\/www.suno.com.br\/noticias\/ans-indice-reajuste-planos-saude-individual-819\/#article","isPartOf":{"@id":"https:\/\/www.suno.com.br\/noticias\/ans-indice-reajuste-planos-saude-individual-819\/"},"author":{"name":"Rafaela La Regina","@id":"https:\/\/www.suno.com.br\/noticias\/#\/schema\/person\/e672ca8cea627fe715fa29bca7da95e0"},"headline":"Planos de sa\u00fade ficar\u00e3o 8,19% mais baratos, determina ANS","datePublished":"2021-07-08T22:40:19+00:00","mainEntityOfPage":{"@id":"https:\/\/www.suno.com.br\/noticias\/ans-indice-reajuste-planos-saude-individual-819\/"},"wordCount":449,"publisher":{"@id":"https:\/\/www.suno.com.br\/noticias\/#organization"},"image":{"@id":"https:\/\/www.suno.com.br\/noticias\/ans-indice-reajuste-planos-saude-individual-819\/#primaryimage"},"thumbnailUrl":"https:\/\/files.sunoresearch.com.br\/n\/uploads\/2021\/07\/aec9bbae-medical-563427_1280.jpg","keywords":["ANS","setor de sa\u00fade","SulAm\u00e9rica (SULA11\/SULA3\/SULA4)"],"articleSection":["Economia"],"inLanguage":"pt-BR"},{"@type":"WebPage","@id":"https:\/\/www.suno.com.br\/noticias\/ans-indice-reajuste-planos-saude-individual-819\/","url":"https:\/\/www.suno.com.br\/noticias\/ans-indice-reajuste-planos-saude-individual-819\/","name":"Planos de sa\u00fade ficar\u00e3o 8,19% mais baratos, determina ANS","isPartOf":{"@id":"https:\/\/www.suno.com.br\/noticias\/#website"},"primaryImageOfPage":{"@id":"https:\/\/www.suno.com.br\/noticias\/ans-indice-reajuste-planos-saude-individual-819\/#primaryimage"},"image":{"@id":"https:\/\/www.suno.com.br\/noticias\/ans-indice-reajuste-planos-saude-individual-819\/#primaryimage"},"thumbnailUrl":"https:\/\/files.sunoresearch.com.br\/n\/uploads\/2021\/07\/aec9bbae-medical-563427_1280.jpg","datePublished":"2021-07-08T22:40:19+00:00","description":"Esta \u00e9 a primeira vez que os conv\u00eanios m\u00e9dicos t\u00eam reajuste negativo em seus planos de sa\u00fade. Clique aqui para saber mais.","breadcrumb":{"@id":"https:\/\/www.suno.com.br\/noticias\/ans-indice-reajuste-planos-saude-individual-819\/#breadcrumb"},"inLanguage":"pt-BR","potentialAction":[{"@type":"ReadAction","target":["https:\/\/www.suno.com.br\/noticias\/ans-indice-reajuste-planos-saude-individual-819\/"]}]},{"@type":"ImageObject","inLanguage":"pt-BR","@id":"https:\/\/www.suno.com.br\/noticias\/ans-indice-reajuste-planos-saude-individual-819\/#primaryimage","url":"https:\/\/files.sunoresearch.com.br\/n\/uploads\/2021\/07\/aec9bbae-medical-563427_1280.jpg","contentUrl":"https:\/\/files.sunoresearch.com.br\/n\/uploads\/2021\/07\/aec9bbae-medical-563427_1280.jpg","width":1280,"height":853,"caption":"Foto: Pixabay"},{"@type":"BreadcrumbList","@id":"https:\/\/www.suno.com.br\/noticias\/ans-indice-reajuste-planos-saude-individual-819\/#breadcrumb","itemListElement":[{"@type":"ListItem","position":1,"name":"Not\u00edcias","item":"https:\/\/www.suno.com.br\/noticias\/"},{"@type":"ListItem","position":2,"name":"Economia","item":"https:\/\/www.suno.com.br\/noticias\/economia\/"},{"@type":"ListItem","position":3,"name":"Planos de sa\u00fade ficar\u00e3o 8,19% mais baratos, determina ANS"}]},{"@type":"WebSite","@id":"https:\/\/www.suno.com.br\/noticias\/#website","url":"https:\/\/www.suno.com.br\/noticias\/","name":"Suno Not\u00edcias","description":"Seu portal de informa\u00e7\u00e3o sobre o mundo dos investimentos","publisher":{"@id":"https:\/\/www.suno.com.br\/noticias\/#organization"},"potentialAction":[{"@type":"SearchAction","target":{"@type":"EntryPoint","urlTemplate":"https:\/\/www.suno.com.br\/noticias\/?s={search_term_string}"},"query-input":{"@type":"PropertyValueSpecification","valueRequired":true,"valueName":"search_term_string"}}],"inLanguage":"pt-BR"},{"@type":"Organization","@id":"https:\/\/www.suno.com.br\/noticias\/#organization","name":"Suno Not\u00edcias","url":"https:\/\/www.suno.com.br\/noticias\/","logo":{"@type":"ImageObject","inLanguage":"pt-BR","@id":"https:\/\/www.suno.com.br\/noticias\/#\/schema\/logo\/image\/","url":"https:\/\/files.sunoresearch.com.br\/n\/uploads\/2021\/09\/suno-logo.png","contentUrl":"https:\/\/files.sunoresearch.com.br\/n\/uploads\/2021\/09\/suno-logo.png","width":180,"height":180,"caption":"Suno Not\u00edcias"},"image":{"@id":"https:\/\/www.suno.com.br\/noticias\/#\/schema\/logo\/image\/"},"sameAs":["https:\/\/facebook.com\/sunoresearch","https:\/\/x.com\/sunoresearch","https:\/\/www.instagram.com\/suno","https:\/\/www.linkedin.com\/company\/suno-research\/","https:\/\/www.youtube.com\/c\/sunoresearch"]},{"@type":"Person","@id":"https:\/\/www.suno.com.br\/noticias\/#\/schema\/person\/e672ca8cea627fe715fa29bca7da95e0","name":"Rafaela La Regina","image":{"@type":"ImageObject","inLanguage":"pt-BR","@id":"https:\/\/www.suno.com.br\/noticias\/#\/schema\/person\/image\/","url":"https:\/\/secure.gravatar.com\/avatar\/d2c75a52d243deb93d0465fdcb21bd37?s=96&r=g","contentUrl":"https:\/\/secure.gravatar.com\/avatar\/d2c75a52d243deb93d0465fdcb21bd37?s=96&r=g","caption":"Rafaela La Regina"},"description":"Estagi\u00e1ria no Suno Not\u00edcias. Escreve sobre economia, pol\u00edtica e neg\u00f3cios. Estuda Rela\u00e7\u00f5es Internacionais no IBMEC-SP.","url":"https:\/\/www.suno.com.br\/noticias\/author\/rafaela-la-regina\/"}]}},"default_loop_html":"<div class=\"cardsPage__listCard__boxs\"><div class=\"cardsPage__listCard__boxs__img\"><a href=\"https:\/\/www.suno.com.br\/noticias\/ans-indice-reajuste-planos-saude-individual-819\/\"><img class=\"mask\" src=\"https:\/\/www.suno.com.br\/noticias\/wp-content\/themes\/suno\/resources\/images\/spotlight\/spotlight1img\/bg-mask.png\" alt=\"Image Mask\"\/><img src=\"https:\/\/files.sunoresearch.com.br\/n\/uploads\/2021\/07\/aec9bbae-medical-563427_1280-400x200.jpg\" alt=\"Planos de sa\u00fade ficar\u00e3o 8,19% mais baratos, determina ANS\"\/><\/a><span class=\"spotlightCategory\"><a href=\"https:\/\/www.suno.com.br\/noticias\/economia\/\">Economia<\/a><\/span><\/div><div class=\"cardsPage__listCard__boxs__content\"><a href=\"https:\/\/www.suno.com.br\/noticias\/ans-indice-reajuste-planos-saude-individual-819\/\"><h2 class=\"content__title\">Planos de sa\u00fade ficar\u00e3o 8,19% mais baratos, determina ANS<\/h2><\/a><div class=\"newsContent__article__meta\"><div class=\"newsContent__article__meta__authorBox\"><a href=\"https:\/\/www.suno.com.br\/noticias\/author\/rafaela-la-regina\/\" class=\"authorBox__avatar noMobi\"><img src=\"https:\/\/secure.gravatar.com\/avatar\/d2c75a52d243deb93d0465fdcb21bd37?s=96&#038;r=g\" alt=\"Rafaela La Regina\"><\/a><div class=\"authorBox__name\"><span>por\n\t\t\t<a href=\"https:\/\/www.suno.com.br\/noticias\/author\/rafaela-la-regina\/\"><span itemprop=\"author\">Rafaela La Regina<\/span><\/a><\/span><time datetime=\"2021-07-08T19:40:19-03:00\" itemprop=\"datePublished\">08\/07\/2021 19:40<\/time><\/div><\/div><\/div><\/div><\/div>","single_layout":"posts","amp_enabled":true,"_links":{"self":[{"href":"https:\/\/www.suno.com.br\/noticias\/wp-json\/wp\/v2\/posts\/164792"}],"collection":[{"href":"https:\/\/www.suno.com.br\/noticias\/wp-json\/wp\/v2\/posts"}],"about":[{"href":"https:\/\/www.suno.com.br\/noticias\/wp-json\/wp\/v2\/types\/post"}],"author":[{"embeddable":true,"href":"https:\/\/www.suno.com.br\/noticias\/wp-json\/wp\/v2\/users\/56"}],"replies":[{"embeddable":true,"href":"https:\/\/www.suno.com.br\/noticias\/wp-json\/wp\/v2\/comments?post=164792"}],"version-history":[{"count":1,"href":"https:\/\/www.suno.com.br\/noticias\/wp-json\/wp\/v2\/posts\/164792\/revisions"}],"predecessor-version":[{"id":164804,"href":"https:\/\/www.suno.com.br\/noticias\/wp-json\/wp\/v2\/posts\/164792\/revisions\/164804"}],"wp:featuredmedia":[{"embeddable":true,"href":"https:\/\/www.suno.com.br\/noticias\/wp-json\/wp\/v2\/media\/164803"}],"wp:attachment":[{"href":"https:\/\/www.suno.com.br\/noticias\/wp-json\/wp\/v2\/media?parent=164792"}],"wp:term":[{"taxonomy":"category","embeddable":true,"href":"https:\/\/www.suno.com.br\/noticias\/wp-json\/wp\/v2\/categories?post=164792"},{"taxonomy":"post_tag","embeddable":true,"href":"https:\/\/www.suno.com.br\/noticias\/wp-json\/wp\/v2\/tags?post=164792"},{"taxonomy":"suno_strategy","embeddable":true,"href":"https:\/\/www.suno.com.br\/noticias\/wp-json\/wp\/v2\/suno_strategy?post=164792"}],"curies":[{"name":"wp","href":"https:\/\/api.w.org\/{rel}","templated":true}]}}