{"id":164711,"date":"2021-07-08T15:59:10","date_gmt":"2021-07-08T18:59:10","guid":{"rendered":"https:\/\/www.suno.com.br\/noticias\/?p=164711"},"modified":"2021-07-08T15:59:33","modified_gmt":"2021-07-08T18:59:33","slug":"variante-delta-fed-nao-devem-interromper-recuperacao-economia-global-itau","status":"publish","type":"post","link":"https:\/\/www.suno.com.br\/noticias\/variante-delta-fed-nao-devem-interromper-recuperacao-economia-global-itau\/","title":{"rendered":"Variante Delta e Fed n\u00e3o devem interromper a recupera\u00e7\u00e3o da economia global, diz Ita\u00fa"},"content":{"rendered":"<p>Os surtos da variante Delta n\u00e3o devem impedir o controle do coronav\u00edrus (covid-19), explica o <a class=\"suno-keyword\" href=\"https:\/\/www.suno.com.br\/acoes\/ITUB4\/\" target=\"_blank\" rel=\"noopener noreferrer\" data-force=\"yes\" data-priority=\"2\">Ita\u00fa Unibanco (ITUB4)<\/a> em relat\u00f3rio sobre a<strong> economia global<\/strong>, nesta quinta-feira (8), justificando que as vacinas parecem eficazes contra casos graves.<\/p>\t<div class=\"wrapper-featured-image\">\n\t\t<figure class=\"spotlightImg\">\n\n\t\t\t<picture>\n\t\t\t\t<source media=\"(max-width: 768px)\" srcset=\"https:\/\/files.sunoresearch.com.br\/n\/uploads\/2021\/05\/1dcd5ece-itau-3-400x200.webp\">\n\t\t\t\t<img loading=\"lazy\" decoding=\"async\" class=\"newsContent__article__imgCapa lazyloadDisabled \" src=\"https:\/\/files.sunoresearch.com.br\/n\/uploads\/2021\/05\/1dcd5ece-itau-3-800x450.webp\" width=\"800\" height=\"450\" alt=\"Variante Delta e Fed n\u00e3o devem interromper a recupera\u00e7\u00e3o da economia global, diz Ita\u00fa\" fetchpriority=high \/>\n\t\t\t<\/picture>\n\n\t\t\t<figcaption class=\"wp-caption-text wp-caption-text--show\">Shop Ita\u00fa (ITUB4), marketplace do banco - Foto: Divulga\u00e7\u00e3o.<\/figcaption>\n\t\t<\/figure>\n\t<\/div>\n\n\n\t<p>\n\t\t<a href=\"https:\/\/lp.suno.com.br\/planilha-controle-gastos\/\" target=\"_blank\" data-element=\"shortcode-suno-banner\" title=\"Banner SUNO, clique e saiba mais\">\n\t\t\t<picture>\n\t\t\t\t<source media=\"(max-width: 500px)\" srcset=\"https:\/\/files.sunoresearch.com.br\/n\/uploads\/2023\/03\/400x300-Planilha-controle-de-gastos.png\">\n\t\t\t\t<img class=\"newsContent__article__imgCapa newsContent__article__imgCapa--banner\"\n\t\t\t\t\tsrc=\"https:\/\/files.sunoresearch.com.br\/n\/uploads\/2023\/03\/1420x240-Planilha-controle-de-gastos.png\"\n\t\t\t\t\tdata-promo-id=\"101751\"\t\t\t\t\t\t\t\t\t\twidth='1420' height='240'\t\t\t\t\talt=\"https:\/\/files.sunoresearch.com.br\/n\/uploads\/2023\/03\/1420x240-Planilha-controle-de-gastos.png\"\n\t\t\t\t>\n\t\t\t<\/picture>\n\t\t<\/a>\n\t<\/p>\n\n\n<p>De acordo com o Ita\u00fa, pa\u00edses com elevada porcentagem da popula\u00e7\u00e3o completamente vacinada, sobretudo mercados desenvolvidos, devem enfrentar situa\u00e7\u00e3o semelhante \u00e0 que se observa atualmente no <strong>Reino Unido<\/strong>, onde os casos est\u00e3o<br \/>\naumentando, mas as taxas de hospitaliza\u00e7\u00f5es permanecem baixas e os surtos n\u00e3o est\u00e3o levando a novas restri\u00e7\u00f5es econ\u00f4micas ou inviabilizando o processo de reabertura.<\/p>\n<p>&#8220;Os pa\u00edses emergentes avan\u00e7ar\u00e3o no controle da <strong>pandemia<\/strong> durante o segundo semestre de 2021, mas ainda haver\u00e1 ondas letais em regi\u00f5es onde o ritmo de vacina\u00e7\u00e3o segue lento. Esperamos um cen\u00e1rio positivo para os emergentes no per\u00edodo \u00e0 medida que a imuniza\u00e7\u00e3o progride, mas esperamos trajet\u00f3rias distintas de um pa\u00eds para outro&#8221;.<\/p>\n<p>As popula\u00e7\u00f5es de Chile, Uruguai e Hungria j\u00e1 est\u00e3o quase totalmente vacinadas, lembra o documento, no entanto, outros pa\u00edses, principalmente na \u00c1sia, v\u00e3o demorar alguns meses para apresentar uma acelera\u00e7\u00e3o significativa.<\/p>\n<p>Apesar da incerteza sobre a efic\u00e1cia das vacinas contra a variante Delta em pa\u00edses emergentes que dependem dos imunizantes com v\u00edrus inativo, o maior risco por enquanto parece envolver baixas taxas de vacina\u00e7\u00e3o, e n\u00e3o a efic\u00e1cia deles. Regi\u00f5es com uma pequena porcentagem da popula\u00e7\u00e3o imunizada, como R\u00fassia, \u00c1frica do Sul e sul da \u00c1sia, enfrentam aumentos de casos e mortes devido \u00e0 variante Delta, completa o relat\u00f3rio.<\/p>\n\t<p>\n\t\t<a href=\"\" target=\"_blank\" data-element=\"shortcode-suno-banner\" title=\"Banner SUNO, clique e saiba mais\">\n\t\t\t<picture>\n\t\t\t\t<source media=\"(max-width: 500px)\" srcset=\"\">\n\t\t\t\t<img class=\"newsContent__article__imgCapa newsContent__article__imgCapa--banner\"\n\t\t\t\t\tsrc=\"\"\n\t\t\t\t\tdata-promo-id=\"77030\"\t\t\t\t\t\t\t\t\t\t\t\t\t\t\talt=\"\"\n\t\t\t\t>\n\t\t\t<\/picture>\n\t\t<\/a>\n\t<\/p>\n\n\n<h2>Am\u00e9rica Latina<\/h2>\n<p>Na Am\u00e9rica Latina, aparentemente outras variantes se sobrep\u00f5em \u00e0 Delta, pelo menos no <a class=\"suno-keyword\" href=\"https:\/\/www.suno.com.br\/artigos\/curto-prazo\/\" target=\"_blank\" rel=\"noopener noreferrer\" data-force=\"no\" data-priority=\"1\">curto prazo<\/a>. A regi\u00e3o continua tendo maior mortalidade por covid-19. &#8220;A experi\u00eancia passada mostra que \u00e9 dif\u00edcil uma variante se disseminar onde outras j\u00e1 s\u00e3o dominantes e as taxas de infec\u00e7\u00e3o s\u00e3o altas&#8221;.<\/p>\n<p>Diante disso, o Ita\u00fa v\u00ea menos risco de avan\u00e7o repentino da Delta na Am\u00e9rica Latina no curto prazo. A vacina\u00e7\u00e3o acelerada pode evitar uma onda mortal devido \u00e0 variante Delta mais adiante.<\/p>\n<h2>O risco de infla\u00e7\u00e3o nos EUA<\/h2>\n\t<p>\n\t\t<a href=\"\" target=\"_blank\" data-element=\"shortcode-suno-banner\" title=\"Banner SUNO, clique e saiba mais\">\n\t\t\t<picture>\n\t\t\t\t<source media=\"(max-width: 500px)\" srcset=\"\">\n\t\t\t\t<img class=\"newsContent__article__imgCapa newsContent__article__imgCapa--banner\"\n\t\t\t\t\tsrc=\"\"\n\t\t\t\t\tdata-promo-id=\"92668\"\t\t\t\t\t\t\t\t\t\t\t\t\t\t\talt=\"\"\n\t\t\t\t>\n\t\t\t<\/picture>\n\t\t<\/a>\n\t<\/p>\n\n\n<p>Em rela\u00e7\u00e3o aos Estados Unidos, a infla\u00e7\u00e3o e o ritmo de crescimento dos sal\u00e1rios seguem elevados, mas ainda s\u00e3o impulsionados por press\u00f5es transit\u00f3rias. O n\u00facleo do CPI subiu 3,8% nos 12 meses at\u00e9 maio, enquanto o n\u00facleo do PCE avan\u00e7ou 3,4%, lembra o documento.<\/p>\n<p>A acelera\u00e7\u00e3o da infla\u00e7\u00e3o ainda \u00e9 impulsionada principalmente por pre\u00e7os mais altos para itens mais vol\u00e1teis sujeitos a problemas de abastecimento tanto por quest\u00f5es que envolvem estoques reduzidos (carros usados, loca\u00e7\u00e3o de autom\u00f3veis) quanto pela reabertura econ\u00f4mica (vestu\u00e1rio, passagens a\u00e9reas, hospedagem).<\/p>\n<p>Por outro lado, itens menos vol\u00e1teis do n\u00facleo de <strong>infla\u00e7\u00e3o<\/strong>, como os pre\u00e7os de habita\u00e7\u00e3o, tiveram pequena eleva\u00e7\u00e3o at\u00e9 o momento, o equivalente de aluguel para o propriet\u00e1rio no CPI subiu 2,1% nos 12 meses at\u00e9 maio e 2,0% em abril, e &#8220;esperamos normaliza\u00e7\u00e3o gradual para o ritmo pr\u00e9-crise (3,3%). Os sal\u00e1rios (segundo o ganho m\u00e9dio por hora) tamb\u00e9m permaneceram pressionados pela escassez tempor\u00e1ria de m\u00e3o de obra, mas mostrou sinais de desacelera\u00e7\u00e3o em junho (chegando a 0,3% na compara\u00e7\u00e3o mensal, vindo de 0,4% em maio e 0,7% em abril) que devem se manter nos pr\u00f3ximos meses&#8221;, informou o relat\u00f3rio.<\/p>\n\t<p>\n\t\t<a href=\"https:\/\/lp.suno.com.br\/planilha-de-controle-de-investimentos\/\" target=\"_blank\" data-element=\"shortcode-suno-banner\" title=\"Banner SUNO, clique e saiba mais\">\n\t\t\t<picture>\n\t\t\t\t<source media=\"(max-width: 500px)\" srcset=\"https:\/\/files.sunoresearch.com.br\/n\/uploads\/2023\/03\/400x300-Controle-de-Investimentos.png\">\n\t\t\t\t<img class=\"newsContent__article__imgCapa newsContent__article__imgCapa--banner\"\n\t\t\t\t\tsrc=\"https:\/\/files.sunoresearch.com.br\/n\/uploads\/2023\/03\/1420x240-Controle-de-Investimentos.png\"\n\t\t\t\t\tdata-promo-id=\"75934\"\t\t\t\t\t\t\t\t\t\twidth='1420' height='240'\t\t\t\t\talt=\"https:\/\/files.sunoresearch.com.br\/n\/uploads\/2023\/03\/1420x240-Controle-de-Investimentos.png\"\n\t\t\t\t>\n\t\t\t<\/picture>\n\t\t<\/a>\n\t<\/p>\n\n\n","protected":false},"excerpt":{"rendered":"<p>Os surtos da variante Delta n\u00e3o devem impedir o controle do coronav\u00edrus (covid-19), explica o Ita\u00fa Unibanco (ITUB4) em relat\u00f3rio sobre a economia global, nesta quinta-feira (8), justificando que as vacinas parecem eficazes contra casos graves. Shop Ita\u00fa (ITUB4), marketplace do banco &#8211; Foto: Divulga\u00e7\u00e3o. De acordo com o Ita\u00fa, pa\u00edses com elevada porcentagem da [&hellip;]<\/p>\n","protected":false},"author":56,"featured_media":144509,"comment_status":"closed","ping_status":"closed","sticky":false,"template":"","format":"standard","meta":[],"categories":[62],"tags":[93040,105816,519],"suno_strategy":[],"class_list":["post-164711","post","type-post","status-publish","format-standard","has-post-thumbnail","hentry","category-economia","tag-economia-global","tag-especialistas","tag-itau-unibanco-itub3-itub4"],"yoast_head":"<!-- This site is optimized with the Yoast SEO plugin v24.4 - https:\/\/yoast.com\/wordpress\/plugins\/seo\/ -->\n<title>Variante Delta e Fed n\u00e3o devem interromper a recupera\u00e7\u00e3o da economia global, diz Ita\u00fa<\/title>\n<meta name=\"description\" content=\"Os surtos da variante Delta n\u00e3o devem impedir o controle do coronav\u00edrus, explica o Ita\u00fa) em relat\u00f3rio sobre a economia global.\u00a0Veja mais aqui.\" \/>\n<meta name=\"robots\" content=\"index, follow, max-snippet:-1, max-image-preview:large, max-video-preview:-1\" \/>\n<link rel=\"canonical\" href=\"https:\/\/www.suno.com.br\/noticias\/variante-delta-fed-nao-devem-interromper-recuperacao-economia-global-itau\/\" \/>\n<meta property=\"og:locale\" content=\"pt_BR\" \/>\n<meta property=\"og:type\" content=\"article\" \/>\n<meta property=\"og:title\" content=\"Variante Delta e Fed n\u00e3o devem interromper a recupera\u00e7\u00e3o da economia global, diz Ita\u00fa\" \/>\n<meta property=\"og:description\" content=\"Os surtos da variante Delta n\u00e3o devem impedir o controle do coronav\u00edrus, explica o Ita\u00fa) em relat\u00f3rio sobre a economia global.\u00a0Veja mais aqui.\" \/>\n<meta property=\"og:url\" content=\"https:\/\/www.suno.com.br\/noticias\/variante-delta-fed-nao-devem-interromper-recuperacao-economia-global-itau\/\" \/>\n<meta property=\"og:site_name\" content=\"Suno Not\u00edcias\" \/>\n<meta property=\"article:publisher\" content=\"https:\/\/facebook.com\/sunoresearch\" \/>\n<meta property=\"og:image\" content=\"https:\/\/files.sunoresearch.com.br\/n\/uploads\/2021\/05\/1dcd5ece-itau-3.jpg\" \/>\n\t<meta property=\"og:image:width\" content=\"1497\" \/>\n\t<meta property=\"og:image:height\" content=\"998\" \/>\n\t<meta property=\"og:image:type\" content=\"image\/jpeg\" \/>\n<meta name=\"author\" content=\"Rafaela La Regina\" \/>\n<meta name=\"twitter:card\" content=\"summary_large_image\" \/>\n<meta name=\"twitter:creator\" content=\"@sunoresearch\" \/>\n<meta name=\"twitter:site\" content=\"@sunoresearch\" \/>\n<meta name=\"twitter:label1\" content=\"Escrito por\" \/>\n\t<meta name=\"twitter:data1\" content=\"Rafaela La Regina\" \/>\n\t<meta name=\"twitter:label2\" content=\"Est. tempo de leitura\" \/>\n\t<meta name=\"twitter:data2\" content=\"3 minutos\" \/>\n<script type=\"application\/ld+json\" class=\"yoast-schema-graph\">{\"@context\":\"https:\/\/schema.org\",\"@graph\":[{\"@type\":\"NewsArticle\",\"@id\":\"https:\/\/www.suno.com.br\/noticias\/variante-delta-fed-nao-devem-interromper-recuperacao-economia-global-itau\/#article\",\"isPartOf\":{\"@id\":\"https:\/\/www.suno.com.br\/noticias\/variante-delta-fed-nao-devem-interromper-recuperacao-economia-global-itau\/\"},\"author\":{\"name\":\"Rafaela La Regina\",\"@id\":\"https:\/\/www.suno.com.br\/noticias\/#\/schema\/person\/e672ca8cea627fe715fa29bca7da95e0\"},\"headline\":\"Variante Delta e Fed n\u00e3o devem interromper a recupera\u00e7\u00e3o da economia global, diz Ita\u00fa\",\"datePublished\":\"2021-07-08T18:59:10+00:00\",\"dateModified\":\"2021-07-08T18:59:33+00:00\",\"mainEntityOfPage\":{\"@id\":\"https:\/\/www.suno.com.br\/noticias\/variante-delta-fed-nao-devem-interromper-recuperacao-economia-global-itau\/\"},\"wordCount\":610,\"publisher\":{\"@id\":\"https:\/\/www.suno.com.br\/noticias\/#organization\"},\"image\":{\"@id\":\"https:\/\/www.suno.com.br\/noticias\/variante-delta-fed-nao-devem-interromper-recuperacao-economia-global-itau\/#primaryimage\"},\"thumbnailUrl\":\"https:\/\/files.sunoresearch.com.br\/n\/uploads\/2021\/05\/1dcd5ece-itau-3.jpg\",\"keywords\":[\"economia global\",\"Especialistas\",\"Ita\u00fa Unibanco (ITUB3\/ITUB4)\"],\"articleSection\":[\"Economia\"],\"inLanguage\":\"pt-BR\"},{\"@type\":\"WebPage\",\"@id\":\"https:\/\/www.suno.com.br\/noticias\/variante-delta-fed-nao-devem-interromper-recuperacao-economia-global-itau\/\",\"url\":\"https:\/\/www.suno.com.br\/noticias\/variante-delta-fed-nao-devem-interromper-recuperacao-economia-global-itau\/\",\"name\":\"Variante Delta e Fed n\u00e3o devem interromper a recupera\u00e7\u00e3o da economia global, diz Ita\u00fa\",\"isPartOf\":{\"@id\":\"https:\/\/www.suno.com.br\/noticias\/#website\"},\"primaryImageOfPage\":{\"@id\":\"https:\/\/www.suno.com.br\/noticias\/variante-delta-fed-nao-devem-interromper-recuperacao-economia-global-itau\/#primaryimage\"},\"image\":{\"@id\":\"https:\/\/www.suno.com.br\/noticias\/variante-delta-fed-nao-devem-interromper-recuperacao-economia-global-itau\/#primaryimage\"},\"thumbnailUrl\":\"https:\/\/files.sunoresearch.com.br\/n\/uploads\/2021\/05\/1dcd5ece-itau-3.jpg\",\"datePublished\":\"2021-07-08T18:59:10+00:00\",\"dateModified\":\"2021-07-08T18:59:33+00:00\",\"description\":\"Os surtos da variante Delta n\u00e3o devem impedir o controle do coronav\u00edrus, explica o Ita\u00fa) em relat\u00f3rio sobre a economia global.\u00a0Veja mais aqui.\",\"breadcrumb\":{\"@id\":\"https:\/\/www.suno.com.br\/noticias\/variante-delta-fed-nao-devem-interromper-recuperacao-economia-global-itau\/#breadcrumb\"},\"inLanguage\":\"pt-BR\",\"potentialAction\":[{\"@type\":\"ReadAction\",\"target\":[\"https:\/\/www.suno.com.br\/noticias\/variante-delta-fed-nao-devem-interromper-recuperacao-economia-global-itau\/\"]}]},{\"@type\":\"ImageObject\",\"inLanguage\":\"pt-BR\",\"@id\":\"https:\/\/www.suno.com.br\/noticias\/variante-delta-fed-nao-devem-interromper-recuperacao-economia-global-itau\/#primaryimage\",\"url\":\"https:\/\/files.sunoresearch.com.br\/n\/uploads\/2021\/05\/1dcd5ece-itau-3.jpg\",\"contentUrl\":\"https:\/\/files.sunoresearch.com.br\/n\/uploads\/2021\/05\/1dcd5ece-itau-3.jpg\",\"width\":1497,\"height\":998,\"caption\":\"Shop Ita\u00fa (ITUB4), marketplace do banco - Foto: Divulga\u00e7\u00e3o.\"},{\"@type\":\"BreadcrumbList\",\"@id\":\"https:\/\/www.suno.com.br\/noticias\/variante-delta-fed-nao-devem-interromper-recuperacao-economia-global-itau\/#breadcrumb\",\"itemListElement\":[{\"@type\":\"ListItem\",\"position\":1,\"name\":\"Not\u00edcias\",\"item\":\"https:\/\/www.suno.com.br\/noticias\/\"},{\"@type\":\"ListItem\",\"position\":2,\"name\":\"Economia\",\"item\":\"https:\/\/www.suno.com.br\/noticias\/economia\/\"},{\"@type\":\"ListItem\",\"position\":3,\"name\":\"Variante Delta e Fed n\u00e3o devem interromper a recupera\u00e7\u00e3o da economia global, diz Ita\u00fa\"}]},{\"@type\":\"WebSite\",\"@id\":\"https:\/\/www.suno.com.br\/noticias\/#website\",\"url\":\"https:\/\/www.suno.com.br\/noticias\/\",\"name\":\"Suno Not\u00edcias\",\"description\":\"Seu portal de informa\u00e7\u00e3o sobre o mundo dos investimentos\",\"publisher\":{\"@id\":\"https:\/\/www.suno.com.br\/noticias\/#organization\"},\"potentialAction\":[{\"@type\":\"SearchAction\",\"target\":{\"@type\":\"EntryPoint\",\"urlTemplate\":\"https:\/\/www.suno.com.br\/noticias\/?s={search_term_string}\"},\"query-input\":{\"@type\":\"PropertyValueSpecification\",\"valueRequired\":true,\"valueName\":\"search_term_string\"}}],\"inLanguage\":\"pt-BR\"},{\"@type\":\"Organization\",\"@id\":\"https:\/\/www.suno.com.br\/noticias\/#organization\",\"name\":\"Suno Not\u00edcias\",\"url\":\"https:\/\/www.suno.com.br\/noticias\/\",\"logo\":{\"@type\":\"ImageObject\",\"inLanguage\":\"pt-BR\",\"@id\":\"https:\/\/www.suno.com.br\/noticias\/#\/schema\/logo\/image\/\",\"url\":\"https:\/\/files.sunoresearch.com.br\/n\/uploads\/2021\/09\/suno-logo.png\",\"contentUrl\":\"https:\/\/files.sunoresearch.com.br\/n\/uploads\/2021\/09\/suno-logo.png\",\"width\":180,\"height\":180,\"caption\":\"Suno Not\u00edcias\"},\"image\":{\"@id\":\"https:\/\/www.suno.com.br\/noticias\/#\/schema\/logo\/image\/\"},\"sameAs\":[\"https:\/\/facebook.com\/sunoresearch\",\"https:\/\/x.com\/sunoresearch\",\"https:\/\/www.instagram.com\/suno\",\"https:\/\/www.linkedin.com\/company\/suno-research\/\",\"https:\/\/www.youtube.com\/c\/sunoresearch\"]},{\"@type\":\"Person\",\"@id\":\"https:\/\/www.suno.com.br\/noticias\/#\/schema\/person\/e672ca8cea627fe715fa29bca7da95e0\",\"name\":\"Rafaela La Regina\",\"image\":{\"@type\":\"ImageObject\",\"inLanguage\":\"pt-BR\",\"@id\":\"https:\/\/www.suno.com.br\/noticias\/#\/schema\/person\/image\/\",\"url\":\"https:\/\/secure.gravatar.com\/avatar\/d2c75a52d243deb93d0465fdcb21bd37?s=96&r=g\",\"contentUrl\":\"https:\/\/secure.gravatar.com\/avatar\/d2c75a52d243deb93d0465fdcb21bd37?s=96&r=g\",\"caption\":\"Rafaela La Regina\"},\"description\":\"Estagi\u00e1ria no Suno Not\u00edcias. Escreve sobre economia, pol\u00edtica e neg\u00f3cios. Estuda Rela\u00e7\u00f5es Internacionais no IBMEC-SP.\",\"url\":\"https:\/\/www.suno.com.br\/noticias\/author\/rafaela-la-regina\/\"}]}<\/script>\n<!-- \/ Yoast SEO plugin. -->","yoast_head_json":{"title":"Variante Delta e Fed n\u00e3o devem interromper a recupera\u00e7\u00e3o da economia global, diz Ita\u00fa","description":"Os surtos da variante Delta n\u00e3o devem impedir o controle do coronav\u00edrus, explica o Ita\u00fa) em relat\u00f3rio sobre a economia global.\u00a0Veja mais aqui.","robots":{"index":"index","follow":"follow","max-snippet":"max-snippet:-1","max-image-preview":"max-image-preview:large","max-video-preview":"max-video-preview:-1"},"canonical":"https:\/\/www.suno.com.br\/noticias\/variante-delta-fed-nao-devem-interromper-recuperacao-economia-global-itau\/","og_locale":"pt_BR","og_type":"article","og_title":"Variante Delta e Fed n\u00e3o devem interromper a recupera\u00e7\u00e3o da economia global, diz Ita\u00fa","og_description":"Os surtos da variante Delta n\u00e3o devem impedir o controle do coronav\u00edrus, explica o Ita\u00fa) em relat\u00f3rio sobre a economia global.\u00a0Veja mais aqui.","og_url":"https:\/\/www.suno.com.br\/noticias\/variante-delta-fed-nao-devem-interromper-recuperacao-economia-global-itau\/","og_site_name":"Suno Not\u00edcias","article_publisher":"https:\/\/facebook.com\/sunoresearch","og_image":[{"width":1497,"height":998,"url":"https:\/\/files.sunoresearch.com.br\/n\/uploads\/2021\/05\/1dcd5ece-itau-3.jpg","type":"image\/jpeg"}],"author":"Rafaela La Regina","twitter_card":"summary_large_image","twitter_creator":"@sunoresearch","twitter_site":"@sunoresearch","twitter_misc":{"Escrito por":"Rafaela La Regina","Est. tempo de leitura":"3 minutos"},"schema":{"@context":"https:\/\/schema.org","@graph":[{"@type":"NewsArticle","@id":"https:\/\/www.suno.com.br\/noticias\/variante-delta-fed-nao-devem-interromper-recuperacao-economia-global-itau\/#article","isPartOf":{"@id":"https:\/\/www.suno.com.br\/noticias\/variante-delta-fed-nao-devem-interromper-recuperacao-economia-global-itau\/"},"author":{"name":"Rafaela La Regina","@id":"https:\/\/www.suno.com.br\/noticias\/#\/schema\/person\/e672ca8cea627fe715fa29bca7da95e0"},"headline":"Variante Delta e Fed n\u00e3o devem interromper a recupera\u00e7\u00e3o da economia global, diz Ita\u00fa","datePublished":"2021-07-08T18:59:10+00:00","dateModified":"2021-07-08T18:59:33+00:00","mainEntityOfPage":{"@id":"https:\/\/www.suno.com.br\/noticias\/variante-delta-fed-nao-devem-interromper-recuperacao-economia-global-itau\/"},"wordCount":610,"publisher":{"@id":"https:\/\/www.suno.com.br\/noticias\/#organization"},"image":{"@id":"https:\/\/www.suno.com.br\/noticias\/variante-delta-fed-nao-devem-interromper-recuperacao-economia-global-itau\/#primaryimage"},"thumbnailUrl":"https:\/\/files.sunoresearch.com.br\/n\/uploads\/2021\/05\/1dcd5ece-itau-3.jpg","keywords":["economia global","Especialistas","Ita\u00fa Unibanco (ITUB3\/ITUB4)"],"articleSection":["Economia"],"inLanguage":"pt-BR"},{"@type":"WebPage","@id":"https:\/\/www.suno.com.br\/noticias\/variante-delta-fed-nao-devem-interromper-recuperacao-economia-global-itau\/","url":"https:\/\/www.suno.com.br\/noticias\/variante-delta-fed-nao-devem-interromper-recuperacao-economia-global-itau\/","name":"Variante Delta e Fed n\u00e3o devem interromper a recupera\u00e7\u00e3o da economia global, diz Ita\u00fa","isPartOf":{"@id":"https:\/\/www.suno.com.br\/noticias\/#website"},"primaryImageOfPage":{"@id":"https:\/\/www.suno.com.br\/noticias\/variante-delta-fed-nao-devem-interromper-recuperacao-economia-global-itau\/#primaryimage"},"image":{"@id":"https:\/\/www.suno.com.br\/noticias\/variante-delta-fed-nao-devem-interromper-recuperacao-economia-global-itau\/#primaryimage"},"thumbnailUrl":"https:\/\/files.sunoresearch.com.br\/n\/uploads\/2021\/05\/1dcd5ece-itau-3.jpg","datePublished":"2021-07-08T18:59:10+00:00","dateModified":"2021-07-08T18:59:33+00:00","description":"Os surtos da variante Delta n\u00e3o devem impedir o controle do coronav\u00edrus, explica o Ita\u00fa) em relat\u00f3rio sobre a economia global.\u00a0Veja mais aqui.","breadcrumb":{"@id":"https:\/\/www.suno.com.br\/noticias\/variante-delta-fed-nao-devem-interromper-recuperacao-economia-global-itau\/#breadcrumb"},"inLanguage":"pt-BR","potentialAction":[{"@type":"ReadAction","target":["https:\/\/www.suno.com.br\/noticias\/variante-delta-fed-nao-devem-interromper-recuperacao-economia-global-itau\/"]}]},{"@type":"ImageObject","inLanguage":"pt-BR","@id":"https:\/\/www.suno.com.br\/noticias\/variante-delta-fed-nao-devem-interromper-recuperacao-economia-global-itau\/#primaryimage","url":"https:\/\/files.sunoresearch.com.br\/n\/uploads\/2021\/05\/1dcd5ece-itau-3.jpg","contentUrl":"https:\/\/files.sunoresearch.com.br\/n\/uploads\/2021\/05\/1dcd5ece-itau-3.jpg","width":1497,"height":998,"caption":"Shop Ita\u00fa (ITUB4), marketplace do banco - Foto: Divulga\u00e7\u00e3o."},{"@type":"BreadcrumbList","@id":"https:\/\/www.suno.com.br\/noticias\/variante-delta-fed-nao-devem-interromper-recuperacao-economia-global-itau\/#breadcrumb","itemListElement":[{"@type":"ListItem","position":1,"name":"Not\u00edcias","item":"https:\/\/www.suno.com.br\/noticias\/"},{"@type":"ListItem","position":2,"name":"Economia","item":"https:\/\/www.suno.com.br\/noticias\/economia\/"},{"@type":"ListItem","position":3,"name":"Variante Delta e Fed n\u00e3o devem interromper a recupera\u00e7\u00e3o da economia global, diz Ita\u00fa"}]},{"@type":"WebSite","@id":"https:\/\/www.suno.com.br\/noticias\/#website","url":"https:\/\/www.suno.com.br\/noticias\/","name":"Suno Not\u00edcias","description":"Seu portal de informa\u00e7\u00e3o sobre o mundo dos investimentos","publisher":{"@id":"https:\/\/www.suno.com.br\/noticias\/#organization"},"potentialAction":[{"@type":"SearchAction","target":{"@type":"EntryPoint","urlTemplate":"https:\/\/www.suno.com.br\/noticias\/?s={search_term_string}"},"query-input":{"@type":"PropertyValueSpecification","valueRequired":true,"valueName":"search_term_string"}}],"inLanguage":"pt-BR"},{"@type":"Organization","@id":"https:\/\/www.suno.com.br\/noticias\/#organization","name":"Suno Not\u00edcias","url":"https:\/\/www.suno.com.br\/noticias\/","logo":{"@type":"ImageObject","inLanguage":"pt-BR","@id":"https:\/\/www.suno.com.br\/noticias\/#\/schema\/logo\/image\/","url":"https:\/\/files.sunoresearch.com.br\/n\/uploads\/2021\/09\/suno-logo.png","contentUrl":"https:\/\/files.sunoresearch.com.br\/n\/uploads\/2021\/09\/suno-logo.png","width":180,"height":180,"caption":"Suno Not\u00edcias"},"image":{"@id":"https:\/\/www.suno.com.br\/noticias\/#\/schema\/logo\/image\/"},"sameAs":["https:\/\/facebook.com\/sunoresearch","https:\/\/x.com\/sunoresearch","https:\/\/www.instagram.com\/suno","https:\/\/www.linkedin.com\/company\/suno-research\/","https:\/\/www.youtube.com\/c\/sunoresearch"]},{"@type":"Person","@id":"https:\/\/www.suno.com.br\/noticias\/#\/schema\/person\/e672ca8cea627fe715fa29bca7da95e0","name":"Rafaela La Regina","image":{"@type":"ImageObject","inLanguage":"pt-BR","@id":"https:\/\/www.suno.com.br\/noticias\/#\/schema\/person\/image\/","url":"https:\/\/secure.gravatar.com\/avatar\/d2c75a52d243deb93d0465fdcb21bd37?s=96&r=g","contentUrl":"https:\/\/secure.gravatar.com\/avatar\/d2c75a52d243deb93d0465fdcb21bd37?s=96&r=g","caption":"Rafaela La Regina"},"description":"Estagi\u00e1ria no Suno Not\u00edcias. Escreve sobre economia, pol\u00edtica e neg\u00f3cios. Estuda Rela\u00e7\u00f5es Internacionais no IBMEC-SP.","url":"https:\/\/www.suno.com.br\/noticias\/author\/rafaela-la-regina\/"}]}},"default_loop_html":"<div class=\"cardsPage__listCard__boxs\"><div class=\"cardsPage__listCard__boxs__img\"><a href=\"https:\/\/www.suno.com.br\/noticias\/variante-delta-fed-nao-devem-interromper-recuperacao-economia-global-itau\/\"><img class=\"mask\" src=\"https:\/\/www.suno.com.br\/noticias\/wp-content\/themes\/suno\/resources\/images\/spotlight\/spotlight1img\/bg-mask.png\" alt=\"Image Mask\"\/><img src=\"https:\/\/files.sunoresearch.com.br\/n\/uploads\/2021\/05\/1dcd5ece-itau-3-400x200.webp\" alt=\"Variante Delta e Fed n\u00e3o devem interromper a recupera\u00e7\u00e3o da economia global, diz Ita\u00fa\"\/><\/a><span class=\"spotlightCategory\"><a href=\"https:\/\/www.suno.com.br\/noticias\/economia\/\">Economia<\/a><\/span><\/div><div class=\"cardsPage__listCard__boxs__content\"><a href=\"https:\/\/www.suno.com.br\/noticias\/variante-delta-fed-nao-devem-interromper-recuperacao-economia-global-itau\/\"><h2 class=\"content__title\">Variante Delta e Fed n\u00e3o devem interromper a recupera\u00e7\u00e3o da economia global, diz Ita\u00fa<\/h2><\/a><div class=\"newsContent__article__meta\"><div class=\"newsContent__article__meta__authorBox\"><a href=\"https:\/\/www.suno.com.br\/noticias\/author\/rafaela-la-regina\/\" class=\"authorBox__avatar noMobi\"><img src=\"https:\/\/secure.gravatar.com\/avatar\/d2c75a52d243deb93d0465fdcb21bd37?s=96&#038;r=g\" alt=\"Rafaela La Regina\"><\/a><div class=\"authorBox__name\"><span>por\n\t\t\t<a href=\"https:\/\/www.suno.com.br\/noticias\/author\/rafaela-la-regina\/\"><span itemprop=\"author\">Rafaela La Regina<\/span><\/a><\/span><time datetime=\"2021-07-08T15:59:10-03:00\" itemprop=\"datePublished\">08\/07\/2021 15:59<\/time><\/div><\/div><\/div><\/div><\/div>","single_layout":"posts","amp_enabled":true,"_links":{"self":[{"href":"https:\/\/www.suno.com.br\/noticias\/wp-json\/wp\/v2\/posts\/164711"}],"collection":[{"href":"https:\/\/www.suno.com.br\/noticias\/wp-json\/wp\/v2\/posts"}],"about":[{"href":"https:\/\/www.suno.com.br\/noticias\/wp-json\/wp\/v2\/types\/post"}],"author":[{"embeddable":true,"href":"https:\/\/www.suno.com.br\/noticias\/wp-json\/wp\/v2\/users\/56"}],"replies":[{"embeddable":true,"href":"https:\/\/www.suno.com.br\/noticias\/wp-json\/wp\/v2\/comments?post=164711"}],"version-history":[{"count":1,"href":"https:\/\/www.suno.com.br\/noticias\/wp-json\/wp\/v2\/posts\/164711\/revisions"}],"predecessor-version":[{"id":164735,"href":"https:\/\/www.suno.com.br\/noticias\/wp-json\/wp\/v2\/posts\/164711\/revisions\/164735"}],"wp:featuredmedia":[{"embeddable":true,"href":"https:\/\/www.suno.com.br\/noticias\/wp-json\/wp\/v2\/media\/144509"}],"wp:attachment":[{"href":"https:\/\/www.suno.com.br\/noticias\/wp-json\/wp\/v2\/media?parent=164711"}],"wp:term":[{"taxonomy":"category","embeddable":true,"href":"https:\/\/www.suno.com.br\/noticias\/wp-json\/wp\/v2\/categories?post=164711"},{"taxonomy":"post_tag","embeddable":true,"href":"https:\/\/www.suno.com.br\/noticias\/wp-json\/wp\/v2\/tags?post=164711"},{"taxonomy":"suno_strategy","embeddable":true,"href":"https:\/\/www.suno.com.br\/noticias\/wp-json\/wp\/v2\/suno_strategy?post=164711"}],"curies":[{"name":"wp","href":"https:\/\/api.w.org\/{rel}","templated":true}]}}