{"id":164707,"date":"2021-07-08T15:22:29","date_gmt":"2021-07-08T18:22:29","guid":{"rendered":"https:\/\/www.suno.com.br\/noticias\/?p=164707"},"modified":"2021-07-08T15:26:25","modified_gmt":"2021-07-08T18:26:25","slug":"dolar-sobe-desencadeia-intervencao-bc","status":"publish","type":"post","link":"https:\/\/www.suno.com.br\/noticias\/dolar-sobe-desencadeia-intervencao-bc\/","title":{"rendered":"D\u00f3lar chega a R$ 5,31 e desencadeia interven\u00e7\u00e3o do Banco Central"},"content":{"rendered":"<p>Seguindo na escalada recente, o <strong>d\u00f3lar<\/strong> <a href=\"https:\/\/www.suno.com.br\/noticias\/dolar-dispara-tensao-politica-inflacao\/\">apresentou valoriza\u00e7\u00e3o frente ao real nesta quinta-feira (8)<\/a> batendo na cota\u00e7\u00e3o m\u00e1xima no acumulado dos \u00faltimos 30 dias, a pre\u00e7o de R$ 5,3133, representando uma alta de 1,39% e refletindo o cen\u00e1rio turbulento da semana.<\/p>\t<div class=\"wrapper-featured-image\">\n\t\t<figure class=\"spotlightImg\">\n\n\t\t\t<picture>\n\t\t\t\t<source media=\"(max-width: 768px)\" srcset=\"https:\/\/files.sunoresearch.com.br\/n\/uploads\/2021\/06\/00b9e6be-fotobc-400x200.webp\">\n\t\t\t\t<img loading=\"lazy\" decoding=\"async\" class=\"newsContent__article__imgCapa lazyloadDisabled \" src=\"https:\/\/files.sunoresearch.com.br\/n\/uploads\/2021\/06\/00b9e6be-fotobc-800x450.webp\" width=\"800\" height=\"450\" alt=\"D\u00f3lar chega a R$ 5,31 e desencadeia interven\u00e7\u00e3o do Banco Central\" fetchpriority=high \/>\n\t\t\t<\/picture>\n\n\t\t\t<figcaption class=\"wp-caption-text wp-caption-text--show\">Pr\u00e9dio do Banco Central, em Bras\u00edlia - Foto: Ag\u00eancia Brasil<\/figcaption>\n\t\t<\/figure>\n\t<\/div>\n\n\n\t<p>\n\t\t<a href=\"https:\/\/lp.suno.com.br\/planilha-controle-gastos\/\" target=\"_blank\" data-element=\"shortcode-suno-banner\" title=\"Banner SUNO, clique e saiba mais\">\n\t\t\t<picture>\n\t\t\t\t<source media=\"(max-width: 500px)\" srcset=\"https:\/\/files.sunoresearch.com.br\/n\/uploads\/2023\/03\/400x300-Planilha-controle-de-gastos.png\">\n\t\t\t\t<img class=\"newsContent__article__imgCapa newsContent__article__imgCapa--banner\"\n\t\t\t\t\tsrc=\"https:\/\/files.sunoresearch.com.br\/n\/uploads\/2023\/03\/1420x240-Planilha-controle-de-gastos.png\"\n\t\t\t\t\tdata-promo-id=\"101751\"\t\t\t\t\t\t\t\t\t\twidth='1420' height='240'\t\t\t\t\talt=\"https:\/\/files.sunoresearch.com.br\/n\/uploads\/2023\/03\/1420x240-Planilha-controle-de-gastos.png\"\n\t\t\t\t>\n\t\t\t<\/picture>\n\t\t<\/a>\n\t<\/p>\n\n\n<p>Depois de ter ficado abaixo dos R$ 5 pela primeira vez em meses em <a href=\"https:\/\/www.suno.com.br\/artigos\/cambio\">cota\u00e7\u00f5es de dias anteriores<\/a>, o d\u00f3lar, agora, chega ao seu oitavo dia seguido de alta.<\/p>\n<p>Com o momento cr\u00edtico, o <a href=\"https:\/\/www.suno.com.br\/artigos\/bacen\/\">Banco Central <strong>(BC)<\/strong><\/a> anunciou leil\u00e3o de venda de US$ 500 milh\u00f5es como forma de amenizar o panorama, tirando o <strong>Real<\/strong> da coloca\u00e7\u00e3o de pior moeda emergente &#8211; posi\u00e7\u00e3o agora ocupada pelo peso chileno.<\/p>\n<p>Assim, em momentos seguintes, o <a href=\"https:\/\/statusinvest.com.br\/fundos-de-investimento\/cambial-dolar-fic-fi\"><strong>pre\u00e7o do d\u00f3lar<\/strong> caiu para R$ 5,239 \u00e0s 15h<\/a>.<\/p>\n\t<div data-element=\"shortcode-read-more\" class=\"knowMore\">\n\t\t\t\t<span class=\"knowMore__title\">Leia mais<\/span>\n\t\t\t\t<a class=\"knowMore__link\" href=\"https:\/\/www.suno.com.br\/noticias\/ibovespa-queda-coronavirus-cpi-ipca-08072021\/\">\n\t\t\tIbovespa acompanha NY e recua com temor frente \u00e0 variante da Covid-19; Gol (GOLL4) cai 3%\t\t<\/a>\n\t<\/div>\n\n\n<h2>Crise pol\u00edtica e infla\u00e7\u00e3o no radar<\/h2>\n<p>A alta no pre\u00e7o da<strong> moeda americana<\/strong> se d\u00e1 a fatores como a tens\u00e3o pol\u00edtica recente no Brasil, cujo foco \u00e9 a <strong>CPI da Covid.<\/strong> Ainda na quarta (7), o presidente da comiss\u00e3o, o senador Omar Aziz (PSD-AM), determinou a pris\u00e3o do ex-diretor de Log\u00edstica do Minist\u00e9rio da Sa\u00fade, Roberto Ferreira Dias.<\/p>\n<p>Somado a isso, a <strong>infla\u00e7\u00e3o<\/strong> apresenta um alta de 0,53% em junho, ante 0,83% em maio no \u00cdndice Nacional de Pre\u00e7os ao Consumidor Amplo <strong>(IPCA)<\/strong>, em dado que destoou das expectativas do mercado, que projetava um cen\u00e1rio pr\u00f3ximo com 0,6% de alta.<\/p>\n<p>Al\u00e9m disso, os mercados ainda contam com ata do <a href=\"https:\/\/www.suno.com.br\/artigos\/fed\/\">Federal Reserve <strong>(Fed)<\/strong><\/a>, que revisou para cima sua proje\u00e7\u00e3o para infla\u00e7\u00e3o no\u00a0<a class=\"suno-keyword\" href=\"https:\/\/www.suno.com.br\/artigos\/curto-prazo\/\" target=\"_blank\" rel=\"noopener noreferrer\" data-force=\"no\" data-priority=\"1\">curto prazo<\/a>.<\/p>\n<p>&#8220;Nos EUA, a ata do FOMC revelou que as discuss\u00f5es acerca do in\u00edcio do <em>tapering<\/em> j\u00e1 come\u00e7aram, apesar de ainda gerar diverg\u00eancia entre os dirigentes do Fed. Por aqui, o IPCA de junho surpreendeu positivamente, exibindo alta de 0,53% frente \u00e0 expectativa do mercado de 0,59%&#8221;, analisa a Ativa Investimentos.<\/p>\n<p>Segundo levantamento recente do su\u00ed\u00e7o <strong>UBS<\/strong>, a esmagadora maioria dos bancos centrais tem a infla\u00e7\u00e3o como o principal problema. Na pesquisa, foram 30 bancos entrevistados, sendo que dois ter\u00e7os esperam que o Fed suba os juros em 2023 e um ter\u00e7o prev\u00ea a alta ainda em 2022.<\/p>\n\t<p>\n\t\t<a href=\"https:\/\/lp.suno.com.br\/planilha-da-vida-financeira\/\" target=\"_blank\" data-element=\"shortcode-suno-banner\" title=\"Banner SUNO, clique e saiba mais\">\n\t\t\t<picture>\n\t\t\t\t<source media=\"(max-width: 500px)\" srcset=\"https:\/\/files.sunoresearch.com.br\/n\/uploads\/2023\/04\/400x300-Planilha-vida-financeira-true.png\">\n\t\t\t\t<img class=\"newsContent__article__imgCapa newsContent__article__imgCapa--banner\"\n\t\t\t\t\tsrc=\"https:\/\/files.sunoresearch.com.br\/n\/uploads\/2023\/04\/1420x240-Planilha-vida-financeira-true.png\"\n\t\t\t\t\tdata-promo-id=\"106682\"\t\t\t\t\t\t\t\t\t\twidth='1420' height='240'\t\t\t\t\talt=\"https:\/\/files.sunoresearch.com.br\/n\/uploads\/2023\/04\/1420x240-Planilha-vida-financeira-true.png\"\n\t\t\t\t>\n\t\t\t<\/picture>\n\t\t<\/a>\n\t<\/p>\n\n\n<p>Da mesma forma, na ter\u00e7a (6), o <strong>Morgan Stanley<\/strong> passou a ter vis\u00e3o &#8220;neutra&#8221; sobre o real, justificando o movimento pela postura\u00a0<em>hawkish<\/em> do BC.<\/p>\n<h2>Junto com o d\u00f3lar, Ibovespa cai em cen\u00e1rio de quedas intensas<\/h2>\n<p>No cen\u00e1rio de bolsa, o <strong>Ibovespa<\/strong> segue em queda, com influ\u00eancia das preocupa\u00e7\u00f5es com a variante Delta do coronav\u00edrus, caindo em 1,45% \u00e0s 15h, aos 125.162 pontos.<\/p>\n<p>Tamb\u00e9m seguindo os mesmos fatores que ocasionam alta do <strong>d\u00f3lar,<\/strong> a <a href=\"https:\/\/www.suno.com.br\/noticias\/ibovespa-despenca-inflacao-prisao-cpi\/\">bolsa abriu em queda generalizada<\/a>, refletindo o cen\u00e1rio internacional que exibe quedas bruscas em bolsas do exterior.<\/p>\n\t<p>\n\t\t<a href=\"https:\/\/lp.suno.com.br\/planilha-de-controle-de-investimentos\/\" target=\"_blank\" data-element=\"shortcode-suno-banner\" title=\"Banner SUNO, clique e saiba mais\">\n\t\t\t<picture>\n\t\t\t\t<source media=\"(max-width: 500px)\" srcset=\"https:\/\/files.sunoresearch.com.br\/n\/uploads\/2023\/03\/400x300-Controle-de-Investimentos.png\">\n\t\t\t\t<img class=\"newsContent__article__imgCapa newsContent__article__imgCapa--banner\"\n\t\t\t\t\tsrc=\"https:\/\/files.sunoresearch.com.br\/n\/uploads\/2023\/03\/1420x240-Controle-de-Investimentos.png\"\n\t\t\t\t\tdata-promo-id=\"75934\"\t\t\t\t\t\t\t\t\t\twidth='1420' height='240'\t\t\t\t\talt=\"https:\/\/files.sunoresearch.com.br\/n\/uploads\/2023\/03\/1420x240-Controle-de-Investimentos.png\"\n\t\t\t\t>\n\t\t\t<\/picture>\n\t\t<\/a>\n\t<\/p>\n\n\n","protected":false},"excerpt":{"rendered":"<p>Seguindo na escalada recente, o d\u00f3lar apresentou valoriza\u00e7\u00e3o frente ao real nesta quinta-feira (8) batendo na cota\u00e7\u00e3o m\u00e1xima no acumulado dos \u00faltimos 30 dias, a pre\u00e7o de R$ 5,3133, representando uma alta de 1,39% e refletindo o cen\u00e1rio turbulento da semana. Pr\u00e9dio do Banco Central, em Bras\u00edlia &#8211; Foto: Ag\u00eancia Brasil Depois de ter ficado [&hellip;]<\/p>\n","protected":false},"author":73,"featured_media":156600,"comment_status":"closed","ping_status":"closed","sticky":false,"template":"","format":"standard","meta":[],"categories":[60],"tags":[1842,104703,1853,326,1852,105816,721,1242,747],"suno_strategy":[],"class_list":["post-164707","post","type-post","status-publish","format-standard","has-post-thumbnail","hentry","category-mercado","tag-banco-central-bc","tag-bolsas-mundiais","tag-cambio","tag-dolar","tag-dolar-futuro","tag-especialistas","tag-ibovespa","tag-morgan-stanley-msbr34","tag-ubs-ubsg34"],"yoast_head":"<!-- This site is optimized with the Yoast SEO plugin v24.4 - https:\/\/yoast.com\/wordpress\/plugins\/seo\/ -->\n<title>D\u00f3lar chega a R$ 5,31 e desencadeia interven\u00e7\u00e3o do BC<\/title>\n<meta name=\"description\" content=\"Com influ\u00eancia da alta da infla\u00e7\u00e3o e do cen\u00e1rio pol\u00edtico tenso, o d\u00f3lar seguiu em escalada at\u00e9 atitude do BC. Clique aqui e leia mais.\" \/>\n<meta name=\"robots\" content=\"index, follow, max-snippet:-1, max-image-preview:large, max-video-preview:-1\" \/>\n<link rel=\"canonical\" href=\"https:\/\/www.suno.com.br\/noticias\/dolar-sobe-desencadeia-intervencao-bc\/\" \/>\n<meta property=\"og:locale\" content=\"pt_BR\" \/>\n<meta property=\"og:type\" content=\"article\" \/>\n<meta property=\"og:title\" content=\"D\u00f3lar chega a R$ 5,31 e desencadeia interven\u00e7\u00e3o do BC\" \/>\n<meta property=\"og:description\" content=\"Com influ\u00eancia da alta da infla\u00e7\u00e3o e do cen\u00e1rio pol\u00edtico tenso, o d\u00f3lar seguiu em escalada at\u00e9 atitude do BC. Clique aqui e leia mais.\" \/>\n<meta property=\"og:url\" content=\"https:\/\/www.suno.com.br\/noticias\/dolar-sobe-desencadeia-intervencao-bc\/\" \/>\n<meta property=\"og:site_name\" content=\"Suno Not\u00edcias\" \/>\n<meta property=\"article:publisher\" content=\"https:\/\/facebook.com\/sunoresearch\" \/>\n<meta property=\"og:image\" content=\"https:\/\/files.sunoresearch.com.br\/n\/uploads\/2021\/06\/00b9e6be-fotobc.jpg\" \/>\n\t<meta property=\"og:image:width\" content=\"1894\" \/>\n\t<meta property=\"og:image:height\" content=\"1262\" \/>\n\t<meta property=\"og:image:type\" content=\"image\/jpeg\" \/>\n<meta name=\"author\" content=\"Eduardo Vargas\" \/>\n<meta name=\"twitter:card\" content=\"summary_large_image\" \/>\n<meta name=\"twitter:creator\" content=\"@sunoresearch\" \/>\n<meta name=\"twitter:site\" content=\"@sunoresearch\" \/>\n<meta name=\"twitter:label1\" content=\"Escrito por\" \/>\n\t<meta name=\"twitter:data1\" content=\"Eduardo Vargas\" \/>\n\t<meta name=\"twitter:label2\" content=\"Est. tempo de leitura\" \/>\n\t<meta name=\"twitter:data2\" content=\"2 minutos\" \/>\n<script type=\"application\/ld+json\" class=\"yoast-schema-graph\">{\"@context\":\"https:\/\/schema.org\",\"@graph\":[{\"@type\":\"NewsArticle\",\"@id\":\"https:\/\/www.suno.com.br\/noticias\/dolar-sobe-desencadeia-intervencao-bc\/#article\",\"isPartOf\":{\"@id\":\"https:\/\/www.suno.com.br\/noticias\/dolar-sobe-desencadeia-intervencao-bc\/\"},\"author\":{\"name\":\"Eduardo Vargas\",\"@id\":\"https:\/\/www.suno.com.br\/noticias\/#\/schema\/person\/7f4d362bf3518e76090143ae77bb49a5\"},\"headline\":\"D\u00f3lar chega a R$ 5,31 e desencadeia interven\u00e7\u00e3o do Banco Central\",\"datePublished\":\"2021-07-08T18:22:29+00:00\",\"dateModified\":\"2021-07-08T18:26:25+00:00\",\"mainEntityOfPage\":{\"@id\":\"https:\/\/www.suno.com.br\/noticias\/dolar-sobe-desencadeia-intervencao-bc\/\"},\"wordCount\":491,\"publisher\":{\"@id\":\"https:\/\/www.suno.com.br\/noticias\/#organization\"},\"image\":{\"@id\":\"https:\/\/www.suno.com.br\/noticias\/dolar-sobe-desencadeia-intervencao-bc\/#primaryimage\"},\"thumbnailUrl\":\"https:\/\/files.sunoresearch.com.br\/n\/uploads\/2021\/06\/00b9e6be-fotobc-jpg.webp\",\"keywords\":[\"Banco Central (BC)\",\"Bolsas mundiais\",\"c\u00e2mbio\",\"d\u00f3lar\",\"d\u00f3lar futuro\",\"Especialistas\",\"Ibovespa\",\"Morgan Stanley (MSBR34)\",\"UBS (UBSG34)\"],\"articleSection\":[\"Mercado\"],\"inLanguage\":\"pt-BR\"},{\"@type\":\"WebPage\",\"@id\":\"https:\/\/www.suno.com.br\/noticias\/dolar-sobe-desencadeia-intervencao-bc\/\",\"url\":\"https:\/\/www.suno.com.br\/noticias\/dolar-sobe-desencadeia-intervencao-bc\/\",\"name\":\"D\u00f3lar chega a R$ 5,31 e desencadeia interven\u00e7\u00e3o do BC\",\"isPartOf\":{\"@id\":\"https:\/\/www.suno.com.br\/noticias\/#website\"},\"primaryImageOfPage\":{\"@id\":\"https:\/\/www.suno.com.br\/noticias\/dolar-sobe-desencadeia-intervencao-bc\/#primaryimage\"},\"image\":{\"@id\":\"https:\/\/www.suno.com.br\/noticias\/dolar-sobe-desencadeia-intervencao-bc\/#primaryimage\"},\"thumbnailUrl\":\"https:\/\/files.sunoresearch.com.br\/n\/uploads\/2021\/06\/00b9e6be-fotobc-jpg.webp\",\"datePublished\":\"2021-07-08T18:22:29+00:00\",\"dateModified\":\"2021-07-08T18:26:25+00:00\",\"description\":\"Com influ\u00eancia da alta da infla\u00e7\u00e3o e do cen\u00e1rio pol\u00edtico tenso, o d\u00f3lar seguiu em escalada at\u00e9 atitude do BC. Clique aqui e leia mais.\",\"breadcrumb\":{\"@id\":\"https:\/\/www.suno.com.br\/noticias\/dolar-sobe-desencadeia-intervencao-bc\/#breadcrumb\"},\"inLanguage\":\"pt-BR\",\"potentialAction\":[{\"@type\":\"ReadAction\",\"target\":[\"https:\/\/www.suno.com.br\/noticias\/dolar-sobe-desencadeia-intervencao-bc\/\"]}]},{\"@type\":\"ImageObject\",\"inLanguage\":\"pt-BR\",\"@id\":\"https:\/\/www.suno.com.br\/noticias\/dolar-sobe-desencadeia-intervencao-bc\/#primaryimage\",\"url\":\"https:\/\/files.sunoresearch.com.br\/n\/uploads\/2021\/06\/00b9e6be-fotobc-jpg.webp\",\"contentUrl\":\"https:\/\/files.sunoresearch.com.br\/n\/uploads\/2021\/06\/00b9e6be-fotobc-jpg.webp\",\"width\":1894,\"height\":1262,\"caption\":\"Pr\u00e9dio do Banco Central, em Bras\u00edlia - Foto: Ag\u00eancia Brasil\"},{\"@type\":\"BreadcrumbList\",\"@id\":\"https:\/\/www.suno.com.br\/noticias\/dolar-sobe-desencadeia-intervencao-bc\/#breadcrumb\",\"itemListElement\":[{\"@type\":\"ListItem\",\"position\":1,\"name\":\"Not\u00edcias\",\"item\":\"https:\/\/www.suno.com.br\/noticias\/\"},{\"@type\":\"ListItem\",\"position\":2,\"name\":\"Mercado\",\"item\":\"https:\/\/www.suno.com.br\/noticias\/mercado\/\"},{\"@type\":\"ListItem\",\"position\":3,\"name\":\"D\u00f3lar chega a R$ 5,31 e desencadeia interven\u00e7\u00e3o do Banco Central\"}]},{\"@type\":\"WebSite\",\"@id\":\"https:\/\/www.suno.com.br\/noticias\/#website\",\"url\":\"https:\/\/www.suno.com.br\/noticias\/\",\"name\":\"Suno Not\u00edcias\",\"description\":\"Seu portal de informa\u00e7\u00e3o sobre o mundo dos investimentos\",\"publisher\":{\"@id\":\"https:\/\/www.suno.com.br\/noticias\/#organization\"},\"potentialAction\":[{\"@type\":\"SearchAction\",\"target\":{\"@type\":\"EntryPoint\",\"urlTemplate\":\"https:\/\/www.suno.com.br\/noticias\/?s={search_term_string}\"},\"query-input\":{\"@type\":\"PropertyValueSpecification\",\"valueRequired\":true,\"valueName\":\"search_term_string\"}}],\"inLanguage\":\"pt-BR\"},{\"@type\":\"Organization\",\"@id\":\"https:\/\/www.suno.com.br\/noticias\/#organization\",\"name\":\"Suno Not\u00edcias\",\"url\":\"https:\/\/www.suno.com.br\/noticias\/\",\"logo\":{\"@type\":\"ImageObject\",\"inLanguage\":\"pt-BR\",\"@id\":\"https:\/\/www.suno.com.br\/noticias\/#\/schema\/logo\/image\/\",\"url\":\"https:\/\/files.sunoresearch.com.br\/n\/uploads\/2021\/09\/suno-logo.png\",\"contentUrl\":\"https:\/\/files.sunoresearch.com.br\/n\/uploads\/2021\/09\/suno-logo.png\",\"width\":180,\"height\":180,\"caption\":\"Suno Not\u00edcias\"},\"image\":{\"@id\":\"https:\/\/www.suno.com.br\/noticias\/#\/schema\/logo\/image\/\"},\"sameAs\":[\"https:\/\/facebook.com\/sunoresearch\",\"https:\/\/x.com\/sunoresearch\",\"https:\/\/www.instagram.com\/suno\",\"https:\/\/www.linkedin.com\/company\/suno-research\/\",\"https:\/\/www.youtube.com\/c\/sunoresearch\"]},{\"@type\":\"Person\",\"@id\":\"https:\/\/www.suno.com.br\/noticias\/#\/schema\/person\/7f4d362bf3518e76090143ae77bb49a5\",\"name\":\"Eduardo Vargas\",\"image\":{\"@type\":\"ImageObject\",\"inLanguage\":\"pt-BR\",\"@id\":\"https:\/\/www.suno.com.br\/noticias\/#\/schema\/person\/image\/\",\"url\":\"https:\/\/secure.gravatar.com\/avatar\/dac340933427a22924c9f99d1eb2e3f2?s=96&r=g\",\"contentUrl\":\"https:\/\/secure.gravatar.com\/avatar\/dac340933427a22924c9f99d1eb2e3f2?s=96&r=g\",\"caption\":\"Eduardo Vargas\"},\"description\":\"Jornalista formado pela UFSC, cobre macroeconomia, neg\u00f3cios e startups para o Suno Not\u00edcias, escrevendo principalmente not\u00edcias sobre o mercado financeiro e a bolsa de valores. No YouTube e no Instagram, \u00e9 respons\u00e1vel pela produ\u00e7\u00e3o de Reels e Shorts do Suno Not\u00edcias. Anteriormente, trabalhou cobrindo economia e cotidiano no ND+ e para o ND, maior jornal impresso de Santa Catarina. Cursou um semestre letivo de Estudos de M\u00eddia na Universidad de Buenos Aires.\",\"url\":\"https:\/\/www.suno.com.br\/noticias\/author\/eduardo-vargas\/\"}]}<\/script>\n<!-- \/ Yoast SEO plugin. -->","yoast_head_json":{"title":"D\u00f3lar chega a R$ 5,31 e desencadeia interven\u00e7\u00e3o do BC","description":"Com influ\u00eancia da alta da infla\u00e7\u00e3o e do cen\u00e1rio pol\u00edtico tenso, o d\u00f3lar seguiu em escalada at\u00e9 atitude do BC. Clique aqui e leia mais.","robots":{"index":"index","follow":"follow","max-snippet":"max-snippet:-1","max-image-preview":"max-image-preview:large","max-video-preview":"max-video-preview:-1"},"canonical":"https:\/\/www.suno.com.br\/noticias\/dolar-sobe-desencadeia-intervencao-bc\/","og_locale":"pt_BR","og_type":"article","og_title":"D\u00f3lar chega a R$ 5,31 e desencadeia interven\u00e7\u00e3o do BC","og_description":"Com influ\u00eancia da alta da infla\u00e7\u00e3o e do cen\u00e1rio pol\u00edtico tenso, o d\u00f3lar seguiu em escalada at\u00e9 atitude do BC. Clique aqui e leia mais.","og_url":"https:\/\/www.suno.com.br\/noticias\/dolar-sobe-desencadeia-intervencao-bc\/","og_site_name":"Suno Not\u00edcias","article_publisher":"https:\/\/facebook.com\/sunoresearch","og_image":[{"width":1894,"height":1262,"url":"https:\/\/files.sunoresearch.com.br\/n\/uploads\/2021\/06\/00b9e6be-fotobc.jpg","type":"image\/jpeg"}],"author":"Eduardo Vargas","twitter_card":"summary_large_image","twitter_creator":"@sunoresearch","twitter_site":"@sunoresearch","twitter_misc":{"Escrito por":"Eduardo Vargas","Est. tempo de leitura":"2 minutos"},"schema":{"@context":"https:\/\/schema.org","@graph":[{"@type":"NewsArticle","@id":"https:\/\/www.suno.com.br\/noticias\/dolar-sobe-desencadeia-intervencao-bc\/#article","isPartOf":{"@id":"https:\/\/www.suno.com.br\/noticias\/dolar-sobe-desencadeia-intervencao-bc\/"},"author":{"name":"Eduardo Vargas","@id":"https:\/\/www.suno.com.br\/noticias\/#\/schema\/person\/7f4d362bf3518e76090143ae77bb49a5"},"headline":"D\u00f3lar chega a R$ 5,31 e desencadeia interven\u00e7\u00e3o do Banco Central","datePublished":"2021-07-08T18:22:29+00:00","dateModified":"2021-07-08T18:26:25+00:00","mainEntityOfPage":{"@id":"https:\/\/www.suno.com.br\/noticias\/dolar-sobe-desencadeia-intervencao-bc\/"},"wordCount":491,"publisher":{"@id":"https:\/\/www.suno.com.br\/noticias\/#organization"},"image":{"@id":"https:\/\/www.suno.com.br\/noticias\/dolar-sobe-desencadeia-intervencao-bc\/#primaryimage"},"thumbnailUrl":"https:\/\/files.sunoresearch.com.br\/n\/uploads\/2021\/06\/00b9e6be-fotobc-jpg.webp","keywords":["Banco Central (BC)","Bolsas mundiais","c\u00e2mbio","d\u00f3lar","d\u00f3lar futuro","Especialistas","Ibovespa","Morgan Stanley (MSBR34)","UBS (UBSG34)"],"articleSection":["Mercado"],"inLanguage":"pt-BR"},{"@type":"WebPage","@id":"https:\/\/www.suno.com.br\/noticias\/dolar-sobe-desencadeia-intervencao-bc\/","url":"https:\/\/www.suno.com.br\/noticias\/dolar-sobe-desencadeia-intervencao-bc\/","name":"D\u00f3lar chega a R$ 5,31 e desencadeia interven\u00e7\u00e3o do BC","isPartOf":{"@id":"https:\/\/www.suno.com.br\/noticias\/#website"},"primaryImageOfPage":{"@id":"https:\/\/www.suno.com.br\/noticias\/dolar-sobe-desencadeia-intervencao-bc\/#primaryimage"},"image":{"@id":"https:\/\/www.suno.com.br\/noticias\/dolar-sobe-desencadeia-intervencao-bc\/#primaryimage"},"thumbnailUrl":"https:\/\/files.sunoresearch.com.br\/n\/uploads\/2021\/06\/00b9e6be-fotobc-jpg.webp","datePublished":"2021-07-08T18:22:29+00:00","dateModified":"2021-07-08T18:26:25+00:00","description":"Com influ\u00eancia da alta da infla\u00e7\u00e3o e do cen\u00e1rio pol\u00edtico tenso, o d\u00f3lar seguiu em escalada at\u00e9 atitude do BC. Clique aqui e leia mais.","breadcrumb":{"@id":"https:\/\/www.suno.com.br\/noticias\/dolar-sobe-desencadeia-intervencao-bc\/#breadcrumb"},"inLanguage":"pt-BR","potentialAction":[{"@type":"ReadAction","target":["https:\/\/www.suno.com.br\/noticias\/dolar-sobe-desencadeia-intervencao-bc\/"]}]},{"@type":"ImageObject","inLanguage":"pt-BR","@id":"https:\/\/www.suno.com.br\/noticias\/dolar-sobe-desencadeia-intervencao-bc\/#primaryimage","url":"https:\/\/files.sunoresearch.com.br\/n\/uploads\/2021\/06\/00b9e6be-fotobc-jpg.webp","contentUrl":"https:\/\/files.sunoresearch.com.br\/n\/uploads\/2021\/06\/00b9e6be-fotobc-jpg.webp","width":1894,"height":1262,"caption":"Pr\u00e9dio do Banco Central, em Bras\u00edlia - Foto: Ag\u00eancia Brasil"},{"@type":"BreadcrumbList","@id":"https:\/\/www.suno.com.br\/noticias\/dolar-sobe-desencadeia-intervencao-bc\/#breadcrumb","itemListElement":[{"@type":"ListItem","position":1,"name":"Not\u00edcias","item":"https:\/\/www.suno.com.br\/noticias\/"},{"@type":"ListItem","position":2,"name":"Mercado","item":"https:\/\/www.suno.com.br\/noticias\/mercado\/"},{"@type":"ListItem","position":3,"name":"D\u00f3lar chega a R$ 5,31 e desencadeia interven\u00e7\u00e3o do Banco Central"}]},{"@type":"WebSite","@id":"https:\/\/www.suno.com.br\/noticias\/#website","url":"https:\/\/www.suno.com.br\/noticias\/","name":"Suno Not\u00edcias","description":"Seu portal de informa\u00e7\u00e3o sobre o mundo dos investimentos","publisher":{"@id":"https:\/\/www.suno.com.br\/noticias\/#organization"},"potentialAction":[{"@type":"SearchAction","target":{"@type":"EntryPoint","urlTemplate":"https:\/\/www.suno.com.br\/noticias\/?s={search_term_string}"},"query-input":{"@type":"PropertyValueSpecification","valueRequired":true,"valueName":"search_term_string"}}],"inLanguage":"pt-BR"},{"@type":"Organization","@id":"https:\/\/www.suno.com.br\/noticias\/#organization","name":"Suno Not\u00edcias","url":"https:\/\/www.suno.com.br\/noticias\/","logo":{"@type":"ImageObject","inLanguage":"pt-BR","@id":"https:\/\/www.suno.com.br\/noticias\/#\/schema\/logo\/image\/","url":"https:\/\/files.sunoresearch.com.br\/n\/uploads\/2021\/09\/suno-logo.png","contentUrl":"https:\/\/files.sunoresearch.com.br\/n\/uploads\/2021\/09\/suno-logo.png","width":180,"height":180,"caption":"Suno Not\u00edcias"},"image":{"@id":"https:\/\/www.suno.com.br\/noticias\/#\/schema\/logo\/image\/"},"sameAs":["https:\/\/facebook.com\/sunoresearch","https:\/\/x.com\/sunoresearch","https:\/\/www.instagram.com\/suno","https:\/\/www.linkedin.com\/company\/suno-research\/","https:\/\/www.youtube.com\/c\/sunoresearch"]},{"@type":"Person","@id":"https:\/\/www.suno.com.br\/noticias\/#\/schema\/person\/7f4d362bf3518e76090143ae77bb49a5","name":"Eduardo Vargas","image":{"@type":"ImageObject","inLanguage":"pt-BR","@id":"https:\/\/www.suno.com.br\/noticias\/#\/schema\/person\/image\/","url":"https:\/\/secure.gravatar.com\/avatar\/dac340933427a22924c9f99d1eb2e3f2?s=96&r=g","contentUrl":"https:\/\/secure.gravatar.com\/avatar\/dac340933427a22924c9f99d1eb2e3f2?s=96&r=g","caption":"Eduardo Vargas"},"description":"Jornalista formado pela UFSC, cobre macroeconomia, neg\u00f3cios e startups para o Suno Not\u00edcias, escrevendo principalmente not\u00edcias sobre o mercado financeiro e a bolsa de valores. No YouTube e no Instagram, \u00e9 respons\u00e1vel pela produ\u00e7\u00e3o de Reels e Shorts do Suno Not\u00edcias. Anteriormente, trabalhou cobrindo economia e cotidiano no ND+ e para o ND, maior jornal impresso de Santa Catarina. Cursou um semestre letivo de Estudos de M\u00eddia na Universidad de Buenos Aires.","url":"https:\/\/www.suno.com.br\/noticias\/author\/eduardo-vargas\/"}]}},"default_loop_html":"<div class=\"cardsPage__listCard__boxs\"><div class=\"cardsPage__listCard__boxs__img\"><a href=\"https:\/\/www.suno.com.br\/noticias\/dolar-sobe-desencadeia-intervencao-bc\/\"><img class=\"mask\" src=\"https:\/\/www.suno.com.br\/noticias\/wp-content\/themes\/suno\/resources\/images\/spotlight\/spotlight1img\/bg-mask.png\" alt=\"Image Mask\"\/><img src=\"https:\/\/files.sunoresearch.com.br\/n\/uploads\/2021\/06\/00b9e6be-fotobc-400x200.webp\" alt=\"D\u00f3lar chega a R$ 5,31 e desencadeia interven\u00e7\u00e3o do Banco Central\"\/><\/a><span class=\"spotlightCategory\"><a href=\"https:\/\/www.suno.com.br\/noticias\/mercado\/\">Mercado<\/a><\/span><\/div><div class=\"cardsPage__listCard__boxs__content\"><a href=\"https:\/\/www.suno.com.br\/noticias\/dolar-sobe-desencadeia-intervencao-bc\/\"><h2 class=\"content__title\">D\u00f3lar chega a R$ 5,31 e desencadeia interven\u00e7\u00e3o do Banco Central<\/h2><\/a><div class=\"newsContent__article__meta\"><div class=\"newsContent__article__meta__authorBox\"><a href=\"https:\/\/www.suno.com.br\/noticias\/author\/eduardo-vargas\/\" class=\"authorBox__avatar noMobi\"><img src=\"https:\/\/secure.gravatar.com\/avatar\/dac340933427a22924c9f99d1eb2e3f2?s=96&#038;r=g\" alt=\"Eduardo Vargas\"><\/a><div class=\"authorBox__name\"><span>por\n\t\t\t<a href=\"https:\/\/www.suno.com.br\/noticias\/author\/eduardo-vargas\/\"><span itemprop=\"author\">Eduardo Vargas<\/span><\/a><\/span><time datetime=\"2021-07-08T15:22:29-03:00\" itemprop=\"datePublished\">08\/07\/2021 15:22<\/time><\/div><\/div><\/div><\/div><\/div>","single_layout":"posts","amp_enabled":true,"_links":{"self":[{"href":"https:\/\/www.suno.com.br\/noticias\/wp-json\/wp\/v2\/posts\/164707"}],"collection":[{"href":"https:\/\/www.suno.com.br\/noticias\/wp-json\/wp\/v2\/posts"}],"about":[{"href":"https:\/\/www.suno.com.br\/noticias\/wp-json\/wp\/v2\/types\/post"}],"author":[{"embeddable":true,"href":"https:\/\/www.suno.com.br\/noticias\/wp-json\/wp\/v2\/users\/73"}],"replies":[{"embeddable":true,"href":"https:\/\/www.suno.com.br\/noticias\/wp-json\/wp\/v2\/comments?post=164707"}],"version-history":[{"count":3,"href":"https:\/\/www.suno.com.br\/noticias\/wp-json\/wp\/v2\/posts\/164707\/revisions"}],"predecessor-version":[{"id":164721,"href":"https:\/\/www.suno.com.br\/noticias\/wp-json\/wp\/v2\/posts\/164707\/revisions\/164721"}],"wp:featuredmedia":[{"embeddable":true,"href":"https:\/\/www.suno.com.br\/noticias\/wp-json\/wp\/v2\/media\/156600"}],"wp:attachment":[{"href":"https:\/\/www.suno.com.br\/noticias\/wp-json\/wp\/v2\/media?parent=164707"}],"wp:term":[{"taxonomy":"category","embeddable":true,"href":"https:\/\/www.suno.com.br\/noticias\/wp-json\/wp\/v2\/categories?post=164707"},{"taxonomy":"post_tag","embeddable":true,"href":"https:\/\/www.suno.com.br\/noticias\/wp-json\/wp\/v2\/tags?post=164707"},{"taxonomy":"suno_strategy","embeddable":true,"href":"https:\/\/www.suno.com.br\/noticias\/wp-json\/wp\/v2\/suno_strategy?post=164707"}],"curies":[{"name":"wp","href":"https:\/\/api.w.org\/{rel}","templated":true}]}}