{"id":164663,"date":"2021-07-08T15:41:36","date_gmt":"2021-07-08T18:41:36","guid":{"rendered":"https:\/\/www.suno.com.br\/noticias\/?p=164663"},"modified":"2021-07-08T15:41:36","modified_gmt":"2021-07-08T18:41:36","slug":"brasil-flexibilizacao-regras-mercosul-bolsonaro","status":"publish","type":"post","link":"https:\/\/www.suno.com.br\/noticias\/brasil-flexibilizacao-regras-mercosul-bolsonaro\/","title":{"rendered":"Brasil quer flexibiliza\u00e7\u00e3o de regras do Mercosul, diz Bolsonaro"},"content":{"rendered":"<p>O presidente Jair Bolsonaro (sem partido) afirmou que a prioridade do Brasil no <strong>Mercosul<\/strong> \u00e9 de <a href=\"https:\/\/www.suno.com.br\/artigos\/blocos-economicos\/\">flexibilizar as regras do bloco econ\u00f4mico<\/a>.<\/p>\t<div class=\"wrapper-featured-image\">\n\t\t<figure class=\"spotlightImg\">\n\n\t\t\t<picture>\n\t\t\t\t<source media=\"(max-width: 768px)\" srcset=\"https:\/\/files.sunoresearch.com.br\/n\/uploads\/2021\/07\/9bab5942-48308914531_a09d301d84_o-400x200.jpg\">\n\t\t\t\t<img loading=\"lazy\" decoding=\"async\" class=\"newsContent__article__imgCapa lazyloadDisabled \" src=\"https:\/\/files.sunoresearch.com.br\/n\/uploads\/2021\/07\/9bab5942-48308914531_a09d301d84_o-800x450.jpg\" width=\"800\" height=\"450\" alt=\"Brasil quer flexibiliza\u00e7\u00e3o de regras do Mercosul, diz Bolsonaro\" fetchpriority=high \/>\n\t\t\t<\/picture>\n\n\t\t\t<figcaption class=\"wp-caption-text wp-caption-text--show\">Os l\u00edderes dos pa\u00edses do Mercosul se re\u00fanem nesta quinta em encontro virtual - Foto - Alan Santos\/Ag\u00eancia Brasil<\/figcaption>\n\t\t<\/figure>\n\t<\/div>\n\n\n\t<p>\n\t\t<a href=\"https:\/\/lp.suno.com.br\/planilha-controle-gastos\/\" target=\"_blank\" data-element=\"shortcode-suno-banner\" title=\"Banner SUNO, clique e saiba mais\">\n\t\t\t<picture>\n\t\t\t\t<source media=\"(max-width: 500px)\" srcset=\"https:\/\/files.sunoresearch.com.br\/n\/uploads\/2023\/03\/400x300-Planilha-controle-de-gastos.png\">\n\t\t\t\t<img class=\"newsContent__article__imgCapa newsContent__article__imgCapa--banner\"\n\t\t\t\t\tsrc=\"https:\/\/files.sunoresearch.com.br\/n\/uploads\/2023\/03\/1420x240-Planilha-controle-de-gastos.png\"\n\t\t\t\t\tdata-promo-id=\"101751\"\t\t\t\t\t\t\t\t\t\twidth='1420' height='240'\t\t\t\t\talt=\"https:\/\/files.sunoresearch.com.br\/n\/uploads\/2023\/03\/1420x240-Planilha-controle-de-gastos.png\"\n\t\t\t\t>\n\t\t\t<\/picture>\n\t\t<\/a>\n\t<\/p>\n\n\n<p>Ele falou durante um evento de passagem da presid\u00eancia pro-tempore do Mercosul da <strong>Argentina<\/strong> para o <strong>Brasil<\/strong> &#8211; o<a href=\"https:\/\/www.suno.com.br\/noticias\/queremos-fazer-acordos-comerciais-no-mercosul-e-argentina-diz-que-nao-afirma-guedes\/\">s governos dos quatro integrantes do bloco sul-americano<\/a> se revezam na presid\u00eancia a cada seis meses.<\/p>\n<p><a href=\"https:\/\/www.suno.com.br\/noticias\/bolsonaro-apresenta-nomes-para-agencias-reguladoras\/\">Bolsonaro reclamou dos \u00faltimos seis meses<\/a> e disse que o per\u00edodo em que os argentinos ficaram na presid\u00eancia do <strong>bloco<\/strong> &#8220;deixou de corresponder \u00e0s expectativas e necessidade de moderniza\u00e7\u00e3o do Mercosul&#8221;.<\/p>\n<p>&#8220;Dever\u00edamos ter apresentado resultados concretos nos dois temas que mais mobilizam nossos esfor\u00e7os recentes, na flexibiliza\u00e7\u00e3o de acordos com parceiros externos e na redu\u00e7\u00e3o da <a href=\"https:\/\/www.suno.com.br\/artigos\/tarifa-de-contingencia\/\">Tarifa Externa Comum<\/a> (TEC)&#8221;, afirmou.<\/p>\n<p>Os l\u00edderes dos pa\u00edses do Mercosul se re\u00fanem nesta quinta-feira (8), de forma virtual, sob forte press\u00e3o externa e embates internos. Enquanto Brasil e Uruguai defendem a redu\u00e7\u00e3o da <strong>TEC<\/strong> e a<a href=\"https:\/\/www.suno.com.br\/artigos\/acordo-comercial\/\"> possibilidade de negocia\u00e7\u00e3o de acordos<\/a> com pa\u00edses externos ao bloco bilateralmente, a Argentina \u00e9 fortemente contra.<\/p>\n\n\t<div data-element=\"shortcode-read-more\" class=\"readToo\">\n\t\t\t\t<span class=\"readToo__title\">Leia tamb\u00e9m<\/span>\n\t\t\t\t<ul class=\"readToo__list\">\n\t\t\t<li><a href=\"https:\/\/www.suno.com.br\/noticias\/empresarios-europeus-rapida-ratificacao-acordo-ue-mercosul\/\">Empres\u00e1rios europeus pedem r\u00e1pida ratifica\u00e7\u00e3o de acordo UE-Mercosul<\/a><\/li><li><a href=\"https:\/\/www.suno.com.br\/noticias\/queremos-fazer-acordos-comerciais-no-mercosul-e-argentina-diz-que-nao-afirma-guedes\/\">&#8216;Queremos fazer acordos comerciais no Mercosul e Argentina diz que n\u00e3o&#8217;, afirma Guedes<\/a><\/li>\t\t<\/ul>\n\t<\/div>\n\n\n<p>Bolsonaro deixou claro a posi\u00e7\u00e3o do Brasil e disse querer avan\u00e7ar nesses dois temas at\u00e9 o fim do ano. &#8220;O Brasil tem pressa. Os <strong>ministros<\/strong> e negociadores do Mercosul est\u00e3o cientes de nossa sede de resultados&#8221;, afirmou.<\/p>\n<p>&#8220;Precisamos lan\u00e7ar novas negocia\u00e7\u00f5es e <a href=\"https:\/\/www.suno.com.br\/artigos\/globalizacao\/\">concluir os <strong>acordos comerciais<\/strong> pendentes<\/a>, ao mesmo tempo que trabalhamos para reduzir tarifas e eliminar outros entraves ao fluxo comercial entre n\u00f3s e o mundo em geral&#8221;.<\/p>\n<h2>&#8220;Ato falho&#8221;<\/h2>\n<p>Bolsonaro abriu a transmiss\u00e3o com um ato falho falando da &#8220;pandemia brasileira&#8221;, quando se referia \u00e0 presid\u00eancia brasileira do bloco. Em sua fala, o presidente disse que seu governo est\u00e1 empenhado em garantir &#8220;<a href=\"https:\/\/www.suno.com.br\/noticias\/retomada-desigual-e-divida-de-emergentes-podem-causar-instabilidade-global-diz-fmi\/\">r\u00e1pida <strong>recupera\u00e7\u00e3o da economia<\/strong><\/a> neste momento de imuniza\u00e7\u00e3o em massa&#8221;.<\/p>\n<p>&#8220;N\u00e3o podemos deixar que o Mercosul continue a ser visto como sin\u00f4nimo de inefici\u00eancia, desperd\u00edcio de oportunidades e restri\u00e7\u00f5es comerciais. De modo a superar essa imagem negativa do bloco, o foco do Brasil tem privilegiado a moderniza\u00e7\u00e3o da <strong>agenda<\/strong>\u00a0<strong>econ\u00f4mica<\/strong> do Mercosul&#8221;, completou.<\/p>\n<p>O presidente brasileiro criticou o uso da regra de consenso como instrumento de veto e disse que isso tem o efeito de &#8220;consolidar sentimento de ceticismo e d\u00favida quanto ao verdadeiro potencial dinamizador do Mercosul&#8221;.<\/p>\n<p>Pelas regras do Mercosul, qualquer mudan\u00e7a no bloco tem que ser feita em consenso entre os quatro pa\u00edses, Brasil, Argentina, Paraguai e Uruguai. Antes de Bolsonaro, <a href=\"https:\/\/www.suno.com.br\/noticias\/fernandez-sanchez-destacam-importancia-acordo-ue-mercosul\/\">o presidente da Argentina, <strong>Alberto Fern\u00e1ndez,<\/strong><\/a> chegou a dizer que o consenso \u00e9 a &#8220;coluna vertebral&#8221; do Mercosul.<\/p>\n<p>&#8220;O Brasil n\u00e3o vai parar nos esfor\u00e7os para modernizar sua economia e sociedade. Queremos que nosso s\u00f3cios sejam companheiros em caminhada para prosperidade comum&#8221;, rebateu Bolsonaro. &#8220;O Mercosul nasceu de compromisso claro com a <strong>liberdade, democracia<\/strong> e <strong>abertura<\/strong> para o mundo. Ser\u00e3o esses os princ\u00edpios orientadores da presid\u00eancia brasileira ao longo desse semestre&#8221;.<\/p>\n\t<p>\n\t\t<a href=\"https:\/\/lp.suno.com.br\/planilha-da-vida-financeira\/\" target=\"_blank\" data-element=\"shortcode-suno-banner\" title=\"Banner SUNO, clique e saiba mais\">\n\t\t\t<picture>\n\t\t\t\t<source media=\"(max-width: 500px)\" srcset=\"https:\/\/files.sunoresearch.com.br\/n\/uploads\/2023\/04\/400x300-Planilha-vida-financeira-true.png\">\n\t\t\t\t<img class=\"newsContent__article__imgCapa newsContent__article__imgCapa--banner\"\n\t\t\t\t\tsrc=\"https:\/\/files.sunoresearch.com.br\/n\/uploads\/2023\/04\/1420x240-Planilha-vida-financeira-true.png\"\n\t\t\t\t\tdata-promo-id=\"106682\"\t\t\t\t\t\t\t\t\t\twidth='1420' height='240'\t\t\t\t\talt=\"https:\/\/files.sunoresearch.com.br\/n\/uploads\/2023\/04\/1420x240-Planilha-vida-financeira-true.png\"\n\t\t\t\t>\n\t\t\t<\/picture>\n\t\t<\/a>\n\t<\/p>\n\n\n<h2>Disputa interna no Mercosul<\/h2>\n<p>Os presidentes do Brasil, Jair Bolsonaro, e da Argentina, Alberto Fern\u00e1ndez, duelaram na abertura da c\u00fapula de <strong>chefes de Estado<\/strong> do Mercosul. Com vis\u00f5es antag\u00f4nicas sobre os principais pontos de impasse atuais do bloco, os dois defenderam suas posi\u00e7\u00f5es nos discursos iniciais, alfinetando a outra parte.<\/p>\n<p>Enquanto Fern\u00e1ndez usou a palavra <strong>&#8220;consenso&#8221;<\/strong> v\u00e1rias vezes em sua fala, evocando que se trata da &#8220;espinha dorsal&#8221; do tratado que completou 30 anos em 2021, Bolsonaro argumentou que o uso de regra de consenso como veto ter\u00e1 efeito de consolidar um ceticismo quanto ao bloco.<\/p>\n<p>Outro ponto em que as vis\u00f5es s\u00e3o d\u00edspares diz respeito \u00e0 revis\u00e3o da Tarifa Externa Comum (TEC). O presidente argentino refor\u00e7ou hoje o pedido de que o grupo leve em considera\u00e7\u00e3o o impacto de uma mudan\u00e7a na tarifa para alguns setores produtivos, principalmente em um momento de <a class=\"suno-keyword\" href=\"https:\/\/www.suno.com.br\/artigos\/crise-economica-oportunidade-ou-ameaca\/\" target=\"_blank\" rel=\"noopener noreferrer\" data-force=\"no\" data-priority=\"1\"><strong>crise<\/strong>\u00a0<strong>econ\u00f4mica<\/strong><\/a> gerada pela pandemia de <strong>coronav\u00edrus.<\/strong> J\u00e1 Bolsonaro se mostrou frustrado pela falta de um acordo para reduzir o tributo. &#8220;Dever\u00edamos ter avan\u00e7ado em flexibiliza\u00e7\u00e3o de acordo e na redu\u00e7\u00e3o de TEC&#8221;, sentenciou.<\/p>\n<p>O clima de embate entre os dois presidentes demonstrado nesta quinta apenas enfatiza a falta de \u00e2nimo entre os membros do Mercosul. Como registrou o <i>Broadcast<\/i>, desde ontem, durante reuni\u00f5es preparat\u00f3rias, o clima &#8220;azedou&#8221;. Principalmente depois que o Uruguai anunciou que partiria em busca de novos parceiros fora do <strong>Mercosul<\/strong>.<\/p>\n<p><em><strong>Com informa\u00e7\u00f5es do Estad\u00e3o Conte\u00fado<\/strong><\/em><\/p>\n\t<p>\n\t\t<a href=\"https:\/\/lp.suno.com.br\/planilha-de-controle-de-investimentos\/\" target=\"_blank\" data-element=\"shortcode-suno-banner\" title=\"Banner SUNO, clique e saiba mais\">\n\t\t\t<picture>\n\t\t\t\t<source media=\"(max-width: 500px)\" srcset=\"https:\/\/files.sunoresearch.com.br\/n\/uploads\/2023\/03\/400x300-Controle-de-Investimentos.png\">\n\t\t\t\t<img class=\"newsContent__article__imgCapa newsContent__article__imgCapa--banner\"\n\t\t\t\t\tsrc=\"https:\/\/files.sunoresearch.com.br\/n\/uploads\/2023\/03\/1420x240-Controle-de-Investimentos.png\"\n\t\t\t\t\tdata-promo-id=\"75934\"\t\t\t\t\t\t\t\t\t\twidth='1420' height='240'\t\t\t\t\talt=\"https:\/\/files.sunoresearch.com.br\/n\/uploads\/2023\/03\/1420x240-Controle-de-Investimentos.png\"\n\t\t\t\t>\n\t\t\t<\/picture>\n\t\t<\/a>\n\t<\/p>\n\n\n","protected":false},"excerpt":{"rendered":"<p>O presidente Jair Bolsonaro (sem partido) afirmou que a prioridade do Brasil no Mercosul \u00e9 de flexibilizar as regras do bloco econ\u00f4mico. Reforma tribut\u00e1ria deve ser apreciada nesta semana pelo Congresso &#8211; Foto Alan Santos PR Ele falou durante um evento de passagem da presid\u00eancia pro-tempore do Mercosul da Argentina para o Brasil &#8211; os [&hellip;]<\/p>\n","protected":false},"author":73,"featured_media":164699,"comment_status":"closed","ping_status":"closed","sticky":false,"template":"","format":"standard","meta":[],"categories":[63],"tags":[106444,1871,699,719,868],"suno_strategy":[],"class_list":["post-164663","post","type-post","status-publish","format-standard","has-post-thumbnail","hentry","category-internacional","tag-agencias","tag-alberto-fernandez","tag-argentina","tag-jair-bolsonaro","tag-mercosul"],"yoast_head":"<!-- This site is optimized with the Yoast SEO plugin v24.4 - https:\/\/yoast.com\/wordpress\/plugins\/seo\/ -->\n<title>Brasil quer flexibiliza\u00e7\u00e3o de regras do Mercosul, diz Bolsonaro<\/title>\n<meta name=\"description\" content=\"Segundo Bolsonaro, per\u00edodo em que argentinos estavam \u00e0 frente do Mercosul &quot;deixou de corresponder \u00e0s expectativas&quot;. Clique aqui e leia mais.\" \/>\n<meta name=\"robots\" content=\"index, follow, max-snippet:-1, max-image-preview:large, max-video-preview:-1\" \/>\n<link rel=\"canonical\" href=\"https:\/\/www.suno.com.br\/noticias\/brasil-flexibilizacao-regras-mercosul-bolsonaro\/\" \/>\n<meta property=\"og:locale\" content=\"pt_BR\" \/>\n<meta property=\"og:type\" content=\"article\" \/>\n<meta property=\"og:title\" content=\"Brasil quer flexibiliza\u00e7\u00e3o de regras do Mercosul, diz Bolsonaro\" \/>\n<meta property=\"og:description\" content=\"Segundo Bolsonaro, per\u00edodo em que argentinos estavam \u00e0 frente do Mercosul &quot;deixou de corresponder \u00e0s expectativas&quot;. Clique aqui e leia mais.\" \/>\n<meta property=\"og:url\" content=\"https:\/\/www.suno.com.br\/noticias\/brasil-flexibilizacao-regras-mercosul-bolsonaro\/\" \/>\n<meta property=\"og:site_name\" content=\"Suno Not\u00edcias\" \/>\n<meta property=\"article:publisher\" content=\"https:\/\/facebook.com\/sunoresearch\" \/>\n<meta property=\"og:image\" content=\"https:\/\/files.sunoresearch.com.br\/n\/uploads\/2021\/07\/9bab5942-48308914531_a09d301d84_o-scaled.jpg\" \/>\n\t<meta property=\"og:image:width\" content=\"2560\" \/>\n\t<meta property=\"og:image:height\" content=\"1706\" \/>\n\t<meta property=\"og:image:type\" content=\"image\/jpeg\" \/>\n<meta name=\"author\" content=\"Eduardo Vargas\" \/>\n<meta name=\"twitter:card\" content=\"summary_large_image\" \/>\n<meta name=\"twitter:creator\" content=\"@sunoresearch\" \/>\n<meta name=\"twitter:site\" content=\"@sunoresearch\" \/>\n<meta name=\"twitter:label1\" content=\"Escrito por\" \/>\n\t<meta name=\"twitter:data1\" content=\"Eduardo Vargas\" \/>\n\t<meta name=\"twitter:label2\" content=\"Est. tempo de leitura\" \/>\n\t<meta name=\"twitter:data2\" content=\"4 minutos\" \/>\n<script type=\"application\/ld+json\" class=\"yoast-schema-graph\">{\"@context\":\"https:\/\/schema.org\",\"@graph\":[{\"@type\":\"NewsArticle\",\"@id\":\"https:\/\/www.suno.com.br\/noticias\/brasil-flexibilizacao-regras-mercosul-bolsonaro\/#article\",\"isPartOf\":{\"@id\":\"https:\/\/www.suno.com.br\/noticias\/brasil-flexibilizacao-regras-mercosul-bolsonaro\/\"},\"author\":{\"name\":\"Eduardo Vargas\",\"@id\":\"https:\/\/www.suno.com.br\/noticias\/#\/schema\/person\/7f4d362bf3518e76090143ae77bb49a5\"},\"headline\":\"Brasil quer flexibiliza\u00e7\u00e3o de regras do Mercosul, diz Bolsonaro\",\"datePublished\":\"2021-07-08T18:41:36+00:00\",\"mainEntityOfPage\":{\"@id\":\"https:\/\/www.suno.com.br\/noticias\/brasil-flexibilizacao-regras-mercosul-bolsonaro\/\"},\"wordCount\":775,\"publisher\":{\"@id\":\"https:\/\/www.suno.com.br\/noticias\/#organization\"},\"image\":{\"@id\":\"https:\/\/www.suno.com.br\/noticias\/brasil-flexibilizacao-regras-mercosul-bolsonaro\/#primaryimage\"},\"thumbnailUrl\":\"https:\/\/files.sunoresearch.com.br\/n\/uploads\/2021\/07\/9bab5942-48308914531_a09d301d84_o-scaled.jpg\",\"keywords\":[\"Ag\u00eancias\",\"Alberto Fern\u00e1ndez\",\"Argentina\",\"Jair Bolsonaro\",\"Mercosul\"],\"articleSection\":[\"Internacional\"],\"inLanguage\":\"pt-BR\"},{\"@type\":\"WebPage\",\"@id\":\"https:\/\/www.suno.com.br\/noticias\/brasil-flexibilizacao-regras-mercosul-bolsonaro\/\",\"url\":\"https:\/\/www.suno.com.br\/noticias\/brasil-flexibilizacao-regras-mercosul-bolsonaro\/\",\"name\":\"Brasil quer flexibiliza\u00e7\u00e3o de regras do Mercosul, diz Bolsonaro\",\"isPartOf\":{\"@id\":\"https:\/\/www.suno.com.br\/noticias\/#website\"},\"primaryImageOfPage\":{\"@id\":\"https:\/\/www.suno.com.br\/noticias\/brasil-flexibilizacao-regras-mercosul-bolsonaro\/#primaryimage\"},\"image\":{\"@id\":\"https:\/\/www.suno.com.br\/noticias\/brasil-flexibilizacao-regras-mercosul-bolsonaro\/#primaryimage\"},\"thumbnailUrl\":\"https:\/\/files.sunoresearch.com.br\/n\/uploads\/2021\/07\/9bab5942-48308914531_a09d301d84_o-scaled.jpg\",\"datePublished\":\"2021-07-08T18:41:36+00:00\",\"description\":\"Segundo Bolsonaro, per\u00edodo em que argentinos estavam \u00e0 frente do Mercosul \\\"deixou de corresponder \u00e0s expectativas\\\". Clique aqui e leia mais.\",\"breadcrumb\":{\"@id\":\"https:\/\/www.suno.com.br\/noticias\/brasil-flexibilizacao-regras-mercosul-bolsonaro\/#breadcrumb\"},\"inLanguage\":\"pt-BR\",\"potentialAction\":[{\"@type\":\"ReadAction\",\"target\":[\"https:\/\/www.suno.com.br\/noticias\/brasil-flexibilizacao-regras-mercosul-bolsonaro\/\"]}]},{\"@type\":\"ImageObject\",\"inLanguage\":\"pt-BR\",\"@id\":\"https:\/\/www.suno.com.br\/noticias\/brasil-flexibilizacao-regras-mercosul-bolsonaro\/#primaryimage\",\"url\":\"https:\/\/files.sunoresearch.com.br\/n\/uploads\/2021\/07\/9bab5942-48308914531_a09d301d84_o-scaled.jpg\",\"contentUrl\":\"https:\/\/files.sunoresearch.com.br\/n\/uploads\/2021\/07\/9bab5942-48308914531_a09d301d84_o-scaled.jpg\",\"width\":2560,\"height\":1706,\"caption\":\"Os l\u00edderes dos pa\u00edses do Mercosul se re\u00fanem nesta quinta em encontro virtual - Foto - Alan Santos\/Ag\u00eancia Brasil\"},{\"@type\":\"BreadcrumbList\",\"@id\":\"https:\/\/www.suno.com.br\/noticias\/brasil-flexibilizacao-regras-mercosul-bolsonaro\/#breadcrumb\",\"itemListElement\":[{\"@type\":\"ListItem\",\"position\":1,\"name\":\"Not\u00edcias\",\"item\":\"https:\/\/www.suno.com.br\/noticias\/\"},{\"@type\":\"ListItem\",\"position\":2,\"name\":\"Internacional\",\"item\":\"https:\/\/www.suno.com.br\/noticias\/internacional\/\"},{\"@type\":\"ListItem\",\"position\":3,\"name\":\"Brasil quer flexibiliza\u00e7\u00e3o de regras do Mercosul, diz Bolsonaro\"}]},{\"@type\":\"WebSite\",\"@id\":\"https:\/\/www.suno.com.br\/noticias\/#website\",\"url\":\"https:\/\/www.suno.com.br\/noticias\/\",\"name\":\"Suno Not\u00edcias\",\"description\":\"Seu portal de informa\u00e7\u00e3o sobre o mundo dos investimentos\",\"publisher\":{\"@id\":\"https:\/\/www.suno.com.br\/noticias\/#organization\"},\"potentialAction\":[{\"@type\":\"SearchAction\",\"target\":{\"@type\":\"EntryPoint\",\"urlTemplate\":\"https:\/\/www.suno.com.br\/noticias\/?s={search_term_string}\"},\"query-input\":{\"@type\":\"PropertyValueSpecification\",\"valueRequired\":true,\"valueName\":\"search_term_string\"}}],\"inLanguage\":\"pt-BR\"},{\"@type\":\"Organization\",\"@id\":\"https:\/\/www.suno.com.br\/noticias\/#organization\",\"name\":\"Suno Not\u00edcias\",\"url\":\"https:\/\/www.suno.com.br\/noticias\/\",\"logo\":{\"@type\":\"ImageObject\",\"inLanguage\":\"pt-BR\",\"@id\":\"https:\/\/www.suno.com.br\/noticias\/#\/schema\/logo\/image\/\",\"url\":\"https:\/\/files.sunoresearch.com.br\/n\/uploads\/2021\/09\/suno-logo.png\",\"contentUrl\":\"https:\/\/files.sunoresearch.com.br\/n\/uploads\/2021\/09\/suno-logo.png\",\"width\":180,\"height\":180,\"caption\":\"Suno Not\u00edcias\"},\"image\":{\"@id\":\"https:\/\/www.suno.com.br\/noticias\/#\/schema\/logo\/image\/\"},\"sameAs\":[\"https:\/\/facebook.com\/sunoresearch\",\"https:\/\/x.com\/sunoresearch\",\"https:\/\/www.instagram.com\/suno\",\"https:\/\/www.linkedin.com\/company\/suno-research\/\",\"https:\/\/www.youtube.com\/c\/sunoresearch\"]},{\"@type\":\"Person\",\"@id\":\"https:\/\/www.suno.com.br\/noticias\/#\/schema\/person\/7f4d362bf3518e76090143ae77bb49a5\",\"name\":\"Eduardo Vargas\",\"image\":{\"@type\":\"ImageObject\",\"inLanguage\":\"pt-BR\",\"@id\":\"https:\/\/www.suno.com.br\/noticias\/#\/schema\/person\/image\/\",\"url\":\"https:\/\/secure.gravatar.com\/avatar\/dac340933427a22924c9f99d1eb2e3f2?s=96&r=g\",\"contentUrl\":\"https:\/\/secure.gravatar.com\/avatar\/dac340933427a22924c9f99d1eb2e3f2?s=96&r=g\",\"caption\":\"Eduardo Vargas\"},\"description\":\"Jornalista formado pela UFSC, cobre macroeconomia, neg\u00f3cios e startups para o Suno Not\u00edcias, escrevendo principalmente not\u00edcias sobre o mercado financeiro e a bolsa de valores. No YouTube e no Instagram, \u00e9 respons\u00e1vel pela produ\u00e7\u00e3o de Reels e Shorts do Suno Not\u00edcias. Anteriormente, trabalhou cobrindo economia e cotidiano no ND+ e para o ND, maior jornal impresso de Santa Catarina. Cursou um semestre letivo de Estudos de M\u00eddia na Universidad de Buenos Aires.\",\"url\":\"https:\/\/www.suno.com.br\/noticias\/author\/eduardo-vargas\/\"}]}<\/script>\n<!-- \/ Yoast SEO plugin. -->","yoast_head_json":{"title":"Brasil quer flexibiliza\u00e7\u00e3o de regras do Mercosul, diz Bolsonaro","description":"Segundo Bolsonaro, per\u00edodo em que argentinos estavam \u00e0 frente do Mercosul \"deixou de corresponder \u00e0s expectativas\". Clique aqui e leia mais.","robots":{"index":"index","follow":"follow","max-snippet":"max-snippet:-1","max-image-preview":"max-image-preview:large","max-video-preview":"max-video-preview:-1"},"canonical":"https:\/\/www.suno.com.br\/noticias\/brasil-flexibilizacao-regras-mercosul-bolsonaro\/","og_locale":"pt_BR","og_type":"article","og_title":"Brasil quer flexibiliza\u00e7\u00e3o de regras do Mercosul, diz Bolsonaro","og_description":"Segundo Bolsonaro, per\u00edodo em que argentinos estavam \u00e0 frente do Mercosul \"deixou de corresponder \u00e0s expectativas\". Clique aqui e leia mais.","og_url":"https:\/\/www.suno.com.br\/noticias\/brasil-flexibilizacao-regras-mercosul-bolsonaro\/","og_site_name":"Suno Not\u00edcias","article_publisher":"https:\/\/facebook.com\/sunoresearch","og_image":[{"width":2560,"height":1706,"url":"https:\/\/files.sunoresearch.com.br\/n\/uploads\/2021\/07\/9bab5942-48308914531_a09d301d84_o-scaled.jpg","type":"image\/jpeg"}],"author":"Eduardo Vargas","twitter_card":"summary_large_image","twitter_creator":"@sunoresearch","twitter_site":"@sunoresearch","twitter_misc":{"Escrito por":"Eduardo Vargas","Est. tempo de leitura":"4 minutos"},"schema":{"@context":"https:\/\/schema.org","@graph":[{"@type":"NewsArticle","@id":"https:\/\/www.suno.com.br\/noticias\/brasil-flexibilizacao-regras-mercosul-bolsonaro\/#article","isPartOf":{"@id":"https:\/\/www.suno.com.br\/noticias\/brasil-flexibilizacao-regras-mercosul-bolsonaro\/"},"author":{"name":"Eduardo Vargas","@id":"https:\/\/www.suno.com.br\/noticias\/#\/schema\/person\/7f4d362bf3518e76090143ae77bb49a5"},"headline":"Brasil quer flexibiliza\u00e7\u00e3o de regras do Mercosul, diz Bolsonaro","datePublished":"2021-07-08T18:41:36+00:00","mainEntityOfPage":{"@id":"https:\/\/www.suno.com.br\/noticias\/brasil-flexibilizacao-regras-mercosul-bolsonaro\/"},"wordCount":775,"publisher":{"@id":"https:\/\/www.suno.com.br\/noticias\/#organization"},"image":{"@id":"https:\/\/www.suno.com.br\/noticias\/brasil-flexibilizacao-regras-mercosul-bolsonaro\/#primaryimage"},"thumbnailUrl":"https:\/\/files.sunoresearch.com.br\/n\/uploads\/2021\/07\/9bab5942-48308914531_a09d301d84_o-scaled.jpg","keywords":["Ag\u00eancias","Alberto Fern\u00e1ndez","Argentina","Jair Bolsonaro","Mercosul"],"articleSection":["Internacional"],"inLanguage":"pt-BR"},{"@type":"WebPage","@id":"https:\/\/www.suno.com.br\/noticias\/brasil-flexibilizacao-regras-mercosul-bolsonaro\/","url":"https:\/\/www.suno.com.br\/noticias\/brasil-flexibilizacao-regras-mercosul-bolsonaro\/","name":"Brasil quer flexibiliza\u00e7\u00e3o de regras do Mercosul, diz Bolsonaro","isPartOf":{"@id":"https:\/\/www.suno.com.br\/noticias\/#website"},"primaryImageOfPage":{"@id":"https:\/\/www.suno.com.br\/noticias\/brasil-flexibilizacao-regras-mercosul-bolsonaro\/#primaryimage"},"image":{"@id":"https:\/\/www.suno.com.br\/noticias\/brasil-flexibilizacao-regras-mercosul-bolsonaro\/#primaryimage"},"thumbnailUrl":"https:\/\/files.sunoresearch.com.br\/n\/uploads\/2021\/07\/9bab5942-48308914531_a09d301d84_o-scaled.jpg","datePublished":"2021-07-08T18:41:36+00:00","description":"Segundo Bolsonaro, per\u00edodo em que argentinos estavam \u00e0 frente do Mercosul \"deixou de corresponder \u00e0s expectativas\". Clique aqui e leia mais.","breadcrumb":{"@id":"https:\/\/www.suno.com.br\/noticias\/brasil-flexibilizacao-regras-mercosul-bolsonaro\/#breadcrumb"},"inLanguage":"pt-BR","potentialAction":[{"@type":"ReadAction","target":["https:\/\/www.suno.com.br\/noticias\/brasil-flexibilizacao-regras-mercosul-bolsonaro\/"]}]},{"@type":"ImageObject","inLanguage":"pt-BR","@id":"https:\/\/www.suno.com.br\/noticias\/brasil-flexibilizacao-regras-mercosul-bolsonaro\/#primaryimage","url":"https:\/\/files.sunoresearch.com.br\/n\/uploads\/2021\/07\/9bab5942-48308914531_a09d301d84_o-scaled.jpg","contentUrl":"https:\/\/files.sunoresearch.com.br\/n\/uploads\/2021\/07\/9bab5942-48308914531_a09d301d84_o-scaled.jpg","width":2560,"height":1706,"caption":"Os l\u00edderes dos pa\u00edses do Mercosul se re\u00fanem nesta quinta em encontro virtual - Foto - Alan Santos\/Ag\u00eancia Brasil"},{"@type":"BreadcrumbList","@id":"https:\/\/www.suno.com.br\/noticias\/brasil-flexibilizacao-regras-mercosul-bolsonaro\/#breadcrumb","itemListElement":[{"@type":"ListItem","position":1,"name":"Not\u00edcias","item":"https:\/\/www.suno.com.br\/noticias\/"},{"@type":"ListItem","position":2,"name":"Internacional","item":"https:\/\/www.suno.com.br\/noticias\/internacional\/"},{"@type":"ListItem","position":3,"name":"Brasil quer flexibiliza\u00e7\u00e3o de regras do Mercosul, diz Bolsonaro"}]},{"@type":"WebSite","@id":"https:\/\/www.suno.com.br\/noticias\/#website","url":"https:\/\/www.suno.com.br\/noticias\/","name":"Suno Not\u00edcias","description":"Seu portal de informa\u00e7\u00e3o sobre o mundo dos investimentos","publisher":{"@id":"https:\/\/www.suno.com.br\/noticias\/#organization"},"potentialAction":[{"@type":"SearchAction","target":{"@type":"EntryPoint","urlTemplate":"https:\/\/www.suno.com.br\/noticias\/?s={search_term_string}"},"query-input":{"@type":"PropertyValueSpecification","valueRequired":true,"valueName":"search_term_string"}}],"inLanguage":"pt-BR"},{"@type":"Organization","@id":"https:\/\/www.suno.com.br\/noticias\/#organization","name":"Suno Not\u00edcias","url":"https:\/\/www.suno.com.br\/noticias\/","logo":{"@type":"ImageObject","inLanguage":"pt-BR","@id":"https:\/\/www.suno.com.br\/noticias\/#\/schema\/logo\/image\/","url":"https:\/\/files.sunoresearch.com.br\/n\/uploads\/2021\/09\/suno-logo.png","contentUrl":"https:\/\/files.sunoresearch.com.br\/n\/uploads\/2021\/09\/suno-logo.png","width":180,"height":180,"caption":"Suno Not\u00edcias"},"image":{"@id":"https:\/\/www.suno.com.br\/noticias\/#\/schema\/logo\/image\/"},"sameAs":["https:\/\/facebook.com\/sunoresearch","https:\/\/x.com\/sunoresearch","https:\/\/www.instagram.com\/suno","https:\/\/www.linkedin.com\/company\/suno-research\/","https:\/\/www.youtube.com\/c\/sunoresearch"]},{"@type":"Person","@id":"https:\/\/www.suno.com.br\/noticias\/#\/schema\/person\/7f4d362bf3518e76090143ae77bb49a5","name":"Eduardo Vargas","image":{"@type":"ImageObject","inLanguage":"pt-BR","@id":"https:\/\/www.suno.com.br\/noticias\/#\/schema\/person\/image\/","url":"https:\/\/secure.gravatar.com\/avatar\/dac340933427a22924c9f99d1eb2e3f2?s=96&r=g","contentUrl":"https:\/\/secure.gravatar.com\/avatar\/dac340933427a22924c9f99d1eb2e3f2?s=96&r=g","caption":"Eduardo Vargas"},"description":"Jornalista formado pela UFSC, cobre macroeconomia, neg\u00f3cios e startups para o Suno Not\u00edcias, escrevendo principalmente not\u00edcias sobre o mercado financeiro e a bolsa de valores. No YouTube e no Instagram, \u00e9 respons\u00e1vel pela produ\u00e7\u00e3o de Reels e Shorts do Suno Not\u00edcias. Anteriormente, trabalhou cobrindo economia e cotidiano no ND+ e para o ND, maior jornal impresso de Santa Catarina. Cursou um semestre letivo de Estudos de M\u00eddia na Universidad de Buenos Aires.","url":"https:\/\/www.suno.com.br\/noticias\/author\/eduardo-vargas\/"}]}},"default_loop_html":"<div class=\"cardsPage__listCard__boxs\"><div class=\"cardsPage__listCard__boxs__img\"><a href=\"https:\/\/www.suno.com.br\/noticias\/queremos-fazer-acordos-comerciais-no-mercosul-e-argentina-diz-que-nao-afirma-guedes\/\"><img class=\"mask\" src=\"https:\/\/www.suno.com.br\/noticias\/wp-content\/themes\/suno\/resources\/images\/spotlight\/spotlight1img\/bg-mask.png\" alt=\"Image Mask\"\/><img src=\"https:\/\/files.sunoresearch.com.br\/n\/uploads\/2021\/03\/42dda3a1-paulo-guedes-foto-alan-santos-pr-400x200.webp\" alt=\"&#8216;Queremos fazer acordos comerciais no Mercosul e Argentina diz que n\u00e3o&#8217;, afirma Guedes\"\/><\/a><span class=\"spotlightCategory\"><a href=\"https:\/\/www.suno.com.br\/noticias\/internacional\/\">Internacional<\/a><\/span><\/div><div class=\"cardsPage__listCard__boxs__content\"><a href=\"https:\/\/www.suno.com.br\/noticias\/queremos-fazer-acordos-comerciais-no-mercosul-e-argentina-diz-que-nao-afirma-guedes\/\"><h2 class=\"content__title\">&#8216;Queremos fazer acordos comerciais no Mercosul e Argentina diz que n\u00e3o&#8217;, afirma Guedes<\/h2><\/a><div class=\"newsContent__article__meta\"><div class=\"newsContent__article__meta__authorBox\"><a href=\"https:\/\/www.suno.com.br\/noticias\/author\/rafaela-la-regina\/\" class=\"authorBox__avatar noMobi\"><img src=\"https:\/\/secure.gravatar.com\/avatar\/d2c75a52d243deb93d0465fdcb21bd37?s=96&#038;r=g\" alt=\"Rafaela La Regina\"><\/a><div class=\"authorBox__name\"><span>por\n\t\t\t<a href=\"https:\/\/www.suno.com.br\/noticias\/author\/rafaela-la-regina\/\"><span itemprop=\"author\">Rafaela La Regina<\/span><\/a><\/span><time datetime=\"2021-06-25T15:17:41-03:00\" itemprop=\"datePublished\">25\/06\/2021 15:17<\/time><\/div><\/div><\/div><\/div><\/div>","single_layout":"posts","amp_enabled":true,"_links":{"self":[{"href":"https:\/\/www.suno.com.br\/noticias\/wp-json\/wp\/v2\/posts\/164663"}],"collection":[{"href":"https:\/\/www.suno.com.br\/noticias\/wp-json\/wp\/v2\/posts"}],"about":[{"href":"https:\/\/www.suno.com.br\/noticias\/wp-json\/wp\/v2\/types\/post"}],"author":[{"embeddable":true,"href":"https:\/\/www.suno.com.br\/noticias\/wp-json\/wp\/v2\/users\/73"}],"replies":[{"embeddable":true,"href":"https:\/\/www.suno.com.br\/noticias\/wp-json\/wp\/v2\/comments?post=164663"}],"version-history":[{"count":4,"href":"https:\/\/www.suno.com.br\/noticias\/wp-json\/wp\/v2\/posts\/164663\/revisions"}],"predecessor-version":[{"id":164726,"href":"https:\/\/www.suno.com.br\/noticias\/wp-json\/wp\/v2\/posts\/164663\/revisions\/164726"}],"wp:featuredmedia":[{"embeddable":true,"href":"https:\/\/www.suno.com.br\/noticias\/wp-json\/wp\/v2\/media\/164699"}],"wp:attachment":[{"href":"https:\/\/www.suno.com.br\/noticias\/wp-json\/wp\/v2\/media?parent=164663"}],"wp:term":[{"taxonomy":"category","embeddable":true,"href":"https:\/\/www.suno.com.br\/noticias\/wp-json\/wp\/v2\/categories?post=164663"},{"taxonomy":"post_tag","embeddable":true,"href":"https:\/\/www.suno.com.br\/noticias\/wp-json\/wp\/v2\/tags?post=164663"},{"taxonomy":"suno_strategy","embeddable":true,"href":"https:\/\/www.suno.com.br\/noticias\/wp-json\/wp\/v2\/suno_strategy?post=164663"}],"curies":[{"name":"wp","href":"https:\/\/api.w.org\/{rel}","templated":true}]}}