{"id":164592,"date":"2021-07-08T10:40:05","date_gmt":"2021-07-08T13:40:05","guid":{"rendered":"https:\/\/www.suno.com.br\/noticias\/?p=164592"},"modified":"2021-07-08T10:40:20","modified_gmt":"2021-07-08T13:40:20","slug":"ipca-avanca-junho-2021-ibge","status":"publish","type":"post","link":"https:\/\/www.suno.com.br\/noticias\/ipca-avanca-junho-2021-ibge\/","title":{"rendered":"IPCA avan\u00e7a 0,53% em junho, abaixo das expectativas; energia el\u00e9trica pressiona \u00edndice"},"content":{"rendered":"<p>O <a href=\"https:\/\/www.suno.com.br\/artigos\/ipca\/\">\u00cdndice Nacional de Pre\u00e7os ao Consumidor Amplo (<strong>IPCA<\/strong>)<\/a> ficou em 0,53% em junho, frente a um avan\u00e7o de 0,83% em maio, segundo informa\u00e7\u00f5es divulgadas pelo Instituto Brasileiro de Geografia e Estat\u00edstica (IBGE) nesta quinta-feira (8).<\/p>\t<div class=\"wrapper-featured-image\">\n\t\t<figure class=\"spotlightImg\">\n\n\t\t\t<picture>\n\t\t\t\t<source media=\"(max-width: 768px)\" srcset=\"https:\/\/files.sunoresearch.com.br\/n\/uploads\/2021\/06\/a4103c52-supermarket-949913_1920-400x200.webp\">\n\t\t\t\t<img loading=\"lazy\" decoding=\"async\" class=\"newsContent__article__imgCapa lazyloadDisabled \" src=\"https:\/\/files.sunoresearch.com.br\/n\/uploads\/2021\/06\/a4103c52-supermarket-949913_1920-800x450.webp\" width=\"800\" height=\"450\" alt=\"IPCA avan\u00e7a 0,53% em junho, abaixo das expectativas; energia el\u00e9trica pressiona \u00edndice\" fetchpriority=high \/>\n\t\t\t<\/picture>\n\n\t\t\t<figcaption class=\"wp-caption-text wp-caption-text--show\">IPCA. Foto: Pixabay<\/figcaption>\n\t\t<\/figure>\n\t<\/div>\n\n\n\t<p>\n\t\t<a href=\"https:\/\/lp.suno.com.br\/planilha-controle-gastos\/\" target=\"_blank\" data-element=\"shortcode-suno-banner\" title=\"Banner SUNO, clique e saiba mais\">\n\t\t\t<picture>\n\t\t\t\t<source media=\"(max-width: 500px)\" srcset=\"https:\/\/files.sunoresearch.com.br\/n\/uploads\/2023\/03\/400x300-Planilha-controle-de-gastos.png\">\n\t\t\t\t<img class=\"newsContent__article__imgCapa newsContent__article__imgCapa--banner\"\n\t\t\t\t\tsrc=\"https:\/\/files.sunoresearch.com.br\/n\/uploads\/2023\/03\/1420x240-Planilha-controle-de-gastos.png\"\n\t\t\t\t\tdata-promo-id=\"101751\"\t\t\t\t\t\t\t\t\t\twidth='1420' height='240'\t\t\t\t\talt=\"https:\/\/files.sunoresearch.com.br\/n\/uploads\/2023\/03\/1420x240-Planilha-controle-de-gastos.png\"\n\t\t\t\t>\n\t\t\t<\/picture>\n\t\t<\/a>\n\t<\/p>\n\n\n<p>O resultado do IPCA ficou abaixo da mediana das estimativas dos analistas ouvidos pelo <i>Proje\u00e7\u00f5es Broadcast<\/i>, calculada em 0,59%.<\/p>\n<p>O intervalo ia de 0,52% a 0,79%. A taxa acumulada pela <strong>infla\u00e7\u00e3o<\/strong> no ano ficou em 3,77%. Em 12 meses, o resultado foi de 8,35%, perto do piso das proje\u00e7\u00f5es dos analistas, que iam de 8,34% a 8,63%, com mediana de 8,40%.<\/p>\n<p>No acumulado de 2021, o \u00edndice acumula avan\u00e7o de 3,77% e, nos \u00faltimos 12 meses, de 8,35%, acima dos 8,06% observados nos 12 meses imediatamente anteriores. Em junho do ano passado, a <strong>varia\u00e7\u00e3o mensal<\/strong> havia sido de 0,26%.<\/p>\n<p>Dos nove grupos de produtos e servi\u00e7os pesquisados, oito tiveram alta de pre\u00e7os em junho. O maior impacto veio do grupo <strong>Habita\u00e7\u00e3o<\/strong>, cujos pre\u00e7os subiram 1,10%. Na sequ\u00eancia, vieram Alimenta\u00e7\u00e3o e bebidas (0,43%) e Transportes (0,41%).<\/p>\n<p>A maior varia\u00e7\u00e3o no m\u00eas (1,21%) foi do grupo Vestu\u00e1rio, que subiu em rela\u00e7\u00e3o ao m\u00eas de maio (0,92%) e contribuiu com 0,5 ponto percentual. Os demais grupos ficaram entre a queda de 0,12% em Comunica\u00e7\u00e3o e a alta de 1,09% em Artigos de resid\u00eancia.<\/p>\n\t<div data-element=\"shortcode-read-more\" class=\"knowMore\">\n\t\t\t\t<span class=\"knowMore__title\">Saiba mais<\/span>\n\t\t\t\t<a class=\"knowMore__link\" href=\"https:\/\/www.suno.com.br\/noticias\/meta-de-inflacao-sera-de-300-para-2024-com-margem-de-15-pp\/\">\n\t\t\tMeta de infla\u00e7\u00e3o ser\u00e1 de 3,00% para 2024, com margem de 1,5 pp\t\t<\/a>\n\t<\/div>\n\n\n<p>&#8220;O IPCA veio bem pouco abaixo do esperado, o que \u00e9 positivo. Pela frente, tend\u00eancia \u00e9 de desacelera\u00e7\u00e3o, apesar do impacto das tarifas el\u00e9tricas em julho ainda ser alto&#8221;, comenta <strong>Jo\u00e3o Beck<\/strong>, economista e s\u00f3cio da BR Advisors.<\/p>\n<p>&#8220;A proje\u00e7\u00e3o para prazos mais longos ainda est\u00e1 acima da meta do BC, o que mant\u00e9m a tese no \u00faltimo comunicado de aumentos maiores na <a href=\"https:\/\/www.suno.com.br\/artigos\/taxa-de-juros\/\"><strong>taxa de juros<\/strong><\/a>.&#8221;<\/p>\n<h2>IPCA \u00e9 pressionado por energia el\u00e9trica<\/h2>\n<p>De acordo com o IBGE, dentro do grupo Habita\u00e7\u00e3o, o maior impacto veio da <strong>energia el\u00e9trica<\/strong>, que avan\u00e7ou 1,95%.<\/p>\n<p>Por mais que o item tenha desacelerado em compara\u00e7\u00e3o a maio (5,37%), a <a href=\"https:\/\/www.suno.com.br\/noticias\/crise-hidrica-racionamento-de-energia-eletrica-economia\/\">crise h\u00eddrica<\/a> fez com que a conta de luz respondesse, de forma isolada, a 0,09 ponto percentual do <strong>IPCA em junho<\/strong>.<\/p>\n\t<p>\n\t\t<a href=\"https:\/\/lp.suno.com.br\/planilha-da-vida-financeira\/\" target=\"_blank\" data-element=\"shortcode-suno-banner\" title=\"Banner SUNO, clique e saiba mais\">\n\t\t\t<picture>\n\t\t\t\t<source media=\"(max-width: 500px)\" srcset=\"https:\/\/files.sunoresearch.com.br\/n\/uploads\/2023\/04\/400x300-Planilha-vida-financeira-true.png\">\n\t\t\t\t<img class=\"newsContent__article__imgCapa newsContent__article__imgCapa--banner\"\n\t\t\t\t\tsrc=\"https:\/\/files.sunoresearch.com.br\/n\/uploads\/2023\/04\/1420x240-Planilha-vida-financeira-true.png\"\n\t\t\t\t\tdata-promo-id=\"106682\"\t\t\t\t\t\t\t\t\t\twidth='1420' height='240'\t\t\t\t\talt=\"https:\/\/files.sunoresearch.com.br\/n\/uploads\/2023\/04\/1420x240-Planilha-vida-financeira-true.png\"\n\t\t\t\t>\n\t\t\t<\/picture>\n\t\t<\/a>\n\t<\/p>\n\n\n<p>\u201cA energia continuou subindo muito por conta da bandeira tarif\u00e1ria vermelha patamar 2, que passou a vigorar em junho e acrescenta R$ 6,243 \u00e0 conta de luz a cada 100 quilowatts-hora consumidos&#8221;, acomentou o analista da pesquisa, Andr\u00e9 Filipe Guedes Almeida.<\/p>\n<p>Em Transportes, os <strong>combust\u00edveis<\/strong> subiram 0,87%, e registram alta de 43,92% nos \u00faltimos 12 meses. O impacto na infla\u00e7\u00e3o brasileira acompanha a <a href=\"https:\/\/www.suno.com.br\/noticias\/petroleo-maxima-2014-entrave-opep\/\">disparada dos pre\u00e7os do <strong>petr\u00f3leo<\/strong><\/a> no mercado internacional.<\/p>\n<p>Na categoria, novamente, o maior impacto ao <strong>IPCA<\/strong> veio da gasolina, que avan\u00e7ou 0,69% no m\u00eas passado, ap\u00f3s um aumento de 2,87%. A queda \u00e9 resultante, tamb\u00e9m, da valoriza\u00e7\u00e3o do real frente ao d\u00f3lar no per\u00edodo.<\/p>\n<p><em>Com informa\u00e7\u00f5es do Estad\u00e3o Conte\u00fado.\u00a0<\/em><\/p>\n\t<p>\n\t\t<a href=\"https:\/\/lp.suno.com.br\/planilha-de-controle-de-investimentos\/\" target=\"_blank\" data-element=\"shortcode-suno-banner\" title=\"Banner SUNO, clique e saiba mais\">\n\t\t\t<picture>\n\t\t\t\t<source media=\"(max-width: 500px)\" srcset=\"https:\/\/files.sunoresearch.com.br\/n\/uploads\/2023\/03\/400x300-Controle-de-Investimentos.png\">\n\t\t\t\t<img class=\"newsContent__article__imgCapa newsContent__article__imgCapa--banner\"\n\t\t\t\t\tsrc=\"https:\/\/files.sunoresearch.com.br\/n\/uploads\/2023\/03\/1420x240-Controle-de-Investimentos.png\"\n\t\t\t\t\tdata-promo-id=\"75934\"\t\t\t\t\t\t\t\t\t\twidth='1420' height='240'\t\t\t\t\talt=\"https:\/\/files.sunoresearch.com.br\/n\/uploads\/2023\/03\/1420x240-Controle-de-Investimentos.png\"\n\t\t\t\t>\n\t\t\t<\/picture>\n\t\t<\/a>\n\t<\/p>\n\n\n","protected":false},"excerpt":{"rendered":"<p>O \u00cdndice Nacional de Pre\u00e7os ao Consumidor Amplo (IPCA) ficou em 0,53% em junho, frente a um avan\u00e7o de 0,83% em maio, segundo informa\u00e7\u00f5es divulgadas pelo Instituto Brasileiro de Geografia e Estat\u00edstica (IBGE) nesta quinta-feira (8). IPCA. Foto: Pixabay O resultado do IPCA ficou abaixo da mediana das estimativas dos analistas ouvidos pelo Proje\u00e7\u00f5es Broadcast, [&hellip;]<\/p>\n","protected":false},"author":24,"featured_media":155544,"comment_status":"closed","ping_status":"closed","sticky":false,"template":"","format":"standard","meta":[],"categories":[62],"tags":[326,2153,105816,850,966,766],"suno_strategy":[],"class_list":["post-164592","post","type-post","status-publish","format-standard","has-post-thumbnail","hentry","category-economia","tag-dolar","tag-energia-eletrica","tag-especialistas","tag-inflacao","tag-ipca","tag-petroleo"],"yoast_head":"<!-- This site is optimized with the Yoast SEO plugin v24.4 - https:\/\/yoast.com\/wordpress\/plugins\/seo\/ -->\n<title>IPCA avan\u00e7a 0,53% em junho, abaixo das expectativas<\/title>\n<meta name=\"description\" content=\"O \u00cdndice Nacional de Pre\u00e7os ao Consumidor Amplo (IPCA) ficou em 0,53% em junho, frente a um avan\u00e7o de 0,83% em maio. Clique e saiba mais.\" \/>\n<meta name=\"robots\" content=\"index, follow, max-snippet:-1, max-image-preview:large, max-video-preview:-1\" \/>\n<link rel=\"canonical\" href=\"https:\/\/www.suno.com.br\/noticias\/ipca-avanca-junho-2021-ibge\/\" \/>\n<meta property=\"og:locale\" content=\"pt_BR\" \/>\n<meta property=\"og:type\" content=\"article\" \/>\n<meta property=\"og:title\" content=\"IPCA avan\u00e7a 0,53% em junho, abaixo das expectativas\" \/>\n<meta property=\"og:description\" content=\"O \u00cdndice Nacional de Pre\u00e7os ao Consumidor Amplo (IPCA) ficou em 0,53% em junho, frente a um avan\u00e7o de 0,83% em maio. Clique e saiba mais.\" \/>\n<meta property=\"og:url\" content=\"https:\/\/www.suno.com.br\/noticias\/ipca-avanca-junho-2021-ibge\/\" \/>\n<meta property=\"og:site_name\" content=\"Suno Not\u00edcias\" \/>\n<meta property=\"article:publisher\" content=\"https:\/\/facebook.com\/sunoresearch\" \/>\n<meta property=\"og:image\" content=\"https:\/\/files.sunoresearch.com.br\/n\/uploads\/2021\/06\/a4103c52-supermarket-949913_1920.jpg\" \/>\n\t<meta property=\"og:image:width\" content=\"1920\" \/>\n\t<meta property=\"og:image:height\" content=\"1271\" \/>\n\t<meta property=\"og:image:type\" content=\"image\/jpeg\" \/>\n<meta name=\"author\" content=\"Jader Lazarini\" \/>\n<meta name=\"twitter:card\" content=\"summary_large_image\" \/>\n<meta name=\"twitter:creator\" content=\"@sunoresearch\" \/>\n<meta name=\"twitter:site\" content=\"@sunoresearch\" \/>\n<meta name=\"twitter:label1\" content=\"Escrito por\" \/>\n\t<meta name=\"twitter:data1\" content=\"Jader Lazarini\" \/>\n\t<meta name=\"twitter:label2\" content=\"Est. tempo de leitura\" \/>\n\t<meta name=\"twitter:data2\" content=\"2 minutos\" \/>\n<script type=\"application\/ld+json\" class=\"yoast-schema-graph\">{\"@context\":\"https:\/\/schema.org\",\"@graph\":[{\"@type\":\"NewsArticle\",\"@id\":\"https:\/\/www.suno.com.br\/noticias\/ipca-avanca-junho-2021-ibge\/#article\",\"isPartOf\":{\"@id\":\"https:\/\/www.suno.com.br\/noticias\/ipca-avanca-junho-2021-ibge\/\"},\"author\":{\"name\":\"Jader Lazarini\",\"@id\":\"https:\/\/www.suno.com.br\/noticias\/#\/schema\/person\/918d79de1f0281f01599b93f9ea6e23f\"},\"headline\":\"IPCA avan\u00e7a 0,53% em junho, abaixo das expectativas; energia el\u00e9trica pressiona \u00edndice\",\"datePublished\":\"2021-07-08T13:40:05+00:00\",\"dateModified\":\"2021-07-08T13:40:20+00:00\",\"mainEntityOfPage\":{\"@id\":\"https:\/\/www.suno.com.br\/noticias\/ipca-avanca-junho-2021-ibge\/\"},\"wordCount\":489,\"publisher\":{\"@id\":\"https:\/\/www.suno.com.br\/noticias\/#organization\"},\"image\":{\"@id\":\"https:\/\/www.suno.com.br\/noticias\/ipca-avanca-junho-2021-ibge\/#primaryimage\"},\"thumbnailUrl\":\"https:\/\/files.sunoresearch.com.br\/n\/uploads\/2021\/06\/a4103c52-supermarket-949913_1920-jpg.webp\",\"keywords\":[\"d\u00f3lar\",\"energia el\u00e9trica\",\"Especialistas\",\"infla\u00e7\u00e3o\",\"IPCA\",\"Petr\u00f3leo\"],\"articleSection\":[\"Economia\"],\"inLanguage\":\"pt-BR\"},{\"@type\":\"WebPage\",\"@id\":\"https:\/\/www.suno.com.br\/noticias\/ipca-avanca-junho-2021-ibge\/\",\"url\":\"https:\/\/www.suno.com.br\/noticias\/ipca-avanca-junho-2021-ibge\/\",\"name\":\"IPCA avan\u00e7a 0,53% em junho, abaixo das expectativas\",\"isPartOf\":{\"@id\":\"https:\/\/www.suno.com.br\/noticias\/#website\"},\"primaryImageOfPage\":{\"@id\":\"https:\/\/www.suno.com.br\/noticias\/ipca-avanca-junho-2021-ibge\/#primaryimage\"},\"image\":{\"@id\":\"https:\/\/www.suno.com.br\/noticias\/ipca-avanca-junho-2021-ibge\/#primaryimage\"},\"thumbnailUrl\":\"https:\/\/files.sunoresearch.com.br\/n\/uploads\/2021\/06\/a4103c52-supermarket-949913_1920-jpg.webp\",\"datePublished\":\"2021-07-08T13:40:05+00:00\",\"dateModified\":\"2021-07-08T13:40:20+00:00\",\"description\":\"O \u00cdndice Nacional de Pre\u00e7os ao Consumidor Amplo (IPCA) ficou em 0,53% em junho, frente a um avan\u00e7o de 0,83% em maio. Clique e saiba mais.\",\"breadcrumb\":{\"@id\":\"https:\/\/www.suno.com.br\/noticias\/ipca-avanca-junho-2021-ibge\/#breadcrumb\"},\"inLanguage\":\"pt-BR\",\"potentialAction\":[{\"@type\":\"ReadAction\",\"target\":[\"https:\/\/www.suno.com.br\/noticias\/ipca-avanca-junho-2021-ibge\/\"]}]},{\"@type\":\"ImageObject\",\"inLanguage\":\"pt-BR\",\"@id\":\"https:\/\/www.suno.com.br\/noticias\/ipca-avanca-junho-2021-ibge\/#primaryimage\",\"url\":\"https:\/\/files.sunoresearch.com.br\/n\/uploads\/2021\/06\/a4103c52-supermarket-949913_1920-jpg.webp\",\"contentUrl\":\"https:\/\/files.sunoresearch.com.br\/n\/uploads\/2021\/06\/a4103c52-supermarket-949913_1920-jpg.webp\",\"width\":1920,\"height\":1271,\"caption\":\"IPCA. Foto: Pixabay\"},{\"@type\":\"BreadcrumbList\",\"@id\":\"https:\/\/www.suno.com.br\/noticias\/ipca-avanca-junho-2021-ibge\/#breadcrumb\",\"itemListElement\":[{\"@type\":\"ListItem\",\"position\":1,\"name\":\"Not\u00edcias\",\"item\":\"https:\/\/www.suno.com.br\/noticias\/\"},{\"@type\":\"ListItem\",\"position\":2,\"name\":\"Economia\",\"item\":\"https:\/\/www.suno.com.br\/noticias\/economia\/\"},{\"@type\":\"ListItem\",\"position\":3,\"name\":\"IPCA avan\u00e7a 0,53% em junho, abaixo das expectativas; energia el\u00e9trica pressiona \u00edndice\"}]},{\"@type\":\"WebSite\",\"@id\":\"https:\/\/www.suno.com.br\/noticias\/#website\",\"url\":\"https:\/\/www.suno.com.br\/noticias\/\",\"name\":\"Suno Not\u00edcias\",\"description\":\"Seu portal de informa\u00e7\u00e3o sobre o mundo dos investimentos\",\"publisher\":{\"@id\":\"https:\/\/www.suno.com.br\/noticias\/#organization\"},\"potentialAction\":[{\"@type\":\"SearchAction\",\"target\":{\"@type\":\"EntryPoint\",\"urlTemplate\":\"https:\/\/www.suno.com.br\/noticias\/?s={search_term_string}\"},\"query-input\":{\"@type\":\"PropertyValueSpecification\",\"valueRequired\":true,\"valueName\":\"search_term_string\"}}],\"inLanguage\":\"pt-BR\"},{\"@type\":\"Organization\",\"@id\":\"https:\/\/www.suno.com.br\/noticias\/#organization\",\"name\":\"Suno Not\u00edcias\",\"url\":\"https:\/\/www.suno.com.br\/noticias\/\",\"logo\":{\"@type\":\"ImageObject\",\"inLanguage\":\"pt-BR\",\"@id\":\"https:\/\/www.suno.com.br\/noticias\/#\/schema\/logo\/image\/\",\"url\":\"https:\/\/files.sunoresearch.com.br\/n\/uploads\/2021\/09\/suno-logo.png\",\"contentUrl\":\"https:\/\/files.sunoresearch.com.br\/n\/uploads\/2021\/09\/suno-logo.png\",\"width\":180,\"height\":180,\"caption\":\"Suno Not\u00edcias\"},\"image\":{\"@id\":\"https:\/\/www.suno.com.br\/noticias\/#\/schema\/logo\/image\/\"},\"sameAs\":[\"https:\/\/facebook.com\/sunoresearch\",\"https:\/\/x.com\/sunoresearch\",\"https:\/\/www.instagram.com\/suno\",\"https:\/\/www.linkedin.com\/company\/suno-research\/\",\"https:\/\/www.youtube.com\/c\/sunoresearch\"]},{\"@type\":\"Person\",\"@id\":\"https:\/\/www.suno.com.br\/noticias\/#\/schema\/person\/918d79de1f0281f01599b93f9ea6e23f\",\"name\":\"Jader Lazarini\",\"image\":{\"@type\":\"ImageObject\",\"inLanguage\":\"pt-BR\",\"@id\":\"https:\/\/www.suno.com.br\/noticias\/#\/schema\/person\/image\/\",\"url\":\"https:\/\/secure.gravatar.com\/avatar\/3c1ad8caa51589841baeb923fcddea97?s=96&r=g\",\"contentUrl\":\"https:\/\/secure.gravatar.com\/avatar\/3c1ad8caa51589841baeb923fcddea97?s=96&r=g\",\"caption\":\"Jader Lazarini\"},\"description\":\"Jader Lazarini escreve sobre investimentos, finan\u00e7as, economia e neg\u00f3cios. \u00c9 bacharel em Rela\u00e7\u00f5es Internacionais e analista CNPI (2619).\",\"url\":\"https:\/\/www.suno.com.br\/noticias\/author\/jader-lazarini\/\"}]}<\/script>\n<!-- \/ Yoast SEO plugin. -->","yoast_head_json":{"title":"IPCA avan\u00e7a 0,53% em junho, abaixo das expectativas","description":"O \u00cdndice Nacional de Pre\u00e7os ao Consumidor Amplo (IPCA) ficou em 0,53% em junho, frente a um avan\u00e7o de 0,83% em maio. Clique e saiba mais.","robots":{"index":"index","follow":"follow","max-snippet":"max-snippet:-1","max-image-preview":"max-image-preview:large","max-video-preview":"max-video-preview:-1"},"canonical":"https:\/\/www.suno.com.br\/noticias\/ipca-avanca-junho-2021-ibge\/","og_locale":"pt_BR","og_type":"article","og_title":"IPCA avan\u00e7a 0,53% em junho, abaixo das expectativas","og_description":"O \u00cdndice Nacional de Pre\u00e7os ao Consumidor Amplo (IPCA) ficou em 0,53% em junho, frente a um avan\u00e7o de 0,83% em maio. Clique e saiba mais.","og_url":"https:\/\/www.suno.com.br\/noticias\/ipca-avanca-junho-2021-ibge\/","og_site_name":"Suno Not\u00edcias","article_publisher":"https:\/\/facebook.com\/sunoresearch","og_image":[{"width":1920,"height":1271,"url":"https:\/\/files.sunoresearch.com.br\/n\/uploads\/2021\/06\/a4103c52-supermarket-949913_1920.jpg","type":"image\/jpeg"}],"author":"Jader Lazarini","twitter_card":"summary_large_image","twitter_creator":"@sunoresearch","twitter_site":"@sunoresearch","twitter_misc":{"Escrito por":"Jader Lazarini","Est. tempo de leitura":"2 minutos"},"schema":{"@context":"https:\/\/schema.org","@graph":[{"@type":"NewsArticle","@id":"https:\/\/www.suno.com.br\/noticias\/ipca-avanca-junho-2021-ibge\/#article","isPartOf":{"@id":"https:\/\/www.suno.com.br\/noticias\/ipca-avanca-junho-2021-ibge\/"},"author":{"name":"Jader Lazarini","@id":"https:\/\/www.suno.com.br\/noticias\/#\/schema\/person\/918d79de1f0281f01599b93f9ea6e23f"},"headline":"IPCA avan\u00e7a 0,53% em junho, abaixo das expectativas; energia el\u00e9trica pressiona \u00edndice","datePublished":"2021-07-08T13:40:05+00:00","dateModified":"2021-07-08T13:40:20+00:00","mainEntityOfPage":{"@id":"https:\/\/www.suno.com.br\/noticias\/ipca-avanca-junho-2021-ibge\/"},"wordCount":489,"publisher":{"@id":"https:\/\/www.suno.com.br\/noticias\/#organization"},"image":{"@id":"https:\/\/www.suno.com.br\/noticias\/ipca-avanca-junho-2021-ibge\/#primaryimage"},"thumbnailUrl":"https:\/\/files.sunoresearch.com.br\/n\/uploads\/2021\/06\/a4103c52-supermarket-949913_1920-jpg.webp","keywords":["d\u00f3lar","energia el\u00e9trica","Especialistas","infla\u00e7\u00e3o","IPCA","Petr\u00f3leo"],"articleSection":["Economia"],"inLanguage":"pt-BR"},{"@type":"WebPage","@id":"https:\/\/www.suno.com.br\/noticias\/ipca-avanca-junho-2021-ibge\/","url":"https:\/\/www.suno.com.br\/noticias\/ipca-avanca-junho-2021-ibge\/","name":"IPCA avan\u00e7a 0,53% em junho, abaixo das expectativas","isPartOf":{"@id":"https:\/\/www.suno.com.br\/noticias\/#website"},"primaryImageOfPage":{"@id":"https:\/\/www.suno.com.br\/noticias\/ipca-avanca-junho-2021-ibge\/#primaryimage"},"image":{"@id":"https:\/\/www.suno.com.br\/noticias\/ipca-avanca-junho-2021-ibge\/#primaryimage"},"thumbnailUrl":"https:\/\/files.sunoresearch.com.br\/n\/uploads\/2021\/06\/a4103c52-supermarket-949913_1920-jpg.webp","datePublished":"2021-07-08T13:40:05+00:00","dateModified":"2021-07-08T13:40:20+00:00","description":"O \u00cdndice Nacional de Pre\u00e7os ao Consumidor Amplo (IPCA) ficou em 0,53% em junho, frente a um avan\u00e7o de 0,83% em maio. Clique e saiba mais.","breadcrumb":{"@id":"https:\/\/www.suno.com.br\/noticias\/ipca-avanca-junho-2021-ibge\/#breadcrumb"},"inLanguage":"pt-BR","potentialAction":[{"@type":"ReadAction","target":["https:\/\/www.suno.com.br\/noticias\/ipca-avanca-junho-2021-ibge\/"]}]},{"@type":"ImageObject","inLanguage":"pt-BR","@id":"https:\/\/www.suno.com.br\/noticias\/ipca-avanca-junho-2021-ibge\/#primaryimage","url":"https:\/\/files.sunoresearch.com.br\/n\/uploads\/2021\/06\/a4103c52-supermarket-949913_1920-jpg.webp","contentUrl":"https:\/\/files.sunoresearch.com.br\/n\/uploads\/2021\/06\/a4103c52-supermarket-949913_1920-jpg.webp","width":1920,"height":1271,"caption":"IPCA. Foto: Pixabay"},{"@type":"BreadcrumbList","@id":"https:\/\/www.suno.com.br\/noticias\/ipca-avanca-junho-2021-ibge\/#breadcrumb","itemListElement":[{"@type":"ListItem","position":1,"name":"Not\u00edcias","item":"https:\/\/www.suno.com.br\/noticias\/"},{"@type":"ListItem","position":2,"name":"Economia","item":"https:\/\/www.suno.com.br\/noticias\/economia\/"},{"@type":"ListItem","position":3,"name":"IPCA avan\u00e7a 0,53% em junho, abaixo das expectativas; energia el\u00e9trica pressiona \u00edndice"}]},{"@type":"WebSite","@id":"https:\/\/www.suno.com.br\/noticias\/#website","url":"https:\/\/www.suno.com.br\/noticias\/","name":"Suno Not\u00edcias","description":"Seu portal de informa\u00e7\u00e3o sobre o mundo dos investimentos","publisher":{"@id":"https:\/\/www.suno.com.br\/noticias\/#organization"},"potentialAction":[{"@type":"SearchAction","target":{"@type":"EntryPoint","urlTemplate":"https:\/\/www.suno.com.br\/noticias\/?s={search_term_string}"},"query-input":{"@type":"PropertyValueSpecification","valueRequired":true,"valueName":"search_term_string"}}],"inLanguage":"pt-BR"},{"@type":"Organization","@id":"https:\/\/www.suno.com.br\/noticias\/#organization","name":"Suno Not\u00edcias","url":"https:\/\/www.suno.com.br\/noticias\/","logo":{"@type":"ImageObject","inLanguage":"pt-BR","@id":"https:\/\/www.suno.com.br\/noticias\/#\/schema\/logo\/image\/","url":"https:\/\/files.sunoresearch.com.br\/n\/uploads\/2021\/09\/suno-logo.png","contentUrl":"https:\/\/files.sunoresearch.com.br\/n\/uploads\/2021\/09\/suno-logo.png","width":180,"height":180,"caption":"Suno Not\u00edcias"},"image":{"@id":"https:\/\/www.suno.com.br\/noticias\/#\/schema\/logo\/image\/"},"sameAs":["https:\/\/facebook.com\/sunoresearch","https:\/\/x.com\/sunoresearch","https:\/\/www.instagram.com\/suno","https:\/\/www.linkedin.com\/company\/suno-research\/","https:\/\/www.youtube.com\/c\/sunoresearch"]},{"@type":"Person","@id":"https:\/\/www.suno.com.br\/noticias\/#\/schema\/person\/918d79de1f0281f01599b93f9ea6e23f","name":"Jader Lazarini","image":{"@type":"ImageObject","inLanguage":"pt-BR","@id":"https:\/\/www.suno.com.br\/noticias\/#\/schema\/person\/image\/","url":"https:\/\/secure.gravatar.com\/avatar\/3c1ad8caa51589841baeb923fcddea97?s=96&r=g","contentUrl":"https:\/\/secure.gravatar.com\/avatar\/3c1ad8caa51589841baeb923fcddea97?s=96&r=g","caption":"Jader Lazarini"},"description":"Jader Lazarini escreve sobre investimentos, finan\u00e7as, economia e neg\u00f3cios. \u00c9 bacharel em Rela\u00e7\u00f5es Internacionais e analista CNPI (2619).","url":"https:\/\/www.suno.com.br\/noticias\/author\/jader-lazarini\/"}]}},"default_loop_html":"<div class=\"cardsPage__listCard__boxs\"><div class=\"cardsPage__listCard__boxs__img\"><a href=\"https:\/\/www.suno.com.br\/noticias\/ipca-avanca-junho-2021-ibge\/\"><img class=\"mask\" src=\"https:\/\/www.suno.com.br\/noticias\/wp-content\/themes\/suno\/resources\/images\/spotlight\/spotlight1img\/bg-mask.png\" alt=\"Image Mask\"\/><img src=\"https:\/\/files.sunoresearch.com.br\/n\/uploads\/2021\/06\/a4103c52-supermarket-949913_1920-400x200.webp\" alt=\"IPCA avan\u00e7a 0,53% em junho, abaixo das expectativas; energia el\u00e9trica pressiona \u00edndice\"\/><\/a><span class=\"spotlightCategory\"><a href=\"https:\/\/www.suno.com.br\/noticias\/economia\/\">Economia<\/a><\/span><\/div><div class=\"cardsPage__listCard__boxs__content\"><a href=\"https:\/\/www.suno.com.br\/noticias\/ipca-avanca-junho-2021-ibge\/\"><h2 class=\"content__title\">IPCA avan\u00e7a 0,53% em junho, abaixo das expectativas; energia el\u00e9trica pressiona \u00edndice<\/h2><\/a><div class=\"newsContent__article__meta\"><div class=\"newsContent__article__meta__authorBox\"><a href=\"https:\/\/www.suno.com.br\/noticias\/author\/jader-lazarini\/\" class=\"authorBox__avatar noMobi\"><img src=\"https:\/\/files.sunoresearch.com.br\/n\/uploads\/2021\/01\/178e6598-foto-perfil-2-150x150.jpg\" alt=\"Jader Lazarini\"><\/a><div class=\"authorBox__name\"><span>por\n\t\t\t<a href=\"https:\/\/www.suno.com.br\/noticias\/author\/jader-lazarini\/\"><span itemprop=\"author\">Jader Lazarini<\/span><\/a><\/span><time datetime=\"2021-07-08T10:40:05-03:00\" itemprop=\"datePublished\">08\/07\/2021 10:40<\/time><\/div><\/div><\/div><\/div><\/div>","single_layout":"posts","amp_enabled":true,"_links":{"self":[{"href":"https:\/\/www.suno.com.br\/noticias\/wp-json\/wp\/v2\/posts\/164592"}],"collection":[{"href":"https:\/\/www.suno.com.br\/noticias\/wp-json\/wp\/v2\/posts"}],"about":[{"href":"https:\/\/www.suno.com.br\/noticias\/wp-json\/wp\/v2\/types\/post"}],"author":[{"embeddable":true,"href":"https:\/\/www.suno.com.br\/noticias\/wp-json\/wp\/v2\/users\/24"}],"replies":[{"embeddable":true,"href":"https:\/\/www.suno.com.br\/noticias\/wp-json\/wp\/v2\/comments?post=164592"}],"version-history":[{"count":2,"href":"https:\/\/www.suno.com.br\/noticias\/wp-json\/wp\/v2\/posts\/164592\/revisions"}],"predecessor-version":[{"id":164598,"href":"https:\/\/www.suno.com.br\/noticias\/wp-json\/wp\/v2\/posts\/164592\/revisions\/164598"}],"wp:featuredmedia":[{"embeddable":true,"href":"https:\/\/www.suno.com.br\/noticias\/wp-json\/wp\/v2\/media\/155544"}],"wp:attachment":[{"href":"https:\/\/www.suno.com.br\/noticias\/wp-json\/wp\/v2\/media?parent=164592"}],"wp:term":[{"taxonomy":"category","embeddable":true,"href":"https:\/\/www.suno.com.br\/noticias\/wp-json\/wp\/v2\/categories?post=164592"},{"taxonomy":"post_tag","embeddable":true,"href":"https:\/\/www.suno.com.br\/noticias\/wp-json\/wp\/v2\/tags?post=164592"},{"taxonomy":"suno_strategy","embeddable":true,"href":"https:\/\/www.suno.com.br\/noticias\/wp-json\/wp\/v2\/suno_strategy?post=164592"}],"curies":[{"name":"wp","href":"https:\/\/api.w.org\/{rel}","templated":true}]}}