{"id":164586,"date":"2021-07-08T13:12:37","date_gmt":"2021-07-08T16:12:37","guid":{"rendered":"https:\/\/www.suno.com.br\/noticias\/?p=164586"},"modified":"2021-07-08T13:12:37","modified_gmt":"2021-07-08T16:12:37","slug":"bce-meta-inflacao-revisao-politica-monetaria","status":"publish","type":"post","link":"https:\/\/www.suno.com.br\/noticias\/bce-meta-inflacao-revisao-politica-monetaria\/","title":{"rendered":"BCE firma meta de 2% para infla\u00e7\u00e3o ao revisar pol\u00edtica monet\u00e1ria"},"content":{"rendered":"<p>O Banco Central Europeu (<strong>BCE<\/strong>) anunciou que ir\u00e1 adotar a <a class=\"suno-keyword\" href=\"https:\/\/www.suno.com.br\/artigos\/meta-de-inflacao\/\" target=\"_blank\" rel=\"noopener noreferrer\" data-force=\"no\" data-priority=\"1\">meta de infla\u00e7\u00e3o<\/a> de 2% no m\u00e9dio prazo, ao divulgar os resultados da revis\u00e3o da sua <a class=\"suno-keyword\" href=\"https:\/\/www.suno.com.br\/artigos\/politica-monetaria\/\" target=\"_blank\" rel=\"noopener noreferrer\" data-force=\"no\" data-priority=\"1\">pol\u00edtica monet\u00e1ria<\/a>.<\/p>\t<div class=\"wrapper-featured-image\">\n\t\t<figure class=\"spotlightImg\">\n\n\t\t\t<picture>\n\t\t\t\t<source media=\"(max-width: 768px)\" srcset=\"https:\/\/files.sunoresearch.com.br\/n\/uploads\/2021\/07\/9c69d4f8-euro-sculpture-2867942_1920-400x200.jpg\">\n\t\t\t\t<img loading=\"lazy\" decoding=\"async\" class=\"newsContent__article__imgCapa lazyloadDisabled \" src=\"https:\/\/files.sunoresearch.com.br\/n\/uploads\/2021\/07\/9c69d4f8-euro-sculpture-2867942_1920-800x450.jpg\" width=\"800\" height=\"450\" alt=\"BCE firma meta de 2% para infla\u00e7\u00e3o ao revisar pol\u00edtica monet\u00e1ria\" fetchpriority=high \/>\n\t\t\t<\/picture>\n\n\t\t\t<figcaption class=\"wp-caption-text wp-caption-text--show\">Bolsas da Europa. Foto: Pixabay<\/figcaption>\n\t\t<\/figure>\n\t<\/div>\n\n\n\t<p>\n\t\t<a href=\"https:\/\/lp.suno.com.br\/planilha-controle-gastos\/\" target=\"_blank\" data-element=\"shortcode-suno-banner\" title=\"Banner SUNO, clique e saiba mais\">\n\t\t\t<picture>\n\t\t\t\t<source media=\"(max-width: 500px)\" srcset=\"https:\/\/files.sunoresearch.com.br\/n\/uploads\/2023\/03\/400x300-Planilha-controle-de-gastos.png\">\n\t\t\t\t<img class=\"newsContent__article__imgCapa newsContent__article__imgCapa--banner\"\n\t\t\t\t\tsrc=\"https:\/\/files.sunoresearch.com.br\/n\/uploads\/2023\/03\/1420x240-Planilha-controle-de-gastos.png\"\n\t\t\t\t\tdata-promo-id=\"101751\"\t\t\t\t\t\t\t\t\t\twidth='1420' height='240'\t\t\t\t\talt=\"https:\/\/files.sunoresearch.com.br\/n\/uploads\/2023\/03\/1420x240-Planilha-controle-de-gastos.png\"\n\t\t\t\t>\n\t\t\t<\/picture>\n\t\t<\/a>\n\t<\/p>\n\n\n<p>Com o an\u00fancio, o BCE tamb\u00e9m frisou que a nova <strong>estrat\u00e9gia<\/strong> passar\u00e1 a ser aplicada j\u00e1 na pr\u00f3xima reuni\u00e3o do BCE, no dia 22 de julho.<\/p>\n<p>&#8220;Quando a economia est\u00e1 operando perto do n\u00edvel mais baixo das taxas de <strong>juros<\/strong> nominais, exige a\u00e7\u00e3o de <strong>pol\u00edtica monet\u00e1ria<\/strong> especialmente vigorosa e persistente para evitar que desvios negativos da meta de infla\u00e7\u00e3o se consolidem. Isso tamb\u00e9m pode implicar um per\u00edodo transit\u00f3rio em que a infla\u00e7\u00e3o fique moderadamente acima da meta&#8221;, disse o banco, em comunicado.<\/p>\n<p>Anteriormente, o <a href=\"https:\/\/statusinvest.com.br\/termos\/?p=724\">banco central<\/a> perseguia meta de <strong>infla\u00e7\u00e3o<\/strong> &#8220;ligeiramente abaixo&#8221; de 2%.<\/p>\n\n\t<div data-element=\"shortcode-read-more\" class=\"readToo\">\n\t\t\t\t<span class=\"readToo__title\">Leia mais<\/span>\n\t\t\t\t<ul class=\"readToo__list\">\n\t\t\t<li><a href=\"https:\/\/www.suno.com.br\/noticias\/recuperacao-zona-euro-fragil-presidente-bce\/\">Recupera\u00e7\u00e3o da zona do euro ainda \u00e9 fr\u00e1gil, diz presidente do BCE<\/a><\/li><li><a href=\"https:\/\/www.suno.com.br\/noticias\/compras-emergenciais-titulos-encerradas-fim-pandemia-bce\/\">Compras emergenciais de t\u00edtulos devem ser encerradas com fim da pandemia, diz BCE<\/a><\/li>\t\t<\/ul>\n\t<\/div>\n\n\n<p>O BCE tamb\u00e9m confirmou que as taxas de juros continuam sendo seu principal instrumento de pol\u00edtica monet\u00e1ria, acrescentando que orienta\u00e7\u00f5es futuras, compras de ativos e opera\u00e7\u00f5es de refinanciamento de <a class=\"suno-keyword\" href=\"https:\/\/www.suno.com.br\/artigos\/longo-prazo\/\" target=\"_blank\" rel=\"noopener noreferrer\" data-force=\"no\" data-priority=\"1\">longo prazo<\/a> continuar\u00e3o fazendo parte de sua &#8220;caixa de ferramentas&#8221; e ser\u00e3o utilizadas, conforme a necessidade.<\/p>\n<h2>Mudan\u00e7as clim\u00e1ticas no radar do BCE<\/h2>\n<p>Em paralelo \u00e0 revis\u00e3o geral da estrat\u00e9gia, <a href=\"https:\/\/www.suno.com.br\/noticias\/recuperacao-zona-euro-fragil-presidente-bce\/\">o Banco Central divulgou um <strong>plano de a\u00e7\u00e3o<\/strong> que visa melhorar<\/a> a integra\u00e7\u00e3o de considera\u00e7\u00f5es sobre <strong>mudan\u00e7as clim\u00e1ticas<\/strong> na estrutura da pol\u00edtica monet\u00e1ria. Segundo a institui\u00e7\u00e3o, o documento refor\u00e7a o comprometimento em levar em conta de forma sistem\u00e1tica a sustentabilidade ambiental em suas decis\u00f5es.<\/p>\n<p>&#8220;Embora os governos e parlamentos tenham a responsabilidade prim\u00e1ria de agir em rela\u00e7\u00e3o \u00e0s altera\u00e7\u00f5es clim\u00e1ticas, no \u00e2mbito do seu mandato, o BCE reconhece a necessidade de continuar a incorporar as considera\u00e7\u00f5es clim\u00e1ticas no seu quadro de pol\u00edtica&#8221;, ressalta.<\/p>\n\t<p>\n\t\t<a href=\"https:\/\/lp.suno.com.br\/planilha-da-vida-financeira\/\" target=\"_blank\" data-element=\"shortcode-suno-banner\" title=\"Banner SUNO, clique e saiba mais\">\n\t\t\t<picture>\n\t\t\t\t<source media=\"(max-width: 500px)\" srcset=\"https:\/\/files.sunoresearch.com.br\/n\/uploads\/2023\/04\/400x300-Planilha-vida-financeira-true.png\">\n\t\t\t\t<img class=\"newsContent__article__imgCapa newsContent__article__imgCapa--banner\"\n\t\t\t\t\tsrc=\"https:\/\/files.sunoresearch.com.br\/n\/uploads\/2023\/04\/1420x240-Planilha-vida-financeira-true.png\"\n\t\t\t\t\tdata-promo-id=\"106682\"\t\t\t\t\t\t\t\t\t\twidth='1420' height='240'\t\t\t\t\talt=\"https:\/\/files.sunoresearch.com.br\/n\/uploads\/2023\/04\/1420x240-Planilha-vida-financeira-true.png\"\n\t\t\t\t>\n\t\t\t<\/picture>\n\t\t<\/a>\n\t<\/p>\n\n\n<p>Segundo o banco, as transforma\u00e7\u00f5es no clima e a transi\u00e7\u00e3o verde afetam o cen\u00e1rio de estabilidade de pre\u00e7os, indicadores como <strong>infla\u00e7\u00e3o<\/strong> e desemprego, al\u00e9m da transmiss\u00e3o da pol\u00edtica monet\u00e1ria.<\/p>\n<p>Por isso, o Conselho da institui\u00e7\u00e3o se diz &#8220;fortemente comprometido&#8221; a expandir a capacidade anal\u00edtica sobre a quest\u00e3o, com o desenvolvimento de novos modelos estat\u00edsticos. Pretende ainda criar obriga\u00e7\u00f5es de divulga\u00e7\u00f5es de riscos clim\u00e1ticos por ativos privados.<\/p>\n<p>O <strong>BCE<\/strong> tamb\u00e9m informou que passar\u00e1 a realizar teste de estresses, a partir de 2022, para avaliar a exposi\u00e7\u00e3o de seus balan\u00e7os de ativos a esses riscos. &#8220;Com este plano de a\u00e7\u00e3o, o Banco aumentar\u00e1 a sua contribui\u00e7\u00e3o para fazer face \u00e0s altera\u00e7\u00f5es clim\u00e1ticas&#8221;, destaca.<\/p>\n<p><em><strong>Com informa\u00e7\u00f5es do Estad\u00e3o Conte\u00fado<\/strong><\/em><\/p>\n\t<p>\n\t\t<a href=\"https:\/\/lp.suno.com.br\/planilha-de-controle-de-investimentos\/\" target=\"_blank\" data-element=\"shortcode-suno-banner\" title=\"Banner SUNO, clique e saiba mais\">\n\t\t\t<picture>\n\t\t\t\t<source media=\"(max-width: 500px)\" srcset=\"https:\/\/files.sunoresearch.com.br\/n\/uploads\/2023\/03\/400x300-Controle-de-Investimentos.png\">\n\t\t\t\t<img class=\"newsContent__article__imgCapa newsContent__article__imgCapa--banner\"\n\t\t\t\t\tsrc=\"https:\/\/files.sunoresearch.com.br\/n\/uploads\/2023\/03\/1420x240-Controle-de-Investimentos.png\"\n\t\t\t\t\tdata-promo-id=\"75934\"\t\t\t\t\t\t\t\t\t\twidth='1420' height='240'\t\t\t\t\talt=\"https:\/\/files.sunoresearch.com.br\/n\/uploads\/2023\/03\/1420x240-Controle-de-Investimentos.png\"\n\t\t\t\t>\n\t\t\t<\/picture>\n\t\t<\/a>\n\t<\/p>\n\n\n","protected":false},"excerpt":{"rendered":"<p>O Banco Central Europeu (BCE) anunciou que ir\u00e1 adotar a meta de infla\u00e7\u00e3o de 2% no m\u00e9dio prazo, ao divulgar os resultados da revis\u00e3o da sua pol\u00edtica monet\u00e1ria. BCE. Foto: Pixabay Com o an\u00fancio, o BCE tamb\u00e9m frisou que a nova estrat\u00e9gia passar\u00e1 a ser aplicada j\u00e1 na pr\u00f3xima reuni\u00e3o do BCE, no dia 22 [&hellip;]<\/p>\n","protected":false},"author":73,"featured_media":164648,"comment_status":"closed","ping_status":"closed","sticky":false,"template":"","format":"standard","meta":[],"categories":[63],"tags":[106444,863,1528,850],"suno_strategy":[],"class_list":["post-164586","post","type-post","status-publish","format-standard","has-post-thumbnail","hentry","category-internacional","tag-agencias","tag-banco-central-europeu-bce","tag-christine-lagarde","tag-inflacao"],"yoast_head":"<!-- This site is optimized with the Yoast SEO plugin v24.4 - https:\/\/yoast.com\/wordpress\/plugins\/seo\/ -->\n<title>BCE firma meta de 2% para infla\u00e7\u00e3o ao revisar pol\u00edtica monet\u00e1ria<\/title>\n<meta name=\"description\" content=\"Na ocasi\u00e3o, BCE confirmou que as taxas de juros continuam sendo seu principal instrumento de pol\u00edtica monet\u00e1ria. Clique aqui e leia mais.\" \/>\n<meta name=\"robots\" content=\"index, follow, max-snippet:-1, max-image-preview:large, max-video-preview:-1\" \/>\n<link rel=\"canonical\" href=\"https:\/\/www.suno.com.br\/noticias\/bce-meta-inflacao-revisao-politica-monetaria\/\" \/>\n<meta property=\"og:locale\" content=\"pt_BR\" \/>\n<meta property=\"og:type\" content=\"article\" \/>\n<meta property=\"og:title\" content=\"BCE firma meta de 2% para infla\u00e7\u00e3o ao revisar pol\u00edtica monet\u00e1ria\" \/>\n<meta property=\"og:description\" content=\"Na ocasi\u00e3o, BCE confirmou que as taxas de juros continuam sendo seu principal instrumento de pol\u00edtica monet\u00e1ria. Clique aqui e leia mais.\" \/>\n<meta property=\"og:url\" content=\"https:\/\/www.suno.com.br\/noticias\/bce-meta-inflacao-revisao-politica-monetaria\/\" \/>\n<meta property=\"og:site_name\" content=\"Suno Not\u00edcias\" \/>\n<meta property=\"article:publisher\" content=\"https:\/\/facebook.com\/sunoresearch\" \/>\n<meta property=\"og:image\" content=\"https:\/\/files.sunoresearch.com.br\/n\/uploads\/2021\/07\/9c69d4f8-euro-sculpture-2867942_1920.jpg\" \/>\n\t<meta property=\"og:image:width\" content=\"1920\" \/>\n\t<meta property=\"og:image:height\" content=\"1440\" \/>\n\t<meta property=\"og:image:type\" content=\"image\/jpeg\" \/>\n<meta name=\"author\" content=\"Eduardo Vargas\" \/>\n<meta name=\"twitter:card\" content=\"summary_large_image\" \/>\n<meta name=\"twitter:creator\" content=\"@sunoresearch\" \/>\n<meta name=\"twitter:site\" content=\"@sunoresearch\" \/>\n<meta name=\"twitter:label1\" content=\"Escrito por\" \/>\n\t<meta name=\"twitter:data1\" content=\"Eduardo Vargas\" \/>\n\t<meta name=\"twitter:label2\" content=\"Est. tempo de leitura\" \/>\n\t<meta name=\"twitter:data2\" content=\"2 minutos\" \/>\n<script type=\"application\/ld+json\" class=\"yoast-schema-graph\">{\"@context\":\"https:\/\/schema.org\",\"@graph\":[{\"@type\":\"NewsArticle\",\"@id\":\"https:\/\/www.suno.com.br\/noticias\/bce-meta-inflacao-revisao-politica-monetaria\/#article\",\"isPartOf\":{\"@id\":\"https:\/\/www.suno.com.br\/noticias\/bce-meta-inflacao-revisao-politica-monetaria\/\"},\"author\":{\"name\":\"Eduardo Vargas\",\"@id\":\"https:\/\/www.suno.com.br\/noticias\/#\/schema\/person\/7f4d362bf3518e76090143ae77bb49a5\"},\"headline\":\"BCE firma meta de 2% para infla\u00e7\u00e3o ao revisar pol\u00edtica monet\u00e1ria\",\"datePublished\":\"2021-07-08T16:12:37+00:00\",\"mainEntityOfPage\":{\"@id\":\"https:\/\/www.suno.com.br\/noticias\/bce-meta-inflacao-revisao-politica-monetaria\/\"},\"wordCount\":478,\"publisher\":{\"@id\":\"https:\/\/www.suno.com.br\/noticias\/#organization\"},\"image\":{\"@id\":\"https:\/\/www.suno.com.br\/noticias\/bce-meta-inflacao-revisao-politica-monetaria\/#primaryimage\"},\"thumbnailUrl\":\"https:\/\/files.sunoresearch.com.br\/n\/uploads\/2021\/07\/9c69d4f8-euro-sculpture-2867942_1920.jpg\",\"keywords\":[\"Ag\u00eancias\",\"Banco Central Europeu (BCE)\",\"Christine Lagarde\",\"infla\u00e7\u00e3o\"],\"articleSection\":[\"Internacional\"],\"inLanguage\":\"pt-BR\"},{\"@type\":\"WebPage\",\"@id\":\"https:\/\/www.suno.com.br\/noticias\/bce-meta-inflacao-revisao-politica-monetaria\/\",\"url\":\"https:\/\/www.suno.com.br\/noticias\/bce-meta-inflacao-revisao-politica-monetaria\/\",\"name\":\"BCE firma meta de 2% para infla\u00e7\u00e3o ao revisar pol\u00edtica monet\u00e1ria\",\"isPartOf\":{\"@id\":\"https:\/\/www.suno.com.br\/noticias\/#website\"},\"primaryImageOfPage\":{\"@id\":\"https:\/\/www.suno.com.br\/noticias\/bce-meta-inflacao-revisao-politica-monetaria\/#primaryimage\"},\"image\":{\"@id\":\"https:\/\/www.suno.com.br\/noticias\/bce-meta-inflacao-revisao-politica-monetaria\/#primaryimage\"},\"thumbnailUrl\":\"https:\/\/files.sunoresearch.com.br\/n\/uploads\/2021\/07\/9c69d4f8-euro-sculpture-2867942_1920.jpg\",\"datePublished\":\"2021-07-08T16:12:37+00:00\",\"description\":\"Na ocasi\u00e3o, BCE confirmou que as taxas de juros continuam sendo seu principal instrumento de pol\u00edtica monet\u00e1ria. Clique aqui e leia mais.\",\"breadcrumb\":{\"@id\":\"https:\/\/www.suno.com.br\/noticias\/bce-meta-inflacao-revisao-politica-monetaria\/#breadcrumb\"},\"inLanguage\":\"pt-BR\",\"potentialAction\":[{\"@type\":\"ReadAction\",\"target\":[\"https:\/\/www.suno.com.br\/noticias\/bce-meta-inflacao-revisao-politica-monetaria\/\"]}]},{\"@type\":\"ImageObject\",\"inLanguage\":\"pt-BR\",\"@id\":\"https:\/\/www.suno.com.br\/noticias\/bce-meta-inflacao-revisao-politica-monetaria\/#primaryimage\",\"url\":\"https:\/\/files.sunoresearch.com.br\/n\/uploads\/2021\/07\/9c69d4f8-euro-sculpture-2867942_1920.jpg\",\"contentUrl\":\"https:\/\/files.sunoresearch.com.br\/n\/uploads\/2021\/07\/9c69d4f8-euro-sculpture-2867942_1920.jpg\",\"width\":1920,\"height\":1440,\"caption\":\"Bolsas da Europa. Foto: Pixabay\"},{\"@type\":\"BreadcrumbList\",\"@id\":\"https:\/\/www.suno.com.br\/noticias\/bce-meta-inflacao-revisao-politica-monetaria\/#breadcrumb\",\"itemListElement\":[{\"@type\":\"ListItem\",\"position\":1,\"name\":\"Not\u00edcias\",\"item\":\"https:\/\/www.suno.com.br\/noticias\/\"},{\"@type\":\"ListItem\",\"position\":2,\"name\":\"Internacional\",\"item\":\"https:\/\/www.suno.com.br\/noticias\/internacional\/\"},{\"@type\":\"ListItem\",\"position\":3,\"name\":\"BCE firma meta de 2% para infla\u00e7\u00e3o ao revisar pol\u00edtica monet\u00e1ria\"}]},{\"@type\":\"WebSite\",\"@id\":\"https:\/\/www.suno.com.br\/noticias\/#website\",\"url\":\"https:\/\/www.suno.com.br\/noticias\/\",\"name\":\"Suno Not\u00edcias\",\"description\":\"Seu portal de informa\u00e7\u00e3o sobre o mundo dos investimentos\",\"publisher\":{\"@id\":\"https:\/\/www.suno.com.br\/noticias\/#organization\"},\"potentialAction\":[{\"@type\":\"SearchAction\",\"target\":{\"@type\":\"EntryPoint\",\"urlTemplate\":\"https:\/\/www.suno.com.br\/noticias\/?s={search_term_string}\"},\"query-input\":{\"@type\":\"PropertyValueSpecification\",\"valueRequired\":true,\"valueName\":\"search_term_string\"}}],\"inLanguage\":\"pt-BR\"},{\"@type\":\"Organization\",\"@id\":\"https:\/\/www.suno.com.br\/noticias\/#organization\",\"name\":\"Suno Not\u00edcias\",\"url\":\"https:\/\/www.suno.com.br\/noticias\/\",\"logo\":{\"@type\":\"ImageObject\",\"inLanguage\":\"pt-BR\",\"@id\":\"https:\/\/www.suno.com.br\/noticias\/#\/schema\/logo\/image\/\",\"url\":\"https:\/\/files.sunoresearch.com.br\/n\/uploads\/2021\/09\/suno-logo.png\",\"contentUrl\":\"https:\/\/files.sunoresearch.com.br\/n\/uploads\/2021\/09\/suno-logo.png\",\"width\":180,\"height\":180,\"caption\":\"Suno Not\u00edcias\"},\"image\":{\"@id\":\"https:\/\/www.suno.com.br\/noticias\/#\/schema\/logo\/image\/\"},\"sameAs\":[\"https:\/\/facebook.com\/sunoresearch\",\"https:\/\/x.com\/sunoresearch\",\"https:\/\/www.instagram.com\/suno\",\"https:\/\/www.linkedin.com\/company\/suno-research\/\",\"https:\/\/www.youtube.com\/c\/sunoresearch\"]},{\"@type\":\"Person\",\"@id\":\"https:\/\/www.suno.com.br\/noticias\/#\/schema\/person\/7f4d362bf3518e76090143ae77bb49a5\",\"name\":\"Eduardo Vargas\",\"image\":{\"@type\":\"ImageObject\",\"inLanguage\":\"pt-BR\",\"@id\":\"https:\/\/www.suno.com.br\/noticias\/#\/schema\/person\/image\/\",\"url\":\"https:\/\/secure.gravatar.com\/avatar\/dac340933427a22924c9f99d1eb2e3f2?s=96&r=g\",\"contentUrl\":\"https:\/\/secure.gravatar.com\/avatar\/dac340933427a22924c9f99d1eb2e3f2?s=96&r=g\",\"caption\":\"Eduardo Vargas\"},\"description\":\"Jornalista formado pela UFSC, cobre macroeconomia, neg\u00f3cios e startups para o Suno Not\u00edcias, escrevendo principalmente not\u00edcias sobre o mercado financeiro e a bolsa de valores. No YouTube e no Instagram, \u00e9 respons\u00e1vel pela produ\u00e7\u00e3o de Reels e Shorts do Suno Not\u00edcias. Anteriormente, trabalhou cobrindo economia e cotidiano no ND+ e para o ND, maior jornal impresso de Santa Catarina. Cursou um semestre letivo de Estudos de M\u00eddia na Universidad de Buenos Aires.\",\"url\":\"https:\/\/www.suno.com.br\/noticias\/author\/eduardo-vargas\/\"}]}<\/script>\n<!-- \/ Yoast SEO plugin. -->","yoast_head_json":{"title":"BCE firma meta de 2% para infla\u00e7\u00e3o ao revisar pol\u00edtica monet\u00e1ria","description":"Na ocasi\u00e3o, BCE confirmou que as taxas de juros continuam sendo seu principal instrumento de pol\u00edtica monet\u00e1ria. Clique aqui e leia mais.","robots":{"index":"index","follow":"follow","max-snippet":"max-snippet:-1","max-image-preview":"max-image-preview:large","max-video-preview":"max-video-preview:-1"},"canonical":"https:\/\/www.suno.com.br\/noticias\/bce-meta-inflacao-revisao-politica-monetaria\/","og_locale":"pt_BR","og_type":"article","og_title":"BCE firma meta de 2% para infla\u00e7\u00e3o ao revisar pol\u00edtica monet\u00e1ria","og_description":"Na ocasi\u00e3o, BCE confirmou que as taxas de juros continuam sendo seu principal instrumento de pol\u00edtica monet\u00e1ria. Clique aqui e leia mais.","og_url":"https:\/\/www.suno.com.br\/noticias\/bce-meta-inflacao-revisao-politica-monetaria\/","og_site_name":"Suno Not\u00edcias","article_publisher":"https:\/\/facebook.com\/sunoresearch","og_image":[{"width":1920,"height":1440,"url":"https:\/\/files.sunoresearch.com.br\/n\/uploads\/2021\/07\/9c69d4f8-euro-sculpture-2867942_1920.jpg","type":"image\/jpeg"}],"author":"Eduardo Vargas","twitter_card":"summary_large_image","twitter_creator":"@sunoresearch","twitter_site":"@sunoresearch","twitter_misc":{"Escrito por":"Eduardo Vargas","Est. tempo de leitura":"2 minutos"},"schema":{"@context":"https:\/\/schema.org","@graph":[{"@type":"NewsArticle","@id":"https:\/\/www.suno.com.br\/noticias\/bce-meta-inflacao-revisao-politica-monetaria\/#article","isPartOf":{"@id":"https:\/\/www.suno.com.br\/noticias\/bce-meta-inflacao-revisao-politica-monetaria\/"},"author":{"name":"Eduardo Vargas","@id":"https:\/\/www.suno.com.br\/noticias\/#\/schema\/person\/7f4d362bf3518e76090143ae77bb49a5"},"headline":"BCE firma meta de 2% para infla\u00e7\u00e3o ao revisar pol\u00edtica monet\u00e1ria","datePublished":"2021-07-08T16:12:37+00:00","mainEntityOfPage":{"@id":"https:\/\/www.suno.com.br\/noticias\/bce-meta-inflacao-revisao-politica-monetaria\/"},"wordCount":478,"publisher":{"@id":"https:\/\/www.suno.com.br\/noticias\/#organization"},"image":{"@id":"https:\/\/www.suno.com.br\/noticias\/bce-meta-inflacao-revisao-politica-monetaria\/#primaryimage"},"thumbnailUrl":"https:\/\/files.sunoresearch.com.br\/n\/uploads\/2021\/07\/9c69d4f8-euro-sculpture-2867942_1920.jpg","keywords":["Ag\u00eancias","Banco Central Europeu (BCE)","Christine Lagarde","infla\u00e7\u00e3o"],"articleSection":["Internacional"],"inLanguage":"pt-BR"},{"@type":"WebPage","@id":"https:\/\/www.suno.com.br\/noticias\/bce-meta-inflacao-revisao-politica-monetaria\/","url":"https:\/\/www.suno.com.br\/noticias\/bce-meta-inflacao-revisao-politica-monetaria\/","name":"BCE firma meta de 2% para infla\u00e7\u00e3o ao revisar pol\u00edtica monet\u00e1ria","isPartOf":{"@id":"https:\/\/www.suno.com.br\/noticias\/#website"},"primaryImageOfPage":{"@id":"https:\/\/www.suno.com.br\/noticias\/bce-meta-inflacao-revisao-politica-monetaria\/#primaryimage"},"image":{"@id":"https:\/\/www.suno.com.br\/noticias\/bce-meta-inflacao-revisao-politica-monetaria\/#primaryimage"},"thumbnailUrl":"https:\/\/files.sunoresearch.com.br\/n\/uploads\/2021\/07\/9c69d4f8-euro-sculpture-2867942_1920.jpg","datePublished":"2021-07-08T16:12:37+00:00","description":"Na ocasi\u00e3o, BCE confirmou que as taxas de juros continuam sendo seu principal instrumento de pol\u00edtica monet\u00e1ria. Clique aqui e leia mais.","breadcrumb":{"@id":"https:\/\/www.suno.com.br\/noticias\/bce-meta-inflacao-revisao-politica-monetaria\/#breadcrumb"},"inLanguage":"pt-BR","potentialAction":[{"@type":"ReadAction","target":["https:\/\/www.suno.com.br\/noticias\/bce-meta-inflacao-revisao-politica-monetaria\/"]}]},{"@type":"ImageObject","inLanguage":"pt-BR","@id":"https:\/\/www.suno.com.br\/noticias\/bce-meta-inflacao-revisao-politica-monetaria\/#primaryimage","url":"https:\/\/files.sunoresearch.com.br\/n\/uploads\/2021\/07\/9c69d4f8-euro-sculpture-2867942_1920.jpg","contentUrl":"https:\/\/files.sunoresearch.com.br\/n\/uploads\/2021\/07\/9c69d4f8-euro-sculpture-2867942_1920.jpg","width":1920,"height":1440,"caption":"Bolsas da Europa. Foto: Pixabay"},{"@type":"BreadcrumbList","@id":"https:\/\/www.suno.com.br\/noticias\/bce-meta-inflacao-revisao-politica-monetaria\/#breadcrumb","itemListElement":[{"@type":"ListItem","position":1,"name":"Not\u00edcias","item":"https:\/\/www.suno.com.br\/noticias\/"},{"@type":"ListItem","position":2,"name":"Internacional","item":"https:\/\/www.suno.com.br\/noticias\/internacional\/"},{"@type":"ListItem","position":3,"name":"BCE firma meta de 2% para infla\u00e7\u00e3o ao revisar pol\u00edtica monet\u00e1ria"}]},{"@type":"WebSite","@id":"https:\/\/www.suno.com.br\/noticias\/#website","url":"https:\/\/www.suno.com.br\/noticias\/","name":"Suno Not\u00edcias","description":"Seu portal de informa\u00e7\u00e3o sobre o mundo dos investimentos","publisher":{"@id":"https:\/\/www.suno.com.br\/noticias\/#organization"},"potentialAction":[{"@type":"SearchAction","target":{"@type":"EntryPoint","urlTemplate":"https:\/\/www.suno.com.br\/noticias\/?s={search_term_string}"},"query-input":{"@type":"PropertyValueSpecification","valueRequired":true,"valueName":"search_term_string"}}],"inLanguage":"pt-BR"},{"@type":"Organization","@id":"https:\/\/www.suno.com.br\/noticias\/#organization","name":"Suno Not\u00edcias","url":"https:\/\/www.suno.com.br\/noticias\/","logo":{"@type":"ImageObject","inLanguage":"pt-BR","@id":"https:\/\/www.suno.com.br\/noticias\/#\/schema\/logo\/image\/","url":"https:\/\/files.sunoresearch.com.br\/n\/uploads\/2021\/09\/suno-logo.png","contentUrl":"https:\/\/files.sunoresearch.com.br\/n\/uploads\/2021\/09\/suno-logo.png","width":180,"height":180,"caption":"Suno Not\u00edcias"},"image":{"@id":"https:\/\/www.suno.com.br\/noticias\/#\/schema\/logo\/image\/"},"sameAs":["https:\/\/facebook.com\/sunoresearch","https:\/\/x.com\/sunoresearch","https:\/\/www.instagram.com\/suno","https:\/\/www.linkedin.com\/company\/suno-research\/","https:\/\/www.youtube.com\/c\/sunoresearch"]},{"@type":"Person","@id":"https:\/\/www.suno.com.br\/noticias\/#\/schema\/person\/7f4d362bf3518e76090143ae77bb49a5","name":"Eduardo Vargas","image":{"@type":"ImageObject","inLanguage":"pt-BR","@id":"https:\/\/www.suno.com.br\/noticias\/#\/schema\/person\/image\/","url":"https:\/\/secure.gravatar.com\/avatar\/dac340933427a22924c9f99d1eb2e3f2?s=96&r=g","contentUrl":"https:\/\/secure.gravatar.com\/avatar\/dac340933427a22924c9f99d1eb2e3f2?s=96&r=g","caption":"Eduardo Vargas"},"description":"Jornalista formado pela UFSC, cobre macroeconomia, neg\u00f3cios e startups para o Suno Not\u00edcias, escrevendo principalmente not\u00edcias sobre o mercado financeiro e a bolsa de valores. No YouTube e no Instagram, \u00e9 respons\u00e1vel pela produ\u00e7\u00e3o de Reels e Shorts do Suno Not\u00edcias. Anteriormente, trabalhou cobrindo economia e cotidiano no ND+ e para o ND, maior jornal impresso de Santa Catarina. Cursou um semestre letivo de Estudos de M\u00eddia na Universidad de Buenos Aires.","url":"https:\/\/www.suno.com.br\/noticias\/author\/eduardo-vargas\/"}]}},"default_loop_html":"<div class=\"cardsPage__listCard__boxs\"><div class=\"cardsPage__listCard__boxs__img\"><a href=\"https:\/\/www.suno.com.br\/noticias\/compras-emergenciais-titulos-encerradas-fim-pandemia-bce\/\"><img class=\"mask\" src=\"https:\/\/www.suno.com.br\/noticias\/wp-content\/themes\/suno\/resources\/images\/spotlight\/spotlight1img\/bg-mask.png\" alt=\"Image Mask\"\/><img src=\"https:\/\/files.sunoresearch.com.br\/n\/uploads\/2021\/04\/07dfe73c-euro-1256252_1280-400x200.webp\" alt=\"Compras emergenciais de t\u00edtulos devem ser encerradas com fim da pandemia, diz BCE\"\/><\/a><span class=\"spotlightCategory\"><a href=\"https:\/\/www.suno.com.br\/noticias\/internacional\/\">Internacional<\/a><\/span><\/div><div class=\"cardsPage__listCard__boxs__content\"><a href=\"https:\/\/www.suno.com.br\/noticias\/compras-emergenciais-titulos-encerradas-fim-pandemia-bce\/\"><h2 class=\"content__title\">Compras emergenciais de t\u00edtulos devem ser encerradas com fim da pandemia, diz BCE<\/h2><\/a><div class=\"newsContent__article__meta\"><div class=\"newsContent__article__meta__authorBox\"><a href=\"https:\/\/www.suno.com.br\/noticias\/author\/rafaela-la-regina\/\" class=\"authorBox__avatar noMobi\"><img src=\"https:\/\/secure.gravatar.com\/avatar\/d2c75a52d243deb93d0465fdcb21bd37?s=96&#038;r=g\" alt=\"Rafaela La Regina\"><\/a><div class=\"authorBox__name\"><span>por\n\t\t\t<a href=\"https:\/\/www.suno.com.br\/noticias\/author\/rafaela-la-regina\/\"><span itemprop=\"author\">Rafaela La Regina<\/span><\/a><\/span><time datetime=\"2021-06-28T14:34:29-03:00\" itemprop=\"datePublished\">28\/06\/2021 14:34<\/time><\/div><\/div><\/div><\/div><\/div>","single_layout":"posts","amp_enabled":true,"_links":{"self":[{"href":"https:\/\/www.suno.com.br\/noticias\/wp-json\/wp\/v2\/posts\/164586"}],"collection":[{"href":"https:\/\/www.suno.com.br\/noticias\/wp-json\/wp\/v2\/posts"}],"about":[{"href":"https:\/\/www.suno.com.br\/noticias\/wp-json\/wp\/v2\/types\/post"}],"author":[{"embeddable":true,"href":"https:\/\/www.suno.com.br\/noticias\/wp-json\/wp\/v2\/users\/73"}],"replies":[{"embeddable":true,"href":"https:\/\/www.suno.com.br\/noticias\/wp-json\/wp\/v2\/comments?post=164586"}],"version-history":[{"count":4,"href":"https:\/\/www.suno.com.br\/noticias\/wp-json\/wp\/v2\/posts\/164586\/revisions"}],"predecessor-version":[{"id":164674,"href":"https:\/\/www.suno.com.br\/noticias\/wp-json\/wp\/v2\/posts\/164586\/revisions\/164674"}],"wp:featuredmedia":[{"embeddable":true,"href":"https:\/\/www.suno.com.br\/noticias\/wp-json\/wp\/v2\/media\/164648"}],"wp:attachment":[{"href":"https:\/\/www.suno.com.br\/noticias\/wp-json\/wp\/v2\/media?parent=164586"}],"wp:term":[{"taxonomy":"category","embeddable":true,"href":"https:\/\/www.suno.com.br\/noticias\/wp-json\/wp\/v2\/categories?post=164586"},{"taxonomy":"post_tag","embeddable":true,"href":"https:\/\/www.suno.com.br\/noticias\/wp-json\/wp\/v2\/tags?post=164586"},{"taxonomy":"suno_strategy","embeddable":true,"href":"https:\/\/www.suno.com.br\/noticias\/wp-json\/wp\/v2\/suno_strategy?post=164586"}],"curies":[{"name":"wp","href":"https:\/\/api.w.org\/{rel}","templated":true}]}}