{"id":164566,"date":"2021-07-08T09:15:55","date_gmt":"2021-07-08T12:15:55","guid":{"rendered":"https:\/\/www.suno.com.br\/noticias\/?p=164566"},"modified":"2021-07-08T09:15:55","modified_gmt":"2021-07-08T12:15:55","slug":"cogna-cogn3-parceria-tim-tims3-oferta-cursos-ead","status":"publish","type":"post","link":"https:\/\/www.suno.com.br\/noticias\/cogna-cogn3-parceria-tim-tims3-oferta-cursos-ead\/","title":{"rendered":"Cogna (COGN3) fecha parceria com a Tim (TIMS3) para oferta de cursos EaD"},"content":{"rendered":"<p>A <a href=\"https:\/\/www.suno.com.br\/acoes\/cogn3\/\"><strong>Cogna<\/strong> Educa\u00e7\u00e3o (COGN3)<\/a> fechou uma parceria com a <a class=\"suno-keyword\" href=\"https:\/\/www.suno.com.br\/acoes\/TIMS3\/\" target=\"_blank\" rel=\"noopener noreferrer\" data-force=\"yes\" data-priority=\"2\">Tim (TIMS3)<\/a> por meio da sua subsidi\u00e1ria, a Anhanguera Educacional (AESAPAR), prevendo campanhas de <em>marketing<\/em> nos canais de vendas, al\u00e9m de oferta de cursos aos clientes da TIM.<\/p>\t<div class=\"wrapper-featured-image\">\n\t\t<figure class=\"spotlightImg\">\n\n\t\t\t<picture>\n\t\t\t\t<source media=\"(max-width: 768px)\" srcset=\"https:\/\/files.sunoresearch.com.br\/n\/uploads\/2021\/01\/9a8a6d68-educa-1-400x200.webp\">\n\t\t\t\t<img loading=\"lazy\" decoding=\"async\" class=\"newsContent__article__imgCapa lazyloadDisabled \" src=\"https:\/\/files.sunoresearch.com.br\/n\/uploads\/2021\/01\/9a8a6d68-educa-1-800x450.webp\" width=\"800\" height=\"450\" alt=\"Cogna (COGN3) fecha parceria com a Tim (TIMS3) para oferta de cursos EaD\" fetchpriority=high \/>\n\t\t\t<\/picture>\n\n\t\t\t<figcaption class=\"wp-caption-text wp-caption-text--show\">Setor de Educa\u00e7\u00e3o. Foto: Pixabay<\/figcaption>\n\t\t<\/figure>\n\t<\/div>\n\n\n\t<p>\n\t\t<a href=\"https:\/\/lp.suno.com.br\/planilha-controle-gastos\/\" target=\"_blank\" data-element=\"shortcode-suno-banner\" title=\"Banner SUNO, clique e saiba mais\">\n\t\t\t<picture>\n\t\t\t\t<source media=\"(max-width: 500px)\" srcset=\"https:\/\/files.sunoresearch.com.br\/n\/uploads\/2023\/03\/400x300-Planilha-controle-de-gastos.png\">\n\t\t\t\t<img class=\"newsContent__article__imgCapa newsContent__article__imgCapa--banner\"\n\t\t\t\t\tsrc=\"https:\/\/files.sunoresearch.com.br\/n\/uploads\/2023\/03\/1420x240-Planilha-controle-de-gastos.png\"\n\t\t\t\t\tdata-promo-id=\"101751\"\t\t\t\t\t\t\t\t\t\twidth='1420' height='240'\t\t\t\t\talt=\"https:\/\/files.sunoresearch.com.br\/n\/uploads\/2023\/03\/1420x240-Planilha-controle-de-gastos.png\"\n\t\t\t\t>\n\t\t\t<\/picture>\n\t\t<\/a>\n\t<\/p>\n\n\n<p>O <a class=\"suno-keyword\" href=\"https:\/\/www.suno.com.br\/artigos\/fato-relevante\/\" target=\"_blank\" rel=\"noopener noreferrer\" data-force=\"no\" data-priority=\"1\">fato relevante<\/a> arquivado pela Cogna na <a href=\"https:\/\/www.suno.com.br\/artigos\/cvm\">Comiss\u00e3o de Valores Mobili\u00e1rios (CVM)<\/a>, na noite de quarta (7), ressalta que os <strong>cursos<\/strong> e os produtos oferecidos ser\u00e3o da <strong>Ampli,<\/strong> uma plataforma de educa\u00e7\u00e3o digital da Cogna.<\/p>\n<p>As companhias &#8220;assinaram contrato no qual estabeleceram as bases para parceria comercial por meio da qual a <strong>TIM<\/strong> lan\u00e7ar\u00e1 campanhas de <em>marketing<\/em> e oferecer\u00e1, a partir de seus canais de vendas, a oportunidade para que seus mais de 50 milh\u00f5es de usu\u00e1rios possam contratar e realizar cursos 100% digitais no conceito <em>mobile first<\/em>, com oferta de 250 cursos de gradua\u00e7\u00e3o e p\u00f3s-gradua\u00e7\u00e3o e mais de 400 cursos livres, flex\u00edveis e com custo acess\u00edvel, <a href=\"https:\/\/www.suno.com.br\/artigos\/subsidiaria\/\">oferecidos pela <strong>AESAPAR<\/strong> sob a marca Ampli<\/a>&#8220;, explica a Cogna, no documento.<\/p>\n<p>O movimento figura como uma aposta para ampliar a<a href=\"https:\/\/www.suno.com.br\/artigos\/market-share\/\"> fatia de mercado da Cogna<\/a>, que mira uma jun\u00e7\u00e3o dos &#8220;servi\u00e7os educacionais <strong>digitais<\/strong> e de telecomunica\u00e7\u00f5es&#8221;, como frisa no fato relevante.<\/p>\n\n\t<div data-element=\"shortcode-read-more\" class=\"readToo\">\n\t\t\t\t<span class=\"readToo__title\">Leia mais<\/span>\n\t\t\t\t<ul class=\"readToo__list\">\n\t\t\t<li><a href=\"https:\/\/www.suno.com.br\/noticias\/ibovespa-sobe-trade-reabertura-cogna-cogn3-dispara\/\">Ibovespa\u00a0fecha em alta de 0,59% com trade de reabertura; Cogna (COGN3) dispara<\/a><\/li><li><a href=\"https:\/\/www.suno.com.br\/noticias\/cogna-cogn3-faculdades-medicina-segundo-semestre\/\">Cogna (CONG3) planeja comprar faculdades de medicina no segundo semestre<\/a><\/li>\t\t<\/ul>\n\t<\/div>\n\n\n<p>Por outro lado, com o acordo de parceria, a Tim poder\u00e1 se tornar acionista minorit\u00e1ria da Ampli, tendo a possibilidade de, no futuro, deter participa\u00e7\u00e3o limitada em 30% do capital da\u00a0 empresa.<\/p>\n<p>Contudo, essa participa\u00e7\u00e3o societ\u00e1ria deve vir somente se forem atingidas as metas e condi\u00e7\u00f5es precedentes estabelecidas em contrato.<\/p>\n<h2>Novata na Cogna, Ampli foi criada em 2020<\/h2>\n<p>A plataforma digital de educa\u00e7\u00e3o &#8211; tamb\u00e9m chamada de <strong><em>edtech<\/em><\/strong> &#8211; foi concebida pela Cogna h\u00e1 cerca de um ano, seguindo a perspectiva da companhia educacional de apostar suas fichas no ensino \u00e0 dist\u00e2ncia.<\/p>\n<p>Atualmente a plataforma \u00e9 100% digital e possui, dentro do seu guarda-chuva de produtos uma s\u00e9rie de cursos de gradua\u00e7\u00e3o, p\u00f3s-gradua\u00e7\u00e3o e outros como tecn\u00f3logos e afins.<\/p>\n\t<p>\n\t\t<a href=\"https:\/\/lp.suno.com.br\/planilha-da-vida-financeira\/\" target=\"_blank\" data-element=\"shortcode-suno-banner\" title=\"Banner SUNO, clique e saiba mais\">\n\t\t\t<picture>\n\t\t\t\t<source media=\"(max-width: 500px)\" srcset=\"https:\/\/files.sunoresearch.com.br\/n\/uploads\/2023\/04\/400x300-Planilha-vida-financeira-true.png\">\n\t\t\t\t<img class=\"newsContent__article__imgCapa newsContent__article__imgCapa--banner\"\n\t\t\t\t\tsrc=\"https:\/\/files.sunoresearch.com.br\/n\/uploads\/2023\/04\/1420x240-Planilha-vida-financeira-true.png\"\n\t\t\t\t\tdata-promo-id=\"106682\"\t\t\t\t\t\t\t\t\t\twidth='1420' height='240'\t\t\t\t\talt=\"https:\/\/files.sunoresearch.com.br\/n\/uploads\/2023\/04\/1420x240-Planilha-vida-financeira-true.png\"\n\t\t\t\t>\n\t\t\t<\/picture>\n\t\t<\/a>\n\t<\/p>\n\n\n<p>A inova\u00e7\u00e3o da <strong>plataforma,<\/strong> segundo a Cogna, \u00e9 de que h\u00e1 permiss\u00e3o de ingresso semanal de novos alunos, al\u00e9m de cursos que duram menos &#8211; com 18 a 36 meses.<\/p>\n<h2>A\u00e7\u00f5es andam de lado e ap\u00f3s &#8220;trimestre fraco&#8221;<\/h2>\n<p>As <strong>a\u00e7\u00f5es<\/strong> da Cogna demonstram estabilidade desde o fim do ano de 2020, quando a companhia passou a ficar cotada a menos de R$ 5 por a\u00e7\u00e3o ordin\u00e1ria. No fechamento do preg\u00e3o de quarta (7), <a href=\"https:\/\/www.suno.com.br\/artigos\/acoes-ordinarias\/\">os pap\u00e9is da educacional<\/a> estavam cotados a R$ 4,17, ainda demonstrando estabilidade.<\/p>\n<p>&#8220;A Cogna iniciou 2021 divulgando mais um trimestre negativo, mas desta vez o impacto veio da Vasta (B2B de Educa\u00e7\u00e3o B\u00e1sica) com uma queda de 30% na receita A\/A e 59% no EBITDA. Por outro lado, a Kroton (gradua\u00e7\u00e3o) apresentou um aumento de EBITDA de 18%, apesar da queda de receita de 19% no comparativo anual, mas devemos destacar que 45% do EBITDA se refere a itens n\u00e3o recorrentes que devem ser monitorados&#8221;, analisa a XP, em relat\u00f3rio <a href=\"https:\/\/www.suno.com.br\/artigos\/resultado-financeiro\/\">publicado ap\u00f3s o balan\u00e7o da companhia<\/a>.<\/p>\n<p>Desde julho do ano passado, a queda acumulada \u00e9 de cerca de 45%.<\/p>\n<p>Enquanto isso, a Tim, que rec\u00e9m fechou parceria com a <strong>Cogna,<\/strong> subiu 3,75% no preg\u00e3o de quarta (7) e ainda tenta reverter os 19% de desvaloriza\u00e7\u00e3o nos \u00faltimos 12 meses. <a href=\"https:\/\/statusinvest.com.br\/acoes\/tims3\">As a\u00e7\u00f5es da telef\u00f4nica<\/a> est\u00e3o cotadas a R$ 11,64.<\/p>\n\t<p>\n\t\t<a href=\"https:\/\/lp.suno.com.br\/planilha-de-controle-de-investimentos\/\" target=\"_blank\" data-element=\"shortcode-suno-banner\" title=\"Banner SUNO, clique e saiba mais\">\n\t\t\t<picture>\n\t\t\t\t<source media=\"(max-width: 500px)\" srcset=\"https:\/\/files.sunoresearch.com.br\/n\/uploads\/2023\/03\/400x300-Controle-de-Investimentos.png\">\n\t\t\t\t<img class=\"newsContent__article__imgCapa newsContent__article__imgCapa--banner\"\n\t\t\t\t\tsrc=\"https:\/\/files.sunoresearch.com.br\/n\/uploads\/2023\/03\/1420x240-Controle-de-Investimentos.png\"\n\t\t\t\t\tdata-promo-id=\"75934\"\t\t\t\t\t\t\t\t\t\twidth='1420' height='240'\t\t\t\t\talt=\"https:\/\/files.sunoresearch.com.br\/n\/uploads\/2023\/03\/1420x240-Controle-de-Investimentos.png\"\n\t\t\t\t>\n\t\t\t<\/picture>\n\t\t<\/a>\n\t<\/p>\n\n\n","protected":false},"excerpt":{"rendered":"<p>A Cogna Educa\u00e7\u00e3o (COGN3) fechou uma parceria com a Tim (TIMS3) por meio da sua subsidi\u00e1ria, a Anhanguera Educacional (AESAPAR), prevendo campanhas de marketing nos canais de vendas, al\u00e9m de oferta de cursos aos clientes da TIM. Cogna. Foto: Pixabay O fato relevante arquivado pela Cogna na Comiss\u00e3o de Valores Mobili\u00e1rios (CVM), na noite de [&hellip;]<\/p>\n","protected":false},"author":73,"featured_media":111544,"comment_status":"closed","ping_status":"closed","sticky":false,"template":"","format":"standard","meta":[],"categories":[64],"tags":[2257,902,106436,106168,663],"suno_strategy":[],"class_list":["post-164566","post","type-post","status-publish","format-standard","has-post-thumbnail","hentry","category-negocios","tag-cogna-cogn3","tag-comissao-de-valores-mobiliarios-cvm","tag-setor-educacional","tag-telefonia","tag-tim-tims3"],"yoast_head":"<!-- This site is optimized with the Yoast SEO plugin v24.4 - https:\/\/yoast.com\/wordpress\/plugins\/seo\/ -->\n<title>Cogna (COGN3) fecha parceria com a Tim (TIMS3) para oferta de cursos<\/title>\n<meta name=\"description\" content=\"Com o acordo, os cursos da subsidi\u00e1ria da Cogna passar\u00e3o a ser ofertados aos clientes da Tim em plataforma digital. Clique aqui e leia mais.\" \/>\n<meta name=\"robots\" content=\"index, follow, max-snippet:-1, max-image-preview:large, max-video-preview:-1\" \/>\n<link rel=\"canonical\" href=\"https:\/\/www.suno.com.br\/noticias\/cogna-cogn3-parceria-tim-tims3-oferta-cursos-ead\/\" \/>\n<meta property=\"og:locale\" content=\"pt_BR\" \/>\n<meta property=\"og:type\" content=\"article\" \/>\n<meta property=\"og:title\" content=\"Cogna (COGN3) fecha parceria com a Tim (TIMS3) para oferta de cursos\" \/>\n<meta property=\"og:description\" content=\"Com o acordo, os cursos da subsidi\u00e1ria da Cogna passar\u00e3o a ser ofertados aos clientes da Tim em plataforma digital. Clique aqui e leia mais.\" \/>\n<meta property=\"og:url\" content=\"https:\/\/www.suno.com.br\/noticias\/cogna-cogn3-parceria-tim-tims3-oferta-cursos-ead\/\" \/>\n<meta property=\"og:site_name\" content=\"Suno Not\u00edcias\" \/>\n<meta property=\"article:publisher\" content=\"https:\/\/facebook.com\/sunoresearch\" \/>\n<meta property=\"og:image\" content=\"https:\/\/files.sunoresearch.com.br\/n\/uploads\/2021\/01\/9a8a6d68-educa-1.jpg\" \/>\n\t<meta property=\"og:image:width\" content=\"1200\" \/>\n\t<meta property=\"og:image:height\" content=\"800\" \/>\n\t<meta property=\"og:image:type\" content=\"image\/jpeg\" \/>\n<meta name=\"author\" content=\"Eduardo Vargas\" \/>\n<meta name=\"twitter:card\" content=\"summary_large_image\" \/>\n<meta name=\"twitter:creator\" content=\"@sunoresearch\" \/>\n<meta name=\"twitter:site\" content=\"@sunoresearch\" \/>\n<meta name=\"twitter:label1\" content=\"Escrito por\" \/>\n\t<meta name=\"twitter:data1\" content=\"Eduardo Vargas\" \/>\n\t<meta name=\"twitter:label2\" content=\"Est. tempo de leitura\" \/>\n\t<meta name=\"twitter:data2\" content=\"3 minutos\" \/>\n<script type=\"application\/ld+json\" class=\"yoast-schema-graph\">{\"@context\":\"https:\/\/schema.org\",\"@graph\":[{\"@type\":\"NewsArticle\",\"@id\":\"https:\/\/www.suno.com.br\/noticias\/cogna-cogn3-parceria-tim-tims3-oferta-cursos-ead\/#article\",\"isPartOf\":{\"@id\":\"https:\/\/www.suno.com.br\/noticias\/cogna-cogn3-parceria-tim-tims3-oferta-cursos-ead\/\"},\"author\":{\"name\":\"Eduardo Vargas\",\"@id\":\"https:\/\/www.suno.com.br\/noticias\/#\/schema\/person\/7f4d362bf3518e76090143ae77bb49a5\"},\"headline\":\"Cogna (COGN3) fecha parceria com a Tim (TIMS3) para oferta de cursos EaD\",\"datePublished\":\"2021-07-08T12:15:55+00:00\",\"mainEntityOfPage\":{\"@id\":\"https:\/\/www.suno.com.br\/noticias\/cogna-cogn3-parceria-tim-tims3-oferta-cursos-ead\/\"},\"wordCount\":582,\"publisher\":{\"@id\":\"https:\/\/www.suno.com.br\/noticias\/#organization\"},\"image\":{\"@id\":\"https:\/\/www.suno.com.br\/noticias\/cogna-cogn3-parceria-tim-tims3-oferta-cursos-ead\/#primaryimage\"},\"thumbnailUrl\":\"https:\/\/files.sunoresearch.com.br\/n\/uploads\/2021\/01\/9a8a6d68-educa-1.jpg\",\"keywords\":[\"Cogna (COGN3)\",\"Comiss\u00e3o de Valores Mobili\u00e1rios (CVM)\",\"setor educacional\",\"telefonia\",\"TIM (TIMS3)\"],\"articleSection\":[\"Neg\u00f3cios\"],\"inLanguage\":\"pt-BR\"},{\"@type\":\"WebPage\",\"@id\":\"https:\/\/www.suno.com.br\/noticias\/cogna-cogn3-parceria-tim-tims3-oferta-cursos-ead\/\",\"url\":\"https:\/\/www.suno.com.br\/noticias\/cogna-cogn3-parceria-tim-tims3-oferta-cursos-ead\/\",\"name\":\"Cogna (COGN3) fecha parceria com a Tim (TIMS3) para oferta de cursos\",\"isPartOf\":{\"@id\":\"https:\/\/www.suno.com.br\/noticias\/#website\"},\"primaryImageOfPage\":{\"@id\":\"https:\/\/www.suno.com.br\/noticias\/cogna-cogn3-parceria-tim-tims3-oferta-cursos-ead\/#primaryimage\"},\"image\":{\"@id\":\"https:\/\/www.suno.com.br\/noticias\/cogna-cogn3-parceria-tim-tims3-oferta-cursos-ead\/#primaryimage\"},\"thumbnailUrl\":\"https:\/\/files.sunoresearch.com.br\/n\/uploads\/2021\/01\/9a8a6d68-educa-1.jpg\",\"datePublished\":\"2021-07-08T12:15:55+00:00\",\"description\":\"Com o acordo, os cursos da subsidi\u00e1ria da Cogna passar\u00e3o a ser ofertados aos clientes da Tim em plataforma digital. Clique aqui e leia mais.\",\"breadcrumb\":{\"@id\":\"https:\/\/www.suno.com.br\/noticias\/cogna-cogn3-parceria-tim-tims3-oferta-cursos-ead\/#breadcrumb\"},\"inLanguage\":\"pt-BR\",\"potentialAction\":[{\"@type\":\"ReadAction\",\"target\":[\"https:\/\/www.suno.com.br\/noticias\/cogna-cogn3-parceria-tim-tims3-oferta-cursos-ead\/\"]}]},{\"@type\":\"ImageObject\",\"inLanguage\":\"pt-BR\",\"@id\":\"https:\/\/www.suno.com.br\/noticias\/cogna-cogn3-parceria-tim-tims3-oferta-cursos-ead\/#primaryimage\",\"url\":\"https:\/\/files.sunoresearch.com.br\/n\/uploads\/2021\/01\/9a8a6d68-educa-1.jpg\",\"contentUrl\":\"https:\/\/files.sunoresearch.com.br\/n\/uploads\/2021\/01\/9a8a6d68-educa-1.jpg\",\"width\":1200,\"height\":800,\"caption\":\"Setor de Educa\u00e7\u00e3o. Foto: Pixabay\"},{\"@type\":\"BreadcrumbList\",\"@id\":\"https:\/\/www.suno.com.br\/noticias\/cogna-cogn3-parceria-tim-tims3-oferta-cursos-ead\/#breadcrumb\",\"itemListElement\":[{\"@type\":\"ListItem\",\"position\":1,\"name\":\"Not\u00edcias\",\"item\":\"https:\/\/www.suno.com.br\/noticias\/\"},{\"@type\":\"ListItem\",\"position\":2,\"name\":\"Neg\u00f3cios\",\"item\":\"https:\/\/www.suno.com.br\/noticias\/negocios\/\"},{\"@type\":\"ListItem\",\"position\":3,\"name\":\"Cogna (COGN3) fecha parceria com a Tim (TIMS3) para oferta de cursos EaD\"}]},{\"@type\":\"WebSite\",\"@id\":\"https:\/\/www.suno.com.br\/noticias\/#website\",\"url\":\"https:\/\/www.suno.com.br\/noticias\/\",\"name\":\"Suno Not\u00edcias\",\"description\":\"Seu portal de informa\u00e7\u00e3o sobre o mundo dos investimentos\",\"publisher\":{\"@id\":\"https:\/\/www.suno.com.br\/noticias\/#organization\"},\"potentialAction\":[{\"@type\":\"SearchAction\",\"target\":{\"@type\":\"EntryPoint\",\"urlTemplate\":\"https:\/\/www.suno.com.br\/noticias\/?s={search_term_string}\"},\"query-input\":{\"@type\":\"PropertyValueSpecification\",\"valueRequired\":true,\"valueName\":\"search_term_string\"}}],\"inLanguage\":\"pt-BR\"},{\"@type\":\"Organization\",\"@id\":\"https:\/\/www.suno.com.br\/noticias\/#organization\",\"name\":\"Suno Not\u00edcias\",\"url\":\"https:\/\/www.suno.com.br\/noticias\/\",\"logo\":{\"@type\":\"ImageObject\",\"inLanguage\":\"pt-BR\",\"@id\":\"https:\/\/www.suno.com.br\/noticias\/#\/schema\/logo\/image\/\",\"url\":\"https:\/\/files.sunoresearch.com.br\/n\/uploads\/2021\/09\/suno-logo.png\",\"contentUrl\":\"https:\/\/files.sunoresearch.com.br\/n\/uploads\/2021\/09\/suno-logo.png\",\"width\":180,\"height\":180,\"caption\":\"Suno Not\u00edcias\"},\"image\":{\"@id\":\"https:\/\/www.suno.com.br\/noticias\/#\/schema\/logo\/image\/\"},\"sameAs\":[\"https:\/\/facebook.com\/sunoresearch\",\"https:\/\/x.com\/sunoresearch\",\"https:\/\/www.instagram.com\/suno\",\"https:\/\/www.linkedin.com\/company\/suno-research\/\",\"https:\/\/www.youtube.com\/c\/sunoresearch\"]},{\"@type\":\"Person\",\"@id\":\"https:\/\/www.suno.com.br\/noticias\/#\/schema\/person\/7f4d362bf3518e76090143ae77bb49a5\",\"name\":\"Eduardo Vargas\",\"image\":{\"@type\":\"ImageObject\",\"inLanguage\":\"pt-BR\",\"@id\":\"https:\/\/www.suno.com.br\/noticias\/#\/schema\/person\/image\/\",\"url\":\"https:\/\/secure.gravatar.com\/avatar\/dac340933427a22924c9f99d1eb2e3f2?s=96&r=g\",\"contentUrl\":\"https:\/\/secure.gravatar.com\/avatar\/dac340933427a22924c9f99d1eb2e3f2?s=96&r=g\",\"caption\":\"Eduardo Vargas\"},\"description\":\"Jornalista formado pela UFSC, cobre macroeconomia, neg\u00f3cios e startups para o Suno Not\u00edcias, escrevendo principalmente not\u00edcias sobre o mercado financeiro e a bolsa de valores. No YouTube e no Instagram, \u00e9 respons\u00e1vel pela produ\u00e7\u00e3o de Reels e Shorts do Suno Not\u00edcias. Anteriormente, trabalhou cobrindo economia e cotidiano no ND+ e para o ND, maior jornal impresso de Santa Catarina. Cursou um semestre letivo de Estudos de M\u00eddia na Universidad de Buenos Aires.\",\"url\":\"https:\/\/www.suno.com.br\/noticias\/author\/eduardo-vargas\/\"}]}<\/script>\n<!-- \/ Yoast SEO plugin. -->","yoast_head_json":{"title":"Cogna (COGN3) fecha parceria com a Tim (TIMS3) para oferta de cursos","description":"Com o acordo, os cursos da subsidi\u00e1ria da Cogna passar\u00e3o a ser ofertados aos clientes da Tim em plataforma digital. Clique aqui e leia mais.","robots":{"index":"index","follow":"follow","max-snippet":"max-snippet:-1","max-image-preview":"max-image-preview:large","max-video-preview":"max-video-preview:-1"},"canonical":"https:\/\/www.suno.com.br\/noticias\/cogna-cogn3-parceria-tim-tims3-oferta-cursos-ead\/","og_locale":"pt_BR","og_type":"article","og_title":"Cogna (COGN3) fecha parceria com a Tim (TIMS3) para oferta de cursos","og_description":"Com o acordo, os cursos da subsidi\u00e1ria da Cogna passar\u00e3o a ser ofertados aos clientes da Tim em plataforma digital. Clique aqui e leia mais.","og_url":"https:\/\/www.suno.com.br\/noticias\/cogna-cogn3-parceria-tim-tims3-oferta-cursos-ead\/","og_site_name":"Suno Not\u00edcias","article_publisher":"https:\/\/facebook.com\/sunoresearch","og_image":[{"width":1200,"height":800,"url":"https:\/\/files.sunoresearch.com.br\/n\/uploads\/2021\/01\/9a8a6d68-educa-1.jpg","type":"image\/jpeg"}],"author":"Eduardo Vargas","twitter_card":"summary_large_image","twitter_creator":"@sunoresearch","twitter_site":"@sunoresearch","twitter_misc":{"Escrito por":"Eduardo Vargas","Est. tempo de leitura":"3 minutos"},"schema":{"@context":"https:\/\/schema.org","@graph":[{"@type":"NewsArticle","@id":"https:\/\/www.suno.com.br\/noticias\/cogna-cogn3-parceria-tim-tims3-oferta-cursos-ead\/#article","isPartOf":{"@id":"https:\/\/www.suno.com.br\/noticias\/cogna-cogn3-parceria-tim-tims3-oferta-cursos-ead\/"},"author":{"name":"Eduardo Vargas","@id":"https:\/\/www.suno.com.br\/noticias\/#\/schema\/person\/7f4d362bf3518e76090143ae77bb49a5"},"headline":"Cogna (COGN3) fecha parceria com a Tim (TIMS3) para oferta de cursos EaD","datePublished":"2021-07-08T12:15:55+00:00","mainEntityOfPage":{"@id":"https:\/\/www.suno.com.br\/noticias\/cogna-cogn3-parceria-tim-tims3-oferta-cursos-ead\/"},"wordCount":582,"publisher":{"@id":"https:\/\/www.suno.com.br\/noticias\/#organization"},"image":{"@id":"https:\/\/www.suno.com.br\/noticias\/cogna-cogn3-parceria-tim-tims3-oferta-cursos-ead\/#primaryimage"},"thumbnailUrl":"https:\/\/files.sunoresearch.com.br\/n\/uploads\/2021\/01\/9a8a6d68-educa-1.jpg","keywords":["Cogna (COGN3)","Comiss\u00e3o de Valores Mobili\u00e1rios (CVM)","setor educacional","telefonia","TIM (TIMS3)"],"articleSection":["Neg\u00f3cios"],"inLanguage":"pt-BR"},{"@type":"WebPage","@id":"https:\/\/www.suno.com.br\/noticias\/cogna-cogn3-parceria-tim-tims3-oferta-cursos-ead\/","url":"https:\/\/www.suno.com.br\/noticias\/cogna-cogn3-parceria-tim-tims3-oferta-cursos-ead\/","name":"Cogna (COGN3) fecha parceria com a Tim (TIMS3) para oferta de cursos","isPartOf":{"@id":"https:\/\/www.suno.com.br\/noticias\/#website"},"primaryImageOfPage":{"@id":"https:\/\/www.suno.com.br\/noticias\/cogna-cogn3-parceria-tim-tims3-oferta-cursos-ead\/#primaryimage"},"image":{"@id":"https:\/\/www.suno.com.br\/noticias\/cogna-cogn3-parceria-tim-tims3-oferta-cursos-ead\/#primaryimage"},"thumbnailUrl":"https:\/\/files.sunoresearch.com.br\/n\/uploads\/2021\/01\/9a8a6d68-educa-1.jpg","datePublished":"2021-07-08T12:15:55+00:00","description":"Com o acordo, os cursos da subsidi\u00e1ria da Cogna passar\u00e3o a ser ofertados aos clientes da Tim em plataforma digital. Clique aqui e leia mais.","breadcrumb":{"@id":"https:\/\/www.suno.com.br\/noticias\/cogna-cogn3-parceria-tim-tims3-oferta-cursos-ead\/#breadcrumb"},"inLanguage":"pt-BR","potentialAction":[{"@type":"ReadAction","target":["https:\/\/www.suno.com.br\/noticias\/cogna-cogn3-parceria-tim-tims3-oferta-cursos-ead\/"]}]},{"@type":"ImageObject","inLanguage":"pt-BR","@id":"https:\/\/www.suno.com.br\/noticias\/cogna-cogn3-parceria-tim-tims3-oferta-cursos-ead\/#primaryimage","url":"https:\/\/files.sunoresearch.com.br\/n\/uploads\/2021\/01\/9a8a6d68-educa-1.jpg","contentUrl":"https:\/\/files.sunoresearch.com.br\/n\/uploads\/2021\/01\/9a8a6d68-educa-1.jpg","width":1200,"height":800,"caption":"Setor de Educa\u00e7\u00e3o. Foto: Pixabay"},{"@type":"BreadcrumbList","@id":"https:\/\/www.suno.com.br\/noticias\/cogna-cogn3-parceria-tim-tims3-oferta-cursos-ead\/#breadcrumb","itemListElement":[{"@type":"ListItem","position":1,"name":"Not\u00edcias","item":"https:\/\/www.suno.com.br\/noticias\/"},{"@type":"ListItem","position":2,"name":"Neg\u00f3cios","item":"https:\/\/www.suno.com.br\/noticias\/negocios\/"},{"@type":"ListItem","position":3,"name":"Cogna (COGN3) fecha parceria com a Tim (TIMS3) para oferta de cursos EaD"}]},{"@type":"WebSite","@id":"https:\/\/www.suno.com.br\/noticias\/#website","url":"https:\/\/www.suno.com.br\/noticias\/","name":"Suno Not\u00edcias","description":"Seu portal de informa\u00e7\u00e3o sobre o mundo dos investimentos","publisher":{"@id":"https:\/\/www.suno.com.br\/noticias\/#organization"},"potentialAction":[{"@type":"SearchAction","target":{"@type":"EntryPoint","urlTemplate":"https:\/\/www.suno.com.br\/noticias\/?s={search_term_string}"},"query-input":{"@type":"PropertyValueSpecification","valueRequired":true,"valueName":"search_term_string"}}],"inLanguage":"pt-BR"},{"@type":"Organization","@id":"https:\/\/www.suno.com.br\/noticias\/#organization","name":"Suno Not\u00edcias","url":"https:\/\/www.suno.com.br\/noticias\/","logo":{"@type":"ImageObject","inLanguage":"pt-BR","@id":"https:\/\/www.suno.com.br\/noticias\/#\/schema\/logo\/image\/","url":"https:\/\/files.sunoresearch.com.br\/n\/uploads\/2021\/09\/suno-logo.png","contentUrl":"https:\/\/files.sunoresearch.com.br\/n\/uploads\/2021\/09\/suno-logo.png","width":180,"height":180,"caption":"Suno Not\u00edcias"},"image":{"@id":"https:\/\/www.suno.com.br\/noticias\/#\/schema\/logo\/image\/"},"sameAs":["https:\/\/facebook.com\/sunoresearch","https:\/\/x.com\/sunoresearch","https:\/\/www.instagram.com\/suno","https:\/\/www.linkedin.com\/company\/suno-research\/","https:\/\/www.youtube.com\/c\/sunoresearch"]},{"@type":"Person","@id":"https:\/\/www.suno.com.br\/noticias\/#\/schema\/person\/7f4d362bf3518e76090143ae77bb49a5","name":"Eduardo Vargas","image":{"@type":"ImageObject","inLanguage":"pt-BR","@id":"https:\/\/www.suno.com.br\/noticias\/#\/schema\/person\/image\/","url":"https:\/\/secure.gravatar.com\/avatar\/dac340933427a22924c9f99d1eb2e3f2?s=96&r=g","contentUrl":"https:\/\/secure.gravatar.com\/avatar\/dac340933427a22924c9f99d1eb2e3f2?s=96&r=g","caption":"Eduardo Vargas"},"description":"Jornalista formado pela UFSC, cobre macroeconomia, neg\u00f3cios e startups para o Suno Not\u00edcias, escrevendo principalmente not\u00edcias sobre o mercado financeiro e a bolsa de valores. No YouTube e no Instagram, \u00e9 respons\u00e1vel pela produ\u00e7\u00e3o de Reels e Shorts do Suno Not\u00edcias. Anteriormente, trabalhou cobrindo economia e cotidiano no ND+ e para o ND, maior jornal impresso de Santa Catarina. Cursou um semestre letivo de Estudos de M\u00eddia na Universidad de Buenos Aires.","url":"https:\/\/www.suno.com.br\/noticias\/author\/eduardo-vargas\/"}]}},"default_loop_html":"<div class=\"cardsPage__listCard__boxs\"><div class=\"cardsPage__listCard__boxs__img\"><a href=\"https:\/\/www.suno.com.br\/noticias\/cogna-cogn3-faculdades-medicina-segundo-semestre\/\"><img class=\"mask\" src=\"https:\/\/www.suno.com.br\/noticias\/wp-content\/themes\/suno\/resources\/images\/spotlight\/spotlight1img\/bg-mask.png\" alt=\"Image Mask\"\/><img src=\"https:\/\/files.sunoresearch.com.br\/n\/uploads\/2021\/05\/934baaa3-classroom-2093743_640-400x200.webp\" alt=\"Cogna (CONG3) planeja comprar faculdades de medicina no segundo semestre\"\/><\/a><span class=\"spotlightCategory\"><a href=\"https:\/\/www.suno.com.br\/noticias\/negocios\/\">Neg\u00f3cios<\/a><\/span><\/div><div class=\"cardsPage__listCard__boxs__content\"><a href=\"https:\/\/www.suno.com.br\/noticias\/cogna-cogn3-faculdades-medicina-segundo-semestre\/\"><h2 class=\"content__title\">Cogna (CONG3) planeja comprar faculdades de medicina no segundo semestre<\/h2><\/a><div class=\"newsContent__article__meta\"><div class=\"newsContent__article__meta__authorBox\"><a href=\"https:\/\/www.suno.com.br\/noticias\/author\/poliana-santos\/\" class=\"authorBox__avatar noMobi\"><img src=\"https:\/\/files.sunoresearch.com.br\/n\/uploads\/2020\/08\/7ef34026-whatsapp-image-2020-08-03-at-12.37.57-150x150.webp\" alt=\"Poliana Santos\"><\/a><div class=\"authorBox__name\"><span>por\n\t\t\t<a href=\"https:\/\/www.suno.com.br\/noticias\/author\/poliana-santos\/\"><span itemprop=\"author\">Poliana Santos<\/span><\/a><\/span><time datetime=\"2021-05-25T15:55:48-03:00\" itemprop=\"datePublished\">25\/05\/2021 15:55<\/time><\/div><\/div><\/div><\/div><\/div>","single_layout":"posts","amp_enabled":true,"_links":{"self":[{"href":"https:\/\/www.suno.com.br\/noticias\/wp-json\/wp\/v2\/posts\/164566"}],"collection":[{"href":"https:\/\/www.suno.com.br\/noticias\/wp-json\/wp\/v2\/posts"}],"about":[{"href":"https:\/\/www.suno.com.br\/noticias\/wp-json\/wp\/v2\/types\/post"}],"author":[{"embeddable":true,"href":"https:\/\/www.suno.com.br\/noticias\/wp-json\/wp\/v2\/users\/73"}],"replies":[{"embeddable":true,"href":"https:\/\/www.suno.com.br\/noticias\/wp-json\/wp\/v2\/comments?post=164566"}],"version-history":[{"count":3,"href":"https:\/\/www.suno.com.br\/noticias\/wp-json\/wp\/v2\/posts\/164566\/revisions"}],"predecessor-version":[{"id":164585,"href":"https:\/\/www.suno.com.br\/noticias\/wp-json\/wp\/v2\/posts\/164566\/revisions\/164585"}],"wp:featuredmedia":[{"embeddable":true,"href":"https:\/\/www.suno.com.br\/noticias\/wp-json\/wp\/v2\/media\/111544"}],"wp:attachment":[{"href":"https:\/\/www.suno.com.br\/noticias\/wp-json\/wp\/v2\/media?parent=164566"}],"wp:term":[{"taxonomy":"category","embeddable":true,"href":"https:\/\/www.suno.com.br\/noticias\/wp-json\/wp\/v2\/categories?post=164566"},{"taxonomy":"post_tag","embeddable":true,"href":"https:\/\/www.suno.com.br\/noticias\/wp-json\/wp\/v2\/tags?post=164566"},{"taxonomy":"suno_strategy","embeddable":true,"href":"https:\/\/www.suno.com.br\/noticias\/wp-json\/wp\/v2\/suno_strategy?post=164566"}],"curies":[{"name":"wp","href":"https:\/\/api.w.org\/{rel}","templated":true}]}}