{"id":164565,"date":"2021-07-08T08:25:53","date_gmt":"2021-07-08T11:25:53","guid":{"rendered":"https:\/\/www.suno.com.br\/noticias\/?p=164565"},"modified":"2021-07-08T08:46:34","modified_gmt":"2021-07-08T11:46:34","slug":"sp-500-nasdaq-inflacao-covid-08072021","status":"publish","type":"post","link":"https:\/\/www.suno.com.br\/noticias\/sp-500-nasdaq-inflacao-covid-08072021\/","title":{"rendered":"S&#038;P 500 futuro recua 1,3% com preocupa\u00e7\u00e3o sobre variante da Covid-19"},"content":{"rendered":"<p>O mercado futuro do <strong>S&amp;P 500<\/strong> opera no vermelho na manh\u00e3 desta quinta-feira (8), ap\u00f3s o maior \u00edndice acion\u00e1rio da Bolsa norte-americana renovar sua m\u00e1xima hist\u00f3rica na v\u00e9spera. Hoje, as preocupa\u00e7\u00f5es ocorrem em fun\u00e7\u00e3o das amea\u00e7as \u00e0 recupera\u00e7\u00e3o econ\u00f4mica.<\/p>\t<div class=\"wrapper-featured-image\">\n\t\t<figure class=\"spotlightImg\">\n\n\t\t\t<picture>\n\t\t\t\t<source media=\"(max-width: 768px)\" srcset=\"https:\/\/files.sunoresearch.com.br\/n\/uploads\/2021\/03\/64b39095-wall-street-4758079_1280-400x200.webp\">\n\t\t\t\t<img loading=\"lazy\" decoding=\"async\" class=\"newsContent__article__imgCapa lazyloadDisabled \" src=\"https:\/\/files.sunoresearch.com.br\/n\/uploads\/2021\/03\/64b39095-wall-street-4758079_1280-800x450.webp\" width=\"800\" height=\"450\" alt=\"S&#038;P 500 futuro recua 1,3% com preocupa\u00e7\u00e3o sobre variante da Covid-19\" fetchpriority=high \/>\n\t\t\t<\/picture>\n\n\t\t\t<figcaption class=\"wp-caption-text wp-caption-text--show\">S&amp;P 500. Foto: Pixabay<\/figcaption>\n\t\t<\/figure>\n\t<\/div>\n\n\n\t<p>\n\t\t<a href=\"https:\/\/lp.suno.com.br\/planilha-controle-gastos\/\" target=\"_blank\" data-element=\"shortcode-suno-banner\" title=\"Banner SUNO, clique e saiba mais\">\n\t\t\t<picture>\n\t\t\t\t<source media=\"(max-width: 500px)\" srcset=\"https:\/\/files.sunoresearch.com.br\/n\/uploads\/2023\/03\/400x300-Planilha-controle-de-gastos.png\">\n\t\t\t\t<img class=\"newsContent__article__imgCapa newsContent__article__imgCapa--banner\"\n\t\t\t\t\tsrc=\"https:\/\/files.sunoresearch.com.br\/n\/uploads\/2023\/03\/1420x240-Planilha-controle-de-gastos.png\"\n\t\t\t\t\tdata-promo-id=\"101751\"\t\t\t\t\t\t\t\t\t\twidth='1420' height='240'\t\t\t\t\talt=\"https:\/\/files.sunoresearch.com.br\/n\/uploads\/2023\/03\/1420x240-Planilha-controle-de-gastos.png\"\n\t\t\t\t>\n\t\t\t<\/picture>\n\t\t<\/a>\n\t<\/p>\n\n\n<p>Por volta das 8h10, o <a href=\"https:\/\/www.suno.com.br\/artigos\/sp-500\/\">S&amp;P 500<\/a> ca\u00eda 1,30%, para 4.342,38 pontos. A <a href=\"https:\/\/www.suno.com.br\/artigos\/nasdaq\/\"><strong>Nasdaq<\/strong>, por sua vez<\/a>, avan\u00e7ava 0,56%, a 14.858,00 pontos.<\/p>\n<p>A dissemina\u00e7\u00e3o da <strong>variante Delta<\/strong>, considerada uma vers\u00e3o mais contagiosa do coronav\u00edrus, contamina os mercados nesta manh\u00e3 em um sinal de apreens\u00e3o dos investidores. A Organiza\u00e7\u00e3o Mundial da Sa\u00fade (OMS) recomenda cautela na reabertura das economias.<\/p>\n<p>As tens\u00f5es chegam no momento em que o mercado discute a possibilidade de <strong>refla\u00e7\u00e3o<\/strong> <strong>econ\u00f4mica<\/strong>, um movimento de avan\u00e7o acelerado dos pre\u00e7os na economia ap\u00f3s um per\u00edodo de recess\u00e3o.<\/p>\n\n\t<div data-element=\"shortcode-read-more\" class=\"readToo\">\n\t\t\t\t<span class=\"readToo__title\">Saiba mais<\/span>\n\t\t\t\t<ul class=\"readToo__list\">\n\t\t\t<li><a href=\"https:\/\/www.suno.com.br\/noticias\/reservas-internacionais-china-caem-us-3214-trilhoes\/\">Reservas internacionais da China caem a US$ 3,214 trilh\u00f5es<\/a><\/li><li><a href=\"https:\/\/www.suno.com.br\/noticias\/fed-ata-projetou-alta-inflacao-transitoria\/\">Ata do Fed projeta alta para infla\u00e7\u00e3o, mas espera que seja transit\u00f3ria<\/a><\/li>\t\t<\/ul>\n\t<\/div>\n\n\n<p>O principal motor impulsionador de uma refla\u00e7\u00e3o s\u00e3o est\u00edmulos monet\u00e1rios e fiscais. Entretanto, uma nova onda da pandemia junto ao potencial enxugamento dos gastos do <a href=\"https:\/\/www.suno.com.br\/artigos\/fed\/\">Federal Reserve (<strong>Fed<\/strong>)<\/a>, pesam sobre as decis\u00f5es dos investidores.<\/p>\n<p>Agora, com a perspectiva de arrefecimento das press\u00f5es inflacion\u00e1rias, as <strong>Treasuries<\/strong> de 10 anos continuam caindo. Os pap\u00e9is recuam para 1,255%, o menor patamar em cinco meses. Vale lembrar que depois de come\u00e7ar o ano em 0,915%, os t\u00edtulos chegaram a atingir 1,8% em mar\u00e7o.<\/p>\n<p>O mercado tamb\u00e9m avaliar\u00e1 o n\u00famero de pedidos de seguro-desemprego da semana encerrada no \u00faltimo s\u00e1bado (3). \u00c9 esperado que o n\u00famero caia para 350 mil, com a retomada da cria\u00e7\u00e3o de postos de trabalho.<\/p>\n\t<p>\n\t\t<a href=\"\" target=\"_blank\" data-element=\"shortcode-suno-banner\" title=\"Banner SUNO, clique e saiba mais\">\n\t\t\t<picture>\n\t\t\t\t<source media=\"(max-width: 500px)\" srcset=\"\">\n\t\t\t\t<img class=\"newsContent__article__imgCapa newsContent__article__imgCapa--banner\"\n\t\t\t\t\tsrc=\"\"\n\t\t\t\t\tdata-promo-id=\"92668\"\t\t\t\t\t\t\t\t\t\t\t\t\t\t\talt=\"\"\n\t\t\t\t>\n\t\t\t<\/picture>\n\t\t<\/a>\n\t<\/p>\n\n\n<p>Na Europa, o <a href=\"https:\/\/www.suno.com.br\/artigos\/bce\/\">Banco Central Europeu (BCE)<\/a> apresentar\u00e1 suas conclus\u00f5es para uma revis\u00e3o estrat\u00e9gica da pol\u00edtica monet\u00e1ria. \u00c0s 9h (hor\u00e1rio de Bras\u00edlia), o relat\u00f3rio deve mostrar a decis\u00e3o sobre o aumento da meta de <strong>infla\u00e7\u00e3o<\/strong> da regi\u00e3o.<\/p>\n<p>O barril de <strong>petr\u00f3leo<\/strong> Brent recua novamente, para cerca de US$ 72, enquanto a <a href=\"https:\/\/www.suno.com.br\/artigos\/opep\/\">Organiza\u00e7\u00e3o dos Pa\u00edses Exportadores de Petr\u00f3leo (<strong>Opep<\/strong>)<\/a> e aliados n\u00e3o entram em consenso.<\/p>\n<p>&#8220;Setores c\u00edclicos como mineradoras, montadoras e bancos lideram os decl\u00ednios, \u00e0 medida que o humor global azedou em meio a preocupa\u00e7\u00f5es sobre a recupera\u00e7\u00e3o econ\u00f4mica&#8221;, diz a <strong>Ativa Investimentos<\/strong>. &#8220;Os mercados asi\u00e1ticos ca\u00edram sobre preocupa\u00e7\u00f5es com a recupera\u00e7\u00e3o da <strong>China<\/strong> e uma regulamenta\u00e7\u00e3o mais rigorosa sobre as empresas de tecnologia.&#8221;<\/p>\n<h2>S&amp;P 500 e as bolsas mundiais<\/h2>\n<p>Confira o desempenho das principais bolsas mundiais por volta das 8h20:<\/p>\n<ul>\n<li>S&amp;P 500 futuro: -1,30%<\/li>\n<li>Nasdaq futuro: -1,25%<\/li>\n<li><a href=\"https:\/\/www.suno.com.br\/artigos\/dax-30\/\">DAX 30<\/a> (Alemanha): -1,91%<\/li>\n<li><a href=\"https:\/\/www.suno.com.br\/artigos\/ftse-100\/\">FTSE 100<\/a> (Inglaterra): -1,89%<\/li>\n<li><a href=\"https:\/\/www.suno.com.br\/artigos\/euro-stoxx-50\/\">Euro Stoxx 50<\/a>: -2,33%<\/li>\n<li>SSE Composite (Xangai): -0,79% (fechada)<\/li>\n<li><a href=\"https:\/\/www.suno.com.br\/artigos\/nikkei-225\/\">Nikkei 225<\/a> (Jap\u00e3o): -0,88% (fechada)<\/li>\n<\/ul>\n<p>Os mercados internacionais abriram julho de forma positiva, ignorando as preocupa\u00e7\u00f5es com novas variantes do coronav\u00edrus. O <strong>S&amp;P 500<\/strong> e as bolsas mundias, entretanto, ainda digerem o desdobramento das press\u00f5es inflacion\u00e1rias nos Estados Unidos e a recupera\u00e7\u00e3o econ\u00f4mica no p\u00f3s-pandemia.<\/p>\n\t<p>\n\t\t<a href=\"https:\/\/lp.suno.com.br\/planilha-de-controle-de-investimentos\/\" target=\"_blank\" data-element=\"shortcode-suno-banner\" title=\"Banner SUNO, clique e saiba mais\">\n\t\t\t<picture>\n\t\t\t\t<source media=\"(max-width: 500px)\" srcset=\"https:\/\/files.sunoresearch.com.br\/n\/uploads\/2023\/03\/400x300-Controle-de-Investimentos.png\">\n\t\t\t\t<img class=\"newsContent__article__imgCapa newsContent__article__imgCapa--banner\"\n\t\t\t\t\tsrc=\"https:\/\/files.sunoresearch.com.br\/n\/uploads\/2023\/03\/1420x240-Controle-de-Investimentos.png\"\n\t\t\t\t\tdata-promo-id=\"75934\"\t\t\t\t\t\t\t\t\t\twidth='1420' height='240'\t\t\t\t\talt=\"https:\/\/files.sunoresearch.com.br\/n\/uploads\/2023\/03\/1420x240-Controle-de-Investimentos.png\"\n\t\t\t\t>\n\t\t\t<\/picture>\n\t\t<\/a>\n\t<\/p>\n\n\n","protected":false},"excerpt":{"rendered":"<p>O mercado futuro do S&amp;P 500 opera no vermelho na manh\u00e3 desta quinta-feira (8), ap\u00f3s o maior \u00edndice acion\u00e1rio da Bolsa norte-americana renovar sua m\u00e1xima hist\u00f3rica na v\u00e9spera. Hoje, as preocupa\u00e7\u00f5es ocorrem em fun\u00e7\u00e3o das amea\u00e7as \u00e0 recupera\u00e7\u00e3o econ\u00f4mica. Infla\u00e7\u00e3o nos EUA est\u00e1 muito alta e foco \u00e9 endere\u00e7\u00e1-la, diz integrante do Fed. Foto: Reprodu\u00e7\u00e3o [&hellip;]<\/p>\n","protected":false},"author":24,"featured_media":135947,"comment_status":"closed","ping_status":"closed","sticky":false,"template":"","format":"standard","meta":[],"categories":[60],"tags":[1937,5255,740,105816,964,2667],"suno_strategy":[],"class_list":["post-164565","post","type-post","status-publish","format-standard","has-post-thumbnail","hentry","category-mercado","tag-bolsa-de-valores-de-sao-paulo-b3","tag-covid-19","tag-economia","tag-especialistas","tag-nasdaq","tag-sp-500"],"yoast_head":"<!-- This site is optimized with the Yoast SEO plugin v24.4 - https:\/\/yoast.com\/wordpress\/plugins\/seo\/ -->\n<title>S&amp;P 500 futuro recua 1,3% com preocupa\u00e7\u00e3o sobre variante da Covid-19<\/title>\n<meta name=\"description\" content=\"O mercado futuro do S&amp;P 500 opera no vermelho na manh\u00e3 desta quinta-feira (8), ap\u00f3s renovar a m\u00e1xima hist\u00f3rica. Clique e saiba mais.\" \/>\n<meta name=\"robots\" content=\"index, follow, max-snippet:-1, max-image-preview:large, max-video-preview:-1\" \/>\n<link rel=\"canonical\" href=\"https:\/\/www.suno.com.br\/noticias\/sp-500-nasdaq-inflacao-covid-08072021\/\" \/>\n<meta property=\"og:locale\" content=\"pt_BR\" \/>\n<meta property=\"og:type\" content=\"article\" \/>\n<meta property=\"og:title\" content=\"S&amp;P 500 futuro recua 1,3% com preocupa\u00e7\u00e3o sobre variante da Covid-19\" \/>\n<meta property=\"og:description\" content=\"O mercado futuro do S&amp;P 500 opera no vermelho na manh\u00e3 desta quinta-feira (8), ap\u00f3s renovar a m\u00e1xima hist\u00f3rica. Clique e saiba mais.\" \/>\n<meta property=\"og:url\" content=\"https:\/\/www.suno.com.br\/noticias\/sp-500-nasdaq-inflacao-covid-08072021\/\" \/>\n<meta property=\"og:site_name\" content=\"Suno Not\u00edcias\" \/>\n<meta property=\"article:publisher\" content=\"https:\/\/facebook.com\/sunoresearch\" \/>\n<meta property=\"og:image\" content=\"https:\/\/files.sunoresearch.com.br\/n\/uploads\/2021\/03\/64b39095-wall-street-4758079_1280.jpg\" \/>\n\t<meta property=\"og:image:width\" content=\"1280\" \/>\n\t<meta property=\"og:image:height\" content=\"812\" \/>\n\t<meta property=\"og:image:type\" content=\"image\/jpeg\" \/>\n<meta name=\"author\" content=\"Jader Lazarini\" \/>\n<meta name=\"twitter:card\" content=\"summary_large_image\" \/>\n<meta name=\"twitter:creator\" content=\"@sunoresearch\" \/>\n<meta name=\"twitter:site\" content=\"@sunoresearch\" \/>\n<meta name=\"twitter:label1\" content=\"Escrito por\" \/>\n\t<meta name=\"twitter:data1\" content=\"Jader Lazarini\" \/>\n\t<meta name=\"twitter:label2\" content=\"Est. tempo de leitura\" \/>\n\t<meta name=\"twitter:data2\" content=\"3 minutos\" \/>\n<script type=\"application\/ld+json\" class=\"yoast-schema-graph\">{\"@context\":\"https:\/\/schema.org\",\"@graph\":[{\"@type\":\"NewsArticle\",\"@id\":\"https:\/\/www.suno.com.br\/noticias\/sp-500-nasdaq-inflacao-covid-08072021\/#article\",\"isPartOf\":{\"@id\":\"https:\/\/www.suno.com.br\/noticias\/sp-500-nasdaq-inflacao-covid-08072021\/\"},\"author\":{\"name\":\"Jader Lazarini\",\"@id\":\"https:\/\/www.suno.com.br\/noticias\/#\/schema\/person\/918d79de1f0281f01599b93f9ea6e23f\"},\"headline\":\"S&#038;P 500 futuro recua 1,3% com preocupa\u00e7\u00e3o sobre variante da Covid-19\",\"datePublished\":\"2021-07-08T11:25:53+00:00\",\"dateModified\":\"2021-07-08T11:46:34+00:00\",\"mainEntityOfPage\":{\"@id\":\"https:\/\/www.suno.com.br\/noticias\/sp-500-nasdaq-inflacao-covid-08072021\/\"},\"wordCount\":529,\"publisher\":{\"@id\":\"https:\/\/www.suno.com.br\/noticias\/#organization\"},\"image\":{\"@id\":\"https:\/\/www.suno.com.br\/noticias\/sp-500-nasdaq-inflacao-covid-08072021\/#primaryimage\"},\"thumbnailUrl\":\"https:\/\/files.sunoresearch.com.br\/n\/uploads\/2021\/03\/64b39095-wall-street-4758079_1280-jpg.webp\",\"keywords\":[\"Bolsa de Valores de S\u00e3o Paulo (B3)\",\"covid-19\",\"Economia\",\"Especialistas\",\"Nasdaq\",\"S&amp;P 500\"],\"articleSection\":[\"Mercado\"],\"inLanguage\":\"pt-BR\"},{\"@type\":\"WebPage\",\"@id\":\"https:\/\/www.suno.com.br\/noticias\/sp-500-nasdaq-inflacao-covid-08072021\/\",\"url\":\"https:\/\/www.suno.com.br\/noticias\/sp-500-nasdaq-inflacao-covid-08072021\/\",\"name\":\"S&P 500 futuro recua 1,3% com preocupa\u00e7\u00e3o sobre variante da Covid-19\",\"isPartOf\":{\"@id\":\"https:\/\/www.suno.com.br\/noticias\/#website\"},\"primaryImageOfPage\":{\"@id\":\"https:\/\/www.suno.com.br\/noticias\/sp-500-nasdaq-inflacao-covid-08072021\/#primaryimage\"},\"image\":{\"@id\":\"https:\/\/www.suno.com.br\/noticias\/sp-500-nasdaq-inflacao-covid-08072021\/#primaryimage\"},\"thumbnailUrl\":\"https:\/\/files.sunoresearch.com.br\/n\/uploads\/2021\/03\/64b39095-wall-street-4758079_1280-jpg.webp\",\"datePublished\":\"2021-07-08T11:25:53+00:00\",\"dateModified\":\"2021-07-08T11:46:34+00:00\",\"description\":\"O mercado futuro do S&P 500 opera no vermelho na manh\u00e3 desta quinta-feira (8), ap\u00f3s renovar a m\u00e1xima hist\u00f3rica. Clique e saiba mais.\",\"breadcrumb\":{\"@id\":\"https:\/\/www.suno.com.br\/noticias\/sp-500-nasdaq-inflacao-covid-08072021\/#breadcrumb\"},\"inLanguage\":\"pt-BR\",\"potentialAction\":[{\"@type\":\"ReadAction\",\"target\":[\"https:\/\/www.suno.com.br\/noticias\/sp-500-nasdaq-inflacao-covid-08072021\/\"]}]},{\"@type\":\"ImageObject\",\"inLanguage\":\"pt-BR\",\"@id\":\"https:\/\/www.suno.com.br\/noticias\/sp-500-nasdaq-inflacao-covid-08072021\/#primaryimage\",\"url\":\"https:\/\/files.sunoresearch.com.br\/n\/uploads\/2021\/03\/64b39095-wall-street-4758079_1280-jpg.webp\",\"contentUrl\":\"https:\/\/files.sunoresearch.com.br\/n\/uploads\/2021\/03\/64b39095-wall-street-4758079_1280-jpg.webp\",\"width\":1280,\"height\":812,\"caption\":\"S&P 500. Foto: Pixabay\"},{\"@type\":\"BreadcrumbList\",\"@id\":\"https:\/\/www.suno.com.br\/noticias\/sp-500-nasdaq-inflacao-covid-08072021\/#breadcrumb\",\"itemListElement\":[{\"@type\":\"ListItem\",\"position\":1,\"name\":\"Not\u00edcias\",\"item\":\"https:\/\/www.suno.com.br\/noticias\/\"},{\"@type\":\"ListItem\",\"position\":2,\"name\":\"Mercado\",\"item\":\"https:\/\/www.suno.com.br\/noticias\/mercado\/\"},{\"@type\":\"ListItem\",\"position\":3,\"name\":\"S&#038;P 500 futuro recua 1,3% com preocupa\u00e7\u00e3o sobre variante da Covid-19\"}]},{\"@type\":\"WebSite\",\"@id\":\"https:\/\/www.suno.com.br\/noticias\/#website\",\"url\":\"https:\/\/www.suno.com.br\/noticias\/\",\"name\":\"Suno Not\u00edcias\",\"description\":\"Seu portal de informa\u00e7\u00e3o sobre o mundo dos investimentos\",\"publisher\":{\"@id\":\"https:\/\/www.suno.com.br\/noticias\/#organization\"},\"potentialAction\":[{\"@type\":\"SearchAction\",\"target\":{\"@type\":\"EntryPoint\",\"urlTemplate\":\"https:\/\/www.suno.com.br\/noticias\/?s={search_term_string}\"},\"query-input\":{\"@type\":\"PropertyValueSpecification\",\"valueRequired\":true,\"valueName\":\"search_term_string\"}}],\"inLanguage\":\"pt-BR\"},{\"@type\":\"Organization\",\"@id\":\"https:\/\/www.suno.com.br\/noticias\/#organization\",\"name\":\"Suno Not\u00edcias\",\"url\":\"https:\/\/www.suno.com.br\/noticias\/\",\"logo\":{\"@type\":\"ImageObject\",\"inLanguage\":\"pt-BR\",\"@id\":\"https:\/\/www.suno.com.br\/noticias\/#\/schema\/logo\/image\/\",\"url\":\"https:\/\/files.sunoresearch.com.br\/n\/uploads\/2021\/09\/suno-logo.png\",\"contentUrl\":\"https:\/\/files.sunoresearch.com.br\/n\/uploads\/2021\/09\/suno-logo.png\",\"width\":180,\"height\":180,\"caption\":\"Suno Not\u00edcias\"},\"image\":{\"@id\":\"https:\/\/www.suno.com.br\/noticias\/#\/schema\/logo\/image\/\"},\"sameAs\":[\"https:\/\/facebook.com\/sunoresearch\",\"https:\/\/x.com\/sunoresearch\",\"https:\/\/www.instagram.com\/suno\",\"https:\/\/www.linkedin.com\/company\/suno-research\/\",\"https:\/\/www.youtube.com\/c\/sunoresearch\"]},{\"@type\":\"Person\",\"@id\":\"https:\/\/www.suno.com.br\/noticias\/#\/schema\/person\/918d79de1f0281f01599b93f9ea6e23f\",\"name\":\"Jader Lazarini\",\"image\":{\"@type\":\"ImageObject\",\"inLanguage\":\"pt-BR\",\"@id\":\"https:\/\/www.suno.com.br\/noticias\/#\/schema\/person\/image\/\",\"url\":\"https:\/\/secure.gravatar.com\/avatar\/3c1ad8caa51589841baeb923fcddea97?s=96&r=g\",\"contentUrl\":\"https:\/\/secure.gravatar.com\/avatar\/3c1ad8caa51589841baeb923fcddea97?s=96&r=g\",\"caption\":\"Jader Lazarini\"},\"description\":\"Jader Lazarini escreve sobre investimentos, finan\u00e7as, economia e neg\u00f3cios. \u00c9 bacharel em Rela\u00e7\u00f5es Internacionais e analista CNPI (2619).\",\"url\":\"https:\/\/www.suno.com.br\/noticias\/author\/jader-lazarini\/\"}]}<\/script>\n<!-- \/ Yoast SEO plugin. -->","yoast_head_json":{"title":"S&P 500 futuro recua 1,3% com preocupa\u00e7\u00e3o sobre variante da Covid-19","description":"O mercado futuro do S&P 500 opera no vermelho na manh\u00e3 desta quinta-feira (8), ap\u00f3s renovar a m\u00e1xima hist\u00f3rica. Clique e saiba mais.","robots":{"index":"index","follow":"follow","max-snippet":"max-snippet:-1","max-image-preview":"max-image-preview:large","max-video-preview":"max-video-preview:-1"},"canonical":"https:\/\/www.suno.com.br\/noticias\/sp-500-nasdaq-inflacao-covid-08072021\/","og_locale":"pt_BR","og_type":"article","og_title":"S&P 500 futuro recua 1,3% com preocupa\u00e7\u00e3o sobre variante da Covid-19","og_description":"O mercado futuro do S&P 500 opera no vermelho na manh\u00e3 desta quinta-feira (8), ap\u00f3s renovar a m\u00e1xima hist\u00f3rica. Clique e saiba mais.","og_url":"https:\/\/www.suno.com.br\/noticias\/sp-500-nasdaq-inflacao-covid-08072021\/","og_site_name":"Suno Not\u00edcias","article_publisher":"https:\/\/facebook.com\/sunoresearch","og_image":[{"width":1280,"height":812,"url":"https:\/\/files.sunoresearch.com.br\/n\/uploads\/2021\/03\/64b39095-wall-street-4758079_1280.jpg","type":"image\/jpeg"}],"author":"Jader Lazarini","twitter_card":"summary_large_image","twitter_creator":"@sunoresearch","twitter_site":"@sunoresearch","twitter_misc":{"Escrito por":"Jader Lazarini","Est. tempo de leitura":"3 minutos"},"schema":{"@context":"https:\/\/schema.org","@graph":[{"@type":"NewsArticle","@id":"https:\/\/www.suno.com.br\/noticias\/sp-500-nasdaq-inflacao-covid-08072021\/#article","isPartOf":{"@id":"https:\/\/www.suno.com.br\/noticias\/sp-500-nasdaq-inflacao-covid-08072021\/"},"author":{"name":"Jader Lazarini","@id":"https:\/\/www.suno.com.br\/noticias\/#\/schema\/person\/918d79de1f0281f01599b93f9ea6e23f"},"headline":"S&#038;P 500 futuro recua 1,3% com preocupa\u00e7\u00e3o sobre variante da Covid-19","datePublished":"2021-07-08T11:25:53+00:00","dateModified":"2021-07-08T11:46:34+00:00","mainEntityOfPage":{"@id":"https:\/\/www.suno.com.br\/noticias\/sp-500-nasdaq-inflacao-covid-08072021\/"},"wordCount":529,"publisher":{"@id":"https:\/\/www.suno.com.br\/noticias\/#organization"},"image":{"@id":"https:\/\/www.suno.com.br\/noticias\/sp-500-nasdaq-inflacao-covid-08072021\/#primaryimage"},"thumbnailUrl":"https:\/\/files.sunoresearch.com.br\/n\/uploads\/2021\/03\/64b39095-wall-street-4758079_1280-jpg.webp","keywords":["Bolsa de Valores de S\u00e3o Paulo (B3)","covid-19","Economia","Especialistas","Nasdaq","S&amp;P 500"],"articleSection":["Mercado"],"inLanguage":"pt-BR"},{"@type":"WebPage","@id":"https:\/\/www.suno.com.br\/noticias\/sp-500-nasdaq-inflacao-covid-08072021\/","url":"https:\/\/www.suno.com.br\/noticias\/sp-500-nasdaq-inflacao-covid-08072021\/","name":"S&P 500 futuro recua 1,3% com preocupa\u00e7\u00e3o sobre variante da Covid-19","isPartOf":{"@id":"https:\/\/www.suno.com.br\/noticias\/#website"},"primaryImageOfPage":{"@id":"https:\/\/www.suno.com.br\/noticias\/sp-500-nasdaq-inflacao-covid-08072021\/#primaryimage"},"image":{"@id":"https:\/\/www.suno.com.br\/noticias\/sp-500-nasdaq-inflacao-covid-08072021\/#primaryimage"},"thumbnailUrl":"https:\/\/files.sunoresearch.com.br\/n\/uploads\/2021\/03\/64b39095-wall-street-4758079_1280-jpg.webp","datePublished":"2021-07-08T11:25:53+00:00","dateModified":"2021-07-08T11:46:34+00:00","description":"O mercado futuro do S&P 500 opera no vermelho na manh\u00e3 desta quinta-feira (8), ap\u00f3s renovar a m\u00e1xima hist\u00f3rica. Clique e saiba mais.","breadcrumb":{"@id":"https:\/\/www.suno.com.br\/noticias\/sp-500-nasdaq-inflacao-covid-08072021\/#breadcrumb"},"inLanguage":"pt-BR","potentialAction":[{"@type":"ReadAction","target":["https:\/\/www.suno.com.br\/noticias\/sp-500-nasdaq-inflacao-covid-08072021\/"]}]},{"@type":"ImageObject","inLanguage":"pt-BR","@id":"https:\/\/www.suno.com.br\/noticias\/sp-500-nasdaq-inflacao-covid-08072021\/#primaryimage","url":"https:\/\/files.sunoresearch.com.br\/n\/uploads\/2021\/03\/64b39095-wall-street-4758079_1280-jpg.webp","contentUrl":"https:\/\/files.sunoresearch.com.br\/n\/uploads\/2021\/03\/64b39095-wall-street-4758079_1280-jpg.webp","width":1280,"height":812,"caption":"S&P 500. Foto: Pixabay"},{"@type":"BreadcrumbList","@id":"https:\/\/www.suno.com.br\/noticias\/sp-500-nasdaq-inflacao-covid-08072021\/#breadcrumb","itemListElement":[{"@type":"ListItem","position":1,"name":"Not\u00edcias","item":"https:\/\/www.suno.com.br\/noticias\/"},{"@type":"ListItem","position":2,"name":"Mercado","item":"https:\/\/www.suno.com.br\/noticias\/mercado\/"},{"@type":"ListItem","position":3,"name":"S&#038;P 500 futuro recua 1,3% com preocupa\u00e7\u00e3o sobre variante da Covid-19"}]},{"@type":"WebSite","@id":"https:\/\/www.suno.com.br\/noticias\/#website","url":"https:\/\/www.suno.com.br\/noticias\/","name":"Suno Not\u00edcias","description":"Seu portal de informa\u00e7\u00e3o sobre o mundo dos investimentos","publisher":{"@id":"https:\/\/www.suno.com.br\/noticias\/#organization"},"potentialAction":[{"@type":"SearchAction","target":{"@type":"EntryPoint","urlTemplate":"https:\/\/www.suno.com.br\/noticias\/?s={search_term_string}"},"query-input":{"@type":"PropertyValueSpecification","valueRequired":true,"valueName":"search_term_string"}}],"inLanguage":"pt-BR"},{"@type":"Organization","@id":"https:\/\/www.suno.com.br\/noticias\/#organization","name":"Suno Not\u00edcias","url":"https:\/\/www.suno.com.br\/noticias\/","logo":{"@type":"ImageObject","inLanguage":"pt-BR","@id":"https:\/\/www.suno.com.br\/noticias\/#\/schema\/logo\/image\/","url":"https:\/\/files.sunoresearch.com.br\/n\/uploads\/2021\/09\/suno-logo.png","contentUrl":"https:\/\/files.sunoresearch.com.br\/n\/uploads\/2021\/09\/suno-logo.png","width":180,"height":180,"caption":"Suno Not\u00edcias"},"image":{"@id":"https:\/\/www.suno.com.br\/noticias\/#\/schema\/logo\/image\/"},"sameAs":["https:\/\/facebook.com\/sunoresearch","https:\/\/x.com\/sunoresearch","https:\/\/www.instagram.com\/suno","https:\/\/www.linkedin.com\/company\/suno-research\/","https:\/\/www.youtube.com\/c\/sunoresearch"]},{"@type":"Person","@id":"https:\/\/www.suno.com.br\/noticias\/#\/schema\/person\/918d79de1f0281f01599b93f9ea6e23f","name":"Jader Lazarini","image":{"@type":"ImageObject","inLanguage":"pt-BR","@id":"https:\/\/www.suno.com.br\/noticias\/#\/schema\/person\/image\/","url":"https:\/\/secure.gravatar.com\/avatar\/3c1ad8caa51589841baeb923fcddea97?s=96&r=g","contentUrl":"https:\/\/secure.gravatar.com\/avatar\/3c1ad8caa51589841baeb923fcddea97?s=96&r=g","caption":"Jader Lazarini"},"description":"Jader Lazarini escreve sobre investimentos, finan\u00e7as, economia e neg\u00f3cios. \u00c9 bacharel em Rela\u00e7\u00f5es Internacionais e analista CNPI (2619).","url":"https:\/\/www.suno.com.br\/noticias\/author\/jader-lazarini\/"}]}},"default_loop_html":"<div class=\"cardsPage__listCard__boxs\"><div class=\"cardsPage__listCard__boxs__img\"><a href=\"https:\/\/www.suno.com.br\/noticias\/fed-ata-projetou-alta-inflacao-transitoria\/\"><img class=\"mask\" src=\"https:\/\/www.suno.com.br\/noticias\/wp-content\/themes\/suno\/resources\/images\/spotlight\/spotlight1img\/bg-mask.png\" alt=\"Image Mask\"\/><img src=\"https:\/\/files.sunoresearch.com.br\/n\/uploads\/2021\/06\/2b80aca9-whatsapp-image-2021-04-30-at-17.44.21-400x200.webp\" alt=\"Ata do Fed projeta alta para infla\u00e7\u00e3o, mas espera que seja transit\u00f3ria\"\/><\/a><span class=\"spotlightCategory\"><a href=\"https:\/\/www.suno.com.br\/noticias\/internacional\/\">Internacional<\/a><\/span><\/div><div class=\"cardsPage__listCard__boxs__content\"><a href=\"https:\/\/www.suno.com.br\/noticias\/fed-ata-projetou-alta-inflacao-transitoria\/\"><h2 class=\"content__title\">Ata do Fed projeta alta para infla\u00e7\u00e3o, mas espera que seja transit\u00f3ria<\/h2><\/a><div class=\"newsContent__article__meta\"><div class=\"newsContent__article__meta__authorBox\"><a href=\"https:\/\/www.suno.com.br\/noticias\/author\/rafaela-la-regina\/\" class=\"authorBox__avatar noMobi\"><img src=\"https:\/\/secure.gravatar.com\/avatar\/d2c75a52d243deb93d0465fdcb21bd37?s=96&#038;r=g\" alt=\"Rafaela La Regina\"><\/a><div class=\"authorBox__name\"><span>por\n\t\t\t<a href=\"https:\/\/www.suno.com.br\/noticias\/author\/rafaela-la-regina\/\"><span itemprop=\"author\">Rafaela La Regina<\/span><\/a><\/span><time datetime=\"2021-07-07T18:00:53-03:00\" itemprop=\"datePublished\">07\/07\/2021 18:00<\/time><\/div><\/div><\/div><\/div><\/div>","single_layout":"posts","amp_enabled":true,"_links":{"self":[{"href":"https:\/\/www.suno.com.br\/noticias\/wp-json\/wp\/v2\/posts\/164565"}],"collection":[{"href":"https:\/\/www.suno.com.br\/noticias\/wp-json\/wp\/v2\/posts"}],"about":[{"href":"https:\/\/www.suno.com.br\/noticias\/wp-json\/wp\/v2\/types\/post"}],"author":[{"embeddable":true,"href":"https:\/\/www.suno.com.br\/noticias\/wp-json\/wp\/v2\/users\/24"}],"replies":[{"embeddable":true,"href":"https:\/\/www.suno.com.br\/noticias\/wp-json\/wp\/v2\/comments?post=164565"}],"version-history":[{"count":4,"href":"https:\/\/www.suno.com.br\/noticias\/wp-json\/wp\/v2\/posts\/164565\/revisions"}],"predecessor-version":[{"id":165458,"href":"https:\/\/www.suno.com.br\/noticias\/wp-json\/wp\/v2\/posts\/164565\/revisions\/165458"}],"wp:featuredmedia":[{"embeddable":true,"href":"https:\/\/www.suno.com.br\/noticias\/wp-json\/wp\/v2\/media\/135947"}],"wp:attachment":[{"href":"https:\/\/www.suno.com.br\/noticias\/wp-json\/wp\/v2\/media?parent=164565"}],"wp:term":[{"taxonomy":"category","embeddable":true,"href":"https:\/\/www.suno.com.br\/noticias\/wp-json\/wp\/v2\/categories?post=164565"},{"taxonomy":"post_tag","embeddable":true,"href":"https:\/\/www.suno.com.br\/noticias\/wp-json\/wp\/v2\/tags?post=164565"},{"taxonomy":"suno_strategy","embeddable":true,"href":"https:\/\/www.suno.com.br\/noticias\/wp-json\/wp\/v2\/suno_strategy?post=164565"}],"curies":[{"name":"wp","href":"https:\/\/api.w.org\/{rel}","templated":true}]}}