{"id":16456,"date":"2019-02-25T10:33:10","date_gmt":"2019-02-25T13:33:10","guid":{"rendered":"https:\/\/www.suno.com.br\/noticias\/?p=16456"},"modified":"2019-02-25T10:35:28","modified_gmt":"2019-02-25T13:35:28","slug":"boletim-focus-02252019","status":"publish","type":"post","link":"https:\/\/www.suno.com.br\/noticias\/boletim-focus-02252019\/","title":{"rendered":"Boletim Focus sobe expectativas de super\u00e1vit e investimento estrangeiro"},"content":{"rendered":"<p>O Boletim Focus divulgado nesta segunda-feira (25) <strong>aumentou<\/strong> a proje\u00e7\u00e3o do <strong><a href=\"https:\/\/www.suno.com.br\/artigos\/superavit-comercial\/\">super\u00e1vit<\/a> da balan\u00e7a comercial<\/strong>, de US$ 50,5 bilh\u00f5es a US$ 51 bilh\u00f5es. Em paralelo, houve <strong>alta<\/strong> tamb\u00e9m na estimativa de <strong>investimento estrangeiro<\/strong>. De US$ 79,5 bilh\u00f5es, o mercado subiu a aposta para US$ 80 bilh\u00f5es.<\/p>\t<div class=\"wrapper-featured-image\">\n\t\t<figure class=\"spotlightImg\">\n\n\t\t\t<picture>\n\t\t\t\t<source media=\"(max-width: 768px)\" srcset=\"https:\/\/files.sunoresearch.com.br\/n\/uploads\/2018\/12\/3fd12e7b-balan\u00e7a-comercial-400x200.webp\">\n\t\t\t\t<img loading=\"lazy\" decoding=\"async\" class=\"newsContent__article__imgCapa lazyloadDisabled newsContent__article__imgCapa--noCaption\" src=\"https:\/\/files.sunoresearch.com.br\/n\/uploads\/2018\/12\/3fd12e7b-balan\u00e7a-comercial-800x450.webp\" width=\"800\" height=\"450\" alt=\"Boletim Focus sobe expectativas de super\u00e1vit e investimento estrangeiro\" fetchpriority=high \/>\n\t\t\t<\/picture>\n\n\t\t\t<figcaption class=\"wp-caption-text wp-caption-text--hide\">Segundo boletim Focus desta segunda-feira (25), o super\u00e1vit ser\u00e1 de US$ 51 bilh\u00f5es em 2019. (divulga\u00e7\u00e3o)<\/figcaption>\n\t\t<\/figure>\n\t<\/div>\n\n\n<p>A alta dos indicadores no <strong>Boletim Focus<\/strong> ocorre ap\u00f3s a chegada da<strong> Proposta de Emenda Constitucional<\/strong> (PEC) da <strong>reforma da Previd\u00eancia<\/strong> na C\u00e2mara Federal.<\/p>\n<p>Desta forma, o mercado v\u00ea com otimismo a <strong>PEC<\/strong>, que poder\u00e1 ser um atrativo nas <strong>rela\u00e7\u00f5es comerciais internacionais<\/strong>.<\/p>\n<p>A entrega do <strong>texto<\/strong> da reforma da Previd\u00eancia da equipe do Presidente da Rep\u00fablica, <strong>Jair Bolsonaro<\/strong>, foi feita <strong>em m\u00e3os<\/strong>. Bolsonaro e o ministro da Economia, <strong>Paulo Guedes<\/strong>, dentre outros, entregaram a proposta ao chefe da C\u00e2mara Federal, <strong>Rodrigo Maia<\/strong> (DEM).<\/p>\n<p><a href=\"https:\/\/www.suno.com.br\/noticias\/repercussoes-proposta-reforma-previdencia\/\">Saiba mais &#8211;\u00a0Confira repercuss\u00f5es internacionais da proposta de reforma da Previd\u00eancia<\/a><\/p>\n<h2>Opini\u00e3o de Rodrigo Maia<\/h2>\n<p>Em entrevista concedida ao &#8220;Valor Econ\u00f4mico&#8221;, <strong>Rodrigo Maia<\/strong> afirmou que \u201cgoverno j\u00e1 est\u00e1 perdendo batalha da <strong>comunica\u00e7\u00e3o<\/strong>&#8220;. O chefe dos deputados prev\u00ea que a proposta seja votada em <strong>junho<\/strong>.<\/p>\n<p>Os cr\u00edticos da<strong> Proposta de Emenda Constitucional<\/strong> (PEC) da reforma da Previd\u00eancia do governo do presidente <strong>Jair Bolsonaro<\/strong> batem em dois pontos principais:<\/p>\n<ul>\n<li>a redu\u00e7\u00e3o no benef\u00edcio de presta\u00e7\u00e3o continuada (BPC) para idosos miser\u00e1veis;<\/li>\n<li>e a aposentadoria do trabalhador rural.<\/li>\n<\/ul>\n<p><strong>Rodrigo Maia<\/strong> havia aconselhado o governo a deixar ambos os pontos de fora da PEC.<\/p>\n<p><a href=\"https:\/\/www.suno.com.br\/noticias\/6-pontos-reforma-previdencia\/\">Saiba mais &#8211;\u00a0Confira 6 pontos da reforma da Previd\u00eancia pouco comentados<\/a><\/p>\n<p><a href=\"https:\/\/www.suno.com.br\/noticias\/confira-os-principais-pontos-da-pec-da-reforma-da-previdencia\/\">Saiba mais &#8211;\u00a0Confira os principais pontos da PEC da reforma da Previd\u00eancia<\/a><\/p>\n<h2>2019<\/h2>\n<ul>\n<li><strong><a href=\"https:\/\/www.suno.com.br\/artigos\/pib-produto-interno-bruto\/\">Produto Interno Bruto<\/a> (PIB):<\/strong>\u00a0previs\u00e3o de crescimento permanece em 2,48%.<\/li>\n<li><strong><a href=\"https:\/\/www.suno.com.br\/artigos\/ipca\/\">\u00cdndice Nacional de Pre\u00e7os ao Consumidor Amplo<\/a> (IPCA)<\/strong>: estimativa cai de 3,87% a 3,85%.<\/li>\n<li><strong><a href=\"https:\/\/www.suno.com.br\/artigos\/taxa-selic\/\">Taxa Selic<\/a>:<\/strong>\u00a0mercado manteve a previs\u00e3o em 6,5%.<\/li>\n<li><strong><a href=\"https:\/\/www.suno.com.br\/artigos\/dolar\/\">D\u00f3lar<\/a>:<\/strong>\u00a0a proje\u00e7\u00e3o de R$ 3,70 continua.<\/li>\n<li><strong><a href=\"https:\/\/www.suno.com.br\/artigos\/balanca-comercial\/\">Balan\u00e7a Comercial<\/a>:<\/strong> o mercado subiu a expectativa de\u00a0super\u00e1vit\u00a0de US$ 50,5 bilh\u00f5es a US$ 51 bilh\u00f5es.<\/li>\n<li><strong>Investimento estrangeiro direto:\u00a0<\/strong>a proje\u00e7\u00e3o aumentou de US$ 79,5 bilh\u00f5es para US$ 80 bilh\u00f5es.<\/li>\n<\/ul>\n<p>A proje\u00e7\u00e3o dos investidores para a <strong>infla\u00e7\u00e3o<\/strong> caiu de 3,87% para 3,85%. Portanto, o <strong>mercado<\/strong> aposta que a infla\u00e7\u00e3o estar\u00e1 pr\u00f3xima da meta central para 2019.<\/p>\n<p>Estipulada pelo <a href=\"https:\/\/www.suno.com.br\/artigos\/cmn-conselho-monetario-nacional\/\">Conselho Monet\u00e1rio Nacional<\/a> (CMN), a meta para o <strong>IPCA<\/strong> \u00e9 de 4,25% com <strong>intervalo de toler\u00e2ncia<\/strong> 2,75% a 5,75%.<\/p>\n<p>O IPCA \u00e9 o indicador oficial da infla\u00e7\u00e3o no Pa\u00eds, e \u00e9 divulgado pelo<strong> Instituto Brasileiro de Geografia e Estat\u00edstica<\/strong> (IBGE).<\/p>\n<h2>2020<\/h2>\n<ul>\n<li><strong>PIB:<\/strong> proje\u00e7\u00e3o para o PIB aumentou de 2,58% a 2,65%. Para 2021 e 2022, os investidores mant\u00e9m a aposta em 2,5%.<\/li>\n<li><strong>IPCA: <\/strong>novamente, o\u00a0mercado manteve a estimativa em 4%. A meta central para 2020 ser\u00e1 tamb\u00e9m de 4%, com intervalo de toler\u00e2ncia entre 2,5% e 5,5%.<\/li>\n<li><strong>Taxa Selic:<\/strong>\u00a0previs\u00e3o continua em 8%.<\/li>\n<li><strong>D\u00f3lar:<\/strong>\u00a0investidores novamente estimam c\u00e2mbio em R$ 3,75.<\/li>\n<li><strong>Balan\u00e7a Comercial:<\/strong> a expectativa para o super\u00e1vit desceu de US$ 48 bilh\u00f5es para US% 46 bilh\u00f5es.<\/li>\n<li><strong>Investimento estrangeiro direto:\u00a0<\/strong>economistas passaram de uma estimativa de US$ 82,52 bilh\u00f5es a US$ 83,76 bilh\u00f5es.<\/li>\n<\/ul>\n<p>Publica\u00e7\u00e3o on-line semanal, o <strong>Boletim Focus<\/strong> ou Relat\u00f3rio Focus \u00e9 divulgado todas as segundas-feiras pelo <a href=\"https:\/\/www.suno.com.br\/artigos\/bacen\/\">Banco Central<\/a> (BC). O relat\u00f3rio \u00e9 o resultado de um levantamento feito, na semana anterior, com mais de 100 institui\u00e7\u00f5es financeiras.<\/p>\n","protected":false},"excerpt":{"rendered":"<p>O Boletim Focus divulgado nesta segunda-feira (25) aumentou a proje\u00e7\u00e3o do super\u00e1vit da balan\u00e7a comercial, de US$ 50,5 bilh\u00f5es a US$ 51 bilh\u00f5es. Em paralelo, houve alta tamb\u00e9m na estimativa de investimento estrangeiro. De US$ 79,5 bilh\u00f5es, o mercado subiu a aposta para US$ 80 bilh\u00f5es. Segundo boletim Focus desta segunda-feira (25), o super\u00e1vit ser\u00e1 [&hellip;]<\/p>\n","protected":false},"author":12,"featured_media":7791,"comment_status":"closed","ping_status":"closed","sticky":false,"template":"","format":"standard","meta":[],"categories":[60],"tags":[834,966,719,796,807,940,892,290],"suno_strategy":[],"class_list":["post-16456","post","type-post","status-publish","format-standard","has-post-thumbnail","hentry","category-mercado","tag-boletim-focus","tag-ipca","tag-jair-bolsonaro","tag-paulo-guedes","tag-produto-interno-bruto-pib","tag-reforma-da-previdencia","tag-rodrigo-maia","tag-taxa-selic"],"yoast_head":"<!-- This site is optimized with the Yoast SEO plugin v24.4 - https:\/\/yoast.com\/wordpress\/plugins\/seo\/ -->\n<title>Boletim Focus sobe expectativas de super\u00e1vit e investimento estrangeiro<\/title>\n<meta name=\"description\" content=\"O Boletim Focus aumentou a proje\u00e7\u00e3o do super\u00e1vit da balan\u00e7a comercial, de US$ 50,5 bilh\u00f5es a US$ 51 bilh\u00f5es. Clique para saber mais.\" \/>\n<meta name=\"robots\" content=\"index, follow, max-snippet:-1, max-image-preview:large, max-video-preview:-1\" \/>\n<link rel=\"canonical\" href=\"https:\/\/www.suno.com.br\/noticias\/boletim-focus-02252019\/\" \/>\n<meta property=\"og:locale\" content=\"pt_BR\" \/>\n<meta property=\"og:type\" content=\"article\" \/>\n<meta property=\"og:title\" content=\"Boletim Focus sobe expectativas de super\u00e1vit e investimento estrangeiro\" \/>\n<meta property=\"og:description\" content=\"O Boletim Focus aumentou a proje\u00e7\u00e3o do super\u00e1vit da balan\u00e7a comercial, de US$ 50,5 bilh\u00f5es a US$ 51 bilh\u00f5es. Clique para saber mais.\" \/>\n<meta property=\"og:url\" content=\"https:\/\/www.suno.com.br\/noticias\/boletim-focus-02252019\/\" \/>\n<meta property=\"og:site_name\" content=\"Suno Not\u00edcias\" \/>\n<meta property=\"article:publisher\" content=\"https:\/\/facebook.com\/sunoresearch\" \/>\n<meta property=\"og:image\" content=\"https:\/\/files.sunoresearch.com.br\/n\/uploads\/2018\/12\/3fd12e7b-balan\u00e7a-comercial.jpg\" \/>\n\t<meta property=\"og:image:width\" content=\"960\" \/>\n\t<meta property=\"og:image:height\" content=\"625\" \/>\n\t<meta property=\"og:image:type\" content=\"image\/jpeg\" \/>\n<meta name=\"author\" content=\"Amanda Gushiken\" \/>\n<meta name=\"twitter:card\" content=\"summary_large_image\" \/>\n<meta name=\"twitter:creator\" content=\"@sunoresearch\" \/>\n<meta name=\"twitter:site\" content=\"@sunoresearch\" \/>\n<meta name=\"twitter:label1\" content=\"Escrito por\" \/>\n\t<meta name=\"twitter:data1\" content=\"Amanda Gushiken\" \/>\n\t<meta name=\"twitter:label2\" content=\"Est. tempo de leitura\" \/>\n\t<meta name=\"twitter:data2\" content=\"3 minutos\" \/>\n<script type=\"application\/ld+json\" class=\"yoast-schema-graph\">{\"@context\":\"https:\/\/schema.org\",\"@graph\":[{\"@type\":\"NewsArticle\",\"@id\":\"https:\/\/www.suno.com.br\/noticias\/boletim-focus-02252019\/#article\",\"isPartOf\":{\"@id\":\"https:\/\/www.suno.com.br\/noticias\/boletim-focus-02252019\/\"},\"author\":{\"name\":\"Amanda Gushiken\",\"@id\":\"https:\/\/www.suno.com.br\/noticias\/#\/schema\/person\/a5b06fa4e879d8e8e119c6ed3cd630d1\"},\"headline\":\"Boletim Focus sobe expectativas de super\u00e1vit e investimento estrangeiro\",\"datePublished\":\"2019-02-25T13:33:10+00:00\",\"dateModified\":\"2019-02-25T13:35:28+00:00\",\"mainEntityOfPage\":{\"@id\":\"https:\/\/www.suno.com.br\/noticias\/boletim-focus-02252019\/\"},\"wordCount\":555,\"publisher\":{\"@id\":\"https:\/\/www.suno.com.br\/noticias\/#organization\"},\"image\":{\"@id\":\"https:\/\/www.suno.com.br\/noticias\/boletim-focus-02252019\/#primaryimage\"},\"thumbnailUrl\":\"https:\/\/files.sunoresearch.com.br\/n\/uploads\/2018\/12\/3fd12e7b-balan\u00e7a-comercial-jpg.webp\",\"keywords\":[\"Boletim Focus\",\"IPCA\",\"Jair Bolsonaro\",\"Paulo Guedes\",\"Produto Interno Bruto (PIB)\",\"Reforma da Previd\u00eancia\",\"Rodrigo Maia\",\"Taxa Selic\"],\"articleSection\":[\"Mercado\"],\"inLanguage\":\"pt-BR\"},{\"@type\":\"WebPage\",\"@id\":\"https:\/\/www.suno.com.br\/noticias\/boletim-focus-02252019\/\",\"url\":\"https:\/\/www.suno.com.br\/noticias\/boletim-focus-02252019\/\",\"name\":\"Boletim Focus sobe expectativas de super\u00e1vit e investimento estrangeiro\",\"isPartOf\":{\"@id\":\"https:\/\/www.suno.com.br\/noticias\/#website\"},\"primaryImageOfPage\":{\"@id\":\"https:\/\/www.suno.com.br\/noticias\/boletim-focus-02252019\/#primaryimage\"},\"image\":{\"@id\":\"https:\/\/www.suno.com.br\/noticias\/boletim-focus-02252019\/#primaryimage\"},\"thumbnailUrl\":\"https:\/\/files.sunoresearch.com.br\/n\/uploads\/2018\/12\/3fd12e7b-balan\u00e7a-comercial-jpg.webp\",\"datePublished\":\"2019-02-25T13:33:10+00:00\",\"dateModified\":\"2019-02-25T13:35:28+00:00\",\"description\":\"O Boletim Focus aumentou a proje\u00e7\u00e3o do super\u00e1vit da balan\u00e7a comercial, de US$ 50,5 bilh\u00f5es a US$ 51 bilh\u00f5es. Clique para saber mais.\",\"breadcrumb\":{\"@id\":\"https:\/\/www.suno.com.br\/noticias\/boletim-focus-02252019\/#breadcrumb\"},\"inLanguage\":\"pt-BR\",\"potentialAction\":[{\"@type\":\"ReadAction\",\"target\":[\"https:\/\/www.suno.com.br\/noticias\/boletim-focus-02252019\/\"]}]},{\"@type\":\"ImageObject\",\"inLanguage\":\"pt-BR\",\"@id\":\"https:\/\/www.suno.com.br\/noticias\/boletim-focus-02252019\/#primaryimage\",\"url\":\"https:\/\/files.sunoresearch.com.br\/n\/uploads\/2018\/12\/3fd12e7b-balan\u00e7a-comercial-jpg.webp\",\"contentUrl\":\"https:\/\/files.sunoresearch.com.br\/n\/uploads\/2018\/12\/3fd12e7b-balan\u00e7a-comercial-jpg.webp\",\"width\":960,\"height\":625,\"caption\":\"Segundo boletim Focus desta segunda-feira (25), o super\u00e1vit ser\u00e1 de US$ 51 bilh\u00f5es em 2019. (divulga\u00e7\u00e3o)\"},{\"@type\":\"BreadcrumbList\",\"@id\":\"https:\/\/www.suno.com.br\/noticias\/boletim-focus-02252019\/#breadcrumb\",\"itemListElement\":[{\"@type\":\"ListItem\",\"position\":1,\"name\":\"Not\u00edcias\",\"item\":\"https:\/\/www.suno.com.br\/noticias\/\"},{\"@type\":\"ListItem\",\"position\":2,\"name\":\"Mercado\",\"item\":\"https:\/\/www.suno.com.br\/noticias\/mercado\/\"},{\"@type\":\"ListItem\",\"position\":3,\"name\":\"Boletim Focus sobe expectativas de super\u00e1vit e investimento estrangeiro\"}]},{\"@type\":\"WebSite\",\"@id\":\"https:\/\/www.suno.com.br\/noticias\/#website\",\"url\":\"https:\/\/www.suno.com.br\/noticias\/\",\"name\":\"Suno Not\u00edcias\",\"description\":\"Seu portal de informa\u00e7\u00e3o sobre o mundo dos investimentos\",\"publisher\":{\"@id\":\"https:\/\/www.suno.com.br\/noticias\/#organization\"},\"potentialAction\":[{\"@type\":\"SearchAction\",\"target\":{\"@type\":\"EntryPoint\",\"urlTemplate\":\"https:\/\/www.suno.com.br\/noticias\/?s={search_term_string}\"},\"query-input\":{\"@type\":\"PropertyValueSpecification\",\"valueRequired\":true,\"valueName\":\"search_term_string\"}}],\"inLanguage\":\"pt-BR\"},{\"@type\":\"Organization\",\"@id\":\"https:\/\/www.suno.com.br\/noticias\/#organization\",\"name\":\"Suno Not\u00edcias\",\"url\":\"https:\/\/www.suno.com.br\/noticias\/\",\"logo\":{\"@type\":\"ImageObject\",\"inLanguage\":\"pt-BR\",\"@id\":\"https:\/\/www.suno.com.br\/noticias\/#\/schema\/logo\/image\/\",\"url\":\"https:\/\/files.sunoresearch.com.br\/n\/uploads\/2021\/09\/suno-logo.png\",\"contentUrl\":\"https:\/\/files.sunoresearch.com.br\/n\/uploads\/2021\/09\/suno-logo.png\",\"width\":180,\"height\":180,\"caption\":\"Suno Not\u00edcias\"},\"image\":{\"@id\":\"https:\/\/www.suno.com.br\/noticias\/#\/schema\/logo\/image\/\"},\"sameAs\":[\"https:\/\/facebook.com\/sunoresearch\",\"https:\/\/x.com\/sunoresearch\",\"https:\/\/www.instagram.com\/suno\",\"https:\/\/www.linkedin.com\/company\/suno-research\/\",\"https:\/\/www.youtube.com\/c\/sunoresearch\"]},{\"@type\":\"Person\",\"@id\":\"https:\/\/www.suno.com.br\/noticias\/#\/schema\/person\/a5b06fa4e879d8e8e119c6ed3cd630d1\",\"name\":\"Amanda Gushiken\",\"image\":{\"@type\":\"ImageObject\",\"inLanguage\":\"pt-BR\",\"@id\":\"https:\/\/www.suno.com.br\/noticias\/#\/schema\/person\/image\/\",\"url\":\"https:\/\/secure.gravatar.com\/avatar\/ecd84705e6b65e3685ae80d725501fbe?s=96&r=g\",\"contentUrl\":\"https:\/\/secure.gravatar.com\/avatar\/ecd84705e6b65e3685ae80d725501fbe?s=96&r=g\",\"caption\":\"Amanda Gushiken\"},\"description\":\"Amanda Sayuri Gushiken escreve sobre finan\u00e7as e neg\u00f3cios para o portal Suno Not\u00edcias. Antes, trabalhou selecionando not\u00edcias da imprensa para clientes do mercado financeiro. Tamb\u00e9m desenvolveu pesquisa acad\u00eamica pela Universidade Anhembi Morumbi na \u00e1rea de Teorias da Comunica\u00e7\u00e3o e \u00e9 fot\u00f3grafa nas horas vagas.\",\"url\":\"https:\/\/www.suno.com.br\/noticias\/author\/amanda\/\"}]}<\/script>\n<!-- \/ Yoast SEO plugin. -->","yoast_head_json":{"title":"Boletim Focus sobe expectativas de super\u00e1vit e investimento estrangeiro","description":"O Boletim Focus aumentou a proje\u00e7\u00e3o do super\u00e1vit da balan\u00e7a comercial, de US$ 50,5 bilh\u00f5es a US$ 51 bilh\u00f5es. Clique para saber mais.","robots":{"index":"index","follow":"follow","max-snippet":"max-snippet:-1","max-image-preview":"max-image-preview:large","max-video-preview":"max-video-preview:-1"},"canonical":"https:\/\/www.suno.com.br\/noticias\/boletim-focus-02252019\/","og_locale":"pt_BR","og_type":"article","og_title":"Boletim Focus sobe expectativas de super\u00e1vit e investimento estrangeiro","og_description":"O Boletim Focus aumentou a proje\u00e7\u00e3o do super\u00e1vit da balan\u00e7a comercial, de US$ 50,5 bilh\u00f5es a US$ 51 bilh\u00f5es. Clique para saber mais.","og_url":"https:\/\/www.suno.com.br\/noticias\/boletim-focus-02252019\/","og_site_name":"Suno Not\u00edcias","article_publisher":"https:\/\/facebook.com\/sunoresearch","og_image":[{"width":960,"height":625,"url":"https:\/\/files.sunoresearch.com.br\/n\/uploads\/2018\/12\/3fd12e7b-balan\u00e7a-comercial.jpg","type":"image\/jpeg"}],"author":"Amanda Gushiken","twitter_card":"summary_large_image","twitter_creator":"@sunoresearch","twitter_site":"@sunoresearch","twitter_misc":{"Escrito por":"Amanda Gushiken","Est. tempo de leitura":"3 minutos"},"schema":{"@context":"https:\/\/schema.org","@graph":[{"@type":"NewsArticle","@id":"https:\/\/www.suno.com.br\/noticias\/boletim-focus-02252019\/#article","isPartOf":{"@id":"https:\/\/www.suno.com.br\/noticias\/boletim-focus-02252019\/"},"author":{"name":"Amanda Gushiken","@id":"https:\/\/www.suno.com.br\/noticias\/#\/schema\/person\/a5b06fa4e879d8e8e119c6ed3cd630d1"},"headline":"Boletim Focus sobe expectativas de super\u00e1vit e investimento estrangeiro","datePublished":"2019-02-25T13:33:10+00:00","dateModified":"2019-02-25T13:35:28+00:00","mainEntityOfPage":{"@id":"https:\/\/www.suno.com.br\/noticias\/boletim-focus-02252019\/"},"wordCount":555,"publisher":{"@id":"https:\/\/www.suno.com.br\/noticias\/#organization"},"image":{"@id":"https:\/\/www.suno.com.br\/noticias\/boletim-focus-02252019\/#primaryimage"},"thumbnailUrl":"https:\/\/files.sunoresearch.com.br\/n\/uploads\/2018\/12\/3fd12e7b-balan\u00e7a-comercial-jpg.webp","keywords":["Boletim Focus","IPCA","Jair Bolsonaro","Paulo Guedes","Produto Interno Bruto (PIB)","Reforma da Previd\u00eancia","Rodrigo Maia","Taxa Selic"],"articleSection":["Mercado"],"inLanguage":"pt-BR"},{"@type":"WebPage","@id":"https:\/\/www.suno.com.br\/noticias\/boletim-focus-02252019\/","url":"https:\/\/www.suno.com.br\/noticias\/boletim-focus-02252019\/","name":"Boletim Focus sobe expectativas de super\u00e1vit e investimento estrangeiro","isPartOf":{"@id":"https:\/\/www.suno.com.br\/noticias\/#website"},"primaryImageOfPage":{"@id":"https:\/\/www.suno.com.br\/noticias\/boletim-focus-02252019\/#primaryimage"},"image":{"@id":"https:\/\/www.suno.com.br\/noticias\/boletim-focus-02252019\/#primaryimage"},"thumbnailUrl":"https:\/\/files.sunoresearch.com.br\/n\/uploads\/2018\/12\/3fd12e7b-balan\u00e7a-comercial-jpg.webp","datePublished":"2019-02-25T13:33:10+00:00","dateModified":"2019-02-25T13:35:28+00:00","description":"O Boletim Focus aumentou a proje\u00e7\u00e3o do super\u00e1vit da balan\u00e7a comercial, de US$ 50,5 bilh\u00f5es a US$ 51 bilh\u00f5es. Clique para saber mais.","breadcrumb":{"@id":"https:\/\/www.suno.com.br\/noticias\/boletim-focus-02252019\/#breadcrumb"},"inLanguage":"pt-BR","potentialAction":[{"@type":"ReadAction","target":["https:\/\/www.suno.com.br\/noticias\/boletim-focus-02252019\/"]}]},{"@type":"ImageObject","inLanguage":"pt-BR","@id":"https:\/\/www.suno.com.br\/noticias\/boletim-focus-02252019\/#primaryimage","url":"https:\/\/files.sunoresearch.com.br\/n\/uploads\/2018\/12\/3fd12e7b-balan\u00e7a-comercial-jpg.webp","contentUrl":"https:\/\/files.sunoresearch.com.br\/n\/uploads\/2018\/12\/3fd12e7b-balan\u00e7a-comercial-jpg.webp","width":960,"height":625,"caption":"Segundo boletim Focus desta segunda-feira (25), o super\u00e1vit ser\u00e1 de US$ 51 bilh\u00f5es em 2019. (divulga\u00e7\u00e3o)"},{"@type":"BreadcrumbList","@id":"https:\/\/www.suno.com.br\/noticias\/boletim-focus-02252019\/#breadcrumb","itemListElement":[{"@type":"ListItem","position":1,"name":"Not\u00edcias","item":"https:\/\/www.suno.com.br\/noticias\/"},{"@type":"ListItem","position":2,"name":"Mercado","item":"https:\/\/www.suno.com.br\/noticias\/mercado\/"},{"@type":"ListItem","position":3,"name":"Boletim Focus sobe expectativas de super\u00e1vit e investimento estrangeiro"}]},{"@type":"WebSite","@id":"https:\/\/www.suno.com.br\/noticias\/#website","url":"https:\/\/www.suno.com.br\/noticias\/","name":"Suno Not\u00edcias","description":"Seu portal de informa\u00e7\u00e3o sobre o mundo dos investimentos","publisher":{"@id":"https:\/\/www.suno.com.br\/noticias\/#organization"},"potentialAction":[{"@type":"SearchAction","target":{"@type":"EntryPoint","urlTemplate":"https:\/\/www.suno.com.br\/noticias\/?s={search_term_string}"},"query-input":{"@type":"PropertyValueSpecification","valueRequired":true,"valueName":"search_term_string"}}],"inLanguage":"pt-BR"},{"@type":"Organization","@id":"https:\/\/www.suno.com.br\/noticias\/#organization","name":"Suno Not\u00edcias","url":"https:\/\/www.suno.com.br\/noticias\/","logo":{"@type":"ImageObject","inLanguage":"pt-BR","@id":"https:\/\/www.suno.com.br\/noticias\/#\/schema\/logo\/image\/","url":"https:\/\/files.sunoresearch.com.br\/n\/uploads\/2021\/09\/suno-logo.png","contentUrl":"https:\/\/files.sunoresearch.com.br\/n\/uploads\/2021\/09\/suno-logo.png","width":180,"height":180,"caption":"Suno Not\u00edcias"},"image":{"@id":"https:\/\/www.suno.com.br\/noticias\/#\/schema\/logo\/image\/"},"sameAs":["https:\/\/facebook.com\/sunoresearch","https:\/\/x.com\/sunoresearch","https:\/\/www.instagram.com\/suno","https:\/\/www.linkedin.com\/company\/suno-research\/","https:\/\/www.youtube.com\/c\/sunoresearch"]},{"@type":"Person","@id":"https:\/\/www.suno.com.br\/noticias\/#\/schema\/person\/a5b06fa4e879d8e8e119c6ed3cd630d1","name":"Amanda Gushiken","image":{"@type":"ImageObject","inLanguage":"pt-BR","@id":"https:\/\/www.suno.com.br\/noticias\/#\/schema\/person\/image\/","url":"https:\/\/secure.gravatar.com\/avatar\/ecd84705e6b65e3685ae80d725501fbe?s=96&r=g","contentUrl":"https:\/\/secure.gravatar.com\/avatar\/ecd84705e6b65e3685ae80d725501fbe?s=96&r=g","caption":"Amanda Gushiken"},"description":"Amanda Sayuri Gushiken escreve sobre finan\u00e7as e neg\u00f3cios para o portal Suno Not\u00edcias. Antes, trabalhou selecionando not\u00edcias da imprensa para clientes do mercado financeiro. Tamb\u00e9m desenvolveu pesquisa acad\u00eamica pela Universidade Anhembi Morumbi na \u00e1rea de Teorias da Comunica\u00e7\u00e3o e \u00e9 fot\u00f3grafa nas horas vagas.","url":"https:\/\/www.suno.com.br\/noticias\/author\/amanda\/"}]}},"default_loop_html":"<div class=\"cardsPage__listCard__boxs\"><div class=\"cardsPage__listCard__boxs__img\"><a href=\"https:\/\/www.suno.com.br\/noticias\/boletim-focus-02252019\/\"><img class=\"mask\" src=\"https:\/\/www.suno.com.br\/noticias\/wp-content\/themes\/suno\/resources\/images\/spotlight\/spotlight1img\/bg-mask.png\" alt=\"Image Mask\"\/><img src=\"https:\/\/files.sunoresearch.com.br\/n\/uploads\/2018\/12\/3fd12e7b-balan\u00e7a-comercial-400x200.webp\" alt=\"Boletim Focus sobe expectativas de super\u00e1vit e investimento estrangeiro\"\/><\/a><span class=\"spotlightCategory\"><a href=\"https:\/\/www.suno.com.br\/noticias\/mercado\/\">Mercado<\/a><\/span><\/div><div class=\"cardsPage__listCard__boxs__content\"><a href=\"https:\/\/www.suno.com.br\/noticias\/boletim-focus-02252019\/\"><h2 class=\"content__title\">Boletim Focus sobe expectativas de super\u00e1vit e investimento estrangeiro<\/h2><\/a><div class=\"newsContent__article__meta\"><div class=\"newsContent__article__meta__authorBox\"><a href=\"https:\/\/www.suno.com.br\/noticias\/author\/amanda\/\" class=\"authorBox__avatar noMobi\"><img src=\"https:\/\/files.sunoresearch.com.br\/n\/uploads\/2018\/11\/c6ad30be-amanda-150x150.webp\" alt=\"Amanda Gushiken\"><\/a><div class=\"authorBox__name\"><span>por\n\t\t\t<a href=\"https:\/\/www.suno.com.br\/noticias\/author\/amanda\/\"><span itemprop=\"author\">Amanda Gushiken<\/span><\/a><\/span><time datetime=\"2019-02-25T10:33:10-03:00\" itemprop=\"datePublished\">25\/02\/2019 10:33<\/time><\/div><\/div><\/div><\/div><\/div>","single_layout":"posts","amp_enabled":true,"_links":{"self":[{"href":"https:\/\/www.suno.com.br\/noticias\/wp-json\/wp\/v2\/posts\/16456"}],"collection":[{"href":"https:\/\/www.suno.com.br\/noticias\/wp-json\/wp\/v2\/posts"}],"about":[{"href":"https:\/\/www.suno.com.br\/noticias\/wp-json\/wp\/v2\/types\/post"}],"author":[{"embeddable":true,"href":"https:\/\/www.suno.com.br\/noticias\/wp-json\/wp\/v2\/users\/12"}],"replies":[{"embeddable":true,"href":"https:\/\/www.suno.com.br\/noticias\/wp-json\/wp\/v2\/comments?post=16456"}],"version-history":[{"count":0,"href":"https:\/\/www.suno.com.br\/noticias\/wp-json\/wp\/v2\/posts\/16456\/revisions"}],"wp:featuredmedia":[{"embeddable":true,"href":"https:\/\/www.suno.com.br\/noticias\/wp-json\/wp\/v2\/media\/7791"}],"wp:attachment":[{"href":"https:\/\/www.suno.com.br\/noticias\/wp-json\/wp\/v2\/media?parent=16456"}],"wp:term":[{"taxonomy":"category","embeddable":true,"href":"https:\/\/www.suno.com.br\/noticias\/wp-json\/wp\/v2\/categories?post=16456"},{"taxonomy":"post_tag","embeddable":true,"href":"https:\/\/www.suno.com.br\/noticias\/wp-json\/wp\/v2\/tags?post=16456"},{"taxonomy":"suno_strategy","embeddable":true,"href":"https:\/\/www.suno.com.br\/noticias\/wp-json\/wp\/v2\/suno_strategy?post=16456"}],"curies":[{"name":"wp","href":"https:\/\/api.w.org\/{rel}","templated":true}]}}