{"id":164378,"date":"2021-07-07T16:34:46","date_gmt":"2021-07-07T19:34:46","guid":{"rendered":"https:\/\/www.suno.com.br\/noticias\/?p=164378"},"modified":"2021-07-13T17:11:38","modified_gmt":"2021-07-13T20:11:38","slug":"bbm-logistica-bbml3-fixa-preco-acao-ipo-quarta","status":"publish","type":"post","link":"https:\/\/www.suno.com.br\/noticias\/bbm-logistica-bbml3-fixa-preco-acao-ipo-quarta\/","title":{"rendered":"BBM Log\u00edstica (BBML3) fixa pre\u00e7o por a\u00e7\u00e3o do IPO nesta quarta-feira"},"content":{"rendered":"<p>A <strong>BBM Log\u00edstica<\/strong> (BBML3) fixar\u00e1 nesta quarta-feira (7) o pre\u00e7o por a\u00e7\u00e3o no \u00e2mbito da oferta p\u00fablica inicial (IPO, na sigla em ingl\u00eas), de acordo com o cronograma estimado da opera\u00e7\u00e3o enviado \u00e0 <a class=\"suno-keyword\" href=\"https:\/\/www.suno.com.br\/artigos\/cvm\/\" target=\"_blank\" rel=\"noopener noreferrer\" data-force=\"no\" data-priority=\"2\">Comiss\u00e3o de Valores Mobili\u00e1rios (CVM)<\/a>.<\/p>\t<div class=\"wrapper-featured-image\">\n\t\t<figure class=\"spotlightImg\">\n\n\t\t\t<picture>\n\t\t\t\t<source media=\"(max-width: 768px)\" srcset=\"https:\/\/files.sunoresearch.com.br\/n\/uploads\/2021\/07\/ba8f700b-09-400x200.png\">\n\t\t\t\t<img loading=\"lazy\" decoding=\"async\" class=\"newsContent__article__imgCapa lazyloadDisabled \" src=\"https:\/\/files.sunoresearch.com.br\/n\/uploads\/2021\/07\/ba8f700b-09-800x450.png\" width=\"800\" height=\"450\" alt=\"BBM Log\u00edstica (BBML3) fixa pre\u00e7o por a\u00e7\u00e3o do IPO nesta quarta-feira\" fetchpriority=high \/>\n\t\t\t<\/picture>\n\n\t\t\t<figcaption class=\"wp-caption-text wp-caption-text--show\">Estreia da BBM Log\u00edstica (BBML3) na bolsa se d\u00e1 ap\u00f3s a companhia estimar o pre\u00e7o m\u00e9dio das a\u00e7\u00f5es em R$ 27,50 - Foto: Reprodu\u00e7\u00e3o Site<\/figcaption>\n\t\t<\/figure>\n\t<\/div>\n\n\n\t<p>\n\t\t<a href=\"https:\/\/lp.suno.com.br\/planilha-controle-gastos\/\" target=\"_blank\" data-element=\"shortcode-suno-banner\" title=\"Banner SUNO, clique e saiba mais\">\n\t\t\t<picture>\n\t\t\t\t<source media=\"(max-width: 500px)\" srcset=\"https:\/\/files.sunoresearch.com.br\/n\/uploads\/2023\/03\/400x300-Planilha-controle-de-gastos.png\">\n\t\t\t\t<img class=\"newsContent__article__imgCapa newsContent__article__imgCapa--banner\"\n\t\t\t\t\tsrc=\"https:\/\/files.sunoresearch.com.br\/n\/uploads\/2023\/03\/1420x240-Planilha-controle-de-gastos.png\"\n\t\t\t\t\tdata-promo-id=\"101751\"\t\t\t\t\t\t\t\t\t\twidth='1420' height='240'\t\t\t\t\talt=\"https:\/\/files.sunoresearch.com.br\/n\/uploads\/2023\/03\/1420x240-Planilha-controle-de-gastos.png\"\n\t\t\t\t>\n\t\t\t<\/picture>\n\t\t<\/a>\n\t<\/p>\n\n\n<p>A empresa pretende lan\u00e7ar uma <strong><a class=\"suno-keyword\" href=\"https:\/\/www.suno.com.br\/artigos\/oferta-restrita\/\" target=\"_blank\" rel=\"noopener noreferrer\" data-force=\"no\" data-priority=\"1\">oferta restrita<\/a><\/strong> de distribui\u00e7\u00e3o prim\u00e1ria de 32.000.000 novas a\u00e7\u00f5es a serem emitidas pela BBM Log\u00edstica; e secund\u00e1ria de at\u00e9 1.200.000 pap\u00e9is de titularidade do fundo de private equity <strong>Stratus<\/strong> e do acionista vendedor pessoa f\u00edsica.<\/p>\n<p>A companhia estimou que o pre\u00e7o de subscri\u00e7\u00e3o ou aquisi\u00e7\u00e3o por papel estar\u00e1 situado entre R$ 25,00 e R$ 30,00. Com o n\u00famero de a\u00e7\u00f5es da oferta base no pre\u00e7o m\u00e9dio da <strong>faixa indicativa<\/strong>, de R$27,50, o montante total da opera\u00e7\u00e3o seria de R$ 880 milh\u00f5es. A negocia\u00e7\u00e3o dos lotes suplementar e adicional poderia elevar para R$ 1,19 bilh\u00e3o o valor movimentado.<\/p>\n<p>A BBM Log\u00edstica planeja utilizar a totalidade dos recursos l\u00edquidos provenientes da oferta prim\u00e1ria para:<\/p>\n<ul>\n<li>investimentos para suportar o crescimento org\u00e2nico e para realizar potenciais aquisi\u00e7\u00f5es;<\/li>\n<li>investimentos em tecnologia;<\/li>\n<li>refor\u00e7o no capital de giro.<\/li>\n<\/ul>\n<p>O dinheiro captado em decorr\u00eancia da <a class=\"suno-keyword\" href=\"https:\/\/www.suno.com.br\/artigos\/oferta-secundaria\/\" target=\"_blank\" rel=\"noopener noreferrer\" data-force=\"no\" data-priority=\"1\">oferta secund\u00e1ria<\/a> ser\u00e1 revertido integralmente aos acionistas vendedores.<\/p>\n<p>Pelo cronograma estimado, a <strong>estreia da BBM Log\u00edstica<\/strong> est\u00e1 prevista para a pr\u00f3xima semana, no dia 12 de julho.<\/p>\n<p>O IPO ser\u00e1 coordenado por Bank of America (Coordenador L\u00edder), XP (Agente Estabilizador), Citi, Safra e UBS BB.<\/p>\n\t<p>\n\t\t<a href=\"https:\/\/lp.suno.com.br\/planilha-da-vida-financeira\/\" target=\"_blank\" data-element=\"shortcode-suno-banner\" title=\"Banner SUNO, clique e saiba mais\">\n\t\t\t<picture>\n\t\t\t\t<source media=\"(max-width: 500px)\" srcset=\"https:\/\/files.sunoresearch.com.br\/n\/uploads\/2023\/04\/400x300-Planilha-vida-financeira-true.png\">\n\t\t\t\t<img class=\"newsContent__article__imgCapa newsContent__article__imgCapa--banner\"\n\t\t\t\t\tsrc=\"https:\/\/files.sunoresearch.com.br\/n\/uploads\/2023\/04\/1420x240-Planilha-vida-financeira-true.png\"\n\t\t\t\t\tdata-promo-id=\"106682\"\t\t\t\t\t\t\t\t\t\twidth='1420' height='240'\t\t\t\t\talt=\"https:\/\/files.sunoresearch.com.br\/n\/uploads\/2023\/04\/1420x240-Planilha-vida-financeira-true.png\"\n\t\t\t\t>\n\t\t\t<\/picture>\n\t\t<\/a>\n\t<\/p>\n\n\n<h2>Mais sobre a BBM Log\u00edstica<\/h2>\n<p>A BBM Log\u00edstica \u00e9 uma <strong>operadora log\u00edstica<\/strong> a qual opera sob o conceito End-to-End, desde a mat\u00e9ria-prima at\u00e9 o consumidor final. A companhia oferece fornece solu\u00e7\u00f5es log\u00edsticas de e-commerce, transporte fracionado e carga geral, internacional, al\u00e9m de opera\u00e7\u00f5es dedicadas para os segmentos florestal, qu\u00edmico, gases industriais e outros.<\/p>\n<p>A empresa conta hoje com mais de 5 mil funcion\u00e1rios, 3 mil ve\u00edculos em opera\u00e7\u00e3o e cerca de 11 milh\u00f5es de entregas por ano. A <strong>BBM Log\u00edstica<\/strong> disse ser a \u00fanica empresa totalmente <em>omnichannel<\/em> do mercado brasileiro, provendo solu\u00e7\u00f5es log\u00edsticas para qualquer canal de venda.<\/p>\n\t<p>\n\t\t<a href=\"https:\/\/lp.suno.com.br\/planilha-de-controle-de-investimentos\/\" target=\"_blank\" data-element=\"shortcode-suno-banner\" title=\"Banner SUNO, clique e saiba mais\">\n\t\t\t<picture>\n\t\t\t\t<source media=\"(max-width: 500px)\" srcset=\"https:\/\/files.sunoresearch.com.br\/n\/uploads\/2023\/03\/400x300-Controle-de-Investimentos.png\">\n\t\t\t\t<img class=\"newsContent__article__imgCapa newsContent__article__imgCapa--banner\"\n\t\t\t\t\tsrc=\"https:\/\/files.sunoresearch.com.br\/n\/uploads\/2023\/03\/1420x240-Controle-de-Investimentos.png\"\n\t\t\t\t\tdata-promo-id=\"75934\"\t\t\t\t\t\t\t\t\t\twidth='1420' height='240'\t\t\t\t\talt=\"https:\/\/files.sunoresearch.com.br\/n\/uploads\/2023\/03\/1420x240-Controle-de-Investimentos.png\"\n\t\t\t\t>\n\t\t\t<\/picture>\n\t\t<\/a>\n\t<\/p>\n\n\n","protected":false},"excerpt":{"rendered":"<p>A BBM Log\u00edstica (BBML3) fixar\u00e1 nesta quarta-feira (7) o pre\u00e7o por a\u00e7\u00e3o no \u00e2mbito da oferta p\u00fablica inicial (IPO, na sigla em ingl\u00eas), de acordo com o cronograma estimado da opera\u00e7\u00e3o enviado \u00e0 Comiss\u00e3o de Valores Mobili\u00e1rios (CVM). Estreia da BBM Log\u00edstica (BBML3) na bolsa se d\u00e1 ap\u00f3s a companhia estimar o pre\u00e7o m\u00e9dio das [&hellip;]<\/p>\n","protected":false},"author":35,"featured_media":164408,"comment_status":"closed","ping_status":"closed","sticky":false,"template":"","format":"standard","meta":[],"categories":[64],"tags":[2590,319],"suno_strategy":[],"class_list":["post-164378","post","type-post","status-publish","format-standard","has-post-thumbnail","hentry","category-negocios","tag-bbm-logistica-bbml3","tag-ipo-oferta-inicial-de-acoes"],"yoast_head":"<!-- This site is optimized with the Yoast SEO plugin v24.4 - https:\/\/yoast.com\/wordpress\/plugins\/seo\/ -->\n<title>BBM Log\u00edstica (BBML3) fixa pre\u00e7o por a\u00e7\u00e3o do IPO nesta quarta-feira<\/title>\n<meta name=\"description\" content=\"A BBM Log\u00edstica (BBML3) definir\u00e1 nesta quarta-feira (7) o pre\u00e7o por a\u00e7\u00e3o no \u00e2mbito da oferta p\u00fablica inicial (IPO). Clique aqui para ler mais.\" \/>\n<meta name=\"robots\" content=\"index, follow, max-snippet:-1, max-image-preview:large, max-video-preview:-1\" \/>\n<link rel=\"canonical\" href=\"https:\/\/www.suno.com.br\/noticias\/bbm-logistica-bbml3-fixa-preco-acao-ipo-quarta\/\" \/>\n<meta property=\"og:locale\" content=\"pt_BR\" \/>\n<meta property=\"og:type\" content=\"article\" \/>\n<meta property=\"og:title\" content=\"BBM Log\u00edstica (BBML3) fixa pre\u00e7o por a\u00e7\u00e3o do IPO nesta quarta-feira\" \/>\n<meta property=\"og:description\" content=\"A BBM Log\u00edstica (BBML3) definir\u00e1 nesta quarta-feira (7) o pre\u00e7o por a\u00e7\u00e3o no \u00e2mbito da oferta p\u00fablica inicial (IPO). Clique aqui para ler mais.\" \/>\n<meta property=\"og:url\" content=\"https:\/\/www.suno.com.br\/noticias\/bbm-logistica-bbml3-fixa-preco-acao-ipo-quarta\/\" \/>\n<meta property=\"og:site_name\" content=\"Suno Not\u00edcias\" \/>\n<meta property=\"article:publisher\" content=\"https:\/\/facebook.com\/sunoresearch\" \/>\n<meta property=\"og:image\" content=\"https:\/\/files.sunoresearch.com.br\/n\/uploads\/2021\/07\/ba8f700b-09-1024x576.png\" \/>\n\t<meta property=\"og:image:width\" content=\"1024\" \/>\n\t<meta property=\"og:image:height\" content=\"576\" \/>\n\t<meta property=\"og:image:type\" content=\"image\/png\" \/>\n<meta name=\"author\" content=\"Arthur Guimar\u00e3es\" \/>\n<meta name=\"twitter:card\" content=\"summary_large_image\" \/>\n<meta name=\"twitter:creator\" content=\"@sunoresearch\" \/>\n<meta name=\"twitter:site\" content=\"@sunoresearch\" \/>\n<meta name=\"twitter:label1\" content=\"Escrito por\" \/>\n\t<meta name=\"twitter:data1\" content=\"Arthur Guimar\u00e3es\" \/>\n\t<meta name=\"twitter:label2\" content=\"Est. tempo de leitura\" \/>\n\t<meta name=\"twitter:data2\" content=\"2 minutos\" \/>\n<script type=\"application\/ld+json\" class=\"yoast-schema-graph\">{\"@context\":\"https:\/\/schema.org\",\"@graph\":[{\"@type\":\"NewsArticle\",\"@id\":\"https:\/\/www.suno.com.br\/noticias\/bbm-logistica-bbml3-fixa-preco-acao-ipo-quarta\/#article\",\"isPartOf\":{\"@id\":\"https:\/\/www.suno.com.br\/noticias\/bbm-logistica-bbml3-fixa-preco-acao-ipo-quarta\/\"},\"author\":{\"name\":\"Arthur Guimar\u00e3es\",\"@id\":\"https:\/\/www.suno.com.br\/noticias\/#\/schema\/person\/053a750a709a263919a20f976caae91c\"},\"headline\":\"BBM Log\u00edstica (BBML3) fixa pre\u00e7o por a\u00e7\u00e3o do IPO nesta quarta-feira\",\"datePublished\":\"2021-07-07T19:34:46+00:00\",\"dateModified\":\"2021-07-13T20:11:38+00:00\",\"mainEntityOfPage\":{\"@id\":\"https:\/\/www.suno.com.br\/noticias\/bbm-logistica-bbml3-fixa-preco-acao-ipo-quarta\/\"},\"wordCount\":387,\"publisher\":{\"@id\":\"https:\/\/www.suno.com.br\/noticias\/#organization\"},\"image\":{\"@id\":\"https:\/\/www.suno.com.br\/noticias\/bbm-logistica-bbml3-fixa-preco-acao-ipo-quarta\/#primaryimage\"},\"thumbnailUrl\":\"https:\/\/files.sunoresearch.com.br\/n\/uploads\/2021\/07\/ba8f700b-09.png\",\"keywords\":[\"BBM Log\u00edstica (BBML3)\",\"IPO (Oferta Inicial de A\u00e7\u00f5es)\"],\"articleSection\":[\"Neg\u00f3cios\"],\"inLanguage\":\"pt-BR\"},{\"@type\":\"WebPage\",\"@id\":\"https:\/\/www.suno.com.br\/noticias\/bbm-logistica-bbml3-fixa-preco-acao-ipo-quarta\/\",\"url\":\"https:\/\/www.suno.com.br\/noticias\/bbm-logistica-bbml3-fixa-preco-acao-ipo-quarta\/\",\"name\":\"BBM Log\u00edstica (BBML3) fixa pre\u00e7o por a\u00e7\u00e3o do IPO nesta quarta-feira\",\"isPartOf\":{\"@id\":\"https:\/\/www.suno.com.br\/noticias\/#website\"},\"primaryImageOfPage\":{\"@id\":\"https:\/\/www.suno.com.br\/noticias\/bbm-logistica-bbml3-fixa-preco-acao-ipo-quarta\/#primaryimage\"},\"image\":{\"@id\":\"https:\/\/www.suno.com.br\/noticias\/bbm-logistica-bbml3-fixa-preco-acao-ipo-quarta\/#primaryimage\"},\"thumbnailUrl\":\"https:\/\/files.sunoresearch.com.br\/n\/uploads\/2021\/07\/ba8f700b-09.png\",\"datePublished\":\"2021-07-07T19:34:46+00:00\",\"dateModified\":\"2021-07-13T20:11:38+00:00\",\"description\":\"A BBM Log\u00edstica (BBML3) definir\u00e1 nesta quarta-feira (7) o pre\u00e7o por a\u00e7\u00e3o no \u00e2mbito da oferta p\u00fablica inicial (IPO). Clique aqui para ler mais.\",\"breadcrumb\":{\"@id\":\"https:\/\/www.suno.com.br\/noticias\/bbm-logistica-bbml3-fixa-preco-acao-ipo-quarta\/#breadcrumb\"},\"inLanguage\":\"pt-BR\",\"potentialAction\":[{\"@type\":\"ReadAction\",\"target\":[\"https:\/\/www.suno.com.br\/noticias\/bbm-logistica-bbml3-fixa-preco-acao-ipo-quarta\/\"]}]},{\"@type\":\"ImageObject\",\"inLanguage\":\"pt-BR\",\"@id\":\"https:\/\/www.suno.com.br\/noticias\/bbm-logistica-bbml3-fixa-preco-acao-ipo-quarta\/#primaryimage\",\"url\":\"https:\/\/files.sunoresearch.com.br\/n\/uploads\/2021\/07\/ba8f700b-09.png\",\"contentUrl\":\"https:\/\/files.sunoresearch.com.br\/n\/uploads\/2021\/07\/ba8f700b-09.png\",\"width\":1920,\"height\":1080,\"caption\":\"Estreia da BBM Log\u00edstica (BBML3) na bolsa se d\u00e1 ap\u00f3s a companhia estimar o pre\u00e7o m\u00e9dio das a\u00e7\u00f5es em R$ 27,50 - Foto: Reprodu\u00e7\u00e3o Site\"},{\"@type\":\"BreadcrumbList\",\"@id\":\"https:\/\/www.suno.com.br\/noticias\/bbm-logistica-bbml3-fixa-preco-acao-ipo-quarta\/#breadcrumb\",\"itemListElement\":[{\"@type\":\"ListItem\",\"position\":1,\"name\":\"Not\u00edcias\",\"item\":\"https:\/\/www.suno.com.br\/noticias\/\"},{\"@type\":\"ListItem\",\"position\":2,\"name\":\"Neg\u00f3cios\",\"item\":\"https:\/\/www.suno.com.br\/noticias\/negocios\/\"},{\"@type\":\"ListItem\",\"position\":3,\"name\":\"BBM Log\u00edstica (BBML3) fixa pre\u00e7o por a\u00e7\u00e3o do IPO nesta quarta-feira\"}]},{\"@type\":\"WebSite\",\"@id\":\"https:\/\/www.suno.com.br\/noticias\/#website\",\"url\":\"https:\/\/www.suno.com.br\/noticias\/\",\"name\":\"Suno Not\u00edcias\",\"description\":\"Seu portal de informa\u00e7\u00e3o sobre o mundo dos investimentos\",\"publisher\":{\"@id\":\"https:\/\/www.suno.com.br\/noticias\/#organization\"},\"potentialAction\":[{\"@type\":\"SearchAction\",\"target\":{\"@type\":\"EntryPoint\",\"urlTemplate\":\"https:\/\/www.suno.com.br\/noticias\/?s={search_term_string}\"},\"query-input\":{\"@type\":\"PropertyValueSpecification\",\"valueRequired\":true,\"valueName\":\"search_term_string\"}}],\"inLanguage\":\"pt-BR\"},{\"@type\":\"Organization\",\"@id\":\"https:\/\/www.suno.com.br\/noticias\/#organization\",\"name\":\"Suno Not\u00edcias\",\"url\":\"https:\/\/www.suno.com.br\/noticias\/\",\"logo\":{\"@type\":\"ImageObject\",\"inLanguage\":\"pt-BR\",\"@id\":\"https:\/\/www.suno.com.br\/noticias\/#\/schema\/logo\/image\/\",\"url\":\"https:\/\/files.sunoresearch.com.br\/n\/uploads\/2021\/09\/suno-logo.png\",\"contentUrl\":\"https:\/\/files.sunoresearch.com.br\/n\/uploads\/2021\/09\/suno-logo.png\",\"width\":180,\"height\":180,\"caption\":\"Suno Not\u00edcias\"},\"image\":{\"@id\":\"https:\/\/www.suno.com.br\/noticias\/#\/schema\/logo\/image\/\"},\"sameAs\":[\"https:\/\/facebook.com\/sunoresearch\",\"https:\/\/x.com\/sunoresearch\",\"https:\/\/www.instagram.com\/suno\",\"https:\/\/www.linkedin.com\/company\/suno-research\/\",\"https:\/\/www.youtube.com\/c\/sunoresearch\"]},{\"@type\":\"Person\",\"@id\":\"https:\/\/www.suno.com.br\/noticias\/#\/schema\/person\/053a750a709a263919a20f976caae91c\",\"name\":\"Arthur Guimar\u00e3es\",\"image\":{\"@type\":\"ImageObject\",\"inLanguage\":\"pt-BR\",\"@id\":\"https:\/\/www.suno.com.br\/noticias\/#\/schema\/person\/image\/\",\"url\":\"https:\/\/secure.gravatar.com\/avatar\/1affd86a11209ae09eb6dd3bcad3e96c?s=96&r=g\",\"contentUrl\":\"https:\/\/secure.gravatar.com\/avatar\/1affd86a11209ae09eb6dd3bcad3e96c?s=96&r=g\",\"caption\":\"Arthur Guimar\u00e3es\"},\"description\":\"Arthur Guimar\u00e3es escreve sobre pol\u00edtica, economia e neg\u00f3cios para o portal de not\u00edcias da Suno Research. Atualmente, \u00e9 estudante de jornalismo pela Faculdade C\u00e1sper L\u00edbero.\",\"url\":\"https:\/\/www.suno.com.br\/noticias\/author\/arthur-guimaraes\/\"}]}<\/script>\n<!-- \/ Yoast SEO plugin. -->","yoast_head_json":{"title":"BBM Log\u00edstica (BBML3) fixa pre\u00e7o por a\u00e7\u00e3o do IPO nesta quarta-feira","description":"A BBM Log\u00edstica (BBML3) definir\u00e1 nesta quarta-feira (7) o pre\u00e7o por a\u00e7\u00e3o no \u00e2mbito da oferta p\u00fablica inicial (IPO). Clique aqui para ler mais.","robots":{"index":"index","follow":"follow","max-snippet":"max-snippet:-1","max-image-preview":"max-image-preview:large","max-video-preview":"max-video-preview:-1"},"canonical":"https:\/\/www.suno.com.br\/noticias\/bbm-logistica-bbml3-fixa-preco-acao-ipo-quarta\/","og_locale":"pt_BR","og_type":"article","og_title":"BBM Log\u00edstica (BBML3) fixa pre\u00e7o por a\u00e7\u00e3o do IPO nesta quarta-feira","og_description":"A BBM Log\u00edstica (BBML3) definir\u00e1 nesta quarta-feira (7) o pre\u00e7o por a\u00e7\u00e3o no \u00e2mbito da oferta p\u00fablica inicial (IPO). Clique aqui para ler mais.","og_url":"https:\/\/www.suno.com.br\/noticias\/bbm-logistica-bbml3-fixa-preco-acao-ipo-quarta\/","og_site_name":"Suno Not\u00edcias","article_publisher":"https:\/\/facebook.com\/sunoresearch","og_image":[{"width":1024,"height":576,"url":"https:\/\/files.sunoresearch.com.br\/n\/uploads\/2021\/07\/ba8f700b-09-1024x576.png","type":"image\/png"}],"author":"Arthur Guimar\u00e3es","twitter_card":"summary_large_image","twitter_creator":"@sunoresearch","twitter_site":"@sunoresearch","twitter_misc":{"Escrito por":"Arthur Guimar\u00e3es","Est. tempo de leitura":"2 minutos"},"schema":{"@context":"https:\/\/schema.org","@graph":[{"@type":"NewsArticle","@id":"https:\/\/www.suno.com.br\/noticias\/bbm-logistica-bbml3-fixa-preco-acao-ipo-quarta\/#article","isPartOf":{"@id":"https:\/\/www.suno.com.br\/noticias\/bbm-logistica-bbml3-fixa-preco-acao-ipo-quarta\/"},"author":{"name":"Arthur Guimar\u00e3es","@id":"https:\/\/www.suno.com.br\/noticias\/#\/schema\/person\/053a750a709a263919a20f976caae91c"},"headline":"BBM Log\u00edstica (BBML3) fixa pre\u00e7o por a\u00e7\u00e3o do IPO nesta quarta-feira","datePublished":"2021-07-07T19:34:46+00:00","dateModified":"2021-07-13T20:11:38+00:00","mainEntityOfPage":{"@id":"https:\/\/www.suno.com.br\/noticias\/bbm-logistica-bbml3-fixa-preco-acao-ipo-quarta\/"},"wordCount":387,"publisher":{"@id":"https:\/\/www.suno.com.br\/noticias\/#organization"},"image":{"@id":"https:\/\/www.suno.com.br\/noticias\/bbm-logistica-bbml3-fixa-preco-acao-ipo-quarta\/#primaryimage"},"thumbnailUrl":"https:\/\/files.sunoresearch.com.br\/n\/uploads\/2021\/07\/ba8f700b-09.png","keywords":["BBM Log\u00edstica (BBML3)","IPO (Oferta Inicial de A\u00e7\u00f5es)"],"articleSection":["Neg\u00f3cios"],"inLanguage":"pt-BR"},{"@type":"WebPage","@id":"https:\/\/www.suno.com.br\/noticias\/bbm-logistica-bbml3-fixa-preco-acao-ipo-quarta\/","url":"https:\/\/www.suno.com.br\/noticias\/bbm-logistica-bbml3-fixa-preco-acao-ipo-quarta\/","name":"BBM Log\u00edstica (BBML3) fixa pre\u00e7o por a\u00e7\u00e3o do IPO nesta quarta-feira","isPartOf":{"@id":"https:\/\/www.suno.com.br\/noticias\/#website"},"primaryImageOfPage":{"@id":"https:\/\/www.suno.com.br\/noticias\/bbm-logistica-bbml3-fixa-preco-acao-ipo-quarta\/#primaryimage"},"image":{"@id":"https:\/\/www.suno.com.br\/noticias\/bbm-logistica-bbml3-fixa-preco-acao-ipo-quarta\/#primaryimage"},"thumbnailUrl":"https:\/\/files.sunoresearch.com.br\/n\/uploads\/2021\/07\/ba8f700b-09.png","datePublished":"2021-07-07T19:34:46+00:00","dateModified":"2021-07-13T20:11:38+00:00","description":"A BBM Log\u00edstica (BBML3) definir\u00e1 nesta quarta-feira (7) o pre\u00e7o por a\u00e7\u00e3o no \u00e2mbito da oferta p\u00fablica inicial (IPO). Clique aqui para ler mais.","breadcrumb":{"@id":"https:\/\/www.suno.com.br\/noticias\/bbm-logistica-bbml3-fixa-preco-acao-ipo-quarta\/#breadcrumb"},"inLanguage":"pt-BR","potentialAction":[{"@type":"ReadAction","target":["https:\/\/www.suno.com.br\/noticias\/bbm-logistica-bbml3-fixa-preco-acao-ipo-quarta\/"]}]},{"@type":"ImageObject","inLanguage":"pt-BR","@id":"https:\/\/www.suno.com.br\/noticias\/bbm-logistica-bbml3-fixa-preco-acao-ipo-quarta\/#primaryimage","url":"https:\/\/files.sunoresearch.com.br\/n\/uploads\/2021\/07\/ba8f700b-09.png","contentUrl":"https:\/\/files.sunoresearch.com.br\/n\/uploads\/2021\/07\/ba8f700b-09.png","width":1920,"height":1080,"caption":"Estreia da BBM Log\u00edstica (BBML3) na bolsa se d\u00e1 ap\u00f3s a companhia estimar o pre\u00e7o m\u00e9dio das a\u00e7\u00f5es em R$ 27,50 - Foto: Reprodu\u00e7\u00e3o Site"},{"@type":"BreadcrumbList","@id":"https:\/\/www.suno.com.br\/noticias\/bbm-logistica-bbml3-fixa-preco-acao-ipo-quarta\/#breadcrumb","itemListElement":[{"@type":"ListItem","position":1,"name":"Not\u00edcias","item":"https:\/\/www.suno.com.br\/noticias\/"},{"@type":"ListItem","position":2,"name":"Neg\u00f3cios","item":"https:\/\/www.suno.com.br\/noticias\/negocios\/"},{"@type":"ListItem","position":3,"name":"BBM Log\u00edstica (BBML3) fixa pre\u00e7o por a\u00e7\u00e3o do IPO nesta quarta-feira"}]},{"@type":"WebSite","@id":"https:\/\/www.suno.com.br\/noticias\/#website","url":"https:\/\/www.suno.com.br\/noticias\/","name":"Suno Not\u00edcias","description":"Seu portal de informa\u00e7\u00e3o sobre o mundo dos investimentos","publisher":{"@id":"https:\/\/www.suno.com.br\/noticias\/#organization"},"potentialAction":[{"@type":"SearchAction","target":{"@type":"EntryPoint","urlTemplate":"https:\/\/www.suno.com.br\/noticias\/?s={search_term_string}"},"query-input":{"@type":"PropertyValueSpecification","valueRequired":true,"valueName":"search_term_string"}}],"inLanguage":"pt-BR"},{"@type":"Organization","@id":"https:\/\/www.suno.com.br\/noticias\/#organization","name":"Suno Not\u00edcias","url":"https:\/\/www.suno.com.br\/noticias\/","logo":{"@type":"ImageObject","inLanguage":"pt-BR","@id":"https:\/\/www.suno.com.br\/noticias\/#\/schema\/logo\/image\/","url":"https:\/\/files.sunoresearch.com.br\/n\/uploads\/2021\/09\/suno-logo.png","contentUrl":"https:\/\/files.sunoresearch.com.br\/n\/uploads\/2021\/09\/suno-logo.png","width":180,"height":180,"caption":"Suno Not\u00edcias"},"image":{"@id":"https:\/\/www.suno.com.br\/noticias\/#\/schema\/logo\/image\/"},"sameAs":["https:\/\/facebook.com\/sunoresearch","https:\/\/x.com\/sunoresearch","https:\/\/www.instagram.com\/suno","https:\/\/www.linkedin.com\/company\/suno-research\/","https:\/\/www.youtube.com\/c\/sunoresearch"]},{"@type":"Person","@id":"https:\/\/www.suno.com.br\/noticias\/#\/schema\/person\/053a750a709a263919a20f976caae91c","name":"Arthur Guimar\u00e3es","image":{"@type":"ImageObject","inLanguage":"pt-BR","@id":"https:\/\/www.suno.com.br\/noticias\/#\/schema\/person\/image\/","url":"https:\/\/secure.gravatar.com\/avatar\/1affd86a11209ae09eb6dd3bcad3e96c?s=96&r=g","contentUrl":"https:\/\/secure.gravatar.com\/avatar\/1affd86a11209ae09eb6dd3bcad3e96c?s=96&r=g","caption":"Arthur Guimar\u00e3es"},"description":"Arthur Guimar\u00e3es escreve sobre pol\u00edtica, economia e neg\u00f3cios para o portal de not\u00edcias da Suno Research. Atualmente, \u00e9 estudante de jornalismo pela Faculdade C\u00e1sper L\u00edbero.","url":"https:\/\/www.suno.com.br\/noticias\/author\/arthur-guimaraes\/"}]}},"default_loop_html":"<div class=\"cardsPage__listCard__boxs\"><div class=\"cardsPage__listCard__boxs__img\"><a href=\"https:\/\/www.suno.com.br\/noticias\/bbm-logistica-bbml3-fixa-preco-acao-ipo-quarta\/\"><img class=\"mask\" src=\"https:\/\/www.suno.com.br\/noticias\/wp-content\/themes\/suno\/resources\/images\/spotlight\/spotlight1img\/bg-mask.png\" alt=\"Image Mask\"\/><img src=\"https:\/\/files.sunoresearch.com.br\/n\/uploads\/2021\/07\/ba8f700b-09-400x200.png\" alt=\"BBM Log\u00edstica (BBML3) fixa pre\u00e7o por a\u00e7\u00e3o do IPO nesta quarta-feira\"\/><\/a><span class=\"spotlightCategory\"><a href=\"https:\/\/www.suno.com.br\/noticias\/negocios\/\">Neg\u00f3cios<\/a><\/span><\/div><div class=\"cardsPage__listCard__boxs__content\"><a href=\"https:\/\/www.suno.com.br\/noticias\/bbm-logistica-bbml3-fixa-preco-acao-ipo-quarta\/\"><h2 class=\"content__title\">BBM Log\u00edstica (BBML3) fixa pre\u00e7o por a\u00e7\u00e3o do IPO nesta quarta-feira<\/h2><\/a><div class=\"newsContent__article__meta\"><div class=\"newsContent__article__meta__authorBox\"><a href=\"https:\/\/www.suno.com.br\/noticias\/author\/arthur-guimaraes\/\" class=\"authorBox__avatar noMobi\"><img src=\"https:\/\/files.sunoresearch.com.br\/n\/uploads\/2020\/02\/dfb40897-eu-150x150.webp\" alt=\"Arthur Guimar\u00e3es\"><\/a><div class=\"authorBox__name\"><span>por\n\t\t\t<a href=\"https:\/\/www.suno.com.br\/noticias\/author\/arthur-guimaraes\/\"><span itemprop=\"author\">Arthur Guimar\u00e3es<\/span><\/a><\/span><time datetime=\"2021-07-07T16:34:46-03:00\" itemprop=\"datePublished\">07\/07\/2021 16:34<\/time><\/div><\/div><\/div><\/div><\/div>","single_layout":"posts","amp_enabled":true,"_links":{"self":[{"href":"https:\/\/www.suno.com.br\/noticias\/wp-json\/wp\/v2\/posts\/164378"}],"collection":[{"href":"https:\/\/www.suno.com.br\/noticias\/wp-json\/wp\/v2\/posts"}],"about":[{"href":"https:\/\/www.suno.com.br\/noticias\/wp-json\/wp\/v2\/types\/post"}],"author":[{"embeddable":true,"href":"https:\/\/www.suno.com.br\/noticias\/wp-json\/wp\/v2\/users\/35"}],"replies":[{"embeddable":true,"href":"https:\/\/www.suno.com.br\/noticias\/wp-json\/wp\/v2\/comments?post=164378"}],"version-history":[{"count":3,"href":"https:\/\/www.suno.com.br\/noticias\/wp-json\/wp\/v2\/posts\/164378\/revisions"}],"predecessor-version":[{"id":164423,"href":"https:\/\/www.suno.com.br\/noticias\/wp-json\/wp\/v2\/posts\/164378\/revisions\/164423"}],"wp:featuredmedia":[{"embeddable":true,"href":"https:\/\/www.suno.com.br\/noticias\/wp-json\/wp\/v2\/media\/164408"}],"wp:attachment":[{"href":"https:\/\/www.suno.com.br\/noticias\/wp-json\/wp\/v2\/media?parent=164378"}],"wp:term":[{"taxonomy":"category","embeddable":true,"href":"https:\/\/www.suno.com.br\/noticias\/wp-json\/wp\/v2\/categories?post=164378"},{"taxonomy":"post_tag","embeddable":true,"href":"https:\/\/www.suno.com.br\/noticias\/wp-json\/wp\/v2\/tags?post=164378"},{"taxonomy":"suno_strategy","embeddable":true,"href":"https:\/\/www.suno.com.br\/noticias\/wp-json\/wp\/v2\/suno_strategy?post=164378"}],"curies":[{"name":"wp","href":"https:\/\/api.w.org\/{rel}","templated":true}]}}