{"id":16435,"date":"2019-02-24T15:02:43","date_gmt":"2019-02-24T18:02:43","guid":{"rendered":"https:\/\/www.suno.com.br\/noticias\/?p=16435"},"modified":"2021-06-13T23:48:21","modified_gmt":"2021-06-14T02:48:21","slug":"a-seguir-proposta-de-reforma-da-previdencia-resultados-trimestrais-e-fim-do-prazo-para-resolucao-da-guerra-comercial","status":"publish","type":"post","link":"https:\/\/www.suno.com.br\/noticias\/a-seguir-proposta-de-reforma-da-previdencia-resultados-trimestrais-e-fim-do-prazo-para-resolucao-da-guerra-comercial\/","title":{"rendered":"A Seguir: Proposta De Reforma Da Previd\u00eancia, Resultados Trimestrais E Fim Do Prazo Para Resolu\u00e7\u00e3o Da Guerra Comercial"},"content":{"rendered":"<h2>O que deve movimentar a semana no Brasil<\/h2>\n<p><strong>Reforma da previd\u00eancia vai para aprova\u00e7\u00e3o<\/strong><\/p>\t<div class=\"wrapper-featured-image\">\n\t\t<figure class=\"spotlightImg\">\n\n\t\t\t<picture>\n\t\t\t\t<source media=\"(max-width: 768px)\" srcset=\"https:\/\/files.sunoresearch.com.br\/n\/uploads\/2018\/10\/b45b4d69-china-1-400x200.webp\">\n\t\t\t\t<img loading=\"lazy\" decoding=\"async\" class=\"newsContent__article__imgCapa lazyloadDisabled newsContent__article__imgCapa--noCaption\" src=\"https:\/\/files.sunoresearch.com.br\/n\/uploads\/2018\/10\/b45b4d69-china-1-800x450.webp\" width=\"800\" height=\"450\" alt=\"A Seguir: Proposta De Reforma Da Previd\u00eancia, Resultados Trimestrais E Fim Do Prazo Para Resolu\u00e7\u00e3o Da Guerra Comercial\" fetchpriority=high \/>\n\t\t\t<\/picture>\n\n\t\t\t<figcaption class=\"wp-caption-text wp-caption-text--hide\">China<\/figcaption>\n\t\t<\/figure>\n\t<\/div>\n\n<h2>O que deve movimentar a semana no Brasil<\/h2>\n\n<p>No Brasil a reforma da previd\u00eancia deve continuar sendo um dos principais destaques.<\/p>\n<p><a href=\"https:\/\/www.suno.com.br\/noticias\/confira-os-principais-pontos-da-pec-da-reforma-da-previdencia\/\">Veja mais: Confira os principais pontos da reforma da previd\u00eancia<\/a><\/p>\n<p>Com a entrega da proposta feita na \u00faltima semana, agora os trabalhos para aprova\u00e7\u00e3o na c\u00e2mara e no senado come\u00e7am oficialmente.<\/p>\n<p>A expectativa \u00e9 de que o governo tenha apoio das principais lideran\u00e7as em ambas as casas para conseguir aprovar a reforma, por\u00e9m, isso n\u00e3o significa que o processo ser\u00e1 f\u00e1cil ou r\u00e1pido.<\/p>\n<p>\u00c9 esperado que a proposta atual ainda sofra mudan\u00e7as, sendo que os pontos de maior tens\u00e3o devem ser justamente aqueles que impactam o alto funcionalismo p\u00fablico, apontado por v\u00e1rios especialistas como o principal ponto de problema da previd\u00eancia p\u00fablica no Brasil.<\/p>\n<hr \/>\n<p><strong>Dados sobre cria\u00e7\u00e3o de vagas de trabalho e desemprego<\/strong><\/p>\n<p>Amanh\u00e3 (segunda) devemos ter nessa a libera\u00e7\u00e3o de dados sobre cria\u00e7\u00e3o de vagas de emprego (CAGED).<\/p>\n<p>A expectativa atual \u00e9 de um crescimento no n\u00famero de vagas pr\u00f3ximo de 80.000 postos de trabalho.<\/p>\n<p><a href=\"https:\/\/www.suno.com.br\/noticias\/ibge-desemprego-cai-2\">Veja mais: IBGE &#8211; Desemprego cai em 2018<\/a><\/p>\n<p>Enquanto isso, na quarta-feira os dados s\u00e3o sobre a taxa de desemprego, onde a expectativa \u00e9 de um leve aumento indo dos atuais 11,6% para 11,9%.<\/p>\n<p>Importante ressaltar que os indicadores s\u00e3o complementares e ajudam a dar uma vis\u00e3o geral sobre o aquecimento da economia e uso da capacidade produtiva do pa\u00eds.<\/p>\n<hr \/>\n<p><strong>Temporada de resultados<\/strong><\/p>\n<p>Saindo um pouco do cen\u00e1rio pol\u00edtico e econ\u00f4mico e voltando para a Bolsa de Valores, tamb\u00e9m teremos nessa semana a libera\u00e7\u00e3o dos resultados do 4T2018 de diversas empresas listadas.<\/p>\n<p><a href=\"https:\/\/www.suno.com.br\/noticias\/balancos-financeiros-\">Veja mais: Confira os destaques da \u00faltima semana na temporada de resultados<\/a><\/p>\n<p>Dentre as companhias que devem liberar resultados essa semana, destacamos a AES TIETE, \u00a0a Guararapes (Dona da Riachuelo), Raia Drogasil, Odontoprev, Smiles, Coelce e a Petrobras.<\/p>\n<p><a href=\"https:\/\/www.suno.com.br\/nossas-assinaturas\/\">Como sempre, os principais destaques ser\u00e3o comentados para os nossos assinantes por meio dos relat\u00f3rios semanais e do Suno Call di\u00e1rio.<\/a><\/p>\n<p><a href=\"https:\/\/www.suno.com.br\/radar\/\">Enquanto que alguns outros ser\u00e3o selecionados para libera\u00e7\u00e3o gratuita por meio do Radar do Mercado enviado diariamente.<\/a><\/p>\n<hr \/>\n<h2>O que deve movimentar o mundo essa semana<\/h2>\n<p><strong>Fim do Prazo para resolu\u00e7\u00e3o da Guerra Comercial entre CHINA e EUA<\/strong><\/p>\n<p>Em nossa vis\u00e3o global, um dos maiores destaques \u00e9 a aproxima\u00e7\u00e3o do prazo para o fim das negocia\u00e7\u00f5es a respeito da guerra comercial entre CHINA e EUA.<\/p>\n<p>O Presidente Donald Trump havia definido que caso at\u00e9 o dia 1\u00ba de mar\u00e7o um acordo n\u00e3o fosse encontrado, os EUA iriam impor novas tarifas \u00e0 produtos Chineses, podendo afetar at\u00e9 250 bilh\u00f5es de d\u00f3lares em importa\u00e7\u00f5es.<\/p>\n<p>Apesar do avan\u00e7o nas negocia\u00e7\u00f5es \u00e9 altamente improv\u00e1vel que um acordo definitivo seja realizado antes do fim do prazo.<\/p>\n<p>Por\u00e9m, vale lembrar que Trump j\u00e1 expressou que em vista dos avan\u00e7os recentes estaria disposto a estender o prazo das negocia\u00e7\u00f5es e postergar a aplica\u00e7\u00e3o das novas tarifas.<\/p>\n<p><a href=\"https:\/\/www.suno.com.br\/noticias\/adiar-prazo-acordo-comercial-trump\/\">Veja mais: Negocia\u00e7\u00e3o complicada pode adiar prazo do acordo comercial<\/a><\/p>\n<hr \/>\n<p><strong>Jerome Powell (FED) fala nos EUA<\/strong><\/p>\n<p>Outro acontecimento relevante nessa semana \u00e9 o testemunho do presidente do FED, Jerome Powell, perante o Senado e a C\u00e2mara dos EUA.<\/p>\n<p>O testemunho que acontece duas vezes ao ano \u00e9 uma comunica\u00e7\u00e3o formal feita pelo presidente do FED sobre as decis\u00f5es tomadas a respeito da pol\u00edtica monet\u00e1ria dos EUA, bem como uma oportunidade de dar mais visibilidade sobre os rumos futuros.<\/p>\n<p>A expectativa \u00e9 que durante a fala Powell novamente confirme a suspens\u00e3o da pol\u00edtica de alta dos juros recente.<\/p>\n<p><p style=\"text-align: left;\"><a href=\"https:\/\/www.suno.com.br\/noticias\/federal-reserve-risco-beneficio-ata\/\">Veja mais:\u00a0Federal Reserve avalia baixo risco e benef\u00edcios em tr\u00e9gua de juros, diz ata\u00a0<\/a><\/p>\n<hr \/>\n<hr \/>\n<p><strong>Dados sobre o PIB Americano<\/strong><\/p>\n<p>Ainda nos EUA, os destaques finais ficam para dados sobre o PIB no 4\u00ba\u00a0Trimestre de 2018.<\/p>\n<p>Nessa quarta-feira teremos a leitura preliminar do indicador que deveria ter sido realizada em 30\/01, mas foi atrasada devido ao shutdown do governo americano no come\u00e7o do ano.<\/p>\n<p>A expectativa \u00e9 de um crescimento de 2,4% na compara\u00e7\u00e3o anual, uma redu\u00e7\u00e3o perante aos 3,4% na medi\u00e7\u00e3o anterior.<\/p>\n","protected":false},"excerpt":{"rendered":"<p>O que deve movimentar a semana no Brasil Reforma da previd\u00eancia vai para aprova\u00e7\u00e3o China O que deve movimentar a semana no Brasil No Brasil a reforma da previd\u00eancia deve continuar sendo um dos principais destaques. Veja mais: Confira os principais pontos da reforma da previd\u00eancia Com a entrega da proposta feita na \u00faltima semana, [&hellip;]<\/p>\n","protected":false},"author":2,"featured_media":5549,"comment_status":"closed","ping_status":"closed","sticky":false,"template":"","format":"standard","meta":[],"categories":[60],"tags":[309,711,724,740,793,940],"suno_strategy":[],"class_list":["post-16435","post","type-post","status-publish","format-standard","has-post-thumbnail","hentry","category-mercado","tag-bolsa-de-valores","tag-china","tag-donald-trump","tag-economia","tag-estados-unidos-eua","tag-reforma-da-previdencia"],"yoast_head":"<!-- This site is optimized with the Yoast SEO plugin v24.4 - https:\/\/yoast.com\/wordpress\/plugins\/seo\/ -->\n<title>A Seguir: Proposta De Reforma Da Previd\u00eancia, Resultados Trimestrais E Fim Do Prazo Para Resolu\u00e7\u00e3o Da Guerra Comercial<\/title>\n<meta name=\"robots\" content=\"index, follow, max-snippet:-1, max-image-preview:large, max-video-preview:-1\" \/>\n<link rel=\"canonical\" href=\"https:\/\/www.suno.com.br\/noticias\/a-seguir-proposta-de-reforma-da-previdencia-resultados-trimestrais-e-fim-do-prazo-para-resolucao-da-guerra-comercial\/\" \/>\n<meta property=\"og:locale\" content=\"pt_BR\" \/>\n<meta property=\"og:type\" content=\"article\" \/>\n<meta property=\"og:title\" content=\"A Seguir: Proposta De Reforma Da Previd\u00eancia, Resultados Trimestrais E Fim Do Prazo Para Resolu\u00e7\u00e3o Da Guerra Comercial\" \/>\n<meta property=\"og:description\" content=\"O que deve movimentar a semana no Brasil Reforma da previd\u00eancia vai para aprova\u00e7\u00e3o China O que deve movimentar a semana no Brasil No Brasil a reforma da previd\u00eancia deve continuar sendo um dos principais destaques. Veja mais: Confira os principais pontos da reforma da previd\u00eancia Com a entrega da proposta feita na \u00faltima semana, [&hellip;]\" \/>\n<meta property=\"og:url\" content=\"https:\/\/www.suno.com.br\/noticias\/a-seguir-proposta-de-reforma-da-previdencia-resultados-trimestrais-e-fim-do-prazo-para-resolucao-da-guerra-comercial\/\" \/>\n<meta property=\"og:site_name\" content=\"Suno Not\u00edcias\" \/>\n<meta property=\"article:publisher\" content=\"https:\/\/facebook.com\/sunoresearch\" \/>\n<meta property=\"article:author\" content=\"https:\/\/www.facebook.com\/joaovitor2763\" \/>\n<meta property=\"og:image\" content=\"https:\/\/files.sunoresearch.com.br\/n\/uploads\/2018\/10\/b45b4d69-china-1.jpg\" \/>\n\t<meta property=\"og:image:width\" content=\"1920\" \/>\n\t<meta property=\"og:image:height\" content=\"1276\" \/>\n\t<meta property=\"og:image:type\" content=\"image\/jpeg\" \/>\n<meta name=\"author\" content=\"Jo\u00e3o Vitor Chaves Silva\" \/>\n<meta name=\"twitter:card\" content=\"summary_large_image\" \/>\n<meta name=\"twitter:creator\" content=\"@https:\/\/twitter.com\/joaovitor2763\" \/>\n<meta name=\"twitter:site\" content=\"@sunoresearch\" \/>\n<meta name=\"twitter:label1\" content=\"Escrito por\" \/>\n\t<meta name=\"twitter:data1\" content=\"Jo\u00e3o Vitor Chaves Silva\" \/>\n\t<meta name=\"twitter:label2\" content=\"Est. tempo de leitura\" \/>\n\t<meta name=\"twitter:data2\" content=\"3 minutos\" \/>\n<script type=\"application\/ld+json\" class=\"yoast-schema-graph\">{\"@context\":\"https:\/\/schema.org\",\"@graph\":[{\"@type\":\"NewsArticle\",\"@id\":\"https:\/\/www.suno.com.br\/noticias\/a-seguir-proposta-de-reforma-da-previdencia-resultados-trimestrais-e-fim-do-prazo-para-resolucao-da-guerra-comercial\/#article\",\"isPartOf\":{\"@id\":\"https:\/\/www.suno.com.br\/noticias\/a-seguir-proposta-de-reforma-da-previdencia-resultados-trimestrais-e-fim-do-prazo-para-resolucao-da-guerra-comercial\/\"},\"author\":{\"name\":\"Jo\u00e3o Vitor Chaves Silva\",\"@id\":\"https:\/\/www.suno.com.br\/noticias\/#\/schema\/person\/962c5e214a16b408badbd2e3e889decc\"},\"headline\":\"A Seguir: Proposta De Reforma Da Previd\u00eancia, Resultados Trimestrais E Fim Do Prazo Para Resolu\u00e7\u00e3o Da Guerra Comercial\",\"datePublished\":\"2019-02-24T18:02:43+00:00\",\"dateModified\":\"2021-06-14T02:48:21+00:00\",\"mainEntityOfPage\":{\"@id\":\"https:\/\/www.suno.com.br\/noticias\/a-seguir-proposta-de-reforma-da-previdencia-resultados-trimestrais-e-fim-do-prazo-para-resolucao-da-guerra-comercial\/\"},\"wordCount\":718,\"publisher\":{\"@id\":\"https:\/\/www.suno.com.br\/noticias\/#organization\"},\"image\":{\"@id\":\"https:\/\/www.suno.com.br\/noticias\/a-seguir-proposta-de-reforma-da-previdencia-resultados-trimestrais-e-fim-do-prazo-para-resolucao-da-guerra-comercial\/#primaryimage\"},\"thumbnailUrl\":\"https:\/\/files.sunoresearch.com.br\/n\/uploads\/2018\/10\/b45b4d69-china-1-jpg.webp\",\"keywords\":[\"Bolsa de Valores\",\"China\",\"Donald Trump\",\"Economia\",\"Estados Unidos (EUA)\",\"Reforma da Previd\u00eancia\"],\"articleSection\":[\"Mercado\"],\"inLanguage\":\"pt-BR\"},{\"@type\":\"WebPage\",\"@id\":\"https:\/\/www.suno.com.br\/noticias\/a-seguir-proposta-de-reforma-da-previdencia-resultados-trimestrais-e-fim-do-prazo-para-resolucao-da-guerra-comercial\/\",\"url\":\"https:\/\/www.suno.com.br\/noticias\/a-seguir-proposta-de-reforma-da-previdencia-resultados-trimestrais-e-fim-do-prazo-para-resolucao-da-guerra-comercial\/\",\"name\":\"A Seguir: Proposta De Reforma Da Previd\u00eancia, Resultados Trimestrais E Fim Do Prazo Para Resolu\u00e7\u00e3o Da Guerra Comercial\",\"isPartOf\":{\"@id\":\"https:\/\/www.suno.com.br\/noticias\/#website\"},\"primaryImageOfPage\":{\"@id\":\"https:\/\/www.suno.com.br\/noticias\/a-seguir-proposta-de-reforma-da-previdencia-resultados-trimestrais-e-fim-do-prazo-para-resolucao-da-guerra-comercial\/#primaryimage\"},\"image\":{\"@id\":\"https:\/\/www.suno.com.br\/noticias\/a-seguir-proposta-de-reforma-da-previdencia-resultados-trimestrais-e-fim-do-prazo-para-resolucao-da-guerra-comercial\/#primaryimage\"},\"thumbnailUrl\":\"https:\/\/files.sunoresearch.com.br\/n\/uploads\/2018\/10\/b45b4d69-china-1-jpg.webp\",\"datePublished\":\"2019-02-24T18:02:43+00:00\",\"dateModified\":\"2021-06-14T02:48:21+00:00\",\"breadcrumb\":{\"@id\":\"https:\/\/www.suno.com.br\/noticias\/a-seguir-proposta-de-reforma-da-previdencia-resultados-trimestrais-e-fim-do-prazo-para-resolucao-da-guerra-comercial\/#breadcrumb\"},\"inLanguage\":\"pt-BR\",\"potentialAction\":[{\"@type\":\"ReadAction\",\"target\":[\"https:\/\/www.suno.com.br\/noticias\/a-seguir-proposta-de-reforma-da-previdencia-resultados-trimestrais-e-fim-do-prazo-para-resolucao-da-guerra-comercial\/\"]}]},{\"@type\":\"ImageObject\",\"inLanguage\":\"pt-BR\",\"@id\":\"https:\/\/www.suno.com.br\/noticias\/a-seguir-proposta-de-reforma-da-previdencia-resultados-trimestrais-e-fim-do-prazo-para-resolucao-da-guerra-comercial\/#primaryimage\",\"url\":\"https:\/\/files.sunoresearch.com.br\/n\/uploads\/2018\/10\/b45b4d69-china-1-jpg.webp\",\"contentUrl\":\"https:\/\/files.sunoresearch.com.br\/n\/uploads\/2018\/10\/b45b4d69-china-1-jpg.webp\",\"width\":1920,\"height\":1276,\"caption\":\"China\"},{\"@type\":\"BreadcrumbList\",\"@id\":\"https:\/\/www.suno.com.br\/noticias\/a-seguir-proposta-de-reforma-da-previdencia-resultados-trimestrais-e-fim-do-prazo-para-resolucao-da-guerra-comercial\/#breadcrumb\",\"itemListElement\":[{\"@type\":\"ListItem\",\"position\":1,\"name\":\"Not\u00edcias\",\"item\":\"https:\/\/www.suno.com.br\/noticias\/\"},{\"@type\":\"ListItem\",\"position\":2,\"name\":\"Mercado\",\"item\":\"https:\/\/www.suno.com.br\/noticias\/mercado\/\"},{\"@type\":\"ListItem\",\"position\":3,\"name\":\"A Seguir: Proposta De Reforma Da Previd\u00eancia, Resultados Trimestrais E Fim Do Prazo Para Resolu\u00e7\u00e3o Da Guerra Comercial\"}]},{\"@type\":\"WebSite\",\"@id\":\"https:\/\/www.suno.com.br\/noticias\/#website\",\"url\":\"https:\/\/www.suno.com.br\/noticias\/\",\"name\":\"Suno Not\u00edcias\",\"description\":\"Seu portal de informa\u00e7\u00e3o sobre o mundo dos investimentos\",\"publisher\":{\"@id\":\"https:\/\/www.suno.com.br\/noticias\/#organization\"},\"potentialAction\":[{\"@type\":\"SearchAction\",\"target\":{\"@type\":\"EntryPoint\",\"urlTemplate\":\"https:\/\/www.suno.com.br\/noticias\/?s={search_term_string}\"},\"query-input\":{\"@type\":\"PropertyValueSpecification\",\"valueRequired\":true,\"valueName\":\"search_term_string\"}}],\"inLanguage\":\"pt-BR\"},{\"@type\":\"Organization\",\"@id\":\"https:\/\/www.suno.com.br\/noticias\/#organization\",\"name\":\"Suno Not\u00edcias\",\"url\":\"https:\/\/www.suno.com.br\/noticias\/\",\"logo\":{\"@type\":\"ImageObject\",\"inLanguage\":\"pt-BR\",\"@id\":\"https:\/\/www.suno.com.br\/noticias\/#\/schema\/logo\/image\/\",\"url\":\"https:\/\/files.sunoresearch.com.br\/n\/uploads\/2021\/09\/suno-logo.png\",\"contentUrl\":\"https:\/\/files.sunoresearch.com.br\/n\/uploads\/2021\/09\/suno-logo.png\",\"width\":180,\"height\":180,\"caption\":\"Suno Not\u00edcias\"},\"image\":{\"@id\":\"https:\/\/www.suno.com.br\/noticias\/#\/schema\/logo\/image\/\"},\"sameAs\":[\"https:\/\/facebook.com\/sunoresearch\",\"https:\/\/x.com\/sunoresearch\",\"https:\/\/www.instagram.com\/suno\",\"https:\/\/www.linkedin.com\/company\/suno-research\/\",\"https:\/\/www.youtube.com\/c\/sunoresearch\"]},{\"@type\":\"Person\",\"@id\":\"https:\/\/www.suno.com.br\/noticias\/#\/schema\/person\/962c5e214a16b408badbd2e3e889decc\",\"name\":\"Jo\u00e3o Vitor Chaves Silva\",\"image\":{\"@type\":\"ImageObject\",\"inLanguage\":\"pt-BR\",\"@id\":\"https:\/\/www.suno.com.br\/noticias\/#\/schema\/person\/image\/\",\"url\":\"https:\/\/secure.gravatar.com\/avatar\/e2e62d3d83007a9c98150149e35d1c78?s=96&r=g\",\"contentUrl\":\"https:\/\/secure.gravatar.com\/avatar\/e2e62d3d83007a9c98150149e35d1c78?s=96&r=g\",\"caption\":\"Jo\u00e3o Vitor Chaves Silva\"},\"description\":\"Fundador do Empreenda Junto, 2\u00ba\u00a0Maior comunidade online de empreendedores do Brasil, 1\u00ba\u00a0Brasileiro e Pessoa mais jovem a receber o t\u00edtulo de Teacher Of New Ventures And Leadership pelo MIT GEB, COO da Suno Research.\",\"sameAs\":[\"https:\/\/www.suno.com.br\",\"https:\/\/www.facebook.com\/joaovitor2763\",\"https:\/\/x.com\/https:\/\/twitter.com\/joaovitor2763\"],\"url\":\"https:\/\/www.suno.com.br\/noticias\/author\/joao-vitor\/\"}]}<\/script>\n<!-- \/ Yoast SEO plugin. -->","yoast_head_json":{"title":"A Seguir: Proposta De Reforma Da Previd\u00eancia, Resultados Trimestrais E Fim Do Prazo Para Resolu\u00e7\u00e3o Da Guerra Comercial","robots":{"index":"index","follow":"follow","max-snippet":"max-snippet:-1","max-image-preview":"max-image-preview:large","max-video-preview":"max-video-preview:-1"},"canonical":"https:\/\/www.suno.com.br\/noticias\/a-seguir-proposta-de-reforma-da-previdencia-resultados-trimestrais-e-fim-do-prazo-para-resolucao-da-guerra-comercial\/","og_locale":"pt_BR","og_type":"article","og_title":"A Seguir: Proposta De Reforma Da Previd\u00eancia, Resultados Trimestrais E Fim Do Prazo Para Resolu\u00e7\u00e3o Da Guerra Comercial","og_description":"O que deve movimentar a semana no Brasil Reforma da previd\u00eancia vai para aprova\u00e7\u00e3o China O que deve movimentar a semana no Brasil No Brasil a reforma da previd\u00eancia deve continuar sendo um dos principais destaques. Veja mais: Confira os principais pontos da reforma da previd\u00eancia Com a entrega da proposta feita na \u00faltima semana, [&hellip;]","og_url":"https:\/\/www.suno.com.br\/noticias\/a-seguir-proposta-de-reforma-da-previdencia-resultados-trimestrais-e-fim-do-prazo-para-resolucao-da-guerra-comercial\/","og_site_name":"Suno Not\u00edcias","article_publisher":"https:\/\/facebook.com\/sunoresearch","article_author":"https:\/\/www.facebook.com\/joaovitor2763","og_image":[{"width":1920,"height":1276,"url":"https:\/\/files.sunoresearch.com.br\/n\/uploads\/2018\/10\/b45b4d69-china-1.jpg","type":"image\/jpeg"}],"author":"Jo\u00e3o Vitor Chaves Silva","twitter_card":"summary_large_image","twitter_creator":"@https:\/\/twitter.com\/joaovitor2763","twitter_site":"@sunoresearch","twitter_misc":{"Escrito por":"Jo\u00e3o Vitor Chaves Silva","Est. tempo de leitura":"3 minutos"},"schema":{"@context":"https:\/\/schema.org","@graph":[{"@type":"NewsArticle","@id":"https:\/\/www.suno.com.br\/noticias\/a-seguir-proposta-de-reforma-da-previdencia-resultados-trimestrais-e-fim-do-prazo-para-resolucao-da-guerra-comercial\/#article","isPartOf":{"@id":"https:\/\/www.suno.com.br\/noticias\/a-seguir-proposta-de-reforma-da-previdencia-resultados-trimestrais-e-fim-do-prazo-para-resolucao-da-guerra-comercial\/"},"author":{"name":"Jo\u00e3o Vitor Chaves Silva","@id":"https:\/\/www.suno.com.br\/noticias\/#\/schema\/person\/962c5e214a16b408badbd2e3e889decc"},"headline":"A Seguir: Proposta De Reforma Da Previd\u00eancia, Resultados Trimestrais E Fim Do Prazo Para Resolu\u00e7\u00e3o Da Guerra Comercial","datePublished":"2019-02-24T18:02:43+00:00","dateModified":"2021-06-14T02:48:21+00:00","mainEntityOfPage":{"@id":"https:\/\/www.suno.com.br\/noticias\/a-seguir-proposta-de-reforma-da-previdencia-resultados-trimestrais-e-fim-do-prazo-para-resolucao-da-guerra-comercial\/"},"wordCount":718,"publisher":{"@id":"https:\/\/www.suno.com.br\/noticias\/#organization"},"image":{"@id":"https:\/\/www.suno.com.br\/noticias\/a-seguir-proposta-de-reforma-da-previdencia-resultados-trimestrais-e-fim-do-prazo-para-resolucao-da-guerra-comercial\/#primaryimage"},"thumbnailUrl":"https:\/\/files.sunoresearch.com.br\/n\/uploads\/2018\/10\/b45b4d69-china-1-jpg.webp","keywords":["Bolsa de Valores","China","Donald Trump","Economia","Estados Unidos (EUA)","Reforma da Previd\u00eancia"],"articleSection":["Mercado"],"inLanguage":"pt-BR"},{"@type":"WebPage","@id":"https:\/\/www.suno.com.br\/noticias\/a-seguir-proposta-de-reforma-da-previdencia-resultados-trimestrais-e-fim-do-prazo-para-resolucao-da-guerra-comercial\/","url":"https:\/\/www.suno.com.br\/noticias\/a-seguir-proposta-de-reforma-da-previdencia-resultados-trimestrais-e-fim-do-prazo-para-resolucao-da-guerra-comercial\/","name":"A Seguir: Proposta De Reforma Da Previd\u00eancia, Resultados Trimestrais E Fim Do Prazo Para Resolu\u00e7\u00e3o Da Guerra Comercial","isPartOf":{"@id":"https:\/\/www.suno.com.br\/noticias\/#website"},"primaryImageOfPage":{"@id":"https:\/\/www.suno.com.br\/noticias\/a-seguir-proposta-de-reforma-da-previdencia-resultados-trimestrais-e-fim-do-prazo-para-resolucao-da-guerra-comercial\/#primaryimage"},"image":{"@id":"https:\/\/www.suno.com.br\/noticias\/a-seguir-proposta-de-reforma-da-previdencia-resultados-trimestrais-e-fim-do-prazo-para-resolucao-da-guerra-comercial\/#primaryimage"},"thumbnailUrl":"https:\/\/files.sunoresearch.com.br\/n\/uploads\/2018\/10\/b45b4d69-china-1-jpg.webp","datePublished":"2019-02-24T18:02:43+00:00","dateModified":"2021-06-14T02:48:21+00:00","breadcrumb":{"@id":"https:\/\/www.suno.com.br\/noticias\/a-seguir-proposta-de-reforma-da-previdencia-resultados-trimestrais-e-fim-do-prazo-para-resolucao-da-guerra-comercial\/#breadcrumb"},"inLanguage":"pt-BR","potentialAction":[{"@type":"ReadAction","target":["https:\/\/www.suno.com.br\/noticias\/a-seguir-proposta-de-reforma-da-previdencia-resultados-trimestrais-e-fim-do-prazo-para-resolucao-da-guerra-comercial\/"]}]},{"@type":"ImageObject","inLanguage":"pt-BR","@id":"https:\/\/www.suno.com.br\/noticias\/a-seguir-proposta-de-reforma-da-previdencia-resultados-trimestrais-e-fim-do-prazo-para-resolucao-da-guerra-comercial\/#primaryimage","url":"https:\/\/files.sunoresearch.com.br\/n\/uploads\/2018\/10\/b45b4d69-china-1-jpg.webp","contentUrl":"https:\/\/files.sunoresearch.com.br\/n\/uploads\/2018\/10\/b45b4d69-china-1-jpg.webp","width":1920,"height":1276,"caption":"China"},{"@type":"BreadcrumbList","@id":"https:\/\/www.suno.com.br\/noticias\/a-seguir-proposta-de-reforma-da-previdencia-resultados-trimestrais-e-fim-do-prazo-para-resolucao-da-guerra-comercial\/#breadcrumb","itemListElement":[{"@type":"ListItem","position":1,"name":"Not\u00edcias","item":"https:\/\/www.suno.com.br\/noticias\/"},{"@type":"ListItem","position":2,"name":"Mercado","item":"https:\/\/www.suno.com.br\/noticias\/mercado\/"},{"@type":"ListItem","position":3,"name":"A Seguir: Proposta De Reforma Da Previd\u00eancia, Resultados Trimestrais E Fim Do Prazo Para Resolu\u00e7\u00e3o Da Guerra Comercial"}]},{"@type":"WebSite","@id":"https:\/\/www.suno.com.br\/noticias\/#website","url":"https:\/\/www.suno.com.br\/noticias\/","name":"Suno Not\u00edcias","description":"Seu portal de informa\u00e7\u00e3o sobre o mundo dos investimentos","publisher":{"@id":"https:\/\/www.suno.com.br\/noticias\/#organization"},"potentialAction":[{"@type":"SearchAction","target":{"@type":"EntryPoint","urlTemplate":"https:\/\/www.suno.com.br\/noticias\/?s={search_term_string}"},"query-input":{"@type":"PropertyValueSpecification","valueRequired":true,"valueName":"search_term_string"}}],"inLanguage":"pt-BR"},{"@type":"Organization","@id":"https:\/\/www.suno.com.br\/noticias\/#organization","name":"Suno Not\u00edcias","url":"https:\/\/www.suno.com.br\/noticias\/","logo":{"@type":"ImageObject","inLanguage":"pt-BR","@id":"https:\/\/www.suno.com.br\/noticias\/#\/schema\/logo\/image\/","url":"https:\/\/files.sunoresearch.com.br\/n\/uploads\/2021\/09\/suno-logo.png","contentUrl":"https:\/\/files.sunoresearch.com.br\/n\/uploads\/2021\/09\/suno-logo.png","width":180,"height":180,"caption":"Suno Not\u00edcias"},"image":{"@id":"https:\/\/www.suno.com.br\/noticias\/#\/schema\/logo\/image\/"},"sameAs":["https:\/\/facebook.com\/sunoresearch","https:\/\/x.com\/sunoresearch","https:\/\/www.instagram.com\/suno","https:\/\/www.linkedin.com\/company\/suno-research\/","https:\/\/www.youtube.com\/c\/sunoresearch"]},{"@type":"Person","@id":"https:\/\/www.suno.com.br\/noticias\/#\/schema\/person\/962c5e214a16b408badbd2e3e889decc","name":"Jo\u00e3o Vitor Chaves Silva","image":{"@type":"ImageObject","inLanguage":"pt-BR","@id":"https:\/\/www.suno.com.br\/noticias\/#\/schema\/person\/image\/","url":"https:\/\/secure.gravatar.com\/avatar\/e2e62d3d83007a9c98150149e35d1c78?s=96&r=g","contentUrl":"https:\/\/secure.gravatar.com\/avatar\/e2e62d3d83007a9c98150149e35d1c78?s=96&r=g","caption":"Jo\u00e3o Vitor Chaves Silva"},"description":"Fundador do Empreenda Junto, 2\u00ba\u00a0Maior comunidade online de empreendedores do Brasil, 1\u00ba\u00a0Brasileiro e Pessoa mais jovem a receber o t\u00edtulo de Teacher Of New Ventures And Leadership pelo MIT GEB, COO da Suno Research.","sameAs":["https:\/\/www.suno.com.br","https:\/\/www.facebook.com\/joaovitor2763","https:\/\/x.com\/https:\/\/twitter.com\/joaovitor2763"],"url":"https:\/\/www.suno.com.br\/noticias\/author\/joao-vitor\/"}]}},"default_loop_html":"<div class=\"cardsPage__listCard__boxs\"><div class=\"cardsPage__listCard__boxs__img\"><a href=\"https:\/\/www.suno.com.br\/noticias\/a-seguir-proposta-de-reforma-da-previdencia-resultados-trimestrais-e-fim-do-prazo-para-resolucao-da-guerra-comercial\/\"><img class=\"mask\" src=\"https:\/\/www.suno.com.br\/noticias\/wp-content\/themes\/suno\/resources\/images\/spotlight\/spotlight1img\/bg-mask.png\" alt=\"Image Mask\"\/><img src=\"https:\/\/files.sunoresearch.com.br\/n\/uploads\/2018\/10\/b45b4d69-china-1-400x200.webp\" alt=\"A Seguir: Proposta De Reforma Da Previd\u00eancia, Resultados Trimestrais E Fim Do Prazo Para Resolu\u00e7\u00e3o Da Guerra Comercial\"\/><\/a><span class=\"spotlightCategory\"><a href=\"https:\/\/www.suno.com.br\/noticias\/mercado\/\">Mercado<\/a><\/span><\/div><div class=\"cardsPage__listCard__boxs__content\"><a href=\"https:\/\/www.suno.com.br\/noticias\/a-seguir-proposta-de-reforma-da-previdencia-resultados-trimestrais-e-fim-do-prazo-para-resolucao-da-guerra-comercial\/\"><h2 class=\"content__title\">A Seguir: Proposta De Reforma Da Previd\u00eancia, Resultados Trimestrais E Fim Do Prazo Para Resolu\u00e7\u00e3o Da Guerra Comercial<\/h2><\/a><div class=\"newsContent__article__meta\"><div class=\"newsContent__article__meta__authorBox\"><a href=\"https:\/\/www.suno.com.br\/noticias\/author\/joao-vitor\/\" class=\"authorBox__avatar noMobi\"><img src=\"https:\/\/secure.gravatar.com\/avatar\/e2e62d3d83007a9c98150149e35d1c78?s=96&#038;r=g\" alt=\"Jo\u00e3o Vitor Chaves Silva\"><\/a><div class=\"authorBox__name\"><span>por\n\t\t\t<a href=\"https:\/\/www.suno.com.br\/noticias\/author\/joao-vitor\/\"><span itemprop=\"author\">Jo\u00e3o Vitor Chaves Silva<\/span><\/a><\/span><time datetime=\"2019-02-24T15:02:43-03:00\" itemprop=\"datePublished\">24\/02\/2019 15:02<\/time><\/div><\/div><\/div><\/div><\/div>","single_layout":"posts","amp_enabled":true,"_links":{"self":[{"href":"https:\/\/www.suno.com.br\/noticias\/wp-json\/wp\/v2\/posts\/16435"}],"collection":[{"href":"https:\/\/www.suno.com.br\/noticias\/wp-json\/wp\/v2\/posts"}],"about":[{"href":"https:\/\/www.suno.com.br\/noticias\/wp-json\/wp\/v2\/types\/post"}],"author":[{"embeddable":true,"href":"https:\/\/www.suno.com.br\/noticias\/wp-json\/wp\/v2\/users\/2"}],"replies":[{"embeddable":true,"href":"https:\/\/www.suno.com.br\/noticias\/wp-json\/wp\/v2\/comments?post=16435"}],"version-history":[{"count":1,"href":"https:\/\/www.suno.com.br\/noticias\/wp-json\/wp\/v2\/posts\/16435\/revisions"}],"predecessor-version":[{"id":157470,"href":"https:\/\/www.suno.com.br\/noticias\/wp-json\/wp\/v2\/posts\/16435\/revisions\/157470"}],"wp:featuredmedia":[{"embeddable":true,"href":"https:\/\/www.suno.com.br\/noticias\/wp-json\/wp\/v2\/media\/5549"}],"wp:attachment":[{"href":"https:\/\/www.suno.com.br\/noticias\/wp-json\/wp\/v2\/media?parent=16435"}],"wp:term":[{"taxonomy":"category","embeddable":true,"href":"https:\/\/www.suno.com.br\/noticias\/wp-json\/wp\/v2\/categories?post=16435"},{"taxonomy":"post_tag","embeddable":true,"href":"https:\/\/www.suno.com.br\/noticias\/wp-json\/wp\/v2\/tags?post=16435"},{"taxonomy":"suno_strategy","embeddable":true,"href":"https:\/\/www.suno.com.br\/noticias\/wp-json\/wp\/v2\/suno_strategy?post=16435"}],"curies":[{"name":"wp","href":"https:\/\/api.w.org\/{rel}","templated":true}]}}