{"id":164332,"date":"2021-07-07T15:58:46","date_gmt":"2021-07-07T18:58:46","guid":{"rendered":"https:\/\/www.suno.com.br\/noticias\/?p=164332"},"modified":"2021-07-07T15:58:46","modified_gmt":"2021-07-07T18:58:46","slug":"jabutis-da-mp-da-eletrobras-elet3-guedes","status":"publish","type":"post","link":"https:\/\/www.suno.com.br\/noticias\/jabutis-da-mp-da-eletrobras-elet3-guedes\/","title":{"rendered":"&#8216;Jabutis&#8217; da MP da Eletrobras (ELET3) &#8216;v\u00e3o evaporar&#8217;, diz Guedes"},"content":{"rendered":"<p>O ministro da Economia, <a class=\"suno-keyword\" href=\"https:\/\/www.suno.com.br\/tudo-sobre\/paulo-guedes\/\" target=\"_blank\" rel=\"noopener noreferrer\" data-force=\"no\" data-priority=\"2\">Paulo <strong>Guedes<\/strong><\/a>, comentou sobre as cr\u00edticas \u00e0 Medida Provis\u00f3ria (MP) que permite a privatiza\u00e7\u00e3o da <a class=\"suno-keyword\" href=\"https:\/\/www.suno.com.br\/acoes\/ELET3\/\" target=\"_blank\" rel=\"noopener noreferrer\" data-force=\"yes\" data-priority=\"2\">Eletrobras (ELET3)<\/a>, principalmente sobre se a aprova\u00e7\u00e3o foi fortuita com a inclus\u00e3o de &#8220;jabutis&#8221; no texto. Segundo Guedes, os &#8220;jabutis grandes&#8221; foram eliminados, ficaram &#8220;jabutis&#8221; que s\u00e3o bem-vindos, como o que destina recursos para a revitaliza\u00e7\u00e3o do Rio S\u00e3o Francisco e o restante vai &#8220;evaporar no ar&#8221;.<\/p>\t<div class=\"wrapper-featured-image\">\n\t\t<figure class=\"spotlightImg\">\n\n\t\t\t<picture>\n\t\t\t\t<source media=\"(max-width: 768px)\" srcset=\"https:\/\/files.sunoresearch.com.br\/n\/uploads\/2021\/03\/7c7882d5-paulo-guedes-foto-najara-araujo-camara-dos-deputados-400x200.webp\">\n\t\t\t\t<img loading=\"lazy\" decoding=\"async\" class=\"newsContent__article__imgCapa lazyloadDisabled \" src=\"https:\/\/files.sunoresearch.com.br\/n\/uploads\/2021\/03\/7c7882d5-paulo-guedes-foto-najara-araujo-camara-dos-deputados-800x450.webp\" width=\"800\" height=\"450\" alt=\"&#8216;Jabutis&#8217; da MP da Eletrobras (ELET3) &#8216;v\u00e3o evaporar&#8217;, diz Guedes\" fetchpriority=high \/>\n\t\t\t<\/picture>\n\n\t\t\t<figcaption class=\"wp-caption-text wp-caption-text--show\">Guedes tem se reunido com o MME e o Presidente da Petrobras recentemente, para discutir solu\u00e7\u00f5es para alta da gasolina - Foto: Najara Araujo, C\u00e2mara dos Deputados.<\/figcaption>\n\t\t<\/figure>\n\t<\/div>\n\n\n\t<p>\n\t\t<a href=\"https:\/\/lp.suno.com.br\/planilha-controle-gastos\/\" target=\"_blank\" data-element=\"shortcode-suno-banner\" title=\"Banner SUNO, clique e saiba mais\">\n\t\t\t<picture>\n\t\t\t\t<source media=\"(max-width: 500px)\" srcset=\"https:\/\/files.sunoresearch.com.br\/n\/uploads\/2023\/03\/400x300-Planilha-controle-de-gastos.png\">\n\t\t\t\t<img class=\"newsContent__article__imgCapa newsContent__article__imgCapa--banner\"\n\t\t\t\t\tsrc=\"https:\/\/files.sunoresearch.com.br\/n\/uploads\/2023\/03\/1420x240-Planilha-controle-de-gastos.png\"\n\t\t\t\t\tdata-promo-id=\"101751\"\t\t\t\t\t\t\t\t\t\twidth='1420' height='240'\t\t\t\t\talt=\"https:\/\/files.sunoresearch.com.br\/n\/uploads\/2023\/03\/1420x240-Planilha-controle-de-gastos.png\"\n\t\t\t\t>\n\t\t\t<\/picture>\n\t\t<\/a>\n\t<\/p>\n\n\n<p>&#8220;<strong>Jabuti<\/strong>&#8221; \u00e9 o nome dado a uma estrat\u00e9gia que parlamentares fazem ao inserir em uma proposta legislativa um tema sem rela\u00e7\u00e3o com o texto original. O ministro se refere ao compromisso de comprar energia de usinas termoel\u00e9tricas movidas a g\u00e1s natural para fornecimento de 8 megawatts (MW) de energia por 15 anos a um pre\u00e7o de R$ 350 por megawatt-hora.<\/p>\n<p>&#8220;Pre\u00e7o hoje est\u00e1 R$ 750 a 1000 <strong>megawatt-hora<\/strong>. Se cair pela metade, se reduzir ao meio o custo da energia, eu compro. A acusa\u00e7\u00e3o que est\u00e1 cheio de &#8216;jabuti&#8217;, que vai ter custo de R$ 300 bilh\u00f5es, isso vai evaporar no ar. Minha equipe diz que a privatiza\u00e7\u00e3o foi muito virtuosa&#8221;, disse, completando que a vers\u00e3o final foi um produto do Congresso.<\/p>\n\t<p>\n\t\t<a href=\"https:\/\/lp.suno.com.br\/planilha-da-vida-financeira\/\" target=\"_blank\" data-element=\"shortcode-suno-banner\" title=\"Banner SUNO, clique e saiba mais\">\n\t\t\t<picture>\n\t\t\t\t<source media=\"(max-width: 500px)\" srcset=\"https:\/\/files.sunoresearch.com.br\/n\/uploads\/2023\/04\/400x300-Planilha-vida-financeira-true.png\">\n\t\t\t\t<img class=\"newsContent__article__imgCapa newsContent__article__imgCapa--banner\"\n\t\t\t\t\tsrc=\"https:\/\/files.sunoresearch.com.br\/n\/uploads\/2023\/04\/1420x240-Planilha-vida-financeira-true.png\"\n\t\t\t\t\tdata-promo-id=\"106682\"\t\t\t\t\t\t\t\t\t\twidth='1420' height='240'\t\t\t\t\talt=\"https:\/\/files.sunoresearch.com.br\/n\/uploads\/2023\/04\/1420x240-Planilha-vida-financeira-true.png\"\n\t\t\t\t>\n\t\t\t<\/picture>\n\t\t<\/a>\n\t<\/p>\n\n\n<p>Guedes participa nesta quarta-feira (7) de audi\u00eancia p\u00fablica na Comiss\u00e3o de Fiscaliza\u00e7\u00e3o Financeira e Controle da C\u00e2mara dos Deputados.<\/p>\n<h2>Guedes diz que vai reduzir impostos com reforma tribut\u00e1ria<\/h2>\n<p>Na audi\u00eancia, <strong>Guedes<\/strong> afirmou que tem se encontrado com o relator da segunda fase da <strong>reforma tribut\u00e1ria<\/strong>, Celso Sabino (PSDB-PA), e com a Receita Federal para discutir o projeto e voltou a falar que eventuais problemas na proposta ser\u00e3o corrigidas, dentro da neutralidade tribut\u00e1ria. &#8220;O que estiver mal feito na reforma, vamos tirar, dentro de neutralidade tribut\u00e1ria.&#8221;<\/p>\n<p>&#8220;J\u00e1 reassegurei que vamos reduzir os impostos com reforma tribut\u00e1ria. Na reforma, se tributei o dividendo, vamos devolver para o assalariado e para a empresa&#8221;, disse.<\/p>\n<p>&#8220;Quero que a reforma seja neutra tamb\u00e9m em rela\u00e7\u00e3o ao <strong>capital<\/strong>. N\u00e3o quero que empres\u00e1rio diga que aumentamos tributo sobre capital. N\u00e3o, n\u00f3s aumentamos sobre o dividendo retirado da empresa e reduzimos o equivalente dentro da empresa, mesmo que para isso tenha que retirar subs\u00eddio de quem n\u00e3o est\u00e1 pagando hoje.&#8221;<\/p>\n<p>O ministro da Economia tamb\u00e9m afirmou que o governo prop\u00f4s limitar a simplifica\u00e7\u00e3o do Imposto de Renda <a class=\"suno-keyword\" href=\"https:\/\/www.suno.com.br\/artigos\/pessoa-fisica\/\" target=\"_blank\" rel=\"noopener noreferrer\" data-force=\"no\" data-priority=\"1\">Pessoa F\u00edsica<\/a> (IRPF) aos rendimentos anuais de at\u00e9 R$ 40 mil na 2\u00aa fase da reforma tribut\u00e1ria, pois algumas pessoas com renda maior estavam se beneficiando &#8220;de algum est\u00edmulo para pagamento de sa\u00fade que n\u00e3o teve&#8221;.<\/p>\n<p>&#8220;Ningu\u00e9m perdeu o direito \u00e0 declara\u00e7\u00e3o simplificada de IR, mas vai precisar mostrar recibos. Se realmente tem os recibos, \u00e9 s\u00f3 apresentar os documentos e continua com os benef\u00edcios&#8221;, afirmou.<\/p>\n<p><strong>Guedes<\/strong> tamb\u00e9m disse na audi\u00eancia que os bloqueios do Or\u00e7amento da Educa\u00e7\u00e3o j\u00e1 est\u00e3o sendo recompostos e deve haver nova libera\u00e7\u00e3o \u00e0 frente.<\/p>\n<p><em>(Com informa\u00e7\u00f5es do Estad\u00e3o Conte\u00fado)\u00a0<\/em><\/p>\n\t<p>\n\t\t<a href=\"https:\/\/lp.suno.com.br\/planilha-de-controle-de-investimentos\/\" target=\"_blank\" data-element=\"shortcode-suno-banner\" title=\"Banner SUNO, clique e saiba mais\">\n\t\t\t<picture>\n\t\t\t\t<source media=\"(max-width: 500px)\" srcset=\"https:\/\/files.sunoresearch.com.br\/n\/uploads\/2023\/03\/400x300-Controle-de-Investimentos.png\">\n\t\t\t\t<img class=\"newsContent__article__imgCapa newsContent__article__imgCapa--banner\"\n\t\t\t\t\tsrc=\"https:\/\/files.sunoresearch.com.br\/n\/uploads\/2023\/03\/1420x240-Controle-de-Investimentos.png\"\n\t\t\t\t\tdata-promo-id=\"75934\"\t\t\t\t\t\t\t\t\t\twidth='1420' height='240'\t\t\t\t\talt=\"https:\/\/files.sunoresearch.com.br\/n\/uploads\/2023\/03\/1420x240-Controle-de-Investimentos.png\"\n\t\t\t\t>\n\t\t\t<\/picture>\n\t\t<\/a>\n\t<\/p>\n\n\n","protected":false},"excerpt":{"rendered":"<p>O ministro da Economia, Paulo Guedes, comentou sobre as cr\u00edticas \u00e0 Medida Provis\u00f3ria (MP) que permite a privatiza\u00e7\u00e3o da Eletrobras (ELET3), principalmente sobre se a aprova\u00e7\u00e3o foi fortuita com a inclus\u00e3o de &#8220;jabutis&#8221; no texto. Segundo Guedes, os &#8220;jabutis grandes&#8221; foram eliminados, ficaram &#8220;jabutis&#8221; que s\u00e3o bem-vindos, como o que destina recursos para a revitaliza\u00e7\u00e3o [&hellip;]<\/p>\n","protected":false},"author":15,"featured_media":130412,"comment_status":"closed","ping_status":"closed","sticky":false,"template":"","format":"standard","meta":[],"categories":[64],"tags":[],"suno_strategy":[],"class_list":["post-164332","post","type-post","status-publish","format-standard","has-post-thumbnail","hentry","category-negocios"],"yoast_head":"<!-- This site is optimized with the Yoast SEO plugin v24.4 - https:\/\/yoast.com\/wordpress\/plugins\/seo\/ -->\n<title>&#039;Jabutis&#039; da MP da Eletrobras (ELET3) &#039;v\u00e3o evaporar&#039;, diz Guedes<\/title>\n<meta name=\"description\" content=\"O ministro da Economia, Paulo Guedes, comentou sobre as cr\u00edticas \u00e0 MP que permite a privatiza\u00e7\u00e3o da Eletrobras (ELET3). Clique aqui e saiba\" \/>\n<meta name=\"robots\" content=\"index, follow, max-snippet:-1, max-image-preview:large, max-video-preview:-1\" \/>\n<link rel=\"canonical\" href=\"https:\/\/www.suno.com.br\/noticias\/jabutis-da-mp-da-eletrobras-elet3-guedes\/\" \/>\n<meta property=\"og:locale\" content=\"pt_BR\" \/>\n<meta property=\"og:type\" content=\"article\" \/>\n<meta property=\"og:title\" content=\"&#039;Jabutis&#039; da MP da Eletrobras (ELET3) &#039;v\u00e3o evaporar&#039;, diz Guedes\" \/>\n<meta property=\"og:description\" content=\"O ministro da Economia, Paulo Guedes, comentou sobre as cr\u00edticas \u00e0 MP que permite a privatiza\u00e7\u00e3o da Eletrobras (ELET3). Clique aqui e saiba\" \/>\n<meta property=\"og:url\" content=\"https:\/\/www.suno.com.br\/noticias\/jabutis-da-mp-da-eletrobras-elet3-guedes\/\" \/>\n<meta property=\"og:site_name\" content=\"Suno Not\u00edcias\" \/>\n<meta property=\"article:publisher\" content=\"https:\/\/facebook.com\/sunoresearch\" \/>\n<meta property=\"og:image\" content=\"https:\/\/files.sunoresearch.com.br\/n\/uploads\/2021\/03\/7c7882d5-paulo-guedes-foto-najara-araujo-camara-dos-deputados.jpg\" \/>\n\t<meta property=\"og:image:width\" content=\"1200\" \/>\n\t<meta property=\"og:image:height\" content=\"800\" \/>\n\t<meta property=\"og:image:type\" content=\"image\/jpeg\" \/>\n<meta name=\"author\" content=\"Poliana Santos\" \/>\n<meta name=\"twitter:card\" content=\"summary_large_image\" \/>\n<meta name=\"twitter:creator\" content=\"@sunoresearch\" \/>\n<meta name=\"twitter:site\" content=\"@sunoresearch\" \/>\n<meta name=\"twitter:label1\" content=\"Escrito por\" \/>\n\t<meta name=\"twitter:data1\" content=\"Poliana Santos\" \/>\n\t<meta name=\"twitter:label2\" content=\"Est. tempo de leitura\" \/>\n\t<meta name=\"twitter:data2\" content=\"3 minutos\" \/>\n<script type=\"application\/ld+json\" class=\"yoast-schema-graph\">{\"@context\":\"https:\/\/schema.org\",\"@graph\":[{\"@type\":\"NewsArticle\",\"@id\":\"https:\/\/www.suno.com.br\/noticias\/jabutis-da-mp-da-eletrobras-elet3-guedes\/#article\",\"isPartOf\":{\"@id\":\"https:\/\/www.suno.com.br\/noticias\/jabutis-da-mp-da-eletrobras-elet3-guedes\/\"},\"author\":{\"name\":\"Poliana Santos\",\"@id\":\"https:\/\/www.suno.com.br\/noticias\/#\/schema\/person\/02ec1f752758247878a2bf4abee1aeda\"},\"headline\":\"&#8216;Jabutis&#8217; da MP da Eletrobras (ELET3) &#8216;v\u00e3o evaporar&#8217;, diz Guedes\",\"datePublished\":\"2021-07-07T18:58:46+00:00\",\"mainEntityOfPage\":{\"@id\":\"https:\/\/www.suno.com.br\/noticias\/jabutis-da-mp-da-eletrobras-elet3-guedes\/\"},\"wordCount\":525,\"publisher\":{\"@id\":\"https:\/\/www.suno.com.br\/noticias\/#organization\"},\"image\":{\"@id\":\"https:\/\/www.suno.com.br\/noticias\/jabutis-da-mp-da-eletrobras-elet3-guedes\/#primaryimage\"},\"thumbnailUrl\":\"https:\/\/files.sunoresearch.com.br\/n\/uploads\/2021\/03\/7c7882d5-paulo-guedes-foto-najara-araujo-camara-dos-deputados-jpg.webp\",\"articleSection\":[\"Neg\u00f3cios\"],\"inLanguage\":\"pt-BR\"},{\"@type\":\"WebPage\",\"@id\":\"https:\/\/www.suno.com.br\/noticias\/jabutis-da-mp-da-eletrobras-elet3-guedes\/\",\"url\":\"https:\/\/www.suno.com.br\/noticias\/jabutis-da-mp-da-eletrobras-elet3-guedes\/\",\"name\":\"'Jabutis' da MP da Eletrobras (ELET3) 'v\u00e3o evaporar', diz Guedes\",\"isPartOf\":{\"@id\":\"https:\/\/www.suno.com.br\/noticias\/#website\"},\"primaryImageOfPage\":{\"@id\":\"https:\/\/www.suno.com.br\/noticias\/jabutis-da-mp-da-eletrobras-elet3-guedes\/#primaryimage\"},\"image\":{\"@id\":\"https:\/\/www.suno.com.br\/noticias\/jabutis-da-mp-da-eletrobras-elet3-guedes\/#primaryimage\"},\"thumbnailUrl\":\"https:\/\/files.sunoresearch.com.br\/n\/uploads\/2021\/03\/7c7882d5-paulo-guedes-foto-najara-araujo-camara-dos-deputados-jpg.webp\",\"datePublished\":\"2021-07-07T18:58:46+00:00\",\"description\":\"O ministro da Economia, Paulo Guedes, comentou sobre as cr\u00edticas \u00e0 MP que permite a privatiza\u00e7\u00e3o da Eletrobras (ELET3). Clique aqui e saiba\",\"breadcrumb\":{\"@id\":\"https:\/\/www.suno.com.br\/noticias\/jabutis-da-mp-da-eletrobras-elet3-guedes\/#breadcrumb\"},\"inLanguage\":\"pt-BR\",\"potentialAction\":[{\"@type\":\"ReadAction\",\"target\":[\"https:\/\/www.suno.com.br\/noticias\/jabutis-da-mp-da-eletrobras-elet3-guedes\/\"]}]},{\"@type\":\"ImageObject\",\"inLanguage\":\"pt-BR\",\"@id\":\"https:\/\/www.suno.com.br\/noticias\/jabutis-da-mp-da-eletrobras-elet3-guedes\/#primaryimage\",\"url\":\"https:\/\/files.sunoresearch.com.br\/n\/uploads\/2021\/03\/7c7882d5-paulo-guedes-foto-najara-araujo-camara-dos-deputados-jpg.webp\",\"contentUrl\":\"https:\/\/files.sunoresearch.com.br\/n\/uploads\/2021\/03\/7c7882d5-paulo-guedes-foto-najara-araujo-camara-dos-deputados-jpg.webp\",\"width\":1200,\"height\":800,\"caption\":\"Guedes tem se reunido com o MME e o Presidente da Petrobras recentemente, para discutir solu\u00e7\u00f5es para alta da gasolina - Foto: Najara Araujo, C\u00e2mara dos Deputados.\"},{\"@type\":\"BreadcrumbList\",\"@id\":\"https:\/\/www.suno.com.br\/noticias\/jabutis-da-mp-da-eletrobras-elet3-guedes\/#breadcrumb\",\"itemListElement\":[{\"@type\":\"ListItem\",\"position\":1,\"name\":\"Not\u00edcias\",\"item\":\"https:\/\/www.suno.com.br\/noticias\/\"},{\"@type\":\"ListItem\",\"position\":2,\"name\":\"Neg\u00f3cios\",\"item\":\"https:\/\/www.suno.com.br\/noticias\/negocios\/\"},{\"@type\":\"ListItem\",\"position\":3,\"name\":\"&#8216;Jabutis&#8217; da MP da Eletrobras (ELET3) &#8216;v\u00e3o evaporar&#8217;, diz Guedes\"}]},{\"@type\":\"WebSite\",\"@id\":\"https:\/\/www.suno.com.br\/noticias\/#website\",\"url\":\"https:\/\/www.suno.com.br\/noticias\/\",\"name\":\"Suno Not\u00edcias\",\"description\":\"Seu portal de informa\u00e7\u00e3o sobre o mundo dos investimentos\",\"publisher\":{\"@id\":\"https:\/\/www.suno.com.br\/noticias\/#organization\"},\"potentialAction\":[{\"@type\":\"SearchAction\",\"target\":{\"@type\":\"EntryPoint\",\"urlTemplate\":\"https:\/\/www.suno.com.br\/noticias\/?s={search_term_string}\"},\"query-input\":{\"@type\":\"PropertyValueSpecification\",\"valueRequired\":true,\"valueName\":\"search_term_string\"}}],\"inLanguage\":\"pt-BR\"},{\"@type\":\"Organization\",\"@id\":\"https:\/\/www.suno.com.br\/noticias\/#organization\",\"name\":\"Suno Not\u00edcias\",\"url\":\"https:\/\/www.suno.com.br\/noticias\/\",\"logo\":{\"@type\":\"ImageObject\",\"inLanguage\":\"pt-BR\",\"@id\":\"https:\/\/www.suno.com.br\/noticias\/#\/schema\/logo\/image\/\",\"url\":\"https:\/\/files.sunoresearch.com.br\/n\/uploads\/2021\/09\/suno-logo.png\",\"contentUrl\":\"https:\/\/files.sunoresearch.com.br\/n\/uploads\/2021\/09\/suno-logo.png\",\"width\":180,\"height\":180,\"caption\":\"Suno Not\u00edcias\"},\"image\":{\"@id\":\"https:\/\/www.suno.com.br\/noticias\/#\/schema\/logo\/image\/\"},\"sameAs\":[\"https:\/\/facebook.com\/sunoresearch\",\"https:\/\/x.com\/sunoresearch\",\"https:\/\/www.instagram.com\/suno\",\"https:\/\/www.linkedin.com\/company\/suno-research\/\",\"https:\/\/www.youtube.com\/c\/sunoresearch\"]},{\"@type\":\"Person\",\"@id\":\"https:\/\/www.suno.com.br\/noticias\/#\/schema\/person\/02ec1f752758247878a2bf4abee1aeda\",\"name\":\"Poliana Santos\",\"image\":{\"@type\":\"ImageObject\",\"inLanguage\":\"pt-BR\",\"@id\":\"https:\/\/www.suno.com.br\/noticias\/#\/schema\/person\/image\/\",\"url\":\"https:\/\/secure.gravatar.com\/avatar\/0645bd32f23d87b2130f2b2dff1d3f8d?s=96&r=g\",\"contentUrl\":\"https:\/\/secure.gravatar.com\/avatar\/0645bd32f23d87b2130f2b2dff1d3f8d?s=96&r=g\",\"caption\":\"Poliana Santos\"},\"description\":\"Rep\u00f3rter no Suno Not\u00edcias, com cobertura em mercado financeiro, economia, finan\u00e7as pessoais, renda fixa e varejo. Jornalista formada pela Faculdade C\u00e1sper L\u00edbero e possui passagem na R\u00e1dio Gazeta AM com a produ\u00e7\u00e3o de conte\u00fado sobre economia, pol\u00edtica, sa\u00fade, moda e m\u00fasica. Possui certificado de conclus\u00e3o do curso de An\u00e1lise de Balan\u00e7os pela Funda\u00e7\u00e3o Bradesco, Agenda Brasil pela FAAP, Educa\u00e7\u00e3o Pol\u00edtica por Alexandre Garcia e do Tesouro Direto e Mercado de A\u00e7\u00f5es pela B3.\",\"url\":\"https:\/\/www.suno.com.br\/noticias\/author\/poliana-santos\/\"}]}<\/script>\n<!-- \/ Yoast SEO plugin. -->","yoast_head_json":{"title":"'Jabutis' da MP da Eletrobras (ELET3) 'v\u00e3o evaporar', diz Guedes","description":"O ministro da Economia, Paulo Guedes, comentou sobre as cr\u00edticas \u00e0 MP que permite a privatiza\u00e7\u00e3o da Eletrobras (ELET3). Clique aqui e saiba","robots":{"index":"index","follow":"follow","max-snippet":"max-snippet:-1","max-image-preview":"max-image-preview:large","max-video-preview":"max-video-preview:-1"},"canonical":"https:\/\/www.suno.com.br\/noticias\/jabutis-da-mp-da-eletrobras-elet3-guedes\/","og_locale":"pt_BR","og_type":"article","og_title":"'Jabutis' da MP da Eletrobras (ELET3) 'v\u00e3o evaporar', diz Guedes","og_description":"O ministro da Economia, Paulo Guedes, comentou sobre as cr\u00edticas \u00e0 MP que permite a privatiza\u00e7\u00e3o da Eletrobras (ELET3). Clique aqui e saiba","og_url":"https:\/\/www.suno.com.br\/noticias\/jabutis-da-mp-da-eletrobras-elet3-guedes\/","og_site_name":"Suno Not\u00edcias","article_publisher":"https:\/\/facebook.com\/sunoresearch","og_image":[{"width":1200,"height":800,"url":"https:\/\/files.sunoresearch.com.br\/n\/uploads\/2021\/03\/7c7882d5-paulo-guedes-foto-najara-araujo-camara-dos-deputados.jpg","type":"image\/jpeg"}],"author":"Poliana Santos","twitter_card":"summary_large_image","twitter_creator":"@sunoresearch","twitter_site":"@sunoresearch","twitter_misc":{"Escrito por":"Poliana Santos","Est. tempo de leitura":"3 minutos"},"schema":{"@context":"https:\/\/schema.org","@graph":[{"@type":"NewsArticle","@id":"https:\/\/www.suno.com.br\/noticias\/jabutis-da-mp-da-eletrobras-elet3-guedes\/#article","isPartOf":{"@id":"https:\/\/www.suno.com.br\/noticias\/jabutis-da-mp-da-eletrobras-elet3-guedes\/"},"author":{"name":"Poliana Santos","@id":"https:\/\/www.suno.com.br\/noticias\/#\/schema\/person\/02ec1f752758247878a2bf4abee1aeda"},"headline":"&#8216;Jabutis&#8217; da MP da Eletrobras (ELET3) &#8216;v\u00e3o evaporar&#8217;, diz Guedes","datePublished":"2021-07-07T18:58:46+00:00","mainEntityOfPage":{"@id":"https:\/\/www.suno.com.br\/noticias\/jabutis-da-mp-da-eletrobras-elet3-guedes\/"},"wordCount":525,"publisher":{"@id":"https:\/\/www.suno.com.br\/noticias\/#organization"},"image":{"@id":"https:\/\/www.suno.com.br\/noticias\/jabutis-da-mp-da-eletrobras-elet3-guedes\/#primaryimage"},"thumbnailUrl":"https:\/\/files.sunoresearch.com.br\/n\/uploads\/2021\/03\/7c7882d5-paulo-guedes-foto-najara-araujo-camara-dos-deputados-jpg.webp","articleSection":["Neg\u00f3cios"],"inLanguage":"pt-BR"},{"@type":"WebPage","@id":"https:\/\/www.suno.com.br\/noticias\/jabutis-da-mp-da-eletrobras-elet3-guedes\/","url":"https:\/\/www.suno.com.br\/noticias\/jabutis-da-mp-da-eletrobras-elet3-guedes\/","name":"'Jabutis' da MP da Eletrobras (ELET3) 'v\u00e3o evaporar', diz Guedes","isPartOf":{"@id":"https:\/\/www.suno.com.br\/noticias\/#website"},"primaryImageOfPage":{"@id":"https:\/\/www.suno.com.br\/noticias\/jabutis-da-mp-da-eletrobras-elet3-guedes\/#primaryimage"},"image":{"@id":"https:\/\/www.suno.com.br\/noticias\/jabutis-da-mp-da-eletrobras-elet3-guedes\/#primaryimage"},"thumbnailUrl":"https:\/\/files.sunoresearch.com.br\/n\/uploads\/2021\/03\/7c7882d5-paulo-guedes-foto-najara-araujo-camara-dos-deputados-jpg.webp","datePublished":"2021-07-07T18:58:46+00:00","description":"O ministro da Economia, Paulo Guedes, comentou sobre as cr\u00edticas \u00e0 MP que permite a privatiza\u00e7\u00e3o da Eletrobras (ELET3). Clique aqui e saiba","breadcrumb":{"@id":"https:\/\/www.suno.com.br\/noticias\/jabutis-da-mp-da-eletrobras-elet3-guedes\/#breadcrumb"},"inLanguage":"pt-BR","potentialAction":[{"@type":"ReadAction","target":["https:\/\/www.suno.com.br\/noticias\/jabutis-da-mp-da-eletrobras-elet3-guedes\/"]}]},{"@type":"ImageObject","inLanguage":"pt-BR","@id":"https:\/\/www.suno.com.br\/noticias\/jabutis-da-mp-da-eletrobras-elet3-guedes\/#primaryimage","url":"https:\/\/files.sunoresearch.com.br\/n\/uploads\/2021\/03\/7c7882d5-paulo-guedes-foto-najara-araujo-camara-dos-deputados-jpg.webp","contentUrl":"https:\/\/files.sunoresearch.com.br\/n\/uploads\/2021\/03\/7c7882d5-paulo-guedes-foto-najara-araujo-camara-dos-deputados-jpg.webp","width":1200,"height":800,"caption":"Guedes tem se reunido com o MME e o Presidente da Petrobras recentemente, para discutir solu\u00e7\u00f5es para alta da gasolina - Foto: Najara Araujo, C\u00e2mara dos Deputados."},{"@type":"BreadcrumbList","@id":"https:\/\/www.suno.com.br\/noticias\/jabutis-da-mp-da-eletrobras-elet3-guedes\/#breadcrumb","itemListElement":[{"@type":"ListItem","position":1,"name":"Not\u00edcias","item":"https:\/\/www.suno.com.br\/noticias\/"},{"@type":"ListItem","position":2,"name":"Neg\u00f3cios","item":"https:\/\/www.suno.com.br\/noticias\/negocios\/"},{"@type":"ListItem","position":3,"name":"&#8216;Jabutis&#8217; da MP da Eletrobras (ELET3) &#8216;v\u00e3o evaporar&#8217;, diz Guedes"}]},{"@type":"WebSite","@id":"https:\/\/www.suno.com.br\/noticias\/#website","url":"https:\/\/www.suno.com.br\/noticias\/","name":"Suno Not\u00edcias","description":"Seu portal de informa\u00e7\u00e3o sobre o mundo dos investimentos","publisher":{"@id":"https:\/\/www.suno.com.br\/noticias\/#organization"},"potentialAction":[{"@type":"SearchAction","target":{"@type":"EntryPoint","urlTemplate":"https:\/\/www.suno.com.br\/noticias\/?s={search_term_string}"},"query-input":{"@type":"PropertyValueSpecification","valueRequired":true,"valueName":"search_term_string"}}],"inLanguage":"pt-BR"},{"@type":"Organization","@id":"https:\/\/www.suno.com.br\/noticias\/#organization","name":"Suno Not\u00edcias","url":"https:\/\/www.suno.com.br\/noticias\/","logo":{"@type":"ImageObject","inLanguage":"pt-BR","@id":"https:\/\/www.suno.com.br\/noticias\/#\/schema\/logo\/image\/","url":"https:\/\/files.sunoresearch.com.br\/n\/uploads\/2021\/09\/suno-logo.png","contentUrl":"https:\/\/files.sunoresearch.com.br\/n\/uploads\/2021\/09\/suno-logo.png","width":180,"height":180,"caption":"Suno Not\u00edcias"},"image":{"@id":"https:\/\/www.suno.com.br\/noticias\/#\/schema\/logo\/image\/"},"sameAs":["https:\/\/facebook.com\/sunoresearch","https:\/\/x.com\/sunoresearch","https:\/\/www.instagram.com\/suno","https:\/\/www.linkedin.com\/company\/suno-research\/","https:\/\/www.youtube.com\/c\/sunoresearch"]},{"@type":"Person","@id":"https:\/\/www.suno.com.br\/noticias\/#\/schema\/person\/02ec1f752758247878a2bf4abee1aeda","name":"Poliana Santos","image":{"@type":"ImageObject","inLanguage":"pt-BR","@id":"https:\/\/www.suno.com.br\/noticias\/#\/schema\/person\/image\/","url":"https:\/\/secure.gravatar.com\/avatar\/0645bd32f23d87b2130f2b2dff1d3f8d?s=96&r=g","contentUrl":"https:\/\/secure.gravatar.com\/avatar\/0645bd32f23d87b2130f2b2dff1d3f8d?s=96&r=g","caption":"Poliana Santos"},"description":"Rep\u00f3rter no Suno Not\u00edcias, com cobertura em mercado financeiro, economia, finan\u00e7as pessoais, renda fixa e varejo. Jornalista formada pela Faculdade C\u00e1sper L\u00edbero e possui passagem na R\u00e1dio Gazeta AM com a produ\u00e7\u00e3o de conte\u00fado sobre economia, pol\u00edtica, sa\u00fade, moda e m\u00fasica. Possui certificado de conclus\u00e3o do curso de An\u00e1lise de Balan\u00e7os pela Funda\u00e7\u00e3o Bradesco, Agenda Brasil pela FAAP, Educa\u00e7\u00e3o Pol\u00edtica por Alexandre Garcia e do Tesouro Direto e Mercado de A\u00e7\u00f5es pela B3.","url":"https:\/\/www.suno.com.br\/noticias\/author\/poliana-santos\/"}]}},"default_loop_html":"<div class=\"cardsPage__listCard__boxs\"><div class=\"cardsPage__listCard__boxs__img\"><a href=\"https:\/\/www.suno.com.br\/noticias\/jabutis-da-mp-da-eletrobras-elet3-guedes\/\"><img class=\"mask\" src=\"https:\/\/www.suno.com.br\/noticias\/wp-content\/themes\/suno\/resources\/images\/spotlight\/spotlight1img\/bg-mask.png\" alt=\"Image Mask\"\/><img src=\"https:\/\/files.sunoresearch.com.br\/n\/uploads\/2021\/03\/7c7882d5-paulo-guedes-foto-najara-araujo-camara-dos-deputados-400x200.webp\" alt=\"&#8216;Jabutis&#8217; da MP da Eletrobras (ELET3) &#8216;v\u00e3o evaporar&#8217;, diz Guedes\"\/><\/a><span class=\"spotlightCategory\"><a href=\"https:\/\/www.suno.com.br\/noticias\/negocios\/\">Neg\u00f3cios<\/a><\/span><\/div><div class=\"cardsPage__listCard__boxs__content\"><a href=\"https:\/\/www.suno.com.br\/noticias\/jabutis-da-mp-da-eletrobras-elet3-guedes\/\"><h2 class=\"content__title\">&#8216;Jabutis&#8217; da MP da Eletrobras (ELET3) &#8216;v\u00e3o evaporar&#8217;, diz Guedes<\/h2><\/a><div class=\"newsContent__article__meta\"><div class=\"newsContent__article__meta__authorBox\"><a href=\"https:\/\/www.suno.com.br\/noticias\/author\/poliana-santos\/\" class=\"authorBox__avatar noMobi\"><img src=\"https:\/\/files.sunoresearch.com.br\/n\/uploads\/2020\/08\/7ef34026-whatsapp-image-2020-08-03-at-12.37.57-150x150.webp\" alt=\"Poliana Santos\"><\/a><div class=\"authorBox__name\"><span>por\n\t\t\t<a href=\"https:\/\/www.suno.com.br\/noticias\/author\/poliana-santos\/\"><span itemprop=\"author\">Poliana Santos<\/span><\/a><\/span><time datetime=\"2021-07-07T15:58:46-03:00\" itemprop=\"datePublished\">07\/07\/2021 15:58<\/time><\/div><\/div><\/div><\/div><\/div>","single_layout":"posts","amp_enabled":true,"_links":{"self":[{"href":"https:\/\/www.suno.com.br\/noticias\/wp-json\/wp\/v2\/posts\/164332"}],"collection":[{"href":"https:\/\/www.suno.com.br\/noticias\/wp-json\/wp\/v2\/posts"}],"about":[{"href":"https:\/\/www.suno.com.br\/noticias\/wp-json\/wp\/v2\/types\/post"}],"author":[{"embeddable":true,"href":"https:\/\/www.suno.com.br\/noticias\/wp-json\/wp\/v2\/users\/15"}],"replies":[{"embeddable":true,"href":"https:\/\/www.suno.com.br\/noticias\/wp-json\/wp\/v2\/comments?post=164332"}],"version-history":[{"count":2,"href":"https:\/\/www.suno.com.br\/noticias\/wp-json\/wp\/v2\/posts\/164332\/revisions"}],"predecessor-version":[{"id":164390,"href":"https:\/\/www.suno.com.br\/noticias\/wp-json\/wp\/v2\/posts\/164332\/revisions\/164390"}],"wp:featuredmedia":[{"embeddable":true,"href":"https:\/\/www.suno.com.br\/noticias\/wp-json\/wp\/v2\/media\/130412"}],"wp:attachment":[{"href":"https:\/\/www.suno.com.br\/noticias\/wp-json\/wp\/v2\/media?parent=164332"}],"wp:term":[{"taxonomy":"category","embeddable":true,"href":"https:\/\/www.suno.com.br\/noticias\/wp-json\/wp\/v2\/categories?post=164332"},{"taxonomy":"post_tag","embeddable":true,"href":"https:\/\/www.suno.com.br\/noticias\/wp-json\/wp\/v2\/tags?post=164332"},{"taxonomy":"suno_strategy","embeddable":true,"href":"https:\/\/www.suno.com.br\/noticias\/wp-json\/wp\/v2\/suno_strategy?post=164332"}],"curies":[{"name":"wp","href":"https:\/\/api.w.org\/{rel}","templated":true}]}}