{"id":16433,"date":"2019-02-24T15:13:48","date_gmt":"2019-02-24T18:13:48","guid":{"rendered":"https:\/\/www.suno.com.br\/noticias\/?p=16433"},"modified":"2019-02-24T15:18:57","modified_gmt":"2019-02-24T18:18:57","slug":"petrobras-gabinetes-vazamento-oleo","status":"publish","type":"post","link":"https:\/\/www.suno.com.br\/noticias\/petrobras-gabinetes-vazamento-oleo\/","title":{"rendered":"Petrobras cria gabinetes de crise para cuidar de vazamento de \u00f3leo no ES"},"content":{"rendered":"<p>A Petrobras (PETR4) criou dois gabinetes de crise para controlar o vazamento de \u00f3leo na Bacia de Campos, no Esp\u00edrito Santo.<\/p>\t<div class=\"wrapper-featured-image\">\n\t\t<figure class=\"spotlightImg\">\n\n\t\t\t<picture>\n\t\t\t\t<source media=\"(max-width: 768px)\" srcset=\"https:\/\/files.sunoresearch.com.br\/n\/uploads\/2019\/02\/c03adae2-petrobras-400x200.webp\">\n\t\t\t\t<img loading=\"lazy\" decoding=\"async\" class=\"newsContent__article__imgCapa lazyloadDisabled newsContent__article__imgCapa--noCaption\" src=\"https:\/\/files.sunoresearch.com.br\/n\/uploads\/2019\/02\/c03adae2-petrobras-800x450.webp\" width=\"800\" height=\"450\" alt=\"Petrobras cria gabinetes de crise para cuidar de vazamento de \u00f3leo no ES\" fetchpriority=high \/>\n\t\t\t<\/picture>\n\n\t\t\t<figcaption class=\"wp-caption-text wp-caption-text--hide\">Petrobras<\/figcaption>\n\t\t<\/figure>\n\t<\/div>\n\n\n<p>O vazamento estimado pela <strong>Petrobras<\/strong> \u00e9 de 188 metros c\u00fabicos de \u00f3leo. De acordo com a estatal, o incidente ocorreu no <strong>Parque das Baleias<\/strong>, a cerca de 80 km da costa, em uma opera\u00e7\u00e3o de transfer\u00eancia de \u00f3leo para um <strong>navio aliviador.<\/strong> O<strong> rompimento do mangote (mangueira da suc\u00e7\u00e3o)<\/strong> na plataforma P-58 teria ocasionado o problema.<\/p>\n<p><a href=\"https:\/\/www.suno.com.br\/noticias\/petrobras-vazamento-oleo-paraque-baleias\/\">Saiba mais:\u00a0Petrobras informa vazamento no Parque das Baleias, na Bacia de Campos<\/a><\/p>\n<p>Em comunicado, a <strong>Companhia de Valores Mobili\u00e1rios<\/strong> informa que\u00a0&#8220;a\u00a0plataforma est\u00e1 em condi\u00e7\u00e3o segura. <strong>N\u00e3o h\u00e1 v\u00edtimas<\/strong> nem impacto para a opera\u00e7\u00e3o\u201d.<\/p>\n<p>J\u00e1 a <strong>Petrobras<\/strong> afirma que est\u00e1 tomando todas as medidas necess\u00e1rias.\u00a0\u201cDuas embarca\u00e7\u00f5es est\u00e3o no local para conten\u00e7\u00e3o e <strong>recolhimento<\/strong> da mancha. As simula\u00e7\u00f5es iniciais indicam que n\u00e3o h\u00e1 risco de a <strong>mancha<\/strong> chegar \u00e0 <strong>costa<\/strong>. Est\u00e1 sendo realizado sobrevoo com <strong>especialistas<\/strong> para avalia\u00e7\u00e3o da regi\u00e3o\u201d, informou a Petrobras<\/p>\n<p><a href=\"https:\/\/www.suno.com.br\/noticias\/shell-patria-mitsubishi-termeletrica\/\">Saiba mais: Shell, P\u00e1tria e Mitsubishi anunciam termel\u00e9trica de US$ 700 mi no RJ<\/a><\/p>\n<p>\u201cA <strong>Petrobras<\/strong>\u00a0comunicou a ocorr\u00eancia aos <strong>\u00f3rg\u00e3os reguladores<\/strong> competentes. Uma comiss\u00e3o est\u00e1 sendo formada para <strong>investigar as causas<\/strong> da ocorr\u00eancia\u201d, completou.<\/p>\n<p>O <strong>Instituto Brasileiro do Meio Ambiente e dos Recursos Naturais (Ibama)<\/strong> informou por meio de nota que as equipes do \u00f3rg\u00e3o e da <strong>Petrobras<\/strong> est\u00e3o realizando &#8220;todos os procedimentos de monitoramento de conten\u00e7\u00e3o da Mancha&#8221;. O Ibama declarou ainda que a <strong>mancha n\u00e3o se aproxima do litoral<\/strong>. &#8220;O Ibama-ES informa a popula\u00e7\u00e3o que a situa\u00e7\u00e3o est\u00e1 sob controle e que todas as medidas cab\u00edveis est\u00e3o sendo adotados para resolu\u00e7\u00e3o da situa\u00e7\u00e3o.&#8221; A <strong>Marinha<\/strong> tamb\u00e9m acompanha o caso.<\/p>\n<p><a href=\"https:\/\/www.suno.com.br\/noticias\/shell-nteresse-expandir-presenca-brasil\/\">Saiba mais: Shell mant\u00e9m interesse em expandir presen\u00e7a no Brasil, diz presidente<\/a><\/p>\n","protected":false},"excerpt":{"rendered":"<p>A Petrobras (PETR4) criou dois gabinetes de crise para controlar o vazamento de \u00f3leo na Bacia de Campos, no Esp\u00edrito Santo. Petrobras O vazamento estimado pela Petrobras \u00e9 de 188 metros c\u00fabicos de \u00f3leo. De acordo com a estatal, o incidente ocorreu no Parque das Baleias, a cerca de 80 km da costa, em uma [&hellip;]<\/p>\n","protected":false},"author":14,"featured_media":16437,"comment_status":"closed","ping_status":"closed","sticky":false,"template":"","format":"standard","meta":[],"categories":[64],"tags":[1038,595],"suno_strategy":[],"class_list":["post-16433","post","type-post","status-publish","format-standard","has-post-thumbnail","hentry","category-negocios","tag-ibama","tag-petrobras-petr4"],"yoast_head":"<!-- This site is optimized with the Yoast SEO plugin v24.4 - https:\/\/yoast.com\/wordpress\/plugins\/seo\/ -->\n<title>Petrobras cria gabinetes de crise para cuidar de vazamento de \u00f3leo no ES<\/title>\n<meta name=\"description\" content=\"O vazamento de \u00f3leo estimado pela Petrobras \u00e9 de 188 metros c\u00fabicos; o incidente ocorreu no Parque das Baleias. Clique para saber mais.\" \/>\n<meta name=\"robots\" content=\"index, follow, max-snippet:-1, max-image-preview:large, max-video-preview:-1\" \/>\n<link rel=\"canonical\" href=\"https:\/\/www.suno.com.br\/noticias\/petrobras-gabinetes-vazamento-oleo\/\" \/>\n<meta property=\"og:locale\" content=\"pt_BR\" \/>\n<meta property=\"og:type\" content=\"article\" \/>\n<meta property=\"og:title\" content=\"Petrobras cria gabinetes de crise para cuidar de vazamento de \u00f3leo no ES\" \/>\n<meta property=\"og:description\" content=\"O vazamento de \u00f3leo estimado pela Petrobras \u00e9 de 188 metros c\u00fabicos; o incidente ocorreu no Parque das Baleias. Clique para saber mais.\" \/>\n<meta property=\"og:url\" content=\"https:\/\/www.suno.com.br\/noticias\/petrobras-gabinetes-vazamento-oleo\/\" \/>\n<meta property=\"og:site_name\" content=\"Suno Not\u00edcias\" \/>\n<meta property=\"article:publisher\" content=\"https:\/\/facebook.com\/sunoresearch\" \/>\n<meta property=\"og:image\" content=\"https:\/\/files.sunoresearch.com.br\/n\/uploads\/2019\/02\/c03adae2-petrobras-1024x683.jpg\" \/>\n\t<meta property=\"og:image:width\" content=\"1024\" \/>\n\t<meta property=\"og:image:height\" content=\"683\" \/>\n\t<meta property=\"og:image:type\" content=\"image\/jpeg\" \/>\n<meta name=\"author\" content=\"Renan Dantas\" \/>\n<meta name=\"twitter:card\" content=\"summary_large_image\" \/>\n<meta name=\"twitter:creator\" content=\"@sunoresearch\" \/>\n<meta name=\"twitter:site\" content=\"@sunoresearch\" \/>\n<meta name=\"twitter:label1\" content=\"Escrito por\" \/>\n\t<meta name=\"twitter:data1\" content=\"Renan Dantas\" \/>\n\t<meta name=\"twitter:label2\" content=\"Est. tempo de leitura\" \/>\n\t<meta name=\"twitter:data2\" content=\"2 minutos\" \/>\n<script type=\"application\/ld+json\" class=\"yoast-schema-graph\">{\"@context\":\"https:\/\/schema.org\",\"@graph\":[{\"@type\":\"NewsArticle\",\"@id\":\"https:\/\/www.suno.com.br\/noticias\/petrobras-gabinetes-vazamento-oleo\/#article\",\"isPartOf\":{\"@id\":\"https:\/\/www.suno.com.br\/noticias\/petrobras-gabinetes-vazamento-oleo\/\"},\"author\":{\"name\":\"Renan Dantas\",\"@id\":\"https:\/\/www.suno.com.br\/noticias\/#\/schema\/person\/3f7693d5795a3f6d5ce15309ee785699\"},\"headline\":\"Petrobras cria gabinetes de crise para cuidar de vazamento de \u00f3leo no ES\",\"datePublished\":\"2019-02-24T18:13:48+00:00\",\"dateModified\":\"2019-02-24T18:18:57+00:00\",\"mainEntityOfPage\":{\"@id\":\"https:\/\/www.suno.com.br\/noticias\/petrobras-gabinetes-vazamento-oleo\/\"},\"wordCount\":331,\"publisher\":{\"@id\":\"https:\/\/www.suno.com.br\/noticias\/#organization\"},\"image\":{\"@id\":\"https:\/\/www.suno.com.br\/noticias\/petrobras-gabinetes-vazamento-oleo\/#primaryimage\"},\"thumbnailUrl\":\"https:\/\/files.sunoresearch.com.br\/n\/uploads\/2019\/02\/c03adae2-petrobras-scaled.webp\",\"keywords\":[\"Ibama\",\"Petrobras (PETR4)\"],\"articleSection\":[\"Neg\u00f3cios\"],\"inLanguage\":\"pt-BR\"},{\"@type\":\"WebPage\",\"@id\":\"https:\/\/www.suno.com.br\/noticias\/petrobras-gabinetes-vazamento-oleo\/\",\"url\":\"https:\/\/www.suno.com.br\/noticias\/petrobras-gabinetes-vazamento-oleo\/\",\"name\":\"Petrobras cria gabinetes de crise para cuidar de vazamento de \u00f3leo no ES\",\"isPartOf\":{\"@id\":\"https:\/\/www.suno.com.br\/noticias\/#website\"},\"primaryImageOfPage\":{\"@id\":\"https:\/\/www.suno.com.br\/noticias\/petrobras-gabinetes-vazamento-oleo\/#primaryimage\"},\"image\":{\"@id\":\"https:\/\/www.suno.com.br\/noticias\/petrobras-gabinetes-vazamento-oleo\/#primaryimage\"},\"thumbnailUrl\":\"https:\/\/files.sunoresearch.com.br\/n\/uploads\/2019\/02\/c03adae2-petrobras-scaled.webp\",\"datePublished\":\"2019-02-24T18:13:48+00:00\",\"dateModified\":\"2019-02-24T18:18:57+00:00\",\"description\":\"O vazamento de \u00f3leo estimado pela Petrobras \u00e9 de 188 metros c\u00fabicos; o incidente ocorreu no Parque das Baleias. Clique para saber mais.\",\"breadcrumb\":{\"@id\":\"https:\/\/www.suno.com.br\/noticias\/petrobras-gabinetes-vazamento-oleo\/#breadcrumb\"},\"inLanguage\":\"pt-BR\",\"potentialAction\":[{\"@type\":\"ReadAction\",\"target\":[\"https:\/\/www.suno.com.br\/noticias\/petrobras-gabinetes-vazamento-oleo\/\"]}]},{\"@type\":\"ImageObject\",\"inLanguage\":\"pt-BR\",\"@id\":\"https:\/\/www.suno.com.br\/noticias\/petrobras-gabinetes-vazamento-oleo\/#primaryimage\",\"url\":\"https:\/\/files.sunoresearch.com.br\/n\/uploads\/2019\/02\/c03adae2-petrobras-scaled.webp\",\"contentUrl\":\"https:\/\/files.sunoresearch.com.br\/n\/uploads\/2019\/02\/c03adae2-petrobras-scaled.webp\",\"width\":2560,\"height\":1707,\"caption\":\"Petrobras\"},{\"@type\":\"BreadcrumbList\",\"@id\":\"https:\/\/www.suno.com.br\/noticias\/petrobras-gabinetes-vazamento-oleo\/#breadcrumb\",\"itemListElement\":[{\"@type\":\"ListItem\",\"position\":1,\"name\":\"Not\u00edcias\",\"item\":\"https:\/\/www.suno.com.br\/noticias\/\"},{\"@type\":\"ListItem\",\"position\":2,\"name\":\"Neg\u00f3cios\",\"item\":\"https:\/\/www.suno.com.br\/noticias\/negocios\/\"},{\"@type\":\"ListItem\",\"position\":3,\"name\":\"Petrobras cria gabinetes de crise para cuidar de vazamento de \u00f3leo no ES\"}]},{\"@type\":\"WebSite\",\"@id\":\"https:\/\/www.suno.com.br\/noticias\/#website\",\"url\":\"https:\/\/www.suno.com.br\/noticias\/\",\"name\":\"Suno Not\u00edcias\",\"description\":\"Seu portal de informa\u00e7\u00e3o sobre o mundo dos investimentos\",\"publisher\":{\"@id\":\"https:\/\/www.suno.com.br\/noticias\/#organization\"},\"potentialAction\":[{\"@type\":\"SearchAction\",\"target\":{\"@type\":\"EntryPoint\",\"urlTemplate\":\"https:\/\/www.suno.com.br\/noticias\/?s={search_term_string}\"},\"query-input\":{\"@type\":\"PropertyValueSpecification\",\"valueRequired\":true,\"valueName\":\"search_term_string\"}}],\"inLanguage\":\"pt-BR\"},{\"@type\":\"Organization\",\"@id\":\"https:\/\/www.suno.com.br\/noticias\/#organization\",\"name\":\"Suno Not\u00edcias\",\"url\":\"https:\/\/www.suno.com.br\/noticias\/\",\"logo\":{\"@type\":\"ImageObject\",\"inLanguage\":\"pt-BR\",\"@id\":\"https:\/\/www.suno.com.br\/noticias\/#\/schema\/logo\/image\/\",\"url\":\"https:\/\/files.sunoresearch.com.br\/n\/uploads\/2021\/09\/suno-logo.png\",\"contentUrl\":\"https:\/\/files.sunoresearch.com.br\/n\/uploads\/2021\/09\/suno-logo.png\",\"width\":180,\"height\":180,\"caption\":\"Suno Not\u00edcias\"},\"image\":{\"@id\":\"https:\/\/www.suno.com.br\/noticias\/#\/schema\/logo\/image\/\"},\"sameAs\":[\"https:\/\/facebook.com\/sunoresearch\",\"https:\/\/x.com\/sunoresearch\",\"https:\/\/www.instagram.com\/suno\",\"https:\/\/www.linkedin.com\/company\/suno-research\/\",\"https:\/\/www.youtube.com\/c\/sunoresearch\"]},{\"@type\":\"Person\",\"@id\":\"https:\/\/www.suno.com.br\/noticias\/#\/schema\/person\/3f7693d5795a3f6d5ce15309ee785699\",\"name\":\"Renan Dantas\",\"image\":{\"@type\":\"ImageObject\",\"inLanguage\":\"pt-BR\",\"@id\":\"https:\/\/www.suno.com.br\/noticias\/#\/schema\/person\/image\/\",\"url\":\"https:\/\/secure.gravatar.com\/avatar\/1787b83e7484a08e51d62ac8b41c8396?s=96&r=g\",\"contentUrl\":\"https:\/\/secure.gravatar.com\/avatar\/1787b83e7484a08e51d62ac8b41c8396?s=96&r=g\",\"caption\":\"Renan Dantas\"},\"description\":\"Escreve sobre pol\u00edtica e mercado financeiro para o portal Suno Not\u00edcias. Antes, atuou na assessoria de comunica\u00e7\u00e3o do Minist\u00e9rio P\u00fablico do Trabalho e na R\u00e1dio Mackenzie, onde apresentava e produzia um programa sobre artistas da m\u00fasica brasileira. \u00c9 estudante na Universidade Presbiteriana Mackenzie.\",\"url\":\"https:\/\/www.suno.com.br\/noticias\/author\/renan-dantas\/\"}]}<\/script>\n<!-- \/ Yoast SEO plugin. -->","yoast_head_json":{"title":"Petrobras cria gabinetes de crise para cuidar de vazamento de \u00f3leo no ES","description":"O vazamento de \u00f3leo estimado pela Petrobras \u00e9 de 188 metros c\u00fabicos; o incidente ocorreu no Parque das Baleias. Clique para saber mais.","robots":{"index":"index","follow":"follow","max-snippet":"max-snippet:-1","max-image-preview":"max-image-preview:large","max-video-preview":"max-video-preview:-1"},"canonical":"https:\/\/www.suno.com.br\/noticias\/petrobras-gabinetes-vazamento-oleo\/","og_locale":"pt_BR","og_type":"article","og_title":"Petrobras cria gabinetes de crise para cuidar de vazamento de \u00f3leo no ES","og_description":"O vazamento de \u00f3leo estimado pela Petrobras \u00e9 de 188 metros c\u00fabicos; o incidente ocorreu no Parque das Baleias. Clique para saber mais.","og_url":"https:\/\/www.suno.com.br\/noticias\/petrobras-gabinetes-vazamento-oleo\/","og_site_name":"Suno Not\u00edcias","article_publisher":"https:\/\/facebook.com\/sunoresearch","og_image":[{"width":1024,"height":683,"url":"https:\/\/files.sunoresearch.com.br\/n\/uploads\/2019\/02\/c03adae2-petrobras-1024x683.jpg","type":"image\/jpeg"}],"author":"Renan Dantas","twitter_card":"summary_large_image","twitter_creator":"@sunoresearch","twitter_site":"@sunoresearch","twitter_misc":{"Escrito por":"Renan Dantas","Est. tempo de leitura":"2 minutos"},"schema":{"@context":"https:\/\/schema.org","@graph":[{"@type":"NewsArticle","@id":"https:\/\/www.suno.com.br\/noticias\/petrobras-gabinetes-vazamento-oleo\/#article","isPartOf":{"@id":"https:\/\/www.suno.com.br\/noticias\/petrobras-gabinetes-vazamento-oleo\/"},"author":{"name":"Renan Dantas","@id":"https:\/\/www.suno.com.br\/noticias\/#\/schema\/person\/3f7693d5795a3f6d5ce15309ee785699"},"headline":"Petrobras cria gabinetes de crise para cuidar de vazamento de \u00f3leo no ES","datePublished":"2019-02-24T18:13:48+00:00","dateModified":"2019-02-24T18:18:57+00:00","mainEntityOfPage":{"@id":"https:\/\/www.suno.com.br\/noticias\/petrobras-gabinetes-vazamento-oleo\/"},"wordCount":331,"publisher":{"@id":"https:\/\/www.suno.com.br\/noticias\/#organization"},"image":{"@id":"https:\/\/www.suno.com.br\/noticias\/petrobras-gabinetes-vazamento-oleo\/#primaryimage"},"thumbnailUrl":"https:\/\/files.sunoresearch.com.br\/n\/uploads\/2019\/02\/c03adae2-petrobras-scaled.webp","keywords":["Ibama","Petrobras (PETR4)"],"articleSection":["Neg\u00f3cios"],"inLanguage":"pt-BR"},{"@type":"WebPage","@id":"https:\/\/www.suno.com.br\/noticias\/petrobras-gabinetes-vazamento-oleo\/","url":"https:\/\/www.suno.com.br\/noticias\/petrobras-gabinetes-vazamento-oleo\/","name":"Petrobras cria gabinetes de crise para cuidar de vazamento de \u00f3leo no ES","isPartOf":{"@id":"https:\/\/www.suno.com.br\/noticias\/#website"},"primaryImageOfPage":{"@id":"https:\/\/www.suno.com.br\/noticias\/petrobras-gabinetes-vazamento-oleo\/#primaryimage"},"image":{"@id":"https:\/\/www.suno.com.br\/noticias\/petrobras-gabinetes-vazamento-oleo\/#primaryimage"},"thumbnailUrl":"https:\/\/files.sunoresearch.com.br\/n\/uploads\/2019\/02\/c03adae2-petrobras-scaled.webp","datePublished":"2019-02-24T18:13:48+00:00","dateModified":"2019-02-24T18:18:57+00:00","description":"O vazamento de \u00f3leo estimado pela Petrobras \u00e9 de 188 metros c\u00fabicos; o incidente ocorreu no Parque das Baleias. Clique para saber mais.","breadcrumb":{"@id":"https:\/\/www.suno.com.br\/noticias\/petrobras-gabinetes-vazamento-oleo\/#breadcrumb"},"inLanguage":"pt-BR","potentialAction":[{"@type":"ReadAction","target":["https:\/\/www.suno.com.br\/noticias\/petrobras-gabinetes-vazamento-oleo\/"]}]},{"@type":"ImageObject","inLanguage":"pt-BR","@id":"https:\/\/www.suno.com.br\/noticias\/petrobras-gabinetes-vazamento-oleo\/#primaryimage","url":"https:\/\/files.sunoresearch.com.br\/n\/uploads\/2019\/02\/c03adae2-petrobras-scaled.webp","contentUrl":"https:\/\/files.sunoresearch.com.br\/n\/uploads\/2019\/02\/c03adae2-petrobras-scaled.webp","width":2560,"height":1707,"caption":"Petrobras"},{"@type":"BreadcrumbList","@id":"https:\/\/www.suno.com.br\/noticias\/petrobras-gabinetes-vazamento-oleo\/#breadcrumb","itemListElement":[{"@type":"ListItem","position":1,"name":"Not\u00edcias","item":"https:\/\/www.suno.com.br\/noticias\/"},{"@type":"ListItem","position":2,"name":"Neg\u00f3cios","item":"https:\/\/www.suno.com.br\/noticias\/negocios\/"},{"@type":"ListItem","position":3,"name":"Petrobras cria gabinetes de crise para cuidar de vazamento de \u00f3leo no ES"}]},{"@type":"WebSite","@id":"https:\/\/www.suno.com.br\/noticias\/#website","url":"https:\/\/www.suno.com.br\/noticias\/","name":"Suno Not\u00edcias","description":"Seu portal de informa\u00e7\u00e3o sobre o mundo dos investimentos","publisher":{"@id":"https:\/\/www.suno.com.br\/noticias\/#organization"},"potentialAction":[{"@type":"SearchAction","target":{"@type":"EntryPoint","urlTemplate":"https:\/\/www.suno.com.br\/noticias\/?s={search_term_string}"},"query-input":{"@type":"PropertyValueSpecification","valueRequired":true,"valueName":"search_term_string"}}],"inLanguage":"pt-BR"},{"@type":"Organization","@id":"https:\/\/www.suno.com.br\/noticias\/#organization","name":"Suno Not\u00edcias","url":"https:\/\/www.suno.com.br\/noticias\/","logo":{"@type":"ImageObject","inLanguage":"pt-BR","@id":"https:\/\/www.suno.com.br\/noticias\/#\/schema\/logo\/image\/","url":"https:\/\/files.sunoresearch.com.br\/n\/uploads\/2021\/09\/suno-logo.png","contentUrl":"https:\/\/files.sunoresearch.com.br\/n\/uploads\/2021\/09\/suno-logo.png","width":180,"height":180,"caption":"Suno Not\u00edcias"},"image":{"@id":"https:\/\/www.suno.com.br\/noticias\/#\/schema\/logo\/image\/"},"sameAs":["https:\/\/facebook.com\/sunoresearch","https:\/\/x.com\/sunoresearch","https:\/\/www.instagram.com\/suno","https:\/\/www.linkedin.com\/company\/suno-research\/","https:\/\/www.youtube.com\/c\/sunoresearch"]},{"@type":"Person","@id":"https:\/\/www.suno.com.br\/noticias\/#\/schema\/person\/3f7693d5795a3f6d5ce15309ee785699","name":"Renan Dantas","image":{"@type":"ImageObject","inLanguage":"pt-BR","@id":"https:\/\/www.suno.com.br\/noticias\/#\/schema\/person\/image\/","url":"https:\/\/secure.gravatar.com\/avatar\/1787b83e7484a08e51d62ac8b41c8396?s=96&r=g","contentUrl":"https:\/\/secure.gravatar.com\/avatar\/1787b83e7484a08e51d62ac8b41c8396?s=96&r=g","caption":"Renan Dantas"},"description":"Escreve sobre pol\u00edtica e mercado financeiro para o portal Suno Not\u00edcias. Antes, atuou na assessoria de comunica\u00e7\u00e3o do Minist\u00e9rio P\u00fablico do Trabalho e na R\u00e1dio Mackenzie, onde apresentava e produzia um programa sobre artistas da m\u00fasica brasileira. \u00c9 estudante na Universidade Presbiteriana Mackenzie.","url":"https:\/\/www.suno.com.br\/noticias\/author\/renan-dantas\/"}]}},"default_loop_html":"<div class=\"cardsPage__listCard__boxs\"><div class=\"cardsPage__listCard__boxs__img\"><a href=\"https:\/\/www.suno.com.br\/noticias\/petrobras-gabinetes-vazamento-oleo\/\"><img class=\"mask\" src=\"https:\/\/www.suno.com.br\/noticias\/wp-content\/themes\/suno\/resources\/images\/spotlight\/spotlight1img\/bg-mask.png\" alt=\"Image Mask\"\/><img src=\"https:\/\/files.sunoresearch.com.br\/n\/uploads\/2019\/02\/c03adae2-petrobras-400x200.webp\" alt=\"Petrobras cria gabinetes de crise para cuidar de vazamento de \u00f3leo no ES\"\/><\/a><span class=\"spotlightCategory\"><a href=\"https:\/\/www.suno.com.br\/noticias\/negocios\/\">Neg\u00f3cios<\/a><\/span><\/div><div class=\"cardsPage__listCard__boxs__content\"><a href=\"https:\/\/www.suno.com.br\/noticias\/petrobras-gabinetes-vazamento-oleo\/\"><h2 class=\"content__title\">Petrobras cria gabinetes de crise para cuidar de vazamento de \u00f3leo no ES<\/h2><\/a><div class=\"newsContent__article__meta\"><div class=\"newsContent__article__meta__authorBox\"><a href=\"https:\/\/www.suno.com.br\/noticias\/author\/renan-dantas\/\" class=\"authorBox__avatar noMobi\"><img src=\"https:\/\/secure.gravatar.com\/avatar\/1787b83e7484a08e51d62ac8b41c8396?s=96&#038;r=g\" alt=\"Renan Dantas\"><\/a><div class=\"authorBox__name\"><span>por\n\t\t\t<a href=\"https:\/\/www.suno.com.br\/noticias\/author\/renan-dantas\/\"><span itemprop=\"author\">Renan Dantas<\/span><\/a><\/span><time datetime=\"2019-02-24T15:13:48-03:00\" itemprop=\"datePublished\">24\/02\/2019 15:13<\/time><\/div><\/div><\/div><\/div><\/div>","single_layout":"posts","amp_enabled":true,"_links":{"self":[{"href":"https:\/\/www.suno.com.br\/noticias\/wp-json\/wp\/v2\/posts\/16433"}],"collection":[{"href":"https:\/\/www.suno.com.br\/noticias\/wp-json\/wp\/v2\/posts"}],"about":[{"href":"https:\/\/www.suno.com.br\/noticias\/wp-json\/wp\/v2\/types\/post"}],"author":[{"embeddable":true,"href":"https:\/\/www.suno.com.br\/noticias\/wp-json\/wp\/v2\/users\/14"}],"replies":[{"embeddable":true,"href":"https:\/\/www.suno.com.br\/noticias\/wp-json\/wp\/v2\/comments?post=16433"}],"version-history":[{"count":0,"href":"https:\/\/www.suno.com.br\/noticias\/wp-json\/wp\/v2\/posts\/16433\/revisions"}],"wp:featuredmedia":[{"embeddable":true,"href":"https:\/\/www.suno.com.br\/noticias\/wp-json\/wp\/v2\/media\/16437"}],"wp:attachment":[{"href":"https:\/\/www.suno.com.br\/noticias\/wp-json\/wp\/v2\/media?parent=16433"}],"wp:term":[{"taxonomy":"category","embeddable":true,"href":"https:\/\/www.suno.com.br\/noticias\/wp-json\/wp\/v2\/categories?post=16433"},{"taxonomy":"post_tag","embeddable":true,"href":"https:\/\/www.suno.com.br\/noticias\/wp-json\/wp\/v2\/tags?post=16433"},{"taxonomy":"suno_strategy","embeddable":true,"href":"https:\/\/www.suno.com.br\/noticias\/wp-json\/wp\/v2\/suno_strategy?post=16433"}],"curies":[{"name":"wp","href":"https:\/\/api.w.org\/{rel}","templated":true}]}}