{"id":164318,"date":"2021-07-07T13:02:10","date_gmt":"2021-07-07T16:02:10","guid":{"rendered":"https:\/\/www.suno.com.br\/noticias\/?p=164318"},"modified":"2021-07-07T13:48:30","modified_gmt":"2021-07-07T16:48:30","slug":"petrobras-petr4-precos-internacionais-mourao","status":"publish","type":"post","link":"https:\/\/www.suno.com.br\/noticias\/petrobras-petr4-precos-internacionais-mourao\/","title":{"rendered":"Petrobras (PETR4) precisa acompanhar pre\u00e7os internacionais, diz Mour\u00e3o"},"content":{"rendered":"<p>O vice-presidente Hamilton Mour\u00e3o descartou a possibilidade de uma nova greve de caminhoneiros e defendeu que a <a href=\"https:\/\/www.suno.com.br\/acoes\/petr4\/\"><strong>Petrobras<\/strong> (PETR4)<\/a> reajuste o pre\u00e7o dos combust\u00edveis com base flutua\u00e7\u00f5es do mercado internacional.<\/p>\t<div class=\"wrapper-featured-image\">\n\t\t<figure class=\"spotlightImg\">\n\n\t\t\t<picture>\n\t\t\t\t<source media=\"(max-width: 768px)\" srcset=\"https:\/\/files.sunoresearch.com.br\/n\/uploads\/2021\/07\/5654ec43-pzzb7939-400x200.jpg\">\n\t\t\t\t<img loading=\"lazy\" decoding=\"async\" class=\"newsContent__article__imgCapa lazyloadDisabled \" src=\"https:\/\/files.sunoresearch.com.br\/n\/uploads\/2021\/07\/5654ec43-pzzb7939-800x450.jpg\" width=\"800\" height=\"450\" alt=\"Petrobras (PETR4) precisa acompanhar pre\u00e7os internacionais, diz Mour\u00e3o\" fetchpriority=high \/>\n\t\t\t<\/picture>\n\n\t\t\t<figcaption class=\"wp-caption-text wp-caption-text--show\">Vice-presidente Hamilton Mour\u00e3o frisa que n\u00e3o h\u00e1 &#039;folga or\u00e7ament\u00e1ria&#039; para reajuste aos servidores, mas aguarda Bolsonaro &#039;bater o martelo&#039; - Foto: Fabio Rodrigues Pozzebom\/Ag\u00eancia Brasil<\/figcaption>\n\t\t<\/figure>\n\t<\/div>\n\n\n\t<p>\n\t\t<a href=\"https:\/\/lp.suno.com.br\/planilha-controle-gastos\/\" target=\"_blank\" data-element=\"shortcode-suno-banner\" title=\"Banner SUNO, clique e saiba mais\">\n\t\t\t<picture>\n\t\t\t\t<source media=\"(max-width: 500px)\" srcset=\"https:\/\/files.sunoresearch.com.br\/n\/uploads\/2023\/03\/400x300-Planilha-controle-de-gastos.png\">\n\t\t\t\t<img class=\"newsContent__article__imgCapa newsContent__article__imgCapa--banner\"\n\t\t\t\t\tsrc=\"https:\/\/files.sunoresearch.com.br\/n\/uploads\/2023\/03\/1420x240-Planilha-controle-de-gastos.png\"\n\t\t\t\t\tdata-promo-id=\"101751\"\t\t\t\t\t\t\t\t\t\twidth='1420' height='240'\t\t\t\t\talt=\"https:\/\/files.sunoresearch.com.br\/n\/uploads\/2023\/03\/1420x240-Planilha-controle-de-gastos.png\"\n\t\t\t\t>\n\t\t\t<\/picture>\n\t\t<\/a>\n\t<\/p>\n\n\n<p>&#8220;A Petrobras tem que acompanhar o pre\u00e7o do <strong>petr\u00f3leo<\/strong>, porque sen\u00e3o entra em preju\u00edzo, e o Pa\u00eds tamb\u00e9m. O governo \u00e9 um dos principais acionistas&#8221;, argumentou Mour\u00e3o, na manh\u00e3 desta quarta-feira (7), em conversa com jornalistas.<\/p>\n<p>O vice-presidente disse que as movimenta\u00e7\u00f5es dos caminhoneiro por paralisa\u00e7\u00e3o s\u00e3o &#8220;amea\u00e7as&#8221; que ser\u00e3o dissuadidas pelo ministro da Infraestrutura, Tarc\u00edsio Gomes de Freitas.<\/p>\n<p>Em fevereiro, o presidente<strong> Jair Bolsonaro<\/strong> demitiu <a href=\"https:\/\/www.suno.com.br\/tudo-sobre\/roberto-castello-branco\/\">Roberto Castello Branco<\/a>, ent\u00e3o presidente da petroleira, ap\u00f3s reclama\u00e7\u00f5es p\u00fablicas sobre o aumento no pre\u00e7o dos combust\u00edveis. No preg\u00e3o seguinte, as a\u00e7\u00f5es da empresa ca\u00edram mais de 20%.<\/p>\n\t<div data-element=\"shortcode-read-more\" class=\"knowMore\">\n\t\t\t\t<span class=\"knowMore__title\">Leia mais<\/span>\n\t\t\t\t<a class=\"knowMore__link\" href=\"https:\/\/www.suno.com.br\/noticias\/petrobras-petr4-encerra-venda-br-distribuidora-brtd3\/\">\n\t\t\tPetrobras (PETR4) encerra venda de participa\u00e7\u00e3o na BR Distribuidora (BRTD3)\t\t<\/a>\n\t<\/div>\n\n\n<p>\u00c0 \u00e9poca, Mour\u00e3o negou que a troca tenha sido interfer\u00eancia de Bolsonaro na pol\u00edtica de pre\u00e7os da petroleira, e disse que a troca na gest\u00e3o foi por &#8220;quest\u00e3o de confian\u00e7a&#8221;.<\/p>\n<h2>Petr\u00f3leo avan\u00e7a e Petrobras repassa pre\u00e7os<\/h2>\n<p>Nesta semana, a estatal anunciou o aumento dos pre\u00e7os de gasolina, diesel, g\u00e1s de cozinha e g\u00e1s natural para as refinarias e distribuidoras.<\/p>\n<p>Segundo a empresa, de abril a junho, o petr\u00f3leo teve alta de 13%, seguindo a tend\u00eancia das commodities globais, enquanto o real teve valoriza\u00e7\u00e3o de cerca de 4% em rela\u00e7\u00e3o ao d\u00f3lar.<\/p>\n<p>Para a <strong>gasolina<\/strong>, o aumento m\u00e9dio \u00e9 de R$ 0,16 (6,3%), fazendo com que o litro do combust\u00edvel saia de R$ 2,53 e chegue a R$ 2,69 nas refinarias da estatal. J\u00e1 o <strong>diesel<\/strong> teve um reajuste m\u00e9dio de R$ 0,10 (3,7%) por litro, que passar\u00e1 custar R$ 2,81 nas refinarias da Petrobras.<\/p>\n\t<p>\n\t\t<a href=\"https:\/\/lp.suno.com.br\/planilha-da-vida-financeira\/\" target=\"_blank\" data-element=\"shortcode-suno-banner\" title=\"Banner SUNO, clique e saiba mais\">\n\t\t\t<picture>\n\t\t\t\t<source media=\"(max-width: 500px)\" srcset=\"https:\/\/files.sunoresearch.com.br\/n\/uploads\/2023\/04\/400x300-Planilha-vida-financeira-true.png\">\n\t\t\t\t<img class=\"newsContent__article__imgCapa newsContent__article__imgCapa--banner\"\n\t\t\t\t\tsrc=\"https:\/\/files.sunoresearch.com.br\/n\/uploads\/2023\/04\/1420x240-Planilha-vida-financeira-true.png\"\n\t\t\t\t\tdata-promo-id=\"106682\"\t\t\t\t\t\t\t\t\t\twidth='1420' height='240'\t\t\t\t\talt=\"https:\/\/files.sunoresearch.com.br\/n\/uploads\/2023\/04\/1420x240-Planilha-vida-financeira-true.png\"\n\t\t\t\t>\n\t\t\t<\/picture>\n\t\t<\/a>\n\t<\/p>\n\n\n<p>No g\u00e1s natural, o <a class=\"suno-keyword\" href=\"https:\/\/www.suno.com.br\/artigos\/preco-medio\/\" target=\"_blank\" rel=\"noopener noreferrer\" data-force=\"no\" data-priority=\"1\">pre\u00e7o m\u00e9dio<\/a> de venda do GLP para as distribuidoras passar\u00e1 a ser de R$ 3,60 por kg, refletindo um aumento m\u00e9dio de R$ 0,20 por kg. O ajuste ser\u00e1 de 7% em real por metros c\u00fabicos.<\/p>\n<p>No entendimento da <strong>Guide Investimentos<\/strong>, os reajustes devem aliviar a press\u00e3o na margem operacional da empresa, que tem sido afetada pela alta global nas commodities.<\/p>\n<p>&#8220;A reuni\u00e3o adiada da <a href=\"https:\/\/www.suno.com.br\/artigos\/opep\/\">Organiza\u00e7\u00e3o dos Pa\u00edses Exportadores de Petr\u00f3leo (Opep)<\/a> tamb\u00e9m deve causar mais volatilidade no setor, a depender do parecer do grupo&#8221;, diz o analista da corretora, Luis Sales.<\/p>\n<p>Por volta das 12h55 desta quarta-feira, as a\u00e7\u00f5es preferenciais da <strong>Petrobras<\/strong> subiam 0,76%, para R$ 27,88.<\/p>\n<p><em>Com informa\u00e7\u00f5es do Estad\u00e3o Conte\u00fado.\u00a0<\/em><\/p>\n\t<p>\n\t\t<a href=\"https:\/\/lp.suno.com.br\/planilha-de-controle-de-investimentos\/\" target=\"_blank\" data-element=\"shortcode-suno-banner\" title=\"Banner SUNO, clique e saiba mais\">\n\t\t\t<picture>\n\t\t\t\t<source media=\"(max-width: 500px)\" srcset=\"https:\/\/files.sunoresearch.com.br\/n\/uploads\/2023\/03\/400x300-Controle-de-Investimentos.png\">\n\t\t\t\t<img class=\"newsContent__article__imgCapa newsContent__article__imgCapa--banner\"\n\t\t\t\t\tsrc=\"https:\/\/files.sunoresearch.com.br\/n\/uploads\/2023\/03\/1420x240-Controle-de-Investimentos.png\"\n\t\t\t\t\tdata-promo-id=\"75934\"\t\t\t\t\t\t\t\t\t\twidth='1420' height='240'\t\t\t\t\talt=\"https:\/\/files.sunoresearch.com.br\/n\/uploads\/2023\/03\/1420x240-Controle-de-Investimentos.png\"\n\t\t\t\t>\n\t\t\t<\/picture>\n\t\t<\/a>\n\t<\/p>\n\n\n","protected":false},"excerpt":{"rendered":"<p>O vice-presidente Hamilton Mour\u00e3o descartou a possibilidade de uma nova greve de caminhoneiros e defendeu que a Petrobras (PETR4) reajuste o pre\u00e7o dos combust\u00edveis com base flutua\u00e7\u00f5es do mercado internacional. Vice-presidente Hamilton Mour\u00e3o frisa que n\u00e3o h\u00e1 &#039;folga or\u00e7ament\u00e1ria&#039; para reajuste aos servidores, mas aguarda Bolsonaro &#039;bater o martelo&#039; &#8211; Foto: Fabio Rodrigues Pozzebom\/Ag\u00eancia Brasil [&hellip;]<\/p>\n","protected":false},"author":24,"featured_media":164320,"comment_status":"closed","ping_status":"closed","sticky":false,"template":"","format":"standard","meta":[],"categories":[64],"tags":[923,105816,1019,595,766],"suno_strategy":[],"class_list":["post-164318","post","type-post","status-publish","format-standard","has-post-thumbnail","hentry","category-negocios","tag-comercio-exterior","tag-especialistas","tag-hamilton-mourao","tag-petrobras-petr4","tag-petroleo"],"yoast_head":"<!-- This site is optimized with the Yoast SEO plugin v24.4 - https:\/\/yoast.com\/wordpress\/plugins\/seo\/ -->\n<title>Petrobras (PETR4) precisa acompanhar pre\u00e7os internacionais, diz Mour\u00e3o<\/title>\n<meta name=\"description\" content=\"O vice-presidente Mour\u00e3o defendeu que a Petrobras (PETR4) reajuste o pre\u00e7o dos combust\u00edveis com base no mercado internacional. Confira.\" \/>\n<meta name=\"robots\" content=\"index, follow, max-snippet:-1, max-image-preview:large, max-video-preview:-1\" \/>\n<link rel=\"canonical\" href=\"https:\/\/www.suno.com.br\/noticias\/petrobras-petr4-precos-internacionais-mourao\/\" \/>\n<meta property=\"og:locale\" content=\"pt_BR\" \/>\n<meta property=\"og:type\" content=\"article\" \/>\n<meta property=\"og:title\" content=\"Petrobras (PETR4) precisa acompanhar pre\u00e7os internacionais, diz Mour\u00e3o\" \/>\n<meta property=\"og:description\" content=\"O vice-presidente Mour\u00e3o defendeu que a Petrobras (PETR4) reajuste o pre\u00e7o dos combust\u00edveis com base no mercado internacional. Confira.\" \/>\n<meta property=\"og:url\" content=\"https:\/\/www.suno.com.br\/noticias\/petrobras-petr4-precos-internacionais-mourao\/\" \/>\n<meta property=\"og:site_name\" content=\"Suno Not\u00edcias\" \/>\n<meta property=\"article:publisher\" content=\"https:\/\/facebook.com\/sunoresearch\" \/>\n<meta property=\"og:image\" content=\"https:\/\/files.sunoresearch.com.br\/n\/uploads\/2021\/07\/5654ec43-pzzb7939-scaled.jpg\" \/>\n\t<meta property=\"og:image:width\" content=\"2560\" \/>\n\t<meta property=\"og:image:height\" content=\"1707\" \/>\n\t<meta property=\"og:image:type\" content=\"image\/jpeg\" \/>\n<meta name=\"author\" content=\"Jader Lazarini\" \/>\n<meta name=\"twitter:card\" content=\"summary_large_image\" \/>\n<meta name=\"twitter:creator\" content=\"@sunoresearch\" \/>\n<meta name=\"twitter:site\" content=\"@sunoresearch\" \/>\n<meta name=\"twitter:label1\" content=\"Escrito por\" \/>\n\t<meta name=\"twitter:data1\" content=\"Jader Lazarini\" \/>\n\t<meta name=\"twitter:label2\" content=\"Est. tempo de leitura\" \/>\n\t<meta name=\"twitter:data2\" content=\"2 minutos\" \/>\n<script type=\"application\/ld+json\" class=\"yoast-schema-graph\">{\"@context\":\"https:\/\/schema.org\",\"@graph\":[{\"@type\":\"NewsArticle\",\"@id\":\"https:\/\/www.suno.com.br\/noticias\/petrobras-petr4-precos-internacionais-mourao\/#article\",\"isPartOf\":{\"@id\":\"https:\/\/www.suno.com.br\/noticias\/petrobras-petr4-precos-internacionais-mourao\/\"},\"author\":{\"name\":\"Jader Lazarini\",\"@id\":\"https:\/\/www.suno.com.br\/noticias\/#\/schema\/person\/918d79de1f0281f01599b93f9ea6e23f\"},\"headline\":\"Petrobras (PETR4) precisa acompanhar pre\u00e7os internacionais, diz Mour\u00e3o\",\"datePublished\":\"2021-07-07T16:02:10+00:00\",\"dateModified\":\"2021-07-07T16:48:30+00:00\",\"mainEntityOfPage\":{\"@id\":\"https:\/\/www.suno.com.br\/noticias\/petrobras-petr4-precos-internacionais-mourao\/\"},\"wordCount\":454,\"publisher\":{\"@id\":\"https:\/\/www.suno.com.br\/noticias\/#organization\"},\"image\":{\"@id\":\"https:\/\/www.suno.com.br\/noticias\/petrobras-petr4-precos-internacionais-mourao\/#primaryimage\"},\"thumbnailUrl\":\"https:\/\/files.sunoresearch.com.br\/n\/uploads\/2021\/07\/5654ec43-pzzb7939-scaled.jpg\",\"keywords\":[\"comercio exterior\",\"Especialistas\",\"Hamilton Mour\u00e3o\",\"Petrobras (PETR4)\",\"Petr\u00f3leo\"],\"articleSection\":[\"Neg\u00f3cios\"],\"inLanguage\":\"pt-BR\"},{\"@type\":\"WebPage\",\"@id\":\"https:\/\/www.suno.com.br\/noticias\/petrobras-petr4-precos-internacionais-mourao\/\",\"url\":\"https:\/\/www.suno.com.br\/noticias\/petrobras-petr4-precos-internacionais-mourao\/\",\"name\":\"Petrobras (PETR4) precisa acompanhar pre\u00e7os internacionais, diz Mour\u00e3o\",\"isPartOf\":{\"@id\":\"https:\/\/www.suno.com.br\/noticias\/#website\"},\"primaryImageOfPage\":{\"@id\":\"https:\/\/www.suno.com.br\/noticias\/petrobras-petr4-precos-internacionais-mourao\/#primaryimage\"},\"image\":{\"@id\":\"https:\/\/www.suno.com.br\/noticias\/petrobras-petr4-precos-internacionais-mourao\/#primaryimage\"},\"thumbnailUrl\":\"https:\/\/files.sunoresearch.com.br\/n\/uploads\/2021\/07\/5654ec43-pzzb7939-scaled.jpg\",\"datePublished\":\"2021-07-07T16:02:10+00:00\",\"dateModified\":\"2021-07-07T16:48:30+00:00\",\"description\":\"O vice-presidente Mour\u00e3o defendeu que a Petrobras (PETR4) reajuste o pre\u00e7o dos combust\u00edveis com base no mercado internacional. Confira.\",\"breadcrumb\":{\"@id\":\"https:\/\/www.suno.com.br\/noticias\/petrobras-petr4-precos-internacionais-mourao\/#breadcrumb\"},\"inLanguage\":\"pt-BR\",\"potentialAction\":[{\"@type\":\"ReadAction\",\"target\":[\"https:\/\/www.suno.com.br\/noticias\/petrobras-petr4-precos-internacionais-mourao\/\"]}]},{\"@type\":\"ImageObject\",\"inLanguage\":\"pt-BR\",\"@id\":\"https:\/\/www.suno.com.br\/noticias\/petrobras-petr4-precos-internacionais-mourao\/#primaryimage\",\"url\":\"https:\/\/files.sunoresearch.com.br\/n\/uploads\/2021\/07\/5654ec43-pzzb7939-scaled.jpg\",\"contentUrl\":\"https:\/\/files.sunoresearch.com.br\/n\/uploads\/2021\/07\/5654ec43-pzzb7939-scaled.jpg\",\"width\":2560,\"height\":1707,\"caption\":\"Vice-presidente Hamilton Mour\u00e3o frisa que n\u00e3o h\u00e1 'folga or\u00e7ament\u00e1ria' para reajuste aos servidores, mas aguarda Bolsonaro 'bater o martelo' - Foto: Fabio Rodrigues Pozzebom\/Ag\u00eancia Brasil\"},{\"@type\":\"BreadcrumbList\",\"@id\":\"https:\/\/www.suno.com.br\/noticias\/petrobras-petr4-precos-internacionais-mourao\/#breadcrumb\",\"itemListElement\":[{\"@type\":\"ListItem\",\"position\":1,\"name\":\"Not\u00edcias\",\"item\":\"https:\/\/www.suno.com.br\/noticias\/\"},{\"@type\":\"ListItem\",\"position\":2,\"name\":\"Neg\u00f3cios\",\"item\":\"https:\/\/www.suno.com.br\/noticias\/negocios\/\"},{\"@type\":\"ListItem\",\"position\":3,\"name\":\"Petrobras (PETR4) precisa acompanhar pre\u00e7os internacionais, diz Mour\u00e3o\"}]},{\"@type\":\"WebSite\",\"@id\":\"https:\/\/www.suno.com.br\/noticias\/#website\",\"url\":\"https:\/\/www.suno.com.br\/noticias\/\",\"name\":\"Suno Not\u00edcias\",\"description\":\"Seu portal de informa\u00e7\u00e3o sobre o mundo dos investimentos\",\"publisher\":{\"@id\":\"https:\/\/www.suno.com.br\/noticias\/#organization\"},\"potentialAction\":[{\"@type\":\"SearchAction\",\"target\":{\"@type\":\"EntryPoint\",\"urlTemplate\":\"https:\/\/www.suno.com.br\/noticias\/?s={search_term_string}\"},\"query-input\":{\"@type\":\"PropertyValueSpecification\",\"valueRequired\":true,\"valueName\":\"search_term_string\"}}],\"inLanguage\":\"pt-BR\"},{\"@type\":\"Organization\",\"@id\":\"https:\/\/www.suno.com.br\/noticias\/#organization\",\"name\":\"Suno Not\u00edcias\",\"url\":\"https:\/\/www.suno.com.br\/noticias\/\",\"logo\":{\"@type\":\"ImageObject\",\"inLanguage\":\"pt-BR\",\"@id\":\"https:\/\/www.suno.com.br\/noticias\/#\/schema\/logo\/image\/\",\"url\":\"https:\/\/files.sunoresearch.com.br\/n\/uploads\/2021\/09\/suno-logo.png\",\"contentUrl\":\"https:\/\/files.sunoresearch.com.br\/n\/uploads\/2021\/09\/suno-logo.png\",\"width\":180,\"height\":180,\"caption\":\"Suno Not\u00edcias\"},\"image\":{\"@id\":\"https:\/\/www.suno.com.br\/noticias\/#\/schema\/logo\/image\/\"},\"sameAs\":[\"https:\/\/facebook.com\/sunoresearch\",\"https:\/\/x.com\/sunoresearch\",\"https:\/\/www.instagram.com\/suno\",\"https:\/\/www.linkedin.com\/company\/suno-research\/\",\"https:\/\/www.youtube.com\/c\/sunoresearch\"]},{\"@type\":\"Person\",\"@id\":\"https:\/\/www.suno.com.br\/noticias\/#\/schema\/person\/918d79de1f0281f01599b93f9ea6e23f\",\"name\":\"Jader Lazarini\",\"image\":{\"@type\":\"ImageObject\",\"inLanguage\":\"pt-BR\",\"@id\":\"https:\/\/www.suno.com.br\/noticias\/#\/schema\/person\/image\/\",\"url\":\"https:\/\/secure.gravatar.com\/avatar\/3c1ad8caa51589841baeb923fcddea97?s=96&r=g\",\"contentUrl\":\"https:\/\/secure.gravatar.com\/avatar\/3c1ad8caa51589841baeb923fcddea97?s=96&r=g\",\"caption\":\"Jader Lazarini\"},\"description\":\"Jader Lazarini escreve sobre investimentos, finan\u00e7as, economia e neg\u00f3cios. \u00c9 bacharel em Rela\u00e7\u00f5es Internacionais e analista CNPI (2619).\",\"url\":\"https:\/\/www.suno.com.br\/noticias\/author\/jader-lazarini\/\"}]}<\/script>\n<!-- \/ Yoast SEO plugin. -->","yoast_head_json":{"title":"Petrobras (PETR4) precisa acompanhar pre\u00e7os internacionais, diz Mour\u00e3o","description":"O vice-presidente Mour\u00e3o defendeu que a Petrobras (PETR4) reajuste o pre\u00e7o dos combust\u00edveis com base no mercado internacional. Confira.","robots":{"index":"index","follow":"follow","max-snippet":"max-snippet:-1","max-image-preview":"max-image-preview:large","max-video-preview":"max-video-preview:-1"},"canonical":"https:\/\/www.suno.com.br\/noticias\/petrobras-petr4-precos-internacionais-mourao\/","og_locale":"pt_BR","og_type":"article","og_title":"Petrobras (PETR4) precisa acompanhar pre\u00e7os internacionais, diz Mour\u00e3o","og_description":"O vice-presidente Mour\u00e3o defendeu que a Petrobras (PETR4) reajuste o pre\u00e7o dos combust\u00edveis com base no mercado internacional. Confira.","og_url":"https:\/\/www.suno.com.br\/noticias\/petrobras-petr4-precos-internacionais-mourao\/","og_site_name":"Suno Not\u00edcias","article_publisher":"https:\/\/facebook.com\/sunoresearch","og_image":[{"width":2560,"height":1707,"url":"https:\/\/files.sunoresearch.com.br\/n\/uploads\/2021\/07\/5654ec43-pzzb7939-scaled.jpg","type":"image\/jpeg"}],"author":"Jader Lazarini","twitter_card":"summary_large_image","twitter_creator":"@sunoresearch","twitter_site":"@sunoresearch","twitter_misc":{"Escrito por":"Jader Lazarini","Est. tempo de leitura":"2 minutos"},"schema":{"@context":"https:\/\/schema.org","@graph":[{"@type":"NewsArticle","@id":"https:\/\/www.suno.com.br\/noticias\/petrobras-petr4-precos-internacionais-mourao\/#article","isPartOf":{"@id":"https:\/\/www.suno.com.br\/noticias\/petrobras-petr4-precos-internacionais-mourao\/"},"author":{"name":"Jader Lazarini","@id":"https:\/\/www.suno.com.br\/noticias\/#\/schema\/person\/918d79de1f0281f01599b93f9ea6e23f"},"headline":"Petrobras (PETR4) precisa acompanhar pre\u00e7os internacionais, diz Mour\u00e3o","datePublished":"2021-07-07T16:02:10+00:00","dateModified":"2021-07-07T16:48:30+00:00","mainEntityOfPage":{"@id":"https:\/\/www.suno.com.br\/noticias\/petrobras-petr4-precos-internacionais-mourao\/"},"wordCount":454,"publisher":{"@id":"https:\/\/www.suno.com.br\/noticias\/#organization"},"image":{"@id":"https:\/\/www.suno.com.br\/noticias\/petrobras-petr4-precos-internacionais-mourao\/#primaryimage"},"thumbnailUrl":"https:\/\/files.sunoresearch.com.br\/n\/uploads\/2021\/07\/5654ec43-pzzb7939-scaled.jpg","keywords":["comercio exterior","Especialistas","Hamilton Mour\u00e3o","Petrobras (PETR4)","Petr\u00f3leo"],"articleSection":["Neg\u00f3cios"],"inLanguage":"pt-BR"},{"@type":"WebPage","@id":"https:\/\/www.suno.com.br\/noticias\/petrobras-petr4-precos-internacionais-mourao\/","url":"https:\/\/www.suno.com.br\/noticias\/petrobras-petr4-precos-internacionais-mourao\/","name":"Petrobras (PETR4) precisa acompanhar pre\u00e7os internacionais, diz Mour\u00e3o","isPartOf":{"@id":"https:\/\/www.suno.com.br\/noticias\/#website"},"primaryImageOfPage":{"@id":"https:\/\/www.suno.com.br\/noticias\/petrobras-petr4-precos-internacionais-mourao\/#primaryimage"},"image":{"@id":"https:\/\/www.suno.com.br\/noticias\/petrobras-petr4-precos-internacionais-mourao\/#primaryimage"},"thumbnailUrl":"https:\/\/files.sunoresearch.com.br\/n\/uploads\/2021\/07\/5654ec43-pzzb7939-scaled.jpg","datePublished":"2021-07-07T16:02:10+00:00","dateModified":"2021-07-07T16:48:30+00:00","description":"O vice-presidente Mour\u00e3o defendeu que a Petrobras (PETR4) reajuste o pre\u00e7o dos combust\u00edveis com base no mercado internacional. Confira.","breadcrumb":{"@id":"https:\/\/www.suno.com.br\/noticias\/petrobras-petr4-precos-internacionais-mourao\/#breadcrumb"},"inLanguage":"pt-BR","potentialAction":[{"@type":"ReadAction","target":["https:\/\/www.suno.com.br\/noticias\/petrobras-petr4-precos-internacionais-mourao\/"]}]},{"@type":"ImageObject","inLanguage":"pt-BR","@id":"https:\/\/www.suno.com.br\/noticias\/petrobras-petr4-precos-internacionais-mourao\/#primaryimage","url":"https:\/\/files.sunoresearch.com.br\/n\/uploads\/2021\/07\/5654ec43-pzzb7939-scaled.jpg","contentUrl":"https:\/\/files.sunoresearch.com.br\/n\/uploads\/2021\/07\/5654ec43-pzzb7939-scaled.jpg","width":2560,"height":1707,"caption":"Vice-presidente Hamilton Mour\u00e3o frisa que n\u00e3o h\u00e1 'folga or\u00e7ament\u00e1ria' para reajuste aos servidores, mas aguarda Bolsonaro 'bater o martelo' - Foto: Fabio Rodrigues Pozzebom\/Ag\u00eancia Brasil"},{"@type":"BreadcrumbList","@id":"https:\/\/www.suno.com.br\/noticias\/petrobras-petr4-precos-internacionais-mourao\/#breadcrumb","itemListElement":[{"@type":"ListItem","position":1,"name":"Not\u00edcias","item":"https:\/\/www.suno.com.br\/noticias\/"},{"@type":"ListItem","position":2,"name":"Neg\u00f3cios","item":"https:\/\/www.suno.com.br\/noticias\/negocios\/"},{"@type":"ListItem","position":3,"name":"Petrobras (PETR4) precisa acompanhar pre\u00e7os internacionais, diz Mour\u00e3o"}]},{"@type":"WebSite","@id":"https:\/\/www.suno.com.br\/noticias\/#website","url":"https:\/\/www.suno.com.br\/noticias\/","name":"Suno Not\u00edcias","description":"Seu portal de informa\u00e7\u00e3o sobre o mundo dos investimentos","publisher":{"@id":"https:\/\/www.suno.com.br\/noticias\/#organization"},"potentialAction":[{"@type":"SearchAction","target":{"@type":"EntryPoint","urlTemplate":"https:\/\/www.suno.com.br\/noticias\/?s={search_term_string}"},"query-input":{"@type":"PropertyValueSpecification","valueRequired":true,"valueName":"search_term_string"}}],"inLanguage":"pt-BR"},{"@type":"Organization","@id":"https:\/\/www.suno.com.br\/noticias\/#organization","name":"Suno Not\u00edcias","url":"https:\/\/www.suno.com.br\/noticias\/","logo":{"@type":"ImageObject","inLanguage":"pt-BR","@id":"https:\/\/www.suno.com.br\/noticias\/#\/schema\/logo\/image\/","url":"https:\/\/files.sunoresearch.com.br\/n\/uploads\/2021\/09\/suno-logo.png","contentUrl":"https:\/\/files.sunoresearch.com.br\/n\/uploads\/2021\/09\/suno-logo.png","width":180,"height":180,"caption":"Suno Not\u00edcias"},"image":{"@id":"https:\/\/www.suno.com.br\/noticias\/#\/schema\/logo\/image\/"},"sameAs":["https:\/\/facebook.com\/sunoresearch","https:\/\/x.com\/sunoresearch","https:\/\/www.instagram.com\/suno","https:\/\/www.linkedin.com\/company\/suno-research\/","https:\/\/www.youtube.com\/c\/sunoresearch"]},{"@type":"Person","@id":"https:\/\/www.suno.com.br\/noticias\/#\/schema\/person\/918d79de1f0281f01599b93f9ea6e23f","name":"Jader Lazarini","image":{"@type":"ImageObject","inLanguage":"pt-BR","@id":"https:\/\/www.suno.com.br\/noticias\/#\/schema\/person\/image\/","url":"https:\/\/secure.gravatar.com\/avatar\/3c1ad8caa51589841baeb923fcddea97?s=96&r=g","contentUrl":"https:\/\/secure.gravatar.com\/avatar\/3c1ad8caa51589841baeb923fcddea97?s=96&r=g","caption":"Jader Lazarini"},"description":"Jader Lazarini escreve sobre investimentos, finan\u00e7as, economia e neg\u00f3cios. \u00c9 bacharel em Rela\u00e7\u00f5es Internacionais e analista CNPI (2619).","url":"https:\/\/www.suno.com.br\/noticias\/author\/jader-lazarini\/"}]}},"default_loop_html":"<div class=\"cardsPage__listCard__boxs\"><div class=\"cardsPage__listCard__boxs__img\"><a href=\"https:\/\/www.suno.com.br\/noticias\/petrobras-petr4-precos-internacionais-mourao\/\"><img class=\"mask\" src=\"https:\/\/www.suno.com.br\/noticias\/wp-content\/themes\/suno\/resources\/images\/spotlight\/spotlight1img\/bg-mask.png\" alt=\"Image Mask\"\/><img src=\"https:\/\/files.sunoresearch.com.br\/n\/uploads\/2021\/07\/5654ec43-pzzb7939-400x200.jpg\" alt=\"Petrobras (PETR4) precisa acompanhar pre\u00e7os internacionais, diz Mour\u00e3o\"\/><\/a><span class=\"spotlightCategory\"><a href=\"https:\/\/www.suno.com.br\/noticias\/negocios\/\">Neg\u00f3cios<\/a><\/span><\/div><div class=\"cardsPage__listCard__boxs__content\"><a href=\"https:\/\/www.suno.com.br\/noticias\/petrobras-petr4-precos-internacionais-mourao\/\"><h2 class=\"content__title\">Petrobras (PETR4) precisa acompanhar pre\u00e7os internacionais, diz Mour\u00e3o<\/h2><\/a><div class=\"newsContent__article__meta\"><div class=\"newsContent__article__meta__authorBox\"><a href=\"https:\/\/www.suno.com.br\/noticias\/author\/jader-lazarini\/\" class=\"authorBox__avatar noMobi\"><img src=\"https:\/\/files.sunoresearch.com.br\/n\/uploads\/2021\/01\/178e6598-foto-perfil-2-150x150.jpg\" alt=\"Jader Lazarini\"><\/a><div class=\"authorBox__name\"><span>por\n\t\t\t<a href=\"https:\/\/www.suno.com.br\/noticias\/author\/jader-lazarini\/\"><span itemprop=\"author\">Jader Lazarini<\/span><\/a><\/span><time datetime=\"2021-07-07T13:02:10-03:00\" itemprop=\"datePublished\">07\/07\/2021 13:02<\/time><\/div><\/div><\/div><\/div><\/div>","single_layout":"posts","amp_enabled":true,"_links":{"self":[{"href":"https:\/\/www.suno.com.br\/noticias\/wp-json\/wp\/v2\/posts\/164318"}],"collection":[{"href":"https:\/\/www.suno.com.br\/noticias\/wp-json\/wp\/v2\/posts"}],"about":[{"href":"https:\/\/www.suno.com.br\/noticias\/wp-json\/wp\/v2\/types\/post"}],"author":[{"embeddable":true,"href":"https:\/\/www.suno.com.br\/noticias\/wp-json\/wp\/v2\/users\/24"}],"replies":[{"embeddable":true,"href":"https:\/\/www.suno.com.br\/noticias\/wp-json\/wp\/v2\/comments?post=164318"}],"version-history":[{"count":2,"href":"https:\/\/www.suno.com.br\/noticias\/wp-json\/wp\/v2\/posts\/164318\/revisions"}],"predecessor-version":[{"id":164337,"href":"https:\/\/www.suno.com.br\/noticias\/wp-json\/wp\/v2\/posts\/164318\/revisions\/164337"}],"wp:featuredmedia":[{"embeddable":true,"href":"https:\/\/www.suno.com.br\/noticias\/wp-json\/wp\/v2\/media\/164320"}],"wp:attachment":[{"href":"https:\/\/www.suno.com.br\/noticias\/wp-json\/wp\/v2\/media?parent=164318"}],"wp:term":[{"taxonomy":"category","embeddable":true,"href":"https:\/\/www.suno.com.br\/noticias\/wp-json\/wp\/v2\/categories?post=164318"},{"taxonomy":"post_tag","embeddable":true,"href":"https:\/\/www.suno.com.br\/noticias\/wp-json\/wp\/v2\/tags?post=164318"},{"taxonomy":"suno_strategy","embeddable":true,"href":"https:\/\/www.suno.com.br\/noticias\/wp-json\/wp\/v2\/suno_strategy?post=164318"}],"curies":[{"name":"wp","href":"https:\/\/api.w.org\/{rel}","templated":true}]}}