{"id":164264,"date":"2021-07-07T11:43:43","date_gmt":"2021-07-07T14:43:43","guid":{"rendered":"https:\/\/www.suno.com.br\/noticias\/?p=164264"},"modified":"2021-07-08T10:14:41","modified_gmt":"2021-07-08T13:14:41","slug":"oi-oibr3-btg-bpac11-infraco-leilao","status":"publish","type":"post","link":"https:\/\/www.suno.com.br\/noticias\/oi-oibr3-btg-bpac11-infraco-leilao\/","title":{"rendered":"Oi (OIBR3): Leil\u00e3o da Infraco acontece hoje e BTG deve levar 57,9% por R$ 12,9 bi"},"content":{"rendered":"<p>O leil\u00e3o da <a href=\"https:\/\/www.suno.com.br\/acoes\/oibr3\/\"><strong>Oi<\/strong> (OIBR3)<\/a> para a venda de parte de sua empresa de fibra \u00f3tica, a InfraCo, acontece nesta quarta-feira (7). O certame ser\u00e1 conduzido pela S\u00e9tima Vara Empresarial do Tribunal de Justi\u00e7a do Rio de Janeiro, respons\u00e1vel pelo processo de recupera\u00e7\u00e3o judicial. Segundo o jornal <em>Valor Econ\u00f4mico<\/em>, a operadora recebeu apenas a proposta do<a href=\"https:\/\/www.suno.com.br\/acoes\/bpac11\/\"> BTG Pactual (BPAC11)<\/a> em conjunto com a Globenet Cabos e Submarinos.<\/p>\t<div class=\"wrapper-featured-image\">\n\t\t<figure class=\"spotlightImg\">\n\n\t\t\t<picture>\n\t\t\t\t<source media=\"(max-width: 768px)\" srcset=\"https:\/\/files.sunoresearch.com.br\/n\/uploads\/2021\/04\/a692467b-lut_6296-400x200.jpg\">\n\t\t\t\t<img loading=\"lazy\" decoding=\"async\" class=\"newsContent__article__imgCapa lazyloadDisabled \" src=\"https:\/\/files.sunoresearch.com.br\/n\/uploads\/2021\/04\/a692467b-lut_6296-800x450.jpg\" width=\"800\" height=\"450\" alt=\"Oi (OIBR3): Leil\u00e3o da Infraco acontece hoje e BTG deve levar 57,9% por R$ 12,9 bi\" fetchpriority=high \/>\n\t\t\t<\/picture>\n\n\t\t\t<figcaption class=\"wp-caption-text wp-caption-text--show\">Oi (OIBR3)  - Foto: Divulga\u00e7\u00e3o<\/figcaption>\n\t\t<\/figure>\n\t<\/div>\n\n\n\t<p>\n\t\t<a href=\"https:\/\/lp.suno.com.br\/planilha-controle-gastos\/\" target=\"_blank\" data-element=\"shortcode-suno-banner\" title=\"Banner SUNO, clique e saiba mais\">\n\t\t\t<picture>\n\t\t\t\t<source media=\"(max-width: 500px)\" srcset=\"https:\/\/files.sunoresearch.com.br\/n\/uploads\/2023\/03\/400x300-Planilha-controle-de-gastos.png\">\n\t\t\t\t<img class=\"newsContent__article__imgCapa newsContent__article__imgCapa--banner\"\n\t\t\t\t\tsrc=\"https:\/\/files.sunoresearch.com.br\/n\/uploads\/2023\/03\/1420x240-Planilha-controle-de-gastos.png\"\n\t\t\t\t\tdata-promo-id=\"101751\"\t\t\t\t\t\t\t\t\t\twidth='1420' height='240'\t\t\t\t\talt=\"https:\/\/files.sunoresearch.com.br\/n\/uploads\/2023\/03\/1420x240-Planilha-controle-de-gastos.png\"\n\t\t\t\t>\n\t\t\t<\/picture>\n\t\t<\/a>\n\t<\/p>\n\n\n<p>Em abril, a Oi comunicou ao mercado que recebeu a proposta dos fundos geridos pelo <strong>BTG<\/strong> para se tornarem s\u00f3cios da unidade de fibra \u00f3tica da operadora juntamente com a <strong>Globenet. <\/strong>O\u00a0valor do acordo foi fechado em R$ 12,9 bilh\u00f5es, equivalente a 57,9% da InfraCo. O trato firmado permite que o BTG tenha o direito de cobrir uma nova oferta feita por algum interessado.<\/p>\n<p>O edital de venda de parte do capital da <strong>InfraCo<\/strong> foi publicado em 1\u00ba de junho no Di\u00e1rio Oficial do Estado do Rio de Janeiro. Ap\u00f3s a publica\u00e7\u00e3o, houve um prazo de sete dias \u00fateis para a manifesta\u00e7\u00e3o de interesse em participar da disputa pelo ativo. Segundo o jornal, nenhum outro interessado se qualificou.<\/p>\n<p>Dessa forma, o<strong> leil\u00e3o da InfraCo<\/strong> ser\u00e1 semelhante ao de <strong>ativos m\u00f3veis<\/strong> que s\u00f3 recebeu uma proposta, a do cons\u00f3rcio <a class=\"suno-keyword\" href=\"https:\/\/www.suno.com.br\/acoes\/TIMS3\/\" target=\"_blank\" rel=\"noopener noreferrer\" data-force=\"yes\" data-priority=\"2\">TIM (TIMS3)<\/a>, <a href=\"https:\/\/www.suno.com.br\/acoes\/vivt3\/\">Vivo (VIVT3)<\/a> e Claro.<\/p>\n<h2>Entenda por que a InfraCo vai custar R$ 7,6 bi ao BTG<\/h2>\n<p>O acordo firmado para o BTG Pactual se tornar <strong>s\u00f3cio da Oi<\/strong> em sua unidade de fibra \u00f3tica teve o valor fechado em R$ 12,9 bilh\u00f5es, incluindo aportes de recursos, para a obten\u00e7\u00e3o de 57,9% da InfraCo. Por\u00e9m, o neg\u00f3cio vai custar para o banco R$ 7,65 bilh\u00f5es.<\/p>\n<p>Essa matem\u00e1tica \u00e9 explicada por um contexto hist\u00f3rico. Em 2014, a Oi vendeu a <strong>Globenet<\/strong>, companhia de cabos submarinos, para o BTG. Desde ent\u00e3o, a Oi se tornou cliente da Globenet, e se comprometeu a alugar a capacidade da empresa at\u00e9 2028, criando um d\u00e9bito.<\/p>\n<p>\t<p>\n\t\t<a href=\"\" target=\"_blank\" data-element=\"shortcode-suno-banner\" title=\"Banner SUNO, clique e saiba mais\">\n\t\t\t<picture>\n\t\t\t\t<source media=\"(max-width: 500px)\" srcset=\"\">\n\t\t\t\t<img class=\"newsContent__article__imgCapa newsContent__article__imgCapa--banner\"\n\t\t\t\t\tsrc=\"\"\n\t\t\t\t\tdata-promo-id=\"91853\"\t\t\t\t\t\t\t\t\t\t\t\t\t\t\talt=\"\"\n\t\t\t\t>\n\t\t\t<\/picture>\n\t\t<\/a>\n\t<\/p>\n\n<br \/>\nAgora, sete anos mais tarde, a oferta do banco pela InfraCo engloba as <strong>d\u00edvidas<\/strong> da Oi com a Globenet.<\/p>\n<p>Com a Globenet inserida no contexto da transa\u00e7\u00e3o da <strong>InfraCo<\/strong>, o BTG abate R$ 3,75 bilh\u00f5es, valor que alivia as parcelas da d\u00edvida da Oi at\u00e9 o fim de 2024. Al\u00e9m disso, a companhia de <strong>submarinos<\/strong> ir\u00e1 fazer um aporte de R$ 1,5 bilh\u00e3o na unidade de fibra \u00f3tica.<\/p>\n<p>A proposta inclui o <strong>BTG Pactual Economia Real Fundo de Investimentos<\/strong> e a <strong>Globenet<\/strong>.<\/p>\n<h2>Leil\u00e3o de ativos m\u00f3veis da Oi ainda enfrenta entraves<\/h2>\n<p>Apesar de ter acontecido em dezembro do ano passado, o <strong>leil\u00e3o<\/strong> ainda tem enfrentado obst\u00e1culos para ser conclu\u00eddo.<\/p>\n<p>O parecer de ex-membros do <strong>Cade<\/strong> encomendado pela <strong>Neo<\/strong>, associa\u00e7\u00e3o de 180 provedores regionais \u00e0 internet, divulgado na ter\u00e7a-feira (6), aponta que a aquisi\u00e7\u00e3o dos ativos m\u00f3veis da Oi pelo cons\u00f3rcio ter\u00e1 como consequ\u00eancia o aumento nos pre\u00e7os dos servi\u00e7os e a redu\u00e7\u00e3o nos investimentos. A compra do cons\u00f3rcio, por R$ 16,5 bilh\u00f5es, ainda est\u00e1 em an\u00e1lise no Cade e Anatel.<\/p>\n\t<div data-element=\"shortcode-read-more\" class=\"knowMore\">\n\t\t\t\t<span class=\"knowMore__title\">Saiba Mais <\/span>\n\t\t\t\t<a class=\"knowMore__link\" href=\"https:\/\/www.suno.com.br\/noticias\/oi-oibr3-tim-tims3-vivo-vit3-claro\/\">\n\t\t\tOi (OIBR3): Aquisi\u00e7\u00e3o de ativos m\u00f3veis por concorrentes pode elevar pre\u00e7os, diz parecer\t\t<\/a>\n\t<\/div>\n\n\n<p>Como solu\u00e7\u00e3o, as entidades prop\u00f5em que a venda dos ativos m\u00f3veis ocorra de forma fatiada, de forma que pulverize o<strong>\u00a0poder de mercado<\/strong>\u00a0da operadora. Portanto, TIM, Vivo e Claro poderiam adquirir uma fatia menor do neg\u00f3cio de telefonia da tele em\u00a0<a class=\"suno-keyword\" href=\"https:\/\/www.suno.com.br\/artigos\/recuperacao-judicial\/\" target=\"_blank\" rel=\"noopener noreferrer\" data-force=\"no\" data-priority=\"2\">recupera\u00e7\u00e3o judicial<\/a>.<\/p>\n<p>\u00c9 v\u00e1lido lembrar que ap\u00f3s o encerramento dos processos do leil\u00e3o, a <strong>Oi<\/strong> deve iniciar a caminhada com suas pr\u00f3prias pernas, ou seja, a operadora ter\u00e1 dinheiro no caixa e condi\u00e7\u00f5es para sair da recupera\u00e7\u00e3o judicial A partir disto, o mercado ir\u00e1 acompanhar seus investimentos em fibra \u00f3tica, setor do qual a companhia j\u00e1 informou que estar\u00e1 focada.<\/p>\n\t<p>\n\t\t<a href=\"https:\/\/lp.suno.com.br\/planilha-de-controle-de-investimentos\/\" target=\"_blank\" data-element=\"shortcode-suno-banner\" title=\"Banner SUNO, clique e saiba mais\">\n\t\t\t<picture>\n\t\t\t\t<source media=\"(max-width: 500px)\" srcset=\"https:\/\/files.sunoresearch.com.br\/n\/uploads\/2023\/03\/400x300-Controle-de-Investimentos.png\">\n\t\t\t\t<img class=\"newsContent__article__imgCapa newsContent__article__imgCapa--banner\"\n\t\t\t\t\tsrc=\"https:\/\/files.sunoresearch.com.br\/n\/uploads\/2023\/03\/1420x240-Controle-de-Investimentos.png\"\n\t\t\t\t\tdata-promo-id=\"75934\"\t\t\t\t\t\t\t\t\t\twidth='1420' height='240'\t\t\t\t\talt=\"https:\/\/files.sunoresearch.com.br\/n\/uploads\/2023\/03\/1420x240-Controle-de-Investimentos.png\"\n\t\t\t\t>\n\t\t\t<\/picture>\n\t\t<\/a>\n\t<\/p>\n\n\n","protected":false},"excerpt":{"rendered":"<p>O leil\u00e3o da Oi (OIBR3) para a venda de parte de sua empresa de fibra \u00f3tica, a InfraCo, acontece nesta quarta-feira (7). O certame ser\u00e1 conduzido pela S\u00e9tima Vara Empresarial do Tribunal de Justi\u00e7a do Rio de Janeiro, respons\u00e1vel pelo processo de recupera\u00e7\u00e3o judicial. Segundo o jornal Valor Econ\u00f4mico, a operadora recebeu apenas a proposta [&hellip;]<\/p>\n","protected":false},"author":15,"featured_media":141238,"comment_status":"closed","ping_status":"closed","sticky":false,"template":"","format":"standard","meta":[],"categories":[64],"tags":[399,92666,584],"suno_strategy":[],"class_list":["post-164264","post","type-post","status-publish","format-standard","has-post-thumbnail","hentry","category-negocios","tag-btg-pactual-bpac11-bpac3-bpac5","tag-infraco","tag-oi-oibr3-oibr4"],"yoast_head":"<!-- This site is optimized with the Yoast SEO plugin v24.4 - https:\/\/yoast.com\/wordpress\/plugins\/seo\/ -->\n<title>Oi (OIBR3): Leil\u00e3o da Infraco \u00e9 hoje e BTG deve levar por R$ 12,9 bi<\/title>\n<meta name=\"description\" content=\"O leil\u00e3o da Oi (OIBR3) de venda de parte de sua empresa de fibra \u00f3tica, a InfraCo, acontece nesta quarta (7). Para saber mais clique aqui\" \/>\n<meta name=\"robots\" content=\"index, follow, max-snippet:-1, max-image-preview:large, max-video-preview:-1\" \/>\n<link rel=\"canonical\" href=\"https:\/\/www.suno.com.br\/noticias\/oi-oibr3-btg-bpac11-infraco-leilao\/\" \/>\n<meta property=\"og:locale\" content=\"pt_BR\" \/>\n<meta property=\"og:type\" content=\"article\" \/>\n<meta property=\"og:title\" content=\"Oi (OIBR3): Leil\u00e3o da Infraco \u00e9 hoje e BTG deve levar por R$ 12,9 bi\" \/>\n<meta property=\"og:description\" content=\"O leil\u00e3o da Oi (OIBR3) de venda de parte de sua empresa de fibra \u00f3tica, a InfraCo, acontece nesta quarta (7). Para saber mais clique aqui\" \/>\n<meta property=\"og:url\" content=\"https:\/\/www.suno.com.br\/noticias\/oi-oibr3-btg-bpac11-infraco-leilao\/\" \/>\n<meta property=\"og:site_name\" content=\"Suno Not\u00edcias\" \/>\n<meta property=\"article:publisher\" content=\"https:\/\/facebook.com\/sunoresearch\" \/>\n<meta property=\"og:image\" content=\"https:\/\/files.sunoresearch.com.br\/n\/uploads\/2021\/04\/a692467b-lut_6296-scaled.jpg\" \/>\n\t<meta property=\"og:image:width\" content=\"2560\" \/>\n\t<meta property=\"og:image:height\" content=\"1709\" \/>\n\t<meta property=\"og:image:type\" content=\"image\/jpeg\" \/>\n<meta name=\"author\" content=\"Poliana Santos\" \/>\n<meta name=\"twitter:card\" content=\"summary_large_image\" \/>\n<meta name=\"twitter:creator\" content=\"@sunoresearch\" \/>\n<meta name=\"twitter:site\" content=\"@sunoresearch\" \/>\n<meta name=\"twitter:label1\" content=\"Escrito por\" \/>\n\t<meta name=\"twitter:data1\" content=\"Poliana Santos\" \/>\n\t<meta name=\"twitter:label2\" content=\"Est. tempo de leitura\" \/>\n\t<meta name=\"twitter:data2\" content=\"3 minutos\" \/>\n<script type=\"application\/ld+json\" class=\"yoast-schema-graph\">{\"@context\":\"https:\/\/schema.org\",\"@graph\":[{\"@type\":\"NewsArticle\",\"@id\":\"https:\/\/www.suno.com.br\/noticias\/oi-oibr3-btg-bpac11-infraco-leilao\/#article\",\"isPartOf\":{\"@id\":\"https:\/\/www.suno.com.br\/noticias\/oi-oibr3-btg-bpac11-infraco-leilao\/\"},\"author\":{\"name\":\"Poliana Santos\",\"@id\":\"https:\/\/www.suno.com.br\/noticias\/#\/schema\/person\/02ec1f752758247878a2bf4abee1aeda\"},\"headline\":\"Oi (OIBR3): Leil\u00e3o da Infraco acontece hoje e BTG deve levar 57,9% por R$ 12,9 bi\",\"datePublished\":\"2021-07-07T14:43:43+00:00\",\"dateModified\":\"2021-07-08T13:14:41+00:00\",\"mainEntityOfPage\":{\"@id\":\"https:\/\/www.suno.com.br\/noticias\/oi-oibr3-btg-bpac11-infraco-leilao\/\"},\"wordCount\":660,\"publisher\":{\"@id\":\"https:\/\/www.suno.com.br\/noticias\/#organization\"},\"image\":{\"@id\":\"https:\/\/www.suno.com.br\/noticias\/oi-oibr3-btg-bpac11-infraco-leilao\/#primaryimage\"},\"thumbnailUrl\":\"https:\/\/files.sunoresearch.com.br\/n\/uploads\/2021\/04\/a692467b-lut_6296-scaled.jpg\",\"keywords\":[\"BTG Pactual (BPAC11\/BPAC3\/BPAC5)\",\"InfraCo\",\"Oi (OIBR3\/OIBR4)\"],\"articleSection\":[\"Neg\u00f3cios\"],\"inLanguage\":\"pt-BR\"},{\"@type\":\"WebPage\",\"@id\":\"https:\/\/www.suno.com.br\/noticias\/oi-oibr3-btg-bpac11-infraco-leilao\/\",\"url\":\"https:\/\/www.suno.com.br\/noticias\/oi-oibr3-btg-bpac11-infraco-leilao\/\",\"name\":\"Oi (OIBR3): Leil\u00e3o da Infraco \u00e9 hoje e BTG deve levar por R$ 12,9 bi\",\"isPartOf\":{\"@id\":\"https:\/\/www.suno.com.br\/noticias\/#website\"},\"primaryImageOfPage\":{\"@id\":\"https:\/\/www.suno.com.br\/noticias\/oi-oibr3-btg-bpac11-infraco-leilao\/#primaryimage\"},\"image\":{\"@id\":\"https:\/\/www.suno.com.br\/noticias\/oi-oibr3-btg-bpac11-infraco-leilao\/#primaryimage\"},\"thumbnailUrl\":\"https:\/\/files.sunoresearch.com.br\/n\/uploads\/2021\/04\/a692467b-lut_6296-scaled.jpg\",\"datePublished\":\"2021-07-07T14:43:43+00:00\",\"dateModified\":\"2021-07-08T13:14:41+00:00\",\"description\":\"O leil\u00e3o da Oi (OIBR3) de venda de parte de sua empresa de fibra \u00f3tica, a InfraCo, acontece nesta quarta (7). Para saber mais clique aqui\",\"breadcrumb\":{\"@id\":\"https:\/\/www.suno.com.br\/noticias\/oi-oibr3-btg-bpac11-infraco-leilao\/#breadcrumb\"},\"inLanguage\":\"pt-BR\",\"potentialAction\":[{\"@type\":\"ReadAction\",\"target\":[\"https:\/\/www.suno.com.br\/noticias\/oi-oibr3-btg-bpac11-infraco-leilao\/\"]}]},{\"@type\":\"ImageObject\",\"inLanguage\":\"pt-BR\",\"@id\":\"https:\/\/www.suno.com.br\/noticias\/oi-oibr3-btg-bpac11-infraco-leilao\/#primaryimage\",\"url\":\"https:\/\/files.sunoresearch.com.br\/n\/uploads\/2021\/04\/a692467b-lut_6296-scaled.jpg\",\"contentUrl\":\"https:\/\/files.sunoresearch.com.br\/n\/uploads\/2021\/04\/a692467b-lut_6296-scaled.jpg\",\"width\":2560,\"height\":1709,\"caption\":\"Oi (OIBR3) - Foto: Divulga\u00e7\u00e3o\"},{\"@type\":\"BreadcrumbList\",\"@id\":\"https:\/\/www.suno.com.br\/noticias\/oi-oibr3-btg-bpac11-infraco-leilao\/#breadcrumb\",\"itemListElement\":[{\"@type\":\"ListItem\",\"position\":1,\"name\":\"Not\u00edcias\",\"item\":\"https:\/\/www.suno.com.br\/noticias\/\"},{\"@type\":\"ListItem\",\"position\":2,\"name\":\"Neg\u00f3cios\",\"item\":\"https:\/\/www.suno.com.br\/noticias\/negocios\/\"},{\"@type\":\"ListItem\",\"position\":3,\"name\":\"Oi (OIBR3): Leil\u00e3o da Infraco acontece hoje e BTG deve levar 57,9% por R$ 12,9 bi\"}]},{\"@type\":\"WebSite\",\"@id\":\"https:\/\/www.suno.com.br\/noticias\/#website\",\"url\":\"https:\/\/www.suno.com.br\/noticias\/\",\"name\":\"Suno Not\u00edcias\",\"description\":\"Seu portal de informa\u00e7\u00e3o sobre o mundo dos investimentos\",\"publisher\":{\"@id\":\"https:\/\/www.suno.com.br\/noticias\/#organization\"},\"potentialAction\":[{\"@type\":\"SearchAction\",\"target\":{\"@type\":\"EntryPoint\",\"urlTemplate\":\"https:\/\/www.suno.com.br\/noticias\/?s={search_term_string}\"},\"query-input\":{\"@type\":\"PropertyValueSpecification\",\"valueRequired\":true,\"valueName\":\"search_term_string\"}}],\"inLanguage\":\"pt-BR\"},{\"@type\":\"Organization\",\"@id\":\"https:\/\/www.suno.com.br\/noticias\/#organization\",\"name\":\"Suno Not\u00edcias\",\"url\":\"https:\/\/www.suno.com.br\/noticias\/\",\"logo\":{\"@type\":\"ImageObject\",\"inLanguage\":\"pt-BR\",\"@id\":\"https:\/\/www.suno.com.br\/noticias\/#\/schema\/logo\/image\/\",\"url\":\"https:\/\/files.sunoresearch.com.br\/n\/uploads\/2021\/09\/suno-logo.png\",\"contentUrl\":\"https:\/\/files.sunoresearch.com.br\/n\/uploads\/2021\/09\/suno-logo.png\",\"width\":180,\"height\":180,\"caption\":\"Suno Not\u00edcias\"},\"image\":{\"@id\":\"https:\/\/www.suno.com.br\/noticias\/#\/schema\/logo\/image\/\"},\"sameAs\":[\"https:\/\/facebook.com\/sunoresearch\",\"https:\/\/x.com\/sunoresearch\",\"https:\/\/www.instagram.com\/suno\",\"https:\/\/www.linkedin.com\/company\/suno-research\/\",\"https:\/\/www.youtube.com\/c\/sunoresearch\"]},{\"@type\":\"Person\",\"@id\":\"https:\/\/www.suno.com.br\/noticias\/#\/schema\/person\/02ec1f752758247878a2bf4abee1aeda\",\"name\":\"Poliana Santos\",\"image\":{\"@type\":\"ImageObject\",\"inLanguage\":\"pt-BR\",\"@id\":\"https:\/\/www.suno.com.br\/noticias\/#\/schema\/person\/image\/\",\"url\":\"https:\/\/secure.gravatar.com\/avatar\/0645bd32f23d87b2130f2b2dff1d3f8d?s=96&r=g\",\"contentUrl\":\"https:\/\/secure.gravatar.com\/avatar\/0645bd32f23d87b2130f2b2dff1d3f8d?s=96&r=g\",\"caption\":\"Poliana Santos\"},\"description\":\"Rep\u00f3rter no Suno Not\u00edcias, com cobertura em mercado financeiro, economia, finan\u00e7as pessoais, renda fixa e varejo. Jornalista formada pela Faculdade C\u00e1sper L\u00edbero e possui passagem na R\u00e1dio Gazeta AM com a produ\u00e7\u00e3o de conte\u00fado sobre economia, pol\u00edtica, sa\u00fade, moda e m\u00fasica. Possui certificado de conclus\u00e3o do curso de An\u00e1lise de Balan\u00e7os pela Funda\u00e7\u00e3o Bradesco, Agenda Brasil pela FAAP, Educa\u00e7\u00e3o Pol\u00edtica por Alexandre Garcia e do Tesouro Direto e Mercado de A\u00e7\u00f5es pela B3.\",\"url\":\"https:\/\/www.suno.com.br\/noticias\/author\/poliana-santos\/\"}]}<\/script>\n<!-- \/ Yoast SEO plugin. -->","yoast_head_json":{"title":"Oi (OIBR3): Leil\u00e3o da Infraco \u00e9 hoje e BTG deve levar por R$ 12,9 bi","description":"O leil\u00e3o da Oi (OIBR3) de venda de parte de sua empresa de fibra \u00f3tica, a InfraCo, acontece nesta quarta (7). Para saber mais clique aqui","robots":{"index":"index","follow":"follow","max-snippet":"max-snippet:-1","max-image-preview":"max-image-preview:large","max-video-preview":"max-video-preview:-1"},"canonical":"https:\/\/www.suno.com.br\/noticias\/oi-oibr3-btg-bpac11-infraco-leilao\/","og_locale":"pt_BR","og_type":"article","og_title":"Oi (OIBR3): Leil\u00e3o da Infraco \u00e9 hoje e BTG deve levar por R$ 12,9 bi","og_description":"O leil\u00e3o da Oi (OIBR3) de venda de parte de sua empresa de fibra \u00f3tica, a InfraCo, acontece nesta quarta (7). Para saber mais clique aqui","og_url":"https:\/\/www.suno.com.br\/noticias\/oi-oibr3-btg-bpac11-infraco-leilao\/","og_site_name":"Suno Not\u00edcias","article_publisher":"https:\/\/facebook.com\/sunoresearch","og_image":[{"width":2560,"height":1709,"url":"https:\/\/files.sunoresearch.com.br\/n\/uploads\/2021\/04\/a692467b-lut_6296-scaled.jpg","type":"image\/jpeg"}],"author":"Poliana Santos","twitter_card":"summary_large_image","twitter_creator":"@sunoresearch","twitter_site":"@sunoresearch","twitter_misc":{"Escrito por":"Poliana Santos","Est. tempo de leitura":"3 minutos"},"schema":{"@context":"https:\/\/schema.org","@graph":[{"@type":"NewsArticle","@id":"https:\/\/www.suno.com.br\/noticias\/oi-oibr3-btg-bpac11-infraco-leilao\/#article","isPartOf":{"@id":"https:\/\/www.suno.com.br\/noticias\/oi-oibr3-btg-bpac11-infraco-leilao\/"},"author":{"name":"Poliana Santos","@id":"https:\/\/www.suno.com.br\/noticias\/#\/schema\/person\/02ec1f752758247878a2bf4abee1aeda"},"headline":"Oi (OIBR3): Leil\u00e3o da Infraco acontece hoje e BTG deve levar 57,9% por R$ 12,9 bi","datePublished":"2021-07-07T14:43:43+00:00","dateModified":"2021-07-08T13:14:41+00:00","mainEntityOfPage":{"@id":"https:\/\/www.suno.com.br\/noticias\/oi-oibr3-btg-bpac11-infraco-leilao\/"},"wordCount":660,"publisher":{"@id":"https:\/\/www.suno.com.br\/noticias\/#organization"},"image":{"@id":"https:\/\/www.suno.com.br\/noticias\/oi-oibr3-btg-bpac11-infraco-leilao\/#primaryimage"},"thumbnailUrl":"https:\/\/files.sunoresearch.com.br\/n\/uploads\/2021\/04\/a692467b-lut_6296-scaled.jpg","keywords":["BTG Pactual (BPAC11\/BPAC3\/BPAC5)","InfraCo","Oi (OIBR3\/OIBR4)"],"articleSection":["Neg\u00f3cios"],"inLanguage":"pt-BR"},{"@type":"WebPage","@id":"https:\/\/www.suno.com.br\/noticias\/oi-oibr3-btg-bpac11-infraco-leilao\/","url":"https:\/\/www.suno.com.br\/noticias\/oi-oibr3-btg-bpac11-infraco-leilao\/","name":"Oi (OIBR3): Leil\u00e3o da Infraco \u00e9 hoje e BTG deve levar por R$ 12,9 bi","isPartOf":{"@id":"https:\/\/www.suno.com.br\/noticias\/#website"},"primaryImageOfPage":{"@id":"https:\/\/www.suno.com.br\/noticias\/oi-oibr3-btg-bpac11-infraco-leilao\/#primaryimage"},"image":{"@id":"https:\/\/www.suno.com.br\/noticias\/oi-oibr3-btg-bpac11-infraco-leilao\/#primaryimage"},"thumbnailUrl":"https:\/\/files.sunoresearch.com.br\/n\/uploads\/2021\/04\/a692467b-lut_6296-scaled.jpg","datePublished":"2021-07-07T14:43:43+00:00","dateModified":"2021-07-08T13:14:41+00:00","description":"O leil\u00e3o da Oi (OIBR3) de venda de parte de sua empresa de fibra \u00f3tica, a InfraCo, acontece nesta quarta (7). Para saber mais clique aqui","breadcrumb":{"@id":"https:\/\/www.suno.com.br\/noticias\/oi-oibr3-btg-bpac11-infraco-leilao\/#breadcrumb"},"inLanguage":"pt-BR","potentialAction":[{"@type":"ReadAction","target":["https:\/\/www.suno.com.br\/noticias\/oi-oibr3-btg-bpac11-infraco-leilao\/"]}]},{"@type":"ImageObject","inLanguage":"pt-BR","@id":"https:\/\/www.suno.com.br\/noticias\/oi-oibr3-btg-bpac11-infraco-leilao\/#primaryimage","url":"https:\/\/files.sunoresearch.com.br\/n\/uploads\/2021\/04\/a692467b-lut_6296-scaled.jpg","contentUrl":"https:\/\/files.sunoresearch.com.br\/n\/uploads\/2021\/04\/a692467b-lut_6296-scaled.jpg","width":2560,"height":1709,"caption":"Oi (OIBR3) - Foto: Divulga\u00e7\u00e3o"},{"@type":"BreadcrumbList","@id":"https:\/\/www.suno.com.br\/noticias\/oi-oibr3-btg-bpac11-infraco-leilao\/#breadcrumb","itemListElement":[{"@type":"ListItem","position":1,"name":"Not\u00edcias","item":"https:\/\/www.suno.com.br\/noticias\/"},{"@type":"ListItem","position":2,"name":"Neg\u00f3cios","item":"https:\/\/www.suno.com.br\/noticias\/negocios\/"},{"@type":"ListItem","position":3,"name":"Oi (OIBR3): Leil\u00e3o da Infraco acontece hoje e BTG deve levar 57,9% por R$ 12,9 bi"}]},{"@type":"WebSite","@id":"https:\/\/www.suno.com.br\/noticias\/#website","url":"https:\/\/www.suno.com.br\/noticias\/","name":"Suno Not\u00edcias","description":"Seu portal de informa\u00e7\u00e3o sobre o mundo dos investimentos","publisher":{"@id":"https:\/\/www.suno.com.br\/noticias\/#organization"},"potentialAction":[{"@type":"SearchAction","target":{"@type":"EntryPoint","urlTemplate":"https:\/\/www.suno.com.br\/noticias\/?s={search_term_string}"},"query-input":{"@type":"PropertyValueSpecification","valueRequired":true,"valueName":"search_term_string"}}],"inLanguage":"pt-BR"},{"@type":"Organization","@id":"https:\/\/www.suno.com.br\/noticias\/#organization","name":"Suno Not\u00edcias","url":"https:\/\/www.suno.com.br\/noticias\/","logo":{"@type":"ImageObject","inLanguage":"pt-BR","@id":"https:\/\/www.suno.com.br\/noticias\/#\/schema\/logo\/image\/","url":"https:\/\/files.sunoresearch.com.br\/n\/uploads\/2021\/09\/suno-logo.png","contentUrl":"https:\/\/files.sunoresearch.com.br\/n\/uploads\/2021\/09\/suno-logo.png","width":180,"height":180,"caption":"Suno Not\u00edcias"},"image":{"@id":"https:\/\/www.suno.com.br\/noticias\/#\/schema\/logo\/image\/"},"sameAs":["https:\/\/facebook.com\/sunoresearch","https:\/\/x.com\/sunoresearch","https:\/\/www.instagram.com\/suno","https:\/\/www.linkedin.com\/company\/suno-research\/","https:\/\/www.youtube.com\/c\/sunoresearch"]},{"@type":"Person","@id":"https:\/\/www.suno.com.br\/noticias\/#\/schema\/person\/02ec1f752758247878a2bf4abee1aeda","name":"Poliana Santos","image":{"@type":"ImageObject","inLanguage":"pt-BR","@id":"https:\/\/www.suno.com.br\/noticias\/#\/schema\/person\/image\/","url":"https:\/\/secure.gravatar.com\/avatar\/0645bd32f23d87b2130f2b2dff1d3f8d?s=96&r=g","contentUrl":"https:\/\/secure.gravatar.com\/avatar\/0645bd32f23d87b2130f2b2dff1d3f8d?s=96&r=g","caption":"Poliana Santos"},"description":"Rep\u00f3rter no Suno Not\u00edcias, com cobertura em mercado financeiro, economia, finan\u00e7as pessoais, renda fixa e varejo. Jornalista formada pela Faculdade C\u00e1sper L\u00edbero e possui passagem na R\u00e1dio Gazeta AM com a produ\u00e7\u00e3o de conte\u00fado sobre economia, pol\u00edtica, sa\u00fade, moda e m\u00fasica. Possui certificado de conclus\u00e3o do curso de An\u00e1lise de Balan\u00e7os pela Funda\u00e7\u00e3o Bradesco, Agenda Brasil pela FAAP, Educa\u00e7\u00e3o Pol\u00edtica por Alexandre Garcia e do Tesouro Direto e Mercado de A\u00e7\u00f5es pela B3.","url":"https:\/\/www.suno.com.br\/noticias\/author\/poliana-santos\/"}]}},"default_loop_html":"<div class=\"cardsPage__listCard__boxs\"><div class=\"cardsPage__listCard__boxs__img\"><a href=\"https:\/\/www.suno.com.br\/noticias\/oi-oibr3-btg-bpac11-infraco-leilao\/\"><img class=\"mask\" src=\"https:\/\/www.suno.com.br\/noticias\/wp-content\/themes\/suno\/resources\/images\/spotlight\/spotlight1img\/bg-mask.png\" alt=\"Image Mask\"\/><img src=\"https:\/\/files.sunoresearch.com.br\/n\/uploads\/2021\/04\/a692467b-lut_6296-400x200.jpg\" alt=\"Oi (OIBR3): Leil\u00e3o da Infraco acontece hoje e BTG deve levar 57,9% por R$ 12,9 bi\"\/><\/a><span class=\"spotlightCategory\"><a href=\"https:\/\/www.suno.com.br\/noticias\/negocios\/\">Neg\u00f3cios<\/a><\/span><\/div><div class=\"cardsPage__listCard__boxs__content\"><a href=\"https:\/\/www.suno.com.br\/noticias\/oi-oibr3-btg-bpac11-infraco-leilao\/\"><h2 class=\"content__title\">Oi (OIBR3): Leil\u00e3o da Infraco acontece hoje e BTG deve levar 57,9% por R$ 12,9 bi<\/h2><\/a><div class=\"newsContent__article__meta\"><div class=\"newsContent__article__meta__authorBox\"><a href=\"https:\/\/www.suno.com.br\/noticias\/author\/poliana-santos\/\" class=\"authorBox__avatar noMobi\"><img src=\"https:\/\/files.sunoresearch.com.br\/n\/uploads\/2020\/08\/7ef34026-whatsapp-image-2020-08-03-at-12.37.57-150x150.webp\" alt=\"Poliana Santos\"><\/a><div class=\"authorBox__name\"><span>por\n\t\t\t<a href=\"https:\/\/www.suno.com.br\/noticias\/author\/poliana-santos\/\"><span itemprop=\"author\">Poliana Santos<\/span><\/a><\/span><time datetime=\"2021-07-07T11:43:43-03:00\" itemprop=\"datePublished\">07\/07\/2021 11:43<\/time><\/div><\/div><\/div><\/div><\/div>","single_layout":"posts","amp_enabled":true,"_links":{"self":[{"href":"https:\/\/www.suno.com.br\/noticias\/wp-json\/wp\/v2\/posts\/164264"}],"collection":[{"href":"https:\/\/www.suno.com.br\/noticias\/wp-json\/wp\/v2\/posts"}],"about":[{"href":"https:\/\/www.suno.com.br\/noticias\/wp-json\/wp\/v2\/types\/post"}],"author":[{"embeddable":true,"href":"https:\/\/www.suno.com.br\/noticias\/wp-json\/wp\/v2\/users\/15"}],"replies":[{"embeddable":true,"href":"https:\/\/www.suno.com.br\/noticias\/wp-json\/wp\/v2\/comments?post=164264"}],"version-history":[{"count":3,"href":"https:\/\/www.suno.com.br\/noticias\/wp-json\/wp\/v2\/posts\/164264\/revisions"}],"predecessor-version":[{"id":164604,"href":"https:\/\/www.suno.com.br\/noticias\/wp-json\/wp\/v2\/posts\/164264\/revisions\/164604"}],"wp:featuredmedia":[{"embeddable":true,"href":"https:\/\/www.suno.com.br\/noticias\/wp-json\/wp\/v2\/media\/141238"}],"wp:attachment":[{"href":"https:\/\/www.suno.com.br\/noticias\/wp-json\/wp\/v2\/media?parent=164264"}],"wp:term":[{"taxonomy":"category","embeddable":true,"href":"https:\/\/www.suno.com.br\/noticias\/wp-json\/wp\/v2\/categories?post=164264"},{"taxonomy":"post_tag","embeddable":true,"href":"https:\/\/www.suno.com.br\/noticias\/wp-json\/wp\/v2\/tags?post=164264"},{"taxonomy":"suno_strategy","embeddable":true,"href":"https:\/\/www.suno.com.br\/noticias\/wp-json\/wp\/v2\/suno_strategy?post=164264"}],"curies":[{"name":"wp","href":"https:\/\/api.w.org\/{rel}","templated":true}]}}