{"id":16423,"date":"2019-02-24T13:14:58","date_gmt":"2019-02-24T16:14:58","guid":{"rendered":"https:\/\/www.suno.com.br\/noticias\/?p=16423"},"modified":"2019-02-24T13:14:58","modified_gmt":"2019-02-24T16:14:58","slug":"venezuela-governo-brasileiro-condena","status":"publish","type":"post","link":"https:\/\/www.suno.com.br\/noticias\/venezuela-governo-brasileiro-condena\/","title":{"rendered":"Venezuela: Governo brasileiro condena atos de viol\u00eancia na fronteira"},"content":{"rendered":"<p>O governo brasileiro, por meio de nota do Minist\u00e9rio de Rela\u00e7\u00f5es Exteriores, o Itamaraty, condenou os atos de viol\u00eancia registrados na fronteira com a Venezuela.<\/p>\t<div class=\"wrapper-featured-image\">\n\t\t<figure class=\"spotlightImg\">\n\n\t\t\t<picture>\n\t\t\t\t<source media=\"(max-width: 768px)\" srcset=\"https:\/\/files.sunoresearch.com.br\/n\/uploads\/2018\/12\/6d250da3-venezuela-400x200.webp\">\n\t\t\t\t<img loading=\"lazy\" decoding=\"async\" class=\"newsContent__article__imgCapa lazyloadDisabled newsContent__article__imgCapa--noCaption\" src=\"https:\/\/files.sunoresearch.com.br\/n\/uploads\/2018\/12\/6d250da3-venezuela-jpg.webp\" width=\"800\" height=\"450\" alt=\"Venezuela: Governo brasileiro condena atos de viol\u00eancia na fronteira\" fetchpriority=high \/>\n\t\t\t<\/picture>\n\n\t\t\t<figcaption class=\"wp-caption-text wp-caption-text--hide\">Bandeira da Venezuela. (divulga\u00e7\u00e3o)<\/figcaption>\n\t\t<\/figure>\n\t<\/div>\n\n\n<p>O comunicado foi publicado neste domingo (24). Para o <strong>governo<\/strong>, os atos na <strong>Venezuela<\/strong> exibem \u201co car\u00e1ter criminoso do regime (do ditador Nicol\u00e1s) <strong>Maduro<\/strong>\u201d e um \u201cbrutal atentado aos <strong>direitos humanos<\/strong>\u201d.<\/p>\n<p><a href=\"https:\/\/www.suno.com.br\/noticias\/fronteira-venezuela-tres-mortes-confronto\/\">Saiba mais:\u00a0Mais tr\u00eas pessoas morrem em conflito na fronteira com a Venezuela<\/a><\/p>\n<p>Segundo o governo de <strong>Roraima<\/strong>, 16 venezuelanos feridos na fronteira foram atendidos em hospitais p\u00fablicos do estado no \u00faltimo s\u00e1bado (23). Dois deles morreram. J\u00e1 na fronteira com a <strong>Col\u00f4mbia<\/strong>, o n\u00famero de feridos foi de 37 pessoas. O ditador venezuelano, <strong>Nicol\u00e1s Maduro<\/strong>, rompeu rela\u00e7\u00f5es diplom\u00e1ticas com a <strong>Col\u00f4mbia<\/strong> neste s\u00e1bado.<\/p>\n<p>\u201cO governo do <strong>Brasil<\/strong> expressa sua condena\u00e7\u00e3o mais veemente aos atos de viol\u00eancia perpetrados pelo regime ileg\u00edtimo do ditador <strong>Nicol\u00e1s Maduro<\/strong>, no dia 23 de fevereiro, nas fronteiras da <strong>Venezuela<\/strong> com o Brasil e com a <strong>Col\u00f4mbia<\/strong>, que causaram v\u00e1rias v\u00edtimas fatais e dezenas de feridos\u201d, informa a nota.<\/p>\n<p>Al\u00e9m disso, o documento pede para que os pa\u00edses reconhe\u00e7am o presidente autoproclamado <strong>Juan Guaid\u00f3<\/strong> como chefe do executivo venezuelano.<\/p>\n<p><a href=\"https:\/\/www.suno.com.br\/noticias\/venezuela-colombia-fronteira-confronto-feridos\/\">Saiba mais:\u00a0Fechamento da fronteira da Venezuela com a Col\u00f4mbia gera confronto<\/a><\/p>\n<p>\u201cO <strong>Brasil<\/strong> apela \u00e0 comunidade internacional, sobretudo aos pa\u00edses que ainda n\u00e3o reconheceram o Presidente encarregado <strong>Juan Guaid\u00f3<\/strong>, a somarem-se ao esfor\u00e7o de liberta\u00e7\u00e3o da <strong>Venezuela<\/strong>, reconhecendo o governo leg\u00edtimo de Guaid\u00f3 e exigindo que cesse a viol\u00eancia das for\u00e7as do regime contra sua pr\u00f3pria popula\u00e7\u00e3o\u201d, informa o texto.<\/p>\n<p>Al\u00e9m dos <strong>Estados Unidos<\/strong>, mais de 40 pa\u00edses j\u00e1 declararam apoio ao presidente da Assembleia Nacional, <strong>Juan Guaid\u00f3<\/strong>, como <strong>Alemanha<\/strong> e <strong>Brasil<\/strong>. No entanto,\u00a0Nicol\u00e1s Maduro\u00a0tem como aliado a\u00a0<strong>China<\/strong>, a<strong> R\u00fassia <\/strong>e\u00a0as <strong>For\u00e7as Armadas da Venezuela<\/strong>\u00a0considerado o principal pilar de sustenta\u00e7\u00e3o do regime de Maduro.<\/p>\n<p>Em nota, o <strong>governo<\/strong> diz que o uso desproporcional da for\u00e7a contra o povo venezuelano vai contra os <strong>direitos humanos<\/strong> e \u00e9 totalmente inadmiss\u00edvel.<\/p>\n<p><a href=\"https:\/\/www.suno.com.br\/noticias\/venezuela-eua-russia-onu\/\">Saiba mais:\u00a0Venezuela: EUA e R\u00fassia disputam apoio na ONU para aprovar resolu\u00e7\u00e3o<\/a><\/p>\n<p>\u201cO uso da for\u00e7a contra o povo da <strong>Venezuela<\/strong>, que anseia por receber a ajuda humanit\u00e1ria internacional, caracteriza, de forma definitiva, o car\u00e1ter criminoso do regime <strong>Maduro<\/strong>. Trata-se de um brutal atentado aos direitos humanos, que nenhum princ\u00edpio do direito internacional remotamente justifica e diante do qual nenhuma na\u00e7\u00e3o pode calar-se.\u201d<\/p>\n","protected":false},"excerpt":{"rendered":"<p>O governo brasileiro, por meio de nota do Minist\u00e9rio de Rela\u00e7\u00f5es Exteriores, o Itamaraty, condenou os atos de viol\u00eancia registrados na fronteira com a Venezuela. Bandeira da Venezuela. (divulga\u00e7\u00e3o) O comunicado foi publicado neste domingo (24). Para o governo, os atos na Venezuela exibem \u201co car\u00e1ter criminoso do regime (do ditador Nicol\u00e1s) Maduro\u201d e um [&hellip;]<\/p>\n","protected":false},"author":14,"featured_media":8428,"comment_status":"closed","ping_status":"closed","sticky":false,"template":"","format":"standard","meta":[],"categories":[63],"tags":[904,805,804],"suno_strategy":[],"class_list":["post-16423","post","type-post","status-publish","format-standard","has-post-thumbnail","hentry","category-internacional","tag-itamaraty","tag-nicolas-maduro","tag-venezuela"],"yoast_head":"<!-- This site is optimized with the Yoast SEO plugin v24.4 - https:\/\/yoast.com\/wordpress\/plugins\/seo\/ -->\n<title>Venezuela: Governo brasileiro condena atos de viol\u00eancia na fronteira<\/title>\n<meta name=\"description\" content=\"O comunicado foi publicado neste domingo. Para o governo, os atos na Venezuela exibem \u201co car\u00e1ter criminoso do regime&quot;. Clique pea saber mais.\" \/>\n<meta name=\"robots\" content=\"index, follow, max-snippet:-1, max-image-preview:large, max-video-preview:-1\" \/>\n<link rel=\"canonical\" href=\"https:\/\/www.suno.com.br\/noticias\/venezuela-governo-brasileiro-condena\/\" \/>\n<meta property=\"og:locale\" content=\"pt_BR\" \/>\n<meta property=\"og:type\" content=\"article\" \/>\n<meta property=\"og:title\" content=\"Venezuela: Governo brasileiro condena atos de viol\u00eancia na fronteira\" \/>\n<meta property=\"og:description\" content=\"O comunicado foi publicado neste domingo. Para o governo, os atos na Venezuela exibem \u201co car\u00e1ter criminoso do regime&quot;. Clique pea saber mais.\" \/>\n<meta property=\"og:url\" content=\"https:\/\/www.suno.com.br\/noticias\/venezuela-governo-brasileiro-condena\/\" \/>\n<meta property=\"og:site_name\" content=\"Suno Not\u00edcias\" \/>\n<meta property=\"article:publisher\" content=\"https:\/\/facebook.com\/sunoresearch\" \/>\n<meta property=\"og:image\" content=\"https:\/\/files.sunoresearch.com.br\/n\/uploads\/2018\/12\/6d250da3-venezuela.jpg\" \/>\n\t<meta property=\"og:image:width\" content=\"710\" \/>\n\t<meta property=\"og:image:height\" content=\"475\" \/>\n\t<meta property=\"og:image:type\" content=\"image\/jpeg\" \/>\n<meta name=\"author\" content=\"Renan Dantas\" \/>\n<meta name=\"twitter:card\" content=\"summary_large_image\" \/>\n<meta name=\"twitter:creator\" content=\"@sunoresearch\" \/>\n<meta name=\"twitter:site\" content=\"@sunoresearch\" \/>\n<meta name=\"twitter:label1\" content=\"Escrito por\" \/>\n\t<meta name=\"twitter:data1\" content=\"Renan Dantas\" \/>\n\t<meta name=\"twitter:label2\" content=\"Est. tempo de leitura\" \/>\n\t<meta name=\"twitter:data2\" content=\"2 minutos\" \/>\n<script type=\"application\/ld+json\" class=\"yoast-schema-graph\">{\"@context\":\"https:\/\/schema.org\",\"@graph\":[{\"@type\":\"NewsArticle\",\"@id\":\"https:\/\/www.suno.com.br\/noticias\/venezuela-governo-brasileiro-condena\/#article\",\"isPartOf\":{\"@id\":\"https:\/\/www.suno.com.br\/noticias\/venezuela-governo-brasileiro-condena\/\"},\"author\":{\"name\":\"Renan Dantas\",\"@id\":\"https:\/\/www.suno.com.br\/noticias\/#\/schema\/person\/3f7693d5795a3f6d5ce15309ee785699\"},\"headline\":\"Venezuela: Governo brasileiro condena atos de viol\u00eancia na fronteira\",\"datePublished\":\"2019-02-24T16:14:58+00:00\",\"mainEntityOfPage\":{\"@id\":\"https:\/\/www.suno.com.br\/noticias\/venezuela-governo-brasileiro-condena\/\"},\"wordCount\":439,\"publisher\":{\"@id\":\"https:\/\/www.suno.com.br\/noticias\/#organization\"},\"image\":{\"@id\":\"https:\/\/www.suno.com.br\/noticias\/venezuela-governo-brasileiro-condena\/#primaryimage\"},\"thumbnailUrl\":\"https:\/\/files.sunoresearch.com.br\/n\/uploads\/2018\/12\/6d250da3-venezuela-jpg.webp\",\"keywords\":[\"Itamaraty\",\"Nicol\u00e1s Maduro\",\"Venezuela\"],\"articleSection\":[\"Internacional\"],\"inLanguage\":\"pt-BR\"},{\"@type\":\"WebPage\",\"@id\":\"https:\/\/www.suno.com.br\/noticias\/venezuela-governo-brasileiro-condena\/\",\"url\":\"https:\/\/www.suno.com.br\/noticias\/venezuela-governo-brasileiro-condena\/\",\"name\":\"Venezuela: Governo brasileiro condena atos de viol\u00eancia na fronteira\",\"isPartOf\":{\"@id\":\"https:\/\/www.suno.com.br\/noticias\/#website\"},\"primaryImageOfPage\":{\"@id\":\"https:\/\/www.suno.com.br\/noticias\/venezuela-governo-brasileiro-condena\/#primaryimage\"},\"image\":{\"@id\":\"https:\/\/www.suno.com.br\/noticias\/venezuela-governo-brasileiro-condena\/#primaryimage\"},\"thumbnailUrl\":\"https:\/\/files.sunoresearch.com.br\/n\/uploads\/2018\/12\/6d250da3-venezuela-jpg.webp\",\"datePublished\":\"2019-02-24T16:14:58+00:00\",\"description\":\"O comunicado foi publicado neste domingo. Para o governo, os atos na Venezuela exibem \u201co car\u00e1ter criminoso do regime\\\". Clique pea saber mais.\",\"breadcrumb\":{\"@id\":\"https:\/\/www.suno.com.br\/noticias\/venezuela-governo-brasileiro-condena\/#breadcrumb\"},\"inLanguage\":\"pt-BR\",\"potentialAction\":[{\"@type\":\"ReadAction\",\"target\":[\"https:\/\/www.suno.com.br\/noticias\/venezuela-governo-brasileiro-condena\/\"]}]},{\"@type\":\"ImageObject\",\"inLanguage\":\"pt-BR\",\"@id\":\"https:\/\/www.suno.com.br\/noticias\/venezuela-governo-brasileiro-condena\/#primaryimage\",\"url\":\"https:\/\/files.sunoresearch.com.br\/n\/uploads\/2018\/12\/6d250da3-venezuela-jpg.webp\",\"contentUrl\":\"https:\/\/files.sunoresearch.com.br\/n\/uploads\/2018\/12\/6d250da3-venezuela-jpg.webp\",\"width\":710,\"height\":475,\"caption\":\"Bandeira da Venezuela. (divulga\u00e7\u00e3o)\"},{\"@type\":\"BreadcrumbList\",\"@id\":\"https:\/\/www.suno.com.br\/noticias\/venezuela-governo-brasileiro-condena\/#breadcrumb\",\"itemListElement\":[{\"@type\":\"ListItem\",\"position\":1,\"name\":\"Not\u00edcias\",\"item\":\"https:\/\/www.suno.com.br\/noticias\/\"},{\"@type\":\"ListItem\",\"position\":2,\"name\":\"Internacional\",\"item\":\"https:\/\/www.suno.com.br\/noticias\/internacional\/\"},{\"@type\":\"ListItem\",\"position\":3,\"name\":\"Venezuela: Governo brasileiro condena atos de viol\u00eancia na fronteira\"}]},{\"@type\":\"WebSite\",\"@id\":\"https:\/\/www.suno.com.br\/noticias\/#website\",\"url\":\"https:\/\/www.suno.com.br\/noticias\/\",\"name\":\"Suno Not\u00edcias\",\"description\":\"Seu portal de informa\u00e7\u00e3o sobre o mundo dos investimentos\",\"publisher\":{\"@id\":\"https:\/\/www.suno.com.br\/noticias\/#organization\"},\"potentialAction\":[{\"@type\":\"SearchAction\",\"target\":{\"@type\":\"EntryPoint\",\"urlTemplate\":\"https:\/\/www.suno.com.br\/noticias\/?s={search_term_string}\"},\"query-input\":{\"@type\":\"PropertyValueSpecification\",\"valueRequired\":true,\"valueName\":\"search_term_string\"}}],\"inLanguage\":\"pt-BR\"},{\"@type\":\"Organization\",\"@id\":\"https:\/\/www.suno.com.br\/noticias\/#organization\",\"name\":\"Suno Not\u00edcias\",\"url\":\"https:\/\/www.suno.com.br\/noticias\/\",\"logo\":{\"@type\":\"ImageObject\",\"inLanguage\":\"pt-BR\",\"@id\":\"https:\/\/www.suno.com.br\/noticias\/#\/schema\/logo\/image\/\",\"url\":\"https:\/\/files.sunoresearch.com.br\/n\/uploads\/2021\/09\/suno-logo.png\",\"contentUrl\":\"https:\/\/files.sunoresearch.com.br\/n\/uploads\/2021\/09\/suno-logo.png\",\"width\":180,\"height\":180,\"caption\":\"Suno Not\u00edcias\"},\"image\":{\"@id\":\"https:\/\/www.suno.com.br\/noticias\/#\/schema\/logo\/image\/\"},\"sameAs\":[\"https:\/\/facebook.com\/sunoresearch\",\"https:\/\/x.com\/sunoresearch\",\"https:\/\/www.instagram.com\/suno\",\"https:\/\/www.linkedin.com\/company\/suno-research\/\",\"https:\/\/www.youtube.com\/c\/sunoresearch\"]},{\"@type\":\"Person\",\"@id\":\"https:\/\/www.suno.com.br\/noticias\/#\/schema\/person\/3f7693d5795a3f6d5ce15309ee785699\",\"name\":\"Renan Dantas\",\"image\":{\"@type\":\"ImageObject\",\"inLanguage\":\"pt-BR\",\"@id\":\"https:\/\/www.suno.com.br\/noticias\/#\/schema\/person\/image\/\",\"url\":\"https:\/\/secure.gravatar.com\/avatar\/1787b83e7484a08e51d62ac8b41c8396?s=96&r=g\",\"contentUrl\":\"https:\/\/secure.gravatar.com\/avatar\/1787b83e7484a08e51d62ac8b41c8396?s=96&r=g\",\"caption\":\"Renan Dantas\"},\"description\":\"Escreve sobre pol\u00edtica e mercado financeiro para o portal Suno Not\u00edcias. Antes, atuou na assessoria de comunica\u00e7\u00e3o do Minist\u00e9rio P\u00fablico do Trabalho e na R\u00e1dio Mackenzie, onde apresentava e produzia um programa sobre artistas da m\u00fasica brasileira. \u00c9 estudante na Universidade Presbiteriana Mackenzie.\",\"url\":\"https:\/\/www.suno.com.br\/noticias\/author\/renan-dantas\/\"}]}<\/script>\n<!-- \/ Yoast SEO plugin. -->","yoast_head_json":{"title":"Venezuela: Governo brasileiro condena atos de viol\u00eancia na fronteira","description":"O comunicado foi publicado neste domingo. Para o governo, os atos na Venezuela exibem \u201co car\u00e1ter criminoso do regime\". Clique pea saber mais.","robots":{"index":"index","follow":"follow","max-snippet":"max-snippet:-1","max-image-preview":"max-image-preview:large","max-video-preview":"max-video-preview:-1"},"canonical":"https:\/\/www.suno.com.br\/noticias\/venezuela-governo-brasileiro-condena\/","og_locale":"pt_BR","og_type":"article","og_title":"Venezuela: Governo brasileiro condena atos de viol\u00eancia na fronteira","og_description":"O comunicado foi publicado neste domingo. Para o governo, os atos na Venezuela exibem \u201co car\u00e1ter criminoso do regime\". Clique pea saber mais.","og_url":"https:\/\/www.suno.com.br\/noticias\/venezuela-governo-brasileiro-condena\/","og_site_name":"Suno Not\u00edcias","article_publisher":"https:\/\/facebook.com\/sunoresearch","og_image":[{"width":710,"height":475,"url":"https:\/\/files.sunoresearch.com.br\/n\/uploads\/2018\/12\/6d250da3-venezuela.jpg","type":"image\/jpeg"}],"author":"Renan Dantas","twitter_card":"summary_large_image","twitter_creator":"@sunoresearch","twitter_site":"@sunoresearch","twitter_misc":{"Escrito por":"Renan Dantas","Est. tempo de leitura":"2 minutos"},"schema":{"@context":"https:\/\/schema.org","@graph":[{"@type":"NewsArticle","@id":"https:\/\/www.suno.com.br\/noticias\/venezuela-governo-brasileiro-condena\/#article","isPartOf":{"@id":"https:\/\/www.suno.com.br\/noticias\/venezuela-governo-brasileiro-condena\/"},"author":{"name":"Renan Dantas","@id":"https:\/\/www.suno.com.br\/noticias\/#\/schema\/person\/3f7693d5795a3f6d5ce15309ee785699"},"headline":"Venezuela: Governo brasileiro condena atos de viol\u00eancia na fronteira","datePublished":"2019-02-24T16:14:58+00:00","mainEntityOfPage":{"@id":"https:\/\/www.suno.com.br\/noticias\/venezuela-governo-brasileiro-condena\/"},"wordCount":439,"publisher":{"@id":"https:\/\/www.suno.com.br\/noticias\/#organization"},"image":{"@id":"https:\/\/www.suno.com.br\/noticias\/venezuela-governo-brasileiro-condena\/#primaryimage"},"thumbnailUrl":"https:\/\/files.sunoresearch.com.br\/n\/uploads\/2018\/12\/6d250da3-venezuela-jpg.webp","keywords":["Itamaraty","Nicol\u00e1s Maduro","Venezuela"],"articleSection":["Internacional"],"inLanguage":"pt-BR"},{"@type":"WebPage","@id":"https:\/\/www.suno.com.br\/noticias\/venezuela-governo-brasileiro-condena\/","url":"https:\/\/www.suno.com.br\/noticias\/venezuela-governo-brasileiro-condena\/","name":"Venezuela: Governo brasileiro condena atos de viol\u00eancia na fronteira","isPartOf":{"@id":"https:\/\/www.suno.com.br\/noticias\/#website"},"primaryImageOfPage":{"@id":"https:\/\/www.suno.com.br\/noticias\/venezuela-governo-brasileiro-condena\/#primaryimage"},"image":{"@id":"https:\/\/www.suno.com.br\/noticias\/venezuela-governo-brasileiro-condena\/#primaryimage"},"thumbnailUrl":"https:\/\/files.sunoresearch.com.br\/n\/uploads\/2018\/12\/6d250da3-venezuela-jpg.webp","datePublished":"2019-02-24T16:14:58+00:00","description":"O comunicado foi publicado neste domingo. Para o governo, os atos na Venezuela exibem \u201co car\u00e1ter criminoso do regime\". Clique pea saber mais.","breadcrumb":{"@id":"https:\/\/www.suno.com.br\/noticias\/venezuela-governo-brasileiro-condena\/#breadcrumb"},"inLanguage":"pt-BR","potentialAction":[{"@type":"ReadAction","target":["https:\/\/www.suno.com.br\/noticias\/venezuela-governo-brasileiro-condena\/"]}]},{"@type":"ImageObject","inLanguage":"pt-BR","@id":"https:\/\/www.suno.com.br\/noticias\/venezuela-governo-brasileiro-condena\/#primaryimage","url":"https:\/\/files.sunoresearch.com.br\/n\/uploads\/2018\/12\/6d250da3-venezuela-jpg.webp","contentUrl":"https:\/\/files.sunoresearch.com.br\/n\/uploads\/2018\/12\/6d250da3-venezuela-jpg.webp","width":710,"height":475,"caption":"Bandeira da Venezuela. (divulga\u00e7\u00e3o)"},{"@type":"BreadcrumbList","@id":"https:\/\/www.suno.com.br\/noticias\/venezuela-governo-brasileiro-condena\/#breadcrumb","itemListElement":[{"@type":"ListItem","position":1,"name":"Not\u00edcias","item":"https:\/\/www.suno.com.br\/noticias\/"},{"@type":"ListItem","position":2,"name":"Internacional","item":"https:\/\/www.suno.com.br\/noticias\/internacional\/"},{"@type":"ListItem","position":3,"name":"Venezuela: Governo brasileiro condena atos de viol\u00eancia na fronteira"}]},{"@type":"WebSite","@id":"https:\/\/www.suno.com.br\/noticias\/#website","url":"https:\/\/www.suno.com.br\/noticias\/","name":"Suno Not\u00edcias","description":"Seu portal de informa\u00e7\u00e3o sobre o mundo dos investimentos","publisher":{"@id":"https:\/\/www.suno.com.br\/noticias\/#organization"},"potentialAction":[{"@type":"SearchAction","target":{"@type":"EntryPoint","urlTemplate":"https:\/\/www.suno.com.br\/noticias\/?s={search_term_string}"},"query-input":{"@type":"PropertyValueSpecification","valueRequired":true,"valueName":"search_term_string"}}],"inLanguage":"pt-BR"},{"@type":"Organization","@id":"https:\/\/www.suno.com.br\/noticias\/#organization","name":"Suno Not\u00edcias","url":"https:\/\/www.suno.com.br\/noticias\/","logo":{"@type":"ImageObject","inLanguage":"pt-BR","@id":"https:\/\/www.suno.com.br\/noticias\/#\/schema\/logo\/image\/","url":"https:\/\/files.sunoresearch.com.br\/n\/uploads\/2021\/09\/suno-logo.png","contentUrl":"https:\/\/files.sunoresearch.com.br\/n\/uploads\/2021\/09\/suno-logo.png","width":180,"height":180,"caption":"Suno Not\u00edcias"},"image":{"@id":"https:\/\/www.suno.com.br\/noticias\/#\/schema\/logo\/image\/"},"sameAs":["https:\/\/facebook.com\/sunoresearch","https:\/\/x.com\/sunoresearch","https:\/\/www.instagram.com\/suno","https:\/\/www.linkedin.com\/company\/suno-research\/","https:\/\/www.youtube.com\/c\/sunoresearch"]},{"@type":"Person","@id":"https:\/\/www.suno.com.br\/noticias\/#\/schema\/person\/3f7693d5795a3f6d5ce15309ee785699","name":"Renan Dantas","image":{"@type":"ImageObject","inLanguage":"pt-BR","@id":"https:\/\/www.suno.com.br\/noticias\/#\/schema\/person\/image\/","url":"https:\/\/secure.gravatar.com\/avatar\/1787b83e7484a08e51d62ac8b41c8396?s=96&r=g","contentUrl":"https:\/\/secure.gravatar.com\/avatar\/1787b83e7484a08e51d62ac8b41c8396?s=96&r=g","caption":"Renan Dantas"},"description":"Escreve sobre pol\u00edtica e mercado financeiro para o portal Suno Not\u00edcias. Antes, atuou na assessoria de comunica\u00e7\u00e3o do Minist\u00e9rio P\u00fablico do Trabalho e na R\u00e1dio Mackenzie, onde apresentava e produzia um programa sobre artistas da m\u00fasica brasileira. \u00c9 estudante na Universidade Presbiteriana Mackenzie.","url":"https:\/\/www.suno.com.br\/noticias\/author\/renan-dantas\/"}]}},"default_loop_html":"<div class=\"cardsPage__listCard__boxs\"><div class=\"cardsPage__listCard__boxs__img\"><a href=\"https:\/\/www.suno.com.br\/noticias\/venezuela-governo-brasileiro-condena\/\"><img class=\"mask\" src=\"https:\/\/www.suno.com.br\/noticias\/wp-content\/themes\/suno\/resources\/images\/spotlight\/spotlight1img\/bg-mask.png\" alt=\"Image Mask\"\/><img src=\"https:\/\/files.sunoresearch.com.br\/n\/uploads\/2018\/12\/6d250da3-venezuela-400x200.webp\" alt=\"Venezuela: Governo brasileiro condena atos de viol\u00eancia na fronteira\"\/><\/a><span class=\"spotlightCategory\"><a href=\"https:\/\/www.suno.com.br\/noticias\/internacional\/\">Internacional<\/a><\/span><\/div><div class=\"cardsPage__listCard__boxs__content\"><a href=\"https:\/\/www.suno.com.br\/noticias\/venezuela-governo-brasileiro-condena\/\"><h2 class=\"content__title\">Venezuela: Governo brasileiro condena atos de viol\u00eancia na fronteira<\/h2><\/a><div class=\"newsContent__article__meta\"><div class=\"newsContent__article__meta__authorBox\"><a href=\"https:\/\/www.suno.com.br\/noticias\/author\/renan-dantas\/\" class=\"authorBox__avatar noMobi\"><img src=\"https:\/\/secure.gravatar.com\/avatar\/1787b83e7484a08e51d62ac8b41c8396?s=96&#038;r=g\" alt=\"Renan Dantas\"><\/a><div class=\"authorBox__name\"><span>por\n\t\t\t<a href=\"https:\/\/www.suno.com.br\/noticias\/author\/renan-dantas\/\"><span itemprop=\"author\">Renan Dantas<\/span><\/a><\/span><time datetime=\"2019-02-24T13:14:58-03:00\" itemprop=\"datePublished\">24\/02\/2019 13:14<\/time><\/div><\/div><\/div><\/div><\/div>","single_layout":"posts","amp_enabled":true,"_links":{"self":[{"href":"https:\/\/www.suno.com.br\/noticias\/wp-json\/wp\/v2\/posts\/16423"}],"collection":[{"href":"https:\/\/www.suno.com.br\/noticias\/wp-json\/wp\/v2\/posts"}],"about":[{"href":"https:\/\/www.suno.com.br\/noticias\/wp-json\/wp\/v2\/types\/post"}],"author":[{"embeddable":true,"href":"https:\/\/www.suno.com.br\/noticias\/wp-json\/wp\/v2\/users\/14"}],"replies":[{"embeddable":true,"href":"https:\/\/www.suno.com.br\/noticias\/wp-json\/wp\/v2\/comments?post=16423"}],"version-history":[{"count":0,"href":"https:\/\/www.suno.com.br\/noticias\/wp-json\/wp\/v2\/posts\/16423\/revisions"}],"wp:featuredmedia":[{"embeddable":true,"href":"https:\/\/www.suno.com.br\/noticias\/wp-json\/wp\/v2\/media\/8428"}],"wp:attachment":[{"href":"https:\/\/www.suno.com.br\/noticias\/wp-json\/wp\/v2\/media?parent=16423"}],"wp:term":[{"taxonomy":"category","embeddable":true,"href":"https:\/\/www.suno.com.br\/noticias\/wp-json\/wp\/v2\/categories?post=16423"},{"taxonomy":"post_tag","embeddable":true,"href":"https:\/\/www.suno.com.br\/noticias\/wp-json\/wp\/v2\/tags?post=16423"},{"taxonomy":"suno_strategy","embeddable":true,"href":"https:\/\/www.suno.com.br\/noticias\/wp-json\/wp\/v2\/suno_strategy?post=16423"}],"curies":[{"name":"wp","href":"https:\/\/api.w.org\/{rel}","templated":true}]}}