{"id":164186,"date":"2021-07-07T12:23:59","date_gmt":"2021-07-07T15:23:59","guid":{"rendered":"https:\/\/www.suno.com.br\/noticias\/?p=164186"},"modified":"2021-07-07T12:23:59","modified_gmt":"2021-07-07T15:23:59","slug":"senado-viola-lei-nomeia-diretor-sindical-antt","status":"publish","type":"post","link":"https:\/\/www.suno.com.br\/noticias\/senado-viola-lei-nomeia-diretor-sindical-antt\/","title":{"rendered":"Senado viola lei e nomeia diretor que atua em entidade sindical para ANTT"},"content":{"rendered":"<p><a href=\"https:\/\/www.suno.com.br\/noticias\/tags\/senado-federal\/\">O Senado <\/a>aprovou, por 18 votos a 2, o nome de um indicado para a Ag\u00eancia Nacional de Transportes Terrestres (<strong>ANTT<\/strong>) que viola os termos da Lei das Ag\u00eancias Reguladoras.<\/p>\t<div class=\"wrapper-featured-image\">\n\t\t<figure class=\"spotlightImg\">\n\n\t\t\t<picture>\n\t\t\t\t<source media=\"(max-width: 768px)\" srcset=\"https:\/\/files.sunoresearch.com.br\/n\/uploads\/2021\/07\/09c3e8c0-51294927226_1cd249175c_k-400x200.jpg\">\n\t\t\t\t<img loading=\"lazy\" decoding=\"async\" class=\"newsContent__article__imgCapa lazyloadDisabled \" src=\"https:\/\/files.sunoresearch.com.br\/n\/uploads\/2021\/07\/09c3e8c0-51294927226_1cd249175c_k-800x450.jpg\" width=\"800\" height=\"450\" alt=\"Senado viola lei e nomeia diretor que atua em entidade sindical para ANTT\" fetchpriority=high \/>\n\t\t\t<\/picture>\n\n\t\t\t<figcaption class=\"wp-caption-text wp-caption-text--show\">Relator no Senado ignorou o fato de a nomea\u00e7\u00e3o ser de algu\u00e9m vinculado \u00e0 CNT - Foto: Ag\u00eancia Senado<\/figcaption>\n\t\t<\/figure>\n\t<\/div>\n\n\n\t<p>\n\t\t<a href=\"https:\/\/lp.suno.com.br\/planilha-controle-gastos\/\" target=\"_blank\" data-element=\"shortcode-suno-banner\" title=\"Banner SUNO, clique e saiba mais\">\n\t\t\t<picture>\n\t\t\t\t<source media=\"(max-width: 500px)\" srcset=\"https:\/\/files.sunoresearch.com.br\/n\/uploads\/2023\/03\/400x300-Planilha-controle-de-gastos.png\">\n\t\t\t\t<img class=\"newsContent__article__imgCapa newsContent__article__imgCapa--banner\"\n\t\t\t\t\tsrc=\"https:\/\/files.sunoresearch.com.br\/n\/uploads\/2023\/03\/1420x240-Planilha-controle-de-gastos.png\"\n\t\t\t\t\tdata-promo-id=\"101751\"\t\t\t\t\t\t\t\t\t\twidth='1420' height='240'\t\t\t\t\talt=\"https:\/\/files.sunoresearch.com.br\/n\/uploads\/2023\/03\/1420x240-Planilha-controle-de-gastos.png\"\n\t\t\t\t>\n\t\t\t<\/picture>\n\t\t<\/a>\n\t<\/p>\n\n\n<p><a href=\"https:\/\/www.suno.com.br\/noticias\/senado-tributacao-bancos-desonerar-diesel-mp\/\">O relator do processo, <\/a>o <strong>senador<\/strong> Wellington Fagundes (PL-MT), ignorou o fato de que\u00a0Guilherme Sampaio \u00e9 chefe de gabinete da Presid\u00eancia da Confedera\u00e7\u00e3o Nacional dos Transportes (CNT).<\/p>\n<p><a href=\"https:\/\/www.suno.com.br\/artigos\/agencias-reguladoras\/\">A Lei das Ag\u00eancias Reguladoras (13.848\/2019)<\/a> \u00e9 clara ao impedir a indica\u00e7\u00e3o de &#8220;pessoa que exer\u00e7a cargo em <a href=\"https:\/\/www.suno.com.br\/noticias\/amazon-amzo34-funcionarios-contra-sindicado\/\">organiza\u00e7\u00e3o sindical<\/a>&#8221; ou que tenha &#8220;participa\u00e7\u00e3o, direta ou indireta, em empresa ou entidade que atue no setor privado sujeito \u00e0 regula\u00e7\u00e3o exercida pela ag\u00eancia reguladora&#8221;.<\/p>\n<p>Criada em 1954, a <strong>CNT,<\/strong> por sua vez, \u00e9 reconhecida, por decreto presidencial de Get\u00falio Vargas, &#8220;como entidade sindical de grau superior coordenadora dos interesses econ\u00f4micos dos transportes terrestres em todo o territ\u00f3rio nacional&#8221;.<\/p>\n<p><strong>Guilherme Sampaio<\/strong> foi indicado \u00e0 diretoria da ANTT na \u00faltima sexta-feira, 2, numa articula\u00e7\u00e3o entre o <a href=\"https:\/\/www.suno.com.br\/noticias\/eua-pacote-infraestrutura-apoiado-biden-resistencia-governistas\/\">Minist\u00e9rio da Infraestrutura<\/a> e o presidente do Senado, Rodrigo Pacheco (DEM-MG), que quer ter influ\u00eancia em um setor em que sua fam\u00edlia atua.<\/p>\n\t<div data-element=\"shortcode-read-more\" class=\"knowMore\">\n\t\t\t\t<span class=\"knowMore__title\">Leia mais<\/span>\n\t\t\t\t<a class=\"knowMore__link\" href=\"https:\/\/www.suno.com.br\/noticias\/senado-tributacao-bancos-desonerar-diesel-mp\/\">\n\t\t\tBancos: Senado aprova aumento da tributa\u00e7\u00e3o para desonerar diesel\t\t<\/a>\n\t<\/div>\n\n\n<p>Em sua declara\u00e7\u00e3o de experi\u00eancia profissional entregue ao Senado, Guilherme Sampaio afirma ter trabalhado nos \u00faltimos dois anos na CNT, &#8220;participando da elabora\u00e7\u00e3o, monitoramento e avalia\u00e7\u00e3o de pol\u00edticas p\u00fablicas e normativos de regula\u00e7\u00e3o da atividade transportadora junto \u00e0s ag\u00eancias reguladoras setoriais&#8221;.<\/p>\n<h2>Relator no senado omitiu trechos<\/h2>\n<p>Em seu relat\u00f3rio, Wellington Fagundes somente mencionou os trechos da lei que exigem experi\u00eancia profissional m\u00ednima de quatro anos para os diretores de <strong>ag\u00eancias reguladoras<\/strong>, sem citar os artigos que se aplicariam a Guilherme Sampaio e sua atividade em uma entidade patronal.<\/p>\n<p>Citou ainda uma lei mais antiga, a 10.233\/2001, segundo a qual \u00e9 vedada a indica\u00e7\u00e3o de quem mant\u00e9m, ou manteve, nos \u00faltimos doze meses, v\u00ednculos com empresas exploradoras de atividades reguladas pela ANTT.<\/p>\n<p>&#8220;O par\u00e1grafo \u00fanico do mesmo artigo torna &#8216;impedido de exercer cargo de dire\u00e7\u00e3o o membro de conselho ou diretoria de associa\u00e7\u00e3o, regional ou nacional, representativa de interesses patronais ou trabalhistas ligados \u00e0s atividades reguladas pela respectiva ag\u00eancia&#8217;, que \u00e9 o caso da CNT.<\/p>\n<p>Contudo, consta que o candidato n\u00e3o era membro do conselho ou da diretoria da CNT, mas sim empregado daquela Confedera\u00e7\u00e3o, na fun\u00e7\u00e3o de Chefe de Gabinete da Presid\u00eancia, motivo pelo qual entendemos n\u00e3o se enquadrar nesta veda\u00e7\u00e3o&#8221;, diz o parecer.<\/p>\n<p><a href=\"https:\/\/www.suno.com.br\/noticias\/petrobras-petr4-cvm-irregularidades-votacao-assembleia\/\">Questionado sobre eventuais irregularidades na indica\u00e7\u00e3o<\/a>, o Minist\u00e9rio da Infraestrutura informou que aguardaria o resultado da sabatina no <strong>Senado Federal<\/strong>, &#8220;que proferir\u00e1 o exame final do atendimento dos requisitos legais vigentes de cada um dos indicados&#8221;.<\/p>\n<p>&#8220;O Minist\u00e9rio da Infraestrutura refor\u00e7a que encaminhou a documenta\u00e7\u00e3o requerida \u00e0 Secretaria de Governo, que, por sua vez, \u00e9 respons\u00e1vel pelo encaminhamento para an\u00e1lise dos indicados pelo Senado Federal, com base nas declara\u00e7\u00f5es de atendimento \u00e0 legisla\u00e7\u00e3o aplic\u00e1vel firmadas por cada.&#8221;<\/p>\n<p>A indica\u00e7\u00e3o foi criticada pela <strong>Associa\u00e7\u00e3o dos Servidores da ANTT,<\/strong> que destacou o fato de Sampaio n\u00e3o ter, tamb\u00e9m, a experi\u00eancia m\u00ednima de dez anos necess\u00e1ria para ser nomeado diretor da ag\u00eancia reguladora.<\/p>\n\t<p>\n\t\t<a href=\"https:\/\/lp.suno.com.br\/planilha-da-vida-financeira\/\" target=\"_blank\" data-element=\"shortcode-suno-banner\" title=\"Banner SUNO, clique e saiba mais\">\n\t\t\t<picture>\n\t\t\t\t<source media=\"(max-width: 500px)\" srcset=\"https:\/\/files.sunoresearch.com.br\/n\/uploads\/2023\/04\/400x300-Planilha-vida-financeira-true.png\">\n\t\t\t\t<img class=\"newsContent__article__imgCapa newsContent__article__imgCapa--banner\"\n\t\t\t\t\tsrc=\"https:\/\/files.sunoresearch.com.br\/n\/uploads\/2023\/04\/1420x240-Planilha-vida-financeira-true.png\"\n\t\t\t\t\tdata-promo-id=\"106682\"\t\t\t\t\t\t\t\t\t\twidth='1420' height='240'\t\t\t\t\talt=\"https:\/\/files.sunoresearch.com.br\/n\/uploads\/2023\/04\/1420x240-Planilha-vida-financeira-true.png\"\n\t\t\t\t>\n\t\t\t<\/picture>\n\t\t<\/a>\n\t<\/p>\n\n\n<p>&#8220;Ainda que n\u00e3o houvesse esse flagrante impedimento legal (o fato de Sampaio ocupar posto na CNT), o indicado, graduado no ano de 2012, n\u00e3o possui experi\u00eancia m\u00ednima de dez anos necess\u00e1ria para ser nomeado diretor da Ag\u00eancia Reguladora. Tal indica\u00e7\u00e3o incorre em n\u00edtida ofensa \u00e0 Lei das Ag\u00eancias Reguladoras (Lei n. 13.848, de 25 de junho de 2019)&#8221;, afirmaram os servidores.<\/p>\n<p>Especialistas tamb\u00e9m levantaram d\u00favidas sobre a indica\u00e7\u00e3o. &#8220;Se confirmada essa informa\u00e7\u00e3o (de que Guilherme \u00e9 chefe de gabinete da presid\u00eancia da CNT), isso contraria o Artigo 8A, inciso III&#8221;, disse Cleveland Prates, professor da FGV Law.<\/p>\n<h2>Al\u00e9m da ANTT, Senado aprovou diretores de outras ag\u00eancias<\/h2>\n<p>Outros sete indicados para ag\u00eancias reguladoras tiveram os nomes aprovados hoje, 6, pela <a href=\"https:\/\/www.suno.com.br\/noticias\/senado-tributacao-bancos-desonerar-diesel-mp\/\">Comiss\u00e3o de Infraestrutura do Senado<\/a>. Todos os nomes precisam passar pelo aval do Plen\u00e1rio do Senado para tomarem posse.<\/p>\n<p>Tamb\u00e9m para a ANTT, foram aprovados os nomes de Rafael Vitale, engenheiro civil que j\u00e1 foi do Minist\u00e9rio da Infraestrutura e hoje \u00e9 Subchefe Adjunto de Infraestrutura da Subchefia de Articula\u00e7\u00e3o e Monitoramento da Casa Civil, como diretor-geral; e F\u00e1bio Rog\u00e9rio Carvalho, do Minist\u00e9rio da Infraestrutura. Eles foram aprovados por 18 votos favor\u00e1veis e dois contr\u00e1rios.<\/p>\n<p>Para a diretoria da ANM, foi aprovado o nome de Guilherme Santana Lopes Gomes, gerente da ag\u00eancia em Minas Gerais e com atua\u00e7\u00e3o na ger\u00eancia de Mato Grosso do \u00f3rg\u00e3o regulador entre 2006 e 2012. Ele recebeu 17 votos favor\u00e1veis e dois contr\u00e1rios. J\u00e1 Ronaldo Jorge da Silva Lima, ge\u00f3logo e atualmente secret\u00e1rio estadual de <a class=\"suno-keyword\" href=\"https:\/\/www.suno.com.br\/artigos\/desenvolvimento-economico\/\" target=\"_blank\" rel=\"noopener noreferrer\" data-force=\"no\" data-priority=\"1\">Desenvolvimento Econ\u00f4mico<\/a>, Minera\u00e7\u00e3o e Energia do Par\u00e1, foi aprovado por 18 a dois.<\/p>\n<p>Para a <a href=\"https:\/\/www.suno.com.br\/noticias\/oi-oibr3-telemar-anatel-recuperacao-judicial\/\">Ag\u00eancia Nacional de Telecomunica\u00e7\u00f5es (<strong>Anatel<\/strong>)<\/a>, foi aprovado o nome de Luciano Godoi Martins, indicado como ouvidor. Ele foi da Advocacia Geral da Uni\u00e3o e atuou como consultor jur\u00eddico do Minist\u00e9rio das Comunica\u00e7\u00f5es entre 2015 e 2017. Hoje, \u00e9 servidor do Tribunal de Justi\u00e7a do Estado do Paran\u00e1. Recebeu 19 votos favor\u00e1veis e um contr\u00e1rio.<\/p>\n<p>Tamb\u00e9m foram aprovados os nomes de Luiz Ricardo de Souza Nascimento como diretor da <a href=\"https:\/\/www.suno.com.br\/noticias\/anac-voos-grupo-itapemirim\/\">Ag\u00eancia Nacional de Avia\u00e7\u00e3o Civil (Anac)<\/a>. Ele \u00e9 major-brigadeiro do ar da Aeron\u00e1utica e recebeu 16 votos a favor e tr\u00eas contra.<\/p>\n<p>Afora a <strong>ANTT<\/strong> e as demais, foi aprovada tamb\u00e9m a ouvidora Joelma Maria Costa Barbosa para a Ag\u00eancia Nacional de Transportes Aquavi\u00e1rios (Antaq), por 16 votos favor\u00e1veis e quatro contr\u00e1rios.<\/p>\n<p><em><strong>Com informa\u00e7\u00f5es do Estad\u00e3o Conte\u00fado<\/strong><\/em><\/p>\n\t<p>\n\t\t<a href=\"https:\/\/lp.suno.com.br\/planilha-de-controle-de-investimentos\/\" target=\"_blank\" data-element=\"shortcode-suno-banner\" title=\"Banner SUNO, clique e saiba mais\">\n\t\t\t<picture>\n\t\t\t\t<source media=\"(max-width: 500px)\" srcset=\"https:\/\/files.sunoresearch.com.br\/n\/uploads\/2023\/03\/400x300-Controle-de-Investimentos.png\">\n\t\t\t\t<img class=\"newsContent__article__imgCapa newsContent__article__imgCapa--banner\"\n\t\t\t\t\tsrc=\"https:\/\/files.sunoresearch.com.br\/n\/uploads\/2023\/03\/1420x240-Controle-de-Investimentos.png\"\n\t\t\t\t\tdata-promo-id=\"75934\"\t\t\t\t\t\t\t\t\t\twidth='1420' height='240'\t\t\t\t\talt=\"https:\/\/files.sunoresearch.com.br\/n\/uploads\/2023\/03\/1420x240-Controle-de-Investimentos.png\"\n\t\t\t\t>\n\t\t\t<\/picture>\n\t\t<\/a>\n\t<\/p>\n\n\n","protected":false},"excerpt":{"rendered":"<p>O Senado aprovou, por 18 votos a 2, o nome de um indicado para a Ag\u00eancia Nacional de Transportes Terrestres (ANTT) que viola os termos da Lei das Ag\u00eancias Reguladoras. Relator no Senado ignorou o fato de a nomea\u00e7\u00e3o ser de algu\u00e9m vinculado \u00e0 CNT &#8211; Foto: Ag\u00eancia Senado O relator do processo, o senador [&hellip;]<\/p>\n","protected":false},"author":73,"featured_media":164304,"comment_status":"closed","ping_status":"closed","sticky":false,"template":"","format":"standard","meta":[],"categories":[61],"tags":[106444,1013,831,1102,1068],"suno_strategy":[],"class_list":["post-164186","post","type-post","status-publish","format-standard","has-post-thumbnail","hentry","category-politica","tag-agencias","tag-anac","tag-anatel","tag-antt","tag-senado-federal"],"yoast_head":"<!-- This site is optimized with the Yoast SEO plugin v24.4 - https:\/\/yoast.com\/wordpress\/plugins\/seo\/ -->\n<title>Senado viola lei e nomeia diretor que atua em entidade sindical para ANTT<\/title>\n<meta name=\"description\" content=\"Por 18 votos a 2, a c\u00e2mara legislativa nomeou Guilherme Sampaio diretor da ANTT, ignorando o fato de ele estar vinculado \u00e0 CNT. Leia mais.\" \/>\n<meta name=\"robots\" content=\"index, follow, max-snippet:-1, max-image-preview:large, max-video-preview:-1\" \/>\n<link rel=\"canonical\" href=\"https:\/\/www.suno.com.br\/noticias\/senado-viola-lei-nomeia-diretor-sindical-antt\/\" \/>\n<meta property=\"og:locale\" content=\"pt_BR\" \/>\n<meta property=\"og:type\" content=\"article\" \/>\n<meta property=\"og:title\" content=\"Senado viola lei e nomeia diretor que atua em entidade sindical para ANTT\" \/>\n<meta property=\"og:description\" content=\"Por 18 votos a 2, a c\u00e2mara legislativa nomeou Guilherme Sampaio diretor da ANTT, ignorando o fato de ele estar vinculado \u00e0 CNT. Leia mais.\" \/>\n<meta property=\"og:url\" content=\"https:\/\/www.suno.com.br\/noticias\/senado-viola-lei-nomeia-diretor-sindical-antt\/\" \/>\n<meta property=\"og:site_name\" content=\"Suno Not\u00edcias\" \/>\n<meta property=\"article:publisher\" content=\"https:\/\/facebook.com\/sunoresearch\" \/>\n<meta property=\"og:image\" content=\"https:\/\/files.sunoresearch.com.br\/n\/uploads\/2021\/07\/09c3e8c0-51294927226_1cd249175c_k.jpg\" \/>\n\t<meta property=\"og:image:width\" content=\"2048\" \/>\n\t<meta property=\"og:image:height\" content=\"1365\" \/>\n\t<meta property=\"og:image:type\" content=\"image\/jpeg\" \/>\n<meta name=\"author\" content=\"Eduardo Vargas\" \/>\n<meta name=\"twitter:card\" content=\"summary_large_image\" \/>\n<meta name=\"twitter:creator\" content=\"@sunoresearch\" \/>\n<meta name=\"twitter:site\" content=\"@sunoresearch\" \/>\n<meta name=\"twitter:label1\" content=\"Escrito por\" \/>\n\t<meta name=\"twitter:data1\" content=\"Eduardo Vargas\" \/>\n\t<meta name=\"twitter:label2\" content=\"Est. tempo de leitura\" \/>\n\t<meta name=\"twitter:data2\" content=\"5 minutos\" \/>\n<script type=\"application\/ld+json\" class=\"yoast-schema-graph\">{\"@context\":\"https:\/\/schema.org\",\"@graph\":[{\"@type\":\"NewsArticle\",\"@id\":\"https:\/\/www.suno.com.br\/noticias\/senado-viola-lei-nomeia-diretor-sindical-antt\/#article\",\"isPartOf\":{\"@id\":\"https:\/\/www.suno.com.br\/noticias\/senado-viola-lei-nomeia-diretor-sindical-antt\/\"},\"author\":{\"name\":\"Eduardo Vargas\",\"@id\":\"https:\/\/www.suno.com.br\/noticias\/#\/schema\/person\/7f4d362bf3518e76090143ae77bb49a5\"},\"headline\":\"Senado viola lei e nomeia diretor que atua em entidade sindical para ANTT\",\"datePublished\":\"2021-07-07T15:23:59+00:00\",\"mainEntityOfPage\":{\"@id\":\"https:\/\/www.suno.com.br\/noticias\/senado-viola-lei-nomeia-diretor-sindical-antt\/\"},\"wordCount\":990,\"publisher\":{\"@id\":\"https:\/\/www.suno.com.br\/noticias\/#organization\"},\"image\":{\"@id\":\"https:\/\/www.suno.com.br\/noticias\/senado-viola-lei-nomeia-diretor-sindical-antt\/#primaryimage\"},\"thumbnailUrl\":\"https:\/\/files.sunoresearch.com.br\/n\/uploads\/2021\/07\/09c3e8c0-51294927226_1cd249175c_k.jpg\",\"keywords\":[\"Ag\u00eancias\",\"Anac\",\"Anatel\",\"ANTT\",\"Senado Federal\"],\"articleSection\":[\"Pol\u00edtica\"],\"inLanguage\":\"pt-BR\"},{\"@type\":\"WebPage\",\"@id\":\"https:\/\/www.suno.com.br\/noticias\/senado-viola-lei-nomeia-diretor-sindical-antt\/\",\"url\":\"https:\/\/www.suno.com.br\/noticias\/senado-viola-lei-nomeia-diretor-sindical-antt\/\",\"name\":\"Senado viola lei e nomeia diretor que atua em entidade sindical para ANTT\",\"isPartOf\":{\"@id\":\"https:\/\/www.suno.com.br\/noticias\/#website\"},\"primaryImageOfPage\":{\"@id\":\"https:\/\/www.suno.com.br\/noticias\/senado-viola-lei-nomeia-diretor-sindical-antt\/#primaryimage\"},\"image\":{\"@id\":\"https:\/\/www.suno.com.br\/noticias\/senado-viola-lei-nomeia-diretor-sindical-antt\/#primaryimage\"},\"thumbnailUrl\":\"https:\/\/files.sunoresearch.com.br\/n\/uploads\/2021\/07\/09c3e8c0-51294927226_1cd249175c_k.jpg\",\"datePublished\":\"2021-07-07T15:23:59+00:00\",\"description\":\"Por 18 votos a 2, a c\u00e2mara legislativa nomeou Guilherme Sampaio diretor da ANTT, ignorando o fato de ele estar vinculado \u00e0 CNT. Leia mais.\",\"breadcrumb\":{\"@id\":\"https:\/\/www.suno.com.br\/noticias\/senado-viola-lei-nomeia-diretor-sindical-antt\/#breadcrumb\"},\"inLanguage\":\"pt-BR\",\"potentialAction\":[{\"@type\":\"ReadAction\",\"target\":[\"https:\/\/www.suno.com.br\/noticias\/senado-viola-lei-nomeia-diretor-sindical-antt\/\"]}]},{\"@type\":\"ImageObject\",\"inLanguage\":\"pt-BR\",\"@id\":\"https:\/\/www.suno.com.br\/noticias\/senado-viola-lei-nomeia-diretor-sindical-antt\/#primaryimage\",\"url\":\"https:\/\/files.sunoresearch.com.br\/n\/uploads\/2021\/07\/09c3e8c0-51294927226_1cd249175c_k.jpg\",\"contentUrl\":\"https:\/\/files.sunoresearch.com.br\/n\/uploads\/2021\/07\/09c3e8c0-51294927226_1cd249175c_k.jpg\",\"width\":2048,\"height\":1365,\"caption\":\"Relator no Senado ignorou o fato de a nomea\u00e7\u00e3o ser de algu\u00e9m vinculado \u00e0 CNT - Foto: Ag\u00eancia Senado\"},{\"@type\":\"BreadcrumbList\",\"@id\":\"https:\/\/www.suno.com.br\/noticias\/senado-viola-lei-nomeia-diretor-sindical-antt\/#breadcrumb\",\"itemListElement\":[{\"@type\":\"ListItem\",\"position\":1,\"name\":\"Not\u00edcias\",\"item\":\"https:\/\/www.suno.com.br\/noticias\/\"},{\"@type\":\"ListItem\",\"position\":2,\"name\":\"Pol\u00edtica\",\"item\":\"https:\/\/www.suno.com.br\/noticias\/politica\/\"},{\"@type\":\"ListItem\",\"position\":3,\"name\":\"Senado viola lei e nomeia diretor que atua em entidade sindical para ANTT\"}]},{\"@type\":\"WebSite\",\"@id\":\"https:\/\/www.suno.com.br\/noticias\/#website\",\"url\":\"https:\/\/www.suno.com.br\/noticias\/\",\"name\":\"Suno Not\u00edcias\",\"description\":\"Seu portal de informa\u00e7\u00e3o sobre o mundo dos investimentos\",\"publisher\":{\"@id\":\"https:\/\/www.suno.com.br\/noticias\/#organization\"},\"potentialAction\":[{\"@type\":\"SearchAction\",\"target\":{\"@type\":\"EntryPoint\",\"urlTemplate\":\"https:\/\/www.suno.com.br\/noticias\/?s={search_term_string}\"},\"query-input\":{\"@type\":\"PropertyValueSpecification\",\"valueRequired\":true,\"valueName\":\"search_term_string\"}}],\"inLanguage\":\"pt-BR\"},{\"@type\":\"Organization\",\"@id\":\"https:\/\/www.suno.com.br\/noticias\/#organization\",\"name\":\"Suno Not\u00edcias\",\"url\":\"https:\/\/www.suno.com.br\/noticias\/\",\"logo\":{\"@type\":\"ImageObject\",\"inLanguage\":\"pt-BR\",\"@id\":\"https:\/\/www.suno.com.br\/noticias\/#\/schema\/logo\/image\/\",\"url\":\"https:\/\/files.sunoresearch.com.br\/n\/uploads\/2021\/09\/suno-logo.png\",\"contentUrl\":\"https:\/\/files.sunoresearch.com.br\/n\/uploads\/2021\/09\/suno-logo.png\",\"width\":180,\"height\":180,\"caption\":\"Suno Not\u00edcias\"},\"image\":{\"@id\":\"https:\/\/www.suno.com.br\/noticias\/#\/schema\/logo\/image\/\"},\"sameAs\":[\"https:\/\/facebook.com\/sunoresearch\",\"https:\/\/x.com\/sunoresearch\",\"https:\/\/www.instagram.com\/suno\",\"https:\/\/www.linkedin.com\/company\/suno-research\/\",\"https:\/\/www.youtube.com\/c\/sunoresearch\"]},{\"@type\":\"Person\",\"@id\":\"https:\/\/www.suno.com.br\/noticias\/#\/schema\/person\/7f4d362bf3518e76090143ae77bb49a5\",\"name\":\"Eduardo Vargas\",\"image\":{\"@type\":\"ImageObject\",\"inLanguage\":\"pt-BR\",\"@id\":\"https:\/\/www.suno.com.br\/noticias\/#\/schema\/person\/image\/\",\"url\":\"https:\/\/secure.gravatar.com\/avatar\/dac340933427a22924c9f99d1eb2e3f2?s=96&r=g\",\"contentUrl\":\"https:\/\/secure.gravatar.com\/avatar\/dac340933427a22924c9f99d1eb2e3f2?s=96&r=g\",\"caption\":\"Eduardo Vargas\"},\"description\":\"Jornalista formado pela UFSC, cobre macroeconomia, neg\u00f3cios e startups para o Suno Not\u00edcias, escrevendo principalmente not\u00edcias sobre o mercado financeiro e a bolsa de valores. No YouTube e no Instagram, \u00e9 respons\u00e1vel pela produ\u00e7\u00e3o de Reels e Shorts do Suno Not\u00edcias. Anteriormente, trabalhou cobrindo economia e cotidiano no ND+ e para o ND, maior jornal impresso de Santa Catarina. Cursou um semestre letivo de Estudos de M\u00eddia na Universidad de Buenos Aires.\",\"url\":\"https:\/\/www.suno.com.br\/noticias\/author\/eduardo-vargas\/\"}]}<\/script>\n<!-- \/ Yoast SEO plugin. -->","yoast_head_json":{"title":"Senado viola lei e nomeia diretor que atua em entidade sindical para ANTT","description":"Por 18 votos a 2, a c\u00e2mara legislativa nomeou Guilherme Sampaio diretor da ANTT, ignorando o fato de ele estar vinculado \u00e0 CNT. Leia mais.","robots":{"index":"index","follow":"follow","max-snippet":"max-snippet:-1","max-image-preview":"max-image-preview:large","max-video-preview":"max-video-preview:-1"},"canonical":"https:\/\/www.suno.com.br\/noticias\/senado-viola-lei-nomeia-diretor-sindical-antt\/","og_locale":"pt_BR","og_type":"article","og_title":"Senado viola lei e nomeia diretor que atua em entidade sindical para ANTT","og_description":"Por 18 votos a 2, a c\u00e2mara legislativa nomeou Guilherme Sampaio diretor da ANTT, ignorando o fato de ele estar vinculado \u00e0 CNT. Leia mais.","og_url":"https:\/\/www.suno.com.br\/noticias\/senado-viola-lei-nomeia-diretor-sindical-antt\/","og_site_name":"Suno Not\u00edcias","article_publisher":"https:\/\/facebook.com\/sunoresearch","og_image":[{"width":2048,"height":1365,"url":"https:\/\/files.sunoresearch.com.br\/n\/uploads\/2021\/07\/09c3e8c0-51294927226_1cd249175c_k.jpg","type":"image\/jpeg"}],"author":"Eduardo Vargas","twitter_card":"summary_large_image","twitter_creator":"@sunoresearch","twitter_site":"@sunoresearch","twitter_misc":{"Escrito por":"Eduardo Vargas","Est. tempo de leitura":"5 minutos"},"schema":{"@context":"https:\/\/schema.org","@graph":[{"@type":"NewsArticle","@id":"https:\/\/www.suno.com.br\/noticias\/senado-viola-lei-nomeia-diretor-sindical-antt\/#article","isPartOf":{"@id":"https:\/\/www.suno.com.br\/noticias\/senado-viola-lei-nomeia-diretor-sindical-antt\/"},"author":{"name":"Eduardo Vargas","@id":"https:\/\/www.suno.com.br\/noticias\/#\/schema\/person\/7f4d362bf3518e76090143ae77bb49a5"},"headline":"Senado viola lei e nomeia diretor que atua em entidade sindical para ANTT","datePublished":"2021-07-07T15:23:59+00:00","mainEntityOfPage":{"@id":"https:\/\/www.suno.com.br\/noticias\/senado-viola-lei-nomeia-diretor-sindical-antt\/"},"wordCount":990,"publisher":{"@id":"https:\/\/www.suno.com.br\/noticias\/#organization"},"image":{"@id":"https:\/\/www.suno.com.br\/noticias\/senado-viola-lei-nomeia-diretor-sindical-antt\/#primaryimage"},"thumbnailUrl":"https:\/\/files.sunoresearch.com.br\/n\/uploads\/2021\/07\/09c3e8c0-51294927226_1cd249175c_k.jpg","keywords":["Ag\u00eancias","Anac","Anatel","ANTT","Senado Federal"],"articleSection":["Pol\u00edtica"],"inLanguage":"pt-BR"},{"@type":"WebPage","@id":"https:\/\/www.suno.com.br\/noticias\/senado-viola-lei-nomeia-diretor-sindical-antt\/","url":"https:\/\/www.suno.com.br\/noticias\/senado-viola-lei-nomeia-diretor-sindical-antt\/","name":"Senado viola lei e nomeia diretor que atua em entidade sindical para ANTT","isPartOf":{"@id":"https:\/\/www.suno.com.br\/noticias\/#website"},"primaryImageOfPage":{"@id":"https:\/\/www.suno.com.br\/noticias\/senado-viola-lei-nomeia-diretor-sindical-antt\/#primaryimage"},"image":{"@id":"https:\/\/www.suno.com.br\/noticias\/senado-viola-lei-nomeia-diretor-sindical-antt\/#primaryimage"},"thumbnailUrl":"https:\/\/files.sunoresearch.com.br\/n\/uploads\/2021\/07\/09c3e8c0-51294927226_1cd249175c_k.jpg","datePublished":"2021-07-07T15:23:59+00:00","description":"Por 18 votos a 2, a c\u00e2mara legislativa nomeou Guilherme Sampaio diretor da ANTT, ignorando o fato de ele estar vinculado \u00e0 CNT. Leia mais.","breadcrumb":{"@id":"https:\/\/www.suno.com.br\/noticias\/senado-viola-lei-nomeia-diretor-sindical-antt\/#breadcrumb"},"inLanguage":"pt-BR","potentialAction":[{"@type":"ReadAction","target":["https:\/\/www.suno.com.br\/noticias\/senado-viola-lei-nomeia-diretor-sindical-antt\/"]}]},{"@type":"ImageObject","inLanguage":"pt-BR","@id":"https:\/\/www.suno.com.br\/noticias\/senado-viola-lei-nomeia-diretor-sindical-antt\/#primaryimage","url":"https:\/\/files.sunoresearch.com.br\/n\/uploads\/2021\/07\/09c3e8c0-51294927226_1cd249175c_k.jpg","contentUrl":"https:\/\/files.sunoresearch.com.br\/n\/uploads\/2021\/07\/09c3e8c0-51294927226_1cd249175c_k.jpg","width":2048,"height":1365,"caption":"Relator no Senado ignorou o fato de a nomea\u00e7\u00e3o ser de algu\u00e9m vinculado \u00e0 CNT - Foto: Ag\u00eancia Senado"},{"@type":"BreadcrumbList","@id":"https:\/\/www.suno.com.br\/noticias\/senado-viola-lei-nomeia-diretor-sindical-antt\/#breadcrumb","itemListElement":[{"@type":"ListItem","position":1,"name":"Not\u00edcias","item":"https:\/\/www.suno.com.br\/noticias\/"},{"@type":"ListItem","position":2,"name":"Pol\u00edtica","item":"https:\/\/www.suno.com.br\/noticias\/politica\/"},{"@type":"ListItem","position":3,"name":"Senado viola lei e nomeia diretor que atua em entidade sindical para ANTT"}]},{"@type":"WebSite","@id":"https:\/\/www.suno.com.br\/noticias\/#website","url":"https:\/\/www.suno.com.br\/noticias\/","name":"Suno Not\u00edcias","description":"Seu portal de informa\u00e7\u00e3o sobre o mundo dos investimentos","publisher":{"@id":"https:\/\/www.suno.com.br\/noticias\/#organization"},"potentialAction":[{"@type":"SearchAction","target":{"@type":"EntryPoint","urlTemplate":"https:\/\/www.suno.com.br\/noticias\/?s={search_term_string}"},"query-input":{"@type":"PropertyValueSpecification","valueRequired":true,"valueName":"search_term_string"}}],"inLanguage":"pt-BR"},{"@type":"Organization","@id":"https:\/\/www.suno.com.br\/noticias\/#organization","name":"Suno Not\u00edcias","url":"https:\/\/www.suno.com.br\/noticias\/","logo":{"@type":"ImageObject","inLanguage":"pt-BR","@id":"https:\/\/www.suno.com.br\/noticias\/#\/schema\/logo\/image\/","url":"https:\/\/files.sunoresearch.com.br\/n\/uploads\/2021\/09\/suno-logo.png","contentUrl":"https:\/\/files.sunoresearch.com.br\/n\/uploads\/2021\/09\/suno-logo.png","width":180,"height":180,"caption":"Suno Not\u00edcias"},"image":{"@id":"https:\/\/www.suno.com.br\/noticias\/#\/schema\/logo\/image\/"},"sameAs":["https:\/\/facebook.com\/sunoresearch","https:\/\/x.com\/sunoresearch","https:\/\/www.instagram.com\/suno","https:\/\/www.linkedin.com\/company\/suno-research\/","https:\/\/www.youtube.com\/c\/sunoresearch"]},{"@type":"Person","@id":"https:\/\/www.suno.com.br\/noticias\/#\/schema\/person\/7f4d362bf3518e76090143ae77bb49a5","name":"Eduardo Vargas","image":{"@type":"ImageObject","inLanguage":"pt-BR","@id":"https:\/\/www.suno.com.br\/noticias\/#\/schema\/person\/image\/","url":"https:\/\/secure.gravatar.com\/avatar\/dac340933427a22924c9f99d1eb2e3f2?s=96&r=g","contentUrl":"https:\/\/secure.gravatar.com\/avatar\/dac340933427a22924c9f99d1eb2e3f2?s=96&r=g","caption":"Eduardo Vargas"},"description":"Jornalista formado pela UFSC, cobre macroeconomia, neg\u00f3cios e startups para o Suno Not\u00edcias, escrevendo principalmente not\u00edcias sobre o mercado financeiro e a bolsa de valores. No YouTube e no Instagram, \u00e9 respons\u00e1vel pela produ\u00e7\u00e3o de Reels e Shorts do Suno Not\u00edcias. Anteriormente, trabalhou cobrindo economia e cotidiano no ND+ e para o ND, maior jornal impresso de Santa Catarina. Cursou um semestre letivo de Estudos de M\u00eddia na Universidad de Buenos Aires.","url":"https:\/\/www.suno.com.br\/noticias\/author\/eduardo-vargas\/"}]}},"default_loop_html":"<div class=\"cardsPage__listCard__boxs\"><div class=\"cardsPage__listCard__boxs__img\"><a href=\"https:\/\/www.suno.com.br\/noticias\/senado-viola-lei-nomeia-diretor-sindical-antt\/\"><img class=\"mask\" src=\"https:\/\/www.suno.com.br\/noticias\/wp-content\/themes\/suno\/resources\/images\/spotlight\/spotlight1img\/bg-mask.png\" alt=\"Image Mask\"\/><img src=\"https:\/\/files.sunoresearch.com.br\/n\/uploads\/2021\/07\/09c3e8c0-51294927226_1cd249175c_k-400x200.jpg\" alt=\"Senado viola lei e nomeia diretor que atua em entidade sindical para ANTT\"\/><\/a><span class=\"spotlightCategory\"><a href=\"https:\/\/www.suno.com.br\/noticias\/politica\/\">Pol\u00edtica<\/a><\/span><\/div><div class=\"cardsPage__listCard__boxs__content\"><a href=\"https:\/\/www.suno.com.br\/noticias\/senado-viola-lei-nomeia-diretor-sindical-antt\/\"><h2 class=\"content__title\">Senado viola lei e nomeia diretor que atua em entidade sindical para ANTT<\/h2><\/a><div class=\"newsContent__article__meta\"><div class=\"newsContent__article__meta__authorBox\"><a href=\"https:\/\/www.suno.com.br\/noticias\/author\/eduardo-vargas\/\" class=\"authorBox__avatar noMobi\"><img src=\"https:\/\/secure.gravatar.com\/avatar\/dac340933427a22924c9f99d1eb2e3f2?s=96&#038;r=g\" alt=\"Eduardo Vargas\"><\/a><div class=\"authorBox__name\"><span>por\n\t\t\t<a href=\"https:\/\/www.suno.com.br\/noticias\/author\/eduardo-vargas\/\"><span itemprop=\"author\">Eduardo Vargas<\/span><\/a><\/span><time datetime=\"2021-07-07T12:23:59-03:00\" itemprop=\"datePublished\">07\/07\/2021 12:23<\/time><\/div><\/div><\/div><\/div><\/div>","single_layout":"posts","amp_enabled":true,"_links":{"self":[{"href":"https:\/\/www.suno.com.br\/noticias\/wp-json\/wp\/v2\/posts\/164186"}],"collection":[{"href":"https:\/\/www.suno.com.br\/noticias\/wp-json\/wp\/v2\/posts"}],"about":[{"href":"https:\/\/www.suno.com.br\/noticias\/wp-json\/wp\/v2\/types\/post"}],"author":[{"embeddable":true,"href":"https:\/\/www.suno.com.br\/noticias\/wp-json\/wp\/v2\/users\/73"}],"replies":[{"embeddable":true,"href":"https:\/\/www.suno.com.br\/noticias\/wp-json\/wp\/v2\/comments?post=164186"}],"version-history":[{"count":4,"href":"https:\/\/www.suno.com.br\/noticias\/wp-json\/wp\/v2\/posts\/164186\/revisions"}],"predecessor-version":[{"id":164315,"href":"https:\/\/www.suno.com.br\/noticias\/wp-json\/wp\/v2\/posts\/164186\/revisions\/164315"}],"wp:featuredmedia":[{"embeddable":true,"href":"https:\/\/www.suno.com.br\/noticias\/wp-json\/wp\/v2\/media\/164304"}],"wp:attachment":[{"href":"https:\/\/www.suno.com.br\/noticias\/wp-json\/wp\/v2\/media?parent=164186"}],"wp:term":[{"taxonomy":"category","embeddable":true,"href":"https:\/\/www.suno.com.br\/noticias\/wp-json\/wp\/v2\/categories?post=164186"},{"taxonomy":"post_tag","embeddable":true,"href":"https:\/\/www.suno.com.br\/noticias\/wp-json\/wp\/v2\/tags?post=164186"},{"taxonomy":"suno_strategy","embeddable":true,"href":"https:\/\/www.suno.com.br\/noticias\/wp-json\/wp\/v2\/suno_strategy?post=164186"}],"curies":[{"name":"wp","href":"https:\/\/api.w.org\/{rel}","templated":true}]}}