{"id":16407,"date":"2019-02-23T15:59:23","date_gmt":"2019-02-23T18:59:23","guid":{"rendered":"https:\/\/www.suno.com.br\/noticias\/?p=16407"},"modified":"2019-02-26T09:14:35","modified_gmt":"2019-02-26T12:14:35","slug":"embraer-boeing-justica-assembleia-acionistas","status":"publish","type":"post","link":"https:\/\/www.suno.com.br\/noticias\/embraer-boeing-justica-assembleia-acionistas\/","title":{"rendered":"Embraer recorrer\u00e1 decis\u00e3o de suspender assembleia de acionistas"},"content":{"rendered":"<p>A Embraer (EMBR3) informou que ir\u00e1 recorrer a decis\u00e3o liminar de <strong>suspender\u00a0<\/strong>a <strong>Assembleia Geral dos Acionistas<\/strong> tomada pela<strong> Justi\u00e7a Federal<\/strong> na sexta-feira (22). A companhia planeja recorrer na pr\u00f3xima ter\u00e7a-feira (26).<\/p>\t<div class=\"wrapper-featured-image\">\n\t\t<figure class=\"spotlightImg\">\n\n\t\t\t<picture>\n\t\t\t\t<source media=\"(max-width: 768px)\" srcset=\"https:\/\/files.sunoresearch.com.br\/n\/uploads\/2018\/09\/51b67c74-embraer-400x200.webp\">\n\t\t\t\t<img loading=\"lazy\" decoding=\"async\" class=\"newsContent__article__imgCapa lazyloadDisabled newsContent__article__imgCapa--noCaption\" src=\"https:\/\/files.sunoresearch.com.br\/n\/uploads\/2018\/09\/51b67c74-embraer-jpg.webp\" width=\"800\" height=\"450\" alt=\"Embraer recorrer\u00e1 decis\u00e3o de suspender assembleia de acionistas\" fetchpriority=high \/>\n\t\t\t<\/picture>\n\n\t\t\t<figcaption class=\"wp-caption-text wp-caption-text--hide\">Embraer (EMBR3) acertou financiamento para exporta\u00e7\u00f5es de US$ 600 mi<\/figcaption>\n\t\t<\/figure>\n\t<\/div>\n\n\n<p>A <strong>Assembleia Geral dos Acionistas<\/strong> \u00e9 uma das etapas para a <strong>Embraer<\/strong> alinhar as decis\u00f5es de cria\u00e7\u00e3o de <strong><a href=\"https:\/\/www.suno.com.br\/artigos\/joint-venture\/\">joint-venture<\/a><\/strong> (empresa conjunta) com a <strong>Boeing<\/strong>. As decis\u00f5es dependem do aval dos <strong>investidores<\/strong>.<\/p>\n<p>A <strong>liminar<\/strong> concedida pela <strong>Justi\u00e7a Federal<\/strong> atendeu ao pedido de um conjunto de <strong>sindicatos<\/strong>, de acordo com o &#8220;G1&#8221;. Dentre os sindicatos est\u00e3o:<\/p>\n<ul>\n<li>dos Metal\u00fargicos de S\u00e3o Jos\u00e9 dos Campos e Regi\u00e3o;<\/li>\n<li>dos trabalhadores nas Ind\u00fastrias Metal\u00fargicas Mec\u00e2nicas e de Materiais El\u00e9tricos de Araraquara e Am\u00e9rico Brasiliense.<\/li>\n<li>de Metal\u00fargicos de Botucatu e Regi\u00e3o;<\/li>\n<li>e a Confedera\u00e7\u00e3o Nacional dos Trabalhadores Metal\u00fargicos (CNTM).<\/li>\n<\/ul>\n<p>A decis\u00e3o em car\u00e1ter liminar foi tomada pelo juiz federal <strong>Victorio Giuzio Neto<\/strong>. O magistrado afirmou que a <strong>suspens\u00e3o<\/strong> \u00e9 prevista &#8220;at\u00e9 que as <strong>irregularidades legais<\/strong> apontadas sejam esclarecidas&#8221;.<\/p>\n<p><a href=\"https:\/\/www.suno.com.br\/noticias\/embraer-acionistas-aprovam-acordo-com-boeing\/\">Saiba mais &#8211; Embraer: acionistas aprovam acordo com Boeing<\/a><\/p>\n<h2>Os sindicatos querem plebiscito<\/h2>\n<p>Os autores da <strong>a\u00e7\u00e3o<\/strong> argumentam que houve identifica\u00e7\u00e3o de &#8220;riscos ao pa\u00eds&#8221; e <strong>viola\u00e7\u00f5es legais<\/strong> recorrentes da realiza\u00e7\u00e3o da <strong>transa\u00e7\u00e3o<\/strong>. O valor do neg\u00f3cio na <strong>avia\u00e7\u00e3o comercial<\/strong> \u00e9 de US$ 5,26 bilh\u00f5es, segundo o Conselho de Administra\u00e7\u00e3o.<\/p>\n<p>Na vis\u00e3o dos <strong>sindicatos<\/strong>, a <strong>transa\u00e7\u00e3o<\/strong> entre a norte-americana e a brasileira mascara a <strong>aquisi\u00e7\u00e3o<\/strong> &#8220;pura e simples da empresa nacional, o chamado\u00a0<a href=\"https:\/\/www.suno.com.br\/artigos\/aquisicao-hostil\/\">takeover<\/a> (aquisi\u00e7\u00e3o hostil)&#8221;.<\/p>\n<p>Portanto, o processo n\u00e3o seria de cria\u00e7\u00e3o de <strong>joint-venture<\/strong>, e sim, de <strong>aquisi\u00e7\u00e3o hostil<\/strong> da <strong>Embraer<\/strong> pela <strong>Boeing<\/strong>. As companhias negam essa afirma\u00e7\u00e3o.<\/p>\n<p>Os sindicalistas querem, por meio de iniciativa parlamentar, que um <strong>plebiscito<\/strong> seja convocado para avaliar a <strong>opini\u00e3o popular<\/strong>. Assim, os <strong>cidad\u00e3os brasileiros<\/strong> seriam consultados acerca do <strong>controle acion\u00e1rio<\/strong> da <strong>Embraer<\/strong>.<\/p>\n<p>Detentor de uma <a href=\"https:\/\/www.suno.com.br\/artigos\/golden-share\/\"><strong>golden share<\/strong><\/a>, que lhe d\u00e1 poder de veto, o<strong> governo federal<\/strong> j\u00e1 adiantou que n\u00e3o pretende fazer uso da mesma a fim de interferir na <strong>negocia\u00e7\u00e3o<\/strong> entre as companhias.<\/p>\n<p>Ao todo, a <strong>a\u00e7\u00e3o<\/strong> lista 25 pontos considerados pelos autores do documento como ilegalidades. Dentre os argumentos est\u00e3o:<\/p>\n<ul>\n<li>a <strong>golden share<\/strong> n\u00e3o existir\u00e1 com a cria\u00e7\u00e3o da sociedade;<\/li>\n<li>a exclus\u00e3o das garantias de <strong>emprego<\/strong>;<\/li>\n<li>a prote\u00e7\u00e3o de <strong>propriedade intelectual<\/strong> da Embraer, que deve ser concedida para o uso da Boeing.<\/li>\n<\/ul>\n<p><a href=\"https:\/\/www.suno.com.br\/noticias\/justica-extingue-processo-acionistas-contra-embraer\/\">Saiba mais &#8211; Justi\u00e7a extingue processo de acionistas contra a Embraer<\/a><\/p>\n<h2>A\u00e7\u00e3o de acionistas \u00e9 extinta<\/h2>\n<p><strong>Outra a\u00e7\u00e3o<\/strong>, desta vez articulada por acionistas representados pela <strong>Associa\u00e7\u00e3o Brasileira de Investidores<\/strong> (ABRADIN) foi extinta nesta semana.<\/p>\n<p>O juiz federal Hong Kou Hen, da 8\u00aa Vara C\u00edvel Federal de S\u00e3o Paulo, decidiu que o processo contra o<strong> neg\u00f3cio n\u00e3o viola a lei<\/strong>.<\/p>\n<p>A <strong>ABRADIN<\/strong> tamb\u00e9m defendeu que a cria\u00e7\u00e3o de uma <strong>joint-venture<\/strong> entre as duas empresas seria, de fato, uma<strong> transfer\u00eancia do controle<\/strong> da <strong>Embraer<\/strong> \u00e0 <strong>Boeing<\/strong>. Tal medida geraria uma <strong>perda<\/strong> para os <strong>acionistas<\/strong>.<\/p>\n<p>Al\u00e9m disso, a <strong>ABRADIN<\/strong> sugeriu na uma <a href=\"https:\/\/www.suno.com.br\/artigos\/oferta-publica-aquisicao\/\">oferta p\u00fablica de aquisi\u00e7\u00e3o<\/a> (OPA) a todos os <strong>acionistas<\/strong> da produtora brasileira de avi\u00f5es. Deste modo, a empresa norte-americana seria for\u00e7ada a comprar as <strong>a\u00e7\u00f5es<\/strong> diretamente com os <strong>investidores<\/strong>.<\/p>\n<p>Segundo Hong Kou Hen, os rumos de uma sociedade an\u00f4nima devem ser decididos de forma <strong>privada<\/strong> atrav\u00e9s da<strong> assembleia geral<\/strong>.<\/p>\n<p>Ainda de acordo com o juiz, uma eventual interven\u00e7\u00e3o da justi\u00e7a na negocia\u00e7\u00e3o entre a <strong>Embraer<\/strong> e a Boeing somente se justificaria em caso de ilegalidade ou abuso na condu\u00e7\u00e3o dos interesses da empresa ou em sua gest\u00e3o.<\/p>\n","protected":false},"excerpt":{"rendered":"<p>A Embraer (EMBR3) informou que ir\u00e1 recorrer a decis\u00e3o liminar de suspender\u00a0a Assembleia Geral dos Acionistas tomada pela Justi\u00e7a Federal na sexta-feira (22). A companhia planeja recorrer na pr\u00f3xima ter\u00e7a-feira (26). Embraer (EMBR3) acertou financiamento para exporta\u00e7\u00f5es de US$ 600 mi A Assembleia Geral dos Acionistas \u00e9 uma das etapas para a Embraer alinhar as [&hellip;]<\/p>\n","protected":false},"author":12,"featured_media":4444,"comment_status":"closed","ping_status":"closed","sticky":false,"template":"","format":"standard","meta":[],"categories":[64],"tags":[828,460],"suno_strategy":[],"class_list":["post-16407","post","type-post","status-publish","format-standard","has-post-thumbnail","hentry","category-negocios","tag-boeing-boei34","tag-embraer-embr3"],"yoast_head":"<!-- This site is optimized with the Yoast SEO plugin v24.4 - https:\/\/yoast.com\/wordpress\/plugins\/seo\/ -->\n<title>Embraer recorrer\u00e1 decis\u00e3o de suspender assembleia de acionistas<\/title>\n<meta name=\"description\" content=\"A Embraer (EMBR3) ir\u00e1 recorrer a decis\u00e3o de suspender a Assembleia Geral dos Acionistas tomada pela Justi\u00e7a Federal. Clique para saber mais.\" \/>\n<meta name=\"robots\" content=\"index, follow, max-snippet:-1, max-image-preview:large, max-video-preview:-1\" \/>\n<link rel=\"canonical\" href=\"https:\/\/www.suno.com.br\/noticias\/embraer-boeing-justica-assembleia-acionistas\/\" \/>\n<meta property=\"og:locale\" content=\"pt_BR\" \/>\n<meta property=\"og:type\" content=\"article\" \/>\n<meta property=\"og:title\" content=\"Embraer recorrer\u00e1 decis\u00e3o de suspender assembleia de acionistas\" \/>\n<meta property=\"og:description\" content=\"A Embraer (EMBR3) ir\u00e1 recorrer a decis\u00e3o de suspender a Assembleia Geral dos Acionistas tomada pela Justi\u00e7a Federal. Clique para saber mais.\" \/>\n<meta property=\"og:url\" content=\"https:\/\/www.suno.com.br\/noticias\/embraer-boeing-justica-assembleia-acionistas\/\" \/>\n<meta property=\"og:site_name\" content=\"Suno Not\u00edcias\" \/>\n<meta property=\"article:publisher\" content=\"https:\/\/facebook.com\/sunoresearch\" \/>\n<meta property=\"og:image\" content=\"https:\/\/files.sunoresearch.com.br\/n\/uploads\/2018\/09\/51b67c74-embraer.jpg\" \/>\n\t<meta property=\"og:image:width\" content=\"620\" \/>\n\t<meta property=\"og:image:height\" content=\"400\" \/>\n\t<meta property=\"og:image:type\" content=\"image\/jpeg\" \/>\n<meta name=\"author\" content=\"Amanda Gushiken\" \/>\n<meta name=\"twitter:card\" content=\"summary_large_image\" \/>\n<meta name=\"twitter:creator\" content=\"@sunoresearch\" \/>\n<meta name=\"twitter:site\" content=\"@sunoresearch\" \/>\n<meta name=\"twitter:label1\" content=\"Escrito por\" \/>\n\t<meta name=\"twitter:data1\" content=\"Amanda Gushiken\" \/>\n\t<meta name=\"twitter:label2\" content=\"Est. tempo de leitura\" \/>\n\t<meta name=\"twitter:data2\" content=\"3 minutos\" \/>\n<script type=\"application\/ld+json\" class=\"yoast-schema-graph\">{\"@context\":\"https:\/\/schema.org\",\"@graph\":[{\"@type\":\"NewsArticle\",\"@id\":\"https:\/\/www.suno.com.br\/noticias\/embraer-boeing-justica-assembleia-acionistas\/#article\",\"isPartOf\":{\"@id\":\"https:\/\/www.suno.com.br\/noticias\/embraer-boeing-justica-assembleia-acionistas\/\"},\"author\":{\"name\":\"Amanda Gushiken\",\"@id\":\"https:\/\/www.suno.com.br\/noticias\/#\/schema\/person\/a5b06fa4e879d8e8e119c6ed3cd630d1\"},\"headline\":\"Embraer recorrer\u00e1 decis\u00e3o de suspender assembleia de acionistas\",\"datePublished\":\"2019-02-23T18:59:23+00:00\",\"dateModified\":\"2019-02-26T12:14:35+00:00\",\"mainEntityOfPage\":{\"@id\":\"https:\/\/www.suno.com.br\/noticias\/embraer-boeing-justica-assembleia-acionistas\/\"},\"wordCount\":626,\"publisher\":{\"@id\":\"https:\/\/www.suno.com.br\/noticias\/#organization\"},\"image\":{\"@id\":\"https:\/\/www.suno.com.br\/noticias\/embraer-boeing-justica-assembleia-acionistas\/#primaryimage\"},\"thumbnailUrl\":\"https:\/\/files.sunoresearch.com.br\/n\/uploads\/2018\/09\/51b67c74-embraer-jpg.webp\",\"keywords\":[\"Boeing (BOEI34)\",\"Embraer (EMBR3)\"],\"articleSection\":[\"Neg\u00f3cios\"],\"inLanguage\":\"pt-BR\"},{\"@type\":\"WebPage\",\"@id\":\"https:\/\/www.suno.com.br\/noticias\/embraer-boeing-justica-assembleia-acionistas\/\",\"url\":\"https:\/\/www.suno.com.br\/noticias\/embraer-boeing-justica-assembleia-acionistas\/\",\"name\":\"Embraer recorrer\u00e1 decis\u00e3o de suspender assembleia de acionistas\",\"isPartOf\":{\"@id\":\"https:\/\/www.suno.com.br\/noticias\/#website\"},\"primaryImageOfPage\":{\"@id\":\"https:\/\/www.suno.com.br\/noticias\/embraer-boeing-justica-assembleia-acionistas\/#primaryimage\"},\"image\":{\"@id\":\"https:\/\/www.suno.com.br\/noticias\/embraer-boeing-justica-assembleia-acionistas\/#primaryimage\"},\"thumbnailUrl\":\"https:\/\/files.sunoresearch.com.br\/n\/uploads\/2018\/09\/51b67c74-embraer-jpg.webp\",\"datePublished\":\"2019-02-23T18:59:23+00:00\",\"dateModified\":\"2019-02-26T12:14:35+00:00\",\"description\":\"A Embraer (EMBR3) ir\u00e1 recorrer a decis\u00e3o de suspender a Assembleia Geral dos Acionistas tomada pela Justi\u00e7a Federal. Clique para saber mais.\",\"breadcrumb\":{\"@id\":\"https:\/\/www.suno.com.br\/noticias\/embraer-boeing-justica-assembleia-acionistas\/#breadcrumb\"},\"inLanguage\":\"pt-BR\",\"potentialAction\":[{\"@type\":\"ReadAction\",\"target\":[\"https:\/\/www.suno.com.br\/noticias\/embraer-boeing-justica-assembleia-acionistas\/\"]}]},{\"@type\":\"ImageObject\",\"inLanguage\":\"pt-BR\",\"@id\":\"https:\/\/www.suno.com.br\/noticias\/embraer-boeing-justica-assembleia-acionistas\/#primaryimage\",\"url\":\"https:\/\/files.sunoresearch.com.br\/n\/uploads\/2018\/09\/51b67c74-embraer-jpg.webp\",\"contentUrl\":\"https:\/\/files.sunoresearch.com.br\/n\/uploads\/2018\/09\/51b67c74-embraer-jpg.webp\",\"width\":620,\"height\":400,\"caption\":\"Embraer (EMBR3) acertou financiamento para exporta\u00e7\u00f5es de US$ 600 mi\"},{\"@type\":\"BreadcrumbList\",\"@id\":\"https:\/\/www.suno.com.br\/noticias\/embraer-boeing-justica-assembleia-acionistas\/#breadcrumb\",\"itemListElement\":[{\"@type\":\"ListItem\",\"position\":1,\"name\":\"Not\u00edcias\",\"item\":\"https:\/\/www.suno.com.br\/noticias\/\"},{\"@type\":\"ListItem\",\"position\":2,\"name\":\"Neg\u00f3cios\",\"item\":\"https:\/\/www.suno.com.br\/noticias\/negocios\/\"},{\"@type\":\"ListItem\",\"position\":3,\"name\":\"Embraer recorrer\u00e1 decis\u00e3o de suspender assembleia de acionistas\"}]},{\"@type\":\"WebSite\",\"@id\":\"https:\/\/www.suno.com.br\/noticias\/#website\",\"url\":\"https:\/\/www.suno.com.br\/noticias\/\",\"name\":\"Suno Not\u00edcias\",\"description\":\"Seu portal de informa\u00e7\u00e3o sobre o mundo dos investimentos\",\"publisher\":{\"@id\":\"https:\/\/www.suno.com.br\/noticias\/#organization\"},\"potentialAction\":[{\"@type\":\"SearchAction\",\"target\":{\"@type\":\"EntryPoint\",\"urlTemplate\":\"https:\/\/www.suno.com.br\/noticias\/?s={search_term_string}\"},\"query-input\":{\"@type\":\"PropertyValueSpecification\",\"valueRequired\":true,\"valueName\":\"search_term_string\"}}],\"inLanguage\":\"pt-BR\"},{\"@type\":\"Organization\",\"@id\":\"https:\/\/www.suno.com.br\/noticias\/#organization\",\"name\":\"Suno Not\u00edcias\",\"url\":\"https:\/\/www.suno.com.br\/noticias\/\",\"logo\":{\"@type\":\"ImageObject\",\"inLanguage\":\"pt-BR\",\"@id\":\"https:\/\/www.suno.com.br\/noticias\/#\/schema\/logo\/image\/\",\"url\":\"https:\/\/files.sunoresearch.com.br\/n\/uploads\/2021\/09\/suno-logo.png\",\"contentUrl\":\"https:\/\/files.sunoresearch.com.br\/n\/uploads\/2021\/09\/suno-logo.png\",\"width\":180,\"height\":180,\"caption\":\"Suno Not\u00edcias\"},\"image\":{\"@id\":\"https:\/\/www.suno.com.br\/noticias\/#\/schema\/logo\/image\/\"},\"sameAs\":[\"https:\/\/facebook.com\/sunoresearch\",\"https:\/\/x.com\/sunoresearch\",\"https:\/\/www.instagram.com\/suno\",\"https:\/\/www.linkedin.com\/company\/suno-research\/\",\"https:\/\/www.youtube.com\/c\/sunoresearch\"]},{\"@type\":\"Person\",\"@id\":\"https:\/\/www.suno.com.br\/noticias\/#\/schema\/person\/a5b06fa4e879d8e8e119c6ed3cd630d1\",\"name\":\"Amanda Gushiken\",\"image\":{\"@type\":\"ImageObject\",\"inLanguage\":\"pt-BR\",\"@id\":\"https:\/\/www.suno.com.br\/noticias\/#\/schema\/person\/image\/\",\"url\":\"https:\/\/secure.gravatar.com\/avatar\/ecd84705e6b65e3685ae80d725501fbe?s=96&r=g\",\"contentUrl\":\"https:\/\/secure.gravatar.com\/avatar\/ecd84705e6b65e3685ae80d725501fbe?s=96&r=g\",\"caption\":\"Amanda Gushiken\"},\"description\":\"Amanda Sayuri Gushiken escreve sobre finan\u00e7as e neg\u00f3cios para o portal Suno Not\u00edcias. Antes, trabalhou selecionando not\u00edcias da imprensa para clientes do mercado financeiro. Tamb\u00e9m desenvolveu pesquisa acad\u00eamica pela Universidade Anhembi Morumbi na \u00e1rea de Teorias da Comunica\u00e7\u00e3o e \u00e9 fot\u00f3grafa nas horas vagas.\",\"url\":\"https:\/\/www.suno.com.br\/noticias\/author\/amanda\/\"}]}<\/script>\n<!-- \/ Yoast SEO plugin. -->","yoast_head_json":{"title":"Embraer recorrer\u00e1 decis\u00e3o de suspender assembleia de acionistas","description":"A Embraer (EMBR3) ir\u00e1 recorrer a decis\u00e3o de suspender a Assembleia Geral dos Acionistas tomada pela Justi\u00e7a Federal. Clique para saber mais.","robots":{"index":"index","follow":"follow","max-snippet":"max-snippet:-1","max-image-preview":"max-image-preview:large","max-video-preview":"max-video-preview:-1"},"canonical":"https:\/\/www.suno.com.br\/noticias\/embraer-boeing-justica-assembleia-acionistas\/","og_locale":"pt_BR","og_type":"article","og_title":"Embraer recorrer\u00e1 decis\u00e3o de suspender assembleia de acionistas","og_description":"A Embraer (EMBR3) ir\u00e1 recorrer a decis\u00e3o de suspender a Assembleia Geral dos Acionistas tomada pela Justi\u00e7a Federal. Clique para saber mais.","og_url":"https:\/\/www.suno.com.br\/noticias\/embraer-boeing-justica-assembleia-acionistas\/","og_site_name":"Suno Not\u00edcias","article_publisher":"https:\/\/facebook.com\/sunoresearch","og_image":[{"width":620,"height":400,"url":"https:\/\/files.sunoresearch.com.br\/n\/uploads\/2018\/09\/51b67c74-embraer.jpg","type":"image\/jpeg"}],"author":"Amanda Gushiken","twitter_card":"summary_large_image","twitter_creator":"@sunoresearch","twitter_site":"@sunoresearch","twitter_misc":{"Escrito por":"Amanda Gushiken","Est. tempo de leitura":"3 minutos"},"schema":{"@context":"https:\/\/schema.org","@graph":[{"@type":"NewsArticle","@id":"https:\/\/www.suno.com.br\/noticias\/embraer-boeing-justica-assembleia-acionistas\/#article","isPartOf":{"@id":"https:\/\/www.suno.com.br\/noticias\/embraer-boeing-justica-assembleia-acionistas\/"},"author":{"name":"Amanda Gushiken","@id":"https:\/\/www.suno.com.br\/noticias\/#\/schema\/person\/a5b06fa4e879d8e8e119c6ed3cd630d1"},"headline":"Embraer recorrer\u00e1 decis\u00e3o de suspender assembleia de acionistas","datePublished":"2019-02-23T18:59:23+00:00","dateModified":"2019-02-26T12:14:35+00:00","mainEntityOfPage":{"@id":"https:\/\/www.suno.com.br\/noticias\/embraer-boeing-justica-assembleia-acionistas\/"},"wordCount":626,"publisher":{"@id":"https:\/\/www.suno.com.br\/noticias\/#organization"},"image":{"@id":"https:\/\/www.suno.com.br\/noticias\/embraer-boeing-justica-assembleia-acionistas\/#primaryimage"},"thumbnailUrl":"https:\/\/files.sunoresearch.com.br\/n\/uploads\/2018\/09\/51b67c74-embraer-jpg.webp","keywords":["Boeing (BOEI34)","Embraer (EMBR3)"],"articleSection":["Neg\u00f3cios"],"inLanguage":"pt-BR"},{"@type":"WebPage","@id":"https:\/\/www.suno.com.br\/noticias\/embraer-boeing-justica-assembleia-acionistas\/","url":"https:\/\/www.suno.com.br\/noticias\/embraer-boeing-justica-assembleia-acionistas\/","name":"Embraer recorrer\u00e1 decis\u00e3o de suspender assembleia de acionistas","isPartOf":{"@id":"https:\/\/www.suno.com.br\/noticias\/#website"},"primaryImageOfPage":{"@id":"https:\/\/www.suno.com.br\/noticias\/embraer-boeing-justica-assembleia-acionistas\/#primaryimage"},"image":{"@id":"https:\/\/www.suno.com.br\/noticias\/embraer-boeing-justica-assembleia-acionistas\/#primaryimage"},"thumbnailUrl":"https:\/\/files.sunoresearch.com.br\/n\/uploads\/2018\/09\/51b67c74-embraer-jpg.webp","datePublished":"2019-02-23T18:59:23+00:00","dateModified":"2019-02-26T12:14:35+00:00","description":"A Embraer (EMBR3) ir\u00e1 recorrer a decis\u00e3o de suspender a Assembleia Geral dos Acionistas tomada pela Justi\u00e7a Federal. Clique para saber mais.","breadcrumb":{"@id":"https:\/\/www.suno.com.br\/noticias\/embraer-boeing-justica-assembleia-acionistas\/#breadcrumb"},"inLanguage":"pt-BR","potentialAction":[{"@type":"ReadAction","target":["https:\/\/www.suno.com.br\/noticias\/embraer-boeing-justica-assembleia-acionistas\/"]}]},{"@type":"ImageObject","inLanguage":"pt-BR","@id":"https:\/\/www.suno.com.br\/noticias\/embraer-boeing-justica-assembleia-acionistas\/#primaryimage","url":"https:\/\/files.sunoresearch.com.br\/n\/uploads\/2018\/09\/51b67c74-embraer-jpg.webp","contentUrl":"https:\/\/files.sunoresearch.com.br\/n\/uploads\/2018\/09\/51b67c74-embraer-jpg.webp","width":620,"height":400,"caption":"Embraer (EMBR3) acertou financiamento para exporta\u00e7\u00f5es de US$ 600 mi"},{"@type":"BreadcrumbList","@id":"https:\/\/www.suno.com.br\/noticias\/embraer-boeing-justica-assembleia-acionistas\/#breadcrumb","itemListElement":[{"@type":"ListItem","position":1,"name":"Not\u00edcias","item":"https:\/\/www.suno.com.br\/noticias\/"},{"@type":"ListItem","position":2,"name":"Neg\u00f3cios","item":"https:\/\/www.suno.com.br\/noticias\/negocios\/"},{"@type":"ListItem","position":3,"name":"Embraer recorrer\u00e1 decis\u00e3o de suspender assembleia de acionistas"}]},{"@type":"WebSite","@id":"https:\/\/www.suno.com.br\/noticias\/#website","url":"https:\/\/www.suno.com.br\/noticias\/","name":"Suno Not\u00edcias","description":"Seu portal de informa\u00e7\u00e3o sobre o mundo dos investimentos","publisher":{"@id":"https:\/\/www.suno.com.br\/noticias\/#organization"},"potentialAction":[{"@type":"SearchAction","target":{"@type":"EntryPoint","urlTemplate":"https:\/\/www.suno.com.br\/noticias\/?s={search_term_string}"},"query-input":{"@type":"PropertyValueSpecification","valueRequired":true,"valueName":"search_term_string"}}],"inLanguage":"pt-BR"},{"@type":"Organization","@id":"https:\/\/www.suno.com.br\/noticias\/#organization","name":"Suno Not\u00edcias","url":"https:\/\/www.suno.com.br\/noticias\/","logo":{"@type":"ImageObject","inLanguage":"pt-BR","@id":"https:\/\/www.suno.com.br\/noticias\/#\/schema\/logo\/image\/","url":"https:\/\/files.sunoresearch.com.br\/n\/uploads\/2021\/09\/suno-logo.png","contentUrl":"https:\/\/files.sunoresearch.com.br\/n\/uploads\/2021\/09\/suno-logo.png","width":180,"height":180,"caption":"Suno Not\u00edcias"},"image":{"@id":"https:\/\/www.suno.com.br\/noticias\/#\/schema\/logo\/image\/"},"sameAs":["https:\/\/facebook.com\/sunoresearch","https:\/\/x.com\/sunoresearch","https:\/\/www.instagram.com\/suno","https:\/\/www.linkedin.com\/company\/suno-research\/","https:\/\/www.youtube.com\/c\/sunoresearch"]},{"@type":"Person","@id":"https:\/\/www.suno.com.br\/noticias\/#\/schema\/person\/a5b06fa4e879d8e8e119c6ed3cd630d1","name":"Amanda Gushiken","image":{"@type":"ImageObject","inLanguage":"pt-BR","@id":"https:\/\/www.suno.com.br\/noticias\/#\/schema\/person\/image\/","url":"https:\/\/secure.gravatar.com\/avatar\/ecd84705e6b65e3685ae80d725501fbe?s=96&r=g","contentUrl":"https:\/\/secure.gravatar.com\/avatar\/ecd84705e6b65e3685ae80d725501fbe?s=96&r=g","caption":"Amanda Gushiken"},"description":"Amanda Sayuri Gushiken escreve sobre finan\u00e7as e neg\u00f3cios para o portal Suno Not\u00edcias. Antes, trabalhou selecionando not\u00edcias da imprensa para clientes do mercado financeiro. Tamb\u00e9m desenvolveu pesquisa acad\u00eamica pela Universidade Anhembi Morumbi na \u00e1rea de Teorias da Comunica\u00e7\u00e3o e \u00e9 fot\u00f3grafa nas horas vagas.","url":"https:\/\/www.suno.com.br\/noticias\/author\/amanda\/"}]}},"default_loop_html":"<div class=\"cardsPage__listCard__boxs\"><div class=\"cardsPage__listCard__boxs__img\"><a href=\"https:\/\/www.suno.com.br\/noticias\/embraer-boeing-justica-assembleia-acionistas\/\"><img class=\"mask\" src=\"https:\/\/www.suno.com.br\/noticias\/wp-content\/themes\/suno\/resources\/images\/spotlight\/spotlight1img\/bg-mask.png\" alt=\"Image Mask\"\/><img src=\"https:\/\/files.sunoresearch.com.br\/n\/uploads\/2018\/09\/51b67c74-embraer-400x200.webp\" alt=\"Embraer recorrer\u00e1 decis\u00e3o de suspender assembleia de acionistas\"\/><\/a><span class=\"spotlightCategory\"><a href=\"https:\/\/www.suno.com.br\/noticias\/negocios\/\">Neg\u00f3cios<\/a><\/span><\/div><div class=\"cardsPage__listCard__boxs__content\"><a href=\"https:\/\/www.suno.com.br\/noticias\/embraer-boeing-justica-assembleia-acionistas\/\"><h2 class=\"content__title\">Embraer recorrer\u00e1 decis\u00e3o de suspender assembleia de acionistas<\/h2><\/a><div class=\"newsContent__article__meta\"><div class=\"newsContent__article__meta__authorBox\"><a href=\"https:\/\/www.suno.com.br\/noticias\/author\/amanda\/\" class=\"authorBox__avatar noMobi\"><img src=\"https:\/\/files.sunoresearch.com.br\/n\/uploads\/2018\/11\/c6ad30be-amanda-150x150.webp\" alt=\"Amanda Gushiken\"><\/a><div class=\"authorBox__name\"><span>por\n\t\t\t<a href=\"https:\/\/www.suno.com.br\/noticias\/author\/amanda\/\"><span itemprop=\"author\">Amanda Gushiken<\/span><\/a><\/span><time datetime=\"2019-02-23T15:59:23-03:00\" itemprop=\"datePublished\">23\/02\/2019 15:59<\/time><\/div><\/div><\/div><\/div><\/div>","single_layout":"posts","amp_enabled":true,"_links":{"self":[{"href":"https:\/\/www.suno.com.br\/noticias\/wp-json\/wp\/v2\/posts\/16407"}],"collection":[{"href":"https:\/\/www.suno.com.br\/noticias\/wp-json\/wp\/v2\/posts"}],"about":[{"href":"https:\/\/www.suno.com.br\/noticias\/wp-json\/wp\/v2\/types\/post"}],"author":[{"embeddable":true,"href":"https:\/\/www.suno.com.br\/noticias\/wp-json\/wp\/v2\/users\/12"}],"replies":[{"embeddable":true,"href":"https:\/\/www.suno.com.br\/noticias\/wp-json\/wp\/v2\/comments?post=16407"}],"version-history":[{"count":0,"href":"https:\/\/www.suno.com.br\/noticias\/wp-json\/wp\/v2\/posts\/16407\/revisions"}],"wp:featuredmedia":[{"embeddable":true,"href":"https:\/\/www.suno.com.br\/noticias\/wp-json\/wp\/v2\/media\/4444"}],"wp:attachment":[{"href":"https:\/\/www.suno.com.br\/noticias\/wp-json\/wp\/v2\/media?parent=16407"}],"wp:term":[{"taxonomy":"category","embeddable":true,"href":"https:\/\/www.suno.com.br\/noticias\/wp-json\/wp\/v2\/categories?post=16407"},{"taxonomy":"post_tag","embeddable":true,"href":"https:\/\/www.suno.com.br\/noticias\/wp-json\/wp\/v2\/tags?post=16407"},{"taxonomy":"suno_strategy","embeddable":true,"href":"https:\/\/www.suno.com.br\/noticias\/wp-json\/wp\/v2\/suno_strategy?post=16407"}],"curies":[{"name":"wp","href":"https:\/\/api.w.org\/{rel}","templated":true}]}}