{"id":164011,"date":"2021-07-06T15:45:44","date_gmt":"2021-07-06T18:45:44","guid":{"rendered":"https:\/\/www.suno.com.br\/noticias\/?p=164011"},"modified":"2021-07-06T15:45:44","modified_gmt":"2021-07-06T18:45:44","slug":"itau-itub4-projecao-pib-2021-alta-desafiadora","status":"publish","type":"post","link":"https:\/\/www.suno.com.br\/noticias\/itau-itub4-projecao-pib-2021-alta-desafiadora\/","title":{"rendered":"Proje\u00e7\u00e3o de 5,5% para o PIB 2021 \u00e9 alta, mas n\u00e3o desafiadora, diz Mario Mesquita, do Ita\u00fa (ITUB4)"},"content":{"rendered":"<p>O economista-chefe do <a class=\"suno-keyword\" href=\"https:\/\/www.suno.com.br\/acoes\/ITUB4\/\" target=\"_blank\" rel=\"noopener noreferrer\" data-force=\"yes\" data-priority=\"2\">Ita\u00fa Unibanco (ITUB4)<\/a>, M\u00e1rio Mesquita, afirmou que a proje\u00e7\u00e3o feita pelo banco para ao crescimento do <a href=\"https:\/\/www.suno.com.br\/artigos\/pib-produto-interno-bruto\/\">Produto Interno Bruto (<strong>PIB<\/strong>)<\/a> deste ano \u00e9 de 5,5%, classificando o progn\u00f3stico como alto, mas n\u00e3o desafiador.<\/p>\t<div class=\"wrapper-featured-image\">\n\t\t<figure class=\"spotlightImg\">\n\n\t\t\t<picture>\n\t\t\t\t<source media=\"(max-width: 768px)\" srcset=\"https:\/\/files.sunoresearch.com.br\/n\/uploads\/2020\/08\/bfc933fb-4096-2731-max-400x200.webp\">\n\t\t\t\t<img loading=\"lazy\" decoding=\"async\" class=\"newsContent__article__imgCapa lazyloadDisabled \" src=\"https:\/\/files.sunoresearch.com.br\/n\/uploads\/2020\/08\/bfc933fb-4096-2731-max-800x450.webp\" width=\"800\" height=\"450\" alt=\"Proje\u00e7\u00e3o de 5,5% para o PIB 2021 \u00e9 alta, mas n\u00e3o desafiadora, diz Mario Mesquita, do Ita\u00fa (ITUB4)\" fetchpriority=high \/>\n\t\t\t<\/picture>\n\n\t\t\t<figcaption class=\"wp-caption-text wp-caption-text--show\"> Foto: Pixabay<\/figcaption>\n\t\t<\/figure>\n\t<\/div>\n\n\n\t<p>\n\t\t<a href=\"https:\/\/lp.suno.com.br\/planilha-controle-gastos\/\" target=\"_blank\" data-element=\"shortcode-suno-banner\" title=\"Banner SUNO, clique e saiba mais\">\n\t\t\t<picture>\n\t\t\t\t<source media=\"(max-width: 500px)\" srcset=\"https:\/\/files.sunoresearch.com.br\/n\/uploads\/2023\/03\/400x300-Planilha-controle-de-gastos.png\">\n\t\t\t\t<img class=\"newsContent__article__imgCapa newsContent__article__imgCapa--banner\"\n\t\t\t\t\tsrc=\"https:\/\/files.sunoresearch.com.br\/n\/uploads\/2023\/03\/1420x240-Planilha-controle-de-gastos.png\"\n\t\t\t\t\tdata-promo-id=\"101751\"\t\t\t\t\t\t\t\t\t\twidth='1420' height='240'\t\t\t\t\talt=\"https:\/\/files.sunoresearch.com.br\/n\/uploads\/2023\/03\/1420x240-Planilha-controle-de-gastos.png\"\n\t\t\t\t>\n\t\t\t<\/picture>\n\t\t<\/a>\n\t<\/p>\n\n\n<p>Segundo o economista, o carrego estat\u00edstico deixado pelo resultado do <strong>PIB do primeiro trimestre<\/strong> (1,20%) \u00e9 de 4,90%.<\/p>\n<p>De acordo com Mesquita<b>,<\/b>\u00a0a perspectiva \u00e9 de normaliza\u00e7\u00e3o da <strong>economia<\/strong> no quarto trimestre, com a retomada do setor de servi\u00e7os permitida pelo avan\u00e7o da vacina\u00e7\u00e3o. Mas esse cen\u00e1rio n\u00e3o conta com uma terceira onda forte da pandemia provocado pela variante delta.<\/p>\n<p>Mesquita afirmou que a variante que surgiu na \u00cdndia tem trazido incerteza aos mercados globais, pois parece &#8220;escapar&#8221; mais das vacinas, que, por sua vez, continuam eficazes para prevenir casos mais graves e hospitaliza\u00e7\u00f5es por covid-19.<\/p>\n<p>&#8220;A <em>taxa<\/em> <em>r<\/em>, a taxa de reprodu\u00e7\u00e3o da covid, mundial estava abaixo de 1 e voltou a subir, sinalizando expans\u00e3o da doen\u00e7a&#8221;, explicou, em participa\u00e7\u00e3o em &#8220;live&#8221; do jornal <i>Valor Econ\u00f4mico<\/i> nesta ter\u00e7a-feira (6).<\/p>\n<p>O economista tamb\u00e9m avaliou que h\u00e1 recupera\u00e7\u00e3o no <strong>mercado formal de trabalho<\/strong>, mas ela est\u00e1 incompleta, com 4 milh\u00f5es de empregos a menos frente ao pr\u00e9-crise.<\/p>\n\t<div data-element=\"shortcode-read-more\" class=\"knowMore\">\n\t\t\t\t<span class=\"knowMore__title\">Saiba mais<\/span>\n\t\t\t\t<a class=\"knowMore__link\" href=\"https:\/\/www.suno.com.br\/noticias\/boletim-focus-projecao-pib-518\/\">\n\t\t\tBoletim Focus eleva pela 11\u00aa semana consecutiva proje\u00e7\u00e3o do PIB para 5,18%\t\t<\/a>\n\t<\/div>\n\n\n<p>Para o <strong>PIB de 2022<\/strong>, o Ita\u00fa projeta alta de 1,80%. Segundo Mesquita, a redu\u00e7\u00e3o do ritmo de crescimento deve ser provocada pela alta de juros, pelo menor est\u00edmulo fiscal, mesmo com a expans\u00e3o do Bolsa Fam\u00edlia, pela desacelera\u00e7\u00e3o da economia mundial, e, assim, de pre\u00e7os de commodities. Mas avalia que o risco de alta seria um cen\u00e1rio de sustenta\u00e7\u00e3o maior de pre\u00e7os de commodities.<\/p>\n<h2>Progn\u00f3stico para o d\u00f3lar \u00e9 de R$ 4,75<\/h2>\n<p>Ap\u00f3s avaliar que o mercado tem reagido com exagero ao <strong>risco<\/strong> pol\u00edtico, motivado por acusa\u00e7\u00f5es de desvios e superfaturamento de vacinas que colocam o governo no centro da CPI da Covid, M\u00e1rio Mesquita considerou hoje que o <a class=\"suno-keyword\" href=\"https:\/\/www.suno.com.br\/artigos\/valor-justo\/\" target=\"_blank\" rel=\"noopener noreferrer\" data-force=\"no\" data-priority=\"1\">valor justo<\/a> do <strong>d\u00f3lar<\/strong> est\u00e1 entre R$ 4,50 e R$ 5,00.<\/p>\n<p>Na expectativa de a alta da <strong><a class=\"suno-keyword\" href=\"https:\/\/www.suno.com.br\/artigos\/taxa-basica-de-juros\/\" target=\"_blank\" rel=\"noopener noreferrer\" data-force=\"no\" data-priority=\"1\">taxa b\u00e1sica de juros<\/a><\/strong><a class=\"suno-keyword\" href=\"https:\/\/www.suno.com.br\/artigos\/taxa-basica-de-juros\/\" target=\"_blank\" rel=\"noopener noreferrer\" data-force=\"no\" data-priority=\"1\">, a<\/a><strong><a class=\"suno-keyword\" href=\"https:\/\/www.suno.com.br\/artigos\/taxa-basica-de-juros\/\" target=\"_blank\" rel=\"noopener noreferrer\" data-force=\"no\" data-priority=\"1\"> Selic<\/a><\/strong>&#8211; com a possibilidade de aumento de 1 ponto porcentual j\u00e1 na pr\u00f3xima reuni\u00e3o do Comit\u00ea de <a class=\"suno-keyword\" href=\"https:\/\/www.suno.com.br\/artigos\/politica-monetaria\/\" target=\"_blank\" rel=\"noopener noreferrer\" data-force=\"no\" data-priority=\"1\">Pol\u00edtica Monet\u00e1ria<\/a> (Copom) se apresentando &#8220;bem viva&#8221; &#8211; prevale\u00e7a, junto com o ciclo favor\u00e1vel das commodities, sobre os &#8220;ru\u00eddos pol\u00edticos&#8221;, Mesquita refor\u00e7ou a vis\u00e3o do banco que aponta a um d\u00f3lar em R$ 4,75 no fim deste ano.<\/p>\n\t<p>\n\t\t<a href=\"https:\/\/lp.suno.com.br\/planilha-da-vida-financeira\/\" target=\"_blank\" data-element=\"shortcode-suno-banner\" title=\"Banner SUNO, clique e saiba mais\">\n\t\t\t<picture>\n\t\t\t\t<source media=\"(max-width: 500px)\" srcset=\"https:\/\/files.sunoresearch.com.br\/n\/uploads\/2023\/04\/400x300-Planilha-vida-financeira-true.png\">\n\t\t\t\t<img class=\"newsContent__article__imgCapa newsContent__article__imgCapa--banner\"\n\t\t\t\t\tsrc=\"https:\/\/files.sunoresearch.com.br\/n\/uploads\/2023\/04\/1420x240-Planilha-vida-financeira-true.png\"\n\t\t\t\t\tdata-promo-id=\"106682\"\t\t\t\t\t\t\t\t\t\twidth='1420' height='240'\t\t\t\t\talt=\"https:\/\/files.sunoresearch.com.br\/n\/uploads\/2023\/04\/1420x240-Planilha-vida-financeira-true.png\"\n\t\t\t\t>\n\t\t\t<\/picture>\n\t\t<\/a>\n\t<\/p>\n\n\n<p>Durante participa\u00e7\u00e3o da <em>live<\/em>, ele ponderou, no entanto, que o <strong>c\u00e2mbio<\/strong> deve voltar a ficar acima R$ 5,00 no ano que vem em raz\u00e3o da redu\u00e7\u00e3o dos est\u00edmulos monet\u00e1rios nos Estados Unidos. A expectativa, disse, \u00e9 de o Federal Reserve (Fed, o banco central americano) diminuir a inje\u00e7\u00e3o de liquidez via compra de t\u00edtulos em 2022 e voltar a subir os juros entre o fim do ano que vem e in\u00edcio de 2023.<\/p>\n<p>Os t\u00edtulos do tesouro americano com vencimento em dez anos devem ir, assim, para a faixa de 2,5% a 3% no fim de 2022, o que n\u00e3o ser\u00e1, no entanto, necessariamente ruim para <a class=\"suno-keyword\" href=\"https:\/\/www.suno.com.br\/artigos\/paises-emergentes\/\" target=\"_blank\" rel=\"noopener noreferrer\" data-force=\"no\" data-priority=\"2\">pa\u00edses emergentes<\/a>, avaliou o economista.<\/p>\n<h2>&#8220;D\u00edvida em 80% do PIB n\u00e3o \u00e9 confort\u00e1vel&#8221;<\/h2>\n<p>Ao tratar do risco de racionamento de <strong>energia<\/strong> no Brasil, o <a href=\"https:\/\/statusinvest.com.br\/acoes\/itub4\"><strong>economista-chefe<\/strong> do Ita\u00fa<\/a> avaliou que este \u00e9 um debate frequente em ciclos de atividade aquecida por o sistema tarif\u00e1rio n\u00e3o funcionar, na avalia\u00e7\u00e3o dele, de forma ideal. &#8220;Os pre\u00e7os de energia devem subir estruturalmente no Brasil&#8221;, observou.<\/p>\n<p><strong>Mario Mesquita<\/strong> tamb\u00e9m considerou durante a <em>live<\/em> que, apesar da melhora sobre a percep\u00e7\u00e3o do risco fiscal, o problema do desequil\u00edbrio das contas p\u00fablicas segue presente. Nas contas do <strong>Ita\u00fa Unibanco,<\/strong> a <a class=\"suno-keyword\" href=\"https:\/\/www.suno.com.br\/artigos\/divida-publica\/\" target=\"_blank\" rel=\"noopener noreferrer\" data-force=\"no\" data-priority=\"1\">d\u00edvida p\u00fablica<\/a>, dos quase 90% como propor\u00e7\u00e3o do PIB do ano passado, deve ir para cerca de 82% neste ano, mantendo-se perto deste n\u00edvel em 2022.<\/p>\n<p>&#8220;Ainda \u00e9 um patamar muito alto. D\u00edvida em 80% do <strong>PIB<\/strong> n\u00e3o \u00e9 um patamar confort\u00e1vel, especialmente para um pa\u00eds emergente. O problema fiscal segue com a gente&#8221;, comentou Mesquita, citando que as discuss\u00f5es pol\u00edticas em torno do teto dos gastos do governo suscitam preocupa\u00e7\u00f5es diante da situa\u00e7\u00e3o fiscal considerada &#8220;prec\u00e1ria&#8221;.<\/p>\n<p><em><strong>Com informa\u00e7\u00f5es do Estad\u00e3o Conte\u00fado<\/strong><\/em><\/p>\n\t<p>\n\t\t<a href=\"https:\/\/lp.suno.com.br\/planilha-de-controle-de-investimentos\/\" target=\"_blank\" data-element=\"shortcode-suno-banner\" title=\"Banner SUNO, clique e saiba mais\">\n\t\t\t<picture>\n\t\t\t\t<source media=\"(max-width: 500px)\" srcset=\"https:\/\/files.sunoresearch.com.br\/n\/uploads\/2023\/03\/400x300-Controle-de-Investimentos.png\">\n\t\t\t\t<img class=\"newsContent__article__imgCapa newsContent__article__imgCapa--banner\"\n\t\t\t\t\tsrc=\"https:\/\/files.sunoresearch.com.br\/n\/uploads\/2023\/03\/1420x240-Controle-de-Investimentos.png\"\n\t\t\t\t\tdata-promo-id=\"75934\"\t\t\t\t\t\t\t\t\t\twidth='1420' height='240'\t\t\t\t\talt=\"https:\/\/files.sunoresearch.com.br\/n\/uploads\/2023\/03\/1420x240-Controle-de-Investimentos.png\"\n\t\t\t\t>\n\t\t\t<\/picture>\n\t\t<\/a>\n\t<\/p>\n\n\n","protected":false},"excerpt":{"rendered":"<p>O economista-chefe do Ita\u00fa Unibanco (ITUB4), M\u00e1rio Mesquita, afirmou que a proje\u00e7\u00e3o feita pelo banco para ao crescimento do Produto Interno Bruto (PIB) deste ano \u00e9 de 5,5%, classificando o progn\u00f3stico como alto, mas n\u00e3o desafiador. Foto: Pixabay Segundo o economista, o carrego estat\u00edstico deixado pelo resultado do PIB do primeiro trimestre (1,20%) \u00e9 de [&hellip;]<\/p>\n","protected":false},"author":73,"featured_media":80194,"comment_status":"closed","ping_status":"closed","sticky":false,"template":"","format":"standard","meta":[],"categories":[62],"tags":[106444,1853,326,1886,519,2005,807],"suno_strategy":[],"class_list":["post-164011","post","type-post","status-publish","format-standard","has-post-thumbnail","hentry","category-economia","tag-agencias","tag-cambio","tag-dolar","tag-itau-bba","tag-itau-unibanco-itub3-itub4","tag-mario-mesquita","tag-produto-interno-bruto-pib"],"yoast_head":"<!-- This site is optimized with the Yoast SEO plugin v24.4 - https:\/\/yoast.com\/wordpress\/plugins\/seo\/ -->\n<title>Ita\u00fa (ITUB4): Proje\u00e7\u00e3o de 5,5% para o PIB 2021 \u00e9 alta, n\u00e3o desafiadora<\/title>\n<meta name=\"description\" content=\"Economista-chefe cita que carrego estat\u00edstico deixado pelo resultado do PIB do primeiro trimestre \u00e9 de 4,90%. Clique aqui e leia mais.\" \/>\n<meta name=\"robots\" content=\"index, follow, max-snippet:-1, max-image-preview:large, max-video-preview:-1\" \/>\n<link rel=\"canonical\" href=\"https:\/\/www.suno.com.br\/noticias\/itau-itub4-projecao-pib-2021-alta-desafiadora\/\" \/>\n<meta property=\"og:locale\" content=\"pt_BR\" \/>\n<meta property=\"og:type\" content=\"article\" \/>\n<meta property=\"og:title\" content=\"Ita\u00fa (ITUB4): Proje\u00e7\u00e3o de 5,5% para o PIB 2021 \u00e9 alta, n\u00e3o desafiadora\" \/>\n<meta property=\"og:description\" content=\"Economista-chefe cita que carrego estat\u00edstico deixado pelo resultado do PIB do primeiro trimestre \u00e9 de 4,90%. Clique aqui e leia mais.\" \/>\n<meta property=\"og:url\" content=\"https:\/\/www.suno.com.br\/noticias\/itau-itub4-projecao-pib-2021-alta-desafiadora\/\" \/>\n<meta property=\"og:site_name\" content=\"Suno Not\u00edcias\" \/>\n<meta property=\"article:publisher\" content=\"https:\/\/facebook.com\/sunoresearch\" \/>\n<meta property=\"og:image\" content=\"https:\/\/files.sunoresearch.com.br\/n\/uploads\/2020\/08\/bfc933fb-4096-2731-max.jpg\" \/>\n\t<meta property=\"og:image:width\" content=\"1200\" \/>\n\t<meta property=\"og:image:height\" content=\"800\" \/>\n\t<meta property=\"og:image:type\" content=\"image\/jpeg\" \/>\n<meta name=\"author\" content=\"Eduardo Vargas\" \/>\n<meta name=\"twitter:card\" content=\"summary_large_image\" \/>\n<meta name=\"twitter:creator\" content=\"@sunoresearch\" \/>\n<meta name=\"twitter:site\" content=\"@sunoresearch\" \/>\n<meta name=\"twitter:label1\" content=\"Escrito por\" \/>\n\t<meta name=\"twitter:data1\" content=\"Eduardo Vargas\" \/>\n\t<meta name=\"twitter:label2\" content=\"Est. tempo de leitura\" \/>\n\t<meta name=\"twitter:data2\" content=\"4 minutos\" \/>\n<script type=\"application\/ld+json\" class=\"yoast-schema-graph\">{\"@context\":\"https:\/\/schema.org\",\"@graph\":[{\"@type\":\"NewsArticle\",\"@id\":\"https:\/\/www.suno.com.br\/noticias\/itau-itub4-projecao-pib-2021-alta-desafiadora\/#article\",\"isPartOf\":{\"@id\":\"https:\/\/www.suno.com.br\/noticias\/itau-itub4-projecao-pib-2021-alta-desafiadora\/\"},\"author\":{\"name\":\"Eduardo Vargas\",\"@id\":\"https:\/\/www.suno.com.br\/noticias\/#\/schema\/person\/7f4d362bf3518e76090143ae77bb49a5\"},\"headline\":\"Proje\u00e7\u00e3o de 5,5% para o PIB 2021 \u00e9 alta, mas n\u00e3o desafiadora, diz Mario Mesquita, do Ita\u00fa (ITUB4)\",\"datePublished\":\"2021-07-06T18:45:44+00:00\",\"mainEntityOfPage\":{\"@id\":\"https:\/\/www.suno.com.br\/noticias\/itau-itub4-projecao-pib-2021-alta-desafiadora\/\"},\"wordCount\":750,\"publisher\":{\"@id\":\"https:\/\/www.suno.com.br\/noticias\/#organization\"},\"image\":{\"@id\":\"https:\/\/www.suno.com.br\/noticias\/itau-itub4-projecao-pib-2021-alta-desafiadora\/#primaryimage\"},\"thumbnailUrl\":\"https:\/\/files.sunoresearch.com.br\/n\/uploads\/2020\/08\/bfc933fb-4096-2731-max-jpg.webp\",\"keywords\":[\"Ag\u00eancias\",\"c\u00e2mbio\",\"d\u00f3lar\",\"Ita\u00fa BBA\",\"Ita\u00fa Unibanco (ITUB3\/ITUB4)\",\"M\u00e1rio Mesquita\",\"Produto Interno Bruto (PIB)\"],\"articleSection\":[\"Economia\"],\"inLanguage\":\"pt-BR\"},{\"@type\":\"WebPage\",\"@id\":\"https:\/\/www.suno.com.br\/noticias\/itau-itub4-projecao-pib-2021-alta-desafiadora\/\",\"url\":\"https:\/\/www.suno.com.br\/noticias\/itau-itub4-projecao-pib-2021-alta-desafiadora\/\",\"name\":\"Ita\u00fa (ITUB4): Proje\u00e7\u00e3o de 5,5% para o PIB 2021 \u00e9 alta, n\u00e3o desafiadora\",\"isPartOf\":{\"@id\":\"https:\/\/www.suno.com.br\/noticias\/#website\"},\"primaryImageOfPage\":{\"@id\":\"https:\/\/www.suno.com.br\/noticias\/itau-itub4-projecao-pib-2021-alta-desafiadora\/#primaryimage\"},\"image\":{\"@id\":\"https:\/\/www.suno.com.br\/noticias\/itau-itub4-projecao-pib-2021-alta-desafiadora\/#primaryimage\"},\"thumbnailUrl\":\"https:\/\/files.sunoresearch.com.br\/n\/uploads\/2020\/08\/bfc933fb-4096-2731-max-jpg.webp\",\"datePublished\":\"2021-07-06T18:45:44+00:00\",\"description\":\"Economista-chefe cita que carrego estat\u00edstico deixado pelo resultado do PIB do primeiro trimestre \u00e9 de 4,90%. Clique aqui e leia mais.\",\"breadcrumb\":{\"@id\":\"https:\/\/www.suno.com.br\/noticias\/itau-itub4-projecao-pib-2021-alta-desafiadora\/#breadcrumb\"},\"inLanguage\":\"pt-BR\",\"potentialAction\":[{\"@type\":\"ReadAction\",\"target\":[\"https:\/\/www.suno.com.br\/noticias\/itau-itub4-projecao-pib-2021-alta-desafiadora\/\"]}]},{\"@type\":\"ImageObject\",\"inLanguage\":\"pt-BR\",\"@id\":\"https:\/\/www.suno.com.br\/noticias\/itau-itub4-projecao-pib-2021-alta-desafiadora\/#primaryimage\",\"url\":\"https:\/\/files.sunoresearch.com.br\/n\/uploads\/2020\/08\/bfc933fb-4096-2731-max-jpg.webp\",\"contentUrl\":\"https:\/\/files.sunoresearch.com.br\/n\/uploads\/2020\/08\/bfc933fb-4096-2731-max-jpg.webp\",\"width\":1200,\"height\":800,\"caption\":\"Foto: Pixabay\"},{\"@type\":\"BreadcrumbList\",\"@id\":\"https:\/\/www.suno.com.br\/noticias\/itau-itub4-projecao-pib-2021-alta-desafiadora\/#breadcrumb\",\"itemListElement\":[{\"@type\":\"ListItem\",\"position\":1,\"name\":\"Not\u00edcias\",\"item\":\"https:\/\/www.suno.com.br\/noticias\/\"},{\"@type\":\"ListItem\",\"position\":2,\"name\":\"Economia\",\"item\":\"https:\/\/www.suno.com.br\/noticias\/economia\/\"},{\"@type\":\"ListItem\",\"position\":3,\"name\":\"Proje\u00e7\u00e3o de 5,5% para o PIB 2021 \u00e9 alta, mas n\u00e3o desafiadora, diz Mario Mesquita, do Ita\u00fa (ITUB4)\"}]},{\"@type\":\"WebSite\",\"@id\":\"https:\/\/www.suno.com.br\/noticias\/#website\",\"url\":\"https:\/\/www.suno.com.br\/noticias\/\",\"name\":\"Suno Not\u00edcias\",\"description\":\"Seu portal de informa\u00e7\u00e3o sobre o mundo dos investimentos\",\"publisher\":{\"@id\":\"https:\/\/www.suno.com.br\/noticias\/#organization\"},\"potentialAction\":[{\"@type\":\"SearchAction\",\"target\":{\"@type\":\"EntryPoint\",\"urlTemplate\":\"https:\/\/www.suno.com.br\/noticias\/?s={search_term_string}\"},\"query-input\":{\"@type\":\"PropertyValueSpecification\",\"valueRequired\":true,\"valueName\":\"search_term_string\"}}],\"inLanguage\":\"pt-BR\"},{\"@type\":\"Organization\",\"@id\":\"https:\/\/www.suno.com.br\/noticias\/#organization\",\"name\":\"Suno Not\u00edcias\",\"url\":\"https:\/\/www.suno.com.br\/noticias\/\",\"logo\":{\"@type\":\"ImageObject\",\"inLanguage\":\"pt-BR\",\"@id\":\"https:\/\/www.suno.com.br\/noticias\/#\/schema\/logo\/image\/\",\"url\":\"https:\/\/files.sunoresearch.com.br\/n\/uploads\/2021\/09\/suno-logo.png\",\"contentUrl\":\"https:\/\/files.sunoresearch.com.br\/n\/uploads\/2021\/09\/suno-logo.png\",\"width\":180,\"height\":180,\"caption\":\"Suno Not\u00edcias\"},\"image\":{\"@id\":\"https:\/\/www.suno.com.br\/noticias\/#\/schema\/logo\/image\/\"},\"sameAs\":[\"https:\/\/facebook.com\/sunoresearch\",\"https:\/\/x.com\/sunoresearch\",\"https:\/\/www.instagram.com\/suno\",\"https:\/\/www.linkedin.com\/company\/suno-research\/\",\"https:\/\/www.youtube.com\/c\/sunoresearch\"]},{\"@type\":\"Person\",\"@id\":\"https:\/\/www.suno.com.br\/noticias\/#\/schema\/person\/7f4d362bf3518e76090143ae77bb49a5\",\"name\":\"Eduardo Vargas\",\"image\":{\"@type\":\"ImageObject\",\"inLanguage\":\"pt-BR\",\"@id\":\"https:\/\/www.suno.com.br\/noticias\/#\/schema\/person\/image\/\",\"url\":\"https:\/\/secure.gravatar.com\/avatar\/dac340933427a22924c9f99d1eb2e3f2?s=96&r=g\",\"contentUrl\":\"https:\/\/secure.gravatar.com\/avatar\/dac340933427a22924c9f99d1eb2e3f2?s=96&r=g\",\"caption\":\"Eduardo Vargas\"},\"description\":\"Jornalista formado pela UFSC, cobre macroeconomia, neg\u00f3cios e startups para o Suno Not\u00edcias, escrevendo principalmente not\u00edcias sobre o mercado financeiro e a bolsa de valores. No YouTube e no Instagram, \u00e9 respons\u00e1vel pela produ\u00e7\u00e3o de Reels e Shorts do Suno Not\u00edcias. Anteriormente, trabalhou cobrindo economia e cotidiano no ND+ e para o ND, maior jornal impresso de Santa Catarina. Cursou um semestre letivo de Estudos de M\u00eddia na Universidad de Buenos Aires.\",\"url\":\"https:\/\/www.suno.com.br\/noticias\/author\/eduardo-vargas\/\"}]}<\/script>\n<!-- \/ Yoast SEO plugin. -->","yoast_head_json":{"title":"Ita\u00fa (ITUB4): Proje\u00e7\u00e3o de 5,5% para o PIB 2021 \u00e9 alta, n\u00e3o desafiadora","description":"Economista-chefe cita que carrego estat\u00edstico deixado pelo resultado do PIB do primeiro trimestre \u00e9 de 4,90%. Clique aqui e leia mais.","robots":{"index":"index","follow":"follow","max-snippet":"max-snippet:-1","max-image-preview":"max-image-preview:large","max-video-preview":"max-video-preview:-1"},"canonical":"https:\/\/www.suno.com.br\/noticias\/itau-itub4-projecao-pib-2021-alta-desafiadora\/","og_locale":"pt_BR","og_type":"article","og_title":"Ita\u00fa (ITUB4): Proje\u00e7\u00e3o de 5,5% para o PIB 2021 \u00e9 alta, n\u00e3o desafiadora","og_description":"Economista-chefe cita que carrego estat\u00edstico deixado pelo resultado do PIB do primeiro trimestre \u00e9 de 4,90%. Clique aqui e leia mais.","og_url":"https:\/\/www.suno.com.br\/noticias\/itau-itub4-projecao-pib-2021-alta-desafiadora\/","og_site_name":"Suno Not\u00edcias","article_publisher":"https:\/\/facebook.com\/sunoresearch","og_image":[{"width":1200,"height":800,"url":"https:\/\/files.sunoresearch.com.br\/n\/uploads\/2020\/08\/bfc933fb-4096-2731-max.jpg","type":"image\/jpeg"}],"author":"Eduardo Vargas","twitter_card":"summary_large_image","twitter_creator":"@sunoresearch","twitter_site":"@sunoresearch","twitter_misc":{"Escrito por":"Eduardo Vargas","Est. tempo de leitura":"4 minutos"},"schema":{"@context":"https:\/\/schema.org","@graph":[{"@type":"NewsArticle","@id":"https:\/\/www.suno.com.br\/noticias\/itau-itub4-projecao-pib-2021-alta-desafiadora\/#article","isPartOf":{"@id":"https:\/\/www.suno.com.br\/noticias\/itau-itub4-projecao-pib-2021-alta-desafiadora\/"},"author":{"name":"Eduardo Vargas","@id":"https:\/\/www.suno.com.br\/noticias\/#\/schema\/person\/7f4d362bf3518e76090143ae77bb49a5"},"headline":"Proje\u00e7\u00e3o de 5,5% para o PIB 2021 \u00e9 alta, mas n\u00e3o desafiadora, diz Mario Mesquita, do Ita\u00fa (ITUB4)","datePublished":"2021-07-06T18:45:44+00:00","mainEntityOfPage":{"@id":"https:\/\/www.suno.com.br\/noticias\/itau-itub4-projecao-pib-2021-alta-desafiadora\/"},"wordCount":750,"publisher":{"@id":"https:\/\/www.suno.com.br\/noticias\/#organization"},"image":{"@id":"https:\/\/www.suno.com.br\/noticias\/itau-itub4-projecao-pib-2021-alta-desafiadora\/#primaryimage"},"thumbnailUrl":"https:\/\/files.sunoresearch.com.br\/n\/uploads\/2020\/08\/bfc933fb-4096-2731-max-jpg.webp","keywords":["Ag\u00eancias","c\u00e2mbio","d\u00f3lar","Ita\u00fa BBA","Ita\u00fa Unibanco (ITUB3\/ITUB4)","M\u00e1rio Mesquita","Produto Interno Bruto (PIB)"],"articleSection":["Economia"],"inLanguage":"pt-BR"},{"@type":"WebPage","@id":"https:\/\/www.suno.com.br\/noticias\/itau-itub4-projecao-pib-2021-alta-desafiadora\/","url":"https:\/\/www.suno.com.br\/noticias\/itau-itub4-projecao-pib-2021-alta-desafiadora\/","name":"Ita\u00fa (ITUB4): Proje\u00e7\u00e3o de 5,5% para o PIB 2021 \u00e9 alta, n\u00e3o desafiadora","isPartOf":{"@id":"https:\/\/www.suno.com.br\/noticias\/#website"},"primaryImageOfPage":{"@id":"https:\/\/www.suno.com.br\/noticias\/itau-itub4-projecao-pib-2021-alta-desafiadora\/#primaryimage"},"image":{"@id":"https:\/\/www.suno.com.br\/noticias\/itau-itub4-projecao-pib-2021-alta-desafiadora\/#primaryimage"},"thumbnailUrl":"https:\/\/files.sunoresearch.com.br\/n\/uploads\/2020\/08\/bfc933fb-4096-2731-max-jpg.webp","datePublished":"2021-07-06T18:45:44+00:00","description":"Economista-chefe cita que carrego estat\u00edstico deixado pelo resultado do PIB do primeiro trimestre \u00e9 de 4,90%. Clique aqui e leia mais.","breadcrumb":{"@id":"https:\/\/www.suno.com.br\/noticias\/itau-itub4-projecao-pib-2021-alta-desafiadora\/#breadcrumb"},"inLanguage":"pt-BR","potentialAction":[{"@type":"ReadAction","target":["https:\/\/www.suno.com.br\/noticias\/itau-itub4-projecao-pib-2021-alta-desafiadora\/"]}]},{"@type":"ImageObject","inLanguage":"pt-BR","@id":"https:\/\/www.suno.com.br\/noticias\/itau-itub4-projecao-pib-2021-alta-desafiadora\/#primaryimage","url":"https:\/\/files.sunoresearch.com.br\/n\/uploads\/2020\/08\/bfc933fb-4096-2731-max-jpg.webp","contentUrl":"https:\/\/files.sunoresearch.com.br\/n\/uploads\/2020\/08\/bfc933fb-4096-2731-max-jpg.webp","width":1200,"height":800,"caption":"Foto: Pixabay"},{"@type":"BreadcrumbList","@id":"https:\/\/www.suno.com.br\/noticias\/itau-itub4-projecao-pib-2021-alta-desafiadora\/#breadcrumb","itemListElement":[{"@type":"ListItem","position":1,"name":"Not\u00edcias","item":"https:\/\/www.suno.com.br\/noticias\/"},{"@type":"ListItem","position":2,"name":"Economia","item":"https:\/\/www.suno.com.br\/noticias\/economia\/"},{"@type":"ListItem","position":3,"name":"Proje\u00e7\u00e3o de 5,5% para o PIB 2021 \u00e9 alta, mas n\u00e3o desafiadora, diz Mario Mesquita, do Ita\u00fa (ITUB4)"}]},{"@type":"WebSite","@id":"https:\/\/www.suno.com.br\/noticias\/#website","url":"https:\/\/www.suno.com.br\/noticias\/","name":"Suno Not\u00edcias","description":"Seu portal de informa\u00e7\u00e3o sobre o mundo dos investimentos","publisher":{"@id":"https:\/\/www.suno.com.br\/noticias\/#organization"},"potentialAction":[{"@type":"SearchAction","target":{"@type":"EntryPoint","urlTemplate":"https:\/\/www.suno.com.br\/noticias\/?s={search_term_string}"},"query-input":{"@type":"PropertyValueSpecification","valueRequired":true,"valueName":"search_term_string"}}],"inLanguage":"pt-BR"},{"@type":"Organization","@id":"https:\/\/www.suno.com.br\/noticias\/#organization","name":"Suno Not\u00edcias","url":"https:\/\/www.suno.com.br\/noticias\/","logo":{"@type":"ImageObject","inLanguage":"pt-BR","@id":"https:\/\/www.suno.com.br\/noticias\/#\/schema\/logo\/image\/","url":"https:\/\/files.sunoresearch.com.br\/n\/uploads\/2021\/09\/suno-logo.png","contentUrl":"https:\/\/files.sunoresearch.com.br\/n\/uploads\/2021\/09\/suno-logo.png","width":180,"height":180,"caption":"Suno Not\u00edcias"},"image":{"@id":"https:\/\/www.suno.com.br\/noticias\/#\/schema\/logo\/image\/"},"sameAs":["https:\/\/facebook.com\/sunoresearch","https:\/\/x.com\/sunoresearch","https:\/\/www.instagram.com\/suno","https:\/\/www.linkedin.com\/company\/suno-research\/","https:\/\/www.youtube.com\/c\/sunoresearch"]},{"@type":"Person","@id":"https:\/\/www.suno.com.br\/noticias\/#\/schema\/person\/7f4d362bf3518e76090143ae77bb49a5","name":"Eduardo Vargas","image":{"@type":"ImageObject","inLanguage":"pt-BR","@id":"https:\/\/www.suno.com.br\/noticias\/#\/schema\/person\/image\/","url":"https:\/\/secure.gravatar.com\/avatar\/dac340933427a22924c9f99d1eb2e3f2?s=96&r=g","contentUrl":"https:\/\/secure.gravatar.com\/avatar\/dac340933427a22924c9f99d1eb2e3f2?s=96&r=g","caption":"Eduardo Vargas"},"description":"Jornalista formado pela UFSC, cobre macroeconomia, neg\u00f3cios e startups para o Suno Not\u00edcias, escrevendo principalmente not\u00edcias sobre o mercado financeiro e a bolsa de valores. No YouTube e no Instagram, \u00e9 respons\u00e1vel pela produ\u00e7\u00e3o de Reels e Shorts do Suno Not\u00edcias. Anteriormente, trabalhou cobrindo economia e cotidiano no ND+ e para o ND, maior jornal impresso de Santa Catarina. Cursou um semestre letivo de Estudos de M\u00eddia na Universidad de Buenos Aires.","url":"https:\/\/www.suno.com.br\/noticias\/author\/eduardo-vargas\/"}]}},"default_loop_html":"<div class=\"cardsPage__listCard__boxs\"><div class=\"cardsPage__listCard__boxs__img\"><a href=\"https:\/\/www.suno.com.br\/noticias\/itau-itub4-projecao-pib-2021-alta-desafiadora\/\"><img class=\"mask\" src=\"https:\/\/www.suno.com.br\/noticias\/wp-content\/themes\/suno\/resources\/images\/spotlight\/spotlight1img\/bg-mask.png\" alt=\"Image Mask\"\/><img src=\"https:\/\/files.sunoresearch.com.br\/n\/uploads\/2020\/08\/bfc933fb-4096-2731-max-400x200.webp\" alt=\"Proje\u00e7\u00e3o de 5,5% para o PIB 2021 \u00e9 alta, mas n\u00e3o desafiadora, diz Mario Mesquita, do Ita\u00fa (ITUB4)\"\/><\/a><span class=\"spotlightCategory\"><a href=\"https:\/\/www.suno.com.br\/noticias\/economia\/\">Economia<\/a><\/span><\/div><div class=\"cardsPage__listCard__boxs__content\"><a href=\"https:\/\/www.suno.com.br\/noticias\/itau-itub4-projecao-pib-2021-alta-desafiadora\/\"><h2 class=\"content__title\">Proje\u00e7\u00e3o de 5,5% para o PIB 2021 \u00e9 alta, mas n\u00e3o desafiadora, diz Mario Mesquita, do Ita\u00fa (ITUB4)<\/h2><\/a><div class=\"newsContent__article__meta\"><div class=\"newsContent__article__meta__authorBox\"><a href=\"https:\/\/www.suno.com.br\/noticias\/author\/eduardo-vargas\/\" class=\"authorBox__avatar noMobi\"><img src=\"https:\/\/secure.gravatar.com\/avatar\/dac340933427a22924c9f99d1eb2e3f2?s=96&#038;r=g\" alt=\"Eduardo Vargas\"><\/a><div class=\"authorBox__name\"><span>por\n\t\t\t<a href=\"https:\/\/www.suno.com.br\/noticias\/author\/eduardo-vargas\/\"><span itemprop=\"author\">Eduardo Vargas<\/span><\/a><\/span><time datetime=\"2021-07-06T15:45:44-03:00\" itemprop=\"datePublished\">06\/07\/2021 15:45<\/time><\/div><\/div><\/div><\/div><\/div>","single_layout":"posts","amp_enabled":true,"_links":{"self":[{"href":"https:\/\/www.suno.com.br\/noticias\/wp-json\/wp\/v2\/posts\/164011"}],"collection":[{"href":"https:\/\/www.suno.com.br\/noticias\/wp-json\/wp\/v2\/posts"}],"about":[{"href":"https:\/\/www.suno.com.br\/noticias\/wp-json\/wp\/v2\/types\/post"}],"author":[{"embeddable":true,"href":"https:\/\/www.suno.com.br\/noticias\/wp-json\/wp\/v2\/users\/73"}],"replies":[{"embeddable":true,"href":"https:\/\/www.suno.com.br\/noticias\/wp-json\/wp\/v2\/comments?post=164011"}],"version-history":[{"count":4,"href":"https:\/\/www.suno.com.br\/noticias\/wp-json\/wp\/v2\/posts\/164011\/revisions"}],"predecessor-version":[{"id":164064,"href":"https:\/\/www.suno.com.br\/noticias\/wp-json\/wp\/v2\/posts\/164011\/revisions\/164064"}],"wp:featuredmedia":[{"embeddable":true,"href":"https:\/\/www.suno.com.br\/noticias\/wp-json\/wp\/v2\/media\/80194"}],"wp:attachment":[{"href":"https:\/\/www.suno.com.br\/noticias\/wp-json\/wp\/v2\/media?parent=164011"}],"wp:term":[{"taxonomy":"category","embeddable":true,"href":"https:\/\/www.suno.com.br\/noticias\/wp-json\/wp\/v2\/categories?post=164011"},{"taxonomy":"post_tag","embeddable":true,"href":"https:\/\/www.suno.com.br\/noticias\/wp-json\/wp\/v2\/tags?post=164011"},{"taxonomy":"suno_strategy","embeddable":true,"href":"https:\/\/www.suno.com.br\/noticias\/wp-json\/wp\/v2\/suno_strategy?post=164011"}],"curies":[{"name":"wp","href":"https:\/\/api.w.org\/{rel}","templated":true}]}}