{"id":16397,"date":"2019-02-23T14:30:39","date_gmt":"2019-02-23T17:30:39","guid":{"rendered":"https:\/\/www.suno.com.br\/noticias\/?p=16397"},"modified":"2019-02-23T14:38:05","modified_gmt":"2019-02-23T17:38:05","slug":"venezuela-colombia-fronteira-confronto-feridos","status":"publish","type":"post","link":"https:\/\/www.suno.com.br\/noticias\/venezuela-colombia-fronteira-confronto-feridos\/","title":{"rendered":"Fechamento da fronteira da Venezuela com a Col\u00f4mbia gera confronto"},"content":{"rendered":"<p>A <strong>Venezuela<\/strong> registra, neste s\u00e1bado (23), diversos <strong>protestos<\/strong> e <strong>manifesta\u00e7\u00f5es<\/strong>, com confronto, na <strong>fronteira<\/strong> com a <strong>Col\u00f4mbia<\/strong>. O fechamento da fronteira dos dois pa\u00edses foi determinado ontem pelo <strong>governo venezuelano<\/strong>.<\/p>\t<div class=\"wrapper-featured-image\">\n\t\t<figure class=\"spotlightImg\">\n\n\t\t\t<picture>\n\t\t\t\t<source media=\"(max-width: 768px)\" srcset=\"https:\/\/files.sunoresearch.com.br\/n\/uploads\/2018\/12\/9b661247-nicol\u00e1s-maduro-400x200.webp\">\n\t\t\t\t<img loading=\"lazy\" decoding=\"async\" class=\"newsContent__article__imgCapa lazyloadDisabled newsContent__article__imgCapa--noCaption\" src=\"https:\/\/files.sunoresearch.com.br\/n\/uploads\/2018\/12\/9b661247-nicol\u00e1s-maduro-800x450.webp\" width=\"800\" height=\"450\" alt=\"Fechamento da fronteira da Venezuela com a Col\u00f4mbia gera confronto\" fetchpriority=high \/>\n\t\t\t<\/picture>\n\n\t\t\t<figcaption class=\"wp-caption-text wp-caption-text--hide\">Presidente da Venezuela Nicol\u00e1s Maduro. (divulga\u00e7\u00e3o)<\/figcaption>\n\t\t<\/figure>\n\t<\/div>\n\n\n<p>\u201cO <strong>Governo Bolivariano<\/strong> informa \u00e0 popula\u00e7\u00e3o que, devido \u00e0s graves e ilegais amea\u00e7as tentadas pelo governo da <strong>Col\u00f4mbia<\/strong> contra a paz e a soberania da <strong>Venezuela<\/strong>, tomou a decis\u00e3o de um <strong>fechamento total tempor\u00e1rio<\/strong> das pontes Sim\u00f3n Bol\u00edvar, Santander e Uni\u00e3o\u201d, publicou a vice-presidente <strong>Delcy Rodr\u00edguez<\/strong>, em sua conta do Twitter.<\/p>\n<p class=\"twitter-tweet\" data-lang=\"pt\">\n<p dir=\"ltr\" lang=\"es\">El Gobierno Bolivariano informa a la poblaci\u00f3n que, debido a las serias e ilegales amenazas intentadas por el Gobierno de Colombia contra La Paz y la soberan\u00eda de Venezuela, ha tomado la decisi\u00f3n de un cierre total temporal de los puentes Sim\u00f3n Bol\u00edvar, Santander y Uni\u00f3n!<\/p>\n<p>\u2014 Delcy Rodr\u00edguez (@DrodriguezVen) <a href=\"https:\/\/twitter.com\/DrodriguezVen\/status\/1099128141111537664?ref_src=twsrc%5Etfw\">23 de fevereiro de 2019<\/a><\/p>\n<p><script async=\"\" src=\"https:\/\/platform.twitter.com\/widgets.js\" charset=\"utf-8\"><\/script><\/p>\n<p>Assim, cerca de 200 <strong>militares<\/strong> venezuelanos usaram g\u00e1s lacrimog\u00eaneo e balas de borracha contra dezenas de pessoas que tentavam chegar \u00e0 cidade colombiana <strong>C\u00facuta<\/strong>. Por meio de uma ponte fronteiri\u00e7a em <strong>Ure\u00f1a<\/strong>, no estado de <strong>T\u00e1chira<\/strong>.<\/p>\n<p>Em retalia\u00e7\u00e3o, <strong>manifestantes<\/strong> atearam <strong>fogo<\/strong> em um \u00f4nibus p\u00fablico, e queimaram tamb\u00e9m uma casa pr\u00f3xima.<\/p>\n<p><a href=\"https:\/\/www.suno.com.br\/noticias\/roraima-venezuela-colombia-conflito-feridos\/\">Saiba mais &#8211; Roraima atende 13 feridos do confronto na fronteira com a Venezuela<\/a><\/p>\n<h2>Militares venezuelanos deixam seus postos<\/h2>\n<p>De acordo com a &#8220;Veja&#8221;, quatro militares venezuelanos deixaram seus postos, neste s\u00e1bado. Tr\u00eas membros da <strong>For\u00e7a Armada Nacional da Rep\u00fablica Bolivariana da Venezuela<\/strong> (FANB) abandonaram seus postos na fronteira do pa\u00eds com a Col\u00f4mbia.<\/p>\n<p>Os <strong>militares<\/strong> estariam bloqueando a regi\u00e3o, e se renderam a um grupo civil que tentava atravessar a <strong>fronteira<\/strong>. A <strong>FANB<\/strong> n\u00e3o se pronunciou sobre o assunto.<\/p>\n<p>Um sargento da <strong>Guarda Nacional Bolivariana<\/strong> desertou depois de atravessar outra ponte que liga <strong>C\u00facuta<\/strong>, cidade colombiana, \u00e0 <strong>Venezuela<\/strong>.<\/p>\n<h2>Juan Guaid\u00f3 convoca manifesta\u00e7\u00f5es<\/h2>\n<p>Em sua conta do Twitter, o <strong>autodeclarado presidente interino da Venezuela<\/strong>, <strong>Juan Guaid\u00f3<\/strong>, convocou a popula\u00e7\u00e3o se manifestar em massa pelas ruas do pa\u00eds, neste s\u00e1bado (23).<\/p>\n<p>O objetivo \u00e9 pressionar as for\u00e7as do ditador <strong>Nicol\u00e1s Maduro<\/strong> a deixar que caminh\u00f5es com <strong>ajuda humanit\u00e1ria<\/strong>.<\/p>\n<p class=\"twitter-tweet\" data-conversation=\"none\" data-lang=\"pt\">\n<p dir=\"ltr\" lang=\"es\">Convocamos a todos a salir masivamente a la calle en todo el pa\u00eds, a manifestarse en paz en los cuarteles para exigirle a la <a href=\"https:\/\/twitter.com\/hashtag\/FANB?src=hash&amp;ref_src=twsrc%5Etfw\">#FANB<\/a> que deje pasar la ayuda humanitaria.<\/p>\n<p>Hagamos que hoy se escuche el clamor de todo un pueblo que quiere vida, futuro y libertad.<\/p>\n<p>\u2014 Juan Guaid\u00f3 (@jguaido) <a href=\"https:\/\/twitter.com\/jguaido\/status\/1099278810028142593?ref_src=twsrc%5Etfw\">23 de fevereiro de 2019<\/a><\/p>\n<p><script async=\"\" src=\"https:\/\/platform.twitter.com\/widgets.js\" charset=\"utf-8\"><\/script><\/p>\n<p>&#8220;Convocamos todos a sair massivamente pelas ruas em todo o pa\u00eds, a manifestar-se em paz para exigir a #FANB que deixe passar a <strong>ajuda humanit\u00e1ria<\/strong>. Vamos fazer hoje o grito de todo um povo que quer vida, futuro e liberdade&#8221;, declarou Juan Guaid\u00f3 em sua conta do Twitter.<\/p>\n<p><a href=\"https:\/\/www.suno.com.br\/noticias\/brasil-reconhece-juan-guaido-como-presidente-interino-da-venezuela\/\">Saiba mais &#8211; Brasil reconhece Juan Guaid\u00f3 como presidente interino da<strong> Venezuela<\/strong><\/a><\/p>\n<h2>Ajuda Humanit\u00e1ria do Brasil<\/h2>\n<p>O ministro das Rela\u00e7\u00f5es Exteriores do Brasil, <strong>Ernesto Ara\u00fajo<\/strong>, afirmou neste s\u00e1bado que aguarda que as for\u00e7as venezuelanas permitam que o pa\u00eds receba a <strong>ajuda humanit\u00e1ria<\/strong>.<\/p>\n<p>O ditador venezuelano, Nicol\u00e1s Maduro, determinou o fechamento da fronteira sul do pa\u00eds na \u00faltima quinta-feira (21).<\/p>\n<p>\u201cA partir das 20h [21h no hor\u00e1rio de Bras\u00edlia] de hoje, quinta-feira, 21 de fevereiro fica <strong>fechada total e absolutamente<\/strong> at\u00e9 novo aviso, a <strong>fronteira<\/strong> com o <strong>Brasil<\/strong>. Vale mais prevenir do que lamentar\u201d, declarou o ditador da <strong>Venezuela<\/strong>, <strong>Nicol\u00e1s Maduro<\/strong>.<\/p>\n<p>&#8220;Estamos na expectativa de que se permita o ingresso na <strong>Venezuela<\/strong>. No momento n\u00e3o temos expectativa de nenhum <strong>confronto<\/strong>. Temos a expectativa do momento de chegada, que nesse momento, uma luz se acenda e se abra a <strong>fronteira<\/strong>. Se n\u00e3o abrir, vamos consultar os representantes venezuelanos para ver o que fazer com esse carregamento&#8221;, afirmou o ministro.<\/p>\n<p><strong>Ernesto Ara\u00fajo<\/strong> est\u00e1 em <strong>Pacaraima<\/strong>, em <strong>Roraima<\/strong>, cidade pela qual milhares de venezuelanos entraram no <strong>Brasil<\/strong> para fugir da <strong>crise<\/strong>.<\/p>\n<p>Dentre os itens oferecidos no plano de <strong>ajuda humanit\u00e1ria<\/strong>, est\u00e3o:<\/p>\n<ul>\n<li>Kits emergenciais de <strong>sa\u00fade<\/strong>, doados pelo Minist\u00e9rio da Sa\u00fade, compostos de <strong>medicamentos<\/strong> para doen\u00e7as de baixa complexidade. H\u00e1 analg\u00e9sicos, <strong>antibi\u00f3ticos<\/strong> e insumos hospitalares, suficientes para auxiliar 6.000 pessoas e podem durar um m\u00eas.<\/li>\n<li><strong>Arroz<\/strong> doado pelo governo dos Estados Unidos.<\/li>\n<li><strong>Leite em p\u00f3<\/strong> doado pelo governo brasileiro.<\/li>\n<\/ul>\n<p><a href=\"https:\/\/www.suno.com.br\/noticias\/guaido-china-russia\/\">Saiba mais &#8211; Guaid\u00f3 diz que troca de governo na <strong>Venezuela<\/strong> favorecer\u00e1 China e R\u00fassia<\/a><\/p>\n<p>O fechamento com a fronteira do Brasil gerou <strong>confronto<\/strong> entre <strong>militares<\/strong> e um grupo de <strong>ind\u00edgenas<\/strong> resistentes da <strong>Venezuela<\/strong>. A ind\u00edgena <strong>Zorayda Rodriguez <\/strong>foi morta no confronto.<\/p>\n","protected":false},"excerpt":{"rendered":"<p>A Venezuela registra, neste s\u00e1bado (23), diversos protestos e manifesta\u00e7\u00f5es, com confronto, na fronteira com a Col\u00f4mbia. O fechamento da fronteira dos dois pa\u00edses foi determinado ontem pelo governo venezuelano. Presidente da Venezuela Nicol\u00e1s Maduro. (divulga\u00e7\u00e3o) \u201cO Governo Bolivariano informa \u00e0 popula\u00e7\u00e3o que, devido \u00e0s graves e ilegais amea\u00e7as tentadas pelo governo da Col\u00f4mbia contra [&hellip;]<\/p>\n","protected":false},"author":12,"featured_media":9247,"comment_status":"closed","ping_status":"closed","sticky":false,"template":"","format":"standard","meta":[],"categories":[63],"tags":[1125,805,804],"suno_strategy":[],"class_list":["post-16397","post","type-post","status-publish","format-standard","has-post-thumbnail","hentry","category-internacional","tag-juan-guaido","tag-nicolas-maduro","tag-venezuela"],"yoast_head":"<!-- This site is optimized with the Yoast SEO plugin v24.4 - https:\/\/yoast.com\/wordpress\/plugins\/seo\/ -->\n<title>Fechamento da fronteira da Venezuela com a Col\u00f4mbia gera confronto<\/title>\n<meta name=\"description\" content=\"A Venezuela registra, neste s\u00e1bado, diversos protestos e manifesta\u00e7\u00f5es, com confronto, na fronteira com a Col\u00f4mbia. Clique para saber mais.\" \/>\n<meta name=\"robots\" content=\"index, follow, max-snippet:-1, max-image-preview:large, max-video-preview:-1\" \/>\n<link rel=\"canonical\" href=\"https:\/\/www.suno.com.br\/noticias\/venezuela-colombia-fronteira-confronto-feridos\/\" \/>\n<meta property=\"og:locale\" content=\"pt_BR\" \/>\n<meta property=\"og:type\" content=\"article\" \/>\n<meta property=\"og:title\" content=\"Fechamento da fronteira da Venezuela com a Col\u00f4mbia gera confronto\" \/>\n<meta property=\"og:description\" content=\"A Venezuela registra, neste s\u00e1bado, diversos protestos e manifesta\u00e7\u00f5es, com confronto, na fronteira com a Col\u00f4mbia. Clique para saber mais.\" \/>\n<meta property=\"og:url\" content=\"https:\/\/www.suno.com.br\/noticias\/venezuela-colombia-fronteira-confronto-feridos\/\" \/>\n<meta property=\"og:site_name\" content=\"Suno Not\u00edcias\" \/>\n<meta property=\"article:publisher\" content=\"https:\/\/facebook.com\/sunoresearch\" \/>\n<meta property=\"og:image\" content=\"https:\/\/files.sunoresearch.com.br\/n\/uploads\/2018\/12\/9b661247-nicol\u00e1s-maduro.jpeg\" \/>\n\t<meta property=\"og:image:width\" content=\"940\" \/>\n\t<meta property=\"og:image:height\" content=\"580\" \/>\n\t<meta property=\"og:image:type\" content=\"image\/jpeg\" \/>\n<meta name=\"author\" content=\"Amanda Gushiken\" \/>\n<meta name=\"twitter:card\" content=\"summary_large_image\" \/>\n<meta name=\"twitter:creator\" content=\"@sunoresearch\" \/>\n<meta name=\"twitter:site\" content=\"@sunoresearch\" \/>\n<meta name=\"twitter:label1\" content=\"Escrito por\" \/>\n\t<meta name=\"twitter:data1\" content=\"Amanda Gushiken\" \/>\n\t<meta name=\"twitter:label2\" content=\"Est. tempo de leitura\" \/>\n\t<meta name=\"twitter:data2\" content=\"4 minutos\" \/>\n<script type=\"application\/ld+json\" class=\"yoast-schema-graph\">{\"@context\":\"https:\/\/schema.org\",\"@graph\":[{\"@type\":\"NewsArticle\",\"@id\":\"https:\/\/www.suno.com.br\/noticias\/venezuela-colombia-fronteira-confronto-feridos\/#article\",\"isPartOf\":{\"@id\":\"https:\/\/www.suno.com.br\/noticias\/venezuela-colombia-fronteira-confronto-feridos\/\"},\"author\":{\"name\":\"Amanda Gushiken\",\"@id\":\"https:\/\/www.suno.com.br\/noticias\/#\/schema\/person\/a5b06fa4e879d8e8e119c6ed3cd630d1\"},\"headline\":\"Fechamento da fronteira da Venezuela com a Col\u00f4mbia gera confronto\",\"datePublished\":\"2019-02-23T17:30:39+00:00\",\"dateModified\":\"2019-02-23T17:38:05+00:00\",\"mainEntityOfPage\":{\"@id\":\"https:\/\/www.suno.com.br\/noticias\/venezuela-colombia-fronteira-confronto-feridos\/\"},\"wordCount\":786,\"publisher\":{\"@id\":\"https:\/\/www.suno.com.br\/noticias\/#organization\"},\"image\":{\"@id\":\"https:\/\/www.suno.com.br\/noticias\/venezuela-colombia-fronteira-confronto-feridos\/#primaryimage\"},\"thumbnailUrl\":\"https:\/\/files.sunoresearch.com.br\/n\/uploads\/2018\/12\/9b661247-nicol\u00e1s-maduro-jpeg.webp\",\"keywords\":[\"Juan Guaid\u00f3\",\"Nicol\u00e1s Maduro\",\"Venezuela\"],\"articleSection\":[\"Internacional\"],\"inLanguage\":\"pt-BR\"},{\"@type\":\"WebPage\",\"@id\":\"https:\/\/www.suno.com.br\/noticias\/venezuela-colombia-fronteira-confronto-feridos\/\",\"url\":\"https:\/\/www.suno.com.br\/noticias\/venezuela-colombia-fronteira-confronto-feridos\/\",\"name\":\"Fechamento da fronteira da Venezuela com a Col\u00f4mbia gera confronto\",\"isPartOf\":{\"@id\":\"https:\/\/www.suno.com.br\/noticias\/#website\"},\"primaryImageOfPage\":{\"@id\":\"https:\/\/www.suno.com.br\/noticias\/venezuela-colombia-fronteira-confronto-feridos\/#primaryimage\"},\"image\":{\"@id\":\"https:\/\/www.suno.com.br\/noticias\/venezuela-colombia-fronteira-confronto-feridos\/#primaryimage\"},\"thumbnailUrl\":\"https:\/\/files.sunoresearch.com.br\/n\/uploads\/2018\/12\/9b661247-nicol\u00e1s-maduro-jpeg.webp\",\"datePublished\":\"2019-02-23T17:30:39+00:00\",\"dateModified\":\"2019-02-23T17:38:05+00:00\",\"description\":\"A Venezuela registra, neste s\u00e1bado, diversos protestos e manifesta\u00e7\u00f5es, com confronto, na fronteira com a Col\u00f4mbia. Clique para saber mais.\",\"breadcrumb\":{\"@id\":\"https:\/\/www.suno.com.br\/noticias\/venezuela-colombia-fronteira-confronto-feridos\/#breadcrumb\"},\"inLanguage\":\"pt-BR\",\"potentialAction\":[{\"@type\":\"ReadAction\",\"target\":[\"https:\/\/www.suno.com.br\/noticias\/venezuela-colombia-fronteira-confronto-feridos\/\"]}]},{\"@type\":\"ImageObject\",\"inLanguage\":\"pt-BR\",\"@id\":\"https:\/\/www.suno.com.br\/noticias\/venezuela-colombia-fronteira-confronto-feridos\/#primaryimage\",\"url\":\"https:\/\/files.sunoresearch.com.br\/n\/uploads\/2018\/12\/9b661247-nicol\u00e1s-maduro-jpeg.webp\",\"contentUrl\":\"https:\/\/files.sunoresearch.com.br\/n\/uploads\/2018\/12\/9b661247-nicol\u00e1s-maduro-jpeg.webp\",\"width\":940,\"height\":580,\"caption\":\"Presidente da Venezuela Nicol\u00e1s Maduro. (divulga\u00e7\u00e3o)\"},{\"@type\":\"BreadcrumbList\",\"@id\":\"https:\/\/www.suno.com.br\/noticias\/venezuela-colombia-fronteira-confronto-feridos\/#breadcrumb\",\"itemListElement\":[{\"@type\":\"ListItem\",\"position\":1,\"name\":\"Not\u00edcias\",\"item\":\"https:\/\/www.suno.com.br\/noticias\/\"},{\"@type\":\"ListItem\",\"position\":2,\"name\":\"Internacional\",\"item\":\"https:\/\/www.suno.com.br\/noticias\/internacional\/\"},{\"@type\":\"ListItem\",\"position\":3,\"name\":\"Fechamento da fronteira da Venezuela com a Col\u00f4mbia gera confronto\"}]},{\"@type\":\"WebSite\",\"@id\":\"https:\/\/www.suno.com.br\/noticias\/#website\",\"url\":\"https:\/\/www.suno.com.br\/noticias\/\",\"name\":\"Suno Not\u00edcias\",\"description\":\"Seu portal de informa\u00e7\u00e3o sobre o mundo dos investimentos\",\"publisher\":{\"@id\":\"https:\/\/www.suno.com.br\/noticias\/#organization\"},\"potentialAction\":[{\"@type\":\"SearchAction\",\"target\":{\"@type\":\"EntryPoint\",\"urlTemplate\":\"https:\/\/www.suno.com.br\/noticias\/?s={search_term_string}\"},\"query-input\":{\"@type\":\"PropertyValueSpecification\",\"valueRequired\":true,\"valueName\":\"search_term_string\"}}],\"inLanguage\":\"pt-BR\"},{\"@type\":\"Organization\",\"@id\":\"https:\/\/www.suno.com.br\/noticias\/#organization\",\"name\":\"Suno Not\u00edcias\",\"url\":\"https:\/\/www.suno.com.br\/noticias\/\",\"logo\":{\"@type\":\"ImageObject\",\"inLanguage\":\"pt-BR\",\"@id\":\"https:\/\/www.suno.com.br\/noticias\/#\/schema\/logo\/image\/\",\"url\":\"https:\/\/files.sunoresearch.com.br\/n\/uploads\/2021\/09\/suno-logo.png\",\"contentUrl\":\"https:\/\/files.sunoresearch.com.br\/n\/uploads\/2021\/09\/suno-logo.png\",\"width\":180,\"height\":180,\"caption\":\"Suno Not\u00edcias\"},\"image\":{\"@id\":\"https:\/\/www.suno.com.br\/noticias\/#\/schema\/logo\/image\/\"},\"sameAs\":[\"https:\/\/facebook.com\/sunoresearch\",\"https:\/\/x.com\/sunoresearch\",\"https:\/\/www.instagram.com\/suno\",\"https:\/\/www.linkedin.com\/company\/suno-research\/\",\"https:\/\/www.youtube.com\/c\/sunoresearch\"]},{\"@type\":\"Person\",\"@id\":\"https:\/\/www.suno.com.br\/noticias\/#\/schema\/person\/a5b06fa4e879d8e8e119c6ed3cd630d1\",\"name\":\"Amanda Gushiken\",\"image\":{\"@type\":\"ImageObject\",\"inLanguage\":\"pt-BR\",\"@id\":\"https:\/\/www.suno.com.br\/noticias\/#\/schema\/person\/image\/\",\"url\":\"https:\/\/secure.gravatar.com\/avatar\/ecd84705e6b65e3685ae80d725501fbe?s=96&r=g\",\"contentUrl\":\"https:\/\/secure.gravatar.com\/avatar\/ecd84705e6b65e3685ae80d725501fbe?s=96&r=g\",\"caption\":\"Amanda Gushiken\"},\"description\":\"Amanda Sayuri Gushiken escreve sobre finan\u00e7as e neg\u00f3cios para o portal Suno Not\u00edcias. Antes, trabalhou selecionando not\u00edcias da imprensa para clientes do mercado financeiro. Tamb\u00e9m desenvolveu pesquisa acad\u00eamica pela Universidade Anhembi Morumbi na \u00e1rea de Teorias da Comunica\u00e7\u00e3o e \u00e9 fot\u00f3grafa nas horas vagas.\",\"url\":\"https:\/\/www.suno.com.br\/noticias\/author\/amanda\/\"}]}<\/script>\n<!-- \/ Yoast SEO plugin. -->","yoast_head_json":{"title":"Fechamento da fronteira da Venezuela com a Col\u00f4mbia gera confronto","description":"A Venezuela registra, neste s\u00e1bado, diversos protestos e manifesta\u00e7\u00f5es, com confronto, na fronteira com a Col\u00f4mbia. Clique para saber mais.","robots":{"index":"index","follow":"follow","max-snippet":"max-snippet:-1","max-image-preview":"max-image-preview:large","max-video-preview":"max-video-preview:-1"},"canonical":"https:\/\/www.suno.com.br\/noticias\/venezuela-colombia-fronteira-confronto-feridos\/","og_locale":"pt_BR","og_type":"article","og_title":"Fechamento da fronteira da Venezuela com a Col\u00f4mbia gera confronto","og_description":"A Venezuela registra, neste s\u00e1bado, diversos protestos e manifesta\u00e7\u00f5es, com confronto, na fronteira com a Col\u00f4mbia. Clique para saber mais.","og_url":"https:\/\/www.suno.com.br\/noticias\/venezuela-colombia-fronteira-confronto-feridos\/","og_site_name":"Suno Not\u00edcias","article_publisher":"https:\/\/facebook.com\/sunoresearch","og_image":[{"width":940,"height":580,"url":"https:\/\/files.sunoresearch.com.br\/n\/uploads\/2018\/12\/9b661247-nicol\u00e1s-maduro.jpeg","type":"image\/jpeg"}],"author":"Amanda Gushiken","twitter_card":"summary_large_image","twitter_creator":"@sunoresearch","twitter_site":"@sunoresearch","twitter_misc":{"Escrito por":"Amanda Gushiken","Est. tempo de leitura":"4 minutos"},"schema":{"@context":"https:\/\/schema.org","@graph":[{"@type":"NewsArticle","@id":"https:\/\/www.suno.com.br\/noticias\/venezuela-colombia-fronteira-confronto-feridos\/#article","isPartOf":{"@id":"https:\/\/www.suno.com.br\/noticias\/venezuela-colombia-fronteira-confronto-feridos\/"},"author":{"name":"Amanda Gushiken","@id":"https:\/\/www.suno.com.br\/noticias\/#\/schema\/person\/a5b06fa4e879d8e8e119c6ed3cd630d1"},"headline":"Fechamento da fronteira da Venezuela com a Col\u00f4mbia gera confronto","datePublished":"2019-02-23T17:30:39+00:00","dateModified":"2019-02-23T17:38:05+00:00","mainEntityOfPage":{"@id":"https:\/\/www.suno.com.br\/noticias\/venezuela-colombia-fronteira-confronto-feridos\/"},"wordCount":786,"publisher":{"@id":"https:\/\/www.suno.com.br\/noticias\/#organization"},"image":{"@id":"https:\/\/www.suno.com.br\/noticias\/venezuela-colombia-fronteira-confronto-feridos\/#primaryimage"},"thumbnailUrl":"https:\/\/files.sunoresearch.com.br\/n\/uploads\/2018\/12\/9b661247-nicol\u00e1s-maduro-jpeg.webp","keywords":["Juan Guaid\u00f3","Nicol\u00e1s Maduro","Venezuela"],"articleSection":["Internacional"],"inLanguage":"pt-BR"},{"@type":"WebPage","@id":"https:\/\/www.suno.com.br\/noticias\/venezuela-colombia-fronteira-confronto-feridos\/","url":"https:\/\/www.suno.com.br\/noticias\/venezuela-colombia-fronteira-confronto-feridos\/","name":"Fechamento da fronteira da Venezuela com a Col\u00f4mbia gera confronto","isPartOf":{"@id":"https:\/\/www.suno.com.br\/noticias\/#website"},"primaryImageOfPage":{"@id":"https:\/\/www.suno.com.br\/noticias\/venezuela-colombia-fronteira-confronto-feridos\/#primaryimage"},"image":{"@id":"https:\/\/www.suno.com.br\/noticias\/venezuela-colombia-fronteira-confronto-feridos\/#primaryimage"},"thumbnailUrl":"https:\/\/files.sunoresearch.com.br\/n\/uploads\/2018\/12\/9b661247-nicol\u00e1s-maduro-jpeg.webp","datePublished":"2019-02-23T17:30:39+00:00","dateModified":"2019-02-23T17:38:05+00:00","description":"A Venezuela registra, neste s\u00e1bado, diversos protestos e manifesta\u00e7\u00f5es, com confronto, na fronteira com a Col\u00f4mbia. Clique para saber mais.","breadcrumb":{"@id":"https:\/\/www.suno.com.br\/noticias\/venezuela-colombia-fronteira-confronto-feridos\/#breadcrumb"},"inLanguage":"pt-BR","potentialAction":[{"@type":"ReadAction","target":["https:\/\/www.suno.com.br\/noticias\/venezuela-colombia-fronteira-confronto-feridos\/"]}]},{"@type":"ImageObject","inLanguage":"pt-BR","@id":"https:\/\/www.suno.com.br\/noticias\/venezuela-colombia-fronteira-confronto-feridos\/#primaryimage","url":"https:\/\/files.sunoresearch.com.br\/n\/uploads\/2018\/12\/9b661247-nicol\u00e1s-maduro-jpeg.webp","contentUrl":"https:\/\/files.sunoresearch.com.br\/n\/uploads\/2018\/12\/9b661247-nicol\u00e1s-maduro-jpeg.webp","width":940,"height":580,"caption":"Presidente da Venezuela Nicol\u00e1s Maduro. (divulga\u00e7\u00e3o)"},{"@type":"BreadcrumbList","@id":"https:\/\/www.suno.com.br\/noticias\/venezuela-colombia-fronteira-confronto-feridos\/#breadcrumb","itemListElement":[{"@type":"ListItem","position":1,"name":"Not\u00edcias","item":"https:\/\/www.suno.com.br\/noticias\/"},{"@type":"ListItem","position":2,"name":"Internacional","item":"https:\/\/www.suno.com.br\/noticias\/internacional\/"},{"@type":"ListItem","position":3,"name":"Fechamento da fronteira da Venezuela com a Col\u00f4mbia gera confronto"}]},{"@type":"WebSite","@id":"https:\/\/www.suno.com.br\/noticias\/#website","url":"https:\/\/www.suno.com.br\/noticias\/","name":"Suno Not\u00edcias","description":"Seu portal de informa\u00e7\u00e3o sobre o mundo dos investimentos","publisher":{"@id":"https:\/\/www.suno.com.br\/noticias\/#organization"},"potentialAction":[{"@type":"SearchAction","target":{"@type":"EntryPoint","urlTemplate":"https:\/\/www.suno.com.br\/noticias\/?s={search_term_string}"},"query-input":{"@type":"PropertyValueSpecification","valueRequired":true,"valueName":"search_term_string"}}],"inLanguage":"pt-BR"},{"@type":"Organization","@id":"https:\/\/www.suno.com.br\/noticias\/#organization","name":"Suno Not\u00edcias","url":"https:\/\/www.suno.com.br\/noticias\/","logo":{"@type":"ImageObject","inLanguage":"pt-BR","@id":"https:\/\/www.suno.com.br\/noticias\/#\/schema\/logo\/image\/","url":"https:\/\/files.sunoresearch.com.br\/n\/uploads\/2021\/09\/suno-logo.png","contentUrl":"https:\/\/files.sunoresearch.com.br\/n\/uploads\/2021\/09\/suno-logo.png","width":180,"height":180,"caption":"Suno Not\u00edcias"},"image":{"@id":"https:\/\/www.suno.com.br\/noticias\/#\/schema\/logo\/image\/"},"sameAs":["https:\/\/facebook.com\/sunoresearch","https:\/\/x.com\/sunoresearch","https:\/\/www.instagram.com\/suno","https:\/\/www.linkedin.com\/company\/suno-research\/","https:\/\/www.youtube.com\/c\/sunoresearch"]},{"@type":"Person","@id":"https:\/\/www.suno.com.br\/noticias\/#\/schema\/person\/a5b06fa4e879d8e8e119c6ed3cd630d1","name":"Amanda Gushiken","image":{"@type":"ImageObject","inLanguage":"pt-BR","@id":"https:\/\/www.suno.com.br\/noticias\/#\/schema\/person\/image\/","url":"https:\/\/secure.gravatar.com\/avatar\/ecd84705e6b65e3685ae80d725501fbe?s=96&r=g","contentUrl":"https:\/\/secure.gravatar.com\/avatar\/ecd84705e6b65e3685ae80d725501fbe?s=96&r=g","caption":"Amanda Gushiken"},"description":"Amanda Sayuri Gushiken escreve sobre finan\u00e7as e neg\u00f3cios para o portal Suno Not\u00edcias. Antes, trabalhou selecionando not\u00edcias da imprensa para clientes do mercado financeiro. Tamb\u00e9m desenvolveu pesquisa acad\u00eamica pela Universidade Anhembi Morumbi na \u00e1rea de Teorias da Comunica\u00e7\u00e3o e \u00e9 fot\u00f3grafa nas horas vagas.","url":"https:\/\/www.suno.com.br\/noticias\/author\/amanda\/"}]}},"default_loop_html":"<div class=\"cardsPage__listCard__boxs\"><div class=\"cardsPage__listCard__boxs__img\"><a href=\"https:\/\/www.suno.com.br\/noticias\/venezuela-colombia-fronteira-confronto-feridos\/\"><img class=\"mask\" src=\"https:\/\/www.suno.com.br\/noticias\/wp-content\/themes\/suno\/resources\/images\/spotlight\/spotlight1img\/bg-mask.png\" alt=\"Image Mask\"\/><img src=\"https:\/\/files.sunoresearch.com.br\/n\/uploads\/2018\/12\/9b661247-nicol\u00e1s-maduro-400x200.webp\" alt=\"Fechamento da fronteira da Venezuela com a Col\u00f4mbia gera confronto\"\/><\/a><span class=\"spotlightCategory\"><a href=\"https:\/\/www.suno.com.br\/noticias\/internacional\/\">Internacional<\/a><\/span><\/div><div class=\"cardsPage__listCard__boxs__content\"><a href=\"https:\/\/www.suno.com.br\/noticias\/venezuela-colombia-fronteira-confronto-feridos\/\"><h2 class=\"content__title\">Fechamento da fronteira da Venezuela com a Col\u00f4mbia gera confronto<\/h2><\/a><div class=\"newsContent__article__meta\"><div class=\"newsContent__article__meta__authorBox\"><a href=\"https:\/\/www.suno.com.br\/noticias\/author\/amanda\/\" class=\"authorBox__avatar noMobi\"><img src=\"https:\/\/files.sunoresearch.com.br\/n\/uploads\/2018\/11\/c6ad30be-amanda-150x150.webp\" alt=\"Amanda Gushiken\"><\/a><div class=\"authorBox__name\"><span>por\n\t\t\t<a href=\"https:\/\/www.suno.com.br\/noticias\/author\/amanda\/\"><span itemprop=\"author\">Amanda Gushiken<\/span><\/a><\/span><time datetime=\"2019-02-23T14:30:39-03:00\" itemprop=\"datePublished\">23\/02\/2019 14:30<\/time><\/div><\/div><\/div><\/div><\/div>","single_layout":"posts","amp_enabled":true,"_links":{"self":[{"href":"https:\/\/www.suno.com.br\/noticias\/wp-json\/wp\/v2\/posts\/16397"}],"collection":[{"href":"https:\/\/www.suno.com.br\/noticias\/wp-json\/wp\/v2\/posts"}],"about":[{"href":"https:\/\/www.suno.com.br\/noticias\/wp-json\/wp\/v2\/types\/post"}],"author":[{"embeddable":true,"href":"https:\/\/www.suno.com.br\/noticias\/wp-json\/wp\/v2\/users\/12"}],"replies":[{"embeddable":true,"href":"https:\/\/www.suno.com.br\/noticias\/wp-json\/wp\/v2\/comments?post=16397"}],"version-history":[{"count":0,"href":"https:\/\/www.suno.com.br\/noticias\/wp-json\/wp\/v2\/posts\/16397\/revisions"}],"wp:featuredmedia":[{"embeddable":true,"href":"https:\/\/www.suno.com.br\/noticias\/wp-json\/wp\/v2\/media\/9247"}],"wp:attachment":[{"href":"https:\/\/www.suno.com.br\/noticias\/wp-json\/wp\/v2\/media?parent=16397"}],"wp:term":[{"taxonomy":"category","embeddable":true,"href":"https:\/\/www.suno.com.br\/noticias\/wp-json\/wp\/v2\/categories?post=16397"},{"taxonomy":"post_tag","embeddable":true,"href":"https:\/\/www.suno.com.br\/noticias\/wp-json\/wp\/v2\/tags?post=16397"},{"taxonomy":"suno_strategy","embeddable":true,"href":"https:\/\/www.suno.com.br\/noticias\/wp-json\/wp\/v2\/suno_strategy?post=16397"}],"curies":[{"name":"wp","href":"https:\/\/api.w.org\/{rel}","templated":true}]}}