{"id":163937,"date":"2021-07-06T12:21:37","date_gmt":"2021-07-06T15:21:37","guid":{"rendered":"https:\/\/www.suno.com.br\/noticias\/?p=163937"},"modified":"2021-07-06T12:21:37","modified_gmt":"2021-07-06T15:21:37","slug":"dolar-segundo-semestre-previsao-5-reais","status":"publish","type":"post","link":"https:\/\/www.suno.com.br\/noticias\/dolar-segundo-semestre-previsao-5-reais\/","title":{"rendered":"Tend\u00eancia para o d\u00f3lar no 2\u00ba semestre \u00e9 de queda, mas crise pol\u00edtica \u00e9 um fator de risco"},"content":{"rendered":"<p>No primeiro semestre do ano, o <strong>d\u00f3lar <\/strong>refletiu a eleva\u00e7\u00e3o da <a class=\"suno-keyword\" href=\"https:\/\/www.suno.com.br\/artigos\/taxa-basica-de-juros\/\" target=\"_blank\" rel=\"noopener noreferrer\" data-force=\"no\" data-priority=\"1\">taxa b\u00e1sica de juros<\/a> (Selic), o avan\u00e7o da vacina\u00e7\u00e3o e a melhora econ\u00f4mica apresentada pelo PIB, acumulando uma queda de 5,5% no per\u00edodo de janeiro a junho.<\/p>\t<div class=\"wrapper-featured-image\">\n\t\t<figure class=\"spotlightImg\">\n\n\t\t\t<picture>\n\t\t\t\t<source media=\"(max-width: 768px)\" srcset=\"https:\/\/files.sunoresearch.com.br\/n\/uploads\/2021\/05\/3307e0dc-money-4418858_1280-400x200.webp\">\n\t\t\t\t<img loading=\"lazy\" decoding=\"async\" class=\"newsContent__article__imgCapa lazyloadDisabled \" src=\"https:\/\/files.sunoresearch.com.br\/n\/uploads\/2021\/05\/3307e0dc-money-4418858_1280-800x450.webp\" width=\"800\" height=\"450\" alt=\"Tend\u00eancia para o d\u00f3lar no 2\u00ba semestre \u00e9 de queda, mas crise pol\u00edtica \u00e9 um fator de risco\" fetchpriority=high \/>\n\t\t\t<\/picture>\n\n\t\t\t<figcaption class=\"wp-caption-text wp-caption-text--show\">D\u00f3lar. Foto: Pixabay<\/figcaption>\n\t\t<\/figure>\n\t<\/div>\n\n\n\t<p>\n\t\t<a href=\"https:\/\/lp.suno.com.br\/planilha-controle-gastos\/\" target=\"_blank\" data-element=\"shortcode-suno-banner\" title=\"Banner SUNO, clique e saiba mais\">\n\t\t\t<picture>\n\t\t\t\t<source media=\"(max-width: 500px)\" srcset=\"https:\/\/files.sunoresearch.com.br\/n\/uploads\/2023\/03\/400x300-Planilha-controle-de-gastos.png\">\n\t\t\t\t<img class=\"newsContent__article__imgCapa newsContent__article__imgCapa--banner\"\n\t\t\t\t\tsrc=\"https:\/\/files.sunoresearch.com.br\/n\/uploads\/2023\/03\/1420x240-Planilha-controle-de-gastos.png\"\n\t\t\t\t\tdata-promo-id=\"101751\"\t\t\t\t\t\t\t\t\t\twidth='1420' height='240'\t\t\t\t\talt=\"https:\/\/files.sunoresearch.com.br\/n\/uploads\/2023\/03\/1420x240-Planilha-controle-de-gastos.png\"\n\t\t\t\t>\n\t\t\t<\/picture>\n\t\t<\/a>\n\t<\/p>\n\n\n<p>Na an\u00e1lise dos especialistas, a expectativa \u00e9 que a<strong> cota\u00e7\u00e3o do d\u00f3lar<\/strong> permane\u00e7a em queda no segundo semestre, uma vez que os dados econ\u00f4micos brasileiro animam o mercado.<\/p>\n<p>O grande risco diz respeito \u00e0 <strong>pol\u00edtica interna,<\/strong> que pode influenciar negativamente a cota\u00e7\u00e3o da moeda. Portanto, o d\u00f3lar a R$ 5,00 ou abaixo deste patamar depende do governo.<\/p>\n<h2>Movimenta\u00e7\u00e3o do d\u00f3lar j\u00e1 foi maior<\/h2>\n<p>Apesar do d\u00f3lar ainda estar alto, ou seja, negociado acima dos R$ 5,00, a moeda j\u00e1 esteve pior. No primeiro semestre de 2020, o <strong>c\u00e2mbio<\/strong> havia acumulado uma alta de 35,66% &#8212; o mais alto para o per\u00edodo desde 1999 &#8212; e alcan\u00e7ou o patamar de R$ 5,50.<\/p>\n<p>O sentimento de risco dos mercados predominava, e os dados das economias grandes e <strong>emergentes<\/strong> eram pessimistas, o que minava as esperan\u00e7as sobre uma recupera\u00e7\u00e3o econ\u00f4mica r\u00e1pida.<\/p>\n<p>Mas hoje o cen\u00e1rio \u00e9 diferente. O d\u00f3lar iniciou esse ano negociado a R$ 5,30 e encerrou o semestre cotado abaixo dos R$ 5,00 &#8212; a R$ 4,97. Isso \u00e9 resultado do cen\u00e1rio exterior mais positivo, com dados macroecon\u00f4micos que apresentam uma recupera\u00e7\u00e3o econ\u00f4mica e o cen\u00e1rio interno que avan\u00e7a com a vacina\u00e7\u00e3o e a alta na a <a class=\"suno-keyword\" href=\"https:\/\/www.suno.com.br\/artigos\/taxa-selic\/\" target=\"_blank\" rel=\"noopener noreferrer\" data-force=\"no\" data-priority=\"3\">taxa Selic<\/a>.<\/p>\n<p>Veja abaixo o <strong>gr\u00e1fico do d\u00f3lar<\/strong> do Banco Central:<\/p>\n<p><img loading=\"lazy\" decoding=\"async\" class=\"aligncenter wp-image-163962 size-full\" src=\"https:\/\/storage.googleapis.com\/wp-noticias\/2021\/07\/362cf335-dolar.png\" alt=\"gr\u00e1fico do d\u00f3lar\" width=\"982\" height=\"359\" srcset=\"https:\/\/files.sunoresearch.com.br\/n\/uploads\/2021\/07\/362cf335-dolar.png 982w, https:\/\/files.sunoresearch.com.br\/n\/uploads\/2021\/07\/362cf335-dolar-300x110.png 300w, https:\/\/files.sunoresearch.com.br\/n\/uploads\/2021\/07\/362cf335-dolar-768x281.png 768w, https:\/\/files.sunoresearch.com.br\/n\/uploads\/2021\/07\/362cf335-dolar-150x55.png 150w\" sizes=\"(max-width: 982px) 100vw, 982px\" \/><\/p>\n<h2>Moeda a R$ 5,00 no final de 2021 depende da pol\u00edtica<\/h2>\n<p>Para o mercado, com base nos dados e previs\u00f5es econ\u00f4micas, o d\u00f3lar deve encerrar o semestre negociado a R$ 5,00. No entanto, o conturbado cen\u00e1rio pol\u00edtico brasileiro traz incertezas.<\/p>\n<p>O economista-chefe da Associa\u00e7\u00e3o Brasileira de C\u00e2mbio (Abracam), Reinaldo Cafeo, diz que a perspectiva de alta da <strong>Selic<\/strong> enfraquece o d\u00f3lar, tornando o Brasil mais atrativo para os<strong> investidores internacionais<\/strong>.<\/p>\n<p>Al\u00e9m disso, Cafeo acrescenta que a <strong>balan\u00e7a comercial<\/strong> vem tendo saldo positivo e constante.<\/p>\n<p>&#8220;A tend\u00eancia \u00e9 que o c\u00e2mbio gire em torno de R$ 5, com uma oscila\u00e7\u00e3o de 5% para mais ou para menos. Um d\u00f3lar de equil\u00edbrio hoje, no aspecto puramente t\u00e9cnico, seria de R$ 4,80. Ent\u00e3o o c\u00e2mbio operando a R$ 5,00 no final do segundo semestre \u00e9 bastante fact\u00edvel&#8221;, analisou Cafeo.<\/p>\n\t<p>\n\t\t<a href=\"https:\/\/lp.suno.com.br\/planilha-da-vida-financeira\/\" target=\"_blank\" data-element=\"shortcode-suno-banner\" title=\"Banner SUNO, clique e saiba mais\">\n\t\t\t<picture>\n\t\t\t\t<source media=\"(max-width: 500px)\" srcset=\"https:\/\/files.sunoresearch.com.br\/n\/uploads\/2023\/04\/400x300-Planilha-vida-financeira-true.png\">\n\t\t\t\t<img class=\"newsContent__article__imgCapa newsContent__article__imgCapa--banner\"\n\t\t\t\t\tsrc=\"https:\/\/files.sunoresearch.com.br\/n\/uploads\/2023\/04\/1420x240-Planilha-vida-financeira-true.png\"\n\t\t\t\t\tdata-promo-id=\"106682\"\t\t\t\t\t\t\t\t\t\twidth='1420' height='240'\t\t\t\t\talt=\"https:\/\/files.sunoresearch.com.br\/n\/uploads\/2023\/04\/1420x240-Planilha-vida-financeira-true.png\"\n\t\t\t\t>\n\t\t\t<\/picture>\n\t\t<\/a>\n\t<\/p>\n\n\n<p>Na \u00faltima divulga\u00e7\u00e3o do <a href=\"https:\/\/www.suno.com.br\/noticias\/boletim-focus-projecao-pib-518\/\">Boletim Focus<\/a>, o Banco Central indicou que o c\u00e2mbio deva encerrar 2021 negociado a R$ 5,04.<\/p>\n<p>Mas o respons\u00e1vel pela Mesa de C\u00e2mbio da Terra Investimentos, Vanei Nagem, alerta que a previs\u00e3o do d\u00f3lar na casa de R$ 5,00 \u00e9 uma an\u00e1lise apenas econ\u00f4mica, isso porque os recentes casos envolvendo o<strong> governo federal<\/strong>\u00a0em rela\u00e7\u00e3o \u00e0 Covaxin e acusa\u00e7\u00f5es de corrup\u00e7\u00e3o podem influenciar negativamente a moeda.<\/p>\n<p>&#8220;A economia brasileira est\u00e1 aquecendo praticamente sozinha, ela est\u00e1 indo bem, ent\u00e3o pela economia esse d\u00f3lar \u00e9 para estar abaixo dos R$ 5,00. Mas fica dif\u00edcil afirmar esse valor porque o meio pol\u00edtico est\u00e1 muito conturbado. Se continuar do jeito que est\u00e1 com certeza ele n\u00e3o vai ficar perto dos R$ 5,00&#8221;, disse Nagem.<\/p>\n<p>Cafeo ainda brinca que se n\u00e3o houvesse a<strong> pol\u00edtica brasileira<\/strong>, o mercado brasileiro teria o &#8220;c\u00e9u de brigadeiro para cota\u00e7\u00e3o da moeda&#8221;.<\/p>\n<p>&#8220;Os fatores econ\u00f4micos v\u00e3o na dire\u00e7\u00e3o de um c\u00e2mbio mais tranquilo, mais pr\u00f3ximo do equil\u00edbrio. J\u00e1 os fatores pol\u00edticos, quanto mais pr\u00f3ximo do presidente da Rep\u00fablica, mais nervoso o mercado. Por isso, prever o <strong>d\u00f3lar<\/strong> a R$ 5,00 \u00e9 mais dif\u00edcil porque tem muitas vari\u00e1veis envolvidas&#8221;, concluiu Cafeo.<\/p>\n\t<p>\n\t\t<a href=\"https:\/\/lp.suno.com.br\/planilha-de-controle-de-investimentos\/\" target=\"_blank\" data-element=\"shortcode-suno-banner\" title=\"Banner SUNO, clique e saiba mais\">\n\t\t\t<picture>\n\t\t\t\t<source media=\"(max-width: 500px)\" srcset=\"https:\/\/files.sunoresearch.com.br\/n\/uploads\/2023\/03\/400x300-Controle-de-Investimentos.png\">\n\t\t\t\t<img class=\"newsContent__article__imgCapa newsContent__article__imgCapa--banner\"\n\t\t\t\t\tsrc=\"https:\/\/files.sunoresearch.com.br\/n\/uploads\/2023\/03\/1420x240-Controle-de-Investimentos.png\"\n\t\t\t\t\tdata-promo-id=\"75934\"\t\t\t\t\t\t\t\t\t\twidth='1420' height='240'\t\t\t\t\talt=\"https:\/\/files.sunoresearch.com.br\/n\/uploads\/2023\/03\/1420x240-Controle-de-Investimentos.png\"\n\t\t\t\t>\n\t\t\t<\/picture>\n\t\t<\/a>\n\t<\/p>\n\n\n","protected":false},"excerpt":{"rendered":"<p>No primeiro semestre do ano, o d\u00f3lar refletiu a eleva\u00e7\u00e3o da taxa b\u00e1sica de juros (Selic), o avan\u00e7o da vacina\u00e7\u00e3o e a melhora econ\u00f4mica apresentada pelo PIB, acumulando uma queda de 5,5% no per\u00edodo de janeiro a junho. D\u00f3lar. Foto: Pixabay Na an\u00e1lise dos especialistas, a expectativa \u00e9 que a cota\u00e7\u00e3o do d\u00f3lar permane\u00e7a em [&hellip;]<\/p>\n","protected":false},"author":15,"featured_media":148097,"comment_status":"closed","ping_status":"closed","sticky":false,"template":"","format":"standard","meta":[],"categories":[60],"tags":[326,105815],"suno_strategy":[],"class_list":["post-163937","post","type-post","status-publish","format-standard","has-post-thumbnail","hentry","category-mercado","tag-dolar","tag-especial"],"yoast_head":"<!-- This site is optimized with the Yoast SEO plugin v24.4 - https:\/\/yoast.com\/wordpress\/plugins\/seo\/ -->\n<title>Tend\u00eancia para o d\u00f3lar no segundo semestre de 2021 \u00e9 de queda<\/title>\n<meta name=\"description\" content=\"Na an\u00e1lise do mercado, a expectativa \u00e9 que o d\u00f3lar permane\u00e7a em queda no segundo semestre, mas o entrave seria a pol\u00edtica interna. Clique aqui\" \/>\n<meta name=\"robots\" content=\"index, follow, max-snippet:-1, max-image-preview:large, max-video-preview:-1\" \/>\n<link rel=\"canonical\" href=\"https:\/\/www.suno.com.br\/noticias\/dolar-segundo-semestre-previsao-5-reais\/\" \/>\n<meta property=\"og:locale\" content=\"pt_BR\" \/>\n<meta property=\"og:type\" content=\"article\" \/>\n<meta property=\"og:title\" content=\"Tend\u00eancia para o d\u00f3lar no segundo semestre de 2021 \u00e9 de queda\" \/>\n<meta property=\"og:description\" content=\"Na an\u00e1lise do mercado, a expectativa \u00e9 que o d\u00f3lar permane\u00e7a em queda no segundo semestre, mas o entrave seria a pol\u00edtica interna. Clique aqui\" \/>\n<meta property=\"og:url\" content=\"https:\/\/www.suno.com.br\/noticias\/dolar-segundo-semestre-previsao-5-reais\/\" \/>\n<meta property=\"og:site_name\" content=\"Suno Not\u00edcias\" \/>\n<meta property=\"article:publisher\" content=\"https:\/\/facebook.com\/sunoresearch\" \/>\n<meta property=\"og:image\" content=\"https:\/\/files.sunoresearch.com.br\/n\/uploads\/2021\/05\/3307e0dc-money-4418858_1280.jpg\" \/>\n\t<meta property=\"og:image:width\" content=\"1280\" \/>\n\t<meta property=\"og:image:height\" content=\"914\" \/>\n\t<meta property=\"og:image:type\" content=\"image\/jpeg\" \/>\n<meta name=\"author\" content=\"Poliana Santos\" \/>\n<meta name=\"twitter:card\" content=\"summary_large_image\" \/>\n<meta name=\"twitter:creator\" content=\"@sunoresearch\" \/>\n<meta name=\"twitter:site\" content=\"@sunoresearch\" \/>\n<meta name=\"twitter:label1\" content=\"Escrito por\" \/>\n\t<meta name=\"twitter:data1\" content=\"Poliana Santos\" \/>\n\t<meta name=\"twitter:label2\" content=\"Est. tempo de leitura\" \/>\n\t<meta name=\"twitter:data2\" content=\"3 minutos\" \/>\n<script type=\"application\/ld+json\" class=\"yoast-schema-graph\">{\"@context\":\"https:\/\/schema.org\",\"@graph\":[{\"@type\":\"NewsArticle\",\"@id\":\"https:\/\/www.suno.com.br\/noticias\/dolar-segundo-semestre-previsao-5-reais\/#article\",\"isPartOf\":{\"@id\":\"https:\/\/www.suno.com.br\/noticias\/dolar-segundo-semestre-previsao-5-reais\/\"},\"author\":{\"name\":\"Poliana Santos\",\"@id\":\"https:\/\/www.suno.com.br\/noticias\/#\/schema\/person\/02ec1f752758247878a2bf4abee1aeda\"},\"headline\":\"Tend\u00eancia para o d\u00f3lar no 2\u00ba semestre \u00e9 de queda, mas crise pol\u00edtica \u00e9 um fator de risco\",\"datePublished\":\"2021-07-06T15:21:37+00:00\",\"mainEntityOfPage\":{\"@id\":\"https:\/\/www.suno.com.br\/noticias\/dolar-segundo-semestre-previsao-5-reais\/\"},\"wordCount\":657,\"publisher\":{\"@id\":\"https:\/\/www.suno.com.br\/noticias\/#organization\"},\"image\":{\"@id\":\"https:\/\/www.suno.com.br\/noticias\/dolar-segundo-semestre-previsao-5-reais\/#primaryimage\"},\"thumbnailUrl\":\"https:\/\/files.sunoresearch.com.br\/n\/uploads\/2021\/05\/3307e0dc-money-4418858_1280-jpg.webp\",\"keywords\":[\"d\u00f3lar\",\"Especiais\"],\"articleSection\":[\"Mercado\"],\"inLanguage\":\"pt-BR\"},{\"@type\":\"WebPage\",\"@id\":\"https:\/\/www.suno.com.br\/noticias\/dolar-segundo-semestre-previsao-5-reais\/\",\"url\":\"https:\/\/www.suno.com.br\/noticias\/dolar-segundo-semestre-previsao-5-reais\/\",\"name\":\"Tend\u00eancia para o d\u00f3lar no segundo semestre de 2021 \u00e9 de queda\",\"isPartOf\":{\"@id\":\"https:\/\/www.suno.com.br\/noticias\/#website\"},\"primaryImageOfPage\":{\"@id\":\"https:\/\/www.suno.com.br\/noticias\/dolar-segundo-semestre-previsao-5-reais\/#primaryimage\"},\"image\":{\"@id\":\"https:\/\/www.suno.com.br\/noticias\/dolar-segundo-semestre-previsao-5-reais\/#primaryimage\"},\"thumbnailUrl\":\"https:\/\/files.sunoresearch.com.br\/n\/uploads\/2021\/05\/3307e0dc-money-4418858_1280-jpg.webp\",\"datePublished\":\"2021-07-06T15:21:37+00:00\",\"description\":\"Na an\u00e1lise do mercado, a expectativa \u00e9 que o d\u00f3lar permane\u00e7a em queda no segundo semestre, mas o entrave seria a pol\u00edtica interna. Clique aqui\",\"breadcrumb\":{\"@id\":\"https:\/\/www.suno.com.br\/noticias\/dolar-segundo-semestre-previsao-5-reais\/#breadcrumb\"},\"inLanguage\":\"pt-BR\",\"potentialAction\":[{\"@type\":\"ReadAction\",\"target\":[\"https:\/\/www.suno.com.br\/noticias\/dolar-segundo-semestre-previsao-5-reais\/\"]}]},{\"@type\":\"ImageObject\",\"inLanguage\":\"pt-BR\",\"@id\":\"https:\/\/www.suno.com.br\/noticias\/dolar-segundo-semestre-previsao-5-reais\/#primaryimage\",\"url\":\"https:\/\/files.sunoresearch.com.br\/n\/uploads\/2021\/05\/3307e0dc-money-4418858_1280-jpg.webp\",\"contentUrl\":\"https:\/\/files.sunoresearch.com.br\/n\/uploads\/2021\/05\/3307e0dc-money-4418858_1280-jpg.webp\",\"width\":1280,\"height\":914,\"caption\":\"D\u00f3lar. Foto: Pixabay\"},{\"@type\":\"BreadcrumbList\",\"@id\":\"https:\/\/www.suno.com.br\/noticias\/dolar-segundo-semestre-previsao-5-reais\/#breadcrumb\",\"itemListElement\":[{\"@type\":\"ListItem\",\"position\":1,\"name\":\"Not\u00edcias\",\"item\":\"https:\/\/www.suno.com.br\/noticias\/\"},{\"@type\":\"ListItem\",\"position\":2,\"name\":\"Mercado\",\"item\":\"https:\/\/www.suno.com.br\/noticias\/mercado\/\"},{\"@type\":\"ListItem\",\"position\":3,\"name\":\"Tend\u00eancia para o d\u00f3lar no 2\u00ba semestre \u00e9 de queda, mas crise pol\u00edtica \u00e9 um fator de risco\"}]},{\"@type\":\"WebSite\",\"@id\":\"https:\/\/www.suno.com.br\/noticias\/#website\",\"url\":\"https:\/\/www.suno.com.br\/noticias\/\",\"name\":\"Suno Not\u00edcias\",\"description\":\"Seu portal de informa\u00e7\u00e3o sobre o mundo dos investimentos\",\"publisher\":{\"@id\":\"https:\/\/www.suno.com.br\/noticias\/#organization\"},\"potentialAction\":[{\"@type\":\"SearchAction\",\"target\":{\"@type\":\"EntryPoint\",\"urlTemplate\":\"https:\/\/www.suno.com.br\/noticias\/?s={search_term_string}\"},\"query-input\":{\"@type\":\"PropertyValueSpecification\",\"valueRequired\":true,\"valueName\":\"search_term_string\"}}],\"inLanguage\":\"pt-BR\"},{\"@type\":\"Organization\",\"@id\":\"https:\/\/www.suno.com.br\/noticias\/#organization\",\"name\":\"Suno Not\u00edcias\",\"url\":\"https:\/\/www.suno.com.br\/noticias\/\",\"logo\":{\"@type\":\"ImageObject\",\"inLanguage\":\"pt-BR\",\"@id\":\"https:\/\/www.suno.com.br\/noticias\/#\/schema\/logo\/image\/\",\"url\":\"https:\/\/files.sunoresearch.com.br\/n\/uploads\/2021\/09\/suno-logo.png\",\"contentUrl\":\"https:\/\/files.sunoresearch.com.br\/n\/uploads\/2021\/09\/suno-logo.png\",\"width\":180,\"height\":180,\"caption\":\"Suno Not\u00edcias\"},\"image\":{\"@id\":\"https:\/\/www.suno.com.br\/noticias\/#\/schema\/logo\/image\/\"},\"sameAs\":[\"https:\/\/facebook.com\/sunoresearch\",\"https:\/\/x.com\/sunoresearch\",\"https:\/\/www.instagram.com\/suno\",\"https:\/\/www.linkedin.com\/company\/suno-research\/\",\"https:\/\/www.youtube.com\/c\/sunoresearch\"]},{\"@type\":\"Person\",\"@id\":\"https:\/\/www.suno.com.br\/noticias\/#\/schema\/person\/02ec1f752758247878a2bf4abee1aeda\",\"name\":\"Poliana Santos\",\"image\":{\"@type\":\"ImageObject\",\"inLanguage\":\"pt-BR\",\"@id\":\"https:\/\/www.suno.com.br\/noticias\/#\/schema\/person\/image\/\",\"url\":\"https:\/\/secure.gravatar.com\/avatar\/0645bd32f23d87b2130f2b2dff1d3f8d?s=96&r=g\",\"contentUrl\":\"https:\/\/secure.gravatar.com\/avatar\/0645bd32f23d87b2130f2b2dff1d3f8d?s=96&r=g\",\"caption\":\"Poliana Santos\"},\"description\":\"Rep\u00f3rter no Suno Not\u00edcias, com cobertura em mercado financeiro, economia, finan\u00e7as pessoais, renda fixa e varejo. Jornalista formada pela Faculdade C\u00e1sper L\u00edbero e possui passagem na R\u00e1dio Gazeta AM com a produ\u00e7\u00e3o de conte\u00fado sobre economia, pol\u00edtica, sa\u00fade, moda e m\u00fasica. Possui certificado de conclus\u00e3o do curso de An\u00e1lise de Balan\u00e7os pela Funda\u00e7\u00e3o Bradesco, Agenda Brasil pela FAAP, Educa\u00e7\u00e3o Pol\u00edtica por Alexandre Garcia e do Tesouro Direto e Mercado de A\u00e7\u00f5es pela B3.\",\"url\":\"https:\/\/www.suno.com.br\/noticias\/author\/poliana-santos\/\"}]}<\/script>\n<!-- \/ Yoast SEO plugin. -->","yoast_head_json":{"title":"Tend\u00eancia para o d\u00f3lar no segundo semestre de 2021 \u00e9 de queda","description":"Na an\u00e1lise do mercado, a expectativa \u00e9 que o d\u00f3lar permane\u00e7a em queda no segundo semestre, mas o entrave seria a pol\u00edtica interna. Clique aqui","robots":{"index":"index","follow":"follow","max-snippet":"max-snippet:-1","max-image-preview":"max-image-preview:large","max-video-preview":"max-video-preview:-1"},"canonical":"https:\/\/www.suno.com.br\/noticias\/dolar-segundo-semestre-previsao-5-reais\/","og_locale":"pt_BR","og_type":"article","og_title":"Tend\u00eancia para o d\u00f3lar no segundo semestre de 2021 \u00e9 de queda","og_description":"Na an\u00e1lise do mercado, a expectativa \u00e9 que o d\u00f3lar permane\u00e7a em queda no segundo semestre, mas o entrave seria a pol\u00edtica interna. Clique aqui","og_url":"https:\/\/www.suno.com.br\/noticias\/dolar-segundo-semestre-previsao-5-reais\/","og_site_name":"Suno Not\u00edcias","article_publisher":"https:\/\/facebook.com\/sunoresearch","og_image":[{"width":1280,"height":914,"url":"https:\/\/files.sunoresearch.com.br\/n\/uploads\/2021\/05\/3307e0dc-money-4418858_1280.jpg","type":"image\/jpeg"}],"author":"Poliana Santos","twitter_card":"summary_large_image","twitter_creator":"@sunoresearch","twitter_site":"@sunoresearch","twitter_misc":{"Escrito por":"Poliana Santos","Est. tempo de leitura":"3 minutos"},"schema":{"@context":"https:\/\/schema.org","@graph":[{"@type":"NewsArticle","@id":"https:\/\/www.suno.com.br\/noticias\/dolar-segundo-semestre-previsao-5-reais\/#article","isPartOf":{"@id":"https:\/\/www.suno.com.br\/noticias\/dolar-segundo-semestre-previsao-5-reais\/"},"author":{"name":"Poliana Santos","@id":"https:\/\/www.suno.com.br\/noticias\/#\/schema\/person\/02ec1f752758247878a2bf4abee1aeda"},"headline":"Tend\u00eancia para o d\u00f3lar no 2\u00ba semestre \u00e9 de queda, mas crise pol\u00edtica \u00e9 um fator de risco","datePublished":"2021-07-06T15:21:37+00:00","mainEntityOfPage":{"@id":"https:\/\/www.suno.com.br\/noticias\/dolar-segundo-semestre-previsao-5-reais\/"},"wordCount":657,"publisher":{"@id":"https:\/\/www.suno.com.br\/noticias\/#organization"},"image":{"@id":"https:\/\/www.suno.com.br\/noticias\/dolar-segundo-semestre-previsao-5-reais\/#primaryimage"},"thumbnailUrl":"https:\/\/files.sunoresearch.com.br\/n\/uploads\/2021\/05\/3307e0dc-money-4418858_1280-jpg.webp","keywords":["d\u00f3lar","Especiais"],"articleSection":["Mercado"],"inLanguage":"pt-BR"},{"@type":"WebPage","@id":"https:\/\/www.suno.com.br\/noticias\/dolar-segundo-semestre-previsao-5-reais\/","url":"https:\/\/www.suno.com.br\/noticias\/dolar-segundo-semestre-previsao-5-reais\/","name":"Tend\u00eancia para o d\u00f3lar no segundo semestre de 2021 \u00e9 de queda","isPartOf":{"@id":"https:\/\/www.suno.com.br\/noticias\/#website"},"primaryImageOfPage":{"@id":"https:\/\/www.suno.com.br\/noticias\/dolar-segundo-semestre-previsao-5-reais\/#primaryimage"},"image":{"@id":"https:\/\/www.suno.com.br\/noticias\/dolar-segundo-semestre-previsao-5-reais\/#primaryimage"},"thumbnailUrl":"https:\/\/files.sunoresearch.com.br\/n\/uploads\/2021\/05\/3307e0dc-money-4418858_1280-jpg.webp","datePublished":"2021-07-06T15:21:37+00:00","description":"Na an\u00e1lise do mercado, a expectativa \u00e9 que o d\u00f3lar permane\u00e7a em queda no segundo semestre, mas o entrave seria a pol\u00edtica interna. Clique aqui","breadcrumb":{"@id":"https:\/\/www.suno.com.br\/noticias\/dolar-segundo-semestre-previsao-5-reais\/#breadcrumb"},"inLanguage":"pt-BR","potentialAction":[{"@type":"ReadAction","target":["https:\/\/www.suno.com.br\/noticias\/dolar-segundo-semestre-previsao-5-reais\/"]}]},{"@type":"ImageObject","inLanguage":"pt-BR","@id":"https:\/\/www.suno.com.br\/noticias\/dolar-segundo-semestre-previsao-5-reais\/#primaryimage","url":"https:\/\/files.sunoresearch.com.br\/n\/uploads\/2021\/05\/3307e0dc-money-4418858_1280-jpg.webp","contentUrl":"https:\/\/files.sunoresearch.com.br\/n\/uploads\/2021\/05\/3307e0dc-money-4418858_1280-jpg.webp","width":1280,"height":914,"caption":"D\u00f3lar. Foto: Pixabay"},{"@type":"BreadcrumbList","@id":"https:\/\/www.suno.com.br\/noticias\/dolar-segundo-semestre-previsao-5-reais\/#breadcrumb","itemListElement":[{"@type":"ListItem","position":1,"name":"Not\u00edcias","item":"https:\/\/www.suno.com.br\/noticias\/"},{"@type":"ListItem","position":2,"name":"Mercado","item":"https:\/\/www.suno.com.br\/noticias\/mercado\/"},{"@type":"ListItem","position":3,"name":"Tend\u00eancia para o d\u00f3lar no 2\u00ba semestre \u00e9 de queda, mas crise pol\u00edtica \u00e9 um fator de risco"}]},{"@type":"WebSite","@id":"https:\/\/www.suno.com.br\/noticias\/#website","url":"https:\/\/www.suno.com.br\/noticias\/","name":"Suno Not\u00edcias","description":"Seu portal de informa\u00e7\u00e3o sobre o mundo dos investimentos","publisher":{"@id":"https:\/\/www.suno.com.br\/noticias\/#organization"},"potentialAction":[{"@type":"SearchAction","target":{"@type":"EntryPoint","urlTemplate":"https:\/\/www.suno.com.br\/noticias\/?s={search_term_string}"},"query-input":{"@type":"PropertyValueSpecification","valueRequired":true,"valueName":"search_term_string"}}],"inLanguage":"pt-BR"},{"@type":"Organization","@id":"https:\/\/www.suno.com.br\/noticias\/#organization","name":"Suno Not\u00edcias","url":"https:\/\/www.suno.com.br\/noticias\/","logo":{"@type":"ImageObject","inLanguage":"pt-BR","@id":"https:\/\/www.suno.com.br\/noticias\/#\/schema\/logo\/image\/","url":"https:\/\/files.sunoresearch.com.br\/n\/uploads\/2021\/09\/suno-logo.png","contentUrl":"https:\/\/files.sunoresearch.com.br\/n\/uploads\/2021\/09\/suno-logo.png","width":180,"height":180,"caption":"Suno Not\u00edcias"},"image":{"@id":"https:\/\/www.suno.com.br\/noticias\/#\/schema\/logo\/image\/"},"sameAs":["https:\/\/facebook.com\/sunoresearch","https:\/\/x.com\/sunoresearch","https:\/\/www.instagram.com\/suno","https:\/\/www.linkedin.com\/company\/suno-research\/","https:\/\/www.youtube.com\/c\/sunoresearch"]},{"@type":"Person","@id":"https:\/\/www.suno.com.br\/noticias\/#\/schema\/person\/02ec1f752758247878a2bf4abee1aeda","name":"Poliana Santos","image":{"@type":"ImageObject","inLanguage":"pt-BR","@id":"https:\/\/www.suno.com.br\/noticias\/#\/schema\/person\/image\/","url":"https:\/\/secure.gravatar.com\/avatar\/0645bd32f23d87b2130f2b2dff1d3f8d?s=96&r=g","contentUrl":"https:\/\/secure.gravatar.com\/avatar\/0645bd32f23d87b2130f2b2dff1d3f8d?s=96&r=g","caption":"Poliana Santos"},"description":"Rep\u00f3rter no Suno Not\u00edcias, com cobertura em mercado financeiro, economia, finan\u00e7as pessoais, renda fixa e varejo. Jornalista formada pela Faculdade C\u00e1sper L\u00edbero e possui passagem na R\u00e1dio Gazeta AM com a produ\u00e7\u00e3o de conte\u00fado sobre economia, pol\u00edtica, sa\u00fade, moda e m\u00fasica. Possui certificado de conclus\u00e3o do curso de An\u00e1lise de Balan\u00e7os pela Funda\u00e7\u00e3o Bradesco, Agenda Brasil pela FAAP, Educa\u00e7\u00e3o Pol\u00edtica por Alexandre Garcia e do Tesouro Direto e Mercado de A\u00e7\u00f5es pela B3.","url":"https:\/\/www.suno.com.br\/noticias\/author\/poliana-santos\/"}]}},"default_loop_html":"<div class=\"cardsPage__listCard__boxs\"><div class=\"cardsPage__listCard__boxs__img\"><a href=\"https:\/\/www.suno.com.br\/noticias\/dolar-segundo-semestre-previsao-5-reais\/\"><img class=\"mask\" src=\"https:\/\/www.suno.com.br\/noticias\/wp-content\/themes\/suno\/resources\/images\/spotlight\/spotlight1img\/bg-mask.png\" alt=\"Image Mask\"\/><img src=\"https:\/\/files.sunoresearch.com.br\/n\/uploads\/2021\/05\/3307e0dc-money-4418858_1280-400x200.webp\" alt=\"Tend\u00eancia para o d\u00f3lar no 2\u00ba semestre \u00e9 de queda, mas crise pol\u00edtica \u00e9 um fator de risco\"\/><\/a><span class=\"spotlightCategory\"><a href=\"https:\/\/www.suno.com.br\/noticias\/mercado\/\">Mercado<\/a><\/span><\/div><div class=\"cardsPage__listCard__boxs__content\"><a href=\"https:\/\/www.suno.com.br\/noticias\/dolar-segundo-semestre-previsao-5-reais\/\"><h2 class=\"content__title\">Tend\u00eancia para o d\u00f3lar no 2\u00ba semestre \u00e9 de queda, mas crise pol\u00edtica \u00e9 um fator de risco<\/h2><\/a><div class=\"newsContent__article__meta\"><div class=\"newsContent__article__meta__authorBox\"><a href=\"https:\/\/www.suno.com.br\/noticias\/author\/poliana-santos\/\" class=\"authorBox__avatar noMobi\"><img src=\"https:\/\/files.sunoresearch.com.br\/n\/uploads\/2020\/08\/7ef34026-whatsapp-image-2020-08-03-at-12.37.57-150x150.webp\" alt=\"Poliana Santos\"><\/a><div class=\"authorBox__name\"><span>por\n\t\t\t<a href=\"https:\/\/www.suno.com.br\/noticias\/author\/poliana-santos\/\"><span itemprop=\"author\">Poliana Santos<\/span><\/a><\/span><time datetime=\"2021-07-06T12:21:37-03:00\" itemprop=\"datePublished\">06\/07\/2021 12:21<\/time><\/div><\/div><\/div><\/div><\/div>","single_layout":"posts","amp_enabled":true,"_links":{"self":[{"href":"https:\/\/www.suno.com.br\/noticias\/wp-json\/wp\/v2\/posts\/163937"}],"collection":[{"href":"https:\/\/www.suno.com.br\/noticias\/wp-json\/wp\/v2\/posts"}],"about":[{"href":"https:\/\/www.suno.com.br\/noticias\/wp-json\/wp\/v2\/types\/post"}],"author":[{"embeddable":true,"href":"https:\/\/www.suno.com.br\/noticias\/wp-json\/wp\/v2\/users\/15"}],"replies":[{"embeddable":true,"href":"https:\/\/www.suno.com.br\/noticias\/wp-json\/wp\/v2\/comments?post=163937"}],"version-history":[{"count":3,"href":"https:\/\/www.suno.com.br\/noticias\/wp-json\/wp\/v2\/posts\/163937\/revisions"}],"predecessor-version":[{"id":163978,"href":"https:\/\/www.suno.com.br\/noticias\/wp-json\/wp\/v2\/posts\/163937\/revisions\/163978"}],"wp:featuredmedia":[{"embeddable":true,"href":"https:\/\/www.suno.com.br\/noticias\/wp-json\/wp\/v2\/media\/148097"}],"wp:attachment":[{"href":"https:\/\/www.suno.com.br\/noticias\/wp-json\/wp\/v2\/media?parent=163937"}],"wp:term":[{"taxonomy":"category","embeddable":true,"href":"https:\/\/www.suno.com.br\/noticias\/wp-json\/wp\/v2\/categories?post=163937"},{"taxonomy":"post_tag","embeddable":true,"href":"https:\/\/www.suno.com.br\/noticias\/wp-json\/wp\/v2\/tags?post=163937"},{"taxonomy":"suno_strategy","embeddable":true,"href":"https:\/\/www.suno.com.br\/noticias\/wp-json\/wp\/v2\/suno_strategy?post=163937"}],"curies":[{"name":"wp","href":"https:\/\/api.w.org\/{rel}","templated":true}]}}