{"id":16390,"date":"2019-02-23T13:52:16","date_gmt":"2019-02-23T16:52:16","guid":{"rendered":"https:\/\/www.suno.com.br\/noticias\/?p=16390"},"modified":"2019-02-23T18:33:48","modified_gmt":"2019-02-23T21:33:48","slug":"roraima-venezuela-colombia-conflito-feridos","status":"publish","type":"post","link":"https:\/\/www.suno.com.br\/noticias\/roraima-venezuela-colombia-conflito-feridos\/","title":{"rendered":"Roraima atende 11 feridos do confronto na fronteira com a Venezuela"},"content":{"rendered":"<p>Dois <strong>ind\u00edgenas<\/strong> venezuelanos foram socorridos na madrugada deste s\u00e1bado (23) no Hospital D\u00e9lio Tupinamb\u00e1, em <strong>Paracaima<\/strong>, cidade que faz fronteira com a Venezuela. Assim, o n\u00famero de pessoas, feridas em <strong>confronto<\/strong>, atendidas em <strong>Roraima<\/strong> sobe para 11.<\/p>\t<div class=\"wrapper-featured-image\">\n\t\t<figure class=\"spotlightImg\">\n\n\t\t\t<picture>\n\t\t\t\t<source media=\"(max-width: 768px)\" srcset=\"https:\/\/files.sunoresearch.com.br\/n\/uploads\/2018\/11\/3854ede0-venezuela-400x200.webp\">\n\t\t\t\t<img loading=\"lazy\" decoding=\"async\" class=\"newsContent__article__imgCapa lazyloadDisabled newsContent__article__imgCapa--noCaption\" src=\"https:\/\/files.sunoresearch.com.br\/n\/uploads\/2018\/11\/3854ede0-venezuela-800x450.webp\" width=\"800\" height=\"450\" alt=\"Roraima atende 11 feridos do confronto na fronteira com a Venezuela\" fetchpriority=high \/>\n\t\t\t<\/picture>\n\n\t\t\t<figcaption class=\"wp-caption-text wp-caption-text--hide\">Bandeira da Venezuela. Foto: Divulga\u00e7\u00e3o.<\/figcaption>\n\t\t<\/figure>\n\t<\/div>\n\n\n<p>Do total de <strong>feridos<\/strong> identificados no confronto que ocorre na <strong>fronteira<\/strong> com a <strong>Venezuela<\/strong>, sete est\u00e3o internados no maior hospital do estado, em <strong>Boa Vista<\/strong>.<\/p>\n<p>O<strong> Servi\u00e7o de Atendimento M\u00f3vel de Urg\u00eancia<\/strong> (SAMU) da regi\u00e3o informou que as duas <strong>v\u00edtimas<\/strong> foram atacadas com pauladas e balas de borracha. O estado de sa\u00fade das <strong>v\u00edtimas<\/strong> \u00e9 desconhecido at\u00e9 o momento.<\/p>\n<p>Apesar da <strong>fronteira<\/strong> da <strong>Venezuela<\/strong> com o <strong>Brasil<\/strong> permanecer fechada, por ordem do ditador <strong>Nicol\u00e1s Maduro<\/strong>, a passagem de <strong>ambul\u00e2ncias<\/strong> est\u00e1 <strong>liberada<\/strong> entre os dois pa\u00edses, segundo o &#8220;G1&#8221;.<\/p>\n<p>Na noite da sexta-feira (22), outros dois <strong>ind\u00edgenas<\/strong> feridos entraram no <strong>Brasil<\/strong> e foram atendidos no hospital de <strong>Pacaraima<\/strong>. Contudo, por conta da gravidade das <strong>les\u00f5es<\/strong>, foram transferidos para o <strong>Hospital Geral de Roraima<\/strong> (HGR), em <strong>Boa Vista<\/strong>, h\u00e1 215 quil\u00f4metros de dist\u00e2ncia.<\/p>\n<p>No <strong>HGR<\/strong>, outros sete venezuelanos j\u00e1 estavam internados. Todos foram lesionados pelo confronto com\u00a0<strong>For\u00e7a Armada Nacional da Rep\u00fablica Bolivariana da Venezuela<\/strong> (FANB) na comunidade de <strong>Kumarakapay<\/strong>:<\/p>\n<ul>\n<li>Fidel Gabriel Pulido Fernandez, 36 anos<\/li>\n<li>Geber Alfredo Perez Rivero, 21 anos<\/li>\n<li>Kliver Alfredo Perez Rivero, 24 anos<\/li>\n<li>Evencio Sosa, 44 anos<\/li>\n<li>Alfredo Perez, 48 anos<\/li>\n<li>Onesimo Rigoberto Fernandez, 48 anos<\/li>\n<li>Rolando Garcia Martinez, 52 anos<\/li>\n<\/ul>\n<p>Kliver e Rolando s\u00e3o os pacientes em estado mais grave, segundo nota da Secretaria Estadual de Sa\u00fade (SESAU). Os dois s\u00e3o v\u00edtimas do confronto em Kumarakapay e est\u00e3o no grupo que deu entrada no HGR na manh\u00e3 dessa sexta.<\/p>\n<p><a href=\"https:\/\/www.suno.com.br\/noticias\/soldados-da-venezuela-abrem-fogo-na-fronteira-com-o-brasil-e-matam-um\/\">Saiba mais &#8211; Soldados da Venezuela abrem fogo na fronteira com o Brasil e matam um<\/a><\/p>\n<h2>Fechamento da fronteira com o Brasil e confronto<\/h2>\n<p>Como resposta \u00e0 <strong>ajuda humanit\u00e1ria<\/strong> oferecida pelo Brasil, a <strong>Venezuela<\/strong> determinou o fechamento da <strong>fronteira<\/strong> sul do pa\u00eds na \u00faltima quinta-feira (21).<\/p>\n<p>\u201cA partir das 20h [21h no hor\u00e1rio de Bras\u00edlia] de hoje, quinta-feira, 21 de fevereiro fica <strong>fechada total e absolutamente<\/strong> at\u00e9 novo aviso, a <strong>fronteira<\/strong> com o <strong>Brasil<\/strong>. Vale mais prevenir do que lamentar\u201d, declarou o ditador da <strong>Venezuela<\/strong>, <strong>Nicol\u00e1s Maduro<\/strong>.<\/p>\n<p>O governo de Caracas considera a <strong>ajuda humanit\u00e1ria<\/strong> como uma inger\u00eancia em assuntos dom\u00e9sticos da <strong>Venezuela<\/strong>. Isso pois a maioria dos pa\u00edses donat\u00e1rios reconheceu o<strong> autoproclamado presidente interino<\/strong> da Venezuela, <strong>Juan Guaid\u00f3<\/strong>.<\/p>\n<p>Assim, a <strong>Guarda Nacional Bolivariana<\/strong> da Venezuela abriu o fogo, na manh\u00e3 de sexta-feira (22). Houve uma morte na <strong>fronteira<\/strong> com o <strong>Brasil<\/strong>.<\/p>\n<p>Os ativistas <strong>v\u00edtimas<\/strong> do ataque pertenciam \u00e0 tribo <strong>ind\u00edgena<\/strong> Pemones. A falecida \u00e9 <strong>Zorayda Rodriguez<\/strong>.<\/p>\n<p>Ao menos 12 outras pessoas ficaram <strong>feridas<\/strong>. Um comboio militar teria atacado a comunidade <strong>ind\u00edgena<\/strong> do vilarejo de <strong>Kumarakapai<\/strong>. O vilarejo fica no sul do pa\u00eds, localizado na principal art\u00e9ria que liga a <strong>Venezuela<\/strong> ao <strong>Brasil<\/strong>.<\/p>\n<p><a href=\"https:\/\/www.suno.com.br\/noticias\/maduro-fecha-fronteira-brasil\/\">Saiba mais &#8211; Maduro fecha a fronteira com o Brasil<\/a><\/p>\n<p><a href=\"https:\/\/www.suno.com.br\/noticias\/brasil-ajuda-humanitaria-venezuela\/\">Saiba mais &#8211; Brasil anuncia for\u00e7a tarefa de ajuda humanit\u00e1ria para a Venezuela<\/a><\/p>\n<h2>Ajuda Humanit\u00e1ria<\/h2>\n<p>O ministro das Rela\u00e7\u00f5es Exteriores do Brasil, <strong>Ernesto Ara\u00fajo<\/strong>, afirmou neste s\u00e1bado que aguarda que as for\u00e7as venezuelanas permitam que o pa\u00eds receba a <strong>ajuda humanit\u00e1ria<\/strong>.<\/p>\n<p>&#8220;Estamos na expectativa de que se permita o ingresso na <strong>Venezuela<\/strong>. No momento n\u00e3o temos expectativa de nenhum <strong>confronto<\/strong>. Temos a expectativa do momento de chegada, que nesse momento, uma luz se acenda e se abra a <strong>fronteira<\/strong>. Se n\u00e3o abrir, vamos consultar os representantes venezuelanos para ver o que fazer com esse carregamento&#8221;, afirmou o ministro.<\/p>\n<p><strong>Ernesto Ara\u00fajo<\/strong> est\u00e1 em <strong>Pacaraima<\/strong>, em <strong>Roraima<\/strong>, cidade pela qual milhares de venezuelanos entraram no <strong>Brasil<\/strong> para fugir da <strong>crise<\/strong>.<\/p>\n<p>Dentre os itens oferecidos no plano de <strong>ajuda humanit\u00e1ria<\/strong>, est\u00e3o:<\/p>\n<ul>\n<li>Kits emergenciais de <strong>sa\u00fade<\/strong>, doados pelo Minist\u00e9rio da Sa\u00fade, compostos de <strong>medicamentos<\/strong> para doen\u00e7as de baixa complexidade. H\u00e1 analg\u00e9sicos, <strong>antibi\u00f3ticos<\/strong> e insumos hospitalares, suficientes para auxiliar 6.000 pessoas e podem durar um m\u00eas.<\/li>\n<li><strong>Arroz<\/strong> doado pelo governo dos Estados Unidos.<\/li>\n<li><strong>Leite em p\u00f3<\/strong> doado pelo governo brasileiro.<\/li>\n<\/ul>\n<p><a href=\"https:\/\/www.suno.com.br\/noticias\/guaido-china-russia\/\">Saiba mais &#8211; Guaid\u00f3 diz que troca de governo na <strong>Venezuela<\/strong> favorecer\u00e1 China e R\u00fassia<\/a><\/p>\n","protected":false},"excerpt":{"rendered":"<p>Dois ind\u00edgenas venezuelanos foram socorridos na madrugada deste s\u00e1bado (23) no Hospital D\u00e9lio Tupinamb\u00e1, em Paracaima, cidade que faz fronteira com a Venezuela. Assim, o n\u00famero de pessoas, feridas em confronto, atendidas em Roraima sobe para 11. Bandeira da Venezuela. Foto: Divulga\u00e7\u00e3o. Do total de feridos identificados no confronto que ocorre na fronteira com a [&hellip;]<\/p>\n","protected":false},"author":12,"featured_media":6069,"comment_status":"closed","ping_status":"closed","sticky":false,"template":"","format":"standard","meta":[],"categories":[63],"tags":[1125,805,804],"suno_strategy":[],"class_list":["post-16390","post","type-post","status-publish","format-standard","has-post-thumbnail","hentry","category-internacional","tag-juan-guaido","tag-nicolas-maduro","tag-venezuela"],"yoast_head":"<!-- This site is optimized with the Yoast SEO plugin v24.4 - https:\/\/yoast.com\/wordpress\/plugins\/seo\/ -->\n<title>Roraima atende 11 feridos do confronto na fronteira com a Venezuela<\/title>\n<meta name=\"description\" content=\"O n\u00famero de pessoas atendidas em Roraima sobe para 13, devido ao confronto na fronteira com a Venezuela. Clique para saber mais.\" \/>\n<meta name=\"robots\" content=\"index, follow, max-snippet:-1, max-image-preview:large, max-video-preview:-1\" \/>\n<link rel=\"canonical\" href=\"https:\/\/www.suno.com.br\/noticias\/roraima-venezuela-colombia-conflito-feridos\/\" \/>\n<meta property=\"og:locale\" content=\"pt_BR\" \/>\n<meta property=\"og:type\" content=\"article\" \/>\n<meta property=\"og:title\" content=\"Roraima atende 11 feridos do confronto na fronteira com a Venezuela\" \/>\n<meta property=\"og:description\" content=\"O n\u00famero de pessoas atendidas em Roraima sobe para 13, devido ao confronto na fronteira com a Venezuela. Clique para saber mais.\" \/>\n<meta property=\"og:url\" content=\"https:\/\/www.suno.com.br\/noticias\/roraima-venezuela-colombia-conflito-feridos\/\" \/>\n<meta property=\"og:site_name\" content=\"Suno Not\u00edcias\" \/>\n<meta property=\"article:publisher\" content=\"https:\/\/facebook.com\/sunoresearch\" \/>\n<meta property=\"og:image\" content=\"https:\/\/files.sunoresearch.com.br\/n\/uploads\/2018\/11\/3854ede0-venezuela.jpg\" \/>\n\t<meta property=\"og:image:width\" content=\"1920\" \/>\n\t<meta property=\"og:image:height\" content=\"1280\" \/>\n\t<meta property=\"og:image:type\" content=\"image\/jpeg\" \/>\n<meta name=\"author\" content=\"Amanda Gushiken\" \/>\n<meta name=\"twitter:card\" content=\"summary_large_image\" \/>\n<meta name=\"twitter:creator\" content=\"@sunoresearch\" \/>\n<meta name=\"twitter:site\" content=\"@sunoresearch\" \/>\n<meta name=\"twitter:label1\" content=\"Escrito por\" \/>\n\t<meta name=\"twitter:data1\" content=\"Amanda Gushiken\" \/>\n\t<meta name=\"twitter:label2\" content=\"Est. tempo de leitura\" \/>\n\t<meta name=\"twitter:data2\" content=\"4 minutos\" \/>\n<script type=\"application\/ld+json\" class=\"yoast-schema-graph\">{\"@context\":\"https:\/\/schema.org\",\"@graph\":[{\"@type\":\"NewsArticle\",\"@id\":\"https:\/\/www.suno.com.br\/noticias\/roraima-venezuela-colombia-conflito-feridos\/#article\",\"isPartOf\":{\"@id\":\"https:\/\/www.suno.com.br\/noticias\/roraima-venezuela-colombia-conflito-feridos\/\"},\"author\":{\"name\":\"Amanda Gushiken\",\"@id\":\"https:\/\/www.suno.com.br\/noticias\/#\/schema\/person\/a5b06fa4e879d8e8e119c6ed3cd630d1\"},\"headline\":\"Roraima atende 11 feridos do confronto na fronteira com a Venezuela\",\"datePublished\":\"2019-02-23T16:52:16+00:00\",\"dateModified\":\"2019-02-23T21:33:48+00:00\",\"mainEntityOfPage\":{\"@id\":\"https:\/\/www.suno.com.br\/noticias\/roraima-venezuela-colombia-conflito-feridos\/\"},\"wordCount\":716,\"publisher\":{\"@id\":\"https:\/\/www.suno.com.br\/noticias\/#organization\"},\"image\":{\"@id\":\"https:\/\/www.suno.com.br\/noticias\/roraima-venezuela-colombia-conflito-feridos\/#primaryimage\"},\"thumbnailUrl\":\"https:\/\/files.sunoresearch.com.br\/n\/uploads\/2018\/11\/3854ede0-venezuela-jpg.webp\",\"keywords\":[\"Juan Guaid\u00f3\",\"Nicol\u00e1s Maduro\",\"Venezuela\"],\"articleSection\":[\"Internacional\"],\"inLanguage\":\"pt-BR\"},{\"@type\":\"WebPage\",\"@id\":\"https:\/\/www.suno.com.br\/noticias\/roraima-venezuela-colombia-conflito-feridos\/\",\"url\":\"https:\/\/www.suno.com.br\/noticias\/roraima-venezuela-colombia-conflito-feridos\/\",\"name\":\"Roraima atende 11 feridos do confronto na fronteira com a Venezuela\",\"isPartOf\":{\"@id\":\"https:\/\/www.suno.com.br\/noticias\/#website\"},\"primaryImageOfPage\":{\"@id\":\"https:\/\/www.suno.com.br\/noticias\/roraima-venezuela-colombia-conflito-feridos\/#primaryimage\"},\"image\":{\"@id\":\"https:\/\/www.suno.com.br\/noticias\/roraima-venezuela-colombia-conflito-feridos\/#primaryimage\"},\"thumbnailUrl\":\"https:\/\/files.sunoresearch.com.br\/n\/uploads\/2018\/11\/3854ede0-venezuela-jpg.webp\",\"datePublished\":\"2019-02-23T16:52:16+00:00\",\"dateModified\":\"2019-02-23T21:33:48+00:00\",\"description\":\"O n\u00famero de pessoas atendidas em Roraima sobe para 13, devido ao confronto na fronteira com a Venezuela. Clique para saber mais.\",\"breadcrumb\":{\"@id\":\"https:\/\/www.suno.com.br\/noticias\/roraima-venezuela-colombia-conflito-feridos\/#breadcrumb\"},\"inLanguage\":\"pt-BR\",\"potentialAction\":[{\"@type\":\"ReadAction\",\"target\":[\"https:\/\/www.suno.com.br\/noticias\/roraima-venezuela-colombia-conflito-feridos\/\"]}]},{\"@type\":\"ImageObject\",\"inLanguage\":\"pt-BR\",\"@id\":\"https:\/\/www.suno.com.br\/noticias\/roraima-venezuela-colombia-conflito-feridos\/#primaryimage\",\"url\":\"https:\/\/files.sunoresearch.com.br\/n\/uploads\/2018\/11\/3854ede0-venezuela-jpg.webp\",\"contentUrl\":\"https:\/\/files.sunoresearch.com.br\/n\/uploads\/2018\/11\/3854ede0-venezuela-jpg.webp\",\"width\":1920,\"height\":1280,\"caption\":\"Bandeira da Venezuela. Foto: Divulga\u00e7\u00e3o.\"},{\"@type\":\"BreadcrumbList\",\"@id\":\"https:\/\/www.suno.com.br\/noticias\/roraima-venezuela-colombia-conflito-feridos\/#breadcrumb\",\"itemListElement\":[{\"@type\":\"ListItem\",\"position\":1,\"name\":\"Not\u00edcias\",\"item\":\"https:\/\/www.suno.com.br\/noticias\/\"},{\"@type\":\"ListItem\",\"position\":2,\"name\":\"Internacional\",\"item\":\"https:\/\/www.suno.com.br\/noticias\/internacional\/\"},{\"@type\":\"ListItem\",\"position\":3,\"name\":\"Roraima atende 11 feridos do confronto na fronteira com a Venezuela\"}]},{\"@type\":\"WebSite\",\"@id\":\"https:\/\/www.suno.com.br\/noticias\/#website\",\"url\":\"https:\/\/www.suno.com.br\/noticias\/\",\"name\":\"Suno Not\u00edcias\",\"description\":\"Seu portal de informa\u00e7\u00e3o sobre o mundo dos investimentos\",\"publisher\":{\"@id\":\"https:\/\/www.suno.com.br\/noticias\/#organization\"},\"potentialAction\":[{\"@type\":\"SearchAction\",\"target\":{\"@type\":\"EntryPoint\",\"urlTemplate\":\"https:\/\/www.suno.com.br\/noticias\/?s={search_term_string}\"},\"query-input\":{\"@type\":\"PropertyValueSpecification\",\"valueRequired\":true,\"valueName\":\"search_term_string\"}}],\"inLanguage\":\"pt-BR\"},{\"@type\":\"Organization\",\"@id\":\"https:\/\/www.suno.com.br\/noticias\/#organization\",\"name\":\"Suno Not\u00edcias\",\"url\":\"https:\/\/www.suno.com.br\/noticias\/\",\"logo\":{\"@type\":\"ImageObject\",\"inLanguage\":\"pt-BR\",\"@id\":\"https:\/\/www.suno.com.br\/noticias\/#\/schema\/logo\/image\/\",\"url\":\"https:\/\/files.sunoresearch.com.br\/n\/uploads\/2021\/09\/suno-logo.png\",\"contentUrl\":\"https:\/\/files.sunoresearch.com.br\/n\/uploads\/2021\/09\/suno-logo.png\",\"width\":180,\"height\":180,\"caption\":\"Suno Not\u00edcias\"},\"image\":{\"@id\":\"https:\/\/www.suno.com.br\/noticias\/#\/schema\/logo\/image\/\"},\"sameAs\":[\"https:\/\/facebook.com\/sunoresearch\",\"https:\/\/x.com\/sunoresearch\",\"https:\/\/www.instagram.com\/suno\",\"https:\/\/www.linkedin.com\/company\/suno-research\/\",\"https:\/\/www.youtube.com\/c\/sunoresearch\"]},{\"@type\":\"Person\",\"@id\":\"https:\/\/www.suno.com.br\/noticias\/#\/schema\/person\/a5b06fa4e879d8e8e119c6ed3cd630d1\",\"name\":\"Amanda Gushiken\",\"image\":{\"@type\":\"ImageObject\",\"inLanguage\":\"pt-BR\",\"@id\":\"https:\/\/www.suno.com.br\/noticias\/#\/schema\/person\/image\/\",\"url\":\"https:\/\/secure.gravatar.com\/avatar\/ecd84705e6b65e3685ae80d725501fbe?s=96&r=g\",\"contentUrl\":\"https:\/\/secure.gravatar.com\/avatar\/ecd84705e6b65e3685ae80d725501fbe?s=96&r=g\",\"caption\":\"Amanda Gushiken\"},\"description\":\"Amanda Sayuri Gushiken escreve sobre finan\u00e7as e neg\u00f3cios para o portal Suno Not\u00edcias. Antes, trabalhou selecionando not\u00edcias da imprensa para clientes do mercado financeiro. Tamb\u00e9m desenvolveu pesquisa acad\u00eamica pela Universidade Anhembi Morumbi na \u00e1rea de Teorias da Comunica\u00e7\u00e3o e \u00e9 fot\u00f3grafa nas horas vagas.\",\"url\":\"https:\/\/www.suno.com.br\/noticias\/author\/amanda\/\"}]}<\/script>\n<!-- \/ Yoast SEO plugin. -->","yoast_head_json":{"title":"Roraima atende 11 feridos do confronto na fronteira com a Venezuela","description":"O n\u00famero de pessoas atendidas em Roraima sobe para 13, devido ao confronto na fronteira com a Venezuela. Clique para saber mais.","robots":{"index":"index","follow":"follow","max-snippet":"max-snippet:-1","max-image-preview":"max-image-preview:large","max-video-preview":"max-video-preview:-1"},"canonical":"https:\/\/www.suno.com.br\/noticias\/roraima-venezuela-colombia-conflito-feridos\/","og_locale":"pt_BR","og_type":"article","og_title":"Roraima atende 11 feridos do confronto na fronteira com a Venezuela","og_description":"O n\u00famero de pessoas atendidas em Roraima sobe para 13, devido ao confronto na fronteira com a Venezuela. Clique para saber mais.","og_url":"https:\/\/www.suno.com.br\/noticias\/roraima-venezuela-colombia-conflito-feridos\/","og_site_name":"Suno Not\u00edcias","article_publisher":"https:\/\/facebook.com\/sunoresearch","og_image":[{"width":1920,"height":1280,"url":"https:\/\/files.sunoresearch.com.br\/n\/uploads\/2018\/11\/3854ede0-venezuela.jpg","type":"image\/jpeg"}],"author":"Amanda Gushiken","twitter_card":"summary_large_image","twitter_creator":"@sunoresearch","twitter_site":"@sunoresearch","twitter_misc":{"Escrito por":"Amanda Gushiken","Est. tempo de leitura":"4 minutos"},"schema":{"@context":"https:\/\/schema.org","@graph":[{"@type":"NewsArticle","@id":"https:\/\/www.suno.com.br\/noticias\/roraima-venezuela-colombia-conflito-feridos\/#article","isPartOf":{"@id":"https:\/\/www.suno.com.br\/noticias\/roraima-venezuela-colombia-conflito-feridos\/"},"author":{"name":"Amanda Gushiken","@id":"https:\/\/www.suno.com.br\/noticias\/#\/schema\/person\/a5b06fa4e879d8e8e119c6ed3cd630d1"},"headline":"Roraima atende 11 feridos do confronto na fronteira com a Venezuela","datePublished":"2019-02-23T16:52:16+00:00","dateModified":"2019-02-23T21:33:48+00:00","mainEntityOfPage":{"@id":"https:\/\/www.suno.com.br\/noticias\/roraima-venezuela-colombia-conflito-feridos\/"},"wordCount":716,"publisher":{"@id":"https:\/\/www.suno.com.br\/noticias\/#organization"},"image":{"@id":"https:\/\/www.suno.com.br\/noticias\/roraima-venezuela-colombia-conflito-feridos\/#primaryimage"},"thumbnailUrl":"https:\/\/files.sunoresearch.com.br\/n\/uploads\/2018\/11\/3854ede0-venezuela-jpg.webp","keywords":["Juan Guaid\u00f3","Nicol\u00e1s Maduro","Venezuela"],"articleSection":["Internacional"],"inLanguage":"pt-BR"},{"@type":"WebPage","@id":"https:\/\/www.suno.com.br\/noticias\/roraima-venezuela-colombia-conflito-feridos\/","url":"https:\/\/www.suno.com.br\/noticias\/roraima-venezuela-colombia-conflito-feridos\/","name":"Roraima atende 11 feridos do confronto na fronteira com a Venezuela","isPartOf":{"@id":"https:\/\/www.suno.com.br\/noticias\/#website"},"primaryImageOfPage":{"@id":"https:\/\/www.suno.com.br\/noticias\/roraima-venezuela-colombia-conflito-feridos\/#primaryimage"},"image":{"@id":"https:\/\/www.suno.com.br\/noticias\/roraima-venezuela-colombia-conflito-feridos\/#primaryimage"},"thumbnailUrl":"https:\/\/files.sunoresearch.com.br\/n\/uploads\/2018\/11\/3854ede0-venezuela-jpg.webp","datePublished":"2019-02-23T16:52:16+00:00","dateModified":"2019-02-23T21:33:48+00:00","description":"O n\u00famero de pessoas atendidas em Roraima sobe para 13, devido ao confronto na fronteira com a Venezuela. Clique para saber mais.","breadcrumb":{"@id":"https:\/\/www.suno.com.br\/noticias\/roraima-venezuela-colombia-conflito-feridos\/#breadcrumb"},"inLanguage":"pt-BR","potentialAction":[{"@type":"ReadAction","target":["https:\/\/www.suno.com.br\/noticias\/roraima-venezuela-colombia-conflito-feridos\/"]}]},{"@type":"ImageObject","inLanguage":"pt-BR","@id":"https:\/\/www.suno.com.br\/noticias\/roraima-venezuela-colombia-conflito-feridos\/#primaryimage","url":"https:\/\/files.sunoresearch.com.br\/n\/uploads\/2018\/11\/3854ede0-venezuela-jpg.webp","contentUrl":"https:\/\/files.sunoresearch.com.br\/n\/uploads\/2018\/11\/3854ede0-venezuela-jpg.webp","width":1920,"height":1280,"caption":"Bandeira da Venezuela. Foto: Divulga\u00e7\u00e3o."},{"@type":"BreadcrumbList","@id":"https:\/\/www.suno.com.br\/noticias\/roraima-venezuela-colombia-conflito-feridos\/#breadcrumb","itemListElement":[{"@type":"ListItem","position":1,"name":"Not\u00edcias","item":"https:\/\/www.suno.com.br\/noticias\/"},{"@type":"ListItem","position":2,"name":"Internacional","item":"https:\/\/www.suno.com.br\/noticias\/internacional\/"},{"@type":"ListItem","position":3,"name":"Roraima atende 11 feridos do confronto na fronteira com a Venezuela"}]},{"@type":"WebSite","@id":"https:\/\/www.suno.com.br\/noticias\/#website","url":"https:\/\/www.suno.com.br\/noticias\/","name":"Suno Not\u00edcias","description":"Seu portal de informa\u00e7\u00e3o sobre o mundo dos investimentos","publisher":{"@id":"https:\/\/www.suno.com.br\/noticias\/#organization"},"potentialAction":[{"@type":"SearchAction","target":{"@type":"EntryPoint","urlTemplate":"https:\/\/www.suno.com.br\/noticias\/?s={search_term_string}"},"query-input":{"@type":"PropertyValueSpecification","valueRequired":true,"valueName":"search_term_string"}}],"inLanguage":"pt-BR"},{"@type":"Organization","@id":"https:\/\/www.suno.com.br\/noticias\/#organization","name":"Suno Not\u00edcias","url":"https:\/\/www.suno.com.br\/noticias\/","logo":{"@type":"ImageObject","inLanguage":"pt-BR","@id":"https:\/\/www.suno.com.br\/noticias\/#\/schema\/logo\/image\/","url":"https:\/\/files.sunoresearch.com.br\/n\/uploads\/2021\/09\/suno-logo.png","contentUrl":"https:\/\/files.sunoresearch.com.br\/n\/uploads\/2021\/09\/suno-logo.png","width":180,"height":180,"caption":"Suno Not\u00edcias"},"image":{"@id":"https:\/\/www.suno.com.br\/noticias\/#\/schema\/logo\/image\/"},"sameAs":["https:\/\/facebook.com\/sunoresearch","https:\/\/x.com\/sunoresearch","https:\/\/www.instagram.com\/suno","https:\/\/www.linkedin.com\/company\/suno-research\/","https:\/\/www.youtube.com\/c\/sunoresearch"]},{"@type":"Person","@id":"https:\/\/www.suno.com.br\/noticias\/#\/schema\/person\/a5b06fa4e879d8e8e119c6ed3cd630d1","name":"Amanda Gushiken","image":{"@type":"ImageObject","inLanguage":"pt-BR","@id":"https:\/\/www.suno.com.br\/noticias\/#\/schema\/person\/image\/","url":"https:\/\/secure.gravatar.com\/avatar\/ecd84705e6b65e3685ae80d725501fbe?s=96&r=g","contentUrl":"https:\/\/secure.gravatar.com\/avatar\/ecd84705e6b65e3685ae80d725501fbe?s=96&r=g","caption":"Amanda Gushiken"},"description":"Amanda Sayuri Gushiken escreve sobre finan\u00e7as e neg\u00f3cios para o portal Suno Not\u00edcias. Antes, trabalhou selecionando not\u00edcias da imprensa para clientes do mercado financeiro. Tamb\u00e9m desenvolveu pesquisa acad\u00eamica pela Universidade Anhembi Morumbi na \u00e1rea de Teorias da Comunica\u00e7\u00e3o e \u00e9 fot\u00f3grafa nas horas vagas.","url":"https:\/\/www.suno.com.br\/noticias\/author\/amanda\/"}]}},"default_loop_html":"<div class=\"cardsPage__listCard__boxs\"><div class=\"cardsPage__listCard__boxs__img\"><a href=\"https:\/\/www.suno.com.br\/noticias\/roraima-venezuela-colombia-conflito-feridos\/\"><img class=\"mask\" src=\"https:\/\/www.suno.com.br\/noticias\/wp-content\/themes\/suno\/resources\/images\/spotlight\/spotlight1img\/bg-mask.png\" alt=\"Image Mask\"\/><img src=\"https:\/\/files.sunoresearch.com.br\/n\/uploads\/2018\/11\/3854ede0-venezuela-400x200.webp\" alt=\"Roraima atende 11 feridos do confronto na fronteira com a Venezuela\"\/><\/a><span class=\"spotlightCategory\"><a href=\"https:\/\/www.suno.com.br\/noticias\/internacional\/\">Internacional<\/a><\/span><\/div><div class=\"cardsPage__listCard__boxs__content\"><a href=\"https:\/\/www.suno.com.br\/noticias\/roraima-venezuela-colombia-conflito-feridos\/\"><h2 class=\"content__title\">Roraima atende 11 feridos do confronto na fronteira com a Venezuela<\/h2><\/a><div class=\"newsContent__article__meta\"><div class=\"newsContent__article__meta__authorBox\"><a href=\"https:\/\/www.suno.com.br\/noticias\/author\/amanda\/\" class=\"authorBox__avatar noMobi\"><img src=\"https:\/\/files.sunoresearch.com.br\/n\/uploads\/2018\/11\/c6ad30be-amanda-150x150.webp\" alt=\"Amanda Gushiken\"><\/a><div class=\"authorBox__name\"><span>por\n\t\t\t<a href=\"https:\/\/www.suno.com.br\/noticias\/author\/amanda\/\"><span itemprop=\"author\">Amanda Gushiken<\/span><\/a><\/span><time datetime=\"2019-02-23T13:52:16-03:00\" itemprop=\"datePublished\">23\/02\/2019 13:52<\/time><\/div><\/div><\/div><\/div><\/div>","single_layout":"posts","amp_enabled":true,"_links":{"self":[{"href":"https:\/\/www.suno.com.br\/noticias\/wp-json\/wp\/v2\/posts\/16390"}],"collection":[{"href":"https:\/\/www.suno.com.br\/noticias\/wp-json\/wp\/v2\/posts"}],"about":[{"href":"https:\/\/www.suno.com.br\/noticias\/wp-json\/wp\/v2\/types\/post"}],"author":[{"embeddable":true,"href":"https:\/\/www.suno.com.br\/noticias\/wp-json\/wp\/v2\/users\/12"}],"replies":[{"embeddable":true,"href":"https:\/\/www.suno.com.br\/noticias\/wp-json\/wp\/v2\/comments?post=16390"}],"version-history":[{"count":0,"href":"https:\/\/www.suno.com.br\/noticias\/wp-json\/wp\/v2\/posts\/16390\/revisions"}],"wp:featuredmedia":[{"embeddable":true,"href":"https:\/\/www.suno.com.br\/noticias\/wp-json\/wp\/v2\/media\/6069"}],"wp:attachment":[{"href":"https:\/\/www.suno.com.br\/noticias\/wp-json\/wp\/v2\/media?parent=16390"}],"wp:term":[{"taxonomy":"category","embeddable":true,"href":"https:\/\/www.suno.com.br\/noticias\/wp-json\/wp\/v2\/categories?post=16390"},{"taxonomy":"post_tag","embeddable":true,"href":"https:\/\/www.suno.com.br\/noticias\/wp-json\/wp\/v2\/tags?post=16390"},{"taxonomy":"suno_strategy","embeddable":true,"href":"https:\/\/www.suno.com.br\/noticias\/wp-json\/wp\/v2\/suno_strategy?post=16390"}],"curies":[{"name":"wp","href":"https:\/\/api.w.org\/{rel}","templated":true}]}}