{"id":163860,"date":"2021-07-06T09:00:13","date_gmt":"2021-07-06T12:00:13","guid":{"rendered":"https:\/\/www.suno.com.br\/noticias\/?p=163860"},"modified":"2021-07-06T09:16:00","modified_gmt":"2021-07-06T12:16:00","slug":"anima-anim3-grupo-laureate-ser-educacional-seer3","status":"publish","type":"post","link":"https:\/\/www.suno.com.br\/noticias\/anima-anim3-grupo-laureate-ser-educacional-seer3\/","title":{"rendered":"\u00c2nima (ANIM3) cancela venda dos ativos do Grupo Laureate para Ser (SEER3)"},"content":{"rendered":"<p>A <a href=\"https:\/\/www.suno.com.br\/acoes\/anim3\/\"><strong>\u00c2nima<\/strong> Educa\u00e7\u00e3o (ANIM3)<\/a> cancelou a venda de parte de ativos que eram do grupo americano Laureate para a <a href=\"https:\/\/www.suno.com.br\/acoes\/sedu3\/\" target=\"_blank\" rel=\"noopener noreferrer\">Ser Educacional (SEER3)<\/a>. A venda estava avaliada em R$ 180 milh\u00f5es e era um acordo entre as duas brasileiras de educa\u00e7\u00e3o para que encerrassem uma disputa judicial pelos ativos da Laureate.<\/p>\t<div class=\"wrapper-featured-image\">\n\t\t<figure class=\"spotlightImg\">\n\n\t\t\t<picture>\n\t\t\t\t<source media=\"(max-width: 768px)\" srcset=\"https:\/\/files.sunoresearch.com.br\/n\/uploads\/2021\/07\/93ac2386-people-2557399_1920-400x200.jpg\">\n\t\t\t\t<img loading=\"lazy\" decoding=\"async\" class=\"newsContent__article__imgCapa lazyloadDisabled \" src=\"https:\/\/files.sunoresearch.com.br\/n\/uploads\/2021\/07\/93ac2386-people-2557399_1920-800x450.jpg\" width=\"800\" height=\"450\" alt=\"\u00c2nima (ANIM3) cancela venda dos ativos do Grupo Laureate para Ser (SEER3)\" fetchpriority=high \/>\n\t\t\t<\/picture>\n\n\t\t\t<figcaption class=\"wp-caption-text wp-caption-text--show\">Startups e Propriedade Intelectual. Foto: Pixabay<\/figcaption>\n\t\t<\/figure>\n\t<\/div>\n\n\n\t<p>\n\t\t<a href=\"https:\/\/lp.suno.com.br\/planilha-controle-gastos\/\" target=\"_blank\" data-element=\"shortcode-suno-banner\" title=\"Banner SUNO, clique e saiba mais\">\n\t\t\t<picture>\n\t\t\t\t<source media=\"(max-width: 500px)\" srcset=\"https:\/\/files.sunoresearch.com.br\/n\/uploads\/2023\/03\/400x300-Planilha-controle-de-gastos.png\">\n\t\t\t\t<img class=\"newsContent__article__imgCapa newsContent__article__imgCapa--banner\"\n\t\t\t\t\tsrc=\"https:\/\/files.sunoresearch.com.br\/n\/uploads\/2023\/03\/1420x240-Planilha-controle-de-gastos.png\"\n\t\t\t\t\tdata-promo-id=\"101751\"\t\t\t\t\t\t\t\t\t\twidth='1420' height='240'\t\t\t\t\talt=\"https:\/\/files.sunoresearch.com.br\/n\/uploads\/2023\/03\/1420x240-Planilha-controle-de-gastos.png\"\n\t\t\t\t>\n\t\t\t<\/picture>\n\t\t<\/a>\n\t<\/p>\n\n\n<p>Para destravar a batalha que havia se iniciado em outubro do ano passado, a \u00c2nima decidiu vender alguns ativos do grupo para <strong>Ser,<\/strong> como a Faculdade Guararapes (<strong>UNIFG<\/strong>), Faculdade Internacional da Para\u00edba (<strong>FPB<\/strong>), o Centro Universit\u00e1rio Ritter dos Reis (<strong>UniRitter<\/strong>) e a Faculdade de Desenvolvimento do Rio Grande do Sul (<strong>Fadergs<\/strong>).<\/p>\n\t<p>\n\t\t<a href=\"https:\/\/lp.suno.com.br\/planilha-da-vida-financeira\/\" target=\"_blank\" data-element=\"shortcode-suno-banner\" title=\"Banner SUNO, clique e saiba mais\">\n\t\t\t<picture>\n\t\t\t\t<source media=\"(max-width: 500px)\" srcset=\"https:\/\/files.sunoresearch.com.br\/n\/uploads\/2023\/04\/400x300-Planilha-vida-financeira-true.png\">\n\t\t\t\t<img class=\"newsContent__article__imgCapa newsContent__article__imgCapa--banner\"\n\t\t\t\t\tsrc=\"https:\/\/files.sunoresearch.com.br\/n\/uploads\/2023\/04\/1420x240-Planilha-vida-financeira-true.png\"\n\t\t\t\t\tdata-promo-id=\"106682\"\t\t\t\t\t\t\t\t\t\twidth='1420' height='240'\t\t\t\t\talt=\"https:\/\/files.sunoresearch.com.br\/n\/uploads\/2023\/04\/1420x240-Planilha-vida-financeira-true.png\"\n\t\t\t\t>\n\t\t\t<\/picture>\n\t\t<\/a>\n\t<\/p>\n\n\n<p>No entanto, o comunicado divulgado ao mercado informou que a \u00c2nima permanece detentora de todos os ativos brasileiros do Grupo Laurate. No documento, a empresa informou que o distrato foi feito de forma amig\u00e1vel e <strong>extrajudicial<\/strong>.<\/p>\n<p>Na an\u00e1lise da Ativa Investimentos, essa movimenta\u00e7\u00e3o \u00e9 negativa para a Ser Educacional, uma vez que os ativos eram estrat\u00e9gicos para a empresa, e tamb\u00e9m para \u00c2nima que poderia auxili\u00e1-la na alavancagem.<\/p>\n<p>&#8220;Consideramos a not\u00edcia marginalmente negativa para a companhia uma vez que enxerg\u00e1vamos tais ativos como estrategicamente interessantes para a Ser, que poderia aumentar ainda mais sua participa\u00e7\u00e3o na regi\u00e3o nordeste e ganhar mercado na regi\u00e3o Sudeste, onde a Ser ainda \u00e9 pouco influente. Para a \u00c2nima, a negocia\u00e7\u00e3o poderia ajudar na desalavancagem, ainda assim, a companhia ainda pode vender tais ativos para outro player a um valuation mais atrativo.&#8221;<\/p>\n<h2>\u00c2nima firma contrato para compra da Laureate por R$ 4,4 bilh\u00f5es<\/h2>\n<p>A<strong> Ser Educacional<\/strong> tentou comprar a opera\u00e7\u00e3o brasileira do grupo e saiu na frente com uma oferta de R$ 4 bilh\u00f5es, em outubro do ano passado. Por\u00e9m, a \u00c2nima superou o valor e ofertou at\u00e9 R$ 500 milh\u00f5es a mais.<\/p>\n<p>Dessa forma, em novembro a empresa assinou um contrato com o Grupo Laureate que resulta na aquisi\u00e7\u00e3o de todos os ativos do grupo no Brasil. O contrato prev\u00ea um pre\u00e7o de R$ 4,4 bilh\u00f5es, sendo que R$ 3,77 bilh\u00f5es ser\u00e3o pagos em dinheiro para a Laureate e R$ 623 milh\u00f5es correspondem a d\u00edvidas de ativos que ser\u00e3o assumidos pela \u00c2nima.<\/p>\n<p>A proposta da \u00c2nima inclui tamb\u00e9m R$ 203 milh\u00f5es a t\u00edtulo de earn-out por 135 vagas de medicina pendentes de aprova\u00e7\u00e3o. Conforme <a class=\"suno-keyword\" href=\"https:\/\/www.suno.com.br\/artigos\/fato-relevante\/\" target=\"_blank\" rel=\"noopener noreferrer\" data-force=\"no\" data-priority=\"1\">fato relevante<\/a> divulgado em 30 de outubro, a \u00c2nima vai cumprir as obriga\u00e7\u00f5es, pagando multa de R$ 180 milh\u00f5es \u00e0<strong> Ser Educacional<\/strong>, referente ao processo do Go Shop.<\/p>\n<p>De acordo com fato relevante enviado \u00e0 Comiss\u00e3o de Valores Mobili\u00e1rios (CVM), a companhia ter\u00e1 um m\u00faltiplo de 10,7 vezes EV (Valor da companhia)\/<a class=\"suno-keyword\" href=\"https:\/\/www.suno.com.br\/artigos\/ebitda-ajustado\/\" target=\"_blank\" rel=\"noopener noreferrer\" data-force=\"no\" data-priority=\"1\">Ebitda ajustado<\/a> 2020, ou 6,7 vezes ap\u00f3s as sinergias mapeadas, em 2026.<\/p>\n<p>Em maio deste ano a Superintend\u00eancia Geral do Conselho Administrativo de Defesa Econ\u00f4mica (Cade) aprovou a aquisi\u00e7\u00e3o da <strong>\u00c2nima<\/strong>.<\/p>\n\t<p>\n\t\t<a href=\"https:\/\/lp.suno.com.br\/planilha-de-controle-de-investimentos\/\" target=\"_blank\" data-element=\"shortcode-suno-banner\" title=\"Banner SUNO, clique e saiba mais\">\n\t\t\t<picture>\n\t\t\t\t<source media=\"(max-width: 500px)\" srcset=\"https:\/\/files.sunoresearch.com.br\/n\/uploads\/2023\/03\/400x300-Controle-de-Investimentos.png\">\n\t\t\t\t<img class=\"newsContent__article__imgCapa newsContent__article__imgCapa--banner\"\n\t\t\t\t\tsrc=\"https:\/\/files.sunoresearch.com.br\/n\/uploads\/2023\/03\/1420x240-Controle-de-Investimentos.png\"\n\t\t\t\t\tdata-promo-id=\"75934\"\t\t\t\t\t\t\t\t\t\twidth='1420' height='240'\t\t\t\t\talt=\"https:\/\/files.sunoresearch.com.br\/n\/uploads\/2023\/03\/1420x240-Controle-de-Investimentos.png\"\n\t\t\t\t>\n\t\t\t<\/picture>\n\t\t<\/a>\n\t<\/p>\n\n\n","protected":false},"excerpt":{"rendered":"<p>A \u00c2nima Educa\u00e7\u00e3o (ANIM3) cancelou a venda de parte de ativos que eram do grupo americano Laureate para a Ser Educacional (SEER3). A venda estava avaliada em R$ 180 milh\u00f5es e era um acordo entre as duas brasileiras de educa\u00e7\u00e3o para que encerrassem uma disputa judicial pelos ativos da Laureate. Startups e Propriedade Intelectual. Foto: [&hellip;]<\/p>\n","protected":false},"author":15,"featured_media":163871,"comment_status":"closed","ping_status":"closed","sticky":false,"template":"","format":"standard","meta":[],"categories":[64],"tags":[361,105816,632],"suno_strategy":[],"class_list":["post-163860","post","type-post","status-publish","format-standard","has-post-thumbnail","hentry","category-negocios","tag-anima-anim3","tag-especialistas","tag-ser-educacional-seer3"],"yoast_head":"<!-- This site is optimized with the Yoast SEO plugin v24.4 - https:\/\/yoast.com\/wordpress\/plugins\/seo\/ -->\n<title>\u00c2nima (ANIM3) cancela venda dos ativos da Laureate para SEER<\/title>\n<meta name=\"description\" content=\"\u00c2nima Educa\u00e7\u00e3o (ANIM3) cancelou a venda de parte de ativos que eram do grupo americano Laureate para a Ser Educacional (SEER3). Clique aqui\" \/>\n<meta name=\"robots\" content=\"index, follow, max-snippet:-1, max-image-preview:large, max-video-preview:-1\" \/>\n<link rel=\"canonical\" href=\"https:\/\/www.suno.com.br\/noticias\/anima-anim3-grupo-laureate-ser-educacional-seer3\/\" \/>\n<meta property=\"og:locale\" content=\"pt_BR\" \/>\n<meta property=\"og:type\" content=\"article\" \/>\n<meta property=\"og:title\" content=\"\u00c2nima (ANIM3) cancela venda dos ativos da Laureate para SEER\" \/>\n<meta property=\"og:description\" content=\"\u00c2nima Educa\u00e7\u00e3o (ANIM3) cancelou a venda de parte de ativos que eram do grupo americano Laureate para a Ser Educacional (SEER3). Clique aqui\" \/>\n<meta property=\"og:url\" content=\"https:\/\/www.suno.com.br\/noticias\/anima-anim3-grupo-laureate-ser-educacional-seer3\/\" \/>\n<meta property=\"og:site_name\" content=\"Suno Not\u00edcias\" \/>\n<meta property=\"article:publisher\" content=\"https:\/\/facebook.com\/sunoresearch\" \/>\n<meta property=\"og:image\" content=\"https:\/\/files.sunoresearch.com.br\/n\/uploads\/2021\/07\/93ac2386-people-2557399_1920.jpg\" \/>\n\t<meta property=\"og:image:width\" content=\"1920\" \/>\n\t<meta property=\"og:image:height\" content=\"1279\" \/>\n\t<meta property=\"og:image:type\" content=\"image\/jpeg\" \/>\n<meta name=\"author\" content=\"Poliana Santos\" \/>\n<meta name=\"twitter:card\" content=\"summary_large_image\" \/>\n<meta name=\"twitter:creator\" content=\"@sunoresearch\" \/>\n<meta name=\"twitter:site\" content=\"@sunoresearch\" \/>\n<meta name=\"twitter:label1\" content=\"Escrito por\" \/>\n\t<meta name=\"twitter:data1\" content=\"Poliana Santos\" \/>\n\t<meta name=\"twitter:label2\" content=\"Est. tempo de leitura\" \/>\n\t<meta name=\"twitter:data2\" content=\"2 minutos\" \/>\n<script type=\"application\/ld+json\" class=\"yoast-schema-graph\">{\"@context\":\"https:\/\/schema.org\",\"@graph\":[{\"@type\":\"NewsArticle\",\"@id\":\"https:\/\/www.suno.com.br\/noticias\/anima-anim3-grupo-laureate-ser-educacional-seer3\/#article\",\"isPartOf\":{\"@id\":\"https:\/\/www.suno.com.br\/noticias\/anima-anim3-grupo-laureate-ser-educacional-seer3\/\"},\"author\":{\"name\":\"Poliana Santos\",\"@id\":\"https:\/\/www.suno.com.br\/noticias\/#\/schema\/person\/02ec1f752758247878a2bf4abee1aeda\"},\"headline\":\"\u00c2nima (ANIM3) cancela venda dos ativos do Grupo Laureate para Ser (SEER3)\",\"datePublished\":\"2021-07-06T12:00:13+00:00\",\"dateModified\":\"2021-07-06T12:16:00+00:00\",\"mainEntityOfPage\":{\"@id\":\"https:\/\/www.suno.com.br\/noticias\/anima-anim3-grupo-laureate-ser-educacional-seer3\/\"},\"wordCount\":499,\"publisher\":{\"@id\":\"https:\/\/www.suno.com.br\/noticias\/#organization\"},\"image\":{\"@id\":\"https:\/\/www.suno.com.br\/noticias\/anima-anim3-grupo-laureate-ser-educacional-seer3\/#primaryimage\"},\"thumbnailUrl\":\"https:\/\/files.sunoresearch.com.br\/n\/uploads\/2021\/07\/93ac2386-people-2557399_1920.jpg\",\"keywords\":[\"Anima (ANIM3)\",\"Especialistas\",\"Ser Educacional (SEER3)\"],\"articleSection\":[\"Neg\u00f3cios\"],\"inLanguage\":\"pt-BR\"},{\"@type\":\"WebPage\",\"@id\":\"https:\/\/www.suno.com.br\/noticias\/anima-anim3-grupo-laureate-ser-educacional-seer3\/\",\"url\":\"https:\/\/www.suno.com.br\/noticias\/anima-anim3-grupo-laureate-ser-educacional-seer3\/\",\"name\":\"\u00c2nima (ANIM3) cancela venda dos ativos da Laureate para SEER\",\"isPartOf\":{\"@id\":\"https:\/\/www.suno.com.br\/noticias\/#website\"},\"primaryImageOfPage\":{\"@id\":\"https:\/\/www.suno.com.br\/noticias\/anima-anim3-grupo-laureate-ser-educacional-seer3\/#primaryimage\"},\"image\":{\"@id\":\"https:\/\/www.suno.com.br\/noticias\/anima-anim3-grupo-laureate-ser-educacional-seer3\/#primaryimage\"},\"thumbnailUrl\":\"https:\/\/files.sunoresearch.com.br\/n\/uploads\/2021\/07\/93ac2386-people-2557399_1920.jpg\",\"datePublished\":\"2021-07-06T12:00:13+00:00\",\"dateModified\":\"2021-07-06T12:16:00+00:00\",\"description\":\"\u00c2nima Educa\u00e7\u00e3o (ANIM3) cancelou a venda de parte de ativos que eram do grupo americano Laureate para a Ser Educacional (SEER3). Clique aqui\",\"breadcrumb\":{\"@id\":\"https:\/\/www.suno.com.br\/noticias\/anima-anim3-grupo-laureate-ser-educacional-seer3\/#breadcrumb\"},\"inLanguage\":\"pt-BR\",\"potentialAction\":[{\"@type\":\"ReadAction\",\"target\":[\"https:\/\/www.suno.com.br\/noticias\/anima-anim3-grupo-laureate-ser-educacional-seer3\/\"]}]},{\"@type\":\"ImageObject\",\"inLanguage\":\"pt-BR\",\"@id\":\"https:\/\/www.suno.com.br\/noticias\/anima-anim3-grupo-laureate-ser-educacional-seer3\/#primaryimage\",\"url\":\"https:\/\/files.sunoresearch.com.br\/n\/uploads\/2021\/07\/93ac2386-people-2557399_1920.jpg\",\"contentUrl\":\"https:\/\/files.sunoresearch.com.br\/n\/uploads\/2021\/07\/93ac2386-people-2557399_1920.jpg\",\"width\":1920,\"height\":1279,\"caption\":\"Startups e Propriedade Intelectual. Foto: Pixabay\"},{\"@type\":\"BreadcrumbList\",\"@id\":\"https:\/\/www.suno.com.br\/noticias\/anima-anim3-grupo-laureate-ser-educacional-seer3\/#breadcrumb\",\"itemListElement\":[{\"@type\":\"ListItem\",\"position\":1,\"name\":\"Not\u00edcias\",\"item\":\"https:\/\/www.suno.com.br\/noticias\/\"},{\"@type\":\"ListItem\",\"position\":2,\"name\":\"Neg\u00f3cios\",\"item\":\"https:\/\/www.suno.com.br\/noticias\/negocios\/\"},{\"@type\":\"ListItem\",\"position\":3,\"name\":\"\u00c2nima (ANIM3) cancela venda dos ativos do Grupo Laureate para Ser (SEER3)\"}]},{\"@type\":\"WebSite\",\"@id\":\"https:\/\/www.suno.com.br\/noticias\/#website\",\"url\":\"https:\/\/www.suno.com.br\/noticias\/\",\"name\":\"Suno Not\u00edcias\",\"description\":\"Seu portal de informa\u00e7\u00e3o sobre o mundo dos investimentos\",\"publisher\":{\"@id\":\"https:\/\/www.suno.com.br\/noticias\/#organization\"},\"potentialAction\":[{\"@type\":\"SearchAction\",\"target\":{\"@type\":\"EntryPoint\",\"urlTemplate\":\"https:\/\/www.suno.com.br\/noticias\/?s={search_term_string}\"},\"query-input\":{\"@type\":\"PropertyValueSpecification\",\"valueRequired\":true,\"valueName\":\"search_term_string\"}}],\"inLanguage\":\"pt-BR\"},{\"@type\":\"Organization\",\"@id\":\"https:\/\/www.suno.com.br\/noticias\/#organization\",\"name\":\"Suno Not\u00edcias\",\"url\":\"https:\/\/www.suno.com.br\/noticias\/\",\"logo\":{\"@type\":\"ImageObject\",\"inLanguage\":\"pt-BR\",\"@id\":\"https:\/\/www.suno.com.br\/noticias\/#\/schema\/logo\/image\/\",\"url\":\"https:\/\/files.sunoresearch.com.br\/n\/uploads\/2021\/09\/suno-logo.png\",\"contentUrl\":\"https:\/\/files.sunoresearch.com.br\/n\/uploads\/2021\/09\/suno-logo.png\",\"width\":180,\"height\":180,\"caption\":\"Suno Not\u00edcias\"},\"image\":{\"@id\":\"https:\/\/www.suno.com.br\/noticias\/#\/schema\/logo\/image\/\"},\"sameAs\":[\"https:\/\/facebook.com\/sunoresearch\",\"https:\/\/x.com\/sunoresearch\",\"https:\/\/www.instagram.com\/suno\",\"https:\/\/www.linkedin.com\/company\/suno-research\/\",\"https:\/\/www.youtube.com\/c\/sunoresearch\"]},{\"@type\":\"Person\",\"@id\":\"https:\/\/www.suno.com.br\/noticias\/#\/schema\/person\/02ec1f752758247878a2bf4abee1aeda\",\"name\":\"Poliana Santos\",\"image\":{\"@type\":\"ImageObject\",\"inLanguage\":\"pt-BR\",\"@id\":\"https:\/\/www.suno.com.br\/noticias\/#\/schema\/person\/image\/\",\"url\":\"https:\/\/secure.gravatar.com\/avatar\/0645bd32f23d87b2130f2b2dff1d3f8d?s=96&r=g\",\"contentUrl\":\"https:\/\/secure.gravatar.com\/avatar\/0645bd32f23d87b2130f2b2dff1d3f8d?s=96&r=g\",\"caption\":\"Poliana Santos\"},\"description\":\"Rep\u00f3rter no Suno Not\u00edcias, com cobertura em mercado financeiro, economia, finan\u00e7as pessoais, renda fixa e varejo. Jornalista formada pela Faculdade C\u00e1sper L\u00edbero e possui passagem na R\u00e1dio Gazeta AM com a produ\u00e7\u00e3o de conte\u00fado sobre economia, pol\u00edtica, sa\u00fade, moda e m\u00fasica. Possui certificado de conclus\u00e3o do curso de An\u00e1lise de Balan\u00e7os pela Funda\u00e7\u00e3o Bradesco, Agenda Brasil pela FAAP, Educa\u00e7\u00e3o Pol\u00edtica por Alexandre Garcia e do Tesouro Direto e Mercado de A\u00e7\u00f5es pela B3.\",\"url\":\"https:\/\/www.suno.com.br\/noticias\/author\/poliana-santos\/\"}]}<\/script>\n<!-- \/ Yoast SEO plugin. -->","yoast_head_json":{"title":"\u00c2nima (ANIM3) cancela venda dos ativos da Laureate para SEER","description":"\u00c2nima Educa\u00e7\u00e3o (ANIM3) cancelou a venda de parte de ativos que eram do grupo americano Laureate para a Ser Educacional (SEER3). Clique aqui","robots":{"index":"index","follow":"follow","max-snippet":"max-snippet:-1","max-image-preview":"max-image-preview:large","max-video-preview":"max-video-preview:-1"},"canonical":"https:\/\/www.suno.com.br\/noticias\/anima-anim3-grupo-laureate-ser-educacional-seer3\/","og_locale":"pt_BR","og_type":"article","og_title":"\u00c2nima (ANIM3) cancela venda dos ativos da Laureate para SEER","og_description":"\u00c2nima Educa\u00e7\u00e3o (ANIM3) cancelou a venda de parte de ativos que eram do grupo americano Laureate para a Ser Educacional (SEER3). Clique aqui","og_url":"https:\/\/www.suno.com.br\/noticias\/anima-anim3-grupo-laureate-ser-educacional-seer3\/","og_site_name":"Suno Not\u00edcias","article_publisher":"https:\/\/facebook.com\/sunoresearch","og_image":[{"width":1920,"height":1279,"url":"https:\/\/files.sunoresearch.com.br\/n\/uploads\/2021\/07\/93ac2386-people-2557399_1920.jpg","type":"image\/jpeg"}],"author":"Poliana Santos","twitter_card":"summary_large_image","twitter_creator":"@sunoresearch","twitter_site":"@sunoresearch","twitter_misc":{"Escrito por":"Poliana Santos","Est. tempo de leitura":"2 minutos"},"schema":{"@context":"https:\/\/schema.org","@graph":[{"@type":"NewsArticle","@id":"https:\/\/www.suno.com.br\/noticias\/anima-anim3-grupo-laureate-ser-educacional-seer3\/#article","isPartOf":{"@id":"https:\/\/www.suno.com.br\/noticias\/anima-anim3-grupo-laureate-ser-educacional-seer3\/"},"author":{"name":"Poliana Santos","@id":"https:\/\/www.suno.com.br\/noticias\/#\/schema\/person\/02ec1f752758247878a2bf4abee1aeda"},"headline":"\u00c2nima (ANIM3) cancela venda dos ativos do Grupo Laureate para Ser (SEER3)","datePublished":"2021-07-06T12:00:13+00:00","dateModified":"2021-07-06T12:16:00+00:00","mainEntityOfPage":{"@id":"https:\/\/www.suno.com.br\/noticias\/anima-anim3-grupo-laureate-ser-educacional-seer3\/"},"wordCount":499,"publisher":{"@id":"https:\/\/www.suno.com.br\/noticias\/#organization"},"image":{"@id":"https:\/\/www.suno.com.br\/noticias\/anima-anim3-grupo-laureate-ser-educacional-seer3\/#primaryimage"},"thumbnailUrl":"https:\/\/files.sunoresearch.com.br\/n\/uploads\/2021\/07\/93ac2386-people-2557399_1920.jpg","keywords":["Anima (ANIM3)","Especialistas","Ser Educacional (SEER3)"],"articleSection":["Neg\u00f3cios"],"inLanguage":"pt-BR"},{"@type":"WebPage","@id":"https:\/\/www.suno.com.br\/noticias\/anima-anim3-grupo-laureate-ser-educacional-seer3\/","url":"https:\/\/www.suno.com.br\/noticias\/anima-anim3-grupo-laureate-ser-educacional-seer3\/","name":"\u00c2nima (ANIM3) cancela venda dos ativos da Laureate para SEER","isPartOf":{"@id":"https:\/\/www.suno.com.br\/noticias\/#website"},"primaryImageOfPage":{"@id":"https:\/\/www.suno.com.br\/noticias\/anima-anim3-grupo-laureate-ser-educacional-seer3\/#primaryimage"},"image":{"@id":"https:\/\/www.suno.com.br\/noticias\/anima-anim3-grupo-laureate-ser-educacional-seer3\/#primaryimage"},"thumbnailUrl":"https:\/\/files.sunoresearch.com.br\/n\/uploads\/2021\/07\/93ac2386-people-2557399_1920.jpg","datePublished":"2021-07-06T12:00:13+00:00","dateModified":"2021-07-06T12:16:00+00:00","description":"\u00c2nima Educa\u00e7\u00e3o (ANIM3) cancelou a venda de parte de ativos que eram do grupo americano Laureate para a Ser Educacional (SEER3). Clique aqui","breadcrumb":{"@id":"https:\/\/www.suno.com.br\/noticias\/anima-anim3-grupo-laureate-ser-educacional-seer3\/#breadcrumb"},"inLanguage":"pt-BR","potentialAction":[{"@type":"ReadAction","target":["https:\/\/www.suno.com.br\/noticias\/anima-anim3-grupo-laureate-ser-educacional-seer3\/"]}]},{"@type":"ImageObject","inLanguage":"pt-BR","@id":"https:\/\/www.suno.com.br\/noticias\/anima-anim3-grupo-laureate-ser-educacional-seer3\/#primaryimage","url":"https:\/\/files.sunoresearch.com.br\/n\/uploads\/2021\/07\/93ac2386-people-2557399_1920.jpg","contentUrl":"https:\/\/files.sunoresearch.com.br\/n\/uploads\/2021\/07\/93ac2386-people-2557399_1920.jpg","width":1920,"height":1279,"caption":"Startups e Propriedade Intelectual. Foto: Pixabay"},{"@type":"BreadcrumbList","@id":"https:\/\/www.suno.com.br\/noticias\/anima-anim3-grupo-laureate-ser-educacional-seer3\/#breadcrumb","itemListElement":[{"@type":"ListItem","position":1,"name":"Not\u00edcias","item":"https:\/\/www.suno.com.br\/noticias\/"},{"@type":"ListItem","position":2,"name":"Neg\u00f3cios","item":"https:\/\/www.suno.com.br\/noticias\/negocios\/"},{"@type":"ListItem","position":3,"name":"\u00c2nima (ANIM3) cancela venda dos ativos do Grupo Laureate para Ser (SEER3)"}]},{"@type":"WebSite","@id":"https:\/\/www.suno.com.br\/noticias\/#website","url":"https:\/\/www.suno.com.br\/noticias\/","name":"Suno Not\u00edcias","description":"Seu portal de informa\u00e7\u00e3o sobre o mundo dos investimentos","publisher":{"@id":"https:\/\/www.suno.com.br\/noticias\/#organization"},"potentialAction":[{"@type":"SearchAction","target":{"@type":"EntryPoint","urlTemplate":"https:\/\/www.suno.com.br\/noticias\/?s={search_term_string}"},"query-input":{"@type":"PropertyValueSpecification","valueRequired":true,"valueName":"search_term_string"}}],"inLanguage":"pt-BR"},{"@type":"Organization","@id":"https:\/\/www.suno.com.br\/noticias\/#organization","name":"Suno Not\u00edcias","url":"https:\/\/www.suno.com.br\/noticias\/","logo":{"@type":"ImageObject","inLanguage":"pt-BR","@id":"https:\/\/www.suno.com.br\/noticias\/#\/schema\/logo\/image\/","url":"https:\/\/files.sunoresearch.com.br\/n\/uploads\/2021\/09\/suno-logo.png","contentUrl":"https:\/\/files.sunoresearch.com.br\/n\/uploads\/2021\/09\/suno-logo.png","width":180,"height":180,"caption":"Suno Not\u00edcias"},"image":{"@id":"https:\/\/www.suno.com.br\/noticias\/#\/schema\/logo\/image\/"},"sameAs":["https:\/\/facebook.com\/sunoresearch","https:\/\/x.com\/sunoresearch","https:\/\/www.instagram.com\/suno","https:\/\/www.linkedin.com\/company\/suno-research\/","https:\/\/www.youtube.com\/c\/sunoresearch"]},{"@type":"Person","@id":"https:\/\/www.suno.com.br\/noticias\/#\/schema\/person\/02ec1f752758247878a2bf4abee1aeda","name":"Poliana Santos","image":{"@type":"ImageObject","inLanguage":"pt-BR","@id":"https:\/\/www.suno.com.br\/noticias\/#\/schema\/person\/image\/","url":"https:\/\/secure.gravatar.com\/avatar\/0645bd32f23d87b2130f2b2dff1d3f8d?s=96&r=g","contentUrl":"https:\/\/secure.gravatar.com\/avatar\/0645bd32f23d87b2130f2b2dff1d3f8d?s=96&r=g","caption":"Poliana Santos"},"description":"Rep\u00f3rter no Suno Not\u00edcias, com cobertura em mercado financeiro, economia, finan\u00e7as pessoais, renda fixa e varejo. Jornalista formada pela Faculdade C\u00e1sper L\u00edbero e possui passagem na R\u00e1dio Gazeta AM com a produ\u00e7\u00e3o de conte\u00fado sobre economia, pol\u00edtica, sa\u00fade, moda e m\u00fasica. Possui certificado de conclus\u00e3o do curso de An\u00e1lise de Balan\u00e7os pela Funda\u00e7\u00e3o Bradesco, Agenda Brasil pela FAAP, Educa\u00e7\u00e3o Pol\u00edtica por Alexandre Garcia e do Tesouro Direto e Mercado de A\u00e7\u00f5es pela B3.","url":"https:\/\/www.suno.com.br\/noticias\/author\/poliana-santos\/"}]}},"default_loop_html":"<div class=\"cardsPage__listCard__boxs\"><div class=\"cardsPage__listCard__boxs__img\"><a href=\"https:\/\/www.suno.com.br\/noticias\/anima-anim3-grupo-laureate-ser-educacional-seer3\/\"><img class=\"mask\" src=\"https:\/\/www.suno.com.br\/noticias\/wp-content\/themes\/suno\/resources\/images\/spotlight\/spotlight1img\/bg-mask.png\" alt=\"Image Mask\"\/><img src=\"https:\/\/files.sunoresearch.com.br\/n\/uploads\/2021\/07\/93ac2386-people-2557399_1920-400x200.jpg\" alt=\"\u00c2nima (ANIM3) cancela venda dos ativos do Grupo Laureate para Ser (SEER3)\"\/><\/a><span class=\"spotlightCategory\"><a href=\"https:\/\/www.suno.com.br\/noticias\/negocios\/\">Neg\u00f3cios<\/a><\/span><\/div><div class=\"cardsPage__listCard__boxs__content\"><a href=\"https:\/\/www.suno.com.br\/noticias\/anima-anim3-grupo-laureate-ser-educacional-seer3\/\"><h2 class=\"content__title\">\u00c2nima (ANIM3) cancela venda dos ativos do Grupo Laureate para Ser (SEER3)<\/h2><\/a><div class=\"newsContent__article__meta\"><div class=\"newsContent__article__meta__authorBox\"><a href=\"https:\/\/www.suno.com.br\/noticias\/author\/poliana-santos\/\" class=\"authorBox__avatar noMobi\"><img src=\"https:\/\/files.sunoresearch.com.br\/n\/uploads\/2020\/08\/7ef34026-whatsapp-image-2020-08-03-at-12.37.57-150x150.webp\" alt=\"Poliana Santos\"><\/a><div class=\"authorBox__name\"><span>por\n\t\t\t<a href=\"https:\/\/www.suno.com.br\/noticias\/author\/poliana-santos\/\"><span itemprop=\"author\">Poliana Santos<\/span><\/a><\/span><time datetime=\"2021-07-06T09:00:13-03:00\" itemprop=\"datePublished\">06\/07\/2021 09:00<\/time><\/div><\/div><\/div><\/div><\/div>","single_layout":"posts","amp_enabled":true,"_links":{"self":[{"href":"https:\/\/www.suno.com.br\/noticias\/wp-json\/wp\/v2\/posts\/163860"}],"collection":[{"href":"https:\/\/www.suno.com.br\/noticias\/wp-json\/wp\/v2\/posts"}],"about":[{"href":"https:\/\/www.suno.com.br\/noticias\/wp-json\/wp\/v2\/types\/post"}],"author":[{"embeddable":true,"href":"https:\/\/www.suno.com.br\/noticias\/wp-json\/wp\/v2\/users\/15"}],"replies":[{"embeddable":true,"href":"https:\/\/www.suno.com.br\/noticias\/wp-json\/wp\/v2\/comments?post=163860"}],"version-history":[{"count":3,"href":"https:\/\/www.suno.com.br\/noticias\/wp-json\/wp\/v2\/posts\/163860\/revisions"}],"predecessor-version":[{"id":163905,"href":"https:\/\/www.suno.com.br\/noticias\/wp-json\/wp\/v2\/posts\/163860\/revisions\/163905"}],"wp:featuredmedia":[{"embeddable":true,"href":"https:\/\/www.suno.com.br\/noticias\/wp-json\/wp\/v2\/media\/163871"}],"wp:attachment":[{"href":"https:\/\/www.suno.com.br\/noticias\/wp-json\/wp\/v2\/media?parent=163860"}],"wp:term":[{"taxonomy":"category","embeddable":true,"href":"https:\/\/www.suno.com.br\/noticias\/wp-json\/wp\/v2\/categories?post=163860"},{"taxonomy":"post_tag","embeddable":true,"href":"https:\/\/www.suno.com.br\/noticias\/wp-json\/wp\/v2\/tags?post=163860"},{"taxonomy":"suno_strategy","embeddable":true,"href":"https:\/\/www.suno.com.br\/noticias\/wp-json\/wp\/v2\/suno_strategy?post=163860"}],"curies":[{"name":"wp","href":"https:\/\/api.w.org\/{rel}","templated":true}]}}