{"id":163837,"date":"2021-07-06T07:41:49","date_gmt":"2021-07-06T10:41:49","guid":{"rendered":"https:\/\/www.suno.com.br\/noticias\/?p=163837"},"modified":"2021-07-06T07:41:49","modified_gmt":"2021-07-06T10:41:49","slug":"alta-diesel-greve-dos-caminhoneiros","status":"publish","type":"post","link":"https:\/\/www.suno.com.br\/noticias\/alta-diesel-greve-dos-caminhoneiros\/","title":{"rendered":"Alta do diesel surpreende e greve dos caminhoneiros ganha for\u00e7a, diz CNTRC"},"content":{"rendered":"<p>O primeiro reajuste de combust\u00edveis da gest\u00e3o do general Joaquim Silva e Luna na <a class=\"suno-keyword\" href=\"https:\/\/www.suno.com.br\/acoes\/PETR4\/\" target=\"_blank\" rel=\"noopener noreferrer\" data-force=\"yes\" data-priority=\"2\">Petrobras (PETR4)<\/a> pegou os <strong>caminhoneiros<\/strong> de surpresa. H\u00e1 menos de uma semana, membros do Conselho Nacional do Transporte Rodovi\u00e1rio de Cargas (CNTRC) se reuniram com o presidente da estatal e pediram para que o pre\u00e7o do diesel n\u00e3o subisse.<\/p>\t<div class=\"wrapper-featured-image\">\n\t\t<figure class=\"spotlightImg\">\n\n\t\t\t<picture>\n\t\t\t\t<source media=\"(max-width: 768px)\" srcset=\"https:\/\/files.sunoresearch.com.br\/n\/uploads\/2021\/06\/b553c058-truck-2920533_1920-400x200.webp\">\n\t\t\t\t<img loading=\"lazy\" decoding=\"async\" class=\"newsContent__article__imgCapa lazyloadDisabled \" src=\"https:\/\/files.sunoresearch.com.br\/n\/uploads\/2021\/06\/b553c058-truck-2920533_1920-800x450.webp\" width=\"800\" height=\"450\" alt=\"Alta do diesel surpreende e greve dos caminhoneiros ganha for\u00e7a, diz CNTRC\" fetchpriority=high \/>\n\t\t\t<\/picture>\n\n\t\t\t<figcaption class=\"wp-caption-text wp-caption-text--show\">Foto: Pixabay<\/figcaption>\n\t\t<\/figure>\n\t<\/div>\n\n\n\t<p>\n\t\t<a href=\"https:\/\/lp.suno.com.br\/planilha-controle-gastos\/\" target=\"_blank\" data-element=\"shortcode-suno-banner\" title=\"Banner SUNO, clique e saiba mais\">\n\t\t\t<picture>\n\t\t\t\t<source media=\"(max-width: 500px)\" srcset=\"https:\/\/files.sunoresearch.com.br\/n\/uploads\/2023\/03\/400x300-Planilha-controle-de-gastos.png\">\n\t\t\t\t<img class=\"newsContent__article__imgCapa newsContent__article__imgCapa--banner\"\n\t\t\t\t\tsrc=\"https:\/\/files.sunoresearch.com.br\/n\/uploads\/2023\/03\/1420x240-Planilha-controle-de-gastos.png\"\n\t\t\t\t\tdata-promo-id=\"101751\"\t\t\t\t\t\t\t\t\t\twidth='1420' height='240'\t\t\t\t\talt=\"https:\/\/files.sunoresearch.com.br\/n\/uploads\/2023\/03\/1420x240-Planilha-controle-de-gastos.png\"\n\t\t\t\t>\n\t\t\t<\/picture>\n\t\t<\/a>\n\t<\/p>\n\n\n<p>&#8220;Deixamos claro na reuni\u00e3o que se o <strong>diesel<\/strong> subisse ia afetar seriamente n\u00e3o s\u00f3 os caminhoneiros, mas a sociedade em geral, que j\u00e1 est\u00e1 muito pressionada&#8221;, disse Pl\u00ednio Nestor Dias, presidente do CNTRC.<\/p>\n<p>Apesar de ter baixo impacto na <strong>infla\u00e7\u00e3o oficial (IPCA)<\/strong>, a alta do diesel afeta toda a cadeia produtiva, que depende do frete rodovi\u00e1rio para distribui\u00e7\u00e3o no Pa\u00eds.<\/p>\n\t<p>\n\t\t<a href=\"https:\/\/lp.suno.com.br\/planilha-da-vida-financeira\/\" target=\"_blank\" data-element=\"shortcode-suno-banner\" title=\"Banner SUNO, clique e saiba mais\">\n\t\t\t<picture>\n\t\t\t\t<source media=\"(max-width: 500px)\" srcset=\"https:\/\/files.sunoresearch.com.br\/n\/uploads\/2023\/04\/400x300-Planilha-vida-financeira-true.png\">\n\t\t\t\t<img class=\"newsContent__article__imgCapa newsContent__article__imgCapa--banner\"\n\t\t\t\t\tsrc=\"https:\/\/files.sunoresearch.com.br\/n\/uploads\/2023\/04\/1420x240-Planilha-vida-financeira-true.png\"\n\t\t\t\t\tdata-promo-id=\"106682\"\t\t\t\t\t\t\t\t\t\twidth='1420' height='240'\t\t\t\t\talt=\"https:\/\/files.sunoresearch.com.br\/n\/uploads\/2023\/04\/1420x240-Planilha-vida-financeira-true.png\"\n\t\t\t\t>\n\t\t\t<\/picture>\n\t\t<\/a>\n\t<\/p>\n\n\n<p>Dias afirmou que a <strong>greve dos caminhoneiros<\/strong>, marcada para o pr\u00f3ximo dia 25, continua de p\u00e9 e ganha for\u00e7a com a alta. Segundo ele, o CNTRC enviar\u00e1 uma carta em resposta \u00e0 Petrobras nesta segunda-feira (5) afirmando mais uma vez a posi\u00e7\u00e3o da categoria.<\/p>\n<p>&#8220;Meu celular n\u00e3o parou o dia todo, s\u00e3o caminhoneiros querendo saber o que aconteceu. Vamos tra\u00e7ar nossa estrat\u00e9gia para ningu\u00e9m sair prejudicado, mas vai ter greve&#8221;, informou.<\/p>\n<h2>Caminhoneiros criticam aumento dos combust\u00edveis e do g\u00e1s de cozinha<\/h2>\n<p>Tamb\u00e9m os petroleiros criticaram o novo aumento dos combust\u00edveis anunciado pela petroleira &#8211; 6% para <strong>gasolina<\/strong> e <strong>GLP<\/strong> e 3,7% para o diesel. Segundo o coordenador geral da Federa\u00e7\u00e3o \u00danica dos Petroleiros (FUP), Deyvid Bacelar, o aumento veio da press\u00e3o de<strong> importadores de combust\u00edveis<\/strong> e de <strong>investidores<\/strong> do <a class=\"suno-keyword\" href=\"https:\/\/www.suno.com.br\/artigos\/mercado-financeiro\/\" target=\"_blank\" rel=\"noopener noreferrer\" data-force=\"no\" data-priority=\"2\">mercado financeiro<\/a>.<\/p>\n<p>&#8220;O novo aumento nos pre\u00e7os da gasolina, do diesel e do g\u00e1s de cozinha nas refinarias anunciado hoje pela Petrobras \u00e9 mais uma clara demonstra\u00e7\u00e3o da equivocada <strong>pol\u00edtica de pre\u00e7o de paridade<\/strong> de importa\u00e7\u00e3o (PPI), adotada pelo governo Bolsonaro contra a popula\u00e7\u00e3o brasileira e que penaliza sobretudo os mais pobres&#8221;, disse o sindicalista.<\/p>\n<p>Bacelar chama a aten\u00e7\u00e3o sobre o impacto que os aumentos ter\u00e3o na infla\u00e7\u00e3o em efeito cascata, que junto com a eleva\u00e7\u00e3o das tarifas de <strong>energia el\u00e9trica<\/strong> achatam a renda do trabalhador.<\/p>\n\t<div data-element=\"shortcode-read-more\" class=\"knowMore\">\n\t\t\t\t<span class=\"knowMore__title\">Saiba Mais<\/span>\n\t\t\t\t<a class=\"knowMore__link\" href=\"https:\/\/www.suno.com.br\/noticias\/greve-dos-caminhoneiros-25-julho\/\">\n\t\t\tGreve dos caminhoneiros \u00e9 marcada para 25 de julho, mas n\u00e3o h\u00e1 consenso entre categoria\t\t<\/a>\n\t<\/div>\n\n\n<p>&#8220;\u00c9 inadmiss\u00edvel que com este novo aumento no g\u00e1s de cozinha nas refinarias da Petrobras, a partir desta ter\u00e7a-feira, o sexto aumento somente neste ano, o g\u00e1s de cozinha j\u00e1 acumule uma alta de 37,9%&#8221;, ressaltou Bacelar.<\/p>\n<p>Ele destacou que nos \u00faltimos 12 meses, o <strong>IPCA<\/strong> acumula alta de 8,06%. &#8220;Ou seja, em sete meses, o aumento do g\u00e1s de cozinha j\u00e1 \u00e9 quase cinco vezes a infla\u00e7\u00e3o de um per\u00edodo de um ano&#8221;, disse.<\/p>\n<p>A greve dos <strong>caminhoneiros<\/strong> est\u00e1 marcada para acontecer no dia 25 de julho, mas categoria n\u00e3o possui consenso sobre o movimento.<\/p>\n<p><em>(Com informa\u00e7\u00f5es do Estad\u00e3o Conte\u00fado)<\/em><\/p>\n\t<p>\n\t\t<a href=\"https:\/\/lp.suno.com.br\/planilha-de-controle-de-investimentos\/\" target=\"_blank\" data-element=\"shortcode-suno-banner\" title=\"Banner SUNO, clique e saiba mais\">\n\t\t\t<picture>\n\t\t\t\t<source media=\"(max-width: 500px)\" srcset=\"https:\/\/files.sunoresearch.com.br\/n\/uploads\/2023\/03\/400x300-Controle-de-Investimentos.png\">\n\t\t\t\t<img class=\"newsContent__article__imgCapa newsContent__article__imgCapa--banner\"\n\t\t\t\t\tsrc=\"https:\/\/files.sunoresearch.com.br\/n\/uploads\/2023\/03\/1420x240-Controle-de-Investimentos.png\"\n\t\t\t\t\tdata-promo-id=\"75934\"\t\t\t\t\t\t\t\t\t\twidth='1420' height='240'\t\t\t\t\talt=\"https:\/\/files.sunoresearch.com.br\/n\/uploads\/2023\/03\/1420x240-Controle-de-Investimentos.png\"\n\t\t\t\t>\n\t\t\t<\/picture>\n\t\t<\/a>\n\t<\/p>\n\n\n","protected":false},"excerpt":{"rendered":"<p>O primeiro reajuste de combust\u00edveis da gest\u00e3o do general Joaquim Silva e Luna na Petrobras (PETR4) pegou os caminhoneiros de surpresa. H\u00e1 menos de uma semana, membros do Conselho Nacional do Transporte Rodovi\u00e1rio de Cargas (CNTRC) se reuniram com o presidente da estatal e pediram para que o pre\u00e7o do diesel n\u00e3o subisse. Foto: Pixabay [&hellip;]<\/p>\n","protected":false},"author":15,"featured_media":159932,"comment_status":"closed","ping_status":"closed","sticky":false,"template":"","format":"standard","meta":[],"categories":[61],"tags":[],"suno_strategy":[],"class_list":["post-163837","post","type-post","status-publish","format-standard","has-post-thumbnail","hentry","category-politica"],"yoast_head":"<!-- This site is optimized with the Yoast SEO plugin v24.4 - https:\/\/yoast.com\/wordpress\/plugins\/seo\/ -->\n<title>Alta do diesel surpreende e greve dos caminhoneiros ganha for\u00e7a<\/title>\n<meta name=\"description\" content=\"O primeiro reajuste de combust\u00edveis da gest\u00e3o do general Silva e Luna na Petrobras (PETR4) pegou os caminhoneiros de surpresa. Clique aqui\" \/>\n<meta name=\"robots\" content=\"index, follow, max-snippet:-1, max-image-preview:large, max-video-preview:-1\" \/>\n<link rel=\"canonical\" href=\"https:\/\/www.suno.com.br\/noticias\/alta-diesel-greve-dos-caminhoneiros\/\" \/>\n<meta property=\"og:locale\" content=\"pt_BR\" \/>\n<meta property=\"og:type\" content=\"article\" \/>\n<meta property=\"og:title\" content=\"Alta do diesel surpreende e greve dos caminhoneiros ganha for\u00e7a\" \/>\n<meta property=\"og:description\" content=\"O primeiro reajuste de combust\u00edveis da gest\u00e3o do general Silva e Luna na Petrobras (PETR4) pegou os caminhoneiros de surpresa. Clique aqui\" \/>\n<meta property=\"og:url\" content=\"https:\/\/www.suno.com.br\/noticias\/alta-diesel-greve-dos-caminhoneiros\/\" \/>\n<meta property=\"og:site_name\" content=\"Suno Not\u00edcias\" \/>\n<meta property=\"article:publisher\" content=\"https:\/\/facebook.com\/sunoresearch\" \/>\n<meta property=\"og:image\" content=\"https:\/\/files.sunoresearch.com.br\/n\/uploads\/2021\/06\/b553c058-truck-2920533_1920.jpg\" \/>\n\t<meta property=\"og:image:width\" content=\"1920\" \/>\n\t<meta property=\"og:image:height\" content=\"1292\" \/>\n\t<meta property=\"og:image:type\" content=\"image\/jpeg\" \/>\n<meta name=\"author\" content=\"Poliana Santos\" \/>\n<meta name=\"twitter:card\" content=\"summary_large_image\" \/>\n<meta name=\"twitter:creator\" content=\"@sunoresearch\" \/>\n<meta name=\"twitter:site\" content=\"@sunoresearch\" \/>\n<meta name=\"twitter:label1\" content=\"Escrito por\" \/>\n\t<meta name=\"twitter:data1\" content=\"Poliana Santos\" \/>\n\t<meta name=\"twitter:label2\" content=\"Est. tempo de leitura\" \/>\n\t<meta name=\"twitter:data2\" content=\"2 minutos\" \/>\n<script type=\"application\/ld+json\" class=\"yoast-schema-graph\">{\"@context\":\"https:\/\/schema.org\",\"@graph\":[{\"@type\":\"NewsArticle\",\"@id\":\"https:\/\/www.suno.com.br\/noticias\/alta-diesel-greve-dos-caminhoneiros\/#article\",\"isPartOf\":{\"@id\":\"https:\/\/www.suno.com.br\/noticias\/alta-diesel-greve-dos-caminhoneiros\/\"},\"author\":{\"name\":\"Poliana Santos\",\"@id\":\"https:\/\/www.suno.com.br\/noticias\/#\/schema\/person\/02ec1f752758247878a2bf4abee1aeda\"},\"headline\":\"Alta do diesel surpreende e greve dos caminhoneiros ganha for\u00e7a, diz CNTRC\",\"datePublished\":\"2021-07-06T10:41:49+00:00\",\"mainEntityOfPage\":{\"@id\":\"https:\/\/www.suno.com.br\/noticias\/alta-diesel-greve-dos-caminhoneiros\/\"},\"wordCount\":496,\"publisher\":{\"@id\":\"https:\/\/www.suno.com.br\/noticias\/#organization\"},\"image\":{\"@id\":\"https:\/\/www.suno.com.br\/noticias\/alta-diesel-greve-dos-caminhoneiros\/#primaryimage\"},\"thumbnailUrl\":\"https:\/\/files.sunoresearch.com.br\/n\/uploads\/2021\/06\/b553c058-truck-2920533_1920-jpg.webp\",\"articleSection\":[\"Pol\u00edtica\"],\"inLanguage\":\"pt-BR\"},{\"@type\":\"WebPage\",\"@id\":\"https:\/\/www.suno.com.br\/noticias\/alta-diesel-greve-dos-caminhoneiros\/\",\"url\":\"https:\/\/www.suno.com.br\/noticias\/alta-diesel-greve-dos-caminhoneiros\/\",\"name\":\"Alta do diesel surpreende e greve dos caminhoneiros ganha for\u00e7a\",\"isPartOf\":{\"@id\":\"https:\/\/www.suno.com.br\/noticias\/#website\"},\"primaryImageOfPage\":{\"@id\":\"https:\/\/www.suno.com.br\/noticias\/alta-diesel-greve-dos-caminhoneiros\/#primaryimage\"},\"image\":{\"@id\":\"https:\/\/www.suno.com.br\/noticias\/alta-diesel-greve-dos-caminhoneiros\/#primaryimage\"},\"thumbnailUrl\":\"https:\/\/files.sunoresearch.com.br\/n\/uploads\/2021\/06\/b553c058-truck-2920533_1920-jpg.webp\",\"datePublished\":\"2021-07-06T10:41:49+00:00\",\"description\":\"O primeiro reajuste de combust\u00edveis da gest\u00e3o do general Silva e Luna na Petrobras (PETR4) pegou os caminhoneiros de surpresa. Clique aqui\",\"breadcrumb\":{\"@id\":\"https:\/\/www.suno.com.br\/noticias\/alta-diesel-greve-dos-caminhoneiros\/#breadcrumb\"},\"inLanguage\":\"pt-BR\",\"potentialAction\":[{\"@type\":\"ReadAction\",\"target\":[\"https:\/\/www.suno.com.br\/noticias\/alta-diesel-greve-dos-caminhoneiros\/\"]}]},{\"@type\":\"ImageObject\",\"inLanguage\":\"pt-BR\",\"@id\":\"https:\/\/www.suno.com.br\/noticias\/alta-diesel-greve-dos-caminhoneiros\/#primaryimage\",\"url\":\"https:\/\/files.sunoresearch.com.br\/n\/uploads\/2021\/06\/b553c058-truck-2920533_1920-jpg.webp\",\"contentUrl\":\"https:\/\/files.sunoresearch.com.br\/n\/uploads\/2021\/06\/b553c058-truck-2920533_1920-jpg.webp\",\"width\":1920,\"height\":1292,\"caption\":\"Foto: Pixabay\"},{\"@type\":\"BreadcrumbList\",\"@id\":\"https:\/\/www.suno.com.br\/noticias\/alta-diesel-greve-dos-caminhoneiros\/#breadcrumb\",\"itemListElement\":[{\"@type\":\"ListItem\",\"position\":1,\"name\":\"Not\u00edcias\",\"item\":\"https:\/\/www.suno.com.br\/noticias\/\"},{\"@type\":\"ListItem\",\"position\":2,\"name\":\"Pol\u00edtica\",\"item\":\"https:\/\/www.suno.com.br\/noticias\/politica\/\"},{\"@type\":\"ListItem\",\"position\":3,\"name\":\"Alta do diesel surpreende e greve dos caminhoneiros ganha for\u00e7a, diz CNTRC\"}]},{\"@type\":\"WebSite\",\"@id\":\"https:\/\/www.suno.com.br\/noticias\/#website\",\"url\":\"https:\/\/www.suno.com.br\/noticias\/\",\"name\":\"Suno Not\u00edcias\",\"description\":\"Seu portal de informa\u00e7\u00e3o sobre o mundo dos investimentos\",\"publisher\":{\"@id\":\"https:\/\/www.suno.com.br\/noticias\/#organization\"},\"potentialAction\":[{\"@type\":\"SearchAction\",\"target\":{\"@type\":\"EntryPoint\",\"urlTemplate\":\"https:\/\/www.suno.com.br\/noticias\/?s={search_term_string}\"},\"query-input\":{\"@type\":\"PropertyValueSpecification\",\"valueRequired\":true,\"valueName\":\"search_term_string\"}}],\"inLanguage\":\"pt-BR\"},{\"@type\":\"Organization\",\"@id\":\"https:\/\/www.suno.com.br\/noticias\/#organization\",\"name\":\"Suno Not\u00edcias\",\"url\":\"https:\/\/www.suno.com.br\/noticias\/\",\"logo\":{\"@type\":\"ImageObject\",\"inLanguage\":\"pt-BR\",\"@id\":\"https:\/\/www.suno.com.br\/noticias\/#\/schema\/logo\/image\/\",\"url\":\"https:\/\/files.sunoresearch.com.br\/n\/uploads\/2021\/09\/suno-logo.png\",\"contentUrl\":\"https:\/\/files.sunoresearch.com.br\/n\/uploads\/2021\/09\/suno-logo.png\",\"width\":180,\"height\":180,\"caption\":\"Suno Not\u00edcias\"},\"image\":{\"@id\":\"https:\/\/www.suno.com.br\/noticias\/#\/schema\/logo\/image\/\"},\"sameAs\":[\"https:\/\/facebook.com\/sunoresearch\",\"https:\/\/x.com\/sunoresearch\",\"https:\/\/www.instagram.com\/suno\",\"https:\/\/www.linkedin.com\/company\/suno-research\/\",\"https:\/\/www.youtube.com\/c\/sunoresearch\"]},{\"@type\":\"Person\",\"@id\":\"https:\/\/www.suno.com.br\/noticias\/#\/schema\/person\/02ec1f752758247878a2bf4abee1aeda\",\"name\":\"Poliana Santos\",\"image\":{\"@type\":\"ImageObject\",\"inLanguage\":\"pt-BR\",\"@id\":\"https:\/\/www.suno.com.br\/noticias\/#\/schema\/person\/image\/\",\"url\":\"https:\/\/secure.gravatar.com\/avatar\/0645bd32f23d87b2130f2b2dff1d3f8d?s=96&r=g\",\"contentUrl\":\"https:\/\/secure.gravatar.com\/avatar\/0645bd32f23d87b2130f2b2dff1d3f8d?s=96&r=g\",\"caption\":\"Poliana Santos\"},\"description\":\"Rep\u00f3rter no Suno Not\u00edcias, com cobertura em mercado financeiro, economia, finan\u00e7as pessoais, renda fixa e varejo. Jornalista formada pela Faculdade C\u00e1sper L\u00edbero e possui passagem na R\u00e1dio Gazeta AM com a produ\u00e7\u00e3o de conte\u00fado sobre economia, pol\u00edtica, sa\u00fade, moda e m\u00fasica. Possui certificado de conclus\u00e3o do curso de An\u00e1lise de Balan\u00e7os pela Funda\u00e7\u00e3o Bradesco, Agenda Brasil pela FAAP, Educa\u00e7\u00e3o Pol\u00edtica por Alexandre Garcia e do Tesouro Direto e Mercado de A\u00e7\u00f5es pela B3.\",\"url\":\"https:\/\/www.suno.com.br\/noticias\/author\/poliana-santos\/\"}]}<\/script>\n<!-- \/ Yoast SEO plugin. -->","yoast_head_json":{"title":"Alta do diesel surpreende e greve dos caminhoneiros ganha for\u00e7a","description":"O primeiro reajuste de combust\u00edveis da gest\u00e3o do general Silva e Luna na Petrobras (PETR4) pegou os caminhoneiros de surpresa. Clique aqui","robots":{"index":"index","follow":"follow","max-snippet":"max-snippet:-1","max-image-preview":"max-image-preview:large","max-video-preview":"max-video-preview:-1"},"canonical":"https:\/\/www.suno.com.br\/noticias\/alta-diesel-greve-dos-caminhoneiros\/","og_locale":"pt_BR","og_type":"article","og_title":"Alta do diesel surpreende e greve dos caminhoneiros ganha for\u00e7a","og_description":"O primeiro reajuste de combust\u00edveis da gest\u00e3o do general Silva e Luna na Petrobras (PETR4) pegou os caminhoneiros de surpresa. Clique aqui","og_url":"https:\/\/www.suno.com.br\/noticias\/alta-diesel-greve-dos-caminhoneiros\/","og_site_name":"Suno Not\u00edcias","article_publisher":"https:\/\/facebook.com\/sunoresearch","og_image":[{"width":1920,"height":1292,"url":"https:\/\/files.sunoresearch.com.br\/n\/uploads\/2021\/06\/b553c058-truck-2920533_1920.jpg","type":"image\/jpeg"}],"author":"Poliana Santos","twitter_card":"summary_large_image","twitter_creator":"@sunoresearch","twitter_site":"@sunoresearch","twitter_misc":{"Escrito por":"Poliana Santos","Est. tempo de leitura":"2 minutos"},"schema":{"@context":"https:\/\/schema.org","@graph":[{"@type":"NewsArticle","@id":"https:\/\/www.suno.com.br\/noticias\/alta-diesel-greve-dos-caminhoneiros\/#article","isPartOf":{"@id":"https:\/\/www.suno.com.br\/noticias\/alta-diesel-greve-dos-caminhoneiros\/"},"author":{"name":"Poliana Santos","@id":"https:\/\/www.suno.com.br\/noticias\/#\/schema\/person\/02ec1f752758247878a2bf4abee1aeda"},"headline":"Alta do diesel surpreende e greve dos caminhoneiros ganha for\u00e7a, diz CNTRC","datePublished":"2021-07-06T10:41:49+00:00","mainEntityOfPage":{"@id":"https:\/\/www.suno.com.br\/noticias\/alta-diesel-greve-dos-caminhoneiros\/"},"wordCount":496,"publisher":{"@id":"https:\/\/www.suno.com.br\/noticias\/#organization"},"image":{"@id":"https:\/\/www.suno.com.br\/noticias\/alta-diesel-greve-dos-caminhoneiros\/#primaryimage"},"thumbnailUrl":"https:\/\/files.sunoresearch.com.br\/n\/uploads\/2021\/06\/b553c058-truck-2920533_1920-jpg.webp","articleSection":["Pol\u00edtica"],"inLanguage":"pt-BR"},{"@type":"WebPage","@id":"https:\/\/www.suno.com.br\/noticias\/alta-diesel-greve-dos-caminhoneiros\/","url":"https:\/\/www.suno.com.br\/noticias\/alta-diesel-greve-dos-caminhoneiros\/","name":"Alta do diesel surpreende e greve dos caminhoneiros ganha for\u00e7a","isPartOf":{"@id":"https:\/\/www.suno.com.br\/noticias\/#website"},"primaryImageOfPage":{"@id":"https:\/\/www.suno.com.br\/noticias\/alta-diesel-greve-dos-caminhoneiros\/#primaryimage"},"image":{"@id":"https:\/\/www.suno.com.br\/noticias\/alta-diesel-greve-dos-caminhoneiros\/#primaryimage"},"thumbnailUrl":"https:\/\/files.sunoresearch.com.br\/n\/uploads\/2021\/06\/b553c058-truck-2920533_1920-jpg.webp","datePublished":"2021-07-06T10:41:49+00:00","description":"O primeiro reajuste de combust\u00edveis da gest\u00e3o do general Silva e Luna na Petrobras (PETR4) pegou os caminhoneiros de surpresa. Clique aqui","breadcrumb":{"@id":"https:\/\/www.suno.com.br\/noticias\/alta-diesel-greve-dos-caminhoneiros\/#breadcrumb"},"inLanguage":"pt-BR","potentialAction":[{"@type":"ReadAction","target":["https:\/\/www.suno.com.br\/noticias\/alta-diesel-greve-dos-caminhoneiros\/"]}]},{"@type":"ImageObject","inLanguage":"pt-BR","@id":"https:\/\/www.suno.com.br\/noticias\/alta-diesel-greve-dos-caminhoneiros\/#primaryimage","url":"https:\/\/files.sunoresearch.com.br\/n\/uploads\/2021\/06\/b553c058-truck-2920533_1920-jpg.webp","contentUrl":"https:\/\/files.sunoresearch.com.br\/n\/uploads\/2021\/06\/b553c058-truck-2920533_1920-jpg.webp","width":1920,"height":1292,"caption":"Foto: Pixabay"},{"@type":"BreadcrumbList","@id":"https:\/\/www.suno.com.br\/noticias\/alta-diesel-greve-dos-caminhoneiros\/#breadcrumb","itemListElement":[{"@type":"ListItem","position":1,"name":"Not\u00edcias","item":"https:\/\/www.suno.com.br\/noticias\/"},{"@type":"ListItem","position":2,"name":"Pol\u00edtica","item":"https:\/\/www.suno.com.br\/noticias\/politica\/"},{"@type":"ListItem","position":3,"name":"Alta do diesel surpreende e greve dos caminhoneiros ganha for\u00e7a, diz CNTRC"}]},{"@type":"WebSite","@id":"https:\/\/www.suno.com.br\/noticias\/#website","url":"https:\/\/www.suno.com.br\/noticias\/","name":"Suno Not\u00edcias","description":"Seu portal de informa\u00e7\u00e3o sobre o mundo dos investimentos","publisher":{"@id":"https:\/\/www.suno.com.br\/noticias\/#organization"},"potentialAction":[{"@type":"SearchAction","target":{"@type":"EntryPoint","urlTemplate":"https:\/\/www.suno.com.br\/noticias\/?s={search_term_string}"},"query-input":{"@type":"PropertyValueSpecification","valueRequired":true,"valueName":"search_term_string"}}],"inLanguage":"pt-BR"},{"@type":"Organization","@id":"https:\/\/www.suno.com.br\/noticias\/#organization","name":"Suno Not\u00edcias","url":"https:\/\/www.suno.com.br\/noticias\/","logo":{"@type":"ImageObject","inLanguage":"pt-BR","@id":"https:\/\/www.suno.com.br\/noticias\/#\/schema\/logo\/image\/","url":"https:\/\/files.sunoresearch.com.br\/n\/uploads\/2021\/09\/suno-logo.png","contentUrl":"https:\/\/files.sunoresearch.com.br\/n\/uploads\/2021\/09\/suno-logo.png","width":180,"height":180,"caption":"Suno Not\u00edcias"},"image":{"@id":"https:\/\/www.suno.com.br\/noticias\/#\/schema\/logo\/image\/"},"sameAs":["https:\/\/facebook.com\/sunoresearch","https:\/\/x.com\/sunoresearch","https:\/\/www.instagram.com\/suno","https:\/\/www.linkedin.com\/company\/suno-research\/","https:\/\/www.youtube.com\/c\/sunoresearch"]},{"@type":"Person","@id":"https:\/\/www.suno.com.br\/noticias\/#\/schema\/person\/02ec1f752758247878a2bf4abee1aeda","name":"Poliana Santos","image":{"@type":"ImageObject","inLanguage":"pt-BR","@id":"https:\/\/www.suno.com.br\/noticias\/#\/schema\/person\/image\/","url":"https:\/\/secure.gravatar.com\/avatar\/0645bd32f23d87b2130f2b2dff1d3f8d?s=96&r=g","contentUrl":"https:\/\/secure.gravatar.com\/avatar\/0645bd32f23d87b2130f2b2dff1d3f8d?s=96&r=g","caption":"Poliana Santos"},"description":"Rep\u00f3rter no Suno Not\u00edcias, com cobertura em mercado financeiro, economia, finan\u00e7as pessoais, renda fixa e varejo. Jornalista formada pela Faculdade C\u00e1sper L\u00edbero e possui passagem na R\u00e1dio Gazeta AM com a produ\u00e7\u00e3o de conte\u00fado sobre economia, pol\u00edtica, sa\u00fade, moda e m\u00fasica. Possui certificado de conclus\u00e3o do curso de An\u00e1lise de Balan\u00e7os pela Funda\u00e7\u00e3o Bradesco, Agenda Brasil pela FAAP, Educa\u00e7\u00e3o Pol\u00edtica por Alexandre Garcia e do Tesouro Direto e Mercado de A\u00e7\u00f5es pela B3.","url":"https:\/\/www.suno.com.br\/noticias\/author\/poliana-santos\/"}]}},"default_loop_html":"<div class=\"cardsPage__listCard__boxs\"><div class=\"cardsPage__listCard__boxs__img\"><a href=\"https:\/\/www.suno.com.br\/noticias\/alta-diesel-greve-dos-caminhoneiros\/\"><img class=\"mask\" src=\"https:\/\/www.suno.com.br\/noticias\/wp-content\/themes\/suno\/resources\/images\/spotlight\/spotlight1img\/bg-mask.png\" alt=\"Image Mask\"\/><img src=\"https:\/\/files.sunoresearch.com.br\/n\/uploads\/2021\/06\/b553c058-truck-2920533_1920-400x200.webp\" alt=\"Alta do diesel surpreende e greve dos caminhoneiros ganha for\u00e7a, diz CNTRC\"\/><\/a><span class=\"spotlightCategory\"><a href=\"https:\/\/www.suno.com.br\/noticias\/politica\/\">Pol\u00edtica<\/a><\/span><\/div><div class=\"cardsPage__listCard__boxs__content\"><a href=\"https:\/\/www.suno.com.br\/noticias\/alta-diesel-greve-dos-caminhoneiros\/\"><h2 class=\"content__title\">Alta do diesel surpreende e greve dos caminhoneiros ganha for\u00e7a, diz CNTRC<\/h2><\/a><div class=\"newsContent__article__meta\"><div class=\"newsContent__article__meta__authorBox\"><a href=\"https:\/\/www.suno.com.br\/noticias\/author\/poliana-santos\/\" class=\"authorBox__avatar noMobi\"><img src=\"https:\/\/files.sunoresearch.com.br\/n\/uploads\/2020\/08\/7ef34026-whatsapp-image-2020-08-03-at-12.37.57-150x150.webp\" alt=\"Poliana Santos\"><\/a><div class=\"authorBox__name\"><span>por\n\t\t\t<a href=\"https:\/\/www.suno.com.br\/noticias\/author\/poliana-santos\/\"><span itemprop=\"author\">Poliana Santos<\/span><\/a><\/span><time datetime=\"2021-07-06T07:41:49-03:00\" itemprop=\"datePublished\">06\/07\/2021 07:41<\/time><\/div><\/div><\/div><\/div><\/div>","single_layout":"posts","amp_enabled":true,"_links":{"self":[{"href":"https:\/\/www.suno.com.br\/noticias\/wp-json\/wp\/v2\/posts\/163837"}],"collection":[{"href":"https:\/\/www.suno.com.br\/noticias\/wp-json\/wp\/v2\/posts"}],"about":[{"href":"https:\/\/www.suno.com.br\/noticias\/wp-json\/wp\/v2\/types\/post"}],"author":[{"embeddable":true,"href":"https:\/\/www.suno.com.br\/noticias\/wp-json\/wp\/v2\/users\/15"}],"replies":[{"embeddable":true,"href":"https:\/\/www.suno.com.br\/noticias\/wp-json\/wp\/v2\/comments?post=163837"}],"version-history":[{"count":3,"href":"https:\/\/www.suno.com.br\/noticias\/wp-json\/wp\/v2\/posts\/163837\/revisions"}],"predecessor-version":[{"id":176848,"href":"https:\/\/www.suno.com.br\/noticias\/wp-json\/wp\/v2\/posts\/163837\/revisions\/176848"}],"wp:featuredmedia":[{"embeddable":true,"href":"https:\/\/www.suno.com.br\/noticias\/wp-json\/wp\/v2\/media\/159932"}],"wp:attachment":[{"href":"https:\/\/www.suno.com.br\/noticias\/wp-json\/wp\/v2\/media?parent=163837"}],"wp:term":[{"taxonomy":"category","embeddable":true,"href":"https:\/\/www.suno.com.br\/noticias\/wp-json\/wp\/v2\/categories?post=163837"},{"taxonomy":"post_tag","embeddable":true,"href":"https:\/\/www.suno.com.br\/noticias\/wp-json\/wp\/v2\/tags?post=163837"},{"taxonomy":"suno_strategy","embeddable":true,"href":"https:\/\/www.suno.com.br\/noticias\/wp-json\/wp\/v2\/suno_strategy?post=163837"}],"curies":[{"name":"wp","href":"https:\/\/api.w.org\/{rel}","templated":true}]}}