{"id":16381,"date":"2019-02-22T20:42:28","date_gmt":"2019-02-22T23:42:28","guid":{"rendered":"https:\/\/www.suno.com.br\/noticias\/?p=16381"},"modified":"2019-02-22T20:42:28","modified_gmt":"2019-02-22T23:42:28","slug":"acoes-kraft-heinz-despencam-nova-york","status":"publish","type":"post","link":"https:\/\/www.suno.com.br\/noticias\/acoes-kraft-heinz-despencam-nova-york\/","title":{"rendered":"A\u00e7\u00f5es da Kraft Heinz despencam 27% em Nova York ap\u00f3s intima\u00e7\u00e3o da SEC"},"content":{"rendered":"<p>As a\u00e7\u00f5es da Kraft Heinz fecharam em queda de 27,46% nesta sexta (22) na bolsa de Nova York. O movimento se deu ap\u00f3s a not\u00edcia de que a empresa recebeu uma intima\u00e7\u00e3o da Securities and Exchange Comission (SEC). Os pap\u00e9is da companhia j\u00e1 haviam desabado 20% no after hours da \u00faltima quinta (21) no Brasil.<\/p>\t<div class=\"wrapper-featured-image\">\n\t\t<figure class=\"spotlightImg\">\n\n\t\t\t<picture>\n\t\t\t\t<source media=\"(max-width: 768px)\" srcset=\"https:\/\/files.sunoresearch.com.br\/n\/uploads\/2019\/02\/a49985e4-kraft-heinz-400x200.webp\">\n\t\t\t\t<img loading=\"lazy\" decoding=\"async\" class=\"newsContent__article__imgCapa lazyloadDisabled newsContent__article__imgCapa--noCaption\" src=\"https:\/\/files.sunoresearch.com.br\/n\/uploads\/2019\/02\/a49985e4-kraft-heinz-800x450.webp\" width=\"800\" height=\"450\" alt=\"A\u00e7\u00f5es da Kraft Heinz despencam 27% em Nova York ap\u00f3s intima\u00e7\u00e3o da SEC\" fetchpriority=high \/>\n\t\t\t<\/picture>\n\n\t\t\t<figcaption class=\"wp-caption-text wp-caption-text--hide\">Produtos da Kraft Heinz. (divulga\u00e7\u00e3o)<\/figcaption>\n\t\t<\/figure>\n\t<\/div>\n\n\n<p>O <strong>resultados<\/strong> tamb\u00e9m foram prejudicados por uma <strong>baixa cont\u00e1bil<\/strong> de US$ 15,4 bilh\u00f5es. Al\u00e9m disso, a empresa teve um <strong>preju\u00edzo<\/strong> de US$ 12,6 bilh\u00f5es no quarto semestre. Em compara\u00e7\u00e3o com o mesmo per\u00edodo do ano anterior, quando registrou um <strong>lucro l\u00edquido<\/strong> de quase US$ 8 bilh\u00f5es, a diferen\u00e7a \u00e9 grande. Ao todo, a <strong>Kraft Heinz<\/strong> perdeu US$ 16,13 bilh\u00f5es em valor de mercado.<\/p>\n<p><a href=\"https:\/\/www.suno.com.br\/noticias\/acao-da-kraft-heinz-desaba-apos-intimacao-pela-sec-e-corte-de-dividendos\/\">Saiba mais: A\u00e7\u00e3o da Kraft Heinz desaba ap\u00f3s intima\u00e7\u00e3o pela SEC e corte de dividendos<\/a><\/p>\n<p>A empresa \u00e9 controlada pela <strong>Berkshire Hathaway,<\/strong> do bilion\u00e1rio <strong>Warren Buffett,<\/strong> e pelos brasileiros<strong> Jorge Paulo Lemann<\/strong>, <strong>Marcel Telles<\/strong> e <strong>Carlos Alberto Sicupira<\/strong>, do <strong>3G.<\/strong> A empresa informou junto da divulga\u00e7\u00e3o de seu <a href=\"https:\/\/www.suno.com.br\/artigos\/demonstracoes-financeiras\/\"><strong>balan\u00e7o financeiro<\/strong><\/a> que foi intimada pela <strong>SEC<\/strong> em outubro passado, investigada por <strong>fraudes cont\u00e1veis.<\/strong><\/p>\n<p>A <strong>Kraft<\/strong>\u00a0salientou estar cooperando plenamente com a <strong>SEC<\/strong> e informou ter lan\u00e7ado uma <strong>investiga\u00e7\u00e3o<\/strong> interna ap\u00f3s receber a <strong>intima\u00e7\u00e3o.<\/strong>\u00a0&#8220;A empresa est\u00e1 no processo de implementar certas melhorias em seus controles internos para mitigar a probabilidade de isso ocorrer no futuro e tomou outras medidas corretivas&#8221;, informou a <strong>Kraft Heinz.<\/strong><\/p>\n<p><a href=\"https:\/\/www.suno.com.br\/noticias\/perspectiva-risco-credito-kraft-heinz-negativa\/\">Saiba mais: S&amp;P: perspectiva de risco de cr\u00e9dito da Kraft Heinz \u00e9 negativa<\/a><\/p>\n<p>A intima\u00e7\u00e3o da <strong>SEC<\/strong> seria relacionada \u00e0s <strong>\u201cpol\u00edticas cont\u00e1beis,<\/strong> procedimentos e controles internos\u201d nas aquisi\u00e7\u00f5es. Ap\u00f3s a <strong>notifica\u00e7\u00e3o,<\/strong> a <strong>Kraft Heinz<\/strong>\u00a0teria modificado o \u201ccusto dos produtos vendidos\u201d em US$ 25 milh\u00f5es. Entretanto, a empresa considerou que o aumento era \u201cimaterial para o quarto trimestre de 2018 e os trimestres j\u00e1 reportados de 2018 e 2017\u201d. A empresa informou que est\u00e1 aprimorando seus controles e <strong>procedimentos internos<\/strong> para evitar futuros <strong>casos<\/strong> similares.<\/p>\n","protected":false},"excerpt":{"rendered":"<p>As a\u00e7\u00f5es da Kraft Heinz fecharam em queda de 27,46% nesta sexta (22) na bolsa de Nova York. O movimento se deu ap\u00f3s a not\u00edcia de que a empresa recebeu uma intima\u00e7\u00e3o da Securities and Exchange Comission (SEC). Os pap\u00e9is da companhia j\u00e1 haviam desabado 20% no after hours da \u00faltima quinta (21) no Brasil. [&hellip;]<\/p>\n","protected":false},"author":13,"featured_media":16284,"comment_status":"closed","ping_status":"closed","sticky":false,"template":"","format":"standard","meta":[],"categories":[60],"tags":[1190,286,309,1189],"suno_strategy":[],"class_list":["post-16381","post","type-post","status-publish","format-standard","has-post-thumbnail","hentry","category-mercado","tag-3g-capital","tag-acoes","tag-bolsa-de-valores","tag-kraft-heinz-khcb34"],"yoast_head":"<!-- This site is optimized with the Yoast SEO plugin v24.4 - https:\/\/yoast.com\/wordpress\/plugins\/seo\/ -->\n<title>A\u00e7\u00f5es da Kraft Heinz caem 27% em Nova York ap\u00f3s intima\u00e7\u00e3o da SEC<\/title>\n<meta name=\"description\" content=\"As a\u00e7\u00f5es da Kraft Heinz despencaram 27,46% na bolsa de Nova York e empresa perdeu US$ 16,13 bi em valor de mercado. Clique e saiba mais\" \/>\n<meta name=\"robots\" content=\"index, follow, max-snippet:-1, max-image-preview:large, max-video-preview:-1\" \/>\n<link rel=\"canonical\" href=\"https:\/\/www.suno.com.br\/noticias\/acoes-kraft-heinz-despencam-nova-york\/\" \/>\n<meta property=\"og:locale\" content=\"pt_BR\" \/>\n<meta property=\"og:type\" content=\"article\" \/>\n<meta property=\"og:title\" content=\"A\u00e7\u00f5es da Kraft Heinz caem 27% em Nova York ap\u00f3s intima\u00e7\u00e3o da SEC\" \/>\n<meta property=\"og:description\" content=\"As a\u00e7\u00f5es da Kraft Heinz despencaram 27,46% na bolsa de Nova York e empresa perdeu US$ 16,13 bi em valor de mercado. Clique e saiba mais\" \/>\n<meta property=\"og:url\" content=\"https:\/\/www.suno.com.br\/noticias\/acoes-kraft-heinz-despencam-nova-york\/\" \/>\n<meta property=\"og:site_name\" content=\"Suno Not\u00edcias\" \/>\n<meta property=\"article:publisher\" content=\"https:\/\/facebook.com\/sunoresearch\" \/>\n<meta property=\"og:image\" content=\"https:\/\/files.sunoresearch.com.br\/n\/uploads\/2019\/02\/a49985e4-kraft-heinz.jpg\" \/>\n\t<meta property=\"og:image:width\" content=\"890\" \/>\n\t<meta property=\"og:image:height\" content=\"501\" \/>\n\t<meta property=\"og:image:type\" content=\"image\/jpeg\" \/>\n<meta name=\"author\" content=\"Guilherme Caetano\" \/>\n<meta name=\"twitter:card\" content=\"summary_large_image\" \/>\n<meta name=\"twitter:creator\" content=\"@sunoresearch\" \/>\n<meta name=\"twitter:site\" content=\"@sunoresearch\" \/>\n<meta name=\"twitter:label1\" content=\"Escrito por\" \/>\n\t<meta name=\"twitter:data1\" content=\"Guilherme Caetano\" \/>\n\t<meta name=\"twitter:label2\" content=\"Est. tempo de leitura\" \/>\n\t<meta name=\"twitter:data2\" content=\"2 minutos\" \/>\n<script type=\"application\/ld+json\" class=\"yoast-schema-graph\">{\"@context\":\"https:\/\/schema.org\",\"@graph\":[{\"@type\":\"NewsArticle\",\"@id\":\"https:\/\/www.suno.com.br\/noticias\/acoes-kraft-heinz-despencam-nova-york\/#article\",\"isPartOf\":{\"@id\":\"https:\/\/www.suno.com.br\/noticias\/acoes-kraft-heinz-despencam-nova-york\/\"},\"author\":{\"name\":\"Guilherme Caetano\",\"@id\":\"https:\/\/www.suno.com.br\/noticias\/#\/schema\/person\/0d0c9687cd2f600c564f25980c140de9\"},\"headline\":\"A\u00e7\u00f5es da Kraft Heinz despencam 27% em Nova York ap\u00f3s intima\u00e7\u00e3o da SEC\",\"datePublished\":\"2019-02-22T23:42:28+00:00\",\"mainEntityOfPage\":{\"@id\":\"https:\/\/www.suno.com.br\/noticias\/acoes-kraft-heinz-despencam-nova-york\/\"},\"wordCount\":354,\"publisher\":{\"@id\":\"https:\/\/www.suno.com.br\/noticias\/#organization\"},\"image\":{\"@id\":\"https:\/\/www.suno.com.br\/noticias\/acoes-kraft-heinz-despencam-nova-york\/#primaryimage\"},\"thumbnailUrl\":\"https:\/\/files.sunoresearch.com.br\/n\/uploads\/2019\/02\/a49985e4-kraft-heinz-jpg.webp\",\"keywords\":[\"3G Capital\",\"A\u00e7\u00f5es\",\"Bolsa de Valores\",\"Kraft Heinz (KHCB34)\"],\"articleSection\":[\"Mercado\"],\"inLanguage\":\"pt-BR\"},{\"@type\":\"WebPage\",\"@id\":\"https:\/\/www.suno.com.br\/noticias\/acoes-kraft-heinz-despencam-nova-york\/\",\"url\":\"https:\/\/www.suno.com.br\/noticias\/acoes-kraft-heinz-despencam-nova-york\/\",\"name\":\"A\u00e7\u00f5es da Kraft Heinz caem 27% em Nova York ap\u00f3s intima\u00e7\u00e3o da SEC\",\"isPartOf\":{\"@id\":\"https:\/\/www.suno.com.br\/noticias\/#website\"},\"primaryImageOfPage\":{\"@id\":\"https:\/\/www.suno.com.br\/noticias\/acoes-kraft-heinz-despencam-nova-york\/#primaryimage\"},\"image\":{\"@id\":\"https:\/\/www.suno.com.br\/noticias\/acoes-kraft-heinz-despencam-nova-york\/#primaryimage\"},\"thumbnailUrl\":\"https:\/\/files.sunoresearch.com.br\/n\/uploads\/2019\/02\/a49985e4-kraft-heinz-jpg.webp\",\"datePublished\":\"2019-02-22T23:42:28+00:00\",\"description\":\"As a\u00e7\u00f5es da Kraft Heinz despencaram 27,46% na bolsa de Nova York e empresa perdeu US$ 16,13 bi em valor de mercado. Clique e saiba mais\",\"breadcrumb\":{\"@id\":\"https:\/\/www.suno.com.br\/noticias\/acoes-kraft-heinz-despencam-nova-york\/#breadcrumb\"},\"inLanguage\":\"pt-BR\",\"potentialAction\":[{\"@type\":\"ReadAction\",\"target\":[\"https:\/\/www.suno.com.br\/noticias\/acoes-kraft-heinz-despencam-nova-york\/\"]}]},{\"@type\":\"ImageObject\",\"inLanguage\":\"pt-BR\",\"@id\":\"https:\/\/www.suno.com.br\/noticias\/acoes-kraft-heinz-despencam-nova-york\/#primaryimage\",\"url\":\"https:\/\/files.sunoresearch.com.br\/n\/uploads\/2019\/02\/a49985e4-kraft-heinz-jpg.webp\",\"contentUrl\":\"https:\/\/files.sunoresearch.com.br\/n\/uploads\/2019\/02\/a49985e4-kraft-heinz-jpg.webp\",\"width\":890,\"height\":501,\"caption\":\"Produtos da Kraft Heinz. (divulga\u00e7\u00e3o)\"},{\"@type\":\"BreadcrumbList\",\"@id\":\"https:\/\/www.suno.com.br\/noticias\/acoes-kraft-heinz-despencam-nova-york\/#breadcrumb\",\"itemListElement\":[{\"@type\":\"ListItem\",\"position\":1,\"name\":\"Not\u00edcias\",\"item\":\"https:\/\/www.suno.com.br\/noticias\/\"},{\"@type\":\"ListItem\",\"position\":2,\"name\":\"Mercado\",\"item\":\"https:\/\/www.suno.com.br\/noticias\/mercado\/\"},{\"@type\":\"ListItem\",\"position\":3,\"name\":\"A\u00e7\u00f5es da Kraft Heinz despencam 27% em Nova York ap\u00f3s intima\u00e7\u00e3o da SEC\"}]},{\"@type\":\"WebSite\",\"@id\":\"https:\/\/www.suno.com.br\/noticias\/#website\",\"url\":\"https:\/\/www.suno.com.br\/noticias\/\",\"name\":\"Suno Not\u00edcias\",\"description\":\"Seu portal de informa\u00e7\u00e3o sobre o mundo dos investimentos\",\"publisher\":{\"@id\":\"https:\/\/www.suno.com.br\/noticias\/#organization\"},\"potentialAction\":[{\"@type\":\"SearchAction\",\"target\":{\"@type\":\"EntryPoint\",\"urlTemplate\":\"https:\/\/www.suno.com.br\/noticias\/?s={search_term_string}\"},\"query-input\":{\"@type\":\"PropertyValueSpecification\",\"valueRequired\":true,\"valueName\":\"search_term_string\"}}],\"inLanguage\":\"pt-BR\"},{\"@type\":\"Organization\",\"@id\":\"https:\/\/www.suno.com.br\/noticias\/#organization\",\"name\":\"Suno Not\u00edcias\",\"url\":\"https:\/\/www.suno.com.br\/noticias\/\",\"logo\":{\"@type\":\"ImageObject\",\"inLanguage\":\"pt-BR\",\"@id\":\"https:\/\/www.suno.com.br\/noticias\/#\/schema\/logo\/image\/\",\"url\":\"https:\/\/files.sunoresearch.com.br\/n\/uploads\/2021\/09\/suno-logo.png\",\"contentUrl\":\"https:\/\/files.sunoresearch.com.br\/n\/uploads\/2021\/09\/suno-logo.png\",\"width\":180,\"height\":180,\"caption\":\"Suno Not\u00edcias\"},\"image\":{\"@id\":\"https:\/\/www.suno.com.br\/noticias\/#\/schema\/logo\/image\/\"},\"sameAs\":[\"https:\/\/facebook.com\/sunoresearch\",\"https:\/\/x.com\/sunoresearch\",\"https:\/\/www.instagram.com\/suno\",\"https:\/\/www.linkedin.com\/company\/suno-research\/\",\"https:\/\/www.youtube.com\/c\/sunoresearch\"]},{\"@type\":\"Person\",\"@id\":\"https:\/\/www.suno.com.br\/noticias\/#\/schema\/person\/0d0c9687cd2f600c564f25980c140de9\",\"name\":\"Guilherme Caetano\",\"image\":{\"@type\":\"ImageObject\",\"inLanguage\":\"pt-BR\",\"@id\":\"https:\/\/www.suno.com.br\/noticias\/#\/schema\/person\/image\/\",\"url\":\"https:\/\/secure.gravatar.com\/avatar\/e48357351a01702a0d19307070e081bf?s=96&r=g\",\"contentUrl\":\"https:\/\/secure.gravatar.com\/avatar\/e48357351a01702a0d19307070e081bf?s=96&r=g\",\"caption\":\"Guilherme Caetano\"},\"description\":\"Formado em jornalismo pela Escola de Comunica\u00e7\u00f5es e Artes da USP, Guilherme Caetano escreve para o portal de not\u00edcias da Suno Research. Passou pelas reda\u00e7\u00f5es da Folha de S.Paulo e da revista \u00c9poca.\",\"url\":\"https:\/\/www.suno.com.br\/noticias\/author\/guilherme-caetano\/\"}]}<\/script>\n<!-- \/ Yoast SEO plugin. -->","yoast_head_json":{"title":"A\u00e7\u00f5es da Kraft Heinz caem 27% em Nova York ap\u00f3s intima\u00e7\u00e3o da SEC","description":"As a\u00e7\u00f5es da Kraft Heinz despencaram 27,46% na bolsa de Nova York e empresa perdeu US$ 16,13 bi em valor de mercado. Clique e saiba mais","robots":{"index":"index","follow":"follow","max-snippet":"max-snippet:-1","max-image-preview":"max-image-preview:large","max-video-preview":"max-video-preview:-1"},"canonical":"https:\/\/www.suno.com.br\/noticias\/acoes-kraft-heinz-despencam-nova-york\/","og_locale":"pt_BR","og_type":"article","og_title":"A\u00e7\u00f5es da Kraft Heinz caem 27% em Nova York ap\u00f3s intima\u00e7\u00e3o da SEC","og_description":"As a\u00e7\u00f5es da Kraft Heinz despencaram 27,46% na bolsa de Nova York e empresa perdeu US$ 16,13 bi em valor de mercado. Clique e saiba mais","og_url":"https:\/\/www.suno.com.br\/noticias\/acoes-kraft-heinz-despencam-nova-york\/","og_site_name":"Suno Not\u00edcias","article_publisher":"https:\/\/facebook.com\/sunoresearch","og_image":[{"width":890,"height":501,"url":"https:\/\/files.sunoresearch.com.br\/n\/uploads\/2019\/02\/a49985e4-kraft-heinz.jpg","type":"image\/jpeg"}],"author":"Guilherme Caetano","twitter_card":"summary_large_image","twitter_creator":"@sunoresearch","twitter_site":"@sunoresearch","twitter_misc":{"Escrito por":"Guilherme Caetano","Est. tempo de leitura":"2 minutos"},"schema":{"@context":"https:\/\/schema.org","@graph":[{"@type":"NewsArticle","@id":"https:\/\/www.suno.com.br\/noticias\/acoes-kraft-heinz-despencam-nova-york\/#article","isPartOf":{"@id":"https:\/\/www.suno.com.br\/noticias\/acoes-kraft-heinz-despencam-nova-york\/"},"author":{"name":"Guilherme Caetano","@id":"https:\/\/www.suno.com.br\/noticias\/#\/schema\/person\/0d0c9687cd2f600c564f25980c140de9"},"headline":"A\u00e7\u00f5es da Kraft Heinz despencam 27% em Nova York ap\u00f3s intima\u00e7\u00e3o da SEC","datePublished":"2019-02-22T23:42:28+00:00","mainEntityOfPage":{"@id":"https:\/\/www.suno.com.br\/noticias\/acoes-kraft-heinz-despencam-nova-york\/"},"wordCount":354,"publisher":{"@id":"https:\/\/www.suno.com.br\/noticias\/#organization"},"image":{"@id":"https:\/\/www.suno.com.br\/noticias\/acoes-kraft-heinz-despencam-nova-york\/#primaryimage"},"thumbnailUrl":"https:\/\/files.sunoresearch.com.br\/n\/uploads\/2019\/02\/a49985e4-kraft-heinz-jpg.webp","keywords":["3G Capital","A\u00e7\u00f5es","Bolsa de Valores","Kraft Heinz (KHCB34)"],"articleSection":["Mercado"],"inLanguage":"pt-BR"},{"@type":"WebPage","@id":"https:\/\/www.suno.com.br\/noticias\/acoes-kraft-heinz-despencam-nova-york\/","url":"https:\/\/www.suno.com.br\/noticias\/acoes-kraft-heinz-despencam-nova-york\/","name":"A\u00e7\u00f5es da Kraft Heinz caem 27% em Nova York ap\u00f3s intima\u00e7\u00e3o da SEC","isPartOf":{"@id":"https:\/\/www.suno.com.br\/noticias\/#website"},"primaryImageOfPage":{"@id":"https:\/\/www.suno.com.br\/noticias\/acoes-kraft-heinz-despencam-nova-york\/#primaryimage"},"image":{"@id":"https:\/\/www.suno.com.br\/noticias\/acoes-kraft-heinz-despencam-nova-york\/#primaryimage"},"thumbnailUrl":"https:\/\/files.sunoresearch.com.br\/n\/uploads\/2019\/02\/a49985e4-kraft-heinz-jpg.webp","datePublished":"2019-02-22T23:42:28+00:00","description":"As a\u00e7\u00f5es da Kraft Heinz despencaram 27,46% na bolsa de Nova York e empresa perdeu US$ 16,13 bi em valor de mercado. Clique e saiba mais","breadcrumb":{"@id":"https:\/\/www.suno.com.br\/noticias\/acoes-kraft-heinz-despencam-nova-york\/#breadcrumb"},"inLanguage":"pt-BR","potentialAction":[{"@type":"ReadAction","target":["https:\/\/www.suno.com.br\/noticias\/acoes-kraft-heinz-despencam-nova-york\/"]}]},{"@type":"ImageObject","inLanguage":"pt-BR","@id":"https:\/\/www.suno.com.br\/noticias\/acoes-kraft-heinz-despencam-nova-york\/#primaryimage","url":"https:\/\/files.sunoresearch.com.br\/n\/uploads\/2019\/02\/a49985e4-kraft-heinz-jpg.webp","contentUrl":"https:\/\/files.sunoresearch.com.br\/n\/uploads\/2019\/02\/a49985e4-kraft-heinz-jpg.webp","width":890,"height":501,"caption":"Produtos da Kraft Heinz. (divulga\u00e7\u00e3o)"},{"@type":"BreadcrumbList","@id":"https:\/\/www.suno.com.br\/noticias\/acoes-kraft-heinz-despencam-nova-york\/#breadcrumb","itemListElement":[{"@type":"ListItem","position":1,"name":"Not\u00edcias","item":"https:\/\/www.suno.com.br\/noticias\/"},{"@type":"ListItem","position":2,"name":"Mercado","item":"https:\/\/www.suno.com.br\/noticias\/mercado\/"},{"@type":"ListItem","position":3,"name":"A\u00e7\u00f5es da Kraft Heinz despencam 27% em Nova York ap\u00f3s intima\u00e7\u00e3o da SEC"}]},{"@type":"WebSite","@id":"https:\/\/www.suno.com.br\/noticias\/#website","url":"https:\/\/www.suno.com.br\/noticias\/","name":"Suno Not\u00edcias","description":"Seu portal de informa\u00e7\u00e3o sobre o mundo dos investimentos","publisher":{"@id":"https:\/\/www.suno.com.br\/noticias\/#organization"},"potentialAction":[{"@type":"SearchAction","target":{"@type":"EntryPoint","urlTemplate":"https:\/\/www.suno.com.br\/noticias\/?s={search_term_string}"},"query-input":{"@type":"PropertyValueSpecification","valueRequired":true,"valueName":"search_term_string"}}],"inLanguage":"pt-BR"},{"@type":"Organization","@id":"https:\/\/www.suno.com.br\/noticias\/#organization","name":"Suno Not\u00edcias","url":"https:\/\/www.suno.com.br\/noticias\/","logo":{"@type":"ImageObject","inLanguage":"pt-BR","@id":"https:\/\/www.suno.com.br\/noticias\/#\/schema\/logo\/image\/","url":"https:\/\/files.sunoresearch.com.br\/n\/uploads\/2021\/09\/suno-logo.png","contentUrl":"https:\/\/files.sunoresearch.com.br\/n\/uploads\/2021\/09\/suno-logo.png","width":180,"height":180,"caption":"Suno Not\u00edcias"},"image":{"@id":"https:\/\/www.suno.com.br\/noticias\/#\/schema\/logo\/image\/"},"sameAs":["https:\/\/facebook.com\/sunoresearch","https:\/\/x.com\/sunoresearch","https:\/\/www.instagram.com\/suno","https:\/\/www.linkedin.com\/company\/suno-research\/","https:\/\/www.youtube.com\/c\/sunoresearch"]},{"@type":"Person","@id":"https:\/\/www.suno.com.br\/noticias\/#\/schema\/person\/0d0c9687cd2f600c564f25980c140de9","name":"Guilherme Caetano","image":{"@type":"ImageObject","inLanguage":"pt-BR","@id":"https:\/\/www.suno.com.br\/noticias\/#\/schema\/person\/image\/","url":"https:\/\/secure.gravatar.com\/avatar\/e48357351a01702a0d19307070e081bf?s=96&r=g","contentUrl":"https:\/\/secure.gravatar.com\/avatar\/e48357351a01702a0d19307070e081bf?s=96&r=g","caption":"Guilherme Caetano"},"description":"Formado em jornalismo pela Escola de Comunica\u00e7\u00f5es e Artes da USP, Guilherme Caetano escreve para o portal de not\u00edcias da Suno Research. Passou pelas reda\u00e7\u00f5es da Folha de S.Paulo e da revista \u00c9poca.","url":"https:\/\/www.suno.com.br\/noticias\/author\/guilherme-caetano\/"}]}},"default_loop_html":"<div class=\"cardsPage__listCard__boxs\"><div class=\"cardsPage__listCard__boxs__img\"><a href=\"https:\/\/www.suno.com.br\/noticias\/acoes-kraft-heinz-despencam-nova-york\/\"><img class=\"mask\" src=\"https:\/\/www.suno.com.br\/noticias\/wp-content\/themes\/suno\/resources\/images\/spotlight\/spotlight1img\/bg-mask.png\" alt=\"Image Mask\"\/><img src=\"https:\/\/files.sunoresearch.com.br\/n\/uploads\/2019\/02\/a49985e4-kraft-heinz-400x200.webp\" alt=\"A\u00e7\u00f5es da Kraft Heinz despencam 27% em Nova York ap\u00f3s intima\u00e7\u00e3o da SEC\"\/><\/a><span class=\"spotlightCategory\"><a href=\"https:\/\/www.suno.com.br\/noticias\/mercado\/\">Mercado<\/a><\/span><\/div><div class=\"cardsPage__listCard__boxs__content\"><a href=\"https:\/\/www.suno.com.br\/noticias\/acoes-kraft-heinz-despencam-nova-york\/\"><h2 class=\"content__title\">A\u00e7\u00f5es da Kraft Heinz despencam 27% em Nova York ap\u00f3s intima\u00e7\u00e3o da SEC<\/h2><\/a><div class=\"newsContent__article__meta\"><div class=\"newsContent__article__meta__authorBox\"><a href=\"https:\/\/www.suno.com.br\/noticias\/author\/guilherme-caetano\/\" class=\"authorBox__avatar noMobi\"><img src=\"https:\/\/secure.gravatar.com\/avatar\/e48357351a01702a0d19307070e081bf?s=96&#038;r=g\" alt=\"Guilherme Caetano\"><\/a><div class=\"authorBox__name\"><span>por\n\t\t\t<a href=\"https:\/\/www.suno.com.br\/noticias\/author\/guilherme-caetano\/\"><span itemprop=\"author\">Guilherme Caetano<\/span><\/a><\/span><time datetime=\"2019-02-22T20:42:28-03:00\" itemprop=\"datePublished\">22\/02\/2019 20:42<\/time><\/div><\/div><\/div><\/div><\/div>","single_layout":"posts","amp_enabled":true,"_links":{"self":[{"href":"https:\/\/www.suno.com.br\/noticias\/wp-json\/wp\/v2\/posts\/16381"}],"collection":[{"href":"https:\/\/www.suno.com.br\/noticias\/wp-json\/wp\/v2\/posts"}],"about":[{"href":"https:\/\/www.suno.com.br\/noticias\/wp-json\/wp\/v2\/types\/post"}],"author":[{"embeddable":true,"href":"https:\/\/www.suno.com.br\/noticias\/wp-json\/wp\/v2\/users\/13"}],"replies":[{"embeddable":true,"href":"https:\/\/www.suno.com.br\/noticias\/wp-json\/wp\/v2\/comments?post=16381"}],"version-history":[{"count":0,"href":"https:\/\/www.suno.com.br\/noticias\/wp-json\/wp\/v2\/posts\/16381\/revisions"}],"wp:featuredmedia":[{"embeddable":true,"href":"https:\/\/www.suno.com.br\/noticias\/wp-json\/wp\/v2\/media\/16284"}],"wp:attachment":[{"href":"https:\/\/www.suno.com.br\/noticias\/wp-json\/wp\/v2\/media?parent=16381"}],"wp:term":[{"taxonomy":"category","embeddable":true,"href":"https:\/\/www.suno.com.br\/noticias\/wp-json\/wp\/v2\/categories?post=16381"},{"taxonomy":"post_tag","embeddable":true,"href":"https:\/\/www.suno.com.br\/noticias\/wp-json\/wp\/v2\/tags?post=16381"},{"taxonomy":"suno_strategy","embeddable":true,"href":"https:\/\/www.suno.com.br\/noticias\/wp-json\/wp\/v2\/suno_strategy?post=16381"}],"curies":[{"name":"wp","href":"https:\/\/api.w.org\/{rel}","templated":true}]}}