{"id":163804,"date":"2021-07-05T20:15:13","date_gmt":"2021-07-05T23:15:13","guid":{"rendered":"https:\/\/www.suno.com.br\/noticias\/?p=163804"},"modified":"2021-07-05T20:15:13","modified_gmt":"2021-07-05T23:15:13","slug":"ambipar-ambp3-aquisicao-colombiana-sabi-tech","status":"publish","type":"post","link":"https:\/\/www.suno.com.br\/noticias\/ambipar-ambp3-aquisicao-colombiana-sabi-tech\/","title":{"rendered":"Ambipar (AMBP3) anuncia aquisi\u00e7\u00e3o da colombiana SABI Tech"},"content":{"rendered":"<p>A <a href=\"https:\/\/www.suno.com.br\/acoes\/ambp3\/\"><strong>Ambipar<\/strong> (AMBP3)<\/a>\u00a0 anunciou nesta segunda-feira (5) a aquisi\u00e7\u00e3o de 100% da SABI Tech S.A.S. atrav\u00e9s de sua controlada indireta, Suatrans Chile.<\/p>\t<div class=\"wrapper-featured-image\">\n\t\t<figure class=\"spotlightImg\">\n\n\t\t\t<picture>\n\t\t\t\t<source media=\"(max-width: 768px)\" srcset=\"https:\/\/files.sunoresearch.com.br\/n\/uploads\/2021\/06\/ee41f7f8-10914774_954336897912693_1301876283749549643_o-400x200.webp\">\n\t\t\t\t<img loading=\"lazy\" decoding=\"async\" class=\"newsContent__article__imgCapa lazyloadDisabled \" src=\"https:\/\/files.sunoresearch.com.br\/n\/uploads\/2021\/06\/ee41f7f8-10914774_954336897912693_1301876283749549643_o-800x450.webp\" width=\"800\" height=\"450\" alt=\"Ambipar (AMBP3) anuncia aquisi\u00e7\u00e3o da colombiana SABI Tech\" fetchpriority=high \/>\n\t\t\t<\/picture>\n\n\t\t\t<figcaption class=\"wp-caption-text wp-caption-text--show\">Ambipar. Foto: Reprodu\u00e7\u00e3o Facebook<\/figcaption>\n\t\t<\/figure>\n\t<\/div>\n\n\n\t<p>\n\t\t<a href=\"https:\/\/lp.suno.com.br\/planilha-controle-gastos\/\" target=\"_blank\" data-element=\"shortcode-suno-banner\" title=\"Banner SUNO, clique e saiba mais\">\n\t\t\t<picture>\n\t\t\t\t<source media=\"(max-width: 500px)\" srcset=\"https:\/\/files.sunoresearch.com.br\/n\/uploads\/2023\/03\/400x300-Planilha-controle-de-gastos.png\">\n\t\t\t\t<img class=\"newsContent__article__imgCapa newsContent__article__imgCapa--banner\"\n\t\t\t\t\tsrc=\"https:\/\/files.sunoresearch.com.br\/n\/uploads\/2023\/03\/1420x240-Planilha-controle-de-gastos.png\"\n\t\t\t\t\tdata-promo-id=\"101751\"\t\t\t\t\t\t\t\t\t\twidth='1420' height='240'\t\t\t\t\talt=\"https:\/\/files.sunoresearch.com.br\/n\/uploads\/2023\/03\/1420x240-Planilha-controle-de-gastos.png\"\n\t\t\t\t>\n\t\t\t<\/picture>\n\t\t<\/a>\n\t<\/p>\n\n\n<p>A informa\u00e7\u00e3o foi divulgada pela Ambipar atrav\u00e9s de <a class=\"suno-keyword\" href=\"https:\/\/www.suno.com.br\/artigos\/fato-relevante\/\" target=\"_blank\" rel=\"noopener noreferrer\" data-force=\"no\" data-priority=\"1\">fato relevante<\/a>, por\u00e9m o valor do neg\u00f3cio n\u00e3o foi divulgado.<\/p>\n<p>Com 14 bases operacionais na <strong>Col\u00f4mbia,<\/strong> a <strong>SABI Tech<\/strong> atua h\u00e1 17 anos na presta\u00e7\u00e3o de servi\u00e7os com foco no atendimento a <strong>emerg\u00eancias ambientais<\/strong> no modal rodovi\u00e1rio. A companhia \u00e9 l\u00edder de mercado na Col\u00f4mbia e faturou US$ 4,3 milh\u00f5es em 2020, al\u00e9m de prestar servi\u00e7os no M\u00e9xico no Panam\u00e1.<\/p>\n<p>A empresa colombiana tamb\u00e9m possui um sistema de <strong>gerenciamento de risco<\/strong> e rastreamento total dos caminh\u00f5es com alta tecnologia embarcada, onde tamb\u00e9m \u00e9 l\u00edder de mercado com 55% de <a href=\"https:\/\/www.suno.com.br\/artigos\/market-share\/\"><strong>market share<\/strong><\/a>, al\u00e9m de 61 pontos de checagem dos caminh\u00f5es\/motoristas, estrategicamente localizados nas principais rodovias do pa\u00eds.<\/p>\n\t<p>\n\t\t<a href=\"https:\/\/lp.suno.com.br\/planilha-da-vida-financeira\/\" target=\"_blank\" data-element=\"shortcode-suno-banner\" title=\"Banner SUNO, clique e saiba mais\">\n\t\t\t<picture>\n\t\t\t\t<source media=\"(max-width: 500px)\" srcset=\"https:\/\/files.sunoresearch.com.br\/n\/uploads\/2023\/04\/400x300-Planilha-vida-financeira-true.png\">\n\t\t\t\t<img class=\"newsContent__article__imgCapa newsContent__article__imgCapa--banner\"\n\t\t\t\t\tsrc=\"https:\/\/files.sunoresearch.com.br\/n\/uploads\/2023\/04\/1420x240-Planilha-vida-financeira-true.png\"\n\t\t\t\t\tdata-promo-id=\"106682\"\t\t\t\t\t\t\t\t\t\twidth='1420' height='240'\t\t\t\t\talt=\"https:\/\/files.sunoresearch.com.br\/n\/uploads\/2023\/04\/1420x240-Planilha-vida-financeira-true.png\"\n\t\t\t\t>\n\t\t\t<\/picture>\n\t\t<\/a>\n\t<\/p>\n\n\n<p>No documento a Ambipar destaca que com a transa\u00e7\u00e3o expande geograficamente sua presen\u00e7a na <strong>Am\u00e9rica Latina<\/strong>, al\u00e9m de trazer tecnologia diferenciada de gerenciamento e monitoramento da frota que poder\u00e1 ser utilizada mundialmente pelo grupo. Somado a isso, a aquisi\u00e7\u00e3o gera <a href=\"https:\/\/www.suno.com.br\/artigos\/sinergias\/#:~:text=Sinergia%20%C3%A9%20um%20termo%20de,a%20soma%20dos%20trabalhos%20individuais.\">sinergias operacionais<\/a> e administrativas e oportunidades de <i><strong>cross selling<\/strong><\/i><strong>;<\/strong> em linha com o seu plano estrat\u00e9gico de crescimento, com captura de sinergias e potencial maximiza\u00e7\u00e3o das margens e retorno, acrescenta a Ambipar.<\/p>\n<p>A empresa esclarece ainda que a aquisi\u00e7\u00e3o n\u00e3o ser\u00e1 submetida \u00e0 aprova\u00e7\u00e3o dos seus acionistas, tampouco ensejar\u00e1 direito de recesso, tendo em vista que foi realizada por meio de <strong>subsidi\u00e1ria,<\/strong> de capital fechado; e o pre\u00e7o pago pela aquisi\u00e7\u00e3o n\u00e3o ultrapassa uma vez e meia o maior dos tr\u00eas valores previstos em lei.<\/p>\n<p>Vale lembrar que na \u00faltima semana, a\u00a0Ambipar anunciou a compra dos 50% remanescentes da chilena Suatrans. A aquisi\u00e7\u00e3o foi realizada pela controlada Emerg\u00eancia Participa\u00e7\u00f5es.<\/p>\n<h2>Cota\u00e7\u00e3o da Ambipar<\/h2>\n<p>A a\u00e7\u00e3o da <strong>Ambipar (AMBP3)<\/strong> encerrou o preg\u00e3o de hoje em queda de 2,45%, valendo R$ 44,66. No ano, o papel acumula uma alta de 69,04%, frente ao fechamento a R$ 26,42 ao final de dezembro do ano passado.<\/p>\n<p><em>Com informa\u00e7\u00f5es do Estad\u00e3o Conte\u00fado<\/em><\/p>\n\t<p>\n\t\t<a href=\"https:\/\/lp.suno.com.br\/planilha-de-controle-de-investimentos\/\" target=\"_blank\" data-element=\"shortcode-suno-banner\" title=\"Banner SUNO, clique e saiba mais\">\n\t\t\t<picture>\n\t\t\t\t<source media=\"(max-width: 500px)\" srcset=\"https:\/\/files.sunoresearch.com.br\/n\/uploads\/2023\/03\/400x300-Controle-de-Investimentos.png\">\n\t\t\t\t<img class=\"newsContent__article__imgCapa newsContent__article__imgCapa--banner\"\n\t\t\t\t\tsrc=\"https:\/\/files.sunoresearch.com.br\/n\/uploads\/2023\/03\/1420x240-Controle-de-Investimentos.png\"\n\t\t\t\t\tdata-promo-id=\"75934\"\t\t\t\t\t\t\t\t\t\twidth='1420' height='240'\t\t\t\t\talt=\"https:\/\/files.sunoresearch.com.br\/n\/uploads\/2023\/03\/1420x240-Controle-de-Investimentos.png\"\n\t\t\t\t>\n\t\t\t<\/picture>\n\t\t<\/a>\n\t<\/p>\n\n\n","protected":false},"excerpt":{"rendered":"<p>A Ambipar (AMBP3)\u00a0 anunciou nesta segunda-feira (5) a aquisi\u00e7\u00e3o de 100% da SABI Tech S.A.S. atrav\u00e9s de sua controlada indireta, Suatrans Chile. Ambipar. Foto: Reprodu\u00e7\u00e3o Facebook A informa\u00e7\u00e3o foi divulgada pela Ambipar atrav\u00e9s de fato relevante, por\u00e9m o valor do neg\u00f3cio n\u00e3o foi divulgado. Com 14 bases operacionais na Col\u00f4mbia, a SABI Tech atua h\u00e1 [&hellip;]<\/p>\n","protected":false},"author":39,"featured_media":158343,"comment_status":"closed","ping_status":"closed","sticky":false,"template":"","format":"standard","meta":[],"categories":[64],"tags":[66864,62812],"suno_strategy":[],"class_list":["post-163804","post","type-post","status-publish","format-standard","has-post-thumbnail","hentry","category-negocios","tag-ambipar-ambp3","tag-fusoes-e-aquisicoes"],"yoast_head":"<!-- This site is optimized with the Yoast SEO plugin v24.4 - https:\/\/yoast.com\/wordpress\/plugins\/seo\/ -->\n<title>Ambipar (AMBP3) anuncia aquisi\u00e7\u00e3o da colombiana SABI Tech<\/title>\n<meta name=\"description\" content=\"A Ambipar (AMBP3)\u00a0 anunciou a aquisi\u00e7\u00e3o de 100% da SABI Tech S.A.S. atrav\u00e9s de sua controlada indireta, Suatrans Chile. Clique e saiba mais!\" \/>\n<meta name=\"robots\" content=\"index, follow, max-snippet:-1, max-image-preview:large, max-video-preview:-1\" \/>\n<link rel=\"canonical\" href=\"https:\/\/www.suno.com.br\/noticias\/ambipar-ambp3-aquisicao-colombiana-sabi-tech\/\" \/>\n<meta property=\"og:locale\" content=\"pt_BR\" \/>\n<meta property=\"og:type\" content=\"article\" \/>\n<meta property=\"og:title\" content=\"Ambipar (AMBP3) anuncia aquisi\u00e7\u00e3o da colombiana SABI Tech\" \/>\n<meta property=\"og:description\" content=\"A Ambipar (AMBP3)\u00a0 anunciou a aquisi\u00e7\u00e3o de 100% da SABI Tech S.A.S. atrav\u00e9s de sua controlada indireta, Suatrans Chile. Clique e saiba mais!\" \/>\n<meta property=\"og:url\" content=\"https:\/\/www.suno.com.br\/noticias\/ambipar-ambp3-aquisicao-colombiana-sabi-tech\/\" \/>\n<meta property=\"og:site_name\" content=\"Suno Not\u00edcias\" \/>\n<meta property=\"article:publisher\" content=\"https:\/\/facebook.com\/sunoresearch\" \/>\n<meta property=\"og:image\" content=\"https:\/\/files.sunoresearch.com.br\/n\/uploads\/2021\/06\/ee41f7f8-10914774_954336897912693_1301876283749549643_o.jpg\" \/>\n\t<meta property=\"og:image:width\" content=\"1351\" \/>\n\t<meta property=\"og:image:height\" content=\"900\" \/>\n\t<meta property=\"og:image:type\" content=\"image\/jpeg\" \/>\n<meta name=\"author\" content=\"Laura Moutinho\" \/>\n<meta name=\"twitter:card\" content=\"summary_large_image\" \/>\n<meta name=\"twitter:creator\" content=\"@sunoresearch\" \/>\n<meta name=\"twitter:site\" content=\"@sunoresearch\" \/>\n<meta name=\"twitter:label1\" content=\"Escrito por\" \/>\n\t<meta name=\"twitter:data1\" content=\"Laura Moutinho\" \/>\n\t<meta name=\"twitter:label2\" content=\"Est. tempo de leitura\" \/>\n\t<meta name=\"twitter:data2\" content=\"2 minutos\" \/>\n<script type=\"application\/ld+json\" class=\"yoast-schema-graph\">{\"@context\":\"https:\/\/schema.org\",\"@graph\":[{\"@type\":\"NewsArticle\",\"@id\":\"https:\/\/www.suno.com.br\/noticias\/ambipar-ambp3-aquisicao-colombiana-sabi-tech\/#article\",\"isPartOf\":{\"@id\":\"https:\/\/www.suno.com.br\/noticias\/ambipar-ambp3-aquisicao-colombiana-sabi-tech\/\"},\"author\":{\"name\":\"Laura Moutinho\",\"@id\":\"https:\/\/www.suno.com.br\/noticias\/#\/schema\/person\/3df0d2808748b74496efe5dbeaef2c72\"},\"headline\":\"Ambipar (AMBP3) anuncia aquisi\u00e7\u00e3o da colombiana SABI Tech\",\"datePublished\":\"2021-07-05T23:15:13+00:00\",\"mainEntityOfPage\":{\"@id\":\"https:\/\/www.suno.com.br\/noticias\/ambipar-ambp3-aquisicao-colombiana-sabi-tech\/\"},\"wordCount\":387,\"publisher\":{\"@id\":\"https:\/\/www.suno.com.br\/noticias\/#organization\"},\"image\":{\"@id\":\"https:\/\/www.suno.com.br\/noticias\/ambipar-ambp3-aquisicao-colombiana-sabi-tech\/#primaryimage\"},\"thumbnailUrl\":\"https:\/\/files.sunoresearch.com.br\/n\/uploads\/2021\/06\/ee41f7f8-10914774_954336897912693_1301876283749549643_o-jpg.webp\",\"keywords\":[\"Ambipar (AMBP3)\",\"fus\u00f5es e aquisi\u00e7\u00f5es\"],\"articleSection\":[\"Neg\u00f3cios\"],\"inLanguage\":\"pt-BR\"},{\"@type\":\"WebPage\",\"@id\":\"https:\/\/www.suno.com.br\/noticias\/ambipar-ambp3-aquisicao-colombiana-sabi-tech\/\",\"url\":\"https:\/\/www.suno.com.br\/noticias\/ambipar-ambp3-aquisicao-colombiana-sabi-tech\/\",\"name\":\"Ambipar (AMBP3) anuncia aquisi\u00e7\u00e3o da colombiana SABI Tech\",\"isPartOf\":{\"@id\":\"https:\/\/www.suno.com.br\/noticias\/#website\"},\"primaryImageOfPage\":{\"@id\":\"https:\/\/www.suno.com.br\/noticias\/ambipar-ambp3-aquisicao-colombiana-sabi-tech\/#primaryimage\"},\"image\":{\"@id\":\"https:\/\/www.suno.com.br\/noticias\/ambipar-ambp3-aquisicao-colombiana-sabi-tech\/#primaryimage\"},\"thumbnailUrl\":\"https:\/\/files.sunoresearch.com.br\/n\/uploads\/2021\/06\/ee41f7f8-10914774_954336897912693_1301876283749549643_o-jpg.webp\",\"datePublished\":\"2021-07-05T23:15:13+00:00\",\"description\":\"A Ambipar (AMBP3)\u00a0 anunciou a aquisi\u00e7\u00e3o de 100% da SABI Tech S.A.S. atrav\u00e9s de sua controlada indireta, Suatrans Chile. Clique e saiba mais!\",\"breadcrumb\":{\"@id\":\"https:\/\/www.suno.com.br\/noticias\/ambipar-ambp3-aquisicao-colombiana-sabi-tech\/#breadcrumb\"},\"inLanguage\":\"pt-BR\",\"potentialAction\":[{\"@type\":\"ReadAction\",\"target\":[\"https:\/\/www.suno.com.br\/noticias\/ambipar-ambp3-aquisicao-colombiana-sabi-tech\/\"]}]},{\"@type\":\"ImageObject\",\"inLanguage\":\"pt-BR\",\"@id\":\"https:\/\/www.suno.com.br\/noticias\/ambipar-ambp3-aquisicao-colombiana-sabi-tech\/#primaryimage\",\"url\":\"https:\/\/files.sunoresearch.com.br\/n\/uploads\/2021\/06\/ee41f7f8-10914774_954336897912693_1301876283749549643_o-jpg.webp\",\"contentUrl\":\"https:\/\/files.sunoresearch.com.br\/n\/uploads\/2021\/06\/ee41f7f8-10914774_954336897912693_1301876283749549643_o-jpg.webp\",\"width\":1351,\"height\":900,\"caption\":\"Ambipar. Foto: Reprodu\u00e7\u00e3o Facebook\"},{\"@type\":\"BreadcrumbList\",\"@id\":\"https:\/\/www.suno.com.br\/noticias\/ambipar-ambp3-aquisicao-colombiana-sabi-tech\/#breadcrumb\",\"itemListElement\":[{\"@type\":\"ListItem\",\"position\":1,\"name\":\"Not\u00edcias\",\"item\":\"https:\/\/www.suno.com.br\/noticias\/\"},{\"@type\":\"ListItem\",\"position\":2,\"name\":\"Neg\u00f3cios\",\"item\":\"https:\/\/www.suno.com.br\/noticias\/negocios\/\"},{\"@type\":\"ListItem\",\"position\":3,\"name\":\"Ambipar (AMBP3) anuncia aquisi\u00e7\u00e3o da colombiana SABI Tech\"}]},{\"@type\":\"WebSite\",\"@id\":\"https:\/\/www.suno.com.br\/noticias\/#website\",\"url\":\"https:\/\/www.suno.com.br\/noticias\/\",\"name\":\"Suno Not\u00edcias\",\"description\":\"Seu portal de informa\u00e7\u00e3o sobre o mundo dos investimentos\",\"publisher\":{\"@id\":\"https:\/\/www.suno.com.br\/noticias\/#organization\"},\"potentialAction\":[{\"@type\":\"SearchAction\",\"target\":{\"@type\":\"EntryPoint\",\"urlTemplate\":\"https:\/\/www.suno.com.br\/noticias\/?s={search_term_string}\"},\"query-input\":{\"@type\":\"PropertyValueSpecification\",\"valueRequired\":true,\"valueName\":\"search_term_string\"}}],\"inLanguage\":\"pt-BR\"},{\"@type\":\"Organization\",\"@id\":\"https:\/\/www.suno.com.br\/noticias\/#organization\",\"name\":\"Suno Not\u00edcias\",\"url\":\"https:\/\/www.suno.com.br\/noticias\/\",\"logo\":{\"@type\":\"ImageObject\",\"inLanguage\":\"pt-BR\",\"@id\":\"https:\/\/www.suno.com.br\/noticias\/#\/schema\/logo\/image\/\",\"url\":\"https:\/\/files.sunoresearch.com.br\/n\/uploads\/2021\/09\/suno-logo.png\",\"contentUrl\":\"https:\/\/files.sunoresearch.com.br\/n\/uploads\/2021\/09\/suno-logo.png\",\"width\":180,\"height\":180,\"caption\":\"Suno Not\u00edcias\"},\"image\":{\"@id\":\"https:\/\/www.suno.com.br\/noticias\/#\/schema\/logo\/image\/\"},\"sameAs\":[\"https:\/\/facebook.com\/sunoresearch\",\"https:\/\/x.com\/sunoresearch\",\"https:\/\/www.instagram.com\/suno\",\"https:\/\/www.linkedin.com\/company\/suno-research\/\",\"https:\/\/www.youtube.com\/c\/sunoresearch\"]},{\"@type\":\"Person\",\"@id\":\"https:\/\/www.suno.com.br\/noticias\/#\/schema\/person\/3df0d2808748b74496efe5dbeaef2c72\",\"name\":\"Laura Moutinho\",\"image\":{\"@type\":\"ImageObject\",\"inLanguage\":\"pt-BR\",\"@id\":\"https:\/\/www.suno.com.br\/noticias\/#\/schema\/person\/image\/\",\"url\":\"https:\/\/secure.gravatar.com\/avatar\/7571c7c8ca3a6fca5e41384ece5557ff?s=96&r=g\",\"contentUrl\":\"https:\/\/secure.gravatar.com\/avatar\/7571c7c8ca3a6fca5e41384ece5557ff?s=96&r=g\",\"caption\":\"Laura Moutinho\"},\"description\":\"Estagi\u00e1ria na Suno Not\u00edcias, escreve not\u00edcias que afetam o mercado financeiro. Estuda administra\u00e7\u00e3o na Universidade Presbiteriana Mackenzie.\",\"url\":\"https:\/\/www.suno.com.br\/noticias\/author\/laura-moutinho\/\"}]}<\/script>\n<!-- \/ Yoast SEO plugin. -->","yoast_head_json":{"title":"Ambipar (AMBP3) anuncia aquisi\u00e7\u00e3o da colombiana SABI Tech","description":"A Ambipar (AMBP3)\u00a0 anunciou a aquisi\u00e7\u00e3o de 100% da SABI Tech S.A.S. atrav\u00e9s de sua controlada indireta, Suatrans Chile. Clique e saiba mais!","robots":{"index":"index","follow":"follow","max-snippet":"max-snippet:-1","max-image-preview":"max-image-preview:large","max-video-preview":"max-video-preview:-1"},"canonical":"https:\/\/www.suno.com.br\/noticias\/ambipar-ambp3-aquisicao-colombiana-sabi-tech\/","og_locale":"pt_BR","og_type":"article","og_title":"Ambipar (AMBP3) anuncia aquisi\u00e7\u00e3o da colombiana SABI Tech","og_description":"A Ambipar (AMBP3)\u00a0 anunciou a aquisi\u00e7\u00e3o de 100% da SABI Tech S.A.S. atrav\u00e9s de sua controlada indireta, Suatrans Chile. Clique e saiba mais!","og_url":"https:\/\/www.suno.com.br\/noticias\/ambipar-ambp3-aquisicao-colombiana-sabi-tech\/","og_site_name":"Suno Not\u00edcias","article_publisher":"https:\/\/facebook.com\/sunoresearch","og_image":[{"width":1351,"height":900,"url":"https:\/\/files.sunoresearch.com.br\/n\/uploads\/2021\/06\/ee41f7f8-10914774_954336897912693_1301876283749549643_o.jpg","type":"image\/jpeg"}],"author":"Laura Moutinho","twitter_card":"summary_large_image","twitter_creator":"@sunoresearch","twitter_site":"@sunoresearch","twitter_misc":{"Escrito por":"Laura Moutinho","Est. tempo de leitura":"2 minutos"},"schema":{"@context":"https:\/\/schema.org","@graph":[{"@type":"NewsArticle","@id":"https:\/\/www.suno.com.br\/noticias\/ambipar-ambp3-aquisicao-colombiana-sabi-tech\/#article","isPartOf":{"@id":"https:\/\/www.suno.com.br\/noticias\/ambipar-ambp3-aquisicao-colombiana-sabi-tech\/"},"author":{"name":"Laura Moutinho","@id":"https:\/\/www.suno.com.br\/noticias\/#\/schema\/person\/3df0d2808748b74496efe5dbeaef2c72"},"headline":"Ambipar (AMBP3) anuncia aquisi\u00e7\u00e3o da colombiana SABI Tech","datePublished":"2021-07-05T23:15:13+00:00","mainEntityOfPage":{"@id":"https:\/\/www.suno.com.br\/noticias\/ambipar-ambp3-aquisicao-colombiana-sabi-tech\/"},"wordCount":387,"publisher":{"@id":"https:\/\/www.suno.com.br\/noticias\/#organization"},"image":{"@id":"https:\/\/www.suno.com.br\/noticias\/ambipar-ambp3-aquisicao-colombiana-sabi-tech\/#primaryimage"},"thumbnailUrl":"https:\/\/files.sunoresearch.com.br\/n\/uploads\/2021\/06\/ee41f7f8-10914774_954336897912693_1301876283749549643_o-jpg.webp","keywords":["Ambipar (AMBP3)","fus\u00f5es e aquisi\u00e7\u00f5es"],"articleSection":["Neg\u00f3cios"],"inLanguage":"pt-BR"},{"@type":"WebPage","@id":"https:\/\/www.suno.com.br\/noticias\/ambipar-ambp3-aquisicao-colombiana-sabi-tech\/","url":"https:\/\/www.suno.com.br\/noticias\/ambipar-ambp3-aquisicao-colombiana-sabi-tech\/","name":"Ambipar (AMBP3) anuncia aquisi\u00e7\u00e3o da colombiana SABI Tech","isPartOf":{"@id":"https:\/\/www.suno.com.br\/noticias\/#website"},"primaryImageOfPage":{"@id":"https:\/\/www.suno.com.br\/noticias\/ambipar-ambp3-aquisicao-colombiana-sabi-tech\/#primaryimage"},"image":{"@id":"https:\/\/www.suno.com.br\/noticias\/ambipar-ambp3-aquisicao-colombiana-sabi-tech\/#primaryimage"},"thumbnailUrl":"https:\/\/files.sunoresearch.com.br\/n\/uploads\/2021\/06\/ee41f7f8-10914774_954336897912693_1301876283749549643_o-jpg.webp","datePublished":"2021-07-05T23:15:13+00:00","description":"A Ambipar (AMBP3)\u00a0 anunciou a aquisi\u00e7\u00e3o de 100% da SABI Tech S.A.S. atrav\u00e9s de sua controlada indireta, Suatrans Chile. Clique e saiba mais!","breadcrumb":{"@id":"https:\/\/www.suno.com.br\/noticias\/ambipar-ambp3-aquisicao-colombiana-sabi-tech\/#breadcrumb"},"inLanguage":"pt-BR","potentialAction":[{"@type":"ReadAction","target":["https:\/\/www.suno.com.br\/noticias\/ambipar-ambp3-aquisicao-colombiana-sabi-tech\/"]}]},{"@type":"ImageObject","inLanguage":"pt-BR","@id":"https:\/\/www.suno.com.br\/noticias\/ambipar-ambp3-aquisicao-colombiana-sabi-tech\/#primaryimage","url":"https:\/\/files.sunoresearch.com.br\/n\/uploads\/2021\/06\/ee41f7f8-10914774_954336897912693_1301876283749549643_o-jpg.webp","contentUrl":"https:\/\/files.sunoresearch.com.br\/n\/uploads\/2021\/06\/ee41f7f8-10914774_954336897912693_1301876283749549643_o-jpg.webp","width":1351,"height":900,"caption":"Ambipar. Foto: Reprodu\u00e7\u00e3o Facebook"},{"@type":"BreadcrumbList","@id":"https:\/\/www.suno.com.br\/noticias\/ambipar-ambp3-aquisicao-colombiana-sabi-tech\/#breadcrumb","itemListElement":[{"@type":"ListItem","position":1,"name":"Not\u00edcias","item":"https:\/\/www.suno.com.br\/noticias\/"},{"@type":"ListItem","position":2,"name":"Neg\u00f3cios","item":"https:\/\/www.suno.com.br\/noticias\/negocios\/"},{"@type":"ListItem","position":3,"name":"Ambipar (AMBP3) anuncia aquisi\u00e7\u00e3o da colombiana SABI Tech"}]},{"@type":"WebSite","@id":"https:\/\/www.suno.com.br\/noticias\/#website","url":"https:\/\/www.suno.com.br\/noticias\/","name":"Suno Not\u00edcias","description":"Seu portal de informa\u00e7\u00e3o sobre o mundo dos investimentos","publisher":{"@id":"https:\/\/www.suno.com.br\/noticias\/#organization"},"potentialAction":[{"@type":"SearchAction","target":{"@type":"EntryPoint","urlTemplate":"https:\/\/www.suno.com.br\/noticias\/?s={search_term_string}"},"query-input":{"@type":"PropertyValueSpecification","valueRequired":true,"valueName":"search_term_string"}}],"inLanguage":"pt-BR"},{"@type":"Organization","@id":"https:\/\/www.suno.com.br\/noticias\/#organization","name":"Suno Not\u00edcias","url":"https:\/\/www.suno.com.br\/noticias\/","logo":{"@type":"ImageObject","inLanguage":"pt-BR","@id":"https:\/\/www.suno.com.br\/noticias\/#\/schema\/logo\/image\/","url":"https:\/\/files.sunoresearch.com.br\/n\/uploads\/2021\/09\/suno-logo.png","contentUrl":"https:\/\/files.sunoresearch.com.br\/n\/uploads\/2021\/09\/suno-logo.png","width":180,"height":180,"caption":"Suno Not\u00edcias"},"image":{"@id":"https:\/\/www.suno.com.br\/noticias\/#\/schema\/logo\/image\/"},"sameAs":["https:\/\/facebook.com\/sunoresearch","https:\/\/x.com\/sunoresearch","https:\/\/www.instagram.com\/suno","https:\/\/www.linkedin.com\/company\/suno-research\/","https:\/\/www.youtube.com\/c\/sunoresearch"]},{"@type":"Person","@id":"https:\/\/www.suno.com.br\/noticias\/#\/schema\/person\/3df0d2808748b74496efe5dbeaef2c72","name":"Laura Moutinho","image":{"@type":"ImageObject","inLanguage":"pt-BR","@id":"https:\/\/www.suno.com.br\/noticias\/#\/schema\/person\/image\/","url":"https:\/\/secure.gravatar.com\/avatar\/7571c7c8ca3a6fca5e41384ece5557ff?s=96&r=g","contentUrl":"https:\/\/secure.gravatar.com\/avatar\/7571c7c8ca3a6fca5e41384ece5557ff?s=96&r=g","caption":"Laura Moutinho"},"description":"Estagi\u00e1ria na Suno Not\u00edcias, escreve not\u00edcias que afetam o mercado financeiro. Estuda administra\u00e7\u00e3o na Universidade Presbiteriana Mackenzie.","url":"https:\/\/www.suno.com.br\/noticias\/author\/laura-moutinho\/"}]}},"default_loop_html":"<div class=\"cardsPage__listCard__boxs\"><div class=\"cardsPage__listCard__boxs__img\"><a href=\"https:\/\/www.suno.com.br\/noticias\/ambipar-ambp3-aquisicao-colombiana-sabi-tech\/\"><img class=\"mask\" src=\"https:\/\/www.suno.com.br\/noticias\/wp-content\/themes\/suno\/resources\/images\/spotlight\/spotlight1img\/bg-mask.png\" alt=\"Image Mask\"\/><img src=\"https:\/\/files.sunoresearch.com.br\/n\/uploads\/2021\/06\/ee41f7f8-10914774_954336897912693_1301876283749549643_o-400x200.webp\" alt=\"Ambipar (AMBP3) anuncia aquisi\u00e7\u00e3o da colombiana SABI Tech\"\/><\/a><span class=\"spotlightCategory\"><a href=\"https:\/\/www.suno.com.br\/noticias\/negocios\/\">Neg\u00f3cios<\/a><\/span><\/div><div class=\"cardsPage__listCard__boxs__content\"><a href=\"https:\/\/www.suno.com.br\/noticias\/ambipar-ambp3-aquisicao-colombiana-sabi-tech\/\"><h2 class=\"content__title\">Ambipar (AMBP3) anuncia aquisi\u00e7\u00e3o da colombiana SABI Tech<\/h2><\/a><div class=\"newsContent__article__meta\"><div class=\"newsContent__article__meta__authorBox\"><a href=\"https:\/\/www.suno.com.br\/noticias\/author\/laura-moutinho\/\" class=\"authorBox__avatar noMobi\"><img src=\"https:\/\/files.sunoresearch.com.br\/n\/uploads\/2020\/08\/531ff69d-whatsapp-image-2020-08-03-at-14.54.38-150x150.webp\" alt=\"Laura Moutinho\"><\/a><div class=\"authorBox__name\"><span>por\n\t\t\t<a href=\"https:\/\/www.suno.com.br\/noticias\/author\/laura-moutinho\/\"><span itemprop=\"author\">Laura Moutinho<\/span><\/a><\/span><time datetime=\"2021-07-05T20:15:13-03:00\" itemprop=\"datePublished\">05\/07\/2021 20:15<\/time><\/div><\/div><\/div><\/div><\/div>","single_layout":"posts","amp_enabled":true,"_links":{"self":[{"href":"https:\/\/www.suno.com.br\/noticias\/wp-json\/wp\/v2\/posts\/163804"}],"collection":[{"href":"https:\/\/www.suno.com.br\/noticias\/wp-json\/wp\/v2\/posts"}],"about":[{"href":"https:\/\/www.suno.com.br\/noticias\/wp-json\/wp\/v2\/types\/post"}],"author":[{"embeddable":true,"href":"https:\/\/www.suno.com.br\/noticias\/wp-json\/wp\/v2\/users\/39"}],"replies":[{"embeddable":true,"href":"https:\/\/www.suno.com.br\/noticias\/wp-json\/wp\/v2\/comments?post=163804"}],"version-history":[{"count":2,"href":"https:\/\/www.suno.com.br\/noticias\/wp-json\/wp\/v2\/posts\/163804\/revisions"}],"predecessor-version":[{"id":163821,"href":"https:\/\/www.suno.com.br\/noticias\/wp-json\/wp\/v2\/posts\/163804\/revisions\/163821"}],"wp:featuredmedia":[{"embeddable":true,"href":"https:\/\/www.suno.com.br\/noticias\/wp-json\/wp\/v2\/media\/158343"}],"wp:attachment":[{"href":"https:\/\/www.suno.com.br\/noticias\/wp-json\/wp\/v2\/media?parent=163804"}],"wp:term":[{"taxonomy":"category","embeddable":true,"href":"https:\/\/www.suno.com.br\/noticias\/wp-json\/wp\/v2\/categories?post=163804"},{"taxonomy":"post_tag","embeddable":true,"href":"https:\/\/www.suno.com.br\/noticias\/wp-json\/wp\/v2\/tags?post=163804"},{"taxonomy":"suno_strategy","embeddable":true,"href":"https:\/\/www.suno.com.br\/noticias\/wp-json\/wp\/v2\/suno_strategy?post=163804"}],"curies":[{"name":"wp","href":"https:\/\/api.w.org\/{rel}","templated":true}]}}