{"id":163796,"date":"2021-07-05T19:51:56","date_gmt":"2021-07-05T22:51:56","guid":{"rendered":"https:\/\/www.suno.com.br\/noticias\/?p=163796"},"modified":"2021-07-05T19:51:56","modified_gmt":"2021-07-05T22:51:56","slug":"cury-cury3-recorde-vendas-trimestrais-2t21","status":"publish","type":"post","link":"https:\/\/www.suno.com.br\/noticias\/cury-cury3-recorde-vendas-trimestrais-2t21\/","title":{"rendered":"Cury (CURY3) quebra seu recorde vendas trimestrais no 2T21"},"content":{"rendered":"<p>A <a href=\"https:\/\/www.suno.com.br\/acoes\/cury3\/\"><strong>Cury <\/strong>(CURY3)<\/a> divulgou nesta segunda-feira (5) a pr\u00e9via de seus resultados operacionais do segundo trimestre desse ano. No per\u00edodo foram lan\u00e7ados 7 empreendimentos totalizando VGV de R$ 686,2 milh\u00f5es, ao passo que no mesmo trimestre de 2020, a companhia lan\u00e7ou 4 empreendimentos, somando um VGV de R$ 311,528 milh\u00f5es.<\/p>\t<div class=\"wrapper-featured-image\">\n\t\t<figure class=\"spotlightImg\">\n\n\t\t\t<picture>\n\t\t\t\t<source media=\"(max-width: 768px)\" srcset=\"https:\/\/files.sunoresearch.com.br\/n\/uploads\/2021\/04\/5bf3085f-buildings-4640671_1280-400x200.webp\">\n\t\t\t\t<img loading=\"lazy\" decoding=\"async\" class=\"newsContent__article__imgCapa lazyloadDisabled \" src=\"https:\/\/files.sunoresearch.com.br\/n\/uploads\/2021\/04\/5bf3085f-buildings-4640671_1280-800x450.webp\" width=\"800\" height=\"450\" alt=\"Cury (CURY3) quebra seu recorde vendas trimestrais no 2T21\" fetchpriority=high \/>\n\t\t\t<\/picture>\n\n\t\t\t<figcaption class=\"wp-caption-text wp-caption-text--show\">Dividendos do Fundos Imobili\u00e1rios - Foto: Pixabay<\/figcaption>\n\t\t<\/figure>\n\t<\/div>\n\n\n\t<p>\n\t\t<a href=\"https:\/\/lp.suno.com.br\/planilha-controle-gastos\/\" target=\"_blank\" data-element=\"shortcode-suno-banner\" title=\"Banner SUNO, clique e saiba mais\">\n\t\t\t<picture>\n\t\t\t\t<source media=\"(max-width: 500px)\" srcset=\"https:\/\/files.sunoresearch.com.br\/n\/uploads\/2023\/03\/400x300-Planilha-controle-de-gastos.png\">\n\t\t\t\t<img class=\"newsContent__article__imgCapa newsContent__article__imgCapa--banner\"\n\t\t\t\t\tsrc=\"https:\/\/files.sunoresearch.com.br\/n\/uploads\/2023\/03\/1420x240-Planilha-controle-de-gastos.png\"\n\t\t\t\t\tdata-promo-id=\"101751\"\t\t\t\t\t\t\t\t\t\twidth='1420' height='240'\t\t\t\t\talt=\"https:\/\/files.sunoresearch.com.br\/n\/uploads\/2023\/03\/1420x240-Planilha-controle-de-gastos.png\"\n\t\t\t\t>\n\t\t\t<\/picture>\n\t\t<\/a>\n\t<\/p>\n\n\n<p>Frente a isso, a Cury lan\u00e7ou 13 lan\u00e7amentos durante o primeiro semestre do ano, totalizando um VGV de R$ 1,3 bilh\u00e3o, o que representa um aumento de 172,1% em compara\u00e7\u00e3o com os R$ 469,1 milh\u00f5es registrados no mesmo per\u00edodo do ano anterior.<\/p>\n<p>Al\u00e9m disso, o <a class=\"suno-keyword\" href=\"https:\/\/www.suno.com.br\/artigos\/preco-medio\/\" target=\"_blank\" rel=\"noopener noreferrer\" data-force=\"no\" data-priority=\"1\">pre\u00e7o m\u00e9dio<\/a> das unidades lan\u00e7adas atingiu 212 mil no segundo trimestre desse ano, com avan\u00e7o de 24,3% em rela\u00e7\u00e3o ao pre\u00e7o m\u00e9dio do segundo trimestre de 2020.<\/p>\n<p>&#8220;Esse desempenho est\u00e1 em linha com a estrat\u00e9gia da Companhia de explorar as faixas mais altas do programa Casa Verde e Amarela, bem como o SBPE, no primeiro n\u00edvel j\u00e1 acima dos valores teto do programa habitacional&#8221;, explica a Cury.<\/p>\n\t<p>\n\t\t<a href=\"https:\/\/lp.suno.com.br\/planilha-da-vida-financeira\/\" target=\"_blank\" data-element=\"shortcode-suno-banner\" title=\"Banner SUNO, clique e saiba mais\">\n\t\t\t<picture>\n\t\t\t\t<source media=\"(max-width: 500px)\" srcset=\"https:\/\/files.sunoresearch.com.br\/n\/uploads\/2023\/04\/400x300-Planilha-vida-financeira-true.png\">\n\t\t\t\t<img class=\"newsContent__article__imgCapa newsContent__article__imgCapa--banner\"\n\t\t\t\t\tsrc=\"https:\/\/files.sunoresearch.com.br\/n\/uploads\/2023\/04\/1420x240-Planilha-vida-financeira-true.png\"\n\t\t\t\t\tdata-promo-id=\"106682\"\t\t\t\t\t\t\t\t\t\twidth='1420' height='240'\t\t\t\t\talt=\"https:\/\/files.sunoresearch.com.br\/n\/uploads\/2023\/04\/1420x240-Planilha-vida-financeira-true.png\"\n\t\t\t\t>\n\t\t\t<\/picture>\n\t\t<\/a>\n\t<\/p>\n\n\n<h2><strong>Recorde de vendas trimestrais<\/strong><\/h2>\n<p>Em rela\u00e7\u00e3o as <strong>vendas l\u00edquidas<\/strong>, o documento aponta que &#8220;por mais um trimestre consecutivo, a Cury quebrou seu<strong> recorde hist\u00f3rico de vendas trimestrais<\/strong>&#8220;.<\/p>\n<p>Entre\u00a0 abril e junho desse ano, a companhia atingiu R$ 683 milh\u00f5es em <strong>VGV Vendido<\/strong>, o que equivale a um aumento de 133,7% em compara\u00e7\u00e3o com o segundo trimestre do ano passado.<\/p>\n<p>J\u00e1 a quantidade de unidades repassadas no trimestre foi de 2.819, com alta de 133% na compara\u00e7\u00e3o ano a ano. Segundo a Cury, entre\u00a0 abril e junho desse ano, o VGV repassado cresceu 145,4% na compara\u00e7\u00e3o ano a ano.<\/p>\n<p>Al\u00e9m disso, no segundo trimestre foram produzidas 1.832 unidades, o que corresponde a uma aumento de 6,5% comparado com o mesmo trimestre do ano passado.<\/p>\n\t<div data-element=\"shortcode-read-more\" class=\"knowMore\">\n\t\t\t\t<span class=\"knowMore__title\">Veja tamb\u00e9m<\/span>\n\t\t\t\t<a class=\"knowMore__link\" href=\"https:\/\/www.suno.com.br\/noticias\/cury-cury3-emissao-debentures-200-milhoes\/\">\n\t\t\tCury (CURY3) aprova emiss\u00e3o de deb\u00eantures no valor de R$ 200 milh\u00f5es\t\t<\/a>\n\t<\/div>\n\n\n<p>A companhia ainda explica que encerrou o segundo trimestre de 2021 com estoque de R$ 777,4 milh\u00f5es de VGV, sendo 97,0% representado por unidades lan\u00e7adas de obras n\u00e3o iniciadas ou unidades em <strong>constru\u00e7\u00e3o,<\/strong> e apenas 3,0% de unidades conclu\u00eddas.<\/p>\n<p>Em rela\u00e7\u00e3o a <strong><a class=\"suno-keyword\" href=\"https:\/\/www.suno.com.br\/artigos\/geracao-de-caixa\/\" target=\"_blank\" rel=\"noopener noreferrer\" data-force=\"no\" data-priority=\"1\">gera\u00e7\u00e3o de caixa<\/a><\/strong>, a construtora afirma que foi positiva em R$ 71,7 milh\u00f5es no trimestre, sendo 17% acima dos R$ 61,3 milh\u00f5es registrados no segundo trimestre do ano passado.<\/p>\n<h2>Cota\u00e7\u00e3o da Cury<\/h2>\n<p>A a\u00e7\u00e3o da<strong> Cury (CURY3)<\/strong> encerrou o preg\u00e3o de hoje em alta de 0,10%, valendo R$ 10,05.<\/p>\n\t<p>\n\t\t<a href=\"https:\/\/lp.suno.com.br\/planilha-de-controle-de-investimentos\/\" target=\"_blank\" data-element=\"shortcode-suno-banner\" title=\"Banner SUNO, clique e saiba mais\">\n\t\t\t<picture>\n\t\t\t\t<source media=\"(max-width: 500px)\" srcset=\"https:\/\/files.sunoresearch.com.br\/n\/uploads\/2023\/03\/400x300-Controle-de-Investimentos.png\">\n\t\t\t\t<img class=\"newsContent__article__imgCapa newsContent__article__imgCapa--banner\"\n\t\t\t\t\tsrc=\"https:\/\/files.sunoresearch.com.br\/n\/uploads\/2023\/03\/1420x240-Controle-de-Investimentos.png\"\n\t\t\t\t\tdata-promo-id=\"75934\"\t\t\t\t\t\t\t\t\t\twidth='1420' height='240'\t\t\t\t\talt=\"https:\/\/files.sunoresearch.com.br\/n\/uploads\/2023\/03\/1420x240-Controle-de-Investimentos.png\"\n\t\t\t\t>\n\t\t\t<\/picture>\n\t\t<\/a>\n\t<\/p>\n\n\n","protected":false},"excerpt":{"rendered":"<p>A Cury (CURY3) divulgou nesta segunda-feira (5) a pr\u00e9via de seus resultados operacionais do segundo trimestre desse ano. No per\u00edodo foram lan\u00e7ados 7 empreendimentos totalizando VGV de R$ 686,2 milh\u00f5es, ao passo que no mesmo trimestre de 2020, a companhia lan\u00e7ou 4 empreendimentos, somando um VGV de R$ 311,528 milh\u00f5es. Dividendos do Fundos Imobili\u00e1rios &#8211; [&hellip;]<\/p>\n","protected":false},"author":39,"featured_media":138362,"comment_status":"closed","ping_status":"closed","sticky":false,"template":"","format":"standard","meta":[],"categories":[64],"tags":[101431],"suno_strategy":[],"class_list":["post-163796","post","type-post","status-publish","format-standard","has-post-thumbnail","hentry","category-negocios","tag-cury-construtora-cury3"],"yoast_head":"<!-- This site is optimized with the Yoast SEO plugin v24.4 - https:\/\/yoast.com\/wordpress\/plugins\/seo\/ -->\n<title>Cury (CURY3) quebra seu recorde vendas trimestrais no 2T21<\/title>\n<meta name=\"description\" content=\"A Cury (CURY3) divulgou nesta segunda-feira (5) a pr\u00e9via de seus resultados operacionais do segundo trimestre desse ano. Clique e saiba mais!\" \/>\n<meta name=\"robots\" content=\"index, follow, max-snippet:-1, max-image-preview:large, max-video-preview:-1\" \/>\n<link rel=\"canonical\" href=\"https:\/\/www.suno.com.br\/noticias\/cury-cury3-recorde-vendas-trimestrais-2t21\/\" \/>\n<meta property=\"og:locale\" content=\"pt_BR\" \/>\n<meta property=\"og:type\" content=\"article\" \/>\n<meta property=\"og:title\" content=\"Cury (CURY3) quebra seu recorde vendas trimestrais no 2T21\" \/>\n<meta property=\"og:description\" content=\"A Cury (CURY3) divulgou nesta segunda-feira (5) a pr\u00e9via de seus resultados operacionais do segundo trimestre desse ano. Clique e saiba mais!\" \/>\n<meta property=\"og:url\" content=\"https:\/\/www.suno.com.br\/noticias\/cury-cury3-recorde-vendas-trimestrais-2t21\/\" \/>\n<meta property=\"og:site_name\" content=\"Suno Not\u00edcias\" \/>\n<meta property=\"article:publisher\" content=\"https:\/\/facebook.com\/sunoresearch\" \/>\n<meta property=\"og:image\" content=\"https:\/\/files.sunoresearch.com.br\/n\/uploads\/2021\/04\/5bf3085f-buildings-4640671_1280.jpg\" \/>\n\t<meta property=\"og:image:width\" content=\"1280\" \/>\n\t<meta property=\"og:image:height\" content=\"854\" \/>\n\t<meta property=\"og:image:type\" content=\"image\/jpeg\" \/>\n<meta name=\"author\" content=\"Laura Moutinho\" \/>\n<meta name=\"twitter:card\" content=\"summary_large_image\" \/>\n<meta name=\"twitter:creator\" content=\"@sunoresearch\" \/>\n<meta name=\"twitter:site\" content=\"@sunoresearch\" \/>\n<meta name=\"twitter:label1\" content=\"Escrito por\" \/>\n\t<meta name=\"twitter:data1\" content=\"Laura Moutinho\" \/>\n\t<meta name=\"twitter:label2\" content=\"Est. tempo de leitura\" \/>\n\t<meta name=\"twitter:data2\" content=\"2 minutos\" \/>\n<script type=\"application\/ld+json\" class=\"yoast-schema-graph\">{\"@context\":\"https:\/\/schema.org\",\"@graph\":[{\"@type\":\"NewsArticle\",\"@id\":\"https:\/\/www.suno.com.br\/noticias\/cury-cury3-recorde-vendas-trimestrais-2t21\/#article\",\"isPartOf\":{\"@id\":\"https:\/\/www.suno.com.br\/noticias\/cury-cury3-recorde-vendas-trimestrais-2t21\/\"},\"author\":{\"name\":\"Laura Moutinho\",\"@id\":\"https:\/\/www.suno.com.br\/noticias\/#\/schema\/person\/3df0d2808748b74496efe5dbeaef2c72\"},\"headline\":\"Cury (CURY3) quebra seu recorde vendas trimestrais no 2T21\",\"datePublished\":\"2021-07-05T22:51:56+00:00\",\"mainEntityOfPage\":{\"@id\":\"https:\/\/www.suno.com.br\/noticias\/cury-cury3-recorde-vendas-trimestrais-2t21\/\"},\"wordCount\":415,\"publisher\":{\"@id\":\"https:\/\/www.suno.com.br\/noticias\/#organization\"},\"image\":{\"@id\":\"https:\/\/www.suno.com.br\/noticias\/cury-cury3-recorde-vendas-trimestrais-2t21\/#primaryimage\"},\"thumbnailUrl\":\"https:\/\/files.sunoresearch.com.br\/n\/uploads\/2021\/04\/5bf3085f-buildings-4640671_1280-jpg.webp\",\"keywords\":[\"Cury Construtora (CURY3)\"],\"articleSection\":[\"Neg\u00f3cios\"],\"inLanguage\":\"pt-BR\"},{\"@type\":\"WebPage\",\"@id\":\"https:\/\/www.suno.com.br\/noticias\/cury-cury3-recorde-vendas-trimestrais-2t21\/\",\"url\":\"https:\/\/www.suno.com.br\/noticias\/cury-cury3-recorde-vendas-trimestrais-2t21\/\",\"name\":\"Cury (CURY3) quebra seu recorde vendas trimestrais no 2T21\",\"isPartOf\":{\"@id\":\"https:\/\/www.suno.com.br\/noticias\/#website\"},\"primaryImageOfPage\":{\"@id\":\"https:\/\/www.suno.com.br\/noticias\/cury-cury3-recorde-vendas-trimestrais-2t21\/#primaryimage\"},\"image\":{\"@id\":\"https:\/\/www.suno.com.br\/noticias\/cury-cury3-recorde-vendas-trimestrais-2t21\/#primaryimage\"},\"thumbnailUrl\":\"https:\/\/files.sunoresearch.com.br\/n\/uploads\/2021\/04\/5bf3085f-buildings-4640671_1280-jpg.webp\",\"datePublished\":\"2021-07-05T22:51:56+00:00\",\"description\":\"A Cury (CURY3) divulgou nesta segunda-feira (5) a pr\u00e9via de seus resultados operacionais do segundo trimestre desse ano. Clique e saiba mais!\",\"breadcrumb\":{\"@id\":\"https:\/\/www.suno.com.br\/noticias\/cury-cury3-recorde-vendas-trimestrais-2t21\/#breadcrumb\"},\"inLanguage\":\"pt-BR\",\"potentialAction\":[{\"@type\":\"ReadAction\",\"target\":[\"https:\/\/www.suno.com.br\/noticias\/cury-cury3-recorde-vendas-trimestrais-2t21\/\"]}]},{\"@type\":\"ImageObject\",\"inLanguage\":\"pt-BR\",\"@id\":\"https:\/\/www.suno.com.br\/noticias\/cury-cury3-recorde-vendas-trimestrais-2t21\/#primaryimage\",\"url\":\"https:\/\/files.sunoresearch.com.br\/n\/uploads\/2021\/04\/5bf3085f-buildings-4640671_1280-jpg.webp\",\"contentUrl\":\"https:\/\/files.sunoresearch.com.br\/n\/uploads\/2021\/04\/5bf3085f-buildings-4640671_1280-jpg.webp\",\"width\":1280,\"height\":854,\"caption\":\"Dividendos do Fundos Imobili\u00e1rios - Foto: Pixabay\"},{\"@type\":\"BreadcrumbList\",\"@id\":\"https:\/\/www.suno.com.br\/noticias\/cury-cury3-recorde-vendas-trimestrais-2t21\/#breadcrumb\",\"itemListElement\":[{\"@type\":\"ListItem\",\"position\":1,\"name\":\"Not\u00edcias\",\"item\":\"https:\/\/www.suno.com.br\/noticias\/\"},{\"@type\":\"ListItem\",\"position\":2,\"name\":\"Neg\u00f3cios\",\"item\":\"https:\/\/www.suno.com.br\/noticias\/negocios\/\"},{\"@type\":\"ListItem\",\"position\":3,\"name\":\"Cury (CURY3) quebra seu recorde vendas trimestrais no 2T21\"}]},{\"@type\":\"WebSite\",\"@id\":\"https:\/\/www.suno.com.br\/noticias\/#website\",\"url\":\"https:\/\/www.suno.com.br\/noticias\/\",\"name\":\"Suno Not\u00edcias\",\"description\":\"Seu portal de informa\u00e7\u00e3o sobre o mundo dos investimentos\",\"publisher\":{\"@id\":\"https:\/\/www.suno.com.br\/noticias\/#organization\"},\"potentialAction\":[{\"@type\":\"SearchAction\",\"target\":{\"@type\":\"EntryPoint\",\"urlTemplate\":\"https:\/\/www.suno.com.br\/noticias\/?s={search_term_string}\"},\"query-input\":{\"@type\":\"PropertyValueSpecification\",\"valueRequired\":true,\"valueName\":\"search_term_string\"}}],\"inLanguage\":\"pt-BR\"},{\"@type\":\"Organization\",\"@id\":\"https:\/\/www.suno.com.br\/noticias\/#organization\",\"name\":\"Suno Not\u00edcias\",\"url\":\"https:\/\/www.suno.com.br\/noticias\/\",\"logo\":{\"@type\":\"ImageObject\",\"inLanguage\":\"pt-BR\",\"@id\":\"https:\/\/www.suno.com.br\/noticias\/#\/schema\/logo\/image\/\",\"url\":\"https:\/\/files.sunoresearch.com.br\/n\/uploads\/2021\/09\/suno-logo.png\",\"contentUrl\":\"https:\/\/files.sunoresearch.com.br\/n\/uploads\/2021\/09\/suno-logo.png\",\"width\":180,\"height\":180,\"caption\":\"Suno Not\u00edcias\"},\"image\":{\"@id\":\"https:\/\/www.suno.com.br\/noticias\/#\/schema\/logo\/image\/\"},\"sameAs\":[\"https:\/\/facebook.com\/sunoresearch\",\"https:\/\/x.com\/sunoresearch\",\"https:\/\/www.instagram.com\/suno\",\"https:\/\/www.linkedin.com\/company\/suno-research\/\",\"https:\/\/www.youtube.com\/c\/sunoresearch\"]},{\"@type\":\"Person\",\"@id\":\"https:\/\/www.suno.com.br\/noticias\/#\/schema\/person\/3df0d2808748b74496efe5dbeaef2c72\",\"name\":\"Laura Moutinho\",\"image\":{\"@type\":\"ImageObject\",\"inLanguage\":\"pt-BR\",\"@id\":\"https:\/\/www.suno.com.br\/noticias\/#\/schema\/person\/image\/\",\"url\":\"https:\/\/secure.gravatar.com\/avatar\/7571c7c8ca3a6fca5e41384ece5557ff?s=96&r=g\",\"contentUrl\":\"https:\/\/secure.gravatar.com\/avatar\/7571c7c8ca3a6fca5e41384ece5557ff?s=96&r=g\",\"caption\":\"Laura Moutinho\"},\"description\":\"Estagi\u00e1ria na Suno Not\u00edcias, escreve not\u00edcias que afetam o mercado financeiro. Estuda administra\u00e7\u00e3o na Universidade Presbiteriana Mackenzie.\",\"url\":\"https:\/\/www.suno.com.br\/noticias\/author\/laura-moutinho\/\"}]}<\/script>\n<!-- \/ Yoast SEO plugin. -->","yoast_head_json":{"title":"Cury (CURY3) quebra seu recorde vendas trimestrais no 2T21","description":"A Cury (CURY3) divulgou nesta segunda-feira (5) a pr\u00e9via de seus resultados operacionais do segundo trimestre desse ano. Clique e saiba mais!","robots":{"index":"index","follow":"follow","max-snippet":"max-snippet:-1","max-image-preview":"max-image-preview:large","max-video-preview":"max-video-preview:-1"},"canonical":"https:\/\/www.suno.com.br\/noticias\/cury-cury3-recorde-vendas-trimestrais-2t21\/","og_locale":"pt_BR","og_type":"article","og_title":"Cury (CURY3) quebra seu recorde vendas trimestrais no 2T21","og_description":"A Cury (CURY3) divulgou nesta segunda-feira (5) a pr\u00e9via de seus resultados operacionais do segundo trimestre desse ano. Clique e saiba mais!","og_url":"https:\/\/www.suno.com.br\/noticias\/cury-cury3-recorde-vendas-trimestrais-2t21\/","og_site_name":"Suno Not\u00edcias","article_publisher":"https:\/\/facebook.com\/sunoresearch","og_image":[{"width":1280,"height":854,"url":"https:\/\/files.sunoresearch.com.br\/n\/uploads\/2021\/04\/5bf3085f-buildings-4640671_1280.jpg","type":"image\/jpeg"}],"author":"Laura Moutinho","twitter_card":"summary_large_image","twitter_creator":"@sunoresearch","twitter_site":"@sunoresearch","twitter_misc":{"Escrito por":"Laura Moutinho","Est. tempo de leitura":"2 minutos"},"schema":{"@context":"https:\/\/schema.org","@graph":[{"@type":"NewsArticle","@id":"https:\/\/www.suno.com.br\/noticias\/cury-cury3-recorde-vendas-trimestrais-2t21\/#article","isPartOf":{"@id":"https:\/\/www.suno.com.br\/noticias\/cury-cury3-recorde-vendas-trimestrais-2t21\/"},"author":{"name":"Laura Moutinho","@id":"https:\/\/www.suno.com.br\/noticias\/#\/schema\/person\/3df0d2808748b74496efe5dbeaef2c72"},"headline":"Cury (CURY3) quebra seu recorde vendas trimestrais no 2T21","datePublished":"2021-07-05T22:51:56+00:00","mainEntityOfPage":{"@id":"https:\/\/www.suno.com.br\/noticias\/cury-cury3-recorde-vendas-trimestrais-2t21\/"},"wordCount":415,"publisher":{"@id":"https:\/\/www.suno.com.br\/noticias\/#organization"},"image":{"@id":"https:\/\/www.suno.com.br\/noticias\/cury-cury3-recorde-vendas-trimestrais-2t21\/#primaryimage"},"thumbnailUrl":"https:\/\/files.sunoresearch.com.br\/n\/uploads\/2021\/04\/5bf3085f-buildings-4640671_1280-jpg.webp","keywords":["Cury Construtora (CURY3)"],"articleSection":["Neg\u00f3cios"],"inLanguage":"pt-BR"},{"@type":"WebPage","@id":"https:\/\/www.suno.com.br\/noticias\/cury-cury3-recorde-vendas-trimestrais-2t21\/","url":"https:\/\/www.suno.com.br\/noticias\/cury-cury3-recorde-vendas-trimestrais-2t21\/","name":"Cury (CURY3) quebra seu recorde vendas trimestrais no 2T21","isPartOf":{"@id":"https:\/\/www.suno.com.br\/noticias\/#website"},"primaryImageOfPage":{"@id":"https:\/\/www.suno.com.br\/noticias\/cury-cury3-recorde-vendas-trimestrais-2t21\/#primaryimage"},"image":{"@id":"https:\/\/www.suno.com.br\/noticias\/cury-cury3-recorde-vendas-trimestrais-2t21\/#primaryimage"},"thumbnailUrl":"https:\/\/files.sunoresearch.com.br\/n\/uploads\/2021\/04\/5bf3085f-buildings-4640671_1280-jpg.webp","datePublished":"2021-07-05T22:51:56+00:00","description":"A Cury (CURY3) divulgou nesta segunda-feira (5) a pr\u00e9via de seus resultados operacionais do segundo trimestre desse ano. Clique e saiba mais!","breadcrumb":{"@id":"https:\/\/www.suno.com.br\/noticias\/cury-cury3-recorde-vendas-trimestrais-2t21\/#breadcrumb"},"inLanguage":"pt-BR","potentialAction":[{"@type":"ReadAction","target":["https:\/\/www.suno.com.br\/noticias\/cury-cury3-recorde-vendas-trimestrais-2t21\/"]}]},{"@type":"ImageObject","inLanguage":"pt-BR","@id":"https:\/\/www.suno.com.br\/noticias\/cury-cury3-recorde-vendas-trimestrais-2t21\/#primaryimage","url":"https:\/\/files.sunoresearch.com.br\/n\/uploads\/2021\/04\/5bf3085f-buildings-4640671_1280-jpg.webp","contentUrl":"https:\/\/files.sunoresearch.com.br\/n\/uploads\/2021\/04\/5bf3085f-buildings-4640671_1280-jpg.webp","width":1280,"height":854,"caption":"Dividendos do Fundos Imobili\u00e1rios - Foto: Pixabay"},{"@type":"BreadcrumbList","@id":"https:\/\/www.suno.com.br\/noticias\/cury-cury3-recorde-vendas-trimestrais-2t21\/#breadcrumb","itemListElement":[{"@type":"ListItem","position":1,"name":"Not\u00edcias","item":"https:\/\/www.suno.com.br\/noticias\/"},{"@type":"ListItem","position":2,"name":"Neg\u00f3cios","item":"https:\/\/www.suno.com.br\/noticias\/negocios\/"},{"@type":"ListItem","position":3,"name":"Cury (CURY3) quebra seu recorde vendas trimestrais no 2T21"}]},{"@type":"WebSite","@id":"https:\/\/www.suno.com.br\/noticias\/#website","url":"https:\/\/www.suno.com.br\/noticias\/","name":"Suno Not\u00edcias","description":"Seu portal de informa\u00e7\u00e3o sobre o mundo dos investimentos","publisher":{"@id":"https:\/\/www.suno.com.br\/noticias\/#organization"},"potentialAction":[{"@type":"SearchAction","target":{"@type":"EntryPoint","urlTemplate":"https:\/\/www.suno.com.br\/noticias\/?s={search_term_string}"},"query-input":{"@type":"PropertyValueSpecification","valueRequired":true,"valueName":"search_term_string"}}],"inLanguage":"pt-BR"},{"@type":"Organization","@id":"https:\/\/www.suno.com.br\/noticias\/#organization","name":"Suno Not\u00edcias","url":"https:\/\/www.suno.com.br\/noticias\/","logo":{"@type":"ImageObject","inLanguage":"pt-BR","@id":"https:\/\/www.suno.com.br\/noticias\/#\/schema\/logo\/image\/","url":"https:\/\/files.sunoresearch.com.br\/n\/uploads\/2021\/09\/suno-logo.png","contentUrl":"https:\/\/files.sunoresearch.com.br\/n\/uploads\/2021\/09\/suno-logo.png","width":180,"height":180,"caption":"Suno Not\u00edcias"},"image":{"@id":"https:\/\/www.suno.com.br\/noticias\/#\/schema\/logo\/image\/"},"sameAs":["https:\/\/facebook.com\/sunoresearch","https:\/\/x.com\/sunoresearch","https:\/\/www.instagram.com\/suno","https:\/\/www.linkedin.com\/company\/suno-research\/","https:\/\/www.youtube.com\/c\/sunoresearch"]},{"@type":"Person","@id":"https:\/\/www.suno.com.br\/noticias\/#\/schema\/person\/3df0d2808748b74496efe5dbeaef2c72","name":"Laura Moutinho","image":{"@type":"ImageObject","inLanguage":"pt-BR","@id":"https:\/\/www.suno.com.br\/noticias\/#\/schema\/person\/image\/","url":"https:\/\/secure.gravatar.com\/avatar\/7571c7c8ca3a6fca5e41384ece5557ff?s=96&r=g","contentUrl":"https:\/\/secure.gravatar.com\/avatar\/7571c7c8ca3a6fca5e41384ece5557ff?s=96&r=g","caption":"Laura Moutinho"},"description":"Estagi\u00e1ria na Suno Not\u00edcias, escreve not\u00edcias que afetam o mercado financeiro. Estuda administra\u00e7\u00e3o na Universidade Presbiteriana Mackenzie.","url":"https:\/\/www.suno.com.br\/noticias\/author\/laura-moutinho\/"}]}},"default_loop_html":"<div class=\"cardsPage__listCard__boxs\"><div class=\"cardsPage__listCard__boxs__img\"><a href=\"https:\/\/www.suno.com.br\/noticias\/cury-cury3-recorde-vendas-trimestrais-2t21\/\"><img class=\"mask\" src=\"https:\/\/www.suno.com.br\/noticias\/wp-content\/themes\/suno\/resources\/images\/spotlight\/spotlight1img\/bg-mask.png\" alt=\"Image Mask\"\/><img src=\"https:\/\/files.sunoresearch.com.br\/n\/uploads\/2021\/04\/5bf3085f-buildings-4640671_1280-400x200.webp\" alt=\"Cury (CURY3) quebra seu recorde vendas trimestrais no 2T21\"\/><\/a><span class=\"spotlightCategory\"><a href=\"https:\/\/www.suno.com.br\/noticias\/negocios\/\">Neg\u00f3cios<\/a><\/span><\/div><div class=\"cardsPage__listCard__boxs__content\"><a href=\"https:\/\/www.suno.com.br\/noticias\/cury-cury3-recorde-vendas-trimestrais-2t21\/\"><h2 class=\"content__title\">Cury (CURY3) quebra seu recorde vendas trimestrais no 2T21<\/h2><\/a><div class=\"newsContent__article__meta\"><div class=\"newsContent__article__meta__authorBox\"><a href=\"https:\/\/www.suno.com.br\/noticias\/author\/laura-moutinho\/\" class=\"authorBox__avatar noMobi\"><img src=\"https:\/\/files.sunoresearch.com.br\/n\/uploads\/2020\/08\/531ff69d-whatsapp-image-2020-08-03-at-14.54.38-150x150.webp\" alt=\"Laura Moutinho\"><\/a><div class=\"authorBox__name\"><span>por\n\t\t\t<a href=\"https:\/\/www.suno.com.br\/noticias\/author\/laura-moutinho\/\"><span itemprop=\"author\">Laura Moutinho<\/span><\/a><\/span><time datetime=\"2021-07-05T19:51:56-03:00\" itemprop=\"datePublished\">05\/07\/2021 19:51<\/time><\/div><\/div><\/div><\/div><\/div>","single_layout":"posts","amp_enabled":true,"_links":{"self":[{"href":"https:\/\/www.suno.com.br\/noticias\/wp-json\/wp\/v2\/posts\/163796"}],"collection":[{"href":"https:\/\/www.suno.com.br\/noticias\/wp-json\/wp\/v2\/posts"}],"about":[{"href":"https:\/\/www.suno.com.br\/noticias\/wp-json\/wp\/v2\/types\/post"}],"author":[{"embeddable":true,"href":"https:\/\/www.suno.com.br\/noticias\/wp-json\/wp\/v2\/users\/39"}],"replies":[{"embeddable":true,"href":"https:\/\/www.suno.com.br\/noticias\/wp-json\/wp\/v2\/comments?post=163796"}],"version-history":[{"count":2,"href":"https:\/\/www.suno.com.br\/noticias\/wp-json\/wp\/v2\/posts\/163796\/revisions"}],"predecessor-version":[{"id":163811,"href":"https:\/\/www.suno.com.br\/noticias\/wp-json\/wp\/v2\/posts\/163796\/revisions\/163811"}],"wp:featuredmedia":[{"embeddable":true,"href":"https:\/\/www.suno.com.br\/noticias\/wp-json\/wp\/v2\/media\/138362"}],"wp:attachment":[{"href":"https:\/\/www.suno.com.br\/noticias\/wp-json\/wp\/v2\/media?parent=163796"}],"wp:term":[{"taxonomy":"category","embeddable":true,"href":"https:\/\/www.suno.com.br\/noticias\/wp-json\/wp\/v2\/categories?post=163796"},{"taxonomy":"post_tag","embeddable":true,"href":"https:\/\/www.suno.com.br\/noticias\/wp-json\/wp\/v2\/tags?post=163796"},{"taxonomy":"suno_strategy","embeddable":true,"href":"https:\/\/www.suno.com.br\/noticias\/wp-json\/wp\/v2\/suno_strategy?post=163796"}],"curies":[{"name":"wp","href":"https:\/\/api.w.org\/{rel}","templated":true}]}}