{"id":16377,"date":"2019-02-22T20:19:45","date_gmt":"2019-02-22T23:19:45","guid":{"rendered":"https:\/\/www.suno.com.br\/noticias\/?p=16377"},"modified":"2019-02-22T20:21:48","modified_gmt":"2019-02-22T23:21:48","slug":"balancos-financeiros-destaques-semana","status":"publish","type":"post","link":"https:\/\/www.suno.com.br\/noticias\/balancos-financeiros-destaques-semana\/","title":{"rendered":"Balan\u00e7os financeiros: confira os destaques da \u00faltima semana"},"content":{"rendered":"<p>Diversas empresas continuaram divulgando seus balan\u00e7os financeiros nesta semana. Os dados s\u00e3o referentes ao \u00faltimo trimestre de 2018 e, consequentemente, <a href=\"https:\/\/www.suno.com.br\/artigos\/demonstracoes-financeiras\/\">dados anuais<\/a> foram juntamente publicados.<\/p>\t<div class=\"wrapper-featured-image\">\n\t\t<figure class=\"spotlightImg\">\n\n\t\t\t<picture>\n\t\t\t\t<source media=\"(max-width: 768px)\" srcset=\"https:\/\/files.sunoresearch.com.br\/n\/uploads\/2018\/10\/e2ebc370-temporada-de-balancos-400x200.webp\">\n\t\t\t\t<img loading=\"lazy\" decoding=\"async\" class=\"newsContent__article__imgCapa lazyloadDisabled newsContent__article__imgCapa--noCaption\" src=\"https:\/\/files.sunoresearch.com.br\/n\/uploads\/2018\/10\/e2ebc370-temporada-de-balancos-800x450.webp\" width=\"800\" height=\"450\" alt=\"Balan\u00e7os financeiros: confira os destaques da \u00faltima semana\" fetchpriority=high \/>\n\t\t\t<\/picture>\n\n\t\t\t<figcaption class=\"wp-caption-text wp-caption-text--hide\">Balan\u00e7os financeiros<\/figcaption>\n\t\t<\/figure>\n\t<\/div>\n\n\n<p><a href=\"https:\/\/www.suno.com.br\/noticias\/itausa-pagamento-dividendos-marco\/\">Saiba mais: Ita\u00fasa anuncia pagamento de dividendos para 7 de mar\u00e7o<\/a><\/p>\n<p><a href=\"https:\/\/www.suno.com.br\/noticias\/6-pontos-reforma-previdencia\/\">Saiba mais: Confira 6 pontos da reforma da Previd\u00eancia pouco comentados<\/a><\/p>\n<p>Confira abaixo os <strong>balan\u00e7os financeiros<\/strong> destaques da semana:<\/p>\n<ul>\n<li><strong>Arezzo&amp;Co<\/strong> teve lucro l\u00edquido 23,7% menor no quaro trimestre de 2018. A empresa de perfil asset light teve um lucro l\u00edquido de R$ 42,343 milh\u00f5es no trimestre, com recuo de 23,7% ante o mesmo per\u00edodo do ano anterior.<\/li>\n<li>Lucro da <strong>Suzano<\/strong> aumentou 308% no quarto trimestre de 2018 e somou R$ 1,46 bilh\u00e3o. O resultado \u00e9 uma combina\u00e7\u00e3o da queda do d\u00f3lar frente ao real e do aumento dos pre\u00e7os internacionais da celulose.<\/li>\n<li>Lucro da <strong>Magazine Luiza<\/strong> cresceu 53,6% e chegou a R$ 597,4 milh\u00f5es em 2018. No quarto trimestre, os ganhos foram de R$ 189,6 milh\u00f5es, crescimento de 14,5%<\/li>\n<li>A <strong>B3<\/strong> fechou 2018 com lucro de R$ 2,1 bilh\u00f5es, 70% maior que em 2017. O faturamento da empresa, por sua vez, avan\u00e7ou 27,3% e atingiu R$ 1,458 bilh\u00e3o no quarto trimestre de 2018.<\/li>\n<li>A <strong>Gerdau<\/strong> fechou o quarto trimestre com um lucro l\u00edquido de R$ 389 milh\u00f5es, impulsionado pela alta dos pre\u00e7os do a\u00e7o. Com isso, a empresa obteve o melhor desempenho operacional dos \u00faltimos 10 anos e o resultado reverteu o preju\u00edzo de R$ 1,38 bilh\u00e3o registrado no ano anterior.<\/li>\n<li>A mineradora <strong>Anglo American<\/strong> registrou um lucro l\u00edquido de US$ 3,5 bilh\u00f5es em 2018 &#8211; uma alta de 12% em rela\u00e7\u00e3o a 2017, ano em que teve ganhos de US$ 3,1 bilh\u00f5es.<\/li>\n<li>A <strong>Vivo,<\/strong> marca comercial da <strong>Telef\u00f4nica Brasil,<\/strong> reportou lucro l\u00edquido de R$ 8,928 bilh\u00f5es, com alta de 93,7% sobre 2017, quando os ganhos foram de R$ 4,609 bilh\u00f5es.<\/li>\n<li>O<strong> Grupo P\u00e3o de A\u00e7ucar<\/strong> obteve lucro l\u00edquido de R$ 414 milh\u00f5es no quarto trimestre de 2018. O crescimento foi de 46,8% ante o mesmo per\u00edodo de 2017.<\/li>\n<li>A <strong>Ultrapar<\/strong> registrou lucro l\u00edquido de R$ 495,6 milh\u00f5es no quarto trimestre de 2018, um crescimento de 27,3% em rela\u00e7\u00e3o ao mesmo per\u00edodo do ano anterior. No acumulado do ano, por\u00e9m, houve queda de 26% no lucro l\u00edquido, ante 2017.<\/li>\n<li>A <strong>Via Varejo,<\/strong> controladora das redes varejistas <strong>Casas Bahia<\/strong> e <strong>Ponto<\/strong> Fr<strong>i<\/strong>o, registrou preju\u00edzo l\u00edquido de R$ 279 milh\u00f5es no quarto trimestre de 2018. Contabilizando todo o ano, o preju\u00edzo l\u00edquido foi de R$ 267 milh\u00f5es. No ano anterior, o saldo foi positivo e o lucro l\u00edquido havia sido de R$ 168 milh\u00f5es.<\/li>\n<li>A <strong>Tim<\/strong> obteve lucro l\u00edquido de R$ 1,566 milh\u00f5es em 2018, com alta de 26,6% na compara\u00e7\u00e3o anual.<\/li>\n<li>A companhia de energia <strong>Engie<\/strong> obteve lucro l\u00edquido 15,5% maior em 2018 em rela\u00e7\u00e3o a 2017, contabilizando um total de R$ 2,315 bilh\u00f5es. No quarto trimestre do ano passado, o lucro l\u00edquido foi de R$ 761,6 milh\u00f5es, 8,1% maior do que no mesmo per\u00edodo do ano anterior.<\/li>\n<li>O lucro l\u00edquido da <strong>Danone<\/strong> caiu 4% em 2018, fechando em US$ 2,65 bilh\u00f5es. No entanto, o valor ainda foi superior ao estimado pelos analistas, consultados pela pr\u00f3pria empresa. Eles previam um lucro de US$ 2,57 bilh\u00f5es no per\u00edodo.<\/li>\n<li>O grupo <strong>SBF,<\/strong> dono da rede <strong>Centauro,<\/strong> registrou lucro l\u00edquido de R$ 148,7 milh\u00f5es em 2018, uma queda de 38% em rela\u00e7\u00e3o ao ano anterior, quando os ganhos foram de R$ 241 milh\u00f5es.<\/li>\n<li>A <strong>Ita\u00fasa<\/strong>\u00a0registrou um lucro l\u00edquido 15,9% maior em 2018, chegando a R$ 9,436 bilh\u00f5es. Deste valor, 94% ser\u00e1 distribu\u00eddo em dividendos. A holding Ita\u00fasa det\u00eam participa\u00e7\u00f5es no banco <strong>Ita\u00fa, Alpargatas<\/strong> e <strong>Duratex.<\/strong><\/li>\n<\/ul>\n","protected":false},"excerpt":{"rendered":"<p>Diversas empresas continuaram divulgando seus balan\u00e7os financeiros nesta semana. Os dados s\u00e3o referentes ao \u00faltimo trimestre de 2018 e, consequentemente, dados anuais foram juntamente publicados. Balan\u00e7os financeiros Saiba mais: Ita\u00fasa anuncia pagamento de dividendos para 7 de mar\u00e7o Saiba mais: Confira 6 pontos da reforma da Previd\u00eancia pouco comentados Confira abaixo os balan\u00e7os financeiros destaques [&hellip;]<\/p>\n","protected":false},"author":13,"featured_media":5570,"comment_status":"closed","ping_status":"closed","sticky":false,"template":"","format":"standard","meta":[],"categories":[60],"tags":[1029],"suno_strategy":[],"class_list":["post-16377","post","type-post","status-publish","format-standard","has-post-thumbnail","hentry","category-mercado","tag-balancos-trimestrais"],"yoast_head":"<!-- This site is optimized with the Yoast SEO plugin v24.4 - https:\/\/yoast.com\/wordpress\/plugins\/seo\/ -->\n<title>Balan\u00e7os financeiros: confira os destaques da \u00faltima semana<\/title>\n<meta name=\"description\" content=\"Os balan\u00e7os financeiros divulgados na semana s\u00e3o referentes ao \u00faltimo trimestre e, consequentemente, ao ano de 2018. Clique e saiba mais\" \/>\n<meta name=\"robots\" content=\"index, follow, max-snippet:-1, max-image-preview:large, max-video-preview:-1\" \/>\n<link rel=\"canonical\" href=\"https:\/\/www.suno.com.br\/noticias\/balancos-financeiros-destaques-semana\/\" \/>\n<meta property=\"og:locale\" content=\"pt_BR\" \/>\n<meta property=\"og:type\" content=\"article\" \/>\n<meta property=\"og:title\" content=\"Balan\u00e7os financeiros: confira os destaques da \u00faltima semana\" \/>\n<meta property=\"og:description\" content=\"Os balan\u00e7os financeiros divulgados na semana s\u00e3o referentes ao \u00faltimo trimestre e, consequentemente, ao ano de 2018. Clique e saiba mais\" \/>\n<meta property=\"og:url\" content=\"https:\/\/www.suno.com.br\/noticias\/balancos-financeiros-destaques-semana\/\" \/>\n<meta property=\"og:site_name\" content=\"Suno Not\u00edcias\" \/>\n<meta property=\"article:publisher\" content=\"https:\/\/facebook.com\/sunoresearch\" \/>\n<meta property=\"og:image\" content=\"https:\/\/files.sunoresearch.com.br\/n\/uploads\/2018\/10\/e2ebc370-temporada-de-balancos.jpg\" \/>\n\t<meta property=\"og:image:width\" content=\"1920\" \/>\n\t<meta property=\"og:image:height\" content=\"1280\" \/>\n\t<meta property=\"og:image:type\" content=\"image\/jpeg\" \/>\n<meta name=\"author\" content=\"Guilherme Caetano\" \/>\n<meta name=\"twitter:card\" content=\"summary_large_image\" \/>\n<meta name=\"twitter:creator\" content=\"@sunoresearch\" \/>\n<meta name=\"twitter:site\" content=\"@sunoresearch\" \/>\n<meta name=\"twitter:label1\" content=\"Escrito por\" \/>\n\t<meta name=\"twitter:data1\" content=\"Guilherme Caetano\" \/>\n\t<meta name=\"twitter:label2\" content=\"Est. tempo de leitura\" \/>\n\t<meta name=\"twitter:data2\" content=\"3 minutos\" \/>\n<script type=\"application\/ld+json\" class=\"yoast-schema-graph\">{\"@context\":\"https:\/\/schema.org\",\"@graph\":[{\"@type\":\"NewsArticle\",\"@id\":\"https:\/\/www.suno.com.br\/noticias\/balancos-financeiros-destaques-semana\/#article\",\"isPartOf\":{\"@id\":\"https:\/\/www.suno.com.br\/noticias\/balancos-financeiros-destaques-semana\/\"},\"author\":{\"name\":\"Guilherme Caetano\",\"@id\":\"https:\/\/www.suno.com.br\/noticias\/#\/schema\/person\/0d0c9687cd2f600c564f25980c140de9\"},\"headline\":\"Balan\u00e7os financeiros: confira os destaques da \u00faltima semana\",\"datePublished\":\"2019-02-22T23:19:45+00:00\",\"dateModified\":\"2019-02-22T23:21:48+00:00\",\"mainEntityOfPage\":{\"@id\":\"https:\/\/www.suno.com.br\/noticias\/balancos-financeiros-destaques-semana\/\"},\"wordCount\":607,\"publisher\":{\"@id\":\"https:\/\/www.suno.com.br\/noticias\/#organization\"},\"image\":{\"@id\":\"https:\/\/www.suno.com.br\/noticias\/balancos-financeiros-destaques-semana\/#primaryimage\"},\"thumbnailUrl\":\"https:\/\/files.sunoresearch.com.br\/n\/uploads\/2018\/10\/e2ebc370-temporada-de-balancos-jpg.webp\",\"keywords\":[\"balan\u00e7os trimestrais\"],\"articleSection\":[\"Mercado\"],\"inLanguage\":\"pt-BR\"},{\"@type\":\"WebPage\",\"@id\":\"https:\/\/www.suno.com.br\/noticias\/balancos-financeiros-destaques-semana\/\",\"url\":\"https:\/\/www.suno.com.br\/noticias\/balancos-financeiros-destaques-semana\/\",\"name\":\"Balan\u00e7os financeiros: confira os destaques da \u00faltima semana\",\"isPartOf\":{\"@id\":\"https:\/\/www.suno.com.br\/noticias\/#website\"},\"primaryImageOfPage\":{\"@id\":\"https:\/\/www.suno.com.br\/noticias\/balancos-financeiros-destaques-semana\/#primaryimage\"},\"image\":{\"@id\":\"https:\/\/www.suno.com.br\/noticias\/balancos-financeiros-destaques-semana\/#primaryimage\"},\"thumbnailUrl\":\"https:\/\/files.sunoresearch.com.br\/n\/uploads\/2018\/10\/e2ebc370-temporada-de-balancos-jpg.webp\",\"datePublished\":\"2019-02-22T23:19:45+00:00\",\"dateModified\":\"2019-02-22T23:21:48+00:00\",\"description\":\"Os balan\u00e7os financeiros divulgados na semana s\u00e3o referentes ao \u00faltimo trimestre e, consequentemente, ao ano de 2018. Clique e saiba mais\",\"breadcrumb\":{\"@id\":\"https:\/\/www.suno.com.br\/noticias\/balancos-financeiros-destaques-semana\/#breadcrumb\"},\"inLanguage\":\"pt-BR\",\"potentialAction\":[{\"@type\":\"ReadAction\",\"target\":[\"https:\/\/www.suno.com.br\/noticias\/balancos-financeiros-destaques-semana\/\"]}]},{\"@type\":\"ImageObject\",\"inLanguage\":\"pt-BR\",\"@id\":\"https:\/\/www.suno.com.br\/noticias\/balancos-financeiros-destaques-semana\/#primaryimage\",\"url\":\"https:\/\/files.sunoresearch.com.br\/n\/uploads\/2018\/10\/e2ebc370-temporada-de-balancos-jpg.webp\",\"contentUrl\":\"https:\/\/files.sunoresearch.com.br\/n\/uploads\/2018\/10\/e2ebc370-temporada-de-balancos-jpg.webp\",\"width\":1920,\"height\":1280,\"caption\":\"Balan\u00e7os financeiros\"},{\"@type\":\"BreadcrumbList\",\"@id\":\"https:\/\/www.suno.com.br\/noticias\/balancos-financeiros-destaques-semana\/#breadcrumb\",\"itemListElement\":[{\"@type\":\"ListItem\",\"position\":1,\"name\":\"Not\u00edcias\",\"item\":\"https:\/\/www.suno.com.br\/noticias\/\"},{\"@type\":\"ListItem\",\"position\":2,\"name\":\"Mercado\",\"item\":\"https:\/\/www.suno.com.br\/noticias\/mercado\/\"},{\"@type\":\"ListItem\",\"position\":3,\"name\":\"Balan\u00e7os financeiros: confira os destaques da \u00faltima semana\"}]},{\"@type\":\"WebSite\",\"@id\":\"https:\/\/www.suno.com.br\/noticias\/#website\",\"url\":\"https:\/\/www.suno.com.br\/noticias\/\",\"name\":\"Suno Not\u00edcias\",\"description\":\"Seu portal de informa\u00e7\u00e3o sobre o mundo dos investimentos\",\"publisher\":{\"@id\":\"https:\/\/www.suno.com.br\/noticias\/#organization\"},\"potentialAction\":[{\"@type\":\"SearchAction\",\"target\":{\"@type\":\"EntryPoint\",\"urlTemplate\":\"https:\/\/www.suno.com.br\/noticias\/?s={search_term_string}\"},\"query-input\":{\"@type\":\"PropertyValueSpecification\",\"valueRequired\":true,\"valueName\":\"search_term_string\"}}],\"inLanguage\":\"pt-BR\"},{\"@type\":\"Organization\",\"@id\":\"https:\/\/www.suno.com.br\/noticias\/#organization\",\"name\":\"Suno Not\u00edcias\",\"url\":\"https:\/\/www.suno.com.br\/noticias\/\",\"logo\":{\"@type\":\"ImageObject\",\"inLanguage\":\"pt-BR\",\"@id\":\"https:\/\/www.suno.com.br\/noticias\/#\/schema\/logo\/image\/\",\"url\":\"https:\/\/files.sunoresearch.com.br\/n\/uploads\/2021\/09\/suno-logo.png\",\"contentUrl\":\"https:\/\/files.sunoresearch.com.br\/n\/uploads\/2021\/09\/suno-logo.png\",\"width\":180,\"height\":180,\"caption\":\"Suno Not\u00edcias\"},\"image\":{\"@id\":\"https:\/\/www.suno.com.br\/noticias\/#\/schema\/logo\/image\/\"},\"sameAs\":[\"https:\/\/facebook.com\/sunoresearch\",\"https:\/\/x.com\/sunoresearch\",\"https:\/\/www.instagram.com\/suno\",\"https:\/\/www.linkedin.com\/company\/suno-research\/\",\"https:\/\/www.youtube.com\/c\/sunoresearch\"]},{\"@type\":\"Person\",\"@id\":\"https:\/\/www.suno.com.br\/noticias\/#\/schema\/person\/0d0c9687cd2f600c564f25980c140de9\",\"name\":\"Guilherme Caetano\",\"image\":{\"@type\":\"ImageObject\",\"inLanguage\":\"pt-BR\",\"@id\":\"https:\/\/www.suno.com.br\/noticias\/#\/schema\/person\/image\/\",\"url\":\"https:\/\/secure.gravatar.com\/avatar\/e48357351a01702a0d19307070e081bf?s=96&r=g\",\"contentUrl\":\"https:\/\/secure.gravatar.com\/avatar\/e48357351a01702a0d19307070e081bf?s=96&r=g\",\"caption\":\"Guilherme Caetano\"},\"description\":\"Formado em jornalismo pela Escola de Comunica\u00e7\u00f5es e Artes da USP, Guilherme Caetano escreve para o portal de not\u00edcias da Suno Research. Passou pelas reda\u00e7\u00f5es da Folha de S.Paulo e da revista \u00c9poca.\",\"url\":\"https:\/\/www.suno.com.br\/noticias\/author\/guilherme-caetano\/\"}]}<\/script>\n<!-- \/ Yoast SEO plugin. -->","yoast_head_json":{"title":"Balan\u00e7os financeiros: confira os destaques da \u00faltima semana","description":"Os balan\u00e7os financeiros divulgados na semana s\u00e3o referentes ao \u00faltimo trimestre e, consequentemente, ao ano de 2018. Clique e saiba mais","robots":{"index":"index","follow":"follow","max-snippet":"max-snippet:-1","max-image-preview":"max-image-preview:large","max-video-preview":"max-video-preview:-1"},"canonical":"https:\/\/www.suno.com.br\/noticias\/balancos-financeiros-destaques-semana\/","og_locale":"pt_BR","og_type":"article","og_title":"Balan\u00e7os financeiros: confira os destaques da \u00faltima semana","og_description":"Os balan\u00e7os financeiros divulgados na semana s\u00e3o referentes ao \u00faltimo trimestre e, consequentemente, ao ano de 2018. Clique e saiba mais","og_url":"https:\/\/www.suno.com.br\/noticias\/balancos-financeiros-destaques-semana\/","og_site_name":"Suno Not\u00edcias","article_publisher":"https:\/\/facebook.com\/sunoresearch","og_image":[{"width":1920,"height":1280,"url":"https:\/\/files.sunoresearch.com.br\/n\/uploads\/2018\/10\/e2ebc370-temporada-de-balancos.jpg","type":"image\/jpeg"}],"author":"Guilherme Caetano","twitter_card":"summary_large_image","twitter_creator":"@sunoresearch","twitter_site":"@sunoresearch","twitter_misc":{"Escrito por":"Guilherme Caetano","Est. tempo de leitura":"3 minutos"},"schema":{"@context":"https:\/\/schema.org","@graph":[{"@type":"NewsArticle","@id":"https:\/\/www.suno.com.br\/noticias\/balancos-financeiros-destaques-semana\/#article","isPartOf":{"@id":"https:\/\/www.suno.com.br\/noticias\/balancos-financeiros-destaques-semana\/"},"author":{"name":"Guilherme Caetano","@id":"https:\/\/www.suno.com.br\/noticias\/#\/schema\/person\/0d0c9687cd2f600c564f25980c140de9"},"headline":"Balan\u00e7os financeiros: confira os destaques da \u00faltima semana","datePublished":"2019-02-22T23:19:45+00:00","dateModified":"2019-02-22T23:21:48+00:00","mainEntityOfPage":{"@id":"https:\/\/www.suno.com.br\/noticias\/balancos-financeiros-destaques-semana\/"},"wordCount":607,"publisher":{"@id":"https:\/\/www.suno.com.br\/noticias\/#organization"},"image":{"@id":"https:\/\/www.suno.com.br\/noticias\/balancos-financeiros-destaques-semana\/#primaryimage"},"thumbnailUrl":"https:\/\/files.sunoresearch.com.br\/n\/uploads\/2018\/10\/e2ebc370-temporada-de-balancos-jpg.webp","keywords":["balan\u00e7os trimestrais"],"articleSection":["Mercado"],"inLanguage":"pt-BR"},{"@type":"WebPage","@id":"https:\/\/www.suno.com.br\/noticias\/balancos-financeiros-destaques-semana\/","url":"https:\/\/www.suno.com.br\/noticias\/balancos-financeiros-destaques-semana\/","name":"Balan\u00e7os financeiros: confira os destaques da \u00faltima semana","isPartOf":{"@id":"https:\/\/www.suno.com.br\/noticias\/#website"},"primaryImageOfPage":{"@id":"https:\/\/www.suno.com.br\/noticias\/balancos-financeiros-destaques-semana\/#primaryimage"},"image":{"@id":"https:\/\/www.suno.com.br\/noticias\/balancos-financeiros-destaques-semana\/#primaryimage"},"thumbnailUrl":"https:\/\/files.sunoresearch.com.br\/n\/uploads\/2018\/10\/e2ebc370-temporada-de-balancos-jpg.webp","datePublished":"2019-02-22T23:19:45+00:00","dateModified":"2019-02-22T23:21:48+00:00","description":"Os balan\u00e7os financeiros divulgados na semana s\u00e3o referentes ao \u00faltimo trimestre e, consequentemente, ao ano de 2018. Clique e saiba mais","breadcrumb":{"@id":"https:\/\/www.suno.com.br\/noticias\/balancos-financeiros-destaques-semana\/#breadcrumb"},"inLanguage":"pt-BR","potentialAction":[{"@type":"ReadAction","target":["https:\/\/www.suno.com.br\/noticias\/balancos-financeiros-destaques-semana\/"]}]},{"@type":"ImageObject","inLanguage":"pt-BR","@id":"https:\/\/www.suno.com.br\/noticias\/balancos-financeiros-destaques-semana\/#primaryimage","url":"https:\/\/files.sunoresearch.com.br\/n\/uploads\/2018\/10\/e2ebc370-temporada-de-balancos-jpg.webp","contentUrl":"https:\/\/files.sunoresearch.com.br\/n\/uploads\/2018\/10\/e2ebc370-temporada-de-balancos-jpg.webp","width":1920,"height":1280,"caption":"Balan\u00e7os financeiros"},{"@type":"BreadcrumbList","@id":"https:\/\/www.suno.com.br\/noticias\/balancos-financeiros-destaques-semana\/#breadcrumb","itemListElement":[{"@type":"ListItem","position":1,"name":"Not\u00edcias","item":"https:\/\/www.suno.com.br\/noticias\/"},{"@type":"ListItem","position":2,"name":"Mercado","item":"https:\/\/www.suno.com.br\/noticias\/mercado\/"},{"@type":"ListItem","position":3,"name":"Balan\u00e7os financeiros: confira os destaques da \u00faltima semana"}]},{"@type":"WebSite","@id":"https:\/\/www.suno.com.br\/noticias\/#website","url":"https:\/\/www.suno.com.br\/noticias\/","name":"Suno Not\u00edcias","description":"Seu portal de informa\u00e7\u00e3o sobre o mundo dos investimentos","publisher":{"@id":"https:\/\/www.suno.com.br\/noticias\/#organization"},"potentialAction":[{"@type":"SearchAction","target":{"@type":"EntryPoint","urlTemplate":"https:\/\/www.suno.com.br\/noticias\/?s={search_term_string}"},"query-input":{"@type":"PropertyValueSpecification","valueRequired":true,"valueName":"search_term_string"}}],"inLanguage":"pt-BR"},{"@type":"Organization","@id":"https:\/\/www.suno.com.br\/noticias\/#organization","name":"Suno Not\u00edcias","url":"https:\/\/www.suno.com.br\/noticias\/","logo":{"@type":"ImageObject","inLanguage":"pt-BR","@id":"https:\/\/www.suno.com.br\/noticias\/#\/schema\/logo\/image\/","url":"https:\/\/files.sunoresearch.com.br\/n\/uploads\/2021\/09\/suno-logo.png","contentUrl":"https:\/\/files.sunoresearch.com.br\/n\/uploads\/2021\/09\/suno-logo.png","width":180,"height":180,"caption":"Suno Not\u00edcias"},"image":{"@id":"https:\/\/www.suno.com.br\/noticias\/#\/schema\/logo\/image\/"},"sameAs":["https:\/\/facebook.com\/sunoresearch","https:\/\/x.com\/sunoresearch","https:\/\/www.instagram.com\/suno","https:\/\/www.linkedin.com\/company\/suno-research\/","https:\/\/www.youtube.com\/c\/sunoresearch"]},{"@type":"Person","@id":"https:\/\/www.suno.com.br\/noticias\/#\/schema\/person\/0d0c9687cd2f600c564f25980c140de9","name":"Guilherme Caetano","image":{"@type":"ImageObject","inLanguage":"pt-BR","@id":"https:\/\/www.suno.com.br\/noticias\/#\/schema\/person\/image\/","url":"https:\/\/secure.gravatar.com\/avatar\/e48357351a01702a0d19307070e081bf?s=96&r=g","contentUrl":"https:\/\/secure.gravatar.com\/avatar\/e48357351a01702a0d19307070e081bf?s=96&r=g","caption":"Guilherme Caetano"},"description":"Formado em jornalismo pela Escola de Comunica\u00e7\u00f5es e Artes da USP, Guilherme Caetano escreve para o portal de not\u00edcias da Suno Research. Passou pelas reda\u00e7\u00f5es da Folha de S.Paulo e da revista \u00c9poca.","url":"https:\/\/www.suno.com.br\/noticias\/author\/guilherme-caetano\/"}]}},"default_loop_html":"<div class=\"cardsPage__listCard__boxs\"><div class=\"cardsPage__listCard__boxs__img\"><a href=\"https:\/\/www.suno.com.br\/noticias\/balancos-financeiros-destaques-semana\/\"><img class=\"mask\" src=\"https:\/\/www.suno.com.br\/noticias\/wp-content\/themes\/suno\/resources\/images\/spotlight\/spotlight1img\/bg-mask.png\" alt=\"Image Mask\"\/><img src=\"https:\/\/files.sunoresearch.com.br\/n\/uploads\/2018\/10\/e2ebc370-temporada-de-balancos-400x200.webp\" alt=\"Balan\u00e7os financeiros: confira os destaques da \u00faltima semana\"\/><\/a><span class=\"spotlightCategory\"><a href=\"https:\/\/www.suno.com.br\/noticias\/mercado\/\">Mercado<\/a><\/span><\/div><div class=\"cardsPage__listCard__boxs__content\"><a href=\"https:\/\/www.suno.com.br\/noticias\/balancos-financeiros-destaques-semana\/\"><h2 class=\"content__title\">Balan\u00e7os financeiros: confira os destaques da \u00faltima semana<\/h2><\/a><div class=\"newsContent__article__meta\"><div class=\"newsContent__article__meta__authorBox\"><a href=\"https:\/\/www.suno.com.br\/noticias\/author\/guilherme-caetano\/\" class=\"authorBox__avatar noMobi\"><img src=\"https:\/\/secure.gravatar.com\/avatar\/e48357351a01702a0d19307070e081bf?s=96&#038;r=g\" alt=\"Guilherme Caetano\"><\/a><div class=\"authorBox__name\"><span>por\n\t\t\t<a href=\"https:\/\/www.suno.com.br\/noticias\/author\/guilherme-caetano\/\"><span itemprop=\"author\">Guilherme Caetano<\/span><\/a><\/span><time datetime=\"2019-02-22T20:19:45-03:00\" itemprop=\"datePublished\">22\/02\/2019 20:19<\/time><\/div><\/div><\/div><\/div><\/div>","single_layout":"posts","amp_enabled":true,"_links":{"self":[{"href":"https:\/\/www.suno.com.br\/noticias\/wp-json\/wp\/v2\/posts\/16377"}],"collection":[{"href":"https:\/\/www.suno.com.br\/noticias\/wp-json\/wp\/v2\/posts"}],"about":[{"href":"https:\/\/www.suno.com.br\/noticias\/wp-json\/wp\/v2\/types\/post"}],"author":[{"embeddable":true,"href":"https:\/\/www.suno.com.br\/noticias\/wp-json\/wp\/v2\/users\/13"}],"replies":[{"embeddable":true,"href":"https:\/\/www.suno.com.br\/noticias\/wp-json\/wp\/v2\/comments?post=16377"}],"version-history":[{"count":0,"href":"https:\/\/www.suno.com.br\/noticias\/wp-json\/wp\/v2\/posts\/16377\/revisions"}],"wp:featuredmedia":[{"embeddable":true,"href":"https:\/\/www.suno.com.br\/noticias\/wp-json\/wp\/v2\/media\/5570"}],"wp:attachment":[{"href":"https:\/\/www.suno.com.br\/noticias\/wp-json\/wp\/v2\/media?parent=16377"}],"wp:term":[{"taxonomy":"category","embeddable":true,"href":"https:\/\/www.suno.com.br\/noticias\/wp-json\/wp\/v2\/categories?post=16377"},{"taxonomy":"post_tag","embeddable":true,"href":"https:\/\/www.suno.com.br\/noticias\/wp-json\/wp\/v2\/tags?post=16377"},{"taxonomy":"suno_strategy","embeddable":true,"href":"https:\/\/www.suno.com.br\/noticias\/wp-json\/wp\/v2\/suno_strategy?post=16377"}],"curies":[{"name":"wp","href":"https:\/\/api.w.org\/{rel}","templated":true}]}}