{"id":163768,"date":"2021-07-05T19:11:10","date_gmt":"2021-07-05T22:11:10","guid":{"rendered":"https:\/\/www.suno.com.br\/noticias\/?p=163768"},"modified":"2021-07-05T19:11:10","modified_gmt":"2021-07-05T22:11:10","slug":"gol-goll4-demanda-voos-cresce-junho","status":"publish","type":"post","link":"https:\/\/www.suno.com.br\/noticias\/gol-goll4-demanda-voos-cresce-junho\/","title":{"rendered":"Gol (GOLL4): demanda para voos cresce 282% em junho"},"content":{"rendered":"<p>A <a href=\"https:\/\/www.suno.com.br\/acoes\/GOLL4\/\"><strong>Gol<\/strong> (GOLL4)<\/a> divulgou nesta segunda-feira (5) seus n\u00fameros pr\u00e9vios de tr\u00e1fego do m\u00eas de junho desse ano. Como destaque a companhia apontou que no mercado dom\u00e9stico, a demanda (RPK) para voos aumentou 282%, na compara\u00e7\u00e3o anual, para 1,473 bilh\u00e3o.<\/p>\t<div class=\"wrapper-featured-image\">\n\t\t<figure class=\"spotlightImg\">\n\n\t\t\t<picture>\n\t\t\t\t<source media=\"(max-width: 768px)\" srcset=\"https:\/\/files.sunoresearch.com.br\/n\/uploads\/2021\/03\/d5bed5f4-gol-6-400x200.webp\">\n\t\t\t\t<img loading=\"lazy\" decoding=\"async\" class=\"newsContent__article__imgCapa lazyloadDisabled \" src=\"https:\/\/files.sunoresearch.com.br\/n\/uploads\/2021\/03\/d5bed5f4-gol-6-800x450.webp\" width=\"800\" height=\"450\" alt=\"Gol (GOLL4): demanda para voos cresce 282% em junho\" fetchpriority=high \/>\n\t\t\t<\/picture>\n\n\t\t\t<figcaption class=\"wp-caption-text wp-caption-text--show\">Ibovespa: Gol anima investidores com n\u00fameros operacionais. Foto: Divulga\u00e7\u00e3o<\/figcaption>\n\t\t<\/figure>\n\t<\/div>\n\n\n\t<p>\n\t\t<a href=\"https:\/\/lp.suno.com.br\/planilha-controle-gastos\/\" target=\"_blank\" data-element=\"shortcode-suno-banner\" title=\"Banner SUNO, clique e saiba mais\">\n\t\t\t<picture>\n\t\t\t\t<source media=\"(max-width: 500px)\" srcset=\"https:\/\/files.sunoresearch.com.br\/n\/uploads\/2023\/03\/400x300-Planilha-controle-de-gastos.png\">\n\t\t\t\t<img class=\"newsContent__article__imgCapa newsContent__article__imgCapa--banner\"\n\t\t\t\t\tsrc=\"https:\/\/files.sunoresearch.com.br\/n\/uploads\/2023\/03\/1420x240-Planilha-controle-de-gastos.png\"\n\t\t\t\t\tdata-promo-id=\"101751\"\t\t\t\t\t\t\t\t\t\twidth='1420' height='240'\t\t\t\t\talt=\"https:\/\/files.sunoresearch.com.br\/n\/uploads\/2023\/03\/1420x240-Planilha-controle-de-gastos.png\"\n\t\t\t\t>\n\t\t\t<\/picture>\n\t\t<\/a>\n\t<\/p>\n\n\n<p>Ao mesmo tempo, a <a href=\"https:\/\/www.suno.com.br\/artigos\/oferta-demanda\/\"><strong>oferta (ASK)<\/strong> <\/a>avan\u00e7ou 260%, ante junho do ano passado, para 1,755 bilh\u00e3o, conforme mostra o documento enviado pela Gol \u00e0 <a href=\"https:\/\/www.suno.com.br\/artigos\/cvm\/\">Comiss\u00e3o de Valores Mobili\u00e1rios (<strong>CVM<\/strong>).<\/a><\/p>\n<p>Al\u00e9m disso, a<strong> taxa de ocupa\u00e7\u00e3o dom\u00e9stica<\/strong> da Gol ficou em 83,9% ao final do m\u00eas passado, o que equivale a um avan\u00e7o de 4,7 pontos percentuais em compara\u00e7\u00e3o com a taxa apurada em junho de 2020.<\/p>\n<p>No m\u00eas passado, a <strong>maior companhia a\u00e9rea dom\u00e9stica do Brasil<\/strong> transportou 1,2 milh\u00e3o de <strong>passageiros<\/strong>, contra 320 mil passageiros no mesmo per\u00edodo de 2020.<\/p>\n\t<p>\n\t\t<a href=\"https:\/\/lp.suno.com.br\/planilha-da-vida-financeira\/\" target=\"_blank\" data-element=\"shortcode-suno-banner\" title=\"Banner SUNO, clique e saiba mais\">\n\t\t\t<picture>\n\t\t\t\t<source media=\"(max-width: 500px)\" srcset=\"https:\/\/files.sunoresearch.com.br\/n\/uploads\/2023\/04\/400x300-Planilha-vida-financeira-true.png\">\n\t\t\t\t<img class=\"newsContent__article__imgCapa newsContent__article__imgCapa--banner\"\n\t\t\t\t\tsrc=\"https:\/\/files.sunoresearch.com.br\/n\/uploads\/2023\/04\/1420x240-Planilha-vida-financeira-true.png\"\n\t\t\t\t\tdata-promo-id=\"106682\"\t\t\t\t\t\t\t\t\t\twidth='1420' height='240'\t\t\t\t\talt=\"https:\/\/files.sunoresearch.com.br\/n\/uploads\/2023\/04\/1420x240-Planilha-vida-financeira-true.png\"\n\t\t\t\t>\n\t\t\t<\/picture>\n\t\t<\/a>\n\t<\/p>\n\n\n<p>Ao todo, a companhia contabilizou\u00a0 8.246 decolagens em junho, contra 2.608 decolagens no mesmo m\u00eas em 2020.<\/p>\n<p>J\u00e1 em rela\u00e7\u00e3o aos dados semestrais, a GOL somou 52.592 <strong>decolagens<\/strong> entre janeiro e junho desse ano, contra 68.102 apuradas no primeiro semestre de 2020.<\/p>\n<p>Por sua vez, a taxa de ocupa\u00e7\u00e3o subiu 2,1 pontos percentuais, para 81,8% nos primeiros seis meses desse ano, contra 79,7% no mesmo per\u00edodo de 2020.<\/p>\n<p>J\u00e1 a oferta passou de 13,452 bilh\u00f5es durante os seis primeiros meses do ano passado, para 11,032 bilh\u00f5es no primeiro semestre desse ano, representando uma queda de 18%. Ao mesmo tempo, a demanda caiu 15,8%, na mesma compara\u00e7\u00e3o, para 9,023 bilh\u00f5es, contra 10,720 bilh\u00f5es.<\/p>\n<h4>Veja tamb\u00e9m:<\/h4>\n<h2>Conselho da Gol homologa parcialmente aumento de capital de R$ 422,6 mi<\/h2>\n<p>O <a class=\"suno-keyword\" href=\"https:\/\/www.suno.com.br\/artigos\/conselho-administracao\/\" target=\"_blank\" rel=\"noopener noreferrer\" data-force=\"no\" data-priority=\"1\">conselho de administra\u00e7\u00e3o<\/a> da\u00a0Gol homologou parcialmente, no \u00faltimo dia 15 de junho, o <a class=\"suno-keyword\" href=\"https:\/\/www.suno.com.br\/artigos\/aumento-capital\/\" target=\"_blank\" rel=\"noopener noreferrer\" data-force=\"no\" data-priority=\"1\">aumento de capital<\/a> no montante de R$ 422.611.049,43, com a emiss\u00e3o de 171.136.137 <a class=\"suno-keyword\" href=\"https:\/\/www.suno.com.br\/artigos\/o-que-sao-acoes-ordinarias-preferenciais-e-units\/\" target=\"_blank\" rel=\"noopener noreferrer\" data-force=\"no\" data-priority=\"1\">a\u00e7\u00f5es ordin\u00e1rias<\/a> e de 12.581.185 pap\u00e9is preferenciais.<\/p>\n<p>Al\u00e9m disso, em fato relevante arquivado na CVM, a a\u00e9rea anunciou que seu conselho homologou a convers\u00e3o de 171.136.137 a\u00e7\u00f5es ordin\u00e1rias, detidas pelo ve\u00edculo dos acionistas controladores que subscreveram pap\u00e9is ordin\u00e1rios no \u00e2mbito do Aumento de Capital, em 4.889.603 <a class=\"suno-keyword\" href=\"https:\/\/www.suno.com.br\/artigos\/acoes-preferenciais\/\" target=\"_blank\" rel=\"noopener noreferrer\" data-force=\"no\" data-priority=\"1\">a\u00e7\u00f5es preferenciais<\/a>. Nesse sentido, a raz\u00e3o foi de 35 a\u00e7\u00f5es ordin\u00e1rias para uma a\u00e7\u00e3o preferencial.<\/p>\n\t<div data-element=\"shortcode-read-more\" class=\"knowMore\">\n\t\t\t\t<span class=\"knowMore__title\">Saiba mais<\/span>\n\t\t\t\t<a class=\"knowMore__link\" href=\"https:\/\/www.suno.com.br\/noticias\/gol-goll4-conselho-homologa-aumento-capital\/\">\n\t\t\tGol (GOLL4): Conselho homologa parcialmente aumento de capital de R$ 422,6 mi\t\t<\/a>\n\t<\/div>\n\n\n<p>Assim, o capital social da companhia a\u00e9rea agora \u00e9 composto por R$ 4.194.953.561,82, divididos em 2.863.682.710 a\u00e7\u00f5es ordin\u00e1rias e 313.929.020 a\u00e7\u00f5es preferenciais.<\/p>\n<h2>\u00daltima Cota\u00e7\u00e3o<\/h2>\n<p>A a\u00e7\u00e3o da <strong>Gol (GOLL4)<\/strong> encerrou o preg\u00e3o de hoje em queda de 0,26%, valendo R$ 23,39. No ano, o papel acumula uma queda de 6,44%, frente ao fechamento a R$ 25,00 ao final de dezembro do ano passado.<\/p>\n\t<p>\n\t\t<a href=\"https:\/\/lp.suno.com.br\/planilha-de-controle-de-investimentos\/\" target=\"_blank\" data-element=\"shortcode-suno-banner\" title=\"Banner SUNO, clique e saiba mais\">\n\t\t\t<picture>\n\t\t\t\t<source media=\"(max-width: 500px)\" srcset=\"https:\/\/files.sunoresearch.com.br\/n\/uploads\/2023\/03\/400x300-Controle-de-Investimentos.png\">\n\t\t\t\t<img class=\"newsContent__article__imgCapa newsContent__article__imgCapa--banner\"\n\t\t\t\t\tsrc=\"https:\/\/files.sunoresearch.com.br\/n\/uploads\/2023\/03\/1420x240-Controle-de-Investimentos.png\"\n\t\t\t\t\tdata-promo-id=\"75934\"\t\t\t\t\t\t\t\t\t\twidth='1420' height='240'\t\t\t\t\talt=\"https:\/\/files.sunoresearch.com.br\/n\/uploads\/2023\/03\/1420x240-Controle-de-Investimentos.png\"\n\t\t\t\t>\n\t\t\t<\/picture>\n\t\t<\/a>\n\t<\/p>\n\n\n","protected":false},"excerpt":{"rendered":"<p>A Gol (GOLL4) divulgou nesta segunda-feira (5) seus n\u00fameros pr\u00e9vios de tr\u00e1fego do m\u00eas de junho desse ano. Como destaque a companhia apontou que no mercado dom\u00e9stico, a demanda (RPK) para voos aumentou 282%, na compara\u00e7\u00e3o anual, para 1,473 bilh\u00e3o. Ibovespa: Gol anima investidores com n\u00fameros operacionais. Foto: Divulga\u00e7\u00e3o Ao mesmo tempo, a oferta (ASK) [&hellip;]<\/p>\n","protected":false},"author":39,"featured_media":130274,"comment_status":"closed","ping_status":"closed","sticky":false,"template":"","format":"standard","meta":[],"categories":[64],"tags":[489],"suno_strategy":[],"class_list":["post-163768","post","type-post","status-publish","format-standard","has-post-thumbnail","hentry","category-negocios","tag-gol-linhas-aereas-goll11-goll4"],"yoast_head":"<!-- This site is optimized with the Yoast SEO plugin v24.4 - https:\/\/yoast.com\/wordpress\/plugins\/seo\/ -->\n<title>Gol (GOLL4): demanda para voos cresce 282% em junho<\/title>\n<meta name=\"description\" content=\"A Gol (GOLL4) divulgou nesta segunda-feira (5) seus n\u00fameros pr\u00e9vios de tr\u00e1fego do m\u00eas de junho desse ano. Clique aqui para saber mais!\" \/>\n<meta name=\"robots\" content=\"index, follow, max-snippet:-1, max-image-preview:large, max-video-preview:-1\" \/>\n<link rel=\"canonical\" href=\"https:\/\/www.suno.com.br\/noticias\/gol-goll4-demanda-voos-cresce-junho\/\" \/>\n<meta property=\"og:locale\" content=\"pt_BR\" \/>\n<meta property=\"og:type\" content=\"article\" \/>\n<meta property=\"og:title\" content=\"Gol (GOLL4): demanda para voos cresce 282% em junho\" \/>\n<meta property=\"og:description\" content=\"A Gol (GOLL4) divulgou nesta segunda-feira (5) seus n\u00fameros pr\u00e9vios de tr\u00e1fego do m\u00eas de junho desse ano. Clique aqui para saber mais!\" \/>\n<meta property=\"og:url\" content=\"https:\/\/www.suno.com.br\/noticias\/gol-goll4-demanda-voos-cresce-junho\/\" \/>\n<meta property=\"og:site_name\" content=\"Suno Not\u00edcias\" \/>\n<meta property=\"article:publisher\" content=\"https:\/\/facebook.com\/sunoresearch\" \/>\n<meta property=\"og:image\" content=\"https:\/\/files.sunoresearch.com.br\/n\/uploads\/2021\/03\/d5bed5f4-gol-6.jpg\" \/>\n\t<meta property=\"og:image:width\" content=\"1200\" \/>\n\t<meta property=\"og:image:height\" content=\"800\" \/>\n\t<meta property=\"og:image:type\" content=\"image\/jpeg\" \/>\n<meta name=\"author\" content=\"Laura Moutinho\" \/>\n<meta name=\"twitter:card\" content=\"summary_large_image\" \/>\n<meta name=\"twitter:creator\" content=\"@sunoresearch\" \/>\n<meta name=\"twitter:site\" content=\"@sunoresearch\" \/>\n<meta name=\"twitter:label1\" content=\"Escrito por\" \/>\n\t<meta name=\"twitter:data1\" content=\"Laura Moutinho\" \/>\n\t<meta name=\"twitter:label2\" content=\"Est. tempo de leitura\" \/>\n\t<meta name=\"twitter:data2\" content=\"2 minutos\" \/>\n<script type=\"application\/ld+json\" class=\"yoast-schema-graph\">{\"@context\":\"https:\/\/schema.org\",\"@graph\":[{\"@type\":\"NewsArticle\",\"@id\":\"https:\/\/www.suno.com.br\/noticias\/gol-goll4-demanda-voos-cresce-junho\/#article\",\"isPartOf\":{\"@id\":\"https:\/\/www.suno.com.br\/noticias\/gol-goll4-demanda-voos-cresce-junho\/\"},\"author\":{\"name\":\"Laura Moutinho\",\"@id\":\"https:\/\/www.suno.com.br\/noticias\/#\/schema\/person\/3df0d2808748b74496efe5dbeaef2c72\"},\"headline\":\"Gol (GOLL4): demanda para voos cresce 282% em junho\",\"datePublished\":\"2021-07-05T22:11:10+00:00\",\"mainEntityOfPage\":{\"@id\":\"https:\/\/www.suno.com.br\/noticias\/gol-goll4-demanda-voos-cresce-junho\/\"},\"wordCount\":445,\"publisher\":{\"@id\":\"https:\/\/www.suno.com.br\/noticias\/#organization\"},\"image\":{\"@id\":\"https:\/\/www.suno.com.br\/noticias\/gol-goll4-demanda-voos-cresce-junho\/#primaryimage\"},\"thumbnailUrl\":\"https:\/\/files.sunoresearch.com.br\/n\/uploads\/2021\/03\/d5bed5f4-gol-6-jpg.webp\",\"keywords\":[\"Gol Linhas A\u00e9reas (GOLL11\/GOLL4)\"],\"articleSection\":[\"Neg\u00f3cios\"],\"inLanguage\":\"pt-BR\"},{\"@type\":\"WebPage\",\"@id\":\"https:\/\/www.suno.com.br\/noticias\/gol-goll4-demanda-voos-cresce-junho\/\",\"url\":\"https:\/\/www.suno.com.br\/noticias\/gol-goll4-demanda-voos-cresce-junho\/\",\"name\":\"Gol (GOLL4): demanda para voos cresce 282% em junho\",\"isPartOf\":{\"@id\":\"https:\/\/www.suno.com.br\/noticias\/#website\"},\"primaryImageOfPage\":{\"@id\":\"https:\/\/www.suno.com.br\/noticias\/gol-goll4-demanda-voos-cresce-junho\/#primaryimage\"},\"image\":{\"@id\":\"https:\/\/www.suno.com.br\/noticias\/gol-goll4-demanda-voos-cresce-junho\/#primaryimage\"},\"thumbnailUrl\":\"https:\/\/files.sunoresearch.com.br\/n\/uploads\/2021\/03\/d5bed5f4-gol-6-jpg.webp\",\"datePublished\":\"2021-07-05T22:11:10+00:00\",\"description\":\"A Gol (GOLL4) divulgou nesta segunda-feira (5) seus n\u00fameros pr\u00e9vios de tr\u00e1fego do m\u00eas de junho desse ano. Clique aqui para saber mais!\",\"breadcrumb\":{\"@id\":\"https:\/\/www.suno.com.br\/noticias\/gol-goll4-demanda-voos-cresce-junho\/#breadcrumb\"},\"inLanguage\":\"pt-BR\",\"potentialAction\":[{\"@type\":\"ReadAction\",\"target\":[\"https:\/\/www.suno.com.br\/noticias\/gol-goll4-demanda-voos-cresce-junho\/\"]}]},{\"@type\":\"ImageObject\",\"inLanguage\":\"pt-BR\",\"@id\":\"https:\/\/www.suno.com.br\/noticias\/gol-goll4-demanda-voos-cresce-junho\/#primaryimage\",\"url\":\"https:\/\/files.sunoresearch.com.br\/n\/uploads\/2021\/03\/d5bed5f4-gol-6-jpg.webp\",\"contentUrl\":\"https:\/\/files.sunoresearch.com.br\/n\/uploads\/2021\/03\/d5bed5f4-gol-6-jpg.webp\",\"width\":1200,\"height\":800,\"caption\":\"Ibovespa: Gol anima investidores com n\u00fameros operacionais. Foto: Divulga\u00e7\u00e3o\"},{\"@type\":\"BreadcrumbList\",\"@id\":\"https:\/\/www.suno.com.br\/noticias\/gol-goll4-demanda-voos-cresce-junho\/#breadcrumb\",\"itemListElement\":[{\"@type\":\"ListItem\",\"position\":1,\"name\":\"Not\u00edcias\",\"item\":\"https:\/\/www.suno.com.br\/noticias\/\"},{\"@type\":\"ListItem\",\"position\":2,\"name\":\"Neg\u00f3cios\",\"item\":\"https:\/\/www.suno.com.br\/noticias\/negocios\/\"},{\"@type\":\"ListItem\",\"position\":3,\"name\":\"Gol (GOLL4): demanda para voos cresce 282% em junho\"}]},{\"@type\":\"WebSite\",\"@id\":\"https:\/\/www.suno.com.br\/noticias\/#website\",\"url\":\"https:\/\/www.suno.com.br\/noticias\/\",\"name\":\"Suno Not\u00edcias\",\"description\":\"Seu portal de informa\u00e7\u00e3o sobre o mundo dos investimentos\",\"publisher\":{\"@id\":\"https:\/\/www.suno.com.br\/noticias\/#organization\"},\"potentialAction\":[{\"@type\":\"SearchAction\",\"target\":{\"@type\":\"EntryPoint\",\"urlTemplate\":\"https:\/\/www.suno.com.br\/noticias\/?s={search_term_string}\"},\"query-input\":{\"@type\":\"PropertyValueSpecification\",\"valueRequired\":true,\"valueName\":\"search_term_string\"}}],\"inLanguage\":\"pt-BR\"},{\"@type\":\"Organization\",\"@id\":\"https:\/\/www.suno.com.br\/noticias\/#organization\",\"name\":\"Suno Not\u00edcias\",\"url\":\"https:\/\/www.suno.com.br\/noticias\/\",\"logo\":{\"@type\":\"ImageObject\",\"inLanguage\":\"pt-BR\",\"@id\":\"https:\/\/www.suno.com.br\/noticias\/#\/schema\/logo\/image\/\",\"url\":\"https:\/\/files.sunoresearch.com.br\/n\/uploads\/2021\/09\/suno-logo.png\",\"contentUrl\":\"https:\/\/files.sunoresearch.com.br\/n\/uploads\/2021\/09\/suno-logo.png\",\"width\":180,\"height\":180,\"caption\":\"Suno Not\u00edcias\"},\"image\":{\"@id\":\"https:\/\/www.suno.com.br\/noticias\/#\/schema\/logo\/image\/\"},\"sameAs\":[\"https:\/\/facebook.com\/sunoresearch\",\"https:\/\/x.com\/sunoresearch\",\"https:\/\/www.instagram.com\/suno\",\"https:\/\/www.linkedin.com\/company\/suno-research\/\",\"https:\/\/www.youtube.com\/c\/sunoresearch\"]},{\"@type\":\"Person\",\"@id\":\"https:\/\/www.suno.com.br\/noticias\/#\/schema\/person\/3df0d2808748b74496efe5dbeaef2c72\",\"name\":\"Laura Moutinho\",\"image\":{\"@type\":\"ImageObject\",\"inLanguage\":\"pt-BR\",\"@id\":\"https:\/\/www.suno.com.br\/noticias\/#\/schema\/person\/image\/\",\"url\":\"https:\/\/secure.gravatar.com\/avatar\/7571c7c8ca3a6fca5e41384ece5557ff?s=96&r=g\",\"contentUrl\":\"https:\/\/secure.gravatar.com\/avatar\/7571c7c8ca3a6fca5e41384ece5557ff?s=96&r=g\",\"caption\":\"Laura Moutinho\"},\"description\":\"Estagi\u00e1ria na Suno Not\u00edcias, escreve not\u00edcias que afetam o mercado financeiro. Estuda administra\u00e7\u00e3o na Universidade Presbiteriana Mackenzie.\",\"url\":\"https:\/\/www.suno.com.br\/noticias\/author\/laura-moutinho\/\"}]}<\/script>\n<!-- \/ Yoast SEO plugin. -->","yoast_head_json":{"title":"Gol (GOLL4): demanda para voos cresce 282% em junho","description":"A Gol (GOLL4) divulgou nesta segunda-feira (5) seus n\u00fameros pr\u00e9vios de tr\u00e1fego do m\u00eas de junho desse ano. Clique aqui para saber mais!","robots":{"index":"index","follow":"follow","max-snippet":"max-snippet:-1","max-image-preview":"max-image-preview:large","max-video-preview":"max-video-preview:-1"},"canonical":"https:\/\/www.suno.com.br\/noticias\/gol-goll4-demanda-voos-cresce-junho\/","og_locale":"pt_BR","og_type":"article","og_title":"Gol (GOLL4): demanda para voos cresce 282% em junho","og_description":"A Gol (GOLL4) divulgou nesta segunda-feira (5) seus n\u00fameros pr\u00e9vios de tr\u00e1fego do m\u00eas de junho desse ano. Clique aqui para saber mais!","og_url":"https:\/\/www.suno.com.br\/noticias\/gol-goll4-demanda-voos-cresce-junho\/","og_site_name":"Suno Not\u00edcias","article_publisher":"https:\/\/facebook.com\/sunoresearch","og_image":[{"width":1200,"height":800,"url":"https:\/\/files.sunoresearch.com.br\/n\/uploads\/2021\/03\/d5bed5f4-gol-6.jpg","type":"image\/jpeg"}],"author":"Laura Moutinho","twitter_card":"summary_large_image","twitter_creator":"@sunoresearch","twitter_site":"@sunoresearch","twitter_misc":{"Escrito por":"Laura Moutinho","Est. tempo de leitura":"2 minutos"},"schema":{"@context":"https:\/\/schema.org","@graph":[{"@type":"NewsArticle","@id":"https:\/\/www.suno.com.br\/noticias\/gol-goll4-demanda-voos-cresce-junho\/#article","isPartOf":{"@id":"https:\/\/www.suno.com.br\/noticias\/gol-goll4-demanda-voos-cresce-junho\/"},"author":{"name":"Laura Moutinho","@id":"https:\/\/www.suno.com.br\/noticias\/#\/schema\/person\/3df0d2808748b74496efe5dbeaef2c72"},"headline":"Gol (GOLL4): demanda para voos cresce 282% em junho","datePublished":"2021-07-05T22:11:10+00:00","mainEntityOfPage":{"@id":"https:\/\/www.suno.com.br\/noticias\/gol-goll4-demanda-voos-cresce-junho\/"},"wordCount":445,"publisher":{"@id":"https:\/\/www.suno.com.br\/noticias\/#organization"},"image":{"@id":"https:\/\/www.suno.com.br\/noticias\/gol-goll4-demanda-voos-cresce-junho\/#primaryimage"},"thumbnailUrl":"https:\/\/files.sunoresearch.com.br\/n\/uploads\/2021\/03\/d5bed5f4-gol-6-jpg.webp","keywords":["Gol Linhas A\u00e9reas (GOLL11\/GOLL4)"],"articleSection":["Neg\u00f3cios"],"inLanguage":"pt-BR"},{"@type":"WebPage","@id":"https:\/\/www.suno.com.br\/noticias\/gol-goll4-demanda-voos-cresce-junho\/","url":"https:\/\/www.suno.com.br\/noticias\/gol-goll4-demanda-voos-cresce-junho\/","name":"Gol (GOLL4): demanda para voos cresce 282% em junho","isPartOf":{"@id":"https:\/\/www.suno.com.br\/noticias\/#website"},"primaryImageOfPage":{"@id":"https:\/\/www.suno.com.br\/noticias\/gol-goll4-demanda-voos-cresce-junho\/#primaryimage"},"image":{"@id":"https:\/\/www.suno.com.br\/noticias\/gol-goll4-demanda-voos-cresce-junho\/#primaryimage"},"thumbnailUrl":"https:\/\/files.sunoresearch.com.br\/n\/uploads\/2021\/03\/d5bed5f4-gol-6-jpg.webp","datePublished":"2021-07-05T22:11:10+00:00","description":"A Gol (GOLL4) divulgou nesta segunda-feira (5) seus n\u00fameros pr\u00e9vios de tr\u00e1fego do m\u00eas de junho desse ano. Clique aqui para saber mais!","breadcrumb":{"@id":"https:\/\/www.suno.com.br\/noticias\/gol-goll4-demanda-voos-cresce-junho\/#breadcrumb"},"inLanguage":"pt-BR","potentialAction":[{"@type":"ReadAction","target":["https:\/\/www.suno.com.br\/noticias\/gol-goll4-demanda-voos-cresce-junho\/"]}]},{"@type":"ImageObject","inLanguage":"pt-BR","@id":"https:\/\/www.suno.com.br\/noticias\/gol-goll4-demanda-voos-cresce-junho\/#primaryimage","url":"https:\/\/files.sunoresearch.com.br\/n\/uploads\/2021\/03\/d5bed5f4-gol-6-jpg.webp","contentUrl":"https:\/\/files.sunoresearch.com.br\/n\/uploads\/2021\/03\/d5bed5f4-gol-6-jpg.webp","width":1200,"height":800,"caption":"Ibovespa: Gol anima investidores com n\u00fameros operacionais. Foto: Divulga\u00e7\u00e3o"},{"@type":"BreadcrumbList","@id":"https:\/\/www.suno.com.br\/noticias\/gol-goll4-demanda-voos-cresce-junho\/#breadcrumb","itemListElement":[{"@type":"ListItem","position":1,"name":"Not\u00edcias","item":"https:\/\/www.suno.com.br\/noticias\/"},{"@type":"ListItem","position":2,"name":"Neg\u00f3cios","item":"https:\/\/www.suno.com.br\/noticias\/negocios\/"},{"@type":"ListItem","position":3,"name":"Gol (GOLL4): demanda para voos cresce 282% em junho"}]},{"@type":"WebSite","@id":"https:\/\/www.suno.com.br\/noticias\/#website","url":"https:\/\/www.suno.com.br\/noticias\/","name":"Suno Not\u00edcias","description":"Seu portal de informa\u00e7\u00e3o sobre o mundo dos investimentos","publisher":{"@id":"https:\/\/www.suno.com.br\/noticias\/#organization"},"potentialAction":[{"@type":"SearchAction","target":{"@type":"EntryPoint","urlTemplate":"https:\/\/www.suno.com.br\/noticias\/?s={search_term_string}"},"query-input":{"@type":"PropertyValueSpecification","valueRequired":true,"valueName":"search_term_string"}}],"inLanguage":"pt-BR"},{"@type":"Organization","@id":"https:\/\/www.suno.com.br\/noticias\/#organization","name":"Suno Not\u00edcias","url":"https:\/\/www.suno.com.br\/noticias\/","logo":{"@type":"ImageObject","inLanguage":"pt-BR","@id":"https:\/\/www.suno.com.br\/noticias\/#\/schema\/logo\/image\/","url":"https:\/\/files.sunoresearch.com.br\/n\/uploads\/2021\/09\/suno-logo.png","contentUrl":"https:\/\/files.sunoresearch.com.br\/n\/uploads\/2021\/09\/suno-logo.png","width":180,"height":180,"caption":"Suno Not\u00edcias"},"image":{"@id":"https:\/\/www.suno.com.br\/noticias\/#\/schema\/logo\/image\/"},"sameAs":["https:\/\/facebook.com\/sunoresearch","https:\/\/x.com\/sunoresearch","https:\/\/www.instagram.com\/suno","https:\/\/www.linkedin.com\/company\/suno-research\/","https:\/\/www.youtube.com\/c\/sunoresearch"]},{"@type":"Person","@id":"https:\/\/www.suno.com.br\/noticias\/#\/schema\/person\/3df0d2808748b74496efe5dbeaef2c72","name":"Laura Moutinho","image":{"@type":"ImageObject","inLanguage":"pt-BR","@id":"https:\/\/www.suno.com.br\/noticias\/#\/schema\/person\/image\/","url":"https:\/\/secure.gravatar.com\/avatar\/7571c7c8ca3a6fca5e41384ece5557ff?s=96&r=g","contentUrl":"https:\/\/secure.gravatar.com\/avatar\/7571c7c8ca3a6fca5e41384ece5557ff?s=96&r=g","caption":"Laura Moutinho"},"description":"Estagi\u00e1ria na Suno Not\u00edcias, escreve not\u00edcias que afetam o mercado financeiro. Estuda administra\u00e7\u00e3o na Universidade Presbiteriana Mackenzie.","url":"https:\/\/www.suno.com.br\/noticias\/author\/laura-moutinho\/"}]}},"default_loop_html":"<div class=\"cardsPage__listCard__boxs\"><div class=\"cardsPage__listCard__boxs__img\"><a href=\"https:\/\/www.suno.com.br\/noticias\/gol-goll4-demanda-voos-cresce-junho\/\"><img class=\"mask\" src=\"https:\/\/www.suno.com.br\/noticias\/wp-content\/themes\/suno\/resources\/images\/spotlight\/spotlight1img\/bg-mask.png\" alt=\"Image Mask\"\/><img src=\"https:\/\/files.sunoresearch.com.br\/n\/uploads\/2021\/03\/d5bed5f4-gol-6-400x200.webp\" alt=\"Gol (GOLL4): demanda para voos cresce 282% em junho\"\/><\/a><span class=\"spotlightCategory\"><a href=\"https:\/\/www.suno.com.br\/noticias\/negocios\/\">Neg\u00f3cios<\/a><\/span><\/div><div class=\"cardsPage__listCard__boxs__content\"><a href=\"https:\/\/www.suno.com.br\/noticias\/gol-goll4-demanda-voos-cresce-junho\/\"><h2 class=\"content__title\">Gol (GOLL4): demanda para voos cresce 282% em junho<\/h2><\/a><div class=\"newsContent__article__meta\"><div class=\"newsContent__article__meta__authorBox\"><a href=\"https:\/\/www.suno.com.br\/noticias\/author\/laura-moutinho\/\" class=\"authorBox__avatar noMobi\"><img src=\"https:\/\/files.sunoresearch.com.br\/n\/uploads\/2020\/08\/531ff69d-whatsapp-image-2020-08-03-at-14.54.38-150x150.webp\" alt=\"Laura Moutinho\"><\/a><div class=\"authorBox__name\"><span>por\n\t\t\t<a href=\"https:\/\/www.suno.com.br\/noticias\/author\/laura-moutinho\/\"><span itemprop=\"author\">Laura Moutinho<\/span><\/a><\/span><time datetime=\"2021-07-05T19:11:10-03:00\" itemprop=\"datePublished\">05\/07\/2021 19:11<\/time><\/div><\/div><\/div><\/div><\/div>","single_layout":"posts","amp_enabled":true,"_links":{"self":[{"href":"https:\/\/www.suno.com.br\/noticias\/wp-json\/wp\/v2\/posts\/163768"}],"collection":[{"href":"https:\/\/www.suno.com.br\/noticias\/wp-json\/wp\/v2\/posts"}],"about":[{"href":"https:\/\/www.suno.com.br\/noticias\/wp-json\/wp\/v2\/types\/post"}],"author":[{"embeddable":true,"href":"https:\/\/www.suno.com.br\/noticias\/wp-json\/wp\/v2\/users\/39"}],"replies":[{"embeddable":true,"href":"https:\/\/www.suno.com.br\/noticias\/wp-json\/wp\/v2\/comments?post=163768"}],"version-history":[{"count":2,"href":"https:\/\/www.suno.com.br\/noticias\/wp-json\/wp\/v2\/posts\/163768\/revisions"}],"predecessor-version":[{"id":163791,"href":"https:\/\/www.suno.com.br\/noticias\/wp-json\/wp\/v2\/posts\/163768\/revisions\/163791"}],"wp:featuredmedia":[{"embeddable":true,"href":"https:\/\/www.suno.com.br\/noticias\/wp-json\/wp\/v2\/media\/130274"}],"wp:attachment":[{"href":"https:\/\/www.suno.com.br\/noticias\/wp-json\/wp\/v2\/media?parent=163768"}],"wp:term":[{"taxonomy":"category","embeddable":true,"href":"https:\/\/www.suno.com.br\/noticias\/wp-json\/wp\/v2\/categories?post=163768"},{"taxonomy":"post_tag","embeddable":true,"href":"https:\/\/www.suno.com.br\/noticias\/wp-json\/wp\/v2\/tags?post=163768"},{"taxonomy":"suno_strategy","embeddable":true,"href":"https:\/\/www.suno.com.br\/noticias\/wp-json\/wp\/v2\/suno_strategy?post=163768"}],"curies":[{"name":"wp","href":"https:\/\/api.w.org\/{rel}","templated":true}]}}