{"id":163755,"date":"2021-07-05T18:45:32","date_gmt":"2021-07-05T21:45:32","guid":{"rendered":"https:\/\/www.suno.com.br\/noticias\/?p=163755"},"modified":"2021-07-05T19:30:41","modified_gmt":"2021-07-05T22:30:41","slug":"suposta-piramide-financeira-bw-e-alvo-de-protestos-no-rj","status":"publish","type":"post","link":"https:\/\/www.suno.com.br\/noticias\/suposta-piramide-financeira-bw-e-alvo-de-protestos-no-rj\/","title":{"rendered":"Suposta pir\u00e2mide financeira BW \u00e9 alvo de protestos no RJ"},"content":{"rendered":"<p>Um grupo de pessoas, encabe\u00e7ado por uma senhora empunhando um peda\u00e7o de madeira, protestou na sexta-feira (2) contra a <strong>BW<\/strong>, uma suposta <a class=\"suno-keyword\" href=\"https:\/\/www.suno.com.br\/artigos\/piramide-financeira\/\" target=\"_blank\" rel=\"noopener noreferrer\" data-force=\"no\" data-priority=\"1\">pir\u00e2mide financeira<\/a> de Cabo Frio.<\/p>\t<div class=\"wrapper-featured-image\">\n\t\t<figure class=\"spotlightImg\">\n\n\t\t\t<picture>\n\t\t\t\t<source media=\"(max-width: 768px)\" srcset=\"https:\/\/files.sunoresearch.com.br\/n\/uploads\/2021\/01\/192d497f-segun-bittax-una-reduccion-en-los-impuestos-de-bitcoin-no-ayudara-al-crecimiento-de-la-industria_easy-resize.com_-400x200.webp\">\n\t\t\t\t<img loading=\"lazy\" decoding=\"async\" class=\"newsContent__article__imgCapa lazyloadDisabled \" src=\"https:\/\/files.sunoresearch.com.br\/n\/uploads\/2021\/01\/192d497f-segun-bittax-una-reduccion-en-los-impuestos-de-bitcoin-no-ayudara-al-crecimiento-de-la-industria_easy-resize.com_-800x450.webp\" width=\"800\" height=\"450\" alt=\"Suposta pir\u00e2mide financeira BW \u00e9 alvo de protestos no RJ\" fetchpriority=high \/>\n\t\t\t<\/picture>\n\n\t\t\t<figcaption class=\"wp-caption-text wp-caption-text--show\">Analistas da FactSet esperavam preju\u00edzo maior por parte da Coinbase, dada a retra\u00e7\u00e3o do Bitcoin e outras criptomoedas<\/figcaption>\n\t\t<\/figure>\n\t<\/div>\n\n\n\t<p>\n\t\t<a href=\"https:\/\/lp.suno.com.br\/planilha-controle-gastos\/\" target=\"_blank\" data-element=\"shortcode-suno-banner\" title=\"Banner SUNO, clique e saiba mais\">\n\t\t\t<picture>\n\t\t\t\t<source media=\"(max-width: 500px)\" srcset=\"https:\/\/files.sunoresearch.com.br\/n\/uploads\/2023\/03\/400x300-Planilha-controle-de-gastos.png\">\n\t\t\t\t<img class=\"newsContent__article__imgCapa newsContent__article__imgCapa--banner\"\n\t\t\t\t\tsrc=\"https:\/\/files.sunoresearch.com.br\/n\/uploads\/2023\/03\/1420x240-Planilha-controle-de-gastos.png\"\n\t\t\t\t\tdata-promo-id=\"101751\"\t\t\t\t\t\t\t\t\t\twidth='1420' height='240'\t\t\t\t\talt=\"https:\/\/files.sunoresearch.com.br\/n\/uploads\/2023\/03\/1420x240-Planilha-controle-de-gastos.png\"\n\t\t\t\t>\n\t\t\t<\/picture>\n\t\t<\/a>\n\t<\/p>\n\n\n<p>De acordo com o <em>Cabo Frio em Foco<\/em>, houve uma agita\u00e7\u00e3o na suposta empresa de Bitcoins, sediada no bairro Jardim Esperan\u00e7a, contra o atraso nos pagamentos. A Pol\u00edcia Militar teria sido chamada \u00e0 sede da BW.<\/p>\n<div style=\"width: 344px;\" class=\"wp-video\"><!--[if lt IE 9]><script>document.createElement('video');<\/script><![endif]-->\n<video class=\"wp-video-shortcode\" id=\"video-163755-1\" width=\"344\" height=\"426\" preload=\"metadata\" controls=\"controls\"><source type=\"video\/mp4\" src=\"https:\/\/storage.googleapis.com\/wp-noticias\/2021\/07\/bc8ea54b-whatsapp-video-2021-07-05-at-5.26.17-pm.mp4?_=1\" \/><a href=\"https:\/\/storage.googleapis.com\/wp-noticias\/2021\/07\/bc8ea54b-whatsapp-video-2021-07-05-at-5.26.17-pm.mp4\">https:\/\/storage.googleapis.com\/wp-noticias\/2021\/07\/bc8ea54b-whatsapp-video-2021-07-05-at-5.26.17-pm.mp4<\/a><\/video><\/div>\n<p>&#8220;CONFUS\u00c3O EMPRESA DE BITICOINS EM CABO FRIO Na tarde desta segunda-feira (02) houve uma grande confus\u00e3o em uma empresa de Bitcoins no Bairro Jardim Esperan\u00e7a em Cabo Frio. H\u00e1 informa\u00e7\u00f5es de pessoas armadas no local e a Pol\u00edcia Militar foi chamada,&#8221; reportou o portal.<\/p>\n<p>Coment\u00e1rios na publica\u00e7\u00e3o do <em>Cabo Frio em Foco<\/em> no Facebook apontavam para uma promessa de rendimento de 30% ao m\u00eas.<\/p>\n<p>O <strong>SUNO Not\u00edcias <\/strong>tentou contato com a BW por email, por\u00e9m n\u00e3o recebeu resposta at\u00e9 o fechamento desta mat\u00e9ria. N\u00e3o foram identificadas redes sociais, tampouco o site oficial da companhia. A pesquisa no site Reclame Aqui n\u00e3o teve resultados<\/p>\n<h2>Grupo protesta contra BW<\/h2>\n<p>Em uma s\u00e9rie de v\u00eddeos, uma senhora com um peda\u00e7o de madeira em m\u00e3os protagoniza uma cena de queixa contra a empresa.<\/p>\n<p>Segundo as grava\u00e7\u00f5es, a BW n\u00e3o teria retornado o dinheiro aos clientes. As reclama\u00e7\u00f5es da senhora foram endossadas por pessoas n\u00e3o identificadas nas imagens.<\/p>\n\t<p>\n\t\t<a href=\"https:\/\/lp.suno.com.br\/planilha-da-vida-financeira\/\" target=\"_blank\" data-element=\"shortcode-suno-banner\" title=\"Banner SUNO, clique e saiba mais\">\n\t\t\t<picture>\n\t\t\t\t<source media=\"(max-width: 500px)\" srcset=\"https:\/\/files.sunoresearch.com.br\/n\/uploads\/2023\/04\/400x300-Planilha-vida-financeira-true.png\">\n\t\t\t\t<img class=\"newsContent__article__imgCapa newsContent__article__imgCapa--banner\"\n\t\t\t\t\tsrc=\"https:\/\/files.sunoresearch.com.br\/n\/uploads\/2023\/04\/1420x240-Planilha-vida-financeira-true.png\"\n\t\t\t\t\tdata-promo-id=\"106682\"\t\t\t\t\t\t\t\t\t\twidth='1420' height='240'\t\t\t\t\talt=\"https:\/\/files.sunoresearch.com.br\/n\/uploads\/2023\/04\/1420x240-Planilha-vida-financeira-true.png\"\n\t\t\t\t>\n\t\t\t<\/picture>\n\t\t<\/a>\n\t<\/p>\n\n\n<h2>SUNO lan\u00e7a Projeto de Lei contra as pir\u00e2mides financeiras<\/h2>\n<p>Em abril, o <strong>Grupo Suno<\/strong> lan\u00e7ou um Projeto de Lei de Iniciativa Popular (PL) para criminalizar as <strong>pir\u00e2mides financeiras<\/strong> no Brasil. O PL foi elaborado junto com o escrit\u00f3rio de advocacia de Goi\u00e2nia Pican\u00e7o e Associados.<\/p>\n<p>O autor da proposta \u00e9 o advogado Art\u00eamio Pican\u00e7o, especializado em criptomoedas e na luta contra as pir\u00e2mides financeiras, junto com o fundador da SUNO Research, <a href=\"https:\/\/www.suno.com.br\/autor\/tiago-reis\/\">Tiago Reis<\/a>, e o editor do SUNO Not\u00edcias, Carlo\u00a0Cauti.<\/p>\n<p>O objetivo do PL \u00e9 modificar o artigo 171-A do C\u00f3digo Penal, tipificando como crimes o &#8220;<a class=\"suno-keyword\" href=\"https:\/\/www.suno.com.br\/artigos\/esquema-ponzi\/\" target=\"_blank\" rel=\"noopener noreferrer\" data-force=\"no\" data-priority=\"1\">esquema Ponzi<\/a>&#8220;, popularmente conhecido como &#8220;pir\u00e2mide financeira&#8221;.<\/p>\n\t<p>\n\t\t<a href=\"https:\/\/lp.suno.com.br\/planilha-de-controle-de-investimentos\/\" target=\"_blank\" data-element=\"shortcode-suno-banner\" title=\"Banner SUNO, clique e saiba mais\">\n\t\t\t<picture>\n\t\t\t\t<source media=\"(max-width: 500px)\" srcset=\"https:\/\/files.sunoresearch.com.br\/n\/uploads\/2023\/03\/400x300-Controle-de-Investimentos.png\">\n\t\t\t\t<img class=\"newsContent__article__imgCapa newsContent__article__imgCapa--banner\"\n\t\t\t\t\tsrc=\"https:\/\/files.sunoresearch.com.br\/n\/uploads\/2023\/03\/1420x240-Controle-de-Investimentos.png\"\n\t\t\t\t\tdata-promo-id=\"75934\"\t\t\t\t\t\t\t\t\t\twidth='1420' height='240'\t\t\t\t\talt=\"https:\/\/files.sunoresearch.com.br\/n\/uploads\/2023\/03\/1420x240-Controle-de-Investimentos.png\"\n\t\t\t\t>\n\t\t\t<\/picture>\n\t\t<\/a>\n\t<\/p>\n\n\n","protected":false},"excerpt":{"rendered":"<p>Um grupo de pessoas, encabe\u00e7ado por uma senhora empunhando um peda\u00e7o de madeira, protestou na sexta-feira (2) contra a BW, uma suposta pir\u00e2mide financeira de Cabo Frio. Analistas da FactSet esperavam preju\u00edzo maior por parte da Coinbase, dada a retra\u00e7\u00e3o do Bitcoin e outras criptomoedas De acordo com o Cabo Frio em Foco, houve uma [&hellip;]<\/p>\n","protected":false},"author":35,"featured_media":111267,"comment_status":"closed","ping_status":"closed","sticky":false,"template":"","format":"standard","meta":[],"categories":[64],"tags":[692,1846],"suno_strategy":[],"class_list":["post-163755","post","type-post","status-publish","format-standard","has-post-thumbnail","hentry","category-negocios","tag-bitcoin","tag-piramides-financeiras"],"yoast_head":"<!-- This site is optimized with the Yoast SEO plugin v24.4 - https:\/\/yoast.com\/wordpress\/plugins\/seo\/ -->\n<title>Suposta pir\u00e2mide financeira BW \u00e9 alvo de protestos no RJ<\/title>\n<meta name=\"description\" content=\"Um grupo de pessoa protestou contra a BW, uma suposta pir\u00e2mide financeira de Cabo Frio. Clique aqui para saber mais sobre o caso.\" \/>\n<meta name=\"robots\" content=\"index, follow, max-snippet:-1, max-image-preview:large, max-video-preview:-1\" \/>\n<link rel=\"canonical\" href=\"https:\/\/www.suno.com.br\/noticias\/suposta-piramide-financeira-bw-e-alvo-de-protestos-no-rj\/\" \/>\n<meta property=\"og:locale\" content=\"pt_BR\" \/>\n<meta property=\"og:type\" content=\"article\" \/>\n<meta property=\"og:title\" content=\"Suposta pir\u00e2mide financeira BW \u00e9 alvo de protestos no RJ\" \/>\n<meta property=\"og:description\" content=\"Um grupo de pessoa protestou contra a BW, uma suposta pir\u00e2mide financeira de Cabo Frio. Clique aqui para saber mais sobre o caso.\" \/>\n<meta property=\"og:url\" content=\"https:\/\/www.suno.com.br\/noticias\/suposta-piramide-financeira-bw-e-alvo-de-protestos-no-rj\/\" \/>\n<meta property=\"og:site_name\" content=\"Suno Not\u00edcias\" \/>\n<meta property=\"article:publisher\" content=\"https:\/\/facebook.com\/sunoresearch\" \/>\n<meta property=\"og:image\" content=\"https:\/\/files.sunoresearch.com.br\/n\/uploads\/2021\/01\/192d497f-segun-bittax-una-reduccion-en-los-impuestos-de-bitcoin-no-ayudara-al-crecimiento-de-la-industria_easy-resize.com_.jpg\" \/>\n\t<meta property=\"og:image:width\" content=\"1280\" \/>\n\t<meta property=\"og:image:height\" content=\"850\" \/>\n\t<meta property=\"og:image:type\" content=\"image\/jpeg\" \/>\n<meta name=\"author\" content=\"Arthur Guimar\u00e3es\" \/>\n<meta name=\"twitter:card\" content=\"summary_large_image\" \/>\n<meta name=\"twitter:creator\" content=\"@sunoresearch\" \/>\n<meta name=\"twitter:site\" content=\"@sunoresearch\" \/>\n<meta name=\"twitter:label1\" content=\"Escrito por\" \/>\n\t<meta name=\"twitter:data1\" content=\"Arthur Guimar\u00e3es\" \/>\n\t<meta name=\"twitter:label2\" content=\"Est. tempo de leitura\" \/>\n\t<meta name=\"twitter:data2\" content=\"2 minutos\" \/>\n<script type=\"application\/ld+json\" class=\"yoast-schema-graph\">{\"@context\":\"https:\/\/schema.org\",\"@graph\":[{\"@type\":\"NewsArticle\",\"@id\":\"https:\/\/www.suno.com.br\/noticias\/suposta-piramide-financeira-bw-e-alvo-de-protestos-no-rj\/#article\",\"isPartOf\":{\"@id\":\"https:\/\/www.suno.com.br\/noticias\/suposta-piramide-financeira-bw-e-alvo-de-protestos-no-rj\/\"},\"author\":{\"name\":\"Arthur Guimar\u00e3es\",\"@id\":\"https:\/\/www.suno.com.br\/noticias\/#\/schema\/person\/053a750a709a263919a20f976caae91c\"},\"headline\":\"Suposta pir\u00e2mide financeira BW \u00e9 alvo de protestos no RJ\",\"datePublished\":\"2021-07-05T21:45:32+00:00\",\"dateModified\":\"2021-07-05T22:30:41+00:00\",\"mainEntityOfPage\":{\"@id\":\"https:\/\/www.suno.com.br\/noticias\/suposta-piramide-financeira-bw-e-alvo-de-protestos-no-rj\/\"},\"wordCount\":392,\"publisher\":{\"@id\":\"https:\/\/www.suno.com.br\/noticias\/#organization\"},\"image\":{\"@id\":\"https:\/\/www.suno.com.br\/noticias\/suposta-piramide-financeira-bw-e-alvo-de-protestos-no-rj\/#primaryimage\"},\"thumbnailUrl\":\"https:\/\/files.sunoresearch.com.br\/n\/uploads\/2021\/01\/192d497f-segun-bittax-una-reduccion-en-los-impuestos-de-bitcoin-no-ayudara-al-crecimiento-de-la-industria_easy-resize.com_-jpg.webp\",\"keywords\":[\"bitcoin\",\"Pir\u00e2mides Financeiras\"],\"articleSection\":[\"Neg\u00f3cios\"],\"inLanguage\":\"pt-BR\"},{\"@type\":\"WebPage\",\"@id\":\"https:\/\/www.suno.com.br\/noticias\/suposta-piramide-financeira-bw-e-alvo-de-protestos-no-rj\/\",\"url\":\"https:\/\/www.suno.com.br\/noticias\/suposta-piramide-financeira-bw-e-alvo-de-protestos-no-rj\/\",\"name\":\"Suposta pir\u00e2mide financeira BW \u00e9 alvo de protestos no RJ\",\"isPartOf\":{\"@id\":\"https:\/\/www.suno.com.br\/noticias\/#website\"},\"primaryImageOfPage\":{\"@id\":\"https:\/\/www.suno.com.br\/noticias\/suposta-piramide-financeira-bw-e-alvo-de-protestos-no-rj\/#primaryimage\"},\"image\":{\"@id\":\"https:\/\/www.suno.com.br\/noticias\/suposta-piramide-financeira-bw-e-alvo-de-protestos-no-rj\/#primaryimage\"},\"thumbnailUrl\":\"https:\/\/files.sunoresearch.com.br\/n\/uploads\/2021\/01\/192d497f-segun-bittax-una-reduccion-en-los-impuestos-de-bitcoin-no-ayudara-al-crecimiento-de-la-industria_easy-resize.com_-jpg.webp\",\"datePublished\":\"2021-07-05T21:45:32+00:00\",\"dateModified\":\"2021-07-05T22:30:41+00:00\",\"description\":\"Um grupo de pessoa protestou contra a BW, uma suposta pir\u00e2mide financeira de Cabo Frio. Clique aqui para saber mais sobre o caso.\",\"breadcrumb\":{\"@id\":\"https:\/\/www.suno.com.br\/noticias\/suposta-piramide-financeira-bw-e-alvo-de-protestos-no-rj\/#breadcrumb\"},\"inLanguage\":\"pt-BR\",\"potentialAction\":[{\"@type\":\"ReadAction\",\"target\":[\"https:\/\/www.suno.com.br\/noticias\/suposta-piramide-financeira-bw-e-alvo-de-protestos-no-rj\/\"]}]},{\"@type\":\"ImageObject\",\"inLanguage\":\"pt-BR\",\"@id\":\"https:\/\/www.suno.com.br\/noticias\/suposta-piramide-financeira-bw-e-alvo-de-protestos-no-rj\/#primaryimage\",\"url\":\"https:\/\/files.sunoresearch.com.br\/n\/uploads\/2021\/01\/192d497f-segun-bittax-una-reduccion-en-los-impuestos-de-bitcoin-no-ayudara-al-crecimiento-de-la-industria_easy-resize.com_-jpg.webp\",\"contentUrl\":\"https:\/\/files.sunoresearch.com.br\/n\/uploads\/2021\/01\/192d497f-segun-bittax-una-reduccion-en-los-impuestos-de-bitcoin-no-ayudara-al-crecimiento-de-la-industria_easy-resize.com_-jpg.webp\",\"width\":1280,\"height\":850,\"caption\":\"Analistas da FactSet esperavam preju\u00edzo maior por parte da Coinbase, dada a retra\u00e7\u00e3o do Bitcoin e outras criptomoedas\"},{\"@type\":\"BreadcrumbList\",\"@id\":\"https:\/\/www.suno.com.br\/noticias\/suposta-piramide-financeira-bw-e-alvo-de-protestos-no-rj\/#breadcrumb\",\"itemListElement\":[{\"@type\":\"ListItem\",\"position\":1,\"name\":\"Not\u00edcias\",\"item\":\"https:\/\/www.suno.com.br\/noticias\/\"},{\"@type\":\"ListItem\",\"position\":2,\"name\":\"Neg\u00f3cios\",\"item\":\"https:\/\/www.suno.com.br\/noticias\/negocios\/\"},{\"@type\":\"ListItem\",\"position\":3,\"name\":\"Suposta pir\u00e2mide financeira BW \u00e9 alvo de protestos no RJ\"}]},{\"@type\":\"WebSite\",\"@id\":\"https:\/\/www.suno.com.br\/noticias\/#website\",\"url\":\"https:\/\/www.suno.com.br\/noticias\/\",\"name\":\"Suno Not\u00edcias\",\"description\":\"Seu portal de informa\u00e7\u00e3o sobre o mundo dos investimentos\",\"publisher\":{\"@id\":\"https:\/\/www.suno.com.br\/noticias\/#organization\"},\"potentialAction\":[{\"@type\":\"SearchAction\",\"target\":{\"@type\":\"EntryPoint\",\"urlTemplate\":\"https:\/\/www.suno.com.br\/noticias\/?s={search_term_string}\"},\"query-input\":{\"@type\":\"PropertyValueSpecification\",\"valueRequired\":true,\"valueName\":\"search_term_string\"}}],\"inLanguage\":\"pt-BR\"},{\"@type\":\"Organization\",\"@id\":\"https:\/\/www.suno.com.br\/noticias\/#organization\",\"name\":\"Suno Not\u00edcias\",\"url\":\"https:\/\/www.suno.com.br\/noticias\/\",\"logo\":{\"@type\":\"ImageObject\",\"inLanguage\":\"pt-BR\",\"@id\":\"https:\/\/www.suno.com.br\/noticias\/#\/schema\/logo\/image\/\",\"url\":\"https:\/\/files.sunoresearch.com.br\/n\/uploads\/2021\/09\/suno-logo.png\",\"contentUrl\":\"https:\/\/files.sunoresearch.com.br\/n\/uploads\/2021\/09\/suno-logo.png\",\"width\":180,\"height\":180,\"caption\":\"Suno Not\u00edcias\"},\"image\":{\"@id\":\"https:\/\/www.suno.com.br\/noticias\/#\/schema\/logo\/image\/\"},\"sameAs\":[\"https:\/\/facebook.com\/sunoresearch\",\"https:\/\/x.com\/sunoresearch\",\"https:\/\/www.instagram.com\/suno\",\"https:\/\/www.linkedin.com\/company\/suno-research\/\",\"https:\/\/www.youtube.com\/c\/sunoresearch\"]},{\"@type\":\"Person\",\"@id\":\"https:\/\/www.suno.com.br\/noticias\/#\/schema\/person\/053a750a709a263919a20f976caae91c\",\"name\":\"Arthur Guimar\u00e3es\",\"image\":{\"@type\":\"ImageObject\",\"inLanguage\":\"pt-BR\",\"@id\":\"https:\/\/www.suno.com.br\/noticias\/#\/schema\/person\/image\/\",\"url\":\"https:\/\/secure.gravatar.com\/avatar\/1affd86a11209ae09eb6dd3bcad3e96c?s=96&r=g\",\"contentUrl\":\"https:\/\/secure.gravatar.com\/avatar\/1affd86a11209ae09eb6dd3bcad3e96c?s=96&r=g\",\"caption\":\"Arthur Guimar\u00e3es\"},\"description\":\"Arthur Guimar\u00e3es escreve sobre pol\u00edtica, economia e neg\u00f3cios para o portal de not\u00edcias da Suno Research. Atualmente, \u00e9 estudante de jornalismo pela Faculdade C\u00e1sper L\u00edbero.\",\"url\":\"https:\/\/www.suno.com.br\/noticias\/author\/arthur-guimaraes\/\"}]}<\/script>\n<!-- \/ Yoast SEO plugin. -->","yoast_head_json":{"title":"Suposta pir\u00e2mide financeira BW \u00e9 alvo de protestos no RJ","description":"Um grupo de pessoa protestou contra a BW, uma suposta pir\u00e2mide financeira de Cabo Frio. Clique aqui para saber mais sobre o caso.","robots":{"index":"index","follow":"follow","max-snippet":"max-snippet:-1","max-image-preview":"max-image-preview:large","max-video-preview":"max-video-preview:-1"},"canonical":"https:\/\/www.suno.com.br\/noticias\/suposta-piramide-financeira-bw-e-alvo-de-protestos-no-rj\/","og_locale":"pt_BR","og_type":"article","og_title":"Suposta pir\u00e2mide financeira BW \u00e9 alvo de protestos no RJ","og_description":"Um grupo de pessoa protestou contra a BW, uma suposta pir\u00e2mide financeira de Cabo Frio. Clique aqui para saber mais sobre o caso.","og_url":"https:\/\/www.suno.com.br\/noticias\/suposta-piramide-financeira-bw-e-alvo-de-protestos-no-rj\/","og_site_name":"Suno Not\u00edcias","article_publisher":"https:\/\/facebook.com\/sunoresearch","og_image":[{"width":1280,"height":850,"url":"https:\/\/files.sunoresearch.com.br\/n\/uploads\/2021\/01\/192d497f-segun-bittax-una-reduccion-en-los-impuestos-de-bitcoin-no-ayudara-al-crecimiento-de-la-industria_easy-resize.com_.jpg","type":"image\/jpeg"}],"author":"Arthur Guimar\u00e3es","twitter_card":"summary_large_image","twitter_creator":"@sunoresearch","twitter_site":"@sunoresearch","twitter_misc":{"Escrito por":"Arthur Guimar\u00e3es","Est. tempo de leitura":"2 minutos"},"schema":{"@context":"https:\/\/schema.org","@graph":[{"@type":"NewsArticle","@id":"https:\/\/www.suno.com.br\/noticias\/suposta-piramide-financeira-bw-e-alvo-de-protestos-no-rj\/#article","isPartOf":{"@id":"https:\/\/www.suno.com.br\/noticias\/suposta-piramide-financeira-bw-e-alvo-de-protestos-no-rj\/"},"author":{"name":"Arthur Guimar\u00e3es","@id":"https:\/\/www.suno.com.br\/noticias\/#\/schema\/person\/053a750a709a263919a20f976caae91c"},"headline":"Suposta pir\u00e2mide financeira BW \u00e9 alvo de protestos no RJ","datePublished":"2021-07-05T21:45:32+00:00","dateModified":"2021-07-05T22:30:41+00:00","mainEntityOfPage":{"@id":"https:\/\/www.suno.com.br\/noticias\/suposta-piramide-financeira-bw-e-alvo-de-protestos-no-rj\/"},"wordCount":392,"publisher":{"@id":"https:\/\/www.suno.com.br\/noticias\/#organization"},"image":{"@id":"https:\/\/www.suno.com.br\/noticias\/suposta-piramide-financeira-bw-e-alvo-de-protestos-no-rj\/#primaryimage"},"thumbnailUrl":"https:\/\/files.sunoresearch.com.br\/n\/uploads\/2021\/01\/192d497f-segun-bittax-una-reduccion-en-los-impuestos-de-bitcoin-no-ayudara-al-crecimiento-de-la-industria_easy-resize.com_-jpg.webp","keywords":["bitcoin","Pir\u00e2mides Financeiras"],"articleSection":["Neg\u00f3cios"],"inLanguage":"pt-BR"},{"@type":"WebPage","@id":"https:\/\/www.suno.com.br\/noticias\/suposta-piramide-financeira-bw-e-alvo-de-protestos-no-rj\/","url":"https:\/\/www.suno.com.br\/noticias\/suposta-piramide-financeira-bw-e-alvo-de-protestos-no-rj\/","name":"Suposta pir\u00e2mide financeira BW \u00e9 alvo de protestos no RJ","isPartOf":{"@id":"https:\/\/www.suno.com.br\/noticias\/#website"},"primaryImageOfPage":{"@id":"https:\/\/www.suno.com.br\/noticias\/suposta-piramide-financeira-bw-e-alvo-de-protestos-no-rj\/#primaryimage"},"image":{"@id":"https:\/\/www.suno.com.br\/noticias\/suposta-piramide-financeira-bw-e-alvo-de-protestos-no-rj\/#primaryimage"},"thumbnailUrl":"https:\/\/files.sunoresearch.com.br\/n\/uploads\/2021\/01\/192d497f-segun-bittax-una-reduccion-en-los-impuestos-de-bitcoin-no-ayudara-al-crecimiento-de-la-industria_easy-resize.com_-jpg.webp","datePublished":"2021-07-05T21:45:32+00:00","dateModified":"2021-07-05T22:30:41+00:00","description":"Um grupo de pessoa protestou contra a BW, uma suposta pir\u00e2mide financeira de Cabo Frio. Clique aqui para saber mais sobre o caso.","breadcrumb":{"@id":"https:\/\/www.suno.com.br\/noticias\/suposta-piramide-financeira-bw-e-alvo-de-protestos-no-rj\/#breadcrumb"},"inLanguage":"pt-BR","potentialAction":[{"@type":"ReadAction","target":["https:\/\/www.suno.com.br\/noticias\/suposta-piramide-financeira-bw-e-alvo-de-protestos-no-rj\/"]}]},{"@type":"ImageObject","inLanguage":"pt-BR","@id":"https:\/\/www.suno.com.br\/noticias\/suposta-piramide-financeira-bw-e-alvo-de-protestos-no-rj\/#primaryimage","url":"https:\/\/files.sunoresearch.com.br\/n\/uploads\/2021\/01\/192d497f-segun-bittax-una-reduccion-en-los-impuestos-de-bitcoin-no-ayudara-al-crecimiento-de-la-industria_easy-resize.com_-jpg.webp","contentUrl":"https:\/\/files.sunoresearch.com.br\/n\/uploads\/2021\/01\/192d497f-segun-bittax-una-reduccion-en-los-impuestos-de-bitcoin-no-ayudara-al-crecimiento-de-la-industria_easy-resize.com_-jpg.webp","width":1280,"height":850,"caption":"Analistas da FactSet esperavam preju\u00edzo maior por parte da Coinbase, dada a retra\u00e7\u00e3o do Bitcoin e outras criptomoedas"},{"@type":"BreadcrumbList","@id":"https:\/\/www.suno.com.br\/noticias\/suposta-piramide-financeira-bw-e-alvo-de-protestos-no-rj\/#breadcrumb","itemListElement":[{"@type":"ListItem","position":1,"name":"Not\u00edcias","item":"https:\/\/www.suno.com.br\/noticias\/"},{"@type":"ListItem","position":2,"name":"Neg\u00f3cios","item":"https:\/\/www.suno.com.br\/noticias\/negocios\/"},{"@type":"ListItem","position":3,"name":"Suposta pir\u00e2mide financeira BW \u00e9 alvo de protestos no RJ"}]},{"@type":"WebSite","@id":"https:\/\/www.suno.com.br\/noticias\/#website","url":"https:\/\/www.suno.com.br\/noticias\/","name":"Suno Not\u00edcias","description":"Seu portal de informa\u00e7\u00e3o sobre o mundo dos investimentos","publisher":{"@id":"https:\/\/www.suno.com.br\/noticias\/#organization"},"potentialAction":[{"@type":"SearchAction","target":{"@type":"EntryPoint","urlTemplate":"https:\/\/www.suno.com.br\/noticias\/?s={search_term_string}"},"query-input":{"@type":"PropertyValueSpecification","valueRequired":true,"valueName":"search_term_string"}}],"inLanguage":"pt-BR"},{"@type":"Organization","@id":"https:\/\/www.suno.com.br\/noticias\/#organization","name":"Suno Not\u00edcias","url":"https:\/\/www.suno.com.br\/noticias\/","logo":{"@type":"ImageObject","inLanguage":"pt-BR","@id":"https:\/\/www.suno.com.br\/noticias\/#\/schema\/logo\/image\/","url":"https:\/\/files.sunoresearch.com.br\/n\/uploads\/2021\/09\/suno-logo.png","contentUrl":"https:\/\/files.sunoresearch.com.br\/n\/uploads\/2021\/09\/suno-logo.png","width":180,"height":180,"caption":"Suno Not\u00edcias"},"image":{"@id":"https:\/\/www.suno.com.br\/noticias\/#\/schema\/logo\/image\/"},"sameAs":["https:\/\/facebook.com\/sunoresearch","https:\/\/x.com\/sunoresearch","https:\/\/www.instagram.com\/suno","https:\/\/www.linkedin.com\/company\/suno-research\/","https:\/\/www.youtube.com\/c\/sunoresearch"]},{"@type":"Person","@id":"https:\/\/www.suno.com.br\/noticias\/#\/schema\/person\/053a750a709a263919a20f976caae91c","name":"Arthur Guimar\u00e3es","image":{"@type":"ImageObject","inLanguage":"pt-BR","@id":"https:\/\/www.suno.com.br\/noticias\/#\/schema\/person\/image\/","url":"https:\/\/secure.gravatar.com\/avatar\/1affd86a11209ae09eb6dd3bcad3e96c?s=96&r=g","contentUrl":"https:\/\/secure.gravatar.com\/avatar\/1affd86a11209ae09eb6dd3bcad3e96c?s=96&r=g","caption":"Arthur Guimar\u00e3es"},"description":"Arthur Guimar\u00e3es escreve sobre pol\u00edtica, economia e neg\u00f3cios para o portal de not\u00edcias da Suno Research. Atualmente, \u00e9 estudante de jornalismo pela Faculdade C\u00e1sper L\u00edbero.","url":"https:\/\/www.suno.com.br\/noticias\/author\/arthur-guimaraes\/"}]}},"default_loop_html":"<div class=\"cardsPage__listCard__boxs\"><div class=\"cardsPage__listCard__boxs__img\"><a href=\"https:\/\/www.suno.com.br\/noticias\/suposta-piramide-financeira-bw-e-alvo-de-protestos-no-rj\/\"><img class=\"mask\" src=\"https:\/\/www.suno.com.br\/noticias\/wp-content\/themes\/suno\/resources\/images\/spotlight\/spotlight1img\/bg-mask.png\" alt=\"Image Mask\"\/><img src=\"https:\/\/files.sunoresearch.com.br\/n\/uploads\/2021\/01\/192d497f-segun-bittax-una-reduccion-en-los-impuestos-de-bitcoin-no-ayudara-al-crecimiento-de-la-industria_easy-resize.com_-400x200.webp\" alt=\"Suposta pir\u00e2mide financeira BW \u00e9 alvo de protestos no RJ\"\/><\/a><span class=\"spotlightCategory\"><a href=\"https:\/\/www.suno.com.br\/noticias\/negocios\/\">Neg\u00f3cios<\/a><\/span><\/div><div class=\"cardsPage__listCard__boxs__content\"><a href=\"https:\/\/www.suno.com.br\/noticias\/suposta-piramide-financeira-bw-e-alvo-de-protestos-no-rj\/\"><h2 class=\"content__title\">Suposta pir\u00e2mide financeira BW \u00e9 alvo de protestos no RJ<\/h2><\/a><div class=\"newsContent__article__meta\"><div class=\"newsContent__article__meta__authorBox\"><a href=\"https:\/\/www.suno.com.br\/noticias\/author\/arthur-guimaraes\/\" class=\"authorBox__avatar noMobi\"><img src=\"https:\/\/files.sunoresearch.com.br\/n\/uploads\/2020\/02\/dfb40897-eu-150x150.webp\" alt=\"Arthur Guimar\u00e3es\"><\/a><div class=\"authorBox__name\"><span>por\n\t\t\t<a href=\"https:\/\/www.suno.com.br\/noticias\/author\/arthur-guimaraes\/\"><span itemprop=\"author\">Arthur Guimar\u00e3es<\/span><\/a><\/span><time datetime=\"2021-07-05T18:45:32-03:00\" itemprop=\"datePublished\">05\/07\/2021 18:45<\/time><\/div><\/div><\/div><\/div><\/div>","single_layout":"posts","amp_enabled":true,"_links":{"self":[{"href":"https:\/\/www.suno.com.br\/noticias\/wp-json\/wp\/v2\/posts\/163755"}],"collection":[{"href":"https:\/\/www.suno.com.br\/noticias\/wp-json\/wp\/v2\/posts"}],"about":[{"href":"https:\/\/www.suno.com.br\/noticias\/wp-json\/wp\/v2\/types\/post"}],"author":[{"embeddable":true,"href":"https:\/\/www.suno.com.br\/noticias\/wp-json\/wp\/v2\/users\/35"}],"replies":[{"embeddable":true,"href":"https:\/\/www.suno.com.br\/noticias\/wp-json\/wp\/v2\/comments?post=163755"}],"version-history":[{"count":3,"href":"https:\/\/www.suno.com.br\/noticias\/wp-json\/wp\/v2\/posts\/163755\/revisions"}],"predecessor-version":[{"id":163801,"href":"https:\/\/www.suno.com.br\/noticias\/wp-json\/wp\/v2\/posts\/163755\/revisions\/163801"}],"wp:featuredmedia":[{"embeddable":true,"href":"https:\/\/www.suno.com.br\/noticias\/wp-json\/wp\/v2\/media\/111267"}],"wp:attachment":[{"href":"https:\/\/www.suno.com.br\/noticias\/wp-json\/wp\/v2\/media?parent=163755"}],"wp:term":[{"taxonomy":"category","embeddable":true,"href":"https:\/\/www.suno.com.br\/noticias\/wp-json\/wp\/v2\/categories?post=163755"},{"taxonomy":"post_tag","embeddable":true,"href":"https:\/\/www.suno.com.br\/noticias\/wp-json\/wp\/v2\/tags?post=163755"},{"taxonomy":"suno_strategy","embeddable":true,"href":"https:\/\/www.suno.com.br\/noticias\/wp-json\/wp\/v2\/suno_strategy?post=163755"}],"curies":[{"name":"wp","href":"https:\/\/api.w.org\/{rel}","templated":true}]}}