{"id":163678,"date":"2021-07-05T15:51:49","date_gmt":"2021-07-05T18:51:49","guid":{"rendered":"https:\/\/www.suno.com.br\/noticias\/?p=163678"},"modified":"2021-07-05T15:52:09","modified_gmt":"2021-07-05T18:52:09","slug":"oferta-petroleo-opep-cancela-reuniao","status":"publish","type":"post","link":"https:\/\/www.suno.com.br\/noticias\/oferta-petroleo-opep-cancela-reuniao\/","title":{"rendered":"Impasse sobre oferta de petr\u00f3leo faz Opep+ cancelar reuni\u00e3o"},"content":{"rendered":"<p>Em meio a um impasse sobre a oferta de <strong>petr\u00f3leo<\/strong> dos pr\u00f3ximos meses, a <a href=\"https:\/\/www.suno.com.br\/artigos\/opep\/\">Organiza\u00e7\u00e3o dos Pa\u00edses Exportadores de Petr\u00f3leo (Opep)<\/a> e aliados cancelaram a reuni\u00e3o ministerial do cartel pelo terceiro dia consecutivo.<\/p>\t<div class=\"wrapper-featured-image\">\n\t\t<figure class=\"spotlightImg\">\n\n\t\t\t<picture>\n\t\t\t\t<source media=\"(max-width: 768px)\" srcset=\"https:\/\/files.sunoresearch.com.br\/n\/uploads\/2021\/06\/00e7c4b2-pump-jack-848300_1920-400x200.webp\">\n\t\t\t\t<img loading=\"lazy\" decoding=\"async\" class=\"newsContent__article__imgCapa lazyloadDisabled \" src=\"https:\/\/files.sunoresearch.com.br\/n\/uploads\/2021\/06\/00e7c4b2-pump-jack-848300_1920-800x450.webp\" width=\"800\" height=\"450\" alt=\"Impasse sobre oferta de petr\u00f3leo faz Opep+ cancelar reuni\u00e3o\" fetchpriority=high \/>\n\t\t\t<\/picture>\n\n\t\t\t<figcaption class=\"wp-caption-text wp-caption-text--show\">Petr\u00f3leo. Foto: Pixabay<\/figcaption>\n\t\t<\/figure>\n\t<\/div>\n\n\n\t<p>\n\t\t<a href=\"https:\/\/lp.suno.com.br\/planilha-controle-gastos\/\" target=\"_blank\" data-element=\"shortcode-suno-banner\" title=\"Banner SUNO, clique e saiba mais\">\n\t\t\t<picture>\n\t\t\t\t<source media=\"(max-width: 500px)\" srcset=\"https:\/\/files.sunoresearch.com.br\/n\/uploads\/2023\/03\/400x300-Planilha-controle-de-gastos.png\">\n\t\t\t\t<img class=\"newsContent__article__imgCapa newsContent__article__imgCapa--banner\"\n\t\t\t\t\tsrc=\"https:\/\/files.sunoresearch.com.br\/n\/uploads\/2023\/03\/1420x240-Planilha-controle-de-gastos.png\"\n\t\t\t\t\tdata-promo-id=\"101751\"\t\t\t\t\t\t\t\t\t\twidth='1420' height='240'\t\t\t\t\talt=\"https:\/\/files.sunoresearch.com.br\/n\/uploads\/2023\/03\/1420x240-Planilha-controle-de-gastos.png\"\n\t\t\t\t>\n\t\t\t<\/picture>\n\t\t<\/a>\n\t<\/p>\n\n\n<p>Com a not\u00edcia, as cota\u00e7\u00f5es futuras do barril de petr\u00f3leo tipo Brent avan\u00e7am 1,3% na tarde desta segunda-feira (5), para US$ 77, j\u00e1 que a expectativa era de que a produ\u00e7\u00e3o fosse elevada daqui para frente.<\/p>\n<p>A decis\u00e3o foi confirmada por meio de um comunicado do secret\u00e1rio-geral do cartel, o nigeriano Mohammad Sanusi Barkindo, que n\u00e3o estabeleceu uma nova data para o encontro.<\/p>\n<p>Os pa\u00edses do cartel estavam reunidos desde a \u00faltima quinta-feira (1) para definir os pr\u00f3ximos passos da <strong>commodity <\/strong>no mercado. Nos \u00faltimos meses, uma recupera\u00e7\u00e3o da demanda, em meio ao avan\u00e7o da vacina\u00e7\u00e3o contra a covid-19 no mundo, levou a uma alta nos pre\u00e7os do barril.<\/p>\n\t<div data-element=\"shortcode-read-more\" class=\"knowMore\">\n\t\t\t\t<span class=\"knowMore__title\">Leia mais<\/span>\n\t\t\t\t<a class=\"knowMore__link\" href=\"https:\/\/www.suno.com.br\/noticias\/demanda-petroleo-pandemia-2022\/\">\n\t\t\tDemanda por petr\u00f3leo voltar\u00e1 a n\u00edveis pr\u00e9-pandemia no fim de 2022, diz AIE\t\t<\/a>\n\t<\/div>\n\n\n<p>Segundo a <i>Dow Jones Newswires<\/i>, contudo, os Emirados \u00c1rabes Unidos n\u00e3o concordaram com as propostas que foram feitas durante a reuni\u00e3o, sobretudo da <strong>Ar\u00e1bia Saudita<\/strong>, principal produtor do cartel, que gostaria de uma maior oferta no mercado internacional.<\/p>\n<h2>Opep quer voltar a abastecer o mercado com petr\u00f3leo<\/h2>\n<p>No ano passado, quando a pandemia come\u00e7ou a impactar a <strong>demanda por petr\u00f3leo<\/strong>, a Opep+ concordou em cortar sua produ\u00e7\u00e3o em cerca de 9,7 milh\u00f5es de barris por dia. Desde ent\u00e3o, o grupo vem aumentando gradualmente a <a href=\"https:\/\/www.suno.com.br\/artigos\/o-que-commodities\/\">oferta da commodity<\/a>.<\/p>\n<p>A proposta feita nesta reuni\u00e3o, e que n\u00e3o foi aceita pelos <strong>Emirados \u00c1rabes Unidos<\/strong>, previa um aumento da produ\u00e7\u00e3o em cerca de 400 mil barris por dia entre agosto e dezembro.<\/p>\n\t<p>\n\t\t<a href=\"https:\/\/lp.suno.com.br\/planilha-da-vida-financeira\/\" target=\"_blank\" data-element=\"shortcode-suno-banner\" title=\"Banner SUNO, clique e saiba mais\">\n\t\t\t<picture>\n\t\t\t\t<source media=\"(max-width: 500px)\" srcset=\"https:\/\/files.sunoresearch.com.br\/n\/uploads\/2023\/04\/400x300-Planilha-vida-financeira-true.png\">\n\t\t\t\t<img class=\"newsContent__article__imgCapa newsContent__article__imgCapa--banner\"\n\t\t\t\t\tsrc=\"https:\/\/files.sunoresearch.com.br\/n\/uploads\/2023\/04\/1420x240-Planilha-vida-financeira-true.png\"\n\t\t\t\t\tdata-promo-id=\"106682\"\t\t\t\t\t\t\t\t\t\twidth='1420' height='240'\t\t\t\t\talt=\"https:\/\/files.sunoresearch.com.br\/n\/uploads\/2023\/04\/1420x240-Planilha-vida-financeira-true.png\"\n\t\t\t\t>\n\t\t\t<\/picture>\n\t\t<\/a>\n\t<\/p>\n\n\n<p>De acordo com a <i>Dow Jones<\/i>, os Emirados \u00c1rabes querem ter direito a um aumento na pr\u00f3pria <a href=\"https:\/\/www.suno.com.br\/artigos\/cotacao-do-petroleo\/\">cota de produ\u00e7\u00e3o<\/a> dentro da estrutura mais ampla da Opep+.<\/p>\n<p>Com a reabertura das economias, principalmente no Hemisf\u00e9rio Norte, as proje\u00e7\u00f5es para a cota\u00e7\u00e3o do <strong>petr\u00f3leo<\/strong> dispararam nas \u00faltimas semanas. <a href=\"https:\/\/www.suno.com.br\/noticias\/projecoes-petroleo-recuperacao-economia-petrobras-petr4\/\">H\u00e1 quem diga que a mat\u00e9ria-prima ser\u00e1 cotada a US$ 100 em 2022<\/a>. Todavia, as estimativas carregam ressalvas.<\/p>\n<p><em>Com informa\u00e7\u00f5es do Estad\u00e3o Conte\u00fado.\u00a0<\/em><\/p>\n\t<p>\n\t\t<a href=\"https:\/\/lp.suno.com.br\/planilha-de-controle-de-investimentos\/\" target=\"_blank\" data-element=\"shortcode-suno-banner\" title=\"Banner SUNO, clique e saiba mais\">\n\t\t\t<picture>\n\t\t\t\t<source media=\"(max-width: 500px)\" srcset=\"https:\/\/files.sunoresearch.com.br\/n\/uploads\/2023\/03\/400x300-Controle-de-Investimentos.png\">\n\t\t\t\t<img class=\"newsContent__article__imgCapa newsContent__article__imgCapa--banner\"\n\t\t\t\t\tsrc=\"https:\/\/files.sunoresearch.com.br\/n\/uploads\/2023\/03\/1420x240-Controle-de-Investimentos.png\"\n\t\t\t\t\tdata-promo-id=\"75934\"\t\t\t\t\t\t\t\t\t\twidth='1420' height='240'\t\t\t\t\talt=\"https:\/\/files.sunoresearch.com.br\/n\/uploads\/2023\/03\/1420x240-Controle-de-Investimentos.png\"\n\t\t\t\t>\n\t\t\t<\/picture>\n\t\t<\/a>\n\t<\/p>\n\n\n","protected":false},"excerpt":{"rendered":"<p>Em meio a um impasse sobre a oferta de petr\u00f3leo dos pr\u00f3ximos meses, a Organiza\u00e7\u00e3o dos Pa\u00edses Exportadores de Petr\u00f3leo (Opep) e aliados cancelaram a reuni\u00e3o ministerial do cartel pelo terceiro dia consecutivo. Petr\u00f3leo. Foto: Pixabay Com a not\u00edcia, as cota\u00e7\u00f5es futuras do barril de petr\u00f3leo tipo Brent avan\u00e7am 1,3% na tarde desta segunda-feira (5), [&hellip;]<\/p>\n","protected":false},"author":24,"featured_media":156193,"comment_status":"closed","ping_status":"closed","sticky":false,"template":"","format":"standard","meta":[],"categories":[63],"tags":[960,94403,811,766],"suno_strategy":[],"class_list":["post-163678","post","type-post","status-publish","format-standard","has-post-thumbnail","hentry","category-internacional","tag-arabia-saudita","tag-commodities","tag-opep","tag-petroleo"],"yoast_head":"<!-- This site is optimized with the Yoast SEO plugin v24.4 - https:\/\/yoast.com\/wordpress\/plugins\/seo\/ -->\n<title>Impasse sobre oferta de petr\u00f3leo faz Opep+ cancelar reuni\u00e3o<\/title>\n<meta name=\"description\" content=\"Em meio a um impasse sobre a oferta de petr\u00f3leo dos pr\u00f3ximos meses, a Opep e aliados cancelaram a reuni\u00e3o desta segunda. Confira.\" \/>\n<meta name=\"robots\" content=\"index, follow, max-snippet:-1, max-image-preview:large, max-video-preview:-1\" \/>\n<link rel=\"canonical\" href=\"https:\/\/www.suno.com.br\/noticias\/oferta-petroleo-opep-cancela-reuniao\/\" \/>\n<meta property=\"og:locale\" content=\"pt_BR\" \/>\n<meta property=\"og:type\" content=\"article\" \/>\n<meta property=\"og:title\" content=\"Impasse sobre oferta de petr\u00f3leo faz Opep+ cancelar reuni\u00e3o\" \/>\n<meta property=\"og:description\" content=\"Em meio a um impasse sobre a oferta de petr\u00f3leo dos pr\u00f3ximos meses, a Opep e aliados cancelaram a reuni\u00e3o desta segunda. Confira.\" \/>\n<meta property=\"og:url\" content=\"https:\/\/www.suno.com.br\/noticias\/oferta-petroleo-opep-cancela-reuniao\/\" \/>\n<meta property=\"og:site_name\" content=\"Suno Not\u00edcias\" \/>\n<meta property=\"article:publisher\" content=\"https:\/\/facebook.com\/sunoresearch\" \/>\n<meta property=\"og:image\" content=\"https:\/\/files.sunoresearch.com.br\/n\/uploads\/2021\/06\/00e7c4b2-pump-jack-848300_1920.jpg\" \/>\n\t<meta property=\"og:image:width\" content=\"1920\" \/>\n\t<meta property=\"og:image:height\" content=\"1080\" \/>\n\t<meta property=\"og:image:type\" content=\"image\/jpeg\" \/>\n<meta name=\"author\" content=\"Jader Lazarini\" \/>\n<meta name=\"twitter:card\" content=\"summary_large_image\" \/>\n<meta name=\"twitter:creator\" content=\"@sunoresearch\" \/>\n<meta name=\"twitter:site\" content=\"@sunoresearch\" \/>\n<meta name=\"twitter:label1\" content=\"Escrito por\" \/>\n\t<meta name=\"twitter:data1\" content=\"Jader Lazarini\" \/>\n\t<meta name=\"twitter:label2\" content=\"Est. tempo de leitura\" \/>\n\t<meta name=\"twitter:data2\" content=\"2 minutos\" \/>\n<script type=\"application\/ld+json\" class=\"yoast-schema-graph\">{\"@context\":\"https:\/\/schema.org\",\"@graph\":[{\"@type\":\"NewsArticle\",\"@id\":\"https:\/\/www.suno.com.br\/noticias\/oferta-petroleo-opep-cancela-reuniao\/#article\",\"isPartOf\":{\"@id\":\"https:\/\/www.suno.com.br\/noticias\/oferta-petroleo-opep-cancela-reuniao\/\"},\"author\":{\"name\":\"Jader Lazarini\",\"@id\":\"https:\/\/www.suno.com.br\/noticias\/#\/schema\/person\/918d79de1f0281f01599b93f9ea6e23f\"},\"headline\":\"Impasse sobre oferta de petr\u00f3leo faz Opep+ cancelar reuni\u00e3o\",\"datePublished\":\"2021-07-05T18:51:49+00:00\",\"dateModified\":\"2021-07-05T18:52:09+00:00\",\"mainEntityOfPage\":{\"@id\":\"https:\/\/www.suno.com.br\/noticias\/oferta-petroleo-opep-cancela-reuniao\/\"},\"wordCount\":391,\"publisher\":{\"@id\":\"https:\/\/www.suno.com.br\/noticias\/#organization\"},\"image\":{\"@id\":\"https:\/\/www.suno.com.br\/noticias\/oferta-petroleo-opep-cancela-reuniao\/#primaryimage\"},\"thumbnailUrl\":\"https:\/\/files.sunoresearch.com.br\/n\/uploads\/2021\/06\/00e7c4b2-pump-jack-848300_1920-jpg.webp\",\"keywords\":[\"Ar\u00e1bia Saudita\",\"commodities\",\"OPEP\",\"Petr\u00f3leo\"],\"articleSection\":[\"Internacional\"],\"inLanguage\":\"pt-BR\"},{\"@type\":\"WebPage\",\"@id\":\"https:\/\/www.suno.com.br\/noticias\/oferta-petroleo-opep-cancela-reuniao\/\",\"url\":\"https:\/\/www.suno.com.br\/noticias\/oferta-petroleo-opep-cancela-reuniao\/\",\"name\":\"Impasse sobre oferta de petr\u00f3leo faz Opep+ cancelar reuni\u00e3o\",\"isPartOf\":{\"@id\":\"https:\/\/www.suno.com.br\/noticias\/#website\"},\"primaryImageOfPage\":{\"@id\":\"https:\/\/www.suno.com.br\/noticias\/oferta-petroleo-opep-cancela-reuniao\/#primaryimage\"},\"image\":{\"@id\":\"https:\/\/www.suno.com.br\/noticias\/oferta-petroleo-opep-cancela-reuniao\/#primaryimage\"},\"thumbnailUrl\":\"https:\/\/files.sunoresearch.com.br\/n\/uploads\/2021\/06\/00e7c4b2-pump-jack-848300_1920-jpg.webp\",\"datePublished\":\"2021-07-05T18:51:49+00:00\",\"dateModified\":\"2021-07-05T18:52:09+00:00\",\"description\":\"Em meio a um impasse sobre a oferta de petr\u00f3leo dos pr\u00f3ximos meses, a Opep e aliados cancelaram a reuni\u00e3o desta segunda. Confira.\",\"breadcrumb\":{\"@id\":\"https:\/\/www.suno.com.br\/noticias\/oferta-petroleo-opep-cancela-reuniao\/#breadcrumb\"},\"inLanguage\":\"pt-BR\",\"potentialAction\":[{\"@type\":\"ReadAction\",\"target\":[\"https:\/\/www.suno.com.br\/noticias\/oferta-petroleo-opep-cancela-reuniao\/\"]}]},{\"@type\":\"ImageObject\",\"inLanguage\":\"pt-BR\",\"@id\":\"https:\/\/www.suno.com.br\/noticias\/oferta-petroleo-opep-cancela-reuniao\/#primaryimage\",\"url\":\"https:\/\/files.sunoresearch.com.br\/n\/uploads\/2021\/06\/00e7c4b2-pump-jack-848300_1920-jpg.webp\",\"contentUrl\":\"https:\/\/files.sunoresearch.com.br\/n\/uploads\/2021\/06\/00e7c4b2-pump-jack-848300_1920-jpg.webp\",\"width\":1920,\"height\":1080,\"caption\":\"Petr\u00f3leo. Foto: Pixabay\"},{\"@type\":\"BreadcrumbList\",\"@id\":\"https:\/\/www.suno.com.br\/noticias\/oferta-petroleo-opep-cancela-reuniao\/#breadcrumb\",\"itemListElement\":[{\"@type\":\"ListItem\",\"position\":1,\"name\":\"Not\u00edcias\",\"item\":\"https:\/\/www.suno.com.br\/noticias\/\"},{\"@type\":\"ListItem\",\"position\":2,\"name\":\"Internacional\",\"item\":\"https:\/\/www.suno.com.br\/noticias\/internacional\/\"},{\"@type\":\"ListItem\",\"position\":3,\"name\":\"Impasse sobre oferta de petr\u00f3leo faz Opep+ cancelar reuni\u00e3o\"}]},{\"@type\":\"WebSite\",\"@id\":\"https:\/\/www.suno.com.br\/noticias\/#website\",\"url\":\"https:\/\/www.suno.com.br\/noticias\/\",\"name\":\"Suno Not\u00edcias\",\"description\":\"Seu portal de informa\u00e7\u00e3o sobre o mundo dos investimentos\",\"publisher\":{\"@id\":\"https:\/\/www.suno.com.br\/noticias\/#organization\"},\"potentialAction\":[{\"@type\":\"SearchAction\",\"target\":{\"@type\":\"EntryPoint\",\"urlTemplate\":\"https:\/\/www.suno.com.br\/noticias\/?s={search_term_string}\"},\"query-input\":{\"@type\":\"PropertyValueSpecification\",\"valueRequired\":true,\"valueName\":\"search_term_string\"}}],\"inLanguage\":\"pt-BR\"},{\"@type\":\"Organization\",\"@id\":\"https:\/\/www.suno.com.br\/noticias\/#organization\",\"name\":\"Suno Not\u00edcias\",\"url\":\"https:\/\/www.suno.com.br\/noticias\/\",\"logo\":{\"@type\":\"ImageObject\",\"inLanguage\":\"pt-BR\",\"@id\":\"https:\/\/www.suno.com.br\/noticias\/#\/schema\/logo\/image\/\",\"url\":\"https:\/\/files.sunoresearch.com.br\/n\/uploads\/2021\/09\/suno-logo.png\",\"contentUrl\":\"https:\/\/files.sunoresearch.com.br\/n\/uploads\/2021\/09\/suno-logo.png\",\"width\":180,\"height\":180,\"caption\":\"Suno Not\u00edcias\"},\"image\":{\"@id\":\"https:\/\/www.suno.com.br\/noticias\/#\/schema\/logo\/image\/\"},\"sameAs\":[\"https:\/\/facebook.com\/sunoresearch\",\"https:\/\/x.com\/sunoresearch\",\"https:\/\/www.instagram.com\/suno\",\"https:\/\/www.linkedin.com\/company\/suno-research\/\",\"https:\/\/www.youtube.com\/c\/sunoresearch\"]},{\"@type\":\"Person\",\"@id\":\"https:\/\/www.suno.com.br\/noticias\/#\/schema\/person\/918d79de1f0281f01599b93f9ea6e23f\",\"name\":\"Jader Lazarini\",\"image\":{\"@type\":\"ImageObject\",\"inLanguage\":\"pt-BR\",\"@id\":\"https:\/\/www.suno.com.br\/noticias\/#\/schema\/person\/image\/\",\"url\":\"https:\/\/secure.gravatar.com\/avatar\/3c1ad8caa51589841baeb923fcddea97?s=96&r=g\",\"contentUrl\":\"https:\/\/secure.gravatar.com\/avatar\/3c1ad8caa51589841baeb923fcddea97?s=96&r=g\",\"caption\":\"Jader Lazarini\"},\"description\":\"Jader Lazarini escreve sobre investimentos, finan\u00e7as, economia e neg\u00f3cios. \u00c9 bacharel em Rela\u00e7\u00f5es Internacionais e analista CNPI (2619).\",\"url\":\"https:\/\/www.suno.com.br\/noticias\/author\/jader-lazarini\/\"}]}<\/script>\n<!-- \/ Yoast SEO plugin. -->","yoast_head_json":{"title":"Impasse sobre oferta de petr\u00f3leo faz Opep+ cancelar reuni\u00e3o","description":"Em meio a um impasse sobre a oferta de petr\u00f3leo dos pr\u00f3ximos meses, a Opep e aliados cancelaram a reuni\u00e3o desta segunda. Confira.","robots":{"index":"index","follow":"follow","max-snippet":"max-snippet:-1","max-image-preview":"max-image-preview:large","max-video-preview":"max-video-preview:-1"},"canonical":"https:\/\/www.suno.com.br\/noticias\/oferta-petroleo-opep-cancela-reuniao\/","og_locale":"pt_BR","og_type":"article","og_title":"Impasse sobre oferta de petr\u00f3leo faz Opep+ cancelar reuni\u00e3o","og_description":"Em meio a um impasse sobre a oferta de petr\u00f3leo dos pr\u00f3ximos meses, a Opep e aliados cancelaram a reuni\u00e3o desta segunda. Confira.","og_url":"https:\/\/www.suno.com.br\/noticias\/oferta-petroleo-opep-cancela-reuniao\/","og_site_name":"Suno Not\u00edcias","article_publisher":"https:\/\/facebook.com\/sunoresearch","og_image":[{"width":1920,"height":1080,"url":"https:\/\/files.sunoresearch.com.br\/n\/uploads\/2021\/06\/00e7c4b2-pump-jack-848300_1920.jpg","type":"image\/jpeg"}],"author":"Jader Lazarini","twitter_card":"summary_large_image","twitter_creator":"@sunoresearch","twitter_site":"@sunoresearch","twitter_misc":{"Escrito por":"Jader Lazarini","Est. tempo de leitura":"2 minutos"},"schema":{"@context":"https:\/\/schema.org","@graph":[{"@type":"NewsArticle","@id":"https:\/\/www.suno.com.br\/noticias\/oferta-petroleo-opep-cancela-reuniao\/#article","isPartOf":{"@id":"https:\/\/www.suno.com.br\/noticias\/oferta-petroleo-opep-cancela-reuniao\/"},"author":{"name":"Jader Lazarini","@id":"https:\/\/www.suno.com.br\/noticias\/#\/schema\/person\/918d79de1f0281f01599b93f9ea6e23f"},"headline":"Impasse sobre oferta de petr\u00f3leo faz Opep+ cancelar reuni\u00e3o","datePublished":"2021-07-05T18:51:49+00:00","dateModified":"2021-07-05T18:52:09+00:00","mainEntityOfPage":{"@id":"https:\/\/www.suno.com.br\/noticias\/oferta-petroleo-opep-cancela-reuniao\/"},"wordCount":391,"publisher":{"@id":"https:\/\/www.suno.com.br\/noticias\/#organization"},"image":{"@id":"https:\/\/www.suno.com.br\/noticias\/oferta-petroleo-opep-cancela-reuniao\/#primaryimage"},"thumbnailUrl":"https:\/\/files.sunoresearch.com.br\/n\/uploads\/2021\/06\/00e7c4b2-pump-jack-848300_1920-jpg.webp","keywords":["Ar\u00e1bia Saudita","commodities","OPEP","Petr\u00f3leo"],"articleSection":["Internacional"],"inLanguage":"pt-BR"},{"@type":"WebPage","@id":"https:\/\/www.suno.com.br\/noticias\/oferta-petroleo-opep-cancela-reuniao\/","url":"https:\/\/www.suno.com.br\/noticias\/oferta-petroleo-opep-cancela-reuniao\/","name":"Impasse sobre oferta de petr\u00f3leo faz Opep+ cancelar reuni\u00e3o","isPartOf":{"@id":"https:\/\/www.suno.com.br\/noticias\/#website"},"primaryImageOfPage":{"@id":"https:\/\/www.suno.com.br\/noticias\/oferta-petroleo-opep-cancela-reuniao\/#primaryimage"},"image":{"@id":"https:\/\/www.suno.com.br\/noticias\/oferta-petroleo-opep-cancela-reuniao\/#primaryimage"},"thumbnailUrl":"https:\/\/files.sunoresearch.com.br\/n\/uploads\/2021\/06\/00e7c4b2-pump-jack-848300_1920-jpg.webp","datePublished":"2021-07-05T18:51:49+00:00","dateModified":"2021-07-05T18:52:09+00:00","description":"Em meio a um impasse sobre a oferta de petr\u00f3leo dos pr\u00f3ximos meses, a Opep e aliados cancelaram a reuni\u00e3o desta segunda. Confira.","breadcrumb":{"@id":"https:\/\/www.suno.com.br\/noticias\/oferta-petroleo-opep-cancela-reuniao\/#breadcrumb"},"inLanguage":"pt-BR","potentialAction":[{"@type":"ReadAction","target":["https:\/\/www.suno.com.br\/noticias\/oferta-petroleo-opep-cancela-reuniao\/"]}]},{"@type":"ImageObject","inLanguage":"pt-BR","@id":"https:\/\/www.suno.com.br\/noticias\/oferta-petroleo-opep-cancela-reuniao\/#primaryimage","url":"https:\/\/files.sunoresearch.com.br\/n\/uploads\/2021\/06\/00e7c4b2-pump-jack-848300_1920-jpg.webp","contentUrl":"https:\/\/files.sunoresearch.com.br\/n\/uploads\/2021\/06\/00e7c4b2-pump-jack-848300_1920-jpg.webp","width":1920,"height":1080,"caption":"Petr\u00f3leo. Foto: Pixabay"},{"@type":"BreadcrumbList","@id":"https:\/\/www.suno.com.br\/noticias\/oferta-petroleo-opep-cancela-reuniao\/#breadcrumb","itemListElement":[{"@type":"ListItem","position":1,"name":"Not\u00edcias","item":"https:\/\/www.suno.com.br\/noticias\/"},{"@type":"ListItem","position":2,"name":"Internacional","item":"https:\/\/www.suno.com.br\/noticias\/internacional\/"},{"@type":"ListItem","position":3,"name":"Impasse sobre oferta de petr\u00f3leo faz Opep+ cancelar reuni\u00e3o"}]},{"@type":"WebSite","@id":"https:\/\/www.suno.com.br\/noticias\/#website","url":"https:\/\/www.suno.com.br\/noticias\/","name":"Suno Not\u00edcias","description":"Seu portal de informa\u00e7\u00e3o sobre o mundo dos investimentos","publisher":{"@id":"https:\/\/www.suno.com.br\/noticias\/#organization"},"potentialAction":[{"@type":"SearchAction","target":{"@type":"EntryPoint","urlTemplate":"https:\/\/www.suno.com.br\/noticias\/?s={search_term_string}"},"query-input":{"@type":"PropertyValueSpecification","valueRequired":true,"valueName":"search_term_string"}}],"inLanguage":"pt-BR"},{"@type":"Organization","@id":"https:\/\/www.suno.com.br\/noticias\/#organization","name":"Suno Not\u00edcias","url":"https:\/\/www.suno.com.br\/noticias\/","logo":{"@type":"ImageObject","inLanguage":"pt-BR","@id":"https:\/\/www.suno.com.br\/noticias\/#\/schema\/logo\/image\/","url":"https:\/\/files.sunoresearch.com.br\/n\/uploads\/2021\/09\/suno-logo.png","contentUrl":"https:\/\/files.sunoresearch.com.br\/n\/uploads\/2021\/09\/suno-logo.png","width":180,"height":180,"caption":"Suno Not\u00edcias"},"image":{"@id":"https:\/\/www.suno.com.br\/noticias\/#\/schema\/logo\/image\/"},"sameAs":["https:\/\/facebook.com\/sunoresearch","https:\/\/x.com\/sunoresearch","https:\/\/www.instagram.com\/suno","https:\/\/www.linkedin.com\/company\/suno-research\/","https:\/\/www.youtube.com\/c\/sunoresearch"]},{"@type":"Person","@id":"https:\/\/www.suno.com.br\/noticias\/#\/schema\/person\/918d79de1f0281f01599b93f9ea6e23f","name":"Jader Lazarini","image":{"@type":"ImageObject","inLanguage":"pt-BR","@id":"https:\/\/www.suno.com.br\/noticias\/#\/schema\/person\/image\/","url":"https:\/\/secure.gravatar.com\/avatar\/3c1ad8caa51589841baeb923fcddea97?s=96&r=g","contentUrl":"https:\/\/secure.gravatar.com\/avatar\/3c1ad8caa51589841baeb923fcddea97?s=96&r=g","caption":"Jader Lazarini"},"description":"Jader Lazarini escreve sobre investimentos, finan\u00e7as, economia e neg\u00f3cios. \u00c9 bacharel em Rela\u00e7\u00f5es Internacionais e analista CNPI (2619).","url":"https:\/\/www.suno.com.br\/noticias\/author\/jader-lazarini\/"}]}},"default_loop_html":"<div class=\"cardsPage__listCard__boxs\"><div class=\"cardsPage__listCard__boxs__img\"><a href=\"https:\/\/www.suno.com.br\/noticias\/oferta-petroleo-opep-cancela-reuniao\/\"><img class=\"mask\" src=\"https:\/\/www.suno.com.br\/noticias\/wp-content\/themes\/suno\/resources\/images\/spotlight\/spotlight1img\/bg-mask.png\" alt=\"Image Mask\"\/><img src=\"https:\/\/files.sunoresearch.com.br\/n\/uploads\/2021\/06\/00e7c4b2-pump-jack-848300_1920-400x200.webp\" alt=\"Impasse sobre oferta de petr\u00f3leo faz Opep+ cancelar reuni\u00e3o\"\/><\/a><span class=\"spotlightCategory\"><a href=\"https:\/\/www.suno.com.br\/noticias\/internacional\/\">Internacional<\/a><\/span><\/div><div class=\"cardsPage__listCard__boxs__content\"><a href=\"https:\/\/www.suno.com.br\/noticias\/oferta-petroleo-opep-cancela-reuniao\/\"><h2 class=\"content__title\">Impasse sobre oferta de petr\u00f3leo faz Opep+ cancelar reuni\u00e3o<\/h2><\/a><div class=\"newsContent__article__meta\"><div class=\"newsContent__article__meta__authorBox\"><a href=\"https:\/\/www.suno.com.br\/noticias\/author\/jader-lazarini\/\" class=\"authorBox__avatar noMobi\"><img src=\"https:\/\/files.sunoresearch.com.br\/n\/uploads\/2021\/01\/178e6598-foto-perfil-2-150x150.jpg\" alt=\"Jader Lazarini\"><\/a><div class=\"authorBox__name\"><span>por\n\t\t\t<a href=\"https:\/\/www.suno.com.br\/noticias\/author\/jader-lazarini\/\"><span itemprop=\"author\">Jader Lazarini<\/span><\/a><\/span><time datetime=\"2021-07-05T15:51:49-03:00\" itemprop=\"datePublished\">05\/07\/2021 15:51<\/time><\/div><\/div><\/div><\/div><\/div>","single_layout":"posts","amp_enabled":true,"_links":{"self":[{"href":"https:\/\/www.suno.com.br\/noticias\/wp-json\/wp\/v2\/posts\/163678"}],"collection":[{"href":"https:\/\/www.suno.com.br\/noticias\/wp-json\/wp\/v2\/posts"}],"about":[{"href":"https:\/\/www.suno.com.br\/noticias\/wp-json\/wp\/v2\/types\/post"}],"author":[{"embeddable":true,"href":"https:\/\/www.suno.com.br\/noticias\/wp-json\/wp\/v2\/users\/24"}],"replies":[{"embeddable":true,"href":"https:\/\/www.suno.com.br\/noticias\/wp-json\/wp\/v2\/comments?post=163678"}],"version-history":[{"count":3,"href":"https:\/\/www.suno.com.br\/noticias\/wp-json\/wp\/v2\/posts\/163678\/revisions"}],"predecessor-version":[{"id":163696,"href":"https:\/\/www.suno.com.br\/noticias\/wp-json\/wp\/v2\/posts\/163678\/revisions\/163696"}],"wp:featuredmedia":[{"embeddable":true,"href":"https:\/\/www.suno.com.br\/noticias\/wp-json\/wp\/v2\/media\/156193"}],"wp:attachment":[{"href":"https:\/\/www.suno.com.br\/noticias\/wp-json\/wp\/v2\/media?parent=163678"}],"wp:term":[{"taxonomy":"category","embeddable":true,"href":"https:\/\/www.suno.com.br\/noticias\/wp-json\/wp\/v2\/categories?post=163678"},{"taxonomy":"post_tag","embeddable":true,"href":"https:\/\/www.suno.com.br\/noticias\/wp-json\/wp\/v2\/tags?post=163678"},{"taxonomy":"suno_strategy","embeddable":true,"href":"https:\/\/www.suno.com.br\/noticias\/wp-json\/wp\/v2\/suno_strategy?post=163678"}],"curies":[{"name":"wp","href":"https:\/\/api.w.org\/{rel}","templated":true}]}}