{"id":163644,"date":"2021-07-05T17:04:44","date_gmt":"2021-07-05T20:04:44","guid":{"rendered":"https:\/\/www.suno.com.br\/noticias\/?p=163644"},"modified":"2021-07-05T17:04:44","modified_gmt":"2021-07-05T20:04:44","slug":"retomada-desigual-e-divida-de-emergentes-podem-causar-instabilidade-global-diz-fmi","status":"publish","type":"post","link":"https:\/\/www.suno.com.br\/noticias\/retomada-desigual-e-divida-de-emergentes-podem-causar-instabilidade-global-diz-fmi\/","title":{"rendered":"Retomada desigual e d\u00edvida de emergentes podem causar instabilidade global, diz FMI"},"content":{"rendered":"<p>Diretora-gerente do <a class=\"suno-keyword\" href=\"https:\/\/www.suno.com.br\/artigos\/fmi\/\" target=\"_blank\" rel=\"noopener noreferrer\" data-force=\"no\" data-priority=\"2\">Fundo Monet\u00e1rio Internacional (<strong>FMI<\/strong>)<\/a>, Kristalina Georgieva chamou aten\u00e7\u00e3o para &#8220;perigosas distor\u00e7\u00f5es&#8221; provocadas pela recupera\u00e7\u00e3o desigual da pandemia de covid-19 entre pa\u00edses desenvolvidos e subdesenvolvidos, que t\u00eam potencial para provocar instabilidade econ\u00f4mica e financeira global, durante evento do F\u00f3rum da Paz de Paris nesta segunda-feira (5).<\/p>\t<div class=\"wrapper-featured-image\">\n\t\t<figure class=\"spotlightImg\">\n\n\t\t\t<picture>\n\t\t\t\t<source media=\"(max-width: 768px)\" srcset=\"https:\/\/files.sunoresearch.com.br\/n\/uploads\/2021\/07\/4782a225-153143811_3807868322626491_8681476797028540526_n-400x200.jpg\">\n\t\t\t\t<img loading=\"lazy\" decoding=\"async\" class=\"newsContent__article__imgCapa lazyloadDisabled \" src=\"https:\/\/files.sunoresearch.com.br\/n\/uploads\/2021\/07\/4782a225-153143811_3807868322626491_8681476797028540526_n-800x450.jpg\" width=\"800\" height=\"450\" alt=\"Retomada desigual e d\u00edvida de emergentes podem causar instabilidade global, diz FMI\" fetchpriority=high \/>\n\t\t\t<\/picture>\n\n\t\t\t<figcaption class=\"wp-caption-text wp-caption-text--show\">Kristalina Georgieva. Foto: Reprodu\u00e7\u00e3o Facebook<\/figcaption>\n\t\t<\/figure>\n\t<\/div>\n\n\n\t<p>\n\t\t<a href=\"https:\/\/lp.suno.com.br\/planilha-controle-gastos\/\" target=\"_blank\" data-element=\"shortcode-suno-banner\" title=\"Banner SUNO, clique e saiba mais\">\n\t\t\t<picture>\n\t\t\t\t<source media=\"(max-width: 500px)\" srcset=\"https:\/\/files.sunoresearch.com.br\/n\/uploads\/2023\/03\/400x300-Planilha-controle-de-gastos.png\">\n\t\t\t\t<img class=\"newsContent__article__imgCapa newsContent__article__imgCapa--banner\"\n\t\t\t\t\tsrc=\"https:\/\/files.sunoresearch.com.br\/n\/uploads\/2023\/03\/1420x240-Planilha-controle-de-gastos.png\"\n\t\t\t\t\tdata-promo-id=\"101751\"\t\t\t\t\t\t\t\t\t\twidth='1420' height='240'\t\t\t\t\talt=\"https:\/\/files.sunoresearch.com.br\/n\/uploads\/2023\/03\/1420x240-Planilha-controle-de-gastos.png\"\n\t\t\t\t>\n\t\t\t<\/picture>\n\t\t<\/a>\n\t<\/p>\n\n\n<p>De acordo com ela, um cen\u00e1rio em que as na\u00e7\u00f5es mais ricas saem da crise sanit\u00e1ria com recupera\u00e7\u00e3o sem precedentes e amplo espa\u00e7o fiscal e monet\u00e1rio, enquanto o mundo emergente segue pressionado pela pandemia e com alto n\u00edveis de d\u00edvida, amea\u00e7a a &#8220;coer\u00eancia do crescimento&#8221; e a estabilidade e seguran\u00e7a global. Georgieva alertou para a eventual dificuldade para o <a class=\"suno-keyword\" href=\"https:\/\/www.suno.com.br\/artigos\/servico-da-divida\/\" target=\"_blank\" rel=\"noopener noreferrer\" data-force=\"no\" data-priority=\"1\">servi\u00e7o da d\u00edvida<\/a> em d\u00f3lar de pa\u00edses mais pobres, uma vez que o Federal Reserve (<strong>Fed<\/strong>) eleve as taxas de juros nos Estados Unidos.<\/p>\n<p>A diretora do FMI credita a recupera\u00e7\u00e3o desigual \u00e0 lenta vacina\u00e7\u00e3o contra a covid-19 em na\u00e7\u00f5es subdesenvolvidas. Diretora-geral da <a class=\"suno-keyword\" href=\"https:\/\/www.suno.com.br\/artigos\/omc-organizacao-mundial-do-comercio\/\" target=\"_blank\" rel=\"noopener noreferrer\" data-force=\"no\" data-priority=\"1\">Organiza\u00e7\u00e3o Mundial do Com\u00e9rcio<\/a> (<strong>OMC<\/strong>), Ngozi Okonjo-Iweala, que tamb\u00e9m participou do evento, afirmou que apenas 0,2% das 1,1 bilh\u00e3o de doses de imunizantes administradas em junho em todo o mundo foram em pa\u00edses de baixa renda.<\/p>\n\t<p>\n\t\t<a href=\"\" target=\"_blank\" data-element=\"shortcode-suno-banner\" title=\"Banner SUNO, clique e saiba mais\">\n\t\t\t<picture>\n\t\t\t\t<source media=\"(max-width: 500px)\" srcset=\"\">\n\t\t\t\t<img class=\"newsContent__article__imgCapa newsContent__article__imgCapa--banner\"\n\t\t\t\t\tsrc=\"\"\n\t\t\t\t\tdata-promo-id=\"77030\"\t\t\t\t\t\t\t\t\t\t\t\t\t\t\talt=\"\"\n\t\t\t\t>\n\t\t\t<\/picture>\n\t\t<\/a>\n\t<\/p>\n\n\n<p>&#8220;Precisamos que o Grupo dos 20 (G-20) doe mais 2 ou 3 bilh\u00f5es de doses \u00e0 iniciativa Covax&#8221;, disse Ngozi, acrescentando que a ferramenta, da Organiza\u00e7\u00e3o Mundial da Sa\u00fade (<strong>OMS<\/strong>), \u00e9 mais apropriada para garantir a distribui\u00e7\u00e3o equitativa dos produtos em compara\u00e7\u00e3o \u00e0 acordos bilaterais.<\/p>\n<p>Segundo ela, para atingir o objetivo de vacinar pelo menos 40% da popula\u00e7\u00e3o mundial at\u00e9 o fim de 2021, ser\u00e1 necess\u00e1rio tamb\u00e9m aumentar a produ\u00e7\u00e3o dos imunizantes. Para isso, Ngozi defendeu que as cadeias de suprimento das mat\u00e9rias-primas das vacinas sejam movidas para regi\u00f5es com concentra\u00e7\u00e3o de na\u00e7\u00f5es de baixa renda. Ela argumentou tamb\u00e9m pela retirada de medidas de restri\u00e7\u00e3o ao <a class=\"suno-keyword\" href=\"https:\/\/www.suno.com.br\/artigos\/comercio-internacional\/\" target=\"_blank\" rel=\"noopener noreferrer\" data-force=\"no\" data-priority=\"1\">com\u00e9rcio internacional<\/a>.<\/p>\n<h2>Pa\u00edses ricos fornecem 28% do PIB em apoio na covid, diz FMI<\/h2>\n<p>Ontem, Georgieva afirmou que pa\u00edses ricos prover\u00e3o o equivalente a 28% do <a href=\"https:\/\/www.suno.com.br\/artigos\/politica-fiscal\/\">PIB em fiscal monet\u00e1rio<\/a> para lidar com os efeitos da pandemia da covid-19, enquanto pa\u00edses pobres dar\u00e3o apoio equivalente a 2% de seus PIBs, j\u00e1 menores.<\/p>\n<p>&#8220;Se voc\u00ea est\u00e1 em um pa\u00eds com forte capacidade de apoiar seus neg\u00f3cios e pessoas, voc\u00ea \u00e9 mais suscet\u00edvel a passar por ela (pela pandemia)&#8221;, disse.<\/p>\n\t<p>\n\t\t<a href=\"\" target=\"_blank\" data-element=\"shortcode-suno-banner\" title=\"Banner SUNO, clique e saiba mais\">\n\t\t\t<picture>\n\t\t\t\t<source media=\"(max-width: 500px)\" srcset=\"\">\n\t\t\t\t<img class=\"newsContent__article__imgCapa newsContent__article__imgCapa--banner\"\n\t\t\t\t\tsrc=\"\"\n\t\t\t\t\tdata-promo-id=\"92668\"\t\t\t\t\t\t\t\t\t\t\t\t\t\t\talt=\"\"\n\t\t\t\t>\n\t\t\t<\/picture>\n\t\t<\/a>\n\t<\/p>\n\n\n<p>Destacou a import\u00e2ncia de se saber &#8220;como cobrar impostos&#8221; e tamb\u00e9m usar esse dinheiro para garantir sociedades mais igualit\u00e1rias.<\/p>\n<p>Ela comentou que, mesmo antes da pandemia, a desigualdade j\u00e1 estava em aumento no mundo, processo exacerbado com a crise de sa\u00fade.<\/p>\n<p>Georgieva lembrou do peso desigual dos impactos da pandemia em alguns grupos, como os mais pobres, inclusive as na\u00e7\u00f5es menos favorecidas, e tamb\u00e9m as mulheres.<\/p>\n<p>A diretora-gerente do <strong>FMI<\/strong> ressaltou, nesse contexto, que a inclus\u00e3o \u00e9 &#8220;um imperativo moral&#8221;, mas tamb\u00e9m &#8220;um imperativo econ\u00f4mico&#8221;.<\/p>\n<p><em>(Com Estad\u00e3o Conte\u00fado)<\/em><\/p>\n\t<p>\n\t\t<a href=\"https:\/\/lp.suno.com.br\/planilha-de-controle-de-investimentos\/\" target=\"_blank\" data-element=\"shortcode-suno-banner\" title=\"Banner SUNO, clique e saiba mais\">\n\t\t\t<picture>\n\t\t\t\t<source media=\"(max-width: 500px)\" srcset=\"https:\/\/files.sunoresearch.com.br\/n\/uploads\/2023\/03\/400x300-Controle-de-Investimentos.png\">\n\t\t\t\t<img class=\"newsContent__article__imgCapa newsContent__article__imgCapa--banner\"\n\t\t\t\t\tsrc=\"https:\/\/files.sunoresearch.com.br\/n\/uploads\/2023\/03\/1420x240-Controle-de-Investimentos.png\"\n\t\t\t\t\tdata-promo-id=\"75934\"\t\t\t\t\t\t\t\t\t\twidth='1420' height='240'\t\t\t\t\talt=\"https:\/\/files.sunoresearch.com.br\/n\/uploads\/2023\/03\/1420x240-Controle-de-Investimentos.png\"\n\t\t\t\t>\n\t\t\t<\/picture>\n\t\t<\/a>\n\t<\/p>\n\n\n","protected":false},"excerpt":{"rendered":"<p>Diretora-gerente do Fundo Monet\u00e1rio Internacional (FMI), Kristalina Georgieva chamou aten\u00e7\u00e3o para &#8220;perigosas distor\u00e7\u00f5es&#8221; provocadas pela recupera\u00e7\u00e3o desigual da pandemia de covid-19 entre pa\u00edses desenvolvidos e subdesenvolvidos, que t\u00eam potencial para provocar instabilidade econ\u00f4mica e financeira global, durante evento do F\u00f3rum da Paz de Paris nesta segunda-feira (5). Kristalina Georgieva. Foto: Reprodu\u00e7\u00e3o Facebook De acordo com [&hellip;]<\/p>\n","protected":false},"author":56,"featured_media":163735,"comment_status":"closed","ping_status":"closed","sticky":false,"template":"","format":"standard","meta":[],"categories":[63],"tags":[806,2473],"suno_strategy":[],"class_list":["post-163644","post","type-post","status-publish","format-standard","has-post-thumbnail","hentry","category-internacional","tag-fundo-monetario-internacional-fmi","tag-kristalina-georgieva"],"yoast_head":"<!-- This site is optimized with the Yoast SEO plugin v24.4 - https:\/\/yoast.com\/wordpress\/plugins\/seo\/ -->\n<title>FMI: retomada desigual e d\u00edvida de emergentes podem causar instabilidade global<\/title>\n<meta name=\"description\" content=\"A diretora-gerente do FMI chamou aten\u00e7\u00e3o para &quot;perigosas distor\u00e7\u00f5es&quot; provocadas pela recupera\u00e7\u00e3o desigual da pandemia de covid-19. Veja mais.\" \/>\n<meta name=\"robots\" content=\"index, follow, max-snippet:-1, max-image-preview:large, max-video-preview:-1\" \/>\n<link rel=\"canonical\" href=\"https:\/\/www.suno.com.br\/noticias\/retomada-desigual-e-divida-de-emergentes-podem-causar-instabilidade-global-diz-fmi\/\" \/>\n<meta property=\"og:locale\" content=\"pt_BR\" \/>\n<meta property=\"og:type\" content=\"article\" \/>\n<meta property=\"og:title\" content=\"FMI: retomada desigual e d\u00edvida de emergentes podem causar instabilidade global\" \/>\n<meta property=\"og:description\" content=\"A diretora-gerente do FMI chamou aten\u00e7\u00e3o para &quot;perigosas distor\u00e7\u00f5es&quot; provocadas pela recupera\u00e7\u00e3o desigual da pandemia de covid-19. Veja mais.\" \/>\n<meta property=\"og:url\" content=\"https:\/\/www.suno.com.br\/noticias\/retomada-desigual-e-divida-de-emergentes-podem-causar-instabilidade-global-diz-fmi\/\" \/>\n<meta property=\"og:site_name\" content=\"Suno Not\u00edcias\" \/>\n<meta property=\"article:publisher\" content=\"https:\/\/facebook.com\/sunoresearch\" \/>\n<meta property=\"og:image\" content=\"https:\/\/files.sunoresearch.com.br\/n\/uploads\/2021\/07\/4782a225-153143811_3807868322626491_8681476797028540526_n.jpg\" \/>\n\t<meta property=\"og:image:width\" content=\"2048\" \/>\n\t<meta property=\"og:image:height\" content=\"1365\" \/>\n\t<meta property=\"og:image:type\" content=\"image\/jpeg\" \/>\n<meta name=\"author\" content=\"Rafaela La Regina\" \/>\n<meta name=\"twitter:card\" content=\"summary_large_image\" \/>\n<meta name=\"twitter:creator\" content=\"@sunoresearch\" \/>\n<meta name=\"twitter:site\" content=\"@sunoresearch\" \/>\n<meta name=\"twitter:label1\" content=\"Escrito por\" \/>\n\t<meta name=\"twitter:data1\" content=\"Rafaela La Regina\" \/>\n\t<meta name=\"twitter:label2\" content=\"Est. tempo de leitura\" \/>\n\t<meta name=\"twitter:data2\" content=\"3 minutos\" \/>\n<script type=\"application\/ld+json\" class=\"yoast-schema-graph\">{\"@context\":\"https:\/\/schema.org\",\"@graph\":[{\"@type\":\"NewsArticle\",\"@id\":\"https:\/\/www.suno.com.br\/noticias\/retomada-desigual-e-divida-de-emergentes-podem-causar-instabilidade-global-diz-fmi\/#article\",\"isPartOf\":{\"@id\":\"https:\/\/www.suno.com.br\/noticias\/retomada-desigual-e-divida-de-emergentes-podem-causar-instabilidade-global-diz-fmi\/\"},\"author\":{\"name\":\"Rafaela La Regina\",\"@id\":\"https:\/\/www.suno.com.br\/noticias\/#\/schema\/person\/e672ca8cea627fe715fa29bca7da95e0\"},\"headline\":\"Retomada desigual e d\u00edvida de emergentes podem causar instabilidade global, diz FMI\",\"datePublished\":\"2021-07-05T20:04:44+00:00\",\"mainEntityOfPage\":{\"@id\":\"https:\/\/www.suno.com.br\/noticias\/retomada-desigual-e-divida-de-emergentes-podem-causar-instabilidade-global-diz-fmi\/\"},\"wordCount\":532,\"publisher\":{\"@id\":\"https:\/\/www.suno.com.br\/noticias\/#organization\"},\"image\":{\"@id\":\"https:\/\/www.suno.com.br\/noticias\/retomada-desigual-e-divida-de-emergentes-podem-causar-instabilidade-global-diz-fmi\/#primaryimage\"},\"thumbnailUrl\":\"https:\/\/files.sunoresearch.com.br\/n\/uploads\/2021\/07\/4782a225-153143811_3807868322626491_8681476797028540526_n.jpg\",\"keywords\":[\"Fundo Monet\u00e1rio Internacional (FMI)\",\"Kristalina Georgieva\"],\"articleSection\":[\"Internacional\"],\"inLanguage\":\"pt-BR\"},{\"@type\":\"WebPage\",\"@id\":\"https:\/\/www.suno.com.br\/noticias\/retomada-desigual-e-divida-de-emergentes-podem-causar-instabilidade-global-diz-fmi\/\",\"url\":\"https:\/\/www.suno.com.br\/noticias\/retomada-desigual-e-divida-de-emergentes-podem-causar-instabilidade-global-diz-fmi\/\",\"name\":\"FMI: retomada desigual e d\u00edvida de emergentes podem causar instabilidade global\",\"isPartOf\":{\"@id\":\"https:\/\/www.suno.com.br\/noticias\/#website\"},\"primaryImageOfPage\":{\"@id\":\"https:\/\/www.suno.com.br\/noticias\/retomada-desigual-e-divida-de-emergentes-podem-causar-instabilidade-global-diz-fmi\/#primaryimage\"},\"image\":{\"@id\":\"https:\/\/www.suno.com.br\/noticias\/retomada-desigual-e-divida-de-emergentes-podem-causar-instabilidade-global-diz-fmi\/#primaryimage\"},\"thumbnailUrl\":\"https:\/\/files.sunoresearch.com.br\/n\/uploads\/2021\/07\/4782a225-153143811_3807868322626491_8681476797028540526_n.jpg\",\"datePublished\":\"2021-07-05T20:04:44+00:00\",\"description\":\"A diretora-gerente do FMI chamou aten\u00e7\u00e3o para \\\"perigosas distor\u00e7\u00f5es\\\" provocadas pela recupera\u00e7\u00e3o desigual da pandemia de covid-19. Veja mais.\",\"breadcrumb\":{\"@id\":\"https:\/\/www.suno.com.br\/noticias\/retomada-desigual-e-divida-de-emergentes-podem-causar-instabilidade-global-diz-fmi\/#breadcrumb\"},\"inLanguage\":\"pt-BR\",\"potentialAction\":[{\"@type\":\"ReadAction\",\"target\":[\"https:\/\/www.suno.com.br\/noticias\/retomada-desigual-e-divida-de-emergentes-podem-causar-instabilidade-global-diz-fmi\/\"]}]},{\"@type\":\"ImageObject\",\"inLanguage\":\"pt-BR\",\"@id\":\"https:\/\/www.suno.com.br\/noticias\/retomada-desigual-e-divida-de-emergentes-podem-causar-instabilidade-global-diz-fmi\/#primaryimage\",\"url\":\"https:\/\/files.sunoresearch.com.br\/n\/uploads\/2021\/07\/4782a225-153143811_3807868322626491_8681476797028540526_n.jpg\",\"contentUrl\":\"https:\/\/files.sunoresearch.com.br\/n\/uploads\/2021\/07\/4782a225-153143811_3807868322626491_8681476797028540526_n.jpg\",\"width\":2048,\"height\":1365,\"caption\":\"Kristalina Georgieva. Foto: Reprodu\u00e7\u00e3o Facebook\"},{\"@type\":\"BreadcrumbList\",\"@id\":\"https:\/\/www.suno.com.br\/noticias\/retomada-desigual-e-divida-de-emergentes-podem-causar-instabilidade-global-diz-fmi\/#breadcrumb\",\"itemListElement\":[{\"@type\":\"ListItem\",\"position\":1,\"name\":\"Not\u00edcias\",\"item\":\"https:\/\/www.suno.com.br\/noticias\/\"},{\"@type\":\"ListItem\",\"position\":2,\"name\":\"Internacional\",\"item\":\"https:\/\/www.suno.com.br\/noticias\/internacional\/\"},{\"@type\":\"ListItem\",\"position\":3,\"name\":\"Retomada desigual e d\u00edvida de emergentes podem causar instabilidade global, diz FMI\"}]},{\"@type\":\"WebSite\",\"@id\":\"https:\/\/www.suno.com.br\/noticias\/#website\",\"url\":\"https:\/\/www.suno.com.br\/noticias\/\",\"name\":\"Suno Not\u00edcias\",\"description\":\"Seu portal de informa\u00e7\u00e3o sobre o mundo dos investimentos\",\"publisher\":{\"@id\":\"https:\/\/www.suno.com.br\/noticias\/#organization\"},\"potentialAction\":[{\"@type\":\"SearchAction\",\"target\":{\"@type\":\"EntryPoint\",\"urlTemplate\":\"https:\/\/www.suno.com.br\/noticias\/?s={search_term_string}\"},\"query-input\":{\"@type\":\"PropertyValueSpecification\",\"valueRequired\":true,\"valueName\":\"search_term_string\"}}],\"inLanguage\":\"pt-BR\"},{\"@type\":\"Organization\",\"@id\":\"https:\/\/www.suno.com.br\/noticias\/#organization\",\"name\":\"Suno Not\u00edcias\",\"url\":\"https:\/\/www.suno.com.br\/noticias\/\",\"logo\":{\"@type\":\"ImageObject\",\"inLanguage\":\"pt-BR\",\"@id\":\"https:\/\/www.suno.com.br\/noticias\/#\/schema\/logo\/image\/\",\"url\":\"https:\/\/files.sunoresearch.com.br\/n\/uploads\/2021\/09\/suno-logo.png\",\"contentUrl\":\"https:\/\/files.sunoresearch.com.br\/n\/uploads\/2021\/09\/suno-logo.png\",\"width\":180,\"height\":180,\"caption\":\"Suno Not\u00edcias\"},\"image\":{\"@id\":\"https:\/\/www.suno.com.br\/noticias\/#\/schema\/logo\/image\/\"},\"sameAs\":[\"https:\/\/facebook.com\/sunoresearch\",\"https:\/\/x.com\/sunoresearch\",\"https:\/\/www.instagram.com\/suno\",\"https:\/\/www.linkedin.com\/company\/suno-research\/\",\"https:\/\/www.youtube.com\/c\/sunoresearch\"]},{\"@type\":\"Person\",\"@id\":\"https:\/\/www.suno.com.br\/noticias\/#\/schema\/person\/e672ca8cea627fe715fa29bca7da95e0\",\"name\":\"Rafaela La Regina\",\"image\":{\"@type\":\"ImageObject\",\"inLanguage\":\"pt-BR\",\"@id\":\"https:\/\/www.suno.com.br\/noticias\/#\/schema\/person\/image\/\",\"url\":\"https:\/\/secure.gravatar.com\/avatar\/d2c75a52d243deb93d0465fdcb21bd37?s=96&r=g\",\"contentUrl\":\"https:\/\/secure.gravatar.com\/avatar\/d2c75a52d243deb93d0465fdcb21bd37?s=96&r=g\",\"caption\":\"Rafaela La Regina\"},\"description\":\"Estagi\u00e1ria no Suno Not\u00edcias. Escreve sobre economia, pol\u00edtica e neg\u00f3cios. Estuda Rela\u00e7\u00f5es Internacionais no IBMEC-SP.\",\"url\":\"https:\/\/www.suno.com.br\/noticias\/author\/rafaela-la-regina\/\"}]}<\/script>\n<!-- \/ Yoast SEO plugin. -->","yoast_head_json":{"title":"FMI: retomada desigual e d\u00edvida de emergentes podem causar instabilidade global","description":"A diretora-gerente do FMI chamou aten\u00e7\u00e3o para \"perigosas distor\u00e7\u00f5es\" provocadas pela recupera\u00e7\u00e3o desigual da pandemia de covid-19. Veja mais.","robots":{"index":"index","follow":"follow","max-snippet":"max-snippet:-1","max-image-preview":"max-image-preview:large","max-video-preview":"max-video-preview:-1"},"canonical":"https:\/\/www.suno.com.br\/noticias\/retomada-desigual-e-divida-de-emergentes-podem-causar-instabilidade-global-diz-fmi\/","og_locale":"pt_BR","og_type":"article","og_title":"FMI: retomada desigual e d\u00edvida de emergentes podem causar instabilidade global","og_description":"A diretora-gerente do FMI chamou aten\u00e7\u00e3o para \"perigosas distor\u00e7\u00f5es\" provocadas pela recupera\u00e7\u00e3o desigual da pandemia de covid-19. Veja mais.","og_url":"https:\/\/www.suno.com.br\/noticias\/retomada-desigual-e-divida-de-emergentes-podem-causar-instabilidade-global-diz-fmi\/","og_site_name":"Suno Not\u00edcias","article_publisher":"https:\/\/facebook.com\/sunoresearch","og_image":[{"width":2048,"height":1365,"url":"https:\/\/files.sunoresearch.com.br\/n\/uploads\/2021\/07\/4782a225-153143811_3807868322626491_8681476797028540526_n.jpg","type":"image\/jpeg"}],"author":"Rafaela La Regina","twitter_card":"summary_large_image","twitter_creator":"@sunoresearch","twitter_site":"@sunoresearch","twitter_misc":{"Escrito por":"Rafaela La Regina","Est. tempo de leitura":"3 minutos"},"schema":{"@context":"https:\/\/schema.org","@graph":[{"@type":"NewsArticle","@id":"https:\/\/www.suno.com.br\/noticias\/retomada-desigual-e-divida-de-emergentes-podem-causar-instabilidade-global-diz-fmi\/#article","isPartOf":{"@id":"https:\/\/www.suno.com.br\/noticias\/retomada-desigual-e-divida-de-emergentes-podem-causar-instabilidade-global-diz-fmi\/"},"author":{"name":"Rafaela La Regina","@id":"https:\/\/www.suno.com.br\/noticias\/#\/schema\/person\/e672ca8cea627fe715fa29bca7da95e0"},"headline":"Retomada desigual e d\u00edvida de emergentes podem causar instabilidade global, diz FMI","datePublished":"2021-07-05T20:04:44+00:00","mainEntityOfPage":{"@id":"https:\/\/www.suno.com.br\/noticias\/retomada-desigual-e-divida-de-emergentes-podem-causar-instabilidade-global-diz-fmi\/"},"wordCount":532,"publisher":{"@id":"https:\/\/www.suno.com.br\/noticias\/#organization"},"image":{"@id":"https:\/\/www.suno.com.br\/noticias\/retomada-desigual-e-divida-de-emergentes-podem-causar-instabilidade-global-diz-fmi\/#primaryimage"},"thumbnailUrl":"https:\/\/files.sunoresearch.com.br\/n\/uploads\/2021\/07\/4782a225-153143811_3807868322626491_8681476797028540526_n.jpg","keywords":["Fundo Monet\u00e1rio Internacional (FMI)","Kristalina Georgieva"],"articleSection":["Internacional"],"inLanguage":"pt-BR"},{"@type":"WebPage","@id":"https:\/\/www.suno.com.br\/noticias\/retomada-desigual-e-divida-de-emergentes-podem-causar-instabilidade-global-diz-fmi\/","url":"https:\/\/www.suno.com.br\/noticias\/retomada-desigual-e-divida-de-emergentes-podem-causar-instabilidade-global-diz-fmi\/","name":"FMI: retomada desigual e d\u00edvida de emergentes podem causar instabilidade global","isPartOf":{"@id":"https:\/\/www.suno.com.br\/noticias\/#website"},"primaryImageOfPage":{"@id":"https:\/\/www.suno.com.br\/noticias\/retomada-desigual-e-divida-de-emergentes-podem-causar-instabilidade-global-diz-fmi\/#primaryimage"},"image":{"@id":"https:\/\/www.suno.com.br\/noticias\/retomada-desigual-e-divida-de-emergentes-podem-causar-instabilidade-global-diz-fmi\/#primaryimage"},"thumbnailUrl":"https:\/\/files.sunoresearch.com.br\/n\/uploads\/2021\/07\/4782a225-153143811_3807868322626491_8681476797028540526_n.jpg","datePublished":"2021-07-05T20:04:44+00:00","description":"A diretora-gerente do FMI chamou aten\u00e7\u00e3o para \"perigosas distor\u00e7\u00f5es\" provocadas pela recupera\u00e7\u00e3o desigual da pandemia de covid-19. Veja mais.","breadcrumb":{"@id":"https:\/\/www.suno.com.br\/noticias\/retomada-desigual-e-divida-de-emergentes-podem-causar-instabilidade-global-diz-fmi\/#breadcrumb"},"inLanguage":"pt-BR","potentialAction":[{"@type":"ReadAction","target":["https:\/\/www.suno.com.br\/noticias\/retomada-desigual-e-divida-de-emergentes-podem-causar-instabilidade-global-diz-fmi\/"]}]},{"@type":"ImageObject","inLanguage":"pt-BR","@id":"https:\/\/www.suno.com.br\/noticias\/retomada-desigual-e-divida-de-emergentes-podem-causar-instabilidade-global-diz-fmi\/#primaryimage","url":"https:\/\/files.sunoresearch.com.br\/n\/uploads\/2021\/07\/4782a225-153143811_3807868322626491_8681476797028540526_n.jpg","contentUrl":"https:\/\/files.sunoresearch.com.br\/n\/uploads\/2021\/07\/4782a225-153143811_3807868322626491_8681476797028540526_n.jpg","width":2048,"height":1365,"caption":"Kristalina Georgieva. Foto: Reprodu\u00e7\u00e3o Facebook"},{"@type":"BreadcrumbList","@id":"https:\/\/www.suno.com.br\/noticias\/retomada-desigual-e-divida-de-emergentes-podem-causar-instabilidade-global-diz-fmi\/#breadcrumb","itemListElement":[{"@type":"ListItem","position":1,"name":"Not\u00edcias","item":"https:\/\/www.suno.com.br\/noticias\/"},{"@type":"ListItem","position":2,"name":"Internacional","item":"https:\/\/www.suno.com.br\/noticias\/internacional\/"},{"@type":"ListItem","position":3,"name":"Retomada desigual e d\u00edvida de emergentes podem causar instabilidade global, diz FMI"}]},{"@type":"WebSite","@id":"https:\/\/www.suno.com.br\/noticias\/#website","url":"https:\/\/www.suno.com.br\/noticias\/","name":"Suno Not\u00edcias","description":"Seu portal de informa\u00e7\u00e3o sobre o mundo dos investimentos","publisher":{"@id":"https:\/\/www.suno.com.br\/noticias\/#organization"},"potentialAction":[{"@type":"SearchAction","target":{"@type":"EntryPoint","urlTemplate":"https:\/\/www.suno.com.br\/noticias\/?s={search_term_string}"},"query-input":{"@type":"PropertyValueSpecification","valueRequired":true,"valueName":"search_term_string"}}],"inLanguage":"pt-BR"},{"@type":"Organization","@id":"https:\/\/www.suno.com.br\/noticias\/#organization","name":"Suno Not\u00edcias","url":"https:\/\/www.suno.com.br\/noticias\/","logo":{"@type":"ImageObject","inLanguage":"pt-BR","@id":"https:\/\/www.suno.com.br\/noticias\/#\/schema\/logo\/image\/","url":"https:\/\/files.sunoresearch.com.br\/n\/uploads\/2021\/09\/suno-logo.png","contentUrl":"https:\/\/files.sunoresearch.com.br\/n\/uploads\/2021\/09\/suno-logo.png","width":180,"height":180,"caption":"Suno Not\u00edcias"},"image":{"@id":"https:\/\/www.suno.com.br\/noticias\/#\/schema\/logo\/image\/"},"sameAs":["https:\/\/facebook.com\/sunoresearch","https:\/\/x.com\/sunoresearch","https:\/\/www.instagram.com\/suno","https:\/\/www.linkedin.com\/company\/suno-research\/","https:\/\/www.youtube.com\/c\/sunoresearch"]},{"@type":"Person","@id":"https:\/\/www.suno.com.br\/noticias\/#\/schema\/person\/e672ca8cea627fe715fa29bca7da95e0","name":"Rafaela La Regina","image":{"@type":"ImageObject","inLanguage":"pt-BR","@id":"https:\/\/www.suno.com.br\/noticias\/#\/schema\/person\/image\/","url":"https:\/\/secure.gravatar.com\/avatar\/d2c75a52d243deb93d0465fdcb21bd37?s=96&r=g","contentUrl":"https:\/\/secure.gravatar.com\/avatar\/d2c75a52d243deb93d0465fdcb21bd37?s=96&r=g","caption":"Rafaela La Regina"},"description":"Estagi\u00e1ria no Suno Not\u00edcias. Escreve sobre economia, pol\u00edtica e neg\u00f3cios. Estuda Rela\u00e7\u00f5es Internacionais no IBMEC-SP.","url":"https:\/\/www.suno.com.br\/noticias\/author\/rafaela-la-regina\/"}]}},"default_loop_html":"<div class=\"cardsPage__listCard__boxs\"><div class=\"cardsPage__listCard__boxs__img\"><a href=\"https:\/\/www.suno.com.br\/noticias\/retomada-desigual-e-divida-de-emergentes-podem-causar-instabilidade-global-diz-fmi\/\"><img class=\"mask\" src=\"https:\/\/www.suno.com.br\/noticias\/wp-content\/themes\/suno\/resources\/images\/spotlight\/spotlight1img\/bg-mask.png\" alt=\"Image Mask\"\/><img src=\"https:\/\/files.sunoresearch.com.br\/n\/uploads\/2021\/07\/4782a225-153143811_3807868322626491_8681476797028540526_n-400x200.jpg\" alt=\"Retomada desigual e d\u00edvida de emergentes podem causar instabilidade global, diz FMI\"\/><\/a><span class=\"spotlightCategory\"><a href=\"https:\/\/www.suno.com.br\/noticias\/internacional\/\">Internacional<\/a><\/span><\/div><div class=\"cardsPage__listCard__boxs__content\"><a href=\"https:\/\/www.suno.com.br\/noticias\/retomada-desigual-e-divida-de-emergentes-podem-causar-instabilidade-global-diz-fmi\/\"><h2 class=\"content__title\">Retomada desigual e d\u00edvida de emergentes podem causar instabilidade global, diz FMI<\/h2><\/a><div class=\"newsContent__article__meta\"><div class=\"newsContent__article__meta__authorBox\"><a href=\"https:\/\/www.suno.com.br\/noticias\/author\/rafaela-la-regina\/\" class=\"authorBox__avatar noMobi\"><img src=\"https:\/\/secure.gravatar.com\/avatar\/d2c75a52d243deb93d0465fdcb21bd37?s=96&#038;r=g\" alt=\"Rafaela La Regina\"><\/a><div class=\"authorBox__name\"><span>por\n\t\t\t<a href=\"https:\/\/www.suno.com.br\/noticias\/author\/rafaela-la-regina\/\"><span itemprop=\"author\">Rafaela La Regina<\/span><\/a><\/span><time datetime=\"2021-07-05T17:04:44-03:00\" itemprop=\"datePublished\">05\/07\/2021 17:04<\/time><\/div><\/div><\/div><\/div><\/div>","single_layout":"posts","amp_enabled":true,"_links":{"self":[{"href":"https:\/\/www.suno.com.br\/noticias\/wp-json\/wp\/v2\/posts\/163644"}],"collection":[{"href":"https:\/\/www.suno.com.br\/noticias\/wp-json\/wp\/v2\/posts"}],"about":[{"href":"https:\/\/www.suno.com.br\/noticias\/wp-json\/wp\/v2\/types\/post"}],"author":[{"embeddable":true,"href":"https:\/\/www.suno.com.br\/noticias\/wp-json\/wp\/v2\/users\/56"}],"replies":[{"embeddable":true,"href":"https:\/\/www.suno.com.br\/noticias\/wp-json\/wp\/v2\/comments?post=163644"}],"version-history":[{"count":2,"href":"https:\/\/www.suno.com.br\/noticias\/wp-json\/wp\/v2\/posts\/163644\/revisions"}],"predecessor-version":[{"id":163736,"href":"https:\/\/www.suno.com.br\/noticias\/wp-json\/wp\/v2\/posts\/163644\/revisions\/163736"}],"wp:featuredmedia":[{"embeddable":true,"href":"https:\/\/www.suno.com.br\/noticias\/wp-json\/wp\/v2\/media\/163735"}],"wp:attachment":[{"href":"https:\/\/www.suno.com.br\/noticias\/wp-json\/wp\/v2\/media?parent=163644"}],"wp:term":[{"taxonomy":"category","embeddable":true,"href":"https:\/\/www.suno.com.br\/noticias\/wp-json\/wp\/v2\/categories?post=163644"},{"taxonomy":"post_tag","embeddable":true,"href":"https:\/\/www.suno.com.br\/noticias\/wp-json\/wp\/v2\/tags?post=163644"},{"taxonomy":"suno_strategy","embeddable":true,"href":"https:\/\/www.suno.com.br\/noticias\/wp-json\/wp\/v2\/suno_strategy?post=163644"}],"curies":[{"name":"wp","href":"https:\/\/api.w.org\/{rel}","templated":true}]}}