{"id":163583,"date":"2021-07-05T16:35:15","date_gmt":"2021-07-05T19:35:15","guid":{"rendered":"https:\/\/www.suno.com.br\/noticias\/?p=163583"},"modified":"2021-07-05T20:58:30","modified_gmt":"2021-07-05T23:58:30","slug":"grendene-grnd3-e-3g-radar-negociam-joint-venture-no-exterior","status":"publish","type":"post","link":"https:\/\/www.suno.com.br\/noticias\/grendene-grnd3-e-3g-radar-negociam-joint-venture-no-exterior\/","title":{"rendered":"Grendene (GRND3) e 3G Radar negociam joint venture no exterior"},"content":{"rendered":"<p>A empresa do ramo cal\u00e7adista <a href=\"https:\/\/www.suno.com.br\/acoes\/grnd3\/\"><strong>Grendene<\/strong> (GRND3)<\/a> e a gestora 3G Radar informaram ao mercado que est\u00e3o negociando a forma\u00e7\u00e3o de uma<a href=\"https:\/\/www.suno.com.br\/artigos\/joint-venture\/\"> joint venture<\/a> para atua\u00e7\u00e3o no exterior.<\/p>\t<div class=\"wrapper-featured-image\">\n\t\t<figure class=\"spotlightImg\">\n\n\t\t\t<picture>\n\t\t\t\t<source media=\"(max-width: 768px)\" srcset=\"https:\/\/files.sunoresearch.com.br\/n\/uploads\/2021\/07\/c0a5cee0-grendene-400x200.jpg\">\n\t\t\t\t<img loading=\"lazy\" decoding=\"async\" class=\"newsContent__article__imgCapa lazyloadDisabled \" src=\"https:\/\/files.sunoresearch.com.br\/n\/uploads\/2021\/07\/c0a5cee0-grendene-800x450.jpg\" width=\"800\" height=\"450\" alt=\"Grendene (GRND3) e 3G Radar negociam joint venture no exterior\" fetchpriority=high \/>\n\t\t\t<\/picture>\n\n\t\t\t<figcaption class=\"wp-caption-text wp-caption-text--show\">Grendene. Foto: Reprodu\u00e7\u00e3o Facebook<\/figcaption>\n\t\t<\/figure>\n\t<\/div>\n\n\n\t<p>\n\t\t<a href=\"https:\/\/lp.suno.com.br\/planilha-controle-gastos\/\" target=\"_blank\" data-element=\"shortcode-suno-banner\" title=\"Banner SUNO, clique e saiba mais\">\n\t\t\t<picture>\n\t\t\t\t<source media=\"(max-width: 500px)\" srcset=\"https:\/\/files.sunoresearch.com.br\/n\/uploads\/2023\/03\/400x300-Planilha-controle-de-gastos.png\">\n\t\t\t\t<img class=\"newsContent__article__imgCapa newsContent__article__imgCapa--banner\"\n\t\t\t\t\tsrc=\"https:\/\/files.sunoresearch.com.br\/n\/uploads\/2023\/03\/1420x240-Planilha-controle-de-gastos.png\"\n\t\t\t\t\tdata-promo-id=\"101751\"\t\t\t\t\t\t\t\t\t\twidth='1420' height='240'\t\t\t\t\talt=\"https:\/\/files.sunoresearch.com.br\/n\/uploads\/2023\/03\/1420x240-Planilha-controle-de-gastos.png\"\n\t\t\t\t>\n\t\t\t<\/picture>\n\t\t<\/a>\n\t<\/p>\n\n\n<p>Nesse sentindo, ontem (4) as companhias assinaram memorando de entendimentos n\u00e3o vinculante para a<strong> joint venture,<\/strong> que ter\u00e1 controle pela 3G de 50,1% e a Grendene, 49,9% do<strong> capital social.\u00a0<\/strong><\/p>\n<p>Segundo<strong> fato relevante<\/strong>, o compromisso de investimento ao longo de 24 meses ser\u00e1 de US$ 100 milh\u00f5es na mesma propor\u00e7\u00e3o das fatias detidas na nova empresa, que visa a distribui\u00e7\u00e3o e a comercializa\u00e7\u00e3o dos produtos Grendene em determinados mercados internacionais.<\/p>\n\t<p>\n\t\t<a href=\"https:\/\/lp.suno.com.br\/planilha-da-vida-financeira\/\" target=\"_blank\" data-element=\"shortcode-suno-banner\" title=\"Banner SUNO, clique e saiba mais\">\n\t\t\t<picture>\n\t\t\t\t<source media=\"(max-width: 500px)\" srcset=\"https:\/\/files.sunoresearch.com.br\/n\/uploads\/2023\/04\/400x300-Planilha-vida-financeira-true.png\">\n\t\t\t\t<img class=\"newsContent__article__imgCapa newsContent__article__imgCapa--banner\"\n\t\t\t\t\tsrc=\"https:\/\/files.sunoresearch.com.br\/n\/uploads\/2023\/04\/1420x240-Planilha-vida-financeira-true.png\"\n\t\t\t\t\tdata-promo-id=\"106682\"\t\t\t\t\t\t\t\t\t\twidth='1420' height='240'\t\t\t\t\talt=\"https:\/\/files.sunoresearch.com.br\/n\/uploads\/2023\/04\/1420x240-Planilha-vida-financeira-true.png\"\n\t\t\t\t>\n\t\t\t<\/picture>\n\t\t<\/a>\n\t<\/p>\n\n\n<p>Al\u00e9m disso, as empresas dever\u00e3o compor um<strong> acordo de acionistas<\/strong> e um acordo master de distribui\u00e7\u00e3o e <strong>franquia<\/strong> em at\u00e9 90 dias.<\/p>\n<p>Vale lembrar que antes da divulga\u00e7\u00e3o do acordo, na \u00faltima sexta-feira (2), a <strong>Bolsa de Valores de S\u00e3o Paulo (B3)<\/strong> apurou negocia\u00e7\u00e3o at\u00edpica de<strong> a\u00e7\u00f5es da Grendene<\/strong>, conforme of\u00edcio enviado \u00e0 companhia.<\/p>\n<p>Por sua vez, a dona das marcas<strong> Melissa<\/strong> e <strong>Ipanema<\/strong> respondeu dizendo que at\u00e9 aquele momento havia sigilo sobre a negocia\u00e7\u00e3o e que acredita que n\u00e3o tenha escapado ao seu controle a informa\u00e7\u00e3o. Diz ainda que o memorando (MOU) foi divulgado ap\u00f3s a verifica\u00e7\u00e3o pela companhia dessas <strong>oscila\u00e7\u00f5es at\u00edpicas<\/strong>.<\/p>\n<h4>Veja tamb\u00e9m:<\/h4>\n<h2>Grendene tem alta 334,3% no lucro l\u00edquido no 1T21<\/h2>\n<p>A Grendene anotou um <a href=\"https:\/\/www.suno.com.br\/artigos\/lucro-liquido\/\">lucro l\u00edquido<\/a> de R$ 129,2 milh\u00f5es no primeiro trimestre desse ano, alta de 334,3% na compara\u00e7\u00e3o com o mesmo per\u00edodo de 2020.<\/p>\n<p>Em relat\u00f3rio, a empresa afirma que come\u00e7ou o ano superando suas proje\u00e7\u00f5es. &#8220;A receita bruta e o volume de pares embarcados em janeiro de 2021, por exemplo, foi a maior e o segundo maior, respectivamente, da hist\u00f3ria da Companhia em rela\u00e7\u00e3o a janeiro de anos anteriores&#8221;.<\/p>\n\t<div data-element=\"shortcode-read-more\" class=\"knowMore\">\n\t\t\t\t<span class=\"knowMore__title\">Saiba mais <\/span>\n\t\t\t\t<a class=\"knowMore__link\" href=\"https:\/\/www.suno.com.br\/noticias\/grendene-grnd3-resultado-1t21\/\">\n\t\t\tGrendene (GRND3) tem lucro l\u00edquido de R$ 129,2 mi no 1T21, alta de 334,3%\t\t<\/a>\n\t<\/div>\n\n\n<p>A receita l\u00edquida apresentou uma alta de 40,6% em rela\u00e7\u00e3o aos mesmos meses de 2020, de R$ 523,3 milh\u00f5es.<\/p>\n<p>J\u00e1 o <a href=\"https:\/\/www.suno.com.br\/artigos\/ebitda\/\"><strong>Ebitda<\/strong> (lucro antes de juros, impostos, deprecia\u00e7\u00e3o e amortiza\u00e7\u00e3o)<\/a> foi de R$ 127,1 milh\u00f5es, avan\u00e7o de 109,0% na compara\u00e7\u00e3o com janeiro a mar\u00e7o de 2020.<\/p>\n<h2>Cota\u00e7\u00e3o:<\/h2>\n<p>Por volta das 16h15 (hor\u00e1rio de Bras\u00edlia) desta segunda-feira (5), a a\u00e7\u00e3o da<strong> Grendene (GRND3)<\/strong> operava em alta de 0,94%, valendo R$ 10,70.<\/p>\n<p><em>Com informa\u00e7\u00f5es do Estad\u00e3o Conte\u00fado<\/em><\/p>\n\t<p>\n\t\t<a href=\"https:\/\/lp.suno.com.br\/planilha-de-controle-de-investimentos\/\" target=\"_blank\" data-element=\"shortcode-suno-banner\" title=\"Banner SUNO, clique e saiba mais\">\n\t\t\t<picture>\n\t\t\t\t<source media=\"(max-width: 500px)\" srcset=\"https:\/\/files.sunoresearch.com.br\/n\/uploads\/2023\/03\/400x300-Controle-de-Investimentos.png\">\n\t\t\t\t<img class=\"newsContent__article__imgCapa newsContent__article__imgCapa--banner\"\n\t\t\t\t\tsrc=\"https:\/\/files.sunoresearch.com.br\/n\/uploads\/2023\/03\/1420x240-Controle-de-Investimentos.png\"\n\t\t\t\t\tdata-promo-id=\"75934\"\t\t\t\t\t\t\t\t\t\twidth='1420' height='240'\t\t\t\t\talt=\"https:\/\/files.sunoresearch.com.br\/n\/uploads\/2023\/03\/1420x240-Controle-de-Investimentos.png\"\n\t\t\t\t>\n\t\t\t<\/picture>\n\t\t<\/a>\n\t<\/p>\n\n\n","protected":false},"excerpt":{"rendered":"<p>A empresa do ramo cal\u00e7adista Grendene (GRND3) e a gestora 3G Radar informaram ao mercado que est\u00e3o negociando a forma\u00e7\u00e3o de uma joint venture para atua\u00e7\u00e3o no exterior. Grendene. Foto: Reprodu\u00e7\u00e3o Facebook Nesse sentindo, ontem (4) as companhias assinaram memorando de entendimentos n\u00e3o vinculante para a joint venture, que ter\u00e1 controle pela 3G de 50,1% [&hellip;]<\/p>\n","protected":false},"author":39,"featured_media":163719,"comment_status":"closed","ping_status":"closed","sticky":false,"template":"","format":"standard","meta":[],"categories":[64],"tags":[493,897],"suno_strategy":[],"class_list":["post-163583","post","type-post","status-publish","format-standard","has-post-thumbnail","hentry","category-negocios","tag-grendene-grnd3","tag-joint-venture"],"yoast_head":"<!-- This site is optimized with the Yoast SEO plugin v24.4 - https:\/\/yoast.com\/wordpress\/plugins\/seo\/ -->\n<title>Grendene (GRND3) e 3G Radar negociam joint venture no exterior<\/title>\n<meta name=\"description\" content=\"A Grendene (GRND3) e a gestora 3G Radar est\u00e3o negociando a forma\u00e7\u00e3o de uma joint venture para atua\u00e7\u00e3o no exterior. Clique aqui e saiba mais!\" \/>\n<meta name=\"robots\" content=\"index, follow, max-snippet:-1, max-image-preview:large, max-video-preview:-1\" \/>\n<link rel=\"canonical\" href=\"https:\/\/www.suno.com.br\/noticias\/grendene-grnd3-e-3g-radar-negociam-joint-venture-no-exterior\/\" \/>\n<meta property=\"og:locale\" content=\"pt_BR\" \/>\n<meta property=\"og:type\" content=\"article\" \/>\n<meta property=\"og:title\" content=\"Grendene (GRND3) e 3G Radar negociam joint venture no exterior\" \/>\n<meta property=\"og:description\" content=\"A Grendene (GRND3) e a gestora 3G Radar est\u00e3o negociando a forma\u00e7\u00e3o de uma joint venture para atua\u00e7\u00e3o no exterior. Clique aqui e saiba mais!\" \/>\n<meta property=\"og:url\" content=\"https:\/\/www.suno.com.br\/noticias\/grendene-grnd3-e-3g-radar-negociam-joint-venture-no-exterior\/\" \/>\n<meta property=\"og:site_name\" content=\"Suno Not\u00edcias\" \/>\n<meta property=\"article:publisher\" content=\"https:\/\/facebook.com\/sunoresearch\" \/>\n<meta property=\"og:image\" content=\"https:\/\/files.sunoresearch.com.br\/n\/uploads\/2021\/07\/c0a5cee0-grendene.jpg\" \/>\n\t<meta property=\"og:image:width\" content=\"1200\" \/>\n\t<meta property=\"og:image:height\" content=\"630\" \/>\n\t<meta property=\"og:image:type\" content=\"image\/jpeg\" \/>\n<meta name=\"author\" content=\"Laura Moutinho\" \/>\n<meta name=\"twitter:card\" content=\"summary_large_image\" \/>\n<meta name=\"twitter:creator\" content=\"@sunoresearch\" \/>\n<meta name=\"twitter:site\" content=\"@sunoresearch\" \/>\n<meta name=\"twitter:label1\" content=\"Escrito por\" \/>\n\t<meta name=\"twitter:data1\" content=\"Laura Moutinho\" \/>\n\t<meta name=\"twitter:label2\" content=\"Est. tempo de leitura\" \/>\n\t<meta name=\"twitter:data2\" content=\"2 minutos\" \/>\n<script type=\"application\/ld+json\" class=\"yoast-schema-graph\">{\"@context\":\"https:\/\/schema.org\",\"@graph\":[{\"@type\":\"NewsArticle\",\"@id\":\"https:\/\/www.suno.com.br\/noticias\/grendene-grnd3-e-3g-radar-negociam-joint-venture-no-exterior\/#article\",\"isPartOf\":{\"@id\":\"https:\/\/www.suno.com.br\/noticias\/grendene-grnd3-e-3g-radar-negociam-joint-venture-no-exterior\/\"},\"author\":{\"name\":\"Laura Moutinho\",\"@id\":\"https:\/\/www.suno.com.br\/noticias\/#\/schema\/person\/3df0d2808748b74496efe5dbeaef2c72\"},\"headline\":\"Grendene (GRND3) e 3G Radar negociam joint venture no exterior\",\"datePublished\":\"2021-07-05T19:35:15+00:00\",\"dateModified\":\"2021-07-05T23:58:30+00:00\",\"mainEntityOfPage\":{\"@id\":\"https:\/\/www.suno.com.br\/noticias\/grendene-grnd3-e-3g-radar-negociam-joint-venture-no-exterior\/\"},\"wordCount\":415,\"publisher\":{\"@id\":\"https:\/\/www.suno.com.br\/noticias\/#organization\"},\"image\":{\"@id\":\"https:\/\/www.suno.com.br\/noticias\/grendene-grnd3-e-3g-radar-negociam-joint-venture-no-exterior\/#primaryimage\"},\"thumbnailUrl\":\"https:\/\/files.sunoresearch.com.br\/n\/uploads\/2021\/07\/c0a5cee0-grendene.jpg\",\"keywords\":[\"Grendene (GRND3)\",\"joint venture\"],\"articleSection\":[\"Neg\u00f3cios\"],\"inLanguage\":\"pt-BR\"},{\"@type\":\"WebPage\",\"@id\":\"https:\/\/www.suno.com.br\/noticias\/grendene-grnd3-e-3g-radar-negociam-joint-venture-no-exterior\/\",\"url\":\"https:\/\/www.suno.com.br\/noticias\/grendene-grnd3-e-3g-radar-negociam-joint-venture-no-exterior\/\",\"name\":\"Grendene (GRND3) e 3G Radar negociam joint venture no exterior\",\"isPartOf\":{\"@id\":\"https:\/\/www.suno.com.br\/noticias\/#website\"},\"primaryImageOfPage\":{\"@id\":\"https:\/\/www.suno.com.br\/noticias\/grendene-grnd3-e-3g-radar-negociam-joint-venture-no-exterior\/#primaryimage\"},\"image\":{\"@id\":\"https:\/\/www.suno.com.br\/noticias\/grendene-grnd3-e-3g-radar-negociam-joint-venture-no-exterior\/#primaryimage\"},\"thumbnailUrl\":\"https:\/\/files.sunoresearch.com.br\/n\/uploads\/2021\/07\/c0a5cee0-grendene.jpg\",\"datePublished\":\"2021-07-05T19:35:15+00:00\",\"dateModified\":\"2021-07-05T23:58:30+00:00\",\"description\":\"A Grendene (GRND3) e a gestora 3G Radar est\u00e3o negociando a forma\u00e7\u00e3o de uma joint venture para atua\u00e7\u00e3o no exterior. Clique aqui e saiba mais!\",\"breadcrumb\":{\"@id\":\"https:\/\/www.suno.com.br\/noticias\/grendene-grnd3-e-3g-radar-negociam-joint-venture-no-exterior\/#breadcrumb\"},\"inLanguage\":\"pt-BR\",\"potentialAction\":[{\"@type\":\"ReadAction\",\"target\":[\"https:\/\/www.suno.com.br\/noticias\/grendene-grnd3-e-3g-radar-negociam-joint-venture-no-exterior\/\"]}]},{\"@type\":\"ImageObject\",\"inLanguage\":\"pt-BR\",\"@id\":\"https:\/\/www.suno.com.br\/noticias\/grendene-grnd3-e-3g-radar-negociam-joint-venture-no-exterior\/#primaryimage\",\"url\":\"https:\/\/files.sunoresearch.com.br\/n\/uploads\/2021\/07\/c0a5cee0-grendene.jpg\",\"contentUrl\":\"https:\/\/files.sunoresearch.com.br\/n\/uploads\/2021\/07\/c0a5cee0-grendene.jpg\",\"width\":1200,\"height\":630,\"caption\":\"Grendene. Foto: Reprodu\u00e7\u00e3o Facebook\"},{\"@type\":\"BreadcrumbList\",\"@id\":\"https:\/\/www.suno.com.br\/noticias\/grendene-grnd3-e-3g-radar-negociam-joint-venture-no-exterior\/#breadcrumb\",\"itemListElement\":[{\"@type\":\"ListItem\",\"position\":1,\"name\":\"Not\u00edcias\",\"item\":\"https:\/\/www.suno.com.br\/noticias\/\"},{\"@type\":\"ListItem\",\"position\":2,\"name\":\"Neg\u00f3cios\",\"item\":\"https:\/\/www.suno.com.br\/noticias\/negocios\/\"},{\"@type\":\"ListItem\",\"position\":3,\"name\":\"Grendene (GRND3) e 3G Radar negociam joint venture no exterior\"}]},{\"@type\":\"WebSite\",\"@id\":\"https:\/\/www.suno.com.br\/noticias\/#website\",\"url\":\"https:\/\/www.suno.com.br\/noticias\/\",\"name\":\"Suno Not\u00edcias\",\"description\":\"Seu portal de informa\u00e7\u00e3o sobre o mundo dos investimentos\",\"publisher\":{\"@id\":\"https:\/\/www.suno.com.br\/noticias\/#organization\"},\"potentialAction\":[{\"@type\":\"SearchAction\",\"target\":{\"@type\":\"EntryPoint\",\"urlTemplate\":\"https:\/\/www.suno.com.br\/noticias\/?s={search_term_string}\"},\"query-input\":{\"@type\":\"PropertyValueSpecification\",\"valueRequired\":true,\"valueName\":\"search_term_string\"}}],\"inLanguage\":\"pt-BR\"},{\"@type\":\"Organization\",\"@id\":\"https:\/\/www.suno.com.br\/noticias\/#organization\",\"name\":\"Suno Not\u00edcias\",\"url\":\"https:\/\/www.suno.com.br\/noticias\/\",\"logo\":{\"@type\":\"ImageObject\",\"inLanguage\":\"pt-BR\",\"@id\":\"https:\/\/www.suno.com.br\/noticias\/#\/schema\/logo\/image\/\",\"url\":\"https:\/\/files.sunoresearch.com.br\/n\/uploads\/2021\/09\/suno-logo.png\",\"contentUrl\":\"https:\/\/files.sunoresearch.com.br\/n\/uploads\/2021\/09\/suno-logo.png\",\"width\":180,\"height\":180,\"caption\":\"Suno Not\u00edcias\"},\"image\":{\"@id\":\"https:\/\/www.suno.com.br\/noticias\/#\/schema\/logo\/image\/\"},\"sameAs\":[\"https:\/\/facebook.com\/sunoresearch\",\"https:\/\/x.com\/sunoresearch\",\"https:\/\/www.instagram.com\/suno\",\"https:\/\/www.linkedin.com\/company\/suno-research\/\",\"https:\/\/www.youtube.com\/c\/sunoresearch\"]},{\"@type\":\"Person\",\"@id\":\"https:\/\/www.suno.com.br\/noticias\/#\/schema\/person\/3df0d2808748b74496efe5dbeaef2c72\",\"name\":\"Laura Moutinho\",\"image\":{\"@type\":\"ImageObject\",\"inLanguage\":\"pt-BR\",\"@id\":\"https:\/\/www.suno.com.br\/noticias\/#\/schema\/person\/image\/\",\"url\":\"https:\/\/secure.gravatar.com\/avatar\/7571c7c8ca3a6fca5e41384ece5557ff?s=96&r=g\",\"contentUrl\":\"https:\/\/secure.gravatar.com\/avatar\/7571c7c8ca3a6fca5e41384ece5557ff?s=96&r=g\",\"caption\":\"Laura Moutinho\"},\"description\":\"Estagi\u00e1ria na Suno Not\u00edcias, escreve not\u00edcias que afetam o mercado financeiro. Estuda administra\u00e7\u00e3o na Universidade Presbiteriana Mackenzie.\",\"url\":\"https:\/\/www.suno.com.br\/noticias\/author\/laura-moutinho\/\"}]}<\/script>\n<!-- \/ Yoast SEO plugin. -->","yoast_head_json":{"title":"Grendene (GRND3) e 3G Radar negociam joint venture no exterior","description":"A Grendene (GRND3) e a gestora 3G Radar est\u00e3o negociando a forma\u00e7\u00e3o de uma joint venture para atua\u00e7\u00e3o no exterior. Clique aqui e saiba mais!","robots":{"index":"index","follow":"follow","max-snippet":"max-snippet:-1","max-image-preview":"max-image-preview:large","max-video-preview":"max-video-preview:-1"},"canonical":"https:\/\/www.suno.com.br\/noticias\/grendene-grnd3-e-3g-radar-negociam-joint-venture-no-exterior\/","og_locale":"pt_BR","og_type":"article","og_title":"Grendene (GRND3) e 3G Radar negociam joint venture no exterior","og_description":"A Grendene (GRND3) e a gestora 3G Radar est\u00e3o negociando a forma\u00e7\u00e3o de uma joint venture para atua\u00e7\u00e3o no exterior. Clique aqui e saiba mais!","og_url":"https:\/\/www.suno.com.br\/noticias\/grendene-grnd3-e-3g-radar-negociam-joint-venture-no-exterior\/","og_site_name":"Suno Not\u00edcias","article_publisher":"https:\/\/facebook.com\/sunoresearch","og_image":[{"width":1200,"height":630,"url":"https:\/\/files.sunoresearch.com.br\/n\/uploads\/2021\/07\/c0a5cee0-grendene.jpg","type":"image\/jpeg"}],"author":"Laura Moutinho","twitter_card":"summary_large_image","twitter_creator":"@sunoresearch","twitter_site":"@sunoresearch","twitter_misc":{"Escrito por":"Laura Moutinho","Est. tempo de leitura":"2 minutos"},"schema":{"@context":"https:\/\/schema.org","@graph":[{"@type":"NewsArticle","@id":"https:\/\/www.suno.com.br\/noticias\/grendene-grnd3-e-3g-radar-negociam-joint-venture-no-exterior\/#article","isPartOf":{"@id":"https:\/\/www.suno.com.br\/noticias\/grendene-grnd3-e-3g-radar-negociam-joint-venture-no-exterior\/"},"author":{"name":"Laura Moutinho","@id":"https:\/\/www.suno.com.br\/noticias\/#\/schema\/person\/3df0d2808748b74496efe5dbeaef2c72"},"headline":"Grendene (GRND3) e 3G Radar negociam joint venture no exterior","datePublished":"2021-07-05T19:35:15+00:00","dateModified":"2021-07-05T23:58:30+00:00","mainEntityOfPage":{"@id":"https:\/\/www.suno.com.br\/noticias\/grendene-grnd3-e-3g-radar-negociam-joint-venture-no-exterior\/"},"wordCount":415,"publisher":{"@id":"https:\/\/www.suno.com.br\/noticias\/#organization"},"image":{"@id":"https:\/\/www.suno.com.br\/noticias\/grendene-grnd3-e-3g-radar-negociam-joint-venture-no-exterior\/#primaryimage"},"thumbnailUrl":"https:\/\/files.sunoresearch.com.br\/n\/uploads\/2021\/07\/c0a5cee0-grendene.jpg","keywords":["Grendene (GRND3)","joint venture"],"articleSection":["Neg\u00f3cios"],"inLanguage":"pt-BR"},{"@type":"WebPage","@id":"https:\/\/www.suno.com.br\/noticias\/grendene-grnd3-e-3g-radar-negociam-joint-venture-no-exterior\/","url":"https:\/\/www.suno.com.br\/noticias\/grendene-grnd3-e-3g-radar-negociam-joint-venture-no-exterior\/","name":"Grendene (GRND3) e 3G Radar negociam joint venture no exterior","isPartOf":{"@id":"https:\/\/www.suno.com.br\/noticias\/#website"},"primaryImageOfPage":{"@id":"https:\/\/www.suno.com.br\/noticias\/grendene-grnd3-e-3g-radar-negociam-joint-venture-no-exterior\/#primaryimage"},"image":{"@id":"https:\/\/www.suno.com.br\/noticias\/grendene-grnd3-e-3g-radar-negociam-joint-venture-no-exterior\/#primaryimage"},"thumbnailUrl":"https:\/\/files.sunoresearch.com.br\/n\/uploads\/2021\/07\/c0a5cee0-grendene.jpg","datePublished":"2021-07-05T19:35:15+00:00","dateModified":"2021-07-05T23:58:30+00:00","description":"A Grendene (GRND3) e a gestora 3G Radar est\u00e3o negociando a forma\u00e7\u00e3o de uma joint venture para atua\u00e7\u00e3o no exterior. Clique aqui e saiba mais!","breadcrumb":{"@id":"https:\/\/www.suno.com.br\/noticias\/grendene-grnd3-e-3g-radar-negociam-joint-venture-no-exterior\/#breadcrumb"},"inLanguage":"pt-BR","potentialAction":[{"@type":"ReadAction","target":["https:\/\/www.suno.com.br\/noticias\/grendene-grnd3-e-3g-radar-negociam-joint-venture-no-exterior\/"]}]},{"@type":"ImageObject","inLanguage":"pt-BR","@id":"https:\/\/www.suno.com.br\/noticias\/grendene-grnd3-e-3g-radar-negociam-joint-venture-no-exterior\/#primaryimage","url":"https:\/\/files.sunoresearch.com.br\/n\/uploads\/2021\/07\/c0a5cee0-grendene.jpg","contentUrl":"https:\/\/files.sunoresearch.com.br\/n\/uploads\/2021\/07\/c0a5cee0-grendene.jpg","width":1200,"height":630,"caption":"Grendene. Foto: Reprodu\u00e7\u00e3o Facebook"},{"@type":"BreadcrumbList","@id":"https:\/\/www.suno.com.br\/noticias\/grendene-grnd3-e-3g-radar-negociam-joint-venture-no-exterior\/#breadcrumb","itemListElement":[{"@type":"ListItem","position":1,"name":"Not\u00edcias","item":"https:\/\/www.suno.com.br\/noticias\/"},{"@type":"ListItem","position":2,"name":"Neg\u00f3cios","item":"https:\/\/www.suno.com.br\/noticias\/negocios\/"},{"@type":"ListItem","position":3,"name":"Grendene (GRND3) e 3G Radar negociam joint venture no exterior"}]},{"@type":"WebSite","@id":"https:\/\/www.suno.com.br\/noticias\/#website","url":"https:\/\/www.suno.com.br\/noticias\/","name":"Suno Not\u00edcias","description":"Seu portal de informa\u00e7\u00e3o sobre o mundo dos investimentos","publisher":{"@id":"https:\/\/www.suno.com.br\/noticias\/#organization"},"potentialAction":[{"@type":"SearchAction","target":{"@type":"EntryPoint","urlTemplate":"https:\/\/www.suno.com.br\/noticias\/?s={search_term_string}"},"query-input":{"@type":"PropertyValueSpecification","valueRequired":true,"valueName":"search_term_string"}}],"inLanguage":"pt-BR"},{"@type":"Organization","@id":"https:\/\/www.suno.com.br\/noticias\/#organization","name":"Suno Not\u00edcias","url":"https:\/\/www.suno.com.br\/noticias\/","logo":{"@type":"ImageObject","inLanguage":"pt-BR","@id":"https:\/\/www.suno.com.br\/noticias\/#\/schema\/logo\/image\/","url":"https:\/\/files.sunoresearch.com.br\/n\/uploads\/2021\/09\/suno-logo.png","contentUrl":"https:\/\/files.sunoresearch.com.br\/n\/uploads\/2021\/09\/suno-logo.png","width":180,"height":180,"caption":"Suno Not\u00edcias"},"image":{"@id":"https:\/\/www.suno.com.br\/noticias\/#\/schema\/logo\/image\/"},"sameAs":["https:\/\/facebook.com\/sunoresearch","https:\/\/x.com\/sunoresearch","https:\/\/www.instagram.com\/suno","https:\/\/www.linkedin.com\/company\/suno-research\/","https:\/\/www.youtube.com\/c\/sunoresearch"]},{"@type":"Person","@id":"https:\/\/www.suno.com.br\/noticias\/#\/schema\/person\/3df0d2808748b74496efe5dbeaef2c72","name":"Laura Moutinho","image":{"@type":"ImageObject","inLanguage":"pt-BR","@id":"https:\/\/www.suno.com.br\/noticias\/#\/schema\/person\/image\/","url":"https:\/\/secure.gravatar.com\/avatar\/7571c7c8ca3a6fca5e41384ece5557ff?s=96&r=g","contentUrl":"https:\/\/secure.gravatar.com\/avatar\/7571c7c8ca3a6fca5e41384ece5557ff?s=96&r=g","caption":"Laura Moutinho"},"description":"Estagi\u00e1ria na Suno Not\u00edcias, escreve not\u00edcias que afetam o mercado financeiro. Estuda administra\u00e7\u00e3o na Universidade Presbiteriana Mackenzie.","url":"https:\/\/www.suno.com.br\/noticias\/author\/laura-moutinho\/"}]}},"default_loop_html":"<div class=\"cardsPage__listCard__boxs\"><div class=\"cardsPage__listCard__boxs__img\"><a href=\"https:\/\/www.suno.com.br\/noticias\/grendene-grnd3-e-3g-radar-negociam-joint-venture-no-exterior\/\"><img class=\"mask\" src=\"https:\/\/www.suno.com.br\/noticias\/wp-content\/themes\/suno\/resources\/images\/spotlight\/spotlight1img\/bg-mask.png\" alt=\"Image Mask\"\/><img src=\"https:\/\/files.sunoresearch.com.br\/n\/uploads\/2021\/07\/c0a5cee0-grendene-400x200.jpg\" alt=\"Grendene (GRND3) e 3G Radar negociam joint venture no exterior\"\/><\/a><span class=\"spotlightCategory\"><a href=\"https:\/\/www.suno.com.br\/noticias\/negocios\/\">Neg\u00f3cios<\/a><\/span><\/div><div class=\"cardsPage__listCard__boxs__content\"><a href=\"https:\/\/www.suno.com.br\/noticias\/grendene-grnd3-e-3g-radar-negociam-joint-venture-no-exterior\/\"><h2 class=\"content__title\">Grendene (GRND3) e 3G Radar negociam joint venture no exterior<\/h2><\/a><div class=\"newsContent__article__meta\"><div class=\"newsContent__article__meta__authorBox\"><a href=\"https:\/\/www.suno.com.br\/noticias\/author\/laura-moutinho\/\" class=\"authorBox__avatar noMobi\"><img src=\"https:\/\/files.sunoresearch.com.br\/n\/uploads\/2020\/08\/531ff69d-whatsapp-image-2020-08-03-at-14.54.38-150x150.webp\" alt=\"Laura Moutinho\"><\/a><div class=\"authorBox__name\"><span>por\n\t\t\t<a href=\"https:\/\/www.suno.com.br\/noticias\/author\/laura-moutinho\/\"><span itemprop=\"author\">Laura Moutinho<\/span><\/a><\/span><time datetime=\"2021-07-05T16:35:15-03:00\" itemprop=\"datePublished\">05\/07\/2021 16:35<\/time><\/div><\/div><\/div><\/div><\/div>","single_layout":"posts","amp_enabled":true,"_links":{"self":[{"href":"https:\/\/www.suno.com.br\/noticias\/wp-json\/wp\/v2\/posts\/163583"}],"collection":[{"href":"https:\/\/www.suno.com.br\/noticias\/wp-json\/wp\/v2\/posts"}],"about":[{"href":"https:\/\/www.suno.com.br\/noticias\/wp-json\/wp\/v2\/types\/post"}],"author":[{"embeddable":true,"href":"https:\/\/www.suno.com.br\/noticias\/wp-json\/wp\/v2\/users\/39"}],"replies":[{"embeddable":true,"href":"https:\/\/www.suno.com.br\/noticias\/wp-json\/wp\/v2\/comments?post=163583"}],"version-history":[{"count":2,"href":"https:\/\/www.suno.com.br\/noticias\/wp-json\/wp\/v2\/posts\/163583\/revisions"}],"predecessor-version":[{"id":163726,"href":"https:\/\/www.suno.com.br\/noticias\/wp-json\/wp\/v2\/posts\/163583\/revisions\/163726"}],"wp:featuredmedia":[{"embeddable":true,"href":"https:\/\/www.suno.com.br\/noticias\/wp-json\/wp\/v2\/media\/163719"}],"wp:attachment":[{"href":"https:\/\/www.suno.com.br\/noticias\/wp-json\/wp\/v2\/media?parent=163583"}],"wp:term":[{"taxonomy":"category","embeddable":true,"href":"https:\/\/www.suno.com.br\/noticias\/wp-json\/wp\/v2\/categories?post=163583"},{"taxonomy":"post_tag","embeddable":true,"href":"https:\/\/www.suno.com.br\/noticias\/wp-json\/wp\/v2\/tags?post=163583"},{"taxonomy":"suno_strategy","embeddable":true,"href":"https:\/\/www.suno.com.br\/noticias\/wp-json\/wp\/v2\/suno_strategy?post=163583"}],"curies":[{"name":"wp","href":"https:\/\/api.w.org\/{rel}","templated":true}]}}