{"id":16358,"date":"2019-02-22T17:14:50","date_gmt":"2019-02-22T20:14:50","guid":{"rendered":"https:\/\/www.suno.com.br\/noticias\/?p=16358"},"modified":"2021-06-13T23:48:23","modified_gmt":"2021-06-14T02:48:23","slug":"dolar-fecha-baixa-trump-acordo-220219","status":"publish","type":"post","link":"https:\/\/www.suno.com.br\/noticias\/dolar-fecha-baixa-trump-acordo-220219\/","title":{"rendered":"D\u00f3lar fecha a semana em baixa; Trump negocia acordo com Liu He"},"content":{"rendered":"<p>O d\u00f3lar operou em baixa durante toda a sexta-feira (22). No entanto, a moeda norte-americana registrou uma queda de 0,548% sendo cotada a R$ 3,7412.<\/p>\t<div class=\"wrapper-featured-image\">\n\t\t<figure class=\"spotlightImg\">\n\n\t\t\t<picture>\n\t\t\t\t<source media=\"(max-width: 768px)\" srcset=\"https:\/\/files.sunoresearch.com.br\/n\/uploads\/2018\/12\/63265878-d\u00f3lar-400x200.webp\">\n\t\t\t\t<img loading=\"lazy\" decoding=\"async\" class=\"newsContent__article__imgCapa lazyloadDisabled newsContent__article__imgCapa--noCaption\" src=\"https:\/\/files.sunoresearch.com.br\/n\/uploads\/2018\/12\/63265878-d\u00f3lar-800x450.webp\" width=\"800\" height=\"450\" alt=\"D\u00f3lar fecha a semana em baixa; Trump negocia acordo com Liu He\" fetchpriority=high \/>\n\t\t\t<\/picture>\n\n\t\t\t<figcaption class=\"wp-caption-text wp-caption-text--hide\">D\u00f3lar fecha em queda 1,21% com reforma da Previd\u00eancia no Senado<\/figcaption>\n\t\t<\/figure>\n\t<\/div>\n\n\n<p>Durante o dia, a melhor marca do <strong>d\u00f3lar<\/strong> aconteceu logo ap\u00f3s o in\u00edcio da sess\u00e3o quando foi cotado a R$ 3,7606. Mas a <strong>moeda<\/strong> n\u00e3o teve for\u00e7as para seguir em alta e caiu durante todo o preg\u00e3o, registrando sua pior marca \u00e0s 14h10, sendo avaliada em R$\u00a03,7277.<\/p>\n<p>Outras moedas:<\/p>\n<ul>\n<li><strong>Euro<\/strong>: queda de -0,758% (R$ 4,2418);<\/li>\n<li><strong>Libra<\/strong>: queda de -0,671 (R$ 4,8821).<\/li>\n<\/ul>\n<p>Principais assuntos que movimentaram o mercado:<\/p>\n<ul>\n<li><strong>Reforma da Previd\u00eancia;<\/strong><\/li>\n<li><strong>Encontro entre Trump e Liu He;<\/strong><\/li>\n<li><strong>Movimenta\u00e7\u00e3o do Banco Central.<\/strong><\/li>\n<\/ul>\n<h2>Reforma da Previd\u00eancia<\/h2>\n<p>Em rela\u00e7\u00e3o a <strong>reforma da Previd\u00eancia<\/strong>, o mercado segue de olho nos preg\u00f5es e tamb\u00e9m nas novidades para a vota\u00e7\u00e3o da proposta que foi entregue na \u00faltima quarta-feira (20) pelo governo ao <strong>Congresso Nacional<\/strong>.<\/p>\n<p><a href=\"https:\/\/www.suno.com.br\/noticias\/previdencia-maia-determina-envio\/\">Saiba mais:\u00a0Previd\u00eancia: Maia determina envio da PEC para a CCJ da C\u00e2mara<\/a><\/p>\n<p><a href=\"https:\/\/www.suno.com.br\/noticias\/confira-os-principais-pontos-da-pec-da-reforma-da-previdencia\/\">Saiba mais:\u00a0Confira os principais pontos da PEC da reforma da Previd\u00eancia<\/a><\/p>\n<p>De acordo com o presidente do Senado, <strong>Davi Alcolumbre<\/strong> (DEM-AP), o governo ainda n\u00e3o tem os votos necess\u00e1rios para aprovar a reforma. No entanto, existem uma movimenta\u00e7\u00e3o favor\u00e1vel no <strong>Senado<\/strong> e a texto pode entrar em vota\u00e7\u00e3o no primeiro semestre.<\/p>\n<h2>Encontro entre Trump e Liu He<\/h2>\n<p>O presidente norte-americano, <strong>Donald Trump<\/strong>, e o vice-primeiro-ministro chin\u00eas, <strong>Liu He<\/strong>, t\u00eam encontro marcado para esta sexta-feira (22) na Casa Branca. O objetivo \u00e9 selar o acordo comercial.<\/p>\n<p>A reuni\u00e3o entre <strong>Trump<\/strong> e o principal negociador da <strong>China<\/strong> representa mais uma rodada das negocia\u00e7\u00f5es em busca de um <strong>acordo comercial<\/strong>.<\/p>\n<p>Dessa forma, as duas economias lutam para selar um acordo antes do prazo de 1\u00ba mar\u00e7o, onde ser\u00e3o <strong>aumentadas as tarifas<\/strong> em cerca de US$ 200 bilh\u00f5es em <strong>importa\u00e7\u00f5es<\/strong> chinesas.<\/p>\n<p><a href=\"https:\/\/www.suno.com.br\/noticias\/trump-liu-negociar-acordo-comercial\/\">Saiba mais:\u00a0Trump e Liu He se re\u00fanem para negociar o acordo comercial nesta sexta<\/a><\/p>\n<p>Nesta semana, durantes as negocia\u00e7\u00f5es as autoridades de alto n\u00edvel passaram a trabalhar por meio de memorandos com o objetivo de modificar a <strong>estrutura econ\u00f4mica da China<\/strong>.<\/p>\n<p>No entanto, as modifica\u00e7\u00f5es abrangeriam v\u00e1rias \u00e1reas, entre elas:<\/p>\n<ul>\n<li>Transfer\u00eancia for\u00e7ada de tecnologia;<\/li>\n<li>Roubo Cibern\u00e9tico;<\/li>\n<li>Direitos de propriedade intelectual;<\/li>\n<li>Servi\u00e7os;<\/li>\n<li>Moedas;<\/li>\n<li>Agricultura;<\/li>\n<li>Barreiras n\u00e3o-tarif\u00e1rias ao com\u00e9rcio.<\/li>\n<\/ul>\n<h2>Movimenta\u00e7\u00e3o do Banco Central<\/h2>\n<p>Durante a sess\u00e3o desta sexta, o <strong>Banco Central (BC)<\/strong> vendeu 10,33 mil swaps cambiais tradicionais. Os swaps equivalem a venda futura de d\u00f3lares.<\/p>\n<p>Dessa forma, foram rolados US$ 8,264 bilh\u00f5es de um total de US$ 9,811 bilh\u00f5es que possuem vencimento para mar\u00e7o.<\/p>\n<h2>\u00daltimas cota\u00e7\u00f5es<\/h2>\n<p>Durante a semana, o <strong>d\u00f3lar<\/strong> registrou as seguintes cota\u00e7\u00f5es:<\/p>\n<ul>\n<li>Segunda (18) &#8211;\u00a0alta de 0,775% (R$ 3,7324);<\/li>\n<li>Ter\u00e7a (19) &#8211;\u00a0queda de -0,45% (R$ 3,7156);<\/li>\n<li>Quarta (20) &#8211;\u00a0alta de 0,334% (R$ 3,728);<\/li>\n<li>Quinta (21) &#8211;\u00a0alta de\u00a00,907% (R$ 3,7618).<\/li>\n<\/ul>\n","protected":false},"excerpt":{"rendered":"<p>O d\u00f3lar operou em baixa durante toda a sexta-feira (22). No entanto, a moeda norte-americana registrou uma queda de 0,548% sendo cotada a R$ 3,7412. D\u00f3lar fecha em queda 1,21% com reforma da Previd\u00eancia no Senado Durante o dia, a melhor marca do d\u00f3lar aconteceu logo ap\u00f3s o in\u00edcio da sess\u00e3o quando foi cotado a [&hellip;]<\/p>\n","protected":false},"author":11,"featured_media":7946,"comment_status":"closed","ping_status":"closed","sticky":false,"template":"","format":"standard","meta":[],"categories":[60],"tags":[1842,711,326,724,793,940],"suno_strategy":[],"class_list":["post-16358","post","type-post","status-publish","format-standard","has-post-thumbnail","hentry","category-mercado","tag-banco-central-bc","tag-china","tag-dolar","tag-donald-trump","tag-estados-unidos-eua","tag-reforma-da-previdencia"],"yoast_head":"<!-- This site is optimized with the Yoast SEO plugin v24.4 - https:\/\/yoast.com\/wordpress\/plugins\/seo\/ -->\n<title>D\u00f3lar fecha a semana em baixa; Trump negocia acordo com Liu He<\/title>\n<meta name=\"description\" content=\"D\u00f3lar oscila com olhares atentos ao acordo comercial; Reforma da Previd\u00eancia tamb\u00e9m atua sobre a moeda. Clique para saber mais.\" \/>\n<meta name=\"robots\" content=\"index, follow, max-snippet:-1, max-image-preview:large, max-video-preview:-1\" \/>\n<link rel=\"canonical\" href=\"https:\/\/www.suno.com.br\/noticias\/dolar-fecha-baixa-trump-acordo-220219\/\" \/>\n<meta property=\"og:locale\" content=\"pt_BR\" \/>\n<meta property=\"og:type\" content=\"article\" \/>\n<meta property=\"og:title\" content=\"D\u00f3lar fecha a semana em baixa; Trump negocia acordo com Liu He\" \/>\n<meta property=\"og:description\" content=\"D\u00f3lar oscila com olhares atentos ao acordo comercial; Reforma da Previd\u00eancia tamb\u00e9m atua sobre a moeda. Clique para saber mais.\" \/>\n<meta property=\"og:url\" content=\"https:\/\/www.suno.com.br\/noticias\/dolar-fecha-baixa-trump-acordo-220219\/\" \/>\n<meta property=\"og:site_name\" content=\"Suno Not\u00edcias\" \/>\n<meta property=\"article:publisher\" content=\"https:\/\/facebook.com\/sunoresearch\" \/>\n<meta property=\"og:image\" content=\"https:\/\/files.sunoresearch.com.br\/n\/uploads\/2018\/12\/63265878-d\u00f3lar.jpg\" \/>\n\t<meta property=\"og:image:width\" content=\"1772\" \/>\n\t<meta property=\"og:image:height\" content=\"1181\" \/>\n\t<meta property=\"og:image:type\" content=\"image\/jpeg\" \/>\n<meta name=\"author\" content=\"Renan Bandeira\" \/>\n<meta name=\"twitter:card\" content=\"summary_large_image\" \/>\n<meta name=\"twitter:creator\" content=\"@sunoresearch\" \/>\n<meta name=\"twitter:site\" content=\"@sunoresearch\" \/>\n<meta name=\"twitter:label1\" content=\"Escrito por\" \/>\n\t<meta name=\"twitter:data1\" content=\"Renan Bandeira\" \/>\n\t<meta name=\"twitter:label2\" content=\"Est. tempo de leitura\" \/>\n\t<meta name=\"twitter:data2\" content=\"2 minutos\" \/>\n<script type=\"application\/ld+json\" class=\"yoast-schema-graph\">{\"@context\":\"https:\/\/schema.org\",\"@graph\":[{\"@type\":\"NewsArticle\",\"@id\":\"https:\/\/www.suno.com.br\/noticias\/dolar-fecha-baixa-trump-acordo-220219\/#article\",\"isPartOf\":{\"@id\":\"https:\/\/www.suno.com.br\/noticias\/dolar-fecha-baixa-trump-acordo-220219\/\"},\"author\":{\"name\":\"Renan Bandeira\",\"@id\":\"https:\/\/www.suno.com.br\/noticias\/#\/schema\/person\/fc144a1c6108bd1dcd43784e88a3c138\"},\"headline\":\"D\u00f3lar fecha a semana em baixa; Trump negocia acordo com Liu He\",\"datePublished\":\"2019-02-22T20:14:50+00:00\",\"dateModified\":\"2021-06-14T02:48:23+00:00\",\"mainEntityOfPage\":{\"@id\":\"https:\/\/www.suno.com.br\/noticias\/dolar-fecha-baixa-trump-acordo-220219\/\"},\"wordCount\":493,\"publisher\":{\"@id\":\"https:\/\/www.suno.com.br\/noticias\/#organization\"},\"image\":{\"@id\":\"https:\/\/www.suno.com.br\/noticias\/dolar-fecha-baixa-trump-acordo-220219\/#primaryimage\"},\"thumbnailUrl\":\"https:\/\/files.sunoresearch.com.br\/n\/uploads\/2018\/12\/63265878-d\u00f3lar-jpg.webp\",\"keywords\":[\"Banco Central (BC)\",\"China\",\"d\u00f3lar\",\"Donald Trump\",\"Estados Unidos (EUA)\",\"Reforma da Previd\u00eancia\"],\"articleSection\":[\"Mercado\"],\"inLanguage\":\"pt-BR\"},{\"@type\":\"WebPage\",\"@id\":\"https:\/\/www.suno.com.br\/noticias\/dolar-fecha-baixa-trump-acordo-220219\/\",\"url\":\"https:\/\/www.suno.com.br\/noticias\/dolar-fecha-baixa-trump-acordo-220219\/\",\"name\":\"D\u00f3lar fecha a semana em baixa; Trump negocia acordo com Liu He\",\"isPartOf\":{\"@id\":\"https:\/\/www.suno.com.br\/noticias\/#website\"},\"primaryImageOfPage\":{\"@id\":\"https:\/\/www.suno.com.br\/noticias\/dolar-fecha-baixa-trump-acordo-220219\/#primaryimage\"},\"image\":{\"@id\":\"https:\/\/www.suno.com.br\/noticias\/dolar-fecha-baixa-trump-acordo-220219\/#primaryimage\"},\"thumbnailUrl\":\"https:\/\/files.sunoresearch.com.br\/n\/uploads\/2018\/12\/63265878-d\u00f3lar-jpg.webp\",\"datePublished\":\"2019-02-22T20:14:50+00:00\",\"dateModified\":\"2021-06-14T02:48:23+00:00\",\"description\":\"D\u00f3lar oscila com olhares atentos ao acordo comercial; Reforma da Previd\u00eancia tamb\u00e9m atua sobre a moeda. Clique para saber mais.\",\"breadcrumb\":{\"@id\":\"https:\/\/www.suno.com.br\/noticias\/dolar-fecha-baixa-trump-acordo-220219\/#breadcrumb\"},\"inLanguage\":\"pt-BR\",\"potentialAction\":[{\"@type\":\"ReadAction\",\"target\":[\"https:\/\/www.suno.com.br\/noticias\/dolar-fecha-baixa-trump-acordo-220219\/\"]}]},{\"@type\":\"ImageObject\",\"inLanguage\":\"pt-BR\",\"@id\":\"https:\/\/www.suno.com.br\/noticias\/dolar-fecha-baixa-trump-acordo-220219\/#primaryimage\",\"url\":\"https:\/\/files.sunoresearch.com.br\/n\/uploads\/2018\/12\/63265878-d\u00f3lar-jpg.webp\",\"contentUrl\":\"https:\/\/files.sunoresearch.com.br\/n\/uploads\/2018\/12\/63265878-d\u00f3lar-jpg.webp\",\"width\":1772,\"height\":1181,\"caption\":\"D\u00f3lar fecha em queda 1,21% com reforma da Previd\u00eancia no Senado\"},{\"@type\":\"BreadcrumbList\",\"@id\":\"https:\/\/www.suno.com.br\/noticias\/dolar-fecha-baixa-trump-acordo-220219\/#breadcrumb\",\"itemListElement\":[{\"@type\":\"ListItem\",\"position\":1,\"name\":\"Not\u00edcias\",\"item\":\"https:\/\/www.suno.com.br\/noticias\/\"},{\"@type\":\"ListItem\",\"position\":2,\"name\":\"Mercado\",\"item\":\"https:\/\/www.suno.com.br\/noticias\/mercado\/\"},{\"@type\":\"ListItem\",\"position\":3,\"name\":\"D\u00f3lar fecha a semana em baixa; Trump negocia acordo com Liu He\"}]},{\"@type\":\"WebSite\",\"@id\":\"https:\/\/www.suno.com.br\/noticias\/#website\",\"url\":\"https:\/\/www.suno.com.br\/noticias\/\",\"name\":\"Suno Not\u00edcias\",\"description\":\"Seu portal de informa\u00e7\u00e3o sobre o mundo dos investimentos\",\"publisher\":{\"@id\":\"https:\/\/www.suno.com.br\/noticias\/#organization\"},\"potentialAction\":[{\"@type\":\"SearchAction\",\"target\":{\"@type\":\"EntryPoint\",\"urlTemplate\":\"https:\/\/www.suno.com.br\/noticias\/?s={search_term_string}\"},\"query-input\":{\"@type\":\"PropertyValueSpecification\",\"valueRequired\":true,\"valueName\":\"search_term_string\"}}],\"inLanguage\":\"pt-BR\"},{\"@type\":\"Organization\",\"@id\":\"https:\/\/www.suno.com.br\/noticias\/#organization\",\"name\":\"Suno Not\u00edcias\",\"url\":\"https:\/\/www.suno.com.br\/noticias\/\",\"logo\":{\"@type\":\"ImageObject\",\"inLanguage\":\"pt-BR\",\"@id\":\"https:\/\/www.suno.com.br\/noticias\/#\/schema\/logo\/image\/\",\"url\":\"https:\/\/files.sunoresearch.com.br\/n\/uploads\/2021\/09\/suno-logo.png\",\"contentUrl\":\"https:\/\/files.sunoresearch.com.br\/n\/uploads\/2021\/09\/suno-logo.png\",\"width\":180,\"height\":180,\"caption\":\"Suno Not\u00edcias\"},\"image\":{\"@id\":\"https:\/\/www.suno.com.br\/noticias\/#\/schema\/logo\/image\/\"},\"sameAs\":[\"https:\/\/facebook.com\/sunoresearch\",\"https:\/\/x.com\/sunoresearch\",\"https:\/\/www.instagram.com\/suno\",\"https:\/\/www.linkedin.com\/company\/suno-research\/\",\"https:\/\/www.youtube.com\/c\/sunoresearch\"]},{\"@type\":\"Person\",\"@id\":\"https:\/\/www.suno.com.br\/noticias\/#\/schema\/person\/fc144a1c6108bd1dcd43784e88a3c138\",\"name\":\"Renan Bandeira\",\"image\":{\"@type\":\"ImageObject\",\"inLanguage\":\"pt-BR\",\"@id\":\"https:\/\/www.suno.com.br\/noticias\/#\/schema\/person\/image\/\",\"url\":\"https:\/\/secure.gravatar.com\/avatar\/68359cdb608f14f11bbefcb78f3fc747?s=96&r=g\",\"contentUrl\":\"https:\/\/secure.gravatar.com\/avatar\/68359cdb608f14f11bbefcb78f3fc747?s=96&r=g\",\"caption\":\"Renan Bandeira\"},\"description\":\"Renan Bandeira escreve sobre pol\u00edtica e economia para o portal da Suno Research. Antes da Suno, trabalhou em uma rede de televis\u00e3o, onde fazia reportagens sobre os mesmos temas. Estuda na Universidade Metodista de S\u00e3o Paulo.\",\"url\":\"https:\/\/www.suno.com.br\/noticias\/author\/renan-bandeira\/\"}]}<\/script>\n<!-- \/ Yoast SEO plugin. -->","yoast_head_json":{"title":"D\u00f3lar fecha a semana em baixa; Trump negocia acordo com Liu He","description":"D\u00f3lar oscila com olhares atentos ao acordo comercial; Reforma da Previd\u00eancia tamb\u00e9m atua sobre a moeda. Clique para saber mais.","robots":{"index":"index","follow":"follow","max-snippet":"max-snippet:-1","max-image-preview":"max-image-preview:large","max-video-preview":"max-video-preview:-1"},"canonical":"https:\/\/www.suno.com.br\/noticias\/dolar-fecha-baixa-trump-acordo-220219\/","og_locale":"pt_BR","og_type":"article","og_title":"D\u00f3lar fecha a semana em baixa; Trump negocia acordo com Liu He","og_description":"D\u00f3lar oscila com olhares atentos ao acordo comercial; Reforma da Previd\u00eancia tamb\u00e9m atua sobre a moeda. Clique para saber mais.","og_url":"https:\/\/www.suno.com.br\/noticias\/dolar-fecha-baixa-trump-acordo-220219\/","og_site_name":"Suno Not\u00edcias","article_publisher":"https:\/\/facebook.com\/sunoresearch","og_image":[{"width":1772,"height":1181,"url":"https:\/\/files.sunoresearch.com.br\/n\/uploads\/2018\/12\/63265878-d\u00f3lar.jpg","type":"image\/jpeg"}],"author":"Renan Bandeira","twitter_card":"summary_large_image","twitter_creator":"@sunoresearch","twitter_site":"@sunoresearch","twitter_misc":{"Escrito por":"Renan Bandeira","Est. tempo de leitura":"2 minutos"},"schema":{"@context":"https:\/\/schema.org","@graph":[{"@type":"NewsArticle","@id":"https:\/\/www.suno.com.br\/noticias\/dolar-fecha-baixa-trump-acordo-220219\/#article","isPartOf":{"@id":"https:\/\/www.suno.com.br\/noticias\/dolar-fecha-baixa-trump-acordo-220219\/"},"author":{"name":"Renan Bandeira","@id":"https:\/\/www.suno.com.br\/noticias\/#\/schema\/person\/fc144a1c6108bd1dcd43784e88a3c138"},"headline":"D\u00f3lar fecha a semana em baixa; Trump negocia acordo com Liu He","datePublished":"2019-02-22T20:14:50+00:00","dateModified":"2021-06-14T02:48:23+00:00","mainEntityOfPage":{"@id":"https:\/\/www.suno.com.br\/noticias\/dolar-fecha-baixa-trump-acordo-220219\/"},"wordCount":493,"publisher":{"@id":"https:\/\/www.suno.com.br\/noticias\/#organization"},"image":{"@id":"https:\/\/www.suno.com.br\/noticias\/dolar-fecha-baixa-trump-acordo-220219\/#primaryimage"},"thumbnailUrl":"https:\/\/files.sunoresearch.com.br\/n\/uploads\/2018\/12\/63265878-d\u00f3lar-jpg.webp","keywords":["Banco Central (BC)","China","d\u00f3lar","Donald Trump","Estados Unidos (EUA)","Reforma da Previd\u00eancia"],"articleSection":["Mercado"],"inLanguage":"pt-BR"},{"@type":"WebPage","@id":"https:\/\/www.suno.com.br\/noticias\/dolar-fecha-baixa-trump-acordo-220219\/","url":"https:\/\/www.suno.com.br\/noticias\/dolar-fecha-baixa-trump-acordo-220219\/","name":"D\u00f3lar fecha a semana em baixa; Trump negocia acordo com Liu He","isPartOf":{"@id":"https:\/\/www.suno.com.br\/noticias\/#website"},"primaryImageOfPage":{"@id":"https:\/\/www.suno.com.br\/noticias\/dolar-fecha-baixa-trump-acordo-220219\/#primaryimage"},"image":{"@id":"https:\/\/www.suno.com.br\/noticias\/dolar-fecha-baixa-trump-acordo-220219\/#primaryimage"},"thumbnailUrl":"https:\/\/files.sunoresearch.com.br\/n\/uploads\/2018\/12\/63265878-d\u00f3lar-jpg.webp","datePublished":"2019-02-22T20:14:50+00:00","dateModified":"2021-06-14T02:48:23+00:00","description":"D\u00f3lar oscila com olhares atentos ao acordo comercial; Reforma da Previd\u00eancia tamb\u00e9m atua sobre a moeda. Clique para saber mais.","breadcrumb":{"@id":"https:\/\/www.suno.com.br\/noticias\/dolar-fecha-baixa-trump-acordo-220219\/#breadcrumb"},"inLanguage":"pt-BR","potentialAction":[{"@type":"ReadAction","target":["https:\/\/www.suno.com.br\/noticias\/dolar-fecha-baixa-trump-acordo-220219\/"]}]},{"@type":"ImageObject","inLanguage":"pt-BR","@id":"https:\/\/www.suno.com.br\/noticias\/dolar-fecha-baixa-trump-acordo-220219\/#primaryimage","url":"https:\/\/files.sunoresearch.com.br\/n\/uploads\/2018\/12\/63265878-d\u00f3lar-jpg.webp","contentUrl":"https:\/\/files.sunoresearch.com.br\/n\/uploads\/2018\/12\/63265878-d\u00f3lar-jpg.webp","width":1772,"height":1181,"caption":"D\u00f3lar fecha em queda 1,21% com reforma da Previd\u00eancia no Senado"},{"@type":"BreadcrumbList","@id":"https:\/\/www.suno.com.br\/noticias\/dolar-fecha-baixa-trump-acordo-220219\/#breadcrumb","itemListElement":[{"@type":"ListItem","position":1,"name":"Not\u00edcias","item":"https:\/\/www.suno.com.br\/noticias\/"},{"@type":"ListItem","position":2,"name":"Mercado","item":"https:\/\/www.suno.com.br\/noticias\/mercado\/"},{"@type":"ListItem","position":3,"name":"D\u00f3lar fecha a semana em baixa; Trump negocia acordo com Liu He"}]},{"@type":"WebSite","@id":"https:\/\/www.suno.com.br\/noticias\/#website","url":"https:\/\/www.suno.com.br\/noticias\/","name":"Suno Not\u00edcias","description":"Seu portal de informa\u00e7\u00e3o sobre o mundo dos investimentos","publisher":{"@id":"https:\/\/www.suno.com.br\/noticias\/#organization"},"potentialAction":[{"@type":"SearchAction","target":{"@type":"EntryPoint","urlTemplate":"https:\/\/www.suno.com.br\/noticias\/?s={search_term_string}"},"query-input":{"@type":"PropertyValueSpecification","valueRequired":true,"valueName":"search_term_string"}}],"inLanguage":"pt-BR"},{"@type":"Organization","@id":"https:\/\/www.suno.com.br\/noticias\/#organization","name":"Suno Not\u00edcias","url":"https:\/\/www.suno.com.br\/noticias\/","logo":{"@type":"ImageObject","inLanguage":"pt-BR","@id":"https:\/\/www.suno.com.br\/noticias\/#\/schema\/logo\/image\/","url":"https:\/\/files.sunoresearch.com.br\/n\/uploads\/2021\/09\/suno-logo.png","contentUrl":"https:\/\/files.sunoresearch.com.br\/n\/uploads\/2021\/09\/suno-logo.png","width":180,"height":180,"caption":"Suno Not\u00edcias"},"image":{"@id":"https:\/\/www.suno.com.br\/noticias\/#\/schema\/logo\/image\/"},"sameAs":["https:\/\/facebook.com\/sunoresearch","https:\/\/x.com\/sunoresearch","https:\/\/www.instagram.com\/suno","https:\/\/www.linkedin.com\/company\/suno-research\/","https:\/\/www.youtube.com\/c\/sunoresearch"]},{"@type":"Person","@id":"https:\/\/www.suno.com.br\/noticias\/#\/schema\/person\/fc144a1c6108bd1dcd43784e88a3c138","name":"Renan Bandeira","image":{"@type":"ImageObject","inLanguage":"pt-BR","@id":"https:\/\/www.suno.com.br\/noticias\/#\/schema\/person\/image\/","url":"https:\/\/secure.gravatar.com\/avatar\/68359cdb608f14f11bbefcb78f3fc747?s=96&r=g","contentUrl":"https:\/\/secure.gravatar.com\/avatar\/68359cdb608f14f11bbefcb78f3fc747?s=96&r=g","caption":"Renan Bandeira"},"description":"Renan Bandeira escreve sobre pol\u00edtica e economia para o portal da Suno Research. Antes da Suno, trabalhou em uma rede de televis\u00e3o, onde fazia reportagens sobre os mesmos temas. Estuda na Universidade Metodista de S\u00e3o Paulo.","url":"https:\/\/www.suno.com.br\/noticias\/author\/renan-bandeira\/"}]}},"default_loop_html":"<div class=\"cardsPage__listCard__boxs\"><div class=\"cardsPage__listCard__boxs__img\"><a href=\"https:\/\/www.suno.com.br\/noticias\/dolar-fecha-baixa-trump-acordo-220219\/\"><img class=\"mask\" src=\"https:\/\/www.suno.com.br\/noticias\/wp-content\/themes\/suno\/resources\/images\/spotlight\/spotlight1img\/bg-mask.png\" alt=\"Image Mask\"\/><img src=\"https:\/\/files.sunoresearch.com.br\/n\/uploads\/2018\/12\/63265878-d\u00f3lar-400x200.webp\" alt=\"D\u00f3lar fecha a semana em baixa; Trump negocia acordo com Liu He\"\/><\/a><span class=\"spotlightCategory\"><a href=\"https:\/\/www.suno.com.br\/noticias\/mercado\/\">Mercado<\/a><\/span><\/div><div class=\"cardsPage__listCard__boxs__content\"><a href=\"https:\/\/www.suno.com.br\/noticias\/dolar-fecha-baixa-trump-acordo-220219\/\"><h2 class=\"content__title\">D\u00f3lar fecha a semana em baixa; Trump negocia acordo com Liu He<\/h2><\/a><div class=\"newsContent__article__meta\"><div class=\"newsContent__article__meta__authorBox\"><a href=\"https:\/\/www.suno.com.br\/noticias\/author\/renan-bandeira\/\" class=\"authorBox__avatar noMobi\"><img src=\"https:\/\/secure.gravatar.com\/avatar\/68359cdb608f14f11bbefcb78f3fc747?s=96&#038;r=g\" alt=\"Renan Bandeira\"><\/a><div class=\"authorBox__name\"><span>por\n\t\t\t<a href=\"https:\/\/www.suno.com.br\/noticias\/author\/renan-bandeira\/\"><span itemprop=\"author\">Renan Bandeira<\/span><\/a><\/span><time datetime=\"2019-02-22T17:14:50-03:00\" itemprop=\"datePublished\">22\/02\/2019 17:14<\/time><\/div><\/div><\/div><\/div><\/div>","single_layout":"posts","amp_enabled":true,"_links":{"self":[{"href":"https:\/\/www.suno.com.br\/noticias\/wp-json\/wp\/v2\/posts\/16358"}],"collection":[{"href":"https:\/\/www.suno.com.br\/noticias\/wp-json\/wp\/v2\/posts"}],"about":[{"href":"https:\/\/www.suno.com.br\/noticias\/wp-json\/wp\/v2\/types\/post"}],"author":[{"embeddable":true,"href":"https:\/\/www.suno.com.br\/noticias\/wp-json\/wp\/v2\/users\/11"}],"replies":[{"embeddable":true,"href":"https:\/\/www.suno.com.br\/noticias\/wp-json\/wp\/v2\/comments?post=16358"}],"version-history":[{"count":1,"href":"https:\/\/www.suno.com.br\/noticias\/wp-json\/wp\/v2\/posts\/16358\/revisions"}],"predecessor-version":[{"id":157471,"href":"https:\/\/www.suno.com.br\/noticias\/wp-json\/wp\/v2\/posts\/16358\/revisions\/157471"}],"wp:featuredmedia":[{"embeddable":true,"href":"https:\/\/www.suno.com.br\/noticias\/wp-json\/wp\/v2\/media\/7946"}],"wp:attachment":[{"href":"https:\/\/www.suno.com.br\/noticias\/wp-json\/wp\/v2\/media?parent=16358"}],"wp:term":[{"taxonomy":"category","embeddable":true,"href":"https:\/\/www.suno.com.br\/noticias\/wp-json\/wp\/v2\/categories?post=16358"},{"taxonomy":"post_tag","embeddable":true,"href":"https:\/\/www.suno.com.br\/noticias\/wp-json\/wp\/v2\/tags?post=16358"},{"taxonomy":"suno_strategy","embeddable":true,"href":"https:\/\/www.suno.com.br\/noticias\/wp-json\/wp\/v2\/suno_strategy?post=16358"}],"curies":[{"name":"wp","href":"https:\/\/api.w.org\/{rel}","templated":true}]}}