{"id":163485,"date":"2021-07-04T09:48:30","date_gmt":"2021-07-04T12:48:30","guid":{"rendered":"https:\/\/www.suno.com.br\/noticias\/?p=163485"},"modified":"2021-07-04T09:48:30","modified_gmt":"2021-07-04T12:48:30","slug":"bolsa-ipo-luciano-hang-havan","status":"publish","type":"post","link":"https:\/\/www.suno.com.br\/noticias\/bolsa-ipo-luciano-hang-havan\/","title":{"rendered":"A caminho da Bolsa, Havan perde f\u00f4lego"},"content":{"rendered":"<p>H\u00e1 algumas semanas, <a class=\"suno-keyword\" href=\"https:\/\/www.suno.com.br\/tudo-sobre\/luciano-hang\/\" target=\"_blank\" rel=\"noopener noreferrer\" data-force=\"no\" data-priority=\"2\">Luciano Hang<\/a> levou potenciais investidores para conhecer lojas da <strong>Havan<\/strong>. A ideia era mostrar o modelo de neg\u00f3cios da rede varejista a grandes fundos, que seriam \u00e2ncoras (os investidores de maior peso) de uma oferta inicial de a\u00e7\u00f5es (IPO, na sigla em ingl\u00eas). Enquanto anda com o plano de ida \u00e0 Bolsa, por\u00e9m, a Havan se adapta \u00e0 realidade.<\/p>\t<div class=\"wrapper-featured-image\">\n\t\t<figure class=\"spotlightImg\">\n\n\t\t\t<picture>\n\t\t\t\t<source media=\"(max-width: 768px)\" srcset=\"https:\/\/files.sunoresearch.com.br\/n\/uploads\/2021\/06\/cfb8b703-192265128_4529587913741223_3223530839892666302_n-400x200.webp\">\n\t\t\t\t<img loading=\"lazy\" decoding=\"async\" class=\"newsContent__article__imgCapa lazyloadDisabled \" src=\"https:\/\/files.sunoresearch.com.br\/n\/uploads\/2021\/06\/cfb8b703-192265128_4529587913741223_3223530839892666302_n-800x450.webp\" width=\"800\" height=\"450\" alt=\"A caminho da Bolsa, Havan perde f\u00f4lego\" fetchpriority=high \/>\n\t\t\t<\/picture>\n\n\t\t\t<figcaption class=\"wp-caption-text wp-caption-text--show\">Havan. Foto: Reprodu\u00e7\u00e3o Instagram<\/figcaption>\n\t\t<\/figure>\n\t<\/div>\n\n\n\t<p>\n\t\t<a href=\"https:\/\/lp.suno.com.br\/planilha-controle-gastos\/\" target=\"_blank\" data-element=\"shortcode-suno-banner\" title=\"Banner SUNO, clique e saiba mais\">\n\t\t\t<picture>\n\t\t\t\t<source media=\"(max-width: 500px)\" srcset=\"https:\/\/files.sunoresearch.com.br\/n\/uploads\/2023\/03\/400x300-Planilha-controle-de-gastos.png\">\n\t\t\t\t<img class=\"newsContent__article__imgCapa newsContent__article__imgCapa--banner\"\n\t\t\t\t\tsrc=\"https:\/\/files.sunoresearch.com.br\/n\/uploads\/2023\/03\/1420x240-Planilha-controle-de-gastos.png\"\n\t\t\t\t\tdata-promo-id=\"101751\"\t\t\t\t\t\t\t\t\t\twidth='1420' height='240'\t\t\t\t\talt=\"https:\/\/files.sunoresearch.com.br\/n\/uploads\/2023\/03\/1420x240-Planilha-controle-de-gastos.png\"\n\t\t\t\t>\n\t\t\t<\/picture>\n\t\t<\/a>\n\t<\/p>\n\n\n<p>Ao protocolar o prospecto de seu <strong>IPO<\/strong> na Comiss\u00e3o de Valores Mobili\u00e1rios (CVM), em 2020, a varejista tinha a pretens\u00e3o de chegar \u00e0 Bolsa valendo R$ 100 bilh\u00f5es. Em mar\u00e7o, o valor baixou para R$ 70 bilh\u00f5es. Hoje, as estimativas de potenciais investidores j\u00e1 cortaram o projeto a menos da metade: R$ 45 bilh\u00f5es.<\/p>\n<p>Mesmo assim, os desafios para a Havan abrir seu capital n\u00e3o s\u00e3o poucos. Os especialistas apontam desde problemas de governan\u00e7a e excessiva depend\u00eancia da figura de seu controlador, conhecido por ser um fervoroso defensor do presidente <strong>Jair Bolsonaro<\/strong>, at\u00e9 questionamentos sobre a transpar\u00eancia da empresa e as informa\u00e7\u00f5es apresentadas no site de <a class=\"suno-keyword\" href=\"https:\/\/www.suno.com.br\/artigos\/relacoes-com-investidores\/\" target=\"_blank\" rel=\"noopener noreferrer\" data-force=\"no\" data-priority=\"1\">rela\u00e7\u00f5es com investidores<\/a> (RI).<\/p>\n<p>Um gestor de um grande fundo no Brasil, que foi convidado para o tour e decidiu n\u00e3o participar, afirma que o extremismo pol\u00edtico de Hang pode, sim, ser um fator negativo para o IPO, visto como um ponto relevante na governan\u00e7a da companhia. &#8220;N\u00e3o duvido que, se um fundo for \u00e2ncora, ele pode fazer um boicote e pedir resgate&#8221;, diz. No prospecto protocolado na CVM ano passado, <strong>Hang<\/strong> \u00e9 apresentado como um fator de risco. De qualquer forma, o IPO deve esperar, dizem fontes envolvidas no processo.<\/p>\n<h2>S\u00e3o apenas 3 conselheiros da Havan, sendo Hang um deles<\/h2>\n<p>Mas h\u00e1 outras quest\u00f5es. A <a class=\"suno-keyword\" href=\"https:\/\/www.suno.com.br\/artigos\/governanca-corporativa\/\" target=\"_blank\" rel=\"noopener noreferrer\" data-force=\"no\" data-priority=\"2\">governan\u00e7a corporativa<\/a>, por exemplo, est\u00e1 longe das pr\u00e1ticas de empresas abertas. O <a class=\"suno-keyword\" href=\"https:\/\/www.suno.com.br\/artigos\/conselho-administracao\/\" target=\"_blank\" rel=\"noopener noreferrer\" data-force=\"no\" data-priority=\"1\">conselho de administra\u00e7\u00e3o<\/a> \u00e9 formado por apenas tr\u00eas pessoas, sendo uma delas Hang. Atende \u00e0 determina\u00e7\u00e3o da Lei das Sociedades An\u00f4nimas (SAs), mas n\u00e3o \u00e0 indica\u00e7\u00e3o do colegiado ser composto por entre 5 e 11 membros, feita \u00e0s empresas de capital aberto pelo <a class=\"suno-keyword\" href=\"https:\/\/www.suno.com.br\/artigos\/ibgc\/\" target=\"_blank\" rel=\"noopener noreferrer\" data-force=\"no\" data-priority=\"1\">Instituto Brasileiro de Governan\u00e7a Corporativa (IBGC)<\/a>.<\/p>\n<p>&#8220;Esse \u00e9 o n\u00famero m\u00ednimo para que haja diversidade em compet\u00eancias e expertises em conhecimento t\u00e9cnico&#8221;, diz Luiz Martha, gerente de pesquisa, conte\u00fado e comiss\u00f5es do IBGC, ao responder sobre o colegiado ideal. &#8220;O conselho n\u00e3o pode ser muito pequeno para que exista diversidade, nem t\u00e3o grande para haver consenso.&#8221;<\/p>\n<p>Al\u00e9m disso, diz ele, o IBGC recomenda que o presidente executivo n\u00e3o fa\u00e7a parte do colegiado, mas seja regularmente convidado \u00e0s reuni\u00f5es. &#8220;O conselho tem de agir no melhor interesse da companhia, ainda que suas decis\u00f5es sejam conflitantes com os objetivos de <a class=\"suno-keyword\" href=\"https:\/\/www.suno.com.br\/artigos\/curto-prazo\/\" target=\"_blank\" rel=\"noopener noreferrer\" data-force=\"no\" data-priority=\"1\">curto prazo<\/a> do acionista&#8221;, diz ele. &#8220;H\u00e1 reuni\u00f5es que precisam ser realizadas sem a presen\u00e7a do principal executivo e \u00e9 necess\u00e1rio evitar constrangimentos para ambos os lados.&#8221;<\/p>\n\t<p>\n\t\t<a href=\"https:\/\/lp.suno.com.br\/planilha-da-vida-financeira\/\" target=\"_blank\" data-element=\"shortcode-suno-banner\" title=\"Banner SUNO, clique e saiba mais\">\n\t\t\t<picture>\n\t\t\t\t<source media=\"(max-width: 500px)\" srcset=\"https:\/\/files.sunoresearch.com.br\/n\/uploads\/2023\/04\/400x300-Planilha-vida-financeira-true.png\">\n\t\t\t\t<img class=\"newsContent__article__imgCapa newsContent__article__imgCapa--banner\"\n\t\t\t\t\tsrc=\"https:\/\/files.sunoresearch.com.br\/n\/uploads\/2023\/04\/1420x240-Planilha-vida-financeira-true.png\"\n\t\t\t\t\tdata-promo-id=\"106682\"\t\t\t\t\t\t\t\t\t\twidth='1420' height='240'\t\t\t\t\talt=\"https:\/\/files.sunoresearch.com.br\/n\/uploads\/2023\/04\/1420x240-Planilha-vida-financeira-true.png\"\n\t\t\t\t>\n\t\t\t<\/picture>\n\t\t<\/a>\n\t<\/p>\n\n\n<p>Em respostas por email, a Havan diz que, apesar de ser uma companhia fechada e com um \u00fanico acionista, adotou boa parte das regras de governan\u00e7a do <a class=\"suno-keyword\" href=\"https:\/\/www.suno.com.br\/artigos\/novo-mercado\/\" target=\"_blank\" rel=\"noopener noreferrer\" data-force=\"no\" data-priority=\"1\">Novo Mercado<\/a>. Entre elas, o conselho &#8220;no qual h\u00e1 Conselheiro Independente, n\u00e3o cumulando as posi\u00e7\u00f5es de <strong>CEO<\/strong> e presidente do Conselho e criou diversos Comit\u00eas para garantir o nosso bom funcionamento&#8221;.<\/p>\n<p>At\u00e9 quinta-feira, no site de RI da empresa, por\u00e9m, havia apenas um comit\u00ea, formado por uma pessoa e sem identifica\u00e7\u00e3o de sua \u00e1rea de atua\u00e7\u00e3o. &#8220;N\u00e3o faz sentido ter um comit\u00ea formado por apenas uma pessoa porque n\u00e3o h\u00e1 o debate e a carga de trabalho \u00e9 incompat\u00edvel com a fun\u00e7\u00e3o&#8221;, diz Martha. Ap\u00f3s questionamentos da reportagem, a Havan incluiu mais duas pessoas no comit\u00ea, que passou a ter tr\u00eas membros. Tamb\u00e9m incluiu um CFO (diretor financeiro) e retirou <strong>Hang<\/strong> da lideran\u00e7a.<\/p>\n<p>A Havan tamb\u00e9m afirma, no mesmo <em>email<\/em>, que, apesar de o IBGC sugerir que o CEO n\u00e3o fa\u00e7a parte do conselho, &#8220;basta uma simples pesquisa no site de RI de algumas das principais <a class=\"suno-keyword\" href=\"https:\/\/www.suno.com.br\/artigos\/companhias-abertas\/\" target=\"_blank\" rel=\"noopener noreferrer\" data-force=\"no\" data-priority=\"1\">Companhias Abertas<\/a> Brasileiras para se aferir que tal recomenda\u00e7\u00e3o, na absoluta maioria dos casos, n\u00e3o \u00e9 seguida.&#8221;<\/p>\n<p>De todo modo, outras pr\u00e1ticas adotadas pelas empresas de capital aberto tamb\u00e9m n\u00e3o funcionam na Havan. Al\u00e9m de ser diretor de rela\u00e7\u00f5es com investidores e financeiro da Havan, Edson Diegoli, por exemplo, tamb\u00e9m aparece no site de RI como diretor administrativo de outras empresas de Luciano Hang. Entre elas, quatro geradoras de energia e uma administradora de shoppings, das quais tamb\u00e9m \u00e9 s\u00f3cio.<\/p>\n<p>&#8220;O sr. Diegoli se dedica de maneira integral \u00e0 <strong>Havan<\/strong>. Nas demais companhias do grupo nas quais tem algum cargo, ele exerce um papel estrat\u00e9gico, sem necessidade de presen\u00e7a f\u00edsica, semelhante ao papel de um conselheiro de uma companhia aberta&#8221;, escreveu a empresa. &#8220;Al\u00e9m disso, a Havan \u00e9 composta de outras pessoas al\u00e9m da diretoria, que conseguem suportar, n\u00e3o somente a opera\u00e7\u00e3o, como tamb\u00e9m dedicar-se na condu\u00e7\u00e3o do IPO.&#8221;<\/p>\n\t<p>\n\t\t<a href=\"https:\/\/lp.suno.com.br\/planilha-de-controle-de-investimentos\/\" target=\"_blank\" data-element=\"shortcode-suno-banner\" title=\"Banner SUNO, clique e saiba mais\">\n\t\t\t<picture>\n\t\t\t\t<source media=\"(max-width: 500px)\" srcset=\"https:\/\/files.sunoresearch.com.br\/n\/uploads\/2023\/03\/400x300-Controle-de-Investimentos.png\">\n\t\t\t\t<img class=\"newsContent__article__imgCapa newsContent__article__imgCapa--banner\"\n\t\t\t\t\tsrc=\"https:\/\/files.sunoresearch.com.br\/n\/uploads\/2023\/03\/1420x240-Controle-de-Investimentos.png\"\n\t\t\t\t\tdata-promo-id=\"75934\"\t\t\t\t\t\t\t\t\t\twidth='1420' height='240'\t\t\t\t\talt=\"https:\/\/files.sunoresearch.com.br\/n\/uploads\/2023\/03\/1420x240-Controle-de-Investimentos.png\"\n\t\t\t\t>\n\t\t\t<\/picture>\n\t\t<\/a>\n\t<\/p>\n\n\n","protected":false},"excerpt":{"rendered":"<p>H\u00e1 algumas semanas, Luciano Hang levou potenciais investidores para conhecer lojas da Havan. A ideia era mostrar o modelo de neg\u00f3cios da rede varejista a grandes fundos, que seriam \u00e2ncoras (os investidores de maior peso) de uma oferta inicial de a\u00e7\u00f5es (IPO, na sigla em ingl\u00eas). Enquanto anda com o plano de ida \u00e0 Bolsa, [&hellip;]<\/p>\n","protected":false},"author":15,"featured_media":159303,"comment_status":"closed","ping_status":"closed","sticky":false,"template":"","format":"standard","meta":[],"categories":[64],"tags":[90248,319],"suno_strategy":[],"class_list":["post-163485","post","type-post","status-publish","format-standard","has-post-thumbnail","hentry","category-negocios","tag-havan","tag-ipo-oferta-inicial-de-acoes"],"yoast_head":"<!-- This site is optimized with the Yoast SEO plugin v24.4 - https:\/\/yoast.com\/wordpress\/plugins\/seo\/ -->\n<title>A caminho da oferta na Bolsa de Valores, Havan perde f\u00f4lego<\/title>\n<meta name=\"description\" content=\"H\u00e1 algumas semanas, Luciano Hang levou potenciais investidores para conhecer lojas da Havan. Clique aqui e saiba mais\" \/>\n<meta name=\"robots\" content=\"index, follow, max-snippet:-1, max-image-preview:large, max-video-preview:-1\" \/>\n<link rel=\"canonical\" href=\"https:\/\/www.suno.com.br\/noticias\/bolsa-ipo-luciano-hang-havan\/\" \/>\n<meta property=\"og:locale\" content=\"pt_BR\" \/>\n<meta property=\"og:type\" content=\"article\" \/>\n<meta property=\"og:title\" content=\"A caminho da oferta na Bolsa de Valores, Havan perde f\u00f4lego\" \/>\n<meta property=\"og:description\" content=\"H\u00e1 algumas semanas, Luciano Hang levou potenciais investidores para conhecer lojas da Havan. Clique aqui e saiba mais\" \/>\n<meta property=\"og:url\" content=\"https:\/\/www.suno.com.br\/noticias\/bolsa-ipo-luciano-hang-havan\/\" \/>\n<meta property=\"og:site_name\" content=\"Suno Not\u00edcias\" \/>\n<meta property=\"article:publisher\" content=\"https:\/\/facebook.com\/sunoresearch\" \/>\n<meta property=\"og:image\" content=\"https:\/\/files.sunoresearch.com.br\/n\/uploads\/2021\/06\/cfb8b703-192265128_4529587913741223_3223530839892666302_n.jpg\" \/>\n\t<meta property=\"og:image:width\" content=\"1875\" \/>\n\t<meta property=\"og:image:height\" content=\"1250\" \/>\n\t<meta property=\"og:image:type\" content=\"image\/jpeg\" \/>\n<meta name=\"author\" content=\"Poliana Santos\" \/>\n<meta name=\"twitter:card\" content=\"summary_large_image\" \/>\n<meta name=\"twitter:creator\" content=\"@sunoresearch\" \/>\n<meta name=\"twitter:site\" content=\"@sunoresearch\" \/>\n<meta name=\"twitter:label1\" content=\"Escrito por\" \/>\n\t<meta name=\"twitter:data1\" content=\"Poliana Santos\" \/>\n\t<meta name=\"twitter:label2\" content=\"Est. tempo de leitura\" \/>\n\t<meta name=\"twitter:data2\" content=\"4 minutos\" \/>\n<script type=\"application\/ld+json\" class=\"yoast-schema-graph\">{\"@context\":\"https:\/\/schema.org\",\"@graph\":[{\"@type\":\"NewsArticle\",\"@id\":\"https:\/\/www.suno.com.br\/noticias\/bolsa-ipo-luciano-hang-havan\/#article\",\"isPartOf\":{\"@id\":\"https:\/\/www.suno.com.br\/noticias\/bolsa-ipo-luciano-hang-havan\/\"},\"author\":{\"name\":\"Poliana Santos\",\"@id\":\"https:\/\/www.suno.com.br\/noticias\/#\/schema\/person\/02ec1f752758247878a2bf4abee1aeda\"},\"headline\":\"A caminho da Bolsa, Havan perde f\u00f4lego\",\"datePublished\":\"2021-07-04T12:48:30+00:00\",\"mainEntityOfPage\":{\"@id\":\"https:\/\/www.suno.com.br\/noticias\/bolsa-ipo-luciano-hang-havan\/\"},\"wordCount\":858,\"publisher\":{\"@id\":\"https:\/\/www.suno.com.br\/noticias\/#organization\"},\"image\":{\"@id\":\"https:\/\/www.suno.com.br\/noticias\/bolsa-ipo-luciano-hang-havan\/#primaryimage\"},\"thumbnailUrl\":\"https:\/\/files.sunoresearch.com.br\/n\/uploads\/2021\/06\/cfb8b703-192265128_4529587913741223_3223530839892666302_n-jpg.webp\",\"keywords\":[\"Havan\",\"IPO (Oferta Inicial de A\u00e7\u00f5es)\"],\"articleSection\":[\"Neg\u00f3cios\"],\"inLanguage\":\"pt-BR\"},{\"@type\":\"WebPage\",\"@id\":\"https:\/\/www.suno.com.br\/noticias\/bolsa-ipo-luciano-hang-havan\/\",\"url\":\"https:\/\/www.suno.com.br\/noticias\/bolsa-ipo-luciano-hang-havan\/\",\"name\":\"A caminho da oferta na Bolsa de Valores, Havan perde f\u00f4lego\",\"isPartOf\":{\"@id\":\"https:\/\/www.suno.com.br\/noticias\/#website\"},\"primaryImageOfPage\":{\"@id\":\"https:\/\/www.suno.com.br\/noticias\/bolsa-ipo-luciano-hang-havan\/#primaryimage\"},\"image\":{\"@id\":\"https:\/\/www.suno.com.br\/noticias\/bolsa-ipo-luciano-hang-havan\/#primaryimage\"},\"thumbnailUrl\":\"https:\/\/files.sunoresearch.com.br\/n\/uploads\/2021\/06\/cfb8b703-192265128_4529587913741223_3223530839892666302_n-jpg.webp\",\"datePublished\":\"2021-07-04T12:48:30+00:00\",\"description\":\"H\u00e1 algumas semanas, Luciano Hang levou potenciais investidores para conhecer lojas da Havan. Clique aqui e saiba mais\",\"breadcrumb\":{\"@id\":\"https:\/\/www.suno.com.br\/noticias\/bolsa-ipo-luciano-hang-havan\/#breadcrumb\"},\"inLanguage\":\"pt-BR\",\"potentialAction\":[{\"@type\":\"ReadAction\",\"target\":[\"https:\/\/www.suno.com.br\/noticias\/bolsa-ipo-luciano-hang-havan\/\"]}]},{\"@type\":\"ImageObject\",\"inLanguage\":\"pt-BR\",\"@id\":\"https:\/\/www.suno.com.br\/noticias\/bolsa-ipo-luciano-hang-havan\/#primaryimage\",\"url\":\"https:\/\/files.sunoresearch.com.br\/n\/uploads\/2021\/06\/cfb8b703-192265128_4529587913741223_3223530839892666302_n-jpg.webp\",\"contentUrl\":\"https:\/\/files.sunoresearch.com.br\/n\/uploads\/2021\/06\/cfb8b703-192265128_4529587913741223_3223530839892666302_n-jpg.webp\",\"width\":1875,\"height\":1250,\"caption\":\"Havan. Foto: Reprodu\u00e7\u00e3o Instagram\"},{\"@type\":\"BreadcrumbList\",\"@id\":\"https:\/\/www.suno.com.br\/noticias\/bolsa-ipo-luciano-hang-havan\/#breadcrumb\",\"itemListElement\":[{\"@type\":\"ListItem\",\"position\":1,\"name\":\"Not\u00edcias\",\"item\":\"https:\/\/www.suno.com.br\/noticias\/\"},{\"@type\":\"ListItem\",\"position\":2,\"name\":\"Neg\u00f3cios\",\"item\":\"https:\/\/www.suno.com.br\/noticias\/negocios\/\"},{\"@type\":\"ListItem\",\"position\":3,\"name\":\"A caminho da Bolsa, Havan perde f\u00f4lego\"}]},{\"@type\":\"WebSite\",\"@id\":\"https:\/\/www.suno.com.br\/noticias\/#website\",\"url\":\"https:\/\/www.suno.com.br\/noticias\/\",\"name\":\"Suno Not\u00edcias\",\"description\":\"Seu portal de informa\u00e7\u00e3o sobre o mundo dos investimentos\",\"publisher\":{\"@id\":\"https:\/\/www.suno.com.br\/noticias\/#organization\"},\"potentialAction\":[{\"@type\":\"SearchAction\",\"target\":{\"@type\":\"EntryPoint\",\"urlTemplate\":\"https:\/\/www.suno.com.br\/noticias\/?s={search_term_string}\"},\"query-input\":{\"@type\":\"PropertyValueSpecification\",\"valueRequired\":true,\"valueName\":\"search_term_string\"}}],\"inLanguage\":\"pt-BR\"},{\"@type\":\"Organization\",\"@id\":\"https:\/\/www.suno.com.br\/noticias\/#organization\",\"name\":\"Suno Not\u00edcias\",\"url\":\"https:\/\/www.suno.com.br\/noticias\/\",\"logo\":{\"@type\":\"ImageObject\",\"inLanguage\":\"pt-BR\",\"@id\":\"https:\/\/www.suno.com.br\/noticias\/#\/schema\/logo\/image\/\",\"url\":\"https:\/\/files.sunoresearch.com.br\/n\/uploads\/2021\/09\/suno-logo.png\",\"contentUrl\":\"https:\/\/files.sunoresearch.com.br\/n\/uploads\/2021\/09\/suno-logo.png\",\"width\":180,\"height\":180,\"caption\":\"Suno Not\u00edcias\"},\"image\":{\"@id\":\"https:\/\/www.suno.com.br\/noticias\/#\/schema\/logo\/image\/\"},\"sameAs\":[\"https:\/\/facebook.com\/sunoresearch\",\"https:\/\/x.com\/sunoresearch\",\"https:\/\/www.instagram.com\/suno\",\"https:\/\/www.linkedin.com\/company\/suno-research\/\",\"https:\/\/www.youtube.com\/c\/sunoresearch\"]},{\"@type\":\"Person\",\"@id\":\"https:\/\/www.suno.com.br\/noticias\/#\/schema\/person\/02ec1f752758247878a2bf4abee1aeda\",\"name\":\"Poliana Santos\",\"image\":{\"@type\":\"ImageObject\",\"inLanguage\":\"pt-BR\",\"@id\":\"https:\/\/www.suno.com.br\/noticias\/#\/schema\/person\/image\/\",\"url\":\"https:\/\/secure.gravatar.com\/avatar\/0645bd32f23d87b2130f2b2dff1d3f8d?s=96&r=g\",\"contentUrl\":\"https:\/\/secure.gravatar.com\/avatar\/0645bd32f23d87b2130f2b2dff1d3f8d?s=96&r=g\",\"caption\":\"Poliana Santos\"},\"description\":\"Rep\u00f3rter no Suno Not\u00edcias, com cobertura em mercado financeiro, economia, finan\u00e7as pessoais, renda fixa e varejo. Jornalista formada pela Faculdade C\u00e1sper L\u00edbero e possui passagem na R\u00e1dio Gazeta AM com a produ\u00e7\u00e3o de conte\u00fado sobre economia, pol\u00edtica, sa\u00fade, moda e m\u00fasica. Possui certificado de conclus\u00e3o do curso de An\u00e1lise de Balan\u00e7os pela Funda\u00e7\u00e3o Bradesco, Agenda Brasil pela FAAP, Educa\u00e7\u00e3o Pol\u00edtica por Alexandre Garcia e do Tesouro Direto e Mercado de A\u00e7\u00f5es pela B3.\",\"url\":\"https:\/\/www.suno.com.br\/noticias\/author\/poliana-santos\/\"}]}<\/script>\n<!-- \/ Yoast SEO plugin. -->","yoast_head_json":{"title":"A caminho da oferta na Bolsa de Valores, Havan perde f\u00f4lego","description":"H\u00e1 algumas semanas, Luciano Hang levou potenciais investidores para conhecer lojas da Havan. Clique aqui e saiba mais","robots":{"index":"index","follow":"follow","max-snippet":"max-snippet:-1","max-image-preview":"max-image-preview:large","max-video-preview":"max-video-preview:-1"},"canonical":"https:\/\/www.suno.com.br\/noticias\/bolsa-ipo-luciano-hang-havan\/","og_locale":"pt_BR","og_type":"article","og_title":"A caminho da oferta na Bolsa de Valores, Havan perde f\u00f4lego","og_description":"H\u00e1 algumas semanas, Luciano Hang levou potenciais investidores para conhecer lojas da Havan. Clique aqui e saiba mais","og_url":"https:\/\/www.suno.com.br\/noticias\/bolsa-ipo-luciano-hang-havan\/","og_site_name":"Suno Not\u00edcias","article_publisher":"https:\/\/facebook.com\/sunoresearch","og_image":[{"width":1875,"height":1250,"url":"https:\/\/files.sunoresearch.com.br\/n\/uploads\/2021\/06\/cfb8b703-192265128_4529587913741223_3223530839892666302_n.jpg","type":"image\/jpeg"}],"author":"Poliana Santos","twitter_card":"summary_large_image","twitter_creator":"@sunoresearch","twitter_site":"@sunoresearch","twitter_misc":{"Escrito por":"Poliana Santos","Est. tempo de leitura":"4 minutos"},"schema":{"@context":"https:\/\/schema.org","@graph":[{"@type":"NewsArticle","@id":"https:\/\/www.suno.com.br\/noticias\/bolsa-ipo-luciano-hang-havan\/#article","isPartOf":{"@id":"https:\/\/www.suno.com.br\/noticias\/bolsa-ipo-luciano-hang-havan\/"},"author":{"name":"Poliana Santos","@id":"https:\/\/www.suno.com.br\/noticias\/#\/schema\/person\/02ec1f752758247878a2bf4abee1aeda"},"headline":"A caminho da Bolsa, Havan perde f\u00f4lego","datePublished":"2021-07-04T12:48:30+00:00","mainEntityOfPage":{"@id":"https:\/\/www.suno.com.br\/noticias\/bolsa-ipo-luciano-hang-havan\/"},"wordCount":858,"publisher":{"@id":"https:\/\/www.suno.com.br\/noticias\/#organization"},"image":{"@id":"https:\/\/www.suno.com.br\/noticias\/bolsa-ipo-luciano-hang-havan\/#primaryimage"},"thumbnailUrl":"https:\/\/files.sunoresearch.com.br\/n\/uploads\/2021\/06\/cfb8b703-192265128_4529587913741223_3223530839892666302_n-jpg.webp","keywords":["Havan","IPO (Oferta Inicial de A\u00e7\u00f5es)"],"articleSection":["Neg\u00f3cios"],"inLanguage":"pt-BR"},{"@type":"WebPage","@id":"https:\/\/www.suno.com.br\/noticias\/bolsa-ipo-luciano-hang-havan\/","url":"https:\/\/www.suno.com.br\/noticias\/bolsa-ipo-luciano-hang-havan\/","name":"A caminho da oferta na Bolsa de Valores, Havan perde f\u00f4lego","isPartOf":{"@id":"https:\/\/www.suno.com.br\/noticias\/#website"},"primaryImageOfPage":{"@id":"https:\/\/www.suno.com.br\/noticias\/bolsa-ipo-luciano-hang-havan\/#primaryimage"},"image":{"@id":"https:\/\/www.suno.com.br\/noticias\/bolsa-ipo-luciano-hang-havan\/#primaryimage"},"thumbnailUrl":"https:\/\/files.sunoresearch.com.br\/n\/uploads\/2021\/06\/cfb8b703-192265128_4529587913741223_3223530839892666302_n-jpg.webp","datePublished":"2021-07-04T12:48:30+00:00","description":"H\u00e1 algumas semanas, Luciano Hang levou potenciais investidores para conhecer lojas da Havan. Clique aqui e saiba mais","breadcrumb":{"@id":"https:\/\/www.suno.com.br\/noticias\/bolsa-ipo-luciano-hang-havan\/#breadcrumb"},"inLanguage":"pt-BR","potentialAction":[{"@type":"ReadAction","target":["https:\/\/www.suno.com.br\/noticias\/bolsa-ipo-luciano-hang-havan\/"]}]},{"@type":"ImageObject","inLanguage":"pt-BR","@id":"https:\/\/www.suno.com.br\/noticias\/bolsa-ipo-luciano-hang-havan\/#primaryimage","url":"https:\/\/files.sunoresearch.com.br\/n\/uploads\/2021\/06\/cfb8b703-192265128_4529587913741223_3223530839892666302_n-jpg.webp","contentUrl":"https:\/\/files.sunoresearch.com.br\/n\/uploads\/2021\/06\/cfb8b703-192265128_4529587913741223_3223530839892666302_n-jpg.webp","width":1875,"height":1250,"caption":"Havan. Foto: Reprodu\u00e7\u00e3o Instagram"},{"@type":"BreadcrumbList","@id":"https:\/\/www.suno.com.br\/noticias\/bolsa-ipo-luciano-hang-havan\/#breadcrumb","itemListElement":[{"@type":"ListItem","position":1,"name":"Not\u00edcias","item":"https:\/\/www.suno.com.br\/noticias\/"},{"@type":"ListItem","position":2,"name":"Neg\u00f3cios","item":"https:\/\/www.suno.com.br\/noticias\/negocios\/"},{"@type":"ListItem","position":3,"name":"A caminho da Bolsa, Havan perde f\u00f4lego"}]},{"@type":"WebSite","@id":"https:\/\/www.suno.com.br\/noticias\/#website","url":"https:\/\/www.suno.com.br\/noticias\/","name":"Suno Not\u00edcias","description":"Seu portal de informa\u00e7\u00e3o sobre o mundo dos investimentos","publisher":{"@id":"https:\/\/www.suno.com.br\/noticias\/#organization"},"potentialAction":[{"@type":"SearchAction","target":{"@type":"EntryPoint","urlTemplate":"https:\/\/www.suno.com.br\/noticias\/?s={search_term_string}"},"query-input":{"@type":"PropertyValueSpecification","valueRequired":true,"valueName":"search_term_string"}}],"inLanguage":"pt-BR"},{"@type":"Organization","@id":"https:\/\/www.suno.com.br\/noticias\/#organization","name":"Suno Not\u00edcias","url":"https:\/\/www.suno.com.br\/noticias\/","logo":{"@type":"ImageObject","inLanguage":"pt-BR","@id":"https:\/\/www.suno.com.br\/noticias\/#\/schema\/logo\/image\/","url":"https:\/\/files.sunoresearch.com.br\/n\/uploads\/2021\/09\/suno-logo.png","contentUrl":"https:\/\/files.sunoresearch.com.br\/n\/uploads\/2021\/09\/suno-logo.png","width":180,"height":180,"caption":"Suno Not\u00edcias"},"image":{"@id":"https:\/\/www.suno.com.br\/noticias\/#\/schema\/logo\/image\/"},"sameAs":["https:\/\/facebook.com\/sunoresearch","https:\/\/x.com\/sunoresearch","https:\/\/www.instagram.com\/suno","https:\/\/www.linkedin.com\/company\/suno-research\/","https:\/\/www.youtube.com\/c\/sunoresearch"]},{"@type":"Person","@id":"https:\/\/www.suno.com.br\/noticias\/#\/schema\/person\/02ec1f752758247878a2bf4abee1aeda","name":"Poliana Santos","image":{"@type":"ImageObject","inLanguage":"pt-BR","@id":"https:\/\/www.suno.com.br\/noticias\/#\/schema\/person\/image\/","url":"https:\/\/secure.gravatar.com\/avatar\/0645bd32f23d87b2130f2b2dff1d3f8d?s=96&r=g","contentUrl":"https:\/\/secure.gravatar.com\/avatar\/0645bd32f23d87b2130f2b2dff1d3f8d?s=96&r=g","caption":"Poliana Santos"},"description":"Rep\u00f3rter no Suno Not\u00edcias, com cobertura em mercado financeiro, economia, finan\u00e7as pessoais, renda fixa e varejo. Jornalista formada pela Faculdade C\u00e1sper L\u00edbero e possui passagem na R\u00e1dio Gazeta AM com a produ\u00e7\u00e3o de conte\u00fado sobre economia, pol\u00edtica, sa\u00fade, moda e m\u00fasica. Possui certificado de conclus\u00e3o do curso de An\u00e1lise de Balan\u00e7os pela Funda\u00e7\u00e3o Bradesco, Agenda Brasil pela FAAP, Educa\u00e7\u00e3o Pol\u00edtica por Alexandre Garcia e do Tesouro Direto e Mercado de A\u00e7\u00f5es pela B3.","url":"https:\/\/www.suno.com.br\/noticias\/author\/poliana-santos\/"}]}},"default_loop_html":"<div class=\"cardsPage__listCard__boxs\"><div class=\"cardsPage__listCard__boxs__img\"><a href=\"https:\/\/www.suno.com.br\/noticias\/bolsa-ipo-luciano-hang-havan\/\"><img class=\"mask\" src=\"https:\/\/www.suno.com.br\/noticias\/wp-content\/themes\/suno\/resources\/images\/spotlight\/spotlight1img\/bg-mask.png\" alt=\"Image Mask\"\/><img src=\"https:\/\/files.sunoresearch.com.br\/n\/uploads\/2021\/06\/cfb8b703-192265128_4529587913741223_3223530839892666302_n-400x200.webp\" alt=\"A caminho da Bolsa, Havan perde f\u00f4lego\"\/><\/a><span class=\"spotlightCategory\"><a href=\"https:\/\/www.suno.com.br\/noticias\/negocios\/\">Neg\u00f3cios<\/a><\/span><\/div><div class=\"cardsPage__listCard__boxs__content\"><a href=\"https:\/\/www.suno.com.br\/noticias\/bolsa-ipo-luciano-hang-havan\/\"><h2 class=\"content__title\">A caminho da Bolsa, Havan perde f\u00f4lego<\/h2><\/a><div class=\"newsContent__article__meta\"><div class=\"newsContent__article__meta__authorBox\"><a href=\"https:\/\/www.suno.com.br\/noticias\/author\/poliana-santos\/\" class=\"authorBox__avatar noMobi\"><img src=\"https:\/\/files.sunoresearch.com.br\/n\/uploads\/2020\/08\/7ef34026-whatsapp-image-2020-08-03-at-12.37.57-150x150.webp\" alt=\"Poliana Santos\"><\/a><div class=\"authorBox__name\"><span>por\n\t\t\t<a href=\"https:\/\/www.suno.com.br\/noticias\/author\/poliana-santos\/\"><span itemprop=\"author\">Poliana Santos<\/span><\/a><\/span><time datetime=\"2021-07-04T09:48:30-03:00\" itemprop=\"datePublished\">04\/07\/2021 09:48<\/time><\/div><\/div><\/div><\/div><\/div>","single_layout":"posts","amp_enabled":true,"_links":{"self":[{"href":"https:\/\/www.suno.com.br\/noticias\/wp-json\/wp\/v2\/posts\/163485"}],"collection":[{"href":"https:\/\/www.suno.com.br\/noticias\/wp-json\/wp\/v2\/posts"}],"about":[{"href":"https:\/\/www.suno.com.br\/noticias\/wp-json\/wp\/v2\/types\/post"}],"author":[{"embeddable":true,"href":"https:\/\/www.suno.com.br\/noticias\/wp-json\/wp\/v2\/users\/15"}],"replies":[{"embeddable":true,"href":"https:\/\/www.suno.com.br\/noticias\/wp-json\/wp\/v2\/comments?post=163485"}],"version-history":[{"count":2,"href":"https:\/\/www.suno.com.br\/noticias\/wp-json\/wp\/v2\/posts\/163485\/revisions"}],"predecessor-version":[{"id":163505,"href":"https:\/\/www.suno.com.br\/noticias\/wp-json\/wp\/v2\/posts\/163485\/revisions\/163505"}],"wp:featuredmedia":[{"embeddable":true,"href":"https:\/\/www.suno.com.br\/noticias\/wp-json\/wp\/v2\/media\/159303"}],"wp:attachment":[{"href":"https:\/\/www.suno.com.br\/noticias\/wp-json\/wp\/v2\/media?parent=163485"}],"wp:term":[{"taxonomy":"category","embeddable":true,"href":"https:\/\/www.suno.com.br\/noticias\/wp-json\/wp\/v2\/categories?post=163485"},{"taxonomy":"post_tag","embeddable":true,"href":"https:\/\/www.suno.com.br\/noticias\/wp-json\/wp\/v2\/tags?post=163485"},{"taxonomy":"suno_strategy","embeddable":true,"href":"https:\/\/www.suno.com.br\/noticias\/wp-json\/wp\/v2\/suno_strategy?post=163485"}],"curies":[{"name":"wp","href":"https:\/\/api.w.org\/{rel}","templated":true}]}}