{"id":163288,"date":"2021-07-02T18:05:25","date_gmt":"2021-07-02T21:05:25","guid":{"rendered":"https:\/\/www.suno.com.br\/noticias\/?p=163288"},"modified":"2021-07-02T18:05:25","modified_gmt":"2021-07-02T21:05:25","slug":"fii-seqr11-propoe-emissao-cotas-reforma-radar","status":"publish","type":"post","link":"https:\/\/www.suno.com.br\/noticias\/fii-seqr11-propoe-emissao-cotas-reforma-radar\/","title":{"rendered":"FII SEQR11 prop\u00f5e segunda emiss\u00e3o de cotas, mesmo com reforma no radar"},"content":{"rendered":"<p>Os investidores em <a href=\"https:\/\/www.suno.com.br\/artigos\/c\/fundos-imobiliarios\/\">fundos imobili\u00e1rios<\/a> est\u00e3o um pouco apreensivos desde que a proposta que retira a isen\u00e7\u00e3o de imposto de renda dos rendimentos pagos mensalmente pelos FIIs foi apresentada. Mas apesar desse cen\u00e1rio, a Sequ\u00f3ia Properties levou adiante o termo de compromisso para a segunda emiss\u00e3o de cotas do FII <strong>SEQR11<\/strong>.<\/p>\t<div class=\"wrapper-featured-image\">\n\t\t<figure class=\"spotlightImg\">\n\n\t\t\t<picture>\n\t\t\t\t<source media=\"(max-width: 768px)\" srcset=\"https:\/\/files.sunoresearch.com.br\/n\/uploads\/2021\/06\/9d9dd767-buildings-1842205_1920-400x200.webp\">\n\t\t\t\t<img loading=\"lazy\" decoding=\"async\" class=\"newsContent__article__imgCapa lazyloadDisabled \" src=\"https:\/\/files.sunoresearch.com.br\/n\/uploads\/2021\/06\/9d9dd767-buildings-1842205_1920-800x450.webp\" width=\"800\" height=\"450\" alt=\"FII SEQR11 prop\u00f5e segunda emiss\u00e3o de cotas, mesmo com reforma no radar\" fetchpriority=high \/>\n\t\t\t<\/picture>\n\n\t\t\t<figcaption class=\"wp-caption-text wp-caption-text--show\">ALZR11. Foto: Pixabay<\/figcaption>\n\t\t<\/figure>\n\t<\/div>\n\n\n\t<p>\n\t\t<a href=\"https:\/\/lp.suno.com.br\/planilha-controle-gastos\/\" target=\"_blank\" data-element=\"shortcode-suno-banner\" title=\"Banner SUNO, clique e saiba mais\">\n\t\t\t<picture>\n\t\t\t\t<source media=\"(max-width: 500px)\" srcset=\"https:\/\/files.sunoresearch.com.br\/n\/uploads\/2023\/03\/400x300-Planilha-controle-de-gastos.png\">\n\t\t\t\t<img class=\"newsContent__article__imgCapa newsContent__article__imgCapa--banner\"\n\t\t\t\t\tsrc=\"https:\/\/files.sunoresearch.com.br\/n\/uploads\/2023\/03\/1420x240-Planilha-controle-de-gastos.png\"\n\t\t\t\t\tdata-promo-id=\"101751\"\t\t\t\t\t\t\t\t\t\twidth='1420' height='240'\t\t\t\t\talt=\"https:\/\/files.sunoresearch.com.br\/n\/uploads\/2023\/03\/1420x240-Planilha-controle-de-gastos.png\"\n\t\t\t\t>\n\t\t\t<\/picture>\n\t\t<\/a>\n\t<\/p>\n\n\n<p>Os cotistas do SEQR11 ir\u00e3o votar sobre a emiss\u00e3o de 126.500 novas cotas a R$ 100 cada uma. Esse valor equivale a um pr\u00eamio de 29,7% em rela\u00e7\u00e3o ao pre\u00e7o da cota ao final do preg\u00e3o de ontem.<\/p>\n<p>A distribui\u00e7\u00e3o com esfor\u00e7os restritos visa a aquisi\u00e7\u00e3o de 50% do im\u00f3vel industrial <strong>MAGNA SAP<\/strong>, atualmente locado para a companhia canadense Magna.<\/p>\n\t<p>\n\t\t<a href=\"\" target=\"_blank\" data-element=\"shortcode-suno-banner\" title=\"Banner SUNO, clique e saiba mais\">\n\t\t\t<picture>\n\t\t\t\t<source media=\"(max-width: 500px)\" srcset=\"\">\n\t\t\t\t<img class=\"newsContent__article__imgCapa newsContent__article__imgCapa--banner\"\n\t\t\t\t\tsrc=\"\"\n\t\t\t\t\tdata-promo-id=\"77014\"\t\t\t\t\t\t\t\t\t\t\t\t\t\t\talt=\"\"\n\t\t\t\t>\n\t\t\t<\/picture>\n\t\t<\/a>\n\t<\/p>\n\n\n<p>O im\u00f3vel est\u00e1 localizado em Santo Ant\u00f4nio Patrulha, no Rio Grande do Sul. Vale destacar que o <strong>FII<\/strong> j\u00e1 det\u00e9m 50% do im\u00f3vel, e agora pretende comprar a outra metade por R$ 12,65 milh\u00f5es, cerca de R$ 2.141 por metro quadrado.<\/p>\n<p>A <strong>Sequ\u00f3ia<\/strong> estima o<strong> <a class=\"suno-keyword\" href=\"https:\/\/www.suno.com.br\/artigos\/cap-rate\/\" target=\"_blank\" rel=\"noopener noreferrer\" data-force=\"no\" data-priority=\"1\">cap rate<\/a> da opera\u00e7\u00e3o<\/strong> em 12,7% ao ano. Al\u00e9m disso, a aquisi\u00e7\u00e3o deve impactar positivamente a di<strong>stribui\u00e7\u00e3o de rendimentos<\/strong> futuros do fundo imobili\u00e1rio. O FII espera, em m\u00e9dia, um aumento de aproximadamente 3% na distribui\u00e7\u00e3o de dividendos.<\/p>\n<p><strong>F\u00e1bio Idoeta,<\/strong> CFO e DRI da <strong>Sequ\u00f3ia Properties<\/strong> disse ao <strong>SUNO Not\u00edcias<\/strong> que apesar da repercuss\u00e3o da <strong>reforma tribut\u00e1ri<\/strong>a no mercado de FIIs, ele est\u00e1 super otimista em rela\u00e7\u00e3o a segunda\u00a0 emiss\u00e3o de cotas do SEQR11. Segundo ele, &#8220;\u00e9 uma opera\u00e7\u00e3o incontroversa, que cria valor de todas as formas para o investidores&#8221;.<\/p>\n\t<p>\n\t\t<a href=\"\" target=\"_blank\" data-element=\"shortcode-suno-banner\" title=\"Banner SUNO, clique e saiba mais\">\n\t\t\t<picture>\n\t\t\t\t<source media=\"(max-width: 500px)\" srcset=\"\">\n\t\t\t\t<img class=\"newsContent__article__imgCapa newsContent__article__imgCapa--banner\"\n\t\t\t\t\tsrc=\"\"\n\t\t\t\t\tdata-promo-id=\"77050\"\t\t\t\t\t\t\t\t\t\t\t\t\t\t\talt=\"\"\n\t\t\t\t>\n\t\t\t<\/picture>\n\t\t<\/a>\n\t<\/p>\n\n\n<p>Idoeta destaca que com a emiss\u00e3o, o valor e a diversifica\u00e7\u00e3o do FII ir\u00e3o aumentar. Al\u00e9m disso, ele salientou que &#8220;a nossa opera\u00e7\u00e3o vai aumentar o dividendo por cota para todos os cotistas&#8221;. &#8220;Quando a proposta for aprovada, a partir de agosto conseguiremos distribuir\u00a0 dividendos por cota acima do mercado atual&#8221;, projeta o executivo.<\/p>\n<p>Ao comentar sobre o im\u00f3vel <strong>MAGNA SAP,<\/strong> Idoeta explica que o FII pretende comprar a outra metade pois \u00e9 um im\u00f3vel de qualidade, muito bem constru\u00eddo e possui um locat\u00e1rio de boa qualidade.<\/p>\n<p>Nesse sentido, a Sequ\u00f3ia Properties acredita que a aquisi\u00e7\u00e3o ir\u00e1 agregar aos cotistas.<\/p>\n<p>O executivo ainda lembrou que o contrato firmado com a companhia canadense \u00e9 at\u00edpico e vence em dezembro de 2025. No entanto, ele conta que j\u00e1 est\u00e3o conversando para estender o prazo por mais um ano.<\/p>\n<h2>\u00c9 um erro que a proposta de taxa\u00e7\u00e3o de rendimentos de FIIs passe<\/h2>\n<p>Idoeta comentou tamb\u00e9m sobre a proposta apresentada pelo ministro da Economia, <a class=\"suno-keyword\" href=\"https:\/\/www.suno.com.br\/tudo-sobre\/paulo-guedes\/\" target=\"_blank\" rel=\"noopener noreferrer\" data-force=\"no\" data-priority=\"2\"><strong>Paulo Guedes<\/strong><\/a><strong>,<\/strong> que retira a isen\u00e7\u00e3o de imposto de renda, um dos principais incentivos para o investimento em FIIs.<\/p>\n<p>O CFO afirma que continua bastante otimista com o <strong>setor de fundos imobili\u00e1rios<\/strong>, pois ele lembra que \u00e9 apenas uma proposta. Ele destaca tamb\u00e9m que fundos imobili\u00e1rios t\u00eam diversas outras vantagens al\u00e9m da isen\u00e7\u00e3o.<\/p>\n\n\t<div data-element=\"shortcode-read-more\" class=\"readToo\">\n\t\t\t\t<span class=\"readToo__title\">Veja tamb\u00e9m<\/span>\n\t\t\t\t<ul class=\"readToo__list\">\n\t\t\t<li><a href=\"https:\/\/www.suno.com.br\/noticias\/fundos-imobiliarios-fii-tributacao\/\">Rendimento de fundos imobili\u00e1rios poder\u00e1 ser taxado em 15%; Entenda o que muda<\/a><\/li><li><a href=\"https:\/\/www.suno.com.br\/noticias\/fundo-imobiliario-seqr11-chega-a-b3-com-foco-na-diversificacao\/\">Fundo imobili\u00e1rio SEQR11 chega \u00e0 B3 com foco na diversifica\u00e7\u00e3o<\/a><\/li>\t\t<\/ul>\n\t<\/div>\n\n\n<p>O executivo aponta tamb\u00e9m que nenhuma proposta de lei \u00e9 aprovada da mesma forma que chega ao Congresso, e assim podemos esperar algumas mudan\u00e7as no projeto. Apesar disso, Idoeta acredita que seria &#8220;um erro a proposta passar&#8221;, ou seja, ser aprovada<\/p>\n<p>O CFO explica que os<strong> FIIs s\u00e3o investimentos em infraestrutura,<\/strong> algo que \u00e9 necess\u00e1rio para o fomento da economia, &#8220;ao estimular esse investimento voc\u00ea estimula a economia e infraestrutura&#8221;, salienta.<\/p>\n<p>Atualmente, a tributa\u00e7\u00e3o de fundos imobili\u00e1rios j\u00e1 existe na especula\u00e7\u00e3o, ou seja, na compra e na venda de cotas. Assim, Idoeto destaca que &#8220;o que \u00e9 isento \u00e9 a distribui\u00e7\u00e3o de dividendos, que \u00e9 um benef\u00edcio do investidor de <a class=\"suno-keyword\" href=\"https:\/\/www.suno.com.br\/artigos\/longo-prazo\/\" target=\"_blank\" rel=\"noopener noreferrer\" data-force=\"no\" data-priority=\"1\">longo prazo<\/a>,\u00a0 erro \u00e9 achar que investimento em FII \u00e9 especulativo, quando na verdade \u00e9 fomento na infraestrutura&#8221;.<\/p>\n<h2>Cota\u00e7\u00e3o do SEQR11<\/h2>\n<p>Por volta das 16h05 dessa sexta-feira (2), a cota do <strong>fundo imobili\u00e1rio<\/strong> <strong>SEQR11<\/strong> operava em alta de 5,02%, valendo R$ 81,00.<\/p>\n\t<p>\n\t\t<a href=\"https:\/\/lp.suno.com.br\/planilha-de-controle-de-investimentos\/\" target=\"_blank\" data-element=\"shortcode-suno-banner\" title=\"Banner SUNO, clique e saiba mais\">\n\t\t\t<picture>\n\t\t\t\t<source media=\"(max-width: 500px)\" srcset=\"https:\/\/files.sunoresearch.com.br\/n\/uploads\/2023\/03\/400x300-Controle-de-Investimentos.png\">\n\t\t\t\t<img class=\"newsContent__article__imgCapa newsContent__article__imgCapa--banner\"\n\t\t\t\t\tsrc=\"https:\/\/files.sunoresearch.com.br\/n\/uploads\/2023\/03\/1420x240-Controle-de-Investimentos.png\"\n\t\t\t\t\tdata-promo-id=\"75934\"\t\t\t\t\t\t\t\t\t\twidth='1420' height='240'\t\t\t\t\talt=\"https:\/\/files.sunoresearch.com.br\/n\/uploads\/2023\/03\/1420x240-Controle-de-Investimentos.png\"\n\t\t\t\t>\n\t\t\t<\/picture>\n\t\t<\/a>\n\t<\/p>\n\n\n","protected":false},"excerpt":{"rendered":"<p>Os investidores em fundos imobili\u00e1rios est\u00e3o um pouco apreensivos desde que a proposta que retira a isen\u00e7\u00e3o de imposto de renda dos rendimentos pagos mensalmente pelos FIIs foi apresentada. Mas apesar desse cen\u00e1rio, a Sequ\u00f3ia Properties levou adiante o termo de compromisso para a segunda emiss\u00e3o de cotas do FII SEQR11. Sequoia. Foto: Divulga\u00e7\u00e3o Os [&hellip;]<\/p>\n","protected":false},"author":39,"featured_media":162715,"comment_status":"closed","ping_status":"closed","sticky":false,"template":"","format":"standard","meta":[],"categories":[64],"tags":[105816,315,106243],"suno_strategy":[],"class_list":["post-163288","post","type-post","status-publish","format-standard","has-post-thumbnail","hentry","category-negocios","tag-especialistas","tag-fundos-imobiliarios-fiis","tag-seqr11"],"yoast_head":"<!-- This site is optimized with the Yoast SEO plugin v24.4 - https:\/\/yoast.com\/wordpress\/plugins\/seo\/ -->\n<title>Fundo Imobili\u00e1rio SEQR11 prop\u00f5e segunda emiss\u00e3o de cotas<\/title>\n<meta name=\"description\" content=\"Apesar da repercuss\u00e3o da reforma tribut\u00e1ria, o SEQR11 levou adiante o termo de compromisso para a 2\u00aa emiss\u00e3o de cotas. Clique e saiba mais!\" \/>\n<meta name=\"robots\" content=\"index, follow, max-snippet:-1, max-image-preview:large, max-video-preview:-1\" \/>\n<link rel=\"canonical\" href=\"https:\/\/www.suno.com.br\/noticias\/fii-seqr11-propoe-emissao-cotas-reforma-radar\/\" \/>\n<meta property=\"og:locale\" content=\"pt_BR\" \/>\n<meta property=\"og:type\" content=\"article\" \/>\n<meta property=\"og:title\" content=\"Fundo Imobili\u00e1rio SEQR11 prop\u00f5e segunda emiss\u00e3o de cotas\" \/>\n<meta property=\"og:description\" content=\"Apesar da repercuss\u00e3o da reforma tribut\u00e1ria, o SEQR11 levou adiante o termo de compromisso para a 2\u00aa emiss\u00e3o de cotas. Clique e saiba mais!\" \/>\n<meta property=\"og:url\" content=\"https:\/\/www.suno.com.br\/noticias\/fii-seqr11-propoe-emissao-cotas-reforma-radar\/\" \/>\n<meta property=\"og:site_name\" content=\"Suno Not\u00edcias\" \/>\n<meta property=\"article:publisher\" content=\"https:\/\/facebook.com\/sunoresearch\" \/>\n<meta property=\"og:image\" content=\"https:\/\/files.sunoresearch.com.br\/n\/uploads\/2021\/06\/9d9dd767-buildings-1842205_1920.jpg\" \/>\n\t<meta property=\"og:image:width\" content=\"1920\" \/>\n\t<meta property=\"og:image:height\" content=\"1280\" \/>\n\t<meta property=\"og:image:type\" content=\"image\/jpeg\" \/>\n<meta name=\"author\" content=\"Laura Moutinho\" \/>\n<meta name=\"twitter:card\" content=\"summary_large_image\" \/>\n<meta name=\"twitter:creator\" content=\"@sunoresearch\" \/>\n<meta name=\"twitter:site\" content=\"@sunoresearch\" \/>\n<meta name=\"twitter:label1\" content=\"Escrito por\" \/>\n\t<meta name=\"twitter:data1\" content=\"Laura Moutinho\" \/>\n\t<meta name=\"twitter:label2\" content=\"Est. tempo de leitura\" \/>\n\t<meta name=\"twitter:data2\" content=\"3 minutos\" \/>\n<script type=\"application\/ld+json\" class=\"yoast-schema-graph\">{\"@context\":\"https:\/\/schema.org\",\"@graph\":[{\"@type\":\"NewsArticle\",\"@id\":\"https:\/\/www.suno.com.br\/noticias\/fii-seqr11-propoe-emissao-cotas-reforma-radar\/#article\",\"isPartOf\":{\"@id\":\"https:\/\/www.suno.com.br\/noticias\/fii-seqr11-propoe-emissao-cotas-reforma-radar\/\"},\"author\":{\"name\":\"Laura Moutinho\",\"@id\":\"https:\/\/www.suno.com.br\/noticias\/#\/schema\/person\/3df0d2808748b74496efe5dbeaef2c72\"},\"headline\":\"FII SEQR11 prop\u00f5e segunda emiss\u00e3o de cotas, mesmo com reforma no radar\",\"datePublished\":\"2021-07-02T21:05:25+00:00\",\"mainEntityOfPage\":{\"@id\":\"https:\/\/www.suno.com.br\/noticias\/fii-seqr11-propoe-emissao-cotas-reforma-radar\/\"},\"wordCount\":688,\"publisher\":{\"@id\":\"https:\/\/www.suno.com.br\/noticias\/#organization\"},\"image\":{\"@id\":\"https:\/\/www.suno.com.br\/noticias\/fii-seqr11-propoe-emissao-cotas-reforma-radar\/#primaryimage\"},\"thumbnailUrl\":\"https:\/\/files.sunoresearch.com.br\/n\/uploads\/2021\/06\/9d9dd767-buildings-1842205_1920-jpg.webp\",\"keywords\":[\"Especialistas\",\"Fundos Imobili\u00e1rios (FIIs)\",\"SEQR11\"],\"articleSection\":[\"Neg\u00f3cios\"],\"inLanguage\":\"pt-BR\"},{\"@type\":\"WebPage\",\"@id\":\"https:\/\/www.suno.com.br\/noticias\/fii-seqr11-propoe-emissao-cotas-reforma-radar\/\",\"url\":\"https:\/\/www.suno.com.br\/noticias\/fii-seqr11-propoe-emissao-cotas-reforma-radar\/\",\"name\":\"Fundo Imobili\u00e1rio SEQR11 prop\u00f5e segunda emiss\u00e3o de cotas\",\"isPartOf\":{\"@id\":\"https:\/\/www.suno.com.br\/noticias\/#website\"},\"primaryImageOfPage\":{\"@id\":\"https:\/\/www.suno.com.br\/noticias\/fii-seqr11-propoe-emissao-cotas-reforma-radar\/#primaryimage\"},\"image\":{\"@id\":\"https:\/\/www.suno.com.br\/noticias\/fii-seqr11-propoe-emissao-cotas-reforma-radar\/#primaryimage\"},\"thumbnailUrl\":\"https:\/\/files.sunoresearch.com.br\/n\/uploads\/2021\/06\/9d9dd767-buildings-1842205_1920-jpg.webp\",\"datePublished\":\"2021-07-02T21:05:25+00:00\",\"description\":\"Apesar da repercuss\u00e3o da reforma tribut\u00e1ria, o SEQR11 levou adiante o termo de compromisso para a 2\u00aa emiss\u00e3o de cotas. Clique e saiba mais!\",\"breadcrumb\":{\"@id\":\"https:\/\/www.suno.com.br\/noticias\/fii-seqr11-propoe-emissao-cotas-reforma-radar\/#breadcrumb\"},\"inLanguage\":\"pt-BR\",\"potentialAction\":[{\"@type\":\"ReadAction\",\"target\":[\"https:\/\/www.suno.com.br\/noticias\/fii-seqr11-propoe-emissao-cotas-reforma-radar\/\"]}]},{\"@type\":\"ImageObject\",\"inLanguage\":\"pt-BR\",\"@id\":\"https:\/\/www.suno.com.br\/noticias\/fii-seqr11-propoe-emissao-cotas-reforma-radar\/#primaryimage\",\"url\":\"https:\/\/files.sunoresearch.com.br\/n\/uploads\/2021\/06\/9d9dd767-buildings-1842205_1920-jpg.webp\",\"contentUrl\":\"https:\/\/files.sunoresearch.com.br\/n\/uploads\/2021\/06\/9d9dd767-buildings-1842205_1920-jpg.webp\",\"width\":1920,\"height\":1280,\"caption\":\"ALZR11. Foto: Pixabay\"},{\"@type\":\"BreadcrumbList\",\"@id\":\"https:\/\/www.suno.com.br\/noticias\/fii-seqr11-propoe-emissao-cotas-reforma-radar\/#breadcrumb\",\"itemListElement\":[{\"@type\":\"ListItem\",\"position\":1,\"name\":\"Not\u00edcias\",\"item\":\"https:\/\/www.suno.com.br\/noticias\/\"},{\"@type\":\"ListItem\",\"position\":2,\"name\":\"Neg\u00f3cios\",\"item\":\"https:\/\/www.suno.com.br\/noticias\/negocios\/\"},{\"@type\":\"ListItem\",\"position\":3,\"name\":\"FII SEQR11 prop\u00f5e segunda emiss\u00e3o de cotas, mesmo com reforma no radar\"}]},{\"@type\":\"WebSite\",\"@id\":\"https:\/\/www.suno.com.br\/noticias\/#website\",\"url\":\"https:\/\/www.suno.com.br\/noticias\/\",\"name\":\"Suno Not\u00edcias\",\"description\":\"Seu portal de informa\u00e7\u00e3o sobre o mundo dos investimentos\",\"publisher\":{\"@id\":\"https:\/\/www.suno.com.br\/noticias\/#organization\"},\"potentialAction\":[{\"@type\":\"SearchAction\",\"target\":{\"@type\":\"EntryPoint\",\"urlTemplate\":\"https:\/\/www.suno.com.br\/noticias\/?s={search_term_string}\"},\"query-input\":{\"@type\":\"PropertyValueSpecification\",\"valueRequired\":true,\"valueName\":\"search_term_string\"}}],\"inLanguage\":\"pt-BR\"},{\"@type\":\"Organization\",\"@id\":\"https:\/\/www.suno.com.br\/noticias\/#organization\",\"name\":\"Suno Not\u00edcias\",\"url\":\"https:\/\/www.suno.com.br\/noticias\/\",\"logo\":{\"@type\":\"ImageObject\",\"inLanguage\":\"pt-BR\",\"@id\":\"https:\/\/www.suno.com.br\/noticias\/#\/schema\/logo\/image\/\",\"url\":\"https:\/\/files.sunoresearch.com.br\/n\/uploads\/2021\/09\/suno-logo.png\",\"contentUrl\":\"https:\/\/files.sunoresearch.com.br\/n\/uploads\/2021\/09\/suno-logo.png\",\"width\":180,\"height\":180,\"caption\":\"Suno Not\u00edcias\"},\"image\":{\"@id\":\"https:\/\/www.suno.com.br\/noticias\/#\/schema\/logo\/image\/\"},\"sameAs\":[\"https:\/\/facebook.com\/sunoresearch\",\"https:\/\/x.com\/sunoresearch\",\"https:\/\/www.instagram.com\/suno\",\"https:\/\/www.linkedin.com\/company\/suno-research\/\",\"https:\/\/www.youtube.com\/c\/sunoresearch\"]},{\"@type\":\"Person\",\"@id\":\"https:\/\/www.suno.com.br\/noticias\/#\/schema\/person\/3df0d2808748b74496efe5dbeaef2c72\",\"name\":\"Laura Moutinho\",\"image\":{\"@type\":\"ImageObject\",\"inLanguage\":\"pt-BR\",\"@id\":\"https:\/\/www.suno.com.br\/noticias\/#\/schema\/person\/image\/\",\"url\":\"https:\/\/secure.gravatar.com\/avatar\/7571c7c8ca3a6fca5e41384ece5557ff?s=96&r=g\",\"contentUrl\":\"https:\/\/secure.gravatar.com\/avatar\/7571c7c8ca3a6fca5e41384ece5557ff?s=96&r=g\",\"caption\":\"Laura Moutinho\"},\"description\":\"Estagi\u00e1ria na Suno Not\u00edcias, escreve not\u00edcias que afetam o mercado financeiro. Estuda administra\u00e7\u00e3o na Universidade Presbiteriana Mackenzie.\",\"url\":\"https:\/\/www.suno.com.br\/noticias\/author\/laura-moutinho\/\"}]}<\/script>\n<!-- \/ Yoast SEO plugin. -->","yoast_head_json":{"title":"Fundo Imobili\u00e1rio SEQR11 prop\u00f5e segunda emiss\u00e3o de cotas","description":"Apesar da repercuss\u00e3o da reforma tribut\u00e1ria, o SEQR11 levou adiante o termo de compromisso para a 2\u00aa emiss\u00e3o de cotas. Clique e saiba mais!","robots":{"index":"index","follow":"follow","max-snippet":"max-snippet:-1","max-image-preview":"max-image-preview:large","max-video-preview":"max-video-preview:-1"},"canonical":"https:\/\/www.suno.com.br\/noticias\/fii-seqr11-propoe-emissao-cotas-reforma-radar\/","og_locale":"pt_BR","og_type":"article","og_title":"Fundo Imobili\u00e1rio SEQR11 prop\u00f5e segunda emiss\u00e3o de cotas","og_description":"Apesar da repercuss\u00e3o da reforma tribut\u00e1ria, o SEQR11 levou adiante o termo de compromisso para a 2\u00aa emiss\u00e3o de cotas. Clique e saiba mais!","og_url":"https:\/\/www.suno.com.br\/noticias\/fii-seqr11-propoe-emissao-cotas-reforma-radar\/","og_site_name":"Suno Not\u00edcias","article_publisher":"https:\/\/facebook.com\/sunoresearch","og_image":[{"width":1920,"height":1280,"url":"https:\/\/files.sunoresearch.com.br\/n\/uploads\/2021\/06\/9d9dd767-buildings-1842205_1920.jpg","type":"image\/jpeg"}],"author":"Laura Moutinho","twitter_card":"summary_large_image","twitter_creator":"@sunoresearch","twitter_site":"@sunoresearch","twitter_misc":{"Escrito por":"Laura Moutinho","Est. tempo de leitura":"3 minutos"},"schema":{"@context":"https:\/\/schema.org","@graph":[{"@type":"NewsArticle","@id":"https:\/\/www.suno.com.br\/noticias\/fii-seqr11-propoe-emissao-cotas-reforma-radar\/#article","isPartOf":{"@id":"https:\/\/www.suno.com.br\/noticias\/fii-seqr11-propoe-emissao-cotas-reforma-radar\/"},"author":{"name":"Laura Moutinho","@id":"https:\/\/www.suno.com.br\/noticias\/#\/schema\/person\/3df0d2808748b74496efe5dbeaef2c72"},"headline":"FII SEQR11 prop\u00f5e segunda emiss\u00e3o de cotas, mesmo com reforma no radar","datePublished":"2021-07-02T21:05:25+00:00","mainEntityOfPage":{"@id":"https:\/\/www.suno.com.br\/noticias\/fii-seqr11-propoe-emissao-cotas-reforma-radar\/"},"wordCount":688,"publisher":{"@id":"https:\/\/www.suno.com.br\/noticias\/#organization"},"image":{"@id":"https:\/\/www.suno.com.br\/noticias\/fii-seqr11-propoe-emissao-cotas-reforma-radar\/#primaryimage"},"thumbnailUrl":"https:\/\/files.sunoresearch.com.br\/n\/uploads\/2021\/06\/9d9dd767-buildings-1842205_1920-jpg.webp","keywords":["Especialistas","Fundos Imobili\u00e1rios (FIIs)","SEQR11"],"articleSection":["Neg\u00f3cios"],"inLanguage":"pt-BR"},{"@type":"WebPage","@id":"https:\/\/www.suno.com.br\/noticias\/fii-seqr11-propoe-emissao-cotas-reforma-radar\/","url":"https:\/\/www.suno.com.br\/noticias\/fii-seqr11-propoe-emissao-cotas-reforma-radar\/","name":"Fundo Imobili\u00e1rio SEQR11 prop\u00f5e segunda emiss\u00e3o de cotas","isPartOf":{"@id":"https:\/\/www.suno.com.br\/noticias\/#website"},"primaryImageOfPage":{"@id":"https:\/\/www.suno.com.br\/noticias\/fii-seqr11-propoe-emissao-cotas-reforma-radar\/#primaryimage"},"image":{"@id":"https:\/\/www.suno.com.br\/noticias\/fii-seqr11-propoe-emissao-cotas-reforma-radar\/#primaryimage"},"thumbnailUrl":"https:\/\/files.sunoresearch.com.br\/n\/uploads\/2021\/06\/9d9dd767-buildings-1842205_1920-jpg.webp","datePublished":"2021-07-02T21:05:25+00:00","description":"Apesar da repercuss\u00e3o da reforma tribut\u00e1ria, o SEQR11 levou adiante o termo de compromisso para a 2\u00aa emiss\u00e3o de cotas. Clique e saiba mais!","breadcrumb":{"@id":"https:\/\/www.suno.com.br\/noticias\/fii-seqr11-propoe-emissao-cotas-reforma-radar\/#breadcrumb"},"inLanguage":"pt-BR","potentialAction":[{"@type":"ReadAction","target":["https:\/\/www.suno.com.br\/noticias\/fii-seqr11-propoe-emissao-cotas-reforma-radar\/"]}]},{"@type":"ImageObject","inLanguage":"pt-BR","@id":"https:\/\/www.suno.com.br\/noticias\/fii-seqr11-propoe-emissao-cotas-reforma-radar\/#primaryimage","url":"https:\/\/files.sunoresearch.com.br\/n\/uploads\/2021\/06\/9d9dd767-buildings-1842205_1920-jpg.webp","contentUrl":"https:\/\/files.sunoresearch.com.br\/n\/uploads\/2021\/06\/9d9dd767-buildings-1842205_1920-jpg.webp","width":1920,"height":1280,"caption":"ALZR11. Foto: Pixabay"},{"@type":"BreadcrumbList","@id":"https:\/\/www.suno.com.br\/noticias\/fii-seqr11-propoe-emissao-cotas-reforma-radar\/#breadcrumb","itemListElement":[{"@type":"ListItem","position":1,"name":"Not\u00edcias","item":"https:\/\/www.suno.com.br\/noticias\/"},{"@type":"ListItem","position":2,"name":"Neg\u00f3cios","item":"https:\/\/www.suno.com.br\/noticias\/negocios\/"},{"@type":"ListItem","position":3,"name":"FII SEQR11 prop\u00f5e segunda emiss\u00e3o de cotas, mesmo com reforma no radar"}]},{"@type":"WebSite","@id":"https:\/\/www.suno.com.br\/noticias\/#website","url":"https:\/\/www.suno.com.br\/noticias\/","name":"Suno Not\u00edcias","description":"Seu portal de informa\u00e7\u00e3o sobre o mundo dos investimentos","publisher":{"@id":"https:\/\/www.suno.com.br\/noticias\/#organization"},"potentialAction":[{"@type":"SearchAction","target":{"@type":"EntryPoint","urlTemplate":"https:\/\/www.suno.com.br\/noticias\/?s={search_term_string}"},"query-input":{"@type":"PropertyValueSpecification","valueRequired":true,"valueName":"search_term_string"}}],"inLanguage":"pt-BR"},{"@type":"Organization","@id":"https:\/\/www.suno.com.br\/noticias\/#organization","name":"Suno Not\u00edcias","url":"https:\/\/www.suno.com.br\/noticias\/","logo":{"@type":"ImageObject","inLanguage":"pt-BR","@id":"https:\/\/www.suno.com.br\/noticias\/#\/schema\/logo\/image\/","url":"https:\/\/files.sunoresearch.com.br\/n\/uploads\/2021\/09\/suno-logo.png","contentUrl":"https:\/\/files.sunoresearch.com.br\/n\/uploads\/2021\/09\/suno-logo.png","width":180,"height":180,"caption":"Suno Not\u00edcias"},"image":{"@id":"https:\/\/www.suno.com.br\/noticias\/#\/schema\/logo\/image\/"},"sameAs":["https:\/\/facebook.com\/sunoresearch","https:\/\/x.com\/sunoresearch","https:\/\/www.instagram.com\/suno","https:\/\/www.linkedin.com\/company\/suno-research\/","https:\/\/www.youtube.com\/c\/sunoresearch"]},{"@type":"Person","@id":"https:\/\/www.suno.com.br\/noticias\/#\/schema\/person\/3df0d2808748b74496efe5dbeaef2c72","name":"Laura Moutinho","image":{"@type":"ImageObject","inLanguage":"pt-BR","@id":"https:\/\/www.suno.com.br\/noticias\/#\/schema\/person\/image\/","url":"https:\/\/secure.gravatar.com\/avatar\/7571c7c8ca3a6fca5e41384ece5557ff?s=96&r=g","contentUrl":"https:\/\/secure.gravatar.com\/avatar\/7571c7c8ca3a6fca5e41384ece5557ff?s=96&r=g","caption":"Laura Moutinho"},"description":"Estagi\u00e1ria na Suno Not\u00edcias, escreve not\u00edcias que afetam o mercado financeiro. Estuda administra\u00e7\u00e3o na Universidade Presbiteriana Mackenzie.","url":"https:\/\/www.suno.com.br\/noticias\/author\/laura-moutinho\/"}]}},"default_loop_html":"<div class=\"cardsPage__listCard__boxs\"><div class=\"cardsPage__listCard__boxs__img\"><a href=\"https:\/\/www.suno.com.br\/noticias\/fundo-imobiliario-seqr11-chega-a-b3-com-foco-na-diversificacao\/\"><img class=\"mask\" src=\"https:\/\/www.suno.com.br\/noticias\/wp-content\/themes\/suno\/resources\/images\/spotlight\/spotlight1img\/bg-mask.png\" alt=\"Image Mask\"\/><img src=\"https:\/\/files.sunoresearch.com.br\/n\/uploads\/2021\/04\/78b7ed5d-magna-sap-1-400x200.webp\" alt=\"Fundo imobili\u00e1rio SEQR11 chega \u00e0 B3 com foco na diversifica\u00e7\u00e3o\"\/><\/a><span class=\"spotlightCategory\"><a href=\"https:\/\/www.suno.com.br\/noticias\/negocios\/\">Neg\u00f3cios<\/a><\/span><\/div><div class=\"cardsPage__listCard__boxs__content\"><a href=\"https:\/\/www.suno.com.br\/noticias\/fundo-imobiliario-seqr11-chega-a-b3-com-foco-na-diversificacao\/\"><h2 class=\"content__title\">Fundo imobili\u00e1rio SEQR11 chega \u00e0 B3 com foco na diversifica\u00e7\u00e3o<\/h2><\/a><div class=\"newsContent__article__meta\"><div class=\"newsContent__article__meta__authorBox\"><a href=\"https:\/\/www.suno.com.br\/noticias\/author\/vitor-azevedo\/\" class=\"authorBox__avatar noMobi\"><img src=\"https:\/\/secure.gravatar.com\/avatar\/62b86195291b446fe380824eb28b99a5?s=96&#038;r=g\" alt=\"Vitor Azevedo\"><\/a><div class=\"authorBox__name\"><span>por\n\t\t\t<a href=\"https:\/\/www.suno.com.br\/noticias\/author\/vitor-azevedo\/\"><span itemprop=\"author\">Vitor Azevedo<\/span><\/a><\/span><time datetime=\"2021-04-27T12:14:54-03:00\" itemprop=\"datePublished\">27\/04\/2021 12:14<\/time><\/div><\/div><\/div><\/div><\/div>","single_layout":"posts","amp_enabled":true,"_links":{"self":[{"href":"https:\/\/www.suno.com.br\/noticias\/wp-json\/wp\/v2\/posts\/163288"}],"collection":[{"href":"https:\/\/www.suno.com.br\/noticias\/wp-json\/wp\/v2\/posts"}],"about":[{"href":"https:\/\/www.suno.com.br\/noticias\/wp-json\/wp\/v2\/types\/post"}],"author":[{"embeddable":true,"href":"https:\/\/www.suno.com.br\/noticias\/wp-json\/wp\/v2\/users\/39"}],"replies":[{"embeddable":true,"href":"https:\/\/www.suno.com.br\/noticias\/wp-json\/wp\/v2\/comments?post=163288"}],"version-history":[{"count":2,"href":"https:\/\/www.suno.com.br\/noticias\/wp-json\/wp\/v2\/posts\/163288\/revisions"}],"predecessor-version":[{"id":163337,"href":"https:\/\/www.suno.com.br\/noticias\/wp-json\/wp\/v2\/posts\/163288\/revisions\/163337"}],"wp:featuredmedia":[{"embeddable":true,"href":"https:\/\/www.suno.com.br\/noticias\/wp-json\/wp\/v2\/media\/162715"}],"wp:attachment":[{"href":"https:\/\/www.suno.com.br\/noticias\/wp-json\/wp\/v2\/media?parent=163288"}],"wp:term":[{"taxonomy":"category","embeddable":true,"href":"https:\/\/www.suno.com.br\/noticias\/wp-json\/wp\/v2\/categories?post=163288"},{"taxonomy":"post_tag","embeddable":true,"href":"https:\/\/www.suno.com.br\/noticias\/wp-json\/wp\/v2\/tags?post=163288"},{"taxonomy":"suno_strategy","embeddable":true,"href":"https:\/\/www.suno.com.br\/noticias\/wp-json\/wp\/v2\/suno_strategy?post=163288"}],"curies":[{"name":"wp","href":"https:\/\/api.w.org\/{rel}","templated":true}]}}