{"id":163283,"date":"2021-07-03T10:00:58","date_gmt":"2021-07-03T13:00:58","guid":{"rendered":"https:\/\/www.suno.com.br\/noticias\/?p=163283"},"modified":"2021-07-02T21:00:31","modified_gmt":"2021-07-03T00:00:31","slug":"mais-lidas-fii-mxrf11-b3sa3-b3-dividendos","status":"publish","type":"post","link":"https:\/\/www.suno.com.br\/noticias\/mais-lidas-fii-mxrf11-b3sa3-b3-dividendos\/","title":{"rendered":"Reforma tribut\u00e1ria e proventos da B3 (B3SA3): Veja as 5 not\u00edcias mais lidas na semana"},"content":{"rendered":"<p>O fundo <a href=\"https:\/\/www.suno.com.br\/artigos\/melhores-fundos-imobiliarios-para-2021\/\">fundo imobili\u00e1rio<\/a> Maxi Renda (MXRF11), que durante o m\u00eas de maio seguiu com a proposta de reciclagem do portf\u00f3lio de CRIs, foi o tema que liderou as<strong> not\u00edcias mais lidas<\/strong> dessa semana, seguido pelo relat\u00f3rio do Credit Suisse que aponta que a reforma tribut\u00e1ria ser\u00e1 potencialmente positiva para empresas de <em>bancassurance.<\/em><\/p>\t<div class=\"wrapper-featured-image\">\n\t\t<figure class=\"spotlightImg\">\n\n\t\t\t<picture>\n\t\t\t\t<source media=\"(max-width: 768px)\" srcset=\"https:\/\/files.sunoresearch.com.br\/n\/uploads\/2021\/07\/61ca8a1a-savings-2789092_1280-400x200.jpg\">\n\t\t\t\t<img loading=\"lazy\" decoding=\"async\" class=\"newsContent__article__imgCapa lazyloadDisabled \" src=\"https:\/\/files.sunoresearch.com.br\/n\/uploads\/2021\/07\/61ca8a1a-savings-2789092_1280-800x450.jpg\" width=\"800\" height=\"450\" alt=\"Reforma tribut\u00e1ria e proventos da B3 (B3SA3): Veja as 5 not\u00edcias mais lidas na semana\" fetchpriority=high \/>\n\t\t\t<\/picture>\n\n\t\t\t<figcaption class=\"wp-caption-text wp-caption-text--show\">Moedas. Foto: Pixabay<\/figcaption>\n\t\t<\/figure>\n\t<\/div>\n\n\n\t<p>\n\t\t<a href=\"https:\/\/lp.suno.com.br\/planilha-controle-gastos\/\" target=\"_blank\" data-element=\"shortcode-suno-banner\" title=\"Banner SUNO, clique e saiba mais\">\n\t\t\t<picture>\n\t\t\t\t<source media=\"(max-width: 500px)\" srcset=\"https:\/\/files.sunoresearch.com.br\/n\/uploads\/2023\/03\/400x300-Planilha-controle-de-gastos.png\">\n\t\t\t\t<img class=\"newsContent__article__imgCapa newsContent__article__imgCapa--banner\"\n\t\t\t\t\tsrc=\"https:\/\/files.sunoresearch.com.br\/n\/uploads\/2023\/03\/1420x240-Planilha-controle-de-gastos.png\"\n\t\t\t\t\tdata-promo-id=\"101751\"\t\t\t\t\t\t\t\t\t\twidth='1420' height='240'\t\t\t\t\talt=\"https:\/\/files.sunoresearch.com.br\/n\/uploads\/2023\/03\/1420x240-Planilha-controle-de-gastos.png\"\n\t\t\t\t>\n\t\t\t<\/picture>\n\t\t<\/a>\n\t<\/p>\n\n\n<p>J\u00e1 em terceiro lugar entre as not\u00edcias mais lidas, est\u00e1 a avalia\u00e7\u00e3o de tributaristas que apontam que a proposta de <strong>reforma tribut\u00e1ria\u00a0<\/strong>pode estimular opera\u00e7\u00f5es de <a href=\"https:\/\/www.suno.com.br\/artigos\/day-trade\/\">day trade.<\/a><\/p>\n<p>Al\u00e9m disso, durante a primeira semana do m\u00eas os leitores ficaram atentos aos<strong> dividendos da B3<\/strong>, e ao ministro da economia, Paulo Guedes, que afirmou que quem recebe dividendos n\u00e3o pode reclamar de pagar 20% em tributa\u00e7\u00e3o.<\/p>\n\t<p>\n\t\t<a href=\"https:\/\/lp.suno.com.br\/planilha-da-vida-financeira\/\" target=\"_blank\" data-element=\"shortcode-suno-banner\" title=\"Banner SUNO, clique e saiba mais\">\n\t\t\t<picture>\n\t\t\t\t<source media=\"(max-width: 500px)\" srcset=\"https:\/\/files.sunoresearch.com.br\/n\/uploads\/2023\/04\/400x300-Planilha-vida-financeira-true.png\">\n\t\t\t\t<img class=\"newsContent__article__imgCapa newsContent__article__imgCapa--banner\"\n\t\t\t\t\tsrc=\"https:\/\/files.sunoresearch.com.br\/n\/uploads\/2023\/04\/1420x240-Planilha-vida-financeira-true.png\"\n\t\t\t\t\tdata-promo-id=\"106682\"\t\t\t\t\t\t\t\t\t\twidth='1420' height='240'\t\t\t\t\talt=\"https:\/\/files.sunoresearch.com.br\/n\/uploads\/2023\/04\/1420x240-Planilha-vida-financeira-true.png\"\n\t\t\t\t>\n\t\t\t<\/picture>\n\t\t<\/a>\n\t<\/p>\n\n\n<p>Veja abaixo um resumo e o link para as cinco <strong>not\u00edcias mais lidas na semana<\/strong>:<\/p>\n<h2>1. FII MXRF11 lidera not\u00edcias mais lidas<\/h2>\n<p>Liderando as not\u00edcias mais lidas do <strong>SUNO Not\u00edcias<\/strong> nesta semana est\u00e1 o <strong>fundo imobili\u00e1rio Maxi Renda (MXRF11)<\/strong> que recentemente divulgou seu relat\u00f3rio gerencial do m\u00eas de maio.<\/p>\n<p>No quinto m\u00eas do ano, o <strong>FII<\/strong> seguiu com a proposta de reciclagem do portf\u00f3lio de <strong>CRIs<\/strong>, com aliena\u00e7\u00f5es e liquida\u00e7\u00f5es, focando em origina\u00e7\u00f5es e estrutura\u00e7\u00f5es pr\u00f3prias.<\/p>\n<p>O MXRF11 alienou os pap\u00e9is do <strong>GPA<\/strong> e FS Bioenergia, gerando um <a class=\"suno-keyword\" href=\"https:\/\/www.suno.com.br\/artigos\/ganho-de-capital\/\" target=\"_blank\" rel=\"noopener noreferrer\" data-force=\"no\" data-priority=\"1\">ganho de capital<\/a> de R$ 1,62 milh\u00e3o ao fundo. Tamb\u00e9m foram liquidados os CRIs JCA, Helbor Multi Renda II e BRF, no valor total de R$ 82,50 milh\u00f5es.<\/p>\n<p>&#8220;Algumas aloca\u00e7\u00f5es tiveram o processo de estrutura\u00e7\u00e3o um pouco mais lento que o esperado, de forma que o fundo encerrou com volume de caixa al\u00e9m do desejado&#8221;, comentou a gest\u00e3o do <strong>FII<\/strong>.<\/p>\n\t<div data-element=\"shortcode-read-more\" class=\"knowMore\">\n\t\t\t\t<span class=\"knowMore__title\">Saiba mais <\/span>\n\t\t\t\t<a class=\"knowMore__link\" href=\"https:\/\/www.suno.com.br\/noticias\/fii-mxrf11-cris-reciclagem-diminuicao-caixa\/\">\n\t\t\tFII MXRF11: carteira de CRIs segue em reciclagem e caixa deve diminuir\t\t<\/a>\n\t<\/div>\n\n\n<h2>2.\u00a0Reforma tribut\u00e1ria favorece BB Seguridade<\/h2>\n<p>A <strong>proposta da reforma tribut\u00e1ria<\/strong> foi um dos assuntos que mais se destacaram essa semana. Assim, a segunda mat\u00e9ria entre as mais lidas foi sobre o relat\u00f3rio do Credit Suisse que apontou que a proposta ser\u00e1 potencialmente positiva para empresas de <em>bancassurance<\/em>, incluindo <a href=\"https:\/\/www.suno.com.br\/acoes\/CXSE3\/\">Caixa Seguridade (CXSE3)<\/a> e <a class=\"suno-keyword\" href=\"https:\/\/www.suno.com.br\/acoes\/BBSE3\/\" target=\"_blank\" rel=\"noopener noreferrer\" data-force=\"yes\" data-priority=\"2\">BB Seguridade (BBSE3)<\/a>, da mesma forma que impactar\u00e1 negativamente os neg\u00f3cios da XP.<\/p>\n<p>As medidas beneficiariam <strong>BB Seguridade<\/strong> e <strong>Caixa Seguridade<\/strong>, as quais n\u00e3o seriam afetadas pela n\u00e3o<strong> dedutibilidade do JCP<\/strong>, dado que apenas pagam dividendos, avaliou o Credit Suisse. J\u00e1 o impacto nos lucros deve ser positivo, &#8220;pois o benef\u00edcio da redu\u00e7\u00e3o na taxa de imposto de renda mais do que compensa a tributa\u00e7\u00e3o sobre a parte dos dividendos&#8221;. O banco estima um efeito positivo nos lucros de 3% para BBSE e 6,6% para CXSE em 2023.<\/p>\n<p>As mudan\u00e7as n\u00e3o significam um empurr\u00e3o para segurados em geral. Em paralelo, o <strong>Credit Suisse<\/strong> disse esperar um impacto negativo sobre os lucros de <a href=\"https:\/\/www.suno.com.br\/acoes\/PSSA3\/\"><strong>Porto Seguro<\/strong> (PSSA3),<\/a> de 4,6%, em raz\u00e3o do impacto do fim da dedutibilidade de juros sobre capital pr\u00f3prio.<\/p>\n\t<div data-element=\"shortcode-read-more\" class=\"knowMore\">\n\t\t\t\t<span class=\"knowMore__title\">Saiba mais<\/span>\n\t\t\t\t<a class=\"knowMore__link\" href=\"https:\/\/www.suno.com.br\/noticias\/reforma-tributaria-favorece-bb-seguridade-bbse3-prejudica-xp\/\">\n\t\t\tReforma tribut\u00e1ria favorece BB Seguridade (BBSE3), mas prejudica XP\t\t<\/a>\n\t<\/div>\n\n\n<h2>3. Reforma tribut\u00e1ria incentiva day trade<\/h2>\n<p>Al\u00e9m disso, tributaristas avaliaram\u00a0 que a proposta de <strong>reforma tribut\u00e1ria\u00a0<\/strong>pode estimular opera\u00e7\u00f5es de <strong><a href=\"https:\/\/www.suno.com.br\/artigos\/day-trade\/\">day trade<\/a><\/strong>, e essa foi a terceira not\u00edcia mais lida da semana.<\/p>\n<p>A equipe econ\u00f4mica prop\u00f4s altera\u00e7\u00f5es na tributa\u00e7\u00e3o das opera\u00e7\u00f5es em Bolsa. Hoje, a apura\u00e7\u00e3o \u00e9 mensal e h\u00e1 duas al\u00edquotas, de 15% e 20%, a depender da aplica\u00e7\u00e3o (com compensa\u00e7\u00f5es de preju\u00edzos limitadas \u00e0s opera\u00e7\u00f5es com al\u00edquota igual). Com a reforma tribut\u00e1ria, a cobran\u00e7a ser\u00e1 \u00fanica para todos os mercados, em 15%, e existir\u00e1 a possibilidade de compensa\u00e7\u00e3o entre todas as opera\u00e7\u00f5es.<\/p>\n<p>Na vis\u00e3o de<strong> Ana Claudia Utumi<\/strong>, s\u00f3cia fundadora da Utumi Advogados, a unifica\u00e7\u00e3o da al\u00edquota de IR e a apura\u00e7\u00e3o de day trade junto com demais opera\u00e7\u00f5es pode encorajar a estrat\u00e9gia de compra e venda no mesmo dia. &#8220;Apesar do <strong>day trade<\/strong> envolver muito risco, as medidas propostas podem infelizmente estimular ainda mais o mercado.&#8221;<\/p>\n<p>Para <strong>Alamy Candido<\/strong>, s\u00f3cio do Candido Martins Advogados, ao harmonizar as al\u00edquotas de IR a reforma tribut\u00e1ria beneficia algumas opera\u00e7\u00f5es, em detrimento de outras. Neste caso, o incentivo iria ao day trade.<\/p>\n\t<div data-element=\"shortcode-read-more\" class=\"knowMore\">\n\t\t\t\t<span class=\"knowMore__title\">Veja a mat\u00e9ria completa<\/span>\n\t\t\t\t<a class=\"knowMore__link\" href=\"https:\/\/www.suno.com.br\/noticias\/reforma-tributaria-incentiza-day-trade\/\">\n\t\t\tReforma tribut\u00e1ria incentiva day trade, dizem tributaristas\t\t<\/a>\n\t<\/div>\n\n\n<h2>4. B3 ajusta valor de proventos e foca entre mat\u00e9rias mais lidas<\/h2>\n<p>A <a class=\"suno-keyword\" href=\"https:\/\/www.suno.com.br\/acoes\/B3SA3\/\" target=\"_blank\" rel=\"noopener noreferrer\" data-force=\"yes\" data-priority=\"2\"><strong>B3<\/strong> (B3SA3)<\/a> informou nesta ter\u00e7a-feira (29) que o valor dos dividendos por a\u00e7\u00e3o, anunciados no dia 24 de junho, foi ajustado de R$ 0,16842 para pouco mais de R$ 0,168543.<\/p>\n<p>Ao mesmo tempo, a B3 ajustou o valor bruto por pap\u00e9l dos <strong><a href=\"https:\/\/www.suno.com.br\/artigos\/entenda-o-jcp\/\">juros sobre capital pr\u00f3prio (JCP)<\/a><\/strong> de R$ 0,04607 para R$ 0,04610. Nesse sentido, o valor l\u00edquido, j\u00e1 deduzido o imposto de renda na fonte de 15%, passou de R$ 0,03916 para R$ 0,03919.<\/p>\n<p>Ao anunciar os <strong>proventos<\/strong>, a companhia j\u00e1 havia destacado que os valores poderiam ser modificados em raz\u00e3o do <strong>programa de recompra<\/strong> em curso.<\/p>\n\t<div data-element=\"shortcode-read-more\" class=\"knowMore\">\n\t\t\t\t<span class=\"knowMore__title\">Veja mais<\/span>\n\t\t\t\t<a class=\"knowMore__link\" href=\"https:\/\/www.suno.com.br\/noticias\/b3-b3sa3-ajusta-valor-dividendos-jcp\/\">\n\t\t\tB3 (B3SA3) ajusta valor de dividendos e JCP por a\u00e7\u00e3o\t\t<\/a>\n\t<\/div>\n\n\n<h2>5. Guedes defende proposta para tributar dividendos<\/h2>\n<p>O ministro da Economia, <a class=\"suno-keyword\" href=\"https:\/\/www.suno.com.br\/tudo-sobre\/paulo-guedes\/\" target=\"_blank\" rel=\"noopener noreferrer\" data-force=\"no\" data-priority=\"2\">Paulo Guedes<\/a>, voltou a defender na \u00faltima quinta-feira (1), a proposta apresentada pela equipe econ\u00f4mica na semana passada para tributar a <strong>distribui\u00e7\u00e3o do lucro e dividendos<\/strong> com uma al\u00edquota de 20%.<\/p>\n<p>&#8220;N\u00e3o estamos nem fazendo a tabela progressiva, \u00e9 s\u00f3 20%. Tem trabalhador que paga 27,5%. Ent\u00e3o pelo amor de Deus, n\u00e3o pode quem recebe dividendo reclamar de pagar 20%&#8221;, refor\u00e7ou o ministro.<\/p>\n<p>Ao participar de um evento online organizado pelo empres\u00e1rio <strong>Ab\u00edlio Diniz,\u00a0<\/strong> o economista afirmou que a proposta da reforma tribut\u00e1ria apresentada pelo governo n\u00e3o traz <strong>aumento de impostos. <\/strong><\/p>\n<p>&#8220;Quem n\u00e3o pagava impostos diretamente, ou seja, a classe mais alta que<strong> vive de dividendos<\/strong>, vai pagar agora. A\u00ed vai dizer que j\u00e1 paga por meio da empresa. N\u00e3o se preocupe, vamos<strong> reduzir a tributa\u00e7\u00e3o<\/strong> da empresa. N\u00e3o queremos que voc\u00ea pague atrav\u00e9s da empresa, mas, sim, pela <a class=\"suno-keyword\" href=\"https:\/\/www.suno.com.br\/artigos\/pessoa-fisica\/\" target=\"_blank\" rel=\"noopener noreferrer\" data-force=\"no\" data-priority=\"1\">pessoa f\u00edsica<\/a>&#8220;, explicou ele.<\/p>\n\t<div data-element=\"shortcode-read-more\" class=\"knowMore\">\n\t\t\t\t<span class=\"knowMore__title\">Leia a mat\u00e9ria completa<\/span>\n\t\t\t\t<a class=\"knowMore__link\" href=\"https:\/\/www.suno.com.br\/noticias\/nao-pode-receba-dividendos-reclamar-guedes\/\">\n\t\t\t&quot;Pelo amor de Deus, n\u00e3o pode quem recebe dividendos reclamar de pagar 20%&quot;, diz Guedes\t\t<\/a>\n\t<\/div>\n\n\n<p>Essas foram as 5<strong> not\u00edcias mais lidas da semana.<\/strong> Para ler todas, <strong><a href=\"https:\/\/www.suno.com.br\/noticias\">clique aqui.<\/a><\/strong><\/p>\n\t<p>\n\t\t<a href=\"https:\/\/lp.suno.com.br\/planilha-de-controle-de-investimentos\/\" target=\"_blank\" data-element=\"shortcode-suno-banner\" title=\"Banner SUNO, clique e saiba mais\">\n\t\t\t<picture>\n\t\t\t\t<source media=\"(max-width: 500px)\" srcset=\"https:\/\/files.sunoresearch.com.br\/n\/uploads\/2023\/03\/400x300-Controle-de-Investimentos.png\">\n\t\t\t\t<img class=\"newsContent__article__imgCapa newsContent__article__imgCapa--banner\"\n\t\t\t\t\tsrc=\"https:\/\/files.sunoresearch.com.br\/n\/uploads\/2023\/03\/1420x240-Controle-de-Investimentos.png\"\n\t\t\t\t\tdata-promo-id=\"75934\"\t\t\t\t\t\t\t\t\t\twidth='1420' height='240'\t\t\t\t\talt=\"https:\/\/files.sunoresearch.com.br\/n\/uploads\/2023\/03\/1420x240-Controle-de-Investimentos.png\"\n\t\t\t\t>\n\t\t\t<\/picture>\n\t\t<\/a>\n\t<\/p>\n\n\n","protected":false},"excerpt":{"rendered":"<p>O fundo fundo imobili\u00e1rio Maxi Renda (MXRF11), que durante o m\u00eas de maio seguiu com a proposta de reciclagem do portf\u00f3lio de CRIs, foi o tema que liderou as not\u00edcias mais lidas dessa semana, seguido pelo relat\u00f3rio do Credit Suisse que aponta que a reforma tribut\u00e1ria ser\u00e1 potencialmente positiva para empresas de bancassurance. Moedas. Foto: [&hellip;]<\/p>\n","protected":false},"author":39,"featured_media":163440,"comment_status":"closed","ping_status":"closed","sticky":false,"template":"","format":"standard","meta":[],"categories":[64],"tags":[367,295,315,106467,104577,106096,796,1286],"suno_strategy":[],"class_list":["post-163283","post","type-post","status-publish","format-standard","has-post-thumbnail","hentry","category-negocios","tag-b3-b3sa3","tag-dividendos","tag-fundos-imobiliarios-fiis","tag-guedes","tag-mxrf11","tag-noticias-mais-lidas","tag-paulo-guedes","tag-reforma-tributaria"],"yoast_head":"<!-- This site is optimized with the Yoast SEO plugin v24.4 - https:\/\/yoast.com\/wordpress\/plugins\/seo\/ -->\n<title>Reforma tribut\u00e1ria e proventos da B3: Veja as 5 not\u00edcias mais lidas<\/title>\n<meta name=\"description\" content=\"B3 (B3SA3) ajusta valor de proventos e Guedes diz que quem recebe dividendos n\u00e3o pode reclamar de pagar 20%. Veja as 5 not\u00edcias mais lidas!\" \/>\n<meta name=\"robots\" content=\"index, follow, max-snippet:-1, max-image-preview:large, max-video-preview:-1\" \/>\n<link rel=\"canonical\" href=\"https:\/\/www.suno.com.br\/noticias\/mais-lidas-fii-mxrf11-b3sa3-b3-dividendos\/\" \/>\n<meta property=\"og:locale\" content=\"pt_BR\" \/>\n<meta property=\"og:type\" content=\"article\" \/>\n<meta property=\"og:title\" content=\"Reforma tribut\u00e1ria e proventos da B3: Veja as 5 not\u00edcias mais lidas\" \/>\n<meta property=\"og:description\" content=\"B3 (B3SA3) ajusta valor de proventos e Guedes diz que quem recebe dividendos n\u00e3o pode reclamar de pagar 20%. Veja as 5 not\u00edcias mais lidas!\" \/>\n<meta property=\"og:url\" content=\"https:\/\/www.suno.com.br\/noticias\/mais-lidas-fii-mxrf11-b3sa3-b3-dividendos\/\" \/>\n<meta property=\"og:site_name\" content=\"Suno Not\u00edcias\" \/>\n<meta property=\"article:publisher\" content=\"https:\/\/facebook.com\/sunoresearch\" \/>\n<meta property=\"og:image\" content=\"https:\/\/files.sunoresearch.com.br\/n\/uploads\/2021\/07\/61ca8a1a-savings-2789092_1280.jpg\" \/>\n\t<meta property=\"og:image:width\" content=\"1280\" \/>\n\t<meta property=\"og:image:height\" content=\"853\" \/>\n\t<meta property=\"og:image:type\" content=\"image\/jpeg\" \/>\n<meta name=\"author\" content=\"Laura Moutinho\" \/>\n<meta name=\"twitter:card\" content=\"summary_large_image\" \/>\n<meta name=\"twitter:creator\" content=\"@sunoresearch\" \/>\n<meta name=\"twitter:site\" content=\"@sunoresearch\" \/>\n<meta name=\"twitter:label1\" content=\"Escrito por\" \/>\n\t<meta name=\"twitter:data1\" content=\"Laura Moutinho\" \/>\n\t<meta name=\"twitter:label2\" content=\"Est. tempo de leitura\" \/>\n\t<meta name=\"twitter:data2\" content=\"5 minutos\" \/>\n<script type=\"application\/ld+json\" class=\"yoast-schema-graph\">{\"@context\":\"https:\/\/schema.org\",\"@graph\":[{\"@type\":\"NewsArticle\",\"@id\":\"https:\/\/www.suno.com.br\/noticias\/mais-lidas-fii-mxrf11-b3sa3-b3-dividendos\/#article\",\"isPartOf\":{\"@id\":\"https:\/\/www.suno.com.br\/noticias\/mais-lidas-fii-mxrf11-b3sa3-b3-dividendos\/\"},\"author\":{\"name\":\"Laura Moutinho\",\"@id\":\"https:\/\/www.suno.com.br\/noticias\/#\/schema\/person\/3df0d2808748b74496efe5dbeaef2c72\"},\"headline\":\"Reforma tribut\u00e1ria e proventos da B3 (B3SA3): Veja as 5 not\u00edcias mais lidas na semana\",\"datePublished\":\"2021-07-03T13:00:58+00:00\",\"mainEntityOfPage\":{\"@id\":\"https:\/\/www.suno.com.br\/noticias\/mais-lidas-fii-mxrf11-b3sa3-b3-dividendos\/\"},\"wordCount\":1053,\"publisher\":{\"@id\":\"https:\/\/www.suno.com.br\/noticias\/#organization\"},\"image\":{\"@id\":\"https:\/\/www.suno.com.br\/noticias\/mais-lidas-fii-mxrf11-b3sa3-b3-dividendos\/#primaryimage\"},\"thumbnailUrl\":\"https:\/\/files.sunoresearch.com.br\/n\/uploads\/2021\/07\/61ca8a1a-savings-2789092_1280.jpg\",\"keywords\":[\"B3 (B3SA3)\",\"dividendos\",\"Fundos Imobili\u00e1rios (FIIs)\",\"guedes\",\"MXRF11\",\"not\u00edcias mais lidas\",\"Paulo Guedes\",\"reforma tribut\u00e1ria\"],\"articleSection\":[\"Neg\u00f3cios\"],\"inLanguage\":\"pt-BR\"},{\"@type\":\"WebPage\",\"@id\":\"https:\/\/www.suno.com.br\/noticias\/mais-lidas-fii-mxrf11-b3sa3-b3-dividendos\/\",\"url\":\"https:\/\/www.suno.com.br\/noticias\/mais-lidas-fii-mxrf11-b3sa3-b3-dividendos\/\",\"name\":\"Reforma tribut\u00e1ria e proventos da B3: Veja as 5 not\u00edcias mais lidas\",\"isPartOf\":{\"@id\":\"https:\/\/www.suno.com.br\/noticias\/#website\"},\"primaryImageOfPage\":{\"@id\":\"https:\/\/www.suno.com.br\/noticias\/mais-lidas-fii-mxrf11-b3sa3-b3-dividendos\/#primaryimage\"},\"image\":{\"@id\":\"https:\/\/www.suno.com.br\/noticias\/mais-lidas-fii-mxrf11-b3sa3-b3-dividendos\/#primaryimage\"},\"thumbnailUrl\":\"https:\/\/files.sunoresearch.com.br\/n\/uploads\/2021\/07\/61ca8a1a-savings-2789092_1280.jpg\",\"datePublished\":\"2021-07-03T13:00:58+00:00\",\"description\":\"B3 (B3SA3) ajusta valor de proventos e Guedes diz que quem recebe dividendos n\u00e3o pode reclamar de pagar 20%. Veja as 5 not\u00edcias mais lidas!\",\"breadcrumb\":{\"@id\":\"https:\/\/www.suno.com.br\/noticias\/mais-lidas-fii-mxrf11-b3sa3-b3-dividendos\/#breadcrumb\"},\"inLanguage\":\"pt-BR\",\"potentialAction\":[{\"@type\":\"ReadAction\",\"target\":[\"https:\/\/www.suno.com.br\/noticias\/mais-lidas-fii-mxrf11-b3sa3-b3-dividendos\/\"]}]},{\"@type\":\"ImageObject\",\"inLanguage\":\"pt-BR\",\"@id\":\"https:\/\/www.suno.com.br\/noticias\/mais-lidas-fii-mxrf11-b3sa3-b3-dividendos\/#primaryimage\",\"url\":\"https:\/\/files.sunoresearch.com.br\/n\/uploads\/2021\/07\/61ca8a1a-savings-2789092_1280.jpg\",\"contentUrl\":\"https:\/\/files.sunoresearch.com.br\/n\/uploads\/2021\/07\/61ca8a1a-savings-2789092_1280.jpg\",\"width\":1280,\"height\":853,\"caption\":\"Moedas. Foto: Pixabay\"},{\"@type\":\"BreadcrumbList\",\"@id\":\"https:\/\/www.suno.com.br\/noticias\/mais-lidas-fii-mxrf11-b3sa3-b3-dividendos\/#breadcrumb\",\"itemListElement\":[{\"@type\":\"ListItem\",\"position\":1,\"name\":\"Not\u00edcias\",\"item\":\"https:\/\/www.suno.com.br\/noticias\/\"},{\"@type\":\"ListItem\",\"position\":2,\"name\":\"Neg\u00f3cios\",\"item\":\"https:\/\/www.suno.com.br\/noticias\/negocios\/\"},{\"@type\":\"ListItem\",\"position\":3,\"name\":\"Reforma tribut\u00e1ria e proventos da B3 (B3SA3): Veja as 5 not\u00edcias mais lidas na semana\"}]},{\"@type\":\"WebSite\",\"@id\":\"https:\/\/www.suno.com.br\/noticias\/#website\",\"url\":\"https:\/\/www.suno.com.br\/noticias\/\",\"name\":\"Suno Not\u00edcias\",\"description\":\"Seu portal de informa\u00e7\u00e3o sobre o mundo dos investimentos\",\"publisher\":{\"@id\":\"https:\/\/www.suno.com.br\/noticias\/#organization\"},\"potentialAction\":[{\"@type\":\"SearchAction\",\"target\":{\"@type\":\"EntryPoint\",\"urlTemplate\":\"https:\/\/www.suno.com.br\/noticias\/?s={search_term_string}\"},\"query-input\":{\"@type\":\"PropertyValueSpecification\",\"valueRequired\":true,\"valueName\":\"search_term_string\"}}],\"inLanguage\":\"pt-BR\"},{\"@type\":\"Organization\",\"@id\":\"https:\/\/www.suno.com.br\/noticias\/#organization\",\"name\":\"Suno Not\u00edcias\",\"url\":\"https:\/\/www.suno.com.br\/noticias\/\",\"logo\":{\"@type\":\"ImageObject\",\"inLanguage\":\"pt-BR\",\"@id\":\"https:\/\/www.suno.com.br\/noticias\/#\/schema\/logo\/image\/\",\"url\":\"https:\/\/files.sunoresearch.com.br\/n\/uploads\/2021\/09\/suno-logo.png\",\"contentUrl\":\"https:\/\/files.sunoresearch.com.br\/n\/uploads\/2021\/09\/suno-logo.png\",\"width\":180,\"height\":180,\"caption\":\"Suno Not\u00edcias\"},\"image\":{\"@id\":\"https:\/\/www.suno.com.br\/noticias\/#\/schema\/logo\/image\/\"},\"sameAs\":[\"https:\/\/facebook.com\/sunoresearch\",\"https:\/\/x.com\/sunoresearch\",\"https:\/\/www.instagram.com\/suno\",\"https:\/\/www.linkedin.com\/company\/suno-research\/\",\"https:\/\/www.youtube.com\/c\/sunoresearch\"]},{\"@type\":\"Person\",\"@id\":\"https:\/\/www.suno.com.br\/noticias\/#\/schema\/person\/3df0d2808748b74496efe5dbeaef2c72\",\"name\":\"Laura Moutinho\",\"image\":{\"@type\":\"ImageObject\",\"inLanguage\":\"pt-BR\",\"@id\":\"https:\/\/www.suno.com.br\/noticias\/#\/schema\/person\/image\/\",\"url\":\"https:\/\/secure.gravatar.com\/avatar\/7571c7c8ca3a6fca5e41384ece5557ff?s=96&r=g\",\"contentUrl\":\"https:\/\/secure.gravatar.com\/avatar\/7571c7c8ca3a6fca5e41384ece5557ff?s=96&r=g\",\"caption\":\"Laura Moutinho\"},\"description\":\"Estagi\u00e1ria na Suno Not\u00edcias, escreve not\u00edcias que afetam o mercado financeiro. Estuda administra\u00e7\u00e3o na Universidade Presbiteriana Mackenzie.\",\"url\":\"https:\/\/www.suno.com.br\/noticias\/author\/laura-moutinho\/\"}]}<\/script>\n<!-- \/ Yoast SEO plugin. -->","yoast_head_json":{"title":"Reforma tribut\u00e1ria e proventos da B3: Veja as 5 not\u00edcias mais lidas","description":"B3 (B3SA3) ajusta valor de proventos e Guedes diz que quem recebe dividendos n\u00e3o pode reclamar de pagar 20%. Veja as 5 not\u00edcias mais lidas!","robots":{"index":"index","follow":"follow","max-snippet":"max-snippet:-1","max-image-preview":"max-image-preview:large","max-video-preview":"max-video-preview:-1"},"canonical":"https:\/\/www.suno.com.br\/noticias\/mais-lidas-fii-mxrf11-b3sa3-b3-dividendos\/","og_locale":"pt_BR","og_type":"article","og_title":"Reforma tribut\u00e1ria e proventos da B3: Veja as 5 not\u00edcias mais lidas","og_description":"B3 (B3SA3) ajusta valor de proventos e Guedes diz que quem recebe dividendos n\u00e3o pode reclamar de pagar 20%. Veja as 5 not\u00edcias mais lidas!","og_url":"https:\/\/www.suno.com.br\/noticias\/mais-lidas-fii-mxrf11-b3sa3-b3-dividendos\/","og_site_name":"Suno Not\u00edcias","article_publisher":"https:\/\/facebook.com\/sunoresearch","og_image":[{"width":1280,"height":853,"url":"https:\/\/files.sunoresearch.com.br\/n\/uploads\/2021\/07\/61ca8a1a-savings-2789092_1280.jpg","type":"image\/jpeg"}],"author":"Laura Moutinho","twitter_card":"summary_large_image","twitter_creator":"@sunoresearch","twitter_site":"@sunoresearch","twitter_misc":{"Escrito por":"Laura Moutinho","Est. tempo de leitura":"5 minutos"},"schema":{"@context":"https:\/\/schema.org","@graph":[{"@type":"NewsArticle","@id":"https:\/\/www.suno.com.br\/noticias\/mais-lidas-fii-mxrf11-b3sa3-b3-dividendos\/#article","isPartOf":{"@id":"https:\/\/www.suno.com.br\/noticias\/mais-lidas-fii-mxrf11-b3sa3-b3-dividendos\/"},"author":{"name":"Laura Moutinho","@id":"https:\/\/www.suno.com.br\/noticias\/#\/schema\/person\/3df0d2808748b74496efe5dbeaef2c72"},"headline":"Reforma tribut\u00e1ria e proventos da B3 (B3SA3): Veja as 5 not\u00edcias mais lidas na semana","datePublished":"2021-07-03T13:00:58+00:00","mainEntityOfPage":{"@id":"https:\/\/www.suno.com.br\/noticias\/mais-lidas-fii-mxrf11-b3sa3-b3-dividendos\/"},"wordCount":1053,"publisher":{"@id":"https:\/\/www.suno.com.br\/noticias\/#organization"},"image":{"@id":"https:\/\/www.suno.com.br\/noticias\/mais-lidas-fii-mxrf11-b3sa3-b3-dividendos\/#primaryimage"},"thumbnailUrl":"https:\/\/files.sunoresearch.com.br\/n\/uploads\/2021\/07\/61ca8a1a-savings-2789092_1280.jpg","keywords":["B3 (B3SA3)","dividendos","Fundos Imobili\u00e1rios (FIIs)","guedes","MXRF11","not\u00edcias mais lidas","Paulo Guedes","reforma tribut\u00e1ria"],"articleSection":["Neg\u00f3cios"],"inLanguage":"pt-BR"},{"@type":"WebPage","@id":"https:\/\/www.suno.com.br\/noticias\/mais-lidas-fii-mxrf11-b3sa3-b3-dividendos\/","url":"https:\/\/www.suno.com.br\/noticias\/mais-lidas-fii-mxrf11-b3sa3-b3-dividendos\/","name":"Reforma tribut\u00e1ria e proventos da B3: Veja as 5 not\u00edcias mais lidas","isPartOf":{"@id":"https:\/\/www.suno.com.br\/noticias\/#website"},"primaryImageOfPage":{"@id":"https:\/\/www.suno.com.br\/noticias\/mais-lidas-fii-mxrf11-b3sa3-b3-dividendos\/#primaryimage"},"image":{"@id":"https:\/\/www.suno.com.br\/noticias\/mais-lidas-fii-mxrf11-b3sa3-b3-dividendos\/#primaryimage"},"thumbnailUrl":"https:\/\/files.sunoresearch.com.br\/n\/uploads\/2021\/07\/61ca8a1a-savings-2789092_1280.jpg","datePublished":"2021-07-03T13:00:58+00:00","description":"B3 (B3SA3) ajusta valor de proventos e Guedes diz que quem recebe dividendos n\u00e3o pode reclamar de pagar 20%. Veja as 5 not\u00edcias mais lidas!","breadcrumb":{"@id":"https:\/\/www.suno.com.br\/noticias\/mais-lidas-fii-mxrf11-b3sa3-b3-dividendos\/#breadcrumb"},"inLanguage":"pt-BR","potentialAction":[{"@type":"ReadAction","target":["https:\/\/www.suno.com.br\/noticias\/mais-lidas-fii-mxrf11-b3sa3-b3-dividendos\/"]}]},{"@type":"ImageObject","inLanguage":"pt-BR","@id":"https:\/\/www.suno.com.br\/noticias\/mais-lidas-fii-mxrf11-b3sa3-b3-dividendos\/#primaryimage","url":"https:\/\/files.sunoresearch.com.br\/n\/uploads\/2021\/07\/61ca8a1a-savings-2789092_1280.jpg","contentUrl":"https:\/\/files.sunoresearch.com.br\/n\/uploads\/2021\/07\/61ca8a1a-savings-2789092_1280.jpg","width":1280,"height":853,"caption":"Moedas. Foto: Pixabay"},{"@type":"BreadcrumbList","@id":"https:\/\/www.suno.com.br\/noticias\/mais-lidas-fii-mxrf11-b3sa3-b3-dividendos\/#breadcrumb","itemListElement":[{"@type":"ListItem","position":1,"name":"Not\u00edcias","item":"https:\/\/www.suno.com.br\/noticias\/"},{"@type":"ListItem","position":2,"name":"Neg\u00f3cios","item":"https:\/\/www.suno.com.br\/noticias\/negocios\/"},{"@type":"ListItem","position":3,"name":"Reforma tribut\u00e1ria e proventos da B3 (B3SA3): Veja as 5 not\u00edcias mais lidas na semana"}]},{"@type":"WebSite","@id":"https:\/\/www.suno.com.br\/noticias\/#website","url":"https:\/\/www.suno.com.br\/noticias\/","name":"Suno Not\u00edcias","description":"Seu portal de informa\u00e7\u00e3o sobre o mundo dos investimentos","publisher":{"@id":"https:\/\/www.suno.com.br\/noticias\/#organization"},"potentialAction":[{"@type":"SearchAction","target":{"@type":"EntryPoint","urlTemplate":"https:\/\/www.suno.com.br\/noticias\/?s={search_term_string}"},"query-input":{"@type":"PropertyValueSpecification","valueRequired":true,"valueName":"search_term_string"}}],"inLanguage":"pt-BR"},{"@type":"Organization","@id":"https:\/\/www.suno.com.br\/noticias\/#organization","name":"Suno Not\u00edcias","url":"https:\/\/www.suno.com.br\/noticias\/","logo":{"@type":"ImageObject","inLanguage":"pt-BR","@id":"https:\/\/www.suno.com.br\/noticias\/#\/schema\/logo\/image\/","url":"https:\/\/files.sunoresearch.com.br\/n\/uploads\/2021\/09\/suno-logo.png","contentUrl":"https:\/\/files.sunoresearch.com.br\/n\/uploads\/2021\/09\/suno-logo.png","width":180,"height":180,"caption":"Suno Not\u00edcias"},"image":{"@id":"https:\/\/www.suno.com.br\/noticias\/#\/schema\/logo\/image\/"},"sameAs":["https:\/\/facebook.com\/sunoresearch","https:\/\/x.com\/sunoresearch","https:\/\/www.instagram.com\/suno","https:\/\/www.linkedin.com\/company\/suno-research\/","https:\/\/www.youtube.com\/c\/sunoresearch"]},{"@type":"Person","@id":"https:\/\/www.suno.com.br\/noticias\/#\/schema\/person\/3df0d2808748b74496efe5dbeaef2c72","name":"Laura Moutinho","image":{"@type":"ImageObject","inLanguage":"pt-BR","@id":"https:\/\/www.suno.com.br\/noticias\/#\/schema\/person\/image\/","url":"https:\/\/secure.gravatar.com\/avatar\/7571c7c8ca3a6fca5e41384ece5557ff?s=96&r=g","contentUrl":"https:\/\/secure.gravatar.com\/avatar\/7571c7c8ca3a6fca5e41384ece5557ff?s=96&r=g","caption":"Laura Moutinho"},"description":"Estagi\u00e1ria na Suno Not\u00edcias, escreve not\u00edcias que afetam o mercado financeiro. Estuda administra\u00e7\u00e3o na Universidade Presbiteriana Mackenzie.","url":"https:\/\/www.suno.com.br\/noticias\/author\/laura-moutinho\/"}]}},"default_loop_html":"<div class=\"cardsPage__listCard__boxs\"><div class=\"cardsPage__listCard__boxs__img\"><a href=\"https:\/\/www.suno.com.br\/noticias\/mais-lidas-fii-mxrf11-b3sa3-b3-dividendos\/\"><img class=\"mask\" src=\"https:\/\/www.suno.com.br\/noticias\/wp-content\/themes\/suno\/resources\/images\/spotlight\/spotlight1img\/bg-mask.png\" alt=\"Image Mask\"\/><img src=\"https:\/\/files.sunoresearch.com.br\/n\/uploads\/2021\/07\/61ca8a1a-savings-2789092_1280-400x200.jpg\" alt=\"Reforma tribut\u00e1ria e proventos da B3 (B3SA3): Veja as 5 not\u00edcias mais lidas na semana\"\/><\/a><span class=\"spotlightCategory\"><a href=\"https:\/\/www.suno.com.br\/noticias\/negocios\/\">Neg\u00f3cios<\/a><\/span><\/div><div class=\"cardsPage__listCard__boxs__content\"><a href=\"https:\/\/www.suno.com.br\/noticias\/mais-lidas-fii-mxrf11-b3sa3-b3-dividendos\/\"><h2 class=\"content__title\">Reforma tribut\u00e1ria e proventos da B3 (B3SA3): Veja as 5 not\u00edcias mais lidas na semana<\/h2><\/a><div class=\"newsContent__article__meta\"><div class=\"newsContent__article__meta__authorBox\"><a href=\"https:\/\/www.suno.com.br\/noticias\/author\/laura-moutinho\/\" class=\"authorBox__avatar noMobi\"><img src=\"https:\/\/files.sunoresearch.com.br\/n\/uploads\/2020\/08\/531ff69d-whatsapp-image-2020-08-03-at-14.54.38-150x150.webp\" alt=\"Laura Moutinho\"><\/a><div class=\"authorBox__name\"><span>por\n\t\t\t<a href=\"https:\/\/www.suno.com.br\/noticias\/author\/laura-moutinho\/\"><span itemprop=\"author\">Laura Moutinho<\/span><\/a><\/span><time datetime=\"2021-07-03T10:00:58-03:00\" itemprop=\"datePublished\">03\/07\/2021 10:00<\/time><\/div><\/div><\/div><\/div><\/div>","single_layout":"posts","amp_enabled":true,"_links":{"self":[{"href":"https:\/\/www.suno.com.br\/noticias\/wp-json\/wp\/v2\/posts\/163283"}],"collection":[{"href":"https:\/\/www.suno.com.br\/noticias\/wp-json\/wp\/v2\/posts"}],"about":[{"href":"https:\/\/www.suno.com.br\/noticias\/wp-json\/wp\/v2\/types\/post"}],"author":[{"embeddable":true,"href":"https:\/\/www.suno.com.br\/noticias\/wp-json\/wp\/v2\/users\/39"}],"replies":[{"embeddable":true,"href":"https:\/\/www.suno.com.br\/noticias\/wp-json\/wp\/v2\/comments?post=163283"}],"version-history":[{"count":3,"href":"https:\/\/www.suno.com.br\/noticias\/wp-json\/wp\/v2\/posts\/163283\/revisions"}],"predecessor-version":[{"id":163443,"href":"https:\/\/www.suno.com.br\/noticias\/wp-json\/wp\/v2\/posts\/163283\/revisions\/163443"}],"wp:featuredmedia":[{"embeddable":true,"href":"https:\/\/www.suno.com.br\/noticias\/wp-json\/wp\/v2\/media\/163440"}],"wp:attachment":[{"href":"https:\/\/www.suno.com.br\/noticias\/wp-json\/wp\/v2\/media?parent=163283"}],"wp:term":[{"taxonomy":"category","embeddable":true,"href":"https:\/\/www.suno.com.br\/noticias\/wp-json\/wp\/v2\/categories?post=163283"},{"taxonomy":"post_tag","embeddable":true,"href":"https:\/\/www.suno.com.br\/noticias\/wp-json\/wp\/v2\/tags?post=163283"},{"taxonomy":"suno_strategy","embeddable":true,"href":"https:\/\/www.suno.com.br\/noticias\/wp-json\/wp\/v2\/suno_strategy?post=163283"}],"curies":[{"name":"wp","href":"https:\/\/api.w.org\/{rel}","templated":true}]}}