{"id":163194,"date":"2021-07-02T19:11:30","date_gmt":"2021-07-02T22:11:30","guid":{"rendered":"https:\/\/www.suno.com.br\/noticias\/?p=163194"},"modified":"2021-07-02T19:18:15","modified_gmt":"2021-07-02T22:18:15","slug":"recuperacao-zona-euro-fragil-presidente-bce","status":"publish","type":"post","link":"https:\/\/www.suno.com.br\/noticias\/recuperacao-zona-euro-fragil-presidente-bce\/","title":{"rendered":"Recupera\u00e7\u00e3o da zona do euro ainda \u00e9 fr\u00e1gil, diz presidente do BCE"},"content":{"rendered":"<p>A economia da <a class=\"suno-keyword\" href=\"https:\/\/www.suno.com.br\/artigos\/zona-do-euro\/\" target=\"_blank\" rel=\"noopener noreferrer\" data-force=\"no\" data-priority=\"1\">zona do euro<\/a> est\u00e1 come\u00e7ando a se recuperar da crise gerada pela pandemia de covid-19, mas a retomada ainda \u00e9 fr\u00e1gil, afirmou a presidente do <a class=\"suno-keyword\" href=\"https:\/\/www.suno.com.br\/artigos\/bce\/\" target=\"_blank\" rel=\"noopener noreferrer\" data-force=\"no\" data-priority=\"1\">Banco Central Europeu (<strong>BCE<\/strong>)<\/a>, Christine Lagarde, em entrevista publicada nesta sexta-feira (02).<\/p>\t<div class=\"wrapper-featured-image\">\n\t\t<figure class=\"spotlightImg\">\n\n\t\t\t<picture>\n\t\t\t\t<source media=\"(max-width: 768px)\" srcset=\"https:\/\/files.sunoresearch.com.br\/n\/uploads\/2021\/04\/487f7d54-bank-879381_1280-400x200.webp\">\n\t\t\t\t<img loading=\"lazy\" decoding=\"async\" class=\"newsContent__article__imgCapa lazyloadDisabled \" src=\"https:\/\/files.sunoresearch.com.br\/n\/uploads\/2021\/04\/487f7d54-bank-879381_1280-800x450.webp\" width=\"800\" height=\"450\" alt=\"Recupera\u00e7\u00e3o da zona do euro ainda \u00e9 fr\u00e1gil, diz presidente do BCE\" fetchpriority=high \/>\n\t\t\t<\/picture>\n\n\t\t\t<figcaption class=\"wp-caption-text wp-caption-text--show\">BCE. Foto: Pixabay<\/figcaption>\n\t\t<\/figure>\n\t<\/div>\n\n\n\t<p>\n\t\t<a href=\"https:\/\/lp.suno.com.br\/planilha-controle-gastos\/\" target=\"_blank\" data-element=\"shortcode-suno-banner\" title=\"Banner SUNO, clique e saiba mais\">\n\t\t\t<picture>\n\t\t\t\t<source media=\"(max-width: 500px)\" srcset=\"https:\/\/files.sunoresearch.com.br\/n\/uploads\/2023\/03\/400x300-Planilha-controle-de-gastos.png\">\n\t\t\t\t<img class=\"newsContent__article__imgCapa newsContent__article__imgCapa--banner\"\n\t\t\t\t\tsrc=\"https:\/\/files.sunoresearch.com.br\/n\/uploads\/2023\/03\/1420x240-Planilha-controle-de-gastos.png\"\n\t\t\t\t\tdata-promo-id=\"101751\"\t\t\t\t\t\t\t\t\t\twidth='1420' height='240'\t\t\t\t\talt=\"https:\/\/files.sunoresearch.com.br\/n\/uploads\/2023\/03\/1420x240-Planilha-controle-de-gastos.png\"\n\t\t\t\t>\n\t\t\t<\/picture>\n\t\t<\/a>\n\t<\/p>\n\n\n<p>&#8220;Concordamos em manter (est\u00edmulos emergenciais) at\u00e9 pelo menos mar\u00e7o de 2022 e, de qualquer forma, at\u00e9 que julguemos que a crise do coronav\u00edrus chegou ao fim&#8221;, disse a mandat\u00e1ria do BCE, ao jornal franc\u00eas <i>La Provence<\/i>.<\/p>\n<p>Tamb\u00e9m na entrevista, Lagarde comentou que a zona do euro ainda n\u00e3o est\u00e1 numa situa\u00e7\u00e3o de recupera\u00e7\u00e3o econ\u00f4mica sustent\u00e1vel que garanta a estabilidade dos pre\u00e7os.<\/p>\n<p>O BCE tem como meta manter a infla\u00e7\u00e3o anual do bloco ligeiramente abaixo de 2%.<\/p>\n<p><b>Balan\u00e7o de riscos e variante Delta<\/b><\/p>\n<p>Christine Lagarde tamb\u00e9m afirmou durante evento do think-tank Le Cercle des \u00e9conomistes nesta sexta-feira que o balan\u00e7o de riscos para a economia da zona do euro est\u00e1 &#8220;mais ou menos&#8221; equilibrado no momento, com a variante Delta do coronav\u00edrus se destacando como a principal fonte de preocupa\u00e7\u00e3o.<\/p>\n\t<p>\n\t\t<a href=\"\" target=\"_blank\" data-element=\"shortcode-suno-banner\" title=\"Banner SUNO, clique e saiba mais\">\n\t\t\t<picture>\n\t\t\t\t<source media=\"(max-width: 500px)\" srcset=\"\">\n\t\t\t\t<img class=\"newsContent__article__imgCapa newsContent__article__imgCapa--banner\"\n\t\t\t\t\tsrc=\"\"\n\t\t\t\t\tdata-promo-id=\"77030\"\t\t\t\t\t\t\t\t\t\t\t\t\t\t\talt=\"\"\n\t\t\t\t>\n\t\t\t<\/picture>\n\t\t<\/a>\n\t<\/p>\n\n\n<p>Ela avaliou ainda que \u00e9 necess\u00e1rio promover transforma\u00e7\u00f5es e pol\u00edticas econ\u00f4micas que impulsionem o crescimento na regi\u00e3o, para que a zona do euro tenha &#8220;arquitetura mais s\u00f3lida&#8221; para superar crises futuras.<\/p>\n<h2>Compras emergenciais de t\u00edtulos devem ser encerradas com fim da pandemia, diz BCE<\/h2>\n<p>O Programa de Compras Emergenciais da Pandemia (PEPP, na sigla em ingl\u00eas) do Banco Central Europeu deve ser encerrado assim que a situa\u00e7\u00e3o de emerg\u00eancia sanit\u00e1ria na zona do euro terminar e a economia da regi\u00e3o apresente fundamentos s\u00f3lidos para crescer sem o apoio excepcional, segundo avalia o dirigente do BCE, Jens Weidmann, em discurso publicado no site do Bundesbank, o BC da Alemanha, na \u00faltima segunda-feira (28).<\/p>\n\t<p>\n\t\t<a href=\"\" target=\"_blank\" data-element=\"shortcode-suno-banner\" title=\"Banner SUNO, clique e saiba mais\">\n\t\t\t<picture>\n\t\t\t\t<source media=\"(max-width: 500px)\" srcset=\"\">\n\t\t\t\t<img class=\"newsContent__article__imgCapa newsContent__article__imgCapa--banner\"\n\t\t\t\t\tsrc=\"\"\n\t\t\t\t\tdata-promo-id=\"92668\"\t\t\t\t\t\t\t\t\t\t\t\t\t\t\talt=\"\"\n\t\t\t\t>\n\t\t\t<\/picture>\n\t\t<\/a>\n\t<\/p>\n\n\n<p>&#8220;Gra\u00e7as aos resultados realizados na vacina\u00e7\u00e3o contra a covid-19, a economia da zona euro est\u00e1 agora saindo da crise. Isso tem consequ\u00eancias para o PEPP, pois o programa est\u00e1 claramente vinculado \u00e0 pandemia&#8221;, opinou o dirigente do BCE, defendendo a redu\u00e7\u00e3o dos est\u00edmulos monet\u00e1rios e fiscais uma vez que a pandemia seja superada.<\/p>\n<p>Caso a emerg\u00eancia sanit\u00e1ria na zona do euro n\u00e3o se estenda al\u00e9m do esperado, 2022 n\u00e3o correr\u00e1 o risco de ser &#8220;mais um ano de crise&#8221;, segundo Weidmann.<\/p>\n<p>&#8220;De acordo com as previs\u00f5es atuais, o produto econ\u00f4mico na zona do euro j\u00e1 ultrapassaria sem mais apoio monet\u00e1rio o seu n\u00edvel anterior \u00e0 crise no primeiro trimestre de 2022. E a previs\u00e3o sugere que a subutiliza\u00e7\u00e3o das capacidades macroecon\u00f4micas no bloco no pr\u00f3ximo ano deixar\u00e1 de ser excepcional&#8221;, afirmou o banqueiro central.<\/p>\n<p>Ele ainda comentou que as condi\u00e7\u00f5es de financiamento na zona do euro seguem baratas, apesar da alta nos rendimentos de t\u00edtulos soberanos na Europa, &#8220;\u00e0 medida que a infla\u00e7\u00e3o se move \u00e0 meta do<strong> BCE<\/strong>&#8220;, de cerca de 2% ao ano.<\/p>\n<p>Com informa\u00e7\u00f5es do Estad\u00e3o Conte\u00fado<\/p>\n\t<p>\n\t\t<a href=\"https:\/\/lp.suno.com.br\/planilha-de-controle-de-investimentos\/\" target=\"_blank\" data-element=\"shortcode-suno-banner\" title=\"Banner SUNO, clique e saiba mais\">\n\t\t\t<picture>\n\t\t\t\t<source media=\"(max-width: 500px)\" srcset=\"https:\/\/files.sunoresearch.com.br\/n\/uploads\/2023\/03\/400x300-Controle-de-Investimentos.png\">\n\t\t\t\t<img class=\"newsContent__article__imgCapa newsContent__article__imgCapa--banner\"\n\t\t\t\t\tsrc=\"https:\/\/files.sunoresearch.com.br\/n\/uploads\/2023\/03\/1420x240-Controle-de-Investimentos.png\"\n\t\t\t\t\tdata-promo-id=\"75934\"\t\t\t\t\t\t\t\t\t\twidth='1420' height='240'\t\t\t\t\talt=\"https:\/\/files.sunoresearch.com.br\/n\/uploads\/2023\/03\/1420x240-Controle-de-Investimentos.png\"\n\t\t\t\t>\n\t\t\t<\/picture>\n\t\t<\/a>\n\t<\/p>\n\n\n","protected":false},"excerpt":{"rendered":"<p>A economia da zona do euro est\u00e1 come\u00e7ando a se recuperar da crise gerada pela pandemia de covid-19, mas a retomada ainda \u00e9 fr\u00e1gil, afirmou a presidente do Banco Central Europeu (BCE), Christine Lagarde, em entrevista publicada nesta sexta-feira (02). BCE. Foto: Pixabay &#8220;Concordamos em manter (est\u00edmulos emergenciais) at\u00e9 pelo menos mar\u00e7o de 2022 e, [&hellip;]<\/p>\n","protected":false},"author":56,"featured_media":141513,"comment_status":"closed","ping_status":"closed","sticky":false,"template":"","format":"standard","meta":[],"categories":[63],"tags":[863,991],"suno_strategy":[],"class_list":["post-163194","post","type-post","status-publish","format-standard","has-post-thumbnail","hentry","category-internacional","tag-banco-central-europeu-bce","tag-zona-do-euro"],"yoast_head":"<!-- This site is optimized with the Yoast SEO plugin v24.4 - https:\/\/yoast.com\/wordpress\/plugins\/seo\/ -->\n<title>Recupera\u00e7\u00e3o da zona do euro ainda \u00e9 fr\u00e1gil, diz presidente do BCE<\/title>\n<meta name=\"description\" content=\"A economia da zona do euro est\u00e1 se recuperando da crise mas a retomada ainda \u00e9 fr\u00e1gil, disse a presidente do BCE. Veja mais.\" \/>\n<meta name=\"robots\" content=\"index, follow, max-snippet:-1, max-image-preview:large, max-video-preview:-1\" \/>\n<link rel=\"canonical\" href=\"https:\/\/www.suno.com.br\/noticias\/recuperacao-zona-euro-fragil-presidente-bce\/\" \/>\n<meta property=\"og:locale\" content=\"pt_BR\" \/>\n<meta property=\"og:type\" content=\"article\" \/>\n<meta property=\"og:title\" content=\"Recupera\u00e7\u00e3o da zona do euro ainda \u00e9 fr\u00e1gil, diz presidente do BCE\" \/>\n<meta property=\"og:description\" content=\"A economia da zona do euro est\u00e1 se recuperando da crise mas a retomada ainda \u00e9 fr\u00e1gil, disse a presidente do BCE. Veja mais.\" \/>\n<meta property=\"og:url\" content=\"https:\/\/www.suno.com.br\/noticias\/recuperacao-zona-euro-fragil-presidente-bce\/\" \/>\n<meta property=\"og:site_name\" content=\"Suno Not\u00edcias\" \/>\n<meta property=\"article:publisher\" content=\"https:\/\/facebook.com\/sunoresearch\" \/>\n<meta property=\"og:image\" content=\"https:\/\/files.sunoresearch.com.br\/n\/uploads\/2021\/04\/487f7d54-bank-879381_1280.jpg\" \/>\n\t<meta property=\"og:image:width\" content=\"1280\" \/>\n\t<meta property=\"og:image:height\" content=\"682\" \/>\n\t<meta property=\"og:image:type\" content=\"image\/jpeg\" \/>\n<meta name=\"author\" content=\"Rafaela La Regina\" \/>\n<meta name=\"twitter:card\" content=\"summary_large_image\" \/>\n<meta name=\"twitter:creator\" content=\"@sunoresearch\" \/>\n<meta name=\"twitter:site\" content=\"@sunoresearch\" \/>\n<meta name=\"twitter:label1\" content=\"Escrito por\" \/>\n\t<meta name=\"twitter:data1\" content=\"Rafaela La Regina\" \/>\n\t<meta name=\"twitter:label2\" content=\"Est. tempo de leitura\" \/>\n\t<meta name=\"twitter:data2\" content=\"3 minutos\" \/>\n<script type=\"application\/ld+json\" class=\"yoast-schema-graph\">{\"@context\":\"https:\/\/schema.org\",\"@graph\":[{\"@type\":\"NewsArticle\",\"@id\":\"https:\/\/www.suno.com.br\/noticias\/recuperacao-zona-euro-fragil-presidente-bce\/#article\",\"isPartOf\":{\"@id\":\"https:\/\/www.suno.com.br\/noticias\/recuperacao-zona-euro-fragil-presidente-bce\/\"},\"author\":{\"name\":\"Rafaela La Regina\",\"@id\":\"https:\/\/www.suno.com.br\/noticias\/#\/schema\/person\/e672ca8cea627fe715fa29bca7da95e0\"},\"headline\":\"Recupera\u00e7\u00e3o da zona do euro ainda \u00e9 fr\u00e1gil, diz presidente do BCE\",\"datePublished\":\"2021-07-02T22:11:30+00:00\",\"dateModified\":\"2021-07-02T22:18:15+00:00\",\"mainEntityOfPage\":{\"@id\":\"https:\/\/www.suno.com.br\/noticias\/recuperacao-zona-euro-fragil-presidente-bce\/\"},\"wordCount\":531,\"publisher\":{\"@id\":\"https:\/\/www.suno.com.br\/noticias\/#organization\"},\"image\":{\"@id\":\"https:\/\/www.suno.com.br\/noticias\/recuperacao-zona-euro-fragil-presidente-bce\/#primaryimage\"},\"thumbnailUrl\":\"https:\/\/files.sunoresearch.com.br\/n\/uploads\/2021\/04\/487f7d54-bank-879381_1280-jpg.webp\",\"keywords\":[\"Banco Central Europeu (BCE)\",\"zona do euro\"],\"articleSection\":[\"Internacional\"],\"inLanguage\":\"pt-BR\"},{\"@type\":\"WebPage\",\"@id\":\"https:\/\/www.suno.com.br\/noticias\/recuperacao-zona-euro-fragil-presidente-bce\/\",\"url\":\"https:\/\/www.suno.com.br\/noticias\/recuperacao-zona-euro-fragil-presidente-bce\/\",\"name\":\"Recupera\u00e7\u00e3o da zona do euro ainda \u00e9 fr\u00e1gil, diz presidente do BCE\",\"isPartOf\":{\"@id\":\"https:\/\/www.suno.com.br\/noticias\/#website\"},\"primaryImageOfPage\":{\"@id\":\"https:\/\/www.suno.com.br\/noticias\/recuperacao-zona-euro-fragil-presidente-bce\/#primaryimage\"},\"image\":{\"@id\":\"https:\/\/www.suno.com.br\/noticias\/recuperacao-zona-euro-fragil-presidente-bce\/#primaryimage\"},\"thumbnailUrl\":\"https:\/\/files.sunoresearch.com.br\/n\/uploads\/2021\/04\/487f7d54-bank-879381_1280-jpg.webp\",\"datePublished\":\"2021-07-02T22:11:30+00:00\",\"dateModified\":\"2021-07-02T22:18:15+00:00\",\"description\":\"A economia da zona do euro est\u00e1 se recuperando da crise mas a retomada ainda \u00e9 fr\u00e1gil, disse a presidente do BCE. Veja mais.\",\"breadcrumb\":{\"@id\":\"https:\/\/www.suno.com.br\/noticias\/recuperacao-zona-euro-fragil-presidente-bce\/#breadcrumb\"},\"inLanguage\":\"pt-BR\",\"potentialAction\":[{\"@type\":\"ReadAction\",\"target\":[\"https:\/\/www.suno.com.br\/noticias\/recuperacao-zona-euro-fragil-presidente-bce\/\"]}]},{\"@type\":\"ImageObject\",\"inLanguage\":\"pt-BR\",\"@id\":\"https:\/\/www.suno.com.br\/noticias\/recuperacao-zona-euro-fragil-presidente-bce\/#primaryimage\",\"url\":\"https:\/\/files.sunoresearch.com.br\/n\/uploads\/2021\/04\/487f7d54-bank-879381_1280-jpg.webp\",\"contentUrl\":\"https:\/\/files.sunoresearch.com.br\/n\/uploads\/2021\/04\/487f7d54-bank-879381_1280-jpg.webp\",\"width\":1280,\"height\":682,\"caption\":\"BCE. Foto: Pixabay\"},{\"@type\":\"BreadcrumbList\",\"@id\":\"https:\/\/www.suno.com.br\/noticias\/recuperacao-zona-euro-fragil-presidente-bce\/#breadcrumb\",\"itemListElement\":[{\"@type\":\"ListItem\",\"position\":1,\"name\":\"Not\u00edcias\",\"item\":\"https:\/\/www.suno.com.br\/noticias\/\"},{\"@type\":\"ListItem\",\"position\":2,\"name\":\"Internacional\",\"item\":\"https:\/\/www.suno.com.br\/noticias\/internacional\/\"},{\"@type\":\"ListItem\",\"position\":3,\"name\":\"Recupera\u00e7\u00e3o da zona do euro ainda \u00e9 fr\u00e1gil, diz presidente do BCE\"}]},{\"@type\":\"WebSite\",\"@id\":\"https:\/\/www.suno.com.br\/noticias\/#website\",\"url\":\"https:\/\/www.suno.com.br\/noticias\/\",\"name\":\"Suno Not\u00edcias\",\"description\":\"Seu portal de informa\u00e7\u00e3o sobre o mundo dos investimentos\",\"publisher\":{\"@id\":\"https:\/\/www.suno.com.br\/noticias\/#organization\"},\"potentialAction\":[{\"@type\":\"SearchAction\",\"target\":{\"@type\":\"EntryPoint\",\"urlTemplate\":\"https:\/\/www.suno.com.br\/noticias\/?s={search_term_string}\"},\"query-input\":{\"@type\":\"PropertyValueSpecification\",\"valueRequired\":true,\"valueName\":\"search_term_string\"}}],\"inLanguage\":\"pt-BR\"},{\"@type\":\"Organization\",\"@id\":\"https:\/\/www.suno.com.br\/noticias\/#organization\",\"name\":\"Suno Not\u00edcias\",\"url\":\"https:\/\/www.suno.com.br\/noticias\/\",\"logo\":{\"@type\":\"ImageObject\",\"inLanguage\":\"pt-BR\",\"@id\":\"https:\/\/www.suno.com.br\/noticias\/#\/schema\/logo\/image\/\",\"url\":\"https:\/\/files.sunoresearch.com.br\/n\/uploads\/2021\/09\/suno-logo.png\",\"contentUrl\":\"https:\/\/files.sunoresearch.com.br\/n\/uploads\/2021\/09\/suno-logo.png\",\"width\":180,\"height\":180,\"caption\":\"Suno Not\u00edcias\"},\"image\":{\"@id\":\"https:\/\/www.suno.com.br\/noticias\/#\/schema\/logo\/image\/\"},\"sameAs\":[\"https:\/\/facebook.com\/sunoresearch\",\"https:\/\/x.com\/sunoresearch\",\"https:\/\/www.instagram.com\/suno\",\"https:\/\/www.linkedin.com\/company\/suno-research\/\",\"https:\/\/www.youtube.com\/c\/sunoresearch\"]},{\"@type\":\"Person\",\"@id\":\"https:\/\/www.suno.com.br\/noticias\/#\/schema\/person\/e672ca8cea627fe715fa29bca7da95e0\",\"name\":\"Rafaela La Regina\",\"image\":{\"@type\":\"ImageObject\",\"inLanguage\":\"pt-BR\",\"@id\":\"https:\/\/www.suno.com.br\/noticias\/#\/schema\/person\/image\/\",\"url\":\"https:\/\/secure.gravatar.com\/avatar\/d2c75a52d243deb93d0465fdcb21bd37?s=96&r=g\",\"contentUrl\":\"https:\/\/secure.gravatar.com\/avatar\/d2c75a52d243deb93d0465fdcb21bd37?s=96&r=g\",\"caption\":\"Rafaela La Regina\"},\"description\":\"Estagi\u00e1ria no Suno Not\u00edcias. Escreve sobre economia, pol\u00edtica e neg\u00f3cios. Estuda Rela\u00e7\u00f5es Internacionais no IBMEC-SP.\",\"url\":\"https:\/\/www.suno.com.br\/noticias\/author\/rafaela-la-regina\/\"}]}<\/script>\n<!-- \/ Yoast SEO plugin. -->","yoast_head_json":{"title":"Recupera\u00e7\u00e3o da zona do euro ainda \u00e9 fr\u00e1gil, diz presidente do BCE","description":"A economia da zona do euro est\u00e1 se recuperando da crise mas a retomada ainda \u00e9 fr\u00e1gil, disse a presidente do BCE. Veja mais.","robots":{"index":"index","follow":"follow","max-snippet":"max-snippet:-1","max-image-preview":"max-image-preview:large","max-video-preview":"max-video-preview:-1"},"canonical":"https:\/\/www.suno.com.br\/noticias\/recuperacao-zona-euro-fragil-presidente-bce\/","og_locale":"pt_BR","og_type":"article","og_title":"Recupera\u00e7\u00e3o da zona do euro ainda \u00e9 fr\u00e1gil, diz presidente do BCE","og_description":"A economia da zona do euro est\u00e1 se recuperando da crise mas a retomada ainda \u00e9 fr\u00e1gil, disse a presidente do BCE. Veja mais.","og_url":"https:\/\/www.suno.com.br\/noticias\/recuperacao-zona-euro-fragil-presidente-bce\/","og_site_name":"Suno Not\u00edcias","article_publisher":"https:\/\/facebook.com\/sunoresearch","og_image":[{"width":1280,"height":682,"url":"https:\/\/files.sunoresearch.com.br\/n\/uploads\/2021\/04\/487f7d54-bank-879381_1280.jpg","type":"image\/jpeg"}],"author":"Rafaela La Regina","twitter_card":"summary_large_image","twitter_creator":"@sunoresearch","twitter_site":"@sunoresearch","twitter_misc":{"Escrito por":"Rafaela La Regina","Est. tempo de leitura":"3 minutos"},"schema":{"@context":"https:\/\/schema.org","@graph":[{"@type":"NewsArticle","@id":"https:\/\/www.suno.com.br\/noticias\/recuperacao-zona-euro-fragil-presidente-bce\/#article","isPartOf":{"@id":"https:\/\/www.suno.com.br\/noticias\/recuperacao-zona-euro-fragil-presidente-bce\/"},"author":{"name":"Rafaela La Regina","@id":"https:\/\/www.suno.com.br\/noticias\/#\/schema\/person\/e672ca8cea627fe715fa29bca7da95e0"},"headline":"Recupera\u00e7\u00e3o da zona do euro ainda \u00e9 fr\u00e1gil, diz presidente do BCE","datePublished":"2021-07-02T22:11:30+00:00","dateModified":"2021-07-02T22:18:15+00:00","mainEntityOfPage":{"@id":"https:\/\/www.suno.com.br\/noticias\/recuperacao-zona-euro-fragil-presidente-bce\/"},"wordCount":531,"publisher":{"@id":"https:\/\/www.suno.com.br\/noticias\/#organization"},"image":{"@id":"https:\/\/www.suno.com.br\/noticias\/recuperacao-zona-euro-fragil-presidente-bce\/#primaryimage"},"thumbnailUrl":"https:\/\/files.sunoresearch.com.br\/n\/uploads\/2021\/04\/487f7d54-bank-879381_1280-jpg.webp","keywords":["Banco Central Europeu (BCE)","zona do euro"],"articleSection":["Internacional"],"inLanguage":"pt-BR"},{"@type":"WebPage","@id":"https:\/\/www.suno.com.br\/noticias\/recuperacao-zona-euro-fragil-presidente-bce\/","url":"https:\/\/www.suno.com.br\/noticias\/recuperacao-zona-euro-fragil-presidente-bce\/","name":"Recupera\u00e7\u00e3o da zona do euro ainda \u00e9 fr\u00e1gil, diz presidente do BCE","isPartOf":{"@id":"https:\/\/www.suno.com.br\/noticias\/#website"},"primaryImageOfPage":{"@id":"https:\/\/www.suno.com.br\/noticias\/recuperacao-zona-euro-fragil-presidente-bce\/#primaryimage"},"image":{"@id":"https:\/\/www.suno.com.br\/noticias\/recuperacao-zona-euro-fragil-presidente-bce\/#primaryimage"},"thumbnailUrl":"https:\/\/files.sunoresearch.com.br\/n\/uploads\/2021\/04\/487f7d54-bank-879381_1280-jpg.webp","datePublished":"2021-07-02T22:11:30+00:00","dateModified":"2021-07-02T22:18:15+00:00","description":"A economia da zona do euro est\u00e1 se recuperando da crise mas a retomada ainda \u00e9 fr\u00e1gil, disse a presidente do BCE. Veja mais.","breadcrumb":{"@id":"https:\/\/www.suno.com.br\/noticias\/recuperacao-zona-euro-fragil-presidente-bce\/#breadcrumb"},"inLanguage":"pt-BR","potentialAction":[{"@type":"ReadAction","target":["https:\/\/www.suno.com.br\/noticias\/recuperacao-zona-euro-fragil-presidente-bce\/"]}]},{"@type":"ImageObject","inLanguage":"pt-BR","@id":"https:\/\/www.suno.com.br\/noticias\/recuperacao-zona-euro-fragil-presidente-bce\/#primaryimage","url":"https:\/\/files.sunoresearch.com.br\/n\/uploads\/2021\/04\/487f7d54-bank-879381_1280-jpg.webp","contentUrl":"https:\/\/files.sunoresearch.com.br\/n\/uploads\/2021\/04\/487f7d54-bank-879381_1280-jpg.webp","width":1280,"height":682,"caption":"BCE. Foto: Pixabay"},{"@type":"BreadcrumbList","@id":"https:\/\/www.suno.com.br\/noticias\/recuperacao-zona-euro-fragil-presidente-bce\/#breadcrumb","itemListElement":[{"@type":"ListItem","position":1,"name":"Not\u00edcias","item":"https:\/\/www.suno.com.br\/noticias\/"},{"@type":"ListItem","position":2,"name":"Internacional","item":"https:\/\/www.suno.com.br\/noticias\/internacional\/"},{"@type":"ListItem","position":3,"name":"Recupera\u00e7\u00e3o da zona do euro ainda \u00e9 fr\u00e1gil, diz presidente do BCE"}]},{"@type":"WebSite","@id":"https:\/\/www.suno.com.br\/noticias\/#website","url":"https:\/\/www.suno.com.br\/noticias\/","name":"Suno Not\u00edcias","description":"Seu portal de informa\u00e7\u00e3o sobre o mundo dos investimentos","publisher":{"@id":"https:\/\/www.suno.com.br\/noticias\/#organization"},"potentialAction":[{"@type":"SearchAction","target":{"@type":"EntryPoint","urlTemplate":"https:\/\/www.suno.com.br\/noticias\/?s={search_term_string}"},"query-input":{"@type":"PropertyValueSpecification","valueRequired":true,"valueName":"search_term_string"}}],"inLanguage":"pt-BR"},{"@type":"Organization","@id":"https:\/\/www.suno.com.br\/noticias\/#organization","name":"Suno Not\u00edcias","url":"https:\/\/www.suno.com.br\/noticias\/","logo":{"@type":"ImageObject","inLanguage":"pt-BR","@id":"https:\/\/www.suno.com.br\/noticias\/#\/schema\/logo\/image\/","url":"https:\/\/files.sunoresearch.com.br\/n\/uploads\/2021\/09\/suno-logo.png","contentUrl":"https:\/\/files.sunoresearch.com.br\/n\/uploads\/2021\/09\/suno-logo.png","width":180,"height":180,"caption":"Suno Not\u00edcias"},"image":{"@id":"https:\/\/www.suno.com.br\/noticias\/#\/schema\/logo\/image\/"},"sameAs":["https:\/\/facebook.com\/sunoresearch","https:\/\/x.com\/sunoresearch","https:\/\/www.instagram.com\/suno","https:\/\/www.linkedin.com\/company\/suno-research\/","https:\/\/www.youtube.com\/c\/sunoresearch"]},{"@type":"Person","@id":"https:\/\/www.suno.com.br\/noticias\/#\/schema\/person\/e672ca8cea627fe715fa29bca7da95e0","name":"Rafaela La Regina","image":{"@type":"ImageObject","inLanguage":"pt-BR","@id":"https:\/\/www.suno.com.br\/noticias\/#\/schema\/person\/image\/","url":"https:\/\/secure.gravatar.com\/avatar\/d2c75a52d243deb93d0465fdcb21bd37?s=96&r=g","contentUrl":"https:\/\/secure.gravatar.com\/avatar\/d2c75a52d243deb93d0465fdcb21bd37?s=96&r=g","caption":"Rafaela La Regina"},"description":"Estagi\u00e1ria no Suno Not\u00edcias. Escreve sobre economia, pol\u00edtica e neg\u00f3cios. Estuda Rela\u00e7\u00f5es Internacionais no IBMEC-SP.","url":"https:\/\/www.suno.com.br\/noticias\/author\/rafaela-la-regina\/"}]}},"default_loop_html":"<div class=\"cardsPage__listCard__boxs\"><div class=\"cardsPage__listCard__boxs__img\"><a href=\"https:\/\/www.suno.com.br\/noticias\/recuperacao-zona-euro-fragil-presidente-bce\/\"><img class=\"mask\" src=\"https:\/\/www.suno.com.br\/noticias\/wp-content\/themes\/suno\/resources\/images\/spotlight\/spotlight1img\/bg-mask.png\" alt=\"Image Mask\"\/><img src=\"https:\/\/files.sunoresearch.com.br\/n\/uploads\/2021\/04\/487f7d54-bank-879381_1280-400x200.webp\" alt=\"Recupera\u00e7\u00e3o da zona do euro ainda \u00e9 fr\u00e1gil, diz presidente do BCE\"\/><\/a><span class=\"spotlightCategory\"><a href=\"https:\/\/www.suno.com.br\/noticias\/internacional\/\">Internacional<\/a><\/span><\/div><div class=\"cardsPage__listCard__boxs__content\"><a href=\"https:\/\/www.suno.com.br\/noticias\/recuperacao-zona-euro-fragil-presidente-bce\/\"><h2 class=\"content__title\">Recupera\u00e7\u00e3o da zona do euro ainda \u00e9 fr\u00e1gil, diz presidente do BCE<\/h2><\/a><div class=\"newsContent__article__meta\"><div class=\"newsContent__article__meta__authorBox\"><a href=\"https:\/\/www.suno.com.br\/noticias\/author\/rafaela-la-regina\/\" class=\"authorBox__avatar noMobi\"><img src=\"https:\/\/secure.gravatar.com\/avatar\/d2c75a52d243deb93d0465fdcb21bd37?s=96&#038;r=g\" alt=\"Rafaela La Regina\"><\/a><div class=\"authorBox__name\"><span>por\n\t\t\t<a href=\"https:\/\/www.suno.com.br\/noticias\/author\/rafaela-la-regina\/\"><span itemprop=\"author\">Rafaela La Regina<\/span><\/a><\/span><time datetime=\"2021-07-02T19:11:30-03:00\" itemprop=\"datePublished\">02\/07\/2021 19:11<\/time><\/div><\/div><\/div><\/div><\/div>","single_layout":"posts","amp_enabled":true,"_links":{"self":[{"href":"https:\/\/www.suno.com.br\/noticias\/wp-json\/wp\/v2\/posts\/163194"}],"collection":[{"href":"https:\/\/www.suno.com.br\/noticias\/wp-json\/wp\/v2\/posts"}],"about":[{"href":"https:\/\/www.suno.com.br\/noticias\/wp-json\/wp\/v2\/types\/post"}],"author":[{"embeddable":true,"href":"https:\/\/www.suno.com.br\/noticias\/wp-json\/wp\/v2\/users\/56"}],"replies":[{"embeddable":true,"href":"https:\/\/www.suno.com.br\/noticias\/wp-json\/wp\/v2\/comments?post=163194"}],"version-history":[{"count":2,"href":"https:\/\/www.suno.com.br\/noticias\/wp-json\/wp\/v2\/posts\/163194\/revisions"}],"predecessor-version":[{"id":163415,"href":"https:\/\/www.suno.com.br\/noticias\/wp-json\/wp\/v2\/posts\/163194\/revisions\/163415"}],"wp:featuredmedia":[{"embeddable":true,"href":"https:\/\/www.suno.com.br\/noticias\/wp-json\/wp\/v2\/media\/141513"}],"wp:attachment":[{"href":"https:\/\/www.suno.com.br\/noticias\/wp-json\/wp\/v2\/media?parent=163194"}],"wp:term":[{"taxonomy":"category","embeddable":true,"href":"https:\/\/www.suno.com.br\/noticias\/wp-json\/wp\/v2\/categories?post=163194"},{"taxonomy":"post_tag","embeddable":true,"href":"https:\/\/www.suno.com.br\/noticias\/wp-json\/wp\/v2\/tags?post=163194"},{"taxonomy":"suno_strategy","embeddable":true,"href":"https:\/\/www.suno.com.br\/noticias\/wp-json\/wp\/v2\/suno_strategy?post=163194"}],"curies":[{"name":"wp","href":"https:\/\/api.w.org\/{rel}","templated":true}]}}