{"id":163164,"date":"2021-07-02T10:37:38","date_gmt":"2021-07-02T13:37:38","guid":{"rendered":"https:\/\/www.suno.com.br\/noticias\/?p=163164"},"modified":"2021-07-02T10:48:59","modified_gmt":"2021-07-02T13:48:59","slug":"truckvan-tecnologia-transporte-faturar-1-bilhao","status":"publish","type":"post","link":"https:\/\/www.suno.com.br\/noticias\/truckvan-tecnologia-transporte-faturar-1-bilhao\/","title":{"rendered":"Truckvan aposta na combina\u00e7\u00e3o de tecnologia e transporte para faturar R$ 1 bilh\u00e3o"},"content":{"rendered":"<p>Se algumas startups levam anos para pivotar ou mesmo apostar em outros segmentos, a <strong>Truckvan<\/strong>, mesmo com uma alma quase trintona, \u00e9 mais jovem do que muitas empresas por a\u00ed. Tradicional fabricante de unidades m\u00f3veis e implementos para caminh\u00f5es, a companhia agora busca implantar tecnologia nos dados para atingir o R$ 1 bilh\u00e3o de faturamento.<\/p>\t<div class=\"wrapper-featured-image\">\n\t\t<figure class=\"spotlightImg\">\n\n\t\t\t<picture>\n\t\t\t\t<source media=\"(max-width: 768px)\" srcset=\"https:\/\/files.sunoresearch.com.br\/n\/uploads\/2021\/07\/107abba3-truckvan-400x200.webp\">\n\t\t\t\t<img loading=\"lazy\" decoding=\"async\" class=\"newsContent__article__imgCapa lazyloadDisabled \" src=\"https:\/\/files.sunoresearch.com.br\/n\/uploads\/2021\/07\/107abba3-truckvan-800x450.webp\" width=\"800\" height=\"450\" alt=\"Truckvan aposta na combina\u00e7\u00e3o de tecnologia e transporte para faturar R$ 1 bilh\u00e3o\" fetchpriority=high \/>\n\t\t\t<\/picture>\n\n\t\t\t<figcaption class=\"wp-caption-text wp-caption-text--show\">Foto Pixabay<\/figcaption>\n\t\t<\/figure>\n\t<\/div>\n\n\n\t<p>\n\t\t<a href=\"https:\/\/lp.suno.com.br\/planilha-controle-gastos\/\" target=\"_blank\" data-element=\"shortcode-suno-banner\" title=\"Banner SUNO, clique e saiba mais\">\n\t\t\t<picture>\n\t\t\t\t<source media=\"(max-width: 500px)\" srcset=\"https:\/\/files.sunoresearch.com.br\/n\/uploads\/2023\/03\/400x300-Planilha-controle-de-gastos.png\">\n\t\t\t\t<img class=\"newsContent__article__imgCapa newsContent__article__imgCapa--banner\"\n\t\t\t\t\tsrc=\"https:\/\/files.sunoresearch.com.br\/n\/uploads\/2023\/03\/1420x240-Planilha-controle-de-gastos.png\"\n\t\t\t\t\tdata-promo-id=\"101751\"\t\t\t\t\t\t\t\t\t\twidth='1420' height='240'\t\t\t\t\talt=\"https:\/\/files.sunoresearch.com.br\/n\/uploads\/2023\/03\/1420x240-Planilha-controle-de-gastos.png\"\n\t\t\t\t>\n\t\t\t<\/picture>\n\t\t<\/a>\n\t<\/p>\n\n\n<p>A companhia, fundada em 1992, come\u00e7ou como uma oficina de pe\u00e7as. Logo passou a comercializar tamb\u00e9m ba\u00fas e carretas para <strong>caminh\u00f5es<\/strong>, o que levou a empresa a produzi-los.<\/p>\n<p>\u201cCome\u00e7amos apenas como uma oficina mesmo. Em 1997, compramos ba\u00fas desmontados e a\u00ed, pela condi\u00e7\u00e3o de mercado da \u00e9poca, a gente via os nossos parceiros fecharem e a gente dava azar, mas acabamos sendo for\u00e7ados a colocar um pouco de produ\u00e7\u00e3o, de ind\u00fastria mesmo\u201d, conta Alcides Braga, fundador da empresa.<\/p>\n<p>Atualmente, a empresa produz <strong>implementos rodovi\u00e1rios<\/strong>, que v\u00e3o de carretas de grande porte a semirreboques, e tamb\u00e9m oferta a venda ou aluguel de unidades m\u00f3veis. \u201cUnidades m\u00f3veis s\u00e3o carretas palco para show, camarim, carreta para escola, Sesi e Senais, por exemplo. Temos tamb\u00e9m varia\u00e7\u00f5es no mercado de cargas e adapta\u00e7\u00f5es\u201d, disse Braga.<\/p>\n<h2>Truckvan agora aposta em vender dados<\/h2>\n<p>Agora, a Truckvan, que possui cerca de 600 funcion\u00e1rios em uma planta em Guarulhos, na Grande S\u00e3o Paulo, aposta tamb\u00e9m em<strong> comercializar dados<\/strong> e solu\u00e7\u00f5es de tecnologia para seguran\u00e7a de informa\u00e7\u00f5es, combinadas com a log\u00edstica, para crescer.<\/p>\n<p>\u201cEsse \u00e9 um segmento de baix\u00edssima competi\u00e7\u00e3o. Conhecemos as pessoas, cientistas que conheciam esse segmento e come\u00e7amos o trabalho de desenvolver data bankers. Esta ainda \u00e9 uma promessa, que vai amadurecendo\u201d, afirmou Braga.<\/p>\n<p>De acordo com o executivo Alcides Braga Neto, na crise causada pelo novo coronav\u00edrus (covid-19), a Truckvan refor\u00e7ou o caixa para poder passar pela fase mais aguda do processo sem precisar reduzir a oferta de produtos.<\/p>\n<p>\u201cCome\u00e7amos o ano bem em 2019, e <a href=\"https:\/\/www.suno.com.br\/artigos\/alavancagem-financeira\/\" target=\"_blank\" rel=\"noopener noreferrer\">tomamos linhas de cr\u00e9dito<\/a> refor\u00e7ando nossa capacidade de caixa, pensando em passar a arrebenta\u00e7\u00e3o. N\u00e3o usamos nenhum instrumento do sal\u00e1rio ou demiss\u00f5es, refor\u00e7ando capital, mas viemos com a boa not\u00edcia da recupera\u00e7\u00e3o e da economia, a partir do meio do ano\u201d, disse.<\/p>\n<p>\u201cCaminhamos para R$ 260 milh\u00f5es de faturamento neste ano, com alta de 70%, e com os meses a vender, podemos crescer 100% no ano ainda\u201d, completou Braga.<\/p>\n\t<p>\n\t\t<a href=\"https:\/\/lp.suno.com.br\/planilha-da-vida-financeira\/\" target=\"_blank\" data-element=\"shortcode-suno-banner\" title=\"Banner SUNO, clique e saiba mais\">\n\t\t\t<picture>\n\t\t\t\t<source media=\"(max-width: 500px)\" srcset=\"https:\/\/files.sunoresearch.com.br\/n\/uploads\/2023\/04\/400x300-Planilha-vida-financeira-true.png\">\n\t\t\t\t<img class=\"newsContent__article__imgCapa newsContent__article__imgCapa--banner\"\n\t\t\t\t\tsrc=\"https:\/\/files.sunoresearch.com.br\/n\/uploads\/2023\/04\/1420x240-Planilha-vida-financeira-true.png\"\n\t\t\t\t\tdata-promo-id=\"106682\"\t\t\t\t\t\t\t\t\t\twidth='1420' height='240'\t\t\t\t\talt=\"https:\/\/files.sunoresearch.com.br\/n\/uploads\/2023\/04\/1420x240-Planilha-vida-financeira-true.png\"\n\t\t\t\t>\n\t\t\t<\/picture>\n\t\t<\/a>\n\t<\/p>\n\n\n<h2>Meta \u00e9 chegar a R$ 1 bilh\u00e3o de faturamento<\/h2>\n<p>Segundo o executivo da Truckvan, com o retorno da atividade econ\u00f4mica a patamares pr\u00e9-crise e o avan\u00e7o do PIB, a empresa pode buscar chegar aos R$ 1 bilh\u00e3o em <strong>faturamento<\/strong>.<\/p>\n<p>\u201cTemos a ideia de ser uma empresa de R$ 1 bilh\u00e3o de receita em 4 ou 5 anos. \u00c9 bastante agressivo, mas \u00e9 fact\u00edvel se tivermos f\u00f4lego financeiro que \u00e9 o que estruturamos para ter\u201d, disse Neto.<\/p>\n<p>Para isso, por\u00e9m, Braga n\u00e3o v\u00ea o fomento pela ferrovia como um empecilho ao crescimento da <strong>frota rodovi\u00e1ria<\/strong>. Segundo ele, a frota brasileira \u00e9 relativamente velha e, al\u00e9m disso, a chegada das ferrovias deve complementar o servi\u00e7o rodovi\u00e1rio brasileiro.<\/p>\n<p>\u201cTransportar dois ter\u00e7os do PIB nem pra gente \u00e9 justo. Essa despropor\u00e7\u00e3o come\u00e7a a ser revertida e eu vejo como positivo isso pois a ferrovia \u00e9 uma din\u00e2mica para desenvolvimento, tem escala e custo adequado, performance, ent\u00e3o n\u00e3o tem nexo aos caminh\u00f5es fazer a vez do trem\u201d, disse.<\/p>\n<p>Esse advento das ferrovias, portanto, pode fazer com que a<strong> Truckvan<\/strong> altere o perfil de suas principais linhas. \u201cOcorrer\u00e1 uma mudan\u00e7a leve no perfil do nosso equipamento, deixando de ser extra, super pesado, para algo menor. Nesse sentido, o caminh\u00e3o ir\u00e1 encontrar com uma ferrovia e cada um fazer a sua parte\u201d, disse o fundador da empresa.<\/p>\n\t<p>\n\t\t<a href=\"https:\/\/lp.suno.com.br\/planilha-de-controle-de-investimentos\/\" target=\"_blank\" data-element=\"shortcode-suno-banner\" title=\"Banner SUNO, clique e saiba mais\">\n\t\t\t<picture>\n\t\t\t\t<source media=\"(max-width: 500px)\" srcset=\"https:\/\/files.sunoresearch.com.br\/n\/uploads\/2023\/03\/400x300-Controle-de-Investimentos.png\">\n\t\t\t\t<img class=\"newsContent__article__imgCapa newsContent__article__imgCapa--banner\"\n\t\t\t\t\tsrc=\"https:\/\/files.sunoresearch.com.br\/n\/uploads\/2023\/03\/1420x240-Controle-de-Investimentos.png\"\n\t\t\t\t\tdata-promo-id=\"75934\"\t\t\t\t\t\t\t\t\t\twidth='1420' height='240'\t\t\t\t\talt=\"https:\/\/files.sunoresearch.com.br\/n\/uploads\/2023\/03\/1420x240-Controle-de-Investimentos.png\"\n\t\t\t\t>\n\t\t\t<\/picture>\n\t\t<\/a>\n\t<\/p>\n\n\n","protected":false},"excerpt":{"rendered":"<p>Se algumas startups levam anos para pivotar ou mesmo apostar em outros segmentos, a Truckvan, mesmo com uma alma quase trintona, \u00e9 mais jovem do que muitas empresas por a\u00ed. Tradicional fabricante de unidades m\u00f3veis e implementos para caminh\u00f5es, a companhia agora busca implantar tecnologia nos dados para atingir o R$ 1 bilh\u00e3o de faturamento. [&hellip;]<\/p>\n","protected":false},"author":27,"featured_media":163169,"comment_status":"closed","ping_status":"closed","sticky":false,"template":"","format":"standard","meta":[],"categories":[64],"tags":[],"suno_strategy":[],"class_list":["post-163164","post","type-post","status-publish","format-standard","has-post-thumbnail","hentry","category-negocios"],"yoast_head":"<!-- This site is optimized with the Yoast SEO plugin v24.4 - https:\/\/yoast.com\/wordpress\/plugins\/seo\/ -->\n<title>Truckvan combina tecnologia e transporte para faturar R$ 1 bilh\u00e3o<\/title>\n<meta name=\"description\" content=\"A Truckvan busca implantar tecnologia nos dados para atingir o R$ 1 bilh\u00e3o de faturamento. Clique aqui para saber mais sobre a Truckvan.\" \/>\n<meta name=\"robots\" content=\"index, follow, max-snippet:-1, max-image-preview:large, max-video-preview:-1\" \/>\n<link rel=\"canonical\" href=\"https:\/\/www.suno.com.br\/noticias\/truckvan-tecnologia-transporte-faturar-1-bilhao\/\" \/>\n<meta property=\"og:locale\" content=\"pt_BR\" \/>\n<meta property=\"og:type\" content=\"article\" \/>\n<meta property=\"og:title\" content=\"Truckvan combina tecnologia e transporte para faturar R$ 1 bilh\u00e3o\" \/>\n<meta property=\"og:description\" content=\"A Truckvan busca implantar tecnologia nos dados para atingir o R$ 1 bilh\u00e3o de faturamento. Clique aqui para saber mais sobre a Truckvan.\" \/>\n<meta property=\"og:url\" content=\"https:\/\/www.suno.com.br\/noticias\/truckvan-tecnologia-transporte-faturar-1-bilhao\/\" \/>\n<meta property=\"og:site_name\" content=\"Suno Not\u00edcias\" \/>\n<meta property=\"article:publisher\" content=\"https:\/\/facebook.com\/sunoresearch\" \/>\n<meta property=\"og:image\" content=\"https:\/\/files.sunoresearch.com.br\/n\/uploads\/2021\/07\/107abba3-truckvan.jpg\" \/>\n\t<meta property=\"og:image:width\" content=\"1920\" \/>\n\t<meta property=\"og:image:height\" content=\"1276\" \/>\n\t<meta property=\"og:image:type\" content=\"image\/jpeg\" \/>\n<meta name=\"author\" content=\"Vinicius Pereira\" \/>\n<meta name=\"twitter:card\" content=\"summary_large_image\" \/>\n<meta name=\"twitter:creator\" content=\"@https:\/\/twitter.com\/viniciuspjornal\" \/>\n<meta name=\"twitter:site\" content=\"@sunoresearch\" \/>\n<meta name=\"twitter:label1\" content=\"Escrito por\" \/>\n\t<meta name=\"twitter:data1\" content=\"Vinicius Pereira\" \/>\n\t<meta name=\"twitter:label2\" content=\"Est. tempo de leitura\" \/>\n\t<meta name=\"twitter:data2\" content=\"3 minutos\" \/>\n<script type=\"application\/ld+json\" class=\"yoast-schema-graph\">{\"@context\":\"https:\/\/schema.org\",\"@graph\":[{\"@type\":\"NewsArticle\",\"@id\":\"https:\/\/www.suno.com.br\/noticias\/truckvan-tecnologia-transporte-faturar-1-bilhao\/#article\",\"isPartOf\":{\"@id\":\"https:\/\/www.suno.com.br\/noticias\/truckvan-tecnologia-transporte-faturar-1-bilhao\/\"},\"author\":{\"name\":\"Vinicius Pereira\",\"@id\":\"https:\/\/www.suno.com.br\/noticias\/#\/schema\/person\/a20761b96e4df7eb57f1f9e41be1dbf3\"},\"headline\":\"Truckvan aposta na combina\u00e7\u00e3o de tecnologia e transporte para faturar R$ 1 bilh\u00e3o\",\"datePublished\":\"2021-07-02T13:37:38+00:00\",\"dateModified\":\"2021-07-02T13:48:59+00:00\",\"mainEntityOfPage\":{\"@id\":\"https:\/\/www.suno.com.br\/noticias\/truckvan-tecnologia-transporte-faturar-1-bilhao\/\"},\"wordCount\":662,\"publisher\":{\"@id\":\"https:\/\/www.suno.com.br\/noticias\/#organization\"},\"image\":{\"@id\":\"https:\/\/www.suno.com.br\/noticias\/truckvan-tecnologia-transporte-faturar-1-bilhao\/#primaryimage\"},\"thumbnailUrl\":\"https:\/\/files.sunoresearch.com.br\/n\/uploads\/2021\/07\/107abba3-truckvan-jpg.webp\",\"articleSection\":[\"Neg\u00f3cios\"],\"inLanguage\":\"pt-BR\"},{\"@type\":\"WebPage\",\"@id\":\"https:\/\/www.suno.com.br\/noticias\/truckvan-tecnologia-transporte-faturar-1-bilhao\/\",\"url\":\"https:\/\/www.suno.com.br\/noticias\/truckvan-tecnologia-transporte-faturar-1-bilhao\/\",\"name\":\"Truckvan combina tecnologia e transporte para faturar R$ 1 bilh\u00e3o\",\"isPartOf\":{\"@id\":\"https:\/\/www.suno.com.br\/noticias\/#website\"},\"primaryImageOfPage\":{\"@id\":\"https:\/\/www.suno.com.br\/noticias\/truckvan-tecnologia-transporte-faturar-1-bilhao\/#primaryimage\"},\"image\":{\"@id\":\"https:\/\/www.suno.com.br\/noticias\/truckvan-tecnologia-transporte-faturar-1-bilhao\/#primaryimage\"},\"thumbnailUrl\":\"https:\/\/files.sunoresearch.com.br\/n\/uploads\/2021\/07\/107abba3-truckvan-jpg.webp\",\"datePublished\":\"2021-07-02T13:37:38+00:00\",\"dateModified\":\"2021-07-02T13:48:59+00:00\",\"description\":\"A Truckvan busca implantar tecnologia nos dados para atingir o R$ 1 bilh\u00e3o de faturamento. Clique aqui para saber mais sobre a Truckvan.\",\"breadcrumb\":{\"@id\":\"https:\/\/www.suno.com.br\/noticias\/truckvan-tecnologia-transporte-faturar-1-bilhao\/#breadcrumb\"},\"inLanguage\":\"pt-BR\",\"potentialAction\":[{\"@type\":\"ReadAction\",\"target\":[\"https:\/\/www.suno.com.br\/noticias\/truckvan-tecnologia-transporte-faturar-1-bilhao\/\"]}]},{\"@type\":\"ImageObject\",\"inLanguage\":\"pt-BR\",\"@id\":\"https:\/\/www.suno.com.br\/noticias\/truckvan-tecnologia-transporte-faturar-1-bilhao\/#primaryimage\",\"url\":\"https:\/\/files.sunoresearch.com.br\/n\/uploads\/2021\/07\/107abba3-truckvan-jpg.webp\",\"contentUrl\":\"https:\/\/files.sunoresearch.com.br\/n\/uploads\/2021\/07\/107abba3-truckvan-jpg.webp\",\"width\":1920,\"height\":1276,\"caption\":\"Foto Pixabay\"},{\"@type\":\"BreadcrumbList\",\"@id\":\"https:\/\/www.suno.com.br\/noticias\/truckvan-tecnologia-transporte-faturar-1-bilhao\/#breadcrumb\",\"itemListElement\":[{\"@type\":\"ListItem\",\"position\":1,\"name\":\"Not\u00edcias\",\"item\":\"https:\/\/www.suno.com.br\/noticias\/\"},{\"@type\":\"ListItem\",\"position\":2,\"name\":\"Neg\u00f3cios\",\"item\":\"https:\/\/www.suno.com.br\/noticias\/negocios\/\"},{\"@type\":\"ListItem\",\"position\":3,\"name\":\"Truckvan aposta na combina\u00e7\u00e3o de tecnologia e transporte para faturar R$ 1 bilh\u00e3o\"}]},{\"@type\":\"WebSite\",\"@id\":\"https:\/\/www.suno.com.br\/noticias\/#website\",\"url\":\"https:\/\/www.suno.com.br\/noticias\/\",\"name\":\"Suno Not\u00edcias\",\"description\":\"Seu portal de informa\u00e7\u00e3o sobre o mundo dos investimentos\",\"publisher\":{\"@id\":\"https:\/\/www.suno.com.br\/noticias\/#organization\"},\"potentialAction\":[{\"@type\":\"SearchAction\",\"target\":{\"@type\":\"EntryPoint\",\"urlTemplate\":\"https:\/\/www.suno.com.br\/noticias\/?s={search_term_string}\"},\"query-input\":{\"@type\":\"PropertyValueSpecification\",\"valueRequired\":true,\"valueName\":\"search_term_string\"}}],\"inLanguage\":\"pt-BR\"},{\"@type\":\"Organization\",\"@id\":\"https:\/\/www.suno.com.br\/noticias\/#organization\",\"name\":\"Suno Not\u00edcias\",\"url\":\"https:\/\/www.suno.com.br\/noticias\/\",\"logo\":{\"@type\":\"ImageObject\",\"inLanguage\":\"pt-BR\",\"@id\":\"https:\/\/www.suno.com.br\/noticias\/#\/schema\/logo\/image\/\",\"url\":\"https:\/\/files.sunoresearch.com.br\/n\/uploads\/2021\/09\/suno-logo.png\",\"contentUrl\":\"https:\/\/files.sunoresearch.com.br\/n\/uploads\/2021\/09\/suno-logo.png\",\"width\":180,\"height\":180,\"caption\":\"Suno Not\u00edcias\"},\"image\":{\"@id\":\"https:\/\/www.suno.com.br\/noticias\/#\/schema\/logo\/image\/\"},\"sameAs\":[\"https:\/\/facebook.com\/sunoresearch\",\"https:\/\/x.com\/sunoresearch\",\"https:\/\/www.instagram.com\/suno\",\"https:\/\/www.linkedin.com\/company\/suno-research\/\",\"https:\/\/www.youtube.com\/c\/sunoresearch\"]},{\"@type\":\"Person\",\"@id\":\"https:\/\/www.suno.com.br\/noticias\/#\/schema\/person\/a20761b96e4df7eb57f1f9e41be1dbf3\",\"name\":\"Vinicius Pereira\",\"image\":{\"@type\":\"ImageObject\",\"inLanguage\":\"pt-BR\",\"@id\":\"https:\/\/www.suno.com.br\/noticias\/#\/schema\/person\/image\/\",\"url\":\"https:\/\/secure.gravatar.com\/avatar\/783866b933198f5cc4c5d03fcc8b1301?s=96&r=g\",\"contentUrl\":\"https:\/\/secure.gravatar.com\/avatar\/783866b933198f5cc4c5d03fcc8b1301?s=96&r=g\",\"caption\":\"Vinicius Pereira\"},\"description\":\"Vinicius Pereira foi rep\u00f3rter de economia da Folha de S.Paulo, stringer do jornal no Canad\u00e1 e colaborador de VEJA. J\u00e1 escreveu tamb\u00e9m para BBC Brasil, The Intercept Brasil e UOL. Tem MBA em Informa\u00e7\u00f5es Econ\u00f4mico-Financeiras e Mercado de Capitais pela FIA\/B3.\",\"sameAs\":[\"https:\/\/x.com\/https:\/\/twitter.com\/viniciuspjornal\"],\"url\":\"https:\/\/www.suno.com.br\/noticias\/author\/vinicius-pereira\/\"}]}<\/script>\n<!-- \/ Yoast SEO plugin. -->","yoast_head_json":{"title":"Truckvan combina tecnologia e transporte para faturar R$ 1 bilh\u00e3o","description":"A Truckvan busca implantar tecnologia nos dados para atingir o R$ 1 bilh\u00e3o de faturamento. Clique aqui para saber mais sobre a Truckvan.","robots":{"index":"index","follow":"follow","max-snippet":"max-snippet:-1","max-image-preview":"max-image-preview:large","max-video-preview":"max-video-preview:-1"},"canonical":"https:\/\/www.suno.com.br\/noticias\/truckvan-tecnologia-transporte-faturar-1-bilhao\/","og_locale":"pt_BR","og_type":"article","og_title":"Truckvan combina tecnologia e transporte para faturar R$ 1 bilh\u00e3o","og_description":"A Truckvan busca implantar tecnologia nos dados para atingir o R$ 1 bilh\u00e3o de faturamento. Clique aqui para saber mais sobre a Truckvan.","og_url":"https:\/\/www.suno.com.br\/noticias\/truckvan-tecnologia-transporte-faturar-1-bilhao\/","og_site_name":"Suno Not\u00edcias","article_publisher":"https:\/\/facebook.com\/sunoresearch","og_image":[{"width":1920,"height":1276,"url":"https:\/\/files.sunoresearch.com.br\/n\/uploads\/2021\/07\/107abba3-truckvan.jpg","type":"image\/jpeg"}],"author":"Vinicius Pereira","twitter_card":"summary_large_image","twitter_creator":"@https:\/\/twitter.com\/viniciuspjornal","twitter_site":"@sunoresearch","twitter_misc":{"Escrito por":"Vinicius Pereira","Est. tempo de leitura":"3 minutos"},"schema":{"@context":"https:\/\/schema.org","@graph":[{"@type":"NewsArticle","@id":"https:\/\/www.suno.com.br\/noticias\/truckvan-tecnologia-transporte-faturar-1-bilhao\/#article","isPartOf":{"@id":"https:\/\/www.suno.com.br\/noticias\/truckvan-tecnologia-transporte-faturar-1-bilhao\/"},"author":{"name":"Vinicius Pereira","@id":"https:\/\/www.suno.com.br\/noticias\/#\/schema\/person\/a20761b96e4df7eb57f1f9e41be1dbf3"},"headline":"Truckvan aposta na combina\u00e7\u00e3o de tecnologia e transporte para faturar R$ 1 bilh\u00e3o","datePublished":"2021-07-02T13:37:38+00:00","dateModified":"2021-07-02T13:48:59+00:00","mainEntityOfPage":{"@id":"https:\/\/www.suno.com.br\/noticias\/truckvan-tecnologia-transporte-faturar-1-bilhao\/"},"wordCount":662,"publisher":{"@id":"https:\/\/www.suno.com.br\/noticias\/#organization"},"image":{"@id":"https:\/\/www.suno.com.br\/noticias\/truckvan-tecnologia-transporte-faturar-1-bilhao\/#primaryimage"},"thumbnailUrl":"https:\/\/files.sunoresearch.com.br\/n\/uploads\/2021\/07\/107abba3-truckvan-jpg.webp","articleSection":["Neg\u00f3cios"],"inLanguage":"pt-BR"},{"@type":"WebPage","@id":"https:\/\/www.suno.com.br\/noticias\/truckvan-tecnologia-transporte-faturar-1-bilhao\/","url":"https:\/\/www.suno.com.br\/noticias\/truckvan-tecnologia-transporte-faturar-1-bilhao\/","name":"Truckvan combina tecnologia e transporte para faturar R$ 1 bilh\u00e3o","isPartOf":{"@id":"https:\/\/www.suno.com.br\/noticias\/#website"},"primaryImageOfPage":{"@id":"https:\/\/www.suno.com.br\/noticias\/truckvan-tecnologia-transporte-faturar-1-bilhao\/#primaryimage"},"image":{"@id":"https:\/\/www.suno.com.br\/noticias\/truckvan-tecnologia-transporte-faturar-1-bilhao\/#primaryimage"},"thumbnailUrl":"https:\/\/files.sunoresearch.com.br\/n\/uploads\/2021\/07\/107abba3-truckvan-jpg.webp","datePublished":"2021-07-02T13:37:38+00:00","dateModified":"2021-07-02T13:48:59+00:00","description":"A Truckvan busca implantar tecnologia nos dados para atingir o R$ 1 bilh\u00e3o de faturamento. Clique aqui para saber mais sobre a Truckvan.","breadcrumb":{"@id":"https:\/\/www.suno.com.br\/noticias\/truckvan-tecnologia-transporte-faturar-1-bilhao\/#breadcrumb"},"inLanguage":"pt-BR","potentialAction":[{"@type":"ReadAction","target":["https:\/\/www.suno.com.br\/noticias\/truckvan-tecnologia-transporte-faturar-1-bilhao\/"]}]},{"@type":"ImageObject","inLanguage":"pt-BR","@id":"https:\/\/www.suno.com.br\/noticias\/truckvan-tecnologia-transporte-faturar-1-bilhao\/#primaryimage","url":"https:\/\/files.sunoresearch.com.br\/n\/uploads\/2021\/07\/107abba3-truckvan-jpg.webp","contentUrl":"https:\/\/files.sunoresearch.com.br\/n\/uploads\/2021\/07\/107abba3-truckvan-jpg.webp","width":1920,"height":1276,"caption":"Foto Pixabay"},{"@type":"BreadcrumbList","@id":"https:\/\/www.suno.com.br\/noticias\/truckvan-tecnologia-transporte-faturar-1-bilhao\/#breadcrumb","itemListElement":[{"@type":"ListItem","position":1,"name":"Not\u00edcias","item":"https:\/\/www.suno.com.br\/noticias\/"},{"@type":"ListItem","position":2,"name":"Neg\u00f3cios","item":"https:\/\/www.suno.com.br\/noticias\/negocios\/"},{"@type":"ListItem","position":3,"name":"Truckvan aposta na combina\u00e7\u00e3o de tecnologia e transporte para faturar R$ 1 bilh\u00e3o"}]},{"@type":"WebSite","@id":"https:\/\/www.suno.com.br\/noticias\/#website","url":"https:\/\/www.suno.com.br\/noticias\/","name":"Suno Not\u00edcias","description":"Seu portal de informa\u00e7\u00e3o sobre o mundo dos investimentos","publisher":{"@id":"https:\/\/www.suno.com.br\/noticias\/#organization"},"potentialAction":[{"@type":"SearchAction","target":{"@type":"EntryPoint","urlTemplate":"https:\/\/www.suno.com.br\/noticias\/?s={search_term_string}"},"query-input":{"@type":"PropertyValueSpecification","valueRequired":true,"valueName":"search_term_string"}}],"inLanguage":"pt-BR"},{"@type":"Organization","@id":"https:\/\/www.suno.com.br\/noticias\/#organization","name":"Suno Not\u00edcias","url":"https:\/\/www.suno.com.br\/noticias\/","logo":{"@type":"ImageObject","inLanguage":"pt-BR","@id":"https:\/\/www.suno.com.br\/noticias\/#\/schema\/logo\/image\/","url":"https:\/\/files.sunoresearch.com.br\/n\/uploads\/2021\/09\/suno-logo.png","contentUrl":"https:\/\/files.sunoresearch.com.br\/n\/uploads\/2021\/09\/suno-logo.png","width":180,"height":180,"caption":"Suno Not\u00edcias"},"image":{"@id":"https:\/\/www.suno.com.br\/noticias\/#\/schema\/logo\/image\/"},"sameAs":["https:\/\/facebook.com\/sunoresearch","https:\/\/x.com\/sunoresearch","https:\/\/www.instagram.com\/suno","https:\/\/www.linkedin.com\/company\/suno-research\/","https:\/\/www.youtube.com\/c\/sunoresearch"]},{"@type":"Person","@id":"https:\/\/www.suno.com.br\/noticias\/#\/schema\/person\/a20761b96e4df7eb57f1f9e41be1dbf3","name":"Vinicius Pereira","image":{"@type":"ImageObject","inLanguage":"pt-BR","@id":"https:\/\/www.suno.com.br\/noticias\/#\/schema\/person\/image\/","url":"https:\/\/secure.gravatar.com\/avatar\/783866b933198f5cc4c5d03fcc8b1301?s=96&r=g","contentUrl":"https:\/\/secure.gravatar.com\/avatar\/783866b933198f5cc4c5d03fcc8b1301?s=96&r=g","caption":"Vinicius Pereira"},"description":"Vinicius Pereira foi rep\u00f3rter de economia da Folha de S.Paulo, stringer do jornal no Canad\u00e1 e colaborador de VEJA. J\u00e1 escreveu tamb\u00e9m para BBC Brasil, The Intercept Brasil e UOL. Tem MBA em Informa\u00e7\u00f5es Econ\u00f4mico-Financeiras e Mercado de Capitais pela FIA\/B3.","sameAs":["https:\/\/x.com\/https:\/\/twitter.com\/viniciuspjornal"],"url":"https:\/\/www.suno.com.br\/noticias\/author\/vinicius-pereira\/"}]}},"default_loop_html":"<div class=\"cardsPage__listCard__boxs\"><div class=\"cardsPage__listCard__boxs__img\"><a href=\"https:\/\/www.suno.com.br\/noticias\/truckvan-tecnologia-transporte-faturar-1-bilhao\/\"><img class=\"mask\" src=\"https:\/\/www.suno.com.br\/noticias\/wp-content\/themes\/suno\/resources\/images\/spotlight\/spotlight1img\/bg-mask.png\" alt=\"Image Mask\"\/><img src=\"https:\/\/files.sunoresearch.com.br\/n\/uploads\/2021\/07\/107abba3-truckvan-400x200.webp\" alt=\"Truckvan aposta na combina\u00e7\u00e3o de tecnologia e transporte para faturar R$ 1 bilh\u00e3o\"\/><\/a><span class=\"spotlightCategory\"><a href=\"https:\/\/www.suno.com.br\/noticias\/negocios\/\">Neg\u00f3cios<\/a><\/span><\/div><div class=\"cardsPage__listCard__boxs__content\"><a href=\"https:\/\/www.suno.com.br\/noticias\/truckvan-tecnologia-transporte-faturar-1-bilhao\/\"><h2 class=\"content__title\">Truckvan aposta na combina\u00e7\u00e3o de tecnologia e transporte para faturar R$ 1 bilh\u00e3o<\/h2><\/a><div class=\"newsContent__article__meta\"><div class=\"newsContent__article__meta__authorBox\"><a href=\"https:\/\/www.suno.com.br\/noticias\/author\/vinicius-pereira\/\" class=\"authorBox__avatar noMobi\"><img src=\"https:\/\/files.sunoresearch.com.br\/n\/uploads\/2020\/08\/77510613-whatsapp-image-2020-08-03-at-13.40.40-150x150.webp\" alt=\"Vinicius Pereira\"><\/a><div class=\"authorBox__name\"><span>por\n\t\t\t<a href=\"https:\/\/www.suno.com.br\/noticias\/author\/vinicius-pereira\/\"><span itemprop=\"author\">Vinicius Pereira<\/span><\/a><\/span><time datetime=\"2021-07-02T10:37:38-03:00\" itemprop=\"datePublished\">02\/07\/2021 10:37<\/time><\/div><\/div><\/div><\/div><\/div>","single_layout":"posts","amp_enabled":true,"_links":{"self":[{"href":"https:\/\/www.suno.com.br\/noticias\/wp-json\/wp\/v2\/posts\/163164"}],"collection":[{"href":"https:\/\/www.suno.com.br\/noticias\/wp-json\/wp\/v2\/posts"}],"about":[{"href":"https:\/\/www.suno.com.br\/noticias\/wp-json\/wp\/v2\/types\/post"}],"author":[{"embeddable":true,"href":"https:\/\/www.suno.com.br\/noticias\/wp-json\/wp\/v2\/users\/27"}],"replies":[{"embeddable":true,"href":"https:\/\/www.suno.com.br\/noticias\/wp-json\/wp\/v2\/comments?post=163164"}],"version-history":[{"count":2,"href":"https:\/\/www.suno.com.br\/noticias\/wp-json\/wp\/v2\/posts\/163164\/revisions"}],"predecessor-version":[{"id":163170,"href":"https:\/\/www.suno.com.br\/noticias\/wp-json\/wp\/v2\/posts\/163164\/revisions\/163170"}],"wp:featuredmedia":[{"embeddable":true,"href":"https:\/\/www.suno.com.br\/noticias\/wp-json\/wp\/v2\/media\/163169"}],"wp:attachment":[{"href":"https:\/\/www.suno.com.br\/noticias\/wp-json\/wp\/v2\/media?parent=163164"}],"wp:term":[{"taxonomy":"category","embeddable":true,"href":"https:\/\/www.suno.com.br\/noticias\/wp-json\/wp\/v2\/categories?post=163164"},{"taxonomy":"post_tag","embeddable":true,"href":"https:\/\/www.suno.com.br\/noticias\/wp-json\/wp\/v2\/tags?post=163164"},{"taxonomy":"suno_strategy","embeddable":true,"href":"https:\/\/www.suno.com.br\/noticias\/wp-json\/wp\/v2\/suno_strategy?post=163164"}],"curies":[{"name":"wp","href":"https:\/\/api.w.org\/{rel}","templated":true}]}}