{"id":16314,"date":"2019-02-22T12:11:57","date_gmt":"2019-02-22T15:11:57","guid":{"rendered":"https:\/\/www.suno.com.br\/noticias\/?p=16314"},"modified":"2021-06-01T22:07:04","modified_gmt":"2021-06-02T01:07:04","slug":"ibge-desemprego-cai-2018","status":"publish","type":"post","link":"https:\/\/www.suno.com.br\/noticias\/ibge-desemprego-cai-2018\/","title":{"rendered":"IBGE: desemprego cai em 18 estados e no Distrito Federal em 2018"},"content":{"rendered":"<p>O\u00a0<strong>Instituto Brasileiro de Geografia e Estat\u00edstica<\/strong> (IBGE) divulgou nesta sexta-feira (22) a\u00a0<strong>Pesquisa Nacional por Amostra de Domic\u00edlios<\/strong> <strong>(PNAD).<\/strong><\/p>\t<div class=\"wrapper-featured-image\">\n\t\t<figure class=\"spotlightImg\">\n\n\t\t\t<picture>\n\t\t\t\t<source media=\"(max-width: 768px)\" srcset=\"https:\/\/files.sunoresearch.com.br\/n\/uploads\/2019\/02\/b1278225-ibge-400x200.webp\">\n\t\t\t\t<img loading=\"lazy\" decoding=\"async\" class=\"newsContent__article__imgCapa lazyloadDisabled newsContent__article__imgCapa--noCaption\" src=\"https:\/\/files.sunoresearch.com.br\/n\/uploads\/2019\/02\/b1278225-ibge-jpg.webp\" width=\"800\" height=\"450\" alt=\"IBGE: desemprego cai em 18 estados e no Distrito Federal em 2018\" fetchpriority=high \/>\n\t\t\t<\/picture>\n\n\t\t\t<figcaption class=\"wp-caption-text wp-caption-text--hide\">IBGE suspende coleta domiciliar da PNAD Cont\u00ednua devido ao coronav\u00edrus<\/figcaption>\n\t\t<\/figure>\n\t<\/div>\n\n\n<p>Os dados da <strong>PNAD<\/strong> mostram que o <strong>desemprego<\/strong> caiu\u00a0em 18 das 27 unidades da federa\u00e7\u00e3o de 2017 para 2018.\u00a0Segundo o <strong>IBGE,<\/strong> a maior queda foi registrada no estado do Amazonas, que passou de 15,7% para 13,9%.<\/p>\n<p>Resultados positivos foram registrados tamb\u00e9m em outros estados da regi\u00e3o Norte. Por exemplo, segundo os dados do <strong>IBGE,<\/strong> o <strong>desemprego<\/strong> recuou no:<\/p>\n<ul>\n<li>Acre (de 14,1% para 13,5%),<\/li>\n<li>Par\u00e1 (de 11,8% para 11,1%)<\/li>\n<li>Tocantins (de 11,7% para 10,6%)<\/li>\n<\/ul>\n<p>Tamb\u00e9m na regi\u00e3o Sul foram registradas contra\u00e7\u00f5es do <strong>desemprego.<\/strong> Elas ocorreram no:<\/p>\n<ul>\n<li>Rio Grande do Sul (de 8,4% para 8,1%)<\/li>\n<li>Santa Catarina (de 7,1% para 6,4%)<\/li>\n<li>Paran\u00e1 (de 9% para 8,8%)<\/li>\n<\/ul>\n<p>No Centro-Oeste inteiro houve uma diminui\u00e7\u00e3o do <strong>desemprego,<\/strong> que recuou em:<\/p>\n<ul>\n<li>Mato Grosso do Sul (de 8,5% para 7,6%)<\/li>\n<li>Mato Grosso (de 9% para 7,9%)<\/li>\n<li>Goi\u00e1s (de 10,6% para 9,2%)<\/li>\n<li>Distrito Federal (de 13,2% para 12,7%)<\/li>\n<\/ul>\n<p>Por sua vez, no Sudeste, as taxas de <strong>desemprego<\/strong> ca\u00edram em:<\/p>\n<ul>\n<li>S\u00e3o Paulo (de 13,4% para 13,3%)<\/li>\n<li>Minas Gerais (de 12,2% para 10,7%)<\/li>\n<li>Esp\u00edrito Santo (de 13,1% para 11,5%)<\/li>\n<\/ul>\n<p>No Nordeste, recuaram as taxas no:<\/p>\n<ul>\n<li>Piau\u00ed (de 12,9% para 12,8%)<\/li>\n<li>Cear\u00e1 (de 12,6% para 11,3%)<\/li>\n<li>Rio Grande do Norte (de 14,5% para 13,6%)<\/li>\n<li>Para\u00edba (de 11,4% para 11,1%)<\/li>\n<li>Pernambuco (de 17,7% para 16,7%)<\/li>\n<\/ul>\n<p>Por sua vez, o <strong>desemprego<\/strong> ficou est\u00e1vel na Bahia, onde a taxa permaneceu em 17%.<\/p>\n<h2>Estados com resultados negativos<\/h2>\n<p>Segundo o <strong>IBGE,<\/strong> mesmo com esses resultados positivos, h\u00e1 estados onde o <strong>desemprego<\/strong> aumentou entre 2017 e 2018. Em outros sete estados, as taxas foram as maiores da s\u00e9rie hist\u00f3rica, iniciada em 2012. Esses estados s\u00e3o:<\/p>\n<ul>\n<li>Rio de Janeiro (de 14,9% para 15%)<\/li>\n<li>Sergipe (de 14,3% para 16,6%)<\/li>\n<li>Alagoas (de 16,7% para 17%)<\/li>\n<li>Maranh\u00e3o (de 14,3% para 14,4%)<\/li>\n<li>Roraima (de 9,9% para 12,3%)<\/li>\n<li>Amap\u00e1 (de 17,8% para 20,2%)<\/li>\n<\/ul>\n<p>O Amap\u00e1 foi o estado da federa\u00e7\u00e3o com a maior <strong>taxa<\/strong> <strong>de desemprego<\/strong> no ano passado, al\u00e9m de registrar a maior alta de 2017 para 2018.<\/p>\n<h2>Quarto trimestre a cria\u00e7\u00e3o de emprego desacelera<\/h2>\n<p>Segundo o <strong>IBGE,<\/strong> a <strong>taxa de desemprego<\/strong> caiu do terceiro para o quarto trimestre em apenas seis das 27 unidades da federa\u00e7\u00e3o. O destaque foi dos estados de Sergipe, que passou de 17,5% para 15%, e Pernambuco, que foi de 16,7% para 15,5%. Por sua vez, a Bahia registrou alta na taxa de desemprego, de 16,2% para 17,4%. Enquanto o desemprego se manteve est\u00e1vel nas outras 20 unidades da federa\u00e7\u00e3o.<\/p>\n<p>Os dados da <strong>PNAD<\/strong>\u00a0 foram divulgados pelo <strong>IBGE<\/strong> no Rio de Janeiro.<\/p>\n","protected":false},"excerpt":{"rendered":"<p>O\u00a0Instituto Brasileiro de Geografia e Estat\u00edstica (IBGE) divulgou nesta sexta-feira (22) a\u00a0Pesquisa Nacional por Amostra de Domic\u00edlios (PNAD). IBGE suspende coleta domiciliar da PNAD Cont\u00ednua devido ao coronav\u00edrus Os dados da PNAD mostram que o desemprego caiu\u00a0em 18 das 27 unidades da federa\u00e7\u00e3o de 2017 para 2018.\u00a0Segundo o IBGE, a maior queda foi registrada no [&hellip;]<\/p>\n","protected":false},"author":9,"featured_media":16319,"comment_status":"closed","ping_status":"closed","sticky":false,"template":"","format":"standard","meta":[],"categories":[62],"tags":[1296,821,1191],"suno_strategy":[],"class_list":["post-16314","post","type-post","status-publish","format-standard","has-post-thumbnail","hentry","category-economia","tag-desemprego","tag-ibge","tag-pnad"],"yoast_head":"<!-- This site is optimized with the Yoast SEO plugin v24.4 - https:\/\/yoast.com\/wordpress\/plugins\/seo\/ -->\n<title>IBGE: desemprego cai em 18 estados e no Distrito Federal em 2018<\/title>\n<meta name=\"description\" content=\"O\u00a0IBGE divulgou nesta sexta-feira (22) a\u00a0Pesquisa Nacional por Amostra de Domic\u00edlios (PNAD). Clique aqui para saber mais.\" \/>\n<meta name=\"robots\" content=\"index, follow, max-snippet:-1, max-image-preview:large, max-video-preview:-1\" \/>\n<link rel=\"canonical\" href=\"https:\/\/www.suno.com.br\/noticias\/ibge-desemprego-cai-2018\/\" \/>\n<meta property=\"og:locale\" content=\"pt_BR\" \/>\n<meta property=\"og:type\" content=\"article\" \/>\n<meta property=\"og:title\" content=\"IBGE: desemprego cai em 18 estados e no Distrito Federal em 2018\" \/>\n<meta property=\"og:description\" content=\"O\u00a0IBGE divulgou nesta sexta-feira (22) a\u00a0Pesquisa Nacional por Amostra de Domic\u00edlios (PNAD). Clique aqui para saber mais.\" \/>\n<meta property=\"og:url\" content=\"https:\/\/www.suno.com.br\/noticias\/ibge-desemprego-cai-2018\/\" \/>\n<meta property=\"og:site_name\" content=\"Suno Not\u00edcias\" \/>\n<meta property=\"article:publisher\" content=\"https:\/\/facebook.com\/sunoresearch\" \/>\n<meta property=\"og:image\" content=\"https:\/\/files.sunoresearch.com.br\/n\/uploads\/2019\/02\/b1278225-ibge.jpg\" \/>\n\t<meta property=\"og:image:width\" content=\"752\" \/>\n\t<meta property=\"og:image:height\" content=\"253\" \/>\n\t<meta property=\"og:image:type\" content=\"image\/jpeg\" \/>\n<meta name=\"author\" content=\"Carlo Cauti\" \/>\n<meta name=\"twitter:card\" content=\"summary_large_image\" \/>\n<meta name=\"twitter:creator\" content=\"@sunoresearch\" \/>\n<meta name=\"twitter:site\" content=\"@sunoresearch\" \/>\n<meta name=\"twitter:label1\" content=\"Escrito por\" \/>\n\t<meta name=\"twitter:data1\" content=\"Carlo Cauti\" \/>\n\t<meta name=\"twitter:label2\" content=\"Est. tempo de leitura\" \/>\n\t<meta name=\"twitter:data2\" content=\"2 minutos\" \/>\n<script type=\"application\/ld+json\" class=\"yoast-schema-graph\">{\"@context\":\"https:\/\/schema.org\",\"@graph\":[{\"@type\":\"NewsArticle\",\"@id\":\"https:\/\/www.suno.com.br\/noticias\/ibge-desemprego-cai-2018\/#article\",\"isPartOf\":{\"@id\":\"https:\/\/www.suno.com.br\/noticias\/ibge-desemprego-cai-2018\/\"},\"author\":{\"name\":\"Carlo Cauti\",\"@id\":\"https:\/\/www.suno.com.br\/noticias\/#\/schema\/person\/e6e0f723cc177805027f4566c1d5e0c8\"},\"headline\":\"IBGE: desemprego cai em 18 estados e no Distrito Federal em 2018\",\"datePublished\":\"2019-02-22T15:11:57+00:00\",\"dateModified\":\"2021-06-02T01:07:04+00:00\",\"mainEntityOfPage\":{\"@id\":\"https:\/\/www.suno.com.br\/noticias\/ibge-desemprego-cai-2018\/\"},\"wordCount\":393,\"publisher\":{\"@id\":\"https:\/\/www.suno.com.br\/noticias\/#organization\"},\"image\":{\"@id\":\"https:\/\/www.suno.com.br\/noticias\/ibge-desemprego-cai-2018\/#primaryimage\"},\"thumbnailUrl\":\"https:\/\/files.sunoresearch.com.br\/n\/uploads\/2019\/02\/b1278225-ibge-jpg.webp\",\"keywords\":[\"Desemprego\",\"IBGE\",\"PNAD\"],\"articleSection\":[\"Economia\"],\"inLanguage\":\"pt-BR\"},{\"@type\":\"WebPage\",\"@id\":\"https:\/\/www.suno.com.br\/noticias\/ibge-desemprego-cai-2018\/\",\"url\":\"https:\/\/www.suno.com.br\/noticias\/ibge-desemprego-cai-2018\/\",\"name\":\"IBGE: desemprego cai em 18 estados e no Distrito Federal em 2018\",\"isPartOf\":{\"@id\":\"https:\/\/www.suno.com.br\/noticias\/#website\"},\"primaryImageOfPage\":{\"@id\":\"https:\/\/www.suno.com.br\/noticias\/ibge-desemprego-cai-2018\/#primaryimage\"},\"image\":{\"@id\":\"https:\/\/www.suno.com.br\/noticias\/ibge-desemprego-cai-2018\/#primaryimage\"},\"thumbnailUrl\":\"https:\/\/files.sunoresearch.com.br\/n\/uploads\/2019\/02\/b1278225-ibge-jpg.webp\",\"datePublished\":\"2019-02-22T15:11:57+00:00\",\"dateModified\":\"2021-06-02T01:07:04+00:00\",\"description\":\"O\u00a0IBGE divulgou nesta sexta-feira (22) a\u00a0Pesquisa Nacional por Amostra de Domic\u00edlios (PNAD). Clique aqui para saber mais.\",\"breadcrumb\":{\"@id\":\"https:\/\/www.suno.com.br\/noticias\/ibge-desemprego-cai-2018\/#breadcrumb\"},\"inLanguage\":\"pt-BR\",\"potentialAction\":[{\"@type\":\"ReadAction\",\"target\":[\"https:\/\/www.suno.com.br\/noticias\/ibge-desemprego-cai-2018\/\"]}]},{\"@type\":\"ImageObject\",\"inLanguage\":\"pt-BR\",\"@id\":\"https:\/\/www.suno.com.br\/noticias\/ibge-desemprego-cai-2018\/#primaryimage\",\"url\":\"https:\/\/files.sunoresearch.com.br\/n\/uploads\/2019\/02\/b1278225-ibge-jpg.webp\",\"contentUrl\":\"https:\/\/files.sunoresearch.com.br\/n\/uploads\/2019\/02\/b1278225-ibge-jpg.webp\",\"width\":752,\"height\":253,\"caption\":\"IBGE suspende coleta domiciliar da PNAD Cont\u00ednua devido ao coronav\u00edrus\"},{\"@type\":\"BreadcrumbList\",\"@id\":\"https:\/\/www.suno.com.br\/noticias\/ibge-desemprego-cai-2018\/#breadcrumb\",\"itemListElement\":[{\"@type\":\"ListItem\",\"position\":1,\"name\":\"Not\u00edcias\",\"item\":\"https:\/\/www.suno.com.br\/noticias\/\"},{\"@type\":\"ListItem\",\"position\":2,\"name\":\"Economia\",\"item\":\"https:\/\/www.suno.com.br\/noticias\/economia\/\"},{\"@type\":\"ListItem\",\"position\":3,\"name\":\"IBGE: desemprego cai em 18 estados e no Distrito Federal em 2018\"}]},{\"@type\":\"WebSite\",\"@id\":\"https:\/\/www.suno.com.br\/noticias\/#website\",\"url\":\"https:\/\/www.suno.com.br\/noticias\/\",\"name\":\"Suno Not\u00edcias\",\"description\":\"Seu portal de informa\u00e7\u00e3o sobre o mundo dos investimentos\",\"publisher\":{\"@id\":\"https:\/\/www.suno.com.br\/noticias\/#organization\"},\"potentialAction\":[{\"@type\":\"SearchAction\",\"target\":{\"@type\":\"EntryPoint\",\"urlTemplate\":\"https:\/\/www.suno.com.br\/noticias\/?s={search_term_string}\"},\"query-input\":{\"@type\":\"PropertyValueSpecification\",\"valueRequired\":true,\"valueName\":\"search_term_string\"}}],\"inLanguage\":\"pt-BR\"},{\"@type\":\"Organization\",\"@id\":\"https:\/\/www.suno.com.br\/noticias\/#organization\",\"name\":\"Suno Not\u00edcias\",\"url\":\"https:\/\/www.suno.com.br\/noticias\/\",\"logo\":{\"@type\":\"ImageObject\",\"inLanguage\":\"pt-BR\",\"@id\":\"https:\/\/www.suno.com.br\/noticias\/#\/schema\/logo\/image\/\",\"url\":\"https:\/\/files.sunoresearch.com.br\/n\/uploads\/2021\/09\/suno-logo.png\",\"contentUrl\":\"https:\/\/files.sunoresearch.com.br\/n\/uploads\/2021\/09\/suno-logo.png\",\"width\":180,\"height\":180,\"caption\":\"Suno Not\u00edcias\"},\"image\":{\"@id\":\"https:\/\/www.suno.com.br\/noticias\/#\/schema\/logo\/image\/\"},\"sameAs\":[\"https:\/\/facebook.com\/sunoresearch\",\"https:\/\/x.com\/sunoresearch\",\"https:\/\/www.instagram.com\/suno\",\"https:\/\/www.linkedin.com\/company\/suno-research\/\",\"https:\/\/www.youtube.com\/c\/sunoresearch\"]},{\"@type\":\"Person\",\"@id\":\"https:\/\/www.suno.com.br\/noticias\/#\/schema\/person\/e6e0f723cc177805027f4566c1d5e0c8\",\"name\":\"Carlo Cauti\",\"image\":{\"@type\":\"ImageObject\",\"inLanguage\":\"pt-BR\",\"@id\":\"https:\/\/www.suno.com.br\/noticias\/#\/schema\/person\/image\/\",\"url\":\"https:\/\/secure.gravatar.com\/avatar\/3ada9e0bd164c23abd4792a9606d583c?s=96&r=g\",\"contentUrl\":\"https:\/\/secure.gravatar.com\/avatar\/3ada9e0bd164c23abd4792a9606d583c?s=96&r=g\",\"caption\":\"Carlo Cauti\"},\"description\":\"Editor multim\u00eddia do SUNO Not\u00edcias. Italiano, formado em Ci\u00eancias Pol\u00edticas pela universidade LUISS G. Carli de Roma e mestre cum laude em Rela\u00e7\u00f5es Internacionais, Jornalismo Internacional e de Guerra e em Economia Internacional. Concluiu tamb\u00e9m um MBA em Finan\u00e7as na B3. No Brasil, teve passagem por ve\u00edculos como Estad\u00e3o, Globo, Veja e EXAME. e nas ag\u00eancias de not\u00edcias italianas ANSA e NOVA.\",\"url\":\"https:\/\/www.suno.com.br\/noticias\/author\/carlo-cauti\/\"}]}<\/script>\n<!-- \/ Yoast SEO plugin. -->","yoast_head_json":{"title":"IBGE: desemprego cai em 18 estados e no Distrito Federal em 2018","description":"O\u00a0IBGE divulgou nesta sexta-feira (22) a\u00a0Pesquisa Nacional por Amostra de Domic\u00edlios (PNAD). Clique aqui para saber mais.","robots":{"index":"index","follow":"follow","max-snippet":"max-snippet:-1","max-image-preview":"max-image-preview:large","max-video-preview":"max-video-preview:-1"},"canonical":"https:\/\/www.suno.com.br\/noticias\/ibge-desemprego-cai-2018\/","og_locale":"pt_BR","og_type":"article","og_title":"IBGE: desemprego cai em 18 estados e no Distrito Federal em 2018","og_description":"O\u00a0IBGE divulgou nesta sexta-feira (22) a\u00a0Pesquisa Nacional por Amostra de Domic\u00edlios (PNAD). Clique aqui para saber mais.","og_url":"https:\/\/www.suno.com.br\/noticias\/ibge-desemprego-cai-2018\/","og_site_name":"Suno Not\u00edcias","article_publisher":"https:\/\/facebook.com\/sunoresearch","og_image":[{"width":752,"height":253,"url":"https:\/\/files.sunoresearch.com.br\/n\/uploads\/2019\/02\/b1278225-ibge.jpg","type":"image\/jpeg"}],"author":"Carlo Cauti","twitter_card":"summary_large_image","twitter_creator":"@sunoresearch","twitter_site":"@sunoresearch","twitter_misc":{"Escrito por":"Carlo Cauti","Est. tempo de leitura":"2 minutos"},"schema":{"@context":"https:\/\/schema.org","@graph":[{"@type":"NewsArticle","@id":"https:\/\/www.suno.com.br\/noticias\/ibge-desemprego-cai-2018\/#article","isPartOf":{"@id":"https:\/\/www.suno.com.br\/noticias\/ibge-desemprego-cai-2018\/"},"author":{"name":"Carlo Cauti","@id":"https:\/\/www.suno.com.br\/noticias\/#\/schema\/person\/e6e0f723cc177805027f4566c1d5e0c8"},"headline":"IBGE: desemprego cai em 18 estados e no Distrito Federal em 2018","datePublished":"2019-02-22T15:11:57+00:00","dateModified":"2021-06-02T01:07:04+00:00","mainEntityOfPage":{"@id":"https:\/\/www.suno.com.br\/noticias\/ibge-desemprego-cai-2018\/"},"wordCount":393,"publisher":{"@id":"https:\/\/www.suno.com.br\/noticias\/#organization"},"image":{"@id":"https:\/\/www.suno.com.br\/noticias\/ibge-desemprego-cai-2018\/#primaryimage"},"thumbnailUrl":"https:\/\/files.sunoresearch.com.br\/n\/uploads\/2019\/02\/b1278225-ibge-jpg.webp","keywords":["Desemprego","IBGE","PNAD"],"articleSection":["Economia"],"inLanguage":"pt-BR"},{"@type":"WebPage","@id":"https:\/\/www.suno.com.br\/noticias\/ibge-desemprego-cai-2018\/","url":"https:\/\/www.suno.com.br\/noticias\/ibge-desemprego-cai-2018\/","name":"IBGE: desemprego cai em 18 estados e no Distrito Federal em 2018","isPartOf":{"@id":"https:\/\/www.suno.com.br\/noticias\/#website"},"primaryImageOfPage":{"@id":"https:\/\/www.suno.com.br\/noticias\/ibge-desemprego-cai-2018\/#primaryimage"},"image":{"@id":"https:\/\/www.suno.com.br\/noticias\/ibge-desemprego-cai-2018\/#primaryimage"},"thumbnailUrl":"https:\/\/files.sunoresearch.com.br\/n\/uploads\/2019\/02\/b1278225-ibge-jpg.webp","datePublished":"2019-02-22T15:11:57+00:00","dateModified":"2021-06-02T01:07:04+00:00","description":"O\u00a0IBGE divulgou nesta sexta-feira (22) a\u00a0Pesquisa Nacional por Amostra de Domic\u00edlios (PNAD). Clique aqui para saber mais.","breadcrumb":{"@id":"https:\/\/www.suno.com.br\/noticias\/ibge-desemprego-cai-2018\/#breadcrumb"},"inLanguage":"pt-BR","potentialAction":[{"@type":"ReadAction","target":["https:\/\/www.suno.com.br\/noticias\/ibge-desemprego-cai-2018\/"]}]},{"@type":"ImageObject","inLanguage":"pt-BR","@id":"https:\/\/www.suno.com.br\/noticias\/ibge-desemprego-cai-2018\/#primaryimage","url":"https:\/\/files.sunoresearch.com.br\/n\/uploads\/2019\/02\/b1278225-ibge-jpg.webp","contentUrl":"https:\/\/files.sunoresearch.com.br\/n\/uploads\/2019\/02\/b1278225-ibge-jpg.webp","width":752,"height":253,"caption":"IBGE suspende coleta domiciliar da PNAD Cont\u00ednua devido ao coronav\u00edrus"},{"@type":"BreadcrumbList","@id":"https:\/\/www.suno.com.br\/noticias\/ibge-desemprego-cai-2018\/#breadcrumb","itemListElement":[{"@type":"ListItem","position":1,"name":"Not\u00edcias","item":"https:\/\/www.suno.com.br\/noticias\/"},{"@type":"ListItem","position":2,"name":"Economia","item":"https:\/\/www.suno.com.br\/noticias\/economia\/"},{"@type":"ListItem","position":3,"name":"IBGE: desemprego cai em 18 estados e no Distrito Federal em 2018"}]},{"@type":"WebSite","@id":"https:\/\/www.suno.com.br\/noticias\/#website","url":"https:\/\/www.suno.com.br\/noticias\/","name":"Suno Not\u00edcias","description":"Seu portal de informa\u00e7\u00e3o sobre o mundo dos investimentos","publisher":{"@id":"https:\/\/www.suno.com.br\/noticias\/#organization"},"potentialAction":[{"@type":"SearchAction","target":{"@type":"EntryPoint","urlTemplate":"https:\/\/www.suno.com.br\/noticias\/?s={search_term_string}"},"query-input":{"@type":"PropertyValueSpecification","valueRequired":true,"valueName":"search_term_string"}}],"inLanguage":"pt-BR"},{"@type":"Organization","@id":"https:\/\/www.suno.com.br\/noticias\/#organization","name":"Suno Not\u00edcias","url":"https:\/\/www.suno.com.br\/noticias\/","logo":{"@type":"ImageObject","inLanguage":"pt-BR","@id":"https:\/\/www.suno.com.br\/noticias\/#\/schema\/logo\/image\/","url":"https:\/\/files.sunoresearch.com.br\/n\/uploads\/2021\/09\/suno-logo.png","contentUrl":"https:\/\/files.sunoresearch.com.br\/n\/uploads\/2021\/09\/suno-logo.png","width":180,"height":180,"caption":"Suno Not\u00edcias"},"image":{"@id":"https:\/\/www.suno.com.br\/noticias\/#\/schema\/logo\/image\/"},"sameAs":["https:\/\/facebook.com\/sunoresearch","https:\/\/x.com\/sunoresearch","https:\/\/www.instagram.com\/suno","https:\/\/www.linkedin.com\/company\/suno-research\/","https:\/\/www.youtube.com\/c\/sunoresearch"]},{"@type":"Person","@id":"https:\/\/www.suno.com.br\/noticias\/#\/schema\/person\/e6e0f723cc177805027f4566c1d5e0c8","name":"Carlo Cauti","image":{"@type":"ImageObject","inLanguage":"pt-BR","@id":"https:\/\/www.suno.com.br\/noticias\/#\/schema\/person\/image\/","url":"https:\/\/secure.gravatar.com\/avatar\/3ada9e0bd164c23abd4792a9606d583c?s=96&r=g","contentUrl":"https:\/\/secure.gravatar.com\/avatar\/3ada9e0bd164c23abd4792a9606d583c?s=96&r=g","caption":"Carlo Cauti"},"description":"Editor multim\u00eddia do SUNO Not\u00edcias. Italiano, formado em Ci\u00eancias Pol\u00edticas pela universidade LUISS G. Carli de Roma e mestre cum laude em Rela\u00e7\u00f5es Internacionais, Jornalismo Internacional e de Guerra e em Economia Internacional. Concluiu tamb\u00e9m um MBA em Finan\u00e7as na B3. No Brasil, teve passagem por ve\u00edculos como Estad\u00e3o, Globo, Veja e EXAME. e nas ag\u00eancias de not\u00edcias italianas ANSA e NOVA.","url":"https:\/\/www.suno.com.br\/noticias\/author\/carlo-cauti\/"}]}},"default_loop_html":"<div class=\"cardsPage__listCard__boxs\"><div class=\"cardsPage__listCard__boxs__img\"><a href=\"https:\/\/www.suno.com.br\/noticias\/ibge-desemprego-cai-2018\/\"><img class=\"mask\" src=\"https:\/\/www.suno.com.br\/noticias\/wp-content\/themes\/suno\/resources\/images\/spotlight\/spotlight1img\/bg-mask.png\" alt=\"Image Mask\"\/><img src=\"https:\/\/files.sunoresearch.com.br\/n\/uploads\/2019\/02\/b1278225-ibge-400x200.webp\" alt=\"IBGE: desemprego cai em 18 estados e no Distrito Federal em 2018\"\/><\/a><span class=\"spotlightCategory\"><a href=\"https:\/\/www.suno.com.br\/noticias\/economia\/\">Economia<\/a><\/span><\/div><div class=\"cardsPage__listCard__boxs__content\"><a href=\"https:\/\/www.suno.com.br\/noticias\/ibge-desemprego-cai-2018\/\"><h2 class=\"content__title\">IBGE: desemprego cai em 18 estados e no Distrito Federal em 2018<\/h2><\/a><div class=\"newsContent__article__meta\"><div class=\"newsContent__article__meta__authorBox\"><a href=\"https:\/\/www.suno.com.br\/noticias\/author\/carlo-cauti\/\" class=\"authorBox__avatar noMobi\"><img src=\"https:\/\/files.sunoresearch.com.br\/n\/uploads\/2020\/08\/e3745f9a-perfil-carlo-cauti-150x150.webp\" alt=\"Carlo Cauti\"><\/a><div class=\"authorBox__name\"><span>por\n\t\t\t<a href=\"https:\/\/www.suno.com.br\/noticias\/author\/carlo-cauti\/\"><span itemprop=\"author\">Carlo Cauti<\/span><\/a><\/span><time datetime=\"2019-02-22T12:11:57-03:00\" itemprop=\"datePublished\">22\/02\/2019 12:11<\/time><\/div><\/div><\/div><\/div><\/div>","single_layout":"posts","amp_enabled":true,"_links":{"self":[{"href":"https:\/\/www.suno.com.br\/noticias\/wp-json\/wp\/v2\/posts\/16314"}],"collection":[{"href":"https:\/\/www.suno.com.br\/noticias\/wp-json\/wp\/v2\/posts"}],"about":[{"href":"https:\/\/www.suno.com.br\/noticias\/wp-json\/wp\/v2\/types\/post"}],"author":[{"embeddable":true,"href":"https:\/\/www.suno.com.br\/noticias\/wp-json\/wp\/v2\/users\/9"}],"replies":[{"embeddable":true,"href":"https:\/\/www.suno.com.br\/noticias\/wp-json\/wp\/v2\/comments?post=16314"}],"version-history":[{"count":1,"href":"https:\/\/www.suno.com.br\/noticias\/wp-json\/wp\/v2\/posts\/16314\/revisions"}],"predecessor-version":[{"id":153945,"href":"https:\/\/www.suno.com.br\/noticias\/wp-json\/wp\/v2\/posts\/16314\/revisions\/153945"}],"wp:featuredmedia":[{"embeddable":true,"href":"https:\/\/www.suno.com.br\/noticias\/wp-json\/wp\/v2\/media\/16319"}],"wp:attachment":[{"href":"https:\/\/www.suno.com.br\/noticias\/wp-json\/wp\/v2\/media?parent=16314"}],"wp:term":[{"taxonomy":"category","embeddable":true,"href":"https:\/\/www.suno.com.br\/noticias\/wp-json\/wp\/v2\/categories?post=16314"},{"taxonomy":"post_tag","embeddable":true,"href":"https:\/\/www.suno.com.br\/noticias\/wp-json\/wp\/v2\/tags?post=16314"},{"taxonomy":"suno_strategy","embeddable":true,"href":"https:\/\/www.suno.com.br\/noticias\/wp-json\/wp\/v2\/suno_strategy?post=16314"}],"curies":[{"name":"wp","href":"https:\/\/api.w.org\/{rel}","templated":true}]}}