{"id":16307,"date":"2019-02-22T11:44:15","date_gmt":"2019-02-22T14:44:15","guid":{"rendered":"https:\/\/www.suno.com.br\/noticias\/?p=16307"},"modified":"2019-02-22T11:46:27","modified_gmt":"2019-02-22T14:46:27","slug":"fgv-confianca-consumidor-recua-fevereiro","status":"publish","type":"post","link":"https:\/\/www.suno.com.br\/noticias\/fgv-confianca-consumidor-recua-fevereiro\/","title":{"rendered":"FGV: confian\u00e7a do consumidor recua em fevereiro"},"content":{"rendered":"<p>O \u00cdndice de Confian\u00e7a do Consumidor (ICC) da Funda\u00e7\u00e3o Getulio Vargas (FGV) diminuiu 0,5 ponto em fevereiro. A queda chega depois de quatro meses de altas consecutivas, acumulando um aumento de 13,5 pontos.<\/p>\t<div class=\"wrapper-featured-image\">\n\t\t<figure class=\"spotlightImg\">\n\n\t\t\t<picture>\n\t\t\t\t<source media=\"(max-width: 768px)\" srcset=\"https:\/\/files.sunoresearch.com.br\/n\/uploads\/2019\/02\/9b677479-fgv2-400x200.webp\">\n\t\t\t\t<img loading=\"lazy\" decoding=\"async\" class=\"newsContent__article__imgCapa lazyloadDisabled newsContent__article__imgCapa--noCaption\" src=\"https:\/\/files.sunoresearch.com.br\/n\/uploads\/2019\/02\/9b677479-fgv2-jpg.webp\" width=\"800\" height=\"450\" alt=\"FGV: confian\u00e7a do consumidor recua em fevereiro\" fetchpriority=high \/>\n\t\t\t<\/picture>\n\n\t\t\t<figcaption class=\"wp-caption-text wp-caption-text--hide\">FGV<\/figcaption>\n\t\t<\/figure>\n\t<\/div>\n\n\n<p>Segundo a <strong>FGV,<\/strong> o <strong>ICC<\/strong> alcan\u00e7ou 96,1 pontos no segundo m\u00eas do ano. As avalia\u00e7\u00f5es dos <strong>consumidores<\/strong> sobre a situa\u00e7\u00e3o atual\u00a0melhorou, mas diminu\u00edram as expectativas em rela\u00e7\u00e3o aos pr\u00f3ximos\u00a0meses.<\/p>\n<p><a href=\"https:\/\/www.suno.com.br\/noticias\/confianca-dos-servicos-cresce\/\">Saiba mais: FGV: confian\u00e7a dos servi\u00e7os cresce em novembro\u00a0<\/a><\/p>\n<p>O indicador que mede o grau de <strong>otimismo<\/strong> com a situa\u00e7\u00e3o financeira das fam\u00edlias nos pr\u00f3ximos meses &#8211;\u00a0um dos quesitos que integram o <strong>ICC<\/strong> &#8211; foi o que mais contribuiu para o recuo da confian\u00e7a em fevereiro. O indicador caiu 5,7 pontos no segundo m\u00eas do ano, chegando a 105,9 pontos.<\/p>\n<p>Al\u00e9m disso, o indicador que mede as perspectivas futuras quanto \u00e0 <strong>situa\u00e7\u00e3o econ\u00f4mica<\/strong> tamb\u00e9m diminuiu 4,3 pontos. O indicador passou de 130,9 pontos para 126,6 pontos.<\/p>\n<p>Entretanto, mesmo com essas redu\u00e7\u00f5es, os <strong>consumidores<\/strong> aumentaram suas inten\u00e7\u00f5es de compras nos pr\u00f3ximos meses. O indicador que mede a inten\u00e7\u00e3o de compra dos consumidores subiu 5,0 pontos, chegando a 92,6 pontos. O maior n\u00edvel desde outubro de 2014, quando tinha chegado a 94,9 pontos.<\/p>\n<h2>Indicadores em alta<\/h2>\n<p>Por sua vez, o <strong>\u00cdndice de Situa\u00e7\u00e3o Atual<\/strong> <strong>(ISA)<\/strong> manteve o crescimento pelo quarto m\u00eas consecutivo. O ISA registrou uma alta de 1,3 ponto, alcan\u00e7ando 78,1 pontos. O maior n\u00edvel desde abril de 2015 (78,9).<\/p>\n<p>Por outro lado, o <strong>\u00cdndice de Expectativas (IE)<\/strong> registrou uma redu\u00e7\u00e3o de 1,7 ponto, para 109,0 pontos. Mesmo com essa contra\u00e7\u00e3o, o IE se manteve ainda em um patamar elevado em termos hist\u00f3ricos.<\/p>\n<p>Outros indicadores que mostram a\u00a0satisfa\u00e7\u00e3o dos <strong>consumidores<\/strong> sobre o momento atual registraram resultados positivos.<\/p>\n<p>O indicador da <strong>situa\u00e7\u00e3o econ\u00f4mica<\/strong> subiu 1,2 ponto, alcan\u00e7ando 85,4 pontos. Esse foi o maior n\u00edvel desde dezembro de 2004, quando era de 87,2 pontos.<\/p>\n<p>Al\u00e9m disso, o indicador que mede a percep\u00e7\u00e3o em rela\u00e7\u00e3o \u00e0s finan\u00e7as familiares aumentou 1,5 ponto, chegando a 71,4 pontos. O maior n\u00edvel desde maio de 2018, quando era de 72,6 pontos.<\/p>\n<p>A pesquisa da <strong>FGV<\/strong> foi realizada em 1.967 domic\u00edlios entre os dias 1\u00ba e 19 de fevereiro. A pr\u00f3xima <strong>Sondagem do Consumidor<\/strong> ser\u00e1 divulgada em 27 de mar\u00e7o.<\/p>\n","protected":false},"excerpt":{"rendered":"<p>O \u00cdndice de Confian\u00e7a do Consumidor (ICC) da Funda\u00e7\u00e3o Getulio Vargas (FGV) diminuiu 0,5 ponto em fevereiro. A queda chega depois de quatro meses de altas consecutivas, acumulando um aumento de 13,5 pontos. FGV Segundo a FGV, o ICC alcan\u00e7ou 96,1 pontos no segundo m\u00eas do ano. As avalia\u00e7\u00f5es dos consumidores sobre a situa\u00e7\u00e3o atual\u00a0melhorou, [&hellip;]<\/p>\n","protected":false},"author":9,"featured_media":16313,"comment_status":"closed","ping_status":"closed","sticky":false,"template":"","format":"standard","meta":[],"categories":[60],"tags":[797],"suno_strategy":[],"class_list":["post-16307","post","type-post","status-publish","format-standard","has-post-thumbnail","hentry","category-mercado","tag-fgv"],"yoast_head":"<!-- This site is optimized with the Yoast SEO plugin v24.4 - https:\/\/yoast.com\/wordpress\/plugins\/seo\/ -->\n<title>FGV: confian\u00e7a do consumidor recua em fevereiro<\/title>\n<meta name=\"description\" content=\"O \u00cdndice de Confian\u00e7a do Consumidor (ICC) da Funda\u00e7\u00e3o Getulio Vargas (FGV) diminuiu 0,5 ponto em fevereiro. Clique aqui para saber mais.\" \/>\n<meta name=\"robots\" content=\"index, follow, max-snippet:-1, max-image-preview:large, max-video-preview:-1\" \/>\n<link rel=\"canonical\" href=\"https:\/\/www.suno.com.br\/noticias\/fgv-confianca-consumidor-recua-fevereiro\/\" \/>\n<meta property=\"og:locale\" content=\"pt_BR\" \/>\n<meta property=\"og:type\" content=\"article\" \/>\n<meta property=\"og:title\" content=\"FGV: confian\u00e7a do consumidor recua em fevereiro\" \/>\n<meta property=\"og:description\" content=\"O \u00cdndice de Confian\u00e7a do Consumidor (ICC) da Funda\u00e7\u00e3o Getulio Vargas (FGV) diminuiu 0,5 ponto em fevereiro. Clique aqui para saber mais.\" \/>\n<meta property=\"og:url\" content=\"https:\/\/www.suno.com.br\/noticias\/fgv-confianca-consumidor-recua-fevereiro\/\" \/>\n<meta property=\"og:site_name\" content=\"Suno Not\u00edcias\" \/>\n<meta property=\"article:publisher\" content=\"https:\/\/facebook.com\/sunoresearch\" \/>\n<meta property=\"og:image\" content=\"https:\/\/files.sunoresearch.com.br\/n\/uploads\/2019\/02\/9b677479-fgv2.jpg\" \/>\n\t<meta property=\"og:image:width\" content=\"692\" \/>\n\t<meta property=\"og:image:height\" content=\"332\" \/>\n\t<meta property=\"og:image:type\" content=\"image\/jpeg\" \/>\n<meta name=\"author\" content=\"Carlo Cauti\" \/>\n<meta name=\"twitter:card\" content=\"summary_large_image\" \/>\n<meta name=\"twitter:creator\" content=\"@sunoresearch\" \/>\n<meta name=\"twitter:site\" content=\"@sunoresearch\" \/>\n<meta name=\"twitter:label1\" content=\"Escrito por\" \/>\n\t<meta name=\"twitter:data1\" content=\"Carlo Cauti\" \/>\n\t<meta name=\"twitter:label2\" content=\"Est. tempo de leitura\" \/>\n\t<meta name=\"twitter:data2\" content=\"2 minutos\" \/>\n<script type=\"application\/ld+json\" class=\"yoast-schema-graph\">{\"@context\":\"https:\/\/schema.org\",\"@graph\":[{\"@type\":\"NewsArticle\",\"@id\":\"https:\/\/www.suno.com.br\/noticias\/fgv-confianca-consumidor-recua-fevereiro\/#article\",\"isPartOf\":{\"@id\":\"https:\/\/www.suno.com.br\/noticias\/fgv-confianca-consumidor-recua-fevereiro\/\"},\"author\":{\"name\":\"Carlo Cauti\",\"@id\":\"https:\/\/www.suno.com.br\/noticias\/#\/schema\/person\/e6e0f723cc177805027f4566c1d5e0c8\"},\"headline\":\"FGV: confian\u00e7a do consumidor recua em fevereiro\",\"datePublished\":\"2019-02-22T14:44:15+00:00\",\"dateModified\":\"2019-02-22T14:46:27+00:00\",\"mainEntityOfPage\":{\"@id\":\"https:\/\/www.suno.com.br\/noticias\/fgv-confianca-consumidor-recua-fevereiro\/\"},\"wordCount\":389,\"publisher\":{\"@id\":\"https:\/\/www.suno.com.br\/noticias\/#organization\"},\"image\":{\"@id\":\"https:\/\/www.suno.com.br\/noticias\/fgv-confianca-consumidor-recua-fevereiro\/#primaryimage\"},\"thumbnailUrl\":\"https:\/\/files.sunoresearch.com.br\/n\/uploads\/2019\/02\/9b677479-fgv2-jpg.webp\",\"keywords\":[\"FGV\"],\"articleSection\":[\"Mercado\"],\"inLanguage\":\"pt-BR\"},{\"@type\":\"WebPage\",\"@id\":\"https:\/\/www.suno.com.br\/noticias\/fgv-confianca-consumidor-recua-fevereiro\/\",\"url\":\"https:\/\/www.suno.com.br\/noticias\/fgv-confianca-consumidor-recua-fevereiro\/\",\"name\":\"FGV: confian\u00e7a do consumidor recua em fevereiro\",\"isPartOf\":{\"@id\":\"https:\/\/www.suno.com.br\/noticias\/#website\"},\"primaryImageOfPage\":{\"@id\":\"https:\/\/www.suno.com.br\/noticias\/fgv-confianca-consumidor-recua-fevereiro\/#primaryimage\"},\"image\":{\"@id\":\"https:\/\/www.suno.com.br\/noticias\/fgv-confianca-consumidor-recua-fevereiro\/#primaryimage\"},\"thumbnailUrl\":\"https:\/\/files.sunoresearch.com.br\/n\/uploads\/2019\/02\/9b677479-fgv2-jpg.webp\",\"datePublished\":\"2019-02-22T14:44:15+00:00\",\"dateModified\":\"2019-02-22T14:46:27+00:00\",\"description\":\"O \u00cdndice de Confian\u00e7a do Consumidor (ICC) da Funda\u00e7\u00e3o Getulio Vargas (FGV) diminuiu 0,5 ponto em fevereiro. Clique aqui para saber mais.\",\"breadcrumb\":{\"@id\":\"https:\/\/www.suno.com.br\/noticias\/fgv-confianca-consumidor-recua-fevereiro\/#breadcrumb\"},\"inLanguage\":\"pt-BR\",\"potentialAction\":[{\"@type\":\"ReadAction\",\"target\":[\"https:\/\/www.suno.com.br\/noticias\/fgv-confianca-consumidor-recua-fevereiro\/\"]}]},{\"@type\":\"ImageObject\",\"inLanguage\":\"pt-BR\",\"@id\":\"https:\/\/www.suno.com.br\/noticias\/fgv-confianca-consumidor-recua-fevereiro\/#primaryimage\",\"url\":\"https:\/\/files.sunoresearch.com.br\/n\/uploads\/2019\/02\/9b677479-fgv2-jpg.webp\",\"contentUrl\":\"https:\/\/files.sunoresearch.com.br\/n\/uploads\/2019\/02\/9b677479-fgv2-jpg.webp\",\"width\":692,\"height\":332,\"caption\":\"FGV\"},{\"@type\":\"BreadcrumbList\",\"@id\":\"https:\/\/www.suno.com.br\/noticias\/fgv-confianca-consumidor-recua-fevereiro\/#breadcrumb\",\"itemListElement\":[{\"@type\":\"ListItem\",\"position\":1,\"name\":\"Not\u00edcias\",\"item\":\"https:\/\/www.suno.com.br\/noticias\/\"},{\"@type\":\"ListItem\",\"position\":2,\"name\":\"Mercado\",\"item\":\"https:\/\/www.suno.com.br\/noticias\/mercado\/\"},{\"@type\":\"ListItem\",\"position\":3,\"name\":\"FGV: confian\u00e7a do consumidor recua em fevereiro\"}]},{\"@type\":\"WebSite\",\"@id\":\"https:\/\/www.suno.com.br\/noticias\/#website\",\"url\":\"https:\/\/www.suno.com.br\/noticias\/\",\"name\":\"Suno Not\u00edcias\",\"description\":\"Seu portal de informa\u00e7\u00e3o sobre o mundo dos investimentos\",\"publisher\":{\"@id\":\"https:\/\/www.suno.com.br\/noticias\/#organization\"},\"potentialAction\":[{\"@type\":\"SearchAction\",\"target\":{\"@type\":\"EntryPoint\",\"urlTemplate\":\"https:\/\/www.suno.com.br\/noticias\/?s={search_term_string}\"},\"query-input\":{\"@type\":\"PropertyValueSpecification\",\"valueRequired\":true,\"valueName\":\"search_term_string\"}}],\"inLanguage\":\"pt-BR\"},{\"@type\":\"Organization\",\"@id\":\"https:\/\/www.suno.com.br\/noticias\/#organization\",\"name\":\"Suno Not\u00edcias\",\"url\":\"https:\/\/www.suno.com.br\/noticias\/\",\"logo\":{\"@type\":\"ImageObject\",\"inLanguage\":\"pt-BR\",\"@id\":\"https:\/\/www.suno.com.br\/noticias\/#\/schema\/logo\/image\/\",\"url\":\"https:\/\/files.sunoresearch.com.br\/n\/uploads\/2021\/09\/suno-logo.png\",\"contentUrl\":\"https:\/\/files.sunoresearch.com.br\/n\/uploads\/2021\/09\/suno-logo.png\",\"width\":180,\"height\":180,\"caption\":\"Suno Not\u00edcias\"},\"image\":{\"@id\":\"https:\/\/www.suno.com.br\/noticias\/#\/schema\/logo\/image\/\"},\"sameAs\":[\"https:\/\/facebook.com\/sunoresearch\",\"https:\/\/x.com\/sunoresearch\",\"https:\/\/www.instagram.com\/suno\",\"https:\/\/www.linkedin.com\/company\/suno-research\/\",\"https:\/\/www.youtube.com\/c\/sunoresearch\"]},{\"@type\":\"Person\",\"@id\":\"https:\/\/www.suno.com.br\/noticias\/#\/schema\/person\/e6e0f723cc177805027f4566c1d5e0c8\",\"name\":\"Carlo Cauti\",\"image\":{\"@type\":\"ImageObject\",\"inLanguage\":\"pt-BR\",\"@id\":\"https:\/\/www.suno.com.br\/noticias\/#\/schema\/person\/image\/\",\"url\":\"https:\/\/secure.gravatar.com\/avatar\/3ada9e0bd164c23abd4792a9606d583c?s=96&r=g\",\"contentUrl\":\"https:\/\/secure.gravatar.com\/avatar\/3ada9e0bd164c23abd4792a9606d583c?s=96&r=g\",\"caption\":\"Carlo Cauti\"},\"description\":\"Editor multim\u00eddia do SUNO Not\u00edcias. Italiano, formado em Ci\u00eancias Pol\u00edticas pela universidade LUISS G. Carli de Roma e mestre cum laude em Rela\u00e7\u00f5es Internacionais, Jornalismo Internacional e de Guerra e em Economia Internacional. Concluiu tamb\u00e9m um MBA em Finan\u00e7as na B3. No Brasil, teve passagem por ve\u00edculos como Estad\u00e3o, Globo, Veja e EXAME. e nas ag\u00eancias de not\u00edcias italianas ANSA e NOVA.\",\"url\":\"https:\/\/www.suno.com.br\/noticias\/author\/carlo-cauti\/\"}]}<\/script>\n<!-- \/ Yoast SEO plugin. -->","yoast_head_json":{"title":"FGV: confian\u00e7a do consumidor recua em fevereiro","description":"O \u00cdndice de Confian\u00e7a do Consumidor (ICC) da Funda\u00e7\u00e3o Getulio Vargas (FGV) diminuiu 0,5 ponto em fevereiro. Clique aqui para saber mais.","robots":{"index":"index","follow":"follow","max-snippet":"max-snippet:-1","max-image-preview":"max-image-preview:large","max-video-preview":"max-video-preview:-1"},"canonical":"https:\/\/www.suno.com.br\/noticias\/fgv-confianca-consumidor-recua-fevereiro\/","og_locale":"pt_BR","og_type":"article","og_title":"FGV: confian\u00e7a do consumidor recua em fevereiro","og_description":"O \u00cdndice de Confian\u00e7a do Consumidor (ICC) da Funda\u00e7\u00e3o Getulio Vargas (FGV) diminuiu 0,5 ponto em fevereiro. Clique aqui para saber mais.","og_url":"https:\/\/www.suno.com.br\/noticias\/fgv-confianca-consumidor-recua-fevereiro\/","og_site_name":"Suno Not\u00edcias","article_publisher":"https:\/\/facebook.com\/sunoresearch","og_image":[{"width":692,"height":332,"url":"https:\/\/files.sunoresearch.com.br\/n\/uploads\/2019\/02\/9b677479-fgv2.jpg","type":"image\/jpeg"}],"author":"Carlo Cauti","twitter_card":"summary_large_image","twitter_creator":"@sunoresearch","twitter_site":"@sunoresearch","twitter_misc":{"Escrito por":"Carlo Cauti","Est. tempo de leitura":"2 minutos"},"schema":{"@context":"https:\/\/schema.org","@graph":[{"@type":"NewsArticle","@id":"https:\/\/www.suno.com.br\/noticias\/fgv-confianca-consumidor-recua-fevereiro\/#article","isPartOf":{"@id":"https:\/\/www.suno.com.br\/noticias\/fgv-confianca-consumidor-recua-fevereiro\/"},"author":{"name":"Carlo Cauti","@id":"https:\/\/www.suno.com.br\/noticias\/#\/schema\/person\/e6e0f723cc177805027f4566c1d5e0c8"},"headline":"FGV: confian\u00e7a do consumidor recua em fevereiro","datePublished":"2019-02-22T14:44:15+00:00","dateModified":"2019-02-22T14:46:27+00:00","mainEntityOfPage":{"@id":"https:\/\/www.suno.com.br\/noticias\/fgv-confianca-consumidor-recua-fevereiro\/"},"wordCount":389,"publisher":{"@id":"https:\/\/www.suno.com.br\/noticias\/#organization"},"image":{"@id":"https:\/\/www.suno.com.br\/noticias\/fgv-confianca-consumidor-recua-fevereiro\/#primaryimage"},"thumbnailUrl":"https:\/\/files.sunoresearch.com.br\/n\/uploads\/2019\/02\/9b677479-fgv2-jpg.webp","keywords":["FGV"],"articleSection":["Mercado"],"inLanguage":"pt-BR"},{"@type":"WebPage","@id":"https:\/\/www.suno.com.br\/noticias\/fgv-confianca-consumidor-recua-fevereiro\/","url":"https:\/\/www.suno.com.br\/noticias\/fgv-confianca-consumidor-recua-fevereiro\/","name":"FGV: confian\u00e7a do consumidor recua em fevereiro","isPartOf":{"@id":"https:\/\/www.suno.com.br\/noticias\/#website"},"primaryImageOfPage":{"@id":"https:\/\/www.suno.com.br\/noticias\/fgv-confianca-consumidor-recua-fevereiro\/#primaryimage"},"image":{"@id":"https:\/\/www.suno.com.br\/noticias\/fgv-confianca-consumidor-recua-fevereiro\/#primaryimage"},"thumbnailUrl":"https:\/\/files.sunoresearch.com.br\/n\/uploads\/2019\/02\/9b677479-fgv2-jpg.webp","datePublished":"2019-02-22T14:44:15+00:00","dateModified":"2019-02-22T14:46:27+00:00","description":"O \u00cdndice de Confian\u00e7a do Consumidor (ICC) da Funda\u00e7\u00e3o Getulio Vargas (FGV) diminuiu 0,5 ponto em fevereiro. Clique aqui para saber mais.","breadcrumb":{"@id":"https:\/\/www.suno.com.br\/noticias\/fgv-confianca-consumidor-recua-fevereiro\/#breadcrumb"},"inLanguage":"pt-BR","potentialAction":[{"@type":"ReadAction","target":["https:\/\/www.suno.com.br\/noticias\/fgv-confianca-consumidor-recua-fevereiro\/"]}]},{"@type":"ImageObject","inLanguage":"pt-BR","@id":"https:\/\/www.suno.com.br\/noticias\/fgv-confianca-consumidor-recua-fevereiro\/#primaryimage","url":"https:\/\/files.sunoresearch.com.br\/n\/uploads\/2019\/02\/9b677479-fgv2-jpg.webp","contentUrl":"https:\/\/files.sunoresearch.com.br\/n\/uploads\/2019\/02\/9b677479-fgv2-jpg.webp","width":692,"height":332,"caption":"FGV"},{"@type":"BreadcrumbList","@id":"https:\/\/www.suno.com.br\/noticias\/fgv-confianca-consumidor-recua-fevereiro\/#breadcrumb","itemListElement":[{"@type":"ListItem","position":1,"name":"Not\u00edcias","item":"https:\/\/www.suno.com.br\/noticias\/"},{"@type":"ListItem","position":2,"name":"Mercado","item":"https:\/\/www.suno.com.br\/noticias\/mercado\/"},{"@type":"ListItem","position":3,"name":"FGV: confian\u00e7a do consumidor recua em fevereiro"}]},{"@type":"WebSite","@id":"https:\/\/www.suno.com.br\/noticias\/#website","url":"https:\/\/www.suno.com.br\/noticias\/","name":"Suno Not\u00edcias","description":"Seu portal de informa\u00e7\u00e3o sobre o mundo dos investimentos","publisher":{"@id":"https:\/\/www.suno.com.br\/noticias\/#organization"},"potentialAction":[{"@type":"SearchAction","target":{"@type":"EntryPoint","urlTemplate":"https:\/\/www.suno.com.br\/noticias\/?s={search_term_string}"},"query-input":{"@type":"PropertyValueSpecification","valueRequired":true,"valueName":"search_term_string"}}],"inLanguage":"pt-BR"},{"@type":"Organization","@id":"https:\/\/www.suno.com.br\/noticias\/#organization","name":"Suno Not\u00edcias","url":"https:\/\/www.suno.com.br\/noticias\/","logo":{"@type":"ImageObject","inLanguage":"pt-BR","@id":"https:\/\/www.suno.com.br\/noticias\/#\/schema\/logo\/image\/","url":"https:\/\/files.sunoresearch.com.br\/n\/uploads\/2021\/09\/suno-logo.png","contentUrl":"https:\/\/files.sunoresearch.com.br\/n\/uploads\/2021\/09\/suno-logo.png","width":180,"height":180,"caption":"Suno Not\u00edcias"},"image":{"@id":"https:\/\/www.suno.com.br\/noticias\/#\/schema\/logo\/image\/"},"sameAs":["https:\/\/facebook.com\/sunoresearch","https:\/\/x.com\/sunoresearch","https:\/\/www.instagram.com\/suno","https:\/\/www.linkedin.com\/company\/suno-research\/","https:\/\/www.youtube.com\/c\/sunoresearch"]},{"@type":"Person","@id":"https:\/\/www.suno.com.br\/noticias\/#\/schema\/person\/e6e0f723cc177805027f4566c1d5e0c8","name":"Carlo Cauti","image":{"@type":"ImageObject","inLanguage":"pt-BR","@id":"https:\/\/www.suno.com.br\/noticias\/#\/schema\/person\/image\/","url":"https:\/\/secure.gravatar.com\/avatar\/3ada9e0bd164c23abd4792a9606d583c?s=96&r=g","contentUrl":"https:\/\/secure.gravatar.com\/avatar\/3ada9e0bd164c23abd4792a9606d583c?s=96&r=g","caption":"Carlo Cauti"},"description":"Editor multim\u00eddia do SUNO Not\u00edcias. Italiano, formado em Ci\u00eancias Pol\u00edticas pela universidade LUISS G. Carli de Roma e mestre cum laude em Rela\u00e7\u00f5es Internacionais, Jornalismo Internacional e de Guerra e em Economia Internacional. Concluiu tamb\u00e9m um MBA em Finan\u00e7as na B3. No Brasil, teve passagem por ve\u00edculos como Estad\u00e3o, Globo, Veja e EXAME. e nas ag\u00eancias de not\u00edcias italianas ANSA e NOVA.","url":"https:\/\/www.suno.com.br\/noticias\/author\/carlo-cauti\/"}]}},"default_loop_html":"<div class=\"cardsPage__listCard__boxs\"><div class=\"cardsPage__listCard__boxs__img\"><a href=\"https:\/\/www.suno.com.br\/noticias\/fgv-confianca-consumidor-recua-fevereiro\/\"><img class=\"mask\" src=\"https:\/\/www.suno.com.br\/noticias\/wp-content\/themes\/suno\/resources\/images\/spotlight\/spotlight1img\/bg-mask.png\" alt=\"Image Mask\"\/><img src=\"https:\/\/files.sunoresearch.com.br\/n\/uploads\/2019\/02\/9b677479-fgv2-400x200.webp\" alt=\"FGV: confian\u00e7a do consumidor recua em fevereiro\"\/><\/a><span class=\"spotlightCategory\"><a href=\"https:\/\/www.suno.com.br\/noticias\/mercado\/\">Mercado<\/a><\/span><\/div><div class=\"cardsPage__listCard__boxs__content\"><a href=\"https:\/\/www.suno.com.br\/noticias\/fgv-confianca-consumidor-recua-fevereiro\/\"><h2 class=\"content__title\">FGV: confian\u00e7a do consumidor recua em fevereiro<\/h2><\/a><div class=\"newsContent__article__meta\"><div class=\"newsContent__article__meta__authorBox\"><a href=\"https:\/\/www.suno.com.br\/noticias\/author\/carlo-cauti\/\" class=\"authorBox__avatar noMobi\"><img src=\"https:\/\/files.sunoresearch.com.br\/n\/uploads\/2020\/08\/e3745f9a-perfil-carlo-cauti-150x150.webp\" alt=\"Carlo Cauti\"><\/a><div class=\"authorBox__name\"><span>por\n\t\t\t<a href=\"https:\/\/www.suno.com.br\/noticias\/author\/carlo-cauti\/\"><span itemprop=\"author\">Carlo Cauti<\/span><\/a><\/span><time datetime=\"2019-02-22T11:44:15-03:00\" itemprop=\"datePublished\">22\/02\/2019 11:44<\/time><\/div><\/div><\/div><\/div><\/div>","single_layout":"posts","amp_enabled":true,"_links":{"self":[{"href":"https:\/\/www.suno.com.br\/noticias\/wp-json\/wp\/v2\/posts\/16307"}],"collection":[{"href":"https:\/\/www.suno.com.br\/noticias\/wp-json\/wp\/v2\/posts"}],"about":[{"href":"https:\/\/www.suno.com.br\/noticias\/wp-json\/wp\/v2\/types\/post"}],"author":[{"embeddable":true,"href":"https:\/\/www.suno.com.br\/noticias\/wp-json\/wp\/v2\/users\/9"}],"replies":[{"embeddable":true,"href":"https:\/\/www.suno.com.br\/noticias\/wp-json\/wp\/v2\/comments?post=16307"}],"version-history":[{"count":0,"href":"https:\/\/www.suno.com.br\/noticias\/wp-json\/wp\/v2\/posts\/16307\/revisions"}],"wp:featuredmedia":[{"embeddable":true,"href":"https:\/\/www.suno.com.br\/noticias\/wp-json\/wp\/v2\/media\/16313"}],"wp:attachment":[{"href":"https:\/\/www.suno.com.br\/noticias\/wp-json\/wp\/v2\/media?parent=16307"}],"wp:term":[{"taxonomy":"category","embeddable":true,"href":"https:\/\/www.suno.com.br\/noticias\/wp-json\/wp\/v2\/categories?post=16307"},{"taxonomy":"post_tag","embeddable":true,"href":"https:\/\/www.suno.com.br\/noticias\/wp-json\/wp\/v2\/tags?post=16307"},{"taxonomy":"suno_strategy","embeddable":true,"href":"https:\/\/www.suno.com.br\/noticias\/wp-json\/wp\/v2\/suno_strategy?post=16307"}],"curies":[{"name":"wp","href":"https:\/\/api.w.org\/{rel}","templated":true}]}}