{"id":16302,"date":"2019-02-22T11:07:06","date_gmt":"2019-02-22T14:07:06","guid":{"rendered":"https:\/\/www.suno.com.br\/noticias\/?p=16302"},"modified":"2019-02-22T11:07:06","modified_gmt":"2019-02-22T14:07:06","slug":"embraer-acionistas-aprovam-acordo-com-boeing","status":"publish","type":"post","link":"https:\/\/www.suno.com.br\/noticias\/embraer-acionistas-aprovam-acordo-com-boeing\/","title":{"rendered":"Embraer: acionistas aprovam acordo com Boeing"},"content":{"rendered":"<p>A Embraer informou nesta sexta-feira (22) que a maioria dos acionistas votaram a favor da fus\u00e3o com a Boeing. Segundo a produtora de avi\u00f5es brasileira.<\/p>\t<div class=\"wrapper-featured-image\">\n\t\t<figure class=\"spotlightImg\">\n\n\t\t\t<picture>\n\t\t\t\t<source media=\"(max-width: 768px)\" srcset=\"https:\/\/files.sunoresearch.com.br\/n\/uploads\/2018\/12\/6166c96c-embraer-e-boeing-400x200.webp\">\n\t\t\t\t<img loading=\"lazy\" decoding=\"async\" class=\"newsContent__article__imgCapa lazyloadDisabled newsContent__article__imgCapa--noCaption\" src=\"https:\/\/files.sunoresearch.com.br\/n\/uploads\/2018\/12\/6166c96c-embraer-e-boeing-800x450.webp\" width=\"800\" height=\"450\" alt=\"Embraer: acionistas aprovam acordo com Boeing\" fetchpriority=high \/>\n\t\t\t<\/picture>\n\n\t\t\t<figcaption class=\"wp-caption-text wp-caption-text--hide\">Embraer e Boeing<\/figcaption>\n\t\t<\/figure>\n\t<\/div>\n\n\n<p><a href=\"https:\/\/www.suno.com.br\/noticias\/justica-extingue-processo-acionistas-contra-embraer\/\">Saiba mais: Justi\u00e7a extingue processo de acionistas contra a Embraer\u00a0<\/a><\/p>\n<p>Segundo a <strong>Embraer,<\/strong>\u00a0 131,4 milh\u00f5es das a\u00e7\u00f5es registradas, ou 99,14% do total, votaram a favor da aprova\u00e7\u00e3o da <strong>fus\u00e3o<\/strong> com a <strong>Boeing.<\/strong> Al\u00e9m disso,\u00a0os possessores de 124,4 milh\u00f5es das a\u00e7\u00f5es, ou 93,84% do total, tamb\u00e9m aprovou a manuten\u00e7\u00e3o de sua decis\u00e3o a respeito da opera\u00e7\u00e3o no caso de uma segunda vota\u00e7\u00e3o. O voto foi realizado a dist\u00e2ncia via boletim.<\/p>\n<p><a href=\"https:\/\/www.suno.com.br\/noticias\/acionistas-minoria-embraer-tentam-investida-contra-boeing\/\">Saiba mais: Acionistas de minoria da Embraer tentam investida contra a Boeing\u00a0<\/a><\/p>\n<p>A <strong>Embraer<\/strong> informou que ser\u00e1 realizada uma <strong>assembleia geral extraordin\u00e1ria<\/strong> sobre a quest\u00e3o na ter\u00e7a-feira 26 de fevereiro.<\/p>\n<h2>Relembre o caso<\/h2>\n<p>A <strong>Embraer<\/strong> aprovou com a <strong>Boeing<\/strong> os termos do acordo de fus\u00e3o em julho de 2018. O contrato prev\u00ea a cria\u00e7\u00e3o de uma\u00a0<a href=\"https:\/\/www.suno.com.br\/artigos\/joint-venture\/\">joint venture<\/a>, ou seja, uma nova empresa de avia\u00e7\u00e3o comercial no Brasil.<\/p>\n<p>A nova sociedade tem o nome provis\u00f3rio de JV Avia\u00e7\u00e3o Comercial ou Nova Sociedade. Entretanto, a empresa, avaliada em US$ 5,26 bilh\u00f5es, n\u00e3o ter\u00e1 esse nome ap\u00f3s a conclus\u00e3o de opera\u00e7\u00e3o.<\/p>\n<p><a href=\"https:\/\/www.suno.com.br\/noticias\/boeing-embraer-emprego\/\">Saiba mais: Joint-venture entre Embraer e Boeing deve empregar 9.000<\/a><\/p>\n<p>Inicialmente, quando as duas <strong>fabricantes de aeronaves<\/strong> assinaram um memorando, o valor era estimado em US$ 4,75 bilh\u00f5es. Entretanto, a Boeing aumentou seu aporte financeiro na nova empresa.\u00a0 Nos termos do acordo, a <strong>Boeing<\/strong> ficar\u00e1 com 80% do neg\u00f3cio, enquanto a <strong>Embraer,<\/strong> os 20% restantes.<\/p>\n<p><a href=\"https:\/\/www.suno.com.br\/noticias\/embraer-entrega-181-jatos-2018\/\">Saiba mais: Embraer entrega 181 jatos em 2018, 14% a menos que em 2017\u00a0<\/a><\/p>\n<p>A <strong>Boeing<\/strong> pagar\u00e1 US$ 4,2 bilh\u00f5es (ou R$ 16,4 bilh\u00f5es), cerca de 10% a mais do que era previsto. No entanto, este valor supera em mais de 7% o valor de mercado total da fabricante brasileira. O maior valor de mercado j\u00e1 registrado pela <strong>Embraer<\/strong> foi em novembro de 2015, quando a companhia atingiu R$ 22,39 bilh\u00f5es.<\/p>\n<p>Al\u00e9m disso, os 20% de propriedade da <strong>fabricante brasileira<\/strong> poder\u00e3o ser vendidos para a <strong>Boeing<\/strong> a qualquer momento, por meio de uma op\u00e7\u00e3o de venda.<\/p>\n<p><a href=\"https:\/\/www.suno.com.br\/noticias\/ministro-governo-acordo-embraer-boeing\/\">Saiba mais:\u00a0Ministro diz que governo n\u00e3o pensa em cessar acordo Embraer-Boeing<\/a><\/p>\n<h3>Nova empresa<\/h3>\n<p>A <strong>Boeing<\/strong> far\u00e1 o controle operacional e de gest\u00e3o da nova empresa. Os executivos da <strong>joint<\/strong>&#8211;<strong>venture<\/strong> responder\u00e3o diretamente ao presidente e CEO da Boeing, Dennis Muilenburg. Todavia, a opera\u00e7\u00e3o, se aprovada, ser\u00e1 liderada por uma equipe de executivos no <strong>Brasil.<\/strong><\/p>\n<p>A <strong>Embraer<\/strong> manter\u00e1 o poder de decis\u00e3o para temas espec\u00edficos que foram definidos em conjunto, como a transfer\u00eancia das opera\u00e7\u00f5es do <strong>Brasil.<\/strong><\/p>\n<p>Em 2017, a \u00e1rea de avia\u00e7\u00e3o comercial da fabricante brasileira\u00a0representava 57,6% da receita l\u00edquida da empresa. Essa \u00e1rea foi respons\u00e1vel por US$ 10,7 bilh\u00f5es de um total de US$ 18,7 bilh\u00f5es da receita da <strong>Embraer.<\/strong><\/p>\n<p>No entanto, a<strong> Boeing<\/strong> apresenta uma receita anual cerca de 16 vezes mais alta que a da <strong>Embraer.<\/strong> Em 2017, a brasileira faturou US$ 5,8 bilh\u00f5es, enquanto a fabricante norte-americana US$ 93,3 bilh\u00f5es.<\/p>\n<p>A <strong>Boeing<\/strong> \u00e9 a principal fabricante de avi\u00f5es comerciais para voos de longo alcance. Por outro lado, a <strong>Embraer<\/strong> lidera o mercado de jatos regionais, com aeronaves para v\u00f4os a dist\u00e2ncias menores.<\/p>\n<p>A <strong>Embraer <\/strong>(EMBR3.SA) espera um resultado de aproximadamente US$ 3 bilh\u00f5es na fus\u00e3o com a <strong>Boeing\u00a0<\/strong>(BOEI34.SA), descontados os custos de separa\u00e7\u00e3o.<\/p>\n","protected":false},"excerpt":{"rendered":"<p>A Embraer informou nesta sexta-feira (22) que a maioria dos acionistas votaram a favor da fus\u00e3o com a Boeing. Segundo a produtora de avi\u00f5es brasileira. Embraer e Boeing Saiba mais: Justi\u00e7a extingue processo de acionistas contra a Embraer\u00a0 Segundo a Embraer,\u00a0 131,4 milh\u00f5es das a\u00e7\u00f5es registradas, ou 99,14% do total, votaram a favor da aprova\u00e7\u00e3o [&hellip;]<\/p>\n","protected":false},"author":9,"featured_media":9113,"comment_status":"closed","ping_status":"closed","sticky":false,"template":"","format":"standard","meta":[],"categories":[64],"tags":[828,460,897],"suno_strategy":[],"class_list":["post-16302","post","type-post","status-publish","format-standard","has-post-thumbnail","hentry","category-negocios","tag-boeing-boei34","tag-embraer-embr3","tag-joint-venture"],"yoast_head":"<!-- This site is optimized with the Yoast SEO plugin v24.4 - https:\/\/yoast.com\/wordpress\/plugins\/seo\/ -->\n<title>Embraer: acionistas aprovam acordo de fus\u00e3o com Boeing<\/title>\n<meta name=\"description\" content=\"A Embraer informou nesta sexta-feira (22) que a maioria dos acionistas votaram a favor da fus\u00e3o com a Boeing. Clique aqui para saber mais.\" \/>\n<meta name=\"robots\" content=\"index, follow, max-snippet:-1, max-image-preview:large, max-video-preview:-1\" \/>\n<link rel=\"canonical\" href=\"https:\/\/www.suno.com.br\/noticias\/embraer-acionistas-aprovam-acordo-com-boeing\/\" \/>\n<meta property=\"og:locale\" content=\"pt_BR\" \/>\n<meta property=\"og:type\" content=\"article\" \/>\n<meta property=\"og:title\" content=\"Embraer: acionistas aprovam acordo de fus\u00e3o com Boeing\" \/>\n<meta property=\"og:description\" content=\"A Embraer informou nesta sexta-feira (22) que a maioria dos acionistas votaram a favor da fus\u00e3o com a Boeing. Clique aqui para saber mais.\" \/>\n<meta property=\"og:url\" content=\"https:\/\/www.suno.com.br\/noticias\/embraer-acionistas-aprovam-acordo-com-boeing\/\" \/>\n<meta property=\"og:site_name\" content=\"Suno Not\u00edcias\" \/>\n<meta property=\"article:publisher\" content=\"https:\/\/facebook.com\/sunoresearch\" \/>\n<meta property=\"og:image\" content=\"https:\/\/files.sunoresearch.com.br\/n\/uploads\/2018\/12\/6166c96c-embraer-e-boeing.jpg\" \/>\n\t<meta property=\"og:image:width\" content=\"1200\" \/>\n\t<meta property=\"og:image:height\" content=\"800\" \/>\n\t<meta property=\"og:image:type\" content=\"image\/jpeg\" \/>\n<meta name=\"author\" content=\"Carlo Cauti\" \/>\n<meta name=\"twitter:card\" content=\"summary_large_image\" \/>\n<meta name=\"twitter:creator\" content=\"@sunoresearch\" \/>\n<meta name=\"twitter:site\" content=\"@sunoresearch\" \/>\n<meta name=\"twitter:label1\" content=\"Escrito por\" \/>\n\t<meta name=\"twitter:data1\" content=\"Carlo Cauti\" \/>\n\t<meta name=\"twitter:label2\" content=\"Est. tempo de leitura\" \/>\n\t<meta name=\"twitter:data2\" content=\"3 minutos\" \/>\n<script type=\"application\/ld+json\" class=\"yoast-schema-graph\">{\"@context\":\"https:\/\/schema.org\",\"@graph\":[{\"@type\":\"NewsArticle\",\"@id\":\"https:\/\/www.suno.com.br\/noticias\/embraer-acionistas-aprovam-acordo-com-boeing\/#article\",\"isPartOf\":{\"@id\":\"https:\/\/www.suno.com.br\/noticias\/embraer-acionistas-aprovam-acordo-com-boeing\/\"},\"author\":{\"name\":\"Carlo Cauti\",\"@id\":\"https:\/\/www.suno.com.br\/noticias\/#\/schema\/person\/e6e0f723cc177805027f4566c1d5e0c8\"},\"headline\":\"Embraer: acionistas aprovam acordo com Boeing\",\"datePublished\":\"2019-02-22T14:07:06+00:00\",\"mainEntityOfPage\":{\"@id\":\"https:\/\/www.suno.com.br\/noticias\/embraer-acionistas-aprovam-acordo-com-boeing\/\"},\"wordCount\":577,\"publisher\":{\"@id\":\"https:\/\/www.suno.com.br\/noticias\/#organization\"},\"image\":{\"@id\":\"https:\/\/www.suno.com.br\/noticias\/embraer-acionistas-aprovam-acordo-com-boeing\/#primaryimage\"},\"thumbnailUrl\":\"https:\/\/files.sunoresearch.com.br\/n\/uploads\/2018\/12\/6166c96c-embraer-e-boeing-jpg.webp\",\"keywords\":[\"Boeing (BOEI34)\",\"Embraer (EMBR3)\",\"joint venture\"],\"articleSection\":[\"Neg\u00f3cios\"],\"inLanguage\":\"pt-BR\"},{\"@type\":\"WebPage\",\"@id\":\"https:\/\/www.suno.com.br\/noticias\/embraer-acionistas-aprovam-acordo-com-boeing\/\",\"url\":\"https:\/\/www.suno.com.br\/noticias\/embraer-acionistas-aprovam-acordo-com-boeing\/\",\"name\":\"Embraer: acionistas aprovam acordo de fus\u00e3o com Boeing\",\"isPartOf\":{\"@id\":\"https:\/\/www.suno.com.br\/noticias\/#website\"},\"primaryImageOfPage\":{\"@id\":\"https:\/\/www.suno.com.br\/noticias\/embraer-acionistas-aprovam-acordo-com-boeing\/#primaryimage\"},\"image\":{\"@id\":\"https:\/\/www.suno.com.br\/noticias\/embraer-acionistas-aprovam-acordo-com-boeing\/#primaryimage\"},\"thumbnailUrl\":\"https:\/\/files.sunoresearch.com.br\/n\/uploads\/2018\/12\/6166c96c-embraer-e-boeing-jpg.webp\",\"datePublished\":\"2019-02-22T14:07:06+00:00\",\"description\":\"A Embraer informou nesta sexta-feira (22) que a maioria dos acionistas votaram a favor da fus\u00e3o com a Boeing. Clique aqui para saber mais.\",\"breadcrumb\":{\"@id\":\"https:\/\/www.suno.com.br\/noticias\/embraer-acionistas-aprovam-acordo-com-boeing\/#breadcrumb\"},\"inLanguage\":\"pt-BR\",\"potentialAction\":[{\"@type\":\"ReadAction\",\"target\":[\"https:\/\/www.suno.com.br\/noticias\/embraer-acionistas-aprovam-acordo-com-boeing\/\"]}]},{\"@type\":\"ImageObject\",\"inLanguage\":\"pt-BR\",\"@id\":\"https:\/\/www.suno.com.br\/noticias\/embraer-acionistas-aprovam-acordo-com-boeing\/#primaryimage\",\"url\":\"https:\/\/files.sunoresearch.com.br\/n\/uploads\/2018\/12\/6166c96c-embraer-e-boeing-jpg.webp\",\"contentUrl\":\"https:\/\/files.sunoresearch.com.br\/n\/uploads\/2018\/12\/6166c96c-embraer-e-boeing-jpg.webp\",\"width\":1200,\"height\":800,\"caption\":\"Embraer e Boeing\"},{\"@type\":\"BreadcrumbList\",\"@id\":\"https:\/\/www.suno.com.br\/noticias\/embraer-acionistas-aprovam-acordo-com-boeing\/#breadcrumb\",\"itemListElement\":[{\"@type\":\"ListItem\",\"position\":1,\"name\":\"Not\u00edcias\",\"item\":\"https:\/\/www.suno.com.br\/noticias\/\"},{\"@type\":\"ListItem\",\"position\":2,\"name\":\"Neg\u00f3cios\",\"item\":\"https:\/\/www.suno.com.br\/noticias\/negocios\/\"},{\"@type\":\"ListItem\",\"position\":3,\"name\":\"Embraer: acionistas aprovam acordo com Boeing\"}]},{\"@type\":\"WebSite\",\"@id\":\"https:\/\/www.suno.com.br\/noticias\/#website\",\"url\":\"https:\/\/www.suno.com.br\/noticias\/\",\"name\":\"Suno Not\u00edcias\",\"description\":\"Seu portal de informa\u00e7\u00e3o sobre o mundo dos investimentos\",\"publisher\":{\"@id\":\"https:\/\/www.suno.com.br\/noticias\/#organization\"},\"potentialAction\":[{\"@type\":\"SearchAction\",\"target\":{\"@type\":\"EntryPoint\",\"urlTemplate\":\"https:\/\/www.suno.com.br\/noticias\/?s={search_term_string}\"},\"query-input\":{\"@type\":\"PropertyValueSpecification\",\"valueRequired\":true,\"valueName\":\"search_term_string\"}}],\"inLanguage\":\"pt-BR\"},{\"@type\":\"Organization\",\"@id\":\"https:\/\/www.suno.com.br\/noticias\/#organization\",\"name\":\"Suno Not\u00edcias\",\"url\":\"https:\/\/www.suno.com.br\/noticias\/\",\"logo\":{\"@type\":\"ImageObject\",\"inLanguage\":\"pt-BR\",\"@id\":\"https:\/\/www.suno.com.br\/noticias\/#\/schema\/logo\/image\/\",\"url\":\"https:\/\/files.sunoresearch.com.br\/n\/uploads\/2021\/09\/suno-logo.png\",\"contentUrl\":\"https:\/\/files.sunoresearch.com.br\/n\/uploads\/2021\/09\/suno-logo.png\",\"width\":180,\"height\":180,\"caption\":\"Suno Not\u00edcias\"},\"image\":{\"@id\":\"https:\/\/www.suno.com.br\/noticias\/#\/schema\/logo\/image\/\"},\"sameAs\":[\"https:\/\/facebook.com\/sunoresearch\",\"https:\/\/x.com\/sunoresearch\",\"https:\/\/www.instagram.com\/suno\",\"https:\/\/www.linkedin.com\/company\/suno-research\/\",\"https:\/\/www.youtube.com\/c\/sunoresearch\"]},{\"@type\":\"Person\",\"@id\":\"https:\/\/www.suno.com.br\/noticias\/#\/schema\/person\/e6e0f723cc177805027f4566c1d5e0c8\",\"name\":\"Carlo Cauti\",\"image\":{\"@type\":\"ImageObject\",\"inLanguage\":\"pt-BR\",\"@id\":\"https:\/\/www.suno.com.br\/noticias\/#\/schema\/person\/image\/\",\"url\":\"https:\/\/secure.gravatar.com\/avatar\/3ada9e0bd164c23abd4792a9606d583c?s=96&r=g\",\"contentUrl\":\"https:\/\/secure.gravatar.com\/avatar\/3ada9e0bd164c23abd4792a9606d583c?s=96&r=g\",\"caption\":\"Carlo Cauti\"},\"description\":\"Editor multim\u00eddia do SUNO Not\u00edcias. Italiano, formado em Ci\u00eancias Pol\u00edticas pela universidade LUISS G. Carli de Roma e mestre cum laude em Rela\u00e7\u00f5es Internacionais, Jornalismo Internacional e de Guerra e em Economia Internacional. Concluiu tamb\u00e9m um MBA em Finan\u00e7as na B3. No Brasil, teve passagem por ve\u00edculos como Estad\u00e3o, Globo, Veja e EXAME. e nas ag\u00eancias de not\u00edcias italianas ANSA e NOVA.\",\"url\":\"https:\/\/www.suno.com.br\/noticias\/author\/carlo-cauti\/\"}]}<\/script>\n<!-- \/ Yoast SEO plugin. -->","yoast_head_json":{"title":"Embraer: acionistas aprovam acordo de fus\u00e3o com Boeing","description":"A Embraer informou nesta sexta-feira (22) que a maioria dos acionistas votaram a favor da fus\u00e3o com a Boeing. Clique aqui para saber mais.","robots":{"index":"index","follow":"follow","max-snippet":"max-snippet:-1","max-image-preview":"max-image-preview:large","max-video-preview":"max-video-preview:-1"},"canonical":"https:\/\/www.suno.com.br\/noticias\/embraer-acionistas-aprovam-acordo-com-boeing\/","og_locale":"pt_BR","og_type":"article","og_title":"Embraer: acionistas aprovam acordo de fus\u00e3o com Boeing","og_description":"A Embraer informou nesta sexta-feira (22) que a maioria dos acionistas votaram a favor da fus\u00e3o com a Boeing. Clique aqui para saber mais.","og_url":"https:\/\/www.suno.com.br\/noticias\/embraer-acionistas-aprovam-acordo-com-boeing\/","og_site_name":"Suno Not\u00edcias","article_publisher":"https:\/\/facebook.com\/sunoresearch","og_image":[{"width":1200,"height":800,"url":"https:\/\/files.sunoresearch.com.br\/n\/uploads\/2018\/12\/6166c96c-embraer-e-boeing.jpg","type":"image\/jpeg"}],"author":"Carlo Cauti","twitter_card":"summary_large_image","twitter_creator":"@sunoresearch","twitter_site":"@sunoresearch","twitter_misc":{"Escrito por":"Carlo Cauti","Est. tempo de leitura":"3 minutos"},"schema":{"@context":"https:\/\/schema.org","@graph":[{"@type":"NewsArticle","@id":"https:\/\/www.suno.com.br\/noticias\/embraer-acionistas-aprovam-acordo-com-boeing\/#article","isPartOf":{"@id":"https:\/\/www.suno.com.br\/noticias\/embraer-acionistas-aprovam-acordo-com-boeing\/"},"author":{"name":"Carlo Cauti","@id":"https:\/\/www.suno.com.br\/noticias\/#\/schema\/person\/e6e0f723cc177805027f4566c1d5e0c8"},"headline":"Embraer: acionistas aprovam acordo com Boeing","datePublished":"2019-02-22T14:07:06+00:00","mainEntityOfPage":{"@id":"https:\/\/www.suno.com.br\/noticias\/embraer-acionistas-aprovam-acordo-com-boeing\/"},"wordCount":577,"publisher":{"@id":"https:\/\/www.suno.com.br\/noticias\/#organization"},"image":{"@id":"https:\/\/www.suno.com.br\/noticias\/embraer-acionistas-aprovam-acordo-com-boeing\/#primaryimage"},"thumbnailUrl":"https:\/\/files.sunoresearch.com.br\/n\/uploads\/2018\/12\/6166c96c-embraer-e-boeing-jpg.webp","keywords":["Boeing (BOEI34)","Embraer (EMBR3)","joint venture"],"articleSection":["Neg\u00f3cios"],"inLanguage":"pt-BR"},{"@type":"WebPage","@id":"https:\/\/www.suno.com.br\/noticias\/embraer-acionistas-aprovam-acordo-com-boeing\/","url":"https:\/\/www.suno.com.br\/noticias\/embraer-acionistas-aprovam-acordo-com-boeing\/","name":"Embraer: acionistas aprovam acordo de fus\u00e3o com Boeing","isPartOf":{"@id":"https:\/\/www.suno.com.br\/noticias\/#website"},"primaryImageOfPage":{"@id":"https:\/\/www.suno.com.br\/noticias\/embraer-acionistas-aprovam-acordo-com-boeing\/#primaryimage"},"image":{"@id":"https:\/\/www.suno.com.br\/noticias\/embraer-acionistas-aprovam-acordo-com-boeing\/#primaryimage"},"thumbnailUrl":"https:\/\/files.sunoresearch.com.br\/n\/uploads\/2018\/12\/6166c96c-embraer-e-boeing-jpg.webp","datePublished":"2019-02-22T14:07:06+00:00","description":"A Embraer informou nesta sexta-feira (22) que a maioria dos acionistas votaram a favor da fus\u00e3o com a Boeing. Clique aqui para saber mais.","breadcrumb":{"@id":"https:\/\/www.suno.com.br\/noticias\/embraer-acionistas-aprovam-acordo-com-boeing\/#breadcrumb"},"inLanguage":"pt-BR","potentialAction":[{"@type":"ReadAction","target":["https:\/\/www.suno.com.br\/noticias\/embraer-acionistas-aprovam-acordo-com-boeing\/"]}]},{"@type":"ImageObject","inLanguage":"pt-BR","@id":"https:\/\/www.suno.com.br\/noticias\/embraer-acionistas-aprovam-acordo-com-boeing\/#primaryimage","url":"https:\/\/files.sunoresearch.com.br\/n\/uploads\/2018\/12\/6166c96c-embraer-e-boeing-jpg.webp","contentUrl":"https:\/\/files.sunoresearch.com.br\/n\/uploads\/2018\/12\/6166c96c-embraer-e-boeing-jpg.webp","width":1200,"height":800,"caption":"Embraer e Boeing"},{"@type":"BreadcrumbList","@id":"https:\/\/www.suno.com.br\/noticias\/embraer-acionistas-aprovam-acordo-com-boeing\/#breadcrumb","itemListElement":[{"@type":"ListItem","position":1,"name":"Not\u00edcias","item":"https:\/\/www.suno.com.br\/noticias\/"},{"@type":"ListItem","position":2,"name":"Neg\u00f3cios","item":"https:\/\/www.suno.com.br\/noticias\/negocios\/"},{"@type":"ListItem","position":3,"name":"Embraer: acionistas aprovam acordo com Boeing"}]},{"@type":"WebSite","@id":"https:\/\/www.suno.com.br\/noticias\/#website","url":"https:\/\/www.suno.com.br\/noticias\/","name":"Suno Not\u00edcias","description":"Seu portal de informa\u00e7\u00e3o sobre o mundo dos investimentos","publisher":{"@id":"https:\/\/www.suno.com.br\/noticias\/#organization"},"potentialAction":[{"@type":"SearchAction","target":{"@type":"EntryPoint","urlTemplate":"https:\/\/www.suno.com.br\/noticias\/?s={search_term_string}"},"query-input":{"@type":"PropertyValueSpecification","valueRequired":true,"valueName":"search_term_string"}}],"inLanguage":"pt-BR"},{"@type":"Organization","@id":"https:\/\/www.suno.com.br\/noticias\/#organization","name":"Suno Not\u00edcias","url":"https:\/\/www.suno.com.br\/noticias\/","logo":{"@type":"ImageObject","inLanguage":"pt-BR","@id":"https:\/\/www.suno.com.br\/noticias\/#\/schema\/logo\/image\/","url":"https:\/\/files.sunoresearch.com.br\/n\/uploads\/2021\/09\/suno-logo.png","contentUrl":"https:\/\/files.sunoresearch.com.br\/n\/uploads\/2021\/09\/suno-logo.png","width":180,"height":180,"caption":"Suno Not\u00edcias"},"image":{"@id":"https:\/\/www.suno.com.br\/noticias\/#\/schema\/logo\/image\/"},"sameAs":["https:\/\/facebook.com\/sunoresearch","https:\/\/x.com\/sunoresearch","https:\/\/www.instagram.com\/suno","https:\/\/www.linkedin.com\/company\/suno-research\/","https:\/\/www.youtube.com\/c\/sunoresearch"]},{"@type":"Person","@id":"https:\/\/www.suno.com.br\/noticias\/#\/schema\/person\/e6e0f723cc177805027f4566c1d5e0c8","name":"Carlo Cauti","image":{"@type":"ImageObject","inLanguage":"pt-BR","@id":"https:\/\/www.suno.com.br\/noticias\/#\/schema\/person\/image\/","url":"https:\/\/secure.gravatar.com\/avatar\/3ada9e0bd164c23abd4792a9606d583c?s=96&r=g","contentUrl":"https:\/\/secure.gravatar.com\/avatar\/3ada9e0bd164c23abd4792a9606d583c?s=96&r=g","caption":"Carlo Cauti"},"description":"Editor multim\u00eddia do SUNO Not\u00edcias. Italiano, formado em Ci\u00eancias Pol\u00edticas pela universidade LUISS G. Carli de Roma e mestre cum laude em Rela\u00e7\u00f5es Internacionais, Jornalismo Internacional e de Guerra e em Economia Internacional. Concluiu tamb\u00e9m um MBA em Finan\u00e7as na B3. No Brasil, teve passagem por ve\u00edculos como Estad\u00e3o, Globo, Veja e EXAME. e nas ag\u00eancias de not\u00edcias italianas ANSA e NOVA.","url":"https:\/\/www.suno.com.br\/noticias\/author\/carlo-cauti\/"}]}},"default_loop_html":"<div class=\"cardsPage__listCard__boxs\"><div class=\"cardsPage__listCard__boxs__img\"><a href=\"https:\/\/www.suno.com.br\/noticias\/embraer-acionistas-aprovam-acordo-com-boeing\/\"><img class=\"mask\" src=\"https:\/\/www.suno.com.br\/noticias\/wp-content\/themes\/suno\/resources\/images\/spotlight\/spotlight1img\/bg-mask.png\" alt=\"Image Mask\"\/><img src=\"https:\/\/files.sunoresearch.com.br\/n\/uploads\/2018\/12\/6166c96c-embraer-e-boeing-400x200.webp\" alt=\"Embraer: acionistas aprovam acordo com Boeing\"\/><\/a><span class=\"spotlightCategory\"><a href=\"https:\/\/www.suno.com.br\/noticias\/negocios\/\">Neg\u00f3cios<\/a><\/span><\/div><div class=\"cardsPage__listCard__boxs__content\"><a href=\"https:\/\/www.suno.com.br\/noticias\/embraer-acionistas-aprovam-acordo-com-boeing\/\"><h2 class=\"content__title\">Embraer: acionistas aprovam acordo com Boeing<\/h2><\/a><div class=\"newsContent__article__meta\"><div class=\"newsContent__article__meta__authorBox\"><a href=\"https:\/\/www.suno.com.br\/noticias\/author\/carlo-cauti\/\" class=\"authorBox__avatar noMobi\"><img src=\"https:\/\/files.sunoresearch.com.br\/n\/uploads\/2020\/08\/e3745f9a-perfil-carlo-cauti-150x150.webp\" alt=\"Carlo Cauti\"><\/a><div class=\"authorBox__name\"><span>por\n\t\t\t<a href=\"https:\/\/www.suno.com.br\/noticias\/author\/carlo-cauti\/\"><span itemprop=\"author\">Carlo Cauti<\/span><\/a><\/span><time datetime=\"2019-02-22T11:07:06-03:00\" itemprop=\"datePublished\">22\/02\/2019 11:07<\/time><\/div><\/div><\/div><\/div><\/div>","single_layout":"posts","amp_enabled":true,"_links":{"self":[{"href":"https:\/\/www.suno.com.br\/noticias\/wp-json\/wp\/v2\/posts\/16302"}],"collection":[{"href":"https:\/\/www.suno.com.br\/noticias\/wp-json\/wp\/v2\/posts"}],"about":[{"href":"https:\/\/www.suno.com.br\/noticias\/wp-json\/wp\/v2\/types\/post"}],"author":[{"embeddable":true,"href":"https:\/\/www.suno.com.br\/noticias\/wp-json\/wp\/v2\/users\/9"}],"replies":[{"embeddable":true,"href":"https:\/\/www.suno.com.br\/noticias\/wp-json\/wp\/v2\/comments?post=16302"}],"version-history":[{"count":0,"href":"https:\/\/www.suno.com.br\/noticias\/wp-json\/wp\/v2\/posts\/16302\/revisions"}],"wp:featuredmedia":[{"embeddable":true,"href":"https:\/\/www.suno.com.br\/noticias\/wp-json\/wp\/v2\/media\/9113"}],"wp:attachment":[{"href":"https:\/\/www.suno.com.br\/noticias\/wp-json\/wp\/v2\/media?parent=16302"}],"wp:term":[{"taxonomy":"category","embeddable":true,"href":"https:\/\/www.suno.com.br\/noticias\/wp-json\/wp\/v2\/categories?post=16302"},{"taxonomy":"post_tag","embeddable":true,"href":"https:\/\/www.suno.com.br\/noticias\/wp-json\/wp\/v2\/tags?post=16302"},{"taxonomy":"suno_strategy","embeddable":true,"href":"https:\/\/www.suno.com.br\/noticias\/wp-json\/wp\/v2\/suno_strategy?post=16302"}],"curies":[{"name":"wp","href":"https:\/\/api.w.org\/{rel}","templated":true}]}}