{"id":162857,"date":"2021-07-01T12:27:35","date_gmt":"2021-07-01T15:27:35","guid":{"rendered":"https:\/\/www.suno.com.br\/noticias\/?p=162857"},"modified":"2021-07-01T12:33:18","modified_gmt":"2021-07-01T15:33:18","slug":"vamos-vamo3-dispara-relatorio-btg","status":"publish","type":"post","link":"https:\/\/www.suno.com.br\/noticias\/vamos-vamo3-dispara-relatorio-btg\/","title":{"rendered":"Vamos (VAMO3) dispara com relat\u00f3rio do BTG projetando alta de 30%"},"content":{"rendered":"<p>As a\u00e7\u00f5es da <a href=\"https:\/\/www.suno.com.br\/acoes\/vamo3\/\"><strong>Vamos<\/strong> (VAMO3)<\/a> operam em forte alta no preg\u00e3o desta quinta-feira (1). No in\u00edcio das negocia\u00e7\u00f5es, os pap\u00e9is chegaram a beirar os R$ 60, subindo 6%, enquanto o Ibovespa recuava 0,7%. Os investidores compraram a tese do <a class=\"suno-keyword\" href=\"https:\/\/www.suno.com.br\/acoes\/BPAC11\/\" target=\"_blank\" rel=\"noopener noreferrer\" data-force=\"yes\" data-priority=\"2\">BTG Pactual (BPAC11)<\/a> de alto crescimento \u00e0 frente.<\/p>\t<div class=\"wrapper-featured-image\">\n\t\t<figure class=\"spotlightImg\">\n\n\t\t\t<picture>\n\t\t\t\t<source media=\"(max-width: 768px)\" srcset=\"https:\/\/files.sunoresearch.com.br\/n\/uploads\/2021\/07\/a04ea997-truck-2920533_1920-400x200.webp\">\n\t\t\t\t<img loading=\"lazy\" decoding=\"async\" class=\"newsContent__article__imgCapa lazyloadDisabled \" src=\"https:\/\/files.sunoresearch.com.br\/n\/uploads\/2021\/07\/a04ea997-truck-2920533_1920-800x450.webp\" width=\"800\" height=\"450\" alt=\"Vamos (VAMO3) dispara com relat\u00f3rio do BTG projetando alta de 30%\" fetchpriority=high \/>\n\t\t\t<\/picture>\n\n\t\t\t<figcaption class=\"wp-caption-text wp-caption-text--show\">Vamos (VAMO3): Foto: Pixabay. <\/figcaption>\n\t\t<\/figure>\n\t<\/div>\n\n\n\t<p>\n\t\t<a href=\"https:\/\/lp.suno.com.br\/planilha-controle-gastos\/\" target=\"_blank\" data-element=\"shortcode-suno-banner\" title=\"Banner SUNO, clique e saiba mais\">\n\t\t\t<picture>\n\t\t\t\t<source media=\"(max-width: 500px)\" srcset=\"https:\/\/files.sunoresearch.com.br\/n\/uploads\/2023\/03\/400x300-Planilha-controle-de-gastos.png\">\n\t\t\t\t<img class=\"newsContent__article__imgCapa newsContent__article__imgCapa--banner\"\n\t\t\t\t\tsrc=\"https:\/\/files.sunoresearch.com.br\/n\/uploads\/2023\/03\/1420x240-Planilha-controle-de-gastos.png\"\n\t\t\t\t\tdata-promo-id=\"101751\"\t\t\t\t\t\t\t\t\t\twidth='1420' height='240'\t\t\t\t\talt=\"https:\/\/files.sunoresearch.com.br\/n\/uploads\/2023\/03\/1420x240-Planilha-controle-de-gastos.png\"\n\t\t\t\t>\n\t\t\t<\/picture>\n\t\t<\/a>\n\t<\/p>\n\n\n<p>Em relat\u00f3rio, o banco de investimento disse que atualizou suas proje\u00e7\u00f5es para a Vamos dado o crescimento da frota mais forte do que o esperado, al\u00e9m de informa\u00e7\u00f5es operacionais e financeiros mais recentes positivas.<\/p>\n<p>O pre\u00e7o-alvo do BTG para a companhia \u00e9 de R$ 73 para os pr\u00f3ximos 12 meses. Com base no pre\u00e7o de fechamento de ontem, de R$ 56,63, o <em>upside<\/em> \u00e9 de 28,9%.<\/p>\n<p>Durante o dia do investidor da <a href=\"https:\/\/www.suno.com.br\/acoes\/simh3\/\"><strong>Simpar<\/strong> (SIMH3)<\/a>, holding controladora da Vamos, a empresa disse que pretendia elevar sua frota em seis vezes at\u00e9 2025, chegando a 100 mil caminh\u00f5es. A expectativa do BTG era de que, no per\u00edodo, a empresa operasse com 45 mil caminh\u00f5es.<\/p>\n<p>&#8220;Embora vejamos esta mensagem como bastante otimista, concordamos que a ind\u00fastria de aluguel de caminh\u00f5es no Brasil \u00e9 certamente um oceano azul para a Vamos, com o segmento sendo pouco penetrado de todos os \u00e2ngulos que olhamos&#8221;, diz o relat\u00f3rio.<\/p>\n<p>A Vamos ocupa a lidera\u00e7\u00e3o de seu segmento, e \u00e9 o dobro do tamanho do segundo <em>player<\/em>, o que a coloca &#8220;em uma boa posi\u00e7\u00e3o para lidar com esta oportunidade de crescimento&#8221;.<\/p>\n\t<p>\n\t\t<a href=\"https:\/\/lp.suno.com.br\/planilha-da-vida-financeira\/\" target=\"_blank\" data-element=\"shortcode-suno-banner\" title=\"Banner SUNO, clique e saiba mais\">\n\t\t\t<picture>\n\t\t\t\t<source media=\"(max-width: 500px)\" srcset=\"https:\/\/files.sunoresearch.com.br\/n\/uploads\/2023\/04\/400x300-Planilha-vida-financeira-true.png\">\n\t\t\t\t<img class=\"newsContent__article__imgCapa newsContent__article__imgCapa--banner\"\n\t\t\t\t\tsrc=\"https:\/\/files.sunoresearch.com.br\/n\/uploads\/2023\/04\/1420x240-Planilha-vida-financeira-true.png\"\n\t\t\t\t\tdata-promo-id=\"106682\"\t\t\t\t\t\t\t\t\t\twidth='1420' height='240'\t\t\t\t\talt=\"https:\/\/files.sunoresearch.com.br\/n\/uploads\/2023\/04\/1420x240-Planilha-vida-financeira-true.png\"\n\t\t\t\t>\n\t\t\t<\/picture>\n\t\t<\/a>\n\t<\/p>\n\n\n<p>O crescimento \u00e9 pautado no investimento de R$ 1 bilh\u00e3o apenas no primeiro trimestre. O BTG estimava em seus modelos que a empresa teria um <strong>Capex<\/strong> de R$ 1,8 bilh\u00e3o no acumulado de todo esse ano.<\/p>\n<p>Assim, o banco elevou a previs\u00e3o de <strong>investimentos<\/strong> para R$ 1,8 bilh\u00e3o em 2021, e para R$ 4,7 bilh\u00f5es em 2022, de R$ 2,5 bilh\u00f5es.<\/p>\n<p>Vale ressaltar que o banco ainda se mostra conservador, assumindo que a frota da Vamos em 2025 ser\u00e1 de 75 mil ve\u00edculos, 25% a menos do que a companhia estima apresentar.<\/p>\n<figure id=\"attachment_162870\" aria-describedby=\"caption-attachment-162870\" style=\"width: 1093px\" class=\"wp-caption aligncenter\"><img loading=\"lazy\" decoding=\"async\" class=\"wp-image-162870 size-full\" src=\"https:\/\/storage.googleapis.com\/wp-noticias\/2021\/07\/9566e691-capturar.jpg\" alt=\"A\u00e7\u00f5es da Vamos. Foto\/Fonte: Status Invest.\" width=\"1093\" height=\"377\" \/><figcaption id=\"caption-attachment-162870\" class=\"wp-caption-text\">A\u00e7\u00f5es da Vamos desde o IPO. Foto\/Fonte: Status Invest.<\/figcaption><\/figure>\n<h2>Vamos se aproveita de ind\u00fastria aquecida<\/h2>\n<p>Outro aspecto destacado pelo <strong>BTG<\/strong> em seu relat\u00f3rio diz respeito \u00e0 recupera\u00e7\u00e3o mais forte do que o esperado no setor.<\/p>\n<p>A ind\u00fastria brasileira de ve\u00edculos pesados \u200b\u200btem um hist\u00f3rico vol\u00e1til, comenta o banco. O segmento enfrentou tempos dif\u00edceis nos \u00faltimos anos, principalmente a partir de 2012, quando houve uma grande queda nos volumes devido a transi\u00e7\u00f5es tecnol\u00f3gicas.<\/p>\n\t<div data-element=\"shortcode-read-more\" class=\"knowMore\">\n\t\t\t\t<span class=\"knowMore__title\">Saiba mais<\/span>\n\t\t\t\t<a class=\"knowMore__link\" href=\"https:\/\/www.suno.com.br\/noticias\/vamos-vamo3-compra-bmb-43-milhoes\/\">\n\t\t\tVamos (VAMO3) compra BMB, de customiza\u00e7\u00e3o, por R$ 43,3 milh\u00f5es\t\t<\/a>\n\t<\/div>\n\n\n<p>Somado aos impactos da pandemia do <a href=\"https:\/\/www.suno.com.br\/noticias\/search\/Covid-19\">novo coronav\u00edrus (Covid-19)<\/a>, a idade m\u00e9dia da frota brasileira ficou ainda maior.<\/p>\n<p>Entretanto, executivos do setor comentam que desde meados de 2020, o <strong>mercado de caminh\u00f5es<\/strong> o ritmo do setor tem sido melhor do que o esperado, e agora a ind\u00fastria espera crescer 20% neste ano, frente a um desempenho j\u00e1 forte em 2020, quando o mercado foi o \u00fanico segmento de autom\u00f3veis a crescer.<\/p>\n<p>A <strong>Vamos<\/strong> realizou sua abertura de capital no fim de janeiro deste ano. Desde ent\u00e3o, as a\u00e7\u00f5es da empresa subiram mais de 85%. A companhia vale R$ 12,8 bilh\u00f5es na B3.<\/p>\n\t<p>\n\t\t<a href=\"https:\/\/lp.suno.com.br\/planilha-de-controle-de-investimentos\/\" target=\"_blank\" data-element=\"shortcode-suno-banner\" title=\"Banner SUNO, clique e saiba mais\">\n\t\t\t<picture>\n\t\t\t\t<source media=\"(max-width: 500px)\" srcset=\"https:\/\/files.sunoresearch.com.br\/n\/uploads\/2023\/03\/400x300-Controle-de-Investimentos.png\">\n\t\t\t\t<img class=\"newsContent__article__imgCapa newsContent__article__imgCapa--banner\"\n\t\t\t\t\tsrc=\"https:\/\/files.sunoresearch.com.br\/n\/uploads\/2023\/03\/1420x240-Controle-de-Investimentos.png\"\n\t\t\t\t\tdata-promo-id=\"75934\"\t\t\t\t\t\t\t\t\t\twidth='1420' height='240'\t\t\t\t\talt=\"https:\/\/files.sunoresearch.com.br\/n\/uploads\/2023\/03\/1420x240-Controle-de-Investimentos.png\"\n\t\t\t\t>\n\t\t\t<\/picture>\n\t\t<\/a>\n\t<\/p>\n\n\n","protected":false},"excerpt":{"rendered":"<p>As a\u00e7\u00f5es da Vamos (VAMO3) operam em forte alta no preg\u00e3o desta quinta-feira (1). No in\u00edcio das negocia\u00e7\u00f5es, os pap\u00e9is chegaram a beirar os R$ 60, subindo 6%, enquanto o Ibovespa recuava 0,7%. Os investidores compraram a tese do BTG Pactual (BPAC11) de alto crescimento \u00e0 frente. Vamos (VAMO3): Foto: Pixabay. Em relat\u00f3rio, o banco [&hellip;]<\/p>\n","protected":false},"author":24,"featured_media":162861,"comment_status":"closed","ping_status":"closed","sticky":false,"template":"","format":"standard","meta":[],"categories":[64],"tags":[399,105816,76282,105973],"suno_strategy":[],"class_list":["post-162857","post","type-post","status-publish","format-standard","has-post-thumbnail","hentry","category-negocios","tag-btg-pactual-bpac11-bpac3-bpac5","tag-especialistas","tag-simpar-simh3","tag-vamos-vamo3"],"yoast_head":"<!-- This site is optimized with the Yoast SEO plugin v24.4 - https:\/\/yoast.com\/wordpress\/plugins\/seo\/ -->\n<title>Vamos (VAMO3) dispara com relat\u00f3rio do BTG projetando alta de 30%<\/title>\n<meta name=\"description\" content=\"As a\u00e7\u00f5es da Vamos (VAMO3) operam em forte alta no preg\u00e3o desta quinta-feira (1), ap\u00f3s da divulga\u00e7\u00e3o de um relat\u00f3rio otimista do BTG. Confira.\" \/>\n<meta name=\"robots\" content=\"index, follow, max-snippet:-1, max-image-preview:large, max-video-preview:-1\" \/>\n<link rel=\"canonical\" href=\"https:\/\/www.suno.com.br\/noticias\/vamos-vamo3-dispara-relatorio-btg\/\" \/>\n<meta property=\"og:locale\" content=\"pt_BR\" \/>\n<meta property=\"og:type\" content=\"article\" \/>\n<meta property=\"og:title\" content=\"Vamos (VAMO3) dispara com relat\u00f3rio do BTG projetando alta de 30%\" \/>\n<meta property=\"og:description\" content=\"As a\u00e7\u00f5es da Vamos (VAMO3) operam em forte alta no preg\u00e3o desta quinta-feira (1), ap\u00f3s da divulga\u00e7\u00e3o de um relat\u00f3rio otimista do BTG. Confira.\" \/>\n<meta property=\"og:url\" content=\"https:\/\/www.suno.com.br\/noticias\/vamos-vamo3-dispara-relatorio-btg\/\" \/>\n<meta property=\"og:site_name\" content=\"Suno Not\u00edcias\" \/>\n<meta property=\"article:publisher\" content=\"https:\/\/facebook.com\/sunoresearch\" \/>\n<meta property=\"og:image\" content=\"https:\/\/files.sunoresearch.com.br\/n\/uploads\/2021\/07\/a04ea997-truck-2920533_1920.jpg\" \/>\n\t<meta property=\"og:image:width\" content=\"1920\" \/>\n\t<meta property=\"og:image:height\" content=\"1292\" \/>\n\t<meta property=\"og:image:type\" content=\"image\/jpeg\" \/>\n<meta name=\"author\" content=\"Jader Lazarini\" \/>\n<meta name=\"twitter:card\" content=\"summary_large_image\" \/>\n<meta name=\"twitter:creator\" content=\"@sunoresearch\" \/>\n<meta name=\"twitter:site\" content=\"@sunoresearch\" \/>\n<meta name=\"twitter:label1\" content=\"Escrito por\" \/>\n\t<meta name=\"twitter:data1\" content=\"Jader Lazarini\" \/>\n\t<meta name=\"twitter:label2\" content=\"Est. tempo de leitura\" \/>\n\t<meta name=\"twitter:data2\" content=\"3 minutos\" \/>\n<script type=\"application\/ld+json\" class=\"yoast-schema-graph\">{\"@context\":\"https:\/\/schema.org\",\"@graph\":[{\"@type\":\"NewsArticle\",\"@id\":\"https:\/\/www.suno.com.br\/noticias\/vamos-vamo3-dispara-relatorio-btg\/#article\",\"isPartOf\":{\"@id\":\"https:\/\/www.suno.com.br\/noticias\/vamos-vamo3-dispara-relatorio-btg\/\"},\"author\":{\"name\":\"Jader Lazarini\",\"@id\":\"https:\/\/www.suno.com.br\/noticias\/#\/schema\/person\/918d79de1f0281f01599b93f9ea6e23f\"},\"headline\":\"Vamos (VAMO3) dispara com relat\u00f3rio do BTG projetando alta de 30%\",\"datePublished\":\"2021-07-01T15:27:35+00:00\",\"dateModified\":\"2021-07-01T15:33:18+00:00\",\"mainEntityOfPage\":{\"@id\":\"https:\/\/www.suno.com.br\/noticias\/vamos-vamo3-dispara-relatorio-btg\/\"},\"wordCount\":544,\"publisher\":{\"@id\":\"https:\/\/www.suno.com.br\/noticias\/#organization\"},\"image\":{\"@id\":\"https:\/\/www.suno.com.br\/noticias\/vamos-vamo3-dispara-relatorio-btg\/#primaryimage\"},\"thumbnailUrl\":\"https:\/\/files.sunoresearch.com.br\/n\/uploads\/2021\/07\/a04ea997-truck-2920533_1920-jpg.webp\",\"keywords\":[\"BTG Pactual (BPAC11\/BPAC3\/BPAC5)\",\"Especialistas\",\"Simpar (SIMH3)\",\"Vamos (VAMO3)\"],\"articleSection\":[\"Neg\u00f3cios\"],\"inLanguage\":\"pt-BR\"},{\"@type\":\"WebPage\",\"@id\":\"https:\/\/www.suno.com.br\/noticias\/vamos-vamo3-dispara-relatorio-btg\/\",\"url\":\"https:\/\/www.suno.com.br\/noticias\/vamos-vamo3-dispara-relatorio-btg\/\",\"name\":\"Vamos (VAMO3) dispara com relat\u00f3rio do BTG projetando alta de 30%\",\"isPartOf\":{\"@id\":\"https:\/\/www.suno.com.br\/noticias\/#website\"},\"primaryImageOfPage\":{\"@id\":\"https:\/\/www.suno.com.br\/noticias\/vamos-vamo3-dispara-relatorio-btg\/#primaryimage\"},\"image\":{\"@id\":\"https:\/\/www.suno.com.br\/noticias\/vamos-vamo3-dispara-relatorio-btg\/#primaryimage\"},\"thumbnailUrl\":\"https:\/\/files.sunoresearch.com.br\/n\/uploads\/2021\/07\/a04ea997-truck-2920533_1920-jpg.webp\",\"datePublished\":\"2021-07-01T15:27:35+00:00\",\"dateModified\":\"2021-07-01T15:33:18+00:00\",\"description\":\"As a\u00e7\u00f5es da Vamos (VAMO3) operam em forte alta no preg\u00e3o desta quinta-feira (1), ap\u00f3s da divulga\u00e7\u00e3o de um relat\u00f3rio otimista do BTG. Confira.\",\"breadcrumb\":{\"@id\":\"https:\/\/www.suno.com.br\/noticias\/vamos-vamo3-dispara-relatorio-btg\/#breadcrumb\"},\"inLanguage\":\"pt-BR\",\"potentialAction\":[{\"@type\":\"ReadAction\",\"target\":[\"https:\/\/www.suno.com.br\/noticias\/vamos-vamo3-dispara-relatorio-btg\/\"]}]},{\"@type\":\"ImageObject\",\"inLanguage\":\"pt-BR\",\"@id\":\"https:\/\/www.suno.com.br\/noticias\/vamos-vamo3-dispara-relatorio-btg\/#primaryimage\",\"url\":\"https:\/\/files.sunoresearch.com.br\/n\/uploads\/2021\/07\/a04ea997-truck-2920533_1920-jpg.webp\",\"contentUrl\":\"https:\/\/files.sunoresearch.com.br\/n\/uploads\/2021\/07\/a04ea997-truck-2920533_1920-jpg.webp\",\"width\":1920,\"height\":1292,\"caption\":\"Vamos (VAMO3): Foto: Pixabay.\"},{\"@type\":\"BreadcrumbList\",\"@id\":\"https:\/\/www.suno.com.br\/noticias\/vamos-vamo3-dispara-relatorio-btg\/#breadcrumb\",\"itemListElement\":[{\"@type\":\"ListItem\",\"position\":1,\"name\":\"Not\u00edcias\",\"item\":\"https:\/\/www.suno.com.br\/noticias\/\"},{\"@type\":\"ListItem\",\"position\":2,\"name\":\"Neg\u00f3cios\",\"item\":\"https:\/\/www.suno.com.br\/noticias\/negocios\/\"},{\"@type\":\"ListItem\",\"position\":3,\"name\":\"Vamos (VAMO3) dispara com relat\u00f3rio do BTG projetando alta de 30%\"}]},{\"@type\":\"WebSite\",\"@id\":\"https:\/\/www.suno.com.br\/noticias\/#website\",\"url\":\"https:\/\/www.suno.com.br\/noticias\/\",\"name\":\"Suno Not\u00edcias\",\"description\":\"Seu portal de informa\u00e7\u00e3o sobre o mundo dos investimentos\",\"publisher\":{\"@id\":\"https:\/\/www.suno.com.br\/noticias\/#organization\"},\"potentialAction\":[{\"@type\":\"SearchAction\",\"target\":{\"@type\":\"EntryPoint\",\"urlTemplate\":\"https:\/\/www.suno.com.br\/noticias\/?s={search_term_string}\"},\"query-input\":{\"@type\":\"PropertyValueSpecification\",\"valueRequired\":true,\"valueName\":\"search_term_string\"}}],\"inLanguage\":\"pt-BR\"},{\"@type\":\"Organization\",\"@id\":\"https:\/\/www.suno.com.br\/noticias\/#organization\",\"name\":\"Suno Not\u00edcias\",\"url\":\"https:\/\/www.suno.com.br\/noticias\/\",\"logo\":{\"@type\":\"ImageObject\",\"inLanguage\":\"pt-BR\",\"@id\":\"https:\/\/www.suno.com.br\/noticias\/#\/schema\/logo\/image\/\",\"url\":\"https:\/\/files.sunoresearch.com.br\/n\/uploads\/2021\/09\/suno-logo.png\",\"contentUrl\":\"https:\/\/files.sunoresearch.com.br\/n\/uploads\/2021\/09\/suno-logo.png\",\"width\":180,\"height\":180,\"caption\":\"Suno Not\u00edcias\"},\"image\":{\"@id\":\"https:\/\/www.suno.com.br\/noticias\/#\/schema\/logo\/image\/\"},\"sameAs\":[\"https:\/\/facebook.com\/sunoresearch\",\"https:\/\/x.com\/sunoresearch\",\"https:\/\/www.instagram.com\/suno\",\"https:\/\/www.linkedin.com\/company\/suno-research\/\",\"https:\/\/www.youtube.com\/c\/sunoresearch\"]},{\"@type\":\"Person\",\"@id\":\"https:\/\/www.suno.com.br\/noticias\/#\/schema\/person\/918d79de1f0281f01599b93f9ea6e23f\",\"name\":\"Jader Lazarini\",\"image\":{\"@type\":\"ImageObject\",\"inLanguage\":\"pt-BR\",\"@id\":\"https:\/\/www.suno.com.br\/noticias\/#\/schema\/person\/image\/\",\"url\":\"https:\/\/secure.gravatar.com\/avatar\/3c1ad8caa51589841baeb923fcddea97?s=96&r=g\",\"contentUrl\":\"https:\/\/secure.gravatar.com\/avatar\/3c1ad8caa51589841baeb923fcddea97?s=96&r=g\",\"caption\":\"Jader Lazarini\"},\"description\":\"Jader Lazarini escreve sobre investimentos, finan\u00e7as, economia e neg\u00f3cios. \u00c9 bacharel em Rela\u00e7\u00f5es Internacionais e analista CNPI (2619).\",\"url\":\"https:\/\/www.suno.com.br\/noticias\/author\/jader-lazarini\/\"}]}<\/script>\n<!-- \/ Yoast SEO plugin. -->","yoast_head_json":{"title":"Vamos (VAMO3) dispara com relat\u00f3rio do BTG projetando alta de 30%","description":"As a\u00e7\u00f5es da Vamos (VAMO3) operam em forte alta no preg\u00e3o desta quinta-feira (1), ap\u00f3s da divulga\u00e7\u00e3o de um relat\u00f3rio otimista do BTG. Confira.","robots":{"index":"index","follow":"follow","max-snippet":"max-snippet:-1","max-image-preview":"max-image-preview:large","max-video-preview":"max-video-preview:-1"},"canonical":"https:\/\/www.suno.com.br\/noticias\/vamos-vamo3-dispara-relatorio-btg\/","og_locale":"pt_BR","og_type":"article","og_title":"Vamos (VAMO3) dispara com relat\u00f3rio do BTG projetando alta de 30%","og_description":"As a\u00e7\u00f5es da Vamos (VAMO3) operam em forte alta no preg\u00e3o desta quinta-feira (1), ap\u00f3s da divulga\u00e7\u00e3o de um relat\u00f3rio otimista do BTG. Confira.","og_url":"https:\/\/www.suno.com.br\/noticias\/vamos-vamo3-dispara-relatorio-btg\/","og_site_name":"Suno Not\u00edcias","article_publisher":"https:\/\/facebook.com\/sunoresearch","og_image":[{"width":1920,"height":1292,"url":"https:\/\/files.sunoresearch.com.br\/n\/uploads\/2021\/07\/a04ea997-truck-2920533_1920.jpg","type":"image\/jpeg"}],"author":"Jader Lazarini","twitter_card":"summary_large_image","twitter_creator":"@sunoresearch","twitter_site":"@sunoresearch","twitter_misc":{"Escrito por":"Jader Lazarini","Est. tempo de leitura":"3 minutos"},"schema":{"@context":"https:\/\/schema.org","@graph":[{"@type":"NewsArticle","@id":"https:\/\/www.suno.com.br\/noticias\/vamos-vamo3-dispara-relatorio-btg\/#article","isPartOf":{"@id":"https:\/\/www.suno.com.br\/noticias\/vamos-vamo3-dispara-relatorio-btg\/"},"author":{"name":"Jader Lazarini","@id":"https:\/\/www.suno.com.br\/noticias\/#\/schema\/person\/918d79de1f0281f01599b93f9ea6e23f"},"headline":"Vamos (VAMO3) dispara com relat\u00f3rio do BTG projetando alta de 30%","datePublished":"2021-07-01T15:27:35+00:00","dateModified":"2021-07-01T15:33:18+00:00","mainEntityOfPage":{"@id":"https:\/\/www.suno.com.br\/noticias\/vamos-vamo3-dispara-relatorio-btg\/"},"wordCount":544,"publisher":{"@id":"https:\/\/www.suno.com.br\/noticias\/#organization"},"image":{"@id":"https:\/\/www.suno.com.br\/noticias\/vamos-vamo3-dispara-relatorio-btg\/#primaryimage"},"thumbnailUrl":"https:\/\/files.sunoresearch.com.br\/n\/uploads\/2021\/07\/a04ea997-truck-2920533_1920-jpg.webp","keywords":["BTG Pactual (BPAC11\/BPAC3\/BPAC5)","Especialistas","Simpar (SIMH3)","Vamos (VAMO3)"],"articleSection":["Neg\u00f3cios"],"inLanguage":"pt-BR"},{"@type":"WebPage","@id":"https:\/\/www.suno.com.br\/noticias\/vamos-vamo3-dispara-relatorio-btg\/","url":"https:\/\/www.suno.com.br\/noticias\/vamos-vamo3-dispara-relatorio-btg\/","name":"Vamos (VAMO3) dispara com relat\u00f3rio do BTG projetando alta de 30%","isPartOf":{"@id":"https:\/\/www.suno.com.br\/noticias\/#website"},"primaryImageOfPage":{"@id":"https:\/\/www.suno.com.br\/noticias\/vamos-vamo3-dispara-relatorio-btg\/#primaryimage"},"image":{"@id":"https:\/\/www.suno.com.br\/noticias\/vamos-vamo3-dispara-relatorio-btg\/#primaryimage"},"thumbnailUrl":"https:\/\/files.sunoresearch.com.br\/n\/uploads\/2021\/07\/a04ea997-truck-2920533_1920-jpg.webp","datePublished":"2021-07-01T15:27:35+00:00","dateModified":"2021-07-01T15:33:18+00:00","description":"As a\u00e7\u00f5es da Vamos (VAMO3) operam em forte alta no preg\u00e3o desta quinta-feira (1), ap\u00f3s da divulga\u00e7\u00e3o de um relat\u00f3rio otimista do BTG. Confira.","breadcrumb":{"@id":"https:\/\/www.suno.com.br\/noticias\/vamos-vamo3-dispara-relatorio-btg\/#breadcrumb"},"inLanguage":"pt-BR","potentialAction":[{"@type":"ReadAction","target":["https:\/\/www.suno.com.br\/noticias\/vamos-vamo3-dispara-relatorio-btg\/"]}]},{"@type":"ImageObject","inLanguage":"pt-BR","@id":"https:\/\/www.suno.com.br\/noticias\/vamos-vamo3-dispara-relatorio-btg\/#primaryimage","url":"https:\/\/files.sunoresearch.com.br\/n\/uploads\/2021\/07\/a04ea997-truck-2920533_1920-jpg.webp","contentUrl":"https:\/\/files.sunoresearch.com.br\/n\/uploads\/2021\/07\/a04ea997-truck-2920533_1920-jpg.webp","width":1920,"height":1292,"caption":"Vamos (VAMO3): Foto: Pixabay."},{"@type":"BreadcrumbList","@id":"https:\/\/www.suno.com.br\/noticias\/vamos-vamo3-dispara-relatorio-btg\/#breadcrumb","itemListElement":[{"@type":"ListItem","position":1,"name":"Not\u00edcias","item":"https:\/\/www.suno.com.br\/noticias\/"},{"@type":"ListItem","position":2,"name":"Neg\u00f3cios","item":"https:\/\/www.suno.com.br\/noticias\/negocios\/"},{"@type":"ListItem","position":3,"name":"Vamos (VAMO3) dispara com relat\u00f3rio do BTG projetando alta de 30%"}]},{"@type":"WebSite","@id":"https:\/\/www.suno.com.br\/noticias\/#website","url":"https:\/\/www.suno.com.br\/noticias\/","name":"Suno Not\u00edcias","description":"Seu portal de informa\u00e7\u00e3o sobre o mundo dos investimentos","publisher":{"@id":"https:\/\/www.suno.com.br\/noticias\/#organization"},"potentialAction":[{"@type":"SearchAction","target":{"@type":"EntryPoint","urlTemplate":"https:\/\/www.suno.com.br\/noticias\/?s={search_term_string}"},"query-input":{"@type":"PropertyValueSpecification","valueRequired":true,"valueName":"search_term_string"}}],"inLanguage":"pt-BR"},{"@type":"Organization","@id":"https:\/\/www.suno.com.br\/noticias\/#organization","name":"Suno Not\u00edcias","url":"https:\/\/www.suno.com.br\/noticias\/","logo":{"@type":"ImageObject","inLanguage":"pt-BR","@id":"https:\/\/www.suno.com.br\/noticias\/#\/schema\/logo\/image\/","url":"https:\/\/files.sunoresearch.com.br\/n\/uploads\/2021\/09\/suno-logo.png","contentUrl":"https:\/\/files.sunoresearch.com.br\/n\/uploads\/2021\/09\/suno-logo.png","width":180,"height":180,"caption":"Suno Not\u00edcias"},"image":{"@id":"https:\/\/www.suno.com.br\/noticias\/#\/schema\/logo\/image\/"},"sameAs":["https:\/\/facebook.com\/sunoresearch","https:\/\/x.com\/sunoresearch","https:\/\/www.instagram.com\/suno","https:\/\/www.linkedin.com\/company\/suno-research\/","https:\/\/www.youtube.com\/c\/sunoresearch"]},{"@type":"Person","@id":"https:\/\/www.suno.com.br\/noticias\/#\/schema\/person\/918d79de1f0281f01599b93f9ea6e23f","name":"Jader Lazarini","image":{"@type":"ImageObject","inLanguage":"pt-BR","@id":"https:\/\/www.suno.com.br\/noticias\/#\/schema\/person\/image\/","url":"https:\/\/secure.gravatar.com\/avatar\/3c1ad8caa51589841baeb923fcddea97?s=96&r=g","contentUrl":"https:\/\/secure.gravatar.com\/avatar\/3c1ad8caa51589841baeb923fcddea97?s=96&r=g","caption":"Jader Lazarini"},"description":"Jader Lazarini escreve sobre investimentos, finan\u00e7as, economia e neg\u00f3cios. \u00c9 bacharel em Rela\u00e7\u00f5es Internacionais e analista CNPI (2619).","url":"https:\/\/www.suno.com.br\/noticias\/author\/jader-lazarini\/"}]}},"default_loop_html":"<div class=\"cardsPage__listCard__boxs\"><div class=\"cardsPage__listCard__boxs__img\"><a href=\"https:\/\/www.suno.com.br\/noticias\/vamos-vamo3-dispara-relatorio-btg\/\"><img class=\"mask\" src=\"https:\/\/www.suno.com.br\/noticias\/wp-content\/themes\/suno\/resources\/images\/spotlight\/spotlight1img\/bg-mask.png\" alt=\"Image Mask\"\/><img src=\"https:\/\/files.sunoresearch.com.br\/n\/uploads\/2021\/07\/a04ea997-truck-2920533_1920-400x200.webp\" alt=\"Vamos (VAMO3) dispara com relat\u00f3rio do BTG projetando alta de 30%\"\/><\/a><span class=\"spotlightCategory\"><a href=\"https:\/\/www.suno.com.br\/noticias\/negocios\/\">Neg\u00f3cios<\/a><\/span><\/div><div class=\"cardsPage__listCard__boxs__content\"><a href=\"https:\/\/www.suno.com.br\/noticias\/vamos-vamo3-dispara-relatorio-btg\/\"><h2 class=\"content__title\">Vamos (VAMO3) dispara com relat\u00f3rio do BTG projetando alta de 30%<\/h2><\/a><div class=\"newsContent__article__meta\"><div class=\"newsContent__article__meta__authorBox\"><a href=\"https:\/\/www.suno.com.br\/noticias\/author\/jader-lazarini\/\" class=\"authorBox__avatar noMobi\"><img src=\"https:\/\/files.sunoresearch.com.br\/n\/uploads\/2021\/01\/178e6598-foto-perfil-2-150x150.jpg\" alt=\"Jader Lazarini\"><\/a><div class=\"authorBox__name\"><span>por\n\t\t\t<a href=\"https:\/\/www.suno.com.br\/noticias\/author\/jader-lazarini\/\"><span itemprop=\"author\">Jader Lazarini<\/span><\/a><\/span><time datetime=\"2021-07-01T12:27:35-03:00\" itemprop=\"datePublished\">01\/07\/2021 12:27<\/time><\/div><\/div><\/div><\/div><\/div>","single_layout":"posts","amp_enabled":true,"_links":{"self":[{"href":"https:\/\/www.suno.com.br\/noticias\/wp-json\/wp\/v2\/posts\/162857"}],"collection":[{"href":"https:\/\/www.suno.com.br\/noticias\/wp-json\/wp\/v2\/posts"}],"about":[{"href":"https:\/\/www.suno.com.br\/noticias\/wp-json\/wp\/v2\/types\/post"}],"author":[{"embeddable":true,"href":"https:\/\/www.suno.com.br\/noticias\/wp-json\/wp\/v2\/users\/24"}],"replies":[{"embeddable":true,"href":"https:\/\/www.suno.com.br\/noticias\/wp-json\/wp\/v2\/comments?post=162857"}],"version-history":[{"count":3,"href":"https:\/\/www.suno.com.br\/noticias\/wp-json\/wp\/v2\/posts\/162857\/revisions"}],"predecessor-version":[{"id":162871,"href":"https:\/\/www.suno.com.br\/noticias\/wp-json\/wp\/v2\/posts\/162857\/revisions\/162871"}],"wp:featuredmedia":[{"embeddable":true,"href":"https:\/\/www.suno.com.br\/noticias\/wp-json\/wp\/v2\/media\/162861"}],"wp:attachment":[{"href":"https:\/\/www.suno.com.br\/noticias\/wp-json\/wp\/v2\/media?parent=162857"}],"wp:term":[{"taxonomy":"category","embeddable":true,"href":"https:\/\/www.suno.com.br\/noticias\/wp-json\/wp\/v2\/categories?post=162857"},{"taxonomy":"post_tag","embeddable":true,"href":"https:\/\/www.suno.com.br\/noticias\/wp-json\/wp\/v2\/tags?post=162857"},{"taxonomy":"suno_strategy","embeddable":true,"href":"https:\/\/www.suno.com.br\/noticias\/wp-json\/wp\/v2\/suno_strategy?post=162857"}],"curies":[{"name":"wp","href":"https:\/\/api.w.org\/{rel}","templated":true}]}}